{"headers": {"id": "ID", "ano": "Ano", "numero": "N\u00famero", "tipo__sigla": "Tipo de Mat\u00e9ria Legislativa/Sigla", "tipo__descricao": "Tipo de Mat\u00e9ria Legislativa/Descri\u00e7\u00e3o", "autoria": "Autorias", "texto_original": "Texto Original", "ementa": "Ementa"}, "results": [{"id": "110586", "ano": "2024", "numero": "1", "tipo__sigla": "EME", "tipo__descricao": "Emenda", "autoria": "Elaine Oliveira", "texto_original": "http://sapl.garca.sp.leg.br/media/sapl/public/materialegislativa/2024/110586/01_-_emenda_elaine_pl_88-2023.pdf", "ementa": "EMENDA N\u00ba 01 AO PROJETO DE LEI N\u00ba 88/2023"}, {"id": "111547", "ano": "2024", "numero": "2", "tipo__sigla": "EME", "tipo__descricao": "Emenda", "autoria": "Elaine Oliveira, Rafael Frabetti", "texto_original": "http://sapl.garca.sp.leg.br/media/sapl/public/materialegislativa/2024/111547/02_-_emenda_pres_02-2023_2.pdf", "ementa": "Emenda n\u00ba 01 ao Projeto de Resolu\u00e7\u00e3o n\u00ba 02/2023."}, {"id": "111549", "ano": "2024", "numero": "3", "tipo__sigla": "EME", "tipo__descricao": "Emenda", "autoria": "Pedro Santos", "texto_original": "http://sapl.garca.sp.leg.br/media/sapl/public/materialegislativa/2024/111549/05_-_emenda_no_1_pl_75-2024_-_pedro_ass.pdf", "ementa": "Emenda n\u00ba 01 ao Projeto de Lei n\u00ba 75/2024 - extin\u00e7\u00e3o da multa de reincid\u00eancia no montante equivalente \u00e0 5% do valor venal do im\u00f3vel."}, {"id": "111550", "ano": "2024", "numero": "4", "tipo__sigla": "EME", "tipo__descricao": "Emenda", "autoria": "Antonio Franco dos Santos - Bacana", "texto_original": "http://sapl.garca.sp.leg.br/media/sapl/public/materialegislativa/2024/111550/04_-_emenda_no_2_pl_75-2024_-_bacana_ass.pdf", "ementa": "Emenda n\u00ba 02 ao Projeto de Lei n\u00ba 75/2024 - propondo que Eventuais d\u00e9bitos decorrentes da regulariza\u00e7\u00e3o das edifica\u00e7\u00f5es dos im\u00f3veis poder\u00e3o ser parcelados, nos termos do artigo 97 da Lei Municipal n\u00ba 3.220, de 23 de dezembro de 1997 (C\u00f3digo Tribut\u00e1rio)"}, {"id": "111551", "ano": "2024", "numero": "5", "tipo__sigla": "EME", "tipo__descricao": "Emenda", "autoria": "Marcelo Miranda, Pedro Santos, Rodrigo Gutierres", "texto_original": "http://sapl.garca.sp.leg.br/media/sapl/public/materialegislativa/2024/111551/03_-_emenda_no_3_pl_75-2024_-_marcelo_e_rodrigo_pedro_3.pdf", "ementa": "Emenda n\u00ba 03 ao Projeto de Lei n\u00ba 75/2024 -  propomos a amplia\u00e7\u00e3o do prazo para regulariza\u00e7\u00e3o de im\u00f3veis, passando dos 12 meses inicialmente propostos pelo autor do\r\nProjeto para 36 meses"}, {"id": "111985", "ano": "2024", "numero": "6", "tipo__sigla": "EME", "tipo__descricao": "Emenda", "autoria": "F\u00e1bio Santos", "texto_original": "http://sapl.garca.sp.leg.br/media/sapl/public/materialegislativa/2024/111985/06_-_emenda_no_1_pl_124-2024_-_fabio_santos_ass.pdf", "ementa": "Emenda ao Projeto de Lei n\u00ba 124/2024 propondo que as palm\u00e1ceas existentes em vias e logradouros p\u00fablicos, independentemente do respons\u00e1vel pelo seu plantio, que na data da publica\u00e7\u00e3o desta Lei n\u00e3o atendam aos crit\u00e9rios da legisla\u00e7\u00e3o municipal, poder\u00e3o ser mantidas pelos propriet\u00e1rios dos im\u00f3veis em que estejam localizadas, mediante termo de ci\u00eancia e responsabilidade firmado com o Poder P\u00fablico."}, {"id": "112101", "ano": "2024", "numero": "7", "tipo__sigla": "EME", "tipo__descricao": "Emenda", "autoria": "Elaine Oliveira", "texto_original": "http://sapl.garca.sp.leg.br/media/sapl/public/materialegislativa/2024/112101/14_-_emenda_no_1_pl_126-2024_-_elaine.pdf", "ementa": "Emenda ao Projeto de Lei n\u00ba 126/2024"}, {"id": "112103", "ano": "2024", "numero": "8", "tipo__sigla": "EME", "tipo__descricao": "Emenda", "autoria": "Adhemar Kemp Marcondes de Moura Filho", "texto_original": "http://sapl.garca.sp.leg.br/media/sapl/public/materialegislativa/2024/112103/adhemar_ass.pdf", "ementa": "Emenda n\u00ba 01 ao PL 147/2024 - Emenda Impositiva"}, {"id": "112104", "ano": "2024", "numero": "9", "tipo__sigla": "EME", "tipo__descricao": "Emenda", "autoria": "Antonio Franco dos Santos - Bacana", "texto_original": "http://sapl.garca.sp.leg.br/media/sapl/public/materialegislativa/2024/112104/bacana_ass.pdf", "ementa": "Emenda n\u00ba 02 ao PL 147/2024 - Emenda Impositiva"}, {"id": "112105", "ano": "2024", "numero": "10", "tipo__sigla": "EME", "tipo__descricao": "Emenda", "autoria": "Elaine Oliveira", "texto_original": "http://sapl.garca.sp.leg.br/media/sapl/public/materialegislativa/2024/112105/elaine_ass.pdf", "ementa": "Emenda n\u00ba 03 ao PL 147/2024 - Emenda Impositiva"}, {"id": "112106", "ano": "2024", "numero": "11", "tipo__sigla": "EME", "tipo__descricao": "Emenda", "autoria": "Fabinho Polisinani", "texto_original": "http://sapl.garca.sp.leg.br/media/sapl/public/materialegislativa/2024/112106/fabinho_ass.pdf", "ementa": "Emenda n\u00ba 04 ao PL 147/2024 - Emenda Impositiva"}, {"id": "112107", "ano": "2024", "numero": "12", "tipo__sigla": "EME", "tipo__descricao": "Emenda", "autoria": "F\u00e1bio Santos", "texto_original": "http://sapl.garca.sp.leg.br/media/sapl/public/materialegislativa/2024/112107/fabio_santos_ass.pdf", "ementa": "Emenda n\u00ba 05 ao PL 147/2024 - Emenda Impositiva"}, {"id": "112108", "ano": "2024", "numero": "13", "tipo__sigla": "EME", "tipo__descricao": "Emenda", "autoria": "Lico", "texto_original": "http://sapl.garca.sp.leg.br/media/sapl/public/materialegislativa/2024/112108/lico_ass.pdf", "ementa": "Emenda n\u00ba 06 ao PL 147/2024 - Emenda Impositiva"}, {"id": "112109", "ano": "2024", "numero": "14", "tipo__sigla": "EME", "tipo__descricao": "Emenda", "autoria": "Lucas Cateto", "texto_original": "http://sapl.garca.sp.leg.br/media/sapl/public/materialegislativa/2024/112109/lucas_ass.pdf", "ementa": "Emenda n\u00ba 07 ao PL 147/2024 - Emenda Impositiva"}, {"id": "112110", "ano": "2024", "numero": "15", "tipo__sigla": "EME", "tipo__descricao": "Emenda", "autoria": "Marcelo Miranda", "texto_original": "http://sapl.garca.sp.leg.br/media/sapl/public/materialegislativa/2024/112110/dr._marcelo_ass.pdf", "ementa": "Emenda n\u00ba 08 ao PL 147/2024 - Emenda Impositiva"}, {"id": "112111", "ano": "2024", "numero": "16", "tipo__sigla": "EME", "tipo__descricao": "Emenda", "autoria": "Marquinho Moreira", "texto_original": "http://sapl.garca.sp.leg.br/media/sapl/public/materialegislativa/2024/112111/marquinho_ass.pdf", "ementa": "Emenda n\u00ba 09 ao PL 147/2024 - Emenda Impositiva"}, {"id": "112112", "ano": "2024", "numero": "17", "tipo__sigla": "EME", "tipo__descricao": "Emenda", "autoria": "Pedro Santos", "texto_original": "http://sapl.garca.sp.leg.br/media/sapl/public/materialegislativa/2024/112112/pedro_ass.pdf", "ementa": "Emenda n\u00ba 10 ao PL 147/2024 - Emenda Impositiva"}, {"id": "112113", "ano": "2024", "numero": "18", "tipo__sigla": "EME", "tipo__descricao": "Emenda", "autoria": "Rafael Frabetti", "texto_original": "http://sapl.garca.sp.leg.br/media/sapl/public/materialegislativa/2024/112113/rafael_ass.pdf", "ementa": "Emenda n\u00ba 11 ao PL 147/2024 - Emenda Impositiva"}, {"id": "112114", "ano": "2024", "numero": "19", "tipo__sigla": "EME", "tipo__descricao": "Emenda", "autoria": "Rodrigo Gutierres", "texto_original": "http://sapl.garca.sp.leg.br/media/sapl/public/materialegislativa/2024/112114/rodrigo_ass.pdf", "ementa": "Emenda n\u00ba 12 ao PL 147/2024 - Emenda Impositiva"}, {"id": "112115", "ano": "2024", "numero": "20", "tipo__sigla": "EME", "tipo__descricao": "Emenda", "autoria": "Tenente Almeida", "texto_original": "http://sapl.garca.sp.leg.br/media/sapl/public/materialegislativa/2024/112115/tenente_ass.pdf", "ementa": "Emenda n\u00ba 13 ao PL 147/2024 - Emenda Impositiva"}, {"id": "112187", "ano": "2024", "numero": "21", "tipo__sigla": "EME", "tipo__descricao": "Emenda", "autoria": "CCJR - Comiss\u00e3o de Constitui\u00e7\u00e3o, Justi\u00e7a e Reda\u00e7\u00e3o", "texto_original": "http://sapl.garca.sp.leg.br/media/sapl/public/materialegislativa/2024/112187/41_-_parecer_cofcosp_-_pl_147-2024_-_loa.pdf", "ementa": "Emendas Impositivas compiladas ao PL 147/2024"}, {"id": "110490", "ano": "2024", "numero": "1", "tipo__sigla": "IND", "tipo__descricao": "Indica\u00e7\u00e3o", "autoria": "Marquinho Moreira", "texto_original": "http://sapl.garca.sp.leg.br/media/sapl/public/materialegislativa/2024/110490/indcs_2024-0001.pdf", "ementa": "Sugerindo ao Prefeito realizar o recolhimento dos pneus que serviam de banco e que foram vandalizados recentemente, localizados no campinho da Avenida da Saudade."}, {"id": "110491", "ano": "2024", "numero": "2", "tipo__sigla": "IND", "tipo__descricao": "Indica\u00e7\u00e3o", "autoria": "Marquinho Moreira", "texto_original": "http://sapl.garca.sp.leg.br/media/sapl/public/materialegislativa/2024/110491/indcs_2024-0002.pdf", "ementa": "Sugerindo ao Prefeito realizar a instala\u00e7\u00e3o de um redutor de velocidades na Rua Ov\u00eddio Piva, altura do numeral 320, no bairro Ecoville."}, {"id": "110571", "ano": "2024", "numero": "3", "tipo__sigla": "IND", "tipo__descricao": "Indica\u00e7\u00e3o", "autoria": "Marquinho Moreira", "texto_original": "http://sapl.garca.sp.leg.br/media/sapl/public/materialegislativa/2024/110571/indcs_2024-0003.pdf", "ementa": "Sugerindo ao Prefeito realizar melhorias na pavimenta\u00e7\u00e3o asf\u00e1ltica na entrada da FATEC Gar\u00e7a."}, {"id": "110572", "ano": "2024", "numero": "4", "tipo__sigla": "IND", "tipo__descricao": "Indica\u00e7\u00e3o", "autoria": "Marquinho Moreira", "texto_original": "http://sapl.garca.sp.leg.br/media/sapl/public/materialegislativa/2024/110572/indcs_2024-0004.pdf", "ementa": "Sugerindo ao Prefeito realizar manuten\u00e7\u00e3o em bueiro localizado na Rua Waldemar Pereira Mathias, n\u00ba 190, no Jardim Morada do Sol."}, {"id": "110581", "ano": "2024", "numero": "5", "tipo__sigla": "IND", "tipo__descricao": "Indica\u00e7\u00e3o", "autoria": "Marquinho Moreira", "texto_original": "http://sapl.garca.sp.leg.br/media/sapl/public/materialegislativa/2024/110581/indcs_2024-0005.pdf", "ementa": "Sugerindo ao Prefeito instalar uma academia ao ar livre na rotat\u00f3ria da Gar\u00e7a, pr\u00f3ximo ao Supermercado Big Mart."}, {"id": "110582", "ano": "2024", "numero": "6", "tipo__sigla": "IND", "tipo__descricao": "Indica\u00e7\u00e3o", "autoria": "Marquinho Moreira", "texto_original": "http://sapl.garca.sp.leg.br/media/sapl/public/materialegislativa/2024/110582/indcs_2024-0006.pdf", "ementa": "Sugerindo ao Prefeito realizar a manuten\u00e7\u00e3o do asfalto da Rua Gildo Ferrari, no Jardim Morada do Sol, pr\u00f3ximo ao ponto de \u00f4nibus."}, {"id": "110583", "ano": "2024", "numero": "7", "tipo__sigla": "IND", "tipo__descricao": "Indica\u00e7\u00e3o", "autoria": "Marquinho Moreira", "texto_original": "http://sapl.garca.sp.leg.br/media/sapl/public/materialegislativa/2024/110583/indcs_2024-0007.pdf", "ementa": "Sugerindo ao Prefeito realizar a limpeza da Avenida Faustina, pr\u00f3ximo \u00e0 Vila da 3\u00aa Idade"}, {"id": "110584", "ano": "2024", "numero": "8", "tipo__sigla": "IND", "tipo__descricao": "Indica\u00e7\u00e3o", "autoria": "Marquinho Moreira", "texto_original": "http://sapl.garca.sp.leg.br/media/sapl/public/materialegislativa/2024/110584/indcs_2024-0008.pdf", "ementa": "Sugerindo ao Prefeito realizar a limpeza geral do Lago Artificial J. K. Williams e em todo seu entorno e Jardim Oriental,  assegurando a preserva\u00e7\u00e3o e manuten\u00e7\u00e3o desse espa\u00e7o t\u00e3o significativo para a comunidade."}, {"id": "110684", "ano": "2024", "numero": "9", "tipo__sigla": "IND", "tipo__descricao": "Indica\u00e7\u00e3o", "autoria": "Marquinho Moreira", "texto_original": "http://sapl.garca.sp.leg.br/media/sapl/public/materialegislativa/2024/110684/indcs_2024-0009.pdf", "ementa": "Sugerindo ao Prefeito incluir no cronograma de recapeamento a Rua Santa L\u00facia, a partir do numeral 360."}, {"id": "110685", "ano": "2024", "numero": "10", "tipo__sigla": "IND", "tipo__descricao": "Indica\u00e7\u00e3o", "autoria": "Marquinho Moreira", "texto_original": "http://sapl.garca.sp.leg.br/media/sapl/public/materialegislativa/2024/110685/indcs_2024-0010.pdf", "ementa": "Sugerindo ao Prefeito incluir no cronograma de recapeamento a Rua Ant\u00f4nio Caparroz, a partir do numeral 200."}, {"id": "110686", "ano": "2024", "numero": "11", "tipo__sigla": "IND", "tipo__descricao": "Indica\u00e7\u00e3o", "autoria": "Marquinho Moreira", "texto_original": "http://sapl.garca.sp.leg.br/media/sapl/public/materialegislativa/2024/110686/indcs_2024-0011.pdf", "ementa": "Sugerindo ao Prefeito realizar a instala\u00e7\u00e3o de uma quadra de v\u00f4lei de areia na \u00e1rea institucional localizada entre os bairros Jardim S\u00e3o Rafael e Vila Rebelo."}, {"id": "110687", "ano": "2024", "numero": "12", "tipo__sigla": "IND", "tipo__descricao": "Indica\u00e7\u00e3o", "autoria": "Marquinho Moreira", "texto_original": "http://sapl.garca.sp.leg.br/media/sapl/public/materialegislativa/2024/110687/indcs_2024-0012.pdf", "ementa": "Sugerindo ao Diretor Executivo do SAAE realizar a instala\u00e7\u00e3o de um bebedouro na \u00e1rea institucional localizada entre os bairros Jardim S\u00e3o Rafael e Vila Rebelo, entre as Ruas Padre Paulo de Toledo Leite com Para\u00edba."}, {"id": "110688", "ano": "2024", "numero": "13", "tipo__sigla": "IND", "tipo__descricao": "Indica\u00e7\u00e3o", "autoria": "Marquinho Moreira", "texto_original": "http://sapl.garca.sp.leg.br/media/sapl/public/materialegislativa/2024/110688/indcs_2024-0013.pdf", "ementa": "Sugerindo ao Prefeito realizar a opera\u00e7\u00e3o tapa buracos na Rua Francisco Fernandes Garcia, na altura do numeral 397."}, {"id": "110695", "ano": "2024", "numero": "14", "tipo__sigla": "IND", "tipo__descricao": "Indica\u00e7\u00e3o", "autoria": "Marquinho Moreira", "texto_original": "http://sapl.garca.sp.leg.br/media/sapl/public/materialegislativa/2024/110695/indcs_2024-0014.pdf", "ementa": "Sugerindo ao Prefeito realizar a opera\u00e7\u00e3o tapa buracos na RRua Joaquim dos Santos Soares."}, {"id": "110729", "ano": "2024", "numero": "15", "tipo__sigla": "IND", "tipo__descricao": "Indica\u00e7\u00e3o", "autoria": "Marquinho Moreira", "texto_original": "http://sapl.garca.sp.leg.br/media/sapl/public/materialegislativa/2024/110729/indcs_2024-0015.pdf", "ementa": "Sugerindo ao prefeito aumentar os pontos de ilumina\u00e7\u00e3o no residencial Parque dos Ip\u00eas."}, {"id": "110730", "ano": "2024", "numero": "16", "tipo__sigla": "IND", "tipo__descricao": "Indica\u00e7\u00e3o", "autoria": "Marquinho Moreira", "texto_original": "http://sapl.garca.sp.leg.br/media/sapl/public/materialegislativa/2024/110730/indcs_2024-0016.pdf", "ementa": "Sugerindo ao prefeito realizar a instala\u00e7\u00e3o de uma academia ao ar livre no residencial Jardim Aeroporto."}, {"id": "110731", "ano": "2024", "numero": "17", "tipo__sigla": "IND", "tipo__descricao": "Indica\u00e7\u00e3o", "autoria": "Marquinho Moreira", "texto_original": "http://sapl.garca.sp.leg.br/media/sapl/public/materialegislativa/2024/110731/indcs_2024-0017.pdf", "ementa": "Sugerindo ao prefeito realizar a instala\u00e7\u00e3o de um parquinho infantil  no residencial Jardim Aeroporto."}, {"id": "110732", "ano": "2024", "numero": "18", "tipo__sigla": "IND", "tipo__descricao": "Indica\u00e7\u00e3o", "autoria": "Marquinho Moreira", "texto_original": "http://sapl.garca.sp.leg.br/media/sapl/public/materialegislativa/2024/110732/indcs_2024-0018.pdf", "ementa": "Sugerindo ao prefeito realizar melhorias na ilumina\u00e7\u00e3o do parque linear \u201cNascentes do Tibiri\u00e7\u00e1\u201d."}, {"id": "110778", "ano": "2024", "numero": "19", "tipo__sigla": "IND", "tipo__descricao": "Indica\u00e7\u00e3o", "autoria": "Antonio Franco dos Santos - Bacana", "texto_original": "http://sapl.garca.sp.leg.br/media/sapl/public/materialegislativa/2024/110778/indcs_2024-0019.pdf", "ementa": "Sugerindo ao prefeito realizar a ro\u00e7agem do campinho de futebol localizado na \u00e1rea de lazer do Jardim Paulista."}, {"id": "110861", "ano": "2024", "numero": "20", "tipo__sigla": "IND", "tipo__descricao": "Indica\u00e7\u00e3o", "autoria": "Pedro Santos", "texto_original": "http://sapl.garca.sp.leg.br/media/sapl/public/materialegislativa/2024/110861/indcs_2024-0020.pdf", "ementa": "Sugerindo ao prefeito realizar a poda da \u00e1rvore localizada na Rua Garabed Chekerdemian, defronte ao numeral 31."}, {"id": "110872", "ano": "2024", "numero": "21", "tipo__sigla": "IND", "tipo__descricao": "Indica\u00e7\u00e3o", "autoria": "Marquinho Moreira", "texto_original": "http://sapl.garca.sp.leg.br/media/sapl/public/materialegislativa/2024/110872/indcs_2024-0021.pdf", "ementa": "Sugerindo ao prefeito realizar o plantio de \u00e1rvores nas imedia\u00e7\u00f5es da \u00e1rea onde ser\u00e1 (ou seria) constru\u00edda uma unidade de sa\u00fade na Avenida Victor Hugo Boareto, no bairro Jo\u00e3o Zapata."}, {"id": "111052", "ano": "2024", "numero": "22", "tipo__sigla": "IND", "tipo__descricao": "Indica\u00e7\u00e3o", "autoria": "Adhemar Kemp Marcondes de Moura Filho", "texto_original": "http://sapl.garca.sp.leg.br/media/sapl/public/materialegislativa/2024/111052/indcs_2024-0022.pdf", "ementa": "Sugerindo ao Prefeito estudar a possibilidade de instalar um ponto de \u00f4nibus na altura do numeral 747 da Rua Carlos Ferrari."}, {"id": "111115", "ano": "2024", "numero": "23", "tipo__sigla": "IND", "tipo__descricao": "Indica\u00e7\u00e3o", "autoria": "Adhemar Kemp Marcondes de Moura Filho", "texto_original": "http://sapl.garca.sp.leg.br/media/sapl/public/materialegislativa/2024/111115/indcs_2024-0023.pdf", "ementa": "Sugerindo ao prefeito realizar a cobertura do ponto de \u00f4nibus localizado defronte ao F\u00f3rum."}, {"id": "111302", "ano": "2024", "numero": "24", "tipo__sigla": "IND", "tipo__descricao": "Indica\u00e7\u00e3o", "autoria": "Marquinho Moreira", "texto_original": "http://sapl.garca.sp.leg.br/media/sapl/public/materialegislativa/2024/111302/indcs_2024-0024.pdf", "ementa": "Sugerindo ao prefeito realizar a instala\u00e7\u00e3o de um redutor de velocidades na Rua Pastor L\u00e1zaro Gomes, altura do numeral 280, no Jardim Frei Aur\u00e9lio."}, {"id": "111342", "ano": "2024", "numero": "25", "tipo__sigla": "IND", "tipo__descricao": "Indica\u00e7\u00e3o", "autoria": "Rodrigo Gutierres", "texto_original": "http://sapl.garca.sp.leg.br/media/sapl/public/materialegislativa/2024/111342/indcs_2024-0025.pdf", "ementa": "Sugerindo ao prefeito realizar a ro\u00e7agem do mato alto das \u00e1reas verdes localizadas na Rua Ana Maria Murari Marques, esquina com a Avenida Victor Hugo Boareto."}, {"id": "111344", "ano": "2024", "numero": "26", "tipo__sigla": "IND", "tipo__descricao": "Indica\u00e7\u00e3o", "autoria": "Marquinho Moreira", "texto_original": "http://sapl.garca.sp.leg.br/media/sapl/public/materialegislativa/2024/111344/indcs_2024-0026.pdf", "ementa": "Sugerindo ao prefeito realizar as medidas necess\u00e1rias visando melhorias na ilumina\u00e7\u00e3o bem como os reparos necess\u00e1rios das l\u00e2mpadas queimadas no Jardim Aeroporto."}, {"id": "111345", "ano": "2024", "numero": "27", "tipo__sigla": "IND", "tipo__descricao": "Indica\u00e7\u00e3o", "autoria": "Marquinho Moreira", "texto_original": "http://sapl.garca.sp.leg.br/media/sapl/public/materialegislativa/2024/111345/indcs_2024-0027.pdf", "ementa": "Sugerindo ao prefeito realizar a instala\u00e7\u00e3o de placas de identifica\u00e7\u00e3o no setor de Ouvidoria da prefeitura visando facilitar o acesso de mun\u00edcipes ao \u00f3rg\u00e3o para que possam deixar suas demandas."}, {"id": "111346", "ano": "2024", "numero": "28", "tipo__sigla": "IND", "tipo__descricao": "Indica\u00e7\u00e3o", "autoria": "Marquinho Moreira", "texto_original": "http://sapl.garca.sp.leg.br/media/sapl/public/materialegislativa/2024/111346/indcs_2024-0028.pdf", "ementa": "Sugerindo ao Prefeito realizar as medidas necess\u00e1rias visando o fechamento da cratera aberta na linha de trem pr\u00f3xima ao cemit\u00e9rio."}, {"id": "111347", "ano": "2024", "numero": "29", "tipo__sigla": "IND", "tipo__descricao": "Indica\u00e7\u00e3o", "autoria": "Marquinho Moreira", "texto_original": "http://sapl.garca.sp.leg.br/media/sapl/public/materialegislativa/2024/111347/indcs_2024-0029.pdf", "ementa": "Sugerindo ao Prefeito realizar a instala\u00e7\u00e3o de um sarjet\u00e3o na Rua Jo\u00e3o Martins Parreira, defronte ao numeral 180."}, {"id": "111348", "ano": "2024", "numero": "30", "tipo__sigla": "IND", "tipo__descricao": "Indica\u00e7\u00e3o", "autoria": "Marquinho Moreira", "texto_original": "http://sapl.garca.sp.leg.br/media/sapl/public/materialegislativa/2024/111348/indcs_2024-0030.pdf", "ementa": "Sugerindo ao Prefeito realizar a limpeza geral da Rua Sebasti\u00e3o Zucoli no Jardim S\u00e3o Lucas."}, {"id": "111432", "ano": "2024", "numero": "31", "tipo__sigla": "IND", "tipo__descricao": "Indica\u00e7\u00e3o", "autoria": "Marquinho Moreira", "texto_original": "http://sapl.garca.sp.leg.br/media/sapl/public/materialegislativa/2024/111432/indcs_2024-0031.pdf", "ementa": "Sugerindo ao Prefeito realizar o cal\u00e7amento do passeio p\u00fablico no entorno do campinho de futebol localizado na Avenida da Saudade."}, {"id": "111433", "ano": "2024", "numero": "32", "tipo__sigla": "IND", "tipo__descricao": "Indica\u00e7\u00e3o", "autoria": "Marquinho Moreira", "texto_original": "http://sapl.garca.sp.leg.br/media/sapl/public/materialegislativa/2024/111433/indcs_2024-0032.pdf", "ementa": "Sugerindo ao Prefeito realizar a instala\u00e7\u00e3o/manuten\u00e7\u00e3o da placa indicativa de logradouro pr\u00f3ximo ao campinho de futebol localizado na Avenida da Saudade, na Rua Edson Oliveira."}, {"id": "111434", "ano": "2024", "numero": "33", "tipo__sigla": "IND", "tipo__descricao": "Indica\u00e7\u00e3o", "autoria": "Marquinho Moreira", "texto_original": "http://sapl.garca.sp.leg.br/media/sapl/public/materialegislativa/2024/111434/indcs_2024-0033.pdf", "ementa": "Sugerindo ao Prefeito realizar a limpeza geral nas imedia\u00e7\u00f5es da Escola Agr\u00edcola de Gar\u00e7a - Etec Deputado Paulo Ornellas Carvalho de Barros"}, {"id": "111435", "ano": "2024", "numero": "34", "tipo__sigla": "IND", "tipo__descricao": "Indica\u00e7\u00e3o", "autoria": "Marquinho Moreira", "texto_original": "http://sapl.garca.sp.leg.br/media/sapl/public/materialegislativa/2024/111435/indcs_2024-0034.pdf", "ementa": "Sugerindo ao Prefeito realizar a instala\u00e7\u00e3o de bancos no entorno do campinho de futebol localizado na Avenida da Saudade."}, {"id": "111484", "ano": "2024", "numero": "35", "tipo__sigla": "IND", "tipo__descricao": "Indica\u00e7\u00e3o", "autoria": "Marquinho Moreira", "texto_original": "http://sapl.garca.sp.leg.br/media/sapl/public/materialegislativa/2024/111484/indcs_2024-0035.pdf", "ementa": "Sugerindo ao Prefeito a instala\u00e7\u00e3o de um redutor de velocidades nas imedia\u00e7\u00f5es da ETEC Monsenhor Antonio Magliano."}, {"id": "111523", "ano": "2024", "numero": "36", "tipo__sigla": "IND", "tipo__descricao": "Indica\u00e7\u00e3o", "autoria": "Marquinho Moreira", "texto_original": "http://sapl.garca.sp.leg.br/media/sapl/public/materialegislativa/2024/111523/indcs_2024-0036.pdf", "ementa": "Sugerindo ao Prefeito realizar a instala\u00e7\u00e3o de uma academia ao ar livre em Vila Cavalcante."}, {"id": "111524", "ano": "2024", "numero": "37", "tipo__sigla": "IND", "tipo__descricao": "Indica\u00e7\u00e3o", "autoria": "Marquinho Moreira", "texto_original": "http://sapl.garca.sp.leg.br/media/sapl/public/materialegislativa/2024/111524/indcs_2024-0037.pdf", "ementa": "Sugerindo ao Prefeito realizar a limpeza geral de todas as vias de Vila Cavalcante."}, {"id": "111530", "ano": "2024", "numero": "38", "tipo__sigla": "IND", "tipo__descricao": "Indica\u00e7\u00e3o", "autoria": "Marquinho Moreira", "texto_original": "http://sapl.garca.sp.leg.br/media/sapl/public/materialegislativa/2024/111530/indcs_2024-0038.pdf", "ementa": "Sugerindo ao Prefeito realizar a limpeza geral, com mais periodicidade, as Ruas Jo\u00e3o Correa Leite de Moraes, Independ\u00eancia, e da Esta\u00e7\u00e3o em Vila Cavalcante."}, {"id": "111546", "ano": "2024", "numero": "39", "tipo__sigla": "IND", "tipo__descricao": "Indica\u00e7\u00e3o", "autoria": "F\u00e1bio Santos", "texto_original": "http://sapl.garca.sp.leg.br/media/sapl/public/materialegislativa/2024/111546/indcs_2024-0039.pdf", "ementa": "Sugerindo ao prefeito realizar a instala\u00e7\u00e3o de um redutor de velocidades na Rua Peroba defronte ao numeral 748."}, {"id": "111578", "ano": "2024", "numero": "40", "tipo__sigla": "IND", "tipo__descricao": "Indica\u00e7\u00e3o", "autoria": "Rodrigo Gutierres", "texto_original": "http://sapl.garca.sp.leg.br/media/sapl/public/materialegislativa/2024/111578/indcs_2024-0040.pdf", "ementa": "Sugerindo ao prefeito realizar o rebaixamento de guia para cadeirantes no passeio p\u00fablico da Rua Jorge Yamauchi, pr\u00f3ximo \u00e0 EMEIEF Prof\u00aa Norma M\u00f4nico Truzzi, no distrito de Jafa."}, {"id": "111582", "ano": "2024", "numero": "41", "tipo__sigla": "IND", "tipo__descricao": "Indica\u00e7\u00e3o", "autoria": "Marquinho Moreira", "texto_original": "http://sapl.garca.sp.leg.br/media/sapl/public/materialegislativa/2024/111582/indcs_2024-0041.pdf", "ementa": "Sugerindo ao prefeito colocar em um via, logradouro ou pr\u00f3prio p\u00fablico o nome do Sr. Jorge Massaru Hachisuka, o Jorge da Major autoel\u00e9trica que atuou por mais de 40 anos a frente de seu estabelecimento em nosso munic\u00edpio, deixando os filhos Lorraine Yuri Hachisuka de Barros e Thiago Massaru Hachisuka."}, {"id": "111642", "ano": "2024", "numero": "42", "tipo__sigla": "IND", "tipo__descricao": "Indica\u00e7\u00e3o", "autoria": "Adhemar Kemp Marcondes de Moura Filho", "texto_original": "http://sapl.garca.sp.leg.br/media/sapl/public/materialegislativa/2024/111642/indcs_2024-0042.pdf", "ementa": "Sugerindo ao Prefeito realizar a implanta\u00e7\u00e3o de um bols\u00e3o de motos defronte ao recinto da feira livre."}, {"id": "111646", "ano": "2024", "numero": "43", "tipo__sigla": "IND", "tipo__descricao": "Indica\u00e7\u00e3o", "autoria": "Marquinho Moreira", "texto_original": "http://sapl.garca.sp.leg.br/media/sapl/public/materialegislativa/2024/111646/indcs_2024-0043.pdf", "ementa": "Sugerindo ao Prefeito realizar a revitaliza\u00e7\u00e3o da Pra\u00e7a Tancredo Neves defronte \u00e0 Igreja da Gra\u00e7a."}, {"id": "111647", "ano": "2024", "numero": "44", "tipo__sigla": "IND", "tipo__descricao": "Indica\u00e7\u00e3o", "autoria": "Marquinho Moreira", "texto_original": "http://sapl.garca.sp.leg.br/media/sapl/public/materialegislativa/2024/111647/indcs_2024-0044.pdf", "ementa": "Sugerindo ao Prefeito realizar melhorias e manuten\u00e7\u00e3o na ilumina\u00e7\u00e3o do recinto da feira livre."}, {"id": "111648", "ano": "2024", "numero": "45", "tipo__sigla": "IND", "tipo__descricao": "Indica\u00e7\u00e3o", "autoria": "Marquinho Moreira", "texto_original": "http://sapl.garca.sp.leg.br/media/sapl/public/materialegislativa/2024/111648/indcs_2024-0045.pdf", "ementa": "Sugerindo ao Prefeito realizar melhorias e manuten\u00e7\u00e3o no redutor de velocidade localizado pr\u00f3ximo ao Centro de Forma\u00e7\u00e3o de Condutores ZAP."}, {"id": "111734", "ano": "2024", "numero": "46", "tipo__sigla": "IND", "tipo__descricao": "Indica\u00e7\u00e3o", "autoria": "Rodrigo Gutierres", "texto_original": "http://sapl.garca.sp.leg.br/media/sapl/public/materialegislativa/2024/111734/indcs_2024-0046.pdf", "ementa": "Sugerindo ao Prefeito colocar em alguma via, logradouro ou pr\u00f3prio p\u00fablico do distrito de Jafa o nome do Sr. Dorivaldo Souza de Moraes."}, {"id": "111745", "ano": "2024", "numero": "47", "tipo__sigla": "IND", "tipo__descricao": "Indica\u00e7\u00e3o", "autoria": "Marquinho Moreira", "texto_original": "http://sapl.garca.sp.leg.br/media/sapl/public/materialegislativa/2024/111745/indcs_2024-0047.pdf", "ementa": "Sugerindo ao Prefeito realizar a instala\u00e7\u00e3o de cobertura no ponto de \u00f4nibus localizado na Avenida Labieno da Costa Machado pr\u00f3ximo \u00e0 empresa Henlau."}, {"id": "111746", "ano": "2024", "numero": "48", "tipo__sigla": "IND", "tipo__descricao": "Indica\u00e7\u00e3o", "autoria": "Marquinho Moreira", "texto_original": "http://sapl.garca.sp.leg.br/media/sapl/public/materialegislativa/2024/111746/indcs_2024-0048.pdf", "ementa": "Sugerindo ao Prefeito realizar a instala\u00e7\u00e3o de cobertura no ponto de \u00f4nibus localizado na Avenida Labieno da Costa Machado pr\u00f3ximo \u00e0 empresa PPA."}, {"id": "111810", "ano": "2024", "numero": "49", "tipo__sigla": "IND", "tipo__descricao": "Indica\u00e7\u00e3o", "autoria": "Rafael Frabetti", "texto_original": "http://sapl.garca.sp.leg.br/media/sapl/public/materialegislativa/2024/111810/indcs_2024-0049.pdf", "ementa": "Sugerindo ao Prefeito colocar em alguma via, logradouro ou pr\u00f3prio p\u00fablico o nome do Sr. Ernesto Tramontini."}, {"id": "111830", "ano": "2024", "numero": "50", "tipo__sigla": "IND", "tipo__descricao": "Indica\u00e7\u00e3o", "autoria": "Marquinho Moreira", "texto_original": "http://sapl.garca.sp.leg.br/media/sapl/public/materialegislativa/2024/111830/indcs_2024-0050.pdf", "ementa": "Sugerindo ao Prefeito que realize a limpeza dos bueiros do bairro Jardim Sol Nascente pois est\u00e3o surgindo muitas baratas e ratos nas resid\u00eancias."}, {"id": "111831", "ano": "2024", "numero": "51", "tipo__sigla": "IND", "tipo__descricao": "Indica\u00e7\u00e3o", "autoria": "Marquinho Moreira", "texto_original": "http://sapl.garca.sp.leg.br/media/sapl/public/materialegislativa/2024/111831/indcs_2024-0051.pdf", "ementa": "Sugerindo ao Prefeito que realize as seguintes melhorias no campinho do bairro Jardim Sol Nascente: instala\u00e7\u00e3o de lixeira, instala\u00e7\u00e3o de cobertura no parquinho infantil, instala\u00e7\u00e3o de academia ao ar livre e melhorias na ilumina\u00e7\u00e3o."}, {"id": "112236", "ano": "2024", "numero": "52", "tipo__sigla": "IND", "tipo__descricao": "Indica\u00e7\u00e3o", "autoria": "Adhemar Kemp Marcondes de Moura Filho", "texto_original": "http://sapl.garca.sp.leg.br/media/sapl/public/materialegislativa/2024/112236/indcs_2024-0052.pdf", "ementa": "Sugerindo ao Prefeito colocar em alguma via, logradouro ou pr\u00f3prio p\u00fablico o nome do ex-servidor p\u00fablico municipal Ivan Pinheiro Rodrigues, que, por d\u00e9cadas, prestou servi\u00e7os ao munic\u00edpio com dedica\u00e7\u00e3o e muito empenho."}, {"id": "112102", "ano": "2024", "numero": "1", "tipo__sigla": "OFP", "tipo__descricao": "Of\u00edcio ao Presidente", "autoria": "Marquinho Moreira", "texto_original": "http://sapl.garca.sp.leg.br/media/sapl/public/materialegislativa/2024/112102/registro_presidencia_-_marquinho.pdf", "ementa": "Registro de candidatura para elei\u00e7\u00e3o da Mesa Diretora 2025/2026 para o cargo de Presidente."}, {"id": "112116", "ano": "2024", "numero": "2", "tipo__sigla": "OFP", "tipo__descricao": "Of\u00edcio ao Presidente", "autoria": "Marcelo Miranda", "texto_original": "http://sapl.garca.sp.leg.br/media/sapl/public/materialegislativa/2024/112116/ccf_000148.pdf", "ementa": "Registro da candidatura para disputar a elei\u00e7\u00e3o da Mesa Diretora para o bi\u00eanio 2025-2026 para o cargo de Presidente."}, {"id": "112203", "ano": "2024", "numero": "3", "tipo__sigla": "OFP", "tipo__descricao": "Of\u00edcio ao Presidente", "autoria": "Marquinho Moreira", "texto_original": "http://sapl.garca.sp.leg.br/media/sapl/public/materialegislativa/2024/112203/registro_de_chapa.pdf", "ementa": "Solicitando registro de chapa para disputar a elei\u00e7\u00e3o da Mesa Diretora para o bi\u00eanio 2025-2026"}, {"id": "112204", "ano": "2024", "numero": "4", "tipo__sigla": "OFP", "tipo__descricao": "Of\u00edcio ao Presidente", "autoria": "Marquinho Moreira", "texto_original": "http://sapl.garca.sp.leg.br/media/sapl/public/materialegislativa/2024/112204/1258_-_marquinho_-_retirada_de_inscricao_individual_ass.pdf", "ementa": "solicitando retirada de inscri\u00e7\u00e3o individual"}, {"id": "112272", "ano": "2024", "numero": "5", "tipo__sigla": "OFP", "tipo__descricao": "Of\u00edcio ao Presidente", "autoria": "Raquel Sartori", "texto_original": "http://sapl.garca.sp.leg.br/media/sapl/public/materialegislativa/2024/112272/registro_chapa.pdf", "ementa": "Solicitando registro de chapa para disputar a elei\u00e7\u00e3o da Mesa Diretora para o bi\u00eanio 2025-2026"}, {"id": "112273", "ano": "2024", "numero": "6", "tipo__sigla": "OFP", "tipo__descricao": "Of\u00edcio ao Presidente", "autoria": "Marquinho Moreira", "texto_original": "http://sapl.garca.sp.leg.br/media/sapl/public/materialegislativa/2024/112273/registro_candidatura_marquinho.pdf", "ementa": "Registro de candidatura para disputar a elei\u00e7\u00e3o da Mesa Diretora 2025-2026."}, {"id": "112208", "ano": "2024", "numero": "1", "tipo__sigla": "PAREC", "tipo__descricao": "Parecer", "autoria": "COFOSP - Comiss\u00e3o de Or\u00e7amento, Finan\u00e7as, Contabilidade, Obras e Servi\u00e7os P\u00fablicos", "texto_original": "http://sapl.garca.sp.leg.br/media/sapl/public/materialegislativa/2024/112208/17_-_parecer_cofcosp_-_pl_136-2024_-_parecer_contrario.pdf", "ementa": "Parecer da Comiss\u00e3o de Or\u00e7amento, Finan\u00e7as, Contabilidade, Obras e Servi\u00e7os P\u00fablicos que ofereceu voto contr\u00e1rio ao Projeto de Lei n\u00ba 136/2024, de autoria do Prefeito, que desafeta e autoriza o munic\u00edpio a alienar im\u00f3vel que especifica, por meio de licita\u00e7\u00e3o na modalidade leil\u00e3o, e d\u00e1 outras provid\u00eancias - Matr\u00edcula n\u00ba 2.941."}, {"id": "111897", "ano": "2024", "numero": "1", "tipo__sigla": "PTC", "tipo__descricao": "Parecer Tribunal de Contas", "autoria": "Tribunal de Contas", "texto_original": "http://sapl.garca.sp.leg.br/media/sapl/public/materialegislativa/2024/111897/01_-_relatorio_tcesp_contas_2022.pdf", "ementa": "Encaminhando o processo de presta\u00e7\u00e3o de contas da Prefeitura Municipal de Gar\u00e7a, exerc\u00edcio de 2022, para os fins previstos no artigo 31, \u00a7 2\u00ba, da Constitui\u00e7\u00e3o Federal, combinado com o artigo 150 da Constitui\u00e7\u00e3o do Estado de S\u00e3o Paulo."}, {"id": "110561", "ano": "2024", "numero": "1", "tipo__sigla": "PDL", "tipo__descricao": "Projeto de Decreto Legislativo", "autoria": "F\u00e1bio Santos", "texto_original": "http://sapl.garca.sp.leg.br/media/sapl/public/materialegislativa/2024/110561/pdl_01-2024.pdf", "ementa": "OUTORGA O T\u00cdTULO DE CIDAD\u00c3O BENEM\u00c9RITO AO SR. LUIZ GONZAGA CONESSA."}, {"id": "110795", "ano": "2024", "numero": "2", "tipo__sigla": "PDL", "tipo__descricao": "Projeto de Decreto Legislativo", "autoria": "Tenente Almeida", "texto_original": "http://sapl.garca.sp.leg.br/media/sapl/public/materialegislativa/2024/110795/pdl_02-2024.pdf", "ementa": "OUTORGA O T\u00cdTULO DE CIDAD\u00c3O GARCENSE AO SR. ROBERTO SELLA."}, {"id": "111446", "ano": "2024", "numero": "3", "tipo__sigla": "PDL", "tipo__descricao": "Projeto de Decreto Legislativo", "autoria": "Pedro Santos", "texto_original": "http://sapl.garca.sp.leg.br/media/sapl/public/materialegislativa/2024/111446/pdl_03-2024.pdf", "ementa": "DISP\u00d5E SOBRE A SUSTA\u00c7\u00c3O DO \u00a7 5\u00ba DO ARTIGO 1\u00ba DO DECRETO N\u00ba 9.670, DE29 DE NOVEMBRO DE 2022, QUE REGULAMENTA O ARTIGO129 E SEGUINTES DA LEI N\u00ba 2.680, DE 30 DE OUTUBRO DE 1991."}, {"id": "112117", "ano": "2024", "numero": "4", "tipo__sigla": "PDL", "tipo__descricao": "Projeto de Decreto Legislativo", "autoria": "COFOSP - Comiss\u00e3o de Or\u00e7amento, Finan\u00e7as, Contabilidade, Obras e Servi\u00e7os P\u00fablicos", "texto_original": "http://sapl.garca.sp.leg.br/media/sapl/public/materialegislativa/2024/112117/13_-_parecer_cofcosp_-_contas_2022.pdf", "ementa": "APROVA, COM ADVERT\u00caNCIAS E RECOMENDA\u00c7\u00d5ES, AS CONTAS DA PREFEITURA DE GAR\u00c7A, REFERENTE AO EXERC\u00cdCIO DE 2022."}, {"id": "112207", "ano": "2024", "numero": "5", "tipo__sigla": "PDL", "tipo__descricao": "Projeto de Decreto Legislativo", "autoria": "Adhemar Kemp Marcondes de Moura Filho", "texto_original": "http://sapl.garca.sp.leg.br/media/sapl/public/materialegislativa/2024/112207/pdl_05-2024.pdf", "ementa": "OUTORGA A \u201cCOMENDA MUNICIPAL DO M\u00c9RITO ZUMBI DOS PALMARES\u201d AO SR. FRANCISCO JOS\u00c9 VIEIRA."}, {"id": "110512", "ano": "2024", "numero": "1", "tipo__sigla": "PLC", "tipo__descricao": "Projeto de Lei Complementar", "autoria": "PREFEITO MUNICIPAL", "texto_original": "http://sapl.garca.sp.leg.br/media/sapl/public/materialegislativa/2024/110512/lc_001.pdf", "ementa": "ALTERA A LEI COMPLEMENTAR N\u00ba 048/2018, QUE DISP\u00d5E SOBRE A REORGANIZA\u00c7\u00c3O DO ESTATUTO DO MAGIST\u00c9RIO P\u00daBLICO MUNICIPAL DE GAR\u00c7A."}, {"id": "110552", "ano": "2024", "numero": "2", "tipo__sigla": "PLC", "tipo__descricao": "Projeto de Lei Complementar", "autoria": "PREFEITO MUNICIPAL", "texto_original": "http://sapl.garca.sp.leg.br/media/sapl/public/materialegislativa/2024/110552/lc_002.pdf", "ementa": "ALTERA A LEI COMPLEMENTAR N\u00ba 003/2014 E SUAS ALTERA\u00c7\u00d5ES, QUE DISP\u00d5E SOBRE A ESTRUTURA ADMINISTRATIVA DA PREFEITURA MUNICIPAL DE GAR\u00c7A E DE SUAS AUTARQUIAS E D\u00c1 OUTRAS PROVID\u00caNCIAS."}, {"id": "110553", "ano": "2024", "numero": "3", "tipo__sigla": "PLC", "tipo__descricao": "Projeto de Lei Complementar", "autoria": "PREFEITO MUNICIPAL", "texto_original": "http://sapl.garca.sp.leg.br/media/sapl/public/materialegislativa/2024/110553/lc_003.pdf", "ementa": "ALTERA A LEI COMPLEMENTAR N\u00ba 048/2018 E SUAS ALTERA\u00c7\u00d5ES, QUE DISP\u00d5E SOBRE A REORGANIZA\u00c7\u00c3O DO ESTATUTO E DO PLANO DE CARREIRA DO MAGIST\u00c9RIO P\u00daBLICO MUNICIPAL DE GAR\u00c7A E D\u00c1 OUTRAS PROVID\u00caNCIAS."}, {"id": "110713", "ano": "2024", "numero": "4", "tipo__sigla": "PLC", "tipo__descricao": "Projeto de Lei Complementar", "autoria": "PREFEITO MUNICIPAL", "texto_original": "http://sapl.garca.sp.leg.br/media/sapl/public/materialegislativa/2024/110713/plc_04-2024.pdf", "ementa": "DISP\u00d5E SOBRE A ESTRUTURA\u00c7\u00c3O DO CONSELHO MUNICIPAL DE TURISMO E D\u00c1 OUTRAS PROVID\u00caNCIAS."}, {"id": "110755", "ano": "2024", "numero": "5", "tipo__sigla": "PLC", "tipo__descricao": "Projeto de Lei Complementar", "autoria": "PREFEITO MUNICIPAL", "texto_original": "http://sapl.garca.sp.leg.br/media/sapl/public/materialegislativa/2024/110755/lc_005.pdf", "ementa": "ALTERA A LEI COMPLEMENTAR N\u00ba 003/2014 E SUAS ALTERA\u00c7\u00d5ES, QUE DISP\u00d5E SOBRE A ESTRUTURA ADMINISTRATIVA DA PREFEITURA MUNICIPAL DE GAR\u00c7A E DE SUAS AUTARQUIAS E D\u00c1 OUTRAS PROVID\u00caNCIAS."}, {"id": "110908", "ano": "2024", "numero": "6", "tipo__sigla": "PLC", "tipo__descricao": "Projeto de Lei Complementar", "autoria": "PREFEITO MUNICIPAL", "texto_original": "http://sapl.garca.sp.leg.br/media/sapl/public/materialegislativa/2024/110908/plc_06-2024.pdf", "ementa": "ALTERA A LEI COMPLEMENTAR N\u00ba 003/2014 E SUAS ALTERA\u00c7\u00d5ES, QUE DISP\u00d5E SOBRE A ESTRUTURA ADMINISTRATIVA DA PREFEITURA MUNICIPAL DE GAR\u00c7A E DE SUAS AUTARQUIAS E D\u00c1 OUTRAS PROVID\u00caNCIAS."}, {"id": "110979", "ano": "2024", "numero": "7", "tipo__sigla": "PLC", "tipo__descricao": "Projeto de Lei Complementar", "autoria": "PREFEITO MUNICIPAL", "texto_original": "http://sapl.garca.sp.leg.br/media/sapl/public/materialegislativa/2024/110979/plc_007.pdf", "ementa": "ALTERA A LEI MUNICIPAL N\u00ba 4.885, DE 20 DE DEZEMBRO DE 2013 E SUAS ALTERA\u00c7\u00d5ES, QUE DISP\u00d5E SOBRE O CONSELHO MUNICIPAL DE DEFESA CIVIL (CONDEC) DO MUNIC\u00cdPIO DE GAR\u00c7A E D\u00c1 OUTRAS PROVID\u00caNCIAS."}, {"id": "110993", "ano": "2024", "numero": "8", "tipo__sigla": "PLC", "tipo__descricao": "Projeto de Lei Complementar", "autoria": "PREFEITO MUNICIPAL", "texto_original": "http://sapl.garca.sp.leg.br/media/sapl/public/materialegislativa/2024/110993/plc_008.pdf", "ementa": "ALTERA A LEI COMPLEMENTAR N\u00ba 096/2023 QUE DISP\u00d5E SOBRE REGRAS E DIRETRIZES, NO \u00c2MBITO DO PODER EXECUTIVO, PARA ATUA\u00c7\u00c3O DO AGENTE DE CONTRATA\u00c7\u00c3O, DA EQUIPE DE APOIO, DA COMISS\u00c3O DE CONTRATA\u00c7\u00c3O E DOS GESTORES E FISCAIS DE CONTRATOS."}, {"id": "111128", "ano": "2024", "numero": "9", "tipo__sigla": "PLC", "tipo__descricao": "Projeto de Lei Complementar", "autoria": "PREFEITO MUNICIPAL", "texto_original": "http://sapl.garca.sp.leg.br/media/sapl/public/materialegislativa/2024/111128/plc_09-2024.pdf", "ementa": "ALTERA A LEI COMPLEMENTAR N\u00ba 08/2015, QUE DISP\u00d5E SOBRE A CONTRATA\u00c7\u00c3O POR TEMPO DETERMINADO PARA ATENDER A NECESSIDADE TEMPOR\u00c1RIA DE EXCEPCIONAL INTERESSE P\u00daBLICO, NOS TERMOS DO INCISO IX, DO ARTIGO 37 DA CONSTITUI\u00c7\u00c3O FEDERAL."}, {"id": "111450", "ano": "2024", "numero": "10", "tipo__sigla": "PLC", "tipo__descricao": "Projeto de Lei Complementar", "autoria": "PREFEITO MUNICIPAL", "texto_original": "http://sapl.garca.sp.leg.br/media/sapl/public/materialegislativa/2024/111450/plc_10-2024.pdf", "ementa": "ALTERA A LEI COMPLEMENTAR N\u00ba 048/2018 E SUAS ALTERA\u00c7\u00d5ES, QUE DISP\u00d5E SOBRE A REORGANIZA\u00c7\u00c3O DO ESTATUTO E DO PLANO DE CARREIRA DO MAGIST\u00c9RIO P\u00daBLICO MUNICIPAL DE GAR\u00c7A E D\u00c1 OUTRAS PROVID\u00caNCIAS."}, {"id": "111683", "ano": "2024", "numero": "11", "tipo__sigla": "PLC", "tipo__descricao": "Projeto de Lei Complementar", "autoria": "PREFEITO MUNICIPAL", "texto_original": "http://sapl.garca.sp.leg.br/media/sapl/public/materialegislativa/2024/111683/plc_11-2024.pdf", "ementa": "ALTERA A LEI COMPLEMENTAR N\u00ba 048/2018 E ALTERA\u00c7\u00d5ES, QUE DISP\u00d5E SOBRE A REORGANIZA\u00c7\u00c3O DO ESTATUTO E DO PLANO DE CARREIRA DO MAGIST\u00c9RIO P\u00daBLICO MUNICIPAL DE GAR\u00c7A E D\u00c1 OUTRAS PROVID\u00caNCIAS."}, {"id": "111688", "ano": "2024", "numero": "12", "tipo__sigla": "PLC", "tipo__descricao": "Projeto de Lei Complementar", "autoria": "PREFEITO MUNICIPAL", "texto_original": "http://sapl.garca.sp.leg.br/media/sapl/public/materialegislativa/2024/111688/plc_12-2024.pdf", "ementa": "ALTERA A LEI COMPLEMENTAR N\u00ba 097, DE 04 DE MAIO DE 2023 E ALTERA\u00c7\u00d5ES, QUE INSTITUI O PROGRAMA DE RECUPERA\u00c7\u00c3O DE CR\u00c9DITOS, DENOMINADO \u201cPRC-GAR\u00c7A\u201d"}, {"id": "111984", "ano": "2024", "numero": "13", "tipo__sigla": "PLC", "tipo__descricao": "Projeto de Lei Complementar", "autoria": "PREFEITO MUNICIPAL", "texto_original": "http://sapl.garca.sp.leg.br/media/sapl/public/materialegislativa/2024/111984/plc_13-2024.pdf", "ementa": "ALTERA A LEI N\u00ba 2.785/1992, E A LEI N\u00ba 5.323/2019, NO TOCANTE \u00c0 ORGANIZA\u00c7\u00c3O E O FUNCIONAMENTO DO IAPEN, E D\u00c1 OUTRAS PROVID\u00caNCIAS."}, {"id": "112179", "ano": "2024", "numero": "14", "tipo__sigla": "PLC", "tipo__descricao": "Projeto de Lei Complementar", "autoria": "PREFEITO MUNICIPAL", "texto_original": "http://sapl.garca.sp.leg.br/media/sapl/public/materialegislativa/2024/112179/lc_015.pdf", "ementa": "ALTERA A LEI MUNICIPAL N\u00ba 4.388, DE 02 DE DEZEMBRO DE 2009 E ALTERA\u00c7\u00d5ES, QUE DISP\u00d5E SOBRE O PARCELAMENTO DO SOLO NO MUNIC\u00cdPIO DE GAR\u00c7A"}, {"id": "112247", "ano": "2024", "numero": "15", "tipo__sigla": "PLC", "tipo__descricao": "Projeto de Lei Complementar", "autoria": "PREFEITO MUNICIPAL", "texto_original": "http://sapl.garca.sp.leg.br/media/sapl/public/materialegislativa/2024/112247/lc016.pdf", "ementa": "ALTERA A LEI COMPLEMENTAR N\u00ba 048/2018 E ALTERA\u00c7\u00d5ES QUE DISP\u00d5E SOBRE A REORGANIZA\u00c7\u00c3O DO ESTATUTO E DO PLANO DE CARREIRA DO MAGIST\u00c9RIO P\u00daBLICO MUNICIPAL DE GAR\u00c7A"}, {"id": "112264", "ano": "2024", "numero": "16", "tipo__sigla": "PLC", "tipo__descricao": "Projeto de Lei Complementar", "autoria": "PREFEITO MUNICIPAL", "texto_original": "http://sapl.garca.sp.leg.br/media/sapl/public/materialegislativa/2024/112264/lc017.pdf", "ementa": "ALTERA A LEI N\u00ba 4.388/2009 E ALTERA\u00c7\u00d5ES, QUE DISP\u00d5E SOBRE O PARCELAMENTO DO SOLO NO MUNIC\u00cdPIO DE GAR\u00c7A"}, {"id": "110497", "ano": "2024", "numero": "1", "tipo__sigla": "PLO", "tipo__descricao": "Projeto de Lei Ordin\u00e1ria", "autoria": "Lucas Cateto", "texto_original": "http://sapl.garca.sp.leg.br/media/sapl/public/materialegislativa/2024/110497/pl_dia_dos_veteranos_-_lucas.pdf", "ementa": "Altera a Lei Municipal n\u00ba 5.161/2017, que consolida a legisla\u00e7\u00e3o municipal referente \u00e0s datas comemorativas do munic\u00edpio de Gar\u00e7a, instituindo o \"Dia dos Veteranos das For\u00e7as de Seguran\u00e7a\" e d\u00e1 outras provid\u00eancias."}, {"id": "110498", "ano": "2024", "numero": "2", "tipo__sigla": "PLO", "tipo__descricao": "Projeto de Lei Ordin\u00e1ria", "autoria": "Rodrigo Gutierres", "texto_original": "http://sapl.garca.sp.leg.br/media/sapl/public/materialegislativa/2024/110498/01_-_pl_002-2024_-_rodrigo.pdf", "ementa": "Altera a Lei n\u00ba 4.388, de 02 de dezembro de 2009, a fim de exigir do loteador a apresenta\u00e7\u00e3o de amostras de materiais utilizados no sistema p\u00fablico de abastecimento de \u00e1gua e de esgoto sanit\u00e1rio."}, {"id": "110499", "ano": "2024", "numero": "3", "tipo__sigla": "PLO", "tipo__descricao": "Projeto de Lei Ordin\u00e1ria", "autoria": "Antonio Franco dos Santos - Bacana", "texto_original": "http://sapl.garca.sp.leg.br/media/sapl/public/materialegislativa/2024/110499/01_-_pl_003-2024__limitadores_de_altura_-_veiculos_pesados_-_bacana.pdf", "ementa": "Disp\u00f5e sobre a ado\u00e7\u00e3o de limitadores de altura para ve\u00edculos, com ou sem carga, no \u00e2mbito do munic\u00edpio de Gar\u00e7a e d\u00e1 outras provid\u00eancias."}, {"id": "110500", "ano": "2024", "numero": "4", "tipo__sigla": "PLO", "tipo__descricao": "Projeto de Lei Ordin\u00e1ria", "autoria": "PREFEITO MUNICIPAL", "texto_original": "http://sapl.garca.sp.leg.br/media/sapl/public/materialegislativa/2024/110500/001.pdf", "ementa": "INSTITUI O PROJETO SIMPLIFICADO PARA OS CASOS DE APROVA\u00c7\u00c3O DE OBRAS NOVAS, REFORMAS, AMPLIA\u00c7\u00d5ES E REGULARIZA\u00c7\u00d5ES RELATIVAS \u00c0 APROVA\u00c7\u00c3O DE EDIFICA\u00c7\u00d5ES RESIDENCIAIS UNIFAMILIARES E D\u00c1 OUTRAS PROVID\u00caNCIAS."}, {"id": "110501", "ano": "2024", "numero": "5", "tipo__sigla": "PLO", "tipo__descricao": "Projeto de Lei Ordin\u00e1ria", "autoria": "PREFEITO MUNICIPAL", "texto_original": "http://sapl.garca.sp.leg.br/media/sapl/public/materialegislativa/2024/110501/002.pdf", "ementa": "DESAFETA E AUTORIZA O MUNIC\u00cdPIO A ALIENAR IM\u00d3VEL P\u00daBLICO QUE ESPECIFICA, POR MEIO DE LICITA\u00c7\u00c3O NA MODALIDADE LEIL\u00c3O, E D\u00c1 OUTRAS PROVID\u00caNCIAS (MATR\u00cdCULA N\u00ba 33.541)."}, {"id": "110503", "ano": "2024", "numero": "6", "tipo__sigla": "PLO", "tipo__descricao": "Projeto de Lei Ordin\u00e1ria", "autoria": "PREFEITO MUNICIPAL", "texto_original": "http://sapl.garca.sp.leg.br/media/sapl/public/materialegislativa/2024/110503/003.pdf", "ementa": "DESAFETA E AUTORIZA O MUNIC\u00cdPIO A ALIENAR IM\u00d3VEL P\u00daBLICO QUE ESPECIFICA, POR MEIO DE LICITA\u00c7\u00c3O NA MODALIDADE LEIL\u00c3O, E D\u00c1 OUTRAS PROVID\u00caNCIAS (MATR\u00cdCULA N\u00ba 33.542)."}, {"id": "110505", "ano": "2024", "numero": "7", "tipo__sigla": "PLO", "tipo__descricao": "Projeto de Lei Ordin\u00e1ria", "autoria": "PREFEITO MUNICIPAL", "texto_original": "http://sapl.garca.sp.leg.br/media/sapl/public/materialegislativa/2024/110505/004.pdf", "ementa": "DESAFETA E AUTORIZA O MUNIC\u00cdPIO A ALIENAR IM\u00d3VEL P\u00daBLICO QUE ESPECIFICA, POR MEIO DE LICITA\u00c7\u00c3O NA MODALIDADE LEIL\u00c3O, E D\u00c1 OUTRAS PROVID\u00caNCIAS (MATR\u00cdCULA N\u00ba 33.543)."}, {"id": "110507", "ano": "2024", "numero": "8", "tipo__sigla": "PLO", "tipo__descricao": "Projeto de Lei Ordin\u00e1ria", "autoria": "PREFEITO MUNICIPAL", "texto_original": "http://sapl.garca.sp.leg.br/media/sapl/public/materialegislativa/2024/110507/005.pdf", "ementa": "DESAFETA E AUTORIZA O MUNIC\u00cdPIO A ALIENAR IM\u00d3VEL P\u00daBLICO QUE ESPECIFICA, POR MEIO DE LICITA\u00c7\u00c3O NA MODALIDADE LEIL\u00c3O, E D\u00c1 OUTRAS PROVID\u00caNCIAS (MATR\u00cdCULA N\u00ba 33.544)."}, {"id": "110509", "ano": "2024", "numero": "9", "tipo__sigla": "PLO", "tipo__descricao": "Projeto de Lei Ordin\u00e1ria", "autoria": "PREFEITO MUNICIPAL", "texto_original": "http://sapl.garca.sp.leg.br/media/sapl/public/materialegislativa/2024/110509/006.pdf", "ementa": "DESAFETA E AUTORIZA O MUNIC\u00cdPIO A ALIENAR IM\u00d3VEL P\u00daBLICO QUE ESPECIFICA, POR MEIO DE LICITA\u00c7\u00c3O NA MODALIDADE LEIL\u00c3O, E D\u00c1 OUTRAS PROVID\u00caNCIAS (MATR\u00cdCULA N\u00ba 33.545)."}, {"id": "110511", "ano": "2024", "numero": "10", "tipo__sigla": "PLO", "tipo__descricao": "Projeto de Lei Ordin\u00e1ria", "autoria": "PREFEITO MUNICIPAL", "texto_original": "http://sapl.garca.sp.leg.br/media/sapl/public/materialegislativa/2024/110511/007.pdf", "ementa": "INSTITUI A POL\u00cdTICA MUNICIPAL DE EDUCA\u00c7\u00c3O NAS ESCOLAS EM TEMPO INTEGRAL DA REDE MUNICIPAL DE ENSINO DE GAR\u00c7A E D\u00c1 OUTRAS PROVID\u00caNCIAS."}, {"id": "110562", "ano": "2024", "numero": "11", "tipo__sigla": "PLO", "tipo__descricao": "Projeto de Lei Ordin\u00e1ria", "autoria": "Mesa Diretora", "texto_original": "http://sapl.garca.sp.leg.br/media/sapl/public/materialegislativa/2024/110562/pl_11-2024.pdf", "ementa": "ALTERA A LEI MUNICIPAL N\u00ba 4.780, DE 28 DE JUNHO DE 2012, A FIM DE CONCEDER RECOMPOSI\u00c7\u00c3O ANUAL DOS VENCIMENTOS AOS SERVIDORES DO PODER LEGISLATIVO E D\u00c1 OUTRAS PROVID\u00caNCIAS"}, {"id": "110563", "ano": "2024", "numero": "12", "tipo__sigla": "PLO", "tipo__descricao": "Projeto de Lei Ordin\u00e1ria", "autoria": "Mesa Diretora", "texto_original": "http://sapl.garca.sp.leg.br/media/sapl/public/materialegislativa/2024/110563/02_-_revisao_geral_anual_-_prefeito_vice_e_secretarios_com_462_ass4.pdf", "ementa": "ESTABELECE O \u00cdNDICE PARA A REVIS\u00c3O GERAL ANUAL DOS SUBS\u00cdDIOS DO PREFEITO, VICE-PREFEITO E SECRET\u00c1RIOS MUNICIPAIS"}, {"id": "110564", "ano": "2024", "numero": "13", "tipo__sigla": "PLO", "tipo__descricao": "Projeto de Lei Ordin\u00e1ria", "autoria": "Mesa Diretora", "texto_original": "http://sapl.garca.sp.leg.br/media/sapl/public/materialegislativa/2024/110564/pl_13-2024.pdf", "ementa": "FIXA OS SUBS\u00cdDIOS DE PREFEITO, VICE-PREFEITO E SECRET\u00c1RIOS MUNICIPAIS PARA A LEGISLATURA 2025-2028"}, {"id": "110587", "ano": "2024", "numero": "14", "tipo__sigla": "PLO", "tipo__descricao": "Projeto de Lei Ordin\u00e1ria", "autoria": "Pedro Santos", "texto_original": "http://sapl.garca.sp.leg.br/media/sapl/public/materialegislativa/2024/110587/pl_14-2024.pdf", "ementa": "ALTERA A LEI N\u00ba 3.360, DE 05 DE NOVEMBRO DE 1999, A FIM DE DISPOR SOBRE A ALTURA M\u00cdNIMA DE GUARDA-CORPOS DE PASSARELAS E VIADUTOS NO MUNIC\u00cdPIO DE GAR\u00c7A"}, {"id": "110604", "ano": "2024", "numero": "15", "tipo__sigla": "PLO", "tipo__descricao": "Projeto de Lei Ordin\u00e1ria", "autoria": "PREFEITO MUNICIPAL", "texto_original": "http://sapl.garca.sp.leg.br/media/sapl/public/materialegislativa/2024/110604/pl_15-2024.pdf", "ementa": "ALTERA O ANEXO III DA LEI N\u00ba 5.435/2021 (PPA) E ALTERA O ANEXO IIA DA LEI N\u00ba 5.560/2023 (LDO), AUTORIZANDO A ABERTURA DE CR\u00c9DITO ESPECIAL, NO IMPORTE DE R$ 1.005.000,00 (UM MILH\u00c3O E CINCO MIL REAIS), OBJETIVANDO UTILIZAR OS RECURSOS DA ASSIST\u00caNCIA FINANCEIRA DA UNI\u00c3O DESTINADA A COMPLEMENTA\u00c7\u00c3O AO PAGAMENTO DOS PISOS SALARIAIS PARA OS PROFISSIONAIS DA ENFERMAGEM."}, {"id": "110605", "ano": "2024", "numero": "16", "tipo__sigla": "PLO", "tipo__descricao": "Projeto de Lei Ordin\u00e1ria", "autoria": "PREFEITO MUNICIPAL", "texto_original": "http://sapl.garca.sp.leg.br/media/sapl/public/materialegislativa/2024/110605/pl_16-2024.pdf", "ementa": "ALTERA O ANEXO III DA LEI N\u00ba 5.435/2021 (PPA) E ALTERA O ANEXO IIA DA LEI N\u00ba 5.560/2023 (LDO), AUTORIZANDO A ABERTURA DE CR\u00c9DITO ESPECIAL, NO IMPORTE DE R$ 210.950,85 (DUZENTOS E DEZ MIL, NOVECENTOS E CINQUENTA REAIS E OITENTA E CINCO CENTAVOS), OBJETIVANDO UTILIZAR OS RECURSOS DA CIP \u2013 CONTRIBUI\u00c7\u00c3O DE ILUMINA\u00c7\u00c3O P\u00daBLICA."}, {"id": "110606", "ano": "2024", "numero": "17", "tipo__sigla": "PLO", "tipo__descricao": "Projeto de Lei Ordin\u00e1ria", "autoria": "PREFEITO MUNICIPAL", "texto_original": "http://sapl.garca.sp.leg.br/media/sapl/public/materialegislativa/2024/110606/pl_17-2024.pdf", "ementa": "ALTERA O ANEXO III DA LEI N\u00ba 5.435/2021 (PPA) E ALTERA O ANEXO IIA DA LEI N\u00ba 5.560/2023 (LDO), AUTORIZANDO A ABERTURA DE CR\u00c9DITO ESPECIAL, NO IMPORTE DE R$ 100.000,00 (CEM MIL REAIS), OBJETIVANDO UTILIZAR OS RECURSOS DESTINADOS \u00c0 OSC \u201cLAR DOS VELHOS FREDERICO OZANAM\", CONSTANTE DA EMENDA N\u00ba 202340120001, DO DEPUTADO FEDERAL JOS\u00c9 GUILHERME NEGR\u00c3O PEIXOTO."}, {"id": "110607", "ano": "2024", "numero": "18", "tipo__sigla": "PLO", "tipo__descricao": "Projeto de Lei Ordin\u00e1ria", "autoria": "PREFEITO MUNICIPAL", "texto_original": "http://sapl.garca.sp.leg.br/media/sapl/public/materialegislativa/2024/110607/pl_18-2024.pdf", "ementa": "ALTERA O ANEXO III DA LEI N\u00ba 5.435/2021 (PPA) E ALTERA O ANEXO IIA DA LEI N\u00ba 5.560/2023 (LDO), AUTORIZANDO A ABERTURA DE CR\u00c9DITO ESPECIAL, NO IMPORTE DE R$ 248.278,02 (DUZENTOS E QUARENTA E OITO MIL, DUZENTOS E SETENTA E OITO REAIS E DOIS CENTAVOS), OBJETIVANDO UTILIZAR OS RECURSOS DO FUNDO MUNICIPAL DE ESPORTES, CONV\u00caNIO N\u00ba 00440/2023 GOVERNO DO ESTADO DE S\u00c3O PAULO \u2013 PROGRAMA CENTRO DE FORMA\u00c7\u00c3O ESPORTIVA E CONV\u00caNIO FEDERAL \u2013 PROGRAMA ESPORTE PARA TODOS."}, {"id": "110608", "ano": "2024", "numero": "19", "tipo__sigla": "PLO", "tipo__descricao": "Projeto de Lei Ordin\u00e1ria", "autoria": "PREFEITO MUNICIPAL", "texto_original": "http://sapl.garca.sp.leg.br/media/sapl/public/materialegislativa/2024/110608/pl_19-2024.pdf", "ementa": "ALTERA O ANEXO III DA LEI N\u00ba 5.435/2021 (PPA) E ALTERA O ANEXO IIA DA LEI N\u00ba 5.560/2023 (LDO), AUTORIZANDO A ABERTURA DE CR\u00c9DITO ESPECIAL, NO IMPORTE DE R$ 360.000,00 (TREZENTOS E SESSENTA MIL REAIS), DESTINADO A SUPLEMENTAR A SUBVEN\u00c7\u00c3O ECON\u00d4MICA DE QUE TRATA A LEI MUNICIPAL N\u00ba 5.566/23."}, {"id": "110609", "ano": "2024", "numero": "20", "tipo__sigla": "PLO", "tipo__descricao": "Projeto de Lei Ordin\u00e1ria", "autoria": "PREFEITO MUNICIPAL", "texto_original": "http://sapl.garca.sp.leg.br/media/sapl/public/materialegislativa/2024/110609/pl_20-2024.pdf", "ementa": "ALTERA O ANEXO III DA LEI N\u00ba 5.435/2021 (PPA) E ALTERA O ANEXO IIA DA LEI N\u00ba 5.560/2023 (LDO), AUTORIZANDO A ABERTURA DE CR\u00c9DITO ESPECIAL, NO IMPORTE DE R$ 10.000,00 (DEZ MIL REAIS), DESTINADO AO CONSELHO MUNICIPAL DOS DIREITOS DA CRIAN\u00c7A E DO ADOLESCENTE \u2013 COMDICRA."}, {"id": "110610", "ano": "2024", "numero": "21", "tipo__sigla": "PLO", "tipo__descricao": "Projeto de Lei Ordin\u00e1ria", "autoria": "PREFEITO MUNICIPAL", "texto_original": "http://sapl.garca.sp.leg.br/media/sapl/public/materialegislativa/2024/110610/pl_21-2024.pdf", "ementa": "ALTERA O ANEXO III DA LEI N\u00ba 5.435/2021 (PPA) E ALTERA O ANEXO IIA DA LEI N\u00ba 5.560/2023 (LDO), AUTORIZANDO A ABERTURA DE CR\u00c9DITO ESPECIAL, NO IMPORTE DE R$ 5.000,00 (CINCO MIL REAIS), DESTINADO AO PAGAMENTO DO PR\u00caMIO REFERENTE AO CONCURSO PARA SELE\u00c7\u00c3O DE LOGOMARCA AO PROGRAMA \u201cADOTE UMA NASCENTE\u201d."}, {"id": "110611", "ano": "2024", "numero": "22", "tipo__sigla": "PLO", "tipo__descricao": "Projeto de Lei Ordin\u00e1ria", "autoria": "PREFEITO MUNICIPAL", "texto_original": "http://sapl.garca.sp.leg.br/media/sapl/public/materialegislativa/2024/110611/pl_22-2024.pdf", "ementa": "ALTERA O ANEXO III DA LEI N\u00ba 5.435/2021 (PPA) E ALTERA O ANEXO IIA DA LEI N\u00ba 5.560/2023 (LDO), AUTORIZANDO A ABERTURA DE CR\u00c9DITO ESPECIAL, NO IMPORTE DE R$ 1.604.128,56 (UM MILH\u00c3O, SEISCENTOS E QUATRO MIL, CENTO E VINTE E OITO REAIS E CINQUENTA E SEIS CENTAVOS), OBJETIVANDO UTILIZAR OS RECURSOS QSE \u2013 QUOTA SAL\u00c1RIO EDUCA\u00c7\u00c3O."}, {"id": "110612", "ano": "2024", "numero": "23", "tipo__sigla": "PLO", "tipo__descricao": "Projeto de Lei Ordin\u00e1ria", "autoria": "PREFEITO MUNICIPAL", "texto_original": "http://sapl.garca.sp.leg.br/media/sapl/public/materialegislativa/2024/110612/pl_23-2024.pdf", "ementa": "ALTERA O ANEXO III DA LEI N\u00ba 5.435/2021 (PPA) E ALTERA O ANEXO IIA DA LEI N\u00ba 5.560/2023 (LDO), AUTORIZANDO A ABERTURA DE CR\u00c9DITO ESPECIAL NO IMPORTE DE R$ 20.000,00 (VINTE MIL REAIS), OBJETIVANDO UTILIZAR OS RECURSOS PR\u00d3PRIOS."}, {"id": "110630", "ano": "2024", "numero": "24", "tipo__sigla": "PLO", "tipo__descricao": "Projeto de Lei Ordin\u00e1ria", "autoria": "PREFEITO MUNICIPAL", "texto_original": "http://sapl.garca.sp.leg.br/media/sapl/public/materialegislativa/2024/110630/pl_24-2024.pdf", "ementa": "DISP\u00d5E SOBRE DENOMINA\u00c7\u00c3O DE IM\u00d3VEL P\u00daBLICO - \u201cCOMPLEXO ESPORTIVO E LAZER VALDIR TRAMONTINI\u201d"}, {"id": "110647", "ano": "2024", "numero": "25", "tipo__sigla": "PLO", "tipo__descricao": "Projeto de Lei Ordin\u00e1ria", "autoria": "PREFEITO MUNICIPAL", "texto_original": "http://sapl.garca.sp.leg.br/media/sapl/public/materialegislativa/2024/110647/pl_25-2024.pdf", "ementa": "ALTERA A LEI N\u00ba 3.220, DE 23 DE DEZEMBRO DE 1997, QUE DISP\u00d5E SOBRE O C\u00d3DIGO TRIBUT\u00c1RIO MUNICIPAL."}, {"id": "110657", "ano": "2024", "numero": "26", "tipo__sigla": "PLO", "tipo__descricao": "Projeto de Lei Ordin\u00e1ria", "autoria": "PREFEITO MUNICIPAL", "texto_original": "http://sapl.garca.sp.leg.br/media/sapl/public/materialegislativa/2024/110657/pl_26-2024.pdf", "ementa": "ALTERA O ANEXO III DA LEI N\u00ba 5.435/2021 (PPA) E ALTERA O ANEXO IIA DA LEI N\u00ba 5.560/2023 (LDO), AUTORIZANDO A ABERTURA DE CR\u00c9DITO ESPECIAL, NO IMPORTE DE R$ 360.000,00 (TREZENTOS E SESSENTA MIL REAIS), DESTINADO A SUPLEMENTAR A SUBVEN\u00c7\u00c3O ECON\u00d4MICA DE QUE TRATA A LEI MUNICIPAL N\u00ba 5.566/23."}, {"id": "110659", "ano": "2024", "numero": "27", "tipo__sigla": "PLO", "tipo__descricao": "Projeto de Lei Ordin\u00e1ria", "autoria": "PREFEITO MUNICIPAL", "texto_original": "http://sapl.garca.sp.leg.br/media/sapl/public/materialegislativa/2024/110659/pl_27-2024.pdf", "ementa": "ALTERA O ANEXO III DA LEI N\u00ba 5.435/2021 (PPA) E ALTERA O ANEXO IIA DA LEI N\u00ba 5.560/2023 (LDO), AUTORIZANDO A ABERTURA DE CR\u00c9DITO ESPECIAL, NO IMPORTE DE R$ 5.000,00 (CINCO MIL REAIS), DESTINADO AO PAGAMENTO DO PR\u00caMIO REFERENTE AO CONCURSO PARA SELE\u00c7\u00c3O DE LOGOMARCA AO PROGRAMA \u201cADOTE UMA NASCENTE\u201d."}, {"id": "110661", "ano": "2024", "numero": "28", "tipo__sigla": "PLO", "tipo__descricao": "Projeto de Lei Ordin\u00e1ria", "autoria": "PREFEITO MUNICIPAL", "texto_original": "http://sapl.garca.sp.leg.br/media/sapl/public/materialegislativa/2024/110661/pl_28-2024.pdf", "ementa": "ALTERA O ANEXO III DA LEI N\u00ba 5.435/2021 (PPA) E ALTERA O ANEXO IIA DA LEI N\u00ba 5.560/2023 (LDO), AUTORIZANDO A ABERTURA DE CR\u00c9DITO ESPECIAL, NO IMPORTE DE R$ 10.000,00 (DEZ MIL REAIS), DESTINADO AO CONSELHO MUNICIPAL DOS DIREITOS DA CRIAN\u00c7A E DO ADOLESCENTE \u2013 COMDICRA."}, {"id": "110663", "ano": "2024", "numero": "29", "tipo__sigla": "PLO", "tipo__descricao": "Projeto de Lei Ordin\u00e1ria", "autoria": "PREFEITO MUNICIPAL", "texto_original": "http://sapl.garca.sp.leg.br/media/sapl/public/materialegislativa/2024/110663/pl_29-2024.pdf", "ementa": "ALTERA O ANEXO III DA LEI N\u00ba 5.435/2021 (PPA) E ALTERA O ANEXO IIA DA LEI N\u00ba 5.560/2023 (LDO), AUTORIZANDO A ABERTURA DE CR\u00c9DITO ESPECIAL, NO IMPORTE DE R$ 210.950,85 (DUZENTOS E DEZ MIL, NOVECENTOS E CINQUENTA REAIS E OITENTA E CINCO CENTAVOS), OBJETIVANDO UTILIZAR OS RECURSOS DA CIP \u2013 CONTRIBUI\u00c7\u00c3O DE ILUMINA\u00c7\u00c3O P\u00daBLICA."}, {"id": "110665", "ano": "2024", "numero": "30", "tipo__sigla": "PLO", "tipo__descricao": "Projeto de Lei Ordin\u00e1ria", "autoria": "PREFEITO MUNICIPAL", "texto_original": "http://sapl.garca.sp.leg.br/media/sapl/public/materialegislativa/2024/110665/pl_30-2024.pdf", "ementa": "ALTERA O ANEXO III DA LEI N\u00ba 5.435/2021 (PPA) E ALTERA O ANEXO IIA DA LEI N\u00ba 5.560/2023 (LDO), AUTORIZANDO A ABERTURA DE CR\u00c9DITO ESPECIAL, NO IMPORTE DE R$ 248.278,02 (DUZENTOS E QUARENTA E OITO MIL, DUZENTOS E SETENTA E OITO REAIS E DOIS CENTAVOS), OBJETIVANDO UTILIZAR OS RECURSOS DO FUNDO MUNICIPAL DE ESPORTES, CONV\u00caNIO N\u00ba 00440/2023 GOVERNO DO ESTADO DE S\u00c3O PAULO \u2013 PROGRAMA CENTRO DE FORMA\u00c7\u00c3O ESPORTIVA E CONV\u00caNIO FEDERAL \u2013 PROGRAMA ESPORTE PARA TODOS."}, {"id": "110667", "ano": "2024", "numero": "31", "tipo__sigla": "PLO", "tipo__descricao": "Projeto de Lei Ordin\u00e1ria", "autoria": "PREFEITO MUNICIPAL", "texto_original": "http://sapl.garca.sp.leg.br/media/sapl/public/materialegislativa/2024/110667/pl_31-2024.pdf", "ementa": "ALTERA O ANEXO III DA LEI N\u00ba 5.435/2021 (PPA) E ALTERA O ANEXO IIA DA LEI N\u00ba 5.560/2023 (LDO), AUTORIZANDO A ABERTURA DE CR\u00c9DITO ESPECIAL, NO IMPORTE DE R$ 1.604.128,56 (UM MILH\u00c3O, SEISCENTOS E QUATRO MIL, CENTO E VINTE E OITO REAIS E CINQUENTA E SEIS CENTAVOS), OBJETIVANDO UTILIZAR OS RECURSOS QSE \u2013 QUOTA SAL\u00c1RIO EDUCA\u00c7\u00c3O."}, {"id": "110669", "ano": "2024", "numero": "32", "tipo__sigla": "PLO", "tipo__descricao": "Projeto de Lei Ordin\u00e1ria", "autoria": "PREFEITO MUNICIPAL", "texto_original": "http://sapl.garca.sp.leg.br/media/sapl/public/materialegislativa/2024/110669/pl_32-2024.pdf", "ementa": "ALTERA O ANEXO III DA LEI N\u00ba 5.435/2021 (PPA) E ALTERA O ANEXO IIA DA LEI N\u00ba 5.560/2023 (LDO), AUTORIZANDO A ABERTURA DE CR\u00c9DITO ESPECIAL NO IMPORTE DE R$ 20.000,00 (VINTE MIL REAIS), OBJETIVANDO UTILIZAR OS RECURSOS PR\u00d3PRIOS."}, {"id": "110700", "ano": "2024", "numero": "33", "tipo__sigla": "PLO", "tipo__descricao": "Projeto de Lei Ordin\u00e1ria", "autoria": "PREFEITO MUNICIPAL", "texto_original": "http://sapl.garca.sp.leg.br/media/sapl/public/materialegislativa/2024/110700/pl_33-2024.pdf", "ementa": "ALTERA O INCISO II, DO ARTIGO 2\u00ba, DA LEI MUNICIPAL N\u00ba 2.447, DE 27 DE SETEMBRO DE 1989."}, {"id": "110714", "ano": "2024", "numero": "34", "tipo__sigla": "PLO", "tipo__descricao": "Projeto de Lei Ordin\u00e1ria", "autoria": "PREFEITO MUNICIPAL", "texto_original": "http://sapl.garca.sp.leg.br/media/sapl/public/materialegislativa/2024/110714/pl_34-2024.pdf", "ementa": "ALTERA O ANEXO III DA LEI N\u00ba 5.435/2021 (PPA) E ALTERA O ANEXO IIA DA LEI N\u00ba 5.560/2023 (LDO), AUTORIZANDO A ABERTURA DE CR\u00c9DITO ESPECIAL, NO IMPORTE DE R$  1.158.828,29 (UM MILH\u00c3O, CENTO E CINQUENTA E OITO MIL, OITOCENTOS E VINTE E OITO REAIS E VINTE E NOVE CENTAVOS), OBJETIVANDO UTILIZAR OS RECURSOS ESTADUAIS  \u2013 EXERC\u00cdCIO ANTERIOR."}, {"id": "110716", "ano": "2024", "numero": "35", "tipo__sigla": "PLO", "tipo__descricao": "Projeto de Lei Ordin\u00e1ria", "autoria": "PREFEITO MUNICIPAL", "texto_original": "http://sapl.garca.sp.leg.br/media/sapl/public/materialegislativa/2024/110716/pl_35-2024.pdf", "ementa": "ALTERA O ANEXO III DA LEI N\u00ba 5.435/2021 (PPA) E ALTERA O ANEXO IIA DA LEI N\u00ba 5.560/2023 (LDO), AUTORIZANDO A ABERTURA DE CR\u00c9DITO ESPECIAL, NO IMPORTE DE R$ 1.024.638,53 (UM MILH\u00c3O, VINTE E QUATRO MIL, SEISCENTOS E TRINTA E OITO REAIS E CINQUENTA E TR\u00caS CENTAVOS), OBJETIVANDO UTILIZAR OS RECURSOS FEDERAIS \u2013 EXERC\u00cdCIO ANTERIOR."}, {"id": "110718", "ano": "2024", "numero": "36", "tipo__sigla": "PLO", "tipo__descricao": "Projeto de Lei Ordin\u00e1ria", "autoria": "PREFEITO MUNICIPAL", "texto_original": "http://sapl.garca.sp.leg.br/media/sapl/public/materialegislativa/2024/110718/pl_36-2024.pdf", "ementa": "ALTERA O ANEXO III DA LEI N\u00ba 5.435/2021 (PPA) E ALTERA O ANEXO IIA DA LEI N\u00ba 5.560/23 (LDO), AUTORIZANDO A ABERTURA DE CR\u00c9DITO ESPECIAL, NO IMPORTE DE R$ 7.210.039,69 (SETE MILH\u00d5ES, DUZENTOS E DEZ MIL, TRINTA E NOVE REAIS E SESSENTA E NOVE CENTAVOS), OBJETIVANDO A MODERNIZA\u00c7\u00c3O DA ILUMINA\u00c7\u00c3O P\u00daBLICA DO MUNIC\u00cdPIO DE GAR\u00c7A."}, {"id": "110721", "ano": "2024", "numero": "37", "tipo__sigla": "PLO", "tipo__descricao": "Projeto de Lei Ordin\u00e1ria", "autoria": "PREFEITO MUNICIPAL", "texto_original": "http://sapl.garca.sp.leg.br/media/sapl/public/materialegislativa/2024/110721/pl_37-2024.pdf", "ementa": "ALTERA A LEI 4.715 DE 2011 E ALTERA\u00c7\u00d5ES QUE DISP\u00d5E SOBRE A CONCESS\u00c3O DE VALE ALIMENTA\u00c7\u00c3O"}, {"id": "110742", "ano": "2024", "numero": "38", "tipo__sigla": "PLO", "tipo__descricao": "Projeto de Lei Ordin\u00e1ria", "autoria": "PREFEITO MUNICIPAL", "texto_original": "http://sapl.garca.sp.leg.br/media/sapl/public/materialegislativa/2024/110742/pl_38-2024.pdf", "ementa": "DISP\u00d5E SOBRE A CONVERS\u00c3O DE F\u00c9RIAS VENCIDAS EM PEC\u00daNIA, NAS CONDI\u00c7\u00d5ES ESPECIFICADAS E D\u00c1 OUTRAS PROVID\u00caNCIAS."}, {"id": "110743", "ano": "2024", "numero": "39", "tipo__sigla": "PLO", "tipo__descricao": "Projeto de Lei Ordin\u00e1ria", "autoria": "PREFEITO MUNICIPAL", "texto_original": "http://sapl.garca.sp.leg.br/media/sapl/public/materialegislativa/2024/110743/pl_39-2024.pdf", "ementa": "ALTERA O ANEXO III DA LEI N\u00ba 5.435/2021 (PPA) E ALTERA O ANEXO IIA DA LEI N\u00ba 5.560/2023 (LDO), AUTORIZANDO A ABERTURA DE CR\u00c9DITO ESPECIAL, NO IMPORTE DE R$ 1.000.000,00 (UM MILH\u00c3O DE REAIS), OBJETIVANDO UTILIZAR OS RECURSOS DO PR\u00d3PRIO NA CATEGORIA ECON\u00d4MICA 33.90.40.00 SERVI\u00c7OS DE TECNOLOGIA DA INFORMA\u00c7\u00c3O, POR  ANULA\u00c7\u00c3O DA FICHA 171, CATEGORIA ECON\u00d4MICA 33.90.39.000 OUTROS SERVI\u00c7OS DE TERCEIROS PESSOA JUR\u00cdDICA."}, {"id": "110745", "ano": "2024", "numero": "40", "tipo__sigla": "PLO", "tipo__descricao": "Projeto de Lei Ordin\u00e1ria", "autoria": "PREFEITO MUNICIPAL", "texto_original": "http://sapl.garca.sp.leg.br/media/sapl/public/materialegislativa/2024/110745/pl_40-2024.pdf", "ementa": "ALTERA O ANEXO III DA LEI N\u00ba 5.435/2021 (PPA) E ALTERA O ANEXO IIA DA LEI N\u00ba 5.560/2023 (LDO), AUTORIZANDO A ABERTURA DE CR\u00c9DITO ESPECIAL, NO IMPORTE DE R$ 350.000,00 (TREZENTOS E CINQUENTA MIL REAIS), OBJETIVANDO UTILIZAR OS RECURSOS DA ALIENA\u00c7\u00c3O DE BENS DO TESOURO \u2013 EXERC\u00cdCIO ANTERIOR."}, {"id": "110746", "ano": "2024", "numero": "41", "tipo__sigla": "PLO", "tipo__descricao": "Projeto de Lei Ordin\u00e1ria", "autoria": "PREFEITO MUNICIPAL", "texto_original": "http://sapl.garca.sp.leg.br/media/sapl/public/materialegislativa/2024/110746/pl_41-2024.pdf", "ementa": "ALTERA O ANEXO III DA LEI N\u00ba 5.435/2021 (PPA) E ALTERA O ANEXO IIA DA LEI N\u00ba 5.560/2023 (LDO), AUTORIZANDO A ABERTURA DE CR\u00c9DITO ESPECIAL, NO IMPORTE DE R$ 3.093,35 (TR\u00caS MIL E NOVENTA E TR\u00caS REAIS E TRINTA E CINCO CENTAVOS), OBJETIVANDO UTILIZAR OS RECURSOS DA CONTRIBUI\u00c7\u00c3O DE INTERVEN\u00c7\u00c3O NO DOM\u00cdNIO ECON\u00d4MICO - CIDE DO EXERC\u00cdCIO ANTERIOR."}, {"id": "110747", "ano": "2024", "numero": "42", "tipo__sigla": "PLO", "tipo__descricao": "Projeto de Lei Ordin\u00e1ria", "autoria": "PREFEITO MUNICIPAL", "texto_original": "http://sapl.garca.sp.leg.br/media/sapl/public/materialegislativa/2024/110747/pl_42-2024.pdf", "ementa": "ALTERA O ANEXO III DA LEI N\u00ba 5.435/2021 (PPA) E ALTERA O ANEXO IIA DA LEI N\u00ba 5.560/2023 (LDO), AUTORIZANDO A ABERTURA DE CR\u00c9DITO ESPECIAL, NO IMPORTE DE R$ 7.364,45 (SETE MIL, TREZENTOS E SESSENTA E QUATRO REAIS E QUARENTA E CINCO CENTAVOS), OBJETIVANDO UTILIZAR OS RECURSOS FEDERAIS DO PROGRAMA NACIONAL DE APOIO AO TRANSPORTE ESCOLAR DO EXERC\u00cdCIO ANTERIOR."}, {"id": "110748", "ano": "2024", "numero": "43", "tipo__sigla": "PLO", "tipo__descricao": "Projeto de Lei Ordin\u00e1ria", "autoria": "PREFEITO MUNICIPAL", "texto_original": "http://sapl.garca.sp.leg.br/media/sapl/public/materialegislativa/2024/110748/pl_43-2024.pdf", "ementa": "ALTERA O ANEXO III DA LEI N\u00ba 5.435/2021 (PPA) E ALTERA O ANEXO IIA DA LEI N\u00ba 5.560/2023 (LDO), AUTORIZANDO A ABERTURA DE CR\u00c9DITO ESPECIAL NO IMPORTE DE R$ 833.030,54 (OITOCENTOS E TRINTA E TR\u00caS MIL, TRINTA REAIS E CINQUENTA E QUATRO CENTAVOS), OBJETIVANDO UTILIZAR OS RECURSOS FEDERAIS DO EXERC\u00cdCIO ANTERIOR (AUX\u00cdLIO FINANCEIRO \u2013 ICM EC 123, DESONERA\u00c7\u00c3O ICMS LEI 176/2020, APOIO FINANCEIRO FPM E APOIO FINANCEIRO MP 938)."}, {"id": "110749", "ano": "2024", "numero": "44", "tipo__sigla": "PLO", "tipo__descricao": "Projeto de Lei Ordin\u00e1ria", "autoria": "PREFEITO MUNICIPAL", "texto_original": "http://sapl.garca.sp.leg.br/media/sapl/public/materialegislativa/2024/110749/pl_44-2024.pdf", "ementa": "ALTERA O ANEXO III DA LEI N\u00ba 5.435/2021 (PPA) E ALTERA O ANEXO IIA DA LEI N\u00ba 5.560/2023 (LDO), AUTORIZANDO A ABERTURA DE CR\u00c9DITO ESPECIAL, NO IMPORTE DE R$ 466.172,96 (QUATROCENTOS E SESSENTA E SEIS MIL, CENTO E SETENTA E DOIS REAIS E NOVENTA E SEIS CENTAVOS), OBJETIVANDO UTILIZAR OS RECURSOS REFERENTES AO TR\u00c2NSITO DO EXERC\u00cdCIO ANTERIOR."}, {"id": "110828", "ano": "2024", "numero": "45", "tipo__sigla": "PLO", "tipo__descricao": "Projeto de Lei Ordin\u00e1ria", "autoria": "PREFEITO MUNICIPAL", "texto_original": "http://sapl.garca.sp.leg.br/media/sapl/public/materialegislativa/2024/110828/pl_45-2024.pdf", "ementa": "AUTORIZA A DOA\u00c7\u00c3O DE \u00c1REA PARA EMPRESA COM ATIVIDADE EMPRESARIAL - EMPRESA \"MUNDO ENCANTADO PRODUTOS ALIMENT\u00cdCIOS LTDA\""}, {"id": "110829", "ano": "2024", "numero": "46", "tipo__sigla": "PLO", "tipo__descricao": "Projeto de Lei Ordin\u00e1ria", "autoria": "PREFEITO MUNICIPAL", "texto_original": "http://sapl.garca.sp.leg.br/media/sapl/public/materialegislativa/2024/110829/pl_46-2024.pdf", "ementa": "AUTORIZA A DOA\u00c7\u00c3O DE \u00c1REA PARA EMPRESA COM ATIVIDADE EMPRESARIAL - EMPRESALUSITEC USINAGEM LTDA"}, {"id": "110830", "ano": "2024", "numero": "47", "tipo__sigla": "PLO", "tipo__descricao": "Projeto de Lei Ordin\u00e1ria", "autoria": "PREFEITO MUNICIPAL", "texto_original": "http://sapl.garca.sp.leg.br/media/sapl/public/materialegislativa/2024/110830/pl_47-2024.pdf", "ementa": "ALTERA O ANEXO III DA LEI N\u00ba 5.435/2021 (PPA) E ALTERA O ANEXO IIA DA LEI N\u00ba 5.560/2023 (LDO), AUTORIZANDO A ABERTURA DE CR\u00c9DITO ESPECIAL, NO IMPORTE DE R$ 30.000,00 (TRINTA MIL REAIS), OBJETIVANDO UTILIZAR OS RECURSOS DA EMENDA PARLAMENTAR DE AUTORIA DO VEREADOR TENENTE ALMEIDA."}, {"id": "110831", "ano": "2024", "numero": "48", "tipo__sigla": "PLO", "tipo__descricao": "Projeto de Lei Ordin\u00e1ria", "autoria": "PREFEITO MUNICIPAL", "texto_original": "http://sapl.garca.sp.leg.br/media/sapl/public/materialegislativa/2024/110831/pl_48-2024.pdf", "ementa": "AUTORIZA A DOA\u00c7\u00c3O DE \u00c1REA PARA EMPRESA COM ATIVIDADE EMPRESARIAL - EMPRESA VENTEX INDUSTRIA E DISTRIBUIDORA DE MATERIAIS EL\u00c9TRICOS LTDA"}, {"id": "110832", "ano": "2024", "numero": "49", "tipo__sigla": "PLO", "tipo__descricao": "Projeto de Lei Ordin\u00e1ria", "autoria": "PREFEITO MUNICIPAL", "texto_original": "http://sapl.garca.sp.leg.br/media/sapl/public/materialegislativa/2024/110832/pl_49-2024.pdf", "ementa": "ALTERA O ANEXO III DA LEI N\u00ba 5.435/2021 (PPA) E ALTERA O ANEXO IIA DA LEI N\u00ba 5.560/2023 (LDO), AUTORIZANDO A ABERTURA DE CR\u00c9DITO ESPECIAL, NO IMPORTE DE R$ 297.538,45 (DUZENTOS E NOVENTA E SETE MIL, QUINHENTOS E TRINTA E OITO REAIS E QUARENTA E CINCO CENTAVOS), OBJETIVANDO UTILIZAR OS RECURSOS DE EMENDA PARLAMENTARES DE AUTORIA DOS VEREADORES ANT\u00d4NIO FRANCO DOS SANTOS, F\u00c1BIO SANTOS, LUCAS CATETO, MARQUINHO MOREIRA, PEDRO SANTOS E TENENTE ALMEIDA."}, {"id": "110879", "ano": "2024", "numero": "50", "tipo__sigla": "PLO", "tipo__descricao": "Projeto de Lei Ordin\u00e1ria", "autoria": "PREFEITO MUNICIPAL", "texto_original": "http://sapl.garca.sp.leg.br/media/sapl/public/materialegislativa/2024/110879/pl_50-2024.pdf", "ementa": "AUTORIZA A DOA\u00c7\u00c3O DE \u00c1REA PARA EMPRESA COM ATIVIDADE EMPRESARIAL - EMPRESA PLASTEC USINAGEM LTDA"}, {"id": "110881", "ano": "2024", "numero": "51", "tipo__sigla": "PLO", "tipo__descricao": "Projeto de Lei Ordin\u00e1ria", "autoria": "Mesa Diretora", "texto_original": "http://sapl.garca.sp.leg.br/media/sapl/public/materialegislativa/2024/110881/pl_51-2024.pdf", "ementa": "ALTERA A LEI MUNICIPAL N\u00ba 4.780, DE 28 DE JUNHO DE 2012, E D\u00c1 OUTRAS PROVID\u00caNCIAS."}, {"id": "110887", "ano": "2024", "numero": "52", "tipo__sigla": "PLO", "tipo__descricao": "Projeto de Lei Ordin\u00e1ria", "autoria": "PREFEITO MUNICIPAL", "texto_original": "http://sapl.garca.sp.leg.br/media/sapl/public/materialegislativa/2024/110887/pl_52-2024.pdf", "ementa": "ALTERA O ANEXO III DA LEI N\u00ba 5.435/2021 (PPA) E ALTERA O ANEXO IIA DA LEI N\u00ba 5.560/2023 (LDO), AUTORIZANDO A ABERTURA DE CR\u00c9DITO ESPECIAL, NO IMPORTE DE R$ 1.000.000,00 (UM MILH\u00c3O DE REAIS), OBJETIVANDO UTILIZAR OS RECURSOS DO PR\u00d3PRIO NA CATEGORIA ECON\u00d4MICA 33.90.40.00 SERVI\u00c7OS DE TECNOLOGIA DA INFORMA\u00c7\u00c3O, POR  ANULA\u00c7\u00c3O DA FICHA 171, CATEGORIA ECON\u00d4MICA 33.90.39.000 OUTROS SERVI\u00c7OS DE TERCEIROS PESSOA JUR\u00cdDICA"}, {"id": "110888", "ano": "2024", "numero": "53", "tipo__sigla": "PLO", "tipo__descricao": "Projeto de Lei Ordin\u00e1ria", "autoria": "PREFEITO MUNICIPAL", "texto_original": "http://sapl.garca.sp.leg.br/media/sapl/public/materialegislativa/2024/110888/pl_53-2024.pdf", "ementa": "Altera o anexo III da Lei n\u00ba 5.435/2021 (PPA) e altera o anexo IIA da Lei n\u00ba 5.560/2023 (LDO), autorizando a abertura de cr\u00e9dito especial, no importe de R$ 30.000,00 (trinta mil reais), objetivando utilizar os recursos da emenda parlamentar de autoria do vereador Tenente Almeida (Secretaria Municipal de Assist\u00eancia e Desenvolvimento Social)."}, {"id": "110890", "ano": "2024", "numero": "54", "tipo__sigla": "PLO", "tipo__descricao": "Projeto de Lei Ordin\u00e1ria", "autoria": "PREFEITO MUNICIPAL", "texto_original": "http://sapl.garca.sp.leg.br/media/sapl/public/materialegislativa/2024/110890/pl_54-2024.pdf", "ementa": "ALTERA O ANEXO III DA LEI N\u00ba 5.435/2021 (PPA) E ALTERA O ANEXO IIA DA LEI N\u00ba 5.560/2023 (LDO), AUTORIZANDO A ABERTURA DE CR\u00c9DITO ESPECIAL, NO IMPORTE DE R$ 297.538,45 (DUZENTOS E NOVENTA E SETE MIL, QUINHENTOS E TRINTA E OITO REAIS E QUARENTA E CINCO CENTAVOS), OBJETIVANDO UTILIZAR OS RECURSOS DE EMENDA PARLAMENTARES DE AUTORIA DOS VEREADORES ANT\u00d4NIO FRANCO DOS SANTOS, F\u00c1BIO SANTOS, LUCAS CATETO, MARQUINHO MOREIRA, PEDRO SANTOS E TENENTE ALMEIDA"}, {"id": "110891", "ano": "2024", "numero": "55", "tipo__sigla": "PLO", "tipo__descricao": "Projeto de Lei Ordin\u00e1ria", "autoria": "PREFEITO MUNICIPAL", "texto_original": "http://sapl.garca.sp.leg.br/media/sapl/public/materialegislativa/2024/110891/pl_55-2024.pdf", "ementa": "ALTERA A NATUREZA DE UTILIZA\u00c7\u00c3O DA CH\u00c1CARA 20, LOCALIZADA NA RUA CORA CORALINA N\u00ba 952, JARDIM GISELE."}, {"id": "110893", "ano": "2024", "numero": "56", "tipo__sigla": "PLO", "tipo__descricao": "Projeto de Lei Ordin\u00e1ria", "autoria": "PREFEITO MUNICIPAL", "texto_original": "http://sapl.garca.sp.leg.br/media/sapl/public/materialegislativa/2024/110893/pl_56-2024.pdf", "ementa": "ALTERA A NATUREZA DE UTILIZA\u00c7\u00c3O DO LOTE 09 DA QUADRA D, LOCALIZADO NA EST\u00c2NCIA S\u00c3O SEBASTI\u00c3O"}, {"id": "110895", "ano": "2024", "numero": "57", "tipo__sigla": "PLO", "tipo__descricao": "Projeto de Lei Ordin\u00e1ria", "autoria": "PREFEITO MUNICIPAL", "texto_original": "http://sapl.garca.sp.leg.br/media/sapl/public/materialegislativa/2024/110895/pl_57-2024.pdf", "ementa": "ALTERA A NATUREZA DE UTILIZA\u00c7\u00c3O DO LOTE 328 DA QUADRA 11, LOCALIZADO NA RUA ALICE JOS\u00c9 NASSIF, JARDIM IMPERADOR."}, {"id": "110897", "ano": "2024", "numero": "58", "tipo__sigla": "PLO", "tipo__descricao": "Projeto de Lei Ordin\u00e1ria", "autoria": "PREFEITO MUNICIPAL", "texto_original": "http://sapl.garca.sp.leg.br/media/sapl/public/materialegislativa/2024/110897/pl_58-2024.pdf", "ementa": "ALTERA A NATUREZA DE UTILIZA\u00c7\u00c3O DO LOTE 13, QUADRA E, LOCALIZADO NO BAIRRO CAMPO BELO"}, {"id": "110904", "ano": "2024", "numero": "59", "tipo__sigla": "PLO", "tipo__descricao": "Projeto de Lei Ordin\u00e1ria", "autoria": "PREFEITO MUNICIPAL", "texto_original": "http://sapl.garca.sp.leg.br/media/sapl/public/materialegislativa/2024/110904/pl_59-2024.pdf", "ementa": "ALTERA A NATUREZA DE UTILIZA\u00c7\u00c3O DO LOTE 5 DA QUADRA Q, LOCALIZADO NA RUA ZINZABURO YAMATO N\u00ba 31, BAIRRO MORADA DO SOL."}, {"id": "110909", "ano": "2024", "numero": "60", "tipo__sigla": "PLO", "tipo__descricao": "Projeto de Lei Ordin\u00e1ria", "autoria": "PREFEITO MUNICIPAL", "texto_original": "http://sapl.garca.sp.leg.br/media/sapl/public/materialegislativa/2024/110909/pl_60-2024.pdf", "ementa": "Altera o anexo III da Lei n\u00ba 5.435/2021 (PPA) e altera o anexo IIA da Lei n\u00ba 5.560/2023 (LDO), autorizando a abertura de cr\u00e9dito especial, no importe de R$ 30.000,00 (trinta mil reais), objetivando utilizar os recursos da emenda parlamentar de autoria do vereador Tenente Almeida (Secretaria Municipal de Juventude, Esporte e Lazer)."}, {"id": "110910", "ano": "2024", "numero": "61", "tipo__sigla": "PLO", "tipo__descricao": "Projeto de Lei Ordin\u00e1ria", "autoria": "PREFEITO MUNICIPAL", "texto_original": "http://sapl.garca.sp.leg.br/media/sapl/public/materialegislativa/2024/110910/pl_61-2024.pdf", "ementa": "ALTERA O ANEXO III DA LEI N\u00ba 5.435/2021 (PPA) E ALTERA O ANEXO IIA DA LEI N\u00ba 5.560/2023 (LDO), AUTORIZANDO A ABERTURA DE CR\u00c9DITO ESPECIAL, NO IMPORTE DE R$ 30.000,00 (TRINTA MIL REAIS), OBJETIVANDO UTILIZAR OS RECURSOS DA EMENDA PARLAMENTAR DE AUTORIA DO VEREADOR ADHEMAR KEMP MARCONDES DE MOURA FILHO."}, {"id": "110980", "ano": "2024", "numero": "62", "tipo__sigla": "PLO", "tipo__descricao": "Projeto de Lei Ordin\u00e1ria", "autoria": "PREFEITO MUNICIPAL", "texto_original": "http://sapl.garca.sp.leg.br/media/sapl/public/materialegislativa/2024/110980/pl_62-2024.pdf", "ementa": "ALTERA O ANEXO III DA LEI N\u00ba 5.435/2021 (PPA) E ALTERA O ANEXO IIA DA LEI N\u00ba 5.560/2023 (LDO), AUTORIZANDO A ABERTURA DE CR\u00c9DITO ESPECIAL, NO IMPORTE DE R$ 170.076,91 (CENTO E SETENTA MIL, SETENTA E SEIS REAIS E NOVENTA E UM CENTAVOS), OBJETIVANDO UTILIZAR OS RECURSOS DE EMENDAS PARLAMENTARES DE AUTORIA DOS VEREADORES FABINHO POLISINANI E LICO."}, {"id": "110981", "ano": "2024", "numero": "63", "tipo__sigla": "PLO", "tipo__descricao": "Projeto de Lei Ordin\u00e1ria", "autoria": "PREFEITO MUNICIPAL", "texto_original": "http://sapl.garca.sp.leg.br/media/sapl/public/materialegislativa/2024/110981/pl_63-2024.pdf", "ementa": "ALTERA O ANEXO III DA LEI N\u00ba 5.435/2021 (PPA) E ALTERA O ANEXO IIA DA LEI N\u00ba 5.560/2023 (LDO), AUTORIZANDO A ABERTURA DE CR\u00c9DITO ESPECIAL, NO IMPORTE DE R$ 90.000,00 (NOVENTA MIL REAIS), OBJETIVANDO UTILIZAR OS RECURSOS DE EMENDAS PARLAMENTARES DE AUTORIA DOS VEREADORES ELAINE OLIVEIRA E PEDRO SANTOS"}, {"id": "110982", "ano": "2024", "numero": "64", "tipo__sigla": "PLO", "tipo__descricao": "Projeto de Lei Ordin\u00e1ria", "autoria": "PREFEITO MUNICIPAL", "texto_original": "http://sapl.garca.sp.leg.br/media/sapl/public/materialegislativa/2024/110982/pl_64-2024.pdf", "ementa": "ALTERA O ANEXO III DA LEI N\u00ba 5.435/2021 (PPA) E ALTERA O ANEXO IIA DA LEI N\u00ba 5.560/2023 (LDO), AUTORIZANDO A ABERTURA DE CR\u00c9DITO ESPECIAL, NO IMPORTE DE R$ 91.692,30 (NOVENTA E UM MIL, SEISCENTOS E NOVENTA E DOIS REAIS E TRINTA CENTAVOS), OBJETIVANDO UTILIZAR OS RECURSOS DE EMENDAS PARLAMENTARES DE AUTORIA DOS VEREADORES ELAINE OLIVEIRA, FABIO SANTOS E RAFAEL FRABETTI."}, {"id": "110983", "ano": "2024", "numero": "65", "tipo__sigla": "PLO", "tipo__descricao": "Projeto de Lei Ordin\u00e1ria", "autoria": "PREFEITO MUNICIPAL", "texto_original": "http://sapl.garca.sp.leg.br/media/sapl/public/materialegislativa/2024/110983/pl_65-2024.pdf", "ementa": "ALTERA O ANEXO III DA LEI N\u00ba 5.435/2021 (PPA) E ALTERA O ANEXO IIA DA LEI N\u00ba 5.560/2023 (LDO), AUTORIZANDO A ABERTURA DE CR\u00c9DITO ESPECIAL, NO IMPORTE DE R$ 63.384,60 (SESSENTA E TR\u00caS MIL, TREZENTOS E OITENTA E QUATRO REAIS E SESSENTA CENTAVOS) OBJETIVANDO UTILIZAR OS RECURSOS DE EMENDAS PARLAMENTARES DE AUTORIA DOS VEREADORES RODRIGO GUTIERRES E TENENTE ALMEIDA."}, {"id": "110984", "ano": "2024", "numero": "66", "tipo__sigla": "PLO", "tipo__descricao": "Projeto de Lei Ordin\u00e1ria", "autoria": "PREFEITO MUNICIPAL", "texto_original": "http://sapl.garca.sp.leg.br/media/sapl/public/materialegislativa/2024/110984/pl_66-2024.pdf", "ementa": "ALTERA O ANEXO III DA LEI N\u00ba 5.435/2021 (PPA) E ALTERA O ANEXO IIA DA LEI N\u00ba 5.560/2023 (LDO), AUTORIZANDO A ABERTURA DE CR\u00c9DITO ESPECIAL, NO IMPORTE DE R$ 31.692,30 (TRINTA E UM MIL, SEISCENTOS E NOVENTA E DOIS REAIS E TRNTA CENTAVOS) OBJETIVANDO UTILIZAR OS RECURSOS DE EMENDA PARLAMENTAR DE AUTORIA DO VEREADOR RAFAEL FRABETTI."}, {"id": "110985", "ano": "2024", "numero": "67", "tipo__sigla": "PLO", "tipo__descricao": "Projeto de Lei Ordin\u00e1ria", "autoria": "PREFEITO MUNICIPAL", "texto_original": "http://sapl.garca.sp.leg.br/media/sapl/public/materialegislativa/2024/110985/pl_67-2024.pdf", "ementa": "ALTERA A LEI MUNICIPAL N\u00ba 2.680, DE 30 DE NOVEMBRO DE 1991, QUE DISP\u00d5E SOBRE O REGIME JUR\u00cdDICO \u00daNICO DOS SERVIDORES P\u00daBLICOS DO MUNIC\u00cdPIO, DAS AUTARQUIAS E DAS FUNDA\u00c7\u00d5ES MUNICIPAIS."}, {"id": "110989", "ano": "2024", "numero": "68", "tipo__sigla": "PLO", "tipo__descricao": "Projeto de Lei Ordin\u00e1ria", "autoria": "PREFEITO MUNICIPAL", "texto_original": "http://sapl.garca.sp.leg.br/media/sapl/public/materialegislativa/2024/110989/pl_68-2024.pdf", "ementa": "ALTERA O ANEXO III DA LEI N\u00ba 5.435/2021 (PPA) E ALTERA O ANEXO IIA DA LEI N\u00ba 5.560/2023 (LDO), AUTORIZANDO A ABERTURA DE CR\u00c9DITO ESPECIAL, NO IMPORTE DE R$ 57.499,77 (CINQUENTA E SETE MIL, QUAROCENTOS E NOVENTA E NOVE REAIS E SETENTA E SETE CENTAVOS), DESTINADO AO FUNDO MUNICIPAL DE TURISMO"}, {"id": "110994", "ano": "2024", "numero": "69", "tipo__sigla": "PLO", "tipo__descricao": "Projeto de Lei Ordin\u00e1ria", "autoria": "PREFEITO MUNICIPAL", "texto_original": "http://sapl.garca.sp.leg.br/media/sapl/public/materialegislativa/2024/110994/pl_69-2024.pdf", "ementa": "INSTITUI A GRATIFICA\u00c7\u00c3O POR DESEMPENHO PARA DIRETORES ESCOLARES NO MUNIC\u00cdPIO DE GAR\u00c7A E D\u00c1 OUTRAS PROVID\u00caNCIAS."}, {"id": "111010", "ano": "2024", "numero": "70", "tipo__sigla": "PLO", "tipo__descricao": "Projeto de Lei Ordin\u00e1ria", "autoria": "PREFEITO MUNICIPAL", "texto_original": "http://sapl.garca.sp.leg.br/media/sapl/public/materialegislativa/2024/111010/pl_70-2024.pdf", "ementa": "D\u00c1 DENOMINA\u00c7\u00c3O DE VIA P\u00daBLICA LOCALIZADA NO \u201cJARDIM BRASIL\u201d."}, {"id": "111011", "ano": "2024", "numero": "71", "tipo__sigla": "PLO", "tipo__descricao": "Projeto de Lei Ordin\u00e1ria", "autoria": "PREFEITO MUNICIPAL", "texto_original": "http://sapl.garca.sp.leg.br/media/sapl/public/materialegislativa/2024/111011/pl_71-2024.pdf", "ementa": "D\u00c1 DENOMINA\u00c7\u00c3O DE VIAS P\u00daBLICAS LOCALIZADAS NO CONDOM\u00cdNIO \u201cJARDIM AEROPORTO\u201d."}, {"id": "111012", "ano": "2024", "numero": "72", "tipo__sigla": "PLO", "tipo__descricao": "Projeto de Lei Ordin\u00e1ria", "autoria": "PREFEITO MUNICIPAL", "texto_original": "http://sapl.garca.sp.leg.br/media/sapl/public/materialegislativa/2024/111012/pl_72-2024.pdf", "ementa": "D\u00c1 DENOMINA\u00c7\u00c3O DE VIAS P\u00daBLICAS LOCALIZADAS NO DISTRITO EMPRESARIAL \u201cCARLOS AUGUSTO TEIXEIRA PINTO\u201d."}, {"id": "111013", "ano": "2024", "numero": "73", "tipo__sigla": "PLO", "tipo__descricao": "Projeto de Lei Ordin\u00e1ria", "autoria": "PREFEITO MUNICIPAL", "texto_original": "http://sapl.garca.sp.leg.br/media/sapl/public/materialegislativa/2024/111013/pl_73-2024.pdf", "ementa": "AUTORIZA A DOA\u00c7\u00c3O DE \u00c1REA PARA EMPRESA COM ATIVIDADE EMPRESARIAL - EMPRESA IBSOLUTIONS SOLUCOES EM COMERCIO\r\nINTERNACIONAL LTDA"}, {"id": "111014", "ano": "2024", "numero": "74", "tipo__sigla": "PLO", "tipo__descricao": "Projeto de Lei Ordin\u00e1ria", "autoria": "PREFEITO MUNICIPAL", "texto_original": "http://sapl.garca.sp.leg.br/media/sapl/public/materialegislativa/2024/111014/pl_74-2024.pdf", "ementa": "ALTERA O ANEXO III DA LEI N\u00ba 5.435/2021 (PPA) E ALTERA O ANEXO IIA DA LEI N\u00ba 5.560/2023 (LDO), AUTORIZANDO A ABERTURA DE CR\u00c9DITO ESPECIAL, NO IMPORTE DE R$ 176.443,57 (CENTO E SETENTA E SEIS MIL, QUATROCENTOS E QUARENTA E TR\u00caS REAIS E CINQUENTA E SETE CENTAVOS), OBJETIVANDO UTILIZAR OS RECURSOS FEDERAIS DA LEI \u201cPAULO GUSTAVO\u201d DO EXERC\u00cdCIO ANTERIOR."}, {"id": "111017", "ano": "2024", "numero": "75", "tipo__sigla": "PLO", "tipo__descricao": "Projeto de Lei Ordin\u00e1ria", "autoria": "Pedro Santos", "texto_original": "http://sapl.garca.sp.leg.br/media/sapl/public/materialegislativa/2024/111017/pl_75-2024.pdf", "ementa": "ALTERA A LEI N\u00ba 3.360, 05 DE NOVEMBRO DE 1999, QUE INSTITUI O C\u00d3DIGO DE OBRAS E EDIFICA\u00c7\u00d5ES DO MUNIC\u00cdPIO, A FIM DE PRORROGAR O PRAZO PARA REGULARIZA\u00c7\u00c3O DE IM\u00d3VEL."}, {"id": "111030", "ano": "2024", "numero": "76", "tipo__sigla": "PLO", "tipo__descricao": "Projeto de Lei Ordin\u00e1ria", "autoria": "PREFEITO MUNICIPAL", "texto_original": "http://sapl.garca.sp.leg.br/media/sapl/public/materialegislativa/2024/111030/01_-_pl_76-2024.pdf", "ementa": "ALTERA A LEI MUNICIPAL N\u00ba 5.557, DE 07 DE JULHO DE 2023, QUE DISP\u00d5E SOBRE A CONCESS\u00c3O DE \"PR\u00d3-LABORE\" AOS POLICIAIS MILITARES QUE REALIZAREM SERVI\u00c7OS DE POLICIAMENTO, FISCALIZA\u00c7\u00c3O E DISCIPLINA DAS ATIVIDADES PREVISTAS NO C\u00d3DIGO DE TR\u00c2NSITO BRASILEIRO E D\u00c1 OUTRAS PROVID\u00caNCIAS."}, {"id": "111034", "ano": "2024", "numero": "77", "tipo__sigla": "PLO", "tipo__descricao": "Projeto de Lei Ordin\u00e1ria", "autoria": "PREFEITO MUNICIPAL", "texto_original": "http://sapl.garca.sp.leg.br/media/sapl/public/materialegislativa/2024/111034/pl_77-2024.pdf", "ementa": "ALTERA O ANEXO III DA LEI N\u00ba 5.435/2021 (PPA) E ALTERA O ANEXO IIA DA LEI N\u00ba 5.560/2023 (LDO), AUTORIZANDO A ABERTURA DE CR\u00c9DITO ESPECIAL, NO IMPORTE DE R$ 27.035,56 (VINTE E SETE MIL, TRINTA E CINCO REAIS E CINQUENTA E SEIS CENTAVOS), OBJETIVANDO UTILIZAR O RECURSO ESTADUAL DO \u201cALTAS TEMPERATURAS\u201d (INCREMENTO TEMPR\u00c1RIO) DO EXERC\u00cdCIO ANTERIOR."}, {"id": "111035", "ano": "2024", "numero": "78", "tipo__sigla": "PLO", "tipo__descricao": "Projeto de Lei Ordin\u00e1ria", "autoria": "PREFEITO MUNICIPAL", "texto_original": "http://sapl.garca.sp.leg.br/media/sapl/public/materialegislativa/2024/111035/pl_78-2024.pdf", "ementa": "ALTERA O ANEXO III DA LEI N\u00ba 5.435/2021 (PPA) E ALTERA O ANEXO IIA DA LEI N\u00ba 5.560/2023 (LDO), AUTORIZANDO A ABERTURA DE CR\u00c9DITO ESPECIAL, NO IMPORTE DE R$ 10.202,86 (DEZ MIL, DUZENTOS E DOIS REAIS E OITENTA E SEIS CENTAVOS), OBJETIVANDO UTILIZAR OS RECURSOS ESTADUAIS DA CLASSIFICA\u00c7\u00c3O \u201cBENEF\u00cdCIOS EVENTUAIS\u201d DO EXERC\u00cdCIO ANTERIOR."}, {"id": "111036", "ano": "2024", "numero": "79", "tipo__sigla": "PLO", "tipo__descricao": "Projeto de Lei Ordin\u00e1ria", "autoria": "PREFEITO MUNICIPAL", "texto_original": "http://sapl.garca.sp.leg.br/media/sapl/public/materialegislativa/2024/111036/pl_79-2024.pdf", "ementa": "ALTERA O ANEXO III DA LEI N\u00ba 5.435/2021 (PPA) E ALTERA O ANEXO IIA DA LEI N\u00ba 5.560/2023 (LDO), AUTORIZANDO A ABERTURA DE CR\u00c9DITO ESPECIAL, NO IMPORTE DE R$ 179.462,52 (CENTO E SETENTA E NOVE MIL, QUATROCENTOS E SESSENTA E DOIS REAIS E CINQUENTA E DOIS CENTAVOS), OBJETIVANDO UTILIZAR OS RECURSOS FEDERAIS DA CLASSIFICA\u00c7\u00c3O \u201cCOVID-B\u00c1SICA\u201d DO EXERC\u00cdCIO ANTERIOR."}, {"id": "111037", "ano": "2024", "numero": "80", "tipo__sigla": "PLO", "tipo__descricao": "Projeto de Lei Ordin\u00e1ria", "autoria": "PREFEITO MUNICIPAL", "texto_original": "http://sapl.garca.sp.leg.br/media/sapl/public/materialegislativa/2024/111037/pl_80-2024.pdf", "ementa": "ALTERA O ANEXO III DA LEI N\u00ba 5.435/2021 (PPA) E ALTERA O ANEXO IIA DA LEI N\u00ba 5.560/2023 (LDO), AUTORIZANDO A ABERTURA DE CR\u00c9DITO ESPECIAL, NO IMPORTE DE R$ 10.957,90 (DEZ MIL, NOVECENTOS E CINQUENTA E SETE REAIS E NOVENTA CENTAVOS), OBJETIVANDO UTILIZAR OS RECURSOS FEDERAIS REFERENTE A PORTARIA 369 DO EXERC\u00cdCIO ANTERIOR."}, {"id": "111038", "ano": "2024", "numero": "81", "tipo__sigla": "PLO", "tipo__descricao": "Projeto de Lei Ordin\u00e1ria", "autoria": "PREFEITO MUNICIPAL", "texto_original": "http://sapl.garca.sp.leg.br/media/sapl/public/materialegislativa/2024/111038/pl_81-2024.pdf", "ementa": "ALTERA O ANEXO III DA LEI N\u00ba 5.435/2021 (PPA) E ALTERA O ANEXO IIA DA LEI N\u00ba 5.560/2023 (LDO), AUTORIZANDO A ABERTURA DE CR\u00c9DITO ESPECIAL NO IMPORTE DE R$ 200.000,00 (DUZENTOS MIL REAIS), OBJETIVANDO UTILIZAR OS RECURSOS FEDERAIS OBJETO DA \u201cPORTARIA 886 POL\u00cdTICAS P\u00daBLICAS \u2013 ALEXANDRE PADILHA\u201d DO EXERC\u00cdCIO ANTERIOR."}, {"id": "111039", "ano": "2024", "numero": "82", "tipo__sigla": "PLO", "tipo__descricao": "Projeto de Lei Ordin\u00e1ria", "autoria": "PREFEITO MUNICIPAL", "texto_original": "http://sapl.garca.sp.leg.br/media/sapl/public/materialegislativa/2024/111039/pl_82-2024.pdf", "ementa": "ALTERA O ANEXO III DA LEI N\u00ba 5.435/2021 (PPA) E ALTERA O ANEXO IIA DA LEI N\u00ba 5.560/2023 (LDO), AUTORIZANDO A ABERTURA DE CR\u00c9DITO ESPECIAL, NO IMPORTE DE R$ 46.163,45 (QUARENTA E SEIS MIL, CENTO E SESSENTA E TR\u00caS REAIS E QUARENTA E CINCO CENTAVOS), OBJETIVANDO UTILIZAR OS RECURSOS FEDERAIS REFERENTE AO PROGRAMA \u201cPRIMEIRA INF\u00c2NCIA\u201d DO EXERC\u00cdCIO ANTERIOR."}, {"id": "111040", "ano": "2024", "numero": "83", "tipo__sigla": "PLO", "tipo__descricao": "Projeto de Lei Ordin\u00e1ria", "autoria": "PREFEITO MUNICIPAL", "texto_original": "http://sapl.garca.sp.leg.br/media/sapl/public/materialegislativa/2024/111040/pl_83-2024.pdf", "ementa": "ALTERA O ANEXO III DA LEI N\u00ba 5.435/2021 (PPA) E ALTERA O ANEXO IIA DA LEI N\u00ba 5.560/2023 (LDO), AUTORIZANDO A ABERTURA DE CR\u00c9DITO ESPECIAL, NO IMPORTE DE R$ 7.975,89 (SETE MIL, NOVECENTOS E SETENTA E CINCO REAIS E OITENTA E NOVE CENTAVOS), OBJETIVANDO UTILIZAR OS RECURSOS FEDERAIS OBJETO DO PROGRAMA \u201cPROTE\u00c7\u00c3O DA ALTA COMPLEXIDADE-CRIAN\u00c7A\u201d DO EXERC\u00cdCIO ANTERIOR."}, {"id": "111041", "ano": "2024", "numero": "84", "tipo__sigla": "PLO", "tipo__descricao": "Projeto de Lei Ordin\u00e1ria", "autoria": "PREFEITO MUNICIPAL", "texto_original": "http://sapl.garca.sp.leg.br/media/sapl/public/materialegislativa/2024/111041/pl_84-2024.pdf", "ementa": "ALTERA O ANEXO III DA LEI N\u00ba 5.435/2021 (PPA) E ALTERA O ANEXO IIA DA LEI N\u00ba 5.560/2023 (LDO), AUTORIZANDO A ABERTURA DE CR\u00c9DITO ESPECIAL, NO IMPORTE DE R$ 2.328,96 (DOIS MIL, TREZENTOS E VINTE E OITO REAIS E NOVENTA E SEIS CENTAVOS), OBJETIVANDO UTILIZAR OS RECURSOS FEDERAIS DO PROGRAMA \u201cPROTE\u00c7\u00c3O DA ALTA COMPLEXIDADE-IDOSO\u201d DO EXERC\u00cdCIO ANTERIOR."}, {"id": "111042", "ano": "2024", "numero": "85", "tipo__sigla": "PLO", "tipo__descricao": "Projeto de Lei Ordin\u00e1ria", "autoria": "PREFEITO MUNICIPAL", "texto_original": "http://sapl.garca.sp.leg.br/media/sapl/public/materialegislativa/2024/111042/pl_85-2024.pdf", "ementa": "Altera o anexo III da Lei n\u00ba 5.435/2021 (PPA) e altera o anexo IIA da Lei n\u00ba 5.560/2023 (LDO), autorizando a abertura de cr\u00e9dito especial, no importe de R$ 7.178,30 (sete mil, cento e setenta e oito reais e trinta centavos), objetivando utilizar os recursos federais do programa \u201cProte\u00e7\u00e3o Especial da M\u00e9dia Complexidade - PCD\u201d do exerc\u00edcio\u00a0anterior."}, {"id": "111043", "ano": "2024", "numero": "86", "tipo__sigla": "PLO", "tipo__descricao": "Projeto de Lei Ordin\u00e1ria", "autoria": "PREFEITO MUNICIPAL", "texto_original": "http://sapl.garca.sp.leg.br/media/sapl/public/materialegislativa/2024/111043/pl_86-2024.pdf", "ementa": "ALTERA O ANEXO III DA LEI N\u00ba 5.435/2021 (PPA) E ALTERA O ANEXO IIA DA LEI N\u00ba 5.560/2023 (LDO), AUTORIZANDO A ABERTURA DE CR\u00c9DITO ESPECIAL, NO IMPORTE DE R$ 25.216,12 (VINTE E CINCO MIL, DUZENTOS E DEZESSEIS REAIS E DOZE CENTAVOS), OBJETIVANDO UTILIZAR OS RECURSOS DO SERVI\u00c7O DE CONVIV\u00caNCIA E FORTALECIMENTO DE V\u00cdNCULOS DO EXERC\u00cdCIO ANTERIOR."}, {"id": "111044", "ano": "2024", "numero": "87", "tipo__sigla": "PLO", "tipo__descricao": "Projeto de Lei Ordin\u00e1ria", "autoria": "PREFEITO MUNICIPAL", "texto_original": "http://sapl.garca.sp.leg.br/media/sapl/public/materialegislativa/2024/111044/pl_87-2024.pdf", "ementa": "ALTERA O ANEXO III DA LEI N\u00ba 5.435/2021 (PPA) E ALTERA O ANEXO IIA DA LEI N\u00ba 5.560/2023 (LDO), AUTORIZANDO A ABERTURA DE CR\u00c9DITO ESPECIAL, NO IMPORTE DE R$ 40.000,00 (QUARENTA MIL REAIS), OBJETIVANDO UTILIZAR OS RECURSOS DO FUNDO MUNICIPAL DA PESSOA IDOSA \u2013 HABILITA\u00c7\u00c3O DE PROJETO BANCO DO BRASIL DO EXERC\u00cdCIO ANTERIOR."}, {"id": "111046", "ano": "2024", "numero": "88", "tipo__sigla": "PLO", "tipo__descricao": "Projeto de Lei Ordin\u00e1ria", "autoria": "PREFEITO MUNICIPAL", "texto_original": "http://sapl.garca.sp.leg.br/media/sapl/public/materialegislativa/2024/111046/pl_088-2024.pdf", "ementa": "ALTERA O ANEXO III DA LEI N\u00ba 5.435/2021 (PPA) E ALTERA O ANEXO IIA DA LEI N\u00ba 5.560/2023 (LDO), AUTORIZANDO A ABERTURA DE CR\u00c9DITO ESPECIAL, NO IMPORTE DE R$ 69.708,63 (SESSENTA E NOVE MIL, SETECENTOS E OITO REAIS E SESSENTA E TR\u00caS CENTAVOS), OBJETIVANDO UTILIZAR OS RECURSOS DO FUNDO MUNICIPAL DE CULTURA DO EXERC\u00cdCIO ANTERIOR."}, {"id": "111111", "ano": "2024", "numero": "89", "tipo__sigla": "PLO", "tipo__descricao": "Projeto de Lei Ordin\u00e1ria", "autoria": "PREFEITO MUNICIPAL", "texto_original": "http://sapl.garca.sp.leg.br/media/sapl/public/materialegislativa/2024/111111/pl_89-2024.pdf", "ementa": "DISP\u00d5E SOBRE DENOMINA\u00c7\u00c3O DE IM\u00d3VEL P\u00daBLICO - MUSEU HIST\u00d3RICO PEDAG\u00d3GICO ANT\u00d4NIA BETTONI GARAVAZO"}, {"id": "111145", "ano": "2024", "numero": "90", "tipo__sigla": "PLO", "tipo__descricao": "Projeto de Lei Ordin\u00e1ria", "autoria": "PREFEITO MUNICIPAL", "texto_original": "http://sapl.garca.sp.leg.br/media/sapl/public/materialegislativa/2024/111145/pl_90-2024.pdf", "ementa": "ALTERA O ANEXO III DA LEI N\u00ba 5.435/2021 (PPA) E ALTERA O ANEXO IIA DA LEI N\u00ba 5.560/2023 (LDO), AUTORIZANDO A ABERTURA DE CR\u00c9DITO ESPECIAL, NO IMPORTE DE R$ 206.675,11 (DUZENTOS E SEIS MIL, SEISCENTOS E SETENTA E CINCO REAIS E ONZE CENTAVOS), OBJETIVANDO UTILIZAR OS RECURSOS FEDERAIS DO BOLSA FAM\u00cdLIA DO EXERC\u00cdCIO ANTERIOR."}, {"id": "111146", "ano": "2024", "numero": "91", "tipo__sigla": "PLO", "tipo__descricao": "Projeto de Lei Ordin\u00e1ria", "autoria": "PREFEITO MUNICIPAL", "texto_original": "http://sapl.garca.sp.leg.br/media/sapl/public/materialegislativa/2024/111146/pl_91-2024.pdf", "ementa": "ALTERA O ANEXO III DA LEI N\u00ba 5.435/2021 (PPA) E ALTERA O ANEXO IIA DA LEI N\u00ba 5.560/2023 (LDO), AUTORIZANDO A ABERTURA DE CR\u00c9DITO ESPECIAL, NO IMPORTE DE R$ 20.515,74 (VINTE MIL, QUINHENTOS E QUINZE REAIS E SETENTA E QUATRO CENTAVOS), OBJETIVANDO UTILIZAR OS RECURSOS FEDERAIS DO \u00cdNDICE DE GEST\u00c3O DESCENTRALIZADA DO SISTEMA \u00daNICO DE ASSIST\u00caNCIA SOCIAL \u2013IGDSUAS DO EXERC\u00cdCIO ANTERIOR."}, {"id": "111147", "ano": "2024", "numero": "92", "tipo__sigla": "PLO", "tipo__descricao": "Projeto de Lei Ordin\u00e1ria", "autoria": "PREFEITO MUNICIPAL", "texto_original": "http://sapl.garca.sp.leg.br/media/sapl/public/materialegislativa/2024/111147/pl_92-2024.pdf", "ementa": "ALTERA O ANEXO III DA LEI N\u00ba 5.435/2021 (PPA) E ALTERA O ANEXO IIA DA LEI N\u00ba 5.560/2023 (LDO), AUTORIZANDO A ABERTURA DE CR\u00c9DITO ESPECIAL, NO IMPORTE DE R$ 28.118,27 (VINTE E OITO MIL, CENTO E DEZOITO REAIS E VINTE E SETE CENTAVOS), OBJETIVANDO UTILIZAR OS RECURSOS ESTADUAIS DO PROGRAMA LIBERDADE ASSISTIDA DO EXERC\u00cdCIO ANTERIOR."}, {"id": "111148", "ano": "2024", "numero": "93", "tipo__sigla": "PLO", "tipo__descricao": "Projeto de Lei Ordin\u00e1ria", "autoria": "PREFEITO MUNICIPAL", "texto_original": "http://sapl.garca.sp.leg.br/media/sapl/public/materialegislativa/2024/111148/pl_93-2024.pdf", "ementa": "ALTERA O ANEXO III DA LEI N\u00ba 5.435/2021 (PPA) E ALTERA O ANEXO IIA DA LEI N\u00ba 5.560/2023 (LDO), AUTORIZANDO A ABERTURA DE CR\u00c9DITO ESPECIAL, NO IMPORTE DE R$ 25.669,83 (VINTE E CINCO MIL, SEISCENTOS E SESSENTA E NOVE REAIS E OITENTA E TR\u00caS CENTAVOS), OBJETIVANDO UTILIZAR OS RECURSOS FEDERAIS DO PAIF \u2013 SERVI\u00c7O DE PROTE\u00c7\u00c3O E ATENDIMENTO INTEGRAL \u00c0 FAM\u00cdLIA DO EXERC\u00cdCIO ANTERIOR."}, {"id": "111149", "ano": "2024", "numero": "94", "tipo__sigla": "PLO", "tipo__descricao": "Projeto de Lei Ordin\u00e1ria", "autoria": "PREFEITO MUNICIPAL", "texto_original": "http://sapl.garca.sp.leg.br/media/sapl/public/materialegislativa/2024/111149/pl_94-2024.pdf", "ementa": "ALTERA O ANEXO III DA LEI N\u00ba 5.435/2021 (PPA) E ALTERA O ANEXO IIA DA LEI N\u00ba 5.560/2023 (LDO), AUTORIZANDO A ABERTURA DE CR\u00c9DITO ESPECIAL, NO IMPORTE DE R$ 12.028,75 (DOZE MIL, VINTE E OITO REAIS E SETENTA E CINCO CENTAVOS), OBJETIVANDO UTILIZAR OS RECURSOS FEDERAIS DO PROGRAMA DE FORTALECIMENTO EMERGENCIAL DO ATENDIMENTO DO CADASTRO \u00daNICO NO SISTEMA \u00daNICO DA ASSIST\u00caNCIA SOCIAL DE EXERC\u00cdCIO ANTERIOR."}, {"id": "111150", "ano": "2024", "numero": "95", "tipo__sigla": "PLO", "tipo__descricao": "Projeto de Lei Ordin\u00e1ria", "autoria": "PREFEITO MUNICIPAL", "texto_original": "http://sapl.garca.sp.leg.br/media/sapl/public/materialegislativa/2024/111150/pl_95-2024.pdf", "ementa": "ALTERA O ANEXO III DA LEI N\u00ba 5.435/2021 (PPA) E ALTERA O ANEXO IIA DA LEI N\u00ba 5.560/2023 (LDO), AUTORIZANDO A ABERTURA DE CR\u00c9DITO ESPECIAL, NO IMPORTE DE R$ 43.817,16 (QUARENTA E TR\u00caS MIL, OITOCENTOS E DEZESSETE REAIS E DEZESSEIS CENTAVOS), OBJETIVANDO UTILIZAR OS RECURSOS FEDERAL DO PROGRAMA PROTE\u00c7\u00c3O DA M\u00c9DIA COMPLEXIDADE-CRACK DO EXERC\u00cdCIO ANTERIOR."}, {"id": "111151", "ano": "2024", "numero": "96", "tipo__sigla": "PLO", "tipo__descricao": "Projeto de Lei Ordin\u00e1ria", "autoria": "PREFEITO MUNICIPAL", "texto_original": "http://sapl.garca.sp.leg.br/media/sapl/public/materialegislativa/2024/111151/pl_96-2024.pdf", "ementa": "ALTERA O ANEXO III DA LEI N\u00ba 5.435/2021 (PPA) E ALTERA O ANEXO IIA DA LEI N\u00ba 5.560/2023 (LDO), AUTORIZANDO A ABERTURA DE CR\u00c9DITO ESPECIAL, NO IMPORTE DE R$ 44.450,60 (QUARENTA E QUATRO MIL, QUATROCENTOS E CINQUENTA REAIS E SESSENTA CENTAVOS), OBJETIVANDO UTILIZAR OS RECURSOS FEDERAIS DO PROGRAMA PROTE\u00c7\u00c3O DA M\u00c9DIA COMPLEXIDADE-PAEFI DO EXERC\u00cdCIO ANTERIOR."}, {"id": "111152", "ano": "2024", "numero": "97", "tipo__sigla": "PLO", "tipo__descricao": "Projeto de Lei Ordin\u00e1ria", "autoria": "PREFEITO MUNICIPAL", "texto_original": "http://sapl.garca.sp.leg.br/media/sapl/public/materialegislativa/2024/111152/pl_97-2024.pdf", "ementa": "ALTERA O ANEXO III DA LEI N\u00ba 5.435/2021 (PPA) E ALTERA O ANEXO IIA DA LEI N\u00ba 5.560/2023 (LDO), AUTORIZANDO A ABERTURA DE CR\u00c9DITO ESPECIAL, NO IMPORTE DE R$ 118.620,64 (CENTO E DEZOITO MIL, SEISCENTOS E VINTE REAIS E SESSENTA E QUATRO CENTAVOS), OBJETIVANDO UTILIZAR OS RECURSOS FEDERAIS DO PROGRAMA PROTE\u00c7\u00c3O SOCIAL ESPECIAL DE M\u00c9DIA COMPLEXIDADE-FNAS/COVID PORTARIA 378- REPROGRAMA\u00c7\u00c3O DO EXERC\u00cdCIO ANTERIOR."}, {"id": "111153", "ano": "2024", "numero": "98", "tipo__sigla": "PLO", "tipo__descricao": "Projeto de Lei Ordin\u00e1ria", "autoria": "PREFEITO MUNICIPAL", "texto_original": "http://sapl.garca.sp.leg.br/media/sapl/public/materialegislativa/2024/111153/pl_98-2024.pdf", "ementa": "ALTERA O ANEXO III DA LEI N\u00ba 5.435/2021 (PPA) E ALTERA O ANEXO IIA DA LEI N\u00ba 5.560/2023 (LDO), AUTORIZANDO A ABERTURA DE CR\u00c9DITO ESPECIAL, NO IMPORTE DE R$ 4.338,39 (QUATRO MIL, TREZENTOS E TRINTA E OITO REAIS E TRINTA E NOVE CENTAVOS), OBJETIVANDO UTILIZAR OS RECURSOS ESTADUAIS DO PROGRAMA SERVI\u00c7O DE CONVIV\u00caNCIA E FORTALECIMENTO DE V\u00cdNCULOS DO EXERC\u00cdCIO ANTERIOR."}, {"id": "111154", "ano": "2024", "numero": "99", "tipo__sigla": "PLO", "tipo__descricao": "Projeto de Lei Ordin\u00e1ria", "autoria": "PREFEITO MUNICIPAL", "texto_original": "http://sapl.garca.sp.leg.br/media/sapl/public/materialegislativa/2024/111154/pl_99-2024.pdf", "ementa": "ALTERA O ANEXO III DA LEI N\u00ba 5.435/2021 (PPA) E ALTERA O ANEXO IIA DA LEI N\u00ba 5.560/2023 (LDO), AUTORIZANDO A ABERTURA DE CR\u00c9DITO ESPECIAL, NO IMPORTE DE R$ 214.000,00 (DUZENTOS E QUATORZE MIL REAIS), OBJETIVANDO UTILIZAR OS RECURSOS DE ALIENA\u00c7\u00c3O DE BENS- TESOURO DE EXERC\u00cdCIO ANTERIOR."}, {"id": "111155", "ano": "2024", "numero": "100", "tipo__sigla": "PLO", "tipo__descricao": "Projeto de Lei Ordin\u00e1ria", "autoria": "PREFEITO MUNICIPAL", "texto_original": "http://sapl.garca.sp.leg.br/media/sapl/public/materialegislativa/2024/111155/pl_100-2024.pdf", "ementa": "ALTERA O ANEXO III DA LEI N\u00ba 5.435/2021 (PPA) E ALTERA O ANEXO IIA DA LEI N\u00ba 5.560/2023 (LDO), AUTORIZANDO A ABERTURA DE CR\u00c9DITO ESPECIAL, NO IMPORTE DE R$ 230.846,32 (DUZENTOS E TRINTA MIL OITOCENTOS E QUARENTA E SEIS REAIS E TRINTA E DOIS CENTAVOS), OBJETIVANDO UTILIZAR OS RECURSOS DE ALIENA\u00c7\u00c3O DE BENS- TESOURO DE EXERC\u00cdCIO ANTERIOR."}, {"id": "111195", "ano": "2024", "numero": "101", "tipo__sigla": "PLO", "tipo__descricao": "Projeto de Lei Ordin\u00e1ria", "autoria": "Fabinho Polisinani", "texto_original": "http://sapl.garca.sp.leg.br/media/sapl/public/materialegislativa/2024/111195/pl_101-2024.pdf", "ementa": "ESTABELECE REGRAS DE SEGURAN\u00c7A PARA A CONDU\u00c7\u00c3O RESPONS\u00c1VEL DE C\u00c3ES EM VIAS E LOGRADOUROS P\u00daBLICOS"}, {"id": "111258", "ano": "2024", "numero": "102", "tipo__sigla": "PLO", "tipo__descricao": "Projeto de Lei Ordin\u00e1ria", "autoria": "PREFEITO MUNICIPAL", "texto_original": "http://sapl.garca.sp.leg.br/media/sapl/public/materialegislativa/2024/111258/pl_102-2024.pdf", "ementa": "ALTERA A LEI MUNICIPAL N\u00ba 4.990, DE 20 DE MAR\u00c7O DE 2015, QUE ESTABELECE DIRETRIZES E MEDIDAS PREVENTIVAS NO COMBATE \u00c0 PROLIFERA\u00c7\u00c3O DO MOSQUITO TRANSMISSOR DO V\u00cdRUS DA DENGUE."}, {"id": "111269", "ano": "2024", "numero": "103", "tipo__sigla": "PLO", "tipo__descricao": "Projeto de Lei Ordin\u00e1ria", "autoria": "PREFEITO MUNICIPAL", "texto_original": "http://sapl.garca.sp.leg.br/media/sapl/public/materialegislativa/2024/111269/pl_103-2024.pdf", "ementa": "ALTERA O ANEXO III DA LEI N\u00ba 5.435/2021 (PPA) E ALTERA O ANEXO IIA DA LEI N\u00ba 5.560/2023 (LDO), AUTORIZANDO A ABERTURA DE CR\u00c9DITO ESPECIAL NO IMPORTE DE R$ 155.501,50 (CENTO E CINQUENTA E CINCO MIL, QUINHENTOS E UM REAIS E CINQUENTA CENTAVOS), DESTINADO A UTILIZAR OS RECURSOS ESTADUAIS DO IGM PAULISTA, CONFORME RESOLU\u00c7\u00c3O SS N\u00b0 20, DE 08 DE FEVEREIRO DE 2024, DA SECRETARIA DO ESTADO DE SA\u00daDE."}, {"id": "111271", "ano": "2024", "numero": "104", "tipo__sigla": "PLO", "tipo__descricao": "Projeto de Lei Ordin\u00e1ria", "autoria": "PREFEITO MUNICIPAL", "texto_original": "http://sapl.garca.sp.leg.br/media/sapl/public/materialegislativa/2024/111271/pl_104-2024.pdf", "ementa": "ALTERA O ANEXO III DA LEI N\u00ba 5.435/2021 (PPA) E ALTERA O ANEXO IIA DA LEI N\u00ba 5.560/2023 (LDO), AUTORIZANDO A ABERTURA DE CR\u00c9DITO ESPECIAL, NO IMPORTE DE R$ R$ 304.230,75 (TREZENTOS E QUATRO MIL, DUZENTOS E TRINTA REAIS E SETENTA E CINCO CENTAVOS), OBJETIVANDO UTILIZAR OS RECURSOS DE EMENDAS PARLAMENTARES DE AUTORIA DOS VEREADORES ELAINE OLIVEIRA, FABINHO POLISINANI, PEDRO SANTOS, RAFAEL FRABETTI, RODRIGO GUTIERRES E ANT\u00d4NIO FRANCO DOS SANTOS."}, {"id": "111316", "ano": "2024", "numero": "105", "tipo__sigla": "PLO", "tipo__descricao": "Projeto de Lei Ordin\u00e1ria", "autoria": "Pedro Santos", "texto_original": "http://sapl.garca.sp.leg.br/media/sapl/public/materialegislativa/2024/111316/pl_105-2024.pdf", "ementa": "INSTITUI O PROGRAMA DE SA\u00daDE MENTAL NA REDE P\u00daBLICA DE ENSINO DO MUNIC\u00cdPIO DE GAR\u00c7A E D\u00c1 OUTRAS PROVID\u00caNCIAS."}, {"id": "111317", "ano": "2024", "numero": "106", "tipo__sigla": "PLO", "tipo__descricao": "Projeto de Lei Ordin\u00e1ria", "autoria": "Tenente Almeida", "texto_original": "http://sapl.garca.sp.leg.br/media/sapl/public/materialegislativa/2024/111317/06_-_fios_soltos_-_almeida_ass.pdf", "ementa": "Disp\u00f5e a regulariza\u00e7\u00e3o e remo\u00e7\u00e3o de fios e equipamentos soltos, inutilizados e indevidamente instalados em logradouros p\u00fablicos do munic\u00edpio de Gar\u00e7a e d\u00e1 outras provid\u00eancias."}, {"id": "111355", "ano": "2024", "numero": "107", "tipo__sigla": "PLO", "tipo__descricao": "Projeto de Lei Ordin\u00e1ria", "autoria": "PREFEITO MUNICIPAL", "texto_original": "http://sapl.garca.sp.leg.br/media/sapl/public/materialegislativa/2024/111355/pl_107-2024.pdf", "ementa": "DISP\u00d5E SOBRE DENOMINA\u00c7\u00c3O DE PRA\u00c7A P\u00daBLICA - \u201cCOMPLEXO ESPORTIVO WASHINGTON PEREIRA DE ARA\u00daJO\u201d"}, {"id": "111393", "ano": "2024", "numero": "108", "tipo__sigla": "PLO", "tipo__descricao": "Projeto de Lei Ordin\u00e1ria", "autoria": "PREFEITO MUNICIPAL", "texto_original": "http://sapl.garca.sp.leg.br/media/sapl/public/materialegislativa/2024/111393/pl_108-2024.pdf", "ementa": "DISP\u00d5E SOBRE AS DIRETRIZES OR\u00c7AMENT\u00c1RIAS PARA A ELABORA\u00c7\u00c3O DA LEI OR\u00c7AMENT\u00c1RIA DO EXERC\u00cdCIO FINANCEIRO DE 2025, E D\u00c1 OUTRAS PROVID\u00caNCIAS."}, {"id": "111396", "ano": "2024", "numero": "109", "tipo__sigla": "PLO", "tipo__descricao": "Projeto de Lei Ordin\u00e1ria", "autoria": "PREFEITO MUNICIPAL", "texto_original": "http://sapl.garca.sp.leg.br/media/sapl/public/materialegislativa/2024/111396/pl_109-2024.pdf", "ementa": "DISP\u00d5E SOBRE A CONCESS\u00c3O DE DIREITO REAL DE USO DA PISTA DE WHEELING LOCALIZADA NO PARQUE ECOL\u00d3GICO \u201cJAYME NOGUEIRA MIRANDA\u201d \u00c0 ORGANIZA\u00c7\u00c3O DA SOCIEDADE CIVIL"}, {"id": "111398", "ano": "2024", "numero": "110", "tipo__sigla": "PLO", "tipo__descricao": "Projeto de Lei Ordin\u00e1ria", "autoria": "PREFEITO MUNICIPAL", "texto_original": "http://sapl.garca.sp.leg.br/media/sapl/public/materialegislativa/2024/111398/pl_110-2024.pdf", "ementa": "DISP\u00d5E SOBRE A CONCESS\u00c3O DE DIREITO REAL DE USO DO KART\u00d3DROMO \u201cRAFAEL \u201cI\u00c9\u201d MARANG\u00c3O\u201d, \u00c0 ORGANIZA\u00c7\u00c3O DA SOCIEDADE CIVIL."}, {"id": "111399", "ano": "2024", "numero": "111", "tipo__sigla": "PLO", "tipo__descricao": "Projeto de Lei Ordin\u00e1ria", "autoria": "PREFEITO MUNICIPAL", "texto_original": "http://sapl.garca.sp.leg.br/media/sapl/public/materialegislativa/2024/111399/pl_111-2024.pdf", "ementa": "DISP\u00d5E SOBRE A ABERTURA DE CR\u00c9DITOS ADICIONAIS SUPLEMENTARES NO VALOR DE R$ 4.037.876,40 (QUATRO MILH\u00d5ES, TRINTA E SETE MIL OITOCENTOS E SETENTA E SEIS REAIS E QUARENTA CENTAVOS), ALTERANDO O ANEXO III DA LEI N\u00ba 5.435/2021 (PPA) E O ANEXO IIA DA LEI N\u00ba 5.560/2023 (LDO)."}, {"id": "111407", "ano": "2024", "numero": "112", "tipo__sigla": "PLO", "tipo__descricao": "Projeto de Lei Ordin\u00e1ria", "autoria": "PREFEITO MUNICIPAL, Elaine Oliveira, F\u00e1bio Santos, Lico, Lucas Cateto, Marcelo Miranda, Rafael Frabetti, Tenente Almeida", "texto_original": "http://sapl.garca.sp.leg.br/media/sapl/public/materialegislativa/2024/111407/pl_112-2024.pdf", "ementa": "DISP\u00d5E SOBRE A CONVERS\u00c3O DE F\u00c9RIAS VENCIDAS EM PEC\u00daNIA, NAS CONDI\u00c7\u00d5ES ESPECIFICADAS E ALTERA A LEI MUNICIPAL N\u00ba 2.680/1991."}, {"id": "111516", "ano": "2024", "numero": "113", "tipo__sigla": "PLO", "tipo__descricao": "Projeto de Lei Ordin\u00e1ria", "autoria": "PREFEITO MUNICIPAL", "texto_original": "http://sapl.garca.sp.leg.br/media/sapl/public/materialegislativa/2024/111516/01_-_pl_113-2024.pdf", "ementa": "ALTERA O ANEXO III DA LEI N\u00ba 5.435/2021 (PPA) E ALTERA O ANEXO IIA DA LEI N\u00ba 5.560/2023 (LDO), AUTORIZANDO A ABERTURA DE CR\u00c9DITO ESPECIAL, NO IMPORTE DE R$ 329.099,26 (TREZENTOS E VINTE NOVE MIL, NOVENTA E NOVE REAIS E VINTE E SEIS CENTAVOS), OBJETIVANDO UTILIZAR OS RECURSOS FEDERAIS REFRENTES A  POL\u00cdTICA NACIONAL ALDIR BLANC DE FOMENTO \u00c0 CULTURA \u2013 \u201cPNAB\u201d (LEI FEDERAL N\u00b0 14.399/2022, REGULAMENTADA PELO DECRETO FEDERAL N\u00b0 11.740/2023)."}, {"id": "111552", "ano": "2024", "numero": "114", "tipo__sigla": "PLO", "tipo__descricao": "Projeto de Lei Ordin\u00e1ria", "autoria": "Elaine Oliveira, Fabinho Polisinani, F\u00e1bio Santos, Lico, Lucas Cateto, Marcelo Miranda, Rafael Frabetti, Rodrigo Gutierres, Tenente Almeida", "texto_original": "http://sapl.garca.sp.leg.br/media/sapl/public/materialegislativa/2024/111552/pl_114-2024.pdf", "ementa": "FIXA OS SUBS\u00cdDIOS DE PREFEITO, VICE-PREFEITO E SECRET\u00c1RIOS MUNICIPAIS."}, {"id": "111574", "ano": "2024", "numero": "115", "tipo__sigla": "PLO", "tipo__descricao": "Projeto de Lei Ordin\u00e1ria", "autoria": "PREFEITO MUNICIPAL", "texto_original": "http://sapl.garca.sp.leg.br/media/sapl/public/materialegislativa/2024/111574/pl_115-2024.pdf", "ementa": "DISP\u00d5E SOBRE DENOMINA\u00c7\u00c3O DO CONJUNTO HABITACIONAL IMPLEMENTADO ATRAV\u00c9S DO PROGRAMA VIDA LONGA."}, {"id": "111583", "ano": "2024", "numero": "116", "tipo__sigla": "PLO", "tipo__descricao": "Projeto de Lei Ordin\u00e1ria", "autoria": "PREFEITO MUNICIPAL", "texto_original": "http://sapl.garca.sp.leg.br/media/sapl/public/materialegislativa/2024/111583/pl_116-2024.pdf", "ementa": "ALTERA A LEI MUNICIPAL N\u00ba 4.727/2011 E ALTERA\u00c7\u00d5ES, QUE INSTITUI O PROGRAMA \u201cBOLSA ALUGUEL SOCIAL\u201d."}, {"id": "111584", "ano": "2024", "numero": "117", "tipo__sigla": "PLO", "tipo__descricao": "Projeto de Lei Ordin\u00e1ria", "autoria": "PREFEITO MUNICIPAL", "texto_original": "http://sapl.garca.sp.leg.br/media/sapl/public/materialegislativa/2024/111584/pl_117-2024.pdf", "ementa": "ALTERA O ANEXO III DA LEI N\u00ba 5.435/2021 (PPA) E ALTERA O ANEXO IIA DA LEI N\u00ba 5.560/2023 (LDO), AUTORIZANDO A ABERTURA DE CR\u00c9DITO ESPECIAL, NO IMPORTE DE R$ 150.000,00 (CENTO E CINQUENTA MIL REAIS), OBJETIVANDO A UTILIZA\u00c7\u00c3O DE RECURSOS FEDERAIS ORIUNDOS DE EMENDAS PARLAMENTARES DOS DEPUTADOS FEDERAIS CAPIT\u00c3O AUGUSTO E MIGUEL LOMBARDI."}, {"id": "111585", "ano": "2024", "numero": "118", "tipo__sigla": "PLO", "tipo__descricao": "Projeto de Lei Ordin\u00e1ria", "autoria": "PREFEITO MUNICIPAL", "texto_original": "http://sapl.garca.sp.leg.br/media/sapl/public/materialegislativa/2024/111585/pl_118-2024.pdf", "ementa": "ALTERA O ANEXO III DA LEI N\u00ba 5.435/2021 (PPA) E ALTERA O ANEXO IIA DA LEI N\u00ba 5.560/2023 (LDO), AUTORIZANDO A ABERTURA DE CR\u00c9DITO ESPECIAL, NO IMPORTE DE R$ 1.500.000,00 (UM MILH\u00c3O E QUINHENTOS MIL REAIS), OBJETIVANDO A UTILIZA\u00c7\u00c3O DOS RECURSOS FEDERAIS, CONFORME PORTARIA GM/MS N\u00b0 3523 DO MINIST\u00c9RIO DA SA\u00daDE E DOS RECURSOS ESTADUAIS, CONFORME RESOLU\u00c7\u00c3O ESTADUAL SS N\u00b0 113/2024."}, {"id": "111586", "ano": "2024", "numero": "119", "tipo__sigla": "PLO", "tipo__descricao": "Projeto de Lei Ordin\u00e1ria", "autoria": "PREFEITO MUNICIPAL", "texto_original": "http://sapl.garca.sp.leg.br/media/sapl/public/materialegislativa/2024/111586/pl_119-2024.pdf", "ementa": "ALTERA O ANEXO III DA LEI N\u00ba 5.435/2021 (PPA) E ALTERA O ANEXO IIA DA LEI N\u00ba 5.560/2023 (LDO), AUTORIZANDO A ABERTURA DE CR\u00c9DITO ESPECIAL, NO IMPORTE R$ 185.224,56 (CENTO E OITENTA E CINCO MIL, DUZENTOS E VINTE E QUATRO REAIS E CINQUENTA E SEIS CENTAVOS) OBJETIVANDO A UTILIZA\u00c7\u00c3O DOS RECURSOS DE OPERA\u00c7\u00c3O DE CR\u00c9DITO, PROVENIENTES DO CONTRATO N\u00b0 2585.0505.953-30/CAIXA \u2013 PROGRAMA \u201cSANEAMENTO PARA TODOS\u201d EM VIRTUDE DA INEXIST\u00caNCIA DE DOTA\u00c7\u00c3O NO OR\u00c7AMENTO VIGENTE COM A FONTE DE RECURSO INDICADA."}, {"id": "111590", "ano": "2024", "numero": "120", "tipo__sigla": "PLO", "tipo__descricao": "Projeto de Lei Ordin\u00e1ria", "autoria": "PREFEITO MUNICIPAL", "texto_original": "http://sapl.garca.sp.leg.br/media/sapl/public/materialegislativa/2024/111590/pl_120-2024.pdf", "ementa": "ALTERA O ANEXO III DA LEI N\u00ba 5.435/2021 (PPA) E ALTERA O ANEXO IIA DA LEI N\u00ba 5.560/2023 (LDO), AUTORIZANDO A ABERTURA DE CR\u00c9DITO ESPECIAL, NO IMPORTE DE R$ 461.846,10 (QUATROCENTOS E SESSENTA E UM MIL, OITOCENTOS E QUARENTA E SEIS  REAIS E DEZ CENTAVOS), OBJETIVANDO A UTILIZA\u00c7\u00c3O DOS RECURSOS PROVENIENTES DE EMENDAS PARLAMENTARES DE AUTORIA DOS VEREADORES FABIO SANTOS, PEDRO SANTOS, ANT\u00d4NIO FRANCO DOS SANTOS, MARQUINHO MOREIRA, LUCAS CATETO, MARCELO MIRANDA, ADHEMAR KEMP MARCONDES DE MOURA FILHO E LICO."}, {"id": "111592", "ano": "2024", "numero": "121", "tipo__sigla": "PLO", "tipo__descricao": "Projeto de Lei Ordin\u00e1ria", "autoria": "PREFEITO MUNICIPAL", "texto_original": "http://sapl.garca.sp.leg.br/media/sapl/public/materialegislativa/2024/111592/pl_121-2024.pdf", "ementa": "ALTERA O ANEXO III DA LEI N\u00ba 5.435/2021 (PPA) E ALTERA O ANEXO IIA DA LEI N\u00ba 5.560/2023 (LDO), AUTORIZANDO A ABERTURA DE CR\u00c9DITO ESPECIAL, NO IMPORTE DE R$ 35.940,50 (TRINTA E CINCO MIL, NOVECENTOS E QUARENTA REAIS E CINQUENTA CENTAVOS), OBJETIVANDO A UTILIZA\u00c7\u00c3O DE RECURSO FEDERAL DO FUNDO NACIONAL DE SA\u00daDE DESTINADO A AQUISI\u00c7\u00c3O DE EQUIPAMENTOS PARA ESTRUTURA\u00c7\u00c3O DA SA\u00daDE BUCAL E RECURSO ESTADUAL, PROVENIENTE DA RESOLU\u00c7\u00c3O SS \u2013 76/2024, DESTINADO A AQUISI\u00c7\u00c3O DE REPELENTES (VIGIL\u00c2NCIA EPIDEMIOL\u00d3GICA)."}, {"id": "111594", "ano": "2024", "numero": "122", "tipo__sigla": "PLO", "tipo__descricao": "Projeto de Lei Ordin\u00e1ria", "autoria": "PREFEITO MUNICIPAL", "texto_original": "http://sapl.garca.sp.leg.br/media/sapl/public/materialegislativa/2024/111594/pl_122-2024.pdf", "ementa": "ALTERA A LEI MUNICIPAL N\u00ba 3.220, DE 23 DE DEZEMBRO DE 1997, QUE DISP\u00d5E SOBRE O C\u00d3DIGO TRIBUT\u00c1RIO MUNICIPAL."}, {"id": "111638", "ano": "2024", "numero": "123", "tipo__sigla": "PLO", "tipo__descricao": "Projeto de Lei Ordin\u00e1ria", "autoria": "Lico", "texto_original": "http://sapl.garca.sp.leg.br/media/sapl/public/materialegislativa/2024/111638/pl_123-2024_-_lico.pdf", "ementa": "ALTERA A LEI N\u00ba 2.627, DE 29 DE ABRIL DE 1991, NO TOCANTE \u00c0 INSTALA\u00c7\u00c3O EM AMPLIA\u00c7\u00c3O DO PASSEIO P\u00daBLICO SOBRE O LEITO CARRO\u00c7\u00c1VEL"}, {"id": "111684", "ano": "2024", "numero": "124", "tipo__sigla": "PLO", "tipo__descricao": "Projeto de Lei Ordin\u00e1ria", "autoria": "PREFEITO MUNICIPAL", "texto_original": "http://sapl.garca.sp.leg.br/media/sapl/public/materialegislativa/2024/111684/pl_124-2024.pdf", "ementa": "ALTERA A LEI MUNICIPAL N\u00ba 3.715 DE 19 DE DEZEMBRO DE 2003 E ALTERA\u00c7\u00d5ES, QUE DISP\u00d5E SOBRE O PLANTIO DE \u00c1RVORES NAS CAL\u00c7ADAS"}, {"id": "111685", "ano": "2024", "numero": "125", "tipo__sigla": "PLO", "tipo__descricao": "Projeto de Lei Ordin\u00e1ria", "autoria": "PREFEITO MUNICIPAL", "texto_original": "http://sapl.garca.sp.leg.br/media/sapl/public/materialegislativa/2024/111685/pl_125-2024.pdf", "ementa": "REVOGA A LEI MUNICIPAL N\u00ba 5.319, DE 14 DE OUTUBRO DE 2019"}, {"id": "111686", "ano": "2024", "numero": "126", "tipo__sigla": "PLO", "tipo__descricao": "Projeto de Lei Ordin\u00e1ria", "autoria": "PREFEITO MUNICIPAL", "texto_original": "http://sapl.garca.sp.leg.br/media/sapl/public/materialegislativa/2024/111686/pl_126-2024.pdf", "ementa": "DISP\u00d5E SOBRE A CONCESS\u00c3O DE DIREITO REAL DE USO PARCIAL DE IM\u00d3VEL \u00c0 ORGANIZA\u00c7\u00c3O DA SOCIEDADE CIVIL"}, {"id": "111687", "ano": "2024", "numero": "127", "tipo__sigla": "PLO", "tipo__descricao": "Projeto de Lei Ordin\u00e1ria", "autoria": "PREFEITO MUNICIPAL", "texto_original": "http://sapl.garca.sp.leg.br/media/sapl/public/materialegislativa/2024/111687/pl_127-2024.pdf", "ementa": "ALTERA A LEI MUNICIPAL N\u00ba 3.220, DE 23 DE DEZEMBRO DE 1997 E ALTERA\u00c7\u00d5ES, QUE DISP\u00d5E SOBRE O C\u00d3DIGO TRIBUT\u00c1RIO MUNICIPAL."}, {"id": "111701", "ano": "2024", "numero": "128", "tipo__sigla": "PLO", "tipo__descricao": "Projeto de Lei Ordin\u00e1ria", "autoria": "PREFEITO MUNICIPAL", "texto_original": "http://sapl.garca.sp.leg.br/media/sapl/public/materialegislativa/2024/111701/pl_128-2024.pdf", "ementa": "DESAFETA E AUTORIZA O MUNIC\u00cdPIO A ALIENAR IM\u00d3VEL P\u00daBLICO QUE ESPECIFICA, POR MEIO DE LICITA\u00c7\u00c3O NA MODALIDADE LEIL\u00c3O, E D\u00c1 OUTRAS PROVID\u00caNCIAS."}, {"id": "111703", "ano": "2024", "numero": "129", "tipo__sigla": "PLO", "tipo__descricao": "Projeto de Lei Ordin\u00e1ria", "autoria": "PREFEITO MUNICIPAL", "texto_original": "http://sapl.garca.sp.leg.br/media/sapl/public/materialegislativa/2024/111703/pl_129-2024.pdf", "ementa": "ALTERA A LEI MUNICIPAL N\u00ba 1.656/1977, QUE AUTORIZA O MUNIC\u00cdPIO A ALIENAR TERRENOS LOCALIZADOS NA FAIXA DE INTEGRA\u00c7\u00c3O, MEDIANTE CONCORR\u00caNCIA P\u00daBLICA."}, {"id": "111756", "ano": "2024", "numero": "130", "tipo__sigla": "PLO", "tipo__descricao": "Projeto de Lei Ordin\u00e1ria", "autoria": "PREFEITO MUNICIPAL", "texto_original": "http://sapl.garca.sp.leg.br/media/sapl/public/materialegislativa/2024/111756/pl_130-2024.pdf", "ementa": "ALTERA O ANEXO III DA LEI N\u00ba 5.435/2021 (PPA) E ALTERA O ANEXO IIA DA LEI N\u00ba 5.560/2023 (LDO), AUTORIZANDO A ABERTURA DE CR\u00c9DITO ESPECIAL, NO IMPORTE DE R$ 2.800.000,00 (DOIS MILH\u00d5ES E OITOCENTOS MIL REAIS), OBJETIVANDO UTILIZAR OS RECURSOS DAS EMENDAS N\u00ba(S) 30880013 \u2013 DEPUTADO FEDERAL EDUARDO BOLSONARO (PORTARIA N\u00ba 3604 DE 22/04/2024); 5041002 \u2013 COMISS\u00c3O DA SA\u00daDE (PORTARIA N\u00ba 4422 DE 18/06/2024) E 5041002 \u2013 COMISS\u00c3O DA SA\u00daDE (PORTARIA N\u00ba 4683 DE 02/07/2024)."}, {"id": "111758", "ano": "2024", "numero": "131", "tipo__sigla": "PLO", "tipo__descricao": "Projeto de Lei Ordin\u00e1ria", "autoria": "PREFEITO MUNICIPAL", "texto_original": "http://sapl.garca.sp.leg.br/media/sapl/public/materialegislativa/2024/111758/pl_131-2024.pdf", "ementa": "ALTERA O ANEXO 12 DA LEI MUNICIPAL N\u00ba 5.626 DE 14 DE DEZEMBRO DE 2023, QUE ESTIMA A RECEITA E FIXA A DESPESA PARA O EXERC\u00cdCIO FINANCEIRO DE 2024"}, {"id": "111764", "ano": "2024", "numero": "132", "tipo__sigla": "PLO", "tipo__descricao": "Projeto de Lei Ordin\u00e1ria", "autoria": "PREFEITO MUNICIPAL", "texto_original": "http://sapl.garca.sp.leg.br/media/sapl/public/materialegislativa/2024/111764/pl_132-2024.pdf", "ementa": "DESAFETA E AUTORIZA O MUNIC\u00cdPIO A ALIENAR IM\u00d3VEL P\u00daBLICO QUE ESPECIFICA, POR MEIO DE LICITA\u00c7\u00c3O NA MODALIDADE LEIL\u00c3O, E D\u00c1 OUTRAS PROVID\u00caNCIAS - MATR\u00cdCULA N\u00ba 20.340"}, {"id": "111766", "ano": "2024", "numero": "133", "tipo__sigla": "PLO", "tipo__descricao": "Projeto de Lei Ordin\u00e1ria", "autoria": "PREFEITO MUNICIPAL", "texto_original": "http://sapl.garca.sp.leg.br/media/sapl/public/materialegislativa/2024/111766/pl_133-2024.pdf", "ementa": "ALTERA O ANEXO III DA LEI N\u00ba 5.435/2021 (PPA) E O ANEXO IIA DA LEI N\u00ba 5.560/2023 (LDO), AUTORIZANDO A ABERTURA DE CR\u00c9DITO ESPECIAL NO IMPORTE DE R$ 2.984,06 (DOIS MIL NOVECENTOS E OITENTA E QUATRO REAIS E SEIS CENTAVOS) PARA CONTABILIZA\u00c7\u00c3O DE DESPESAS REFERENTES AO AUX\u00cdLIO FUNERAL NO \u00c2MBITO DO PODER LEGISLATIVO, CONFORME ART. 104 DA LEI N\u00ba 2.680/91."}, {"id": "111767", "ano": "2024", "numero": "134", "tipo__sigla": "PLO", "tipo__descricao": "Projeto de Lei Ordin\u00e1ria", "autoria": "PREFEITO MUNICIPAL", "texto_original": "http://sapl.garca.sp.leg.br/media/sapl/public/materialegislativa/2024/111767/pl_134-2024.pdf", "ementa": "ALTERA O ANEXO III DA LEI N\u00ba 5.435/2021 (PPA) E ALTERA O ANEXO IIA DA LEI N\u00ba 5.560/2023 (LDO), AUTORIZANDO A ABERTURA DE CR\u00c9DITO ESPECIAL, NO VALOR DE R$ 972.000,00 (NOVECENTOS E SETENTA E DOIS MIL REAIS), OBJETIVANDO A ABERTURA DE DOTA\u00c7\u00c3O COM CATEGORIA ECON\u00d4MICA ESPEC\u00cdFICA PARA A  CONTABILIZA\u00c7\u00c3O DO VALE ALIMENTA\u00c7\u00c3O (ENSINO FUNDAMENTAL), ANTE A INEXIST\u00caNCIA NO OR\u00c7AMENTO VIGENTE."}, {"id": "111775", "ano": "2024", "numero": "135", "tipo__sigla": "PLO", "tipo__descricao": "Projeto de Lei Ordin\u00e1ria", "autoria": "PREFEITO MUNICIPAL", "texto_original": "http://sapl.garca.sp.leg.br/media/sapl/public/materialegislativa/2024/111775/pl_135-2024.pdf", "ementa": "ALTERA O ANEXO III DA LEI N\u00ba 5.435/2021 (PPA) E ALTERA O ANEXO IIA DA LEI N\u00ba 5.560/2023 (LDO), AUTORIZANDO A ABERTURA DE CR\u00c9DITO ESPECIAL NO IMPORTE DE R$ 100.000,00 (CEM MIL REAIS), OBJETIVANDO A UTILIZA\u00c7\u00c3O DE RECURSOS PROVENIENTES DE CONV\u00caNIO N\u00b0 567/2024 - PROCESSO N\u00ba SEDUC-PRC-2023-00608-DM, CELEBRADO COM O GOVERNO ESTADUAL, CONFORME EMENDA PARLAMENTAR N\u00b0 2023.009.449448 DA DEPUTADA ESTADUAL ANALICE FERNANDES."}, {"id": "111787", "ano": "2024", "numero": "136", "tipo__sigla": "PLO", "tipo__descricao": "Projeto de Lei Ordin\u00e1ria", "autoria": "PREFEITO MUNICIPAL", "texto_original": "http://sapl.garca.sp.leg.br/media/sapl/public/materialegislativa/2024/111787/pl_136-2024.pdf", "ementa": "DESAFETA E AUTORIZA O MUNIC\u00cdPIO A ALIENAR IM\u00d3VEL P\u00daBLICO QUE ESPECIFICA, POR MEIO DE LICITA\u00c7\u00c3O NA MODALIDADE LEIL\u00c3O, E D\u00c1 OUTRAS PROVID\u00caNCIAS - MATR\u00cdCULA N\u00ba 2.491."}, {"id": "111789", "ano": "2024", "numero": "137", "tipo__sigla": "PLO", "tipo__descricao": "Projeto de Lei Ordin\u00e1ria", "autoria": "PREFEITO MUNICIPAL", "texto_original": "http://sapl.garca.sp.leg.br/media/sapl/public/materialegislativa/2024/111789/pl_137-2024.pdf", "ementa": "ALTERA O ANEXO III DA LEI N\u00ba 5.435/2021 (PPA) E ALTERA O ANEXO IIA DA LEI N\u00ba 5.560/2023 (LDO), AUTORIZANDO A ABERTURA DE CR\u00c9DITO ESPECIAL, NO IMPORTE DE R$ 364.305,55 (TREZENTOS E SESSENTA E QUATRO MIL, TREZENTOS E CINCO REAIS E CINQUENTA E CINCO CENTAVOS), OBJETIVANDO A UTILIZA\u00c7\u00c3O DOS RECURSOS PROVENIENTES DE EMENDAS PARLAMENTARES DE AUTORIA DOS VEREADORES  RAFAEL FRABETTI E ADHEMAR KEMP MARCONDES DE MOURA FILHO E ABERTURA DE DOTA\u00c7\u00c3O COM CATEGORIA ESPEC\u00cdFICA  PARA CONTABILIZA\u00c7\u00c3O DE CONTRAPARTIDA REFERENTE A CONSTRU\u00c7\u00c3O DA UNIDADE DE SA\u00daDE JO\u00c3O ZAPATA/MONTE VERDE."}, {"id": "111791", "ano": "2024", "numero": "138", "tipo__sigla": "PLO", "tipo__descricao": "Projeto de Lei Ordin\u00e1ria", "autoria": "PREFEITO MUNICIPAL", "texto_original": "http://sapl.garca.sp.leg.br/media/sapl/public/materialegislativa/2024/111791/pl_138-2024.pdf", "ementa": "DISP\u00d5E SOBRE A INSTALA\u00c7\u00c3O DE SISTEMA DE CAPTA\u00c7\u00c3O DE ENERGIA SOLAR E DE SISTEMA DE CAPTA\u00c7\u00c3O, ARMAZENAMENTO E UTILIZA\u00c7\u00c3O DE \u00c1GUAS PLUVIAIS NAS CONSTRU\u00c7\u00d5ES DE NOVOS PR\u00c9DIOS P\u00daBLICOS MUNICIPAIS."}, {"id": "111816", "ano": "2024", "numero": "139", "tipo__sigla": "PLO", "tipo__descricao": "Projeto de Lei Ordin\u00e1ria", "autoria": "PREFEITO MUNICIPAL", "texto_original": "http://sapl.garca.sp.leg.br/media/sapl/public/materialegislativa/2024/111816/pl_139-2024.pdf", "ementa": "ALTERA A NATUREZA DE UTILIZA\u00c7\u00c3O DO LOTE 01, QUADRA B, LOCALIZADO NO JARDIM MORUMBI."}, {"id": "111817", "ano": "2024", "numero": "140", "tipo__sigla": "PLO", "tipo__descricao": "Projeto de Lei Ordin\u00e1ria", "autoria": "PREFEITO MUNICIPAL", "texto_original": "http://sapl.garca.sp.leg.br/media/sapl/public/materialegislativa/2024/111817/pl_140-2024.pdf", "ementa": "ALTERA A LEI MUNICIPAL N\u00ba 3.220, DE 23 DE DEZEMBRO DE 1997 E ALTERA\u00c7\u00d5ES, QUE DISP\u00d5E SOBRE O C\u00d3DIGO TRIBUT\u00c1RIO MUNICIPAL."}, {"id": "111837", "ano": "2024", "numero": "141", "tipo__sigla": "PLO", "tipo__descricao": "Projeto de Lei Ordin\u00e1ria", "autoria": "PREFEITO MUNICIPAL", "texto_original": "http://sapl.garca.sp.leg.br/media/sapl/public/materialegislativa/2024/111837/pl_141-2024.pdf", "ementa": "AUTORIZA A CONCESS\u00c3O, DE FORMA TEMPOR\u00c1RIA E EXCEPCIONAL, DE SUBVEN\u00c7\u00c3O SOCIAL \u00c0 COOPERATIVA DE RECICLAGEM DE GAR\u00c7A E REGI\u00c3O"}, {"id": "111856", "ano": "2024", "numero": "142", "tipo__sigla": "PLO", "tipo__descricao": "Projeto de Lei Ordin\u00e1ria", "autoria": "PREFEITO MUNICIPAL", "texto_original": "http://sapl.garca.sp.leg.br/media/sapl/public/materialegislativa/2024/111856/128.pdf", "ementa": "ALTERA O ANEXO III DA LEI N\u00ba 5.435/2021 (PPA) E ALTERA O ANEXO IIA DA LEI N\u00ba 5.560/2023 (LDO), AUTORIZANDO A ABERTURA DE CR\u00c9DITO ESPECIAL, NO IMPORTE DE R$ 41.811,70 (QUARENTA E UM MIL, OITOCENTOS E ONZE REAIS E SETENTA CENTAVOS), OBJETIVANDO A UTILIZA\u00c7\u00c3O DOS RECURSOS PROVENIENTES DA PORTARIA GM/MS N\u00b0 3.233/2024, DE 01/03/2024, REFERENTE AO PROGRAMA SUS DIGITAL."}, {"id": "111863", "ano": "2024", "numero": "143", "tipo__sigla": "PLO", "tipo__descricao": "Projeto de Lei Ordin\u00e1ria", "autoria": "Pedro Santos", "texto_original": "http://sapl.garca.sp.leg.br/media/sapl/public/materialegislativa/2024/111863/pl_143-2024_pedro.pdf", "ementa": "ALTERA A LEI N\u00ba 3.360, DE 05 DE NOVEMBRO DE 1999, A FIMDE POSSIBILITARAINSTALA\u00c7\u00c3O DE DEFENSAS DE CONCRETO EM CAL\u00c7ADAS DEFRONTE AOS ESTABELECIMENTOS COMERCIAIS"}, {"id": "111907", "ano": "2024", "numero": "144", "tipo__sigla": "PLO", "tipo__descricao": "Projeto de Lei Ordin\u00e1ria", "autoria": "PREFEITO MUNICIPAL", "texto_original": "http://sapl.garca.sp.leg.br/media/sapl/public/materialegislativa/2024/111907/pl_144-2024.pdf", "ementa": "AUTORIZA A TRANSFER\u00caNCIA DE \u00c1REA PARA EMPRESA COM ATIVIDADE EMPRESARIAL."}, {"id": "111927", "ano": "2024", "numero": "145", "tipo__sigla": "PLO", "tipo__descricao": "Projeto de Lei Ordin\u00e1ria", "autoria": "PREFEITO MUNICIPAL", "texto_original": "http://sapl.garca.sp.leg.br/media/sapl/public/materialegislativa/2024/111927/pl_145-2024.pdf", "ementa": "AUTORIZA O MUNIC\u00cdPIO DE GAR\u00c7A A CELEBRAR CONV\u00caNIO COM O ESTADO DE S\u00c3O PAULO, POR MEIO DA SECRETARIA DE CULTURA, ECONOMIA E IND\u00daSTRIA CRIATIVAS."}, {"id": "111928", "ano": "2024", "numero": "146", "tipo__sigla": "PLO", "tipo__descricao": "Projeto de Lei Ordin\u00e1ria", "autoria": "PREFEITO MUNICIPAL", "texto_original": "http://sapl.garca.sp.leg.br/media/sapl/public/materialegislativa/2024/111928/pl_146-2024.pdf", "ementa": "AUTORIZA A TRANSFER\u00caNCIA DE \u00c1REA PARA EMPRESA COM ATIVIDADE EMPRESARIAL - \"Motriz Qu\u00edmica LTDA\""}, {"id": "111931", "ano": "2024", "numero": "147", "tipo__sigla": "PLO", "tipo__descricao": "Projeto de Lei Ordin\u00e1ria", "autoria": "PREFEITO MUNICIPAL", "texto_original": "http://sapl.garca.sp.leg.br/media/sapl/public/materialegislativa/2024/111931/pl_147-2024.pdf", "ementa": "ESTIMA A RECEITA E FIXA A DESPESA PARA O EXERC\u00cdCIO FINANCEIRO DE 2025."}, {"id": "111965", "ano": "2024", "numero": "148", "tipo__sigla": "PLO", "tipo__descricao": "Projeto de Lei Ordin\u00e1ria", "autoria": "PREFEITO MUNICIPAL", "texto_original": "http://sapl.garca.sp.leg.br/media/sapl/public/materialegislativa/2024/111965/pl_148-2024.pdf", "ementa": "AUTORIZA A DOA\u00c7\u00c3O DE \u00c1REA PARA EMPRESA COM ATIVIDADE EMPRESARIAL \u2013 \u201cELETROPLAC E COM\u00c9RCIO LTDA - EPP\u201d"}, {"id": "111970", "ano": "2024", "numero": "149", "tipo__sigla": "PLO", "tipo__descricao": "Projeto de Lei Ordin\u00e1ria", "autoria": "PREFEITO MUNICIPAL", "texto_original": "http://sapl.garca.sp.leg.br/media/sapl/public/materialegislativa/2024/111970/pl_149-2024.pdf", "ementa": "AUTORIZA A DOA\u00c7\u00c3O DE \u00c1REA PARA EMPRESA COM ATIVIDADE EMPRESARIAL \u2013 \"IBL LOG\u00cdSTICA INTERNACIONAL LTDA\""}, {"id": "111974", "ano": "2024", "numero": "150", "tipo__sigla": "PLO", "tipo__descricao": "Projeto de Lei Ordin\u00e1ria", "autoria": "PREFEITO MUNICIPAL", "texto_original": "http://sapl.garca.sp.leg.br/media/sapl/public/materialegislativa/2024/111974/lc_013.pdf", "ementa": "ALTERA A LEI N\u00ba 2.785, DE 5 DE NOVEMBRO DE 1992, E A LEI N\u00ba 5.323, DE 18 DE OUTUBRO DE 2019, NO TOCANTE \u00c0 ORGANIZA\u00c7\u00c3O E O FUNCIONAMENTO DO IAPEN, E D\u00c1 OUTRAS PROVID\u00caNCIAS."}, {"id": "112010", "ano": "2024", "numero": "151", "tipo__sigla": "PLO", "tipo__descricao": "Projeto de Lei Ordin\u00e1ria", "autoria": "PREFEITO MUNICIPAL", "texto_original": "http://sapl.garca.sp.leg.br/media/sapl/public/materialegislativa/2024/112010/pl_151-2024.pdf", "ementa": "ALTERA A NATUREZA DE UTILIZA\u00c7\u00c3O DO LOTE 21, QUADRA 01, LOCALIZADO NO JARDIM ECOVILLE."}, {"id": "112019", "ano": "2024", "numero": "152", "tipo__sigla": "PLO", "tipo__descricao": "Projeto de Lei Ordin\u00e1ria", "autoria": "PREFEITO MUNICIPAL", "texto_original": "http://sapl.garca.sp.leg.br/media/sapl/public/materialegislativa/2024/112019/pl_152-2024.pdf", "ementa": "AUTORIZA A DOA\u00c7\u00c3O DE \u00c1REA PARA EMPRESA COM ATIVIDADE EMPRESARIAL \u201cCARLOS AUGUSTO TEIXEIRA PINTO\u201d, \u00c0 EMPRESA \u201cWSA IND\u00daSTRIA DE M\u00c1QUINAS E EQUIPAMENTOS DE SEGURAN\u00c7A LTDA.\u201d"}, {"id": "112021", "ano": "2024", "numero": "153", "tipo__sigla": "PLO", "tipo__descricao": "Projeto de Lei Ordin\u00e1ria", "autoria": "PREFEITO MUNICIPAL", "texto_original": "http://sapl.garca.sp.leg.br/media/sapl/public/materialegislativa/2024/112021/pl_153-2024.pdf", "ementa": "AUTORIZA A DOA\u00c7\u00c3O DE \u00c1REA PARA EMPRESA COM ATIVIDADE EMPRESARIAL \u201cCARLOS AUGUSTO TEIXEIRA PINTO\u201d, \u00c0 EMPRESA \u201cMAURO MAUR\u00cdCIO DA SILVA\u201d"}, {"id": "112023", "ano": "2024", "numero": "154", "tipo__sigla": "PLO", "tipo__descricao": "Projeto de Lei Ordin\u00e1ria", "autoria": "PREFEITO MUNICIPAL", "texto_original": "http://sapl.garca.sp.leg.br/media/sapl/public/materialegislativa/2024/112023/pl_154-2024.pdf", "ementa": "AUTORIZA A DOA\u00c7\u00c3O DE \u00c1REA PARA EMPRESA COM ATIVIDADE EMPRESARIAL \u201cCARLOS AUGUSTO TEIXEIRA PINTO\u201d, \u00c0 EMPRESA \u201cANT\u00d4NIO BUFFONI JUNIOR.\u201d"}, {"id": "112025", "ano": "2024", "numero": "155", "tipo__sigla": "PLO", "tipo__descricao": "Projeto de Lei Ordin\u00e1ria", "autoria": "PREFEITO MUNICIPAL", "texto_original": "http://sapl.garca.sp.leg.br/media/sapl/public/materialegislativa/2024/112025/pl_155-2024.pdf", "ementa": "AUTORIZA A DOA\u00c7\u00c3O DE \u00c1REA PARA EMPRESA COM ATIVIDADE EMPRESARIAL \u201cCARLOS AUGUSTO TEIXEIRA PINTO\u201d, \u00c0 EMPRESA \u201cL. O. GALV\u00c3O BOSQUE\u201d"}, {"id": "112027", "ano": "2024", "numero": "156", "tipo__sigla": "PLO", "tipo__descricao": "Projeto de Lei Ordin\u00e1ria", "autoria": "PREFEITO MUNICIPAL", "texto_original": "http://sapl.garca.sp.leg.br/media/sapl/public/materialegislativa/2024/112027/pl_156-2024.pdf", "ementa": "EXTINGUE O CONS\u00d3RCIO INTERMUNICIPAL PR\u00d3-RECUPERA\u00c7\u00c3O DO RIO DO PEIXE FIRMADO ENTRE OS MUNIC\u00cdPIOS DE GAR\u00c7A, LUP\u00c9RCIO, MAR\u00cdLIA, VERA CRUZ E OCAU\u00c7U."}, {"id": "112045", "ano": "2024", "numero": "157", "tipo__sigla": "PLO", "tipo__descricao": "Projeto de Lei Ordin\u00e1ria", "autoria": "PREFEITO MUNICIPAL", "texto_original": "http://sapl.garca.sp.leg.br/media/sapl/public/materialegislativa/2024/112045/pl_157-2024.pdf", "ementa": "ALTERA A LEI MUNICIPAL N\u00ba 4.388, DE 02 DE DEZEMBRO DE 2009 E ALTERA\u00c7\u00d5ES, QUE DISP\u00d5E SOBRE O PARCELAMENTO DO SOLO NO MUNIC\u00cdPIO DE GAR\u00c7A."}, {"id": "112046", "ano": "2024", "numero": "158", "tipo__sigla": "PLO", "tipo__descricao": "Projeto de Lei Ordin\u00e1ria", "autoria": "PREFEITO MUNICIPAL", "texto_original": "http://sapl.garca.sp.leg.br/media/sapl/public/materialegislativa/2024/112046/pl_158-2024.pdf", "ementa": "ALTERA O ANEXO 12 DA LEI MUNICIPAL N\u00ba 5.626 DE 14 DE DEZEMBRO DE 2023, QUE ESTIMA A RECEITA E FIXA A DESPESA PARA O EXERC\u00cdCIO FINANCEIRO DE 2024."}, {"id": "112047", "ano": "2024", "numero": "159", "tipo__sigla": "PLO", "tipo__descricao": "Projeto de Lei Ordin\u00e1ria", "autoria": "PREFEITO MUNICIPAL", "texto_original": "http://sapl.garca.sp.leg.br/media/sapl/public/materialegislativa/2024/112047/pl_159-2024.pdf", "ementa": "AUTORIZA A DOA\u00c7\u00c3O DE \u00c1REA PARA EMPRESA COM ATIVIDADE EMPRESARIAL NO DISTRITO EMPRESARIAL \u201cCARLOS AUGUSTO TEIXEIRA PINTO\u201d \u00c0 EMPRESA \u201cLUSITEC USINAGEM LTDA\u201d"}, {"id": "112052", "ano": "2024", "numero": "160", "tipo__sigla": "PLO", "tipo__descricao": "Projeto de Lei Ordin\u00e1ria", "autoria": "PREFEITO MUNICIPAL", "texto_original": "http://sapl.garca.sp.leg.br/media/sapl/public/materialegislativa/2024/112052/pl_160-2024.pdf", "ementa": "AUTORIZA A TRANSFER\u00caNCIA DE \u00c1REA PARA EMPRESA COM ATIVIDADE EMPRESARIAL - LOTES 14, 15 E 16 DA QUADRA \u201cD\u201d, DO DISTRITO INDUSTRIAL \u201cL\u00daCIO DE OLIVEIRA LIMA SOBRINHO\u201d, ANTERIORMENTE DOADA PARA \u201cANDR\u00c9 BRESSAN DE PAULA\u201d, \u00c0 EMPRESA \u201cHENLAU QU\u00cdMICA EIRELI\u201d"}, {"id": "112054", "ano": "2024", "numero": "161", "tipo__sigla": "PLO", "tipo__descricao": "Projeto de Lei Ordin\u00e1ria", "autoria": "PREFEITO MUNICIPAL", "texto_original": "http://sapl.garca.sp.leg.br/media/sapl/public/materialegislativa/2024/112054/pl_161-2024.pdf", "ementa": "AUTORIZA A DOA\u00c7\u00c3O DE \u00c1REA PARA EMPRESA COM ATIVIDADE EMPRESARIAL NO DISTRITO EMPRESARIAL \u201cCARLOS AUGUSTO TEIXEIRA PINTO\u201d \u00c0 EMPRESA \u201cPLASTEC USINAGEM LTDA\u201d"}, {"id": "112056", "ano": "2024", "numero": "162", "tipo__sigla": "PLO", "tipo__descricao": "Projeto de Lei Ordin\u00e1ria", "autoria": "PREFEITO MUNICIPAL", "texto_original": "http://sapl.garca.sp.leg.br/media/sapl/public/materialegislativa/2024/112056/pl_162-2024.pdf", "ementa": "ALTERA O ANEXO III DA LEI N\u00ba 5.435/2021 (PPA) E ALTERA O ANEXO IIA DA LEI N\u00ba 5.560/2023 (LDO), AUTORIZANDO A ABERTURA DE CR\u00c9DITO ESPECIAL, NO VALOR DE R$ 188.973,17 (CENTO E OITENTA E OITO MIL, NOVECENTOS E SETENTA E TR\u00caS REAIS E DEZESSETE CENTAVOS), OBJETIVANDO A ABERTURA DE DOTA\u00c7\u00c3O PARA A UTILIZA\u00c7\u00c3O DE RECURSOS PROVENIENTES DA ALIENA\u00c7\u00c3O DE BENS E SEUS RENDIMENTOS FINANCEIROS, ANTE A INEXIST\u00caNCIA NO OR\u00c7AMENTO VIGENTE."}, {"id": "112094", "ano": "2024", "numero": "163", "tipo__sigla": "PLO", "tipo__descricao": "Projeto de Lei Ordin\u00e1ria", "autoria": "PREFEITO MUNICIPAL", "texto_original": "http://sapl.garca.sp.leg.br/media/sapl/public/materialegislativa/2024/112094/pl_163-2024.pdf", "ementa": "DISP\u00d5E SOBRE DENOMINA\u00c7\u00c3O DE IM\u00d3VEL P\u00daBLICO \u2013 CENTRO DE EDUCA\u00c7\u00c3O E INOVA\u00c7\u00c3O \u2013 CEI - \u201cMARIA JOS\u00c9 VALSECHI CONESSA\u201d"}, {"id": "112096", "ano": "2024", "numero": "164", "tipo__sigla": "PLO", "tipo__descricao": "Projeto de Lei Ordin\u00e1ria", "autoria": "PREFEITO MUNICIPAL", "texto_original": "http://sapl.garca.sp.leg.br/media/sapl/public/materialegislativa/2024/112096/pl_164-2024.pdf", "ementa": "DISP\u00d5E SOBRE DENOMINA\u00c7\u00c3O DE IM\u00d3VEL P\u00daBLICO - \u00c1REA ESPORTIVA A SER INSTALADA NA \u00c1REA INSTITUCIONAL 1, LOCALIZADA NO LOTEAMENTO \u201cJARDIM VISTA VERDE\u201d, LOCALIZADO NO PER\u00cdMETRO URBANO DO DISTRITO DE JAFA, MATR\u00cdCULA N\u00ba 29031 - \u201cSALVADOR DE JESUS PEREIRA\u201d"}, {"id": "112098", "ano": "2024", "numero": "165", "tipo__sigla": "PLO", "tipo__descricao": "Projeto de Lei Ordin\u00e1ria", "autoria": "PREFEITO MUNICIPAL", "texto_original": "http://sapl.garca.sp.leg.br/media/sapl/public/materialegislativa/2024/112098/pl_165-2024.pdf", "ementa": "DESAFETA \u00c1REA INSTITCIONAL 03 E 04 DO LOTEAMENTO DENOMINADO \u201cQUINTA DA BARONESA\u201d, E D\u00c1 OUTRAS PROVID\u00caNCIAS."}, {"id": "112132", "ano": "2024", "numero": "166", "tipo__sigla": "PLO", "tipo__descricao": "Projeto de Lei Ordin\u00e1ria", "autoria": "PREFEITO MUNICIPAL", "texto_original": "http://sapl.garca.sp.leg.br/media/sapl/public/materialegislativa/2024/112132/pl_166-2024.pdf", "ementa": "ALTERA A NATUREZA DE UTILIZA\u00c7\u00c3O DO LOTE 394, DA QUADRA 14, LOCALIZADO NO BAIRRRO JARDIM IMPERADOR \u2013 RUA PEDRO MATULIONES, N\u00ba 72"}, {"id": "112134", "ano": "2024", "numero": "167", "tipo__sigla": "PLO", "tipo__descricao": "Projeto de Lei Ordin\u00e1ria", "autoria": "PREFEITO MUNICIPAL", "texto_original": "http://sapl.garca.sp.leg.br/media/sapl/public/materialegislativa/2024/112134/pl_167-2024.pdf", "ementa": "AUTORIZA A DOA\u00c7\u00c3O DE \u00c1REA PARA EMPRESA COM ATIVIDADE EMPRESARIAL NO DISTRITO EMPRESARIAL \u201cCARLOS AUGUSTO TEIXEIRA PINTO\u201d \u00c0 EMPRESA \u201cADESIVA IMPRESS\u00d5ES DE ETIQUETAS E PLACAS IND\u00daSTRIA LTDA\u201d E REVOGA A LEI N\u00ba 5.571/23"}, {"id": "112158", "ano": "2024", "numero": "168", "tipo__sigla": "PLO", "tipo__descricao": "Projeto de Lei Ordin\u00e1ria", "autoria": "PREFEITO MUNICIPAL", "texto_original": "http://sapl.garca.sp.leg.br/media/sapl/public/materialegislativa/2024/112158/pl_168-2024.pdf", "ementa": "ALTERA O ANEXO III DA LEI N\u00ba 5.435/2021 (PPA) E ALTERA O ANEXO IIA DA LEI N\u00ba 5.560/2023 (LDO), AUTORIZANDO A ABERTURA DE CR\u00c9DITO ESPECIAL, NO IMPORTE DE R$ 30.000,00 (TRINTA MIL REAIS), OBJETIVANDO A UTILIZA\u00c7\u00c3O DE RECURSOS ESTADUAIS PROVENIENTES DA ADES\u00c3O DO MUNIC\u00cdPIO AO SISTEMA ESTADUAL DE DESENVOLVIMENTO RURAL SUSTENT\u00c1VEL \u2013 CIDADANIA NO CAMPO E AS DIRETRIZES DO PROGRAMA \"CIDADANIA NO CAMPO \u2013 MUNIC\u00cdPIO AGRO\", DESTINADOS \u00c0 MANUTEN\u00c7\u00c3O E AQUISI\u00c7\u00c3O DE PE\u00c7AS DE REPOSI\u00c7\u00c3O PARA A FROTA DOS TRATORES E IMPLEMENTOS DA SECRETARIA MUNICIPAL DE AGRICULTURA E MEIO AMBIENTE, CONFORME CONV\u00caNIO CELEBRADO COM A SECRETARIA ESTADUAL DE AGRICULTURA E ABASTECIMENTO."}, {"id": "112162", "ano": "2024", "numero": "169", "tipo__sigla": "PLO", "tipo__descricao": "Projeto de Lei Ordin\u00e1ria", "autoria": "PREFEITO MUNICIPAL", "texto_original": "http://sapl.garca.sp.leg.br/media/sapl/public/materialegislativa/2024/112162/pl_169-2024.pdf", "ementa": "DESAFETA E AUTORIZA O MUNIC\u00cdPIO A ALIENAR IM\u00d3VEL P\u00daBLICO QUE ESPECIFICA, POR MEIO DE LICITA\u00c7\u00c3O NA MODALIDADE LEIL\u00c3O, E D\u00c1 OUTRAS PROVID\u00caNCIAS, LOCALIZADO NO SISTEMA DE LAZER DO LOTEAMENTO JARDIM MONDRIAN \u2013 MATR\u00cdCULA N\u00ba 33541 DO CRI LOCAL"}, {"id": "112163", "ano": "2024", "numero": "170", "tipo__sigla": "PLO", "tipo__descricao": "Projeto de Lei Ordin\u00e1ria", "autoria": "PREFEITO MUNICIPAL", "texto_original": "http://sapl.garca.sp.leg.br/media/sapl/public/materialegislativa/2024/112163/pl_170-2024.pdf", "ementa": "DESAFETA E AUTORIZA O MUNIC\u00cdPIO A ALIENAR IM\u00d3VEL P\u00daBLICO QUE ESPECIFICA, POR MEIO DE LICITA\u00c7\u00c3O NA MODALIDADE LEIL\u00c3O, E D\u00c1 OUTRAS PROVID\u00caNCIAS, LOCALIZADO NO SISTEMA DE LAZER DO LOTEAMENTO JARDIM MONDRIAN \u2013 MATR\u00cdCULA N\u00ba 33.542 DO CRI LOCAL"}, {"id": "112164", "ano": "2024", "numero": "171", "tipo__sigla": "PLO", "tipo__descricao": "Projeto de Lei Ordin\u00e1ria", "autoria": "PREFEITO MUNICIPAL", "texto_original": "http://sapl.garca.sp.leg.br/media/sapl/public/materialegislativa/2024/112164/pl_171-2024.pdf", "ementa": "DESAFETA E AUTORIZA O MUNIC\u00cdPIO A ALIENAR IM\u00d3VEL P\u00daBLICO QUE ESPECIFICA, POR MEIO DE LICITA\u00c7\u00c3O NA MODALIDADE LEIL\u00c3O, E D\u00c1 OUTRAS PROVID\u00caNCIAS, LOCALIZADO NO SISTEMA DE LAZER DO LOTEAMENTO JARDIM MONDRIAN \u2013 MATR\u00cdCULA N\u00ba 33.543 DO CRI LOCAL"}, {"id": "112165", "ano": "2024", "numero": "172", "tipo__sigla": "PLO", "tipo__descricao": "Projeto de Lei Ordin\u00e1ria", "autoria": "PREFEITO MUNICIPAL", "texto_original": "http://sapl.garca.sp.leg.br/media/sapl/public/materialegislativa/2024/112165/pl_172-2024.pdf", "ementa": "DESAFETA E AUTORIZA O MUNIC\u00cdPIO A ALIENAR IM\u00d3VEL P\u00daBLICO QUE ESPECIFICA, POR MEIO DE LICITA\u00c7\u00c3O NA MODALIDADE LEIL\u00c3O, E D\u00c1 OUTRAS PROVID\u00caNCIAS, LOCALIZADO NO SISTEMA DE LAZER DO LOTEAMENTO JARDIM MONDRIAN \u2013 MATR\u00cdCULA N\u00ba 33.544 DO CRI LOCAL"}, {"id": "112166", "ano": "2024", "numero": "173", "tipo__sigla": "PLO", "tipo__descricao": "Projeto de Lei Ordin\u00e1ria", "autoria": "PREFEITO MUNICIPAL", "texto_original": "http://sapl.garca.sp.leg.br/media/sapl/public/materialegislativa/2024/112166/pl_173-2024.pdf", "ementa": "DESAFETA E AUTORIZA O MUNIC\u00cdPIO A ALIENAR IM\u00d3VEL P\u00daBLICO QUE ESPECIFICA, POR MEIO DE LICITA\u00c7\u00c3O NA MODALIDADE LEIL\u00c3O, E D\u00c1 OUTRAS PROVID\u00caNCIAS, LOCALIZADO NO SISTEMA DE LAZER DO LOTEAMENTO JARDIM MONDRIAN \u2013 MATR\u00cdCULA N\u00ba 33.545 DO CRI LOCAL"}, {"id": "112176", "ano": "2024", "numero": "174", "tipo__sigla": "PLO", "tipo__descricao": "Projeto de Lei Ordin\u00e1ria", "autoria": "PREFEITO MUNICIPAL", "texto_original": "http://sapl.garca.sp.leg.br/media/sapl/public/materialegislativa/2024/112176/pl_174-2024.pdf", "ementa": "ALTERA OS ANEXOS DE METAS ANUAIS, METAS FISCAIS ATUAIS COMPARADAS COM AS FIXADAS NOS TR\u00caS EXERC\u00cdCIOS ANTERIORES E DE RISCOS FISCAIS DA LEI MUNICIPAL N\u00ba 5.732, DE 02 DE JULHO DE 2024, QUE DISP\u00d5E SOBRE AS DIRETRIZES OR\u00c7AMENT\u00c1RIAS PARA A ELABORA\u00c7\u00c3O DA LEI OR\u00c7AMENT\u00c1RIA ANUAL DE 2025"}, {"id": "112201", "ano": "2024", "numero": "175", "tipo__sigla": "PLO", "tipo__descricao": "Projeto de Lei Ordin\u00e1ria", "autoria": "Elaine Oliveira", "texto_original": "http://sapl.garca.sp.leg.br/media/sapl/public/materialegislativa/2024/112201/pl_175-2024.pdf", "ementa": "DECLARA DE UTILIDADE P\u00daBLICA O \u201cGRUPO ESP\u00cdRITA FRATERNIDADE\u201d"}, {"id": "112215", "ano": "2024", "numero": "176", "tipo__sigla": "PLO", "tipo__descricao": "Projeto de Lei Ordin\u00e1ria", "autoria": "PREFEITO MUNICIPAL", "texto_original": "http://sapl.garca.sp.leg.br/media/sapl/public/materialegislativa/2024/112215/pl_176-2024.pdf", "ementa": "AUTORIZA A TRANSFER\u00caNCIA DE \u00c1REA PARA EMPRESA COM ATIVIDADE EMPRESARIAL."}, {"id": "112227", "ano": "2024", "numero": "177", "tipo__sigla": "PLO", "tipo__descricao": "Projeto de Lei Ordin\u00e1ria", "autoria": "PREFEITO MUNICIPAL", "texto_original": "http://sapl.garca.sp.leg.br/media/sapl/public/materialegislativa/2024/112227/pl_177-2024.pdf", "ementa": "AUTORIZA A DOA\u00c7\u00c3O DE \u00c1REA PARA EMPRESA COM ATIVIDADE EMPRESARIAL NO DISTRITO EMPRESARIAL \u201cCARLOS AUGUSTO TEIXEIRA PINTO\u201d \u00c0 EMPRESA \u201cZANCOP\u00c9 PARTICIPA\u00c7\u00d5ES E INVESTIMENTOS LTDA.\u201d"}, {"id": "112238", "ano": "2024", "numero": "178", "tipo__sigla": "PLO", "tipo__descricao": "Projeto de Lei Ordin\u00e1ria", "autoria": "PREFEITO MUNICIPAL", "texto_original": "http://sapl.garca.sp.leg.br/media/sapl/public/materialegislativa/2024/112238/pl_178-2024.pdf", "ementa": "Altera a Lei Municipal n\u00ba 3.220, de 23 de dezembro de 1997, que disp\u00f5e sobre o C\u00f3digo Tribut\u00e1rio Municipal."}, {"id": "112248", "ano": "2024", "numero": "179", "tipo__sigla": "PLO", "tipo__descricao": "Projeto de Lei Ordin\u00e1ria", "autoria": "PREFEITO MUNICIPAL", "texto_original": "http://sapl.garca.sp.leg.br/media/sapl/public/materialegislativa/2024/112248/plei_162.pdf", "ementa": "AUTORIZA A DOA\u00c7\u00c3O DE \u00c1REA PARA EMPRESA COM ATIVIDADE EMPRESARIAL NO DISTRITO EMPRESARIAL \u201cCARLOS AUGUSTO TEIXEIRA PINTO\u201d \u00c0 EMPRESA \u201cCESTARI NUTRI\u00c7\u00c3O ANIMAL LTDA.\u201d"}, {"id": "112250", "ano": "2024", "numero": "180", "tipo__sigla": "PLO", "tipo__descricao": "Projeto de Lei Ordin\u00e1ria", "autoria": "PREFEITO MUNICIPAL", "texto_original": "http://sapl.garca.sp.leg.br/media/sapl/public/materialegislativa/2024/112250/plei_163.pdf", "ementa": "AUTORIZA A DOA\u00c7\u00c3O DE \u00c1REA PARA EMPRESA COM ATIVIDADE EMPRESARIAL NO DISTRITO EMPRESARIAL \u201cCARLOS AUGUSTO TEIXEIRA PINTO\u201d \u00c0 EMPRESA \u201cIND\u00daSTRIAS MARQUES DA COSTA LTDA.\u201d"}, {"id": "110902", "ano": "2024", "numero": "1", "tipo__sigla": "PRE", "tipo__descricao": "Projeto de Resolu\u00e7\u00e3o", "autoria": "Mesa Diretora", "texto_original": "http://sapl.garca.sp.leg.br/media/sapl/public/materialegislativa/2024/110902/pr_01-2024.pdf", "ementa": "FIXA OS SUBS\u00cdDIOS DOS VEREADORES PARA A 21\u00aa LEGISLATURA (2025/2028) E D\u00c1 OUTRAS PROVID\u00caNCIAS"}, {"id": "111553", "ano": "2024", "numero": "2", "tipo__sigla": "PRE", "tipo__descricao": "Projeto de Resolu\u00e7\u00e3o", "autoria": "Rodrigo Gutierres", "texto_original": "http://sapl.garca.sp.leg.br/media/sapl/public/materialegislativa/2024/111553/pr_02-2024.pdf", "ementa": "FIXA OS SUBS\u00cdDIOS DOS VEREADORES PARA A 21\u00aa LEGISLATURA (2025/2028) E D\u00c1 OUTRAS PROVID\u00caNCIAS."}, {"id": "110629", "ano": "2024", "numero": "1", "tipo__sigla": "PELO", "tipo__descricao": "Proposta de Emenda a Lei Org\u00e2nica", "autoria": "Adhemar Kemp Marcondes de Moura Filho, Antonio Franco dos Santos - Bacana, Lico, Marcelo Miranda, Marquinho Moreira, Pedro Santos", "texto_original": "http://sapl.garca.sp.leg.br/media/sapl/public/materialegislativa/2024/110629/01_-_pelom_01-2024.pdf", "ementa": "ALTERA A LEI ORG\u00c2NICA DO MUNIC\u00cdPIO DE GAR\u00c7A, DISPONDO SOBRE A COMPET\u00caNCIA PARA DENOMINA\u00c7\u00c3O DE PR\u00d3PRIOS, VIAS E  LOGRADOUROS P\u00daBLICOS DO MUNIC\u00cdPIO DE GAR\u00c7A."}, {"id": "112018", "ano": "2024", "numero": "2", "tipo__sigla": "PELO", "tipo__descricao": "Proposta de Emenda a Lei Org\u00e2nica", "autoria": "Adhemar Kemp Marcondes de Moura Filho, Antonio Franco dos Santos - Bacana, Elaine Oliveira, Fabinho Polisinani, F\u00e1bio Santos, Lico, Lucas Cateto, Marquinho Moreira, Rafael Frabetti, Rodrigo Gutierres, Tenente Almeida", "texto_original": "http://sapl.garca.sp.leg.br/media/sapl/public/materialegislativa/2024/112018/02_-_emendas_impositivas_2_11.pdf", "ementa": "ALTERA O ART. 312 DA LEI ORG\u00c2NICA DO MUNIC\u00cdPIO DE GAR\u00c7A, NO TOCANTE AO PERCENTUAL DESTINADO \u00c0S EMENDAS INDIVIDUAIS"}, {"id": "110492", "ano": "2024", "numero": "1", "tipo__sigla": "REQ", "tipo__descricao": "Requerimento", "autoria": "Marquinho Moreira", "texto_original": "http://sapl.garca.sp.leg.br/media/sapl/public/materialegislativa/2024/110492/reqts_2024-0001.pdf", "ementa": "Solicitando ao Prefeito informar a possibilidade de realizar a limpeza geral na linha f\u00e9rrea, pr\u00f3ximo a empresa Garen, bem como realizar a restaura\u00e7\u00e3o do asfalto e desentupimento do bueiro ali existente."}, {"id": "110493", "ano": "2024", "numero": "2", "tipo__sigla": "REQ", "tipo__descricao": "Requerimento", "autoria": "Marquinho Moreira", "texto_original": "http://sapl.garca.sp.leg.br/media/sapl/public/materialegislativa/2024/110493/reqts_2024-0002.pdf", "ementa": "Solicitando ao Prefeito informar a possibilidade de realizar a instala\u00e7\u00e3o de bancos no campinho localizado na Avenida da Saudade."}, {"id": "110494", "ano": "2024", "numero": "3", "tipo__sigla": "REQ", "tipo__descricao": "Requerimento", "autoria": "Marquinho Moreira", "texto_original": "http://sapl.garca.sp.leg.br/media/sapl/public/materialegislativa/2024/110494/reqts_2024-0003.pdf", "ementa": "Solicitando um Voto de Congratula\u00e7\u00f5es e Aplausos a todos os funcion\u00e1rios que trabalham nas resid\u00eancias terap\u00eauticas por desempenharam seu mister com muito amor e dedica\u00e7\u00e3o aos pacientes que tanto precisam de carinho e acolhimento."}, {"id": "110495", "ano": "2024", "numero": "4", "tipo__sigla": "REQ", "tipo__descricao": "Requerimento", "autoria": "Marquinho Moreira", "texto_original": "http://sapl.garca.sp.leg.br/media/sapl/public/materialegislativa/2024/110495/reqts_2024-0004.pdf", "ementa": "Convidando o Sr. J\u00falio Cesar Martins, secret\u00e1rio municipal de esporte, juventude e lazer, a comparecer na 3\u00aa Sess\u00e3o Ordin\u00e1ria de 2024 a ser realizada no dia 19 de fevereiro de 2023, a partir das 17h15 para falar sobre os trabalhos de sua secretaria."}, {"id": "110496", "ano": "2024", "numero": "5", "tipo__sigla": "REQ", "tipo__descricao": "Requerimento", "autoria": "Marquinho Moreira", "texto_original": "http://sapl.garca.sp.leg.br/media/sapl/public/materialegislativa/2024/110496/reqts_2024-0005.pdf", "ementa": "Solicitando ao Prefeito informar o j\u00e1 foi feito e/ou o que falta para libera\u00e7\u00e3o da ponte localizada atr\u00e1s da empresa Garen."}, {"id": "110513", "ano": "2024", "numero": "6", "tipo__sigla": "REQ", "tipo__descricao": "Requerimento", "autoria": "Adhemar Kemp Marcondes de Moura Filho", "texto_original": "http://sapl.garca.sp.leg.br/media/sapl/public/materialegislativa/2024/110513/reqts_2024-0006.pdf", "ementa": "Solicitando ao Prefeito informa\u00e7\u00f5es sobre nomea\u00e7\u00e3o de fun\u00e7\u00e3o gratificada de Coordenador Pedag\u00f3gico."}, {"id": "110514", "ano": "2024", "numero": "7", "tipo__sigla": "REQ", "tipo__descricao": "Requerimento", "autoria": "Adhemar Kemp Marcondes de Moura Filho", "texto_original": "http://sapl.garca.sp.leg.br/media/sapl/public/materialegislativa/2024/110514/reqts_2024-0007.pdf", "ementa": "Solicitando ao Prefeito informa\u00e7\u00f5es sobre nomea\u00e7\u00e3o de diretor de departamento."}, {"id": "110515", "ano": "2024", "numero": "8", "tipo__sigla": "REQ", "tipo__descricao": "Requerimento", "autoria": "Adhemar Kemp Marcondes de Moura Filho", "texto_original": "http://sapl.garca.sp.leg.br/media/sapl/public/materialegislativa/2024/110515/reqts_2024-0008.pdf", "ementa": "Solicitando um voto de Congratula\u00e7\u00f5es e Aplausos ao Coletivo de Mulheres de Gar\u00e7a, pelos relevantes trabalhos realizados."}, {"id": "110516", "ano": "2024", "numero": "9", "tipo__sigla": "REQ", "tipo__descricao": "Requerimento", "autoria": "Adhemar Kemp Marcondes de Moura Filho", "texto_original": "http://sapl.garca.sp.leg.br/media/sapl/public/materialegislativa/2024/110516/reqts_2024-0009.pdf", "ementa": "Solicitando ao Prefeito que informe se est\u00e1 nos planos da atual administra\u00e7\u00e3o, em seu \u00faltimo ano de mandato, efetuar alguma medida visando acabar com diversos pontos de alagamentos em nosso munic\u00edpio."}, {"id": "110517", "ano": "2024", "numero": "10", "tipo__sigla": "REQ", "tipo__descricao": "Requerimento", "autoria": "Adhemar Kemp Marcondes de Moura Filho", "texto_original": "http://sapl.garca.sp.leg.br/media/sapl/public/materialegislativa/2024/110517/reqts_2024-0010.pdf", "ementa": "Solicitando a Mitra Diocesana para que informe a previs\u00e3o de proceder a manuten\u00e7\u00e3o das l\u00e2mpadas da pra\u00e7a da Igreja Matriz."}, {"id": "110518", "ano": "2024", "numero": "11", "tipo__sigla": "REQ", "tipo__descricao": "Requerimento", "autoria": "Adhemar Kemp Marcondes de Moura Filho", "texto_original": "http://sapl.garca.sp.leg.br/media/sapl/public/materialegislativa/2024/110518/reqts_2024-0011.pdf", "ementa": "Solicitando ao Prefeito informar se ser\u00e1 pago Incentivo Financeiro Adicional aos Agentes Comunit\u00e1rios de Sa\u00fade e Agentes de Combate \u00e0s Endemias."}, {"id": "110559", "ano": "2024", "numero": "12", "tipo__sigla": "REQ", "tipo__descricao": "Requerimento", "autoria": "F\u00e1bio Santos", "texto_original": "http://sapl.garca.sp.leg.br/media/sapl/public/materialegislativa/2024/110559/reqts_2024-0012.pdf", "ementa": "Solicitando ao Prefeito informar a possibilidade de realizar manuten\u00e7\u00e3o nos bebedouros das unidades de sa\u00fade de nosso munic\u00edpio e aquisi\u00e7\u00e3o nas que n\u00e3o possu\u00edrem."}, {"id": "110560", "ano": "2024", "numero": "13", "tipo__sigla": "REQ", "tipo__descricao": "Requerimento", "autoria": "F\u00e1bio Santos", "texto_original": "http://sapl.garca.sp.leg.br/media/sapl/public/materialegislativa/2024/110560/reqts_2024-0013.pdf", "ementa": "Solicitando ao Prefeito informar a possibilidade de instalar um bebedouro na USF Dr. D\u00e9cio Nobre Moreira, em Vila Araceli."}, {"id": "110566", "ano": "2024", "numero": "14", "tipo__sigla": "REQ", "tipo__descricao": "Requerimento", "autoria": "Fabinho Polisinani", "texto_original": "http://sapl.garca.sp.leg.br/media/sapl/public/materialegislativa/2024/110566/reqts_2024-0014.pdf", "ementa": "Solicitando ao Prefeito informar a possibilidade de realizar manuten\u00e7\u00e3o na ilumina\u00e7\u00e3o p\u00fablica na Rua Jos\u00e9 de Oliveira Souto, defronte ao numeral 265."}, {"id": "110567", "ano": "2024", "numero": "15", "tipo__sigla": "REQ", "tipo__descricao": "Requerimento", "autoria": "Fabinho Polisinani", "texto_original": "http://sapl.garca.sp.leg.br/media/sapl/public/materialegislativa/2024/110567/reqts_2024-0015.pdf", "ementa": "Solicitando ao Prefeito informar a possibilidade de realizar a instala\u00e7\u00e3o de um redutor de velocidades na Av. Ricardo Traven\u00e7olo, na altura do numeral 139."}, {"id": "110568", "ano": "2024", "numero": "16", "tipo__sigla": "REQ", "tipo__descricao": "Requerimento", "autoria": "Lico", "texto_original": "http://sapl.garca.sp.leg.br/media/sapl/public/materialegislativa/2024/110568/reqts_2024-0016.pdf", "ementa": "Solicitando ao governador do estado de S\u00e3o Paulo, Tarc\u00edsio de Freitas para que informe se h\u00e1 estudos e/ou a possibilidade de instalar sistema de\r\nvideomonitoramento, tanto na parte interna como na cercania, em todas as escolas do estado, visando garantir maior seguran\u00e7a \u00e0s crian\u00e7as e jovens de nosso estado."}, {"id": "110569", "ano": "2024", "numero": "17", "tipo__sigla": "REQ", "tipo__descricao": "Requerimento", "autoria": "Lico", "texto_original": "http://sapl.garca.sp.leg.br/media/sapl/public/materialegislativa/2024/110569/reqts_2024-0017.pdf", "ementa": "Solicitando ao secret\u00e1rio de seguran\u00e7a do estado, Guilherme Derrite, para que informe se h\u00e1 estudos e/ou a possibilidade de instalar sistema de videomonitoramento, tanto na parte interna como na cercania, em todas as escolas do estado, visando garantir maior seguran\u00e7a \u00e0s crian\u00e7as e jovens de nosso estado."}, {"id": "110570", "ano": "2024", "numero": "18", "tipo__sigla": "REQ", "tipo__descricao": "Requerimento", "autoria": "Lico", "texto_original": "http://sapl.garca.sp.leg.br/media/sapl/public/materialegislativa/2024/110570/reqts_2024-0018.pdf", "ementa": "Solicitando ao ministro da justi\u00e7a e seguran\u00e7a p\u00fablica para que informe se h\u00e1 estudos e/ou a possibilidade de instalar sistema de  videomonitoramento, tanto na parte interna como na cercania, em todas as escolas do estado, visando garantir maior seguran\u00e7a."}, {"id": "110573", "ano": "2024", "numero": "19", "tipo__sigla": "REQ", "tipo__descricao": "Requerimento", "autoria": "Rodrigo Gutierres", "texto_original": "http://sapl.garca.sp.leg.br/media/sapl/public/materialegislativa/2024/110573/reqts_2024-0019.pdf", "ementa": "Solicitando um Voto de Congratula\u00e7\u00f5es e Aplausos ao jovem atleta Matheus Henrique Correia dos Santos, morador do distrito de Jafa, pela relevante e importante conquista da sexta coloca\u00e7\u00e3o em sua categoria e em 61\u00ba lugar geral, ficando entre os 70 melhores atletas na tradicional Corrida Internacional de S\u00e3o Silvestre de 2023."}, {"id": "110574", "ano": "2024", "numero": "20", "tipo__sigla": "REQ", "tipo__descricao": "Requerimento", "autoria": "Rodrigo Gutierres", "texto_original": "http://sapl.garca.sp.leg.br/media/sapl/public/materialegislativa/2024/110574/reqts_2024-0020.pdf", "ementa": "Solicitando ao Prefeito informar a possibilidade de realizar pintura de sinaliza\u00e7\u00e3o de solo em toda a extens\u00e3o do distrito de Jafa, visando contribuir para a seguran\u00e7a vi\u00e1ria e a organiza\u00e7\u00e3o do tr\u00e2nsito."}, {"id": "110575", "ano": "2024", "numero": "21", "tipo__sigla": "REQ", "tipo__descricao": "Requerimento", "autoria": "Pedro Santos", "texto_original": "http://sapl.garca.sp.leg.br/media/sapl/public/materialegislativa/2024/110575/reqts_2024-0021.pdf", "ementa": "Solicitando ao Prefeito informa\u00e7\u00f5es sobre falta de esparadrapo e material de baixa qualidade na UPA e no hospital S\u00e3o Lucas."}, {"id": "110576", "ano": "2024", "numero": "22", "tipo__sigla": "REQ", "tipo__descricao": "Requerimento", "autoria": "Pedro Santos", "texto_original": "http://sapl.garca.sp.leg.br/media/sapl/public/materialegislativa/2024/110576/reqts_2024-0022.pdf", "ementa": "Solicitando ao Prefeito informar a possibilidade de reformar a sala 4 do vel\u00f3rio municipal."}, {"id": "110577", "ano": "2024", "numero": "23", "tipo__sigla": "REQ", "tipo__descricao": "Requerimento", "autoria": "Pedro Santos", "texto_original": "http://sapl.garca.sp.leg.br/media/sapl/public/materialegislativa/2024/110577/reqts_2024-0023.pdf", "ementa": "Solicitando ao Prefeito informar se procede a noticia de que Gar\u00e7a n\u00e3o est\u00e1 habilitada a receber o Valor Aluno Ano Resultado (Vaar) 2024 do Fundo de Manuten\u00e7\u00e3o e Desenvolvimento da Educa\u00e7\u00e3o B\u00e1sica e de Valoriza\u00e7\u00e3o dos Profissionais da Educa\u00e7\u00e3o (Fundeb)."}, {"id": "110578", "ano": "2024", "numero": "24", "tipo__sigla": "REQ", "tipo__descricao": "Requerimento", "autoria": "Pedro Santos", "texto_original": "http://sapl.garca.sp.leg.br/media/sapl/public/materialegislativa/2024/110578/reqts_2024-0024.pdf", "ementa": "Solicitando ao Grupo JCV, respons\u00e1vel pelo empreendimento Quinta da Baronesa, informa\u00e7\u00f5es sobre a libera\u00e7\u00e3o do empreendimento para constru\u00e7\u00e3o."}, {"id": "110579", "ano": "2024", "numero": "25", "tipo__sigla": "REQ", "tipo__descricao": "Requerimento", "autoria": "Pedro Santos", "texto_original": "http://sapl.garca.sp.leg.br/media/sapl/public/materialegislativa/2024/110579/reqts_2024-0025.pdf", "ementa": "Solicitando ao Prefeito encaminhar relat\u00f3rio de todos os secret\u00e1rios e servidores comissionados que possuem mais de 2 f\u00e9rias em atraso (n\u00e3o gozadas), indicando o nome, o cargo e o total de f\u00e9rias vencidas."}, {"id": "110580", "ano": "2024", "numero": "26", "tipo__sigla": "REQ", "tipo__descricao": "Requerimento", "autoria": "Pedro Santos", "texto_original": "http://sapl.garca.sp.leg.br/media/sapl/public/materialegislativa/2024/110580/reqts_2024-0026.pdf", "ementa": "Convocando o Secret\u00e1rio Municipal de Obras e Servi\u00e7os, Sr. Paulo Antenor Lima Giacoia, para que compare\u00e7a na 4\u00aa Sess\u00e3o Ordin\u00e1ria a ser realizada no dia 26 de fevereiro de 2024, a partir das 17h15 para prestar esclarecimentos sobre os trabalhos de sua secretaria."}, {"id": "110585", "ano": "2024", "numero": "27", "tipo__sigla": "REQ", "tipo__descricao": "Requerimento", "autoria": "Elaine Oliveira", "texto_original": "http://sapl.garca.sp.leg.br/media/sapl/public/materialegislativa/2024/110585/reqts_2024-0027.pdf", "ementa": "Solicitando ao Prefeito informar a possibilidade de realizar recapeamento asf\u00e1ltico na Rua Jos\u00e9 Ros\u00e1rio, altura do numeral 561."}, {"id": "110588", "ano": "2024", "numero": "28", "tipo__sigla": "REQ", "tipo__descricao": "Requerimento", "autoria": "Elaine Oliveira, F\u00e1bio Santos", "texto_original": "http://sapl.garca.sp.leg.br/media/sapl/public/materialegislativa/2024/110588/reqts_2024-0028_a.pdf", "ementa": "Solicitando um voto de Congratula\u00e7\u00f5es e Aplausos \u00e0 destacada equipe de Jiu-Jitsu do Centro de Forma\u00e7\u00e3o Esportiva de Gar\u00e7a, em parceria com a Associa\u00e7\u00e3o Vida Luta e Cidadania pela brilhante conquista de duas medalhas de bronze no prestigioso Campeonato Mundial de Jiu-Jitsu, realizado no Gin\u00e1sio Ibirapuera em S\u00e3o Paulo."}, {"id": "110589", "ano": "2024", "numero": "29", "tipo__sigla": "REQ", "tipo__descricao": "Requerimento", "autoria": "Elaine Oliveira", "texto_original": "http://sapl.garca.sp.leg.br/media/sapl/public/materialegislativa/2024/110589/reqts_2024-0029.pdf", "ementa": "Solicitando um voto de congratula\u00e7\u00f5es e aplausos \u00e0 empresa Isom\u00e1rmore, pela sua trajet\u00f3ria pautada pela qualidade, inova\u00e7\u00e3o e responsabilidade ambiental, destacando sua relev\u00e2ncia para a cidade de Gar\u00e7a."}, {"id": "110590", "ano": "2024", "numero": "30", "tipo__sigla": "REQ", "tipo__descricao": "Requerimento", "autoria": "Elaine Oliveira", "texto_original": "http://sapl.garca.sp.leg.br/media/sapl/public/materialegislativa/2024/110590/reqts_2024-0030.pdf", "ementa": "Solicitando um voto de congratula\u00e7\u00f5es e aplausos \u00e0 empresa Ecodecor, pelo seu compromisso com a qualidade, inova\u00e7\u00e3o e contribui\u00e7\u00e3o para o progresso de Gar\u00e7a."}, {"id": "110591", "ano": "2024", "numero": "31", "tipo__sigla": "REQ", "tipo__descricao": "Requerimento", "autoria": "Elaine Oliveira", "texto_original": "http://sapl.garca.sp.leg.br/media/sapl/public/materialegislativa/2024/110591/reqts_2024-0031.pdf", "ementa": "Solicitando ao Prefeito informa\u00e7\u00f5es sobre a rampa de acessibilidade localizada nas proximidades da Secretaria de Inova\u00e7\u00e3o e Tecnologia."}, {"id": "110592", "ano": "2024", "numero": "32", "tipo__sigla": "REQ", "tipo__descricao": "Requerimento", "autoria": "Rodrigo Gutierres", "texto_original": "http://sapl.garca.sp.leg.br/media/sapl/public/materialegislativa/2024/110592/reqts_2024-0032.pdf", "ementa": "Solicitando ao Prefeito informar a viabilidade e planejamento para a realiza\u00e7\u00e3o de um projeto de melhorias na Estrada da Sumatra, situada no bairro Itiratup\u00e3, nos moldes do \"Projeto Melhor Caminho\"."}, {"id": "110593", "ano": "2024", "numero": "33", "tipo__sigla": "REQ", "tipo__descricao": "Requerimento", "autoria": "Antonio Franco dos Santos - Bacana", "texto_original": "http://sapl.garca.sp.leg.br/media/sapl/public/materialegislativa/2024/110593/reqts_2024-0033.pdf", "ementa": "Solicitando ao Prefeito informar se os servidores ocupantes de cargos em comiss\u00e3o estavam de f\u00e9rias no dia 29/12/2023 ou em hor\u00e1rio de trabalho durante a cavalgada realizada pelo vice-prefeito."}, {"id": "110594", "ano": "2024", "numero": "34", "tipo__sigla": "REQ", "tipo__descricao": "Requerimento", "autoria": "Antonio Franco dos Santos - Bacana", "texto_original": "http://sapl.garca.sp.leg.br/media/sapl/public/materialegislativa/2024/110594/reqts_2024-0034.pdf", "ementa": "Solicitando ao Prefeito informa\u00e7\u00f5es sobre empresa contratada para limpeza de terrenos, sarjetas e \u00e1reas p\u00fablicas."}, {"id": "110595", "ano": "2024", "numero": "35", "tipo__sigla": "REQ", "tipo__descricao": "Requerimento", "autoria": "Antonio Franco dos Santos - Bacana", "texto_original": "http://sapl.garca.sp.leg.br/media/sapl/public/materialegislativa/2024/110595/reqts_2024-0035.pdf", "ementa": "Solicitando ao Prefeito informar qual o valor do FUNDEB que ser\u00e1 recebido em 2024, como o munic\u00edpio ir\u00e1 recompor poss\u00edvel perda e qual medida a administra\u00e7\u00e3o executar\u00e1 para minimizar poss\u00edvel preju\u00edzo."}, {"id": "110596", "ano": "2024", "numero": "36", "tipo__sigla": "REQ", "tipo__descricao": "Requerimento", "autoria": "Antonio Franco dos Santos - Bacana", "texto_original": "http://sapl.garca.sp.leg.br/media/sapl/public/materialegislativa/2024/110596/reqts_2024-0036.pdf", "ementa": "Solicitando ao Prefeito informar quantos e quais bens im\u00f3veis foram desapropriados no per\u00edodo de 2017 at\u00e9 a presente data e qual o valor de cada um deles."}, {"id": "110597", "ano": "2024", "numero": "37", "tipo__sigla": "REQ", "tipo__descricao": "Requerimento", "autoria": "Antonio Franco dos Santos - Bacana", "texto_original": "http://sapl.garca.sp.leg.br/media/sapl/public/materialegislativa/2024/110597/reqts_2024-0037.pdf", "ementa": "Solicitando ao Prefeito informar a possibilidade de instalar ar condicionado nas escolas p\u00fablicas do munic\u00edpio de Gar\u00e7a e distrito de Jafa."}, {"id": "110598", "ano": "2024", "numero": "38", "tipo__sigla": "REQ", "tipo__descricao": "Requerimento", "autoria": "Antonio Franco dos Santos - Bacana", "texto_original": "http://sapl.garca.sp.leg.br/media/sapl/public/materialegislativa/2024/110598/reqts_2024-0038.pdf", "ementa": "Solicitando informa\u00e7\u00f5es ao Minist\u00e9rio P\u00fablico da Comarca acerca do cumprimento da Lei de Parcelamento do Solo no Munic\u00edpio de Gar\u00e7a, relativamente ao sistema de esgoto sanit\u00e1rio do Novo Distrito Empresarial."}, {"id": "110599", "ano": "2024", "numero": "39", "tipo__sigla": "REQ", "tipo__descricao": "Requerimento", "autoria": "Fabinho Polisinani", "texto_original": "http://sapl.garca.sp.leg.br/media/sapl/public/materialegislativa/2024/110599/reqts_2024-0039.pdf", "ementa": "Solicitando ao Prefeito informa\u00e7\u00f5es em rela\u00e7\u00e3o ao im\u00f3vel residencial localizado na Rua Jos\u00e9 Augusto Escobar n\u00ba 887."}, {"id": "110600", "ano": "2024", "numero": "40", "tipo__sigla": "REQ", "tipo__descricao": "Requerimento", "autoria": "Lico", "texto_original": "http://sapl.garca.sp.leg.br/media/sapl/public/materialegislativa/2024/110600/reqts_2024-0040.pdf", "ementa": "Solicitando ao Prefeito informar a possibilidade de viabilizar um plano de sa\u00fade aos servidores p\u00fablicos municipais."}, {"id": "110601", "ano": "2024", "numero": "41", "tipo__sigla": "REQ", "tipo__descricao": "Requerimento", "autoria": "Rafael Frabetti", "texto_original": "http://sapl.garca.sp.leg.br/media/sapl/public/materialegislativa/2024/110601/reqts_2024-0041.pdf", "ementa": "Solicitando ao Prefeito informar qual a programa\u00e7\u00e3o de limpeza/ro\u00e7agem dos terrenos e \u00e1reas p\u00fablicas no Jardim Imperador."}, {"id": "110602", "ano": "2024", "numero": "42", "tipo__sigla": "REQ", "tipo__descricao": "Requerimento", "autoria": "Rafael Frabetti", "texto_original": "http://sapl.garca.sp.leg.br/media/sapl/public/materialegislativa/2024/110602/reqts_2024-0042.pdf", "ementa": "Solicitando ao Prefeito informar a possibilidade de realizar a ro\u00e7agem do parquinho infantil localizado no Jardim Gar\u00e7a I."}, {"id": "110603", "ano": "2024", "numero": "43", "tipo__sigla": "REQ", "tipo__descricao": "Requerimento", "autoria": "F\u00e1bio Santos", "texto_original": "http://sapl.garca.sp.leg.br/media/sapl/public/materialegislativa/2024/110603/reqts_2024-0043.pdf", "ementa": "Solicitando um Voto de Congratula\u00e7\u00f5es e Aplausos \u00e0 Par\u00f3quia Nossa Senhora de Lourdes pelo in\u00edcio das comemora\u00e7\u00f5es do ano jubilar de 70 anos e tamb\u00e9m por sua atua\u00e7\u00e3o em conjunto com o Patronato Juvenil Garcense."}, {"id": "110632", "ano": "2024", "numero": "44", "tipo__sigla": "REQ", "tipo__descricao": "Requerimento", "autoria": "Marquinho Moreira", "texto_original": "http://sapl.garca.sp.leg.br/media/sapl/public/materialegislativa/2024/110632/reqts_2024-0044.pdf", "ementa": "Solicitando ao Prefeito informar a possibilidade de realizar melhorias no recinto da feira livre, como a instala\u00e7\u00e3o de c\u00e2meras de monitoramento, recoloca\u00e7\u00e3o do sombrite que fora retirado, e informar quais a\u00e7\u00f5es ser\u00e3o tomadas para evitar os furtos de fia\u00e7\u00e3o."}, {"id": "110633", "ano": "2024", "numero": "45", "tipo__sigla": "REQ", "tipo__descricao": "Requerimento", "autoria": "Marquinho Moreira", "texto_original": "http://sapl.garca.sp.leg.br/media/sapl/public/materialegislativa/2024/110633/reqts_2024-0045.pdf", "ementa": "Solicitando ao Prefeito informar a possibilidade de realizar a instala\u00e7\u00e3o de uma academia ao ar livre e um parquinho infantil nas proximidades do campinho de futebol no Jardim Sol Nascente."}, {"id": "110634", "ano": "2024", "numero": "46", "tipo__sigla": "REQ", "tipo__descricao": "Requerimento", "autoria": "Marquinho Moreira", "texto_original": "http://sapl.garca.sp.leg.br/media/sapl/public/materialegislativa/2024/110634/reqts_2024-0046.pdf", "ementa": "Solicitando ao Prefeito informar a possibilidade de realizar um aumento real e significativo no vale-alimenta\u00e7\u00e3o dos servidores p\u00fablicos municipais."}, {"id": "110635", "ano": "2024", "numero": "47", "tipo__sigla": "REQ", "tipo__descricao": "Requerimento", "autoria": "Marquinho Moreira", "texto_original": "http://sapl.garca.sp.leg.br/media/sapl/public/materialegislativa/2024/110635/reqts_2024-0047.pdf", "ementa": "Solicitando ao Prefeito diversas informa\u00e7\u00f5es em rela\u00e7\u00e3o \u00e0s obras da unidade de sa\u00fade da fam\u00edlia de Vila Rebelo."}, {"id": "110636", "ano": "2024", "numero": "48", "tipo__sigla": "REQ", "tipo__descricao": "Requerimento", "autoria": "Marquinho Moreira", "texto_original": "http://sapl.garca.sp.leg.br/media/sapl/public/materialegislativa/2024/110636/reqts_2024-0048.pdf", "ementa": "Solicitando ao Prefeito informar quais s\u00e3o os planos da atual Administra\u00e7\u00e3o para diminui\u00e7\u00e3o da popula\u00e7\u00e3o de animais abandonados, bem como informar se h\u00e1 algum projeto em andamento para abrigar esses animais"}, {"id": "110637", "ano": "2024", "numero": "49", "tipo__sigla": "REQ", "tipo__descricao": "Requerimento", "autoria": "Marquinho Moreira", "texto_original": "http://sapl.garca.sp.leg.br/media/sapl/public/materialegislativa/2024/110637/reqts_2024-0049.pdf", "ementa": "Solicitando ao Prefeito informar a possibilidade de realizar a limpeza geral, instala\u00e7\u00e3o de bancos e traves no campinho de futebol localizado na Rua Projetada 2, no Jardim S\u00e3o Lucas."}, {"id": "110638", "ano": "2024", "numero": "50", "tipo__sigla": "REQ", "tipo__descricao": "Requerimento", "autoria": "Adhemar Kemp Marcondes de Moura Filho", "texto_original": "http://sapl.garca.sp.leg.br/media/sapl/public/materialegislativa/2024/110638/reqts_2024-0050.pdf", "ementa": "Solicitando ao Presidente da Comiss\u00e3o de Sa\u00fade, Educa\u00e7\u00e3o e Assuntos Sociais, Ver. Dr. Marcelo Miranda, para que informe a possibilidade de realizar uma audi\u00eancia p\u00fablica para tratar sobre o piso do magist\u00e9rio, e que seja convidado o Sr. Prefeito, o Vice-prefeito e a secret\u00e1ria de educa\u00e7\u00e3o."}, {"id": "110639", "ano": "2024", "numero": "51", "tipo__sigla": "REQ", "tipo__descricao": "Requerimento", "autoria": "Adhemar Kemp Marcondes de Moura Filho", "texto_original": "http://sapl.garca.sp.leg.br/media/sapl/public/materialegislativa/2024/110639/reqts_2024-0051.pdf", "ementa": "Solicitando \u00e0 Exma. Deputada Estadual Analice Fernandes seus valorosos pr\u00e9stimos no sentido de liderar uma frente parlamentar visando \u00e0 isen\u00e7\u00e3o do pagamento do Imposto sobre Propriedade de Ve\u00edculo Automotores -IPVA- a fam\u00edlias que possuam filhos autistas."}, {"id": "110640", "ano": "2024", "numero": "52", "tipo__sigla": "REQ", "tipo__descricao": "Requerimento", "autoria": "Adhemar Kemp Marcondes de Moura Filho", "texto_original": "http://sapl.garca.sp.leg.br/media/sapl/public/materialegislativa/2024/110640/reqts_2024-0052.pdf", "ementa": "Solicitando um Voto de Rep\u00fadio ao Sr. Prefeito, Jo\u00e3o Carlos dos Santos e \u00e0 secret\u00e1ria municipal de educa\u00e7\u00e3o, Janete Conessa por n\u00e3o terem ainda concedido o piso do magist\u00e9rio aos docentes de nosso munic\u00edpio, mostrando total descaso com a classe."}, {"id": "110641", "ano": "2024", "numero": "53", "tipo__sigla": "REQ", "tipo__descricao": "Requerimento", "autoria": "Adhemar Kemp Marcondes de Moura Filho", "texto_original": "http://sapl.garca.sp.leg.br/media/sapl/public/materialegislativa/2024/110641/reqts_2024-0053.pdf", "ementa": "Solicitando um voto de Congratula\u00e7\u00f5es e Aplausos ao aluno exemplar da Etec Monsenhor Antonio Magliano, Carlos Eduardo dos Santos da Silva, por ter sido selecionado para participar do Interc\u00e2mbio Cultural do Centro Paula Souza."}, {"id": "110642", "ano": "2024", "numero": "54", "tipo__sigla": "REQ", "tipo__descricao": "Requerimento", "autoria": "Adhemar Kemp Marcondes de Moura Filho", "texto_original": "http://sapl.garca.sp.leg.br/media/sapl/public/materialegislativa/2024/110642/reqts_2024-0054.pdf", "ementa": "Solicitando ao Prefeito informar o que realmente foi realizado para sanar os apontamentos apresentados no relat\u00f3rio do TCESP de acompanhamento das contas anuais do 2\u00ba quadrimestre de 2023."}, {"id": "110643", "ano": "2024", "numero": "55", "tipo__sigla": "REQ", "tipo__descricao": "Requerimento", "autoria": "Adhemar Kemp Marcondes de Moura Filho", "texto_original": "http://sapl.garca.sp.leg.br/media/sapl/public/materialegislativa/2024/110643/reqts_2024-0055.pdf", "ementa": "Solicitando ao Prefeito informa\u00e7\u00f5es sobre a contrata\u00e7\u00e3o de pajens no munic\u00edpio."}, {"id": "110644", "ano": "2024", "numero": "56", "tipo__sigla": "REQ", "tipo__descricao": "Requerimento", "autoria": "Rodrigo Gutierres", "texto_original": "http://sapl.garca.sp.leg.br/media/sapl/public/materialegislativa/2024/110644/reqts_2024-0056.pdf", "ementa": "Solicitando ao prefeito informar qual a programa\u00e7\u00e3o de limpeza/ro\u00e7agem dos terrenos e \u00e1reas p\u00fablicas no distrito de Jafa, em especial o Residencial Vista Verde."}, {"id": "110645", "ano": "2024", "numero": "57", "tipo__sigla": "REQ", "tipo__descricao": "Requerimento", "autoria": "Rodrigo Gutierres", "texto_original": "http://sapl.garca.sp.leg.br/media/sapl/public/materialegislativa/2024/110645/reqts_2024-0057.pdf", "ementa": "Solicitando ao prefeito informar a possibilidade de colocar em uma via, logradouro ou pr\u00f3prio p\u00fablico o nome da Sra. Nat\u00e1lia Maria da Concei\u00e7\u00e3o."}, {"id": "110646", "ano": "2024", "numero": "58", "tipo__sigla": "REQ", "tipo__descricao": "Requerimento", "autoria": "Rodrigo Gutierres", "texto_original": "http://sapl.garca.sp.leg.br/media/sapl/public/materialegislativa/2024/110646/reqts_2024-0058.pdf", "ementa": "Solicitando \u00e0 Sociedade Beneficente Caminho de Damasco informar a possibilidade de de tomar provid\u00eancias urgentes no sentido de instalar uma porta em um dos corredores da USF Dr. Ernesto Gaion, no distrito de Jafa."}, {"id": "110648", "ano": "2024", "numero": "59", "tipo__sigla": "REQ", "tipo__descricao": "Requerimento", "autoria": "Antonio Franco dos Santos - Bacana", "texto_original": "http://sapl.garca.sp.leg.br/media/sapl/public/materialegislativa/2024/110648/reqts_2024-0059.pdf", "ementa": "Solicitando ao prefeito informa\u00e7\u00f5es sobre programa de transporte escolar para unidades de ensino estaduais do munic\u00edpio."}, {"id": "110649", "ano": "2024", "numero": "60", "tipo__sigla": "REQ", "tipo__descricao": "Requerimento", "autoria": "Antonio Franco dos Santos - Bacana", "texto_original": "http://sapl.garca.sp.leg.br/media/sapl/public/materialegislativa/2024/110649/reqts_2024-0060.pdf", "ementa": "Solicitando ao prefeito informar se houve alguma altera\u00e7\u00e3o no entendimento do TCESP com rela\u00e7\u00e3o ao transporte de alunos que n\u00e3o se enquadram na educa\u00e7\u00e3o b\u00e1sica."}, {"id": "110650", "ano": "2024", "numero": "61", "tipo__sigla": "REQ", "tipo__descricao": "Requerimento", "autoria": "Antonio Franco dos Santos - Bacana", "texto_original": "http://sapl.garca.sp.leg.br/media/sapl/public/materialegislativa/2024/110650/reqts_2024-0061.pdf", "ementa": "Solicitando ao prefeito informar qual o montante gasto com a compra de ve\u00edculos automotores equipados com ar condicionado entre os anos de 2021 a 2024."}, {"id": "110651", "ano": "2024", "numero": "62", "tipo__sigla": "REQ", "tipo__descricao": "Requerimento", "autoria": "Antonio Franco dos Santos - Bacana", "texto_original": "http://sapl.garca.sp.leg.br/media/sapl/public/materialegislativa/2024/110651/reqts_2024-0062.pdf", "ementa": "Solicitando ao prefeito informa\u00e7\u00f5es sobre pra\u00e7as esportivas abandonadas."}, {"id": "110652", "ano": "2024", "numero": "63", "tipo__sigla": "REQ", "tipo__descricao": "Requerimento", "autoria": "Antonio Franco dos Santos - Bacana", "texto_original": "http://sapl.garca.sp.leg.br/media/sapl/public/materialegislativa/2024/110652/reqts_2024-0063.pdf", "ementa": "Solicitando ao Prefeito informa\u00e7\u00f5es sobre a instala\u00e7\u00e3o de piso t\u00e1til direcional em cal\u00e7amento intertravado no Lago Artificial J. K. Williams."}, {"id": "110653", "ano": "2024", "numero": "64", "tipo__sigla": "REQ", "tipo__descricao": "Requerimento", "autoria": "Pedro Santos", "texto_original": "http://sapl.garca.sp.leg.br/media/sapl/public/materialegislativa/2024/110653/reqts_2024-0064.pdf", "ementa": "Solicitando ao prefeito informar o montante global pago no \u00faltimo exerc\u00edcio a t\u00edtulo de multas pelo n\u00e3o recolhimento de tributos (e-Social, Receita Federal, etc), bem como contas de fornecedores (telefone, energia, internet, etc.)."}, {"id": "110654", "ano": "2024", "numero": "65", "tipo__sigla": "REQ", "tipo__descricao": "Requerimento", "autoria": "Pedro Santos", "texto_original": "http://sapl.garca.sp.leg.br/media/sapl/public/materialegislativa/2024/110654/reqts_2024-0065.pdf", "ementa": "Solicitando ao prefeito informa\u00e7\u00f5es sobre a rede municipal de ensino."}, {"id": "110655", "ano": "2024", "numero": "66", "tipo__sigla": "REQ", "tipo__descricao": "Requerimento", "autoria": "Pedro Santos", "texto_original": "http://sapl.garca.sp.leg.br/media/sapl/public/materialegislativa/2024/110655/reqts_2024-0066.pdf", "ementa": "Solicitando ao prefeito informa\u00e7\u00f5es sobre o material escolar distribu\u00eddo \u00e0s crian\u00e7as da rede municipal de ensino."}, {"id": "110656", "ano": "2024", "numero": "67", "tipo__sigla": "REQ", "tipo__descricao": "Requerimento", "autoria": "Pedro Santos", "texto_original": "http://sapl.garca.sp.leg.br/media/sapl/public/materialegislativa/2024/110656/reqts_2024-0067.pdf", "ementa": "Solicitando ao prefeito informa\u00e7\u00f5es sobre o quadro de funcion\u00e1rios da escola Jo\u00e3o Cris\u00f3stomo."}, {"id": "110671", "ano": "2024", "numero": "68", "tipo__sigla": "REQ", "tipo__descricao": "Requerimento", "autoria": "Antonio Franco dos Santos - Bacana", "texto_original": "http://sapl.garca.sp.leg.br/media/sapl/public/materialegislativa/2024/110671/reqts_2024-0068.pdf", "ementa": "Solicitando informa\u00e7\u00f5es ao Tribunal de Contas do Estado de S\u00e3o Paulo acerca dos gastos e do andamento das obras do Centro de Educa\u00e7\u00e3o e Inova\u00e7\u00e3o - CEI."}, {"id": "110673", "ano": "2024", "numero": "69", "tipo__sigla": "REQ", "tipo__descricao": "Requerimento", "autoria": "Adhemar Kemp Marcondes de Moura Filho", "texto_original": "http://sapl.garca.sp.leg.br/media/sapl/public/materialegislativa/2024/110673/reqts_2024-0069.pdf", "ementa": "Solicitando ao prefeito informar se os alunos do ensino superior que tiveram seus protocolos para transporte indeferidos receberam alguma justificativa apontando o motivo para o indeferimento."}, {"id": "110674", "ano": "2024", "numero": "70", "tipo__sigla": "REQ", "tipo__descricao": "Requerimento", "autoria": "Adhemar Kemp Marcondes de Moura Filho", "texto_original": "http://sapl.garca.sp.leg.br/media/sapl/public/materialegislativa/2024/110674/reqts_2024-0070.pdf", "ementa": "Solicitando ao prefeito encaminhar a esta Casa c\u00f3pia do certificado de conclus\u00e3o de curso de n\u00edvel superior da Controladora Geral do Munic\u00edpio conforme exigido no \u00a7 2\u00ba do Artigo 5\u00ba da Lei Complementar n\u00ba 3, de 17 de novembro de 2014."}, {"id": "110675", "ano": "2024", "numero": "71", "tipo__sigla": "REQ", "tipo__descricao": "Requerimento", "autoria": "Adhemar Kemp Marcondes de Moura Filho", "texto_original": "http://sapl.garca.sp.leg.br/media/sapl/public/materialegislativa/2024/110675/reqts_2024-0071.pdf", "ementa": "Solicitando um Voto de Pesar em raz\u00e3o do falecimento do Sr. Eloy Jos\u00e9 Barbosa, deixando em luto sua esposa S\u00f4nia Maria, as filhas Mayra e Mait\u00ea, al\u00e9m de genros e netos, sem falar nos incont\u00e1veis amigos que fez durante sua vida."}, {"id": "110676", "ano": "2024", "numero": "72", "tipo__sigla": "REQ", "tipo__descricao": "Requerimento", "autoria": "Adhemar Kemp Marcondes de Moura Filho", "texto_original": "http://sapl.garca.sp.leg.br/media/sapl/public/materialegislativa/2024/110676/reqts_2024-0072.pdf", "ementa": "Solicitando ao Prefeito que informe se est\u00e1 nos planos da atual administra\u00e7\u00e3o, em seu \u00faltimo ano de mandato, garantir a qualidade estrutural m\u00ednima de trabalho aos servidores da  Secretaria de Planejamento e Desenvolvimento Urbano."}, {"id": "110677", "ano": "2024", "numero": "73", "tipo__sigla": "REQ", "tipo__descricao": "Requerimento", "autoria": "Adhemar Kemp Marcondes de Moura Filho", "texto_original": "http://sapl.garca.sp.leg.br/media/sapl/public/materialegislativa/2024/110677/reqts_2024-0073.pdf", "ementa": "Solicitando um Voto de Pesar em raz\u00e3o do falecimento da Sra. Maria On\u00e9lia Evangelista Teixeira Pinto, cujo falecimento enluta n\u00e3o apenas seus familiares, mas tamb\u00e9m todos aqueles que tiveram o privil\u00e9gio de compartilhar momentos significativos ao longo de sua vida."}, {"id": "110678", "ano": "2024", "numero": "74", "tipo__sigla": "REQ", "tipo__descricao": "Requerimento", "autoria": "Adhemar Kemp Marcondes de Moura Filho", "texto_original": "http://sapl.garca.sp.leg.br/media/sapl/public/materialegislativa/2024/110678/reqts_2024-0074.pdf", "ementa": "Solicitando um Voto de Pesar em raz\u00e3o do falecimento da Sra. Selma Rosa do Couto Fernandes, cujo falecimento enluta n\u00e3o apenas seus familiares, mas tamb\u00e9m todos aqueles que tiveram o privil\u00e9gio de compartilhar momentos significativos ao longo de sua vida."}, {"id": "110679", "ano": "2024", "numero": "75", "tipo__sigla": "REQ", "tipo__descricao": "Requerimento", "autoria": "Marcelo Miranda", "texto_original": "http://sapl.garca.sp.leg.br/media/sapl/public/materialegislativa/2024/110679/reqts_2024-0075.pdf", "ementa": "Solicitando um Voto de Congratula\u00e7\u00f5es e Aplausos ao Dr. Marcelo Anad\u00e3o Brambilla, m\u00e9dico da UPA que, por muitos anos esteve na linha de frente da sa\u00fade de nosso munic\u00edpio, e recentemente foi contemplado com uma aprova\u00e7\u00e3o na cirurgia cardiovascular em resid\u00eancia."}, {"id": "110680", "ano": "2024", "numero": "76", "tipo__sigla": "REQ", "tipo__descricao": "Requerimento", "autoria": "Marcelo Miranda", "texto_original": "http://sapl.garca.sp.leg.br/media/sapl/public/materialegislativa/2024/110680/reqts_2024-0076.pdf", "ementa": "Solicitando ao prefeito informar se h\u00e1 estudos visando proibir o uso de celulares nas escolas da rede municipal de ensino."}, {"id": "110681", "ano": "2024", "numero": "77", "tipo__sigla": "REQ", "tipo__descricao": "Requerimento", "autoria": "Antonio Franco dos Santos - Bacana", "texto_original": "http://sapl.garca.sp.leg.br/media/sapl/public/materialegislativa/2024/110681/reqts_2024-0077.pdf", "ementa": "Solicitando ao Prefeito informa\u00e7\u00f5es sobre multas aplicadas por infra\u00e7\u00e3o de tr\u00e2nsito, falta de cal\u00e7amento do passeio p\u00fablico e mato alto em terrenos entre os anos de 2013 a 2023."}, {"id": "110682", "ano": "2024", "numero": "78", "tipo__sigla": "REQ", "tipo__descricao": "Requerimento", "autoria": "Antonio Franco dos Santos - Bacana", "texto_original": "http://sapl.garca.sp.leg.br/media/sapl/public/materialegislativa/2024/110682/reqts_2024-0078.pdf", "ementa": "Solicitando ao Prefeito informar a possibilidade de instalar placas indicativas na entrada da cidade com orienta\u00e7\u00f5es aos motoristas de caminh\u00f5es visando desviarem da Avenida Presidente Vargas, atrav\u00e9s da Rua Edson Puga."}, {"id": "110683", "ano": "2024", "numero": "79", "tipo__sigla": "REQ", "tipo__descricao": "Requerimento", "autoria": "Antonio Franco dos Santos - Bacana", "texto_original": "http://sapl.garca.sp.leg.br/media/sapl/public/materialegislativa/2024/110683/reqts_2024-0079.pdf", "ementa": "Solicitando ao Prefeito informar a possibilidade de realizar o fechamento de um buraco e recupera\u00e7\u00e3o da malha asf\u00e1ltica na Rua Padre Paulo de Toledo Leite, 494."}, {"id": "110689", "ano": "2024", "numero": "80", "tipo__sigla": "REQ", "tipo__descricao": "Requerimento", "autoria": "Marquinho Moreira", "texto_original": "http://sapl.garca.sp.leg.br/media/sapl/public/materialegislativa/2024/110689/reqts_2024-0080.pdf", "ementa": "Solicitando ao prefeito encaminhar a esta Casa rela\u00e7\u00e3o contendo os bairros que ser\u00e3o contemplados com a instala\u00e7\u00e3o de academia ao ar livre."}, {"id": "110690", "ano": "2024", "numero": "81", "tipo__sigla": "REQ", "tipo__descricao": "Requerimento", "autoria": "Marquinho Moreira", "texto_original": "http://sapl.garca.sp.leg.br/media/sapl/public/materialegislativa/2024/110690/reqts_2024-0081.pdf", "ementa": "Solicitando ao prefeito informar a possibilidade de realizar melhorias na pra\u00e7a localizada no final do Residencial Monte Verde."}, {"id": "110691", "ano": "2024", "numero": "82", "tipo__sigla": "REQ", "tipo__descricao": "Requerimento", "autoria": "Marquinho Moreira", "texto_original": "http://sapl.garca.sp.leg.br/media/sapl/public/materialegislativa/2024/110691/reqts_2024-0082.pdf", "ementa": "Solicitando ao prefeito informar a possibilidade de realizar a substitui\u00e7\u00e3o das cadeiras da sala de espera da Unidade de Sa\u00fade da Fam\u00edlia Dr. Jos\u00e9 Barbosa - Regi\u00e3o Oeste."}, {"id": "110692", "ano": "2024", "numero": "83", "tipo__sigla": "REQ", "tipo__descricao": "Requerimento", "autoria": "Marquinho Moreira", "texto_original": "http://sapl.garca.sp.leg.br/media/sapl/public/materialegislativa/2024/110692/reqts_2024-0083.pdf", "ementa": "Solicitando ao prefeito informar quais os planos da atual administra\u00e7\u00e3o para as \u00e1reas institucionais do Residencial Monte Verde."}, {"id": "110693", "ano": "2024", "numero": "84", "tipo__sigla": "REQ", "tipo__descricao": "Requerimento", "autoria": "Marquinho Moreira", "texto_original": "http://sapl.garca.sp.leg.br/media/sapl/public/materialegislativa/2024/110693/reqts_2024-0084.pdf", "ementa": "Solicitando ao Prefeito informar se h\u00e1 previs\u00e3o para substitui\u00e7\u00e3o da mangueira de g\u00e1s do fog\u00e3o localizado na EMEF Manoel Joaquim Fernandes"}, {"id": "110694", "ano": "2024", "numero": "85", "tipo__sigla": "REQ", "tipo__descricao": "Requerimento", "autoria": "Marquinho Moreira", "texto_original": "http://sapl.garca.sp.leg.br/media/sapl/public/materialegislativa/2024/110694/reqts_2024-0085.pdf", "ementa": "Solicitando ao Prefeito informar a possibilidade de realizar o cal\u00e7amento total das vielas localizadas entre as ruas Jo\u00e3o Martins Parreira, Luiz Brunelli e Salvador Zago no Jardim Nova Gar\u00e7a."}, {"id": "110696", "ano": "2024", "numero": "86", "tipo__sigla": "REQ", "tipo__descricao": "Requerimento", "autoria": "Tenente Almeida", "texto_original": "http://sapl.garca.sp.leg.br/media/sapl/public/materialegislativa/2024/110696/reqts_2024-0086.pdf", "ementa": "Solicitando ao prefeito informar a quantidade de pessoas beneficiadas com a isen\u00e7\u00e3o do IPTU em virtude de doen\u00e7as constantes na Lei Org\u00e2nica do munic\u00edpio."}, {"id": "110698", "ano": "2024", "numero": "88", "tipo__sigla": "REQ", "tipo__descricao": "Requerimento", "autoria": "Tenente Almeida", "texto_original": "http://sapl.garca.sp.leg.br/media/sapl/public/materialegislativa/2024/110698/reqts_2024-0088.pdf", "ementa": "Solicitando um voto de rep\u00fadio \u00e0 escola de samba Vai-Vai pelo desfile realizado no dia 10 de fevereiro, onde Uma das alas era composta por pessoas fantasiadas de policiais do batalh\u00e3o de choque da pol\u00edcia paulista que usavam chifres e asas vermelho-alaranjadas, parecendo dem\u00f4nios, demonstrando um completo desrespeito pelos honrosos profissionais da Pol\u00edcia do Estado de S\u00e3o Paulo."}, {"id": "110699", "ano": "2024", "numero": "89", "tipo__sigla": "REQ", "tipo__descricao": "Requerimento", "autoria": "Tenente Almeida", "texto_original": "http://sapl.garca.sp.leg.br/media/sapl/public/materialegislativa/2024/110699/reqts_2024-0089.pdf", "ementa": "Solicitando um voto de apoio aos nobres deputados Capit\u00e3o Augusto (PL-SP) e \u00e0 deputada estadual Dani Alonso, ambos do mesmo partido. Os mencionados parlamentares demonstraram comprometimento com os valores e a seguran\u00e7a de nosso estado ao encaminharem of\u00edcios ao excelent\u00edssimo governador de S\u00e3o Paulo, Tarc\u00edsio de Freitas, e ao prefeito da capital paulista, Ricardo Nunes."}, {"id": "110701", "ano": "2024", "numero": "90", "tipo__sigla": "REQ", "tipo__descricao": "Requerimento", "autoria": "Elaine Oliveira", "texto_original": "http://sapl.garca.sp.leg.br/media/sapl/public/materialegislativa/2024/110701/reqts_2024-0090.pdf", "ementa": "Solicitando ao Deputado Estadual Ricardo Madalena, seus valorosos pr\u00e9stimos no sentido de intervir junto ao Governo do Estado, visando a libera\u00e7\u00e3o do \u201cPrograma Viver Melhor\u201d em nosso munic\u00edpio."}, {"id": "110702", "ano": "2024", "numero": "91", "tipo__sigla": "REQ", "tipo__descricao": "Requerimento", "autoria": "Lucas Cateto", "texto_original": "http://sapl.garca.sp.leg.br/media/sapl/public/materialegislativa/2024/110702/reqts_2024-0091.pdf", "ementa": "Solicitando ao prefeito informar a possibilidade de disponibilizar transporte para os moradores do distrito de Jafa, quando da realiza\u00e7\u00e3o de vel\u00f3rio de morador do distrito, para levar os familiares e amigos at\u00e9 o cemit\u00e9rio municipal, trazendo os novamente ao distrito ap\u00f3s a cerim\u00f4nia de sepultamento."}, {"id": "110703", "ano": "2024", "numero": "92", "tipo__sigla": "REQ", "tipo__descricao": "Requerimento", "autoria": "Antonio Franco dos Santos - Bacana", "texto_original": "http://sapl.garca.sp.leg.br/media/sapl/public/materialegislativa/2024/110703/reqts_2024-0092.pdf", "ementa": "Solicitando ao Prefeito informa\u00e7\u00f5es sobre recursos do QSE."}, {"id": "110704", "ano": "2024", "numero": "93", "tipo__sigla": "REQ", "tipo__descricao": "Requerimento", "autoria": "Antonio Franco dos Santos - Bacana", "texto_original": "http://sapl.garca.sp.leg.br/media/sapl/public/materialegislativa/2024/110704/reqts_2024-0093.pdf", "ementa": "Solicitando ao prefeito diversas informa\u00e7\u00f5es referentes ao atendimento m\u00e9dico na UPA."}, {"id": "110705", "ano": "2024", "numero": "94", "tipo__sigla": "REQ", "tipo__descricao": "Requerimento", "autoria": "Antonio Franco dos Santos - Bacana", "texto_original": "http://sapl.garca.sp.leg.br/media/sapl/public/materialegislativa/2024/110705/reqts_2024-0094.pdf", "ementa": "Solicitando ao prefeito informar se o Jardim Sol Nascente ser\u00e1 recapeado, principalmente a Rua Domingos Martins."}, {"id": "110706", "ano": "2024", "numero": "95", "tipo__sigla": "REQ", "tipo__descricao": "Requerimento", "autoria": "Antonio Franco dos Santos - Bacana", "texto_original": "http://sapl.garca.sp.leg.br/media/sapl/public/materialegislativa/2024/110706/reqts_2024-0095.pdf", "ementa": "Solicitando ao prefeito encaminhar c\u00f3pia dos documentos apresentados pelos interessados no transporte de alunos para comprova\u00e7\u00e3o de renda familiar conforme disposto no item 2.1 II e 6.1, III, do Edital 01/2024 \u2013 SDTUR."}, {"id": "110707", "ano": "2024", "numero": "96", "tipo__sigla": "REQ", "tipo__descricao": "Requerimento", "autoria": "Antonio Franco dos Santos - Bacana", "texto_original": "http://sapl.garca.sp.leg.br/media/sapl/public/materialegislativa/2024/110707/reqts_2024-0096.pdf", "ementa": "Solicitando ao prefeito diversas informa\u00e7\u00f5es em rela\u00e7\u00e3o ao transporte de alunos para Mar\u00edlia."}, {"id": "110708", "ano": "2024", "numero": "97", "tipo__sigla": "REQ", "tipo__descricao": "Requerimento", "autoria": "Antonio Franco dos Santos - Bacana", "texto_original": "http://sapl.garca.sp.leg.br/media/sapl/public/materialegislativa/2024/110708/reqts_2024-0097.pdf", "ementa": "Solicitando informa\u00e7\u00f5es \u00e0 CETESB acerca de vazamento de esgoto verificado em bomba de recalque do Jd. Morumbi."}, {"id": "110709", "ano": "2024", "numero": "98", "tipo__sigla": "REQ", "tipo__descricao": "Requerimento", "autoria": "Elaine Oliveira", "texto_original": "http://sapl.garca.sp.leg.br/media/sapl/public/materialegislativa/2024/110709/reqts_2024-0098.pdf", "ementa": "Solicitando um Voto de Congratula\u00e7\u00f5es e Aplausos ao jogador de futebol categoria Sub 11, Murilo Toffoli Maioli, o Murilinho, de 9 anos, que vem se destacando e estar\u00e1 realizando testes no S\u00e3o Paulo Futebol Clube."}, {"id": "110710", "ano": "2024", "numero": "99", "tipo__sigla": "REQ", "tipo__descricao": "Requerimento", "autoria": "Elaine Oliveira", "texto_original": "http://sapl.garca.sp.leg.br/media/sapl/public/materialegislativa/2024/110710/reqts_2024-0099.pdf", "ementa": "Solicitando ao prefeito informar a possibilidade de realizar a instala\u00e7\u00e3o de um redutor de velocidades na Rua Delfino Alves."}, {"id": "110711", "ano": "2024", "numero": "100", "tipo__sigla": "REQ", "tipo__descricao": "Requerimento", "autoria": "Elaine Oliveira", "texto_original": "http://sapl.garca.sp.leg.br/media/sapl/public/materialegislativa/2024/110711/reqts_2024-0100.pdf", "ementa": "Solicitando ao prefeito informar se j\u00e1 foram feitas as adequa\u00e7\u00f5es das concertinas instaladas nas unidades escolares do munic\u00edpio."}, {"id": "110712", "ano": "2024", "numero": "101", "tipo__sigla": "REQ", "tipo__descricao": "Requerimento", "autoria": "Elaine Oliveira", "texto_original": "http://sapl.garca.sp.leg.br/media/sapl/public/materialegislativa/2024/110712/reqts_2024-0101.pdf", "ementa": "Convidando o Diretor Executivo do SAAE, Sr. Andr\u00e9 Pazini, para que compare\u00e7a na 5\u00aa Sess\u00e3o Ordin\u00e1ria a ser realizada no dia 04 de mar\u00e7o de 2024, a partir das 17h15 para prestar esclarecimentos sobre os trabalhos da autarquia"}, {"id": "110723", "ano": "2024", "numero": "102", "tipo__sigla": "REQ", "tipo__descricao": "Requerimento", "autoria": "Pedro Santos", "texto_original": "http://sapl.garca.sp.leg.br/media/sapl/public/materialegislativa/2024/110723/reqts_2024-0102.pdf", "ementa": "Solicitando ao prefeito informar a possibilidade de realizar a ro\u00e7agem do mato alto no Parque Ecol\u00f3gico \u201cJayme Nogueira Miranda\u201d."}, {"id": "110724", "ano": "2024", "numero": "103", "tipo__sigla": "REQ", "tipo__descricao": "Requerimento", "autoria": "Pedro Santos", "texto_original": "http://sapl.garca.sp.leg.br/media/sapl/public/materialegislativa/2024/110724/reqts_2024-0103.pdf", "ementa": "Solicitando ao prefeito informar a possibilidade de realizar alguma medida paliativa, enquanto n\u00e3o se resolve de forma definitiva o problema da ilumina\u00e7\u00e3o no recinto da feira livre, visando garantir a seguran\u00e7a dos pedestres e moradores das adjac\u00eancias."}, {"id": "110725", "ano": "2024", "numero": "104", "tipo__sigla": "REQ", "tipo__descricao": "Requerimento", "autoria": "Pedro Santos", "texto_original": "http://sapl.garca.sp.leg.br/media/sapl/public/materialegislativa/2024/110725/reqts_2024-0104.pdf", "ementa": "Solicitando \u00e0 dire\u00e7\u00e3o das escolas municipais: EMEF MANOEL JOAQUIM FERNANDES, EMEF PROF. EDSON JOSE PUGA, EMEF PROF. JO\u00c3O CRIS\u00d3STOMO, EMEF PROF\u00aa MARIA DO CARMO POMPEU CASTRO, EMEF PROF\u00aa NORMA M\u00d4NICO TRUZZI, EMEF PROF\u00aa ORANE AVELINODESOUZA, EMEI GARCAF\u00c9, EMEI IRM\u00c3 MARIA SOFIE BARAT BOSCHER, EMEI MARIAJOSEFA AGUILAR ZIMIANI \u2013 JAFA, EMEI PROF\u00aa. DINALVA PERONSARAIVA, EMEI PROF\u00aa. ENEDINA GARRIDO LUCCHIARI, EMEI PROF\u00aa. MARIA HELENA SANTOS MIRANDA, EMEI VICTOR HUGO GUANAES DE FREITAS informarem se est\u00e1 em falta no quadro de funcion\u00e1rios as seguintes fun\u00e7\u00f5es: merendeiras, auxiliar de cozinha, pajem, monitor escolar e servi\u00e7os gerais"}, {"id": "110726", "ano": "2024", "numero": "105", "tipo__sigla": "REQ", "tipo__descricao": "Requerimento", "autoria": "Pedro Santos", "texto_original": "http://sapl.garca.sp.leg.br/media/sapl/public/materialegislativa/2024/110726/reqts_2024-0105.pdf", "ementa": "Solicitando ao prefeito diversas informa\u00e7\u00f5es referentes \u00e0 utiliza\u00e7\u00e3o do aterro de inertes."}, {"id": "110727", "ano": "2024", "numero": "106", "tipo__sigla": "REQ", "tipo__descricao": "Requerimento", "autoria": "Pedro Santos", "texto_original": "http://sapl.garca.sp.leg.br/media/sapl/public/materialegislativa/2024/110727/reqts_2024-0106.pdf", "ementa": "Solicitando ao prefeito informar se a estrada rural que liga o final do bairro Araceli com a Rodovia Comandante Jo\u00e3o Ribeiro de Barros, pr\u00f3xima \u00e0 empresa Garen, ser\u00e1 reaberta."}, {"id": "110728", "ano": "2024", "numero": "107", "tipo__sigla": "REQ", "tipo__descricao": "Requerimento", "autoria": "Pedro Santos", "texto_original": "http://sapl.garca.sp.leg.br/media/sapl/public/materialegislativa/2024/110728/reqts_2024-0107.pdf", "ementa": "Solicitando ao prefeito informa\u00e7\u00f5es sobre concurso p\u00fablico para professores."}, {"id": "110733", "ano": "2024", "numero": "108", "tipo__sigla": "REQ", "tipo__descricao": "Requerimento", "autoria": "Marquinho Moreira", "texto_original": "http://sapl.garca.sp.leg.br/media/sapl/public/materialegislativa/2024/110733/reqts_2024-0108.pdf", "ementa": "Solicitando ao prefeito informar a possibilidade de realizar a instala\u00e7\u00e3o de lixeiras e a manuten\u00e7\u00e3o no madeiramento dos aparelhos para exerc\u00edcios localizados na Pra\u00e7a Pedro de Toledo."}, {"id": "110734", "ano": "2024", "numero": "109", "tipo__sigla": "REQ", "tipo__descricao": "Requerimento", "autoria": "Marquinho Moreira", "texto_original": "http://sapl.garca.sp.leg.br/media/sapl/public/materialegislativa/2024/110734/reqts_2024-0109.pdf", "ementa": "Solicitando ao prefeito informar a possibilidade de realizar a pintura do port\u00e3o da Unidade de Sa\u00fade da Fam\u00edlia Dr. Jos\u00e9 Barbosa - Regi\u00e3o Oeste."}, {"id": "110735", "ano": "2024", "numero": "110", "tipo__sigla": "REQ", "tipo__descricao": "Requerimento", "autoria": "Marquinho Moreira", "texto_original": "http://sapl.garca.sp.leg.br/media/sapl/public/materialegislativa/2024/110735/reqts_2024-0110.pdf", "ementa": "Solicitando ao Prefeito informar a possibilidade de incluir no cronograma de recapeamento as ruas Agostinho Salesse e Vanda Barbosa, no Jardim Frei Aur\u00e9lio."}, {"id": "110736", "ano": "2024", "numero": "111", "tipo__sigla": "REQ", "tipo__descricao": "Requerimento", "autoria": "Marquinho Moreira", "texto_original": "http://sapl.garca.sp.leg.br/media/sapl/public/materialegislativa/2024/110736/reqts_2024-0111.pdf", "ementa": "Solicitando ao prefeito informar qual a previs\u00e3o para manuten\u00e7\u00e3o do teto do servi\u00e7o de atendimento social da Secretaria da Sa\u00fade."}, {"id": "110737", "ano": "2024", "numero": "112", "tipo__sigla": "REQ", "tipo__descricao": "Requerimento", "autoria": "Marquinho Moreira", "texto_original": "http://sapl.garca.sp.leg.br/media/sapl/public/materialegislativa/2024/110737/reqts_2024-0112.pdf", "ementa": "Solicitando ao prefeito informar a possibilidade de realizar a limpeza e ro\u00e7agem do mato alto nas imedia\u00e7\u00f5es do parque linear \u201cNascentes do Tibiri\u00e7\u00e1\u201d."}, {"id": "110738", "ano": "2024", "numero": "113", "tipo__sigla": "REQ", "tipo__descricao": "Requerimento", "autoria": "Marquinho Moreira", "texto_original": "http://sapl.garca.sp.leg.br/media/sapl/public/materialegislativa/2024/110738/reqts_2024-0113.pdf", "ementa": "Solicitando \u00e0 empresa Raptur informar a possibilidade de disponibilizar mais hor\u00e1rios aos finais de semana nos bairros Jardim Sol Nascente, Takeo Toyota e Morada do Sol."}, {"id": "110739", "ano": "2024", "numero": "114", "tipo__sigla": "REQ", "tipo__descricao": "Requerimento", "autoria": "Lico", "texto_original": "http://sapl.garca.sp.leg.br/media/sapl/public/materialegislativa/2024/110739/reqts_2024-0114.pdf", "ementa": "Solicitando ao prefeito informar quais tem sido os atendimentos que o munic\u00edpio vem prestando aos autistas e qual o protocolo a ser adotado para acesso a estes servi\u00e7os."}, {"id": "110740", "ano": "2024", "numero": "115", "tipo__sigla": "REQ", "tipo__descricao": "Requerimento", "autoria": "Lico", "texto_original": "http://sapl.garca.sp.leg.br/media/sapl/public/materialegislativa/2024/110740/reqts_2024-0115.pdf", "ementa": "Solicitando ao prefeito informa\u00e7\u00f5es sobre os projetos da atual administra\u00e7\u00e3o para o lago artificial Prof\u00ba J. K. Williams."}, {"id": "110741", "ano": "2024", "numero": "116", "tipo__sigla": "REQ", "tipo__descricao": "Requerimento", "autoria": "Lico", "texto_original": "http://sapl.garca.sp.leg.br/media/sapl/public/materialegislativa/2024/110741/reqts_2024-0116.pdf", "ementa": "Solicitando ao prefeito informa\u00e7\u00f5es sobre as obras de cal\u00e7amento do \u201cProjeto Reviva Centro\u201d."}, {"id": "110756", "ano": "2024", "numero": "117", "tipo__sigla": "REQ", "tipo__descricao": "Requerimento", "autoria": "Adhemar Kemp Marcondes de Moura Filho", "texto_original": "http://sapl.garca.sp.leg.br/media/sapl/public/materialegislativa/2024/110756/reqts_2024-0117.pdf", "ementa": "Solicitando um Voto de Congratula\u00e7\u00f5es e Aplausos ao Sr. M\u00e1rio Miranda pela luta incessante, juntamente com seus pares, frente ao Movimento Nacional de Produtores e Sangradores, o qual busca arduamente melhorias para o setor de extra\u00e7\u00e3o de borracha nacional."}, {"id": "110757", "ano": "2024", "numero": "118", "tipo__sigla": "REQ", "tipo__descricao": "Requerimento", "autoria": "Adhemar Kemp Marcondes de Moura Filho", "texto_original": "http://sapl.garca.sp.leg.br/media/sapl/public/materialegislativa/2024/110757/reqts_2024-0118.pdf", "ementa": "Solicitando ao Prefeito informar se o resultado do exerc\u00edcio anterior foi superavit\u00e1rio ou deficit\u00e1rio e qual o montante recebido de recurso pr\u00f3prio, Fundeb, QSE, em 2023 e qual saldo em 31/12/2023, al\u00e9m de outras informa\u00e7\u00f5es correlatas."}, {"id": "110758", "ano": "2024", "numero": "119", "tipo__sigla": "REQ", "tipo__descricao": "Requerimento", "autoria": "Adhemar Kemp Marcondes de Moura Filho", "texto_original": "http://sapl.garca.sp.leg.br/media/sapl/public/materialegislativa/2024/110758/reqts_2024-0119.pdf", "ementa": "Solicitando \u00e0 Associa\u00e7\u00e3o Hospitalar Beneficente do Brasil \u2013 AHBB e Sociedade Brasileira Caminho de Damasco -SBCD, para que informem como funciona a contrata\u00e7\u00e3o de dentistas e m\u00e9dicos sem processo seletivo."}, {"id": "110759", "ano": "2024", "numero": "120", "tipo__sigla": "REQ", "tipo__descricao": "Requerimento", "autoria": "Adhemar Kemp Marcondes de Moura Filho", "texto_original": "http://sapl.garca.sp.leg.br/media/sapl/public/materialegislativa/2024/110759/reqts_2024-0120.pdf", "ementa": "Solicitando ao Governador do Estado de S\u00e3o Paulo, Tarc\u00edsio de Freitas,  informar se h\u00e1 estudos visando a isen\u00e7\u00e3o do pagamento do Imposto sobre Propriedade de Ve\u00edculo Automotores \u2013 IPVA - a fam\u00edlias que possuam filhos autistas."}, {"id": "110760", "ano": "2024", "numero": "121", "tipo__sigla": "REQ", "tipo__descricao": "Requerimento", "autoria": "Adhemar Kemp Marcondes de Moura Filho", "texto_original": "http://sapl.garca.sp.leg.br/media/sapl/public/materialegislativa/2024/110760/reqts_2024-0121.pdf", "ementa": "Solicitando um Voto de congratula\u00e7\u00f5es e aplausos a Sra. Carmen Nunes In\u00e1cio pela forma\u00e7\u00e3o no curso de p\u00f3s-gradua\u00e7\u00e3o lato sensu em Autismo: Aspectos Pedag\u00f3gicos."}, {"id": "110761", "ano": "2024", "numero": "122", "tipo__sigla": "REQ", "tipo__descricao": "Requerimento", "autoria": "Adhemar Kemp Marcondes de Moura Filho", "texto_original": "http://sapl.garca.sp.leg.br/media/sapl/public/materialegislativa/2024/110761/reqts_2024-0122.pdf", "ementa": "Solicitando um Voto de Congratula\u00e7\u00f5es e Aplausos a Sra. Wilma Okazaki por ser a primeir mulher a comandar a Associa\u00e7\u00e3o Cultural e Esportiva Nikkey de Gar\u00e7a."}, {"id": "110767", "ano": "2024", "numero": "123", "tipo__sigla": "REQ", "tipo__descricao": "Requerimento", "autoria": "Marcelo Miranda", "texto_original": "http://sapl.garca.sp.leg.br/media/sapl/public/materialegislativa/2024/110767/reqts_2024-0123.pdf", "ementa": "Solicitando um Voto de Congratula\u00e7\u00f5es e Aplausos ao Dr. Marcelo Anad\u00e3o Brambilla, m\u00e9dico da UPA que, por muitos anos esteve na linha de frente da sa\u00fade de nosso munic\u00edpio, e recentemente foi contemplado com uma aprova\u00e7\u00e3o na cirurgia cardiovascular em resid\u00eancia."}, {"id": "110768", "ano": "2024", "numero": "124", "tipo__sigla": "REQ", "tipo__descricao": "Requerimento", "autoria": "F\u00e1bio Santos", "texto_original": "http://sapl.garca.sp.leg.br/media/sapl/public/materialegislativa/2024/110768/reqts_2024-0124.pdf", "ementa": "Solicitando um Voto de Congratula\u00e7\u00f5es e Aplausos \u00e0 diretoria do Gr\u00eamio Teatral Leopoldo Fr\u00f3es pela realiza\u00e7\u00e3o do Carnaval 2024, contribuindo para a cultura e a anima\u00e7\u00e3o de nossa comunidade."}, {"id": "110769", "ano": "2024", "numero": "125", "tipo__sigla": "REQ", "tipo__descricao": "Requerimento", "autoria": "F\u00e1bio Santos", "texto_original": "http://sapl.garca.sp.leg.br/media/sapl/public/materialegislativa/2024/110769/reqts_2024-0125.pdf", "ementa": "Solicitando um Voto de Congratula\u00e7\u00f5es e Aplausos \u00e0 Banda L\u00edngua Preta pelo brilhante desempenho e pela contribui\u00e7\u00e3o singular ao sucesso do Carnaval do Gr\u00eamio em 2024."}, {"id": "110770", "ano": "2024", "numero": "126", "tipo__sigla": "REQ", "tipo__descricao": "Requerimento", "autoria": "F\u00e1bio Santos", "texto_original": "http://sapl.garca.sp.leg.br/media/sapl/public/materialegislativa/2024/110770/reqts_2024-0126.pdf", "ementa": "Solicitando ao Prefeito informar a possibilidade de realizar a sinaliza\u00e7\u00e3o de faixa de pedestres na Rafael Paes de Barros, especificamente em frente ao laborat\u00f3rio Labiomed, bem como a marca\u00e7\u00e3o de vagas destinadas a deficientes f\u00edsicos, garantindo a devida acessibilidade."}, {"id": "110772", "ano": "2024", "numero": "127", "tipo__sigla": "REQ", "tipo__descricao": "Requerimento", "autoria": "Pedro Santos", "texto_original": "http://sapl.garca.sp.leg.br/media/sapl/public/materialegislativa/2024/110772/reqts_2024-0127.pdf", "ementa": "Solicitando ao prefeito diversas informa\u00e7\u00f5es em rela\u00e7\u00e3o aos banheiros \u201cp\u00fablicos\u201d localizados no entorno do lago artificial Prof\u00ba J. K. Williams"}, {"id": "110773", "ano": "2024", "numero": "128", "tipo__sigla": "REQ", "tipo__descricao": "Requerimento", "autoria": "Pedro Santos", "texto_original": "http://sapl.garca.sp.leg.br/media/sapl/public/materialegislativa/2024/110773/reqts_2024-0128.pdf", "ementa": "Solicitando ao prefeito informa\u00e7\u00f5es sobre o transporte escolar na zona rural."}, {"id": "110774", "ano": "2024", "numero": "129", "tipo__sigla": "REQ", "tipo__descricao": "Requerimento", "autoria": "Pedro Santos", "texto_original": "http://sapl.garca.sp.leg.br/media/sapl/public/materialegislativa/2024/110774/reqts_2024-0129.pdf", "ementa": "Solicitando ao prefeito encaminhar a esta Casa c\u00f3pia do conv\u00eanio do Estado com a empresa que tem empregado detentos para a realiza\u00e7\u00e3o de manuten\u00e7\u00e3o de \u00e1reas institucionais, bem como obras em unidades escolares."}, {"id": "110775", "ano": "2024", "numero": "130", "tipo__sigla": "REQ", "tipo__descricao": "Requerimento", "autoria": "Pedro Santos", "texto_original": "http://sapl.garca.sp.leg.br/media/sapl/public/materialegislativa/2024/110775/reqts_2024-0130.pdf", "ementa": "Solicitando ao prefeito informar a possibilidade de instalar uma farm\u00e1cia na Unidade de Pronto Atendimento e/ou realizar plant\u00e3o na farm\u00e1cia central visando garantir o atendimento dos pacientes aos finais de semana."}, {"id": "110776", "ano": "2024", "numero": "131", "tipo__sigla": "REQ", "tipo__descricao": "Requerimento", "autoria": "Pedro Santos", "texto_original": "http://sapl.garca.sp.leg.br/media/sapl/public/materialegislativa/2024/110776/reqts_2024-0131.pdf", "ementa": "Solicitando ao prefeito informar quais medidas est\u00e3o sendo tomadas para evitar a venda de bebidas alc\u00f3olicas para menores na cidade."}, {"id": "110777", "ano": "2024", "numero": "132", "tipo__sigla": "REQ", "tipo__descricao": "Requerimento", "autoria": "Pedro Santos", "texto_original": "http://sapl.garca.sp.leg.br/media/sapl/public/materialegislativa/2024/110777/08_-_req_pedro_-_cong_caveiras_running_ass.pdf", "ementa": "Solicitando um voto de Congratula\u00e7\u00f5es e Aplausos aos organizadores do Caveiras Running."}, {"id": "110779", "ano": "2024", "numero": "133", "tipo__sigla": "REQ", "tipo__descricao": "Requerimento", "autoria": "Antonio Franco dos Santos - Bacana", "texto_original": "http://sapl.garca.sp.leg.br/media/sapl/public/materialegislativa/2024/110779/reqts_2024-0133.pdf", "ementa": "Solicitando um voto de Congratula\u00e7\u00f5es e Aplausos a Jo\u00e3o Miguel dos Santos Josino, que com apenas 7 anos de idade j\u00e1 tem preocupa\u00e7\u00e3o com a vida animal e com o meio ambiente."}, {"id": "110780", "ano": "2024", "numero": "134", "tipo__sigla": "REQ", "tipo__descricao": "Requerimento", "autoria": "Antonio Franco dos Santos - Bacana", "texto_original": "http://sapl.garca.sp.leg.br/media/sapl/public/materialegislativa/2024/110780/reqts_2024-0134.pdf", "ementa": "Solicitando ao prefeito informar a possibilidade de realizar a manuten\u00e7\u00e3o geral na \u00e1rea de lazer localizada no Jardim Paulista."}, {"id": "110781", "ano": "2024", "numero": "135", "tipo__sigla": "REQ", "tipo__descricao": "Requerimento", "autoria": "Antonio Franco dos Santos - Bacana", "texto_original": "http://sapl.garca.sp.leg.br/media/sapl/public/materialegislativa/2024/110781/reqts_2024-0135.pdf", "ementa": "Solicitando ao prefeito diversas informa\u00e7\u00f5es em rela\u00e7\u00e3o \u00e0 pista de skate localizada ao lado do gin\u00e1sio Jo\u00e3o Gonzales."}, {"id": "110782", "ano": "2024", "numero": "136", "tipo__sigla": "REQ", "tipo__descricao": "Requerimento", "autoria": "Antonio Franco dos Santos - Bacana", "texto_original": "http://sapl.garca.sp.leg.br/media/sapl/public/materialegislativa/2024/110782/reqts_2024-0136.pdf", "ementa": "Solicitando ao presidente da Comiss\u00e3o de Or\u00e7amento, Finan\u00e7as, Contabilidade, Obras e Servi\u00e7os P\u00fablicos a realiza\u00e7\u00e3o de audi\u00eancia p\u00fablica para discutir sobre a seguran\u00e7a p\u00fablica, haja visto o aumento vertiginoso da criminalidade em nosso munic\u00edpio em apenas dois meses deste ano."}, {"id": "110783", "ano": "2024", "numero": "137", "tipo__sigla": "REQ", "tipo__descricao": "Requerimento", "autoria": "Antonio Franco dos Santos - Bacana", "texto_original": "http://sapl.garca.sp.leg.br/media/sapl/public/materialegislativa/2024/110783/reqts_2024-0137.pdf", "ementa": "Convidando o Comandante da 4\u00aa Cia da Pol\u00edcia Militar, Capit\u00e3o Marcelo Cordeiro Marcelino Paes, para que compare\u00e7a na 6\u00aa Sess\u00e3o Ordin\u00e1ria a ser realizada no dia 11 de mar\u00e7o de 2024, a partir das 17h15 para falar sobre a seguran\u00e7a p\u00fablica em nosso munic\u00edpio."}, {"id": "110784", "ano": "2024", "numero": "138", "tipo__sigla": "REQ", "tipo__descricao": "Requerimento", "autoria": "Antonio Franco dos Santos - Bacana", "texto_original": "http://sapl.garca.sp.leg.br/media/sapl/public/materialegislativa/2024/110784/reqts_2024-0138.pdf", "ementa": "Convidando o delegado da Pol\u00edcia Civil, Dr. Adriano Marreiro dos Santos, para que compare\u00e7a na 7\u00aa Sess\u00e3o Ordin\u00e1ria a ser realizada no dia 18 de mar\u00e7o de 2024, a partir das 17h15 para falar sobre a seguran\u00e7a p\u00fablica em nosso munic\u00edpio."}, {"id": "110785", "ano": "2024", "numero": "139", "tipo__sigla": "REQ", "tipo__descricao": "Requerimento", "autoria": "Elaine Oliveira", "texto_original": "http://sapl.garca.sp.leg.br/media/sapl/public/materialegislativa/2024/110785/reqts_2024-0139.pdf", "ementa": "Solicitando ao prefeito informar se o Programa Fam\u00edlia Acolhedora j\u00e1 come\u00e7ou a funcionar em nosso munic\u00edpio."}, {"id": "110786", "ano": "2024", "numero": "140", "tipo__sigla": "REQ", "tipo__descricao": "Requerimento", "autoria": "Elaine Oliveira", "texto_original": "http://sapl.garca.sp.leg.br/media/sapl/public/materialegislativa/2024/110786/reqts_2024-0140.pdf", "ementa": "Solicitando ao prefeito informar se j\u00e1 foi feita a notifica\u00e7\u00e3o do propriet\u00e1rio do terreno localizado no cruzamento da Rua Gabriela com Avenida Faustina para que fosse feito o cal\u00e7amento do passeio p\u00fablico."}, {"id": "110787", "ano": "2024", "numero": "141", "tipo__sigla": "REQ", "tipo__descricao": "Requerimento", "autoria": "Elaine Oliveira", "texto_original": "http://sapl.garca.sp.leg.br/media/sapl/public/materialegislativa/2024/110787/reqts_2024-0141.pdf", "ementa": "Solicitando ao prefeito informar a possibilidade de realizar um mutir\u00e3o visando diminuir a fila de espera do Centro de Refer\u00eancia em Educa\u00e7\u00e3o em todas as especialidades."}, {"id": "110788", "ano": "2024", "numero": "142", "tipo__sigla": "REQ", "tipo__descricao": "Requerimento", "autoria": "Elaine Oliveira", "texto_original": "http://sapl.garca.sp.leg.br/media/sapl/public/materialegislativa/2024/110788/reqts_2024-0142.pdf", "ementa": "Solicitando ao prefeito informar a possibilidade de aditar o contrato para que mais estudantes possam ser contemplados com transporte para a cidade de Mar\u00edlia."}, {"id": "110789", "ano": "2024", "numero": "143", "tipo__sigla": "REQ", "tipo__descricao": "Requerimento", "autoria": "Elaine Oliveira", "texto_original": "http://sapl.garca.sp.leg.br/media/sapl/public/materialegislativa/2024/110789/reqts_2024-0143.pdf", "ementa": "Solicitando ao prefeito informar como est\u00e3o as tratativas para implantar a Casa de Passagem em nosso munic\u00edpio."}, {"id": "110790", "ano": "2024", "numero": "144", "tipo__sigla": "REQ", "tipo__descricao": "Requerimento", "autoria": "Elaine Oliveira", "texto_original": "http://sapl.garca.sp.leg.br/media/sapl/public/materialegislativa/2024/110790/reqts_2024-0144.pdf", "ementa": "Convidando o Diretor Executivo do SAAE, Sr. Andr\u00e9 Pazini, para que compare\u00e7a na 9\u00aa Sess\u00e3o Ordin\u00e1ria a ser realizada no dia 1\u00ba de abril de 2024, a partir das 17h15 para prestar esclarecimentos sobre os trabalhos da autarquia."}, {"id": "110791", "ano": "2024", "numero": "145", "tipo__sigla": "REQ", "tipo__descricao": "Requerimento", "autoria": "Tenente Almeida", "texto_original": "http://sapl.garca.sp.leg.br/media/sapl/public/materialegislativa/2024/110791/reqts_2024-0145.pdf", "ementa": "Solicitando um voto de Congratula\u00e7\u00f5es e Aplausos ao 9\u00ba Batalh\u00e3o da Pol\u00edcia Militar do Interior pelo seu Cinquenten\u00e1rio."}, {"id": "110792", "ano": "2024", "numero": "146", "tipo__sigla": "REQ", "tipo__descricao": "Requerimento", "autoria": "Rodrigo Gutierres", "texto_original": "http://sapl.garca.sp.leg.br/media/sapl/public/materialegislativa/2024/110792/reqts_2024-0146.pdf", "ementa": "Solicitando ao ao Exmo. Sr. Deputado Estadual Rog\u00e9rio Santos, para que efetue gest\u00f5es junto ao Governo do Estado de S\u00e3o Paulo, para a destina\u00e7\u00e3o de emenda parlamentar no valor de R$ 200.000,00 (duzentos mil reais) para investimento em infraestrutura no distrito de Jafa, em nosso munic\u00edpio."}, {"id": "110793", "ano": "2024", "numero": "147", "tipo__sigla": "REQ", "tipo__descricao": "Requerimento", "autoria": "Rodrigo Gutierres", "texto_original": "http://sapl.garca.sp.leg.br/media/sapl/public/materialegislativa/2024/110793/reqts_2024-0147.pdf", "ementa": "Solicitando ao ao Exmo. Sr. Deputado Estadual Rog\u00e9rio Santos, para que efetue gest\u00f5es junto ao Governo do Estado de S\u00e3o Paulo, para a destina\u00e7\u00e3o de emenda parlamentar no valor de R$ 200.000,00 (duzentos mil reais) para constru\u00e7\u00e3o de uma incubadora de empresas no distrito de Jafa, em nosso munic\u00edpio."}, {"id": "110794", "ano": "2024", "numero": "148", "tipo__sigla": "REQ", "tipo__descricao": "Requerimento", "autoria": "Rodrigo Gutierres", "texto_original": "http://sapl.garca.sp.leg.br/media/sapl/public/materialegislativa/2024/110794/reqts_2024-0148.pdf", "ementa": "Solicitando ao ao Exmo. Sr. Deputado Estadual Rog\u00e9rio Santos, para que efetue gest\u00f5es junto ao Governo do Estado de S\u00e3o Paulo, para a destina\u00e7\u00e3o de emenda parlamentar no valor de R$ 200.000,00 (duzentos mil reais) para a constru\u00e7\u00e3o de um complexo esportivo no distrito de Jafa, em nosso munic\u00edpio."}, {"id": "110833", "ano": "2024", "numero": "149", "tipo__sigla": "REQ", "tipo__descricao": "Requerimento", "autoria": "Adhemar Kemp Marcondes de Moura Filho", "texto_original": "http://sapl.garca.sp.leg.br/media/sapl/public/materialegislativa/2024/110833/reqts_2024-0149.pdf", "ementa": "Solicitando um Voto de Congratula\u00e7\u00f5es e Aplausos ao jovem empres\u00e1rio garcense Fl\u00e1vio Monteiro, propriet\u00e1rio da empresa Germad Seguran\u00e7a Perimetral pela disponibiliza\u00e7\u00e3o de produtos de qualidade para seguran\u00e7a patrimonial de nossa popula\u00e7\u00e3o e de toda regi\u00e3o."}, {"id": "110834", "ano": "2024", "numero": "150", "tipo__sigla": "REQ", "tipo__descricao": "Requerimento", "autoria": "Adhemar Kemp Marcondes de Moura Filho", "texto_original": "http://sapl.garca.sp.leg.br/media/sapl/public/materialegislativa/2024/110834/reqts_2024-0150.pdf", "ementa": "Solicitando ao Prefeito informar se h\u00e1 previs\u00e3o para apresentar o projeto do piso do magist\u00e9rio para este ano. Se n\u00e3o, por qual motivo?"}, {"id": "110835", "ano": "2024", "numero": "151", "tipo__sigla": "REQ", "tipo__descricao": "Requerimento", "autoria": "Adhemar Kemp Marcondes de Moura Filho", "texto_original": "http://sapl.garca.sp.leg.br/media/sapl/public/materialegislativa/2024/110835/reqts_2024-0151.pdf", "ementa": "Solicitando ao prefeito informar a possibilidade de conceder bonifica\u00e7\u00e3o de R$ 200,00 \u00e0s servidoras p\u00fablicas municipais, em virtude do Dia Internacional da Mulheres."}, {"id": "110836", "ano": "2024", "numero": "152", "tipo__sigla": "REQ", "tipo__descricao": "Requerimento", "autoria": "Adhemar Kemp Marcondes de Moura Filho", "texto_original": "http://sapl.garca.sp.leg.br/media/sapl/public/materialegislativa/2024/110836/reqts_2024-0152.pdf", "ementa": "Solicitando ao prefeito informar se haver\u00e1 algum tipo de cobran\u00e7a para a popula\u00e7\u00e3o das benfeitorias feitas na pavimenta\u00e7\u00e3o asf\u00e1ltica da cidade."}, {"id": "110837", "ano": "2024", "numero": "153", "tipo__sigla": "REQ", "tipo__descricao": "Requerimento", "autoria": "Adhemar Kemp Marcondes de Moura Filho", "texto_original": "http://sapl.garca.sp.leg.br/media/sapl/public/materialegislativa/2024/110837/reqts_2024-0153.pdf", "ementa": "Solicitando ao prefeito informa\u00e7\u00f5es sobre o transporte de universit\u00e1rios para a cidade de Bauru."}, {"id": "110838", "ano": "2024", "numero": "154", "tipo__sigla": "REQ", "tipo__descricao": "Requerimento", "autoria": "Adhemar Kemp Marcondes de Moura Filho", "texto_original": "http://sapl.garca.sp.leg.br/media/sapl/public/materialegislativa/2024/110838/reqts_2024-0154.pdf", "ementa": "Solicitando ao prefeito encaminhar a esta Casa c\u00f3pia do relat\u00f3rio do TCESP com os apontamentos do 3\u00ba quadrimestre, bem como dos alertas emitidos pelo Tribunal no per\u00edodo."}, {"id": "110848", "ano": "2024", "numero": "155", "tipo__sigla": "REQ", "tipo__descricao": "Requerimento", "autoria": "Elaine Oliveira, Tenente Almeida", "texto_original": "http://sapl.garca.sp.leg.br/media/sapl/public/materialegislativa/2024/110848/reqts_2024-0155.pdf", "ementa": "Solicitando um voto de Congratula\u00e7\u00f5es e Aplausos ao 13\u00ba Batalh\u00e3o de A\u00e7\u00f5es Especiais de Pol\u00edcia (BAEP), considerado a tropa de elite da Pol\u00edcia Militar do Estado de S\u00e3o Paulo e, atualmente, est\u00e1 sob o comando do Tenente Coronel PM F\u00e1bio Domingues Pereira, pelo excelente trabalho realizado em nosso munic\u00edpio de Gar\u00e7a."}, {"id": "110849", "ano": "2024", "numero": "156", "tipo__sigla": "REQ", "tipo__descricao": "Requerimento", "autoria": "Tenente Almeida", "texto_original": "http://sapl.garca.sp.leg.br/media/sapl/public/materialegislativa/2024/110849/reqts_2024-0156.pdf", "ementa": "Solicitando um voto de Congratula\u00e7\u00f5es e Aplausos \u00e0 empresa Fulltime pela significativa contribui\u00e7\u00e3o ao cen\u00e1rio esportivo local e internacional."}, {"id": "110850", "ano": "2024", "numero": "157", "tipo__sigla": "REQ", "tipo__descricao": "Requerimento", "autoria": "Tenente Almeida", "texto_original": "http://sapl.garca.sp.leg.br/media/sapl/public/materialegislativa/2024/110850/reqts_2024-0157.pdf", "ementa": "Solicitando um voto de Congratula\u00e7\u00f5es e Aplausos ao atleta Gabriel Rodrigues, como forma de reconhecimento oficial de seu esfor\u00e7o, dedica\u00e7\u00e3o e sucesso no jiu jitsu, representando com excel\u00eancia a cidade de Gar\u00e7a."}, {"id": "110852", "ano": "2024", "numero": "158", "tipo__sigla": "REQ", "tipo__descricao": "Requerimento", "autoria": "Marcelo Miranda", "texto_original": "http://sapl.garca.sp.leg.br/media/sapl/public/materialegislativa/2024/110852/reqts_2024-0158.pdf", "ementa": "Solicitando um Voto de Congratula\u00e7\u00f5es e Aplausos a Sra. Let\u00edcia Mancuzo de Brito pelo excelente trabalho desempenhado na USF Labien\u00f3polis desde de maio de 2023."}, {"id": "110853", "ano": "2024", "numero": "159", "tipo__sigla": "REQ", "tipo__descricao": "Requerimento", "autoria": "Antonio Franco dos Santos - Bacana", "texto_original": "http://sapl.garca.sp.leg.br/media/sapl/public/materialegislativa/2024/110853/reqts_2024-0159.pdf", "ementa": "Solicitando ao Prefeito informar o que ser\u00e1 feito para cumprir a promessa de recomposi\u00e7\u00e3o da perda do vale-alimenta\u00e7\u00e3o dos aposentados."}, {"id": "110854", "ano": "2024", "numero": "160", "tipo__sigla": "REQ", "tipo__descricao": "Requerimento", "autoria": "Antonio Franco dos Santos - Bacana", "texto_original": "http://sapl.garca.sp.leg.br/media/sapl/public/materialegislativa/2024/110854/reqts_2024-0160.pdf", "ementa": "Solicitando ao SAAE informar quando ser\u00e1 finalizado o reparo feito em instala\u00e7\u00e3o localizada na Rua Cel. Joaquim Piza, 160"}, {"id": "110855", "ano": "2024", "numero": "161", "tipo__sigla": "REQ", "tipo__descricao": "Requerimento", "autoria": "Antonio Franco dos Santos - Bacana", "texto_original": "http://sapl.garca.sp.leg.br/media/sapl/public/materialegislativa/2024/110855/reqts_2024-0161.pdf", "ementa": "Solicitando ao prefeito informa\u00e7\u00f5es em rela\u00e7\u00e3o a obra de revitaliza\u00e7\u00e3o do atrativo tur\u00edstico Lago Artificial Prof. J. K. Wiliams."}, {"id": "110856", "ano": "2024", "numero": "162", "tipo__sigla": "REQ", "tipo__descricao": "Requerimento", "autoria": "Tenente Almeida", "texto_original": "http://sapl.garca.sp.leg.br/media/sapl/public/materialegislativa/2024/110856/reqts_2024-0162.pdf", "ementa": "Solicitando um Voto de Congratula\u00e7\u00f5es e Aplausos \u00e0 FATEC Gar\u00e7a \u201cDeputado J\u00falio Julinho Marcondes de Moura\u201d pelo transcurso de seus 20 anos de funda\u00e7\u00e3o em nosso munic\u00edpio."}, {"id": "110857", "ano": "2024", "numero": "163", "tipo__sigla": "REQ", "tipo__descricao": "Requerimento", "autoria": "Lucas Cateto, Rafael Frabetti, Rodrigo Gutierres, Tenente Almeida", "texto_original": "http://sapl.garca.sp.leg.br/media/sapl/public/materialegislativa/2024/110857/reqts_2024-0163.pdf", "ementa": "Solicitando ao Prefeito informar a possibilidade de fazer o cadastramento e in\u00edcio de castra\u00e7\u00e3o de animais no distrito de Jafa."}, {"id": "110858", "ano": "2024", "numero": "164", "tipo__sigla": "REQ", "tipo__descricao": "Requerimento", "autoria": "Fabinho Polisinani", "texto_original": "http://sapl.garca.sp.leg.br/media/sapl/public/materialegislativa/2024/110858/reqts_2024-0164.pdf", "ementa": "Solicitando ao prefeito informar se j\u00e1 foi notificado o propriet\u00e1rio e quando ser\u00e1 feita a limpeza do terreno localizado no cruzamento entre as Ruas Eumene com Gabriela"}, {"id": "110859", "ano": "2024", "numero": "165", "tipo__sigla": "REQ", "tipo__descricao": "Requerimento", "autoria": "Lucas Cateto", "texto_original": "http://sapl.garca.sp.leg.br/media/sapl/public/materialegislativa/2024/110859/reqts_2024-0165.pdf", "ementa": "Solicitando um Voto de Congratula\u00e7\u00f5es e Aplausos ao jovem Kau\u00ea Benitez por ter sido eleito o melhor chapeiro do ano na pesquisa \u201cMelhores do Ano\u201d realizada pela Empresa Next Pesquisas."}, {"id": "110860", "ano": "2024", "numero": "166", "tipo__sigla": "REQ", "tipo__descricao": "Requerimento", "autoria": "Lucas Cateto", "texto_original": "http://sapl.garca.sp.leg.br/media/sapl/public/materialegislativa/2024/110860/reqts_2024-0166.pdf", "ementa": "Solicitando um Voto de Congratula\u00e7\u00f5es e Aplausos \u00e0 Hamburgueria O Batista por ter sido eleita a melhor Hamburgueria e o melhor chapeiro do ano na pesquisa \u201cMelhores do Ano\u201d realizada pela Empresa Next Pesquisas."}, {"id": "110862", "ano": "2024", "numero": "167", "tipo__sigla": "REQ", "tipo__descricao": "Requerimento", "autoria": "Pedro Santos", "texto_original": "http://sapl.garca.sp.leg.br/media/sapl/public/materialegislativa/2024/110862/reqts_2024-0167.pdf", "ementa": "Solicitando ao prefeito informar se houve algum repasse \u00e0 empresa de transportes Raptur em 2024."}, {"id": "110863", "ano": "2024", "numero": "168", "tipo__sigla": "REQ", "tipo__descricao": "Requerimento", "autoria": "Pedro Santos", "texto_original": "http://sapl.garca.sp.leg.br/media/sapl/public/materialegislativa/2024/110863/reqts_2024-0168.pdf", "ementa": "Solicitando que seja convocado o Secret\u00e1rio Municipal de Obras e Servi\u00e7os, Sr. Paulo Antenor Lima Giacoia, para que compare\u00e7a na 8\u00aa Sess\u00e3o Ordin\u00e1ria a ser realizada no dia 25 de mar\u00e7o de 2024, a partir das 17h15 para prestar esclarecimentos sobre os trabalhos de sua secretaria."}, {"id": "110864", "ano": "2024", "numero": "169", "tipo__sigla": "REQ", "tipo__descricao": "Requerimento", "autoria": "Pedro Santos", "texto_original": "http://sapl.garca.sp.leg.br/media/sapl/public/materialegislativa/2024/110864/reqts_2024-0169.pdf", "ementa": "Solicitando um Voto de Congratula\u00e7\u00f5es e Aplausos \u00e0s Irm\u00e3s Franciscanas de Sissen pelo transcurso de seus 170 anos de exist\u00eancia."}, {"id": "110865", "ano": "2024", "numero": "170", "tipo__sigla": "REQ", "tipo__descricao": "Requerimento", "autoria": "Pedro Santos", "texto_original": "http://sapl.garca.sp.leg.br/media/sapl/public/materialegislativa/2024/110865/reqts_2024-0170.pdf", "ementa": "Solicitando ao Diretor Executivo do SAAE informar quanto foi gasto nos \u00faltimos seis meses de diesel com o gerador do po\u00e7o profundo."}, {"id": "110866", "ano": "2024", "numero": "171", "tipo__sigla": "REQ", "tipo__descricao": "Requerimento", "autoria": "Pedro Santos", "texto_original": "http://sapl.garca.sp.leg.br/media/sapl/public/materialegislativa/2024/110866/reqts_2024-0171.pdf", "ementa": "Solicitando ao Diretor Executivo do SAAE informar quanto foi gasto at\u00e9 o momento com aluguel do gerador do po\u00e7o profundo."}, {"id": "110867", "ano": "2024", "numero": "172", "tipo__sigla": "REQ", "tipo__descricao": "Requerimento", "autoria": "Pedro Santos", "texto_original": "http://sapl.garca.sp.leg.br/media/sapl/public/materialegislativa/2024/110867/reqts_2024-0172.pdf", "ementa": "Solicitando ao Prefeito diversas informa\u00e7\u00f5es em rela\u00e7\u00e3o \u00e0 quadra poliesportiva da EMEF Prof\u00aa Orane Avelino de Souza."}, {"id": "110868", "ano": "2024", "numero": "173", "tipo__sigla": "REQ", "tipo__descricao": "Requerimento", "autoria": "Elaine Oliveira", "texto_original": "http://sapl.garca.sp.leg.br/media/sapl/public/materialegislativa/2024/110868/reqts_2024-0173.pdf", "ementa": "Solicitando ao prefeito informar a possibilidade de construir uma rampa de acessibilidade no cal\u00e7amento interno do lago artificial feito recentemente, para que os cadeirantes possam ter acesso ao bosque das cerejeiras."}, {"id": "110869", "ano": "2024", "numero": "174", "tipo__sigla": "REQ", "tipo__descricao": "Requerimento", "autoria": "Elaine Oliveira", "texto_original": "http://sapl.garca.sp.leg.br/media/sapl/public/materialegislativa/2024/110869/reqts_2024-0174.pdf", "ementa": "Solicitando ao prefeito informar a possibilidade de instalar c\u00e2meras de seguran\u00e7a na atual sa\u00edda/entrada de alunos e no port\u00e3o pr\u00f3ximo \u00e0 quadra coberta da EMEF Professor Edson Jose Puga."}, {"id": "110870", "ano": "2024", "numero": "175", "tipo__sigla": "REQ", "tipo__descricao": "Requerimento", "autoria": "Elaine Oliveira", "texto_original": "http://sapl.garca.sp.leg.br/media/sapl/public/materialegislativa/2024/110870/reqts_2024-0175.pdf", "ementa": "Convidando a presidente do Conselho Tutelar de Gar\u00e7a, Sra. Neide Luiz Eduardo, para que compare\u00e7a na 10\u00aa Sess\u00e3o Ordin\u00e1ria a ser realizada no dia oito de abril de 2024, a partir das 17h15 para falar sobre o Estatuto da Crian\u00e7a e do Adolescente, bem como os trabalhos realizados pelo Conselho Tutelar em nosso munic\u00edpio."}, {"id": "110871", "ano": "2024", "numero": "176", "tipo__sigla": "REQ", "tipo__descricao": "Requerimento", "autoria": "Elaine Oliveira", "texto_original": "http://sapl.garca.sp.leg.br/media/sapl/public/materialegislativa/2024/110871/reqts_2024-0176.pdf", "ementa": "Solicitando ao Deputado Estadual Ricardo Madalena seus valorosos pr\u00e9stimos no sentido de ser autor de emenda parlamentar no importe de R$ 200.000,00 (duzentos mil reais) a ser destinada para obras de infraestrutura em nosso munic\u00edpio."}, {"id": "110873", "ano": "2024", "numero": "177", "tipo__sigla": "REQ", "tipo__descricao": "Requerimento", "autoria": "Marquinho Moreira", "texto_original": "http://sapl.garca.sp.leg.br/media/sapl/public/materialegislativa/2024/110873/reqts_2024-0177.pdf", "ementa": "Solicitando ao prefeito informar a possibilidade de realizar a ro\u00e7agem do mato alto nos arredores da creche Karina Lopes Chiquini."}, {"id": "110874", "ano": "2024", "numero": "178", "tipo__sigla": "REQ", "tipo__descricao": "Requerimento", "autoria": "Marquinho Moreira", "texto_original": "http://sapl.garca.sp.leg.br/media/sapl/public/materialegislativa/2024/110874/reqts_2024-0178.pdf", "ementa": "Solicitando ao prefeito informa\u00e7\u00f5es sobre substitui\u00e7\u00e3o das cadeiras da sala de espera da Unidade de Sa\u00fade da Fam\u00edlia Dr. Jos\u00e9 Barbosa - Regi\u00e3o Oeste, bem como informar a possibilidade de proceder o conserto do ventilador."}, {"id": "110875", "ano": "2024", "numero": "179", "tipo__sigla": "REQ", "tipo__descricao": "Requerimento", "autoria": "Marquinho Moreira", "texto_original": "http://sapl.garca.sp.leg.br/media/sapl/public/materialegislativa/2024/110875/reqts_2024-0179.pdf", "ementa": "Solicitando ao prefeito informar quais provid\u00eancias ser\u00e3o adotadas para melhorias no tr\u00e2nsito no cruzamento da Rua Maria Izabel com Avenida Faustina."}, {"id": "110876", "ano": "2024", "numero": "180", "tipo__sigla": "REQ", "tipo__descricao": "Requerimento", "autoria": "Marquinho Moreira", "texto_original": "http://sapl.garca.sp.leg.br/media/sapl/public/materialegislativa/2024/110876/reqts_2024-0180.pdf", "ementa": "Solicitando ao prefeito informa\u00e7\u00f5es sobre coberturas para os pontos de \u00f4nibus."}, {"id": "110877", "ano": "2024", "numero": "181", "tipo__sigla": "REQ", "tipo__descricao": "Requerimento", "autoria": "Marquinho Moreira", "texto_original": "http://sapl.garca.sp.leg.br/media/sapl/public/materialegislativa/2024/110877/reqts_2024-0181.pdf", "ementa": "Solicitando ao prefeito informar a possibilidade de realizar a substitui\u00e7\u00e3o do bebedouro existente na Unidade de Pronto Atendimento- UPA."}, {"id": "110878", "ano": "2024", "numero": "182", "tipo__sigla": "REQ", "tipo__descricao": "Requerimento", "autoria": "Marquinho Moreira", "texto_original": "http://sapl.garca.sp.leg.br/media/sapl/public/materialegislativa/2024/110878/reqts_2024-0182.pdf", "ementa": "Solicitando ao prefeito informar a possibilidade de realizar a cobertura do teto do Terminal Rodovi\u00e1rio, tendo em vista a presen\u00e7a frequente de pombos no local, o que tem gerado diversos transtornos, incluindo sujeira e a propaga\u00e7\u00e3o de agentes patog\u00eanicos existentes nas fezes dessas aves, bem como informar se est\u00e1 sendo pago adicional de insalubridade aos respons\u00e1veis pela limpeza do local."}, {"id": "110882", "ano": "2024", "numero": "183", "tipo__sigla": "REQ", "tipo__descricao": "Requerimento", "autoria": "Rodrigo Gutierres", "texto_original": "http://sapl.garca.sp.leg.br/media/sapl/public/materialegislativa/2024/110882/reqts_2024-0183.pdf", "ementa": "Solicitando ao Prefeito informar a possibilidade de realizar a erradica\u00e7\u00e3o da \u00e1rvore localizada na Rua Liberdade, pr\u00f3ximo ao numeral 135, no distrito de Jafa."}, {"id": "110883", "ano": "2024", "numero": "184", "tipo__sigla": "REQ", "tipo__descricao": "Requerimento", "autoria": "Rodrigo Gutierres", "texto_original": "http://sapl.garca.sp.leg.br/media/sapl/public/materialegislativa/2024/110883/reqts_2024-0184.pdf", "ementa": "Solicitando ao Prefeito informar a possibilidade de realizar a erradica\u00e7\u00e3o da \u00e1rvore localizada na Rua Manoel da Costa, pr\u00f3ximo ao numeral 303, no distrito de Jafa."}, {"id": "110884", "ano": "2024", "numero": "185", "tipo__sigla": "REQ", "tipo__descricao": "Requerimento", "autoria": "Rodrigo Gutierres", "texto_original": "http://sapl.garca.sp.leg.br/media/sapl/public/materialegislativa/2024/110884/reqts_2024-0185.pdf", "ementa": "Solicitando ao Prefeito informar a possibilidade de realizar a reforma geral, poda das \u00e1rvores e instala\u00e7\u00e3o de ilumina\u00e7\u00e3o na academia ao ar livre localizada ao lado do campo de futebol \u201cRafael Paes de Barros\u201d, no distrito de Jafa."}, {"id": "110885", "ano": "2024", "numero": "186", "tipo__sigla": "REQ", "tipo__descricao": "Requerimento", "autoria": "Rodrigo Gutierres", "texto_original": "http://sapl.garca.sp.leg.br/media/sapl/public/materialegislativa/2024/110885/reqts_2024-0186.pdf", "ementa": "Solicitando \u00e0 CPFL para que informe a possibilidade de realizar vistoria geral e reparos na ilumina\u00e7\u00e3o p\u00fablica no distrito de Jafa, em especial no Residencial Vista Verde, que, embora o bairro seja novo, h\u00e1 muitos postes com a ilumina\u00e7\u00e3o queimada."}, {"id": "110886", "ano": "2024", "numero": "187", "tipo__sigla": "REQ", "tipo__descricao": "Requerimento", "autoria": "Rodrigo Gutierres", "texto_original": "http://sapl.garca.sp.leg.br/media/sapl/public/materialegislativa/2024/110886/reqts_2024-0187.pdf", "ementa": "Solicitando \u00e0 concession\u00e1ria EIXO, para que informe a possibilidade de realizar os reparos necess\u00e1rios na pavimenta\u00e7\u00e3o asf\u00e1ltica na al\u00e7a de acesso ao bairro rural Itiratup\u00e3, no Pontilh\u00e3o \u201cBelarmino dos Santos\u201d, no distrito de Jafa."}, {"id": "110899", "ano": "2024", "numero": "188", "tipo__sigla": "REQ", "tipo__descricao": "Requerimento", "autoria": "Rafael Frabetti", "texto_original": "http://sapl.garca.sp.leg.br/media/sapl/public/materialegislativa/2024/110899/reqts_2024-0188.pdf", "ementa": "Solicitando ao Prefeito informar a possibilidade de realizar a ro\u00e7agem e limpeza geral no trecho da Rua Alfredo de Souza Castro que conduz a B1."}, {"id": "110900", "ano": "2024", "numero": "189", "tipo__sigla": "REQ", "tipo__descricao": "Requerimento", "autoria": "Rafael Frabetti", "texto_original": "http://sapl.garca.sp.leg.br/media/sapl/public/materialegislativa/2024/110900/reqts_2024-0189.pdf", "ementa": "Solicitando ao Prefeito informar como est\u00e3o os estudos para constru\u00e7\u00e3o da Pra\u00e7a com espa\u00e7o musical na \u00e1rea localizada ao lado do Teatro Municipal."}, {"id": "110901", "ano": "2024", "numero": "190", "tipo__sigla": "REQ", "tipo__descricao": "Requerimento", "autoria": "Rafael Frabetti", "texto_original": "http://sapl.garca.sp.leg.br/media/sapl/public/materialegislativa/2024/110901/reqts_2024-0190.pdf", "ementa": "Solicitando ao Prefeito informar se h\u00e1 algum planejamento para recupera\u00e7\u00e3o e revitaliza\u00e7\u00e3o do lago artificial."}, {"id": "110912", "ano": "2024", "numero": "191", "tipo__sigla": "REQ", "tipo__descricao": "Requerimento", "autoria": "F\u00e1bio Santos", "texto_original": "http://sapl.garca.sp.leg.br/media/sapl/public/materialegislativa/2024/110912/reqts_2024-0191.pdf", "ementa": "Solicitando ao Prefeito informar a possibilidade de colocar em uma via, logradouro ou pr\u00f3prio p\u00fablico o nome do Sr. Marc\u00edlio Pereira do Nascimento."}, {"id": "110935", "ano": "2024", "numero": "192", "tipo__sigla": "REQ", "tipo__descricao": "Requerimento", "autoria": "F\u00e1bio Santos", "texto_original": "http://sapl.garca.sp.leg.br/media/sapl/public/materialegislativa/2024/110935/reqts_2024-0192.pdf", "ementa": "Solicitando ao prefeito informar possibilidade de incluir no cronograma de obras o recapeamento da Rua Floriano Peixoto."}, {"id": "110936", "ano": "2024", "numero": "193", "tipo__sigla": "REQ", "tipo__descricao": "Requerimento", "autoria": "F\u00e1bio Santos", "texto_original": "http://sapl.garca.sp.leg.br/media/sapl/public/materialegislativa/2024/110936/reqts_2024-0193.pdf", "ementa": "Solicitando ao prefeito informar possibilidade de instalar duas ou mais c\u00e2meras de monitoramento na entrada no bairro Residencial Monte Verde."}, {"id": "110937", "ano": "2024", "numero": "194", "tipo__sigla": "REQ", "tipo__descricao": "Requerimento", "autoria": "F\u00e1bio Santos", "texto_original": "http://sapl.garca.sp.leg.br/media/sapl/public/materialegislativa/2024/110937/reqts_2024-0194.pdf", "ementa": "Solicitando ao prefeito informar possibilidade de instalar c\u00e2meras de monitoramento no cruzamento das Ruas Princesa Izabel com S\u00e3o Francisco em Vila Araceli."}, {"id": "110938", "ano": "2024", "numero": "195", "tipo__sigla": "REQ", "tipo__descricao": "Requerimento", "autoria": "Tenente Almeida", "texto_original": "http://sapl.garca.sp.leg.br/media/sapl/public/materialegislativa/2024/110938/reqts_2024-0195.pdf", "ementa": "Solicitando ao prefeito informar a possibilidade de realizar a ro\u00e7agem da vicinal que liga o distrito de Jafa ao bairro rural Itiratup\u00e3."}, {"id": "110939", "ano": "2024", "numero": "196", "tipo__sigla": "REQ", "tipo__descricao": "Requerimento", "autoria": "Elaine Oliveira", "texto_original": "http://sapl.garca.sp.leg.br/media/sapl/public/materialegislativa/2024/110939/reqts_2024-0196.pdf", "ementa": "Solicitando ao prefeito informa\u00e7\u00f5es sobre a possibilidade de realizar algumas melhorias na EMEF Professor Edson Jos\u00e9 Puga."}, {"id": "110940", "ano": "2024", "numero": "197", "tipo__sigla": "REQ", "tipo__descricao": "Requerimento", "autoria": "Elaine Oliveira", "texto_original": "http://sapl.garca.sp.leg.br/media/sapl/public/materialegislativa/2024/110940/reqts_2024-0197.pdf", "ementa": "Solicitando ao prefeito informar quais as altera\u00e7\u00f5es sofridas na concorr\u00eancia n\u00ba 16/23 que trata de ilumina\u00e7\u00e3o p\u00fablica."}, {"id": "110941", "ano": "2024", "numero": "198", "tipo__sigla": "REQ", "tipo__descricao": "Requerimento", "autoria": "Elaine Oliveira", "texto_original": "http://sapl.garca.sp.leg.br/media/sapl/public/materialegislativa/2024/110941/reqts_2024-0198.pdf", "ementa": "Solicitando ao prefeito informar como est\u00e1 sendo feito o controle, preven\u00e7\u00e3o e o atendimento de pessoas com s\u00edfilis, gonorreia e herpes genital, em especial, menores de idade."}, {"id": "110942", "ano": "2024", "numero": "199", "tipo__sigla": "REQ", "tipo__descricao": "Requerimento", "autoria": "Elaine Oliveira", "texto_original": "http://sapl.garca.sp.leg.br/media/sapl/public/materialegislativa/2024/110942/reqts_2024-0199.pdf", "ementa": "Solicitando ao prefeito informa\u00e7\u00f5es sobre a possibilidade de realizar melhorias na EMEF Professor Edson Jose Puga."}, {"id": "110943", "ano": "2024", "numero": "200", "tipo__sigla": "REQ", "tipo__descricao": "Requerimento", "autoria": "Elaine Oliveira", "texto_original": "http://sapl.garca.sp.leg.br/media/sapl/public/materialegislativa/2024/110943/reqts_2024-0200.pdf", "ementa": "Solicitando ao Deputado Federal Rodrigo Gambale solicitando seus valorosos pr\u00e9stimos no sentido de efetuar gest\u00f5es junto ao governo federal visando o encaminhamento e libera\u00e7\u00e3o do kit equipagem do conselho tutelar ao nosso munic\u00edpio."}, {"id": "110944", "ano": "2024", "numero": "201", "tipo__sigla": "REQ", "tipo__descricao": "Requerimento", "autoria": "Elaine Oliveira", "texto_original": "http://sapl.garca.sp.leg.br/media/sapl/public/materialegislativa/2024/110944/reqts_2024-0201.pdf", "ementa": "Solicitando ao prefeito informar se a municipalidade fornecer\u00e1 kit P\u00e1scoa aos alunos da rede municipal de ensino."}, {"id": "110945", "ano": "2024", "numero": "202", "tipo__sigla": "REQ", "tipo__descricao": "Requerimento", "autoria": "Pedro Santos", "texto_original": "http://sapl.garca.sp.leg.br/media/sapl/public/materialegislativa/2024/110945/reqts_2024-0202.pdf", "ementa": "Solicitando um Voto de Congratula\u00e7\u00f5es e Aplausos \u00e0s m\u00e3es dos alunos da APAE Gar\u00e7a por todo empenho e dedica\u00e7\u00e3o com seus filhos."}, {"id": "110961", "ano": "2024", "numero": "203", "tipo__sigla": "REQ", "tipo__descricao": "Requerimento", "autoria": "Adhemar Kemp Marcondes de Moura Filho", "texto_original": "http://sapl.garca.sp.leg.br/media/sapl/public/materialegislativa/2024/110961/reqts_2024-0203.pdf", "ementa": "Solicitando ao Prefeito informar a possibilidade e quais provid\u00eancias ser\u00e3o tomadas em rela\u00e7\u00e3o aos constantes casos de furtos de fios da ilumina\u00e7\u00e3o do recinto da feira livre."}, {"id": "110962", "ano": "2024", "numero": "204", "tipo__sigla": "REQ", "tipo__descricao": "Requerimento", "autoria": "Adhemar Kemp Marcondes de Moura Filho", "texto_original": "http://sapl.garca.sp.leg.br/media/sapl/public/materialegislativa/2024/110962/reqts_2024-0204.pdf", "ementa": "Solicitando ao prefeito informar quais medidas foram adotadas conforme estabelece a legisla\u00e7\u00e3o aplic\u00e1vel em rela\u00e7\u00e3o ao alerta do TCESP que a prefeitura  superou o limite do artigo 167-a (95,00%) da Constitui\u00e7\u00e3o Federal de 1988."}, {"id": "110963", "ano": "2024", "numero": "205", "tipo__sigla": "REQ", "tipo__descricao": "Requerimento", "autoria": "Adhemar Kemp Marcondes de Moura Filho", "texto_original": "http://sapl.garca.sp.leg.br/media/sapl/public/materialegislativa/2024/110963/reqts_2024-0205.pdf", "ementa": "Solicitando ao prefeito informar a possibilidade de implantar uma \u00e1rea de lazer para os pets em nosso munic\u00edpio."}, {"id": "110964", "ano": "2024", "numero": "206", "tipo__sigla": "REQ", "tipo__descricao": "Requerimento", "autoria": "Adhemar Kemp Marcondes de Moura Filho", "texto_original": "http://sapl.garca.sp.leg.br/media/sapl/public/materialegislativa/2024/110964/reqts_2024-0206.pdf", "ementa": "Solicitando ao prefeito informar a possibilidade de realizar manuten\u00e7\u00e3o da ilumina\u00e7\u00e3o p\u00fablica e instala\u00e7\u00e3o de lixeira no cruzamento das ruas Silvio Serveline com J\u00falio Prestes."}, {"id": "110967", "ano": "2024", "numero": "207", "tipo__sigla": "REQ", "tipo__descricao": "Requerimento", "autoria": "Antonio Franco dos Santos - Bacana", "texto_original": "http://sapl.garca.sp.leg.br/media/sapl/public/materialegislativa/2024/110967/reqts_2024-0207.pdf", "ementa": "Solicitando ao prefeito informa\u00e7\u00f5es sobre projeto de lei que ser\u00e1 encaminhado para a C\u00e2mara propondo uma reestrutura\u00e7\u00e3o do SAAE."}, {"id": "110968", "ano": "2024", "numero": "208", "tipo__sigla": "REQ", "tipo__descricao": "Requerimento", "autoria": "Antonio Franco dos Santos - Bacana", "texto_original": "http://sapl.garca.sp.leg.br/media/sapl/public/materialegislativa/2024/110968/reqts_2024-0208.pdf", "ementa": "Solicitando ao Diretor Executivo do SAAE informa\u00e7\u00f5es sobre o resultado financeiro de 2023."}, {"id": "110969", "ano": "2024", "numero": "209", "tipo__sigla": "REQ", "tipo__descricao": "Requerimento", "autoria": "Antonio Franco dos Santos - Bacana", "texto_original": "http://sapl.garca.sp.leg.br/media/sapl/public/materialegislativa/2024/110969/reqts_2024-0209.pdf", "ementa": "Solicitando ao Prefeito informa\u00e7\u00f5es sobre a fiscaliza\u00e7\u00e3o de venda de bebida alco\u00f3lica para menores durante o Cerejeiras Festival."}, {"id": "110970", "ano": "2024", "numero": "210", "tipo__sigla": "REQ", "tipo__descricao": "Requerimento", "autoria": "Lico", "texto_original": "http://sapl.garca.sp.leg.br/media/sapl/public/materialegislativa/2024/110970/reqts_2024-0210.pdf", "ementa": "Solicitando um Voto de Congratula\u00e7\u00f5es e Aplausos \u00e0 empresa En\u00e9as Sport pelo transcurso de seu 25\u00ba anivers\u00e1rio de funda\u00e7\u00e3o."}, {"id": "110971", "ano": "2024", "numero": "211", "tipo__sigla": "REQ", "tipo__descricao": "Requerimento", "autoria": "Lico", "texto_original": "http://sapl.garca.sp.leg.br/media/sapl/public/materialegislativa/2024/110971/reqts_2024-0211.pdf", "ementa": "Solicitando um Voto de Congratula\u00e7\u00f5es e Aplausos aos Srs. Antonio Gon\u00e7alves Rold\u00e3o Filho e Marcos Rold\u00e3o pela iniciativa e excelente trabalho que desempenham em sua p\u00e1gina na rede social Facebook, na qual vem resgatando a hist\u00f3ria do esporte garcense e regional, trazendo informa\u00e7\u00f5es sobre agremia\u00e7\u00f5es esportivas do passado e atuais."}, {"id": "110972", "ano": "2024", "numero": "212", "tipo__sigla": "REQ", "tipo__descricao": "Requerimento", "autoria": "Lico", "texto_original": "http://sapl.garca.sp.leg.br/media/sapl/public/materialegislativa/2024/110972/reqts_2024-0212.pdf", "ementa": "Solicitando ao prefeito informar a possibilidade de realizar o recapeamento dos 2 quarteir\u00f5es da Rua Presidente Dutra, bem como da Rua Francisco da Silva Braga, que n\u00e3o receberam essa importante obra de infraestrutura."}, {"id": "110973", "ano": "2024", "numero": "213", "tipo__sigla": "REQ", "tipo__descricao": "Requerimento", "autoria": "Marquinho Moreira", "texto_original": "http://sapl.garca.sp.leg.br/media/sapl/public/materialegislativa/2024/110973/reqts_2024-0213.pdf", "ementa": "Solicitando a possibilidade de realizar a poda da \u00e1rvore e desentupir o bueiro localizados no cruzamento das Ruas Jo\u00e3o Manzano com Eumene."}, {"id": "110974", "ano": "2024", "numero": "214", "tipo__sigla": "REQ", "tipo__descricao": "Requerimento", "autoria": "Marquinho Moreira", "texto_original": "http://sapl.garca.sp.leg.br/media/sapl/public/materialegislativa/2024/110974/reqts_2024-0214.pdf", "ementa": "Solicitando ao prefeito informar a possibilidade de colocar em uma via, logradouro ou pr\u00f3prio p\u00fablico o nome da Sra. Ana Maria dos Santos Oliveira."}, {"id": "110975", "ano": "2024", "numero": "215", "tipo__sigla": "REQ", "tipo__descricao": "Requerimento", "autoria": "Marquinho Moreira", "texto_original": "http://sapl.garca.sp.leg.br/media/sapl/public/materialegislativa/2024/110975/reqts_2024-0215.pdf", "ementa": "Solicitando a possibilidade de realizar a manuten\u00e7\u00e3o necess\u00e1ria na ponte de madeira que leva at\u00e9 o po\u00e7o profundo do Aqu\u00edfero Guarani."}, {"id": "110976", "ano": "2024", "numero": "216", "tipo__sigla": "REQ", "tipo__descricao": "Requerimento", "autoria": "Marquinho Moreira", "texto_original": "http://sapl.garca.sp.leg.br/media/sapl/public/materialegislativa/2024/110976/reqts_2024-0216.pdf", "ementa": "Solicitando a possibilidade de realizar a pintura dos equipamentos esportivos localizados pr\u00f3ximo \u00e0 est\u00e1tua de S\u00e3o Pedro no distrito industrial, bem como a instala\u00e7\u00e3o de bancos."}, {"id": "110977", "ano": "2024", "numero": "217", "tipo__sigla": "REQ", "tipo__descricao": "Requerimento", "autoria": "Marquinho Moreira", "texto_original": "http://sapl.garca.sp.leg.br/media/sapl/public/materialegislativa/2024/110977/reqts_2024-0217.pdf", "ementa": "Solicitando a possibilidade de disponibilizar acesso \u00e0 internet wi-fi em locais de conviv\u00eancia dos funcion\u00e1rios p\u00fablicos para utiliza\u00e7\u00e3o em hor\u00e1rio de almo\u00e7o."}, {"id": "110978", "ano": "2024", "numero": "218", "tipo__sigla": "REQ", "tipo__descricao": "Requerimento", "autoria": "Rodrigo Gutierres", "texto_original": "http://sapl.garca.sp.leg.br/media/sapl/public/materialegislativa/2024/110978/reqts_2024-0218.pdf", "ementa": "Solicitando um Voto de Congratula\u00e7\u00f5es e Aplausos aos valorosos policiais Cabo Perez, Cabo Fenile e Soldado Ferris, em reconhecimento \u00e0 heroica e determinada atua\u00e7\u00e3o que resultou no salvamento da vida de um rec\u00e9m-nascido de apenas 15 dias."}, {"id": "110987", "ano": "2024", "numero": "219", "tipo__sigla": "REQ", "tipo__descricao": "Requerimento", "autoria": "F\u00e1bio Santos", "texto_original": "http://sapl.garca.sp.leg.br/media/sapl/public/materialegislativa/2024/110987/reqts_2024-0219.pdf", "ementa": "Solicitando \u00e0 nobre deputada estadual Clarice Ganem, para que envide esfor\u00e7os junto ao governo do estado visando contemplar nosso munic\u00edpio com o Programa \u201cMeu Pet Container\u201d."}, {"id": "110988", "ano": "2024", "numero": "220", "tipo__sigla": "REQ", "tipo__descricao": "Requerimento", "autoria": "F\u00e1bio Santos", "texto_original": "http://sapl.garca.sp.leg.br/media/sapl/public/materialegislativa/2024/110988/reqts_2024-0220.pdf", "ementa": "Solicitando ao prefeito informar se h\u00e1 estudos visando instalar em nossa cidade um hemocentro para coleta de doa\u00e7\u00e3o de sangue."}, {"id": "110995", "ano": "2024", "numero": "221", "tipo__sigla": "REQ", "tipo__descricao": "Requerimento", "autoria": "Adhemar Kemp Marcondes de Moura Filho", "texto_original": "http://sapl.garca.sp.leg.br/media/sapl/public/materialegislativa/2024/110995/reqts_2024-0221.pdf", "ementa": "Solicitando ao Minist\u00e9rio P\u00fablico da Comarca para que informe como est\u00e1 o andamento do IC n\u00ba14.0269.0001406/2022-2, SEI n\u00ba 29.0001.0267156.2022-92 envolvendo a desapropria\u00e7\u00e3o do S\u00edtio \u201cS\u00e3o Benedito\u201d."}, {"id": "110996", "ano": "2024", "numero": "222", "tipo__sigla": "REQ", "tipo__descricao": "Requerimento", "autoria": "Adhemar Kemp Marcondes de Moura Filho", "texto_original": "http://sapl.garca.sp.leg.br/media/sapl/public/materialegislativa/2024/110996/reqts_2024-0222.pdf", "ementa": "Solicitando ao prefeito informa\u00e7\u00f5es em rela\u00e7\u00e3o \u00e0 viagem do Prefeito a Campos do Jord\u00e3o na semana de 18 a 22/03/2024."}, {"id": "111001", "ano": "2024", "numero": "223", "tipo__sigla": "REQ", "tipo__descricao": "Requerimento", "autoria": "Lucas Cateto, Rodrigo Gutierres", "texto_original": "http://sapl.garca.sp.leg.br/media/sapl/public/materialegislativa/2024/111001/reqts_2024-0223.pdf", "ementa": "Solicitando um Voto de Pesar em raz\u00e3o do falecimento do saudoso Sr. Rog\u00e9rio Santos ocorrido recentemente."}, {"id": "111005", "ano": "2024", "numero": "224", "tipo__sigla": "REQ", "tipo__descricao": "Requerimento", "autoria": "Fabinho Polisinani", "texto_original": "http://sapl.garca.sp.leg.br/media/sapl/public/materialegislativa/2024/111005/reqts_2024-0224.pdf", "ementa": "Solicitando ao Prefeito informa\u00e7\u00f5es em rela\u00e7\u00e3o ao fluxo de tr\u00e2nsito na Rua Deputado Manoel Joaquim Fernandes."}, {"id": "111006", "ano": "2024", "numero": "225", "tipo__sigla": "REQ", "tipo__descricao": "Requerimento", "autoria": "Fabinho Polisinani", "texto_original": "http://sapl.garca.sp.leg.br/media/sapl/public/materialegislativa/2024/111006/reqts_2024-0225.pdf", "ementa": "Solicitando ao Prefeito informar a possibilidade de realizar a manuten\u00e7\u00e3o geral, poda das \u00e1rvores e demais melhorias necess\u00e1rias nos brinquedos do parquinho infantil da EMEIF Prof\u00aa Samira El Adass."}, {"id": "111007", "ano": "2024", "numero": "226", "tipo__sigla": "REQ", "tipo__descricao": "Requerimento", "autoria": "Antonio Franco dos Santos - Bacana", "texto_original": "http://sapl.garca.sp.leg.br/media/sapl/public/materialegislativa/2024/111007/reqts_2024-0226.pdf", "ementa": "Solicitando ao prefeito informar a possibilidade de instalar mais bocas de lobo na Rua Prefeito Salviano Pereira de Andrade, na altura do numeral 1079."}, {"id": "111008", "ano": "2024", "numero": "227", "tipo__sigla": "REQ", "tipo__descricao": "Requerimento", "autoria": "Antonio Franco dos Santos - Bacana", "texto_original": "http://sapl.garca.sp.leg.br/media/sapl/public/materialegislativa/2024/111008/reqts_2024-0227.pdf", "ementa": "Solicitando ao prefeito, diversas informa\u00e7\u00f5es em rela\u00e7\u00e3o ao departamento de tr\u00e2nsito do munic\u00edpio."}, {"id": "111009", "ano": "2024", "numero": "228", "tipo__sigla": "REQ", "tipo__descricao": "Requerimento", "autoria": "Antonio Franco dos Santos - Bacana", "texto_original": "http://sapl.garca.sp.leg.br/media/sapl/public/materialegislativa/2024/111009/reqts_2024-0228.pdf", "ementa": "Solicitando ao diretor executivo do SAAE informa\u00e7\u00f5es sobre o fornecimento de EPIs e uniformes aos funcion\u00e1rios do SAAE."}, {"id": "111015", "ano": "2024", "numero": "229", "tipo__sigla": "REQ", "tipo__descricao": "Requerimento", "autoria": "Pedro Santos", "texto_original": "http://sapl.garca.sp.leg.br/media/sapl/public/materialegislativa/2024/111015/reqts_2024-0229.pdf", "ementa": "Solicitando ao Prefeito informar a esta Casa os indicadores de tempo de espera da Unidade de Pronto Atendimento \u2013 UPA - no dia 16/03/2024."}, {"id": "111016", "ano": "2024", "numero": "230", "tipo__sigla": "REQ", "tipo__descricao": "Requerimento", "autoria": "Pedro Santos", "texto_original": "http://sapl.garca.sp.leg.br/media/sapl/public/materialegislativa/2024/111016/reqts_2024-0230.pdf", "ementa": "Solicitando um Voto de Congratula\u00e7\u00f5es e Aplausos ao jovem Anthony Augusto pela aprova\u00e7\u00e3o nas avalia\u00e7\u00f5es t\u00e9cnicas no time da Ferrovi\u00e1ria de Araraquara. Anthony vai integrar o sub/14, ap\u00f3s ter toda sua versatilidade analisada e aprovada, pois pode atuar como lateral-esquerdo, volante e at\u00e9 meia. Descoberto pelo CHG, Anthony teve passagem pelo MAC em 2023, tendo disputado o Campeonato Paulista Sub/13."}, {"id": "111018", "ano": "2024", "numero": "231", "tipo__sigla": "REQ", "tipo__descricao": "Requerimento", "autoria": "Antonio Franco dos Santos - Bacana", "texto_original": "http://sapl.garca.sp.leg.br/media/sapl/public/materialegislativa/2024/111018/reqts_2024-0231.pdf", "ementa": "Solicitando ao prefeito informar o que a municipalidade tem feito, ou far\u00e1, para conter a infesta\u00e7\u00e3o de escorpi\u00e3o nas imedia\u00e7\u00f5es do parque linear \u201cNascentes do Tibiri\u00e7\u00e1\u201d na divisa dos bairros Jd. Paulista e Frei Aur\u00e9lio."}, {"id": "111019", "ano": "2024", "numero": "232", "tipo__sigla": "REQ", "tipo__descricao": "Requerimento", "autoria": "Adhemar Kemp Marcondes de Moura Filho", "texto_original": "http://sapl.garca.sp.leg.br/media/sapl/public/materialegislativa/2024/111019/reqts_2024-0232.pdf", "ementa": "Solicitando ao Governador do estado de S\u00e3o Paulo, Sr. Tarc\u00edsio de Freitas e a nobre deputada estadual Analice Fernandes informa\u00e7\u00f5es sobre recursos do FEAP Pro-Trator e Implementos."}, {"id": "111020", "ano": "2024", "numero": "233", "tipo__sigla": "REQ", "tipo__descricao": "Requerimento", "autoria": "Rafael Frabetti", "texto_original": "http://sapl.garca.sp.leg.br/media/sapl/public/materialegislativa/2024/111020/reqts_2024-0233.pdf", "ementa": "Solicitando ao prefeito informar a possibilidade de instalar uma faixa de pedestres elevada defronte ao col\u00e9gio L\u00famen, e das demais escolas do munic\u00edpio, com o intuito de inibir o tr\u00e1fego de ve\u00edculos em alta velocidade."}, {"id": "111021", "ano": "2024", "numero": "234", "tipo__sigla": "REQ", "tipo__descricao": "Requerimento", "autoria": "Fabinho Polisinani", "texto_original": "http://sapl.garca.sp.leg.br/media/sapl/public/materialegislativa/2024/111021/reqts_2024-0234.pdf", "ementa": "Solicitando ao Prefeito informa\u00e7\u00f5es sobre a reforma da Feira Livre."}, {"id": "111022", "ano": "2024", "numero": "235", "tipo__sigla": "REQ", "tipo__descricao": "Requerimento", "autoria": "Elaine Oliveira", "texto_original": "http://sapl.garca.sp.leg.br/media/sapl/public/materialegislativa/2024/111022/reqts_2024-0235.pdf", "ementa": "Solicitando ao Prefeito informar a possibilidade de aumentar a quantidade de ventiladores nas salas de aula da EMEF Professor Jo\u00e3o Cris\u00f3stomo e tamb\u00e9m realizar a instala\u00e7\u00e3o de c\u00e2meras de seguran\u00e7a nas entradas e sa\u00eddas da escola."}, {"id": "111023", "ano": "2024", "numero": "236", "tipo__sigla": "REQ", "tipo__descricao": "Requerimento", "autoria": "Elaine Oliveira", "texto_original": "http://sapl.garca.sp.leg.br/media/sapl/public/materialegislativa/2024/111023/reqts_2024-0236.pdf", "ementa": "Solicitando ao Prefeito informar qual o prazo de entrega da quadra poliesportiva da EMEF Prof\u00aa Orane Avelino de Souza."}, {"id": "111024", "ano": "2024", "numero": "237", "tipo__sigla": "REQ", "tipo__descricao": "Requerimento", "autoria": "Elaine Oliveira", "texto_original": "http://sapl.garca.sp.leg.br/media/sapl/public/materialegislativa/2024/111024/reqts_2024-0237.pdf", "ementa": "Solicitando seja desconsiderado o efeito do requerimento 175/2024 e que seja convidado um representante do Conselho Tutelar de Gar\u00e7a, para que compare\u00e7a na 10\u00aa Sess\u00e3o Ordin\u00e1ria a ser realizada no dia oito de abril de 2024, a partir das 17h15 para falar sobre o Estatuto da Crian\u00e7a e do Adolescente, bem como os trabalhos realizados pelo Conselho Tutelar em nosso munic\u00edpio."}, {"id": "111025", "ano": "2024", "numero": "238", "tipo__sigla": "REQ", "tipo__descricao": "Requerimento", "autoria": "Elaine Oliveira", "texto_original": "http://sapl.garca.sp.leg.br/media/sapl/public/materialegislativa/2024/111025/reqts_2024-0238.pdf", "ementa": "Solicitando um Voto de Congratula\u00e7\u00f5es e Aplausos a Sra. Maria Am\u00e9lia Zancop\u00e9 Pietro pelo trabalho volunt\u00e1rio que desenvolve na APAE Gar\u00e7a, \u00e0s segundas-feiras com as m\u00e3es dos assistidos."}, {"id": "111026", "ano": "2024", "numero": "239", "tipo__sigla": "REQ", "tipo__descricao": "Requerimento", "autoria": "Elaine Oliveira", "texto_original": "http://sapl.garca.sp.leg.br/media/sapl/public/materialegislativa/2024/111026/reqts_2024-0239.pdf", "ementa": "Solicitando ao Prefeito informar a possibilidade de implementar algumas melhorias na EMEI Garcaf\u00e9."}, {"id": "111029", "ano": "2024", "numero": "240", "tipo__sigla": "REQ", "tipo__descricao": "Requerimento", "autoria": "Lico", "texto_original": "http://sapl.garca.sp.leg.br/media/sapl/public/materialegislativa/2024/111029/reqts_2024-0240.pdf", "ementa": "Solicitando um Voto de Congratula\u00e7\u00f5es e Aplausos \u00e0 Secretaria de Desenvolvimento Econ\u00f4mico e Turismo da prefeitura municipal pela assinatura dos termos de autoriza\u00e7\u00e3o para in\u00edcio das constru\u00e7\u00f5es no novo distrito empresarial \u201cCarlos Augusto Teixeira Pinto\u201d localizado \u00e0s margens da SP-294."}, {"id": "111045", "ano": "2024", "numero": "241", "tipo__sigla": "REQ", "tipo__descricao": "Requerimento", "autoria": "Rodrigo Gutierres", "texto_original": "http://sapl.garca.sp.leg.br/media/sapl/public/materialegislativa/2024/111045/reqts_2024-0241.pdf", "ementa": "Solicitando ao Prefeito informar a possibilidade de realizar melhorias no vel\u00f3rio do distrito de Jafa, como a troca da ilumina\u00e7\u00e3o, pintura geral do pr\u00e9dio e instala\u00e7\u00e3o de ventiladores."}, {"id": "111047", "ano": "2024", "numero": "242", "tipo__sigla": "REQ", "tipo__descricao": "Requerimento", "autoria": "Adhemar Kemp Marcondes de Moura Filho", "texto_original": "http://sapl.garca.sp.leg.br/media/sapl/public/materialegislativa/2024/111047/reqts_2024-0242.pdf", "ementa": "Solicitando ao Prefeito e ao N\u00facleo de Informa\u00e7\u00e3o da Sa\u00fade do Hospital S\u00e3o Lucas para que encaminhe a esta Casa o registro de ponto de todos os m\u00e9dicos, inclusive os que fazem plant\u00e3o \u00e0 dist\u00e2ncia, conforme jornada de trabalho dos \u00fatlimos 2 anos."}, {"id": "111048", "ano": "2024", "numero": "243", "tipo__sigla": "REQ", "tipo__descricao": "Requerimento", "autoria": "Adhemar Kemp Marcondes de Moura Filho", "texto_original": "http://sapl.garca.sp.leg.br/media/sapl/public/materialegislativa/2024/111048/reqts_2024-0243.pdf", "ementa": "Solicitando ao Prefeito encaminhar a esta Casa c\u00f3pia da ata do Conselho Municipal de Sa\u00fade em rela\u00e7\u00e3o ao chamamento p\u00fablico do hospital S\u00e3o Lucas, UPA, e CAPS que est\u00e3o ligados \u00e0 Associa\u00e7\u00e3o Hospitalar Beneficente do Brasil."}, {"id": "111049", "ano": "2024", "numero": "244", "tipo__sigla": "REQ", "tipo__descricao": "Requerimento", "autoria": "Adhemar Kemp Marcondes de Moura Filho", "texto_original": "http://sapl.garca.sp.leg.br/media/sapl/public/materialegislativa/2024/111049/reqts_2024-0244.pdf", "ementa": "Solicitando ao Prefeito encaminhar a esta Casa c\u00f3pia do Relat\u00f3rio de Fiscaliza\u00e7\u00e3o \u2013 Acompanhamento \u2013 Processo: TC004530.989.23 \u2013 Assunto: Contas Anuais \u2013 Per\u00edodo Examinado: 2\u00ba Quadrimestre de 2023, emitido pelo Tribunal de Contas do Estado de S\u00e3o Paulo \u2013 Instru\u00e7\u00e3o: UR-04/DSF-I."}, {"id": "111050", "ano": "2024", "numero": "245", "tipo__sigla": "REQ", "tipo__descricao": "Requerimento", "autoria": "Adhemar Kemp Marcondes de Moura Filho", "texto_original": "http://sapl.garca.sp.leg.br/media/sapl/public/materialegislativa/2024/111050/reqts_2024-0245.pdf", "ementa": "Solicitando ao Prefeito informa\u00e7\u00f5es sobre seguran\u00e7a no Centro de Treinamento do Gar\u00e7a."}, {"id": "111051", "ano": "2024", "numero": "246", "tipo__sigla": "REQ", "tipo__descricao": "Requerimento", "autoria": "Adhemar Kemp Marcondes de Moura Filho", "texto_original": "http://sapl.garca.sp.leg.br/media/sapl/public/materialegislativa/2024/111051/reqts_2024-0246.pdf", "ementa": "Solicitando um Voto de Rep\u00fadio \u00e0 Mesa Diretora da C\u00e2mara Municipal pela proposta do Projeto de Resolu\u00e7\u00e3o n\u00ba 01/2024 que fixa os subs\u00eddios dos vereadores para a 21\u00aa legislatura(2025/2028) e d\u00e1 outras provid\u00eancias."}, {"id": "111108", "ano": "2024", "numero": "247", "tipo__sigla": "REQ", "tipo__descricao": "Requerimento", "autoria": "Pedro Santos", "texto_original": "http://sapl.garca.sp.leg.br/media/sapl/public/materialegislativa/2024/111108/reqts_2024-0247.pdf", "ementa": "Solicitando informa\u00e7\u00f5es ao Prefeito sobre o cumprimento da Lei n\u00ba 5.412/2021, que obriga a transpar\u00eancia de informa\u00e7\u00f5es sobre os processos de\r\naprova\u00e7\u00e3o dos loteamentos que tramitam perante a Administra\u00e7\u00e3o Municipal."}, {"id": "111109", "ano": "2024", "numero": "248", "tipo__sigla": "REQ", "tipo__descricao": "Requerimento", "autoria": "Rodrigo Gutierres", "texto_original": "http://sapl.garca.sp.leg.br/media/sapl/public/materialegislativa/2024/111109/reqts_2024-0248.pdf", "ementa": "Solicitando ao prefeito informar a possibilidade de realizar a erradica\u00e7\u00e3o da \u00e1rvore localizada na Rua J\u00falio Bertoluci defronte ao numeral 253 no distrito de Jafa."}, {"id": "111110", "ano": "2024", "numero": "249", "tipo__sigla": "REQ", "tipo__descricao": "Requerimento", "autoria": "Rodrigo Gutierres", "texto_original": "http://sapl.garca.sp.leg.br/media/sapl/public/materialegislativa/2024/111110/reqts_2024-0249.pdf", "ementa": "Solicitando um Voto de Congratula\u00e7\u00f5es e Aplausos aos servidores p\u00fablicos municipais que desempenharam excelente trabalho na renova\u00e7\u00e3o das placas e sinaliza\u00e7\u00e3o de tr\u00e2nsito do distrito de Jafa."}, {"id": "111113", "ano": "2024", "numero": "250", "tipo__sigla": "REQ", "tipo__descricao": "Requerimento", "autoria": "Elaine Oliveira", "texto_original": "http://sapl.garca.sp.leg.br/media/sapl/public/materialegislativa/2024/111113/reqts_2024-0250.pdf", "ementa": "Solicitando um Voto de Congratula\u00e7\u00f5es e Aplausos \u00e0s merendeiras lotadas na EMEF Prof\u00aa Orane Avelino de Souza pelo carinho e dedica\u00e7\u00e3o que desempenham seu mister, levando qualidade \u00e0 refei\u00e7\u00e3o das crian\u00e7as daquela unidade escolar."}, {"id": "111114", "ano": "2024", "numero": "251", "tipo__sigla": "REQ", "tipo__descricao": "Requerimento", "autoria": "Elaine Oliveira", "texto_original": "http://sapl.garca.sp.leg.br/media/sapl/public/materialegislativa/2024/111114/reqts_2024-0251.pdf", "ementa": "Solicitando um Voto de Congratula\u00e7\u00f5es e Aplausos a Sra. Silvana, merendeira da EMEF Professor Jo\u00e3o Cris\u00f3stomo pelo carinho e dedica\u00e7\u00e3o que desempenha seu mister, levando qualidade \u00e0 refei\u00e7\u00e3o das crian\u00e7as daquela unidade escolar."}, {"id": "111116", "ano": "2024", "numero": "252", "tipo__sigla": "REQ", "tipo__descricao": "Requerimento", "autoria": "Adhemar Kemp Marcondes de Moura Filho", "texto_original": "http://sapl.garca.sp.leg.br/media/sapl/public/materialegislativa/2024/111116/reqts_2024-0252.pdf", "ementa": "Solicitando ao Prefeito informar a possibilidade de abrir para uso da popula\u00e7\u00e3o, aos finais de semana e feriados, as piscinas do Centro Esportivo e Social."}, {"id": "111117", "ano": "2024", "numero": "253", "tipo__sigla": "REQ", "tipo__descricao": "Requerimento", "autoria": "Adhemar Kemp Marcondes de Moura Filho", "texto_original": "http://sapl.garca.sp.leg.br/media/sapl/public/materialegislativa/2024/111117/reqts_2024-0253.pdf", "ementa": "Solicitando ao Prefeito informar se procede a informa\u00e7\u00e3o de que est\u00e1 faltando len\u00e7ol e materiais de uso pessoal aos pacientes do hospital S\u00e3o Lucas conforme den\u00fancia recebida por esta Casa."}, {"id": "111118", "ano": "2024", "numero": "254", "tipo__sigla": "REQ", "tipo__descricao": "Requerimento", "autoria": "Adhemar Kemp Marcondes de Moura Filho", "texto_original": "http://sapl.garca.sp.leg.br/media/sapl/public/materialegislativa/2024/111118/reqts_2024-0254.pdf", "ementa": "Solicitando ao prefeito informar a possibilidade de realizar a ro\u00e7agem do mato alto e limpeza geral na Rua Osmar de Assis Novaes."}, {"id": "111119", "ano": "2024", "numero": "255", "tipo__sigla": "REQ", "tipo__descricao": "Requerimento", "autoria": "Adhemar Kemp Marcondes de Moura Filho", "texto_original": "http://sapl.garca.sp.leg.br/media/sapl/public/materialegislativa/2024/111119/reqts_2024-0255.pdf", "ementa": "Solicitando ao prefeito informar a possibilidade de realizar uma vistoria abrangente em toda a cidade de nossa estimada Gar\u00e7a, com o objetivo de identificar e sanar os pontos onde h\u00e1 ac\u00famulo de mato alto e a necessidade de limpeza geral, atendendo \u00e0s in\u00fameras reclama\u00e7\u00f5es dos mun\u00edcipes a respeito desse assunto."}, {"id": "111120", "ano": "2024", "numero": "256", "tipo__sigla": "REQ", "tipo__descricao": "Requerimento", "autoria": "Adhemar Kemp Marcondes de Moura Filho", "texto_original": "http://sapl.garca.sp.leg.br/media/sapl/public/materialegislativa/2024/111120/reqts_2024-0256.pdf", "ementa": "Solicitando ao prefeito informar a possibilidade de  realizar a manuten\u00e7\u00e3o da Estrada Rural S\u00e3o Jos\u00e9 dos Bonini, tendo em vista que o mato ao longo dessa via encontra-se em estado elevado de crescimento, o que tem comprometido a sua utiliza\u00e7\u00e3o e a seguran\u00e7a dos usu\u00e1rios."}, {"id": "111121", "ano": "2024", "numero": "257", "tipo__sigla": "REQ", "tipo__descricao": "Requerimento", "autoria": "Pedro Santos", "texto_original": "http://sapl.garca.sp.leg.br/media/sapl/public/materialegislativa/2024/111121/reqts_2024-0257.pdf", "ementa": "Solicitando \u00e0 Companhia Paulista de For\u00e7a e Luz  (CPFL) para que informe a possibilidade de realizar os reparos necess\u00e1rios na ilumina\u00e7\u00e3o p\u00fablica da Rua Joaquim Pereira, visto que o local est\u00e1 com as l\u00e2mpadas apagadas."}, {"id": "111122", "ano": "2024", "numero": "258", "tipo__sigla": "REQ", "tipo__descricao": "Requerimento", "autoria": "Pedro Santos", "texto_original": "http://sapl.garca.sp.leg.br/media/sapl/public/materialegislativa/2024/111122/reqts_2024-0258.pdf", "ementa": "Solicitando \u00e0 Companhia Paulista de For\u00e7a e Luz  (CPFL) para que informe a possibilidade de realizar uma vistoria geral no distrito de Jafa visando reparar a ilumina\u00e7\u00e3o de v\u00e1rios locais que est\u00e3o com as l\u00e2mpadas apagadas."}, {"id": "111123", "ano": "2024", "numero": "259", "tipo__sigla": "REQ", "tipo__descricao": "Requerimento", "autoria": "Pedro Santos", "texto_original": "http://sapl.garca.sp.leg.br/media/sapl/public/materialegislativa/2024/111123/reqts_2024-0259.pdf", "ementa": "Solicitando \u00e0 Companhia Paulista de For\u00e7a e Luz  (CPFL) para que informe a possibilidade de realizar os reparos necess\u00e1rios na ilumina\u00e7\u00e3o p\u00fablica da Rua Dr. Miguel Bruno Ferreira, visto que o local est\u00e1 com as l\u00e2mpadas apagadas."}, {"id": "111124", "ano": "2024", "numero": "260", "tipo__sigla": "REQ", "tipo__descricao": "Requerimento", "autoria": "Pedro Santos", "texto_original": "http://sapl.garca.sp.leg.br/media/sapl/public/materialegislativa/2024/111124/reqts_2024-0260.pdf", "ementa": "Solicitando ao Prefeito informa\u00e7\u00f5es sobre a destina\u00e7\u00e3o dos brinquedos que est\u00e3o armazenados na secretaria municipal de obras e servi\u00e7os."}, {"id": "111125", "ano": "2024", "numero": "261", "tipo__sigla": "REQ", "tipo__descricao": "Requerimento", "autoria": "Pedro Santos", "texto_original": "http://sapl.garca.sp.leg.br/media/sapl/public/materialegislativa/2024/111125/reqts_2024-0261.pdf", "ementa": "Solicitando ao Prefeito informar quantos professores solicitaram afastamento ou exonera\u00e7\u00e3o nos \u00faltimos dois anos, discriminando cada um deles."}, {"id": "111126", "ano": "2024", "numero": "262", "tipo__sigla": "REQ", "tipo__descricao": "Requerimento", "autoria": "Marquinho Moreira", "texto_original": "http://sapl.garca.sp.leg.br/media/sapl/public/materialegislativa/2024/111126/reqts_2024-0262.pdf", "ementa": "Solicitando ao prefeito informar a possibilidade de instalar um redutor de velocidade na Rua Guarant\u00e3 defronte ao numeral 297, no Jardim Paineiras."}, {"id": "111127", "ano": "2024", "numero": "263", "tipo__sigla": "REQ", "tipo__descricao": "Requerimento", "autoria": "Marquinho Moreira", "texto_original": "http://sapl.garca.sp.leg.br/media/sapl/public/materialegislativa/2024/111127/reqts_2024-0263.pdf", "ementa": "Solicitando ao prefeito informar a possibilidade de instalar um redutor de velocidade na Rua Ricardo Travensolo, no Jardim Paulista."}, {"id": "111130", "ano": "2024", "numero": "264", "tipo__sigla": "REQ", "tipo__descricao": "Requerimento", "autoria": "Antonio Franco dos Santos - Bacana", "texto_original": "http://sapl.garca.sp.leg.br/media/sapl/public/materialegislativa/2024/111130/reqts_2024-0264.pdf", "ementa": "Solicitando ao prefeito informar a possibilidade de que o ve\u00edculo que faz o transporte de pacientes para tratamento em Mar\u00edlia inclua a Avenida Vereador Ol\u00edvio Turato, passando pela Rua Gustavo Pl\u00ednio Aredes Dias, atendendo, assim, os moradores do residencial Monte Verde."}, {"id": "111131", "ano": "2024", "numero": "265", "tipo__sigla": "REQ", "tipo__descricao": "Requerimento", "autoria": "Antonio Franco dos Santos - Bacana", "texto_original": "http://sapl.garca.sp.leg.br/media/sapl/public/materialegislativa/2024/111131/reqts_2024-0265.pdf", "ementa": "Solicitando ao prefeito encaminhar a esta Casa c\u00f3pia da Licen\u00e7a de Opera\u00e7\u00e3o emitida pela CETESB para instala\u00e7\u00e3o das empresas no novo distrito empresarial localizado \u00e0s margens da SP 294."}, {"id": "111132", "ano": "2024", "numero": "266", "tipo__sigla": "REQ", "tipo__descricao": "Requerimento", "autoria": "Antonio Franco dos Santos - Bacana", "texto_original": "http://sapl.garca.sp.leg.br/media/sapl/public/materialegislativa/2024/111132/reqts_2024-0266.pdf", "ementa": "Solicitando \u00e0 Procuradoria Legislativa da C\u00e2mara Municipal de Gar\u00e7a para que proceda ao ajuizamento de medida judicial para obten\u00e7\u00e3o dos dados requisitados atrav\u00e9s do Requerimento n\u00ba 95/2024."}, {"id": "111171", "ano": "2024", "numero": "267", "tipo__sigla": "REQ", "tipo__descricao": "Requerimento", "autoria": "Adhemar Kemp Marcondes de Moura Filho", "texto_original": "http://sapl.garca.sp.leg.br/media/sapl/public/materialegislativa/2024/111171/reqts_2024-0267.pdf", "ementa": "Solicitando ao prefeito encaminhar c\u00f3pia integral do processo que originou a necessidade da Dispensa de Licita\u00e7\u00e3o 16/2024, que visa a contrata\u00e7\u00e3o de empresa objetivando a execu\u00e7\u00e3o do servi\u00e7o de remo\u00e7\u00e3o de macr\u00f3fitas aqu\u00e1ticas da esp\u00e9cie Elodeo, que est\u00e1 por toda extens\u00e3o do Lago Artificial JK Williams."}, {"id": "111172", "ano": "2024", "numero": "268", "tipo__sigla": "REQ", "tipo__descricao": "Requerimento", "autoria": "Adhemar Kemp Marcondes de Moura Filho", "texto_original": "http://sapl.garca.sp.leg.br/media/sapl/public/materialegislativa/2024/111172/reqts_2024-0268.pdf", "ementa": "Solicitando um Voto de Pesar em raz\u00e3o do falecimento do Dr. Luiz Roberto Devito, ocorrido recentemente em nosso munic\u00edpio."}, {"id": "111173", "ano": "2024", "numero": "269", "tipo__sigla": "REQ", "tipo__descricao": "Requerimento", "autoria": "Adhemar Kemp Marcondes de Moura Filho", "texto_original": "http://sapl.garca.sp.leg.br/media/sapl/public/materialegislativa/2024/111173/reqts_2024-0269.pdf", "ementa": "Solicitando um Voto de Congratula\u00e7\u00f5es e Aplausos \u00e0 Equipe de Atletismo Caveiras de Gar\u00e7a pela realiza\u00e7\u00e3o do Super Treino das Mulheres, em comemora\u00e7\u00e3o ao m\u00eas das mulheres."}, {"id": "111174", "ano": "2024", "numero": "270", "tipo__sigla": "REQ", "tipo__descricao": "Requerimento", "autoria": "Adhemar Kemp Marcondes de Moura Filho", "texto_original": "http://sapl.garca.sp.leg.br/media/sapl/public/materialegislativa/2024/111174/reqts_2024-0270.pdf", "ementa": "Solicitando ao Prefeito informar quais provid\u00eancias a prefeitura adotar\u00e1 para conter a infesta\u00e7\u00e3o de escorpi\u00f5es nas imedia\u00e7\u00f5es do est\u00e1dio municipal Frederico Platzeck."}, {"id": "111175", "ano": "2024", "numero": "271", "tipo__sigla": "REQ", "tipo__descricao": "Requerimento", "autoria": "Elaine Oliveira", "texto_original": "http://sapl.garca.sp.leg.br/media/sapl/public/materialegislativa/2024/111175/reqts_2024-0271.pdf", "ementa": "Solicitando ao Prefeito informar a possibilidade de realizar as tratativas necess\u00e1rias junto ao governo estadual visando a implanta\u00e7\u00e3o do programa Bom Prato em nossa cidade."}, {"id": "111176", "ano": "2024", "numero": "272", "tipo__sigla": "REQ", "tipo__descricao": "Requerimento", "autoria": "F\u00e1bio Santos", "texto_original": "http://sapl.garca.sp.leg.br/media/sapl/public/materialegislativa/2024/111176/reqts_2024-0272.pdf", "ementa": "Solicitando \u00e0s empresas VIVO, LIFE, AONET, CLARO e WAY, para que fa\u00e7am uma vistoria e tomem as provid\u00eancias necess\u00e1rias quanto aos fios de telefonia que est\u00e3o quebrados e ca\u00eddos nas vias de nosso munic\u00edpio."}, {"id": "111177", "ano": "2024", "numero": "273", "tipo__sigla": "REQ", "tipo__descricao": "Requerimento", "autoria": "F\u00e1bio Santos", "texto_original": "http://sapl.garca.sp.leg.br/media/sapl/public/materialegislativa/2024/111177/reqts_2024-0273.pdf", "ementa": "Solicitando ao Prefeito informar a possibilidade de instalar no hospital S\u00e3o Lucas um n\u00facleo de coleta de sangue, visando atender pacientes da cidade e da regi\u00e3o."}, {"id": "111178", "ano": "2024", "numero": "274", "tipo__sigla": "REQ", "tipo__descricao": "Requerimento", "autoria": "Antonio Franco dos Santos - Bacana, Rafael Frabetti", "texto_original": "http://sapl.garca.sp.leg.br/media/sapl/public/materialegislativa/2024/111178/reqts_2024-0274.pdf", "ementa": "Solicitando ao Prefeito informar a possibilidade de conceder o uso do pr\u00e9dio onde funcionou o alojamento do time de futebol do Gar\u00e7a para a Casa Abrigo."}, {"id": "111179", "ano": "2024", "numero": "275", "tipo__sigla": "REQ", "tipo__descricao": "Requerimento", "autoria": "Marcelo Miranda", "texto_original": "http://sapl.garca.sp.leg.br/media/sapl/public/materialegislativa/2024/111179/reqts_2024-0275.pdf", "ementa": "Solicitando ao Prefeito informar a possibilidade de colocar em um via, logradouro ou pr\u00f3prio p\u00fablico o nome da Sra. Regina C\u00e9lia Rezende Afonso."}, {"id": "111180", "ano": "2024", "numero": "276", "tipo__sigla": "REQ", "tipo__descricao": "Requerimento", "autoria": "Marcelo Miranda", "texto_original": "http://sapl.garca.sp.leg.br/media/sapl/public/materialegislativa/2024/111180/reqts_2024-0276.pdf", "ementa": "Solicitando um Voto de Congratula\u00e7\u00f5es e Aplausos  ao renomado ortopedista Dr. Alisson Lima, em reconhecimento aos seus not\u00e1veis cinco anos de dedica\u00e7\u00e3o e excel\u00eancia \u00e0 frente da ortopedia no munic\u00edpio de Gar\u00e7a."}, {"id": "111181", "ano": "2024", "numero": "277", "tipo__sigla": "REQ", "tipo__descricao": "Requerimento", "autoria": "Marcelo Miranda", "texto_original": "http://sapl.garca.sp.leg.br/media/sapl/public/materialegislativa/2024/111181/reqts_2024-0277.pdf", "ementa": "Solicitando um Voto de Congratula\u00e7\u00f5es e Aplausos ao ator garcense Rodrigo Brassoloto, pelos bel\u00edssimos trabalhos desenvolvidos no teatro, na televis\u00e3o e na vida p\u00fablica, destacando, dentre outros: Toro, Bipolar, Hector, Por que voc\u00ea chora? Insubordinados, invers\u00e3o, a\u00e7\u00e3o entre amigos."}, {"id": "111182", "ano": "2024", "numero": "278", "tipo__sigla": "REQ", "tipo__descricao": "Requerimento", "autoria": "Marquinho Moreira", "texto_original": "http://sapl.garca.sp.leg.br/media/sapl/public/materialegislativa/2024/111182/reqts_2024-0278.pdf", "ementa": "Solicitando ao Prefeito informar a possibilidade de realizar o recapeamento da Rua da Esta\u00e7\u00e3o e das Travessas A, B, e C em Vila Cavalcanti e da Rua Sebasti\u00e3o Zucoli e demais ruas que n\u00e3o foram recapeadas no Jardim S\u00e3o Lucas."}, {"id": "111183", "ano": "2024", "numero": "279", "tipo__sigla": "REQ", "tipo__descricao": "Requerimento", "autoria": "Marquinho Moreira", "texto_original": "http://sapl.garca.sp.leg.br/media/sapl/public/materialegislativa/2024/111183/reqts_2024-0279.pdf", "ementa": "Solicitando ao Prefeito informar a possibilidade de realizar a demarca\u00e7\u00e3o de solo de todo o bairro S\u00e3o Benedito, visto que est\u00e1 toda apagada."}, {"id": "111184", "ano": "2024", "numero": "280", "tipo__sigla": "REQ", "tipo__descricao": "Requerimento", "autoria": "Marquinho Moreira", "texto_original": "http://sapl.garca.sp.leg.br/media/sapl/public/materialegislativa/2024/111184/reqts_2024-0280.pdf", "ementa": "Solicitando ao Prefeito informar a possibilidade de realizar a instala\u00e7\u00e3o de um redutor de velocidades na Rua \u00c2ngelo Rossato, no bairro Jo\u00e3o Serapi\u00e3o."}, {"id": "111185", "ano": "2024", "numero": "281", "tipo__sigla": "REQ", "tipo__descricao": "Requerimento", "autoria": "Marquinho Moreira", "texto_original": "http://sapl.garca.sp.leg.br/media/sapl/public/materialegislativa/2024/111185/reqts_2024-0281.pdf", "ementa": "Solicitando um Voto de Congratula\u00e7\u00f5es e Aplausos \u00e0 Dona Jurema pelo trabalho em prol do parque linear \u201cNascentes do Tibiri\u00e7\u00e1\u201d e suas imedia\u00e7\u00f5es sendo sempre uma voz importante na cobran\u00e7a do poder p\u00fablico para constante manuten\u00e7\u00e3o do local."}, {"id": "111186", "ano": "2024", "numero": "282", "tipo__sigla": "REQ", "tipo__descricao": "Requerimento", "autoria": "Marquinho Moreira", "texto_original": "http://sapl.garca.sp.leg.br/media/sapl/public/materialegislativa/2024/111186/reqts_2024-0282.pdf", "ementa": "Solicitando ao Prefeito informar a possibilidade de realizar a pintura da sinaliza\u00e7\u00e3o de tr\u00e2nsito PARE, bem como coloca\u00e7\u00e3o de sinaliza\u00e7\u00e3o vertical e melhorias no asfalto defronte \u00e0 USF Dr. Jurandir Ubirajara Guimar\u00e3es em Vila Cavalcanti."}, {"id": "111187", "ano": "2024", "numero": "283", "tipo__sigla": "REQ", "tipo__descricao": "Requerimento", "autoria": "Marquinho Moreira", "texto_original": "http://sapl.garca.sp.leg.br/media/sapl/public/materialegislativa/2024/111187/reqts_2024-0283.pdf", "ementa": "Solicitando ao Prefeito informar a possibilidade de realizar o fechamento do enorme buraco existente na Avenida Vereador Ol\u00edvio Turato entre os numerais 920 e 950."}, {"id": "111188", "ano": "2024", "numero": "284", "tipo__sigla": "REQ", "tipo__descricao": "Requerimento", "autoria": "Tenente Almeida", "texto_original": "http://sapl.garca.sp.leg.br/media/sapl/public/materialegislativa/2024/111188/reqts_2024-0284.pdf", "ementa": "Solicitando um Voto de Congratula\u00e7\u00f5es e Aplausos ao cuidador Tai\u00e3 Vin\u00edcius Santana dos Santos pela sensibilidade diante dos cuidados especiais junto ao paciente Mauri Ribeiro Proen\u00e7a acometido h\u00e1 mais de 10 anos com esclerose lateral amiotr\u00f3fica."}, {"id": "111189", "ano": "2024", "numero": "285", "tipo__sigla": "REQ", "tipo__descricao": "Requerimento", "autoria": "Tenente Almeida", "texto_original": "http://sapl.garca.sp.leg.br/media/sapl/public/materialegislativa/2024/111189/reqts_2024-0285.pdf", "ementa": "Solicitando um Voto de Congratula\u00e7\u00f5es e Aplausos ao atleta Samuel Baptista da Silva pelo seu desempenho na busca de seus objetivos a fim de galgar a carreira de jogador profissional de futebol. Com passagens pelo Esporte Clube Palmeiras, S\u00e3o Paulo, Atl\u00e9tico Paranaense e atualmente atuando no sub 15 da conceituada equipe da Ferrovi\u00e1ria de Araraquara."}, {"id": "111190", "ano": "2024", "numero": "286", "tipo__sigla": "REQ", "tipo__descricao": "Requerimento", "autoria": "Rodrigo Gutierres", "texto_original": "http://sapl.garca.sp.leg.br/media/sapl/public/materialegislativa/2024/111190/reqts_2024-0286.pdf", "ementa": "Solicitando um Voto de Congratula\u00e7\u00f5es e Aplausos ao Lions Clube de Gar\u00e7a pelo transcurso do Dia do Lions Clube, comemorado no dia 16 de abril."}, {"id": "111191", "ano": "2024", "numero": "287", "tipo__sigla": "REQ", "tipo__descricao": "Requerimento", "autoria": "Rodrigo Gutierres", "texto_original": "http://sapl.garca.sp.leg.br/media/sapl/public/materialegislativa/2024/111191/reqts_2024-0287.pdf", "ementa": "Solicitando ao Prefeito informar a possibilidade de realizar a pintura do terminal rodovi\u00e1rio do distrito de Jafa."}, {"id": "111192", "ano": "2024", "numero": "288", "tipo__sigla": "REQ", "tipo__descricao": "Requerimento", "autoria": "Fabinho Polisinani", "texto_original": "http://sapl.garca.sp.leg.br/media/sapl/public/materialegislativa/2024/111192/reqts_2024-0288.pdf", "ementa": "Solicitando um Voto de Congratula\u00e7\u00f5es e Aplausos ao produtor rural garcense Cassiano Terciotti Tosta, pela conquista da s\u00e9tima coloca\u00e7\u00e3o na categoria Via \u00damida no 22\u00ba Concurso Estadual Qualidade do Caf\u00e9 de SP recebendo o pr\u00eamio das m\u00e3os do governador do estado de S\u00e3o Paulo, Tarc\u00edsio de Freitas."}, {"id": "111193", "ano": "2024", "numero": "289", "tipo__sigla": "REQ", "tipo__descricao": "Requerimento", "autoria": "Fabinho Polisinani", "texto_original": "http://sapl.garca.sp.leg.br/media/sapl/public/materialegislativa/2024/111193/reqts_2024-0289.pdf", "ementa": "Solicitando ao Prefeito diversas informa\u00e7\u00f5es em rela\u00e7\u00e3o \u00e0 constru\u00e7\u00e3o do Centro de Inova\u00e7\u00e3o e Tecnologia."}, {"id": "111194", "ano": "2024", "numero": "290", "tipo__sigla": "REQ", "tipo__descricao": "Requerimento", "autoria": "Fabinho Polisinani", "texto_original": "http://sapl.garca.sp.leg.br/media/sapl/public/materialegislativa/2024/111194/reqts_2024-0290.pdf", "ementa": "Solicitando ao Prefeito informar quem \u00e9 o respons\u00e1vel pela ro\u00e7agem do mato no passeio p\u00fablico no quarteir\u00e3o onde se localiza o Clube da Terceira Idade."}, {"id": "111218", "ano": "2024", "numero": "291", "tipo__sigla": "REQ", "tipo__descricao": "Requerimento", "autoria": "Antonio Franco dos Santos - Bacana", "texto_original": "http://sapl.garca.sp.leg.br/media/sapl/public/materialegislativa/2024/111218/reqts_2024-0291.pdf", "ementa": "Solicitando ao Prefeito informa\u00e7\u00f5es sobre recursos do superavit financeiro."}, {"id": "111219", "ano": "2024", "numero": "292", "tipo__sigla": "REQ", "tipo__descricao": "Requerimento", "autoria": "Antonio Franco dos Santos - Bacana", "texto_original": "http://sapl.garca.sp.leg.br/media/sapl/public/materialegislativa/2024/111219/reqts_2024-0292.pdf", "ementa": "Solicitando ao SAAE informa\u00e7\u00f5es sobre exist\u00eancia de boletim de ocorr\u00eancia pelo furto ocorrido na Esta\u00e7\u00e3o Elevat\u00f3ria de Esgotos que motivou a paralisa\u00e7\u00e3o do funcionamento da mesma."}, {"id": "111220", "ano": "2024", "numero": "293", "tipo__sigla": "REQ", "tipo__descricao": "Requerimento", "autoria": "Lico", "texto_original": "http://sapl.garca.sp.leg.br/media/sapl/public/materialegislativa/2024/111220/reqts_2024-0293.pdf", "ementa": "Solicitando um Voto de Congratula\u00e7\u00f5es e Aplausos \u00e0 equipe de Futsal da SEJEL, \u00e0 professora Gizele Lima e a todas as atletas pela conquista da vaga na decis\u00e3o da Copa Record, S\u00e9rie Prata, ap\u00f3s vit\u00f3ria emocionante sobre Piraju\u00ed, em jogo realizado na noite do dia 27/03 na casa do advers\u00e1rio."}, {"id": "111221", "ano": "2024", "numero": "294", "tipo__sigla": "REQ", "tipo__descricao": "Requerimento", "autoria": "Lico", "texto_original": "http://sapl.garca.sp.leg.br/media/sapl/public/materialegislativa/2024/111221/reqts_2024-0294.pdf", "ementa": "Solicitando um Voto de Congratula\u00e7\u00f5es e Aplausos ao Restaurante Anzi Bistr\u00f4, que recebeu recentemente a recomenda\u00e7\u00e3o ON RESTAURANT GURU RECOMMENDED, que \u00e9 um guia internacional que re\u00fane todos os coment\u00e1rios positivos dispon\u00edveis na internet em plataformas como o Google, Facebook e TripAdvisor e classificam o estabelecimento."}, {"id": "111222", "ano": "2024", "numero": "295", "tipo__sigla": "REQ", "tipo__descricao": "Requerimento", "autoria": "Lico", "texto_original": "http://sapl.garca.sp.leg.br/media/sapl/public/materialegislativa/2024/111222/reqts_2024-0295.pdf", "ementa": "Solicitando ao Prefeito informar a possibilidade de instalar um redutor de velocidade na rua Brasil Joly, altura do numeral 64, no bairro Labien\u00f3polis."}, {"id": "111246", "ano": "2024", "numero": "296", "tipo__sigla": "REQ", "tipo__descricao": "Requerimento", "autoria": "Marcelo Miranda", "texto_original": "http://sapl.garca.sp.leg.br/media/sapl/public/materialegislativa/2024/111246/reqts_2024-0296.pdf", "ementa": "Solicitando um Voto de Congratula\u00e7\u00f5es e Aplausos \u00e0 Pol\u00edcia Federal em conjunto com a Pol\u00edcia Civil de Gar\u00e7a por prender um aluno de medicina da\r\nFaculdade de Fernand\u00f3polis que era financiado por organiza\u00e7\u00e3o criminosa do estado do Cear\u00e1."}, {"id": "111247", "ano": "2024", "numero": "297", "tipo__sigla": "REQ", "tipo__descricao": "Requerimento", "autoria": "Rodrigo Gutierres", "texto_original": "http://sapl.garca.sp.leg.br/media/sapl/public/materialegislativa/2024/111247/reqts_2024-0297.pdf", "ementa": "Solicitando ao prefeito informar a possibilidade de incluir o munic\u00edpio de Gar\u00e7a para ser contemplado com o Programa Minha Casa Minha Vida."}, {"id": "111248", "ano": "2024", "numero": "298", "tipo__sigla": "REQ", "tipo__descricao": "Requerimento", "autoria": "F\u00e1bio Santos", "texto_original": "http://sapl.garca.sp.leg.br/media/sapl/public/materialegislativa/2024/111248/reqts_2024-0298.pdf", "ementa": "Solicitando um Voto de Pesar em raz\u00e3o do falecimento do Sr. Miguel Camilo, conhecido como Miguel Sapateiro"}, {"id": "111249", "ano": "2024", "numero": "299", "tipo__sigla": "REQ", "tipo__descricao": "Requerimento", "autoria": "F\u00e1bio Santos", "texto_original": "http://sapl.garca.sp.leg.br/media/sapl/public/materialegislativa/2024/111249/reqts_2024-0299.pdf", "ementa": "Solicitando ao prefeito informar a possibilidade de colocar em uma via, logradouro ou pr\u00f3prio p\u00fablico o nome do Sr. Miguel Camilo, conhecido como Miguel Sapateiro."}, {"id": "111250", "ano": "2024", "numero": "300", "tipo__sigla": "REQ", "tipo__descricao": "Requerimento", "autoria": "F\u00e1bio Santos", "texto_original": "http://sapl.garca.sp.leg.br/media/sapl/public/materialegislativa/2024/111250/reqts_2024-0300.pdf", "ementa": "Solicitando ao prefeito informa\u00e7\u00f5es sobre estudos visando a melhoria e organiza\u00e7\u00e3o do tr\u00e2nsito no cruzamento da Rua Santo Ant\u00f4nio com Avenida Presidente Vargas."}, {"id": "111251", "ano": "2024", "numero": "301", "tipo__sigla": "REQ", "tipo__descricao": "Requerimento", "autoria": "F\u00e1bio Santos", "texto_original": "http://sapl.garca.sp.leg.br/media/sapl/public/materialegislativa/2024/111251/reqts_2024-0301.pdf", "ementa": "Convocando o Diretor Superintendente do IAPEN, Sr. Eduardo Rosa, para que compare\u00e7a na 14\u00aa Sess\u00e3o Ordin\u00e1ria a ser realizada no dia seis de maio de 2024, a partir das 17h15 para falar sobre os trabalhos do IAPEN."}, {"id": "111252", "ano": "2024", "numero": "302", "tipo__sigla": "REQ", "tipo__descricao": "Requerimento", "autoria": "Marquinho Moreira", "texto_original": "http://sapl.garca.sp.leg.br/media/sapl/public/materialegislativa/2024/111252/reqts_2024-0302.pdf", "ementa": "Solicitando ao prefeito informar a possibilidade de realizar a instala\u00e7\u00e3o de um redutor de velocidades na Rua Oscar Montemor, altura do numeral 183."}, {"id": "111253", "ano": "2024", "numero": "303", "tipo__sigla": "REQ", "tipo__descricao": "Requerimento", "autoria": "Marquinho Moreira", "texto_original": "http://sapl.garca.sp.leg.br/media/sapl/public/materialegislativa/2024/111253/reqts_2024-0303.pdf", "ementa": "Solicitando ao prefeito informar a possibilidade de realizar a poda de uma \u00e1rvore localizada na Rua Ricardo M. Y. Martines, no Jardim Imperador."}, {"id": "111254", "ano": "2024", "numero": "304", "tipo__sigla": "REQ", "tipo__descricao": "Requerimento", "autoria": "Marquinho Moreira", "texto_original": "http://sapl.garca.sp.leg.br/media/sapl/public/materialegislativa/2024/111254/reqts_2024-0304.pdf", "ementa": "Solicitando ao prefeito informar a possibilidade de instalar uma lixeira pr\u00f3xima ao parquinho infantil no Jardim S\u00e3o Rafael."}, {"id": "111255", "ano": "2024", "numero": "305", "tipo__sigla": "REQ", "tipo__descricao": "Requerimento", "autoria": "Marquinho Moreira", "texto_original": "http://sapl.garca.sp.leg.br/media/sapl/public/materialegislativa/2024/111255/reqts_2024-0305.pdf", "ementa": "Solicitando ao prefeito informar a possibilidade de incluir no cronograma de recapeamento a Rua Vit\u00f3ria."}, {"id": "111256", "ano": "2024", "numero": "306", "tipo__sigla": "REQ", "tipo__descricao": "Requerimento", "autoria": "Marquinho Moreira", "texto_original": "http://sapl.garca.sp.leg.br/media/sapl/public/materialegislativa/2024/111256/reqts_2024-0306.pdf", "ementa": "Solicitando um Voto de Congratula\u00e7\u00f5es e Aplausos \u00e0 m\u00e9dica da USF Dr. Jurandir Ubirajara Guimar\u00e3es, Dra. Let\u00edcia Mancuzo de Brito pelos relevantes trabalhos que presta naquela unidade de sa\u00fade, desempenhando seu mister com muito amor e dedica\u00e7\u00e3o."}, {"id": "111257", "ano": "2024", "numero": "307", "tipo__sigla": "REQ", "tipo__descricao": "Requerimento", "autoria": "Marquinho Moreira", "texto_original": "http://sapl.garca.sp.leg.br/media/sapl/public/materialegislativa/2024/111257/reqts_2024-0307.pdf", "ementa": "Solicitando ao prefeito informar a possibilidade de instalar um redutor de velocidades na Rua Presidente Vargas, altura do Supermercado Ducido."}, {"id": "111259", "ano": "2024", "numero": "308", "tipo__sigla": "REQ", "tipo__descricao": "Requerimento", "autoria": "Pedro Santos", "texto_original": "http://sapl.garca.sp.leg.br/media/sapl/public/materialegislativa/2024/111259/reqts_2024-0308.pdf", "ementa": "Solicitando um Voto de Congratula\u00e7\u00f5es e Aplausos \u00e0 Igreja Evang\u00e9lica Assembleia de Deus Vida Nova pelo transcurso de seu 18\u00ba anivers\u00e1rio, onde durante quase duas d\u00e9cadas vem trazendo al\u00edvio e transforma\u00e7\u00e3o para as pessoas com a prega\u00e7\u00e3o da santa palavra de Deus."}, {"id": "111260", "ano": "2024", "numero": "309", "tipo__sigla": "REQ", "tipo__descricao": "Requerimento", "autoria": "Pedro Santos", "texto_original": "http://sapl.garca.sp.leg.br/media/sapl/public/materialegislativa/2024/111260/reqts_2024-0309.pdf", "ementa": "Solicitando ao prefeito informar por qual motivo h\u00e1 fala de ferragens dentro dos palanques de concreto no distrito empresarial \u201cCarlos Augusto Teixeira Pinto\u201d."}, {"id": "111261", "ano": "2024", "numero": "310", "tipo__sigla": "REQ", "tipo__descricao": "Requerimento", "autoria": "Pedro Santos", "texto_original": "http://sapl.garca.sp.leg.br/media/sapl/public/materialegislativa/2024/111261/reqts_2024-0310.pdf", "ementa": "Solicitando um Voto de Congratula\u00e7\u00f5es e Aplausos aos alunos do curso de qu\u00edmica da Escola T\u00e9cnica Deputado Paulo Ornellas Carvalho de Barros (Escola Agr\u00edcola): Cl\u00e1udia Cristina Ribeiro, Cl\u00e1udia Roberta Vasconcelos de Carvalho, J\u00e9ssica Dias Santos Nunes de Souza, Guilherme Roberto Moia dos Santos e Vin\u00edcius Tavares Mota, ao coordenador do curso Nivaldo Pereira de Macedo, e \u00e0 professora Halicia Xavier de Macedo por terem desenvolvido um repelente natural e de baixo custo contra mosquito da dengue."}, {"id": "111262", "ano": "2024", "numero": "311", "tipo__sigla": "REQ", "tipo__descricao": "Requerimento", "autoria": "Pedro Santos", "texto_original": "http://sapl.garca.sp.leg.br/media/sapl/public/materialegislativa/2024/111262/reqts_2024-0311.pdf", "ementa": "Solicitando ao Prefeito encaminhar a esta Casa uma rela\u00e7\u00e3o de todas as concess\u00f5es de im\u00f3veis, incluindo casas, terrenos, pr\u00e9dios e \u00e1reas, feitas pelo munic\u00edpio, incluindo endere\u00e7o do local, para quem est\u00e1 concedida e qual a validade."}, {"id": "111263", "ano": "2024", "numero": "312", "tipo__sigla": "REQ", "tipo__descricao": "Requerimento", "autoria": "Pedro Santos", "texto_original": "http://sapl.garca.sp.leg.br/media/sapl/public/materialegislativa/2024/111263/reqts_2024-0312.pdf", "ementa": "Solicitando informa\u00e7\u00f5es ao Prefeito sobre o cumprimento da Lei n\u00ba 2.680/91, relativamente ao pagamento do adicional de f\u00e9rias aos servidores p\u00fablicos, bem como que a remessa do expediente  seja encaminhada ao C. Tribunal de Contas do Estado de S\u00e3o Paulo para que informe se a despesa realizada em desacordo com o art. 134 da Lei n\u00ba 2.680/91 ser\u00e1 objeto de fiscaliza\u00e7\u00e3o pela Corte, informando acerca da exist\u00eancia de eventual apontamento nas contas da Prefeitura de Gar\u00e7a, a ser oportunamente remetido a esta Casa de Leis para provid\u00eancias."}, {"id": "111264", "ano": "2024", "numero": "313", "tipo__sigla": "REQ", "tipo__descricao": "Requerimento", "autoria": "Elaine Oliveira", "texto_original": "http://sapl.garca.sp.leg.br/media/sapl/public/materialegislativa/2024/111264/reqts_2024-0313.pdf", "ementa": "Solicitando um voto de congratula\u00e7\u00f5es e aplausos \u00e0 empresa Cir\u00fargica Home Care, destacando sua relev\u00e2ncia para a cidade de Gar\u00e7a, pelo excelente atendimento aos clientes e regi\u00e3o, com produtos hospitalares e Assist\u00eancia Domiciliar - Equipe Multiprofissional."}, {"id": "111265", "ano": "2024", "numero": "314", "tipo__sigla": "REQ", "tipo__descricao": "Requerimento", "autoria": "Antonio Franco dos Santos - Bacana", "texto_original": "http://sapl.garca.sp.leg.br/media/sapl/public/materialegislativa/2024/111265/reqts_2024-0314.pdf", "ementa": "Solicitando ao prefeito informa\u00e7\u00f5es sobre os palanques de sustenta\u00e7\u00e3o do alambrado do distrito empresarial \u201cCarlos Augusto Teixeira Pinto\u201d que est\u00e3o ca\u00eddos."}, {"id": "111266", "ano": "2024", "numero": "315", "tipo__sigla": "REQ", "tipo__descricao": "Requerimento", "autoria": "Antonio Franco dos Santos - Bacana", "texto_original": "http://sapl.garca.sp.leg.br/media/sapl/public/materialegislativa/2024/111266/reqts_2024-0315.pdf", "ementa": "Solicitando ao diretor executivo do SAAE informa\u00e7\u00f5es em rela\u00e7\u00e3o aos cargos de engenheiros."}, {"id": "111267", "ano": "2024", "numero": "316", "tipo__sigla": "REQ", "tipo__descricao": "Requerimento", "autoria": "Antonio Franco dos Santos - Bacana", "texto_original": "http://sapl.garca.sp.leg.br/media/sapl/public/materialegislativa/2024/111267/reqts_2024-0316.pdf", "ementa": "Solicitando ao prefeito encaminhar a esta Casa c\u00f3pias do Edital de Licita\u00e7\u00e3o e do contrato com a empresa respons\u00e1vel pelas obras de revitaliza\u00e7\u00e3o do Lago Artificial Prof. J. K. Williams."}, {"id": "111268", "ano": "2024", "numero": "317", "tipo__sigla": "REQ", "tipo__descricao": "Requerimento", "autoria": "Elaine Oliveira", "texto_original": "http://sapl.garca.sp.leg.br/media/sapl/public/materialegislativa/2024/111268/reqts_2024-0317.pdf", "ementa": "Convidando o Diretor Executivo do SAAE, Sr. Andr\u00e9 Pazini, para que compare\u00e7a na 12\u00aa Sess\u00e3o Ordin\u00e1ria a ser realizada no dia 22 de abril de 2024, a partir das 17h15 para prestar esclarecimentos sobre os trabalhos da autarquia."}, {"id": "111272", "ano": "2024", "numero": "318", "tipo__sigla": "REQ", "tipo__descricao": "Requerimento", "autoria": "Antonio Franco dos Santos - Bacana", "texto_original": "http://sapl.garca.sp.leg.br/media/sapl/public/materialegislativa/2024/111272/reqts_2024-0318.pdf", "ementa": "Solicitando ao prefeito informa\u00e7\u00f5es sobre a previs\u00e3o para recapeamento da Rua Prudente de Moraes."}, {"id": "111273", "ano": "2024", "numero": "319", "tipo__sigla": "REQ", "tipo__descricao": "Requerimento", "autoria": "Marcelo Miranda", "texto_original": "http://sapl.garca.sp.leg.br/media/sapl/public/materialegislativa/2024/111273/reqts_2024-0319.pdf", "ementa": "Solicitando ao Prefeito, \u00e0 Regional de Sa\u00fade e AHBB para que articulem possibilidades de adequar as filas de algumas especialidades cir\u00fargicas atrav\u00e9s de mutir\u00f5es, para reduzir o tempo de espera para as especialidades."}, {"id": "111274", "ano": "2024", "numero": "320", "tipo__sigla": "REQ", "tipo__descricao": "Requerimento", "autoria": "Fabinho Polisinani", "texto_original": "http://sapl.garca.sp.leg.br/media/sapl/public/materialegislativa/2024/111274/reqts_2024-0320.pdf", "ementa": "Solicitando ao prefeito informar por quais motivos n\u00e3o est\u00e1 sendo feita a coleta de alunos do bairro rural Itiratup\u00e3 nas porteiras das fazendas."}, {"id": "111275", "ano": "2024", "numero": "321", "tipo__sigla": "REQ", "tipo__descricao": "Requerimento", "autoria": "Rodrigo Gutierres, Tenente Almeida", "texto_original": "http://sapl.garca.sp.leg.br/media/sapl/public/materialegislativa/2024/111275/reqts_2024-0321.pdf", "ementa": "Solicitando um Voto de Congratula\u00e7\u00f5es e Aplausos \u00e0 Operadora de R\u00e1dio Cb PM Renata, e ao Cmt do 2\u00ba Pelot\u00e3o da 3\u00aa Cia do 2\u00ba BPRv, 1\u00ba Ten PM M\u00e1rcio Martins pela atitude heroica que tiveram no in\u00edcio da noite do dia 10/04, quando um casal parou na Base Operacional de Mar\u00edlia (294/2) em situa\u00e7\u00e3o de desespero com uma beb\u00ea de 1 m\u00eas engasgada e os policiais realizaram a manobra para o desengasgamento, conseguindo salvar a vida da pequena Layla."}, {"id": "111276", "ano": "2024", "numero": "322", "tipo__sigla": "REQ", "tipo__descricao": "Requerimento", "autoria": "Tenente Almeida", "texto_original": "http://sapl.garca.sp.leg.br/media/sapl/public/materialegislativa/2024/111276/reqts_2024-0322.pdf", "ementa": "Solicitando ao prefeito informar a possibilidade de encaminhar projeto de lei alterando o artigo 4\u00ba da Lei n\u00ba 5557/2023, que autoriza a concess\u00e3o de \u201cPr\u00f3-labore\u201d aos policiais militares que realizarem servi\u00e7os de policiamento, fiscaliza\u00e7\u00e3o e disciplina das atividades previstas no C\u00f3digo de Tr\u00e2nsito Brasileiro e d\u00e1 outras provid\u00eancias."}, {"id": "111277", "ano": "2024", "numero": "323", "tipo__sigla": "REQ", "tipo__descricao": "Requerimento", "autoria": "Tenente Almeida", "texto_original": "http://sapl.garca.sp.leg.br/media/sapl/public/materialegislativa/2024/111277/reqts_2024-0323.pdf", "ementa": "Solicitando ao prefeito informar a possibilidade de que o tr\u00e2nsito de caminh\u00f5es seja direcionado pela Rua Cel. Joaquim Pizza e Av. Labieno da Costa Machado virando pela Rua Santo Ant\u00f4nio e ao chegar na Avenida Presidente Vargas virar \u00e0 esquerda adentrando assim na rodovia SP 349."}, {"id": "111278", "ano": "2024", "numero": "324", "tipo__sigla": "REQ", "tipo__descricao": "Requerimento", "autoria": "Tenente Almeida", "texto_original": "http://sapl.garca.sp.leg.br/media/sapl/public/materialegislativa/2024/111278/reqts_2024-0324.pdf", "ementa": "Solicitando ao prefeito informar a possibilidade de realizar a retirada da sinaliza\u00e7\u00e3o (tach\u00e3o) existente no cruzamento das Ruas XV de Novembro com Cel. Joaquim Pizza, a fim de melhor atender a mobilidade urbana naquele local."}, {"id": "111279", "ano": "2024", "numero": "325", "tipo__sigla": "REQ", "tipo__descricao": "Requerimento", "autoria": "Tenente Almeida", "texto_original": "http://sapl.garca.sp.leg.br/media/sapl/public/materialegislativa/2024/111279/reqts_2024-0325.pdf", "ementa": "Solicitando ao prefeito informar a possibilidade de realizar a instala\u00e7\u00e3o de um redutor de velocidade na Rua Francisco Jorge Mirala, na proximidade do numeral 21."}, {"id": "111280", "ano": "2024", "numero": "326", "tipo__sigla": "REQ", "tipo__descricao": "Requerimento", "autoria": "Tenente Almeida", "texto_original": "http://sapl.garca.sp.leg.br/media/sapl/public/materialegislativa/2024/111280/reqts_2024-0326.pdf", "ementa": "Solicitando ao prefeito informar a possibilidade de realizar os reparos na malha asf\u00e1ltica na al\u00e7a de acesso da vicinal que liga o distrito de Jafa ao bairro rural Itiratup\u00e3."}, {"id": "111298", "ano": "2024", "numero": "327", "tipo__sigla": "REQ", "tipo__descricao": "Requerimento", "autoria": "Elaine Oliveira", "texto_original": "http://sapl.garca.sp.leg.br/media/sapl/public/materialegislativa/2024/111298/reqts_2024-0327.pdf", "ementa": "Solicitando ao prefeito informar a possibilidade de envidar esfor\u00e7os visando trazer a apresenta\u00e7\u00e3o da esquadrilha da fuma\u00e7a para o m\u00eas de anivers\u00e1rio de nosso munic\u00edpio."}, {"id": "111299", "ano": "2024", "numero": "328", "tipo__sigla": "REQ", "tipo__descricao": "Requerimento", "autoria": "Lico", "texto_original": "http://sapl.garca.sp.leg.br/media/sapl/public/materialegislativa/2024/111299/reqts_2024-0328.pdf", "ementa": "Solicitando um Voto de Congratula\u00e7\u00f5es e Aplausos ao prefeito da cidade de Vera Cruz, Sr. Rodolfo Silva Davoli pela realiza\u00e7\u00e3o da festa de pe\u00e3o boiadeiro, levando lazer e divers\u00e3o \u00e0 popula\u00e7\u00e3o daquele munic\u00edpio e tamb\u00e9m da regi\u00e3o. Estendo os votos \u00e0s p\u00e1ginas do Facebook \u201cGar\u00e7a News\u201d e \u201cGar\u00e7a Cidade Maravilhosa\u201d pela excelente cobertura jornal\u00edstica do evento."}, {"id": "111300", "ano": "2024", "numero": "329", "tipo__sigla": "REQ", "tipo__descricao": "Requerimento", "autoria": "Lico", "texto_original": "http://sapl.garca.sp.leg.br/media/sapl/public/materialegislativa/2024/111300/reqts_2024-0329.pdf", "ementa": "Solicitando um Voto de Congratula\u00e7\u00f5es e Aplausos \u00e0 Equipe Foco - For\u00e7a e Coragem, pela realiza\u00e7\u00e3o da 6\u00aa edi\u00e7\u00e3o do Moto Rock Festival, ocorrida nos dias 12, 13 e 14 de abril de 2024 no lago artificial Prof. J. K. Willians, sendo um evento beneficente em prol da Casa de Apoio aos Pacientes com C\u00e2ncer de Gar\u00e7a em Ja\u00fa e, tamb\u00e9m, para diversas entidades do munic\u00edpio que estiveram presentes na pra\u00e7a de alimenta\u00e7\u00e3o."}, {"id": "111301", "ano": "2024", "numero": "330", "tipo__sigla": "REQ", "tipo__descricao": "Requerimento", "autoria": "Lico", "texto_original": "http://sapl.garca.sp.leg.br/media/sapl/public/materialegislativa/2024/111301/reqts_2024-0330.pdf", "ementa": "Solicitando um Voto de Congratula\u00e7\u00f5es e Aplausos \u00e0 equipe de futsal feminina da SEJEL, e a treinadora Gizele Lima pela conquista da s\u00e9rie prata da Copa Record de Futsal."}, {"id": "111303", "ano": "2024", "numero": "331", "tipo__sigla": "REQ", "tipo__descricao": "Requerimento", "autoria": "Marquinho Moreira", "texto_original": "http://sapl.garca.sp.leg.br/media/sapl/public/materialegislativa/2024/111303/reqts_2024-0331.pdf", "ementa": "Solicitando ao prefeito informar a possibilidade de refor\u00e7ar o atendimento m\u00e9dico na UPA no per\u00edodo da manh\u00e3."}, {"id": "111304", "ano": "2024", "numero": "332", "tipo__sigla": "REQ", "tipo__descricao": "Requerimento", "autoria": "Marquinho Moreira", "texto_original": "http://sapl.garca.sp.leg.br/media/sapl/public/materialegislativa/2024/111304/reqts_2024-0332.pdf", "ementa": "Solicitando ao prefeito informar a possibilidade de realizar a limpeza geral, pintura dos bancos e mesas e instalar 2 lixeiras na pra\u00e7a localizada no entorno da EMEI Prof\u00aa Maria Helena Santos Miranda."}, {"id": "111305", "ano": "2024", "numero": "333", "tipo__sigla": "REQ", "tipo__descricao": "Requerimento", "autoria": "Marquinho Moreira", "texto_original": "http://sapl.garca.sp.leg.br/media/sapl/public/materialegislativa/2024/111305/reqts_2024-0333.pdf", "ementa": "Solicitando ao prefeito diversas informa\u00e7\u00f5es em rela\u00e7\u00e3o aos dados da ouvidoria do ano de 2023."}, {"id": "111306", "ano": "2024", "numero": "334", "tipo__sigla": "REQ", "tipo__descricao": "Requerimento", "autoria": "Marquinho Moreira", "texto_original": "http://sapl.garca.sp.leg.br/media/sapl/public/materialegislativa/2024/111306/reqts_2024-0334.pdf", "ementa": "Solicitando ao prefeito informar a possibilidade de realizar reparos na ilumina\u00e7\u00e3o do canteiro do Jardim Aeroporto pr\u00f3ximo ao radar."}, {"id": "111307", "ano": "2024", "numero": "335", "tipo__sigla": "REQ", "tipo__descricao": "Requerimento", "autoria": "Marquinho Moreira", "texto_original": "http://sapl.garca.sp.leg.br/media/sapl/public/materialegislativa/2024/111307/reqts_2024-0335.pdf", "ementa": "Solicitando ao Departamento de Estradas de Rodagem \u2013 DER, para que informe a possibilidade de instalar sinalizadores sonoros na al\u00e7a de acesso ao Jardim Aeroporto, no munic\u00edpio de Gar\u00e7a, visando melhorar a seguran\u00e7a no local."}, {"id": "111308", "ano": "2024", "numero": "336", "tipo__sigla": "REQ", "tipo__descricao": "Requerimento", "autoria": "Marquinho Moreira", "texto_original": "http://sapl.garca.sp.leg.br/media/sapl/public/materialegislativa/2024/111308/reqts_2024-0336.pdf", "ementa": "Solicitando ao prefeito informar se o recinto da feira livre ser\u00e1 recapeado."}, {"id": "111309", "ano": "2024", "numero": "337", "tipo__sigla": "REQ", "tipo__descricao": "Requerimento", "autoria": "Adhemar Kemp Marcondes de Moura Filho", "texto_original": "http://sapl.garca.sp.leg.br/media/sapl/public/materialegislativa/2024/111309/reqts_2024-0337.pdf", "ementa": "Solicitando ao prefeito informar a possibilidade de encaminhar projeto \u00e0 C\u00e2mara Municipal Instituindo desconto na tarifa de \u00e1gua/esgoto para mun\u00edcipes portadores de doen\u00e7as cr\u00f4nicas."}, {"id": "111310", "ano": "2024", "numero": "338", "tipo__sigla": "REQ", "tipo__descricao": "Requerimento", "autoria": "Adhemar Kemp Marcondes de Moura Filho", "texto_original": "http://sapl.garca.sp.leg.br/media/sapl/public/materialegislativa/2024/111310/reqts_2024-0338.pdf", "ementa": "Solicitando ao prefeito encaminhar a esta Casa de Leis, c\u00f3pia da Portaria que nomeou o Conselho Municipal de Sa\u00fade em 2004."}, {"id": "111311", "ano": "2024", "numero": "339", "tipo__sigla": "REQ", "tipo__descricao": "Requerimento", "autoria": "Adhemar Kemp Marcondes de Moura Filho", "texto_original": "http://sapl.garca.sp.leg.br/media/sapl/public/materialegislativa/2024/111311/reqts_2024-0339.pdf", "ementa": "Solicitando ao prefeito encaminhar a esta Casa de Leis, c\u00f3pia da ata de reuni\u00e3o do Conselho Municipal de Sa\u00fade ou outro documento que o substitua, de reuni\u00e3o que foi deliberado o fechamento do Hospital Samaritano."}, {"id": "111312", "ano": "2024", "numero": "340", "tipo__sigla": "REQ", "tipo__descricao": "Requerimento", "autoria": "Antonio Franco dos Santos - Bacana", "texto_original": "http://sapl.garca.sp.leg.br/media/sapl/public/materialegislativa/2024/111312/reqts_2024-0340.pdf", "ementa": "Solicitando ao prefeito informar a possibilidade de cortar o mato alto e arrumar a estrada do bairro rural Itiratup\u00e3."}, {"id": "111313", "ano": "2024", "numero": "341", "tipo__sigla": "REQ", "tipo__descricao": "Requerimento", "autoria": "Antonio Franco dos Santos - Bacana", "texto_original": "http://sapl.garca.sp.leg.br/media/sapl/public/materialegislativa/2024/111313/reqts_2024-0341.pdf", "ementa": "Solicitando ao prefeito encaminhar a esta Casa c\u00f3pia do boletim de ocorr\u00eancia da queda dos palanques de sustenta\u00e7\u00e3o do alambrado do distrito empresarial \u201cCarlos Augusto Teixeira Pinto\u201d."}, {"id": "111314", "ano": "2024", "numero": "342", "tipo__sigla": "REQ", "tipo__descricao": "Requerimento", "autoria": "Antonio Franco dos Santos - Bacana", "texto_original": "http://sapl.garca.sp.leg.br/media/sapl/public/materialegislativa/2024/111314/reqts_2024-0342.pdf", "ementa": "Solicitando ao prefeito informa\u00e7\u00f5es em rela\u00e7\u00e3o a obra de amplia\u00e7\u00e3o do cemit\u00e9rio municipal."}, {"id": "111315", "ano": "2024", "numero": "343", "tipo__sigla": "REQ", "tipo__descricao": "Requerimento", "autoria": "Antonio Franco dos Santos - Bacana", "texto_original": "http://sapl.garca.sp.leg.br/media/sapl/public/materialegislativa/2024/111315/reqts_2024-0343.pdf", "ementa": "Solicitando ao Prefeito informa\u00e7\u00f5es sobre receitas/despesas no per\u00edodo de 2021/2023."}, {"id": "111318", "ano": "2024", "numero": "344", "tipo__sigla": "REQ", "tipo__descricao": "Requerimento", "autoria": "Fabinho Polisinani", "texto_original": "http://sapl.garca.sp.leg.br/media/sapl/public/materialegislativa/2024/111318/reqts_2024-0344.pdf", "ementa": "Solicitando ao prefeito que informe a possibilidade de realizar, com urg\u00eancia, medidas de melhoria na seguran\u00e7a do tr\u00e2nsito da Avenida Get\u00falio Vargas, nas proximidades do Mercado Du Cido, instalando redutor de velocidade, melhoria nas pinturas de solo, bem como instala\u00e7\u00e3o de mais placas de seguran\u00e7as."}, {"id": "111319", "ano": "2024", "numero": "345", "tipo__sigla": "REQ", "tipo__descricao": "Requerimento", "autoria": "Marquinho Moreira", "texto_original": "http://sapl.garca.sp.leg.br/media/sapl/public/materialegislativa/2024/111319/reqts_2024-0345.pdf", "ementa": "Solicitando ao prefeito informar a possibilidade de incluir no cronograma de recapeamento o trecho no cruzamento entre as Ruas Santa Eul\u00e1lia com Ant\u00f4nio Caparroz."}, {"id": "111336", "ano": "2024", "numero": "346", "tipo__sigla": "REQ", "tipo__descricao": "Requerimento", "autoria": "Adhemar Kemp Marcondes de Moura Filho", "texto_original": "http://sapl.garca.sp.leg.br/media/sapl/public/materialegislativa/2024/111336/reqts_2024-0346.pdf", "ementa": "Solicitando ao prefeito informa\u00e7\u00f5es sobre a falta de len\u00e7ol e roupas de cama para pacientes internados no hospital S\u00e3o Lucas."}, {"id": "111337", "ano": "2024", "numero": "347", "tipo__sigla": "REQ", "tipo__descricao": "Requerimento", "autoria": "Adhemar Kemp Marcondes de Moura Filho", "texto_original": "http://sapl.garca.sp.leg.br/media/sapl/public/materialegislativa/2024/111337/reqts_2024-0347.pdf", "ementa": "Solicitando ao prefeito informar por qual motivo o professor da educa\u00e7\u00e3o infantil ganha menos que o professor do ensino fundamental."}, {"id": "111338", "ano": "2024", "numero": "348", "tipo__sigla": "REQ", "tipo__descricao": "Requerimento", "autoria": "Adhemar Kemp Marcondes de Moura Filho", "texto_original": "http://sapl.garca.sp.leg.br/media/sapl/public/materialegislativa/2024/111338/reqts_2024-0348.pdf", "ementa": "Solicitando ao prefeito informa\u00e7\u00f5es sobre o reajuste dos sal\u00e1rios do magist\u00e9rio."}, {"id": "111339", "ano": "2024", "numero": "349", "tipo__sigla": "REQ", "tipo__descricao": "Requerimento", "autoria": "Adhemar Kemp Marcondes de Moura Filho", "texto_original": "http://sapl.garca.sp.leg.br/media/sapl/public/materialegislativa/2024/111339/reqts_2024-0349.pdf", "ementa": "Solicitando ao Presidente da Comiss\u00e3o de Sa\u00fade, Educa\u00e7\u00e3o e Assuntos Sociais, Ver. Dr. Marcelo Miranda, informar a possibilidade de realizar uma audi\u00eancia p\u00fablica para tratar sobre o piso do magist\u00e9rio."}, {"id": "111340", "ano": "2024", "numero": "350", "tipo__sigla": "REQ", "tipo__descricao": "Requerimento", "autoria": "Adhemar Kemp Marcondes de Moura Filho", "texto_original": "http://sapl.garca.sp.leg.br/media/sapl/public/materialegislativa/2024/111340/reqts_2024-0350.pdf", "ementa": "Solicitando ao prefeito informa\u00e7\u00f5es sobre o estoque de produtos de higiene e limpeza nas escolas do munic\u00edpio."}, {"id": "111341", "ano": "2024", "numero": "351", "tipo__sigla": "REQ", "tipo__descricao": "Requerimento", "autoria": "Rodrigo Gutierres", "texto_original": "http://sapl.garca.sp.leg.br/media/sapl/public/materialegislativa/2024/111341/reqts_2024-0351.pdf", "ementa": "Solicitando ao Prefeito informa\u00e7\u00f5es sobre a implanta\u00e7\u00e3o de melhorias no tr\u00e2nsito da Rua Joaquim Freire."}, {"id": "111343", "ano": "2024", "numero": "352", "tipo__sigla": "REQ", "tipo__descricao": "Requerimento", "autoria": "F\u00e1bio Santos", "texto_original": "http://sapl.garca.sp.leg.br/media/sapl/public/materialegislativa/2024/111343/reqts_2024-0352.pdf", "ementa": "Solicitando um Voto de Congratula\u00e7\u00f5es e Aplausos \u00e0 equipe da SEJEL que participou do campeonato paulista da KIC conquistando 2 medalhas de ouro atrav\u00e9s dos atletas Fabiano Oliveira Gomes Filho e Vitor Melo e medalha de prata atrav\u00e9s do atleta Luiz Fischer."}, {"id": "111349", "ano": "2024", "numero": "353", "tipo__sigla": "REQ", "tipo__descricao": "Requerimento", "autoria": "Marquinho Moreira", "texto_original": "http://sapl.garca.sp.leg.br/media/sapl/public/materialegislativa/2024/111349/reqts_2024-0353.pdf", "ementa": "Solicitando ao prefeito informar a possibilidade de recapear a Rua Carlos Ferrari entre o Big Mart Norte e a Escola Hatsue Toyota e no cruzamento com Rua Deputado Manoel Joaquim Fernandes."}, {"id": "111350", "ano": "2024", "numero": "354", "tipo__sigla": "REQ", "tipo__descricao": "Requerimento", "autoria": "Marquinho Moreira", "texto_original": "http://sapl.garca.sp.leg.br/media/sapl/public/materialegislativa/2024/111350/reqts_2024-0354.pdf", "ementa": "Solicitando ao prefeito informar a possibilidade de recapear a avenida Victor Hugo Boaretto, no Residencial Monte Verde, entre as avenidas Gustavo Aredes Dias e Vereador Ol\u00edvio Turato"}, {"id": "111351", "ano": "2024", "numero": "355", "tipo__sigla": "REQ", "tipo__descricao": "Requerimento", "autoria": "Marquinho Moreira", "texto_original": "http://sapl.garca.sp.leg.br/media/sapl/public/materialegislativa/2024/111351/reqts_2024-0355.pdf", "ementa": "Solicitando ao prefeito informar se j\u00e1 foi enviada documenta\u00e7\u00e3o para emiss\u00e3o dos CEPs (C\u00f3digo de Endere\u00e7amento Postal) das ruas do Jardim Aeroporto."}, {"id": "111352", "ano": "2024", "numero": "356", "tipo__sigla": "REQ", "tipo__descricao": "Requerimento", "autoria": "Marquinho Moreira", "texto_original": "http://sapl.garca.sp.leg.br/media/sapl/public/materialegislativa/2024/111352/reqts_2024-0356.pdf", "ementa": "Solicitando um Voto de Congratula\u00e7\u00f5es e Aplausos pela comemora\u00e7\u00e3o de mais um ano de exist\u00eancia do Programa UFP (Universal nas For\u00e7as Policiais), da Igreja Universal do Reino de Deus, que visa prestar assist\u00eancia aos integrantes das For\u00e7as Armadas, For\u00e7as de Seguran\u00e7a P\u00fablica e seus familiares."}, {"id": "111353", "ano": "2024", "numero": "357", "tipo__sigla": "REQ", "tipo__descricao": "Requerimento", "autoria": "Marquinho Moreira", "texto_original": "http://sapl.garca.sp.leg.br/media/sapl/public/materialegislativa/2024/111353/reqts_2024-0357.pdf", "ementa": "Solicitando ao Prefeito informar a possibilidade de realizar melhorias no Jardim Morumbi, como a instala\u00e7\u00e3o de parquinho infantil e academia ao ar livre."}, {"id": "111354", "ano": "2024", "numero": "358", "tipo__sigla": "REQ", "tipo__descricao": "Requerimento", "autoria": "Fabinho Polisinani", "texto_original": "http://sapl.garca.sp.leg.br/media/sapl/public/materialegislativa/2024/111354/reqts_2024-0358.pdf", "ementa": "Solicitando ao prefeito informar se houve pedido e a correspondente autoriza\u00e7\u00e3o para poda de \u00e1rvore na rua Carlos Ferrari defronte ao n\u00b0 516."}, {"id": "111357", "ano": "2024", "numero": "359", "tipo__sigla": "REQ", "tipo__descricao": "Requerimento", "autoria": "Pedro Santos", "texto_original": "http://sapl.garca.sp.leg.br/media/sapl/public/materialegislativa/2024/111357/reqts_2024-0359.pdf", "ementa": "Solicitando ao Diretor Executivo do SAAE informa\u00e7\u00f5es sobre os fornecedores dos geradores e do insumo para seu funcionamento durante o uso no po\u00e7o profundo."}, {"id": "111358", "ano": "2024", "numero": "360", "tipo__sigla": "REQ", "tipo__descricao": "Requerimento", "autoria": "Pedro Santos", "texto_original": "http://sapl.garca.sp.leg.br/media/sapl/public/materialegislativa/2024/111358/reqts_2024-0360.pdf", "ementa": "Solicitando ao Prefeito informar a possibilidade de realizar a poda da \u00e1rvore localizada na Rua Francisco da Silva Braga, defronte ao numeral 773, no Labian\u00f3polis."}, {"id": "111359", "ano": "2024", "numero": "361", "tipo__sigla": "REQ", "tipo__descricao": "Requerimento", "autoria": "Pedro Santos", "texto_original": "http://sapl.garca.sp.leg.br/media/sapl/public/materialegislativa/2024/111359/reqts_2024-0361.pdf", "ementa": "Solicitando ao Prefeito informa\u00e7\u00f5es sobre a Lei Municipal n\u00ba 5.412/2021, de iniciativa do vereador Ant\u00f4nio Franco dos Santos Bacana, que disp\u00f5e sobre a transpar\u00eancia nos processos de aprova\u00e7\u00e3o de empreendimentos imobili\u00e1rios no munic\u00edpio de Gar\u00e7a e d\u00e1 outras provid\u00eancias."}, {"id": "111360", "ano": "2024", "numero": "362", "tipo__sigla": "REQ", "tipo__descricao": "Requerimento", "autoria": "Pedro Santos", "texto_original": "http://sapl.garca.sp.leg.br/media/sapl/public/materialegislativa/2024/111360/reqts_2024-0362.pdf", "ementa": "Solicitando ao Prefeito informar qual a previs\u00e3o para a poda dos galhos da figueira da pra\u00e7a de Vila Salgueiro e quando foi feita a \u00faltima poda."}, {"id": "111362", "ano": "2024", "numero": "363", "tipo__sigla": "REQ", "tipo__descricao": "Requerimento", "autoria": "Adhemar Kemp Marcondes de Moura Filho", "texto_original": "http://sapl.garca.sp.leg.br/media/sapl/public/materialegislativa/2024/111362/reqts_2024-0363.pdf", "ementa": "Solicitando um voto de congratula\u00e7\u00f5es e aplausos ao ilustre Sr. Adriano Silva pela conquista extraordin\u00e1ria do campeonato de jiu-jitsu BJJ STARS CHAMPION."}, {"id": "111363", "ano": "2024", "numero": "364", "tipo__sigla": "REQ", "tipo__descricao": "Requerimento", "autoria": "Adhemar Kemp Marcondes de Moura Filho", "texto_original": "http://sapl.garca.sp.leg.br/media/sapl/public/materialegislativa/2024/111363/reqts_2024-0364.pdf", "ementa": "Solicitando ao Prefeito informar quais atividades foram realizadas pela prefeitura no tocante \u00e0 Lei Municipal n\u00ba 5.472/2022 que instituiu o m\u00eas de preven\u00e7\u00e3o contra a crueldade animal (abril laranja)."}, {"id": "111364", "ano": "2024", "numero": "365", "tipo__sigla": "REQ", "tipo__descricao": "Requerimento", "autoria": "Antonio Franco dos Santos - Bacana", "texto_original": "http://sapl.garca.sp.leg.br/media/sapl/public/materialegislativa/2024/111364/reqts_2024-0365.pdf", "ementa": "Solicitando ao Prefeito informar a possibilidade de realizar, com urg\u00eancia, os reparos necess\u00e1rios na grade do bueiro localizado defronte \u00e0 EMEIF Prof\u00aa Samira El Adass, tendo em vista que recentemente uma crian\u00e7a caiu no mesmo."}, {"id": "111365", "ano": "2024", "numero": "366", "tipo__sigla": "REQ", "tipo__descricao": "Requerimento", "autoria": "Antonio Franco dos Santos - Bacana", "texto_original": "http://sapl.garca.sp.leg.br/media/sapl/public/materialegislativa/2024/111365/reqts_2024-0366.pdf", "ementa": "Solicitando ao prefeito informar a previs\u00e3o de realizar a limpeza do parquinho infantil do Jardim Brasil e a se h\u00e1 a possibilidade de faz\u00ea-la periodicamente."}, {"id": "111366", "ano": "2024", "numero": "367", "tipo__sigla": "REQ", "tipo__descricao": "Requerimento", "autoria": "Antonio Franco dos Santos - Bacana", "texto_original": "http://sapl.garca.sp.leg.br/media/sapl/public/materialegislativa/2024/111366/reqts_2024-0367.pdf", "ementa": "Solicitando ao Diretor Executivo do SAAE informa\u00e7\u00f5es sobre Equipamentos de Prote\u00e7\u00e3o Individual (EPIs) dos servidores durante execu\u00e7\u00e3o de suas fun\u00e7\u00f5es."}, {"id": "111367", "ano": "2024", "numero": "368", "tipo__sigla": "REQ", "tipo__descricao": "Requerimento", "autoria": "Elaine Oliveira", "texto_original": "http://sapl.garca.sp.leg.br/media/sapl/public/materialegislativa/2024/111367/reqts_2024-0368.pdf", "ementa": "Solicitando ao prefeito informa\u00e7\u00f5es em rela\u00e7\u00e3o a estrada que conduz a B1."}, {"id": "111368", "ano": "2024", "numero": "369", "tipo__sigla": "REQ", "tipo__descricao": "Requerimento", "autoria": "F\u00e1bio Santos", "texto_original": "http://sapl.garca.sp.leg.br/media/sapl/public/materialegislativa/2024/111368/reqts_2024-0369.pdf", "ementa": "Solicitando um Voto de Congratula\u00e7\u00f5es e Aplausos a ciclista garcense Sra. Marilene Moyses Silva, de 69 anos, pela desenvoltura e destaque em seu esporte, sendo refer\u00eancia a todos os idosos que querem iniciar nesse esporte apaixonante."}, {"id": "111369", "ano": "2024", "numero": "370", "tipo__sigla": "REQ", "tipo__descricao": "Requerimento", "autoria": "Rafael Frabetti", "texto_original": "http://sapl.garca.sp.leg.br/media/sapl/public/materialegislativa/2024/111369/reqts_2024-0370.pdf", "ementa": "Solicitando ao Governador do Estado de S\u00e3o Paulo, Tarc\u00edsio de Freitas; ao Presidente da Comiss\u00e3o de Finan\u00e7as, Or\u00e7amento e Planejamento, Gilmaci Santos e ao Presidente da Assembleia Legislativa do Estado de S\u00e3o Paulo, Andr\u00e9 do Prado, objetivando incluir o valor de 60 milh\u00f5es de reais \u00e0 Fazenda P\u00fablica no Or\u00e7amento do estado para efetiva\u00e7\u00e3o da remunera\u00e7\u00e3o dos Mediadores e Conciliadores Judiciais do Estado de S\u00e3o Paulo."}, {"id": "111370", "ano": "2024", "numero": "371", "tipo__sigla": "REQ", "tipo__descricao": "Requerimento", "autoria": "Marquinho Moreira", "texto_original": "http://sapl.garca.sp.leg.br/media/sapl/public/materialegislativa/2024/111370/reqts_2024-0371.pdf", "ementa": "Solicitando ao Prefeito informar se h\u00e1 previs\u00e3o para que seja melhorada a ilumina\u00e7\u00e3o do jardim oriental localizado no lago artificial J. K. Williams."}, {"id": "111371", "ano": "2024", "numero": "372", "tipo__sigla": "REQ", "tipo__descricao": "Requerimento", "autoria": "Pedro Santos", "texto_original": "http://sapl.garca.sp.leg.br/media/sapl/public/materialegislativa/2024/111371/reqts_2024-0372.pdf", "ementa": "Solicitando ao Prefeito informar a possibilidade de proceder ao conserto da ponte de madeira do Jardim Oriental do Lago Artificial J. K. Williams"}, {"id": "111372", "ano": "2024", "numero": "373", "tipo__sigla": "REQ", "tipo__descricao": "Requerimento", "autoria": "Pedro Santos", "texto_original": "http://sapl.garca.sp.leg.br/media/sapl/public/materialegislativa/2024/111372/reqts_2024-0373.pdf", "ementa": "Solicitando ao Prefeito informar quando foi feita a \u00faltima dedetiza\u00e7\u00e3o dos bueiros do Jardim Paineiras e qual a data prevista para realizar a pr\u00f3xima."}, {"id": "111373", "ano": "2024", "numero": "374", "tipo__sigla": "REQ", "tipo__descricao": "Requerimento", "autoria": "Pedro Santos", "texto_original": "http://sapl.garca.sp.leg.br/media/sapl/public/materialegislativa/2024/111373/reqts_2024-0374.pdf", "ementa": "Solicitando ao Prefeito informar se ser\u00e1 feita a poda da \u00e1rvore da Pra\u00e7a da Figueira. Em caso positivo, qual a previs\u00e3o?"}, {"id": "111374", "ano": "2024", "numero": "375", "tipo__sigla": "REQ", "tipo__descricao": "Requerimento", "autoria": "Elaine Oliveira, Tenente Almeida", "texto_original": "http://sapl.garca.sp.leg.br/media/sapl/public/materialegislativa/2024/111374/reqts_2024-0375.pdf", "ementa": "Solicitando ao Prefeito informar a possibilidade de apresentar um projeto de lei criando a ajuda de custo denominada \u201cBolsa Atirador\u201d destinada aos atiradores durante o per\u00edodo de instru\u00e7\u00e3o no Tiro de Guerra 02-014, sediado no munic\u00edpio de Gar\u00e7a"}, {"id": "111375", "ano": "2024", "numero": "376", "tipo__sigla": "REQ", "tipo__descricao": "Requerimento", "autoria": "Tenente Almeida", "texto_original": "http://sapl.garca.sp.leg.br/media/sapl/public/materialegislativa/2024/111375/reqts_2024-0376.pdf", "ementa": "Solicitando ao Prefeito informar a possibilidade de realizar as melhorias necess\u00e1rias na pavimenta\u00e7\u00e3o asf\u00e1ltica no cruzamento das Ruas Francisco Jorge Mirala com Ary de Achiles, tendo em vista que as \u00e1guas pluviais invadem a resid\u00eancia existente no local."}, {"id": "111376", "ano": "2024", "numero": "377", "tipo__sigla": "REQ", "tipo__descricao": "Requerimento", "autoria": "Elaine Oliveira, F\u00e1bio Santos, Lucas Cateto, Marcelo Miranda, Rafael Frabetti, Tenente Almeida", "texto_original": "http://sapl.garca.sp.leg.br/media/sapl/public/materialegislativa/2024/111376/reqts_2024-0377.pdf", "ementa": "Solicitando ao Prefeito diversas informa\u00e7\u00f5es em rela\u00e7\u00e3o \u00e0 doa\u00e7\u00e3o da \u00e1rea para a empresa Est\u00e2ncia Amazonas."}, {"id": "111377", "ano": "2024", "numero": "378", "tipo__sigla": "REQ", "tipo__descricao": "Requerimento", "autoria": "Antonio Franco dos Santos - Bacana", "texto_original": "http://sapl.garca.sp.leg.br/media/sapl/public/materialegislativa/2024/111377/reqts_2024-0378.pdf", "ementa": "Solicitando ao prefeito informa\u00e7\u00f5es a respeito das mudan\u00e7as na via de acesso do Jardim Adrianita."}, {"id": "111395", "ano": "2024", "numero": "379", "tipo__sigla": "REQ", "tipo__descricao": "Requerimento", "autoria": "Rodrigo Gutierres", "texto_original": "http://sapl.garca.sp.leg.br/media/sapl/public/materialegislativa/2024/111395/reqts_2024-0379.pdf", "ementa": "Solicitando um Voto de Pesar em raz\u00e3o do falecimento do Sr. Aparecido Monteiro ocorrido recentemente em nosso munic\u00edpio."}, {"id": "111397", "ano": "2024", "numero": "380", "tipo__sigla": "REQ", "tipo__descricao": "Requerimento", "autoria": "Adhemar Kemp Marcondes de Moura Filho, Fabinho Polisinani", "texto_original": "http://sapl.garca.sp.leg.br/media/sapl/public/materialegislativa/2024/111397/reqts_2024-0380.pdf", "ementa": "Solicitando um Voto de Congratula\u00e7\u00f5es ao vereador Antonio Franco dos Santos Bacana por seu discurso durante sess\u00e3o solene para entrega do \u201cPr\u00eamio Destaque Esportivo do Ano\u201d ocorrida na C\u00e2mara Municipal na noite do dia 30/04/2024."}, {"id": "111403", "ano": "2024", "numero": "381", "tipo__sigla": "REQ", "tipo__descricao": "Requerimento", "autoria": "Antonio Franco dos Santos - Bacana", "texto_original": "http://sapl.garca.sp.leg.br/media/sapl/public/materialegislativa/2024/111403/reqts_2024-0381.pdf", "ementa": "Solicitando ao Diretor Executivo do SAAE informar a possibilidade de realizar os reparos necess\u00e1rios no buraco aberto em rotat\u00f3ria no residencial Le Sorele."}, {"id": "111404", "ano": "2024", "numero": "382", "tipo__sigla": "REQ", "tipo__descricao": "Requerimento", "autoria": "Antonio Franco dos Santos - Bacana", "texto_original": "http://sapl.garca.sp.leg.br/media/sapl/public/materialegislativa/2024/111404/reqts_2024-0382.pdf", "ementa": "Solicitando ao Prefeito informa\u00e7\u00f5es sobre investimento de R$ 2.5 milh\u00f5es em reformas de pra\u00e7as esportivas como o gin\u00e1sio poliesportivo \u201cWilson Martini\u201d, o est\u00e1dio municipal \u201cFrederico Platzeck\u201d, amplia\u00e7\u00e3o do Centro Esportivo e Social e investimentos no campo Toyot\u00e3o anunciado por ele em sess\u00e3o solene."}, {"id": "111405", "ano": "2024", "numero": "383", "tipo__sigla": "REQ", "tipo__descricao": "Requerimento", "autoria": "Marquinho Moreira", "texto_original": "http://sapl.garca.sp.leg.br/media/sapl/public/materialegislativa/2024/111405/reqts_2024-0383.pdf", "ementa": "Solicitando ao Prefeito informar se h\u00e1 projeto para asfaltar o acesso ao bairro Jardim Adrianita."}, {"id": "111406", "ano": "2024", "numero": "384", "tipo__sigla": "REQ", "tipo__descricao": "Requerimento", "autoria": "Elaine Oliveira", "texto_original": "http://sapl.garca.sp.leg.br/media/sapl/public/materialegislativa/2024/111406/reqts_2024-0384.pdf", "ementa": "Solicitando um Voto de Pesar em raz\u00e3o do falecimento do Sr. Antonio Santos Silva ocorrido recentemente em nosso munic\u00edpio."}, {"id": "111424", "ano": "2024", "numero": "385", "tipo__sigla": "REQ", "tipo__descricao": "Requerimento", "autoria": "Rodrigo Gutierres", "texto_original": "http://sapl.garca.sp.leg.br/media/sapl/public/materialegislativa/2024/111424/reqts_2024-0385.pdf", "ementa": "Solicitando \u00e0 concession\u00e1ria EIXO informar a possibilidade de melhorar a ilumina\u00e7\u00e3o pr\u00f3xima ao pontilh\u00e3o \u201cBelarmino dos Santos\u201d no distrito de Jafa."}, {"id": "111425", "ano": "2024", "numero": "386", "tipo__sigla": "REQ", "tipo__descricao": "Requerimento", "autoria": "Elaine Oliveira", "texto_original": "http://sapl.garca.sp.leg.br/media/sapl/public/materialegislativa/2024/111425/reqts_2024-0386.pdf", "ementa": "Solicitando ao Governador de S\u00e3o Paulo, Tarc\u00edsio de Freitas, envidar esfor\u00e7os visando \u00e0 libera\u00e7\u00e3o de recursos destinados \u00e0 obra de infraestrutura classificada na natureza de despesa 44, para reforma de refor\u00e7o de funda\u00e7\u00e3o do pr\u00e9dio pr\u00f3prio do Estado situado a Pra\u00e7a Jos\u00e9 Antonio de Carvalho n\u00ba 70,"}, {"id": "111426", "ano": "2024", "numero": "387", "tipo__sigla": "REQ", "tipo__descricao": "Requerimento", "autoria": "Elaine Oliveira", "texto_original": "http://sapl.garca.sp.leg.br/media/sapl/public/materialegislativa/2024/111426/reqts_2024-0387.pdf", "ementa": "Solicitando um Voto de Pesar pelo falecimento da Sra. Maria Jos\u00e9 Valsechi Conessa (Mara) em raz\u00e3o de seu s\u00fabito falecimento recentemente em nosso munic\u00edpio."}, {"id": "111427", "ano": "2024", "numero": "388", "tipo__sigla": "REQ", "tipo__descricao": "Requerimento", "autoria": "Elaine Oliveira", "texto_original": "http://sapl.garca.sp.leg.br/media/sapl/public/materialegislativa/2024/111427/reqts_2024-0388.pdf", "ementa": "Solicitando ao Governador de S\u00e3o Paulo, Tarc\u00edsio de Freitas, envidar esfor\u00e7os visando \u00e0 constru\u00e7\u00e3o de um contorno rodovi\u00e1rio para redu\u00e7\u00e3o de tr\u00e1fego de ve\u00edculos na \u00e1rea urbana do munic\u00edpio de Gar\u00e7a."}, {"id": "111428", "ano": "2024", "numero": "389", "tipo__sigla": "REQ", "tipo__descricao": "Requerimento", "autoria": "Fabinho Polisinani", "texto_original": "http://sapl.garca.sp.leg.br/media/sapl/public/materialegislativa/2024/111428/reqts_2024-0389.pdf", "ementa": "Solicitando ao Prefeito informa\u00e7\u00f5es em rela\u00e7\u00e3o \u00e0 viatura do SAMU."}, {"id": "111429", "ano": "2024", "numero": "390", "tipo__sigla": "REQ", "tipo__descricao": "Requerimento", "autoria": "Rafael Frabetti", "texto_original": "http://sapl.garca.sp.leg.br/media/sapl/public/materialegislativa/2024/111429/reqts_2024-0390.pdf", "ementa": "Solicitando um Voto de Congratula\u00e7\u00f5es aos organizadores, participantes e servidores que trabalharam durante o ato c\u00edvico ocorrido no lago artificial J. K. Willians na noite do dia 03 de maio, em comemora\u00e7\u00e3o aos 95 anos de emancipa\u00e7\u00e3o pol\u00edtico-administrativa de nosso munic\u00edpio."}, {"id": "111430", "ano": "2024", "numero": "391", "tipo__sigla": "REQ", "tipo__descricao": "Requerimento", "autoria": "Rafael Frabetti", "texto_original": "http://sapl.garca.sp.leg.br/media/sapl/public/materialegislativa/2024/111430/reqts_2024-0391.pdf", "ementa": "Solicitando ao prefeito informa\u00e7\u00f5es em rela\u00e7\u00e3o ao distrito empresarial \u201cCarlos Augusto Teixeira Pinto\u201d."}, {"id": "111431", "ano": "2024", "numero": "392", "tipo__sigla": "REQ", "tipo__descricao": "Requerimento", "autoria": "Rafael Frabetti", "texto_original": "http://sapl.garca.sp.leg.br/media/sapl/public/materialegislativa/2024/111431/reqts_2024-0392.pdf", "ementa": "Solicitando ao prefeito informar a quantidade de castra\u00e7\u00f5es realizadas pelo munic\u00edpio ano a ano de 2017 a 2024."}, {"id": "111436", "ano": "2024", "numero": "393", "tipo__sigla": "REQ", "tipo__descricao": "Requerimento", "autoria": "Marquinho Moreira", "texto_original": "http://sapl.garca.sp.leg.br/media/sapl/public/materialegislativa/2024/111436/reqts_2024-0393.pdf", "ementa": "Solicitando ao Prefeito informar a possibilidade de intensificar as a\u00e7\u00f5es contra a dengue no Jardim Paineiras, principalmente nas Ruas Peroba e Guarant\u00e3."}, {"id": "111437", "ano": "2024", "numero": "394", "tipo__sigla": "REQ", "tipo__descricao": "Requerimento", "autoria": "Marquinho Moreira", "texto_original": "http://sapl.garca.sp.leg.br/media/sapl/public/materialegislativa/2024/111437/reqts_2024-0394.pdf", "ementa": "Solicitando ao DER \u2013 Departamento de Estradas de Rodagem para que tome as medidas urgentes necess\u00e1rias no acesso ao Residencial Jardim Aeroporto no munic\u00edpio de Gar\u00e7a."}, {"id": "111438", "ano": "2024", "numero": "395", "tipo__sigla": "REQ", "tipo__descricao": "Requerimento", "autoria": "Marquinho Moreira", "texto_original": "http://sapl.garca.sp.leg.br/media/sapl/public/materialegislativa/2024/111438/reqts_2024-0395.pdf", "ementa": "Solicitando ao Prefeito informar a possibilidade de realizar o plantio de \u00e1rvores no Residencial Jardim Aeroporto."}, {"id": "111439", "ano": "2024", "numero": "396", "tipo__sigla": "REQ", "tipo__descricao": "Requerimento", "autoria": "Marquinho Moreira", "texto_original": "http://sapl.garca.sp.leg.br/media/sapl/public/materialegislativa/2024/111439/reqts_2024-0396.pdf", "ementa": "Solicitando ao Prefeito informa\u00e7\u00f5es sobre os cacos de vidro instalados no muro do Centro Esportivo e Social."}, {"id": "111440", "ano": "2024", "numero": "397", "tipo__sigla": "REQ", "tipo__descricao": "Requerimento", "autoria": "Marquinho Moreira", "texto_original": "http://sapl.garca.sp.leg.br/media/sapl/public/materialegislativa/2024/111440/reqts_2024-0397.pdf", "ementa": "Solicitando ao Prefeito informar a possibilidade de realizar o cal\u00e7amento da \u00e1rea institucional localizada ao lado da \u00e1rea verde no Jardim Nova Gar\u00e7a, entre as Ruas Ros\u00e1rio Martino com Tel\u00eamaco Fernandes."}, {"id": "111441", "ano": "2024", "numero": "398", "tipo__sigla": "REQ", "tipo__descricao": "Requerimento", "autoria": "Pedro Santos", "texto_original": "http://sapl.garca.sp.leg.br/media/sapl/public/materialegislativa/2024/111441/reqts_2024-0398.pdf", "ementa": "Solicitando ao Prefeito informa\u00e7\u00f5es sobre os empr\u00e9stimos realizados pela municipalidade."}, {"id": "111442", "ano": "2024", "numero": "399", "tipo__sigla": "REQ", "tipo__descricao": "Requerimento", "autoria": "Pedro Santos", "texto_original": "http://sapl.garca.sp.leg.br/media/sapl/public/materialegislativa/2024/111442/reqts_2024-0399.pdf", "ementa": "Solicitando ao Prefeito informar a quantidade de cestas b\u00e1sicas distribu\u00eddas m\u00eas a m\u00eas de 2023 a 2024."}, {"id": "111443", "ano": "2024", "numero": "400", "tipo__sigla": "REQ", "tipo__descricao": "Requerimento", "autoria": "Pedro Santos", "texto_original": "http://sapl.garca.sp.leg.br/media/sapl/public/materialegislativa/2024/111443/reqts_2024-0400.pdf", "ementa": "Solicitando ao Prefeito informa\u00e7\u00f5es sobre o medicamento Ritalina LA20mg"}, {"id": "111444", "ano": "2024", "numero": "401", "tipo__sigla": "REQ", "tipo__descricao": "Requerimento", "autoria": "Pedro Santos", "texto_original": "http://sapl.garca.sp.leg.br/media/sapl/public/materialegislativa/2024/111444/reqts_2024-0401.pdf", "ementa": "Solicitando um Voto de Congratula\u00e7\u00f5es e Aplausos ao Centro de Conviv\u00eancia Maria Leonor pelo transcurso de seus 75 anos de funda\u00e7\u00e3o."}, {"id": "111445", "ano": "2024", "numero": "402", "tipo__sigla": "REQ", "tipo__descricao": "Requerimento", "autoria": "Pedro Santos", "texto_original": "http://sapl.garca.sp.leg.br/media/sapl/public/materialegislativa/2024/111445/reqts_2024-0402.pdf", "ementa": "Solicitando ao Prefeito informa\u00e7\u00f5es sobre um poss\u00edvel caso de agress\u00e3o de um (a) aluno (a), com defici\u00eancia, por um professor da EMEI Dinalva Peron Saraiva."}, {"id": "111447", "ano": "2024", "numero": "403", "tipo__sigla": "REQ", "tipo__descricao": "Requerimento", "autoria": "Lico", "texto_original": "http://sapl.garca.sp.leg.br/media/sapl/public/materialegislativa/2024/111447/reqts_2024-0403.pdf", "ementa": "Solicitando ao Prefeito informa\u00e7\u00f5es sobre as estat\u00edsticas de atendimento do tom\u00f3grafo nos meses de fevereiro, mar\u00e7o e abril de 2024."}, {"id": "111448", "ano": "2024", "numero": "404", "tipo__sigla": "REQ", "tipo__descricao": "Requerimento", "autoria": "Lico", "texto_original": "http://sapl.garca.sp.leg.br/media/sapl/public/materialegislativa/2024/111448/reqts_2024-0404.pdf", "ementa": "Solicitando ao Diretor Executivo do SAAE, para que informe por quais motivos t\u00eam ocorrido faltas frequentes de \u00e1gua na Rua Agostinho Salesse no Jardim Frei Aur\u00e9lio."}, {"id": "111449", "ano": "2024", "numero": "405", "tipo__sigla": "REQ", "tipo__descricao": "Requerimento", "autoria": "Lico, Tenente Almeida", "texto_original": "http://sapl.garca.sp.leg.br/media/sapl/public/materialegislativa/2024/111449/reqts_2024-0405.pdf", "ementa": "Solicitando um Voto de Congratula\u00e7\u00f5es e Aplausos \u00e0 SEJEL e ao Rotary Clube de Gar\u00e7a pela 4\u00aa Ta\u00e7a Rotary de Futsal masculino realizada no Gin\u00e1sio Jo\u00e3o Gonzales, sendo a primeira fase ocorrida no dia 11/05, onde os campe\u00f5es se enfrentar\u00e3o no dia 17/05."}, {"id": "111451", "ano": "2024", "numero": "406", "tipo__sigla": "REQ", "tipo__descricao": "Requerimento", "autoria": "Antonio Franco dos Santos - Bacana", "texto_original": "http://sapl.garca.sp.leg.br/media/sapl/public/materialegislativa/2024/111451/reqts_2024-0406.pdf", "ementa": "Solicitando ao Prefeito encaminhar c\u00f3pia das normativas t\u00e9cnicas e demais especifica\u00e7\u00f5es para os servi\u00e7os que s\u00e3o ofertados pela Casa Abrigo e do relat\u00f3rio que demonstra a inviabilidade para uso do pr\u00e9dio onde funcionou o alojamento do time de futebol do Gar\u00e7a."}, {"id": "111452", "ano": "2024", "numero": "407", "tipo__sigla": "REQ", "tipo__descricao": "Requerimento", "autoria": "Antonio Franco dos Santos - Bacana", "texto_original": "http://sapl.garca.sp.leg.br/media/sapl/public/materialegislativa/2024/111452/reqts_2024-0407.pdf", "ementa": "Solicitando um Voto de Congratula\u00e7\u00f5es e Aplausos \u00e0 equipe CHG Sports Gar\u00e7a pela realiza\u00e7\u00e3o da 2\u00aa Ta\u00e7a da Cidade de Gar\u00e7a-SP, em comemora\u00e7\u00e3o aos 95 anos do munic\u00edpio, reunindo equipes de diversas cidades da regi\u00e3o, revelando talentos das equipes de base."}, {"id": "111474", "ano": "2024", "numero": "408", "tipo__sigla": "REQ", "tipo__descricao": "Requerimento", "autoria": "Elaine Oliveira", "texto_original": "http://sapl.garca.sp.leg.br/media/sapl/public/materialegislativa/2024/111474/reqts_2024-0408.pdf", "ementa": "Solicitando ao Prefeito informa\u00e7\u00f5es em rela\u00e7\u00e3o \u00e0 carga hor\u00e1ria dos funcion\u00e1rios da empresa que presta servi\u00e7o de coleta de res\u00edduos (DND) em nosso munic\u00edpio."}, {"id": "111475", "ano": "2024", "numero": "409", "tipo__sigla": "REQ", "tipo__descricao": "Requerimento", "autoria": "Tenente Almeida", "texto_original": "http://sapl.garca.sp.leg.br/media/sapl/public/materialegislativa/2024/111475/reqts_2024-0409.pdf", "ementa": "Solicitando ao Prefeito informar a possibilidade de realizar reparos e a instala\u00e7\u00e3o de port\u00f5es nos piscin\u00f5es existentes na estrada que liga Gar\u00e7a ao Jardim Adrianita e no Jardim Ecovile."}, {"id": "111476", "ano": "2024", "numero": "410", "tipo__sigla": "REQ", "tipo__descricao": "Requerimento", "autoria": "Tenente Almeida", "texto_original": "http://sapl.garca.sp.leg.br/media/sapl/public/materialegislativa/2024/111476/reqts_2024-0410.pdf", "ementa": "Solicitando ao Prefeito informar a possibilidade de realizar a erradica\u00e7\u00e3o de \u00e1rvores de grande porte localizadas na Rua Pinchas Sitnik, defronte aos numerais 121 e 131, no Jardim Morada do Sol."}, {"id": "111477", "ano": "2024", "numero": "411", "tipo__sigla": "REQ", "tipo__descricao": "Requerimento", "autoria": "Tenente Almeida", "texto_original": "http://sapl.garca.sp.leg.br/media/sapl/public/materialegislativa/2024/111477/reqts_2024-0411.pdf", "ementa": "Solicitando um Voto de Congratula\u00e7\u00f5es e Aplausos aos atletas garcenses e \u00e0 SEJEL pela participa\u00e7\u00e3o nos dias 10, 11 e 12 de maio, em Paragua\u00e7u Paulista, da fase regional da 39\u00aa edi\u00e7\u00e3o dos Jogos Abertos da Juventude."}, {"id": "111478", "ano": "2024", "numero": "412", "tipo__sigla": "REQ", "tipo__descricao": "Requerimento", "autoria": "Adhemar Kemp Marcondes de Moura Filho", "texto_original": "http://sapl.garca.sp.leg.br/media/sapl/public/materialegislativa/2024/111478/reqts_2024-0412.pdf", "ementa": "Solicitando ao Prefeito informa\u00e7\u00f5es sobre a empresa que far\u00e1 a limpeza do lago artificial."}, {"id": "111479", "ano": "2024", "numero": "413", "tipo__sigla": "REQ", "tipo__descricao": "Requerimento", "autoria": "Adhemar Kemp Marcondes de Moura Filho", "texto_original": "http://sapl.garca.sp.leg.br/media/sapl/public/materialegislativa/2024/111479/reqts_2024-0413.pdf", "ementa": "Solicitando ao Prefeito informar o que foi feito com cada recurso liberado pelo governo estadual."}, {"id": "111480", "ano": "2024", "numero": "414", "tipo__sigla": "REQ", "tipo__descricao": "Requerimento", "autoria": "Adhemar Kemp Marcondes de Moura Filho", "texto_original": "http://sapl.garca.sp.leg.br/media/sapl/public/materialegislativa/2024/111480/reqts_2024-0414.pdf", "ementa": "Solicitando ao Prefeito informa\u00e7\u00f5es em rela\u00e7\u00e3o aos ve\u00edculos escolares."}, {"id": "111481", "ano": "2024", "numero": "415", "tipo__sigla": "REQ", "tipo__descricao": "Requerimento", "autoria": "Adhemar Kemp Marcondes de Moura Filho", "texto_original": "http://sapl.garca.sp.leg.br/media/sapl/public/materialegislativa/2024/111481/reqts_2024-0415.pdf", "ementa": "Solicitando ao Prefeito informar como est\u00e3o os casos de dengue e o que est\u00e1 sendo feito para combater a prolifera\u00e7\u00e3o."}, {"id": "111482", "ano": "2024", "numero": "416", "tipo__sigla": "REQ", "tipo__descricao": "Requerimento", "autoria": "Adhemar Kemp Marcondes de Moura Filho", "texto_original": "http://sapl.garca.sp.leg.br/media/sapl/public/materialegislativa/2024/111482/reqts_2024-0416.pdf", "ementa": "Solicitando um Voto de Apoio ao Projeto de Lei 21/2021, de autoria da Deputada Federal Luciene Cavalcante, que concede retroativamente, a contagem do tempo entre 27/05/2020 a 31/12/2021 para fins de anu\u00eanios, tri\u00eanios, quinqu\u00eanios, sexta parte, licen\u00e7a pr\u00eamio e demais mecanismos equivalentes."}, {"id": "111483", "ano": "2024", "numero": "417", "tipo__sigla": "REQ", "tipo__descricao": "Requerimento", "autoria": "Adhemar Kemp Marcondes de Moura Filho", "texto_original": "http://sapl.garca.sp.leg.br/media/sapl/public/materialegislativa/2024/111483/reqts_2024-0417.pdf", "ementa": "Solicitando um voto de Congratula\u00e7\u00f5es e Aplausos \u00e0 empresa Garen pela iniciativa de encabe\u00e7ar uma campanha para coleta de roupas, material de limpeza, alimentos e demais materiais para nossos irm\u00e3os do estado do Rio Grande do Sul que est\u00e3o sofrendo sobremaneira com as intensas enchentes que vem assolando todo o estado."}, {"id": "111485", "ano": "2024", "numero": "418", "tipo__sigla": "REQ", "tipo__descricao": "Requerimento", "autoria": "Marquinho Moreira", "texto_original": "http://sapl.garca.sp.leg.br/media/sapl/public/materialegislativa/2024/111485/reqts_2024-0418.pdf", "ementa": "Solicitando ao Prefeito e ao Departamento Regional de Sa\u00fade DRS IX informarem por qual motivo houve atrasos na entrega dos medicamentos de alto custo dos pacientes de nosso munic\u00edpio."}, {"id": "111486", "ano": "2024", "numero": "419", "tipo__sigla": "REQ", "tipo__descricao": "Requerimento", "autoria": "Marquinho Moreira", "texto_original": "http://sapl.garca.sp.leg.br/media/sapl/public/materialegislativa/2024/111486/reqts_2024-0419.pdf", "ementa": "Solicitando ao Prefeito informar por qual motivo a prefeitura n\u00e3o destinou uma UBS para atendimento dos pacientes com dengue como fora feito em anos anteriores."}, {"id": "111487", "ano": "2024", "numero": "420", "tipo__sigla": "REQ", "tipo__descricao": "Requerimento", "autoria": "Marquinho Moreira", "texto_original": "http://sapl.garca.sp.leg.br/media/sapl/public/materialegislativa/2024/111487/reqts_2024-0420.pdf", "ementa": "Solicitando ao Prefeito informar a possibilidade de ampliar o n\u00famero de vagas para transporte de estudantes para a ETEC e FATEC de Mar\u00edlia."}, {"id": "111488", "ano": "2024", "numero": "421", "tipo__sigla": "REQ", "tipo__descricao": "Requerimento", "autoria": "Marquinho Moreira", "texto_original": "http://sapl.garca.sp.leg.br/media/sapl/public/materialegislativa/2024/111488/reqts_2024-0421.pdf", "ementa": "Solicitando um Voto de Congratula\u00e7\u00f5es e Aplausos ao Sr. Carlos Alberto Pereira Belini, pelos relevantes servi\u00e7os prestados ao munic\u00edpio nas duas d\u00e9cadas que desempenha seu mister na vigil\u00e2ncia sanit\u00e1ria."}, {"id": "111489", "ano": "2024", "numero": "422", "tipo__sigla": "REQ", "tipo__descricao": "Requerimento", "autoria": "Rodrigo Gutierres", "texto_original": "http://sapl.garca.sp.leg.br/media/sapl/public/materialegislativa/2024/111489/reqts_2024-0422.pdf", "ementa": "Solicitando um Voto de Congratula\u00e7\u00f5es e Aplausos a todos os funcion\u00e1rios que trabalham no setor de fisioterapia da Associa\u00e7\u00e3o Hospitalar Beneficente do Brasil (AHBB) pelo carinho, dedica\u00e7\u00e3o e compet\u00eancia com que executam seu trabalho."}, {"id": "111490", "ano": "2024", "numero": "423", "tipo__sigla": "REQ", "tipo__descricao": "Requerimento", "autoria": "Rodrigo Gutierres", "texto_original": "http://sapl.garca.sp.leg.br/media/sapl/public/materialegislativa/2024/111490/reqts_2024-0423.pdf", "ementa": "Solicitando ao prefeito informar a possibilidade de colocar em uma via, logradouro ou pr\u00f3prio p\u00fablico o nome do Sr. Aparecido Monteiro."}, {"id": "111491", "ano": "2024", "numero": "424", "tipo__sigla": "REQ", "tipo__descricao": "Requerimento", "autoria": "Rodrigo Gutierres", "texto_original": "http://sapl.garca.sp.leg.br/media/sapl/public/materialegislativa/2024/111491/reqts_2024-0424.pdf", "ementa": "Solicitando um Voto de Congratula\u00e7\u00f5es e Aplausos a todos os funcion\u00e1rios que trabalham na equipe de pintura do setor de obras pelo belo trabalho realizado no distrito de Jafa, tanto no terminal rodovi\u00e1rio quanto na sala velat\u00f3ria."}, {"id": "111492", "ano": "2024", "numero": "425", "tipo__sigla": "REQ", "tipo__descricao": "Requerimento", "autoria": "Lico", "texto_original": "http://sapl.garca.sp.leg.br/media/sapl/public/materialegislativa/2024/111492/reqts_2024-0425.pdf", "ementa": "Solicitando um Voto de Congratula\u00e7\u00f5es e Aplausos \u00e0 jovem garcense Thais Tramontini, filha do saudoso delegado Valdir Tramontini, pela nomea\u00e7\u00e3o ao cargo de investigadora da Pol\u00edcia Civil do estado de S\u00e3o Paulo."}, {"id": "111493", "ano": "2024", "numero": "426", "tipo__sigla": "REQ", "tipo__descricao": "Requerimento", "autoria": "Lico", "texto_original": "http://sapl.garca.sp.leg.br/media/sapl/public/materialegislativa/2024/111493/reqts_2024-0426.pdf", "ementa": "Solicitando um Voto de Pesar pelo falecimento do Sr. Jos\u00e9 Louren\u00e7o Zago ocorrido recentemente em nosso munic\u00edpio."}, {"id": "111494", "ano": "2024", "numero": "427", "tipo__sigla": "REQ", "tipo__descricao": "Requerimento", "autoria": "Lico", "texto_original": "http://sapl.garca.sp.leg.br/media/sapl/public/materialegislativa/2024/111494/reqts_2024-0427.pdf", "ementa": "Solicitando um Voto de Congratula\u00e7\u00f5es e Aplausos ao governador do estado de S\u00e3o Paulo, Sr. Tarc\u00edsio de Freitas e aos deputados estaduais pela aprova\u00e7\u00e3o do novo sal\u00e1rio-m\u00ednimo paulista no valor de R$ 1.640,00. Reajuste acima da infla\u00e7\u00e3o pelo segundo ano seguido, aumento acumulado de mais de 27% acima do m\u00ednimo nacional."}, {"id": "111495", "ano": "2024", "numero": "428", "tipo__sigla": "REQ", "tipo__descricao": "Requerimento", "autoria": "Antonio Franco dos Santos - Bacana", "texto_original": "http://sapl.garca.sp.leg.br/media/sapl/public/materialegislativa/2024/111495/reqts_2024-0428.pdf", "ementa": "Solicitando ao Prefeito informar se foi reduzido o atendimento nos bairros pelo caminh\u00e3o de coleta de lixo."}, {"id": "111496", "ano": "2024", "numero": "429", "tipo__sigla": "REQ", "tipo__descricao": "Requerimento", "autoria": "Pedro Santos", "texto_original": "http://sapl.garca.sp.leg.br/media/sapl/public/materialegislativa/2024/111496/reqts_2024-0429.pdf", "ementa": "Solicitando ao Prefeito informa\u00e7\u00f5es em rela\u00e7\u00e3o ao patroc\u00ednio de publica\u00e7\u00f5es no Facebook."}, {"id": "111497", "ano": "2024", "numero": "430", "tipo__sigla": "REQ", "tipo__descricao": "Requerimento", "autoria": "Marcelo Miranda", "texto_original": "http://sapl.garca.sp.leg.br/media/sapl/public/materialegislativa/2024/111497/reqts_2024-0430.pdf", "ementa": "Solicitando ao prefeito informar a possibilidade de ampliar as atividades de dan\u00e7a da EMCA para todas as idades, principalmente \u00e0 3\u00aa idade."}, {"id": "111498", "ano": "2024", "numero": "431", "tipo__sigla": "REQ", "tipo__descricao": "Requerimento", "autoria": "Fabinho Polisinani", "texto_original": "http://sapl.garca.sp.leg.br/media/sapl/public/materialegislativa/2024/111498/reqts_2024-0431.pdf", "ementa": "Solicitando ao Prefeito informa\u00e7\u00f5es em rela\u00e7\u00e3o \u00e0 alimenta\u00e7\u00e3o especial."}, {"id": "111499", "ano": "2024", "numero": "432", "tipo__sigla": "REQ", "tipo__descricao": "Requerimento", "autoria": "Fabinho Polisinani", "texto_original": "http://sapl.garca.sp.leg.br/media/sapl/public/materialegislativa/2024/111499/reqts_2024-0432.pdf", "ementa": "Solicitando um Voto de Congratula\u00e7\u00f5es ao Empres\u00e1rio Ademir Domingues (Mimo) da Baterias Mimo pelos relevantes trabalhos prestados ao nosso munic\u00edpio nos mais de 50 anos em que serve a popula\u00e7\u00e3o com a venda de baterias de qualidade."}, {"id": "111515", "ano": "2024", "numero": "433", "tipo__sigla": "REQ", "tipo__descricao": "Requerimento", "autoria": "Lico", "texto_original": "http://sapl.garca.sp.leg.br/media/sapl/public/materialegislativa/2024/111515/reqts_2024-0433.pdf", "ementa": "Solicitando \u00e0 deputada estadual Let\u00edcia Aguiar seus valorosos pr\u00e9stimos no sentido de ser autora de emenda ao or\u00e7amento do estado no valor de R$ 50.000,00 (cinquenta mil reais) a ser destinada para compra de equipamentos para o corpo de bombeiros de nosso munic\u00edpio."}, {"id": "111518", "ano": "2024", "numero": "434", "tipo__sigla": "REQ", "tipo__descricao": "Requerimento", "autoria": "Pedro Santos", "texto_original": "http://sapl.garca.sp.leg.br/media/sapl/public/materialegislativa/2024/111518/reqts_2024-0434.pdf", "ementa": "Solicitando ao Prefeito informa\u00e7\u00f5es sobre a quantidade de materiais e o custo com o transbordo de materiais desde o encerramento do aterro de inertes."}, {"id": "111519", "ano": "2024", "numero": "435", "tipo__sigla": "REQ", "tipo__descricao": "Requerimento", "autoria": "Pedro Santos", "texto_original": "http://sapl.garca.sp.leg.br/media/sapl/public/materialegislativa/2024/111519/reqts_2024-0435.pdf", "ementa": "Solicitando ao Prefeito informar se procede a informa\u00e7\u00e3o de que o atendimento pr\u00e9-natal da unidade de sa\u00fade Helena M\u00fcller, \u00e0s vezes, \u00e9 suspenso por falta de enfermeira."}, {"id": "111520", "ano": "2024", "numero": "436", "tipo__sigla": "REQ", "tipo__descricao": "Requerimento", "autoria": "Pedro Santos", "texto_original": "http://sapl.garca.sp.leg.br/media/sapl/public/materialegislativa/2024/111520/reqts_2024-0436.pdf", "ementa": "Solicitando ao Prefeito informa\u00e7\u00f5es em rela\u00e7\u00e3o \u00e0 fila de espera para atendimento com urologista"}, {"id": "111521", "ano": "2024", "numero": "437", "tipo__sigla": "REQ", "tipo__descricao": "Requerimento", "autoria": "Pedro Santos", "texto_original": "http://sapl.garca.sp.leg.br/media/sapl/public/materialegislativa/2024/111521/reqts_2024-0437.pdf", "ementa": "Solicitando ao Prefeito informar por qual motivo a prefeitura n\u00e3o destinou uma UBS para atendimento dos pacientes com dengue como fora feito em anos anteriores"}, {"id": "111522", "ano": "2024", "numero": "438", "tipo__sigla": "REQ", "tipo__descricao": "Requerimento", "autoria": "Pedro Santos", "texto_original": "http://sapl.garca.sp.leg.br/media/sapl/public/materialegislativa/2024/111522/reqts_2024-0438.pdf", "ementa": "Solicitando ao Prefeito informar se existem salas multiseriadas na EMEIEF Silvio Sartori."}, {"id": "111525", "ano": "2024", "numero": "439", "tipo__sigla": "REQ", "tipo__descricao": "Requerimento", "autoria": "Marquinho Moreira", "texto_original": "http://sapl.garca.sp.leg.br/media/sapl/public/materialegislativa/2024/111525/reqts_2024-0439.pdf", "ementa": "Solicitando ao Prefeito informar a possibilidade de instalar um redutor de velocidades na Rua Jo\u00e3o Correa Leite de Moraes na altura do numeral 1065 visando inibir o tr\u00e1fego de ve\u00edculos em alta velocidade e tamb\u00e9m a pintura da sinaliza\u00e7\u00e3o de solo \u201cPare\u201c."}, {"id": "111526", "ano": "2024", "numero": "440", "tipo__sigla": "REQ", "tipo__descricao": "Requerimento", "autoria": "Marquinho Moreira", "texto_original": "http://sapl.garca.sp.leg.br/media/sapl/public/materialegislativa/2024/111526/reqts_2024-0440.pdf", "ementa": "Solicitando ao Prefeito informar a possibilidade de realizar a manuten\u00e7\u00e3o do asfalto na Rua Aparecido Martins, do numeral 70 em diante, no Jardim Nova Gar\u00e7a."}, {"id": "111527", "ano": "2024", "numero": "441", "tipo__sigla": "REQ", "tipo__descricao": "Requerimento", "autoria": "Marquinho Moreira", "texto_original": "http://sapl.garca.sp.leg.br/media/sapl/public/materialegislativa/2024/111527/reqts_2024-0441.pdf", "ementa": "Solicitando ao Prefeito informar a possibilidade de realizar a revitaliza\u00e7\u00e3o do redutor de velocidades localizado na Rua Brasil Joly, nas proximidades de onde est\u00e3o sendo constru\u00eddas as unidades habitacionais do \u2018Projeto Reconstruindo Vidas Borba Gato\u2019."}, {"id": "111528", "ano": "2024", "numero": "442", "tipo__sigla": "REQ", "tipo__descricao": "Requerimento", "autoria": "Marquinho Moreira", "texto_original": "http://sapl.garca.sp.leg.br/media/sapl/public/materialegislativa/2024/111528/reqts_2024-0442.pdf", "ementa": "Solicitando ao Prefeito informa\u00e7\u00f5es em rela\u00e7\u00e3o \u00e0 especialidade m\u00e9dica ortopedia coluna lombar."}, {"id": "111529", "ano": "2024", "numero": "443", "tipo__sigla": "REQ", "tipo__descricao": "Requerimento", "autoria": "Marquinho Moreira", "texto_original": "http://sapl.garca.sp.leg.br/media/sapl/public/materialegislativa/2024/111529/reqts_2024-0443.pdf", "ementa": "Solicitando ao Prefeito informar a possibilidade de realizar manuten\u00e7\u00e3o na ilumina\u00e7\u00e3o do campinho de futebol do Jardim Monte Verde."}, {"id": "111531", "ano": "2024", "numero": "444", "tipo__sigla": "REQ", "tipo__descricao": "Requerimento", "autoria": "Adhemar Kemp Marcondes de Moura Filho", "texto_original": "http://sapl.garca.sp.leg.br/media/sapl/public/materialegislativa/2024/111531/reqts_2024-0444.pdf", "ementa": "Solicitando ao Prefeito informa\u00e7\u00f5es com rela\u00e7\u00e3o ao projeto do governo estadual \u201cMelhor Caminho\u201d."}, {"id": "111532", "ano": "2024", "numero": "445", "tipo__sigla": "REQ", "tipo__descricao": "Requerimento", "autoria": "Adhemar Kemp Marcondes de Moura Filho", "texto_original": "http://sapl.garca.sp.leg.br/media/sapl/public/materialegislativa/2024/111532/reqts_2024-0445.pdf", "ementa": "Solicitando um Voto de Congratula\u00e7\u00f5es e Aplausos \u00e0s empresas Tr\u00eas Mais Nutri\u00e7\u00e3o Animal e Teixeira Pinto pelo lan\u00e7amento do evento \u201c2\u00ba Dia de Campo\u201d que ser\u00e1 realizado nos dias 19 e 20 de junho na fazenda Cascata em nossa cidade com o tema: Pecu\u00e1ria e Sustentabilidade."}, {"id": "111533", "ano": "2024", "numero": "446", "tipo__sigla": "REQ", "tipo__descricao": "Requerimento", "autoria": "Adhemar Kemp Marcondes de Moura Filho", "texto_original": "http://sapl.garca.sp.leg.br/media/sapl/public/materialegislativa/2024/111533/reqts_2024-0446.pdf", "ementa": "Solicitando ao Prefeito informar a possibilidade de implantar o projeto \u201cTarifa Zero\u201d em nosso munic\u00edpio."}, {"id": "111534", "ano": "2024", "numero": "447", "tipo__sigla": "REQ", "tipo__descricao": "Requerimento", "autoria": "Adhemar Kemp Marcondes de Moura Filho", "texto_original": "http://sapl.garca.sp.leg.br/media/sapl/public/materialegislativa/2024/111534/reqts_2024-0447.pdf", "ementa": "Solicitando ao Prefeito informar a possibilidade de instalar um redutor de velocidades na Rua Tupi, altura do numeral 370, pr\u00f3ximo ao cruzamento com Rua M\u00e1rio Her\u00e9dia."}, {"id": "111535", "ano": "2024", "numero": "448", "tipo__sigla": "REQ", "tipo__descricao": "Requerimento", "autoria": "Adhemar Kemp Marcondes de Moura Filho", "texto_original": "http://sapl.garca.sp.leg.br/media/sapl/public/materialegislativa/2024/111535/reqts_2024-0448.pdf", "ementa": "Solicitando um voto de Congratula\u00e7\u00f5es e Aplausos \u00e0 empresa Motriz Qu\u00edmica pela iniciativa de encabe\u00e7ar uma campanha do agasalho visando contribuir com as pessoas mais carentes de nosso munic\u00edpio."}, {"id": "111536", "ano": "2024", "numero": "449", "tipo__sigla": "REQ", "tipo__descricao": "Requerimento", "autoria": "Adhemar Kemp Marcondes de Moura Filho", "texto_original": "http://sapl.garca.sp.leg.br/media/sapl/public/materialegislativa/2024/111536/reqts_2024-0449.pdf", "ementa": "Solicitando um Voto de Congratula\u00e7\u00f5es e Aplausos ao presidente da C\u00e2mara Municipal de Mar\u00edlia, Eduardo Nascimento (Republicanos) por ter se posicionado fervorosamente na \u00faltima sess\u00e3o camar\u00e1ria contr\u00e1rio \u00e0 privatiza\u00e7\u00e3o do Departamento de \u00c1gua e Esgoto de Mar\u00edlia (DAEM)."}, {"id": "111537", "ano": "2024", "numero": "450", "tipo__sigla": "REQ", "tipo__descricao": "Requerimento", "autoria": "Elaine Oliveira", "texto_original": "http://sapl.garca.sp.leg.br/media/sapl/public/materialegislativa/2024/111537/reqts_2024-0450.pdf", "ementa": "Solicitando ao Prefeito informar se h\u00e1 estudos sobre a viabilidade da gratuidade da tarifa de energia el\u00e9trica e de \u00e1gua para os futuros ocupantes das resid\u00eancias do \u201cProjeto Vida Longa\u201d."}, {"id": "111538", "ano": "2024", "numero": "451", "tipo__sigla": "REQ", "tipo__descricao": "Requerimento", "autoria": "Elaine Oliveira", "texto_original": "http://sapl.garca.sp.leg.br/media/sapl/public/materialegislativa/2024/111538/reqts_2024-0451.pdf", "ementa": "Solicitando ao Prefeito informar se h\u00e1 a possibilidade de instalar c\u00e2meras de monitoramento no terreno onde est\u00e3o sendo constru\u00eddas as resid\u00eancias do \u201cProjeto Vida Longa\u201d."}, {"id": "111539", "ano": "2024", "numero": "452", "tipo__sigla": "REQ", "tipo__descricao": "Requerimento", "autoria": "Adhemar Kemp Marcondes de Moura Filho", "texto_original": "http://sapl.garca.sp.leg.br/media/sapl/public/materialegislativa/2024/111539/reqts_2024-0452.pdf", "ementa": "Solicitando ao Prefeito informar se h\u00e1 a possibilidade de construir uma estrutura para mais uma cancha de bocha no distrito de Jafa."}, {"id": "111540", "ano": "2024", "numero": "453", "tipo__sigla": "REQ", "tipo__descricao": "Requerimento", "autoria": "Adhemar Kemp Marcondes de Moura Filho", "texto_original": "http://sapl.garca.sp.leg.br/media/sapl/public/materialegislativa/2024/111540/02_-_req_adhemar_-_redutor_ass.pdf", "ementa": "Solicitando ao Prefeito informar se h\u00e1 a possibilidade de construir um redutor de velocidades na Rua Alice Lopes Miranda da Silva, no Jardim Morumbi."}, {"id": "111541", "ano": "2024", "numero": "454", "tipo__sigla": "REQ", "tipo__descricao": "Requerimento", "autoria": "Adhemar Kemp Marcondes de Moura Filho", "texto_original": "http://sapl.garca.sp.leg.br/media/sapl/public/materialegislativa/2024/111541/reqts_2024-0454.pdf", "ementa": "Solicitando voto de congratula\u00e7\u00f5es e aplausos ao Sr. Dr. F\u00e1bio Ricardo Rodrigues dos Santos, Presidente da OAB de Gar\u00e7a, pela participa\u00e7\u00e3o no Programa T\u00e1 na Roda da TV Jovem Pan, no dia 26 de maio de 2024."}, {"id": "111542", "ano": "2024", "numero": "455", "tipo__sigla": "REQ", "tipo__descricao": "Requerimento", "autoria": "Antonio Franco dos Santos - Bacana", "texto_original": "http://sapl.garca.sp.leg.br/media/sapl/public/materialegislativa/2024/111542/reqts_2024-0455.pdf", "ementa": "Solicitando ao Prefeito informa\u00e7\u00f5es sobre o pagamento de adicional de insalubridade/periculosidade."}, {"id": "111543", "ano": "2024", "numero": "456", "tipo__sigla": "REQ", "tipo__descricao": "Requerimento", "autoria": "Adhemar Kemp Marcondes de Moura Filho, Antonio Franco dos Santos - Bacana, Elaine Oliveira, Fabinho Polisinani, F\u00e1bio Santos, Lico, Lucas Cateto, Marcelo Miranda, Marquinho Moreira, Pedro Santos, Rafael Frabetti, Rodrigo Gutierres, Tenente Almeida", "texto_original": "http://sapl.garca.sp.leg.br/media/sapl/public/materialegislativa/2024/111543/reqts_2024-0456.pdf", "ementa": "Solicitando ao Prefeito informar se h\u00e1 a possibilidade de estruturar um centro de atendimento de demandas extras das unidades de sa\u00fade e fichas azuis que est\u00e3o na UPA, no per\u00edodo 10h-22h para tirar a sobrecarga dos servi\u00e7os de emerg\u00eancia e tirar a demanda extra da unidade para que os programas de preven\u00e7\u00e3o sejam executados com mais resolutividade."}, {"id": "111544", "ano": "2024", "numero": "457", "tipo__sigla": "REQ", "tipo__descricao": "Requerimento", "autoria": "Marcelo Miranda", "texto_original": "http://sapl.garca.sp.leg.br/media/sapl/public/materialegislativa/2024/111544/reqts_2024-0457.pdf", "ementa": "Solicitando \u00e0 Sociedade Beneficente Caminho de Damasco (SBCD) e \u00e0 Associa\u00e7\u00e3o Hospitalar Beneficente do Brasil, para que informem se h\u00e1 a possibilidade de estruturar um plano emergencial em situa\u00e7\u00f5es especiais que necessitem de m\u00e9dicos sob aviso na UPA."}, {"id": "111545", "ano": "2024", "numero": "458", "tipo__sigla": "REQ", "tipo__descricao": "Requerimento", "autoria": "Pedro Santos", "texto_original": "http://sapl.garca.sp.leg.br/media/sapl/public/materialegislativa/2024/111545/reqts_2024-0458.pdf", "ementa": "Solicitando ao Prefeito informar a possibilidade de designar um guarda patrimonial para trabalhar no setor das piscinas do centro esportivo e social com o intuito do mesmo alertar o setor respons\u00e1vel caso algu\u00e9m adentre ao local."}, {"id": "111554", "ano": "2024", "numero": "459", "tipo__sigla": "REQ", "tipo__descricao": "Requerimento", "autoria": "Lico", "texto_original": "http://sapl.garca.sp.leg.br/media/sapl/public/materialegislativa/2024/111554/reqts_2024-0459.pdf", "ementa": "Solicitando um Voto de Congratula\u00e7\u00f5es e Aplausos \u00e0 Associa\u00e7\u00e3o Comercial e Industrial de Gar\u00e7a (ACIG) pela realiza\u00e7\u00e3o de mais uma edi\u00e7\u00e3o da FITEC \u2013 Feira de Inova\u00e7\u00e3o e Tecnologia, ocorrida no Gr\u00eamio Teatral Leopoldo Froes nos dias 23 e 24 de maio, evento que foi um verdadeiro sucesso e de grande import\u00e2ncia para o futuro da ind\u00fastria e dos jovens de nossa cidade."}, {"id": "111555", "ano": "2024", "numero": "460", "tipo__sigla": "REQ", "tipo__descricao": "Requerimento", "autoria": "Lico", "texto_original": "http://sapl.garca.sp.leg.br/media/sapl/public/materialegislativa/2024/111555/reqts_2024-0460.pdf", "ementa": "Solicitando um Voto de Congratula\u00e7\u00f5es e Aplausos \u00e0 Prefeitura Municipal de Gar\u00e7a e \u00e0 Fatec Gar\u00e7a \u2013 Deputado Julio Julinho Marcondes de Moura, pelo apoio na realiza\u00e7\u00e3o de mais uma edi\u00e7\u00e3o da FITEC \u2013 Feira de Inova\u00e7\u00e3o e Tecnologia, ocorrida no Gr\u00eamio Teatral Leopoldo Froes nos dias 23 e 24 de maio, bem como \u00e0s escolas t\u00e9cnicas e todas as empresas que participaram."}, {"id": "111556", "ano": "2024", "numero": "461", "tipo__sigla": "REQ", "tipo__descricao": "Requerimento", "autoria": "Tenente Almeida", "texto_original": "http://sapl.garca.sp.leg.br/media/sapl/public/materialegislativa/2024/111556/reqts_2024-0461.pdf", "ementa": "Solicitando um Voto de Congratula\u00e7\u00f5es e Aplausos \u00e0 empresa Garen por realizar patroc\u00ednio a esportistas garcenses."}, {"id": "111557", "ano": "2024", "numero": "462", "tipo__sigla": "REQ", "tipo__descricao": "Requerimento", "autoria": "Tenente Almeida", "texto_original": "http://sapl.garca.sp.leg.br/media/sapl/public/materialegislativa/2024/111557/reqts_2024-0462.pdf", "ementa": "Solicitando um Voto de Congratula\u00e7\u00f5es e Aplausos \u00e0 empresa PPA por realizar patroc\u00ednio a esportistas garcenses."}, {"id": "111558", "ano": "2024", "numero": "463", "tipo__sigla": "REQ", "tipo__descricao": "Requerimento", "autoria": "Tenente Almeida", "texto_original": "http://sapl.garca.sp.leg.br/media/sapl/public/materialegislativa/2024/111558/reqts_2024-0463.pdf", "ementa": "Solicitando um Voto de Congratula\u00e7\u00f5es e Aplausos \u00e0 empresa Fulltime por realizar patroc\u00ednio a esportistas garcenses."}, {"id": "111559", "ano": "2024", "numero": "464", "tipo__sigla": "REQ", "tipo__descricao": "Requerimento", "autoria": "Tenente Almeida", "texto_original": "http://sapl.garca.sp.leg.br/media/sapl/public/materialegislativa/2024/111559/reqts_2024-0464.pdf", "ementa": "Solicitando um Voto de Congratula\u00e7\u00f5es e Aplausos \u00e0 empresa Datrel por realizar patroc\u00ednio a esportistas garcenses."}, {"id": "111560", "ano": "2024", "numero": "465", "tipo__sigla": "REQ", "tipo__descricao": "Requerimento", "autoria": "Elaine Oliveira", "texto_original": "http://sapl.garca.sp.leg.br/media/sapl/public/materialegislativa/2024/111560/reqts_2024-0465.pdf", "ementa": "Solicitando ao prefeito informar a possibilidade de tornar m\u00e3o \u00fanica de dire\u00e7\u00e3o a Rua Santo Antonio."}, {"id": "111561", "ano": "2024", "numero": "466", "tipo__sigla": "REQ", "tipo__descricao": "Requerimento", "autoria": "Elaine Oliveira", "texto_original": "http://sapl.garca.sp.leg.br/media/sapl/public/materialegislativa/2024/111561/reqts_2024-0466.pdf", "ementa": "Solicitando um Voto de Congratula\u00e7\u00f5es e Aplausos ao Fundo Social de Gar\u00e7a e \u00e0 SEMADS (Secretaria Municipal de Assist\u00eancia e Desenvolvimento Social) pela realiza\u00e7\u00e3o no dia 18/05, na Pra\u00e7a da Matriz, do Pit Stop da campanha \"Aquecendo Vidas\", onde foram arrecadadas mantas e cobertores novos e usados em bom estado de conserva\u00e7\u00e3o que ser\u00e3o distribu\u00eddos \u00e0s pessoas em situa\u00e7\u00e3o de rua e em vulnerabilidade social."}, {"id": "111562", "ano": "2024", "numero": "467", "tipo__sigla": "REQ", "tipo__descricao": "Requerimento", "autoria": "Elaine Oliveira, Tenente Almeida", "texto_original": "http://sapl.garca.sp.leg.br/media/sapl/public/materialegislativa/2024/111562/reqts_2024-0467.pdf", "ementa": "Solicitando um Voto de Congratula\u00e7\u00f5es e Aplausos \u00e0 Pol\u00edcia Civil das cidades de Gar\u00e7a, Mar\u00edlia, Bauru e Tup\u00e3, ao Canil da Pol\u00edcia Militar, \u00e0 4\u00aa Cia da Pol\u00edcia Militar de Gar\u00e7a e ao 13\u00ba BAEP de Bauru, pela realiza\u00e7\u00e3o da opera\u00e7\u00e3o Gomorra, no dia 24/05 no bairro S\u00e3o Lucas, para cumprimento de 20 mandados de busca a acusados de participa\u00e7\u00e3o no com\u00e9rcio de drogas il\u00edcitas."}, {"id": "111579", "ano": "2024", "numero": "468", "tipo__sigla": "REQ", "tipo__descricao": "Requerimento", "autoria": "Antonio Franco dos Santos - Bacana", "texto_original": "http://sapl.garca.sp.leg.br/media/sapl/public/materialegislativa/2024/111579/reqts_2024-0468.pdf", "ementa": "Solicitando que seja convocado o Diretor do Departamento de Transportes da Secretaria Municipal de Sa\u00fade, Sr. Valdir da Silva J\u00fanior, para que compare\u00e7a na 20\u00aa Sess\u00e3o Ordin\u00e1ria a ser realizada no dia 17 de junho de 2024, a partir das 17h15 para que preste esclarecimentos sobre os trabalhos no setor de ambul\u00e2ncias."}, {"id": "111580", "ano": "2024", "numero": "469", "tipo__sigla": "REQ", "tipo__descricao": "Requerimento", "autoria": "Marquinho Moreira", "texto_original": "http://sapl.garca.sp.leg.br/media/sapl/public/materialegislativa/2024/111580/reqts_2024-0469.pdf", "ementa": "Solicitando ao Prefeito informar qual a previs\u00e3o para a constru\u00e7\u00e3o do redutor de velocidade na Rua Maria Izabel."}, {"id": "111581", "ano": "2024", "numero": "470", "tipo__sigla": "REQ", "tipo__descricao": "Requerimento", "autoria": "Pedro Santos", "texto_original": "http://sapl.garca.sp.leg.br/media/sapl/public/materialegislativa/2024/111581/reqts_2024-0470.pdf", "ementa": "Solicitando ao Prefeito informa\u00e7\u00f5es em rela\u00e7\u00e3o a reforma da quadra poliesportiva da EMEF Prof\u00aa Orane Avelino de Souza"}, {"id": "111591", "ano": "2024", "numero": "471", "tipo__sigla": "REQ", "tipo__descricao": "Requerimento", "autoria": "Rafael Frabetti", "texto_original": "http://sapl.garca.sp.leg.br/media/sapl/public/materialegislativa/2024/111591/reqts_2024-0471.pdf", "ementa": "Solicitando ao Prefeito informar se o propriet\u00e1rio do terreno localizado na Rua Melchiades Nery de Castro na divisa com o bairro Frei Aur\u00e9lio foi notificado para fazer a limpeza do mesmo."}, {"id": "111611", "ano": "2024", "numero": "472", "tipo__sigla": "REQ", "tipo__descricao": "Requerimento", "autoria": "Adhemar Kemp Marcondes de Moura Filho", "texto_original": "http://sapl.garca.sp.leg.br/media/sapl/public/materialegislativa/2024/111611/reqts_2024-0472.pdf", "ementa": "Solicitando um Voto de Congratula\u00e7\u00f5es e Aplausos ao atleta Eduardo Salutti pela gradua\u00e7\u00e3o no Centro de Treinamento Thiago Vianna."}, {"id": "111612", "ano": "2024", "numero": "473", "tipo__sigla": "REQ", "tipo__descricao": "Requerimento", "autoria": "Adhemar Kemp Marcondes de Moura Filho", "texto_original": "http://sapl.garca.sp.leg.br/media/sapl/public/materialegislativa/2024/111612/reqts_2024-0473.pdf", "ementa": "Solicitando ao prefeito informa\u00e7\u00f5es sobre o pagamento de adicional de periculosidade aos fiscais."}, {"id": "111613", "ano": "2024", "numero": "474", "tipo__sigla": "REQ", "tipo__descricao": "Requerimento", "autoria": "Adhemar Kemp Marcondes de Moura Filho", "texto_original": "http://sapl.garca.sp.leg.br/media/sapl/public/materialegislativa/2024/111613/reqts_2024-0474.pdf", "ementa": "Solicitando um Voto de Congratula\u00e7\u00f5es e Aplausos ao Delegado da Pol\u00edcia Civil, Dr. Adriano Marreiro, pela opera\u00e7\u00e3o contra o crime de maus-tratos aos animais em Gar\u00e7a, que resultou na pris\u00e3o de duas pessoas."}, {"id": "111614", "ano": "2024", "numero": "475", "tipo__sigla": "REQ", "tipo__descricao": "Requerimento", "autoria": "Adhemar Kemp Marcondes de Moura Filho", "texto_original": "http://sapl.garca.sp.leg.br/media/sapl/public/materialegislativa/2024/111614/reqts_2024-0475.pdf", "ementa": "Solicitando um Voto de Congratula\u00e7\u00f5es e Aplausos \u00e0 fisiculturista Carla Aparecida dos Santos Silva por se tornar campe\u00e3 em sua categoria no Montalv\u00e3o Classic, realizado na cidade de S\u00e3o Jos\u00e9 do Rio Preto."}, {"id": "111615", "ano": "2024", "numero": "476", "tipo__sigla": "REQ", "tipo__descricao": "Requerimento", "autoria": "Lucas Cateto", "texto_original": "http://sapl.garca.sp.leg.br/media/sapl/public/materialegislativa/2024/111615/reqts_2024-0476.pdf", "ementa": "Solicitando ao diretor executivo do SAAE informar por quais motivos est\u00e3o ocorrendo falta de \u00e1gua no residencial Monte Verde e quando ser\u00e1 normalizado."}, {"id": "111616", "ano": "2024", "numero": "477", "tipo__sigla": "REQ", "tipo__descricao": "Requerimento", "autoria": "Elaine Oliveira", "texto_original": "http://sapl.garca.sp.leg.br/media/sapl/public/materialegislativa/2024/111616/reqts_2024-0477.pdf", "ementa": "Solicitando ao prefeito informar qual a previs\u00e3o para in\u00edcio das fases 2 e 3 do projeto \u201cReviva Centro\u201d."}, {"id": "111617", "ano": "2024", "numero": "478", "tipo__sigla": "REQ", "tipo__descricao": "Requerimento", "autoria": "Elaine Oliveira", "texto_original": "http://sapl.garca.sp.leg.br/media/sapl/public/materialegislativa/2024/111617/reqts_2024-0478.pdf", "ementa": "Solicitando um Voto de Congratula\u00e7\u00f5es e Aplausos a Sra. Maria de F\u00e1tima Ferraz do Carmo, 67 anos, que tem o cuidado de manter limpas as frentes de todas as casas de sua rua, al\u00e9m de cuidar do jardim existente no local, fazendo rotineiramente este trabalho volunt\u00e1rio de cuidado."}, {"id": "111618", "ano": "2024", "numero": "479", "tipo__sigla": "REQ", "tipo__descricao": "Requerimento", "autoria": "Elaine Oliveira", "texto_original": "http://sapl.garca.sp.leg.br/media/sapl/public/materialegislativa/2024/111618/reqts_2024-0479.pdf", "ementa": "Solicitando ao prefeito informar se a obra de constru\u00e7\u00e3o do N\u00facleo de Educa\u00e7\u00e3o Infantil (NEI) Prof\u00aa Adriana Rebustini de Almeida da Silva j\u00e1 foi entregue pelo governo estadual e qual a previs\u00e3o de inaugura\u00e7\u00e3o e in\u00edcio das atividades."}, {"id": "111619", "ano": "2024", "numero": "480", "tipo__sigla": "REQ", "tipo__descricao": "Requerimento", "autoria": "Elaine Oliveira", "texto_original": "http://sapl.garca.sp.leg.br/media/sapl/public/materialegislativa/2024/111619/reqts_2024-0480.pdf", "ementa": "Solicitando ao prefeito informar qual a previs\u00e3o para a instala\u00e7\u00e3o de letreiros de identifica\u00e7\u00e3o das unidades educacionais do munic\u00edpio."}, {"id": "111620", "ano": "2024", "numero": "481", "tipo__sigla": "REQ", "tipo__descricao": "Requerimento", "autoria": "Elaine Oliveira, F\u00e1bio Santos, Lico, Lucas Cateto, Marcelo Miranda, Rafael Frabetti, Rodrigo Gutierres, Tenente Almeida", "texto_original": "http://sapl.garca.sp.leg.br/media/sapl/public/materialegislativa/2024/111620/reqts_2024-0481.pdf", "ementa": "Solicitando um Voto de Apoio ao Projeto de Lei 398/2019, que tramita na C\u00e2mara dos Deputados, o qual visa incluir no calend\u00e1rio tur\u00edstico oficial do Pa\u00eds o Cerejeiras Festival, evento realizado no Munic\u00edpio de Gar\u00e7a, Estado de S\u00e3o Paulo."}, {"id": "111623", "ano": "2024", "numero": "482", "tipo__sigla": "REQ", "tipo__descricao": "Requerimento", "autoria": "Tenente Almeida", "texto_original": "http://sapl.garca.sp.leg.br/media/sapl/public/materialegislativa/2024/111623/reqts_2024-0482.pdf", "ementa": "Solicitando ao Prefeito informar a possibilidade de fazer a liga\u00e7\u00e3o dos bairros Jd. Imperador, Jd. Morada do Sol, Jd. Jo\u00e3o Zapata e residencial Monte Verde, possibilitando melhor fluxo de ve\u00edculos."}, {"id": "111624", "ano": "2024", "numero": "483", "tipo__sigla": "REQ", "tipo__descricao": "Requerimento", "autoria": "Rafael Frabetti", "texto_original": "http://sapl.garca.sp.leg.br/media/sapl/public/materialegislativa/2024/111624/reqts_2024-0483.pdf", "ementa": "Solicitando um Voto de Congratula\u00e7\u00f5es e Aplausos \u00e0 Associa\u00e7\u00e3o dos Moradores do Jardim Adrianita pela realiza\u00e7\u00e3o da 3\u00aa edi\u00e7\u00e3o do Arrai\u00e1 do Adrianita, ocorrida no Parque Ecol\u00f3gico Municipal \"Jayme Nogueira Miranda\"  entre os dias 7, 8 e 9 de junho,  onde atraiu mais de 15 mil pessoas ao longo dos tr\u00eas dias de festa, consolidando-se como um dos maiores e mais bem organizados eventos juninos da regi\u00e3o."}, {"id": "111625", "ano": "2024", "numero": "484", "tipo__sigla": "REQ", "tipo__descricao": "Requerimento", "autoria": "Pedro Santos", "texto_original": "http://sapl.garca.sp.leg.br/media/sapl/public/materialegislativa/2024/111625/requerimento_pedro_-_prefeito_-_ferias_servidores1.pdf", "ementa": "Solicita informa\u00e7\u00f5es e o encaminhamento de rela\u00e7\u00e3o de servidores com mais de duas f\u00e9rias vencidas."}, {"id": "111639", "ano": "2024", "numero": "485", "tipo__sigla": "REQ", "tipo__descricao": "Requerimento", "autoria": "Lico", "texto_original": "http://sapl.garca.sp.leg.br/media/sapl/public/materialegislativa/2024/111639/reqts_2024-0485.pdf", "ementa": "Solicitando um Voto de Congratula\u00e7\u00f5es e Aplausos a mais nova institui\u00e7\u00e3o de cr\u00e9dito de nossa cidade, Alilu Bank, que inaugurou no dia 12 de junho, oferecendo solu\u00e7\u00f5es financeiras e cons\u00f3rcios a empresas e pessoas f\u00edsicas de Gar\u00e7a e regi\u00e3o."}, {"id": "111640", "ano": "2024", "numero": "486", "tipo__sigla": "REQ", "tipo__descricao": "Requerimento", "autoria": "Antonio Franco dos Santos - Bacana", "texto_original": "http://sapl.garca.sp.leg.br/media/sapl/public/materialegislativa/2024/111640/reqts_2024-0486.pdf", "ementa": "Solicitando ao Prefeito informa\u00e7\u00f5es sobre as benfeitorias que ser\u00e3o realizadas no parquinho infantil do jardim oriental."}, {"id": "111641", "ano": "2024", "numero": "487", "tipo__sigla": "REQ", "tipo__descricao": "Requerimento", "autoria": "Adhemar Kemp Marcondes de Moura Filho", "texto_original": "http://sapl.garca.sp.leg.br/media/sapl/public/materialegislativa/2024/111641/reqts_2024-0487.pdf", "ementa": "Solicitando ao Prefeito informar a possibilidade de jogar areia e entulho na estrada rural que passa pela fazenda Cachoeira 2, bem como tamb\u00e9m nas caixas de conten\u00e7\u00e3o que est\u00e3o secas."}, {"id": "111643", "ano": "2024", "numero": "488", "tipo__sigla": "REQ", "tipo__descricao": "Requerimento", "autoria": "Elaine Oliveira", "texto_original": "http://sapl.garca.sp.leg.br/media/sapl/public/materialegislativa/2024/111643/reqts_2024-0488.pdf", "ementa": "Solicitando ao Prefeito informar se a municipalidade est\u00e1 fazendo a distribui\u00e7\u00e3o de absorventes para adolescente em vulnerabilidade social."}, {"id": "111644", "ano": "2024", "numero": "489", "tipo__sigla": "REQ", "tipo__descricao": "Requerimento", "autoria": "Elaine Oliveira", "texto_original": "http://sapl.garca.sp.leg.br/media/sapl/public/materialegislativa/2024/111644/reqts_2024-0489.pdf", "ementa": "Solicitando ao Prefeito informar a possibilidade de incluir absorventes nas cestas b\u00e1sicas distribu\u00eddas \u00e0s fam\u00edlias com adolescentes ou mulheres com ciclo menstrual."}, {"id": "111645", "ano": "2024", "numero": "490", "tipo__sigla": "REQ", "tipo__descricao": "Requerimento", "autoria": "F\u00e1bio Santos", "texto_original": "http://sapl.garca.sp.leg.br/media/sapl/public/materialegislativa/2024/111645/reqts_2024-0490.pdf", "ementa": "Solicitando ao Prefeito informe a possibilidade de proceder \u00e0 instala\u00e7\u00e3o de um redutor de velocidade na Rua Guido Rejane, defronte ao numeral 204, no Jardim Mondrian."}, {"id": "111649", "ano": "2024", "numero": "491", "tipo__sigla": "REQ", "tipo__descricao": "Requerimento", "autoria": "Marquinho Moreira", "texto_original": "http://sapl.garca.sp.leg.br/media/sapl/public/materialegislativa/2024/111649/reqts_2024-0491.pdf", "ementa": "Solicitando ao Prefeito informar a possibilidade de realizar melhorias na sinaliza\u00e7\u00e3o na rotat\u00f3ria localizada no cruzamento das ruas Luiz M\u00f4nici com Ros\u00e1rio Martino."}, {"id": "111650", "ano": "2024", "numero": "492", "tipo__sigla": "REQ", "tipo__descricao": "Requerimento", "autoria": "Marquinho Moreira", "texto_original": "http://sapl.garca.sp.leg.br/media/sapl/public/materialegislativa/2024/111650/reqts_2024-0492.pdf", "ementa": "Solicitando ao Prefeito informa\u00e7\u00f5es em rela\u00e7\u00e3o \u00e0 constru\u00e7\u00e3o de nova piscina para atender os alunos do projeto de hidrogin\u00e1stica."}, {"id": "111651", "ano": "2024", "numero": "493", "tipo__sigla": "REQ", "tipo__descricao": "Requerimento", "autoria": "Marcelo Miranda", "texto_original": "http://sapl.garca.sp.leg.br/media/sapl/public/materialegislativa/2024/111651/reqts_2024-0493.pdf", "ementa": "Solicitando um Voto de Congratula\u00e7\u00f5es e Aplausos ao trabalho da professora J\u00e9ssica Botaliero, pelo magn\u00edfico trabalho desenvolvido em sua escola de Jazz by Jess e ao espet\u00e1culo apresentado por todas suas alunas no teatro municipal recentemente."}, {"id": "111652", "ano": "2024", "numero": "494", "tipo__sigla": "REQ", "tipo__descricao": "Requerimento", "autoria": "Marcelo Miranda", "texto_original": "http://sapl.garca.sp.leg.br/media/sapl/public/materialegislativa/2024/111652/reqts_2024-0494.pdf", "ementa": "Solicitando ao Prefeito informar a possibilidade de entrar em contato com o propriet\u00e1rio da fazenda Grancheli, para que em conjunto com o munic\u00edpio, aumente o distanciamento do mato para com o bosque, pois tempos de muita seca e a proximidade com a mata, caso ocorra um inc\u00eandio pode causar um preju\u00edzo ambiental enorme."}, {"id": "111653", "ano": "2024", "numero": "495", "tipo__sigla": "REQ", "tipo__descricao": "Requerimento", "autoria": "Marcelo Miranda", "texto_original": "http://sapl.garca.sp.leg.br/media/sapl/public/materialegislativa/2024/111653/reqts_2024-0495.pdf", "ementa": "Solicitando um Voto de Congratula\u00e7\u00f5es e Aplausos ao col\u00e9gio L\u00famen pela bel\u00edssima feira do conhecimento realizada no dia 15/06 que contou com a participa\u00e7\u00e3o de todos os alunos, professores e coordenadores."}, {"id": "111654", "ano": "2024", "numero": "496", "tipo__sigla": "REQ", "tipo__descricao": "Requerimento", "autoria": "Marcelo Miranda", "texto_original": "http://sapl.garca.sp.leg.br/media/sapl/public/materialegislativa/2024/111654/reqts_2024-0496.pdf", "ementa": "Solicitando ao Deputado Estadual VIN\u00cdCIUS CAMARINHA, solicitando seus valiosos pr\u00e9stimos no sentido de ser autor de emenda parlamentar ao Or\u00e7amento do Estado, na ordem de R$ 100.000,00 (cem mil reais), visando destinar recursos necess\u00e1rios para a constru\u00e7\u00e3o de uma quadra poliesportiva coberta na Fatec Gar\u00e7a."}, {"id": "111655", "ano": "2024", "numero": "497", "tipo__sigla": "REQ", "tipo__descricao": "Requerimento", "autoria": "Marcelo Miranda", "texto_original": "http://sapl.garca.sp.leg.br/media/sapl/public/materialegislativa/2024/111655/reqts_2024-0497.pdf", "ementa": "Solicitando \u00e0 Deputada Estadual LET\u00cdCIA AGUIAR, solicitando seus valiosos pr\u00e9stimos no sentido de ser autor de emenda parlamentar ao Or\u00e7amento do Estado, na ordem de R$ 100.000,00 (cem mil reais), visando destinar recursos necess\u00e1rios para a constru\u00e7\u00e3o de uma quadra poliesportiva coberta na Fatec Gar\u00e7a."}, {"id": "111656", "ano": "2024", "numero": "498", "tipo__sigla": "REQ", "tipo__descricao": "Requerimento", "autoria": "Marcelo Miranda", "texto_original": "http://sapl.garca.sp.leg.br/media/sapl/public/materialegislativa/2024/111656/reqts_2024-0498.pdf", "ementa": "Solicitando \u00e0 Deputada Estadual LET\u00cdCIA AGUIAR, solicitando seus valiosos pr\u00e9stimos no sentido de ser autor de emenda parlamentar ao Or\u00e7amento do Estado, na ordem de R$ 100.000,00 (cem mil reais), visando destinar recursos necess\u00e1rios para a constru\u00e7\u00e3o de uma cobertura para a quadra poliesportiva localizada na Escola T\u00e9cnica Estadual Monsenhor Ant\u00f4nio Magliano, no munic\u00edpio de Gar\u00e7a."}, {"id": "111658", "ano": "2024", "numero": "499", "tipo__sigla": "REQ", "tipo__descricao": "Requerimento", "autoria": "Marquinho Moreira", "texto_original": "http://sapl.garca.sp.leg.br/media/sapl/public/materialegislativa/2024/111658/reqts_2024-0499.pdf", "ementa": "Solicitando ao prefeito informa\u00e7\u00f5es sobre o atendimento da farm\u00e1cia municipal."}, {"id": "111659", "ano": "2024", "numero": "500", "tipo__sigla": "REQ", "tipo__descricao": "Requerimento", "autoria": "Marquinho Moreira", "texto_original": "http://sapl.garca.sp.leg.br/media/sapl/public/materialegislativa/2024/111659/reqts_2024-0500.pdf", "ementa": "Solicitando ao prefeito informar a possibilidade de proceder ao conserto do asfalto defronte ao numeral 140 da Rua Angelo Delicato, tendo em vista que no local existe uma po\u00e7a que tem acumulado \u00e1gua."}, {"id": "111660", "ano": "2024", "numero": "501", "tipo__sigla": "REQ", "tipo__descricao": "Requerimento", "autoria": "Elaine Oliveira", "texto_original": "http://sapl.garca.sp.leg.br/media/sapl/public/materialegislativa/2024/111660/reqts_2024-0501.pdf", "ementa": "Solicitando um Voto de Congratula\u00e7\u00f5es e Aplausos ao nobre Deputado Federal Luiz Philippe de Orl\u00e9ans e Bragan\u00e7a pelo envio de R$ 1.200.000,00 (um milh\u00e3o e duzentos mil reais) para a \u00e1rea da sa\u00fade de nossa cidade."}, {"id": "111661", "ano": "2024", "numero": "502", "tipo__sigla": "REQ", "tipo__descricao": "Requerimento", "autoria": "Elaine Oliveira", "texto_original": "http://sapl.garca.sp.leg.br/media/sapl/public/materialegislativa/2024/111661/reqts_2024-0502.pdf", "ementa": "Solicitando um Voto de Congratula\u00e7\u00f5es e Aplausos \u00e0 nobre Deputada Federal Juliana Cardoso pelo envio de R$ 200.000,00 (duzentos mil reais) para a \u00e1rea da sa\u00fade de nossa cidade."}, {"id": "111662", "ano": "2024", "numero": "503", "tipo__sigla": "REQ", "tipo__descricao": "Requerimento", "autoria": "Elaine Oliveira", "texto_original": "http://sapl.garca.sp.leg.br/media/sapl/public/materialegislativa/2024/111662/reqts_2024-0503.pdf", "ementa": ": Solicitando um Voto de Congratula\u00e7\u00f5es e Aplausos \u00e0 Procomeso pelos trabalhos de seguran\u00e7a e medicina do trabalho a fim de prevenir doen\u00e7as ocupacionais e avaliar riscos \u00e0 sa\u00fade dos trabalhadores, diagnosticar precocemente poss\u00edveis agravos \u00e0 sa\u00fade."}, {"id": "111663", "ano": "2024", "numero": "504", "tipo__sigla": "REQ", "tipo__descricao": "Requerimento", "autoria": "Elaine Oliveira", "texto_original": "http://sapl.garca.sp.leg.br/media/sapl/public/materialegislativa/2024/111663/reqts_2024-0504.pdf", "ementa": "Solicitando um Voto de Congratula\u00e7\u00f5es e Aplausos ao nobre Deputado Estadual Em\u00eddio de Souza pelo envio de R$ 100.000,00 (cem mil reais) para a \u00e1rea da sa\u00fade de nossa cidade."}, {"id": "111690", "ano": "2024", "numero": "505", "tipo__sigla": "REQ", "tipo__descricao": "Requerimento", "autoria": "Elaine Oliveira", "texto_original": "http://sapl.garca.sp.leg.br/media/sapl/public/materialegislativa/2024/111690/reqts_2024-0505.pdf", "ementa": "Solicitando ao prefeito informar se h\u00e1 estudos no sentido de melhorar o paisagismo de algumas pra\u00e7as e \u00e1rea central da cidade."}, {"id": "111728", "ano": "2024", "numero": "506", "tipo__sigla": "REQ", "tipo__descricao": "Requerimento", "autoria": "Antonio Franco dos Santos - Bacana", "texto_original": "http://sapl.garca.sp.leg.br/media/sapl/public/materialegislativa/2024/111728/reqts_2024-0506.pdf", "ementa": "Solicitando ao prefeito informar qual foi o custo total para limpeza do lago artificial."}, {"id": "111729", "ano": "2024", "numero": "507", "tipo__sigla": "REQ", "tipo__descricao": "Requerimento", "autoria": "Antonio Franco dos Santos - Bacana", "texto_original": "http://sapl.garca.sp.leg.br/media/sapl/public/materialegislativa/2024/111729/reqts_2024-0507.pdf", "ementa": "Solicitando ao prefeito informar sobre a possibilidade de estender a todo centro comercial o modelo de cal\u00e7adas implementado na quadra da Rua Coronel Joaquim Piza defronte aos estabelecimentos Marcos Cabeleireiro e Anzi Bistr\u00f4."}, {"id": "111730", "ano": "2024", "numero": "508", "tipo__sigla": "REQ", "tipo__descricao": "Requerimento", "autoria": "Antonio Franco dos Santos - Bacana", "texto_original": "http://sapl.garca.sp.leg.br/media/sapl/public/materialegislativa/2024/111730/reqts_2024-0508.pdf", "ementa": "Solicitando ao Sr. Prefeito informa\u00e7\u00f5es sobre as concertinas instaladas nas unidades escolares do munic\u00edpio."}, {"id": "111731", "ano": "2024", "numero": "509", "tipo__sigla": "REQ", "tipo__descricao": "Requerimento", "autoria": "Antonio Franco dos Santos - Bacana", "texto_original": "http://sapl.garca.sp.leg.br/media/sapl/public/materialegislativa/2024/111731/reqts_2024-0509.pdf", "ementa": "Solicitando um voto de Congratula\u00e7\u00f5es e Aplausos aos comerciantes Marcos Cabeleireiro e Rafael do Restaurante Anzi Bistr\u00f4 pela brilhante iniciativa de revitalizar as cal\u00e7adas em frente aos seus estabelecimentos, situados na quadra da Rua Coronel Joaquim Piza."}, {"id": "111732", "ano": "2024", "numero": "510", "tipo__sigla": "REQ", "tipo__descricao": "Requerimento", "autoria": "Antonio Franco dos Santos - Bacana", "texto_original": "http://sapl.garca.sp.leg.br/media/sapl/public/materialegislativa/2024/111732/reqts_2024-0510.pdf", "ementa": "Solicitando ao Sr. Prefeito informa\u00e7\u00f5es sobre atrasos e faltas em buscar pacientes para fazer tratamentos em cidades vizinhas."}, {"id": "111733", "ano": "2024", "numero": "511", "tipo__sigla": "REQ", "tipo__descricao": "Requerimento", "autoria": "Lico", "texto_original": "http://sapl.garca.sp.leg.br/media/sapl/public/materialegislativa/2024/111733/reqts_2024-0511.pdf", "ementa": "Solicitando um Voto de Congratula\u00e7\u00f5es e Aplausos \u00e0 deputada estadual Let\u00edcia Aguiar, pelo apoio, e ao governador do estado de S\u00e3o Paulo, Tarc\u00edsio de Freitas pela san\u00e7\u00e3o da lei que institui escolas c\u00edvico-militares no estado."}, {"id": "111735", "ano": "2024", "numero": "512", "tipo__sigla": "REQ", "tipo__descricao": "Requerimento", "autoria": "Tenente Almeida", "texto_original": "http://sapl.garca.sp.leg.br/media/sapl/public/materialegislativa/2024/111735/reqts_2024-0512.pdf", "ementa": "Solicitando um Voto de Congratula\u00e7\u00f5es e Aplausos ao 2\u00ba Batalh\u00e3o de Policiamento Rodovi\u00e1rio, com sede na cidade de Bauru, pelo transcurso de seu 47\u00ba anivers\u00e1rio, todos dedicados \u00e0 seguran\u00e7a e prote\u00e7\u00e3o das estradas e rodovias."}, {"id": "111736", "ano": "2024", "numero": "513", "tipo__sigla": "REQ", "tipo__descricao": "Requerimento", "autoria": "Elaine Oliveira", "texto_original": "http://sapl.garca.sp.leg.br/media/sapl/public/materialegislativa/2024/111736/reqts_2024-0513.pdf", "ementa": "Solicitando um Voto de Pesar pelo falecimento do Sr. Gil Fernandes, conhecido por \u201cGil Paco\u201d ou \u201cGil da Lot\u00e9rica\u201d, era rotariano e faleceu aos 80 anos, deixando os filhos Hellen, Lauren e Julien, sendo sepultado no dia 26/07."}, {"id": "111737", "ano": "2024", "numero": "514", "tipo__sigla": "REQ", "tipo__descricao": "Requerimento", "autoria": "Elaine Oliveira", "texto_original": "http://sapl.garca.sp.leg.br/media/sapl/public/materialegislativa/2024/111737/reqts_2024-0514.pdf", "ementa": "Solicitando ao Sr. Prefeito informar a possibilidade de colocar em uma via, logradouro ou pr\u00f3prio p\u00fablico o nome do Sr. Nassim Cotait J\u00fanior"}, {"id": "111738", "ano": "2024", "numero": "515", "tipo__sigla": "REQ", "tipo__descricao": "Requerimento", "autoria": "Elaine Oliveira", "texto_original": "http://sapl.garca.sp.leg.br/media/sapl/public/materialegislativa/2024/111738/reqts_2024-0515.pdf", "ementa": "Solicitando ao Sr. Prefeito informar a possibilidade de instalar um redutor de velocidades na Rua Brasil Jolly, altura do numeral 64, visando inibir o tr\u00e1fego de ve\u00edculos em alta velocidade."}, {"id": "111739", "ano": "2024", "numero": "516", "tipo__sigla": "REQ", "tipo__descricao": "Requerimento", "autoria": "Elaine Oliveira", "texto_original": "http://sapl.garca.sp.leg.br/media/sapl/public/materialegislativa/2024/111739/reqts_2024-0516.pdf", "ementa": "Solicitando ao prefeito informar a possibilidade de construir uma rampa de acessibilidade no cal\u00e7amento interno do lago artificial recentemente feito, a fim de garantir que os cadeirantes possam ter acesso pleno e seguro ao Bosque das Cerejeiras."}, {"id": "111740", "ano": "2024", "numero": "517", "tipo__sigla": "REQ", "tipo__descricao": "Requerimento", "autoria": "Adhemar Kemp Marcondes de Moura Filho, Antonio Franco dos Santos - Bacana, Elaine Oliveira, Fabinho Polisinani, F\u00e1bio Santos, Lico, Lucas Cateto, Marcelo Miranda, Marquinho Moreira, Pedro Santos, Rafael Frabetti, Rodrigo Gutierres, Tenente Almeida", "texto_original": "http://sapl.garca.sp.leg.br/media/sapl/public/materialegislativa/2024/111740/reqts_2024-0517.pdf", "ementa": "Solicitando ao Presidente da C\u00e2mara Municipal de Gar\u00e7a informar a possibilidade de que a tramita\u00e7\u00e3o do Projeto de Lei n\u00ba 75/2024 se d\u00ea em regime de urg\u00eancia."}, {"id": "111741", "ano": "2024", "numero": "518", "tipo__sigla": "REQ", "tipo__descricao": "Requerimento", "autoria": "Marcelo Miranda", "texto_original": "http://sapl.garca.sp.leg.br/media/sapl/public/materialegislativa/2024/111741/reqts_2024-0518.pdf", "ementa": "Solicitando um Voto de Congratula\u00e7\u00f5es e Aplausos ao Prof. Dr. M\u00e1rcio Lopes Miranda pela conquista do T\u00edtulo de Livre Docente da Unicamp."}, {"id": "111742", "ano": "2024", "numero": "519", "tipo__sigla": "REQ", "tipo__descricao": "Requerimento", "autoria": "Marcelo Miranda", "texto_original": "http://sapl.garca.sp.leg.br/media/sapl/public/materialegislativa/2024/111742/reqts_2024-0519.pdf", "ementa": "Solicitando um Voto de Congratula\u00e7\u00f5es e Aplausos ao Dr. Bruno Ferrari pelos 15 anos de trabalho em nosso munic\u00edpio, onde foi aluno, plantonista, se especializou, se tornou cardiologista e uns dos melhores de toda a regi\u00e3o e onde tantas vidas salvou."}, {"id": "111743", "ano": "2024", "numero": "520", "tipo__sigla": "REQ", "tipo__descricao": "Requerimento", "autoria": "Marquinho Moreira", "texto_original": "http://sapl.garca.sp.leg.br/media/sapl/public/materialegislativa/2024/111743/reqts_2024-0520.pdf", "ementa": "Solicitando ao prefeito informar a possibilidade de ampliar a largura do port\u00e3o de acesso do referido Residencial afim de facilitar o transporte de ambul\u00e2ncias que poder\u00e3o ser acionadas em eventual emerg\u00eancia e necessidade."}, {"id": "111744", "ano": "2024", "numero": "521", "tipo__sigla": "REQ", "tipo__descricao": "Requerimento", "autoria": "Marquinho Moreira", "texto_original": "http://sapl.garca.sp.leg.br/media/sapl/public/materialegislativa/2024/111744/reqts_2024-0521.pdf", "ementa": "Solicitando ao Prefeito informar se ser\u00e1 realizado mutir\u00e3o para sanar a fila de pacientes que aguardam cirurgia de catarata."}, {"id": "111747", "ano": "2024", "numero": "522", "tipo__sigla": "REQ", "tipo__descricao": "Requerimento", "autoria": "Fabinho Polisinani", "texto_original": "http://sapl.garca.sp.leg.br/media/sapl/public/materialegislativa/2024/111747/reqts_2024-0522.pdf", "ementa": "Solicitando ao Prefeito informar a possibilidade de remanejar o ponto de \u00f4nibus localizado na Rua Gast\u00e3o Vidigal, 55."}, {"id": "111748", "ano": "2024", "numero": "523", "tipo__sigla": "REQ", "tipo__descricao": "Requerimento", "autoria": "Fabinho Polisinani", "texto_original": "http://sapl.garca.sp.leg.br/media/sapl/public/materialegislativa/2024/111748/reqts_2024-0523.pdf", "ementa": "Solicita informa\u00e7\u00f5es sobre a cess\u00e3o do Parque Ecol\u00f3gico \u201cJayme Miranda Nogueira\u201d para a realiza\u00e7\u00e3o do \u201c3\u00ba Arrai\u00e1 Adrianita\u201d"}, {"id": "111749", "ano": "2024", "numero": "524", "tipo__sigla": "REQ", "tipo__descricao": "Requerimento", "autoria": "Antonio Franco dos Santos - Bacana", "texto_original": "http://sapl.garca.sp.leg.br/media/sapl/public/materialegislativa/2024/111749/reqts_2024-0524.pdf", "ementa": "Solicitando ao Prefeito informar a possibilidade de incluir no rol de vias a serem recapeadas a Rua Alcides Ca\u00e7\u00e3o no Jardim Mondrian."}, {"id": "111750", "ano": "2024", "numero": "525", "tipo__sigla": "REQ", "tipo__descricao": "Requerimento", "autoria": "Pedro Santos", "texto_original": "http://sapl.garca.sp.leg.br/media/sapl/public/materialegislativa/2024/111750/reqts_2024-0525.pdf", "ementa": "Solicitando novas informa\u00e7\u00f5es ao Minist\u00e9rio P\u00fablico da Comarca acerca do cumprimento do Plano Municipal de Mobilidade Urbana, relativamente ao tr\u00e1fego de ve\u00edculos pesados no per\u00edmetro urbano."}, {"id": "111751", "ano": "2024", "numero": "526", "tipo__sigla": "REQ", "tipo__descricao": "Requerimento", "autoria": "F\u00e1bio Santos", "texto_original": "http://sapl.garca.sp.leg.br/media/sapl/public/materialegislativa/2024/111751/reqts_2024-0526.pdf", "ementa": "Solicitando ao Prefeito informar se est\u00e1 nos planos da Administra\u00e7\u00e3o a realiza\u00e7\u00e3o de um trabalho de combate \u00e0 prolifera\u00e7\u00e3o de escorpi\u00f5es no Jardim Nova Gar\u00e7a."}, {"id": "111752", "ano": "2024", "numero": "527", "tipo__sigla": "REQ", "tipo__descricao": "Requerimento", "autoria": "F\u00e1bio Santos", "texto_original": "http://sapl.garca.sp.leg.br/media/sapl/public/materialegislativa/2024/111752/reqts_2024-0527.pdf", "ementa": "Solicitando ao Prefeito informar a possibilidade de realizar uma vistoria geral em toda cidade visando realizar a limpeza dos bueiros que est\u00e3o entupidos."}, {"id": "111753", "ano": "2024", "numero": "528", "tipo__sigla": "REQ", "tipo__descricao": "Requerimento", "autoria": "F\u00e1bio Santos", "texto_original": "http://sapl.garca.sp.leg.br/media/sapl/public/materialegislativa/2024/111753/reqts_2024-0528.pdf", "ementa": "Solicitando ao Prefeito informar a possibilidade de denominar uma via, pr\u00f3prio p\u00fablico ou logradouro com o nome da Sra. Mara Matilde Telini."}, {"id": "111754", "ano": "2024", "numero": "529", "tipo__sigla": "REQ", "tipo__descricao": "Requerimento", "autoria": "F\u00e1bio Santos", "texto_original": "http://sapl.garca.sp.leg.br/media/sapl/public/materialegislativa/2024/111754/reqts_2024-0529.pdf", "ementa": "Solicitando ao Prefeito informar a possibilidade de denominar uma via, logradouro ou pr\u00f3prio p\u00fablico com o nome do saudoso Paulo Koury."}, {"id": "111755", "ano": "2024", "numero": "530", "tipo__sigla": "REQ", "tipo__descricao": "Requerimento", "autoria": "Tenente Almeida", "texto_original": "http://sapl.garca.sp.leg.br/media/sapl/public/materialegislativa/2024/111755/reqts_2024-0530.pdf", "ementa": "Solicitando ao Prefeito informar a possibilidade de realizar a poda de uma \u00e1rvore de grande porte localizada na Rua Vit\u00f3ria, defronte ao numeral 675."}, {"id": "111759", "ano": "2024", "numero": "531", "tipo__sigla": "REQ", "tipo__descricao": "Requerimento", "autoria": "Lico, Marcelo Miranda", "texto_original": "http://sapl.garca.sp.leg.br/media/sapl/public/materialegislativa/2024/111759/reqts_2024-0531.pdf", "ementa": "Solicitando ao Prefeito, \u00e0 Associa\u00e7\u00e3o Hospitalar Beneficente do Brasil (AHBB) e ao Departamento Regional de Sa\u00fade DRS IX para que informem como est\u00e1 a libera\u00e7\u00e3o da instala\u00e7\u00e3o do servi\u00e7o de hemodi\u00e1lise em nosso munic\u00edpio."}, {"id": "111760", "ano": "2024", "numero": "532", "tipo__sigla": "REQ", "tipo__descricao": "Requerimento", "autoria": "Elaine Oliveira", "texto_original": "http://sapl.garca.sp.leg.br/media/sapl/public/materialegislativa/2024/111760/reqts_2024-0532.pdf", "ementa": "Solicitando ao prefeito informar a possibilidade de instalar rampa m\u00f3vel pr\u00f3xima a Rua Maria Helena, afim de garantir o acesso dos cadeirantes"}, {"id": "111761", "ano": "2024", "numero": "533", "tipo__sigla": "REQ", "tipo__descricao": "Requerimento", "autoria": "Elaine Oliveira", "texto_original": "http://sapl.garca.sp.leg.br/media/sapl/public/materialegislativa/2024/111761/reqts_2024-0533.pdf", "ementa": "Solicitando um voto de congratula\u00e7\u00f5es e aplausos \u00e0 empresa Maxtorque pela doa\u00e7\u00e3o de bombas de alta performance para o Lago Artificial J. K. Williams, enaltecendo sua atitude altru\u00edsta e ressaltando a import\u00e2ncia de a\u00e7\u00f5es como esta, que fortalecem os la\u00e7os comunit\u00e1rios e incentivam outras empresas a seguir o mesmo exemplo de responsabilidade e cidadania."}, {"id": "111762", "ano": "2024", "numero": "534", "tipo__sigla": "REQ", "tipo__descricao": "Requerimento", "autoria": "Elaine Oliveira", "texto_original": "http://sapl.garca.sp.leg.br/media/sapl/public/materialegislativa/2024/111762/reqts_2024-0534.pdf", "ementa": "Solicitando ao Prefeito informar a possibilidade de instalar brinquedos adaptados no parquinho infantil do lago artificial."}, {"id": "111763", "ano": "2024", "numero": "535", "tipo__sigla": "REQ", "tipo__descricao": "Requerimento", "autoria": "Elaine Oliveira", "texto_original": "http://sapl.garca.sp.leg.br/media/sapl/public/materialegislativa/2024/111763/reqts_2024-0535.pdf", "ementa": "Solicitando um Voto de Congratula\u00e7\u00f5es e Aplauso \u00e0 autoescola Planalto pelo importante trabalho que desempenha na forma\u00e7\u00e3o de condutores em nossa cidade."}, {"id": "111768", "ano": "2024", "numero": "536", "tipo__sigla": "REQ", "tipo__descricao": "Requerimento", "autoria": "Antonio Franco dos Santos - Bacana", "texto_original": "http://sapl.garca.sp.leg.br/media/sapl/public/materialegislativa/2024/111768/reqts_2024-0536.pdf", "ementa": "Solicitando ao Diretor Executivo do SAAE que encaminhe c\u00f3pia do projeto b\u00e1sico e executivo da rede p\u00fablica coletora de esgotos do novo Distrito Empresarial, bem como apresente informa\u00e7\u00f5es sobre a sua execu\u00e7\u00e3o."}, {"id": "111769", "ano": "2024", "numero": "537", "tipo__sigla": "REQ", "tipo__descricao": "Requerimento", "autoria": "Adhemar Kemp Marcondes de Moura Filho", "texto_original": "http://sapl.garca.sp.leg.br/media/sapl/public/materialegislativa/2024/111769/reqts_2024-0537.pdf", "ementa": "Solicitando um Voto de Congratula\u00e7\u00f5es e Aplausos \u00e0 ProImagem de Gar\u00e7a pela aquisi\u00e7\u00e3o do equipamento VOLUSON EXPERT 22, o que h\u00e1 de mais revolucion\u00e1rio em tecnologia de ultrassonografia."}, {"id": "111770", "ano": "2024", "numero": "538", "tipo__sigla": "REQ", "tipo__descricao": "Requerimento", "autoria": "Adhemar Kemp Marcondes de Moura Filho", "texto_original": "http://sapl.garca.sp.leg.br/media/sapl/public/materialegislativa/2024/111770/reqts_2024-0538.pdf", "ementa": "Solicitando ao Sr. Prefeito informar se procede a informa\u00e7\u00e3o de que Gar\u00e7a recebeu 3% mais de ICMS do que em 2023 e onde vem sendo utilizado este recurso."}, {"id": "111771", "ano": "2024", "numero": "539", "tipo__sigla": "REQ", "tipo__descricao": "Requerimento", "autoria": "Adhemar Kemp Marcondes de Moura Filho", "texto_original": "http://sapl.garca.sp.leg.br/media/sapl/public/materialegislativa/2024/111771/reqts_2024-0539.pdf", "ementa": "Solicitando ao Sr. Prefeito informar qual o montante arrecadado com a \u00c1rea Azul nos anos de 2022, 2023 e 2024 e onde foi utilizado este recurso."}, {"id": "111772", "ano": "2024", "numero": "540", "tipo__sigla": "REQ", "tipo__descricao": "Requerimento", "autoria": "Adhemar Kemp Marcondes de Moura Filho", "texto_original": "http://sapl.garca.sp.leg.br/media/sapl/public/materialegislativa/2024/111772/reqts_2024-0540.pdf", "ementa": "Solicitando um Voto de Pesar pelo falecimento do Sr. Jos\u00e9 Roberto Ferrez Lopes, ex-servidor da C\u00e2mara Municipal de Gar\u00e7a."}, {"id": "111773", "ano": "2024", "numero": "541", "tipo__sigla": "REQ", "tipo__descricao": "Requerimento", "autoria": "Rodrigo Gutierres", "texto_original": "http://sapl.garca.sp.leg.br/media/sapl/public/materialegislativa/2024/111773/reqts_2024-0541.pdf", "ementa": "Solicitando ao Prefeito informar a possibilidade de realizar a erradica\u00e7\u00e3o de uma \u00e1rvore localizada na Rua Fidelis Furquim, pr\u00f3ximo ao numeral 179, no distrito de Jafa."}, {"id": "111774", "ano": "2024", "numero": "542", "tipo__sigla": "REQ", "tipo__descricao": "Requerimento", "autoria": "Rodrigo Gutierres", "texto_original": "http://sapl.garca.sp.leg.br/media/sapl/public/materialegislativa/2024/111774/reqts_2024-0542.pdf", "ementa": "Solicitando ao Prefeito informar a possibilidade de realizar os reparos necess\u00e1rios na pavimenta\u00e7\u00e3o asf\u00e1ltica na Rua J\u00falio Bertoluci, pr\u00f3ximo ao numeral 179 bem como nas proximidades do cruzamento com Rua Manoel da Costa."}, {"id": "111779", "ano": "2024", "numero": "543", "tipo__sigla": "REQ", "tipo__descricao": "Requerimento", "autoria": "Marquinho Moreira", "texto_original": "http://sapl.garca.sp.leg.br/media/sapl/public/materialegislativa/2024/111779/reqts_2024-0543.pdf", "ementa": "Solicitando ao Deputado Federal Celso Russomanno, seus valorosos pr\u00e9stimos no sentido de ser autor de emenda ao or\u00e7amento da uni\u00e3o no valor de R$ 500.000,00 (quinhentos mil reais) a serem destinados a constru\u00e7\u00e3o de uma quadra poliesportiva no Centro de Conviv\u00eancia Maria Leonor."}, {"id": "111780", "ano": "2024", "numero": "544", "tipo__sigla": "REQ", "tipo__descricao": "Requerimento", "autoria": "Marquinho Moreira", "texto_original": "http://sapl.garca.sp.leg.br/media/sapl/public/materialegislativa/2024/111780/reqts_2024-0544.pdf", "ementa": "Solicitando ao Deputado Estadual Sebasti\u00e3o Santos, seus valorosos pr\u00e9stimos no sentido de ser autor de emenda ao or\u00e7amento do estado no valor de R$ 500.000,00 (quinhentos mil reais) a serem destinados a constru\u00e7\u00e3o de uma quadra poliesportiva no Centro de Conviv\u00eancia Maria Leonor."}, {"id": "111781", "ano": "2024", "numero": "545", "tipo__sigla": "REQ", "tipo__descricao": "Requerimento", "autoria": "Marquinho Moreira", "texto_original": "http://sapl.garca.sp.leg.br/media/sapl/public/materialegislativa/2024/111781/reqts_2024-0545.pdf", "ementa": "Solicitando ao Prefeito informar como est\u00e1 o andamento das obras da unidade de sa\u00fade de Vila Rebelo e qual a previs\u00e3o para que os servi\u00e7os sejam retomados."}, {"id": "111782", "ano": "2024", "numero": "546", "tipo__sigla": "REQ", "tipo__descricao": "Requerimento", "autoria": "Fabinho Polisinani", "texto_original": "http://sapl.garca.sp.leg.br/media/sapl/public/materialegislativa/2024/111782/reqts_2024-0546.pdf", "ementa": "Solicitando ao Prefeito informar a possibilidade de realizar a manuten\u00e7\u00e3o no poste e no cal\u00e7amento de paralelep\u00edpedo que est\u00e1 afundando na Rua Fl\u00e1vio Almeida de Sales, no cruzamento com rua Carlos Ferrari."}, {"id": "111783", "ano": "2024", "numero": "547", "tipo__sigla": "REQ", "tipo__descricao": "Requerimento", "autoria": "Fabinho Polisinani", "texto_original": "http://sapl.garca.sp.leg.br/media/sapl/public/materialegislativa/2024/111783/reqts_2024-0547.pdf", "ementa": "Solicitando ao Prefeito informar a possibilidade de realizar a pintura da sinaliza\u00e7\u00e3o de solo que est\u00e1 apagada na Rua Antonio Calarga Sobrinho."}, {"id": "111784", "ano": "2024", "numero": "548", "tipo__sigla": "REQ", "tipo__descricao": "Requerimento", "autoria": "Elaine Oliveira", "texto_original": "http://sapl.garca.sp.leg.br/media/sapl/public/materialegislativa/2024/111784/reqts_2024-0548.pdf", "ementa": "Solicitando ao Prefeito informar a possibilidade de tapar o buraco existente no cruzamento das Ruas Rio Grande do Sul com Mery Blumer,"}, {"id": "111785", "ano": "2024", "numero": "549", "tipo__sigla": "REQ", "tipo__descricao": "Requerimento", "autoria": "Marcelo Miranda", "texto_original": "http://sapl.garca.sp.leg.br/media/sapl/public/materialegislativa/2024/111785/reqts_2024-0549.pdf", "ementa": "Solicitando ao Prefeito informar a possibilidade de realizar uma reavalia\u00e7\u00e3o das modifica\u00e7\u00f5es feitas no Parque Real e proximidades devido \u00e0 intensa reclama\u00e7\u00e3o dos moradores que se sentem isolados e com restri\u00e7\u00e3o de liberdade de movimenta\u00e7\u00e3o das vias."}, {"id": "111786", "ano": "2024", "numero": "550", "tipo__sigla": "REQ", "tipo__descricao": "Requerimento", "autoria": "Marcelo Miranda", "texto_original": "http://sapl.garca.sp.leg.br/media/sapl/public/materialegislativa/2024/111786/reqts_2024-0550.pdf", "ementa": "Solicitando ao Prefeito informar a possibilidade de tornar m\u00e3o dupla de dire\u00e7\u00e3o a Rua Jos\u00e9 Seraguci e proximidades da unidade de sa\u00fade no Parque Real."}, {"id": "111792", "ano": "2024", "numero": "551", "tipo__sigla": "REQ", "tipo__descricao": "Requerimento", "autoria": "Fabinho Polisinani", "texto_original": "http://sapl.garca.sp.leg.br/media/sapl/public/materialegislativa/2024/111792/reqts_2024-0551.pdf", "ementa": "Solicitando ao Prefeito informar a possibilidade de realizar manuten\u00e7\u00e3o nos banheiros do terminal rodovi\u00e1rio, tendo em vista diversas avarias existentes no local."}, {"id": "111793", "ano": "2024", "numero": "552", "tipo__sigla": "REQ", "tipo__descricao": "Requerimento", "autoria": "Fabinho Polisinani", "texto_original": "http://sapl.garca.sp.leg.br/media/sapl/public/materialegislativa/2024/111793/reqts_2024-0552.pdf", "ementa": "Solicitando ao Prefeito informar a possibilidade de erradicar uma \u00e1rvore localizada na Rua Jos\u00e9 Henrique Ferreira da Rocha, entre os numerais 130 e 140."}, {"id": "111794", "ano": "2024", "numero": "553", "tipo__sigla": "REQ", "tipo__descricao": "Requerimento", "autoria": "Fabinho Polisinani", "texto_original": "http://sapl.garca.sp.leg.br/media/sapl/public/materialegislativa/2024/111794/reqts_2024-0553.pdf", "ementa": "Solicitando ao Prefeito informar a possibilidade de realizar manuten\u00e7\u00e3o na ilumina\u00e7\u00e3o dos banheiros e da parte interna do terminal rodivi\u00e1rio, tendo em vista que h\u00e1 v\u00e1rias l\u00e2mpadas apagadas."}, {"id": "111795", "ano": "2024", "numero": "554", "tipo__sigla": "REQ", "tipo__descricao": "Requerimento", "autoria": "Adhemar Kemp Marcondes de Moura Filho, Fabinho Polisinani", "texto_original": "http://sapl.garca.sp.leg.br/media/sapl/public/materialegislativa/2024/111795/reqts_2024-0554.pdf", "ementa": "Solicitando um voto de Pesar pelo falecimento do Sr. Edson Luiz da Silva, o qual morou por muitos anos em nossa cidade, e foi muito engajado na cobran\u00e7a por melhorias de nossa cidade."}, {"id": "111796", "ano": "2024", "numero": "555", "tipo__sigla": "REQ", "tipo__descricao": "Requerimento", "autoria": "Antonio Franco dos Santos - Bacana", "texto_original": "http://sapl.garca.sp.leg.br/media/sapl/public/materialegislativa/2024/111796/reqts_2024-0555.pdf", "ementa": "Solicitando ao Prefeito informar a possibilidade de realizar a instala\u00e7\u00e3o de um redutor de velocidade na Rua Jos\u00e9 Sanches, 280, defronte \u00e0 unidade b\u00e1sica de sa\u00fade Regi\u00e3o Oeste, no Jardim Sol Nascente."}, {"id": "111797", "ano": "2024", "numero": "556", "tipo__sigla": "REQ", "tipo__descricao": "Requerimento", "autoria": "Antonio Franco dos Santos - Bacana", "texto_original": "http://sapl.garca.sp.leg.br/media/sapl/public/materialegislativa/2024/111797/reqts_2024-0556.pdf", "ementa": "Solicitando ao Prefeito informar quais obras ser\u00e3o realizadas na estrada S\u00e3o Jos\u00e9 dos Bonini atrav\u00e9s do  Programa \u201cMelhor Caminho\u201d."}, {"id": "111798", "ano": "2024", "numero": "557", "tipo__sigla": "REQ", "tipo__descricao": "Requerimento", "autoria": "Tenente Almeida", "texto_original": "http://sapl.garca.sp.leg.br/media/sapl/public/materialegislativa/2024/111798/reqts_2024-0557.pdf", "ementa": "Solicitando ao Prefeito informa\u00e7\u00f5es sobre a erradica\u00e7\u00e3o de \u00e1rvores de grande porte localizadas na Rua Pinchas Sitnik, defronte aos numerais 121 e 131, no Jardim Morada do Sol."}, {"id": "111799", "ano": "2024", "numero": "558", "tipo__sigla": "REQ", "tipo__descricao": "Requerimento", "autoria": "Tenente Almeida", "texto_original": "http://sapl.garca.sp.leg.br/media/sapl/public/materialegislativa/2024/111799/reqts_2024-0558.pdf", "ementa": "Solicitando um voto de congratula\u00e7\u00f5es e aplausos ao empres\u00e1rio Sr. Jos\u00e9 Louren\u00e7o pela doa\u00e7\u00e3o de uma kombi \u00e0 APAE de Gar\u00e7a."}, {"id": "111800", "ano": "2024", "numero": "559", "tipo__sigla": "REQ", "tipo__descricao": "Requerimento", "autoria": "Tenente Almeida", "texto_original": "http://sapl.garca.sp.leg.br/media/sapl/public/materialegislativa/2024/111800/reqts_2024-0559.pdf", "ementa": "Solicitando um voto de congratula\u00e7\u00f5es e aplausos ao Comando do 2\u00ba BPRv por ter realizado o  Encontro do Veterano no dia 07 de agosto de 2024, em comemora\u00e7\u00e3o ao 47\u00ba Anivers\u00e1rio do Batalh\u00e3o."}, {"id": "111801", "ano": "2024", "numero": "560", "tipo__sigla": "REQ", "tipo__descricao": "Requerimento", "autoria": "Elaine Oliveira", "texto_original": "http://sapl.garca.sp.leg.br/media/sapl/public/materialegislativa/2024/111801/reqts_2024-0560.pdf", "ementa": "Solicitando ao Deputado Estadual Ricardo Madalena, gest\u00f5es junto \u00e0s secretarias e \u00f3rg\u00e3os competentes do Governo Estadual, visando \u00e0 obten\u00e7\u00e3o de novos equipamentos esportivos para a implanta\u00e7\u00e3o de uma nova pra\u00e7a esportiva em nosso munic\u00edpio - Projeto Areninha."}, {"id": "111802", "ano": "2024", "numero": "561", "tipo__sigla": "REQ", "tipo__descricao": "Requerimento", "autoria": "Elaine Oliveira", "texto_original": "http://sapl.garca.sp.leg.br/media/sapl/public/materialegislativa/2024/111802/reqts_2024-0561.pdf", "ementa": "Solicitando ao Deputado Estadual Ricardo Madalena, gest\u00f5es junto \u00e0s secretarias e \u00f3rg\u00e3os competentes do Governo Estadual, visando a inclus\u00e3o do nosso munic\u00edpio no \"Programa Viver Melhor\", recentemente reaberto e em fase de sele\u00e7\u00e3o das localidades a serem contempladas."}, {"id": "111803", "ano": "2024", "numero": "562", "tipo__sigla": "REQ", "tipo__descricao": "Requerimento", "autoria": "Marquinho Moreira", "texto_original": "http://sapl.garca.sp.leg.br/media/sapl/public/materialegislativa/2024/111803/reqts_2024-0562.pdf", "ementa": "Solicitando ao Prefeito informar se j\u00e1 foi deliberado pelo Conselho Municipal de Tr\u00e2nsito a instala\u00e7\u00e3o de um redutor de velocidades defronte a Unidade B\u00e1sica de Sa\u00fade Dr. Ubirajara Guimar\u00e3es, em Vila Cavalcante, e qual a previs\u00e3o para instala\u00e7\u00e3o"}, {"id": "111804", "ano": "2024", "numero": "563", "tipo__sigla": "REQ", "tipo__descricao": "Requerimento", "autoria": "Marquinho Moreira", "texto_original": "http://sapl.garca.sp.leg.br/media/sapl/public/materialegislativa/2024/111804/reqts_2024-0563.pdf", "ementa": "Solicitando ao Prefeito informar como est\u00e1 o andamento para concretiza\u00e7\u00e3o do recapeamento das travessas A, B, e C na Rua da Esta\u00e7\u00e3o."}, {"id": "111805", "ano": "2024", "numero": "564", "tipo__sigla": "REQ", "tipo__descricao": "Requerimento", "autoria": "Marquinho Moreira", "texto_original": "http://sapl.garca.sp.leg.br/media/sapl/public/materialegislativa/2024/111805/reqts_2024-0564.pdf", "ementa": "Solicitando ao Prefeito informar a possibilidade de instalar um redutor de velocidades na Avenida Ol\u00edvio Turato na altura do numeral 400, no residencial Monte Verde."}, {"id": "111806", "ano": "2024", "numero": "565", "tipo__sigla": "REQ", "tipo__descricao": "Requerimento", "autoria": "Marquinho Moreira", "texto_original": "http://sapl.garca.sp.leg.br/media/sapl/public/materialegislativa/2024/111806/reqts_2024-0565.pdf", "ementa": "Solicitando ao Prefeito informar a possibilidade de realizar melhorias na sinaliza\u00e7\u00e3o de solo no cruzamento das ruas Salvador Zago com Ros\u00e1rio Martino no Jardim Nova Gar\u00e7a."}, {"id": "111807", "ano": "2024", "numero": "566", "tipo__sigla": "REQ", "tipo__descricao": "Requerimento", "autoria": "Marquinho Moreira", "texto_original": "http://sapl.garca.sp.leg.br/media/sapl/public/materialegislativa/2024/111807/reqts_2024-0566.pdf", "ementa": "Solicitando ao Prefeito informar a possibilidade de instalar bra\u00e7os de ilumina\u00e7\u00e3o nos postes localizados na Rua Salvador Zago, na continua\u00e7\u00e3o com Rua Capit\u00e3o Iza\u00edas Nascimento na divisa do Jardim Nova Gar\u00e7a com Jd. Brasil, pr\u00f3ximos \u00e0 \u00e1rea verde."}, {"id": "111808", "ano": "2024", "numero": "567", "tipo__sigla": "REQ", "tipo__descricao": "Requerimento", "autoria": "Marquinho Moreira", "texto_original": "http://sapl.garca.sp.leg.br/media/sapl/public/materialegislativa/2024/111808/reqts_2024-0567.pdf", "ementa": "Solicitando ao Prefeito informar a possibilidade de viabilizar a instala\u00e7\u00e3o de ilumina\u00e7\u00e3o e bancos, bem como realizar com mais frequ\u00eancia a limpeza da \u00e1rea verde localizada na Rua Gabriela."}, {"id": "111809", "ano": "2024", "numero": "568", "tipo__sigla": "REQ", "tipo__descricao": "Requerimento", "autoria": "Lico", "texto_original": "http://sapl.garca.sp.leg.br/media/sapl/public/materialegislativa/2024/111809/reqts_2024-0568.pdf", "ementa": "Solicitando um Voto de Congratula\u00e7\u00f5es e Aplausos ao Governador do Estado de S\u00e3o Paulo, Sr. Tarc\u00edsio de Freitas pela aprova\u00e7\u00e3o do projeto Bolsa Est\u00e1gio Ensino M\u00e9dio (BEEM), o qual beneficiar\u00e1 mais de 5 mil estudantes."}, {"id": "111811", "ano": "2024", "numero": "569", "tipo__sigla": "REQ", "tipo__descricao": "Requerimento", "autoria": "Rafael Frabetti", "texto_original": "http://sapl.garca.sp.leg.br/media/sapl/public/materialegislativa/2024/111811/reqts_2024-0569.pdf", "ementa": "Solicitando ao Prefeito informar se alguma empresa j\u00e1 iniciou as tratativas t\u00e9cnicas para instala\u00e7\u00e3o no novo distrito empresarial."}, {"id": "111812", "ano": "2024", "numero": "570", "tipo__sigla": "REQ", "tipo__descricao": "Requerimento", "autoria": "Rafael Frabetti", "texto_original": "http://sapl.garca.sp.leg.br/media/sapl/public/materialegislativa/2024/111812/reqts_2024-0570.pdf", "ementa": "Solicitando ao Prefeito informar se h\u00e1 estudos visando melhorar o sistema de escoamento de \u00e1guas pluviais na Vilota S\u00e3o Jos\u00e9."}, {"id": "111813", "ano": "2024", "numero": "571", "tipo__sigla": "REQ", "tipo__descricao": "Requerimento", "autoria": "Rafael Frabetti", "texto_original": "http://sapl.garca.sp.leg.br/media/sapl/public/materialegislativa/2024/111813/reqts_2024-0571.pdf", "ementa": "Solicitando ao Prefeito informar a possibilidade de realizar melhorias na liga\u00e7\u00e3o dos bairros Jardim S\u00e3o Rafael com Comerci\u00e1rios, como a constru\u00e7\u00e3o de uma rotat\u00f3ria."}, {"id": "111814", "ano": "2024", "numero": "572", "tipo__sigla": "REQ", "tipo__descricao": "Requerimento", "autoria": "Pedro Santos", "texto_original": "http://sapl.garca.sp.leg.br/media/sapl/public/materialegislativa/2024/111814/reqts_2024-0572.pdf", "ementa": "Solicitando ao Prefeito informar se foi verificada a possibilidade de instalar um redutor de velocidade na Rua Peroba, pr\u00f3ximo ao numeral 748, no Jardim Paineiras."}, {"id": "111815", "ano": "2024", "numero": "573", "tipo__sigla": "REQ", "tipo__descricao": "Requerimento", "autoria": "Pedro Santos", "texto_original": "http://sapl.garca.sp.leg.br/media/sapl/public/materialegislativa/2024/111815/reqts_2024-0573.pdf", "ementa": "Solicitando ao Prefeito informa\u00e7\u00f5es sobre a limpeza e manuten\u00e7\u00e3o do Residencial Tr\u00eas Marias."}, {"id": "111827", "ano": "2024", "numero": "574", "tipo__sigla": "REQ", "tipo__descricao": "Requerimento", "autoria": "Antonio Franco dos Santos - Bacana", "texto_original": "http://sapl.garca.sp.leg.br/media/sapl/public/materialegislativa/2024/111827/reqts_2024-0574.pdf", "ementa": "Solicitando ao Prefeito informa\u00e7\u00f5es sobre o transporte coletivo no Residencial Monte Verde."}, {"id": "111828", "ano": "2024", "numero": "575", "tipo__sigla": "REQ", "tipo__descricao": "Requerimento", "autoria": "Marquinho Moreira", "texto_original": "http://sapl.garca.sp.leg.br/media/sapl/public/materialegislativa/2024/111828/reqts_2024-0575.pdf", "ementa": "Solicitando ao Prefeito informar a possibilidade de reinstalar o bebedouro que fora retirado da \u00e1rea de lazer localizada no cruzamento das ruas Salvador Zago com Ros\u00e1rio Martino, no Jardim Nova Gar\u00e7a."}, {"id": "111829", "ano": "2024", "numero": "576", "tipo__sigla": "REQ", "tipo__descricao": "Requerimento", "autoria": "Marquinho Moreira", "texto_original": "http://sapl.garca.sp.leg.br/media/sapl/public/materialegislativa/2024/111829/reqts_2024-0576.pdf", "ementa": "Solicitando ao Prefeito informar a possibilidade de instalar um ponto de \u00f4nibus defronte a Unidade B\u00e1sica de Sa\u00fade Dr. Ubirajara Guimar\u00e3es, em Vila\r\nCavalcante."}, {"id": "111832", "ano": "2024", "numero": "577", "tipo__sigla": "REQ", "tipo__descricao": "Requerimento", "autoria": "Marquinho Moreira", "texto_original": "http://sapl.garca.sp.leg.br/media/sapl/public/materialegislativa/2024/111832/reqts_2024-0577.pdf", "ementa": "Solicitando ao Prefeito informar a possibilidade de instalar uma academia ao ar livre no espa\u00e7o localizado ao lado do recinto da feira livre."}, {"id": "111833", "ano": "2024", "numero": "578", "tipo__sigla": "REQ", "tipo__descricao": "Requerimento", "autoria": "Marquinho Moreira", "texto_original": "http://sapl.garca.sp.leg.br/media/sapl/public/materialegislativa/2024/111833/reqts_2024-0578.pdf", "ementa": "Solicitando ao Prefeito informar a possibilidade de instalar uma academia ao ar livre na \u00e1rea institucional do Jardim Jo\u00e3o Zapata."}, {"id": "111834", "ano": "2024", "numero": "579", "tipo__sigla": "REQ", "tipo__descricao": "Requerimento", "autoria": "Marquinho Moreira", "texto_original": "http://sapl.garca.sp.leg.br/media/sapl/public/materialegislativa/2024/111834/reqts_2024-0579.pdf", "ementa": "Solicitando ao Prefeito e ao Diretor Executivo do SAAE informarem se h\u00e1 algum planejamento para utiliza\u00e7\u00e3o da extensa \u00e1rea verde localizada nos fundos da Rua Mogno, no Jardim Paineiras."}, {"id": "111835", "ano": "2024", "numero": "580", "tipo__sigla": "REQ", "tipo__descricao": "Requerimento", "autoria": "Adhemar Kemp Marcondes de Moura Filho", "texto_original": "http://sapl.garca.sp.leg.br/media/sapl/public/materialegislativa/2024/111835/reqts_2024-0580.pdf", "ementa": "Solicitando ao Prefeito informar a possibilidade de padronizar a ilumina\u00e7\u00e3o do Jardim Sol Nascente com l\u00e2mpadas de ilumina\u00e7\u00e3o fria."}, {"id": "111836", "ano": "2024", "numero": "581", "tipo__sigla": "REQ", "tipo__descricao": "Requerimento", "autoria": "Adhemar Kemp Marcondes de Moura Filho", "texto_original": "http://sapl.garca.sp.leg.br/media/sapl/public/materialegislativa/2024/111836/reqts_2024-0581.pdf", "ementa": "Solicitando ao Prefeito encaminhar a esta Casa, c\u00f3pia do projeto arquitet\u00f4nico do Centro de Educa\u00e7\u00e3o e Inova\u00e7\u00e3o do pr\u00e9dio onde funcionou a ag\u00eancia do Banco do Brasil."}, {"id": "111858", "ano": "2024", "numero": "582", "tipo__sigla": "REQ", "tipo__descricao": "Requerimento", "autoria": "Antonio Franco dos Santos - Bacana", "texto_original": "http://sapl.garca.sp.leg.br/media/sapl/public/materialegislativa/2024/111858/reqts_2024-0582.pdf", "ementa": "Solicitando ao Diretor Executivo do SAAE encaminhar c\u00f3pia integral do processo licitat\u00f3rio da TOMADA DE PRE\u00c7OS N\u00ba 005/2019 e informar para qual esta\u00e7\u00e3o de tratamento ser\u00e1 direcionado o esgoto captado pela rede coletora executada no Novo Distrito Industrial."}, {"id": "111859", "ano": "2024", "numero": "583", "tipo__sigla": "REQ", "tipo__descricao": "Requerimento", "autoria": "Pedro Santos", "texto_original": "http://sapl.garca.sp.leg.br/media/sapl/public/materialegislativa/2024/111859/reqts_2024-0583.pdf", "ementa": "Solicitando \u00e0 Controladoria do Munic\u00edpio que encaminhe relat\u00f3rio de execu\u00e7\u00e3o das emendas impositivas, no qual conste quais emendas foram empenhadas, liquidadas e pagas."}, {"id": "111860", "ano": "2024", "numero": "584", "tipo__sigla": "REQ", "tipo__descricao": "Requerimento", "autoria": "Rodrigo Gutierres", "texto_original": "http://sapl.garca.sp.leg.br/media/sapl/public/materialegislativa/2024/111860/reqts_2024-0584.pdf", "ementa": "Solicitando \u00e0 CPFL informar a possibilidade de substituir o poste de madeira localizado na Rua Valdomiro dos Santos, defronte ao numeral 07, no distrito de Jafa, tendo em vista que o mesmo est\u00e1 na imin\u00eancia de cair."}, {"id": "111861", "ano": "2024", "numero": "585", "tipo__sigla": "REQ", "tipo__descricao": "Requerimento", "autoria": "Rodrigo Gutierres", "texto_original": "http://sapl.garca.sp.leg.br/media/sapl/public/materialegislativa/2024/111861/reqts_2024-0585.pdf", "ementa": "Solicitando ao Prefeito informar a possibilidade de realizar vistoria nas \u00e1rvores localizadas nas imedia\u00e7\u00f5es da EMEIEF Prof\u00aa Norma M\u00f4nico Truzzi."}, {"id": "111862", "ano": "2024", "numero": "586", "tipo__sigla": "REQ", "tipo__descricao": "Requerimento", "autoria": "Elaine Oliveira", "texto_original": "http://sapl.garca.sp.leg.br/media/sapl/public/materialegislativa/2024/111862/reqts_2024-0586.pdf", "ementa": "Solicitando ao Prefeito informar a possibilidade de isentar da cobran\u00e7a da tarifa da \u00e1rea azul para ve\u00edculos estacionados nas vagas de deficientes/idosos"}, {"id": "111864", "ano": "2024", "numero": "587", "tipo__sigla": "REQ", "tipo__descricao": "Requerimento", "autoria": "Antonio Franco dos Santos - Bacana", "texto_original": "http://sapl.garca.sp.leg.br/media/sapl/public/materialegislativa/2024/111864/reqts_2024-0587.pdf", "ementa": "Solicitando ao Prefeito informar a possibilidade de realizar vistoria no residencial Monte Verde, no tocante ao cumprimento da obriga\u00e7\u00e3o de se ter \u00e1rvores plantadas defronte \u00e0s resid\u00eancias."}, {"id": "111865", "ano": "2024", "numero": "588", "tipo__sigla": "REQ", "tipo__descricao": "Requerimento", "autoria": "Antonio Franco dos Santos - Bacana", "texto_original": "http://sapl.garca.sp.leg.br/media/sapl/public/materialegislativa/2024/111865/reqts_2024-0588.pdf", "ementa": "Solicitando ao Prefeito informa\u00e7\u00f5es sobre ventiladores quebrados nas escolas municipais."}, {"id": "111866", "ano": "2024", "numero": "589", "tipo__sigla": "REQ", "tipo__descricao": "Requerimento", "autoria": "Antonio Franco dos Santos - Bacana", "texto_original": "http://sapl.garca.sp.leg.br/media/sapl/public/materialegislativa/2024/111866/reqts_2024-0589.pdf", "ementa": "Solicitando ao Prefeito informa\u00e7\u00f5es sobre as obras do Centro de Educa\u00e7\u00e3o e Inova\u00e7\u00e3o (CEI)"}, {"id": "111873", "ano": "2024", "numero": "590", "tipo__sigla": "REQ", "tipo__descricao": "Requerimento", "autoria": "Marquinho Moreira", "texto_original": "http://sapl.garca.sp.leg.br/media/sapl/public/materialegislativa/2024/111873/reqts_2024-0590.pdf", "ementa": "Solicitando ao Prefeito informar a possibilidade de realizar o recapeamento das ruas Vereador Joaquim Brand\u00e3o e Sebasti\u00e3o Zucoli no Jardim S\u00e3o Lucas."}, {"id": "111874", "ano": "2024", "numero": "591", "tipo__sigla": "REQ", "tipo__descricao": "Requerimento", "autoria": "Marquinho Moreira", "texto_original": "http://sapl.garca.sp.leg.br/media/sapl/public/materialegislativa/2024/111874/reqts_2024-0591.pdf", "ementa": "Solicitando ao Prefeito informar a possibilidade de realizar a instala\u00e7\u00e3o de sem\u00e1foro, um redutor de velocidade e melhorias na sinaliza\u00e7\u00e3o de tr\u00e2nsito pr\u00f3ximo ao Mercado Ducido."}, {"id": "111875", "ano": "2024", "numero": "592", "tipo__sigla": "REQ", "tipo__descricao": "Requerimento", "autoria": "Marquinho Moreira", "texto_original": "http://sapl.garca.sp.leg.br/media/sapl/public/materialegislativa/2024/111875/reqts_2024-0592.pdf", "ementa": "Solicitando ao Prefeito informar a possibilidade de realizar a instala\u00e7\u00e3o de redutores de velocidade na Avenida Victor Hugo Boareto."}, {"id": "111876", "ano": "2024", "numero": "593", "tipo__sigla": "REQ", "tipo__descricao": "Requerimento", "autoria": "Marquinho Moreira", "texto_original": "http://sapl.garca.sp.leg.br/media/sapl/public/materialegislativa/2024/111876/reqts_2024-0593.pdf", "ementa": "Solicitando ao Prefeito informar a possibilidade de realizar a instala\u00e7\u00e3o de um redutor de velocidade na Rua \u00c2ngelo Rosato, no Jd. Jo\u00e3o Serapi\u00e3o."}, {"id": "111877", "ano": "2024", "numero": "594", "tipo__sigla": "REQ", "tipo__descricao": "Requerimento", "autoria": "Elaine Oliveira", "texto_original": "http://sapl.garca.sp.leg.br/media/sapl/public/materialegislativa/2024/111877/reqts_2024-0594.pdf", "ementa": "Solicitando ao Prefeito informar a possibilidade de realizar a instala\u00e7\u00e3o de um parquinho infantil no Jardim Morumbi."}, {"id": "111878", "ano": "2024", "numero": "595", "tipo__sigla": "REQ", "tipo__descricao": "Requerimento", "autoria": "Lico", "texto_original": "http://sapl.garca.sp.leg.br/media/sapl/public/materialegislativa/2024/111878/reqts_2024-0595.pdf", "ementa": "Solicitando um Voto de Congratula\u00e7\u00f5es e Aplausos \u00e0 equipe de futebol Kosminho pelos 48 anos de atua\u00e7\u00e3o no esporte de nossa cidade."}, {"id": "111879", "ano": "2024", "numero": "596", "tipo__sigla": "REQ", "tipo__descricao": "Requerimento", "autoria": "Tenente Almeida", "texto_original": "http://sapl.garca.sp.leg.br/media/sapl/public/materialegislativa/2024/111879/reqts_2024-0596.pdf", "ementa": "Solicitando ao Prefeito informar a possibilidade de colocar em uma via, logradouro ou pr\u00f3prio p\u00fablico o nome do Sr. Benedito Telles do Nascimento."}, {"id": "111898", "ano": "2024", "numero": "597", "tipo__sigla": "REQ", "tipo__descricao": "Requerimento", "autoria": "Rodrigo Gutierres", "texto_original": "http://sapl.garca.sp.leg.br/media/sapl/public/materialegislativa/2024/111898/reqts_2024-0597a.pdf", "ementa": "Solicitando um voto de congratula\u00e7\u00f5es e aplausos ao aluno Caike dos Santos, da 1\u00aa s\u00e9rie A da E.E. \u201cProf. Alcyr da Rosa Lima\u201d, que foi selecionado para realizar interc\u00e2mbio pelo programa \u201cProntos Para o Mundo\u201d com destino ao Canad\u00e1."}, {"id": "111899", "ano": "2024", "numero": "598", "tipo__sigla": "REQ", "tipo__descricao": "Requerimento", "autoria": "Marquinho Moreira", "texto_original": "http://sapl.garca.sp.leg.br/media/sapl/public/materialegislativa/2024/111899/reqts_2024-0598.pdf", "ementa": "Solicitando ao Prefeito e ao Diretor Executivo do SAAE, para que informem a possibilidade de realizar a limpeza das manilhas e da \u00e1rea verde localizada no Jardim Nova Gar\u00e7a,"}, {"id": "111900", "ano": "2024", "numero": "599", "tipo__sigla": "REQ", "tipo__descricao": "Requerimento", "autoria": "Marquinho Moreira", "texto_original": "http://sapl.garca.sp.leg.br/media/sapl/public/materialegislativa/2024/111900/reqts_2024-0599.pdf", "ementa": "Solicitando ao Prefeito informar a possibilidade de realizar a revitaliza\u00e7\u00e3o da pintura externa da quadra poliesportiva coberta \u201cNelson Pereira da Silva\u201d, e demais melhorias necess\u00e1rias."}, {"id": "111901", "ano": "2024", "numero": "600", "tipo__sigla": "REQ", "tipo__descricao": "Requerimento", "autoria": "Marquinho Moreira", "texto_original": "http://sapl.garca.sp.leg.br/media/sapl/public/materialegislativa/2024/111901/reqts_2024-0600.pdf", "ementa": "Solicitando ao Prefeito informar a possibilidade de realizar a revitala\u00e7\u00e3o e melhorias necess\u00e1rias na sinaliza\u00e7\u00e3o de tr\u00e2nsito vertical e horizontal no cruzamento das ruas Garabed Chekerdemian com Eduardo Rodrigues de Barros no bairro Morada do Sol."}, {"id": "111902", "ano": "2024", "numero": "601", "tipo__sigla": "REQ", "tipo__descricao": "Requerimento", "autoria": "Marquinho Moreira", "texto_original": "http://sapl.garca.sp.leg.br/media/sapl/public/materialegislativa/2024/111902/reqts_2024-0601.pdf", "ementa": "Solicitando ao Prefeito informar a possibilidade de realizar a instala\u00e7\u00e3o de um parquinho infantil e uma academia ao ar livre no residencial Jardim Aeroporto."}, {"id": "111903", "ano": "2024", "numero": "602", "tipo__sigla": "REQ", "tipo__descricao": "Requerimento", "autoria": "Marquinho Moreira", "texto_original": "http://sapl.garca.sp.leg.br/media/sapl/public/materialegislativa/2024/111903/reqts_2024-0602.pdf", "ementa": "Solicitando ao Prefeito informar a possibilidade de realizar a extra\u00e7\u00e3o das ra\u00edzes de uma \u00e1rvore que fora cortada na Rua Peroba pr\u00f3ximo ao numeral 20."}, {"id": "111904", "ano": "2024", "numero": "603", "tipo__sigla": "REQ", "tipo__descricao": "Requerimento", "autoria": "Marquinho Moreira", "texto_original": "http://sapl.garca.sp.leg.br/media/sapl/public/materialegislativa/2024/111904/reqts_2024-0603.pdf", "ementa": "Solicitando ao Prefeito informar a possibilidade de realizar a revitaliza\u00e7\u00e3o da pintura de solo no bairro Jo\u00e3o Serapi\u00e3o."}, {"id": "111905", "ano": "2024", "numero": "604", "tipo__sigla": "REQ", "tipo__descricao": "Requerimento", "autoria": "Elaine Oliveira", "texto_original": "http://sapl.garca.sp.leg.br/media/sapl/public/materialegislativa/2024/111905/reqts_2024-0604.pdf", "ementa": "Solicitando \u00e0 dire\u00e7\u00e3o da APAE Gar\u00e7a para que informe a disponibilidade de fornecer a terapia ABA que \u00e9 um m\u00e9todo que ajuda a ensinar habilidades sociais, comunicativas, emocionais e de aten\u00e7\u00e3o a pessoas com transtorno do espectro autista(TEA)."}, {"id": "111906", "ano": "2024", "numero": "605", "tipo__sigla": "REQ", "tipo__descricao": "Requerimento", "autoria": "Elaine Oliveira", "texto_original": "http://sapl.garca.sp.leg.br/media/sapl/public/materialegislativa/2024/111906/reqts_2024-0605.pdf", "ementa": "Solicitando ao Prefeito informar a possibilidade de realizar o recapeamento do quarteir\u00e3o da Rua Am\u00e9rica onde se localiza o numeral 790"}, {"id": "111909", "ano": "2024", "numero": "606", "tipo__sigla": "REQ", "tipo__descricao": "Requerimento", "autoria": "Tenente Almeida", "texto_original": "http://sapl.garca.sp.leg.br/media/sapl/public/materialegislativa/2024/111909/reqts_2024-0606.pdf", "ementa": "Solicitando ao Prefeito informar a possibilidade de instalar ventiladores no Centro Comunit\u00e1rio do Jardim S\u00e3o Lucas."}, {"id": "111910", "ano": "2024", "numero": "607", "tipo__sigla": "REQ", "tipo__descricao": "Requerimento", "autoria": "Antonio Franco dos Santos - Bacana", "texto_original": "http://sapl.garca.sp.leg.br/media/sapl/public/materialegislativa/2024/111910/reqts_2024-0607.pdf", "ementa": "Solicitando ao Prefeito informar a possibilidade de instalar uma academia ao ar livre e um parquinho infantil na \u00e1rea institucional localizada entre as ruas Oscar Montemor e Padre Paulo de Toledo Leite."}, {"id": "111920", "ano": "2024", "numero": "608", "tipo__sigla": "REQ", "tipo__descricao": "Requerimento", "autoria": "Marquinho Moreira", "texto_original": "http://sapl.garca.sp.leg.br/media/sapl/public/materialegislativa/2024/111920/reqts_2024-0608.pdf", "ementa": "Solicitando ao Prefeito informar a possibilidade de instalar c\u00e2meras de monitoramento no bairro Jo\u00e3o Serapi\u00e3o."}, {"id": "111921", "ano": "2024", "numero": "609", "tipo__sigla": "REQ", "tipo__descricao": "Requerimento", "autoria": "Marquinho Moreira", "texto_original": "http://sapl.garca.sp.leg.br/media/sapl/public/materialegislativa/2024/111921/reqts_2024-0609.pdf", "ementa": "Solicitando ao Prefeito informar a possibilidade de realizar a extra\u00e7\u00e3o das ra\u00edzes de uma \u00e1rvore que fora cortada na Rua Peroba pr\u00f3ximo ao numeral 20."}, {"id": "111922", "ano": "2024", "numero": "610", "tipo__sigla": "REQ", "tipo__descricao": "Requerimento", "autoria": "Antonio Franco dos Santos - Bacana", "texto_original": "http://sapl.garca.sp.leg.br/media/sapl/public/materialegislativa/2024/111922/reqts_2024-0610.pdf", "ementa": "Solicitando ao Prefeito informar se no final da Avenida Paineiras ser\u00e3o instaladas redes de galerias pluviais e rede de esgoto."}, {"id": "111923", "ano": "2024", "numero": "611", "tipo__sigla": "REQ", "tipo__descricao": "Requerimento", "autoria": "Antonio Franco dos Santos - Bacana", "texto_original": "http://sapl.garca.sp.leg.br/media/sapl/public/materialegislativa/2024/111923/reqts_2024-0611.pdf", "ementa": "Solicitando ao Prefeito informar a possibilidade de realizar as tratativas junto aos respons\u00e1veis pelo pr\u00e9dio da Telesp  localizado na esquina das ruas Bar\u00e3o do Rio Branco e Deputado Manoel Joaquim Fernandes, para que passem uma m\u00e3o de tinta no pr\u00e9dio."}, {"id": "111924", "ano": "2024", "numero": "612", "tipo__sigla": "REQ", "tipo__descricao": "Requerimento", "autoria": "Antonio Franco dos Santos - Bacana", "texto_original": "http://sapl.garca.sp.leg.br/media/sapl/public/materialegislativa/2024/111924/reqts_2024-0612.pdf", "ementa": "Solicitando ao Prefeito informa\u00e7\u00f5es em rela\u00e7\u00e3o \u00e0 utiliza\u00e7\u00e3o do gin\u00e1sio de esportes do distrito de Jafa."}, {"id": "111925", "ano": "2024", "numero": "613", "tipo__sigla": "REQ", "tipo__descricao": "Requerimento", "autoria": "Lico", "texto_original": "http://sapl.garca.sp.leg.br/media/sapl/public/materialegislativa/2024/111925/reqts_2024-0613.pdf", "ementa": "Solicitando ao Prefeito informar a possibilidade de instalar l\u00e2mpada de LED no poste localizado na Rua Waldemar Pereira Mathias, defronte ao numeral 180, no Jd. Morada do Sol."}, {"id": "111933", "ano": "2024", "numero": "614", "tipo__sigla": "REQ", "tipo__descricao": "Requerimento", "autoria": "Elaine Oliveira", "texto_original": "http://sapl.garca.sp.leg.br/media/sapl/public/materialegislativa/2024/111933/reqts_2024-0614.pdf", "ementa": "Solicitando ao Prefeito informar a possibilidade de realizar o nivelamento do passeio p\u00fablico no lago artificial com o intuito de eliminar poss\u00edveis irregularidades que possam ocasionar quedas."}, {"id": "111934", "ano": "2024", "numero": "615", "tipo__sigla": "REQ", "tipo__descricao": "Requerimento", "autoria": "Elaine Oliveira", "texto_original": "http://sapl.garca.sp.leg.br/media/sapl/public/materialegislativa/2024/111934/reqts_2024-0615.pdf", "ementa": "Solicitando um Voto de Congratula\u00e7\u00f5es e Aplausos ao Jovem nadador garcense Ariel Peres Lucas por sua conquista no campeonato estadual de nata\u00e7\u00e3o, onde representou com maestria nosso munic\u00edpio elevando o nome de nossa cidade."}, {"id": "111935", "ano": "2024", "numero": "616", "tipo__sigla": "REQ", "tipo__descricao": "Requerimento", "autoria": "Elaine Oliveira", "texto_original": "http://sapl.garca.sp.leg.br/media/sapl/public/materialegislativa/2024/111935/reqts_2024-0616.pdf", "ementa": "Solicitando ao Prefeito informar a possibilidade de asfaltar o pequeno trecho que n\u00e3o possui essa melhoria na Rua Martins Afonso de Souza."}, {"id": "111936", "ano": "2024", "numero": "617", "tipo__sigla": "REQ", "tipo__descricao": "Requerimento", "autoria": "Elaine Oliveira", "texto_original": "http://sapl.garca.sp.leg.br/media/sapl/public/materialegislativa/2024/111936/reqts_2024-0617.pdf", "ementa": "Solicitando ao Prefeito informar a possibilidade de incluir na lista de vias que ser\u00e3o recapeadas a Rua Pedro Afonso de Oliveira."}, {"id": "111937", "ano": "2024", "numero": "618", "tipo__sigla": "REQ", "tipo__descricao": "Requerimento", "autoria": "Elaine Oliveira", "texto_original": "http://sapl.garca.sp.leg.br/media/sapl/public/materialegislativa/2024/111937/reqts_2024-0618.pdf", "ementa": "Solicitando ao Prefeito informar a possibilidade de realizar a instala\u00e7\u00e3o de rampa de acessibilidade nas vias do Jardim Paineiras."}, {"id": "111938", "ano": "2024", "numero": "619", "tipo__sigla": "REQ", "tipo__descricao": "Requerimento", "autoria": "Adhemar Kemp Marcondes de Moura Filho", "texto_original": "http://sapl.garca.sp.leg.br/media/sapl/public/materialegislativa/2024/111938/reqts_2024-0619.pdf", "ementa": "Solicitando ao Prefeito informar a possibilidade de realizar a instala\u00e7\u00e3o de um redutor de velocidades na Rua Ary de Achilles, defronte ao numeral 222."}, {"id": "111939", "ano": "2024", "numero": "620", "tipo__sigla": "REQ", "tipo__descricao": "Requerimento", "autoria": "Adhemar Kemp Marcondes de Moura Filho", "texto_original": "http://sapl.garca.sp.leg.br/media/sapl/public/materialegislativa/2024/111939/reqts_2024-0620.pdf", "ementa": "Solicitando um Voto de Congratula\u00e7\u00f5es e Aplausos ao presidente do Sindicato Rural de Gar\u00e7a, Sr. Jos\u00e9 Estev\u00e3o Giacomini, pelo recebimento do Colar de Honra ao M\u00e9rito Legislativo, a mais alta condecora\u00e7\u00e3o concedida pela Assembleia Legislativa do Estado de S\u00e3o Paulo (Alesp)."}, {"id": "111940", "ano": "2024", "numero": "621", "tipo__sigla": "REQ", "tipo__descricao": "Requerimento", "autoria": "Adhemar Kemp Marcondes de Moura Filho", "texto_original": "http://sapl.garca.sp.leg.br/media/sapl/public/materialegislativa/2024/111940/reqts_2024-0621.pdf", "ementa": "Solicitando ao Prefeito informar a possibilidade de realizar a instala\u00e7\u00e3o de redutores de velocidade na avenida Vereador Pl\u00ednio Gustavo Aredes Dias e na Rua Yolanda Cipriane Bueno, ambos nas proximidades do campinho de futebol no Residencial Monte Verde."}, {"id": "111941", "ano": "2024", "numero": "622", "tipo__sigla": "REQ", "tipo__descricao": "Requerimento", "autoria": "Adhemar Kemp Marcondes de Moura Filho", "texto_original": "http://sapl.garca.sp.leg.br/media/sapl/public/materialegislativa/2024/111941/reqts_2024-0622.pdf", "ementa": "Solicitando ao Prefeito informar a possibilidade de realizar a poda da \u00e1rvore de grande porte localizada na Rua Heitor Penteado defronte ao numeral 555."}, {"id": "111942", "ano": "2024", "numero": "623", "tipo__sigla": "REQ", "tipo__descricao": "Requerimento", "autoria": "Adhemar Kemp Marcondes de Moura Filho", "texto_original": "http://sapl.garca.sp.leg.br/media/sapl/public/materialegislativa/2024/111942/reqts_2024-0623.pdf", "ementa": "Solicitando \u00e0 Companhia Paulista de For\u00e7a e Luz \u2013 CPFL, informar a possibilidade de trocar de lugar o poste localizado na Rua L\u00e1zaro C\u00e9zar, defronte ao numeral 115."}, {"id": "111943", "ano": "2024", "numero": "624", "tipo__sigla": "REQ", "tipo__descricao": "Requerimento", "autoria": "Adhemar Kemp Marcondes de Moura Filho", "texto_original": "http://sapl.garca.sp.leg.br/media/sapl/public/materialegislativa/2024/111943/reqts_2024-0624.pdf", "ementa": "Solicitando ao Prefeito informar a possibilidade de realizar a erradica\u00e7\u00e3o da \u00e1rvore localizada na Rua Rafael Tadashi Kussumoto, defronte ao numeral 190, no Frei Aur\u00e9lio."}, {"id": "111944", "ano": "2024", "numero": "625", "tipo__sigla": "REQ", "tipo__descricao": "Requerimento", "autoria": "Antonio Franco dos Santos - Bacana", "texto_original": "http://sapl.garca.sp.leg.br/media/sapl/public/materialegislativa/2024/111944/reqts_2024-0625.pdf", "ementa": "Solicitando ao Prefeito informar se a prefeitura est\u00e1 fornecendo o medicamento leflunomida 20mg at\u00e9 a normaliza\u00e7\u00e3o da entrega pelo Estado."}, {"id": "111945", "ano": "2024", "numero": "626", "tipo__sigla": "REQ", "tipo__descricao": "Requerimento", "autoria": "Antonio Franco dos Santos - Bacana", "texto_original": "http://sapl.garca.sp.leg.br/media/sapl/public/materialegislativa/2024/111945/reqts_2024-0626.pdf", "ementa": "Solicitando ao Prefeito informar a possibilidade de realizar as a\u00e7\u00f5es necess\u00e1rias visando consertar, com urg\u00eancia, a ilumina\u00e7\u00e3o no trecho que d\u00e1 acesso \u00e0 Rodovia Comandante Jo\u00e3o Ribeiro de Barros pr\u00f3ximo \u00e0 entrada da FAEF."}, {"id": "111946", "ano": "2024", "numero": "627", "tipo__sigla": "REQ", "tipo__descricao": "Requerimento", "autoria": "Lico", "texto_original": "http://sapl.garca.sp.leg.br/media/sapl/public/materialegislativa/2024/111946/resr_2024-0627.pdf", "ementa": "Solicitando ao Prefeito informar a possibilidade de instalar um poste de ilumina\u00e7\u00e3o nas proximidades do cruzamento das ruas Salvador Armentano com Get\u00falio Vargas."}, {"id": "111947", "ano": "2024", "numero": "628", "tipo__sigla": "REQ", "tipo__descricao": "Requerimento", "autoria": "F\u00e1bio Santos", "texto_original": "http://sapl.garca.sp.leg.br/media/sapl/public/materialegislativa/2024/111947/reqts_2024-0628.pdf", "ementa": "Solicitando ao Prefeito informar a possibilidade de colocar em uma via, logradouro ou pr\u00f3prio p\u00fablico o nome do Sr. Antonio de Jesus."}, {"id": "111948", "ano": "2024", "numero": "629", "tipo__sigla": "REQ", "tipo__descricao": "Requerimento", "autoria": "Marcelo Miranda", "texto_original": "http://sapl.garca.sp.leg.br/media/sapl/public/materialegislativa/2024/111948/reqts_2024-0629.pdf", "ementa": "Solicitando ao Prefeito informar a possibilidade de instalar um redutor de velocidades na Rua Nelo de St\u00e9fani, defronte ao numeral 400."}, {"id": "111949", "ano": "2024", "numero": "630", "tipo__sigla": "REQ", "tipo__descricao": "Requerimento", "autoria": "Marcelo Miranda", "texto_original": "http://sapl.garca.sp.leg.br/media/sapl/public/materialegislativa/2024/111949/reqts_2024-0630.pdf", "ementa": "Solicitando \u00e0 CPFL realizar a manuten\u00e7\u00e3o da ilumina\u00e7\u00e3o p\u00fablica nos postes localizados pr\u00f3ximos ao numeral 730 da Avenida Rafael Paes de Barros."}, {"id": "111950", "ano": "2024", "numero": "631", "tipo__sigla": "REQ", "tipo__descricao": "Requerimento", "autoria": "Marcelo Miranda", "texto_original": "http://sapl.garca.sp.leg.br/media/sapl/public/materialegislativa/2024/111950/reqts_2024-0631.pdf", "ementa": "Solicitando ao Prefeito, \u00e0 AHBB e SBCD, para que informem a possibilidade de realizar um planejamento em conjunto para enfrentar os problemas respirat\u00f3rios causados pelas queimadas, que, segundo not\u00edcias, tende a piorar nos pr\u00f3ximos dias devido \u00e0 escassez de chuva e inc\u00eandios."}, {"id": "111951", "ano": "2024", "numero": "632", "tipo__sigla": "REQ", "tipo__descricao": "Requerimento", "autoria": "Marcelo Miranda", "texto_original": "http://sapl.garca.sp.leg.br/media/sapl/public/materialegislativa/2024/111951/reqts_2024-0632.pdf", "ementa": "Solicitando um Voto de Pesar pelo falecimento do Sr. Moacir Santana, uma figura exemplar que dedicou sua vida \u00e0 fam\u00edlia, aos amigos e \u00e0 comunidade."}, {"id": "111952", "ano": "2024", "numero": "633", "tipo__sigla": "REQ", "tipo__descricao": "Requerimento", "autoria": "Marquinho Moreira", "texto_original": "http://sapl.garca.sp.leg.br/media/sapl/public/materialegislativa/2024/111952/reqts_2024-0633.pdf", "ementa": "Solicitando ao Prefeito informar a possibilidade de recapear a Rua Afonso Peres no Jd. Brasil."}, {"id": "111953", "ano": "2024", "numero": "634", "tipo__sigla": "REQ", "tipo__descricao": "Requerimento", "autoria": "Marquinho Moreira", "texto_original": "http://sapl.garca.sp.leg.br/media/sapl/public/materialegislativa/2024/111953/reqts_2024-0634.pdf", "ementa": "Solicitando ao Prefeito informar a possibilidade de substituir a grade de ferro do bueiro localizado na Avenida Labieno da Costa Machado, defronte ao numeral 2040."}, {"id": "111954", "ano": "2024", "numero": "635", "tipo__sigla": "REQ", "tipo__descricao": "Requerimento", "autoria": "Marquinho Moreira", "texto_original": "http://sapl.garca.sp.leg.br/media/sapl/public/materialegislativa/2024/111954/reqts_2024-0635.pdf", "ementa": "Solicitando ao Prefeito informar a possibilidade de realizar a instala\u00e7\u00e3o de um parquinho infantil, uma academia ao ar livre e bebedouros na \u00e1rea institucional do Jardim Europa."}, {"id": "111955", "ano": "2024", "numero": "636", "tipo__sigla": "REQ", "tipo__descricao": "Requerimento", "autoria": "Marquinho Moreira", "texto_original": "http://sapl.garca.sp.leg.br/media/sapl/public/materialegislativa/2024/111955/reqts_2024-0636.pdf", "ementa": "Solicitando ao Prefeito informar se haver\u00e1 contrata\u00e7\u00e3o e/ou processo seletivo de Agentes de Combate \u00e0 Endemias e Fiscais da Vigil\u00e2ncia Sanit\u00e1ria."}, {"id": "111956", "ano": "2024", "numero": "637", "tipo__sigla": "REQ", "tipo__descricao": "Requerimento", "autoria": "Marquinho Moreira", "texto_original": "http://sapl.garca.sp.leg.br/media/sapl/public/materialegislativa/2024/111956/reqts_2024-0637.pdf", "ementa": "Solicitando ao Prefeito informar a possibilidade de instalar ilumina\u00e7\u00e3o na \u00e1rea do parquinho e do campinho do Jd. Sol Nascente e tamb\u00e9m da instala\u00e7\u00e3o de academia ao ar livre e brinquedos para o parquinho infantil."}, {"id": "111957", "ano": "2024", "numero": "638", "tipo__sigla": "REQ", "tipo__descricao": "Requerimento", "autoria": "Marquinho Moreira", "texto_original": "http://sapl.garca.sp.leg.br/media/sapl/public/materialegislativa/2024/111957/reqts_2024-0638.pdf", "ementa": "Solicitando ao Prefeito informar quando ser\u00e3o recapeadas as ruas remanescentes do Jd. Sol Nascente e Takeo Toyota que n\u00e3o foram contempladas."}, {"id": "111967", "ano": "2024", "numero": "639", "tipo__sigla": "REQ", "tipo__descricao": "Requerimento", "autoria": "Antonio Franco dos Santos - Bacana", "texto_original": "http://sapl.garca.sp.leg.br/media/sapl/public/materialegislativa/2024/111967/reqts_2024-0639.pdf", "ementa": "Solicitando ao Deputado Estadual, Carl\u00e3o Pignatari, seus valorosos pr\u00e9stimos no sentido de encaminhar ao nosso munic\u00edpio um aparelho de resson\u00e2ncia magn\u00e9tica para atender nossa popula\u00e7\u00e3o e demais cidades da regi\u00e3o."}, {"id": "111968", "ano": "2024", "numero": "640", "tipo__sigla": "REQ", "tipo__descricao": "Requerimento", "autoria": "Antonio Franco dos Santos - Bacana", "texto_original": "http://sapl.garca.sp.leg.br/media/sapl/public/materialegislativa/2024/111968/reqts_2024-0640.pdf", "ementa": "Solicitando \u00e0 Deputada Estadual, Maria L\u00facia Amary seus valorosos pr\u00e9stimos no sentido de encaminhar ao nosso munic\u00edpio um aparelho de resson\u00e2ncia magn\u00e9tica para atender nossa popula\u00e7\u00e3o e demais cidades da regi\u00e3o."}, {"id": "111969", "ano": "2024", "numero": "641", "tipo__sigla": "REQ", "tipo__descricao": "Requerimento", "autoria": "Antonio Franco dos Santos - Bacana", "texto_original": "http://sapl.garca.sp.leg.br/media/sapl/public/materialegislativa/2024/111969/reqts_2024-0641.pdf", "ementa": "Solicitando ao Deputado Estadual, Mauro Bragato, seus valorosos pr\u00e9stimos no sentido de encaminhar ao nosso munic\u00edpio um aparelho de resson\u00e2ncia magn\u00e9tica para atender nossa popula\u00e7\u00e3o e demais cidades da regi\u00e3o."}, {"id": "111972", "ano": "2024", "numero": "642", "tipo__sigla": "REQ", "tipo__descricao": "Requerimento", "autoria": "Rodrigo Gutierres", "texto_original": "http://sapl.garca.sp.leg.br/media/sapl/public/materialegislativa/2024/111972/reqts_2024-0642.pdf", "ementa": "Solicitando ao Prefeito informar a possibilidade de realizar a poda das \u00e1rvores localizadas na Rua Jos\u00e9 Santos \u00cdndia no distrito de Jafa."}, {"id": "111973", "ano": "2024", "numero": "643", "tipo__sigla": "REQ", "tipo__descricao": "Requerimento", "autoria": "Lico", "texto_original": "http://sapl.garca.sp.leg.br/media/sapl/public/materialegislativa/2024/111973/reqts_2024-0643.pdf", "ementa": "Solicitando ao Departamento de Estradas e Rodagem \u2013 DER, para que informe a possibilidade de instalar redutores de velocidade ou radares nos dois sentidos de dire\u00e7\u00e3o na rodovia da comunidade que liga Gar\u00e7a a \u00c1lvaro de Carvalho, nas proximidades do residencial Jd. Aeroporto."}, {"id": "111979", "ano": "2024", "numero": "644", "tipo__sigla": "REQ", "tipo__descricao": "Requerimento", "autoria": "Lucas Cateto", "texto_original": "http://sapl.garca.sp.leg.br/media/sapl/public/materialegislativa/2024/111979/reqts_2024-0644.pdf", "ementa": "Solicitando ao Prefeito informar a possibilidade de realizar melhorias na Rua Prudente de Moraes."}, {"id": "111980", "ano": "2024", "numero": "645", "tipo__sigla": "REQ", "tipo__descricao": "Requerimento", "autoria": "Adhemar Kemp Marcondes de Moura Filho", "texto_original": "http://sapl.garca.sp.leg.br/media/sapl/public/materialegislativa/2024/111980/reqts_2024-0645.pdf", "ementa": "Solicitando ao Prefeito informar a possibilidade de realizar a instala\u00e7\u00e3o de dois redutores de velocidade na Rua Jo\u00e3o Gomes Ballera, sendo um pr\u00f3ximo ao numeral 180."}, {"id": "111981", "ano": "2024", "numero": "646", "tipo__sigla": "REQ", "tipo__descricao": "Requerimento", "autoria": "Adhemar Kemp Marcondes de Moura Filho", "texto_original": "http://sapl.garca.sp.leg.br/media/sapl/public/materialegislativa/2024/111981/reqts_2024-0646.pdf", "ementa": "Solicitando ao Prefeito informar se a sede do Conselho Tutelar de Gar\u00e7a cumpre com todos os requisitos de acessibilidade."}, {"id": "111982", "ano": "2024", "numero": "647", "tipo__sigla": "REQ", "tipo__descricao": "Requerimento", "autoria": "F\u00e1bio Santos", "texto_original": "http://sapl.garca.sp.leg.br/media/sapl/public/materialegislativa/2024/111982/reqts_2024-0647.pdf", "ementa": "Solicita\u00e7\u00e3o \u00e0 Rumo Log\u00edstica para informar a possibilidade de estudos voltados \u00e0 instala\u00e7\u00e3o de um terminal de cont\u00eaineres ou \u00e1rea para manuten\u00e7\u00e3o de m\u00e1quinas e vag\u00f5es no munic\u00edpio de Gar\u00e7a."}, {"id": "111987", "ano": "2024", "numero": "648", "tipo__sigla": "REQ", "tipo__descricao": "Requerimento", "autoria": "Lico", "texto_original": "http://sapl.garca.sp.leg.br/media/sapl/public/materialegislativa/2024/111987/reqts_2024-0648.pdf", "ementa": "Solicitando ao Prefeito informar a possibilidade de colocar em uma via, logradouro ou pr\u00f3prio p\u00fablico o nome da Sra. Inez Aparecida Rivaben Justino."}, {"id": "111988", "ano": "2024", "numero": "649", "tipo__sigla": "REQ", "tipo__descricao": "Requerimento", "autoria": "Adhemar Kemp Marcondes de Moura Filho", "texto_original": "http://sapl.garca.sp.leg.br/media/sapl/public/materialegislativa/2024/111988/reqts_2024-0649.pdf", "ementa": "Solicitando ao Prefeito informar a possibilidade de realizar os reparos necess\u00e1rios na ilumina\u00e7\u00e3o p\u00fablica dos arredores do terminal rodovi\u00e1rio de Jafa e de instalar ilumina\u00e7\u00e3o no campo de futebol."}, {"id": "111989", "ano": "2024", "numero": "650", "tipo__sigla": "REQ", "tipo__descricao": "Requerimento", "autoria": "Adhemar Kemp Marcondes de Moura Filho", "texto_original": "http://sapl.garca.sp.leg.br/media/sapl/public/materialegislativa/2024/111989/reqts_2024-0650.pdf", "ementa": "Solicitando ao Prefeito informar a possibilidade de mudar o sentido de dire\u00e7\u00e3o da Rua Jos\u00e9 Ramalho no Parque Real, para que os ve\u00edculos possam subir a via."}, {"id": "111990", "ano": "2024", "numero": "651", "tipo__sigla": "REQ", "tipo__descricao": "Requerimento", "autoria": "Adhemar Kemp Marcondes de Moura Filho", "texto_original": "http://sapl.garca.sp.leg.br/media/sapl/public/materialegislativa/2024/111990/reqts_2024-0651.pdf", "ementa": "Solicitando ao Prefeito informar a possibilidade de mudar para m\u00e3o \u00fanica, sentido bairro-centro, o sentido de dire\u00e7\u00e3o da R. Dr. Jurandir Ubirajara Guimar\u00e3es."}, {"id": "111991", "ano": "2024", "numero": "652", "tipo__sigla": "REQ", "tipo__descricao": "Requerimento", "autoria": "Adhemar Kemp Marcondes de Moura Filho", "texto_original": "http://sapl.garca.sp.leg.br/media/sapl/public/materialegislativa/2024/111991/reqts_2024-0652.pdf", "ementa": "Solicitando um Voto de Congratula\u00e7\u00f5es e Aplausos \u00e0 p\u00e1gina do Facebook Gar\u00e7a Cidade Maravilhosa por ter sido eleita como melhor portal de not\u00edcias da cidade em 2024 pelo quarto ano consecutivo, recebendo o pr\u00eamio \"O Melhor Daqui 2024\"."}, {"id": "111995", "ano": "2024", "numero": "653", "tipo__sigla": "REQ", "tipo__descricao": "Requerimento", "autoria": "Elaine Oliveira", "texto_original": "http://sapl.garca.sp.leg.br/media/sapl/public/materialegislativa/2024/111995/reqts_2024-0653.pdf", "ementa": "Solicitando ao Prefeito informar a possibilidade de realizar a instala\u00e7\u00e3o de um redutor de velocidades na Rua Guarant\u00e3 entre os numerais 600 a 700."}, {"id": "111996", "ano": "2024", "numero": "654", "tipo__sigla": "REQ", "tipo__descricao": "Requerimento", "autoria": "Elaine Oliveira", "texto_original": "http://sapl.garca.sp.leg.br/media/sapl/public/materialegislativa/2024/111996/reqts_2024-0654.pdf", "ementa": "Solicitando ao Prefeito informar a possibilidade de instalar ventiladores no Centro de Aten\u00e7\u00e3o Psicossocial."}, {"id": "111997", "ano": "2024", "numero": "655", "tipo__sigla": "REQ", "tipo__descricao": "Requerimento", "autoria": "Fabinho Polisinani", "texto_original": "http://sapl.garca.sp.leg.br/media/sapl/public/materialegislativa/2024/111997/reqts_2024-0655.pdf", "ementa": "Solicitando um Voto de Pesar em raz\u00e3o do falecimento da Sra. Mirela Dutra, que por muitos anos trabalhou como servidora p\u00fablica na escola EMEI Prof\u00aa Maria Helena Santos Miranda, e deixou saudades nos amigos e familiares."}, {"id": "111998", "ano": "2024", "numero": "656", "tipo__sigla": "REQ", "tipo__descricao": "Requerimento", "autoria": "Marquinho Moreira", "texto_original": "http://sapl.garca.sp.leg.br/media/sapl/public/materialegislativa/2024/111998/reqts_2024-0656.pdf", "ementa": "Solicitando ao Prefeito informar a possibilidade de instalar uma faixa de pedestres elevada e uma placa de estacionamento regulamentado de 15 minutos na Avenida Labieno da Costa Machado, defronte ao numeral 2071."}, {"id": "111999", "ano": "2024", "numero": "657", "tipo__sigla": "REQ", "tipo__descricao": "Requerimento", "autoria": "Marquinho Moreira", "texto_original": "http://sapl.garca.sp.leg.br/media/sapl/public/materialegislativa/2024/111999/reqts_2024-0657.pdf", "ementa": "Solicitando ao Prefeito informar a possibilidade de disponibilizar 6 caminh\u00f5es de terra para serem usadas no terreno que serve de passagem entre as Ruas Prefeito Salviano e Jos\u00e9 Augusto Escobar."}, {"id": "112009", "ano": "2024", "numero": "658", "tipo__sigla": "REQ", "tipo__descricao": "Requerimento", "autoria": "Tenente Almeida", "texto_original": "http://sapl.garca.sp.leg.br/media/sapl/public/materialegislativa/2024/112009/reqts_2024-0658.pdf", "ementa": "Solicitando um Voto de Congratula\u00e7\u00f5es \u00e0 equipe de Kickboxing da Secretaria de Juventude, Esportes e Lazer (SEJEL) que demonstrou um desempenho excepcional na recente competi\u00e7\u00e3o realizada na cidade de Bauru, conquistando um impressionante n\u00famero de medalhas. Aos atletas: Wellington Thiago, Carla, Gustavo, \u00c9merson e Fabiano que conquistaram medalhas de ouro e aos atletas: Vitor Melo, Jo\u00e3o Guilherme, Vinicius Tavares e Ana por terem conquistado medalha de prata, consolidando o status da equipe como uma for\u00e7a dominante no esporte."}, {"id": "112012", "ano": "2024", "numero": "659", "tipo__sigla": "REQ", "tipo__descricao": "Requerimento", "autoria": "Marquinho Moreira", "texto_original": "http://sapl.garca.sp.leg.br/media/sapl/public/materialegislativa/2024/112012/reqts_2024-0659.pdf", "ementa": "Solicitando ao Prefeito informar a possibilidade de instalar um redutor de velocidades na Rua Peroba, altura do numeral 690, visando mitigar o tr\u00e1fego de ve\u00edculos em alta velocidade."}, {"id": "112013", "ano": "2024", "numero": "660", "tipo__sigla": "REQ", "tipo__descricao": "Requerimento", "autoria": "Marquinho Moreira", "texto_original": "http://sapl.garca.sp.leg.br/media/sapl/public/materialegislativa/2024/112013/reqts_2024-0660.pdf", "ementa": "Solicitando ao Prefeito informar a possibilidade de instalar dois redutores de velocidade no bairro Jo\u00e3o Serapi\u00e3o, um na altura do numeral 438, e tamb\u00e9m realizar a revitaliza\u00e7\u00e3o da sinaliza\u00e7\u00e3o vertical e horizontal e a instala\u00e7\u00e3o de c\u00e2meras de monitoramento, visando aumentar a seguran\u00e7a do bairro."}, {"id": "112014", "ano": "2024", "numero": "661", "tipo__sigla": "REQ", "tipo__descricao": "Requerimento", "autoria": "Marquinho Moreira", "texto_original": "http://sapl.garca.sp.leg.br/media/sapl/public/materialegislativa/2024/112014/reqts_2024-0661.pdf", "ementa": "Solicitando ao Prefeito informar a possibilidade de instalar um redutor de velocidade no bairro Takeo Toyota, entre os numerais 468 e 538 da Rua Leonildo Anseloni."}, {"id": "112015", "ano": "2024", "numero": "662", "tipo__sigla": "REQ", "tipo__descricao": "Requerimento", "autoria": "Marquinho Moreira", "texto_original": "http://sapl.garca.sp.leg.br/media/sapl/public/materialegislativa/2024/112015/reqts_2024-0662.pdf", "ementa": "Solicitando ao Prefeito informar a possibilidade de instalar postes de ilumina\u00e7\u00e3o na academia ao ar livre localizada defronte \u00e0 unidade de sa\u00fade do distrito de Jafa."}, {"id": "112016", "ano": "2024", "numero": "663", "tipo__sigla": "REQ", "tipo__descricao": "Requerimento", "autoria": "Adhemar Kemp Marcondes de Moura Filho", "texto_original": "http://sapl.garca.sp.leg.br/media/sapl/public/materialegislativa/2024/112016/reqts_2024-0663.pdf", "ementa": "Solicitando um Voto de Congratula\u00e7\u00f5es e Aplausos ao Deputado Estadual Altair Moraes e ao Prefeito da cidade de S\u00e3o Paulo, Ricardo Nunes pelo trabalho que vem desempenhando junto \u00e0 GCM \u2013 Guarda Civil Municipal, fortalecendo essa institui\u00e7\u00e3o de seguran\u00e7a p\u00fablica municipal que atua em parceria com a prefeitura para garantir a seguran\u00e7a da popula\u00e7\u00e3o."}, {"id": "112017", "ano": "2024", "numero": "664", "tipo__sigla": "REQ", "tipo__descricao": "Requerimento", "autoria": "Adhemar Kemp Marcondes de Moura Filho", "texto_original": "http://sapl.garca.sp.leg.br/media/sapl/public/materialegislativa/2024/112017/reqts_2024-0664.pdf", "ementa": "Solicitando ao Prefeito informar qual o tipo de grama est\u00e1 sendo plantada no CEI \u2013 Centro de Educa\u00e7\u00e3o e Inova\u00e7\u00e3o e qual a forma de plantio (tapete, rolo, semente ou muda)."}, {"id": "112029", "ano": "2024", "numero": "665", "tipo__sigla": "REQ", "tipo__descricao": "Requerimento", "autoria": "Lico", "texto_original": "http://sapl.garca.sp.leg.br/media/sapl/public/materialegislativa/2024/112029/reqts_2024-0665.pdf", "ementa": "Solicitando um Voto de Congratula\u00e7\u00f5es e Aplausos \u00e0 escolinha de futebol CHG Sports Gar\u00e7a pelo transcurso de seu 11\u00ba ano de funda\u00e7\u00e3o. Que a cada drible, a cada gol e a cada sorriso, a hist\u00f3ria da CHG Sports Gar\u00e7a seja escrita com mais brilho! 11 anos formando campe\u00f5es dentro e fora de campo, cultivando o amor pelo esporte e inspirando novas gera\u00e7\u00f5es. Parab\u00e9ns a todos que fazem parte dessa jornada: atletas, treinadores, pais e colaboradores! Que venham muitos mais anos de sucesso e alegrias!"}, {"id": "112038", "ano": "2024", "numero": "666", "tipo__sigla": "REQ", "tipo__descricao": "Requerimento", "autoria": "Marquinho Moreira", "texto_original": "http://sapl.garca.sp.leg.br/media/sapl/public/materialegislativa/2024/112038/reqts_2024-0666.pdf", "ementa": "Solicitando ao Prefeito informar a possibilidade de instalar um redutor de velocidade na Rua Prefeito Salviano, pr\u00f3ximo \u00e0 unidade de sa\u00fade Mariana I, e de realizar a revitaliza\u00e7\u00e3o da pintura da sinaliza\u00e7\u00e3o de solo."}, {"id": "112039", "ano": "2024", "numero": "667", "tipo__sigla": "REQ", "tipo__descricao": "Requerimento", "autoria": "Marquinho Moreira", "texto_original": "http://sapl.garca.sp.leg.br/media/sapl/public/materialegislativa/2024/112039/reqts_2024-0667.pdf", "ementa": "Solicitando ao Prefeito informar a possibilidade de realizar melhorias na sinaliza\u00e7\u00e3o de tr\u00e2nsito vertical e horizontal no bairro Takeo Toyota."}, {"id": "112040", "ano": "2024", "numero": "668", "tipo__sigla": "REQ", "tipo__descricao": "Requerimento", "autoria": "Marquinho Moreira", "texto_original": "http://sapl.garca.sp.leg.br/media/sapl/public/materialegislativa/2024/112040/reqts_2024-0668.pdf", "ementa": "Solicitando ao Prefeito informar a possibilidade de instalar redutores de velocidade na  Rua Pedro Antonio dos Reis, no bairro Takeo Toyota."}, {"id": "112041", "ano": "2024", "numero": "669", "tipo__sigla": "REQ", "tipo__descricao": "Requerimento", "autoria": "Pedro Santos", "texto_original": "http://sapl.garca.sp.leg.br/media/sapl/public/materialegislativa/2024/112041/reqts_2024-0669.pdf", "ementa": "Solicitando ao Prefeito informa\u00e7\u00f5es sobre os medicamentos usados no tratamento infantil, e de responsabilidade do munic\u00edpio, est\u00e3o em falta na farm\u00e1cia central."}, {"id": "112042", "ano": "2024", "numero": "670", "tipo__sigla": "REQ", "tipo__descricao": "Requerimento", "autoria": "Pedro Santos", "texto_original": "http://sapl.garca.sp.leg.br/media/sapl/public/materialegislativa/2024/112042/reqts_2024-0670.pdf", "ementa": "Solicitando ao Prefeito informar se durante a campanha do \u201cOutubro Rosa\u201d o mam\u00f3grafo estava funcionando."}, {"id": "112043", "ano": "2024", "numero": "671", "tipo__sigla": "REQ", "tipo__descricao": "Requerimento", "autoria": "Pedro Santos", "texto_original": "http://sapl.garca.sp.leg.br/media/sapl/public/materialegislativa/2024/112043/reqts_2024-0671.pdf", "ementa": "Solicitando ao Prefeito informar com base em qual dota\u00e7\u00e3o, a\u00e7\u00e3o e programa foi realizada a despesa do pagamento de vale alimenta\u00e7\u00e3o aos servidores da educa\u00e7\u00e3o."}, {"id": "112044", "ano": "2024", "numero": "672", "tipo__sigla": "REQ", "tipo__descricao": "Requerimento", "autoria": "Pedro Santos", "texto_original": "http://sapl.garca.sp.leg.br/media/sapl/public/materialegislativa/2024/112044/reqts_2024-0672.pdf", "ementa": "Solicitando ao Prefeito informar quem \u00e9 o respons\u00e1vel pela substitui\u00e7\u00e3o das l\u00e2mpadas de LED rec\u00e9m-instaladas na ilumina\u00e7\u00e3o p\u00fablica do munic\u00edpio quando apresentarem problemas."}, {"id": "112049", "ano": "2024", "numero": "673", "tipo__sigla": "REQ", "tipo__descricao": "Requerimento", "autoria": "Elaine Oliveira", "texto_original": "http://sapl.garca.sp.leg.br/media/sapl/public/materialegislativa/2024/112049/reqts_2024-0673.pdf", "ementa": "Solicitando ao Prefeito informar a possibilidade de realizar a constru\u00e7\u00e3o de banheiros na cancha de bocha localizada no distrito de Jafa."}, {"id": "112050", "ano": "2024", "numero": "674", "tipo__sigla": "REQ", "tipo__descricao": "Requerimento", "autoria": "Elaine Oliveira", "texto_original": "http://sapl.garca.sp.leg.br/media/sapl/public/materialegislativa/2024/112050/reqts_2024-0674.pdf", "ementa": "Solicitando ao Prefeito informar a possibilidade de realizar o recapeamento da Rua Pedro Afonso de Oliveira."}, {"id": "112051", "ano": "2024", "numero": "675", "tipo__sigla": "REQ", "tipo__descricao": "Requerimento", "autoria": "Lico", "texto_original": "http://sapl.garca.sp.leg.br/media/sapl/public/materialegislativa/2024/112051/reqts_2024-0675.pdf", "ementa": "Solicitando um Voto de Congratula\u00e7\u00f5es e Aplausos \u00e0 equipe do 100 Conflitos pela conquista da Copa de Futsal garcense, onde, ap\u00f3s uma longa jornada de dedica\u00e7\u00e3o e suor, o 100 Conflitos finalmente realizou o sonho de se tornar campe\u00e3 da Copa de Futsal de Gar\u00e7a. Essa vit\u00f3ria \u00e9 um justo reconhecimento ao trabalho s\u00e9rio e organizado de toda a equipe."}, {"id": "112080", "ano": "2024", "numero": "676", "tipo__sigla": "REQ", "tipo__descricao": "Requerimento", "autoria": "Antonio Franco dos Santos - Bacana", "texto_original": "http://sapl.garca.sp.leg.br/media/sapl/public/materialegislativa/2024/112080/reqts_2024-0676.pdf", "ementa": "Solicitando um Voto de Congratula\u00e7\u00f5es e Aplausos \u00e0 secret\u00e1ria de educa\u00e7\u00e3o, Sra. Janete Conessa, pelo brilhante e competente trabalho que vem desenvolvendo frente a esta importante pasta da administra p\u00fablica, onde se destaca pelas comemora\u00e7\u00f5es em datas festivas, levando alegria e educa\u00e7\u00e3o a nossas crian\u00e7as."}, {"id": "112081", "ano": "2024", "numero": "677", "tipo__sigla": "REQ", "tipo__descricao": "Requerimento", "autoria": "Marcelo Miranda", "texto_original": "http://sapl.garca.sp.leg.br/media/sapl/public/materialegislativa/2024/112081/reqts_2024-0677.pdf", "ementa": "Solicitando ao Prefeito informar a possibilidade de instalar um bra\u00e7o de ilumina\u00e7\u00e3o na Rua Ip\u00ea, defronte ao numeral 868."}, {"id": "112082", "ano": "2024", "numero": "678", "tipo__sigla": "REQ", "tipo__descricao": "Requerimento", "autoria": "Marcelo Miranda", "texto_original": "http://sapl.garca.sp.leg.br/media/sapl/public/materialegislativa/2024/112082/reqts_2024-0678.pdf", "ementa": "Solicitando ao Prefeito informar a possibilidade de colocar em uma via, logradouro ou pr\u00f3prio p\u00fablico o nome do Sr. Oswaldo Hon\u00f3rio de Oliveira."}, {"id": "112083", "ano": "2024", "numero": "679", "tipo__sigla": "REQ", "tipo__descricao": "Requerimento", "autoria": "Pedro Santos", "texto_original": "http://sapl.garca.sp.leg.br/media/sapl/public/materialegislativa/2024/112083/reqts_2024-0679.pdf", "ementa": "Solicitando ao Prefeito informa\u00e7\u00f5es sobre f\u00e9rias de m\u00e9dicos que atendem nas unidades de sa\u00fade."}, {"id": "112084", "ano": "2024", "numero": "680", "tipo__sigla": "REQ", "tipo__descricao": "Requerimento", "autoria": "Pedro Santos", "texto_original": "http://sapl.garca.sp.leg.br/media/sapl/public/materialegislativa/2024/112084/reqts_2024-0680.pdf", "ementa": "olicitando um Voto de Congratula\u00e7\u00f5es e Aplausos ao servidor municipal Claudomiro Ribeiro por sua merecida aposentadoria. Ao longo de sua trajet\u00f3ria, dedicou-se incansavelmente ao servi\u00e7o p\u00fablico, contribuindo de forma significativa para o desenvolvimento de nosso munic\u00edpio. Sua aposentadoria representa o encerramento de um ciclo de trabalho \u00e1rduo e repleto de realiza\u00e7\u00f5es, mas tamb\u00e9m marca o in\u00edcio de uma nova etapa, repleta de merecidos momentos de descanso e novas experi\u00eancias."}, {"id": "112085", "ano": "2024", "numero": "681", "tipo__sigla": "REQ", "tipo__descricao": "Requerimento", "autoria": "Pedro Santos", "texto_original": "http://sapl.garca.sp.leg.br/media/sapl/public/materialegislativa/2024/112085/reqts_2024-0681.pdf", "ementa": "Solicitando ao Prefeito informar quais emendas impositivas ainda n\u00e3o foram destinadas a seus destinos e qual a previs\u00e3o para a concretiza\u00e7\u00e3o."}, {"id": "112086", "ano": "2024", "numero": "682", "tipo__sigla": "REQ", "tipo__descricao": "Requerimento", "autoria": "Pedro Santos", "texto_original": "http://sapl.garca.sp.leg.br/media/sapl/public/materialegislativa/2024/112086/reqts_2024-0682.pdf", "ementa": "Solicitando ao Prefeito informar a possibilidade de realizar uma limpeza geral e coloca\u00e7\u00e3o de novas redes nos gols do campinho do residencial Monte Verde, tendo em vista que \u00e9 um importante local de lazer da popula\u00e7\u00e3o do bairro."}, {"id": "112087", "ano": "2024", "numero": "683", "tipo__sigla": "REQ", "tipo__descricao": "Requerimento", "autoria": "Antonio Franco dos Santos - Bacana, Tenente Almeida", "texto_original": "http://sapl.garca.sp.leg.br/media/sapl/public/materialegislativa/2024/112087/reqts_2024-0683.pdf", "ementa": "Solicitando um Voto de Congratula\u00e7\u00f5es e Aplausos \u00e0 equipe do Flamengo que, pela terceira vez consecutiva, foi a grande campe\u00e3 do futebol su\u00ed\u00e7o garcense! No domingo 27/10, no segundo jogo da s\u00e9rie decisiva do principal campeonato de futebol da cidade, o rubro-negro derrotou Os Pior por 2 a 0, conquistando o t\u00edtulo da temporada 2024."}, {"id": "112088", "ano": "2024", "numero": "684", "tipo__sigla": "REQ", "tipo__descricao": "Requerimento", "autoria": "Adhemar Kemp Marcondes de Moura Filho", "texto_original": "http://sapl.garca.sp.leg.br/media/sapl/public/materialegislativa/2024/112088/reqts_2024-0684.pdf", "ementa": "Solicitando um Voto de Congratula\u00e7\u00f5es e Aplausos a todos os m\u00e9dicos pelo transcurso do Dia do M\u00e9dico ocorrido no dia 18 de outubro."}, {"id": "112089", "ano": "2024", "numero": "685", "tipo__sigla": "REQ", "tipo__descricao": "Requerimento", "autoria": "Adhemar Kemp Marcondes de Moura Filho", "texto_original": "http://sapl.garca.sp.leg.br/media/sapl/public/materialegislativa/2024/112089/reqts_2024-0685.pdf", "ementa": "Solicitando um Voto de Congratula\u00e7\u00f5es e Aplausos a todos os professores pelo transcurso do Dia do Professor ocorrido no dia 15 de outubro, profissionais que, s\u00e3o os respons\u00e1veis pela constru\u00e7\u00e3o do futuro de nossas crian\u00e7as, jovens e adolescentes."}, {"id": "112090", "ano": "2024", "numero": "686", "tipo__sigla": "REQ", "tipo__descricao": "Requerimento", "autoria": "Adhemar Kemp Marcondes de Moura Filho", "texto_original": "http://sapl.garca.sp.leg.br/media/sapl/public/materialegislativa/2024/112090/reqts_2024-0686.pdf", "ementa": "Solicitando um Voto de Congratula\u00e7\u00f5es e Aplausos a equipe da nova empresa garcense, Caiu do Caminh\u00e3o, pela inaugura\u00e7\u00e3o de um espa\u00e7o t\u00e3o convidativo e acolhedor."}, {"id": "112091", "ano": "2024", "numero": "687", "tipo__sigla": "REQ", "tipo__descricao": "Requerimento", "autoria": "Adhemar Kemp Marcondes de Moura Filho", "texto_original": "http://sapl.garca.sp.leg.br/media/sapl/public/materialegislativa/2024/112091/reqts_2024-0687.pdf", "ementa": "Solicitando \u00e0 deputada estadual Analice Fernandes seus valorosos pr\u00e9stimos no sentido de intervir junto ao governador Tarc\u00edsio Gomes de Freitas referente ao projeto de lei que autoriza a implanta\u00e7\u00e3o do centro de atendimento autista."}, {"id": "112092", "ano": "2024", "numero": "688", "tipo__sigla": "REQ", "tipo__descricao": "Requerimento", "autoria": "Adhemar Kemp Marcondes de Moura Filho", "texto_original": "http://sapl.garca.sp.leg.br/media/sapl/public/materialegislativa/2024/112092/reqts_2024-0688.pdf", "ementa": "Solicitando um Voto de Congratula\u00e7\u00f5es e Aplausos a todos os servidores p\u00fablicos municipais pelo transcurso do Dia do Servidor P\u00fablico ocorrido no dia 28 de outubro."}, {"id": "112093", "ano": "2024", "numero": "689", "tipo__sigla": "REQ", "tipo__descricao": "Requerimento", "autoria": "Adhemar Kemp Marcondes de Moura Filho", "texto_original": "http://sapl.garca.sp.leg.br/media/sapl/public/materialegislativa/2024/112093/reqts_2024-0689.pdf", "ementa": "Solicitando um Voto de Congratula\u00e7\u00f5es e Aplausos \u00e0 jovem garcense Tha\u00eds Tramontini, que seguindo os passos de seu pai, o renomado e saudoso delegado Valdir Tramontini, Tha\u00eds Tramontini, 26 anos, acaba de iniciar sua carreira como investigadora na Pol\u00edcia Civil de S\u00e3o Paulo. Em uma emocionante jornada de continuidade, a jovem garcense assume a miss\u00e3o de honrar o legado paterno e contribuir para a seguran\u00e7a da comunidade. A nova investigadora inicia suas atividades na Delegacia de Investiga\u00e7\u00f5es Gerais (DIG) de Ja\u00fa, onde seu pai deixou uma marca significativa."}, {"id": "112100", "ano": "2024", "numero": "690", "tipo__sigla": "REQ", "tipo__descricao": "Requerimento", "autoria": "Antonio Franco dos Santos - Bacana", "texto_original": "http://sapl.garca.sp.leg.br/media/sapl/public/materialegislativa/2024/112100/reqts_2024-0690.pdf", "ementa": "Solicitando ao Prefeito diversas informa\u00e7\u00f5es em rela\u00e7\u00e3o \u00e0 doa\u00e7\u00f5es de \u00e1reas \u00e0 empresa Henlau."}, {"id": "112125", "ano": "2024", "numero": "691", "tipo__sigla": "REQ", "tipo__descricao": "Requerimento", "autoria": "Elaine Oliveira", "texto_original": "http://sapl.garca.sp.leg.br/media/sapl/public/materialegislativa/2024/112125/reqts_2024-0691.pdf", "ementa": "Solicitando um Voto de Congratula\u00e7\u00f5es e Aplausos \u00e0 Assembleia de Deus, Minist\u00e9rio Bel\u00e9m da cidade de Gar\u00e7a, pelo transcurso de seu 60\u00ba anivers\u00e1rio."}, {"id": "112126", "ano": "2024", "numero": "692", "tipo__sigla": "REQ", "tipo__descricao": "Requerimento", "autoria": "Marquinho Moreira", "texto_original": "http://sapl.garca.sp.leg.br/media/sapl/public/materialegislativa/2024/112126/reqts_2024-0692.pdf", "ementa": "Solicitando ao Prefeito informar a possibilidade instalar um poste de ilumina\u00e7\u00e3o na Avenida Labieno da Costa Machado, na altura do terminal rodovi\u00e1rio e da empresa Bene Motos."}, {"id": "112127", "ano": "2024", "numero": "693", "tipo__sigla": "REQ", "tipo__descricao": "Requerimento", "autoria": "Marquinho Moreira", "texto_original": "http://sapl.garca.sp.leg.br/media/sapl/public/materialegislativa/2024/112127/reqts_2024-0693.pdf", "ementa": "Solicitando ao Prefeito informar a possibilidade de realizar a instala\u00e7\u00e3o de um redutor de velocidade na Rua Guarant\u00e3 na altura do numeral 475 visando mitigar o tr\u00e1fego de ve\u00edculos em alta velocidade."}, {"id": "112128", "ano": "2024", "numero": "694", "tipo__sigla": "REQ", "tipo__descricao": "Requerimento", "autoria": "Marquinho Moreira", "texto_original": "http://sapl.garca.sp.leg.br/media/sapl/public/materialegislativa/2024/112128/reqts_2024-0694.pdf", "ementa": "Solicitando ao Prefeito informar a possibilidade de realizar a instala\u00e7\u00e3o de uma academia ao ar livre, um parquinho infantil e um bebedouro na \u00e1rea institucional do bairro Eco Ville."}, {"id": "112129", "ano": "2024", "numero": "695", "tipo__sigla": "REQ", "tipo__descricao": "Requerimento", "autoria": "Marquinho Moreira", "texto_original": "http://sapl.garca.sp.leg.br/media/sapl/public/materialegislativa/2024/112129/reqts_2024-0695.pdf", "ementa": "Solicitando ao Prefeito informar quanto nosso munic\u00edpio recebeu de recursos oriundos da tarifa de ped\u00e1gio desde sua instala\u00e7\u00e3o at\u00e9 o momento (encaminhar comprovantes)."}, {"id": "112130", "ano": "2024", "numero": "696", "tipo__sigla": "REQ", "tipo__descricao": "Requerimento", "autoria": "Marquinho Moreira", "texto_original": "http://sapl.garca.sp.leg.br/media/sapl/public/materialegislativa/2024/112130/reqts_2024-0696.pdf", "ementa": "Solicitando ao Prefeito informar a possibilidade de disponibilizar um vigia municipal para atuar no terminal rodovi\u00e1rio tendo em vista aumentar a seguran\u00e7a das milhares de pessoas que utilizam aquele local, em especial no per\u00edodo noturno."}, {"id": "112131", "ano": "2024", "numero": "697", "tipo__sigla": "REQ", "tipo__descricao": "Requerimento", "autoria": "Marquinho Moreira", "texto_original": "http://sapl.garca.sp.leg.br/media/sapl/public/materialegislativa/2024/112131/reqts_2024-0697.pdf", "ementa": "Solicitando ao Comando da 4\u00aa Cia da Pol\u00edcia Militar informar a possibilidade de intensificar a ronda, especialmente no per\u00edodo noturno, ao terminal rodovi\u00e1rio, e de instalar uma base fixa no local."}, {"id": "112136", "ano": "2024", "numero": "698", "tipo__sigla": "REQ", "tipo__descricao": "Requerimento", "autoria": "Elaine Oliveira", "texto_original": "http://sapl.garca.sp.leg.br/media/sapl/public/materialegislativa/2024/112136/reqts_2024-0698.pdf", "ementa": "Solicitando um Voto de Congratula\u00e7\u00f5es e Aplausos a escritora garcense Ivonete Aparecida Alves pela publica\u00e7\u00e3o de seu livro: Malungas Numa Tese."}, {"id": "112137", "ano": "2024", "numero": "699", "tipo__sigla": "REQ", "tipo__descricao": "Requerimento", "autoria": "Adhemar Kemp Marcondes de Moura Filho", "texto_original": "http://sapl.garca.sp.leg.br/media/sapl/public/materialegislativa/2024/112137/reqts_2024-0699.pdf", "ementa": "Solicitando ao Secret\u00e1rio de Agricultura e Abastecimento do Estado de S\u00e3o Paulo, Sr Guilherme Piai, seus valorosos pr\u00e9stimos no sentido de mediar junto ao departamento estadual competente, a reforma de nossas estradas do centro-oeste paulista no mapeamento do DER."}, {"id": "112138", "ano": "2024", "numero": "700", "tipo__sigla": "REQ", "tipo__descricao": "Requerimento", "autoria": "Adhemar Kemp Marcondes de Moura Filho", "texto_original": "http://sapl.garca.sp.leg.br/media/sapl/public/materialegislativa/2024/112138/reqts_2024-0700.pdf", "ementa": "Solicitando ao Prefeito informar por qual motivo h\u00e1 204 pessoas na fila de espera para realiza\u00e7\u00e3o de exame de endoscopia."}, {"id": "112139", "ano": "2024", "numero": "701", "tipo__sigla": "REQ", "tipo__descricao": "Requerimento", "autoria": "Adhemar Kemp Marcondes de Moura Filho", "texto_original": "http://sapl.garca.sp.leg.br/media/sapl/public/materialegislativa/2024/112139/reqts_2024-0701.pdf", "ementa": "Solicitando um Voto de Congratula\u00e7\u00f5es e Aplausos ao Secret\u00e1rio de Agricultura e Abastecimento do Estado de S\u00e3o Paulo, Sr Guilherme Piai, por seu brilhante e competente trabalho frente a esta importante secretaria de nosso estado e por ser um incentivador do uso de combust\u00edveis renov\u00e1veis, como o etanol, prestigiando nossa cana-de-a\u00e7\u00facar a qual faz parte da nossa principal fonte natural da economia."}, {"id": "112140", "ano": "2024", "numero": "702", "tipo__sigla": "REQ", "tipo__descricao": "Requerimento", "autoria": "Adhemar Kemp Marcondes de Moura Filho", "texto_original": "http://sapl.garca.sp.leg.br/media/sapl/public/materialegislativa/2024/112140/reqts_2024-0702.pdf", "ementa": "Solicitando ao Prefeito informar por qual motivo os profissionais que trabalham na AHBB Associa\u00e7\u00e3o Hospitalar Beneficente do Brasil n\u00e3o podem trabalhar na Sociedade Brasileira Caminho de Damasco."}, {"id": "112141", "ano": "2024", "numero": "703", "tipo__sigla": "REQ", "tipo__descricao": "Requerimento", "autoria": "Adhemar Kemp Marcondes de Moura Filho", "texto_original": "http://sapl.garca.sp.leg.br/media/sapl/public/materialegislativa/2024/112141/reqts_2024-0703.pdf", "ementa": "Solicitando ao Prefeito informar por qual motivo os professores das entidades que prestam servi\u00e7os ao munic\u00edpio recebem menos que os que trabalham na rede municipal de ensino."}, {"id": "112142", "ano": "2024", "numero": "704", "tipo__sigla": "REQ", "tipo__descricao": "Requerimento", "autoria": "Pedro Santos", "texto_original": "http://sapl.garca.sp.leg.br/media/sapl/public/materialegislativa/2024/112142/reqts_2024-0704.pdf", "ementa": "Solicitando um Voto de Congratula\u00e7\u00f5es e Aplausos \u00e0 empresa Dharma pelo transcurso de seus 60 anos de funda\u00e7\u00e3o em nossa cidade."}, {"id": "112143", "ano": "2024", "numero": "705", "tipo__sigla": "REQ", "tipo__descricao": "Requerimento", "autoria": "Pedro Santos", "texto_original": "http://sapl.garca.sp.leg.br/media/sapl/public/materialegislativa/2024/112143/reqts_2024-0705.pdf", "ementa": "Solicitando ao Prefeito informar a possibilidade de instalar a placa de identifica\u00e7\u00e3o de logradouro na Rua Ant\u00f4nio Jos\u00e9 da Silva, no bairro Morada do Sol."}, {"id": "112144", "ano": "2024", "numero": "706", "tipo__sigla": "REQ", "tipo__descricao": "Requerimento", "autoria": "Marquinho Moreira", "texto_original": "http://sapl.garca.sp.leg.br/media/sapl/public/materialegislativa/2024/112144/reqts_2024-0706.pdf", "ementa": "Solicitando ao Prefeito informar a possibilidade de realizar a instala\u00e7\u00e3o de um redutor de velocidade na Rua Pastor L\u00e1zaro Gomes na altura do numeral 190, no Jardim Frei Aur\u00e9lio."}, {"id": "112145", "ano": "2024", "numero": "707", "tipo__sigla": "REQ", "tipo__descricao": "Requerimento", "autoria": "Marquinho Moreira", "texto_original": "http://sapl.garca.sp.leg.br/media/sapl/public/materialegislativa/2024/112145/reqts_2024-0707.pdf", "ementa": "Solicitando ao Prefeito informar a possibilidade de disponibilizar mais dois motoristas de ambul\u00e2ncias para atuarem no per\u00edodo noturno, tendo em vista a crescente demanda de pacientes nesse per\u00edodo."}, {"id": "112155", "ano": "2024", "numero": "708", "tipo__sigla": "REQ", "tipo__descricao": "Requerimento", "autoria": "Fabinho Polisinani", "texto_original": "http://sapl.garca.sp.leg.br/media/sapl/public/materialegislativa/2024/112155/reqts_2024-0708.pdf", "ementa": "Solicitando ao Prefeito informar a possibilidade de colocar em uma via, logradouro ou pr\u00f3prio p\u00fablico o nome do Sr. Aparecido Monteiro."}, {"id": "112156", "ano": "2024", "numero": "709", "tipo__sigla": "REQ", "tipo__descricao": "Requerimento", "autoria": "Rodrigo Gutierres", "texto_original": "http://sapl.garca.sp.leg.br/media/sapl/public/materialegislativa/2024/112156/reqts_2024-0709.pdf", "ementa": "Solicitando ao Prefeito informar a possibilidade de realizar a limpeza geral das guias do distrito de Jafa."}, {"id": "112157", "ano": "2024", "numero": "710", "tipo__sigla": "REQ", "tipo__descricao": "Requerimento", "autoria": "Rodrigo Gutierres", "texto_original": "http://sapl.garca.sp.leg.br/media/sapl/public/materialegislativa/2024/112157/reqts_2024-0710.pdf", "ementa": "Solicitando ao Prefeito informar a possibilidade de realizar uma vistoria geral no distrito de Jafa visando realizar a poda e levantamento de copa das \u00e1rvores."}, {"id": "112160", "ano": "2024", "numero": "711", "tipo__sigla": "REQ", "tipo__descricao": "Requerimento", "autoria": "Pedro Santos", "texto_original": "http://sapl.garca.sp.leg.br/media/sapl/public/materialegislativa/2024/112160/reqts_2024-0711.pdf", "ementa": "Solicitando ao Prefeito e \u00e0 CPFL que encaminhem a esta Casa c\u00f3pia dos relat\u00f3rios do ano de 2024 em que conste todas as notifica\u00e7\u00f5es realizadas junto \u00e0s empresas que se utilizem dos postes."}, {"id": "112161", "ano": "2024", "numero": "712", "tipo__sigla": "REQ", "tipo__descricao": "Requerimento", "autoria": "Pedro Santos", "texto_original": "http://sapl.garca.sp.leg.br/media/sapl/public/materialegislativa/2024/112161/reqts_2024-0712.pdf", "ementa": "Solicitando ao Prefeito informar a possibilidade de realizar a poda para levantamento de copa das \u00e1rvores localizadas na Rua Ip\u00ea."}, {"id": "112167", "ano": "2024", "numero": "713", "tipo__sigla": "REQ", "tipo__descricao": "Requerimento", "autoria": "Adhemar Kemp Marcondes de Moura Filho", "texto_original": "http://sapl.garca.sp.leg.br/media/sapl/public/materialegislativa/2024/112167/reqts_2024-0713.pdf", "ementa": "Solicitando um Voto de Pesar em raz\u00e3o do falecimento do cirurgi\u00e3o e professor Cl\u00e1udio Maldonado Pastori, ocorrido recentemente no munic\u00edpio de Mar\u00edlia."}, {"id": "112168", "ano": "2024", "numero": "714", "tipo__sigla": "REQ", "tipo__descricao": "Requerimento", "autoria": "Adhemar Kemp Marcondes de Moura Filho", "texto_original": "http://sapl.garca.sp.leg.br/media/sapl/public/materialegislativa/2024/112168/reqts_2024-0714.pdf", "ementa": "Solicitando ao Prefeito informar a possibilidade de encaminhar a esta Casa, projeto de lei visando criar em nosso munic\u00edpio o Programa Farm\u00e1cia Veterin\u00e1ria Popular, cujo prop\u00f3sito simples e fundamental \u00e9 garantir que todos os pets possam ter acesso a cuidados veterin\u00e1rios, independente da condi\u00e7\u00e3o financeira de seus tutores."}, {"id": "112169", "ano": "2024", "numero": "715", "tipo__sigla": "REQ", "tipo__descricao": "Requerimento", "autoria": "Marcelo Miranda", "texto_original": "http://sapl.garca.sp.leg.br/media/sapl/public/materialegislativa/2024/112169/reqts_2024-0715.pdf", "ementa": "Solicitando ao Prefeito informar a possibilidade de realizar um mutir\u00e3o para a realiza\u00e7\u00e3o de cirurgias de h\u00e9rnias."}, {"id": "112170", "ano": "2024", "numero": "716", "tipo__sigla": "REQ", "tipo__descricao": "Requerimento", "autoria": "Marcelo Miranda", "texto_original": "http://sapl.garca.sp.leg.br/media/sapl/public/materialegislativa/2024/112170/reqts_2024-0716.pdf", "ementa": "Solicitando ao Prefeito informar a possibilidade de realizar um mutir\u00e3o para consulta com urologista e cirurgias para ressec\u00e7\u00e3o de pr\u00f3stata em casos indicados."}, {"id": "112181", "ano": "2024", "numero": "717", "tipo__sigla": "REQ", "tipo__descricao": "Requerimento", "autoria": "Marquinho Moreira", "texto_original": "http://sapl.garca.sp.leg.br/media/sapl/public/materialegislativa/2024/112181/reqts_2024-0717.pdf", "ementa": "Solicitando ao Prefeito informar a possibilidade de instalar um redutor de velocidades, na Rua Carlos Ferrari, defronte a empresa Francine."}, {"id": "112182", "ano": "2024", "numero": "718", "tipo__sigla": "REQ", "tipo__descricao": "Requerimento", "autoria": "Adhemar Kemp Marcondes de Moura Filho", "texto_original": "http://sapl.garca.sp.leg.br/media/sapl/public/materialegislativa/2024/112182/reqts_2024-0718a.pdf", "ementa": "Solicitando um Voto de Congratula\u00e7\u00f5es e Aplausos aos organizadores do Projeto Senzala Cultural Educacional realizado no dia 20 de novembro do corrente ano, no sal\u00e3o nobre do Col\u00e9gio CSA. O evento contou com apresenta\u00e7\u00f5es culturais como capoeira, ciranda, poesia, m\u00fasicas, dan\u00e7a e m\u00e1gicas."}, {"id": "112183", "ano": "2024", "numero": "719", "tipo__sigla": "REQ", "tipo__descricao": "Requerimento", "autoria": "Adhemar Kemp Marcondes de Moura Filho", "texto_original": "http://sapl.garca.sp.leg.br/media/sapl/public/materialegislativa/2024/112183/reqts_2024-0719.pdf", "ementa": "Solicitando um Voto de Congratula\u00e7\u00f5es e Aplausos ao Sr. Herculano Passos pelo empenho e dedica\u00e7\u00e3o em incluir o Cerejeiras Festival no calend\u00e1rio tur\u00edstico oficial do pa\u00eds, onde juntamente com o ex-prefeito de \u00c1lvaro de Carvalho, Adhemar Marcondes de Moura e o ex-vereador de Gar\u00e7a, Sr. J\u00falio Cezar Kemp Marcondes de Moura Filho, seu irm\u00e3o, com sua amizade intermediou junto ao processo de colocar Gar\u00e7a no MIT e depois no calend\u00e1rio nacional."}, {"id": "112184", "ano": "2024", "numero": "720", "tipo__sigla": "REQ", "tipo__descricao": "Requerimento", "autoria": "Adhemar Kemp Marcondes de Moura Filho", "texto_original": "http://sapl.garca.sp.leg.br/media/sapl/public/materialegislativa/2024/112184/reqts_2024-0720.pdf", "ementa": "Solicitando um Voto de Congratula\u00e7\u00f5es e Aplausos ao presidente da 42\u00aa Subse\u00e7\u00e3o da OAB Gar\u00e7a, Dr. F\u00e1bio Ricardo Rodrigues dos Santos, pela reelei\u00e7\u00e3o conquistada no pleito realizado no dia 21 de novembro, onde estar\u00e1 a frente desta importante entidade pelo tri\u00eanio (2025-2027). Compuseram a chapa juntamente com o Dr. F\u00e1bio Ricardo, Sydia Moraes, Diogo Simionato, Carolina Mendes e Andreia Garcia."}, {"id": "112185", "ano": "2024", "numero": "721", "tipo__sigla": "REQ", "tipo__descricao": "Requerimento", "autoria": "Adhemar Kemp Marcondes de Moura Filho", "texto_original": "http://sapl.garca.sp.leg.br/media/sapl/public/materialegislativa/2024/112185/reqts_2024-0721.pdf", "ementa": "Solicitando ao Prefeito informar a possibilidade de realizar o conserto do telhado da quadra poliesportiva da EMEIF Prof\u00aa Samira El Adass."}, {"id": "112186", "ano": "2024", "numero": "722", "tipo__sigla": "REQ", "tipo__descricao": "Requerimento", "autoria": "F\u00e1bio Santos", "texto_original": "http://sapl.garca.sp.leg.br/media/sapl/public/materialegislativa/2024/112186/reqts_2024-0722.pdf", "ementa": "Solicitando um Voto de Pesar em raz\u00e3o do falecimento do estimado professor da ETEC Monsenhor Antonio Magliano, Laerte Edson Nunes, o qual estar\u00e1 para sempre na mem\u00f3ria dos milhares de alunos que tiverem o privil\u00e9gio de serem ensinados por ele, al\u00e9m dos amigos e familiares."}, {"id": "112188", "ano": "2024", "numero": "723", "tipo__sigla": "REQ", "tipo__descricao": "Requerimento", "autoria": "Elaine Oliveira", "texto_original": "http://sapl.garca.sp.leg.br/media/sapl/public/materialegislativa/2024/112188/reqts_2024-0723.pdf", "ementa": "Solicitando ao Prefeito informa\u00e7\u00f5es detalhadas sobre a situa\u00e7\u00e3o dos campos de Beisebol e Rugby localizados no Parque Ecol\u00f3gico \u201cJayme Miranda\u201d."}, {"id": "112189", "ano": "2024", "numero": "724", "tipo__sigla": "REQ", "tipo__descricao": "Requerimento", "autoria": "Elaine Oliveira", "texto_original": "http://sapl.garca.sp.leg.br/media/sapl/public/materialegislativa/2024/112189/reqts_2024-0724.pdf", "ementa": "Solicitando ao Prefeito informa\u00e7\u00f5es a respeito de poss\u00edveis incentivos a feiras e exposi\u00e7\u00f5es realizados no curso da atual gest\u00e3o"}, {"id": "112190", "ano": "2024", "numero": "725", "tipo__sigla": "REQ", "tipo__descricao": "Requerimento", "autoria": "Elaine Oliveira", "texto_original": "http://sapl.garca.sp.leg.br/media/sapl/public/materialegislativa/2024/112190/reqts_2024-0725.pdf", "ementa": ": Solicitando ao Prefeito informa\u00e7\u00f5es a respeito de obra inacabada de quadra de t\u00eanis, n\u00e3o realizados no curso da atual gest\u00e3o."}, {"id": "112191", "ano": "2024", "numero": "726", "tipo__sigla": "REQ", "tipo__descricao": "Requerimento", "autoria": "Adhemar Kemp Marcondes de Moura Filho", "texto_original": "http://sapl.garca.sp.leg.br/media/sapl/public/materialegislativa/2024/112191/reqts_2024-0726.pdf", "ementa": "Solicitando um Voto de Congratula\u00e7\u00f5es e Aplausos \u00e0 Doce Do\u00e7ura, uma empresa garcense que tem conquistado paladares por todo o Brasil. Seus p\u00e3es de mel e alfajores, verdadeiras obras de arte culin\u00e1rias, s\u00e3o um exemplo de qualidade e sabor inigual\u00e1veis. A Doce Do\u00e7ura \u00e9 mais do que uma empresa, \u00e9 um s\u00edmbolo da do\u00e7ura e da paix\u00e3o pela gastronomia brasileira."}, {"id": "112202", "ano": "2024", "numero": "727", "tipo__sigla": "REQ", "tipo__descricao": "Requerimento", "autoria": "Adhemar Kemp Marcondes de Moura Filho", "texto_original": "http://sapl.garca.sp.leg.br/media/sapl/public/materialegislativa/2024/112202/reqts_2024-0727.pdf", "ementa": "Solicitando um Voto de Congratula\u00e7\u00f5es e Aplausos um Voto de Congratula\u00e7\u00f5es e Aplausos a Elo\u00edza Franco pela sua brilhante estreia no fisiculturismo! A garcense, com sua for\u00e7a de vontade e dedica\u00e7\u00e3o, conquistou um feito not\u00e1vel ao alcan\u00e7ar o Top 2 na categoria Wellness - Estreantes e o Top 3 na categoria Open C."}, {"id": "112209", "ano": "2024", "numero": "728", "tipo__sigla": "REQ", "tipo__descricao": "Requerimento", "autoria": "Adhemar Kemp Marcondes de Moura Filho", "texto_original": "http://sapl.garca.sp.leg.br/media/sapl/public/materialegislativa/2024/112209/reqts_2024-0728.pdf", "ementa": "Solicitando um Voto de Congratula\u00e7\u00f5es e Aplausos ao presidente da 42\u00aa Subse\u00e7\u00e3o da OAB Gar\u00e7a, Dr. F\u00e1bio Ricardo Rodrigues dos Santos, pela reelei\u00e7\u00e3o conquistada no pleito realizado no dia 21 de novembro, onde estar\u00e1 a frente desta importante entidade pelo tri\u00eanio (2025-2027)."}, {"id": "112210", "ano": "2024", "numero": "729", "tipo__sigla": "REQ", "tipo__descricao": "Requerimento", "autoria": "Rodrigo Gutierres", "texto_original": "http://sapl.garca.sp.leg.br/media/sapl/public/materialegislativa/2024/112210/reqts_2024-0729.pdf", "ementa": "Solicitando um Voto de Congratula\u00e7\u00f5es e Aplausos ao Sub Tenente de Infantaria Tiago de Oliveira Machado por sua excelente gest\u00e3o \u00e0 frente do Tiro de Guerra TG 014 que foi marcada por profissionalismo, lideran\u00e7a e um profundo senso de dever."}, {"id": "112211", "ano": "2024", "numero": "730", "tipo__sigla": "REQ", "tipo__descricao": "Requerimento", "autoria": "Lico", "texto_original": "http://sapl.garca.sp.leg.br/media/sapl/public/materialegislativa/2024/112211/reqts_2024-0730.pdf", "ementa": "Solicitando ao Deputado Federal Delegado da Cunha (PP) seus valorosos pr\u00e9stimos no sentido de ser autor de emenda parlamentar no valor de R$ 300.000,00 (trezentos mil reais) para ser utilizada na reforma e compra de equipamentos para a seguran\u00e7a p\u00fablica de nosso munic\u00edpio."}, {"id": "112212", "ano": "2024", "numero": "731", "tipo__sigla": "REQ", "tipo__descricao": "Requerimento", "autoria": "Pedro Santos", "texto_original": "http://sapl.garca.sp.leg.br/media/sapl/public/materialegislativa/2024/112212/reqts_2024-0731.pdf", "ementa": "Solicitando ao Prefeito informar a possibilidade de instalar um redutor de velocidade na Rua Garabed Chekerdemian."}, {"id": "112213", "ano": "2024", "numero": "732", "tipo__sigla": "REQ", "tipo__descricao": "Requerimento", "autoria": "Elaine Oliveira", "texto_original": "http://sapl.garca.sp.leg.br/media/sapl/public/materialegislativa/2024/112213/reqts_2024-0732.pdf", "ementa": "Solicitando ao Prefeito informar a possibilidade de realizar a constru\u00e7\u00e3o de banheiros na cancha de bocha de Gar\u00e7a."}, {"id": "112224", "ano": "2024", "numero": "733", "tipo__sigla": "REQ", "tipo__descricao": "Requerimento", "autoria": "Elaine Oliveira", "texto_original": "http://sapl.garca.sp.leg.br/media/sapl/public/materialegislativa/2024/112224/reqts_2024-0733.pdf", "ementa": "Solicitando ao Prefeito informar a possibilidade de instalar bancos no entorno da pista de skate do Lago Artificial J. K. Williams"}, {"id": "112225", "ano": "2024", "numero": "734", "tipo__sigla": "REQ", "tipo__descricao": "Requerimento", "autoria": "Elaine Oliveira", "texto_original": "http://sapl.garca.sp.leg.br/media/sapl/public/materialegislativa/2024/112225/reqts_2024-0734.pdf", "ementa": "Solicitando ao Prefeito prestar informa\u00e7\u00f5es sobre vigilantes que circulam pelas resid\u00eancias \u00e0 noite"}, {"id": "112229", "ano": "2024", "numero": "735", "tipo__sigla": "REQ", "tipo__descricao": "Requerimento", "autoria": "Antonio Franco dos Santos - Bacana", "texto_original": "http://sapl.garca.sp.leg.br/media/sapl/public/materialegislativa/2024/112229/reqts_2024-0735.pdf", "ementa": "Solicitando um Voto de Congratula\u00e7\u00f5es e Aplausos ao atleta Anderson Fujikawa Kawahara, o conhecido Lin, por sua brilhante trajet\u00f3ria como goleiro em nossa cidade."}, {"id": "112230", "ano": "2024", "numero": "736", "tipo__sigla": "REQ", "tipo__descricao": "Requerimento", "autoria": "Adhemar Kemp Marcondes de Moura Filho", "texto_original": "http://sapl.garca.sp.leg.br/media/sapl/public/materialegislativa/2024/112230/reqts_2024-0736.pdf", "ementa": "Solicitando um Voto de Congratula\u00e7\u00f5es e Aplausos ao Governador do Estado de S\u00e3o Paulo, Tarc\u00edsio de Freitas e ao Prefeito eleito da cidade de It\u00fa pela parceria e apoio ao empreendimento Cacau Park."}, {"id": "112231", "ano": "2024", "numero": "737", "tipo__sigla": "REQ", "tipo__descricao": "Requerimento", "autoria": "Adhemar Kemp Marcondes de Moura Filho", "texto_original": "http://sapl.garca.sp.leg.br/media/sapl/public/materialegislativa/2024/112231/reqts_2024-0737.pdf", "ementa": "Solicitando um Voto de Congratula\u00e7\u00f5es e Aplausos \u00e0 empresa Dataplace pelo transcurso de seu 35\u00ba anivers\u00e1rio de funda\u00e7\u00e3o, oferecendo solu\u00e7\u00f5es sob medida para cada neg\u00f3cio."}, {"id": "112232", "ano": "2024", "numero": "738", "tipo__sigla": "REQ", "tipo__descricao": "Requerimento", "autoria": "Adhemar Kemp Marcondes de Moura Filho", "texto_original": "http://sapl.garca.sp.leg.br/media/sapl/public/materialegislativa/2024/112232/reqts_2024-0738.pdf", "ementa": "Solicitando um Voto de Apoio \u00e0 vice-prefeita eleita da cidade de Itu, Juliana Passos Pessanha, filha do ent\u00e3o prefeito eleito da mesma cidade, Sr. Herculano Passos, e filha de Rita Passo, eleita por 3 mandatos deputada estadual por SP, pela maneira como foi tratada no evento da Cacau Show pelo atual prefeito da cidade de Itu, que de maneira reprov\u00e1vel proferiu xingamentos a ela."}, {"id": "112233", "ano": "2024", "numero": "739", "tipo__sigla": "REQ", "tipo__descricao": "Requerimento", "autoria": "Adhemar Kemp Marcondes de Moura Filho", "texto_original": "http://sapl.garca.sp.leg.br/media/sapl/public/materialegislativa/2024/112233/reqts_2024-0739.pdf", "ementa": "Solicitando um Voto de Congratula\u00e7\u00f5es e Aplausos ao Sr. Tamis Lustri por sua brilhante trajet\u00f3ria pessoal e profissional e pelo empenho em levar o nome de nossa cidade no cen\u00e1rio nacional da cafeicultura."}, {"id": "112234", "ano": "2024", "numero": "740", "tipo__sigla": "REQ", "tipo__descricao": "Requerimento", "autoria": "Adhemar Kemp Marcondes de Moura Filho", "texto_original": "http://sapl.garca.sp.leg.br/media/sapl/public/materialegislativa/2024/112234/reqts_2024-0740.pdf", "ementa": "Solicitando um Voto de Congratula\u00e7\u00f5es e Aplausos \u00e0 ACIG, aos Srs. Tamis Lustri e Reinaldo Tramontini Portelinha e aos demais organizadores da 3\u00aa edi\u00e7\u00e3o da TecnoCaf\u00e9, realizada entre os dias 28 a 30 de novembro de 2024, no Lago Artificial JK Williams, e que contou com uma programa\u00e7\u00e3o diversificada que abordou temas como sustentabilidade, tecnologia e inova\u00e7\u00e3o no setor cafeeiro."}, {"id": "112235", "ano": "2024", "numero": "741", "tipo__sigla": "REQ", "tipo__descricao": "Requerimento", "autoria": "Adhemar Kemp Marcondes de Moura Filho", "texto_original": "http://sapl.garca.sp.leg.br/media/sapl/public/materialegislativa/2024/112235/reqts_2024-0741.pdf", "ementa": "Solicitando um Voto de Apoio ao Dr. Adriano, integrante da equipe de transi\u00e7\u00e3o do prefeito leito da cidade de Itu, Herculano Passos, pelo infeliz acontecimento de ter sido hostilizado pelo ent\u00e3o prefeito daquela cidade."}, {"id": "110565", "ano": "2024", "numero": "1", "tipo__sigla": "SUB", "tipo__descricao": "Substitutivo", "autoria": "Rafael Frabetti", "texto_original": "http://sapl.garca.sp.leg.br/media/sapl/public/materialegislativa/2024/110565/substitutivo-_fixa_subsidios_-_prefeito_vice_e_secretarios_3.pdf", "ementa": "Substitutivo ao PL n\u00ba 13/2024"}, {"id": "110965", "ano": "2024", "numero": "2", "tipo__sigla": "SUB", "tipo__descricao": "Substitutivo", "autoria": "CCJR - Comiss\u00e3o de Constitui\u00e7\u00e3o, Justi\u00e7a e Reda\u00e7\u00e3o", "texto_original": "http://sapl.garca.sp.leg.br/media/sapl/public/materialegislativa/2024/110965/08_-_substitutivo_ao_pl_10-2024_-_ensino_tempo_integral.pdf", "ementa": "Substitutivo ao PL 10/2024"}, {"id": "110966", "ano": "2024", "numero": "3", "tipo__sigla": "SUB", "tipo__descricao": "Substitutivo", "autoria": "CCJR - Comiss\u00e3o de Constitui\u00e7\u00e3o, Justi\u00e7a e Reda\u00e7\u00e3o", "texto_original": "http://sapl.garca.sp.leg.br/media/sapl/public/materialegislativa/2024/110966/08_-_substitutivo_ao_pl_128-2023_-_taxi.pdf", "ementa": "Substitutivo ao PL 128/2023."}, {"id": "111167", "ano": "2024", "numero": "4", "tipo__sigla": "SUB", "tipo__descricao": "Substitutivo", "autoria": "CCJR - Comiss\u00e3o de Constitui\u00e7\u00e3o, Justi\u00e7a e Reda\u00e7\u00e3o", "texto_original": "http://sapl.garca.sp.leg.br/media/sapl/public/materialegislativa/2024/111167/01_-_substitutivo_ao_pl_36-2024_2.pdf", "ementa": "Substitutivo ao PL 36/2024"}, {"id": "111168", "ano": "2024", "numero": "5", "tipo__sigla": "SUB", "tipo__descricao": "Substitutivo", "autoria": "CCJR - Comiss\u00e3o de Constitui\u00e7\u00e3o, Justi\u00e7a e Reda\u00e7\u00e3o", "texto_original": "http://sapl.garca.sp.leg.br/media/sapl/public/materialegislativa/2024/111168/01_-_substitutivo_ao_pl_85-2024_3.pdf", "ementa": "Substitutivo ao PL 85/2024"}, {"id": "111169", "ano": "2024", "numero": "6", "tipo__sigla": "SUB", "tipo__descricao": "Substitutivo", "autoria": "CCJR - Comiss\u00e3o de Constitui\u00e7\u00e3o, Justi\u00e7a e Reda\u00e7\u00e3o", "texto_original": "http://sapl.garca.sp.leg.br/media/sapl/public/materialegislativa/2024/111169/01_-_substitutivo_ao_plc_04-2024_3.pdf", "ementa": "Substitutivo ao PLC 04/2024"}, {"id": "111170", "ano": "2024", "numero": "7", "tipo__sigla": "SUB", "tipo__descricao": "Substitutivo", "autoria": "CCJR - Comiss\u00e3o de Constitui\u00e7\u00e3o, Justi\u00e7a e Reda\u00e7\u00e3o", "texto_original": "http://sapl.garca.sp.leg.br/media/sapl/public/materialegislativa/2024/111170/03_-_substitutivo_ao_pl_25-2024_-_iptu_3.pdf", "ementa": "Substitutivo ao PL 25/2024"}, {"id": "111361", "ano": "2024", "numero": "8", "tipo__sigla": "SUB", "tipo__descricao": "Substitutivo", "autoria": "CCJR - Comiss\u00e3o de Constitui\u00e7\u00e3o, Justi\u00e7a e Reda\u00e7\u00e3o", "texto_original": "http://sapl.garca.sp.leg.br/media/sapl/public/materialegislativa/2024/111361/16_-_substitutivo_ao_pl_4-2024_-_projeto_simplificado_obras_3.pdf", "ementa": "Substitutivo ao PL 04/2024"}, {"id": "111622", "ano": "2024", "numero": "9", "tipo__sigla": "SUB", "tipo__descricao": "Substitutivo", "autoria": "CCJR - Comiss\u00e3o de Constitui\u00e7\u00e3o, Justi\u00e7a e Reda\u00e7\u00e3o", "texto_original": "http://sapl.garca.sp.leg.br/media/sapl/public/materialegislativa/2024/111622/17_-_substitutivo_-_represtina_lei_4572-2010_-_estatuto_3.pdf", "ementa": "Substitutivo ao PL 112/2024"}, {"id": "111657", "ano": "2024", "numero": "10", "tipo__sigla": "SUB", "tipo__descricao": "Substitutivo", "autoria": "CCJR - Comiss\u00e3o de Constitui\u00e7\u00e3o, Justi\u00e7a e Reda\u00e7\u00e3o", "texto_original": "http://sapl.garca.sp.leg.br/media/sapl/public/materialegislativa/2024/111657/substitutivo_com_anexos_3.pdf", "ementa": "Substitutivo ao PL 108/2024"}, {"id": "111778", "ano": "2024", "numero": "11", "tipo__sigla": "SUB", "tipo__descricao": "Substitutivo", "autoria": "CCJR - Comiss\u00e3o de Constitui\u00e7\u00e3o, Justi\u00e7a e Reda\u00e7\u00e3o", "texto_original": "http://sapl.garca.sp.leg.br/media/sapl/public/materialegislativa/2024/111778/20_-_substitutivo_-_lei_3220-97_-_codigo_tributario_3.pdf", "ementa": "SUBSTITUTIVO N\u00ba 01 AO PROJETO DE LEI N\u00ba 122/2024"}, {"id": "111919", "ano": "2024", "numero": "12", "tipo__sigla": "SUB", "tipo__descricao": "Substitutivo", "autoria": "CCJR - Comiss\u00e3o de Constitui\u00e7\u00e3o, Justi\u00e7a e Reda\u00e7\u00e3o", "texto_original": "http://sapl.garca.sp.leg.br/media/sapl/public/materialegislativa/2024/111919/08_-_substitutivo_ao_plc_11-2024.pdf", "ementa": "Substitutivo ao PLC 11/2024"}, {"id": "112079", "ano": "2024", "numero": "13", "tipo__sigla": "SUB", "tipo__descricao": "Substitutivo", "autoria": "CCJR - Comiss\u00e3o de Constitui\u00e7\u00e3o, Justi\u00e7a e Reda\u00e7\u00e3o", "texto_original": "http://sapl.garca.sp.leg.br/media/sapl/public/materialegislativa/2024/112079/08_-_pl_140_substitutivo.pdf", "ementa": "SUBSTITUTIVO N\u00ba 01 AO PROJETO DE LEI N\u00ba 140/2024"}, {"id": "112206", "ano": "2024", "numero": "14", "tipo__sigla": "SUB", "tipo__descricao": "Substitutivo", "autoria": "CCJR - Comiss\u00e3o de Constitui\u00e7\u00e3o, Justi\u00e7a e Reda\u00e7\u00e3o", "texto_original": "http://sapl.garca.sp.leg.br/media/sapl/public/materialegislativa/2024/112206/19_-_substitutivo_pl_174-2024_-_ccjr.pdf", "ementa": "SUBSTITUTIVO N\u00ba 01 AO PROJETO DE LEI N\u00ba 174/2024"}, {"id": "112237", "ano": "2024", "numero": "15", "tipo__sigla": "SUB", "tipo__descricao": "Substitutivo", "autoria": "CCJR - Comiss\u00e3o de Constitui\u00e7\u00e3o, Justi\u00e7a e Reda\u00e7\u00e3o", "texto_original": "http://sapl.garca.sp.leg.br/media/sapl/public/materialegislativa/2024/112237/08_-_substitutivo_-_pl_138-2024_-_sistema_energia_solar.pdf", "ementa": "Substitutivo ao PL 138/2024"}, {"id": "112214", "ano": "2024", "numero": "1", "tipo__sigla": "VET", "tipo__descricao": "Veto", "autoria": "PREFEITO MUNICIPAL", "texto_original": "http://sapl.garca.sp.leg.br/media/sapl/public/materialegislativa/2024/112214/oficio_380.pdf", "ementa": "Of\u00edcio n\u00ba 380/2024 - APRESENTA VETO TOTAL AO PROJETO DE LEI N\u00ba 105/2024"}, {"id": "111548", "ano": "2024", "numero": "1", "tipo__sigla": "SUBE", "tipo__descricao": "Subemenda", "autoria": "Fabinho Polisinani, Marcelo Miranda", "texto_original": "http://sapl.garca.sp.leg.br/media/sapl/public/materialegislativa/2024/111548/01_-_subemenda_pl_88-2023_-_fabinho_e_marcelo_2.pdf", "ementa": "Subemenda n\u00ba 01 \u00e0 Emenda n\u00ba 01 ao Projeto de Lei n\u00ba 88/2023"}, {"id": "110502", "ano": "2024", "numero": "1", "tipo__sigla": "CPEXM", "tipo__descricao": "Correspond\u00eancia do Poder Executivo Municipal", "autoria": "PREFEITO MUNICIPAL", "texto_original": "http://sapl.garca.sp.leg.br/media/sapl/public/materialegislativa/2024/110502/002_anexo.pdf", "ementa": "ANEXO PROJETO DE LEI - DESAFETA E AUTORIZA O MUNIC\u00cdPIO A ALIENAR IM\u00d3VEL P\u00daBLICO QUE ESPECIFICA, POR MEIO DE LICITA\u00c7\u00c3O NA MODALIDADE LEIL\u00c3O, E D\u00c1 OUTRAS PROVID\u00caNCIAS (MATR\u00cdCULA N\u00ba 33.541)."}, {"id": "110504", "ano": "2024", "numero": "2", "tipo__sigla": "CPEXM", "tipo__descricao": "Correspond\u00eancia do Poder Executivo Municipal", "autoria": "PREFEITO MUNICIPAL", "texto_original": "http://sapl.garca.sp.leg.br/media/sapl/public/materialegislativa/2024/110504/003_anexo.pdf", "ementa": "ANEXO PROJETO DE LEI - DESAFETA E AUTORIZA O MUNIC\u00cdPIO A ALIENAR IM\u00d3VEL P\u00daBLICO QUE ESPECIFICA, POR MEIO DE LICITA\u00c7\u00c3O NA MODALIDADE LEIL\u00c3O, E D\u00c1 OUTRAS PROVID\u00caNCIAS (MATR\u00cdCULA N\u00ba 33.542)."}, {"id": "110506", "ano": "2024", "numero": "3", "tipo__sigla": "CPEXM", "tipo__descricao": "Correspond\u00eancia do Poder Executivo Municipal", "autoria": "PREFEITO MUNICIPAL", "texto_original": "http://sapl.garca.sp.leg.br/media/sapl/public/materialegislativa/2024/110506/004_anexo.pdf", "ementa": "ANEXO PROJETO DE LEI - DESAFETA E AUTORIZA O MUNIC\u00cdPIO A ALIENAR IM\u00d3VEL P\u00daBLICO QUE ESPECIFICA, POR MEIO DE LICITA\u00c7\u00c3O NA MODALIDADE LEIL\u00c3O, E D\u00c1 OUTRAS PROVID\u00caNCIAS (MATR\u00cdCULA N\u00ba 33.543)."}, {"id": "110508", "ano": "2024", "numero": "4", "tipo__sigla": "CPEXM", "tipo__descricao": "Correspond\u00eancia do Poder Executivo Municipal", "autoria": "PREFEITO MUNICIPAL", "texto_original": "http://sapl.garca.sp.leg.br/media/sapl/public/materialegislativa/2024/110508/005_anexo.pdf", "ementa": "ANEXO PROJETO DE LEI - DESAFETA E AUTORIZA O MUNIC\u00cdPIO A ALIENAR IM\u00d3VEL P\u00daBLICO QUE ESPECIFICA, POR MEIO DE LICITA\u00c7\u00c3O NA MODALIDADE LEIL\u00c3O, E D\u00c1 OUTRAS PROVID\u00caNCIAS (MATR\u00cdCULA N\u00ba 33.544)."}, {"id": "110510", "ano": "2024", "numero": "5", "tipo__sigla": "CPEXM", "tipo__descricao": "Correspond\u00eancia do Poder Executivo Municipal", "autoria": "PREFEITO MUNICIPAL", "texto_original": "http://sapl.garca.sp.leg.br/media/sapl/public/materialegislativa/2024/110510/006_anexo.pdf", "ementa": "ANEXO PROJETO DE LEI - DESAFETA E AUTORIZA O MUNIC\u00cdPIO A ALIENAR IM\u00d3VEL P\u00daBLICO QUE ESPECIFICA, POR MEIO DE LICITA\u00c7\u00c3O NA MODALIDADE LEIL\u00c3O, E D\u00c1 OUTRAS PROVID\u00caNCIAS (MATR\u00cdCULA N\u00ba 33.545)."}, {"id": "110519", "ano": "2024", "numero": "6", "tipo__sigla": "CPEXM", "tipo__descricao": "Correspond\u00eancia do Poder Executivo Municipal", "autoria": "PREFEITO MUNICIPAL", "texto_original": "http://sapl.garca.sp.leg.br/media/sapl/public/materialegislativa/2024/110519/854.pdf", "ementa": "Of\u00edcio n\u00ba 854/2023 - Requerimento n\u00ba 984 - 38\u00aa Sess\u00e3o"}, {"id": "110520", "ano": "2024", "numero": "7", "tipo__sigla": "CPEXM", "tipo__descricao": "Correspond\u00eancia do Poder Executivo Municipal", "autoria": "PREFEITO MUNICIPAL", "texto_original": "http://sapl.garca.sp.leg.br/media/sapl/public/materialegislativa/2024/110520/872.pdf", "ementa": "Of\u00edcio n\u00ba 872/2023 - Requerimento n\u00ba 985 - 38\u00aa Sess\u00e3o"}, {"id": "110521", "ano": "2024", "numero": "8", "tipo__sigla": "CPEXM", "tipo__descricao": "Correspond\u00eancia do Poder Executivo Municipal", "autoria": "PREFEITO MUNICIPAL", "texto_original": "http://sapl.garca.sp.leg.br/media/sapl/public/materialegislativa/2024/110521/872_anexo.pdf", "ementa": "Anexo Of\u00edcio n\u00ba 872/2023 - Requerimento n\u00ba 985 - 38\u00aa Sess\u00e3o"}, {"id": "110522", "ano": "2024", "numero": "9", "tipo__sigla": "CPEXM", "tipo__descricao": "Correspond\u00eancia do Poder Executivo Municipal", "autoria": "PREFEITO MUNICIPAL", "texto_original": "http://sapl.garca.sp.leg.br/media/sapl/public/materialegislativa/2024/110522/849.pdf", "ementa": "Of\u00edcio n\u00ba 849/2023 - Requerimento n\u00ba 986 - 38\u00aa Sess\u00e3o"}, {"id": "110523", "ano": "2024", "numero": "10", "tipo__sigla": "CPEXM", "tipo__descricao": "Correspond\u00eancia do Poder Executivo Municipal", "autoria": "PREFEITO MUNICIPAL", "texto_original": "http://sapl.garca.sp.leg.br/media/sapl/public/materialegislativa/2024/110523/849_anexo.pdf", "ementa": "Anexo Of\u00edcio n\u00ba 849/2023 - Requerimento n\u00ba 986 - 38\u00aa Sess\u00e3o"}, {"id": "110524", "ano": "2024", "numero": "11", "tipo__sigla": "CPEXM", "tipo__descricao": "Correspond\u00eancia do Poder Executivo Municipal", "autoria": "PREFEITO MUNICIPAL", "texto_original": "http://sapl.garca.sp.leg.br/media/sapl/public/materialegislativa/2024/110524/851.pdf", "ementa": "Of\u00edcio n\u00ba 851/2023 - Requerimento n\u00ba 987 - 38\u00aa Sess\u00e3o"}, {"id": "110525", "ano": "2024", "numero": "12", "tipo__sigla": "CPEXM", "tipo__descricao": "Correspond\u00eancia do Poder Executivo Municipal", "autoria": "PREFEITO MUNICIPAL", "texto_original": "http://sapl.garca.sp.leg.br/media/sapl/public/materialegislativa/2024/110525/865.pdf", "ementa": "Of\u00edcio n\u00ba 865/2023 - Requerimento n\u00ba 988 - 38\u00aa Sess\u00e3o"}, {"id": "110526", "ano": "2024", "numero": "13", "tipo__sigla": "CPEXM", "tipo__descricao": "Correspond\u00eancia do Poder Executivo Municipal", "autoria": "PREFEITO MUNICIPAL", "texto_original": "http://sapl.garca.sp.leg.br/media/sapl/public/materialegislativa/2024/110526/855.pdf", "ementa": "Of\u00edcio n\u00ba 855/2023 - Requerimento n\u00ba 997 - 38\u00aa Sess\u00e3o"}, {"id": "110527", "ano": "2024", "numero": "14", "tipo__sigla": "CPEXM", "tipo__descricao": "Correspond\u00eancia do Poder Executivo Municipal", "autoria": "PREFEITO MUNICIPAL", "texto_original": "http://sapl.garca.sp.leg.br/media/sapl/public/materialegislativa/2024/110527/856.pdf", "ementa": "Of\u00edcio n\u00ba 856/2023 - Requerimento n\u00ba 998 - 38\u00aa Sess\u00e3o"}, {"id": "110528", "ano": "2024", "numero": "15", "tipo__sigla": "CPEXM", "tipo__descricao": "Correspond\u00eancia do Poder Executivo Municipal", "autoria": "PREFEITO MUNICIPAL", "texto_original": "http://sapl.garca.sp.leg.br/media/sapl/public/materialegislativa/2024/110528/859.pdf", "ementa": "Of\u00edcio n\u00ba 859/2023 - Requerimento n\u00ba 1001 - 39\u00aa Sess\u00e3o"}, {"id": "110529", "ano": "2024", "numero": "16", "tipo__sigla": "CPEXM", "tipo__descricao": "Correspond\u00eancia do Poder Executivo Municipal", "autoria": "PREFEITO MUNICIPAL", "texto_original": "http://sapl.garca.sp.leg.br/media/sapl/public/materialegislativa/2024/110529/852.pdf", "ementa": "Of\u00edcio n\u00ba 852/2023 - Requerimento n\u00ba 1002 - 39\u00aa Sess\u00e3o"}, {"id": "110530", "ano": "2024", "numero": "17", "tipo__sigla": "CPEXM", "tipo__descricao": "Correspond\u00eancia do Poder Executivo Municipal", "autoria": "PREFEITO MUNICIPAL", "texto_original": "http://sapl.garca.sp.leg.br/media/sapl/public/materialegislativa/2024/110530/873.pdf", "ementa": "Of\u00edcio n\u00ba 873/2023 - Requerimento n\u00ba 1004 - 39\u00aa Sess\u00e3o"}, {"id": "110531", "ano": "2024", "numero": "18", "tipo__sigla": "CPEXM", "tipo__descricao": "Correspond\u00eancia do Poder Executivo Municipal", "autoria": "PREFEITO MUNICIPAL", "texto_original": "http://sapl.garca.sp.leg.br/media/sapl/public/materialegislativa/2024/110531/860.pdf", "ementa": "Of\u00edcio n\u00ba 860/2023 - Requerimento n\u00ba 1006 - 39\u00aa Sess\u00e3o"}, {"id": "110532", "ano": "2024", "numero": "19", "tipo__sigla": "CPEXM", "tipo__descricao": "Correspond\u00eancia do Poder Executivo Municipal", "autoria": "PREFEITO MUNICIPAL", "texto_original": "http://sapl.garca.sp.leg.br/media/sapl/public/materialegislativa/2024/110532/857.pdf", "ementa": "Of\u00edcio n\u00ba 857/2023 - Requerimento n\u00ba 1009 - 39\u00aa Sess\u00e3o"}, {"id": "110533", "ano": "2024", "numero": "20", "tipo__sigla": "CPEXM", "tipo__descricao": "Correspond\u00eancia do Poder Executivo Municipal", "autoria": "PREFEITO MUNICIPAL", "texto_original": "http://sapl.garca.sp.leg.br/media/sapl/public/materialegislativa/2024/110533/863.pdf", "ementa": "Of\u00edcio n\u00ba 863/2023 - Requerimento n\u00ba 1011 - 39\u00aa Sess\u00e3o"}, {"id": "110534", "ano": "2024", "numero": "21", "tipo__sigla": "CPEXM", "tipo__descricao": "Correspond\u00eancia do Poder Executivo Municipal", "autoria": "PREFEITO MUNICIPAL", "texto_original": "http://sapl.garca.sp.leg.br/media/sapl/public/materialegislativa/2024/110534/866.pdf", "ementa": "Of\u00edcio n\u00ba 866/2023 - Requerimento n\u00ba 1012 - 39\u00aa Sess\u00e3o"}, {"id": "110535", "ano": "2024", "numero": "22", "tipo__sigla": "CPEXM", "tipo__descricao": "Correspond\u00eancia do Poder Executivo Municipal", "autoria": "PREFEITO MUNICIPAL", "texto_original": "http://sapl.garca.sp.leg.br/media/sapl/public/materialegislativa/2024/110535/867.pdf", "ementa": "Of\u00edcio n\u00ba 867/2023 - Requerimento n\u00ba 1013 - 39\u00aa Sess\u00e3o"}, {"id": "110536", "ano": "2024", "numero": "23", "tipo__sigla": "CPEXM", "tipo__descricao": "Correspond\u00eancia do Poder Executivo Municipal", "autoria": "PREFEITO MUNICIPAL", "texto_original": "http://sapl.garca.sp.leg.br/media/sapl/public/materialegislativa/2024/110536/868.pdf", "ementa": "Of\u00edcio n\u00ba 868/2023 - Requerimento n\u00ba 1014 - 39\u00aa Sess\u00e3o"}, {"id": "110537", "ano": "2024", "numero": "24", "tipo__sigla": "CPEXM", "tipo__descricao": "Correspond\u00eancia do Poder Executivo Municipal", "autoria": "PREFEITO MUNICIPAL", "texto_original": "http://sapl.garca.sp.leg.br/media/sapl/public/materialegislativa/2024/110537/850.pdf", "ementa": "Of\u00edcio n\u00ba 850/2023 - Requerimento n\u00ba 1015 - 39\u00aa Sess\u00e3o"}, {"id": "110538", "ano": "2024", "numero": "25", "tipo__sigla": "CPEXM", "tipo__descricao": "Correspond\u00eancia do Poder Executivo Municipal", "autoria": "PREFEITO MUNICIPAL", "texto_original": "http://sapl.garca.sp.leg.br/media/sapl/public/materialegislativa/2024/110538/850_anexo.pdf", "ementa": "Anexo Of\u00edcio n\u00ba 850/2023 - Requerimento n\u00ba 1015 - 39\u00aa Sess\u00e3o"}, {"id": "110539", "ano": "2024", "numero": "26", "tipo__sigla": "CPEXM", "tipo__descricao": "Correspond\u00eancia do Poder Executivo Municipal", "autoria": "PREFEITO MUNICIPAL", "texto_original": "http://sapl.garca.sp.leg.br/media/sapl/public/materialegislativa/2024/110539/869.pdf", "ementa": "Of\u00edcio n\u00ba 869/2023 - Requerimento n\u00ba 1016 - 39\u00aa Sess\u00e3o"}, {"id": "110540", "ano": "2024", "numero": "27", "tipo__sigla": "CPEXM", "tipo__descricao": "Correspond\u00eancia do Poder Executivo Municipal", "autoria": "PREFEITO MUNICIPAL", "texto_original": "http://sapl.garca.sp.leg.br/media/sapl/public/materialegislativa/2024/110540/870.pdf", "ementa": "Of\u00edcio n\u00ba 870/2023 - Requerimento n\u00ba 1019 - 39\u00aa Sess\u00e3o"}, {"id": "110541", "ano": "2024", "numero": "28", "tipo__sigla": "CPEXM", "tipo__descricao": "Correspond\u00eancia do Poder Executivo Municipal", "autoria": "PREFEITO MUNICIPAL", "texto_original": "http://sapl.garca.sp.leg.br/media/sapl/public/materialegislativa/2024/110541/864.pdf", "ementa": "Of\u00edcio n\u00ba 864/2023 - Requerimento n\u00ba 1021 - 39\u00aa Sess\u00e3o"}, {"id": "110542", "ano": "2024", "numero": "29", "tipo__sigla": "CPEXM", "tipo__descricao": "Correspond\u00eancia do Poder Executivo Municipal", "autoria": "PREFEITO MUNICIPAL", "texto_original": "http://sapl.garca.sp.leg.br/media/sapl/public/materialegislativa/2024/110542/874.pdf", "ementa": "Of\u00edcio n\u00ba 874/2023 - Requerimento n\u00ba 1024 - 40\u00aa Sess\u00e3o"}, {"id": "110543", "ano": "2024", "numero": "30", "tipo__sigla": "CPEXM", "tipo__descricao": "Correspond\u00eancia do Poder Executivo Municipal", "autoria": "PREFEITO MUNICIPAL", "texto_original": "http://sapl.garca.sp.leg.br/media/sapl/public/materialegislativa/2024/110543/874_anexos.pdf", "ementa": "Anexo Of\u00edcio n\u00ba 874/2023 - Requerimento n\u00ba 1024 - 40\u00aa Sess\u00e3o"}, {"id": "110544", "ano": "2024", "numero": "31", "tipo__sigla": "CPEXM", "tipo__descricao": "Correspond\u00eancia do Poder Executivo Municipal", "autoria": "PREFEITO MUNICIPAL", "texto_original": "http://sapl.garca.sp.leg.br/media/sapl/public/materialegislativa/2024/110544/875.pdf", "ementa": "Of\u00edcio n\u00ba 875/2023 - Requerimento n\u00ba 1025 - 40\u00aa Sess\u00e3o"}, {"id": "110545", "ano": "2024", "numero": "32", "tipo__sigla": "CPEXM", "tipo__descricao": "Correspond\u00eancia do Poder Executivo Municipal", "autoria": "PREFEITO MUNICIPAL", "texto_original": "http://sapl.garca.sp.leg.br/media/sapl/public/materialegislativa/2024/110545/858.pdf", "ementa": "Of\u00edcio n\u00ba 858/2023 - Requerimento n\u00ba 1026 - 40\u00aa Sess\u00e3o"}, {"id": "110546", "ano": "2024", "numero": "33", "tipo__sigla": "CPEXM", "tipo__descricao": "Correspond\u00eancia do Poder Executivo Municipal", "autoria": "PREFEITO MUNICIPAL", "texto_original": "http://sapl.garca.sp.leg.br/media/sapl/public/materialegislativa/2024/110546/877.pdf", "ementa": "Of\u00edcio n\u00ba 877/2023 - Requerimento n\u00ba 1027 - 40\u00aa Sess\u00e3o"}, {"id": "110547", "ano": "2024", "numero": "34", "tipo__sigla": "CPEXM", "tipo__descricao": "Correspond\u00eancia do Poder Executivo Municipal", "autoria": "PREFEITO MUNICIPAL", "texto_original": "http://sapl.garca.sp.leg.br/media/sapl/public/materialegislativa/2024/110547/861.pdf", "ementa": "Of\u00edcio n\u00ba 861/2023 - Requerimento n\u00ba 1028 - 40\u00aa Sess\u00e3o"}, {"id": "110548", "ano": "2024", "numero": "35", "tipo__sigla": "CPEXM", "tipo__descricao": "Correspond\u00eancia do Poder Executivo Municipal", "autoria": "PREFEITO MUNICIPAL", "texto_original": "http://sapl.garca.sp.leg.br/media/sapl/public/materialegislativa/2024/110548/871.pdf", "ementa": "Of\u00edcio n\u00ba 871/2023 - Requerimento n\u00ba 1029 - 40\u00aa Sess\u00e3o"}, {"id": "110549", "ano": "2024", "numero": "36", "tipo__sigla": "CPEXM", "tipo__descricao": "Correspond\u00eancia do Poder Executivo Municipal", "autoria": "PREFEITO MUNICIPAL", "texto_original": "http://sapl.garca.sp.leg.br/media/sapl/public/materialegislativa/2024/110549/878.pdf", "ementa": "Of\u00edcio n\u00ba 878/2023 - Requerimento n\u00ba 1030 - 40\u00aa Sess\u00e3o"}, {"id": "110550", "ano": "2024", "numero": "37", "tipo__sigla": "CPEXM", "tipo__descricao": "Correspond\u00eancia do Poder Executivo Municipal", "autoria": "PREFEITO MUNICIPAL", "texto_original": "http://sapl.garca.sp.leg.br/media/sapl/public/materialegislativa/2024/110550/876.pdf", "ementa": "Of\u00edcio n\u00ba 876/2023 - Requerimento n\u00ba 1031 - 40\u00aa Sess\u00e3o"}, {"id": "110551", "ano": "2024", "numero": "38", "tipo__sigla": "CPEXM", "tipo__descricao": "Correspond\u00eancia do Poder Executivo Municipal", "autoria": "PREFEITO MUNICIPAL", "texto_original": "http://sapl.garca.sp.leg.br/media/sapl/public/materialegislativa/2024/110551/862.pdf", "ementa": "Of\u00edcio n\u00ba 862/2023 - Requerimento n\u00ba 1032 - 40\u00aa Sess\u00e3o"}, {"id": "110554", "ano": "2024", "numero": "39", "tipo__sigla": "CPEXM", "tipo__descricao": "Correspond\u00eancia do Poder Executivo Municipal", "autoria": "PREFEITO MUNICIPAL", "texto_original": "http://sapl.garca.sp.leg.br/media/sapl/public/materialegislativa/2024/110554/017.pdf", "ementa": "Of\u00edcio n\u00ba 017/2024 - Solicita convoca\u00e7\u00e3o de Sess\u00f5es Extraordin\u00e1rias"}, {"id": "110555", "ano": "2024", "numero": "40", "tipo__sigla": "CPEXM", "tipo__descricao": "Correspond\u00eancia do Poder Executivo Municipal", "autoria": "PREFEITO MUNICIPAL", "texto_original": "http://sapl.garca.sp.leg.br/media/sapl/public/materialegislativa/2024/110555/lc_002_anexo.pdf", "ementa": "Anexo Projeto de Lei Complementar n\u00ba 002/2024 - ALTERA A LEI COMPLEMENTAR N\u00ba 003/2014 E SUAS ALTERA\u00c7\u00d5ES, QUE DISP\u00d5E SOBRE A ESTRUTURA ADMINISTRATIVA DA PREFEITURA MUNICIPAL DE GAR\u00c7A E DE SUAS AUTARQUIAS E D\u00c1 OUTRAS PROVID\u00caNCIAS."}, {"id": "110556", "ano": "2024", "numero": "41", "tipo__sigla": "CPEXM", "tipo__descricao": "Correspond\u00eancia do Poder Executivo Municipal", "autoria": "PREFEITO MUNICIPAL", "texto_original": "http://sapl.garca.sp.leg.br/media/sapl/public/materialegislativa/2024/110556/lc_003_anexo.pdf", "ementa": "Anexo Projeto de Lei Complementar n\u00ba 003/2024 - ALTERA A LEI COMPLEMENTAR N\u00ba 048/2018 E SUAS ALTERA\u00c7\u00d5ES, QUE DISP\u00d5E SOBRE A REORGANIZA\u00c7\u00c3O DO ESTATUTO E DO PLANO DE CARREIRA DO MAGIST\u00c9RIO P\u00daBLICO MUNICIPAL DE GAR\u00c7A E D\u00c1 OUTRAS PROVID\u00caNCIAS."}, {"id": "110557", "ano": "2024", "numero": "42", "tipo__sigla": "CPEXM", "tipo__descricao": "Correspond\u00eancia do Poder Executivo Municipal", "autoria": "PREFEITO MUNICIPAL", "texto_original": "http://sapl.garca.sp.leg.br/media/sapl/public/materialegislativa/2024/110557/lc_003_anexo_i.pdf", "ementa": "Anexo Projeto de Lei Complementar n\u00ba 002/2024 - ALTERA A LEI COMPLEMENTAR N\u00ba 003/2014 E SUAS ALTERA\u00c7\u00d5ES, QUE DISP\u00d5E SOBRE A ESTRUTURA ADMINISTRATIVA DA PREFEITURA MUNICIPAL DE GAR\u00c7A E DE SUAS AUTARQUIAS E D\u00c1 OUTRAS PROVID\u00caNCIAS."}, {"id": "110558", "ano": "2024", "numero": "43", "tipo__sigla": "CPEXM", "tipo__descricao": "Correspond\u00eancia do Poder Executivo Municipal", "autoria": "PREFEITO MUNICIPAL", "texto_original": "http://sapl.garca.sp.leg.br/media/sapl/public/materialegislativa/2024/110558/lc_002_anexo_ii.pdf", "ementa": "Anexo Projeto de Lei Complementar n\u00ba 002/2024 - ALTERA A LEI COMPLEMENTAR N\u00ba 003/2014 E SUAS ALTERA\u00c7\u00d5ES, QUE DISP\u00d5E SOBRE A ESTRUTURA ADMINISTRATIVA DA PREFEITURA MUNICIPAL DE GAR\u00c7A E DE SUAS AUTARQUIAS E D\u00c1 OUTRAS PROVID\u00caNCIAS."}, {"id": "110613", "ano": "2024", "numero": "44", "tipo__sigla": "CPEXM", "tipo__descricao": "Correspond\u00eancia do Poder Executivo Municipal", "autoria": "PREFEITO MUNICIPAL", "texto_original": "http://sapl.garca.sp.leg.br/media/sapl/public/materialegislativa/2024/110613/013_anexos.pdf", "ementa": "Anexo Projeto de Lei n\u00ba 17/2024 - ALTERA O ANEXO III DA LEI N\u00ba 5.435/2021 (PPA) E ALTERA O ANEXO IIA DA LEI N\u00ba 5.560/2023 (LDO), AUTORIZANDO A ABERTURA DE CR\u00c9DITO ESPECIAL, NO IMPORTE DE R$ 100.000,00 (CEM MIL REAIS), OBJETIVANDO UTILIZAR OS RECURSOS DESTINADOS \u00c0 OSC \u201cLAR DOS VELHOS FREDERICO OZANAM\", CONSTANTE DA EMENDA N\u00ba 202340120001, DO DEPUTADO FEDERAL JOS\u00c9 GUILHERME NEGR\u00c3O PEIXOTO."}, {"id": "110614", "ano": "2024", "numero": "45", "tipo__sigla": "CPEXM", "tipo__descricao": "Correspond\u00eancia do Poder Executivo Municipal", "autoria": "PREFEITO MUNICIPAL", "texto_original": "http://sapl.garca.sp.leg.br/media/sapl/public/materialegislativa/2024/110614/011_anexo.pdf", "ementa": "Anexo Projeto de Lei n\u00ba 20/2024 - ALTERA O ANEXO III DA LEI N\u00ba 5.435/2021 (PPA) E ALTERA O ANEXO IIA DA LEI N\u00ba 5.560/2023 (LDO), AUTORIZANDO A ABERTURA DE CR\u00c9DITO ESPECIAL, NO IMPORTE DE R$ 10.000,00 (DEZ MIL REAIS), DESTINADO AO CONSELHO MUNICIPAL DOS DIREITOS DA CRIAN\u00c7A E DO ADOLESCENTE \u2013 COMDICRA."}, {"id": "110615", "ano": "2024", "numero": "46", "tipo__sigla": "CPEXM", "tipo__descricao": "Correspond\u00eancia do Poder Executivo Municipal", "autoria": "PREFEITO MUNICIPAL", "texto_original": "http://sapl.garca.sp.leg.br/media/sapl/public/materialegislativa/2024/110615/012_anexo.pdf", "ementa": "Anexo Projeto de Lei n\u00ba 16/2024 - ALTERA O ANEXO III DA LEI N\u00ba 5.435/2021 (PPA) E ALTERA O ANEXO IIA DA LEI N\u00ba 5.560/2023 (LDO), AUTORIZANDO A ABERTURA DE CR\u00c9DITO ESPECIAL, NO IMPORTE DE R$ 210.950,85 (DUZENTOS E DEZ MIL, NOVECENTOS E CINQUENTA REAIS E OITENTA E CINCO CENTAVOS), OBJETIVANDO UTILIZAR OS RECURSOS DA CIP \u2013 CONTRIBUI\u00c7\u00c3O DE ILUMINA\u00c7\u00c3O P\u00daBLICA."}, {"id": "110616", "ano": "2024", "numero": "47", "tipo__sigla": "CPEXM", "tipo__descricao": "Correspond\u00eancia do Poder Executivo Municipal", "autoria": "PREFEITO MUNICIPAL", "texto_original": "http://sapl.garca.sp.leg.br/media/sapl/public/materialegislativa/2024/110616/009_anexo.pdf", "ementa": "Anexo Projeto de Lei n\u00ba 21/2024 - ALTERA O ANEXO III DA LEI N\u00ba 5.435/2021 (PPA) E ALTERA O ANEXO IIA DA LEI N\u00ba 5.560/2023 (LDO), AUTORIZANDO A ABERTURA DE CR\u00c9DITO ESPECIAL, NO IMPORTE DE R$ 5.000,00 (CINCO MIL REAIS), DESTINADO AO PAGAMENTO DO PR\u00caMIO REFERENTE AO CONCURSO PARA SELE\u00c7\u00c3O DE LOGOMARCA AO PROGRAMA \u201cADOTE UMA NASCENTE\u201d."}, {"id": "110617", "ano": "2024", "numero": "48", "tipo__sigla": "CPEXM", "tipo__descricao": "Correspond\u00eancia do Poder Executivo Municipal", "autoria": "PREFEITO MUNICIPAL", "texto_original": "http://sapl.garca.sp.leg.br/media/sapl/public/materialegislativa/2024/110617/008_anexo.pdf", "ementa": "Anexo Projeto de Lei n\u00ba 19/2024 - ALTERA O ANEXO III DA LEI N\u00ba 5.435/2021 (PPA) E ALTERA O ANEXO IIA DA LEI N\u00ba 5.560/2023 (LDO), AUTORIZANDO A ABERTURA DE CR\u00c9DITO ESPECIAL, NO IMPORTE DE R$ 360.000,00 (TREZENTOS E SESSENTA MIL REAIS), DESTINADO A SUPLEMENTAR A SUBVEN\u00c7\u00c3O ECON\u00d4MICA DE QUE TRATA A LEI MUNICIPAL N\u00ba 5.566/23."}, {"id": "110618", "ano": "2024", "numero": "49", "tipo__sigla": "CPEXM", "tipo__descricao": "Correspond\u00eancia do Poder Executivo Municipal", "autoria": "PREFEITO MUNICIPAL", "texto_original": "http://sapl.garca.sp.leg.br/media/sapl/public/materialegislativa/2024/110618/010_anexos.pdf", "ementa": "Anexo Projeto de Lei n\u00ba 15/2024 - ALTERA O ANEXO III DA LEI N\u00ba 5.435/2021 (PPA) E ALTERA O ANEXO IIA DA LEI N\u00ba 5.560/2023 (LDO), AUTORIZANDO A ABERTURA DE CR\u00c9DITO ESPECIAL, NO IMPORTE DE R$ 1.005.000,00 (UM MILH\u00c3O E CINCO MIL REAIS), OBJETIVANDO UTILIZAR OS RECURSOS DA ASSIST\u00caNCIA FINANCEIRA DA UNI\u00c3O DESTINADA A COMPLEMENTA\u00c7\u00c3O AO PAGAMENTO DOS PISOS SALARIAIS PARA OS PROFISSIONAIS DA ENFERMAGEM."}, {"id": "110619", "ano": "2024", "numero": "50", "tipo__sigla": "CPEXM", "tipo__descricao": "Correspond\u00eancia do Poder Executivo Municipal", "autoria": "PREFEITO MUNICIPAL", "texto_original": "http://sapl.garca.sp.leg.br/media/sapl/public/materialegislativa/2024/110619/014_anexo.pdf", "ementa": "Anexo Projeto de Lei n\u00ba 18/2024 - ALTERA O ANEXO III DA LEI N\u00ba 5.435/2021 (PPA) E ALTERA O ANEXO IIA DA LEI N\u00ba 5.560/2023 (LDO), AUTORIZANDO A ABERTURA DE CR\u00c9DITO ESPECIAL, NO IMPORTE DE R$ 248.278,02 (DUZENTOS E QUARENTA E OITO MIL, DUZENTOS E SETENTA E OITO REAIS E DOIS CENTAVOS), OBJETIVANDO UTILIZAR OS RECURSOS DO FUNDO MUNICIPAL DE ESPORTES, CONV\u00caNIO N\u00ba 00440/2023 GOVERNO DO ESTADO DE S\u00c3O PAULO \u2013 PROGRAMA CENTRO DE FORMA\u00c7\u00c3O ESPORTIVA E CONV\u00caNIO FEDERAL \u2013 PROGRAMA ESPORTE PARA TODOS."}, {"id": "110620", "ano": "2024", "numero": "51", "tipo__sigla": "CPEXM", "tipo__descricao": "Correspond\u00eancia do Poder Executivo Municipal", "autoria": "PREFEITO MUNICIPAL", "texto_original": "http://sapl.garca.sp.leg.br/media/sapl/public/materialegislativa/2024/110620/015_anexo.pdf", "ementa": "Anexo Projeto de Lei n\u00ba 22/2024 - ALTERA O ANEXO III DA LEI N\u00ba 5.435/2021 (PPA) E ALTERA O ANEXO IIA DA LEI N\u00ba 5.560/2023 (LDO), AUTORIZANDO A ABERTURA DE CR\u00c9DITO ESPECIAL, NO IMPORTE DE R$ 1.604.128,56 (UM MILH\u00c3O, SEISCENTOS E QUATRO MIL, CENTO E VINTE E OITO REAIS E CINQUENTA E SEIS CENTAVOS), OBJETIVANDO UTILIZAR OS RECURSOS QSE \u2013 QUOTA SAL\u00c1RIO EDUCA\u00c7\u00c3O."}, {"id": "110621", "ano": "2024", "numero": "52", "tipo__sigla": "CPEXM", "tipo__descricao": "Correspond\u00eancia do Poder Executivo Municipal", "autoria": "PREFEITO MUNICIPAL", "texto_original": "http://sapl.garca.sp.leg.br/media/sapl/public/materialegislativa/2024/110621/016_anexo.pdf", "ementa": "Anexo Projeto de Lei n\u00ba 23/2024 - ALTERA O ANEXO III DA LEI N\u00ba 5.435/2021 (PPA) E ALTERA O ANEXO IIA DA LEI N\u00ba 5.560/2023 (LDO), AUTORIZANDO A ABERTURA DE CR\u00c9DITO ESPECIAL NO IMPORTE DE R$ 20.000,00 (VINTE MIL REAIS), OBJETIVANDO UTILIZAR OS RECURSOS PR\u00d3PRIOS."}, {"id": "110622", "ano": "2024", "numero": "53", "tipo__sigla": "CPEXM", "tipo__descricao": "Correspond\u00eancia do Poder Executivo Municipal", "autoria": "PREFEITO MUNICIPAL", "texto_original": "http://sapl.garca.sp.leg.br/media/sapl/public/materialegislativa/2024/110622/033.pdf", "ementa": "Of\u00edcio n\u00ba 033/2024 - Solicita retirada do Projeto de Lei n\u00ba 16/2024"}, {"id": "110623", "ano": "2024", "numero": "54", "tipo__sigla": "CPEXM", "tipo__descricao": "Correspond\u00eancia do Poder Executivo Municipal", "autoria": "PREFEITO MUNICIPAL", "texto_original": "http://sapl.garca.sp.leg.br/media/sapl/public/materialegislativa/2024/110623/034.pdf", "ementa": "Of\u00edcio n\u00ba 034/2024 - Solicita retirada do Projeto de Lei n\u00ba 18/2024"}, {"id": "110624", "ano": "2024", "numero": "55", "tipo__sigla": "CPEXM", "tipo__descricao": "Correspond\u00eancia do Poder Executivo Municipal", "autoria": "PREFEITO MUNICIPAL", "texto_original": "http://sapl.garca.sp.leg.br/media/sapl/public/materialegislativa/2024/110624/035.pdf", "ementa": "Of\u00edcio n\u00ba 035/2024 - Solicita retirada do Projeto de Lei n\u00ba 19/2024"}, {"id": "110625", "ano": "2024", "numero": "56", "tipo__sigla": "CPEXM", "tipo__descricao": "Correspond\u00eancia do Poder Executivo Municipal", "autoria": "PREFEITO MUNICIPAL", "texto_original": "http://sapl.garca.sp.leg.br/media/sapl/public/materialegislativa/2024/110625/036.pdf", "ementa": "Of\u00edcio n\u00ba 036/2024 - Solicita retirada do Projeto de Lei n\u00ba 20/2024"}, {"id": "110626", "ano": "2024", "numero": "57", "tipo__sigla": "CPEXM", "tipo__descricao": "Correspond\u00eancia do Poder Executivo Municipal", "autoria": "PREFEITO MUNICIPAL", "texto_original": "http://sapl.garca.sp.leg.br/media/sapl/public/materialegislativa/2024/110626/037.pdf", "ementa": "Of\u00edcio n\u00ba 037/2024 - Solicita retirada do Projeto de Lei n\u00ba 21/2024"}, {"id": "110627", "ano": "2024", "numero": "58", "tipo__sigla": "CPEXM", "tipo__descricao": "Correspond\u00eancia do Poder Executivo Municipal", "autoria": "PREFEITO MUNICIPAL", "texto_original": "http://sapl.garca.sp.leg.br/media/sapl/public/materialegislativa/2024/110627/038.pdf", "ementa": "Of\u00edcio n\u00ba 038/2024 - Solicita retirada do Projeto de Lei n\u00ba 22/2024"}, {"id": "110628", "ano": "2024", "numero": "59", "tipo__sigla": "CPEXM", "tipo__descricao": "Correspond\u00eancia do Poder Executivo Municipal", "autoria": "PREFEITO MUNICIPAL", "texto_original": "http://sapl.garca.sp.leg.br/media/sapl/public/materialegislativa/2024/110628/039.pdf", "ementa": "Of\u00edcio n\u00ba 039/2024 - Solicita retirada do Projeto de Lei n\u00ba 23/2024"}, {"id": "110631", "ano": "2024", "numero": "60", "tipo__sigla": "CPEXM", "tipo__descricao": "Correspond\u00eancia do Poder Executivo Municipal", "autoria": "PREFEITO MUNICIPAL", "texto_original": "http://sapl.garca.sp.leg.br/media/sapl/public/materialegislativa/2024/110631/024_anexos.pdf", "ementa": "ANEXOS PROJETO DE LEI - DISP\u00d5E SOBRE DENOMINA\u00c7\u00c3O DE IM\u00d3VEL P\u00daBLICO - \u201cCOMPLEXO ESPORTIVO E LAZER VALDIR TRAMONTINI\u201d"}, {"id": "110658", "ano": "2024", "numero": "61", "tipo__sigla": "CPEXM", "tipo__descricao": "Correspond\u00eancia do Poder Executivo Municipal", "autoria": "PREFEITO MUNICIPAL", "texto_original": "http://sapl.garca.sp.leg.br/media/sapl/public/materialegislativa/2024/110658/017_anexos.pdf", "ementa": "Anexo Projeto de Lei - ALTERA O ANEXO III DA LEI N\u00ba 5.435/2021 (PPA) E ALTERA O ANEXO IIA DA LEI N\u00ba 5.560/2023 (LDO), AUTORIZANDO A ABERTURA DE CR\u00c9DITO ESPECIAL, NO IMPORTE DE R$ 360.000,00 (TREZENTOS E SESSENTA MIL REAIS), DESTINADO A SUPLEMENTAR A SUBVEN\u00c7\u00c3O ECON\u00d4MICA DE QUE TRATA A LEI MUNICIPAL N\u00ba 5.566/23."}, {"id": "110660", "ano": "2024", "numero": "62", "tipo__sigla": "CPEXM", "tipo__descricao": "Correspond\u00eancia do Poder Executivo Municipal", "autoria": "PREFEITO MUNICIPAL", "texto_original": "http://sapl.garca.sp.leg.br/media/sapl/public/materialegislativa/2024/110660/018_anexo.pdf", "ementa": "Anexo Projeto de Lei - ALTERA O ANEXO III DA LEI N\u00ba 5.435/2021 (PPA) E ALTERA O ANEXO IIA DA LEI N\u00ba 5.560/2023 (LDO), AUTORIZANDO A ABERTURA DE CR\u00c9DITO ESPECIAL, NO IMPORTE DE R$ 5.000,00 (CINCO MIL REAIS), DESTINADO AO PAGAMENTO DO PR\u00caMIO REFERENTE AO CONCURSO PARA SELE\u00c7\u00c3O DE LOGOMARCA AO PROGRAMA \u201cADOTE UMA NASCENTE\u201d."}, {"id": "110662", "ano": "2024", "numero": "63", "tipo__sigla": "CPEXM", "tipo__descricao": "Correspond\u00eancia do Poder Executivo Municipal", "autoria": "PREFEITO MUNICIPAL", "texto_original": "http://sapl.garca.sp.leg.br/media/sapl/public/materialegislativa/2024/110662/019_anexo.pdf", "ementa": "Anexo Projeto de Lei - ALTERA O ANEXO III DA LEI N\u00ba 5.435/2021 (PPA) E ALTERA O ANEXO IIA DA LEI N\u00ba 5.560/2023 (LDO), AUTORIZANDO A ABERTURA DE CR\u00c9DITO ESPECIAL, NO IMPORTE DE R$ 10.000,00 (DEZ MIL REAIS), DESTINADO AO CONSELHO MUNICIPAL DOS DIREITOS DA CRIAN\u00c7A E DO ADOLESCENTE \u2013 COMDICRA."}, {"id": "110664", "ano": "2024", "numero": "64", "tipo__sigla": "CPEXM", "tipo__descricao": "Correspond\u00eancia do Poder Executivo Municipal", "autoria": "PREFEITO MUNICIPAL", "texto_original": "http://sapl.garca.sp.leg.br/media/sapl/public/materialegislativa/2024/110664/020_anexos.pdf", "ementa": "Anexo Projeto de Lei - ALTERA O ANEXO III DA LEI N\u00ba 5.435/2021 (PPA) E ALTERA O ANEXO IIA DA LEI N\u00ba 5.560/2023 (LDO), AUTORIZANDO A ABERTURA DE CR\u00c9DITO ESPECIAL, NO IMPORTE DE R$ 210.950,85 (DUZENTOS E DEZ MIL, NOVECENTOS E CINQUENTA REAIS E OITENTA E CINCO CENTAVOS), OBJETIVANDO UTILIZAR OS RECURSOS DA CIP \u2013 CONTRIBUI\u00c7\u00c3O DE ILUMINA\u00c7\u00c3O P\u00daBLICA."}, {"id": "110666", "ano": "2024", "numero": "65", "tipo__sigla": "CPEXM", "tipo__descricao": "Correspond\u00eancia do Poder Executivo Municipal", "autoria": "PREFEITO MUNICIPAL", "texto_original": "http://sapl.garca.sp.leg.br/media/sapl/public/materialegislativa/2024/110666/021_anexo.pdf", "ementa": "Anexo Projeto de Lei - ALTERA O ANEXO III DA LEI N\u00ba 5.435/2021 (PPA) E ALTERA O ANEXO IIA DA LEI N\u00ba 5.560/2023 (LDO), AUTORIZANDO A ABERTURA DE CR\u00c9DITO ESPECIAL, NO IMPORTE DE R$ 248.278,02 (DUZENTOS E QUARENTA E OITO MIL, DUZENTOS E SETENTA E OITO REAIS E DOIS CENTAVOS), OBJETIVANDO UTILIZAR OS RECURSOS DO FUNDO MUNICIPAL DE ESPORTES, CONV\u00caNIO N\u00ba 00440/2023 GOVERNO DO ESTADO DE S\u00c3O PAULO \u2013 PROGRAMA CENTRO DE FORMA\u00c7\u00c3O ESPORTIVA E CONV\u00caNIO FEDERAL \u2013 PROGRAMA ESPORTE PARA TODOS."}, {"id": "110668", "ano": "2024", "numero": "66", "tipo__sigla": "CPEXM", "tipo__descricao": "Correspond\u00eancia do Poder Executivo Municipal", "autoria": "PREFEITO MUNICIPAL", "texto_original": "http://sapl.garca.sp.leg.br/media/sapl/public/materialegislativa/2024/110668/022_anexo.pdf", "ementa": "Anexo Projeto de Lei - ALTERA O ANEXO III DA LEI N\u00ba 5.435/2021 (PPA) E ALTERA O ANEXO IIA DA LEI N\u00ba 5.560/2023 (LDO), AUTORIZANDO A ABERTURA DE CR\u00c9DITO ESPECIAL, NO IMPORTE DE R$ 1.604.128,56 (UM MILH\u00c3O, SEISCENTOS E QUATRO MIL, CENTO E VINTE E OITO REAIS E CINQUENTA E SEIS CENTAVOS), OBJETIVANDO UTILIZAR OS RECURSOS QSE \u2013 QUOTA SAL\u00c1RIO EDUCA\u00c7\u00c3O."}, {"id": "110670", "ano": "2024", "numero": "67", "tipo__sigla": "CPEXM", "tipo__descricao": "Correspond\u00eancia do Poder Executivo Municipal", "autoria": "PREFEITO MUNICIPAL", "texto_original": "http://sapl.garca.sp.leg.br/media/sapl/public/materialegislativa/2024/110670/023_anexo.pdf", "ementa": "Anexo Projeto de Lei - ALTERA O ANEXO III DA LEI N\u00ba 5.435/2021 (PPA) E ALTERA O ANEXO IIA DA LEI N\u00ba 5.560/2023 (LDO), AUTORIZANDO A ABERTURA DE CR\u00c9DITO ESPECIAL NO IMPORTE DE R$ 20.000,00 (VINTE MIL REAIS), OBJETIVANDO UTILIZAR OS RECURSOS PR\u00d3PRIOS."}, {"id": "110672", "ano": "2024", "numero": "68", "tipo__sigla": "CPEXM", "tipo__descricao": "Correspond\u00eancia do Poder Executivo Municipal", "autoria": "PREFEITO MUNICIPAL", "texto_original": "http://sapl.garca.sp.leg.br/media/sapl/public/materialegislativa/2024/110672/083_anexos_1.pdf", "ementa": "Anexo Projeto de Lei n\u00ba 101/2023 - AUTORIZA A DOA\u00c7\u00c3O DE \u00c1REA PARA EMPRESA COM ATIVIDADE EMPRESARIAL NO DISTRITO EMPRESARIAL \u201cCARLOS AUGUSTO TEIXEIRA PINTO\u201d  - EMPRESA JOVALDO MENDON\u00c7A - ME"}, {"id": "110715", "ano": "2024", "numero": "69", "tipo__sigla": "CPEXM", "tipo__descricao": "Correspond\u00eancia do Poder Executivo Municipal", "autoria": "PREFEITO MUNICIPAL", "texto_original": "http://sapl.garca.sp.leg.br/media/sapl/public/materialegislativa/2024/110715/029.pdf", "ementa": "ANEXO PROJETO DE LEI - ALTERA O ANEXO III DA LEI N\u00ba 5.435/2021 (PPA) E ALTERA O ANEXO IIA DA LEI N\u00ba 5.560/2023 (LDO), AUTORIZANDO A ABERTURA DE CR\u00c9DITO ESPECIAL, NO IMPORTE DE R$  1.158.828,29 (UM MILH\u00c3O, CENTO E CINQUENTA E OITO MIL, OITOCENTOS E VINTE E OITO REAIS E VINTE E NOVE CENTAVOS), OBJETIVANDO UTILIZAR OS RECURSOS ESTADUAIS  \u2013 EXERC\u00cdCIO ANTERIOR."}, {"id": "110717", "ano": "2024", "numero": "70", "tipo__sigla": "CPEXM", "tipo__descricao": "Correspond\u00eancia do Poder Executivo Municipal", "autoria": "PREFEITO MUNICIPAL", "texto_original": "http://sapl.garca.sp.leg.br/media/sapl/public/materialegislativa/2024/110717/030.pdf", "ementa": "ANEXO PROJETO DE LEI - ALTERA O ANEXO III DA LEI N\u00ba 5.435/2021 (PPA) E ALTERA O ANEXO IIA DA LEI N\u00ba 5.560/2023 (LDO), AUTORIZANDO A ABERTURA DE CR\u00c9DITO ESPECIAL, NO IMPORTE DE R$ 1.024.638,53 (UM MILH\u00c3O, VINTE E QUATRO MIL, SEISCENTOS E TRINTA E OITO REAIS E CINQUENTA E TR\u00caS CENTAVOS), OBJETIVANDO UTILIZAR OS RECURSOS FEDERAIS \u2013 EXERC\u00cdCIO ANTERIOR."}, {"id": "110719", "ano": "2024", "numero": "71", "tipo__sigla": "CPEXM", "tipo__descricao": "Correspond\u00eancia do Poder Executivo Municipal", "autoria": "PREFEITO MUNICIPAL", "texto_original": "http://sapl.garca.sp.leg.br/media/sapl/public/materialegislativa/2024/110719/031_anexos.pdf", "ementa": "Anexo Projeto de Lei - ALTERA O ANEXO III DA LEI N\u00ba 5.435/2021 (PPA) E ALTERA O ANEXO IIA DA LEI N\u00ba 5.560/23 (LDO), AUTORIZANDO A ABERTURA DE CR\u00c9DITO ESPECIAL, NO IMPORTE DE R$ 7.210.039,69 (SETE MILH\u00d5ES, DUZENTOS E DEZ MIL, TRINTA E NOVE REAIS E SESSENTA E NOVE CENTAVOS), OBJETIVANDO A MODERNIZA\u00c7\u00c3O DA ILUMINA\u00c7\u00c3O P\u00daBLICA DO MUNIC\u00cdPIO DE GAR\u00c7A."}, {"id": "110720", "ano": "2024", "numero": "72", "tipo__sigla": "CPEXM", "tipo__descricao": "Correspond\u00eancia do Poder Executivo Municipal", "autoria": "PREFEITO MUNICIPAL", "texto_original": "http://sapl.garca.sp.leg.br/media/sapl/public/materialegislativa/2024/110720/060.pdf", "ementa": "Of\u00edcio n\u00ba 060/2024 - Solicita retirada do Projeto de Lei n\u00ba 138/2023."}, {"id": "110722", "ano": "2024", "numero": "73", "tipo__sigla": "CPEXM", "tipo__descricao": "Correspond\u00eancia do Poder Executivo Municipal", "autoria": "PREFEITO MUNICIPAL", "texto_original": "http://sapl.garca.sp.leg.br/media/sapl/public/materialegislativa/2024/110722/028_anexos.pdf", "ementa": "Anexo Projeto de Lei - ALTERA A LEI 4.715 DE 2011 E ALTERA\u00c7\u00d5ES QUE DISP\u00d5E SOBRE A CONCESS\u00c3O DE VALE ALIMENTA\u00c7\u00c3O."}, {"id": "110744", "ano": "2024", "numero": "74", "tipo__sigla": "CPEXM", "tipo__descricao": "Correspond\u00eancia do Poder Executivo Municipal", "autoria": "PREFEITO MUNICIPAL", "texto_original": "http://sapl.garca.sp.leg.br/media/sapl/public/materialegislativa/2024/110744/027_anexo.pdf", "ementa": "ANEXO PROJETO DE LEI N\u00ba 38/2024 - DISP\u00d5E SOBRE A CONVERS\u00c3O DE F\u00c9RIAS VENCIDAS EM PEC\u00daNIA, NAS CONDI\u00c7\u00d5ES ESPECIFICADAS E D\u00c1 OUTRAS PROVID\u00caNCIAS."}, {"id": "110750", "ano": "2024", "numero": "75", "tipo__sigla": "CPEXM", "tipo__descricao": "Correspond\u00eancia do Poder Executivo Municipal", "autoria": "PREFEITO MUNICIPAL", "texto_original": "http://sapl.garca.sp.leg.br/media/sapl/public/materialegislativa/2024/110750/072.pdf", "ementa": "Of\u00edcio n\u00ba 072/2024 - Solicita retirada do Projeto de Lei n\u00ba 05/2024"}, {"id": "110751", "ano": "2024", "numero": "76", "tipo__sigla": "CPEXM", "tipo__descricao": "Correspond\u00eancia do Poder Executivo Municipal", "autoria": "PREFEITO MUNICIPAL", "texto_original": "http://sapl.garca.sp.leg.br/media/sapl/public/materialegislativa/2024/110751/073.pdf", "ementa": "Of\u00edcio n\u00ba 073/2024 - Solicita retirada do Projeto de Lei n\u00ba 06/2024"}, {"id": "110752", "ano": "2024", "numero": "77", "tipo__sigla": "CPEXM", "tipo__descricao": "Correspond\u00eancia do Poder Executivo Municipal", "autoria": "PREFEITO MUNICIPAL", "texto_original": "http://sapl.garca.sp.leg.br/media/sapl/public/materialegislativa/2024/110752/076.pdf", "ementa": "Of\u00edcio n\u00ba 076/2024 - Solicita retirada do Projeto de Lei n\u00ba 09/2024"}, {"id": "110753", "ano": "2024", "numero": "78", "tipo__sigla": "CPEXM", "tipo__descricao": "Correspond\u00eancia do Poder Executivo Municipal", "autoria": "PREFEITO MUNICIPAL", "texto_original": "http://sapl.garca.sp.leg.br/media/sapl/public/materialegislativa/2024/110753/074.pdf", "ementa": "Of\u00edcio n\u00ba 074/2024 - Solicita retirada do Projeto de Lei n\u00ba 07/2024"}, {"id": "110754", "ano": "2024", "numero": "79", "tipo__sigla": "CPEXM", "tipo__descricao": "Correspond\u00eancia do Poder Executivo Municipal", "autoria": "PREFEITO MUNICIPAL", "texto_original": "http://sapl.garca.sp.leg.br/media/sapl/public/materialegislativa/2024/110754/075.pdf", "ementa": "Of\u00edcio n\u00ba 075/2024 - Solicita retirada do Projeto de Lei n\u00ba 08/2024"}, {"id": "110762", "ano": "2024", "numero": "80", "tipo__sigla": "CPEXM", "tipo__descricao": "Correspond\u00eancia do Poder Executivo Municipal", "autoria": "PREFEITO MUNICIPAL", "texto_original": "http://sapl.garca.sp.leg.br/media/sapl/public/materialegislativa/2024/110762/033_anexo.pdf", "ementa": "Anexo Projeto de Lei n\u00ba 40/2024 - ALTERA O ANEXO III DA LEI N\u00ba 5.435/2021 (PPA) E ALTERA O ANEXO IIA DA LEI N\u00ba 5.560/2023 (LDO), AUTORIZANDO A ABERTURA DE CR\u00c9DITO ESPECIAL, NO IMPORTE DE R$ 350.000,00 (TREZENTOS E CINQUENTA MIL REAIS), OBJETIVANDO UTILIZAR OS RECURSOS DA ALIENA\u00c7\u00c3O DE BENS DO TESOURO \u2013 EXERC\u00cdCIO ANTERIOR."}, {"id": "110763", "ano": "2024", "numero": "81", "tipo__sigla": "CPEXM", "tipo__descricao": "Correspond\u00eancia do Poder Executivo Municipal", "autoria": "PREFEITO MUNICIPAL", "texto_original": "http://sapl.garca.sp.leg.br/media/sapl/public/materialegislativa/2024/110763/034_anexo.pdf", "ementa": "Anexo Projeto de Lei n\u00ba 41/2024 - ALTERA O ANEXO III DA LEI N\u00ba 5.435/2021 (PPA) E ALTERA O ANEXO IIA DA LEI N\u00ba 5.560/2023 (LDO), AUTORIZANDO A ABERTURA DE CR\u00c9DITO ESPECIAL, NO IMPORTE DE R$ 3.093,35 (TR\u00caS MIL E NOVENTA E TR\u00caS REAIS E TRINTA E CINCO CENTAVOS), OBJETIVANDO UTILIZAR OS RECURSOS DA CONTRIBUI\u00c7\u00c3O DE INTERVEN\u00c7\u00c3O NO DOM\u00cdNIO ECON\u00d4MICO - CIDE DO EXERC\u00cdCIO ANTERIOR."}, {"id": "110764", "ano": "2024", "numero": "82", "tipo__sigla": "CPEXM", "tipo__descricao": "Correspond\u00eancia do Poder Executivo Municipal", "autoria": "PREFEITO MUNICIPAL", "texto_original": "http://sapl.garca.sp.leg.br/media/sapl/public/materialegislativa/2024/110764/035_anexo.pdf", "ementa": "Anexo Projeto de Lei n 42/2024 - ALTERA O ANEXO III DA LEI N\u00ba 5.435/2021 (PPA) E ALTERA O ANEXO IIA DA LEI N\u00ba 5.560/2023 (LDO), AUTORIZANDO A ABERTURA DE CR\u00c9DITO ESPECIAL, NO IMPORTE DE R$ 7.364,45 (SETE MIL, TREZENTOS E SESSENTA E QUATRO REAIS E QUARENTA E CINCO CENTAVOS), OBJETIVANDO UTILIZAR OS RECURSOS FEDERAIS DO PROGRAMA NACIONAL DE APOIO AO TRANSPORTE ESCOLAR DO EXERC\u00cdCIO ANTERIOR."}, {"id": "110765", "ano": "2024", "numero": "83", "tipo__sigla": "CPEXM", "tipo__descricao": "Correspond\u00eancia do Poder Executivo Municipal", "autoria": "PREFEITO MUNICIPAL", "texto_original": "http://sapl.garca.sp.leg.br/media/sapl/public/materialegislativa/2024/110765/036_anexo.pdf", "ementa": "Anexo Projeto de Lei n\u00ba 43/2024 - ALTERA O ANEXO III DA LEI N\u00ba 5.435/2021 (PPA) E ALTERA O ANEXO IIA DA LEI N\u00ba 5.560/2023 (LDO), AUTORIZANDO A ABERTURA DE CR\u00c9DITO ESPECIAL NO IMPORTE DE R$ 833.030,54 (OITOCENTOS E TRINTA E TR\u00caS MIL, TRINTA REAIS E CINQUENTA E QUATRO CENTAVOS), OBJETIVANDO UTILIZAR OS RECURSOS FEDERAIS DO EXERC\u00cdCIO ANTERIOR (AUX\u00cdLIO FINANCEIRO \u2013 ICM EC 123, DESONERA\u00c7\u00c3O ICMS LEI 176/2020, APOIO FINANCEIRO FPM E APOIO FINANCEIRO MP 938)."}, {"id": "110766", "ano": "2024", "numero": "84", "tipo__sigla": "CPEXM", "tipo__descricao": "Correspond\u00eancia do Poder Executivo Municipal", "autoria": "PREFEITO MUNICIPAL", "texto_original": "http://sapl.garca.sp.leg.br/media/sapl/public/materialegislativa/2024/110766/037_anexo.pdf", "ementa": "Anexo Projeto de Lei n\u00ba 44/2024 - ALTERA O ANEXO III DA LEI N\u00ba 5.435/2021 (PPA) E ALTERA O ANEXO IIA DA LEI N\u00ba 5.560/2023 (LDO), AUTORIZANDO A ABERTURA DE CR\u00c9DITO ESPECIAL, NO IMPORTE DE R$ 466.172,96 (QUATROCENTOS E SESSENTA E SEIS MIL, CENTO E SETENTA E DOIS REAIS E NOVENTA E SEIS CENTAVOS), OBJETIVANDO UTILIZAR OS RECURSOS REFERENTES AO TR\u00c2NSITO DO EXERC\u00cdCIO ANTERIOR."}, {"id": "110771", "ano": "2024", "numero": "85", "tipo__sigla": "CPEXM", "tipo__descricao": "Correspond\u00eancia do Poder Executivo Municipal", "autoria": "PREFEITO MUNICIPAL", "texto_original": "http://sapl.garca.sp.leg.br/media/sapl/public/materialegislativa/2024/110771/028_anexo_3.pdf", "ementa": "Anexo Projeto de Lei n\u00ba 37/2024 - ALTERA A LEI 4.715/2011 E ALTERA\u00c7\u00d5ES QUE DISP\u00d5E SOBRE A CONCESS\u00c3O DE VALE ALIMENTA\u00c7\u00c3O (R$ 400,00)"}, {"id": "110796", "ano": "2024", "numero": "86", "tipo__sigla": "CPEXM", "tipo__descricao": "Correspond\u00eancia do Poder Executivo Municipal", "autoria": "PREFEITO MUNICIPAL", "texto_original": "http://sapl.garca.sp.leg.br/media/sapl/public/materialegislativa/2024/110796/oficio_007_convenios.pdf", "ementa": "Of\u00edcio n\u00ba 007/2024 - Encaminha declara\u00e7\u00e3o - Contrato Repasse n\u00ba 954596/2023"}, {"id": "110797", "ano": "2024", "numero": "87", "tipo__sigla": "CPEXM", "tipo__descricao": "Correspond\u00eancia do Poder Executivo Municipal", "autoria": "PREFEITO MUNICIPAL", "texto_original": "http://sapl.garca.sp.leg.br/media/sapl/public/materialegislativa/2024/110797/035.pdf", "ementa": "Of\u00edcio n\u00ba 35/2024 - Requerimento n\u00ba 01 - 1\u00aa Sess\u00e3o"}, {"id": "110798", "ano": "2024", "numero": "88", "tipo__sigla": "CPEXM", "tipo__descricao": "Correspond\u00eancia do Poder Executivo Municipal", "autoria": "PREFEITO MUNICIPAL", "texto_original": "http://sapl.garca.sp.leg.br/media/sapl/public/materialegislativa/2024/110798/025.pdf", "ementa": "Of\u00edcio n\u00ba 25/2024 - Requerimento n\u00ba 02 - 1\u00aa Sess\u00e3o"}, {"id": "110799", "ano": "2024", "numero": "89", "tipo__sigla": "CPEXM", "tipo__descricao": "Correspond\u00eancia do Poder Executivo Municipal", "autoria": "PREFEITO MUNICIPAL", "texto_original": "http://sapl.garca.sp.leg.br/media/sapl/public/materialegislativa/2024/110799/016.pdf", "ementa": "Of\u00edcio n\u00ba 16/2024 - Requerimento n\u00ba 04 - 1\u00aa Sess\u00e3o"}, {"id": "110800", "ano": "2024", "numero": "90", "tipo__sigla": "CPEXM", "tipo__descricao": "Correspond\u00eancia do Poder Executivo Municipal", "autoria": "PREFEITO MUNICIPAL", "texto_original": "http://sapl.garca.sp.leg.br/media/sapl/public/materialegislativa/2024/110800/021.pdf", "ementa": "Of\u00edcio n\u00ba 21/2024 - Requerimento n\u00ba 05 - 1\u00aa Sess\u00e3o"}, {"id": "110801", "ano": "2024", "numero": "91", "tipo__sigla": "CPEXM", "tipo__descricao": "Correspond\u00eancia do Poder Executivo Municipal", "autoria": "PREFEITO MUNICIPAL", "texto_original": "http://sapl.garca.sp.leg.br/media/sapl/public/materialegislativa/2024/110801/033.pdf", "ementa": "Of\u00edcio n\u00ba 33/2024 - Requerimento n\u00ba 06 - 1\u00aa Sess\u00e3o"}, {"id": "110802", "ano": "2024", "numero": "92", "tipo__sigla": "CPEXM", "tipo__descricao": "Correspond\u00eancia do Poder Executivo Municipal", "autoria": "PREFEITO MUNICIPAL", "texto_original": "http://sapl.garca.sp.leg.br/media/sapl/public/materialegislativa/2024/110802/030.pdf", "ementa": "Of\u00edcio n\u00ba 30/2024 - Requerimento n\u00ba 07 - 1\u00aa Sess\u00e3o"}, {"id": "110803", "ano": "2024", "numero": "93", "tipo__sigla": "CPEXM", "tipo__descricao": "Correspond\u00eancia do Poder Executivo Municipal", "autoria": "PREFEITO MUNICIPAL", "texto_original": "http://sapl.garca.sp.leg.br/media/sapl/public/materialegislativa/2024/110803/022.pdf", "ementa": "Of\u00edcio n\u00ba 22/2024 - Requerimento n\u00ba 09 - 1\u00aa Sess\u00e3o"}, {"id": "110804", "ano": "2024", "numero": "94", "tipo__sigla": "CPEXM", "tipo__descricao": "Correspond\u00eancia do Poder Executivo Municipal", "autoria": "PREFEITO MUNICIPAL", "texto_original": "http://sapl.garca.sp.leg.br/media/sapl/public/materialegislativa/2024/110804/017.pdf", "ementa": "Of\u00edcio n\u00ba 17/2024 - Requerimento n\u00ba 11 - 1\u00aa Sess\u00e3o"}, {"id": "110805", "ano": "2024", "numero": "95", "tipo__sigla": "CPEXM", "tipo__descricao": "Correspond\u00eancia do Poder Executivo Municipal", "autoria": "PREFEITO MUNICIPAL", "texto_original": "http://sapl.garca.sp.leg.br/media/sapl/public/materialegislativa/2024/110805/031.pdf", "ementa": "Of\u00edcio n\u00ba 31/2024 - Requerimento n\u00ba 12 - 1\u00aa Sess\u00e3o"}, {"id": "110806", "ano": "2024", "numero": "96", "tipo__sigla": "CPEXM", "tipo__descricao": "Correspond\u00eancia do Poder Executivo Municipal", "autoria": "PREFEITO MUNICIPAL", "texto_original": "http://sapl.garca.sp.leg.br/media/sapl/public/materialegislativa/2024/110806/032.pdf", "ementa": "Of\u00edcio n\u00ba 32/2024 - Requerimento n\u00ba 13 - 1\u00aa Sess\u00e3o"}, {"id": "110807", "ano": "2024", "numero": "97", "tipo__sigla": "CPEXM", "tipo__descricao": "Correspond\u00eancia do Poder Executivo Municipal", "autoria": "PREFEITO MUNICIPAL", "texto_original": "http://sapl.garca.sp.leg.br/media/sapl/public/materialegislativa/2024/110807/026.pdf", "ementa": "Of\u00edcio n\u00ba 26/2024 - Requerimento n\u00ba 14 - 1\u00aa Sess\u00e3o"}, {"id": "110808", "ano": "2024", "numero": "98", "tipo__sigla": "CPEXM", "tipo__descricao": "Correspond\u00eancia do Poder Executivo Municipal", "autoria": "PREFEITO MUNICIPAL", "texto_original": "http://sapl.garca.sp.leg.br/media/sapl/public/materialegislativa/2024/110808/028.pdf", "ementa": "Of\u00edcio n\u00ba 28/2024 - Requerimento n\u00ba 15 - 1\u00aa Sess\u00e3o"}, {"id": "110809", "ano": "2024", "numero": "99", "tipo__sigla": "CPEXM", "tipo__descricao": "Correspond\u00eancia do Poder Executivo Municipal", "autoria": "PREFEITO MUNICIPAL", "texto_original": "http://sapl.garca.sp.leg.br/media/sapl/public/materialegislativa/2024/110809/029.pdf", "ementa": "Of\u00edcio n\u00ba 29/2024 - Requerimento n\u00ba 20 - 1\u00aa Sess\u00e3o"}, {"id": "110810", "ano": "2024", "numero": "100", "tipo__sigla": "CPEXM", "tipo__descricao": "Correspond\u00eancia do Poder Executivo Municipal", "autoria": "PREFEITO MUNICIPAL", "texto_original": "http://sapl.garca.sp.leg.br/media/sapl/public/materialegislativa/2024/110810/036.pdf", "ementa": "Of\u00edcio n\u00ba 36/2024 - Requerimento n\u00ba 21 - 1\u00aa Sess\u00e3o"}, {"id": "110811", "ano": "2024", "numero": "101", "tipo__sigla": "CPEXM", "tipo__descricao": "Correspond\u00eancia do Poder Executivo Municipal", "autoria": "PREFEITO MUNICIPAL", "texto_original": "http://sapl.garca.sp.leg.br/media/sapl/public/materialegislativa/2024/110811/018.pdf", "ementa": "Of\u00edcio n\u00ba 18/2024 - Requerimento n\u00ba 22 - 1\u00aa Sess\u00e3o"}, {"id": "110812", "ano": "2024", "numero": "102", "tipo__sigla": "CPEXM", "tipo__descricao": "Correspond\u00eancia do Poder Executivo Municipal", "autoria": "PREFEITO MUNICIPAL", "texto_original": "http://sapl.garca.sp.leg.br/media/sapl/public/materialegislativa/2024/110812/043.pdf", "ementa": "Of\u00edcio n\u00ba 43/2024 - Requerimento n\u00ba 23 - 1\u00aa Sess\u00e3o"}, {"id": "110813", "ano": "2024", "numero": "103", "tipo__sigla": "CPEXM", "tipo__descricao": "Correspond\u00eancia do Poder Executivo Municipal", "autoria": "PREFEITO MUNICIPAL", "texto_original": "http://sapl.garca.sp.leg.br/media/sapl/public/materialegislativa/2024/110813/037.pdf", "ementa": "Of\u00edcio n\u00ba 37/2024 - Requerimento n\u00ba 25 - 1\u00aa Sess\u00e3o"}, {"id": "110814", "ano": "2024", "numero": "104", "tipo__sigla": "CPEXM", "tipo__descricao": "Correspond\u00eancia do Poder Executivo Municipal", "autoria": "PREFEITO MUNICIPAL", "texto_original": "http://sapl.garca.sp.leg.br/media/sapl/public/materialegislativa/2024/110814/027.pdf", "ementa": "Of\u00edcio n\u00ba 27/2024 - Requerimento n\u00ba 26 - 1\u00aa Sess\u00e3o"}, {"id": "110815", "ano": "2024", "numero": "105", "tipo__sigla": "CPEXM", "tipo__descricao": "Correspond\u00eancia do Poder Executivo Municipal", "autoria": "PREFEITO MUNICIPAL", "texto_original": "http://sapl.garca.sp.leg.br/media/sapl/public/materialegislativa/2024/110815/023.pdf", "ementa": "Of\u00edcio n\u00ba 23/2024 - Requerimento n\u00ba 27 - 1\u00aa Sess\u00e3o"}, {"id": "110816", "ano": "2024", "numero": "106", "tipo__sigla": "CPEXM", "tipo__descricao": "Correspond\u00eancia do Poder Executivo Municipal", "autoria": "PREFEITO MUNICIPAL", "texto_original": "http://sapl.garca.sp.leg.br/media/sapl/public/materialegislativa/2024/110816/024.pdf", "ementa": "Of\u00edcio n\u00ba 24/2024 - Requerimento n\u00ba 31 - 1\u00aa Sess\u00e3o"}, {"id": "110817", "ano": "2024", "numero": "107", "tipo__sigla": "CPEXM", "tipo__descricao": "Correspond\u00eancia do Poder Executivo Municipal", "autoria": "PREFEITO MUNICIPAL", "texto_original": "http://sapl.garca.sp.leg.br/media/sapl/public/materialegislativa/2024/110817/034.pdf", "ementa": "Of\u00edcio n\u00ba 34/2024 - Requerimento n\u00ba 32 - 1\u00aa Sess\u00e3o"}, {"id": "110818", "ano": "2024", "numero": "108", "tipo__sigla": "CPEXM", "tipo__descricao": "Correspond\u00eancia do Poder Executivo Municipal", "autoria": "PREFEITO MUNICIPAL", "texto_original": "http://sapl.garca.sp.leg.br/media/sapl/public/materialegislativa/2024/110818/038.pdf", "ementa": "Of\u00edcio n\u00ba 38/2024 - Requerimento n\u00ba 33 - 1\u00aa Sess\u00e3o"}, {"id": "110819", "ano": "2024", "numero": "109", "tipo__sigla": "CPEXM", "tipo__descricao": "Correspond\u00eancia do Poder Executivo Municipal", "autoria": "PREFEITO MUNICIPAL", "texto_original": "http://sapl.garca.sp.leg.br/media/sapl/public/materialegislativa/2024/110819/040.pdf", "ementa": "Of\u00edcio n\u00ba 40/2024 - Requerimento n\u00ba 34 - 1\u00aa Sess\u00e3o"}, {"id": "110820", "ano": "2024", "numero": "110", "tipo__sigla": "CPEXM", "tipo__descricao": "Correspond\u00eancia do Poder Executivo Municipal", "autoria": "PREFEITO MUNICIPAL", "texto_original": "http://sapl.garca.sp.leg.br/media/sapl/public/materialegislativa/2024/110820/044.pdf", "ementa": "Of\u00edcio n\u00ba 44/2024 - Requerimento n\u00ba 35 - 1\u00aa Sess\u00e3o"}, {"id": "110821", "ano": "2024", "numero": "111", "tipo__sigla": "CPEXM", "tipo__descricao": "Correspond\u00eancia do Poder Executivo Municipal", "autoria": "PREFEITO MUNICIPAL", "texto_original": "http://sapl.garca.sp.leg.br/media/sapl/public/materialegislativa/2024/110821/041.pdf", "ementa": "Of\u00edcio n\u00ba 41/2024 - Requerimento n\u00ba 36 - 1\u00aa Sess\u00e3o"}, {"id": "110822", "ano": "2024", "numero": "112", "tipo__sigla": "CPEXM", "tipo__descricao": "Correspond\u00eancia do Poder Executivo Municipal", "autoria": "PREFEITO MUNICIPAL", "texto_original": "http://sapl.garca.sp.leg.br/media/sapl/public/materialegislativa/2024/110822/042.pdf", "ementa": "Of\u00edcio n\u00ba 42/2024 - Requerimento n\u00ba 37 - 1\u00aa Sess\u00e3o"}, {"id": "110823", "ano": "2024", "numero": "113", "tipo__sigla": "CPEXM", "tipo__descricao": "Correspond\u00eancia do Poder Executivo Municipal", "autoria": "PREFEITO MUNICIPAL", "texto_original": "http://sapl.garca.sp.leg.br/media/sapl/public/materialegislativa/2024/110823/015.pdf", "ementa": "Of\u00edcio n\u00ba 15/2024 - Requerimento n\u00ba 39 - 1\u00aa Sess\u00e3o"}, {"id": "110824", "ano": "2024", "numero": "114", "tipo__sigla": "CPEXM", "tipo__descricao": "Correspond\u00eancia do Poder Executivo Municipal", "autoria": "PREFEITO MUNICIPAL", "texto_original": "http://sapl.garca.sp.leg.br/media/sapl/public/materialegislativa/2024/110824/039.pdf", "ementa": "Of\u00edcio n\u00ba 39/2024 - Requerimento n\u00ba 40 - 1\u00aa Sess\u00e3o"}, {"id": "110825", "ano": "2024", "numero": "115", "tipo__sigla": "CPEXM", "tipo__descricao": "Correspond\u00eancia do Poder Executivo Municipal", "autoria": "PREFEITO MUNICIPAL", "texto_original": "http://sapl.garca.sp.leg.br/media/sapl/public/materialegislativa/2024/110825/019.pdf", "ementa": "Of\u00edcio n\u00ba 19/2024 - Requerimento n\u00ba 41 - 1\u00aa Sess\u00e3o"}, {"id": "110826", "ano": "2024", "numero": "116", "tipo__sigla": "CPEXM", "tipo__descricao": "Correspond\u00eancia do Poder Executivo Municipal", "autoria": "PREFEITO MUNICIPAL", "texto_original": "http://sapl.garca.sp.leg.br/media/sapl/public/materialegislativa/2024/110826/020.pdf", "ementa": "Of\u00edcio n\u00ba 20/2024 - Requerimento n\u00ba 42 - 1\u00aa Sess\u00e3o"}, {"id": "110827", "ano": "2024", "numero": "117", "tipo__sigla": "CPEXM", "tipo__descricao": "Correspond\u00eancia do Poder Executivo Municipal", "autoria": "PREFEITO MUNICIPAL", "texto_original": "http://sapl.garca.sp.leg.br/media/sapl/public/materialegislativa/2024/110827/077.pdf", "ementa": "Of\u00edcio n\u00ba 77/2024 \u2013 Ref. Of\u00edcio n\u00ba 90/2024 \u2013 COFCOSP \u2013 Solicita informa\u00e7\u00f5es financeiras e Or\u00e7ament\u00e1rias."}, {"id": "110839", "ano": "2024", "numero": "118", "tipo__sigla": "CPEXM", "tipo__descricao": "Correspond\u00eancia do Poder Executivo Municipal", "autoria": "PREFEITO MUNICIPAL", "texto_original": "http://sapl.garca.sp.leg.br/media/sapl/public/materialegislativa/2024/110839/041_anexos.pdf", "ementa": "ANEXOS PROJETO DE LEI N\u00ba 041/2024 - AUTORIZA A DOA\u00c7\u00c3O DE \u00c1REA PARA EMPRESA COM ATIVIDADE EMPRESARIAL - EMPRESA VENTEX INDUSTRIA E DISTRIBUIDORA DE MATERIAIS EL\u00c9TRICOS LTDA"}, {"id": "110840", "ano": "2024", "numero": "119", "tipo__sigla": "CPEXM", "tipo__descricao": "Correspond\u00eancia do Poder Executivo Municipal", "autoria": "PREFEITO MUNICIPAL", "texto_original": "http://sapl.garca.sp.leg.br/media/sapl/public/materialegislativa/2024/110840/039_anexos.pdf", "ementa": "ANEXOS PROJETO DE LEI N\u00ba 045/2024 - AUTORIZA A DOA\u00c7\u00c3O DE \u00c1REA PARA EMPRESA COM ATIVIDADE EMPRESARIAL - EMPRESA MUNDO ENCANTADO PRODUTOS ALIMENT\u00cdCIOS LTDA"}, {"id": "110841", "ano": "2024", "numero": "120", "tipo__sigla": "CPEXM", "tipo__descricao": "Correspond\u00eancia do Poder Executivo Municipal", "autoria": "PREFEITO MUNICIPAL", "texto_original": "http://sapl.garca.sp.leg.br/media/sapl/public/materialegislativa/2024/110841/040_anexos.pdf", "ementa": "ANEXOS PROJETO DE LEI N\u00ba 046/2024 - AUTORIZA A DOA\u00c7\u00c3O DE \u00c1REA PARA EMPRESA COM ATIVIDADE EMPRESARIAL - EMPRESA LUSITEC USINAGEM LTDA"}, {"id": "110842", "ano": "2024", "numero": "121", "tipo__sigla": "CPEXM", "tipo__descricao": "Correspond\u00eancia do Poder Executivo Municipal", "autoria": "PREFEITO MUNICIPAL", "texto_original": "http://sapl.garca.sp.leg.br/media/sapl/public/materialegislativa/2024/110842/038_anexo.pdf", "ementa": "ANEXO PROJETO DE LEI N\u00ba 47/2024 - ALTERA O ANEXO III DA LEI N\u00ba 5.435/2021 (PPA) E ALTERA O ANEXO IIA DA LEI N\u00ba 5.560/2023 (LDO), AUTORIZANDO A ABERTURA DE CR\u00c9DITO ESPECIAL, NO IMPORTE DE R$ 30.000,00 (TRINTA MIL REAIS), OBJETIVANDO UTILIZAR OS RECURSOS DA EMENDA PARLAMENTAR DE AUTORIA DO VEREADOR TENENTE ALMEIDA."}, {"id": "110843", "ano": "2024", "numero": "122", "tipo__sigla": "CPEXM", "tipo__descricao": "Correspond\u00eancia do Poder Executivo Municipal", "autoria": "PREFEITO MUNICIPAL", "texto_original": "http://sapl.garca.sp.leg.br/media/sapl/public/materialegislativa/2024/110843/042_anexo.pdf", "ementa": "ANEXO PROJETO DE LEI N\u00ba 049/2024 - ALTERA O ANEXO III DA LEI N\u00ba 5.435/2021 (PPA) E ALTERA O ANEXO IIA DA LEI N\u00ba 5.560/2023 (LDO), AUTORIZANDO A ABERTURA DE CR\u00c9DITO ESPECIAL, NO IMPORTE DE R$ 297.538,45 (DUZENTOS E NOVENTA E SETE MIL, QUINHENTOS E TRINTA E OITO REAIS E QUARENTA E CINCO CENTAVOS), OBJETIVANDO UTILIZAR OS RECURSOS DE EMENDA PARLAMENTARES DE AUTORIA DOS VEREADORES ANT\u00d4NIO FRANCO DOS SANTOS, F\u00c1BIO SANTOS, LUCAS CATETO, MARQUINHO MOREIRA, PEDRO SANTOS E TENENTE ALMEIDA."}, {"id": "110844", "ano": "2024", "numero": "123", "tipo__sigla": "CPEXM", "tipo__descricao": "Correspond\u00eancia do Poder Executivo Municipal", "autoria": "PREFEITO MUNICIPAL", "texto_original": "http://sapl.garca.sp.leg.br/media/sapl/public/materialegislativa/2024/110844/039_anexos.pdf", "ementa": "ANEXOS PROJETO DE LEI N\u00ba 045/2024 - AUTORIZA A DOA\u00c7\u00c3O DE \u00c1REA PARA EMPRESA COM ATIVIDADE EMPRESARIAL - EMPRESA MUNDO ENCANTADO PRODUTOS ALIMENT\u00cdCIOS LTDA"}, {"id": "110845", "ano": "2024", "numero": "124", "tipo__sigla": "CPEXM", "tipo__descricao": "Correspond\u00eancia do Poder Executivo Municipal", "autoria": "PREFEITO MUNICIPAL", "texto_original": "http://sapl.garca.sp.leg.br/media/sapl/public/materialegislativa/2024/110845/084.pdf", "ementa": "Of\u00edcio n\u00ba 84/2024 - Solicita retirada do Projeto de Lei n\u00ba 39/2024."}, {"id": "110846", "ano": "2024", "numero": "125", "tipo__sigla": "CPEXM", "tipo__descricao": "Correspond\u00eancia do Poder Executivo Municipal", "autoria": "PREFEITO MUNICIPAL", "texto_original": "http://sapl.garca.sp.leg.br/media/sapl/public/materialegislativa/2024/110846/085.pdf", "ementa": "Of\u00edcio n\u00ba 85/2024 - Solicita retirada do Projeto de Lei n\u00ba 47/2024."}, {"id": "110847", "ano": "2024", "numero": "126", "tipo__sigla": "CPEXM", "tipo__descricao": "Correspond\u00eancia do Poder Executivo Municipal", "autoria": "PREFEITO MUNICIPAL", "texto_original": "http://sapl.garca.sp.leg.br/media/sapl/public/materialegislativa/2024/110847/086.pdf", "ementa": "Of\u00edcio n\u00ba 86/2024 - Solicita retirada do Projeto de Lei n\u00ba 49/2024."}, {"id": "110851", "ano": "2024", "numero": "127", "tipo__sigla": "CPEXM", "tipo__descricao": "Correspond\u00eancia do Poder Executivo Municipal", "autoria": "PREFEITO MUNICIPAL", "texto_original": "http://sapl.garca.sp.leg.br/media/sapl/public/materialegislativa/2024/110851/041_anexo_5.pdf", "ementa": "ANEXOS PROJETO DE LEI N\u00ba 048/2024 - AUTORIZA A DOA\u00c7\u00c3O DE \u00c1REA PARA EMPRESA COM ATIVIDADE EMPRESARIAL - EMPRESA VENTEX INDUSTRIA E DISTRIBUIDORA DE MATERIAIS EL\u00c9TRICOS LTDA"}, {"id": "110880", "ano": "2024", "numero": "128", "tipo__sigla": "CPEXM", "tipo__descricao": "Correspond\u00eancia do Poder Executivo Municipal", "autoria": "PREFEITO MUNICIPAL", "texto_original": "http://sapl.garca.sp.leg.br/media/sapl/public/materialegislativa/2024/110880/043_anexos.pdf", "ementa": "ANEXO PROJETO DE LEI - AUTORIZA A DOA\u00c7\u00c3O DE \u00c1REA PARA EMPRESA COM ATIVIDADE EMPRESARIAL - EMPRESA PLASTEC USINAGEM LTDA"}, {"id": "110889", "ano": "2024", "numero": "129", "tipo__sigla": "CPEXM", "tipo__descricao": "Correspond\u00eancia do Poder Executivo Municipal", "autoria": "PREFEITO MUNICIPAL", "texto_original": "http://sapl.garca.sp.leg.br/media/sapl/public/materialegislativa/2024/110889/045_anexo.pdf", "ementa": "ANEXO PROJETO DE LEI - ALTERA O ANEXO III DA LEI N\u00ba 5.435/2021 (PPA) E ALTERA O ANEXO IIA DA LEI N\u00ba 5.560/2023 (LDO), AUTORIZANDO A ABERTURA DE CR\u00c9DITO ESPECIAL, NO IMPORTE DE R$ 30.000,00 (TRINTA MIL REAIS), OBJETIVANDO UTILIZAR OS RECURSOS DA EMENDA PARLAMENTAR DE AUTORIA DO VEREADOR TENENTE ALMEIDA"}, {"id": "110892", "ano": "2024", "numero": "130", "tipo__sigla": "CPEXM", "tipo__descricao": "Correspond\u00eancia do Poder Executivo Municipal", "autoria": "PREFEITO MUNICIPAL", "texto_original": "http://sapl.garca.sp.leg.br/media/sapl/public/materialegislativa/2024/110892/047_anexos.pdf", "ementa": "ANEXOS PROJETO DE LEI - ALTERA A NATUREZA DE UTILIZA\u00c7\u00c3O DA CH\u00c1CARA 20, LOCALIZADA NA RUA CORA CORALINA N\u00ba 952, JARDIM GISELE."}, {"id": "110894", "ano": "2024", "numero": "131", "tipo__sigla": "CPEXM", "tipo__descricao": "Correspond\u00eancia do Poder Executivo Municipal", "autoria": "PREFEITO MUNICIPAL", "texto_original": "http://sapl.garca.sp.leg.br/media/sapl/public/materialegislativa/2024/110894/050_anexos.pdf", "ementa": "ANEXOS PROJETO DE LEI - ALTERA A NATUREZA DE UTILIZA\u00c7\u00c3O DO LOTE 09 DA QUADRA D, LOCALIZADO NA EST\u00c2NCIA S\u00c3O SEBASTI\u00c3O"}, {"id": "110896", "ano": "2024", "numero": "132", "tipo__sigla": "CPEXM", "tipo__descricao": "Correspond\u00eancia do Poder Executivo Municipal", "autoria": "PREFEITO MUNICIPAL", "texto_original": "http://sapl.garca.sp.leg.br/media/sapl/public/materialegislativa/2024/110896/048_anexos.pdf", "ementa": "ANEXOS PROJETO DE LEI - ALTERA A NATUREZA DE UTILIZA\u00c7\u00c3O DO LOTE 328 DA QUADRA 11, LOCALIZADO NA RUA ALICE JOS\u00c9 NASSIF, JARDIM IMPERADOR."}, {"id": "110898", "ano": "2024", "numero": "133", "tipo__sigla": "CPEXM", "tipo__descricao": "Correspond\u00eancia do Poder Executivo Municipal", "autoria": "PREFEITO MUNICIPAL", "texto_original": "http://sapl.garca.sp.leg.br/media/sapl/public/materialegislativa/2024/110898/051_anexos.pdf", "ementa": "ANEXOS PROJETO DE LEI - ALTERA A NATUREZA DE UTILIZA\u00c7\u00c3O DO LOTE 13, QUADRA E, LOCALIZADO NO BAIRRO CAMPO BELO"}, {"id": "110903", "ano": "2024", "numero": "134", "tipo__sigla": "CPEXM", "tipo__descricao": "Correspond\u00eancia do Poder Executivo Municipal", "autoria": "PREFEITO MUNICIPAL", "texto_original": "http://sapl.garca.sp.leg.br/media/sapl/public/materialegislativa/2024/110903/101.pdf", "ementa": "Of\u00edcio n\u00ba 101/2024 - Solicita retirada do Projeto de Lei Complementar n\u00ba 005/2024"}, {"id": "110905", "ano": "2024", "numero": "135", "tipo__sigla": "CPEXM", "tipo__descricao": "Correspond\u00eancia do Poder Executivo Municipal", "autoria": "PREFEITO MUNICIPAL", "texto_original": "http://sapl.garca.sp.leg.br/media/sapl/public/materialegislativa/2024/110905/049_anexos.pdf", "ementa": "ANEXOS PROJETO DE LEI - ALTERA A NATUREZA DE UTILIZA\u00c7\u00c3O DO LOTE 5 DA QUADRA Q, LOCALIZADO NA RUA ZINZABURO YAMATO N\u00ba 31, BAIRRO MORADA DO SOL."}, {"id": "110906", "ano": "2024", "numero": "136", "tipo__sigla": "CPEXM", "tipo__descricao": "Correspond\u00eancia do Poder Executivo Municipal", "autoria": "PREFEITO MUNICIPAL", "texto_original": "http://sapl.garca.sp.leg.br/media/sapl/public/materialegislativa/2024/110906/044_anexo.pdf", "ementa": "ANEXO PROJETO DE LEI N\u00ba 052/24 - ALTERA O ANEXO III DA LEI N\u00ba 5.435/2021 (PPA) E ALTERA O ANEXO IIA DA LEI N\u00ba 5.560/2023 (LDO), AUTORIZANDO A ABERTURA DE CR\u00c9DITO ESPECIAL, NO IMPORTE DE R$ 1.000.000,00 (UM MILH\u00c3O DE REAIS), OBJETIVANDO UTILIZAR OS RECURSOS DO PR\u00d3PRIO NA CATEGORIA ECON\u00d4MICA 33.90.40.00 SERVI\u00c7OS DE TECNOLOGIA DA INFORMA\u00c7\u00c3O, POR  ANULA\u00c7\u00c3O DA FICHA 171, CATEGORIA ECON\u00d4MICA 33.90.39.000 OUTROS SERVI\u00c7OS DE TERCEIROS PESSOA JUR\u00cdDICA"}, {"id": "110907", "ano": "2024", "numero": "137", "tipo__sigla": "CPEXM", "tipo__descricao": "Correspond\u00eancia do Poder Executivo Municipal", "autoria": "PREFEITO MUNICIPAL", "texto_original": "http://sapl.garca.sp.leg.br/media/sapl/public/materialegislativa/2024/110907/046_anexo.pdf", "ementa": "ANEXO PROJETO DE LEI N\u00ba 54/24 - ALTERA O ANEXO III DA LEI N\u00ba 5.435/2021 (PPA) E ALTERA O ANEXO IIA DA LEI N\u00ba 5.560/2023 (LDO), AUTORIZANDO A ABERTURA DE CR\u00c9DITO ESPECIAL, NO IMPORTE DE R$ 297.538,45 (DUZENTOS E NOVENTA E SETE MIL, QUINHENTOS E TRINTA E OITO REAIS E QUARENTA E CINCO CENTAVOS), OBJETIVANDO UTILIZAR OS RECURSOS DE EMENDA PARLAMENTARES DE AUTORIA DOS VEREADORES ANT\u00d4NIO FRANCO DOS SANTOS, F\u00c1BIO SANTOS, LUCAS CATETO, MARQUINHO MOREIRA, PEDRO SANTOS E TENENTE ALMEIDA"}, {"id": "110911", "ano": "2024", "numero": "138", "tipo__sigla": "CPEXM", "tipo__descricao": "Correspond\u00eancia do Poder Executivo Municipal", "autoria": "PREFEITO MUNICIPAL", "texto_original": "http://sapl.garca.sp.leg.br/media/sapl/public/materialegislativa/2024/110911/053_anexo.pdf", "ementa": "ANEXO PROJETO DE LEI - ALTERA O ANEXO III DA LEI N\u00ba 5.435/2021 (PPA) E ALTERA O ANEXO IIA DA LEI N\u00ba 5.560/2023 (LDO), AUTORIZANDO A ABERTURA DE CR\u00c9DITO ESPECIAL, NO IMPORTE DE R$ 30.000,00 (TRINTA MIL REAIS), OBJETIVANDO UTILIZAR OS RECURSOS DA EMENDA PARLAMENTAR DE AUTORIA DO VEREADOR ADHEMAR KEMP MARCONDES DE MOURA FILHO."}, {"id": "110913", "ano": "2024", "numero": "139", "tipo__sigla": "CPEXM", "tipo__descricao": "Correspond\u00eancia do Poder Executivo Municipal", "autoria": "PREFEITO MUNICIPAL", "texto_original": "http://sapl.garca.sp.leg.br/media/sapl/public/materialegislativa/2024/110913/056.pdf", "ementa": "Of\u00edcio n\u00ba 56/2024 - Requerimento n\u00ba 45 - 2\u00aa Sess\u00e3o"}, {"id": "110914", "ano": "2024", "numero": "140", "tipo__sigla": "CPEXM", "tipo__descricao": "Correspond\u00eancia do Poder Executivo Municipal", "autoria": "PREFEITO MUNICIPAL", "texto_original": "http://sapl.garca.sp.leg.br/media/sapl/public/materialegislativa/2024/110914/060.pdf", "ementa": "Of\u00edcio n\u00ba 60/2024 - Requerimento n\u00ba 61 - 2\u00aa Sess\u00e3o"}, {"id": "110915", "ano": "2024", "numero": "141", "tipo__sigla": "CPEXM", "tipo__descricao": "Correspond\u00eancia do Poder Executivo Municipal", "autoria": "PREFEITO MUNICIPAL", "texto_original": "http://sapl.garca.sp.leg.br/media/sapl/public/materialegislativa/2024/110915/045.pdf", "ementa": "Of\u00edcio n\u00ba 45/2024 - Requerimento n\u00ba 44 - 2\u00aa Sess\u00e3o"}, {"id": "110916", "ano": "2024", "numero": "142", "tipo__sigla": "CPEXM", "tipo__descricao": "Correspond\u00eancia do Poder Executivo Municipal", "autoria": "PREFEITO MUNICIPAL", "texto_original": "http://sapl.garca.sp.leg.br/media/sapl/public/materialegislativa/2024/110916/053.pdf", "ementa": "Of\u00edcio n\u00ba 53/2024 - Requerimento n\u00ba 47 - 2\u00aa Sess\u00e3o"}, {"id": "110917", "ano": "2024", "numero": "143", "tipo__sigla": "CPEXM", "tipo__descricao": "Correspond\u00eancia do Poder Executivo Municipal", "autoria": "PREFEITO MUNICIPAL", "texto_original": "http://sapl.garca.sp.leg.br/media/sapl/public/materialegislativa/2024/110917/046.pdf", "ementa": "Of\u00edcio n\u00ba 46/2024 - Requerimento n\u00ba 48 - 2\u00aa Sess\u00e3o"}, {"id": "110918", "ano": "2024", "numero": "144", "tipo__sigla": "CPEXM", "tipo__descricao": "Correspond\u00eancia do Poder Executivo Municipal", "autoria": "PREFEITO MUNICIPAL", "texto_original": "http://sapl.garca.sp.leg.br/media/sapl/public/materialegislativa/2024/110918/047.pdf", "ementa": "Of\u00edcio n\u00ba 47/2024 - Requerimento n\u00ba 49 - 2\u00aa Sess\u00e3o"}, {"id": "110919", "ano": "2024", "numero": "145", "tipo__sigla": "CPEXM", "tipo__descricao": "Correspond\u00eancia do Poder Executivo Municipal", "autoria": "PREFEITO MUNICIPAL", "texto_original": "http://sapl.garca.sp.leg.br/media/sapl/public/materialegislativa/2024/110919/062.pdf", "ementa": "Of\u00edcio n\u00ba 62/2024 - Requerimento n\u00ba 52 - 2\u00aa Sess\u00e3o"}, {"id": "110920", "ano": "2024", "numero": "146", "tipo__sigla": "CPEXM", "tipo__descricao": "Correspond\u00eancia do Poder Executivo Municipal", "autoria": "PREFEITO MUNICIPAL", "texto_original": "http://sapl.garca.sp.leg.br/media/sapl/public/materialegislativa/2024/110920/055.pdf", "ementa": "Of\u00edcio n\u00ba 55/2024 - Requerimento n\u00ba 54 - 2\u00aa Sess\u00e3o"}, {"id": "110921", "ano": "2024", "numero": "147", "tipo__sigla": "CPEXM", "tipo__descricao": "Correspond\u00eancia do Poder Executivo Municipal", "autoria": "PREFEITO MUNICIPAL", "texto_original": "http://sapl.garca.sp.leg.br/media/sapl/public/materialegislativa/2024/110921/049.pdf", "ementa": "Of\u00edcio n\u00ba 49/2024 - Requerimento n\u00ba 55 - 2\u00aa Sess\u00e3o"}, {"id": "110922", "ano": "2024", "numero": "148", "tipo__sigla": "CPEXM", "tipo__descricao": "Correspond\u00eancia do Poder Executivo Municipal", "autoria": "PREFEITO MUNICIPAL", "texto_original": "http://sapl.garca.sp.leg.br/media/sapl/public/materialegislativa/2024/110922/057.pdf", "ementa": "Of\u00edcio n\u00ba 57/2024 - Requerimento n\u00ba 56 - 2\u00aa Sess\u00e3o"}, {"id": "110923", "ano": "2024", "numero": "149", "tipo__sigla": "CPEXM", "tipo__descricao": "Correspond\u00eancia do Poder Executivo Municipal", "autoria": "PREFEITO MUNICIPAL", "texto_original": "http://sapl.garca.sp.leg.br/media/sapl/public/materialegislativa/2024/110923/054.pdf", "ementa": "Of\u00edcio n\u00ba 54/2024 - Requerimento n\u00ba 58 - 2\u00aa Sess\u00e3o"}, {"id": "110924", "ano": "2024", "numero": "150", "tipo__sigla": "CPEXM", "tipo__descricao": "Correspond\u00eancia do Poder Executivo Municipal", "autoria": "PREFEITO MUNICIPAL", "texto_original": "http://sapl.garca.sp.leg.br/media/sapl/public/materialegislativa/2024/110924/058.pdf", "ementa": "Of\u00edcio n\u00ba 58/2024 - Requerimento n\u00ba 59 - 2\u00aa Sess\u00e3o"}, {"id": "110925", "ano": "2024", "numero": "151", "tipo__sigla": "CPEXM", "tipo__descricao": "Correspond\u00eancia do Poder Executivo Municipal", "autoria": "PREFEITO MUNICIPAL", "texto_original": "http://sapl.garca.sp.leg.br/media/sapl/public/materialegislativa/2024/110925/059.pdf", "ementa": "Of\u00edcio n\u00ba 59/2024 - Requerimento n\u00ba 60 - 2\u00aa Sess\u00e3o"}, {"id": "110926", "ano": "2024", "numero": "152", "tipo__sigla": "CPEXM", "tipo__descricao": "Correspond\u00eancia do Poder Executivo Municipal", "autoria": "PREFEITO MUNICIPAL", "texto_original": "http://sapl.garca.sp.leg.br/media/sapl/public/materialegislativa/2024/110926/048.pdf", "ementa": "Of\u00edcio n\u00ba 48/2024 - Requerimento n\u00ba 62 - 2\u00aa Sess\u00e3o"}, {"id": "110927", "ano": "2024", "numero": "153", "tipo__sigla": "CPEXM", "tipo__descricao": "Correspond\u00eancia do Poder Executivo Municipal", "autoria": "PREFEITO MUNICIPAL", "texto_original": "http://sapl.garca.sp.leg.br/media/sapl/public/materialegislativa/2024/110927/052.pdf", "ementa": "Of\u00edcio n\u00ba 52/2024 - Requerimento n\u00ba 65 - 2\u00aa Sess\u00e3o"}, {"id": "110928", "ano": "2024", "numero": "154", "tipo__sigla": "CPEXM", "tipo__descricao": "Correspond\u00eancia do Poder Executivo Municipal", "autoria": "PREFEITO MUNICIPAL", "texto_original": "http://sapl.garca.sp.leg.br/media/sapl/public/materialegislativa/2024/110928/050.pdf", "ementa": "Of\u00edcio n\u00ba 50/2024 - Requerimento n\u00ba 66 - 2\u00aa Sess\u00e3o"}, {"id": "110929", "ano": "2024", "numero": "155", "tipo__sigla": "CPEXM", "tipo__descricao": "Correspond\u00eancia do Poder Executivo Municipal", "autoria": "PREFEITO MUNICIPAL", "texto_original": "http://sapl.garca.sp.leg.br/media/sapl/public/materialegislativa/2024/110929/051.pdf", "ementa": "Of\u00edcio n\u00ba 51/2024 - Requerimento n\u00ba 67 - 2\u00aa Sess\u00e3o"}, {"id": "110930", "ano": "2024", "numero": "156", "tipo__sigla": "CPEXM", "tipo__descricao": "Correspond\u00eancia do Poder Executivo Municipal", "autoria": "PREFEITO MUNICIPAL", "texto_original": "http://sapl.garca.sp.leg.br/media/sapl/public/materialegislativa/2024/110930/061.pdf", "ementa": "Of\u00edcio n\u00ba 61/2024 - Requerimento n\u00ba 46 - 2\u00aa Sess\u00e3o"}, {"id": "110931", "ano": "2024", "numero": "157", "tipo__sigla": "CPEXM", "tipo__descricao": "Correspond\u00eancia do Poder Executivo Municipal", "autoria": "PREFEITO MUNICIPAL", "texto_original": "http://sapl.garca.sp.leg.br/media/sapl/public/materialegislativa/2024/110931/063.pdf", "ementa": "Of\u00edcio n\u00ba 63/2024 - Requerimento n\u00ba 57 - 2\u00aa Sess\u00e3o"}, {"id": "110932", "ano": "2024", "numero": "158", "tipo__sigla": "CPEXM", "tipo__descricao": "Correspond\u00eancia do Poder Executivo Municipal", "autoria": "PREFEITO MUNICIPAL", "texto_original": "http://sapl.garca.sp.leg.br/media/sapl/public/materialegislativa/2024/110932/064.pdf", "ementa": "Of\u00edcio n\u00ba 64/2024 - Requerimento n\u00ba 63 - 2\u00aa Sess\u00e3o"}, {"id": "110933", "ano": "2024", "numero": "159", "tipo__sigla": "CPEXM", "tipo__descricao": "Correspond\u00eancia do Poder Executivo Municipal", "autoria": "PREFEITO MUNICIPAL", "texto_original": "http://sapl.garca.sp.leg.br/media/sapl/public/materialegislativa/2024/110933/065.pdf", "ementa": "Of\u00edcio n\u00ba 65/2024 - Requerimento n\u00ba 64 - 2\u00aa Sess\u00e3o"}, {"id": "110934", "ano": "2024", "numero": "160", "tipo__sigla": "CPEXM", "tipo__descricao": "Correspond\u00eancia do Poder Executivo Municipal", "autoria": "PREFEITO MUNICIPAL", "texto_original": "http://sapl.garca.sp.leg.br/media/sapl/public/materialegislativa/2024/110934/052_anexo.pdf", "ementa": "ANEXO PROJETO DE LEI - ALTERA O ANEXO III DA LEI N\u00ba 5.435/ 2021 (PPA) E ALTERA O ANEXO IIA DA LEI N\u00ba 5.560/2023 (LDO), AUTORIZANDO A ABERTURA DE CR\u00c9DITO ESPECIAL, NO IMPORTE DE R$ 30.000,00 (TRINTA MIL REAIS), OBJETIVANDO UTILIZAR OS RECURSOS DA EMENDA PARLAMENTAR DE AUTORIA DO VEREADOR TENENTE ALMEIDA."}, {"id": "110946", "ano": "2024", "numero": "161", "tipo__sigla": "CPEXM", "tipo__descricao": "Correspond\u00eancia do Poder Executivo Municipal", "autoria": "PREFEITO MUNICIPAL", "texto_original": "http://sapl.garca.sp.leg.br/media/sapl/public/materialegislativa/2024/110946/066.pdf", "ementa": "Of\u00edcio n\u00ba 66/2024 - Requerimento n\u00ba 69 - 3\u00aa Sess\u00e3o"}, {"id": "110947", "ano": "2024", "numero": "162", "tipo__sigla": "CPEXM", "tipo__descricao": "Correspond\u00eancia do Poder Executivo Municipal", "autoria": "PREFEITO MUNICIPAL", "texto_original": "http://sapl.garca.sp.leg.br/media/sapl/public/materialegislativa/2024/110947/067.pdf", "ementa": "Of\u00edcio n\u00ba 67/2024 - Requerimento n\u00ba 70 - 3\u00aa Sess\u00e3o"}, {"id": "110948", "ano": "2024", "numero": "163", "tipo__sigla": "CPEXM", "tipo__descricao": "Correspond\u00eancia do Poder Executivo Municipal", "autoria": "PREFEITO MUNICIPAL", "texto_original": "http://sapl.garca.sp.leg.br/media/sapl/public/materialegislativa/2024/110948/068.pdf", "ementa": "Of\u00edcio n\u00ba 68/2024 - Requerimento n\u00ba 72 - 3\u00aa Sess\u00e3o"}, {"id": "110949", "ano": "2024", "numero": "164", "tipo__sigla": "CPEXM", "tipo__descricao": "Correspond\u00eancia do Poder Executivo Municipal", "autoria": "PREFEITO MUNICIPAL", "texto_original": "http://sapl.garca.sp.leg.br/media/sapl/public/materialegislativa/2024/110949/070.pdf", "ementa": "Of\u00edcio n\u00ba 70/2024 - Requerimento n\u00ba 76 - 3\u00aa Sess\u00e3o"}, {"id": "110950", "ano": "2024", "numero": "165", "tipo__sigla": "CPEXM", "tipo__descricao": "Correspond\u00eancia do Poder Executivo Municipal", "autoria": "PREFEITO MUNICIPAL", "texto_original": "http://sapl.garca.sp.leg.br/media/sapl/public/materialegislativa/2024/110950/072.pdf", "ementa": "Of\u00edcio n\u00ba 72/2024 - Requerimento n\u00ba 77 - 3\u00aa Sess\u00e3o"}, {"id": "110951", "ano": "2024", "numero": "166", "tipo__sigla": "CPEXM", "tipo__descricao": "Correspond\u00eancia do Poder Executivo Municipal", "autoria": "PREFEITO MUNICIPAL", "texto_original": "http://sapl.garca.sp.leg.br/media/sapl/public/materialegislativa/2024/110951/073.pdf", "ementa": "Of\u00edcio n\u00ba 73/2024 - Requerimento n\u00ba 78 - 3\u00aa Sess\u00e3o"}, {"id": "110952", "ano": "2024", "numero": "167", "tipo__sigla": "CPEXM", "tipo__descricao": "Correspond\u00eancia do Poder Executivo Municipal", "autoria": "PREFEITO MUNICIPAL", "texto_original": "http://sapl.garca.sp.leg.br/media/sapl/public/materialegislativa/2024/110952/074.pdf", "ementa": "Of\u00edcio n\u00ba 74/2024 - Requerimento n\u00ba 79 - 3\u00aa Sess\u00e3o"}, {"id": "110953", "ano": "2024", "numero": "168", "tipo__sigla": "CPEXM", "tipo__descricao": "Correspond\u00eancia do Poder Executivo Municipal", "autoria": "PREFEITO MUNICIPAL", "texto_original": "http://sapl.garca.sp.leg.br/media/sapl/public/materialegislativa/2024/110953/075.pdf", "ementa": "Of\u00edcio n\u00ba 75/2024 - Requerimento n\u00ba 80 - 3\u00aa Sess\u00e3o"}, {"id": "110954", "ano": "2024", "numero": "169", "tipo__sigla": "CPEXM", "tipo__descricao": "Correspond\u00eancia do Poder Executivo Municipal", "autoria": "PREFEITO MUNICIPAL", "texto_original": "http://sapl.garca.sp.leg.br/media/sapl/public/materialegislativa/2024/110954/076.pdf", "ementa": "Of\u00edcio n\u00ba 76/2024 - Requerimento n\u00ba 81 - 3\u00aa Sess\u00e3o"}, {"id": "110955", "ano": "2024", "numero": "170", "tipo__sigla": "CPEXM", "tipo__descricao": "Correspond\u00eancia do Poder Executivo Municipal", "autoria": "PREFEITO MUNICIPAL", "texto_original": "http://sapl.garca.sp.leg.br/media/sapl/public/materialegislativa/2024/110955/078.pdf", "ementa": "Of\u00edcio n\u00ba 78/2024 - Requerimento n\u00ba 82 - 3\u00aa Sess\u00e3o"}, {"id": "110956", "ano": "2024", "numero": "171", "tipo__sigla": "CPEXM", "tipo__descricao": "Correspond\u00eancia do Poder Executivo Municipal", "autoria": "PREFEITO MUNICIPAL", "texto_original": "http://sapl.garca.sp.leg.br/media/sapl/public/materialegislativa/2024/110956/069.pdf", "ementa": "Of\u00edcio n\u00ba 69/2024 - Requerimento n\u00ba 83 - 3\u00aa Sess\u00e3o"}, {"id": "110957", "ano": "2024", "numero": "172", "tipo__sigla": "CPEXM", "tipo__descricao": "Correspond\u00eancia do Poder Executivo Municipal", "autoria": "PREFEITO MUNICIPAL", "texto_original": "http://sapl.garca.sp.leg.br/media/sapl/public/materialegislativa/2024/110957/071.pdf", "ementa": "Of\u00edcio n\u00ba 71/2024 - Requerimento n\u00ba 84 - 3\u00aa Sess\u00e3o"}, {"id": "110958", "ano": "2024", "numero": "173", "tipo__sigla": "CPEXM", "tipo__descricao": "Correspond\u00eancia do Poder Executivo Municipal", "autoria": "PREFEITO MUNICIPAL", "texto_original": "http://sapl.garca.sp.leg.br/media/sapl/public/materialegislativa/2024/110958/077.pdf", "ementa": "Of\u00edcio n\u00ba 77/2024 - Requerimento n\u00ba 85 - 3\u00aa Sess\u00e3o"}, {"id": "110959", "ano": "2024", "numero": "174", "tipo__sigla": "CPEXM", "tipo__descricao": "Correspond\u00eancia do Poder Executivo Municipal", "autoria": "PREFEITO MUNICIPAL", "texto_original": "http://sapl.garca.sp.leg.br/media/sapl/public/materialegislativa/2024/110959/079.pdf", "ementa": "Of\u00edcio n\u00ba 79/2024 - Requerimento n\u00ba 86 - 3\u00aa Sess\u00e3o"}, {"id": "110960", "ano": "2024", "numero": "175", "tipo__sigla": "CPEXM", "tipo__descricao": "Correspond\u00eancia do Poder Executivo Municipal", "autoria": "PREFEITO MUNICIPAL", "texto_original": "http://sapl.garca.sp.leg.br/media/sapl/public/materialegislativa/2024/110960/080.pdf", "ementa": "Of\u00edcio n\u00ba 80/2024 - Requerimento n\u00ba 91 - 3\u00aa Sess\u00e3o"}, {"id": "110986", "ano": "2024", "numero": "176", "tipo__sigla": "CPEXM", "tipo__descricao": "Correspond\u00eancia do Poder Executivo Municipal", "autoria": "PREFEITO MUNICIPAL", "texto_original": "http://sapl.garca.sp.leg.br/media/sapl/public/materialegislativa/2024/110986/114.pdf", "ementa": "Of\u00edcio n\u00ba 114/2024 - Ref.: Emendas Impositivas \u2013 Impedimentos de Ordem T\u00e9cnica."}, {"id": "110990", "ano": "2024", "numero": "177", "tipo__sigla": "CPEXM", "tipo__descricao": "Correspond\u00eancia do Poder Executivo Municipal", "autoria": "PREFEITO MUNICIPAL", "texto_original": "http://sapl.garca.sp.leg.br/media/sapl/public/materialegislativa/2024/110990/060_anexo.pdf", "ementa": "Anexo Projeto de Lei n\u00ba 68/2024 - ALTERA O ANEXO III DA LEI N\u00ba 5.435/2021 (PPA) E ALTERA O ANEXO IIA DA LEI N\u00ba 5.560/2023 (LDO), AUTORIZANDO A ABERTURA DE CR\u00c9DITO ESPECIAL, NO IMPORTE DE R$ 57.499,77 (CINQUENTA E SETE MIL, QUAROCENTOS E NOVENTA E NOVE REAIS E SETENTA E SETE CENTAVOS), DESTINADO AO FUNDO MUNICIPAL DE TURISMO"}, {"id": "110991", "ano": "2024", "numero": "178", "tipo__sigla": "CPEXM", "tipo__descricao": "Correspond\u00eancia do Poder Executivo Municipal", "autoria": "PREFEITO MUNICIPAL", "texto_original": "http://sapl.garca.sp.leg.br/media/sapl/public/materialegislativa/2024/110991/054_anexo.pdf", "ementa": "ANEXO PROJETO DE LEI N\u00ba 62/2024 - ALTERA O ANEXO III DA LEI N\u00ba 5.435/2021 (PPA) E ALTERA O ANEXO IIA DA LEI N\u00ba 5.560/2023 (LDO), AUTORIZANDO A ABERTURA DE CR\u00c9DITO ESPECIAL, NO IMPORTE DE R$ 170.076,91 (CENTO E SETENTA MIL, SETENTA E SEIS REAIS E NOVENTA E UM CENTAVOS), OBJETIVANDO UTILIZAR OS RECURSOS DE EMENDAS PARLAMENTARES DE AUTORIA DOS VEREADORES FABINHO POLISINANI E LICO."}, {"id": "110992", "ano": "2024", "numero": "179", "tipo__sigla": "CPEXM", "tipo__descricao": "Correspond\u00eancia do Poder Executivo Municipal", "autoria": "PREFEITO MUNICIPAL", "texto_original": "http://sapl.garca.sp.leg.br/media/sapl/public/materialegislativa/2024/110992/055_anexo.pdf", "ementa": "ANEXO PROJETO DE LEI N\u00ba 64/2024 - ALTERA O ANEXO III DA LEI N\u00ba 5.435/2021 (PPA) E ALTERA O ANEXO IIA DA LEI N\u00ba 5.560/2023 (LDO), AUTORIZANDO A ABERTURA DE CR\u00c9DITO ESPECIAL, NO IMPORTE DE R$ 91.692,30 (NOVENTA E UM MIL, SEISCENTOS E NOVENTA E DOIS REAIS E TRINTA CENTAVOS), OBJETIVANDO UTILIZAR OS RECURSOS DE EMENDAS PARLAMENTARES DE AUTORIA DOS VEREADORES ELAINE OLIVEIRA, FABIO SANTOS E RAFAEL FRABETTI."}, {"id": "110997", "ano": "2024", "numero": "180", "tipo__sigla": "CPEXM", "tipo__descricao": "Correspond\u00eancia do Poder Executivo Municipal", "autoria": "PREFEITO MUNICIPAL", "texto_original": "http://sapl.garca.sp.leg.br/media/sapl/public/materialegislativa/2024/110997/056_anexo.pdf", "ementa": "ANEXO PROJETO DE LEI N\u00ba 63/2024 - ALTERA O ANEXO III DA LEI N\u00ba 5.435/2021 (PPA) E ALTERA O ANEXO IIA DA LEI N\u00ba 5.560/2023 (LDO), AUTORIZANDO A ABERTURA DE CR\u00c9DITO ESPECIAL, NO IMPORTE DE R$ 90.000,00 (NOVENTA MIL REAIS), OBJETIVANDO UTILIZAR OS RECURSOS DE EMENDAS PARLAMENTARES DE AUTORIA DOS VEREADORES ELAINE OLIVEIRA E PEDRO SANTOS"}, {"id": "110998", "ano": "2024", "numero": "181", "tipo__sigla": "CPEXM", "tipo__descricao": "Correspond\u00eancia do Poder Executivo Municipal", "autoria": "PREFEITO MUNICIPAL", "texto_original": "http://sapl.garca.sp.leg.br/media/sapl/public/materialegislativa/2024/110998/057_anexo.pdf", "ementa": "ANEXO PROJETO DE LEI N\u00ba 65/2024 - ALTERA O ANEXO III DA LEI N\u00ba 5.435/2021 (PPA) E ALTERA O ANEXO IIA DA LEI N\u00ba 5.560/2023 (LDO), AUTORIZANDO A ABERTURA DE CR\u00c9DITO ESPECIAL, NO IMPORTE DE R$ 63.384,60 (SESSENTA E TR\u00caS MIL, TREZENTOS E OITENTA E QUATRO REAIS E SESSENTA CENTAVOS) OBJETIVANDO UTILIZAR OS RECURSOS DE EMENDAS PARLAMENTARES DE AUTORIA DOS VEREADORES RODRIGO GUTIERRES E TENENTE ALMEIDA."}, {"id": "110999", "ano": "2024", "numero": "182", "tipo__sigla": "CPEXM", "tipo__descricao": "Correspond\u00eancia do Poder Executivo Municipal", "autoria": "PREFEITO MUNICIPAL", "texto_original": "http://sapl.garca.sp.leg.br/media/sapl/public/materialegislativa/2024/110999/058_anexo.pdf", "ementa": "ANEXO PROJETO DE LEI N\u00ba 66/2024 - ALTERA O ANEXO III DA LEI N\u00ba 5.435/2021 (PPA) E ALTERA O ANEXO IIA DA LEI N\u00ba 5.560/2023 (LDO), AUTORIZANDO A ABERTURA DE CR\u00c9DITO ESPECIAL, NO IMPORTE DE R$ 31.692,30 (TRINTA E UM MIL, SEISCENTOS E NOVENTA E DOIS REAIS E TRNTA CENTAVOS) OBJETIVANDO UTILIZAR OS RECURSOS DE EMENDA PARLAMENTAR DE AUTORIA DO VEREADOR RAFAEL FRABETTI."}, {"id": "111000", "ano": "2024", "numero": "183", "tipo__sigla": "CPEXM", "tipo__descricao": "Correspond\u00eancia do Poder Executivo Municipal", "autoria": "PREFEITO MUNICIPAL", "texto_original": "http://sapl.garca.sp.leg.br/media/sapl/public/materialegislativa/2024/111000/119.pdf", "ementa": "Of\u00edcio n\u00ba 119/2024 - Solicita retirada do Projeto de Lei n\u00ba 33/2024"}, {"id": "111002", "ano": "2024", "numero": "184", "tipo__sigla": "CPEXM", "tipo__descricao": "Correspond\u00eancia do Poder Executivo Municipal", "autoria": "PREFEITO MUNICIPAL", "texto_original": "http://sapl.garca.sp.leg.br/media/sapl/public/materialegislativa/2024/111002/059_anexo.pdf", "ementa": "ANEXO PROJETO DE LEI N\u00ba 67/2024 - ALTERA A LEI MUNICIPAL N\u00ba 2.680, DE 30 DE NOVEMBRO DE 1991, QUE DISP\u00d5E SOBRE O REGIME JUR\u00cdDICO \u00daNICO DOS SERVIDORES P\u00daBLICOS DO MUNIC\u00cdPIO, DAS AUTARQUIAS E DAS FUNDA\u00c7\u00d5ES MUNICIPAIS."}, {"id": "111003", "ano": "2024", "numero": "185", "tipo__sigla": "CPEXM", "tipo__descricao": "Correspond\u00eancia do Poder Executivo Municipal", "autoria": "PREFEITO MUNICIPAL", "texto_original": "http://sapl.garca.sp.leg.br/media/sapl/public/materialegislativa/2024/111003/061_anexo.pdf", "ementa": "ANEXO PROJETO DE LEI N\u00ba 69/2024 - INSTITUI A GRATIFICA\u00c7\u00c3O POR DESEMPENHO PARA DIRETORES ESCOLARES NO MUNIC\u00cdPIO DE GAR\u00c7A E D\u00c1 OUTRAS PROVID\u00caNCIAS."}, {"id": "111004", "ano": "2024", "numero": "186", "tipo__sigla": "CPEXM", "tipo__descricao": "Correspond\u00eancia do Poder Executivo Municipal", "autoria": "PREFEITO MUNICIPAL", "texto_original": "http://sapl.garca.sp.leg.br/media/sapl/public/materialegislativa/2024/111004/lc_008_anexos.pdf", "ementa": "ANEXOS PROJETO DE LEI COMPLEMENTAR N\u00ba 008/2024 - ALTERA A LEI COMPLEMENTAR N\u00ba 096/2023 QUE DISP\u00d5E SOBRE REGRAS E DIRETRIZES, NO \u00c2MBITO DO PODER EXECUTIVO, PARA ATUA\u00c7\u00c3O DO AGENTE DE CONTRATA\u00c7\u00c3O, DA EQUIPE DE APOIO, DA COMISS\u00c3O DE CONTRATA\u00c7\u00c3O E DOS GESTORES E FISCAIS DE CONTRATOS."}, {"id": "111027", "ano": "2024", "numero": "187", "tipo__sigla": "CPEXM", "tipo__descricao": "Correspond\u00eancia do Poder Executivo Municipal", "autoria": "PREFEITO MUNICIPAL", "texto_original": "http://sapl.garca.sp.leg.br/media/sapl/public/materialegislativa/2024/111027/062_anexos.pdf", "ementa": "ANEXOS PROJETO DE LEI N\u00ba 70/2024 - D\u00c1 DENOMINA\u00c7\u00c3O DE VIA P\u00daBLICA LOCALIZADA NO \u201cJARDIM BRASIL\u201d."}, {"id": "111028", "ano": "2024", "numero": "188", "tipo__sigla": "CPEXM", "tipo__descricao": "Correspond\u00eancia do Poder Executivo Municipal", "autoria": "PREFEITO MUNICIPAL", "texto_original": "http://sapl.garca.sp.leg.br/media/sapl/public/materialegislativa/2024/111028/063_anexos.pdf", "ementa": "ANEXOS PROJETO DE LEI N\u00ba 71/2024 - D\u00c1 DENOMINA\u00c7\u00c3O DE VIAS P\u00daBLICAS LOCALIZADAS NO CONDOM\u00cdNIO \u201cJARDIM AEROPORTO\u201d."}, {"id": "111031", "ano": "2024", "numero": "189", "tipo__sigla": "CPEXM", "tipo__descricao": "Correspond\u00eancia do Poder Executivo Municipal", "autoria": "PREFEITO MUNICIPAL", "texto_original": "http://sapl.garca.sp.leg.br/media/sapl/public/materialegislativa/2024/111031/064_anexos.pdf", "ementa": "ANEXOS PROJETO DE LEI N\u00ba 72/2024 - D\u00c1 DENOMINA\u00c7\u00c3O DE VIAS P\u00daBLICAS LOCALIZADAS NO DISTRITO EMPRESARIAL \u201cCARLOS AUGUSTO TEIXEIRA PINTO\u201d."}, {"id": "111032", "ano": "2024", "numero": "190", "tipo__sigla": "CPEXM", "tipo__descricao": "Correspond\u00eancia do Poder Executivo Municipal", "autoria": "PREFEITO MUNICIPAL", "texto_original": "http://sapl.garca.sp.leg.br/media/sapl/public/materialegislativa/2024/111032/065_anexos.pdf", "ementa": "ANEXOS PROJETO DE LEI N\u00ba 73/2024 - AUTORIZA A DOA\u00c7\u00c3O DE \u00c1REA PARA EMPRESA COM ATIVIDADE EMPRESARIAL - EMPRESA IBSOLUTIONS SOLUCOES EM COMERCIO INTERNACIONAL LTDA"}, {"id": "111033", "ano": "2024", "numero": "191", "tipo__sigla": "CPEXM", "tipo__descricao": "Correspond\u00eancia do Poder Executivo Municipal", "autoria": "PREFEITO MUNICIPAL", "texto_original": "http://sapl.garca.sp.leg.br/media/sapl/public/materialegislativa/2024/111033/066_anexos.pdf", "ementa": "ANEXO PROJETO DE LEI N\u00ba 74/2024 - ALTERA O ANEXO III DA LEI N\u00ba 5.435/2021 (PPA) E ALTERA O ANEXO IIA DA LEI N\u00ba 5.560/2023 (LDO), AUTORIZANDO A ABERTURA DE CR\u00c9DITO ESPECIAL, NO IMPORTE DE R$ 176.443,57 (CENTO E SETENTA E SEIS MIL, QUATROCENTOS E QUARENTA E TR\u00caS REAIS E CINQUENTA E SETE CENTAVOS), OBJETIVANDO UTILIZAR OS RECURSOS FEDERAIS DA LEI \u201cPAULO GUSTAVO\u201d DO EXERC\u00cdCIO ANTERIOR."}, {"id": "111053", "ano": "2024", "numero": "192", "tipo__sigla": "CPEXM", "tipo__descricao": "Correspond\u00eancia do Poder Executivo Municipal", "autoria": "PREFEITO MUNICIPAL", "texto_original": "http://sapl.garca.sp.leg.br/media/sapl/public/materialegislativa/2024/111053/078_anexo.pdf", "ementa": "ANEXO PROJETO DE LEI N\u00ba 87/2024 - ALTERA O ANEXO III DA LEI N\u00ba 5.435/2021 (PPA) E ALTERA O ANEXO IIA DA LEI N\u00ba 5.560/2023 (LDO), AUTORIZANDO A ABERTURA DE CR\u00c9DITO ESPECIAL, NO IMPORTE DE R$ 40.000,00 (QUARENTA MIL REAIS), OBJETIVANDO UTILIZAR OS RECURSOS DO FUNDO MUNICIPAL DA PESSOA IDOSA \u2013 HABILITA\u00c7\u00c3O DE PROJETO BANCO DO BRASIL DO EXERC\u00cdCIO ANTERIOR."}, {"id": "111054", "ano": "2024", "numero": "193", "tipo__sigla": "CPEXM", "tipo__descricao": "Correspond\u00eancia do Poder Executivo Municipal", "autoria": "PREFEITO MUNICIPAL", "texto_original": "http://sapl.garca.sp.leg.br/media/sapl/public/materialegislativa/2024/111054/079_anexo.pdf", "ementa": "ANEXO PROJETO DE LEI N\u00ba 88/2024 - ALTERA O ANEXO III DA LEI N\u00ba 5.435/2021 (PPA) E ALTERA O ANEXO IIA DA LEI N\u00ba 5.560/2023 (LDO), AUTORIZANDO A ABERTURA DE CR\u00c9DITO ESPECIAL, NO IMPORTE DE R$ 69.708,63 (SESSENTA E NOVE MIL, SETECENTOS E OITO REAIS E SESSENTA E TR\u00caS CENTAVOS), OBJETIVANDO UTILIZAR OS RECURSOS DO FUNDO MUNICIPAL DE CULTURA DO EXERC\u00cdCIO ANTERIOR."}, {"id": "111055", "ano": "2024", "numero": "194", "tipo__sigla": "CPEXM", "tipo__descricao": "Correspond\u00eancia do Poder Executivo Municipal", "autoria": "PREFEITO MUNICIPAL", "texto_original": "http://sapl.garca.sp.leg.br/media/sapl/public/materialegislativa/2024/111055/067_anexo.pdf", "ementa": "ANEXO PROJETO DE LEI N 76/2024 - ALTERA A LEI MUNICIPAL N\u00ba 5.557, DE 07 DE JULHO DE 2023, QUE DISP\u00d5E SOBRE A CONCESS\u00c3O DE \"PR\u00d3-LABORE\" AOS POLICIAIS MILITARES QUE REALIZAREM SERVI\u00c7OS DE POLICIAMENTO, FISCALIZA\u00c7\u00c3O E DISCIPLINA DAS ATIVIDADES PREVISTAS NO C\u00d3DIGO DE TR\u00c2NSITO BRASILEIRO E D\u00c1 OUTRAS PROVID\u00caNCIAS."}, {"id": "111056", "ano": "2024", "numero": "195", "tipo__sigla": "CPEXM", "tipo__descricao": "Correspond\u00eancia do Poder Executivo Municipal", "autoria": "PREFEITO MUNICIPAL", "texto_original": "http://sapl.garca.sp.leg.br/media/sapl/public/materialegislativa/2024/111056/068_anexo.pdf", "ementa": "ANEXO PROJETO DE LEI N\u00ba 077/2024 - ALTERA O ANEXO III DA LEI N\u00ba 5.435/2021 (PPA) E ALTERA O ANEXO IIA DA LEI N\u00ba 5.560/2023 (LDO), AUTORIZANDO A ABERTURA DE CR\u00c9DITO ESPECIAL, NO IMPORTE DE R$ 27.035,56 (VINTE E SETE MIL, TRINTA E CINCO REAIS E CINQUENTA E SEIS CENTAVOS), OBJETIVANDO UTILIZAR O RECURSO ESTADUAL DO \u201cALTAS TEMPERATURAS\u201d (INCREMENTO TEMPR\u00c1RIO) DO EXERC\u00cdCIO ANTERIOR."}, {"id": "111057", "ano": "2024", "numero": "196", "tipo__sigla": "CPEXM", "tipo__descricao": "Correspond\u00eancia do Poder Executivo Municipal", "autoria": "PREFEITO MUNICIPAL", "texto_original": "http://sapl.garca.sp.leg.br/media/sapl/public/materialegislativa/2024/111057/069_anexo.pdf", "ementa": "ANEXO PROJETO DE LEI - ALTERA O ANEXO III DA LEI N\u00ba 5.435/2021 (PPA) E ALTERA O ANEXO IIA DA LEI N\u00ba 5.560/2023 (LDO), AUTORIZANDO A ABERTURA DE CR\u00c9DITO ESPECIAL, NO IMPORTE DE R$ 10.202,86 (DEZ MIL, DUZENTOS E DOIS REAIS E OITENTA E SEIS CENTAVOS), OBJETIVANDO UTILIZAR OS RECURSOS ESTADUAIS DA CLASSIFICA\u00c7\u00c3O \u201cBENEF\u00cdCIOS EVENTUAIS\u201d DO EXERC\u00cdCIO ANTERIOR."}, {"id": "111058", "ano": "2024", "numero": "197", "tipo__sigla": "CPEXM", "tipo__descricao": "Correspond\u00eancia do Poder Executivo Municipal", "autoria": "PREFEITO MUNICIPAL", "texto_original": "http://sapl.garca.sp.leg.br/media/sapl/public/materialegislativa/2024/111058/070_anexo.pdf", "ementa": "ANEXO PROJETO DE LEI N\u00ba 79/2024 - ALTERA O ANEXO III DA LEI N\u00ba 5.435/2021 (PPA) E ALTERA O ANEXO IIA DA LEI N\u00ba 5.560/2023 (LDO), AUTORIZANDO A ABERTURA DE CR\u00c9DITO ESPECIAL, NO IMPORTE DE R$ 179.462,52 (CENTO E SETENTA E NOVE MIL, QUATROCENTOS E SESSENTA E DOIS REAIS E CINQUENTA E DOIS CENTAVOS), OBJETIVANDO UTILIZAR OS RECURSOS FEDERAIS DA CLASSIFICA\u00c7\u00c3O \u201cCOVID-B\u00c1SICA\u201d DO EXERC\u00cdCIO ANTERIOR."}, {"id": "111059", "ano": "2024", "numero": "198", "tipo__sigla": "CPEXM", "tipo__descricao": "Correspond\u00eancia do Poder Executivo Municipal", "autoria": "PREFEITO MUNICIPAL", "texto_original": "http://sapl.garca.sp.leg.br/media/sapl/public/materialegislativa/2024/111059/071_anexo.pdf", "ementa": "ANEXO PROJETO DE LEI N\u00ba 80/2024 - ALTERA O ANEXO III DA LEI N\u00ba 5.435/2021 (PPA) E ALTERA O ANEXO IIA DA LEI N\u00ba 5.560/2023 (LDO), AUTORIZANDO A ABERTURA DE CR\u00c9DITO ESPECIAL, NO IMPORTE DE R$ 10.957,90 (DEZ MIL, NOVECENTOS E CINQUENTA E SETE REAIS E NOVENTA CENTAVOS), OBJETIVANDO UTILIZAR OS RECURSOS FEDERAIS REFERENTE A PORTARIA 369 DO EXERC\u00cdCIO ANTERIOR."}, {"id": "111060", "ano": "2024", "numero": "199", "tipo__sigla": "CPEXM", "tipo__descricao": "Correspond\u00eancia do Poder Executivo Municipal", "autoria": "PREFEITO MUNICIPAL", "texto_original": "http://sapl.garca.sp.leg.br/media/sapl/public/materialegislativa/2024/111060/072_anexo.pdf", "ementa": "ANEXO PROJETO DE LEI N\u00ba 81/2024 - ALTERA O ANEXO III DA LEI N\u00ba 5.435/2021 (PPA) E ALTERA O ANEXO IIA DA LEI N\u00ba 5.560/2023 (LDO), AUTORIZANDO A ABERTURA DE CR\u00c9DITO ESPECIAL NO IMPORTE DE R$ 200.000,00 (DUZENTOS MIL REAIS), OBJETIVANDO UTILIZAR OS RECURSOS FEDERAIS OBJETO DA \u201cPORTARIA 886 POL\u00cdTICAS P\u00daBLICAS \u2013 ALEXANDRE PADILHA\u201d DO EXERC\u00cdCIO ANTERIOR."}, {"id": "111061", "ano": "2024", "numero": "200", "tipo__sigla": "CPEXM", "tipo__descricao": "Correspond\u00eancia do Poder Executivo Municipal", "autoria": "PREFEITO MUNICIPAL", "texto_original": "http://sapl.garca.sp.leg.br/media/sapl/public/materialegislativa/2024/111061/073_anexo.pdf", "ementa": "ANEXO PROJETO DE LEI N\u00ba 82/2024 - ALTERA O ANEXO III DA LEI N\u00ba 5.435/2021 (PPA) E ALTERA O ANEXO IIA DA LEI N\u00ba 5.560/2023 (LDO), AUTORIZANDO A ABERTURA DE CR\u00c9DITO ESPECIAL, NO IMPORTE DE R$ 46.163,45 (QUARENTA E SEIS MIL, CENTO E SESSENTA E TR\u00caS REAIS E QUARENTA E CINCO CENTAVOS), OBJETIVANDO UTILIZAR OS RECURSOS FEDERAIS REFERENTE AO PROGRAMA \u201cPRIMEIRA INF\u00c2NCIA\u201d DO EXERC\u00cdCIO ANTERIOR."}, {"id": "111062", "ano": "2024", "numero": "201", "tipo__sigla": "CPEXM", "tipo__descricao": "Correspond\u00eancia do Poder Executivo Municipal", "autoria": "PREFEITO MUNICIPAL", "texto_original": "http://sapl.garca.sp.leg.br/media/sapl/public/materialegislativa/2024/111062/074_anexo.pdf", "ementa": "ANEXO PROJETO DE LEI N\u00ba 83/2024 - ALTERA O ANEXO III DA LEI N\u00ba 5.435/2021 (PPA) E ALTERA O ANEXO IIA DA LEI N\u00ba 5.560/2023 (LDO), AUTORIZANDO A ABERTURA DE CR\u00c9DITO ESPECIAL, NO IMPORTE DE R$ 7.975,89 (SETE MIL, NOVECENTOS E SETENTA E CINCO REAIS E OITENTA E NOVE CENTAVOS), OBJETIVANDO UTILIZAR OS RECURSOS FEDERAIS OBJETO DO PROGRAMA \u201cPROTE\u00c7\u00c3O DA ALTA COMPLEXIDADE-CRIAN\u00c7A\u201d DO EXERC\u00cdCIO ANTERIOR."}, {"id": "111063", "ano": "2024", "numero": "202", "tipo__sigla": "CPEXM", "tipo__descricao": "Correspond\u00eancia do Poder Executivo Municipal", "autoria": "PREFEITO MUNICIPAL", "texto_original": "http://sapl.garca.sp.leg.br/media/sapl/public/materialegislativa/2024/111063/075_anexo.pdf", "ementa": "ANEXO PROJETO DE LEI N\u00ba 84/2024 - ALTERA O ANEXO III DA LEI N\u00ba 5.435/2021 (PPA) E ALTERA O ANEXO IIA DA LEI N\u00ba 5.560/2023 (LDO), AUTORIZANDO A ABERTURA DE CR\u00c9DITO ESPECIAL, NO IMPORTE DE R$ 2.328,96 (DOIS MIL, TREZENTOS E VINTE E OITO REAIS E NOVENTA E SEIS CENTAVOS), OBJETIVANDO UTILIZAR OS RECURSOS FEDERAIS DO PROGRAMA \u201cPROTE\u00c7\u00c3O DA ALTA COMPLEXIDADE-IDOSO\u201d DO EXERC\u00cdCIO ANTERIOR."}, {"id": "111064", "ano": "2024", "numero": "203", "tipo__sigla": "CPEXM", "tipo__descricao": "Correspond\u00eancia do Poder Executivo Municipal", "autoria": "PREFEITO MUNICIPAL", "texto_original": "http://sapl.garca.sp.leg.br/media/sapl/public/materialegislativa/2024/111064/076_anexo.pdf", "ementa": "ANEXO PROJETO DE LEI N\u00ba 85/2024 - ALTERA O ANEXO III DA LEI N\u00ba 5.435/2021 (PPA) E ALTERA O ANEXO IIA DA LEI N\u00ba 5.560/2023 (LDO), AUTORIZANDO A ABERTURA DE CR\u00c9DITO ESPECIAL, NO IMPORTE DE R$ 7.178,30 (SETE MIL, CENTO E SETENTA E OITO REAIS E TRINTA CENTAVOS), OBJETIVANDO UTILIZAR OS RECURSOS DA PROTE\u00c7\u00c3O ESPECIAL DA M\u00c9DIA COMPLEXIDADE FEDERAL DO EXERC\u00cdCIO ANTERIOR."}, {"id": "111065", "ano": "2024", "numero": "204", "tipo__sigla": "CPEXM", "tipo__descricao": "Correspond\u00eancia do Poder Executivo Municipal", "autoria": "PREFEITO MUNICIPAL", "texto_original": "http://sapl.garca.sp.leg.br/media/sapl/public/materialegislativa/2024/111065/077_anexo.pdf", "ementa": "ANEXO PROJETO DE LEI N\u00ba 86/2024 - ALTERA O ANEXO III DA LEI N\u00ba 5.435/2021 (PPA) E ALTERA O ANEXO IIA DA LEI N\u00ba 5.560/2023 (LDO), AUTORIZANDO A ABERTURA DE CR\u00c9DITO ESPECIAL, NO IMPORTE DE R$ 25.216,12 (VINTE E CINCO MIL, DUZENTOS E DEZESSEIS REAIS E DOZE CENTAVOS), OBJETIVANDO UTILIZAR OS RECURSOS DO SERVI\u00c7O DE CONVIV\u00caNCIA E FORTALECIMENTO DE V\u00cdNCULOS DO EXERC\u00cdCIO ANTERIOR."}, {"id": "111066", "ano": "2024", "numero": "205", "tipo__sigla": "CPEXM", "tipo__descricao": "Correspond\u00eancia do Poder Executivo Municipal", "autoria": "PREFEITO MUNICIPAL", "texto_original": "http://sapl.garca.sp.leg.br/media/sapl/public/materialegislativa/2024/111066/081.pdf", "ementa": "Of\u00edcio n\u00ba 81/2024 - Requerimento n\u00ba 93 - 5\u00aa Sess\u00e3o"}, {"id": "111067", "ano": "2024", "numero": "206", "tipo__sigla": "CPEXM", "tipo__descricao": "Correspond\u00eancia do Poder Executivo Municipal", "autoria": "PREFEITO MUNICIPAL", "texto_original": "http://sapl.garca.sp.leg.br/media/sapl/public/materialegislativa/2024/111067/082.pdf", "ementa": "Of\u00edcio n\u00ba 82/2024 - Requerimento n\u00ba 94 - 5\u00aa Sess\u00e3o"}, {"id": "111068", "ano": "2024", "numero": "207", "tipo__sigla": "CPEXM", "tipo__descricao": "Correspond\u00eancia do Poder Executivo Municipal", "autoria": "PREFEITO MUNICIPAL", "texto_original": "http://sapl.garca.sp.leg.br/media/sapl/public/materialegislativa/2024/111068/115.pdf", "ementa": "Of\u00edcio n\u00ba 115/2024 - Requerimento n\u00ba 95 - 5\u00aa Sess\u00e3o"}, {"id": "111069", "ano": "2024", "numero": "208", "tipo__sigla": "CPEXM", "tipo__descricao": "Correspond\u00eancia do Poder Executivo Municipal", "autoria": "PREFEITO MUNICIPAL", "texto_original": "http://sapl.garca.sp.leg.br/media/sapl/public/materialegislativa/2024/111069/085.pdf", "ementa": "Of\u00edcio n\u00ba 85/2024 - Requerimento n\u00ba 96 - 5\u00aa Sess\u00e3o"}, {"id": "111070", "ano": "2024", "numero": "209", "tipo__sigla": "CPEXM", "tipo__descricao": "Correspond\u00eancia do Poder Executivo Municipal", "autoria": "PREFEITO MUNICIPAL", "texto_original": "http://sapl.garca.sp.leg.br/media/sapl/public/materialegislativa/2024/111070/090.pdf", "ementa": "Of\u00edcio n\u00ba 90/2024 - Requerimento n\u00ba 99 - 5\u00aa Sess\u00e3o"}, {"id": "111071", "ano": "2024", "numero": "210", "tipo__sigla": "CPEXM", "tipo__descricao": "Correspond\u00eancia do Poder Executivo Municipal", "autoria": "PREFEITO MUNICIPAL", "texto_original": "http://sapl.garca.sp.leg.br/media/sapl/public/materialegislativa/2024/111071/116.pdf", "ementa": "Of\u00edcio n\u00ba 116/2024 - Requerimento n\u00ba 100 - 5\u00aa Sess\u00e3o"}, {"id": "111072", "ano": "2024", "numero": "211", "tipo__sigla": "CPEXM", "tipo__descricao": "Correspond\u00eancia do Poder Executivo Municipal", "autoria": "PREFEITO MUNICIPAL", "texto_original": "http://sapl.garca.sp.leg.br/media/sapl/public/materialegislativa/2024/111072/092.pdf", "ementa": "Of\u00edcio n\u00ba 92/2024 - Requerimento n\u00ba 102 - 5\u00aa Sess\u00e3o"}, {"id": "111073", "ano": "2024", "numero": "212", "tipo__sigla": "CPEXM", "tipo__descricao": "Correspond\u00eancia do Poder Executivo Municipal", "autoria": "PREFEITO MUNICIPAL", "texto_original": "http://sapl.garca.sp.leg.br/media/sapl/public/materialegislativa/2024/111073/093.pdf", "ementa": "Of\u00edcio n\u00ba 93/2024 - Requerimento n\u00ba 106 - 5\u00aa Sess\u00e3o"}, {"id": "111074", "ano": "2024", "numero": "213", "tipo__sigla": "CPEXM", "tipo__descricao": "Correspond\u00eancia do Poder Executivo Municipal", "autoria": "PREFEITO MUNICIPAL", "texto_original": "http://sapl.garca.sp.leg.br/media/sapl/public/materialegislativa/2024/111074/117.pdf", "ementa": "Of\u00edcio n\u00ba 117/2024 - Requerimento n\u00ba 107 - 5\u00aa Sess\u00e3o"}, {"id": "111075", "ano": "2024", "numero": "214", "tipo__sigla": "CPEXM", "tipo__descricao": "Correspond\u00eancia do Poder Executivo Municipal", "autoria": "PREFEITO MUNICIPAL", "texto_original": "http://sapl.garca.sp.leg.br/media/sapl/public/materialegislativa/2024/111075/111.pdf", "ementa": "Of\u00edcio n\u00ba 111/2024 - Requerimento n\u00ba 108 - 5\u00aa Sess\u00e3o"}, {"id": "111076", "ano": "2024", "numero": "215", "tipo__sigla": "CPEXM", "tipo__descricao": "Correspond\u00eancia do Poder Executivo Municipal", "autoria": "PREFEITO MUNICIPAL", "texto_original": "http://sapl.garca.sp.leg.br/media/sapl/public/materialegislativa/2024/111076/096.pdf", "ementa": "Of\u00edcio n\u00ba 96/2024 - Requerimento n\u00ba 109 - 5\u00aa Sess\u00e3o"}, {"id": "111077", "ano": "2024", "numero": "216", "tipo__sigla": "CPEXM", "tipo__descricao": "Correspond\u00eancia do Poder Executivo Municipal", "autoria": "PREFEITO MUNICIPAL", "texto_original": "http://sapl.garca.sp.leg.br/media/sapl/public/materialegislativa/2024/111077/083.pdf", "ementa": "Of\u00edcio n\u00ba 83/2024 - Requerimento n\u00ba 110 - 5\u00aa Sess\u00e3o"}, {"id": "111078", "ano": "2024", "numero": "217", "tipo__sigla": "CPEXM", "tipo__descricao": "Correspond\u00eancia do Poder Executivo Municipal", "autoria": "PREFEITO MUNICIPAL", "texto_original": "http://sapl.garca.sp.leg.br/media/sapl/public/materialegislativa/2024/111078/098.pdf", "ementa": "Of\u00edcio n\u00ba 98/2024 - Requerimento n\u00ba 111 - 5\u00aa Sess\u00e3o"}, {"id": "111079", "ano": "2024", "numero": "218", "tipo__sigla": "CPEXM", "tipo__descricao": "Correspond\u00eancia do Poder Executivo Municipal", "autoria": "PREFEITO MUNICIPAL", "texto_original": "http://sapl.garca.sp.leg.br/media/sapl/public/materialegislativa/2024/111079/094.pdf", "ementa": "Of\u00edcio n\u00ba 94/2024 - Requerimento n\u00ba 112 - 5\u00aa Sess\u00e3o"}, {"id": "111080", "ano": "2024", "numero": "219", "tipo__sigla": "CPEXM", "tipo__descricao": "Correspond\u00eancia do Poder Executivo Municipal", "autoria": "PREFEITO MUNICIPAL", "texto_original": "http://sapl.garca.sp.leg.br/media/sapl/public/materialegislativa/2024/111080/121.pdf", "ementa": "Of\u00edcio n\u00ba 121/2024 - Requerimento n\u00ba 114 - 5\u00aa Sess\u00e3o"}, {"id": "111081", "ano": "2024", "numero": "220", "tipo__sigla": "CPEXM", "tipo__descricao": "Correspond\u00eancia do Poder Executivo Municipal", "autoria": "PREFEITO MUNICIPAL", "texto_original": "http://sapl.garca.sp.leg.br/media/sapl/public/materialegislativa/2024/111081/086.pdf", "ementa": "Of\u00edcio n\u00ba 86/2024 - Requerimento n\u00ba 115 - 5\u00aa Sess\u00e3o"}, {"id": "111082", "ano": "2024", "numero": "221", "tipo__sigla": "CPEXM", "tipo__descricao": "Correspond\u00eancia do Poder Executivo Municipal", "autoria": "PREFEITO MUNICIPAL", "texto_original": "http://sapl.garca.sp.leg.br/media/sapl/public/materialegislativa/2024/111082/084.pdf", "ementa": "Of\u00edcio n\u00ba 84/2024 - Requerimento n\u00ba 106 - 5\u00aa Sess\u00e3o"}, {"id": "111083", "ano": "2024", "numero": "222", "tipo__sigla": "CPEXM", "tipo__descricao": "Correspond\u00eancia do Poder Executivo Municipal", "autoria": "PREFEITO MUNICIPAL", "texto_original": "http://sapl.garca.sp.leg.br/media/sapl/public/materialegislativa/2024/111083/122.pdf", "ementa": "Of\u00edcio n\u00ba 122/2024 - Requerimento n\u00ba 118 - 5\u00aa Sess\u00e3o"}, {"id": "111084", "ano": "2024", "numero": "223", "tipo__sigla": "CPEXM", "tipo__descricao": "Correspond\u00eancia do Poder Executivo Municipal", "autoria": "PREFEITO MUNICIPAL", "texto_original": "http://sapl.garca.sp.leg.br/media/sapl/public/materialegislativa/2024/111084/097.pdf", "ementa": "Of\u00edcio n\u00ba 97/2024 - Requerimento n\u00ba 119 - 5\u00aa Sess\u00e3o"}, {"id": "111085", "ano": "2024", "numero": "224", "tipo__sigla": "CPEXM", "tipo__descricao": "Correspond\u00eancia do Poder Executivo Municipal", "autoria": "PREFEITO MUNICIPAL", "texto_original": "http://sapl.garca.sp.leg.br/media/sapl/public/materialegislativa/2024/111085/100.pdf", "ementa": "Of\u00edcio n\u00ba 100/2024 - Requerimento n\u00ba 119 - 5\u00aa Sess\u00e3o"}, {"id": "111086", "ano": "2024", "numero": "225", "tipo__sigla": "CPEXM", "tipo__descricao": "Correspond\u00eancia do Poder Executivo Municipal", "autoria": "PREFEITO MUNICIPAL", "texto_original": "http://sapl.garca.sp.leg.br/media/sapl/public/materialegislativa/2024/111086/091.pdf", "ementa": "Of\u00edcio n\u00ba 91/2024 - Requerimento n\u00ba 126 - 5\u00aa Sess\u00e3o"}, {"id": "111087", "ano": "2024", "numero": "226", "tipo__sigla": "CPEXM", "tipo__descricao": "Correspond\u00eancia do Poder Executivo Municipal", "autoria": "PREFEITO MUNICIPAL", "texto_original": "http://sapl.garca.sp.leg.br/media/sapl/public/materialegislativa/2024/111087/087.pdf", "ementa": "Of\u00edcio n\u00ba 87/2024 - Requerimento n\u00ba 127 - 5\u00aa Sess\u00e3o"}, {"id": "111088", "ano": "2024", "numero": "227", "tipo__sigla": "CPEXM", "tipo__descricao": "Correspond\u00eancia do Poder Executivo Municipal", "autoria": "PREFEITO MUNICIPAL", "texto_original": "http://sapl.garca.sp.leg.br/media/sapl/public/materialegislativa/2024/111088/101.pdf", "ementa": "Of\u00edcio n\u00ba 101/2024 - Requerimento n\u00ba 128 - 5\u00aa Sess\u00e3o"}, {"id": "111089", "ano": "2024", "numero": "228", "tipo__sigla": "CPEXM", "tipo__descricao": "Correspond\u00eancia do Poder Executivo Municipal", "autoria": "PREFEITO MUNICIPAL", "texto_original": "http://sapl.garca.sp.leg.br/media/sapl/public/materialegislativa/2024/111089/102.pdf", "ementa": "Of\u00edcio n\u00ba 102/2024 - Requerimento n\u00ba 129 - 5\u00aa Sess\u00e3o"}, {"id": "111090", "ano": "2024", "numero": "229", "tipo__sigla": "CPEXM", "tipo__descricao": "Correspond\u00eancia do Poder Executivo Municipal", "autoria": "PREFEITO MUNICIPAL", "texto_original": "http://sapl.garca.sp.leg.br/media/sapl/public/materialegislativa/2024/111090/099.pdf", "ementa": "Of\u00edcio n\u00ba 99/2024 - Requerimento n\u00ba 130 - 5\u00aa Sess\u00e3o"}, {"id": "111091", "ano": "2024", "numero": "230", "tipo__sigla": "CPEXM", "tipo__descricao": "Correspond\u00eancia do Poder Executivo Municipal", "autoria": "PREFEITO MUNICIPAL", "texto_original": "http://sapl.garca.sp.leg.br/media/sapl/public/materialegislativa/2024/111091/103.pdf", "ementa": "Of\u00edcio n\u00ba 103/2024 - Requerimento n\u00ba 131 - 5\u00aa Sess\u00e3o"}, {"id": "111092", "ano": "2024", "numero": "231", "tipo__sigla": "CPEXM", "tipo__descricao": "Correspond\u00eancia do Poder Executivo Municipal", "autoria": "PREFEITO MUNICIPAL", "texto_original": "http://sapl.garca.sp.leg.br/media/sapl/public/materialegislativa/2024/111092/095.pdf", "ementa": "Of\u00edcio n\u00ba 95/2024 - Requerimento n\u00ba 134 - 5\u00aa Sess\u00e3o"}, {"id": "111093", "ano": "2024", "numero": "232", "tipo__sigla": "CPEXM", "tipo__descricao": "Correspond\u00eancia do Poder Executivo Municipal", "autoria": "PREFEITO MUNICIPAL", "texto_original": "http://sapl.garca.sp.leg.br/media/sapl/public/materialegislativa/2024/111093/105.pdf", "ementa": "Of\u00edcio n\u00ba 105/2024 - Requerimento n\u00ba 135 - 5\u00aa Sess\u00e3o"}, {"id": "111094", "ano": "2024", "numero": "233", "tipo__sigla": "CPEXM", "tipo__descricao": "Correspond\u00eancia do Poder Executivo Municipal", "autoria": "PREFEITO MUNICIPAL", "texto_original": "http://sapl.garca.sp.leg.br/media/sapl/public/materialegislativa/2024/111094/106.pdf", "ementa": "Of\u00edcio n\u00ba 106/2024 - Requerimento n\u00ba 139 - 5\u00aa Sess\u00e3o"}, {"id": "111095", "ano": "2024", "numero": "234", "tipo__sigla": "CPEXM", "tipo__descricao": "Correspond\u00eancia do Poder Executivo Municipal", "autoria": "PREFEITO MUNICIPAL", "texto_original": "http://sapl.garca.sp.leg.br/media/sapl/public/materialegislativa/2024/111095/104.pdf", "ementa": "Of\u00edcio n\u00ba 104/2024 - Requerimento n\u00ba 140 - 5\u00aa Sess\u00e3o"}, {"id": "111096", "ano": "2024", "numero": "235", "tipo__sigla": "CPEXM", "tipo__descricao": "Correspond\u00eancia do Poder Executivo Municipal", "autoria": "PREFEITO MUNICIPAL", "texto_original": "http://sapl.garca.sp.leg.br/media/sapl/public/materialegislativa/2024/111096/118.pdf", "ementa": "Of\u00edcio n\u00ba 118/2024 - Requerimento n\u00ba 141 - 5\u00aa Sess\u00e3o"}, {"id": "111097", "ano": "2024", "numero": "236", "tipo__sigla": "CPEXM", "tipo__descricao": "Correspond\u00eancia do Poder Executivo Municipal", "autoria": "PREFEITO MUNICIPAL", "texto_original": "http://sapl.garca.sp.leg.br/media/sapl/public/materialegislativa/2024/111097/088.pdf", "ementa": "Of\u00edcio n\u00ba 88/2024 - Requerimento n\u00ba 142 - 5\u00aa Sess\u00e3o"}, {"id": "111098", "ano": "2024", "numero": "237", "tipo__sigla": "CPEXM", "tipo__descricao": "Correspond\u00eancia do Poder Executivo Municipal", "autoria": "PREFEITO MUNICIPAL", "texto_original": "http://sapl.garca.sp.leg.br/media/sapl/public/materialegislativa/2024/111098/107.pdf", "ementa": "Of\u00edcio n\u00ba 107/2024 - Requerimento n\u00ba 143 - 5\u00aa Sess\u00e3o"}, {"id": "111099", "ano": "2024", "numero": "238", "tipo__sigla": "CPEXM", "tipo__descricao": "Correspond\u00eancia do Poder Executivo Municipal", "autoria": "PREFEITO MUNICIPAL", "texto_original": "http://sapl.garca.sp.leg.br/media/sapl/public/materialegislativa/2024/111099/108.pdf", "ementa": "Of\u00edcio n\u00ba 108/2024 - Requerimento n\u00ba 144 - 5\u00aa Sess\u00e3o"}, {"id": "111100", "ano": "2024", "numero": "239", "tipo__sigla": "CPEXM", "tipo__descricao": "Correspond\u00eancia do Poder Executivo Municipal", "autoria": "PREFEITO MUNICIPAL", "texto_original": "http://sapl.garca.sp.leg.br/media/sapl/public/materialegislativa/2024/111100/119.pdf", "ementa": "Of\u00edcio n\u00ba 119/2024 - Requerimento n\u00ba 150 - 5\u00aa Sess\u00e3o"}, {"id": "111101", "ano": "2024", "numero": "240", "tipo__sigla": "CPEXM", "tipo__descricao": "Correspond\u00eancia do Poder Executivo Municipal", "autoria": "PREFEITO MUNICIPAL", "texto_original": "http://sapl.garca.sp.leg.br/media/sapl/public/materialegislativa/2024/111101/109.pdf", "ementa": "Of\u00edcio n\u00ba 109/2024 - Requerimento n\u00ba 151 - 5\u00aa Sess\u00e3o"}, {"id": "111102", "ano": "2024", "numero": "241", "tipo__sigla": "CPEXM", "tipo__descricao": "Correspond\u00eancia do Poder Executivo Municipal", "autoria": "PREFEITO MUNICIPAL", "texto_original": "http://sapl.garca.sp.leg.br/media/sapl/public/materialegislativa/2024/111102/120.pdf", "ementa": "Of\u00edcio n\u00ba 120/2024 - Requerimento n\u00ba 152 - 5\u00aa Sess\u00e3o"}, {"id": "111103", "ano": "2024", "numero": "242", "tipo__sigla": "CPEXM", "tipo__descricao": "Correspond\u00eancia do Poder Executivo Municipal", "autoria": "PREFEITO MUNICIPAL", "texto_original": "http://sapl.garca.sp.leg.br/media/sapl/public/materialegislativa/2024/111103/089.pdf", "ementa": "Of\u00edcio n\u00ba 89/2024 - Requerimento n\u00ba 153 - 5\u00aa Sess\u00e3o"}, {"id": "111104", "ano": "2024", "numero": "243", "tipo__sigla": "CPEXM", "tipo__descricao": "Correspond\u00eancia do Poder Executivo Municipal", "autoria": "PREFEITO MUNICIPAL", "texto_original": "http://sapl.garca.sp.leg.br/media/sapl/public/materialegislativa/2024/111104/110.pdf", "ementa": "Of\u00edcio n\u00ba 110/2024 - Requerimento n\u00ba 154 - 5\u00aa Sess\u00e3o"}, {"id": "111105", "ano": "2024", "numero": "244", "tipo__sigla": "CPEXM", "tipo__descricao": "Correspond\u00eancia do Poder Executivo Municipal", "autoria": "PREFEITO MUNICIPAL", "texto_original": "http://sapl.garca.sp.leg.br/media/sapl/public/materialegislativa/2024/111105/112.pdf", "ementa": "Of\u00edcio n\u00ba 112/2024 - Requerimento n\u00ba 103 - 5\u00aa Sess\u00e3o"}, {"id": "111106", "ano": "2024", "numero": "245", "tipo__sigla": "CPEXM", "tipo__descricao": "Correspond\u00eancia do Poder Executivo Municipal", "autoria": "PREFEITO MUNICIPAL", "texto_original": "http://sapl.garca.sp.leg.br/media/sapl/public/materialegislativa/2024/111106/113.pdf", "ementa": "Of\u00edcio n\u00ba 113/2024 - Requerimento n\u00ba 105 - 5\u00aa Sess\u00e3o"}, {"id": "111107", "ano": "2024", "numero": "246", "tipo__sigla": "CPEXM", "tipo__descricao": "Correspond\u00eancia do Poder Executivo Municipal", "autoria": "PREFEITO MUNICIPAL", "texto_original": "http://sapl.garca.sp.leg.br/media/sapl/public/materialegislativa/2024/111107/114.pdf", "ementa": "Of\u00edcio n\u00ba 114/2024 - Requerimento n\u00ba 92 - 5\u00aa Sess\u00e3o"}, {"id": "111112", "ano": "2024", "numero": "247", "tipo__sigla": "CPEXM", "tipo__descricao": "Correspond\u00eancia do Poder Executivo Municipal", "autoria": "PREFEITO MUNICIPAL", "texto_original": "http://sapl.garca.sp.leg.br/media/sapl/public/materialegislativa/2024/111112/080_anexos.pdf", "ementa": "ANEXOS PROJETO DE LEI - DISP\u00d5E SOBRE DENOMINA\u00c7\u00c3O DE IM\u00d3VEL P\u00daBLICO - MUSEU HIST\u00d3RICO PEDAG\u00d3GICO ANT\u00d4NIA BETTONI GARAVAZO"}, {"id": "111129", "ano": "2024", "numero": "248", "tipo__sigla": "CPEXM", "tipo__descricao": "Correspond\u00eancia do Poder Executivo Municipal", "autoria": "PREFEITO MUNICIPAL", "texto_original": "http://sapl.garca.sp.leg.br/media/sapl/public/materialegislativa/2024/111129/lc_009_anexo.pdf", "ementa": "ANEXO PROJETO DE LEI COMPLEMENTAR - ALTERA A LEI COMPLEMENTAR N\u00ba 08/2015, QUE DISP\u00d5E SOBRE A CONTRATA\u00c7\u00c3O POR TEMPO DETERMINADO PARA ATENDER A NECESSIDADE TEMPOR\u00c1RIA DE EXCEPCIONAL INTERESSE P\u00daBLICO, NOS TERMOS DO INCISO IX, DO ARTIGO 37 DA CONSTITUI\u00c7\u00c3O FEDERAL."}, {"id": "111133", "ano": "2024", "numero": "249", "tipo__sigla": "CPEXM", "tipo__descricao": "Correspond\u00eancia do Poder Executivo Municipal", "autoria": "PREFEITO MUNICIPAL", "texto_original": "http://sapl.garca.sp.leg.br/media/sapl/public/materialegislativa/2024/111133/balanco_patrimonial_2023.pdf", "ementa": "ANEXO PROJETO DE LEI N 86/2024 - ALTERA O ANEXO III DA LEI N\u00ba 5.435/2021 (PPA) E ALTERA O ANEXO IIA DA LEI N\u00ba 5.560/2023 (LDO), AUTORIZANDO A ABERTURA DE CR\u00c9DITO ESPECIAL, NO IMPORTE DE R$ 25.216,12 (VINTE E CINCO MIL, DUZENTOS E DEZESSEIS REAIS E DOZE CENTAVOS), OBJETIVANDO UTILIZAR OS RECURSOS DO SERVI\u00c7O DE CONVIV\u00caNCIA E FORTALECIMENTO DE V\u00cdNCULOS DO EXERC\u00cdCIO ANTERIOR."}, {"id": "111134", "ano": "2024", "numero": "250", "tipo__sigla": "CPEXM", "tipo__descricao": "Correspond\u00eancia do Poder Executivo Municipal", "autoria": "PREFEITO MUNICIPAL", "texto_original": "http://sapl.garca.sp.leg.br/media/sapl/public/materialegislativa/2024/111134/balanco_patrimonial_2023.pdf", "ementa": "ANEXO PROJETO DE LEI N\u00ba 80/2024 - ALTERA O ANEXO III DA LEI N\u00ba 5.435/2021 (PPA) E ALTERA O ANEXO IIA DA LEI N\u00ba 5.560/2023 (LDO), AUTORIZANDO A ABERTURA DE CR\u00c9DITO ESPECIAL, NO IMPORTE DE R$ 10.957,90 (DEZ MIL, NOVECENTOS E CINQUENTA E SETE REAIS E NOVENTA CENTAVOS), OBJETIVANDO UTILIZAR OS RECURSOS FEDERAIS REFERENTE A PORTARIA 369 DO EXERC\u00cdCIO ANTERIOR."}, {"id": "111135", "ano": "2024", "numero": "251", "tipo__sigla": "CPEXM", "tipo__descricao": "Correspond\u00eancia do Poder Executivo Municipal", "autoria": "PREFEITO MUNICIPAL", "texto_original": "http://sapl.garca.sp.leg.br/media/sapl/public/materialegislativa/2024/111135/balanco_patrimonial_2023.pdf", "ementa": "ANEXO PROJETO DE LEI N\u00ba 81/2024 - ALTERA O ANEXO III DA LEI N\u00ba 5.435/2021 (PPA) E ALTERA O ANEXO IIA DA LEI N\u00ba 5.560/2023 (LDO), AUTORIZANDO A ABERTURA DE CR\u00c9DITO ESPECIAL NO IMPORTE DE R$ 200.000,00 (DUZENTOS MIL REAIS), OBJETIVANDO UTILIZAR OS RECURSOS FEDERAIS OBJETO DA \u201cPORTARIA 886 POL\u00cdTICAS P\u00daBLICAS \u2013 ALEXANDRE PADILHA\u201d DO EXERC\u00cdCIO ANTERIOR."}, {"id": "111136", "ano": "2024", "numero": "252", "tipo__sigla": "CPEXM", "tipo__descricao": "Correspond\u00eancia do Poder Executivo Municipal", "autoria": "PREFEITO MUNICIPAL", "texto_original": "http://sapl.garca.sp.leg.br/media/sapl/public/materialegislativa/2024/111136/balanco_patrimonial_2023.pdf", "ementa": "ANEXO PROJETO DE LEI N\u00ba 82/2024 - ALTERA O ANEXO III DA LEI N\u00ba 5.435/2021 (PPA) E ALTERA O ANEXO IIA DA LEI N\u00ba 5.560/2023 (LDO), AUTORIZANDO A ABERTURA DE CR\u00c9DITO ESPECIAL, NO IMPORTE DE R$ 46.163,45 (QUARENTA E SEIS MIL, CENTO E SESSENTA E TR\u00caS REAIS E QUARENTA E CINCO CENTAVOS), OBJETIVANDO UTILIZAR OS RECURSOS FEDERAIS REFERENTE AO PROGRAMA \u201cPRIMEIRA INF\u00c2NCIA\u201d DO EXERC\u00cdCIO ANTERIOR."}, {"id": "111137", "ano": "2024", "numero": "253", "tipo__sigla": "CPEXM", "tipo__descricao": "Correspond\u00eancia do Poder Executivo Municipal", "autoria": "PREFEITO MUNICIPAL", "texto_original": "http://sapl.garca.sp.leg.br/media/sapl/public/materialegislativa/2024/111137/balanco_patrimonial_2023.pdf", "ementa": "ANEXO PROJETO DE LEI N\u00ba 83/2024 - ALTERA O ANEXO III DA LEI N\u00ba 5.435/2021 (PPA) E ALTERA O ANEXO IIA DA LEI N\u00ba 5.560/2023 (LDO), AUTORIZANDO A ABERTURA DE CR\u00c9DITO ESPECIAL, NO IMPORTE DE R$ 7.975,89 (SETE MIL, NOVECENTOS E SETENTA E CINCO REAIS E OITENTA E NOVE CENTAVOS), OBJETIVANDO UTILIZAR OS RECURSOS FEDERAIS OBJETO DO PROGRAMA \u201cPROTE\u00c7\u00c3O DA ALTA COMPLEXIDADE-CRIAN\u00c7A\u201d DO EXERC\u00cdCIO ANTERIOR."}, {"id": "111138", "ano": "2024", "numero": "254", "tipo__sigla": "CPEXM", "tipo__descricao": "Correspond\u00eancia do Poder Executivo Municipal", "autoria": "PREFEITO MUNICIPAL", "texto_original": "http://sapl.garca.sp.leg.br/media/sapl/public/materialegislativa/2024/111138/balanco_patrimonial_2023.pdf", "ementa": "ANEXO PROJETO DE LEI N\u00ba 84/2024 - ALTERA O ANEXO III DA LEI N\u00ba 5.435/2021 (PPA) E ALTERA O ANEXO IIA DA LEI N\u00ba 5.560/2023 (LDO), AUTORIZANDO A ABERTURA DE CR\u00c9DITO ESPECIAL, NO IMPORTE DE R$ 2.328,96 (DOIS MIL, TREZENTOS E VINTE E OITO REAIS E NOVENTA E SEIS CENTAVOS), OBJETIVANDO UTILIZAR OS RECURSOS FEDERAIS DO PROGRAMA \u201cPROTE\u00c7\u00c3O DA ALTA COMPLEXIDADE-IDOSO\u201d DO EXERC\u00cdCIO ANTERIOR."}, {"id": "111139", "ano": "2024", "numero": "255", "tipo__sigla": "CPEXM", "tipo__descricao": "Correspond\u00eancia do Poder Executivo Municipal", "autoria": "PREFEITO MUNICIPAL", "texto_original": "http://sapl.garca.sp.leg.br/media/sapl/public/materialegislativa/2024/111139/balanco_patrimonial_2023.pdf", "ementa": "ANEXO PROJETO DE LEI N\u00ba 85/2024 - ALTERA O ANEXO III DA LEI N\u00ba 5.435/2021 (PPA) E ALTERA O ANEXO IIA DA LEI N\u00ba 5.560/2023 (LDO), AUTORIZANDO A ABERTURA DE CR\u00c9DITO ESPECIAL, NO IMPORTE DE R$ 7.178,30 (SETE MIL, CENTO E SETENTA E OITO REAIS E TRINTA CENTAVOS), OBJETIVANDO UTILIZAR OS RECURSOS DA PROTE\u00c7\u00c3O ESPECIAL DA M\u00c9DIA COMPLEXIDADE FEDERAL DO EXERC\u00cdCIO ANTERIOR."}, {"id": "111140", "ano": "2024", "numero": "256", "tipo__sigla": "CPEXM", "tipo__descricao": "Correspond\u00eancia do Poder Executivo Municipal", "autoria": "PREFEITO MUNICIPAL", "texto_original": "http://sapl.garca.sp.leg.br/media/sapl/public/materialegislativa/2024/111140/balanco_patrimonial_2023.pdf", "ementa": "ANEXO PROJETO DE LEI N\u00ba 87/2024 - ALTERA O ANEXO III DA LEI N\u00ba 5.435/2021 (PPA) E ALTERA O ANEXO IIA DA LEI N\u00ba 5.560/2023 (LDO), AUTORIZANDO A ABERTURA DE CR\u00c9DITO ESPECIAL, NO IMPORTE DE R$ 40.000,00 (QUARENTA MIL REAIS), OBJETIVANDO UTILIZAR OS RECURSOS DO FUNDO MUNICIPAL DA PESSOA IDOSA \u2013 HABILITA\u00c7\u00c3O DE PROJETO BANCO DO BRASIL DO EXERC\u00cdCIO ANTERIOR."}, {"id": "111141", "ano": "2024", "numero": "257", "tipo__sigla": "CPEXM", "tipo__descricao": "Correspond\u00eancia do Poder Executivo Municipal", "autoria": "PREFEITO MUNICIPAL", "texto_original": "http://sapl.garca.sp.leg.br/media/sapl/public/materialegislativa/2024/111141/balanco_patrimonial_2023.pdf", "ementa": "ANEXO PROJETO DE LEI N\u00ba 88/2024 - ALTERA O ANEXO III DA LEI N\u00ba 5.435/2021 (PPA) E ALTERA O ANEXO IIA DA LEI N\u00ba 5.560/2023 (LDO), AUTORIZANDO A ABERTURA DE CR\u00c9DITO ESPECIAL, NO IMPORTE DE R$ 69.708,63 (SESSENTA E NOVE MIL, SETECENTOS E OITO REAIS E SESSENTA E TR\u00caS CENTAVOS), OBJETIVANDO UTILIZAR OS RECURSOS DO FUNDO MUNICIPAL DE CULTURA DO EXERC\u00cdCIO ANTERIOR."}, {"id": "111142", "ano": "2024", "numero": "258", "tipo__sigla": "CPEXM", "tipo__descricao": "Correspond\u00eancia do Poder Executivo Municipal", "autoria": "PREFEITO MUNICIPAL", "texto_original": "http://sapl.garca.sp.leg.br/media/sapl/public/materialegislativa/2024/111142/balanco_patrimonial_2023.pdf", "ementa": "ANEXO PROJETO DE LEI N\u00ba 78/2024 - ALTERA O ANEXO III DA LEI N\u00ba 5.435/2021 (PPA) E ALTERA O ANEXO IIA DA LEI N\u00ba 5.560/2023 (LDO), AUTORIZANDO A ABERTURA DE CR\u00c9DITO ESPECIAL, NO IMPORTE DE R$ 10.202,86 (DEZ MIL, DUZENTOS E DOIS REAIS E OITENTA E SEIS CENTAVOS), OBJETIVANDO UTILIZAR OS RECURSOS ESTADUAIS DA CLASSIFICA\u00c7\u00c3O \u201cBENEF\u00cdCIOS EVENTUAIS\u201d DO EXERC\u00cdCIO ANTERIOR."}, {"id": "111143", "ano": "2024", "numero": "259", "tipo__sigla": "CPEXM", "tipo__descricao": "Correspond\u00eancia do Poder Executivo Municipal", "autoria": "PREFEITO MUNICIPAL", "texto_original": "http://sapl.garca.sp.leg.br/media/sapl/public/materialegislativa/2024/111143/balanco_patrimonial_2023.pdf", "ementa": "ANEXO PROJETO DE LEI N\u00ba 79/2024 - ALTERA O ANEXO III DA LEI N\u00ba 5.435/2021 (PPA) E ALTERA O ANEXO IIA DA LEI N\u00ba 5.560/2023 (LDO), AUTORIZANDO A ABERTURA DE CR\u00c9DITO ESPECIAL, NO IMPORTE DE R$ 179.462,52 (CENTO E SETENTA E NOVE MIL, QUATROCENTOS E SESSENTA E DOIS REAIS E CINQUENTA E DOIS CENTAVOS), OBJETIVANDO UTILIZAR OS RECURSOS FEDERAIS DA CLASSIFICA\u00c7\u00c3O \u201cCOVID-B\u00c1SICA\u201d DO EXERC\u00cdCIO ANTERIOR."}, {"id": "111144", "ano": "2024", "numero": "260", "tipo__sigla": "CPEXM", "tipo__descricao": "Correspond\u00eancia do Poder Executivo Municipal", "autoria": "PREFEITO MUNICIPAL", "texto_original": "http://sapl.garca.sp.leg.br/media/sapl/public/materialegislativa/2024/111144/balanco_patrimonial_2023.pdf", "ementa": "ANEXO PROJETO DE LEI N\u00ba 77/2024 - ALTERA O ANEXO III DA LEI N\u00ba 5.435/2021 (PPA) E ALTERA O ANEXO IIA DA LEI N\u00ba 5.560/2023 (LDO), AUTORIZANDO A ABERTURA DE CR\u00c9DITO ESPECIAL, NO IMPORTE DE R$ 27.035,56 (VINTE E SETE MIL, TRINTA E CINCO REAIS E CINQUENTA E SEIS CENTAVOS), OBJETIVANDO UTILIZAR O RECURSO ESTADUAL DO \u201cALTAS TEMPERATURAS\u201d (INCREMENTO TEMPOR\u00c1RIO) DO EXERC\u00cdCIO ANTERIOR."}, {"id": "111156", "ano": "2024", "numero": "261", "tipo__sigla": "CPEXM", "tipo__descricao": "Correspond\u00eancia do Poder Executivo Municipal", "autoria": "PREFEITO MUNICIPAL", "texto_original": "http://sapl.garca.sp.leg.br/media/sapl/public/materialegislativa/2024/111156/balanco_patrimonial_2023.pdf", "ementa": "ANEXO PROJETO DE LEI - ALTERA O ANEXO III DA LEI N\u00ba 5.435/2021 (PPA) E ALTERA O ANEXO IIA DA LEI N\u00ba 5.560/2023 (LDO), AUTORIZANDO A ABERTURA DE CR\u00c9DITO ESPECIAL, NO IMPORTE DE R$ 230.846,32 (DUZENTOS E TRINTA MIL OITOCENTOS E QUARENTA E SEIS REAIS E TRINTA E DOIS CENTAVOS), OBJETIVANDO UTILIZAR OS RECURSOS DE ALIENA\u00c7\u00c3O DE BENS- TESOURO DE EXERC\u00cdCIO ANTERIOR."}, {"id": "111157", "ano": "2024", "numero": "262", "tipo__sigla": "CPEXM", "tipo__descricao": "Correspond\u00eancia do Poder Executivo Municipal", "autoria": "PREFEITO MUNICIPAL", "texto_original": "http://sapl.garca.sp.leg.br/media/sapl/public/materialegislativa/2024/111157/balanco_patrimonial_2023.pdf", "ementa": "ANEXO PROJETO DE LEI N\u00ba 90/2024 - ALTERA O ANEXO III DA LEI N\u00ba 5.435/2021 (PPA) E ALTERA O ANEXO IIA DA LEI N\u00ba 5.560/2023 (LDO), AUTORIZANDO A ABERTURA DE CR\u00c9DITO ESPECIAL, NO IMPORTE DE R$ 206.675,11 (DUZENTOS E SEIS MIL, SEISCENTOS E SETENTA E CINCO REAIS E ONZE CENTAVOS), OBJETIVANDO UTILIZAR OS RECURSOS FEDERAIS DO BOLSA FAM\u00cdLIA DO EXERC\u00cdCIO ANTERIOR."}, {"id": "111158", "ano": "2024", "numero": "263", "tipo__sigla": "CPEXM", "tipo__descricao": "Correspond\u00eancia do Poder Executivo Municipal", "autoria": "PREFEITO MUNICIPAL", "texto_original": "http://sapl.garca.sp.leg.br/media/sapl/public/materialegislativa/2024/111158/082_anexos.pdf", "ementa": "ANEXO PROJETO DE LEI N\u00ba 91/2024 - ALTERA O ANEXO III DA LEI N\u00ba 5.435/2021 (PPA) E ALTERA O ANEXO IIA DA LEI N\u00ba 5.560/2023 (LDO), AUTORIZANDO A ABERTURA DE CR\u00c9DITO ESPECIAL, NO IMPORTE DE R$ 20.515,74 (VINTE MIL, QUINHENTOS E QUINZE REAIS E SETENTA E QUATRO CENTAVOS), OBJETIVANDO UTILIZAR OS RECURSOS FEDERAIS DO \u00cdNDICE DE GEST\u00c3O DESCENTRALIZADA DO SISTEMA \u00daNICO DE ASSIST\u00caNCIA SOCIAL \u2013IGDSUAS DO EXERC\u00cdCIO ANTERIOR."}, {"id": "111159", "ano": "2024", "numero": "264", "tipo__sigla": "CPEXM", "tipo__descricao": "Correspond\u00eancia do Poder Executivo Municipal", "autoria": "PREFEITO MUNICIPAL", "texto_original": "http://sapl.garca.sp.leg.br/media/sapl/public/materialegislativa/2024/111159/083_anexos.pdf", "ementa": "ANEXO PROJETO DE LEI N\u00ba 92/2024 - ALTERA O ANEXO III DA LEI N\u00ba 5.435/2021 (PPA) E ALTERA O ANEXO IIA DA LEI N\u00ba 5.560/2023 (LDO), AUTORIZANDO A ABERTURA DE CR\u00c9DITO ESPECIAL, NO IMPORTE DE R$ 28.118,27 (VINTE E OITO MIL, CENTO E DEZOITO REAIS E VINTE E SETE CENTAVOS), OBJETIVANDO UTILIZAR OS RECURSOS ESTADUAIS DO PROGRAMA LIBERDADE ASSISTIDA DO EXERC\u00cdCIO ANTERIOR."}, {"id": "111160", "ano": "2024", "numero": "265", "tipo__sigla": "CPEXM", "tipo__descricao": "Correspond\u00eancia do Poder Executivo Municipal", "autoria": "PREFEITO MUNICIPAL", "texto_original": "http://sapl.garca.sp.leg.br/media/sapl/public/materialegislativa/2024/111160/084_anexos.pdf", "ementa": "ANEXO PROJETO DE LEI N\u00ba 93/2024 - ALTERA O ANEXO III DA LEI N\u00ba 5.435/2021 (PPA) E ALTERA O ANEXO IIA DA LEI N\u00ba 5.560/2023 (LDO), AUTORIZANDO A ABERTURA DE CR\u00c9DITO ESPECIAL, NO IMPORTE DE R$ 25.669,83 (VINTE E CINCO MIL, SEISCENTOS E SESSENTA E NOVE REAIS E OITENTA E TR\u00caS CENTAVOS), OBJETIVANDO UTILIZAR OS RECURSOS FEDERAIS DO PAIF \u2013 SERVI\u00c7O DE PROTE\u00c7\u00c3O E ATENDIMENTO INTEGRAL \u00c0 FAM\u00cdLIA DO EXERC\u00cdCIO ANTERIOR."}, {"id": "111161", "ano": "2024", "numero": "266", "tipo__sigla": "CPEXM", "tipo__descricao": "Correspond\u00eancia do Poder Executivo Municipal", "autoria": "PREFEITO MUNICIPAL", "texto_original": "http://sapl.garca.sp.leg.br/media/sapl/public/materialegislativa/2024/111161/085_anexos.pdf", "ementa": "ANEXO PROJETO DE LEI N\u00ba 94/2024 - ALTERA O ANEXO III DA LEI N\u00ba 5.435/2021 (PPA) E ALTERA O ANEXO IIA DA LEI N\u00ba 5.560/2023 (LDO), AUTORIZANDO A ABERTURA DE CR\u00c9DITO ESPECIAL, NO IMPORTE DE R$ 12.028,75 (DOZE MIL, VINTE E OITO REAIS E SETENTA E CINCO CENTAVOS), OBJETIVANDO UTILIZAR OS RECURSOS FEDERAIS DO PROGRAMA DE FORTALECIMENTO EMERGENCIAL DO ATENDIMENTO DO CADASTRO \u00daNICO NO SISTEMA \u00daNICO DA ASSIST\u00caNCIA SOCIAL DE EXERC\u00cdCIO ANTERIOR."}, {"id": "111162", "ano": "2024", "numero": "267", "tipo__sigla": "CPEXM", "tipo__descricao": "Correspond\u00eancia do Poder Executivo Municipal", "autoria": "PREFEITO MUNICIPAL", "texto_original": "http://sapl.garca.sp.leg.br/media/sapl/public/materialegislativa/2024/111162/086_anexos.pdf", "ementa": "ANEXO PROJETO DE LEI N\u00ba 95/2024 - ALTERA O ANEXO III DA LEI N\u00ba 5.435/2021 (PPA) E ALTERA O ANEXO IIA DA LEI N\u00ba 5.560/2023 (LDO), AUTORIZANDO A ABERTURA DE CR\u00c9DITO ESPECIAL, NO IMPORTE DE R$ 43.817,16 (QUARENTA E TR\u00caS MIL, OITOCENTOS E DEZESSETE REAIS E DEZESSEIS CENTAVOS), OBJETIVANDO UTILIZAR OS RECURSOS FEDERAL DO PROGRAMA PROTE\u00c7\u00c3O DA M\u00c9DIA COMPLEXIDADE-CRACK DO EXERC\u00cdCIO ANTERIOR."}, {"id": "111163", "ano": "2024", "numero": "268", "tipo__sigla": "CPEXM", "tipo__descricao": "Correspond\u00eancia do Poder Executivo Municipal", "autoria": "PREFEITO MUNICIPAL", "texto_original": "http://sapl.garca.sp.leg.br/media/sapl/public/materialegislativa/2024/111163/087_anexos.pdf", "ementa": "ANEXO PROJETO DE LEI N\u00ba 96/2024 - ALTERA O ANEXO III DA LEI N\u00ba 5.435/2021 (PPA) E ALTERA O ANEXO IIA DA LEI N\u00ba 5.560/2023 (LDO), AUTORIZANDO A ABERTURA DE CR\u00c9DITO ESPECIAL, NO IMPORTE DE R$ 44.450,60 (QUARENTA E QUATRO MIL, QUATROCENTOS E CINQUENTA REAIS E SESSENTA CENTAVOS), OBJETIVANDO UTILIZAR OS RECURSOS FEDERAIS DO PROGRAMA PROTE\u00c7\u00c3O DA M\u00c9DIA COMPLEXIDADE-PAEFI DO EXERC\u00cdCIO ANTERIOR."}, {"id": "111164", "ano": "2024", "numero": "269", "tipo__sigla": "CPEXM", "tipo__descricao": "Correspond\u00eancia do Poder Executivo Municipal", "autoria": "PREFEITO MUNICIPAL", "texto_original": "http://sapl.garca.sp.leg.br/media/sapl/public/materialegislativa/2024/111164/balanco_patrimonial_2023.pdf", "ementa": "ANEXO PROJETO DE LEI N\u00ba 97/2024 - ALTERA O ANEXO III DA LEI N\u00ba 5.435/2021 (PPA) E ALTERA O ANEXO IIA DA LEI N\u00ba 5.560/2023 (LDO), AUTORIZANDO A ABERTURA DE CR\u00c9DITO ESPECIAL, NO IMPORTE DE R$ 118.620,64 (CENTO E DEZOITO MIL, SEISCENTOS E VINTE REAIS E SESSENTA E QUATRO CENTAVOS), OBJETIVANDO UTILIZAR OS RECURSOS FEDERAIS DO PROGRAMA PROTE\u00c7\u00c3O SOCIAL ESPECIAL DE M\u00c9DIA COMPLEXIDADE-FNAS/COVID PORTARIA 378- REPROGRAMA\u00c7\u00c3O DO EXERC\u00cdCIO ANTERIOR."}, {"id": "111165", "ano": "2024", "numero": "270", "tipo__sigla": "CPEXM", "tipo__descricao": "Correspond\u00eancia do Poder Executivo Municipal", "autoria": "PREFEITO MUNICIPAL", "texto_original": "http://sapl.garca.sp.leg.br/media/sapl/public/materialegislativa/2024/111165/089_anexos.pdf", "ementa": "ANEXO PROJETO DE LEI N\u00ba 98/2024 - ALTERA O ANEXO III DA LEI N\u00ba 5.435/2021 (PPA) E ALTERA O ANEXO IIA DA LEI N\u00ba 5.560/2023 (LDO), AUTORIZANDO A ABERTURA DE CR\u00c9DITO ESPECIAL, NO IMPORTE DE R$ 4.338,39 (QUATRO MIL, TREZENTOS E TRINTA E OITO REAIS E TRINTA E NOVE CENTAVOS), OBJETIVANDO UTILIZAR OS RECURSOS ESTADUAIS DO PROGRAMA SERVI\u00c7O DE CONVIV\u00caNCIA E FORTALECIMENTO DE V\u00cdNCULOS DO EXERC\u00cdCIO ANTERIOR."}, {"id": "111166", "ano": "2024", "numero": "271", "tipo__sigla": "CPEXM", "tipo__descricao": "Correspond\u00eancia do Poder Executivo Municipal", "autoria": "PREFEITO MUNICIPAL", "texto_original": "http://sapl.garca.sp.leg.br/media/sapl/public/materialegislativa/2024/111166/090_anexos.pdf", "ementa": "ANEXO PROJETO DE LEI N\u00ba 99/2024 - ALTERA O ANEXO III DA LEI N\u00ba 5.435/2021 (PPA) E ALTERA O ANEXO IIA DA LEI N\u00ba 5.560/2023 (LDO), AUTORIZANDO A ABERTURA DE CR\u00c9DITO ESPECIAL, NO IMPORTE DE R$ 214.000,00 (DUZENTOS E QUATORZE MIL REAIS), OBJETIVANDO UTILIZAR OS RECURSOS DE ALIENA\u00c7\u00c3O DE BENS- TESOURO DE EXERC\u00cdCIO ANTERIOR."}, {"id": "111196", "ano": "2024", "numero": "272", "tipo__sigla": "CPEXM", "tipo__descricao": "Correspond\u00eancia do Poder Executivo Municipal", "autoria": "PREFEITO MUNICIPAL", "texto_original": "http://sapl.garca.sp.leg.br/media/sapl/public/materialegislativa/2024/111196/141.pdf", "ementa": "Of\u00edcio n\u00ba 141/2024 - Requerimento n\u00ba 159 - 6\u00aa Sess\u00e3o"}, {"id": "111197", "ano": "2024", "numero": "273", "tipo__sigla": "CPEXM", "tipo__descricao": "Correspond\u00eancia do Poder Executivo Municipal", "autoria": "PREFEITO MUNICIPAL", "texto_original": "http://sapl.garca.sp.leg.br/media/sapl/public/materialegislativa/2024/111197/126.pdf", "ementa": "Of\u00edcio n\u00ba 126/2024 - Requerimento n\u00ba 161 - 6\u00aa Sess\u00e3o"}, {"id": "111198", "ano": "2024", "numero": "274", "tipo__sigla": "CPEXM", "tipo__descricao": "Correspond\u00eancia do Poder Executivo Municipal", "autoria": "PREFEITO MUNICIPAL", "texto_original": "http://sapl.garca.sp.leg.br/media/sapl/public/materialegislativa/2024/111198/127.pdf", "ementa": "Of\u00edcio n\u00ba 127/2024 - Requerimento n\u00ba 163 - 6\u00aa Sess\u00e3o"}, {"id": "111199", "ano": "2024", "numero": "275", "tipo__sigla": "CPEXM", "tipo__descricao": "Correspond\u00eancia do Poder Executivo Municipal", "autoria": "PREFEITO MUNICIPAL", "texto_original": "http://sapl.garca.sp.leg.br/media/sapl/public/materialegislativa/2024/111199/128.pdf", "ementa": "Of\u00edcio n\u00ba 128/2024 - Requerimento n\u00ba 164 - 6\u00aa Sess\u00e3o"}, {"id": "111200", "ano": "2024", "numero": "276", "tipo__sigla": "CPEXM", "tipo__descricao": "Correspond\u00eancia do Poder Executivo Municipal", "autoria": "PREFEITO MUNICIPAL", "texto_original": "http://sapl.garca.sp.leg.br/media/sapl/public/materialegislativa/2024/111200/129.pdf", "ementa": "Of\u00edcio n\u00ba 129/2024 - Requerimento n\u00ba 167 - 6\u00aa Sess\u00e3o"}, {"id": "111201", "ano": "2024", "numero": "277", "tipo__sigla": "CPEXM", "tipo__descricao": "Correspond\u00eancia do Poder Executivo Municipal", "autoria": "PREFEITO MUNICIPAL", "texto_original": "http://sapl.garca.sp.leg.br/media/sapl/public/materialegislativa/2024/111201/130.pdf", "ementa": "Of\u00edcio n\u00ba 130/2024 - Requerimento n\u00ba 173 - 6\u00aa Sess\u00e3o"}, {"id": "111202", "ano": "2024", "numero": "278", "tipo__sigla": "CPEXM", "tipo__descricao": "Correspond\u00eancia do Poder Executivo Municipal", "autoria": "PREFEITO MUNICIPAL", "texto_original": "http://sapl.garca.sp.leg.br/media/sapl/public/materialegislativa/2024/111202/132.pdf", "ementa": "Of\u00edcio n\u00ba 132/2024 - Requerimento n\u00ba 177 - 6\u00aa Sess\u00e3o"}, {"id": "111203", "ano": "2024", "numero": "279", "tipo__sigla": "CPEXM", "tipo__descricao": "Correspond\u00eancia do Poder Executivo Municipal", "autoria": "PREFEITO MUNICIPAL", "texto_original": "http://sapl.garca.sp.leg.br/media/sapl/public/materialegislativa/2024/111203/133.pdf", "ementa": "Of\u00edcio n\u00ba 133/2024 - Requerimento n\u00ba 178 - 6\u00aa Sess\u00e3o"}, {"id": "111204", "ano": "2024", "numero": "280", "tipo__sigla": "CPEXM", "tipo__descricao": "Correspond\u00eancia do Poder Executivo Municipal", "autoria": "PREFEITO MUNICIPAL", "texto_original": "http://sapl.garca.sp.leg.br/media/sapl/public/materialegislativa/2024/111204/134.pdf", "ementa": "Of\u00edcio n\u00ba 134/2024 - Requerimento n\u00ba 179 - 6\u00aa Sess\u00e3o"}, {"id": "111205", "ano": "2024", "numero": "281", "tipo__sigla": "CPEXM", "tipo__descricao": "Correspond\u00eancia do Poder Executivo Municipal", "autoria": "PREFEITO MUNICIPAL", "texto_original": "http://sapl.garca.sp.leg.br/media/sapl/public/materialegislativa/2024/111205/135.pdf", "ementa": "Of\u00edcio n\u00ba 135/2024 - Requerimento n\u00ba 181 - 6\u00aa Sess\u00e3o"}, {"id": "111206", "ano": "2024", "numero": "282", "tipo__sigla": "CPEXM", "tipo__descricao": "Correspond\u00eancia do Poder Executivo Municipal", "autoria": "PREFEITO MUNICIPAL", "texto_original": "http://sapl.garca.sp.leg.br/media/sapl/public/materialegislativa/2024/111206/138.pdf", "ementa": "Of\u00edcio n\u00ba 138/2024 - Requerimento n\u00ba 182 - 6\u00aa Sess\u00e3o"}, {"id": "111207", "ano": "2024", "numero": "283", "tipo__sigla": "CPEXM", "tipo__descricao": "Correspond\u00eancia do Poder Executivo Municipal", "autoria": "PREFEITO MUNICIPAL", "texto_original": "http://sapl.garca.sp.leg.br/media/sapl/public/materialegislativa/2024/111207/136.pdf", "ementa": "Of\u00edcio n\u00ba 136/2024 - Requerimento n\u00ba 183 - 6\u00aa Sess\u00e3o"}, {"id": "111208", "ano": "2024", "numero": "284", "tipo__sigla": "CPEXM", "tipo__descricao": "Correspond\u00eancia do Poder Executivo Municipal", "autoria": "PREFEITO MUNICIPAL", "texto_original": "http://sapl.garca.sp.leg.br/media/sapl/public/materialegislativa/2024/111208/137.pdf", "ementa": "Of\u00edcio n\u00ba 137/2024 - Requerimento n\u00ba 184 - 6\u00aa Sess\u00e3o"}, {"id": "111209", "ano": "2024", "numero": "285", "tipo__sigla": "CPEXM", "tipo__descricao": "Correspond\u00eancia do Poder Executivo Municipal", "autoria": "PREFEITO MUNICIPAL", "texto_original": "http://sapl.garca.sp.leg.br/media/sapl/public/materialegislativa/2024/111209/140.pdf", "ementa": "Of\u00edcio n\u00ba 140/2024 - Requerimento n\u00ba 185 - 6\u00aa Sess\u00e3o"}, {"id": "111210", "ano": "2024", "numero": "286", "tipo__sigla": "CPEXM", "tipo__descricao": "Correspond\u00eancia do Poder Executivo Municipal", "autoria": "PREFEITO MUNICIPAL", "texto_original": "http://sapl.garca.sp.leg.br/media/sapl/public/materialegislativa/2024/111210/139.pdf", "ementa": "Of\u00edcio n\u00ba 139/2024 - Requerimento n\u00ba 188 - 6\u00aa Sess\u00e3o"}, {"id": "111211", "ano": "2024", "numero": "287", "tipo__sigla": "CPEXM", "tipo__descricao": "Correspond\u00eancia do Poder Executivo Municipal", "autoria": "PREFEITO MUNICIPAL", "texto_original": "http://sapl.garca.sp.leg.br/media/sapl/public/materialegislativa/2024/111211/142.pdf", "ementa": "Of\u00edcio n\u00ba 142/2024 - Requerimento n\u00ba 189 - 6\u00aa Sess\u00e3o"}, {"id": "111212", "ano": "2024", "numero": "288", "tipo__sigla": "CPEXM", "tipo__descricao": "Correspond\u00eancia do Poder Executivo Municipal", "autoria": "PREFEITO MUNICIPAL", "texto_original": "http://sapl.garca.sp.leg.br/media/sapl/public/materialegislativa/2024/111212/143.pdf", "ementa": "Of\u00edcio n\u00ba 143/2024 - Requerimento n\u00ba 190 - 6\u00aa Sess\u00e3o"}, {"id": "111213", "ano": "2024", "numero": "289", "tipo__sigla": "CPEXM", "tipo__descricao": "Correspond\u00eancia do Poder Executivo Municipal", "autoria": "PREFEITO MUNICIPAL", "texto_original": "http://sapl.garca.sp.leg.br/media/sapl/public/materialegislativa/2024/111213/131.pdf", "ementa": "Of\u00edcio n\u00ba 131/2024 - Requerimento n\u00ba 191 - 6\u00aa Sess\u00e3o"}, {"id": "111214", "ano": "2024", "numero": "290", "tipo__sigla": "CPEXM", "tipo__descricao": "Correspond\u00eancia do Poder Executivo Municipal", "autoria": "PREFEITO MUNICIPAL", "texto_original": "http://sapl.garca.sp.leg.br/media/sapl/public/materialegislativa/2024/111214/157.pdf", "ementa": "Of\u00edcio n\u00ba 157/2024 - Requerimento n\u00ba 180 - 6\u00aa Sess\u00e3o"}, {"id": "111215", "ano": "2024", "numero": "291", "tipo__sigla": "CPEXM", "tipo__descricao": "Correspond\u00eancia do Poder Executivo Municipal", "autoria": "PREFEITO MUNICIPAL", "texto_original": "http://sapl.garca.sp.leg.br/media/sapl/public/materialegislativa/2024/111215/155.pdf", "ementa": "Of\u00edcio n\u00ba 155/2024 - Requerimento n\u00ba 172 - 6\u00aa Sess\u00e3o"}, {"id": "111216", "ano": "2024", "numero": "292", "tipo__sigla": "CPEXM", "tipo__descricao": "Correspond\u00eancia do Poder Executivo Municipal", "autoria": "PREFEITO MUNICIPAL", "texto_original": "http://sapl.garca.sp.leg.br/media/sapl/public/materialegislativa/2024/111216/158.pdf", "ementa": "Of\u00edcio n\u00ba 158/2024 - Requerimento n\u00ba 168 - 6\u00aa Sess\u00e3o"}, {"id": "111217", "ano": "2024", "numero": "293", "tipo__sigla": "CPEXM", "tipo__descricao": "Correspond\u00eancia do Poder Executivo Municipal", "autoria": "PREFEITO MUNICIPAL", "texto_original": "http://sapl.garca.sp.leg.br/media/sapl/public/materialegislativa/2024/111217/156.pdf", "ementa": "Of\u00edcio n\u00ba 156/2024 - Requerimento n\u00ba 174 - 6\u00aa Sess\u00e3o"}, {"id": "111223", "ano": "2024", "numero": "294", "tipo__sigla": "CPEXM", "tipo__descricao": "Correspond\u00eancia do Poder Executivo Municipal", "autoria": "PREFEITO MUNICIPAL", "texto_original": "http://sapl.garca.sp.leg.br/media/sapl/public/materialegislativa/2024/111223/146.pdf", "ementa": "Of\u00edcio n\u00ba 146/2024 - Requerimento n\u00ba 192 - 7\u00aa Sess\u00e3o"}, {"id": "111224", "ano": "2024", "numero": "295", "tipo__sigla": "CPEXM", "tipo__descricao": "Correspond\u00eancia do Poder Executivo Municipal", "autoria": "PREFEITO MUNICIPAL", "texto_original": "http://sapl.garca.sp.leg.br/media/sapl/public/materialegislativa/2024/111224/166.pdf", "ementa": "Of\u00edcio n\u00ba 166/2024 - Requerimento n\u00ba 193 - 7\u00aa Sess\u00e3o"}, {"id": "111225", "ano": "2024", "numero": "296", "tipo__sigla": "CPEXM", "tipo__descricao": "Correspond\u00eancia do Poder Executivo Municipal", "autoria": "PREFEITO MUNICIPAL", "texto_original": "http://sapl.garca.sp.leg.br/media/sapl/public/materialegislativa/2024/111225/167.pdf", "ementa": "Of\u00edcio n\u00ba 167/2024 - Requerimento n\u00ba 194 - 7\u00aa Sess\u00e3o"}, {"id": "111226", "ano": "2024", "numero": "297", "tipo__sigla": "CPEXM", "tipo__descricao": "Correspond\u00eancia do Poder Executivo Municipal", "autoria": "PREFEITO MUNICIPAL", "texto_original": "http://sapl.garca.sp.leg.br/media/sapl/public/materialegislativa/2024/111226/149.pdf", "ementa": "Of\u00edcio n\u00ba 149/2024 - Requerimento n\u00ba 195 - 7\u00aa Sess\u00e3o"}, {"id": "111227", "ano": "2024", "numero": "298", "tipo__sigla": "CPEXM", "tipo__descricao": "Correspond\u00eancia do Poder Executivo Municipal", "autoria": "PREFEITO MUNICIPAL", "texto_original": "http://sapl.garca.sp.leg.br/media/sapl/public/materialegislativa/2024/111227/151.pdf", "ementa": "Of\u00edcio n\u00ba 151/2024 - Requerimento n\u00ba 196 - 7\u00aa Sess\u00e3o"}, {"id": "111228", "ano": "2024", "numero": "299", "tipo__sigla": "CPEXM", "tipo__descricao": "Correspond\u00eancia do Poder Executivo Municipal", "autoria": "PREFEITO MUNICIPAL", "texto_original": "http://sapl.garca.sp.leg.br/media/sapl/public/materialegislativa/2024/111228/159.pdf", "ementa": "Of\u00edcio n\u00ba 159/2024 - Requerimento n\u00ba 197 - 7\u00aa Sess\u00e3o"}, {"id": "111229", "ano": "2024", "numero": "300", "tipo__sigla": "CPEXM", "tipo__descricao": "Correspond\u00eancia do Poder Executivo Municipal", "autoria": "PREFEITO MUNICIPAL", "texto_original": "http://sapl.garca.sp.leg.br/media/sapl/public/materialegislativa/2024/111229/165.pdf", "ementa": "Of\u00edcio n\u00ba 165/2024 - Requerimento n\u00ba 198 - 7\u00aa Sess\u00e3o"}, {"id": "111230", "ano": "2024", "numero": "301", "tipo__sigla": "CPEXM", "tipo__descricao": "Correspond\u00eancia do Poder Executivo Municipal", "autoria": "PREFEITO MUNICIPAL", "texto_original": "http://sapl.garca.sp.leg.br/media/sapl/public/materialegislativa/2024/111230/152.pdf", "ementa": "Of\u00edcio n\u00ba 152/2024 - Requerimento n\u00ba 199 - 7\u00aa Sess\u00e3o"}, {"id": "111231", "ano": "2024", "numero": "302", "tipo__sigla": "CPEXM", "tipo__descricao": "Correspond\u00eancia do Poder Executivo Municipal", "autoria": "PREFEITO MUNICIPAL", "texto_original": "http://sapl.garca.sp.leg.br/media/sapl/public/materialegislativa/2024/111231/153.pdf", "ementa": "Of\u00edcio n\u00ba 153/2024 - Requerimento n\u00ba 201 - 7\u00aa Sess\u00e3o"}, {"id": "111232", "ano": "2024", "numero": "303", "tipo__sigla": "CPEXM", "tipo__descricao": "Correspond\u00eancia do Poder Executivo Municipal", "autoria": "PREFEITO MUNICIPAL", "texto_original": "http://sapl.garca.sp.leg.br/media/sapl/public/materialegislativa/2024/111232/160.pdf", "ementa": "Of\u00edcio n\u00ba 160/2024 - Requerimento n\u00ba 203 - 7\u00aa Sess\u00e3o"}, {"id": "111233", "ano": "2024", "numero": "304", "tipo__sigla": "CPEXM", "tipo__descricao": "Correspond\u00eancia do Poder Executivo Municipal", "autoria": "PREFEITO MUNICIPAL", "texto_original": "http://sapl.garca.sp.leg.br/media/sapl/public/materialegislativa/2024/111233/161.pdf", "ementa": "Of\u00edcio n\u00ba 161/2024 - Requerimento n\u00ba 204 - 7\u00aa Sess\u00e3o"}, {"id": "111234", "ano": "2024", "numero": "305", "tipo__sigla": "CPEXM", "tipo__descricao": "Correspond\u00eancia do Poder Executivo Municipal", "autoria": "PREFEITO MUNICIPAL", "texto_original": "http://sapl.garca.sp.leg.br/media/sapl/public/materialegislativa/2024/111234/170.pdf", "ementa": "Of\u00edcio n\u00ba 170/2024 - Requerimento n\u00ba 205 - 7\u00aa Sess\u00e3o"}, {"id": "111235", "ano": "2024", "numero": "306", "tipo__sigla": "CPEXM", "tipo__descricao": "Correspond\u00eancia do Poder Executivo Municipal", "autoria": "PREFEITO MUNICIPAL", "texto_original": "http://sapl.garca.sp.leg.br/media/sapl/public/materialegislativa/2024/111235/162.pdf", "ementa": "Of\u00edcio n\u00ba 162/2024 - Requerimento n\u00ba 206 - 7\u00aa Sess\u00e3o"}, {"id": "111236", "ano": "2024", "numero": "307", "tipo__sigla": "CPEXM", "tipo__descricao": "Correspond\u00eancia do Poder Executivo Municipal", "autoria": "PREFEITO MUNICIPAL", "texto_original": "http://sapl.garca.sp.leg.br/media/sapl/public/materialegislativa/2024/111236/154.pdf", "ementa": "Of\u00edcio n\u00ba 154/2024 - Requerimento n\u00ba 207 - 7\u00aa Sess\u00e3o"}, {"id": "111237", "ano": "2024", "numero": "308", "tipo__sigla": "CPEXM", "tipo__descricao": "Correspond\u00eancia do Poder Executivo Municipal", "autoria": "PREFEITO MUNICIPAL", "texto_original": "http://sapl.garca.sp.leg.br/media/sapl/public/materialegislativa/2024/111237/171.pdf", "ementa": "Of\u00edcio n\u00ba 171/2024 - Requerimento n\u00ba 209 - 7\u00aa Sess\u00e3o"}, {"id": "111238", "ano": "2024", "numero": "309", "tipo__sigla": "CPEXM", "tipo__descricao": "Correspond\u00eancia do Poder Executivo Municipal", "autoria": "PREFEITO MUNICIPAL", "texto_original": "http://sapl.garca.sp.leg.br/media/sapl/public/materialegislativa/2024/111238/147.pdf", "ementa": "Of\u00edcio n\u00ba 147/2024 - Requerimento n\u00ba 212 - 7\u00aa Sess\u00e3o"}, {"id": "111239", "ano": "2024", "numero": "310", "tipo__sigla": "CPEXM", "tipo__descricao": "Correspond\u00eancia do Poder Executivo Municipal", "autoria": "PREFEITO MUNICIPAL", "texto_original": "http://sapl.garca.sp.leg.br/media/sapl/public/materialegislativa/2024/111239/163.pdf", "ementa": "Of\u00edcio n\u00ba 163/2024 - Requerimento n\u00ba 213 - 7\u00aa Sess\u00e3o"}, {"id": "111240", "ano": "2024", "numero": "311", "tipo__sigla": "CPEXM", "tipo__descricao": "Correspond\u00eancia do Poder Executivo Municipal", "autoria": "PREFEITO MUNICIPAL", "texto_original": "http://sapl.garca.sp.leg.br/media/sapl/public/materialegislativa/2024/111240/148.pdf", "ementa": "Of\u00edcio n\u00ba 148/2024 - Requerimento n\u00ba 214 - 7\u00aa Sess\u00e3o"}, {"id": "111241", "ano": "2024", "numero": "312", "tipo__sigla": "CPEXM", "tipo__descricao": "Correspond\u00eancia do Poder Executivo Municipal", "autoria": "PREFEITO MUNICIPAL", "texto_original": "http://sapl.garca.sp.leg.br/media/sapl/public/materialegislativa/2024/111241/150.pdf", "ementa": "Of\u00edcio n\u00ba 150/2024 - Requerimento n\u00ba 215 - 7\u00aa Sess\u00e3o"}, {"id": "111242", "ano": "2024", "numero": "313", "tipo__sigla": "CPEXM", "tipo__descricao": "Correspond\u00eancia do Poder Executivo Municipal", "autoria": "PREFEITO MUNICIPAL", "texto_original": "http://sapl.garca.sp.leg.br/media/sapl/public/materialegislativa/2024/111242/164.pdf", "ementa": "Of\u00edcio n\u00ba 164/2024 - Requerimento n\u00ba 216 - 7\u00aa Sess\u00e3o"}, {"id": "111243", "ano": "2024", "numero": "314", "tipo__sigla": "CPEXM", "tipo__descricao": "Correspond\u00eancia do Poder Executivo Municipal", "autoria": "PREFEITO MUNICIPAL", "texto_original": "http://sapl.garca.sp.leg.br/media/sapl/public/materialegislativa/2024/111243/168.pdf", "ementa": "Of\u00edcio n\u00ba 168/2024 - Requerimento n\u00ba 217 - 7\u00aa Sess\u00e3o"}, {"id": "111244", "ano": "2024", "numero": "315", "tipo__sigla": "CPEXM", "tipo__descricao": "Correspond\u00eancia do Poder Executivo Municipal", "autoria": "PREFEITO MUNICIPAL", "texto_original": "http://sapl.garca.sp.leg.br/media/sapl/public/materialegislativa/2024/111244/169.pdf", "ementa": "Of\u00edcio n\u00ba 169/2024 - Requerimento n\u00ba 220 - 7\u00aa Sess\u00e3o"}, {"id": "111245", "ano": "2024", "numero": "316", "tipo__sigla": "CPEXM", "tipo__descricao": "Correspond\u00eancia do Poder Executivo Municipal", "autoria": "PREFEITO MUNICIPAL", "texto_original": "http://sapl.garca.sp.leg.br/media/sapl/public/materialegislativa/2024/111245/145.pdf", "ementa": "Of\u00edcio n\u00ba 145/2024 - Requerimento n\u00ba 222 - 7\u00aa Sess\u00e3o"}, {"id": "111270", "ano": "2024", "numero": "317", "tipo__sigla": "CPEXM", "tipo__descricao": "Correspond\u00eancia do Poder Executivo Municipal", "autoria": "PREFEITO MUNICIPAL", "texto_original": "http://sapl.garca.sp.leg.br/media/sapl/public/materialegislativa/2024/111270/093_anexos.pdf", "ementa": "ANEXO PROJETO DE LEI - ALTERA O ANEXO III DA LEI N\u00ba 5.435/2021 (PPA) E ALTERA O ANEXO IIA DA LEI N\u00ba 5.560/2023 (LDO), AUTORIZANDO A ABERTURA DE CR\u00c9DITO ESPECIAL NO IMPORTE DE R$ 155.501,50 (CENTO E CINQUENTA E CINCO MIL, QUINHENTOS E UM REAIS E CINQUENTA CENTAVOS), DESTINADO A UTILIZAR OS RECURSOS ESTADUAIS DO IGM PAULISTA, CONFORME RESOLU\u00c7\u00c3O SS N\u00b0 20, DE 08 DE FEVEREIRO DE 2024, DA SECRETARIA DO ESTADO DE SA\u00daDE."}, {"id": "111281", "ano": "2024", "numero": "318", "tipo__sigla": "CPEXM", "tipo__descricao": "Correspond\u00eancia do Poder Executivo Municipal", "autoria": "PREFEITO MUNICIPAL", "texto_original": "http://sapl.garca.sp.leg.br/media/sapl/public/materialegislativa/2024/111281/174.pdf", "ementa": "Of\u00edcio n\u00ba 174/2024 - Requerimento n\u00ba 224 - 8\u00aa Sess\u00e3o"}, {"id": "111282", "ano": "2024", "numero": "319", "tipo__sigla": "CPEXM", "tipo__descricao": "Correspond\u00eancia do Poder Executivo Municipal", "autoria": "PREFEITO MUNICIPAL", "texto_original": "http://sapl.garca.sp.leg.br/media/sapl/public/materialegislativa/2024/111282/177.pdf", "ementa": "Of\u00edcio n\u00ba 177/2024 - Requerimento n\u00ba 225 - 8\u00aa Sess\u00e3o"}, {"id": "111283", "ano": "2024", "numero": "320", "tipo__sigla": "CPEXM", "tipo__descricao": "Correspond\u00eancia do Poder Executivo Municipal", "autoria": "PREFEITO MUNICIPAL", "texto_original": "http://sapl.garca.sp.leg.br/media/sapl/public/materialegislativa/2024/111283/181.pdf", "ementa": "Of\u00edcio n\u00ba 181/2024 - Requerimento n\u00ba 226 - 8\u00aa Sess\u00e3o"}, {"id": "111284", "ano": "2024", "numero": "321", "tipo__sigla": "CPEXM", "tipo__descricao": "Correspond\u00eancia do Poder Executivo Municipal", "autoria": "PREFEITO MUNICIPAL", "texto_original": "http://sapl.garca.sp.leg.br/media/sapl/public/materialegislativa/2024/111284/176.pdf", "ementa": "Of\u00edcio n\u00ba 176/2024 - Requerimento n\u00ba 227 - 8\u00aa Sess\u00e3o"}, {"id": "111285", "ano": "2024", "numero": "322", "tipo__sigla": "CPEXM", "tipo__descricao": "Correspond\u00eancia do Poder Executivo Municipal", "autoria": "PREFEITO MUNICIPAL", "texto_original": "http://sapl.garca.sp.leg.br/media/sapl/public/materialegislativa/2024/111285/189.pdf", "ementa": "Of\u00edcio n\u00ba 189/2024 - Requerimento n\u00ba 229 - 8\u00aa Sess\u00e3o"}, {"id": "111286", "ano": "2024", "numero": "323", "tipo__sigla": "CPEXM", "tipo__descricao": "Correspond\u00eancia do Poder Executivo Municipal", "autoria": "PREFEITO MUNICIPAL", "texto_original": "http://sapl.garca.sp.leg.br/media/sapl/public/materialegislativa/2024/111286/182.pdf", "ementa": "Of\u00edcio n\u00ba 182/2024 - Requerimento n\u00ba 231 - 8\u00aa Sess\u00e3o"}, {"id": "111287", "ano": "2024", "numero": "324", "tipo__sigla": "CPEXM", "tipo__descricao": "Correspond\u00eancia do Poder Executivo Municipal", "autoria": "PREFEITO MUNICIPAL", "texto_original": "http://sapl.garca.sp.leg.br/media/sapl/public/materialegislativa/2024/111287/175.pdf", "ementa": "Of\u00edcio n\u00ba 175/2024 - Requerimento n\u00ba 233 - 8\u00aa Sess\u00e3o"}, {"id": "111288", "ano": "2024", "numero": "325", "tipo__sigla": "CPEXM", "tipo__descricao": "Correspond\u00eancia do Poder Executivo Municipal", "autoria": "PREFEITO MUNICIPAL", "texto_original": "http://sapl.garca.sp.leg.br/media/sapl/public/materialegislativa/2024/111288/188.pdf", "ementa": "Of\u00edcio n\u00ba 188/2024 - Requerimento n\u00ba 234 - 8\u00aa Sess\u00e3o"}, {"id": "111289", "ano": "2024", "numero": "326", "tipo__sigla": "CPEXM", "tipo__descricao": "Correspond\u00eancia do Poder Executivo Municipal", "autoria": "PREFEITO MUNICIPAL", "texto_original": "http://sapl.garca.sp.leg.br/media/sapl/public/materialegislativa/2024/111289/178.pdf", "ementa": "Of\u00edcio n\u00ba 178/2024 - Requerimento n\u00ba 235 - 8\u00aa Sess\u00e3o"}, {"id": "111290", "ano": "2024", "numero": "327", "tipo__sigla": "CPEXM", "tipo__descricao": "Correspond\u00eancia do Poder Executivo Municipal", "autoria": "PREFEITO MUNICIPAL", "texto_original": "http://sapl.garca.sp.leg.br/media/sapl/public/materialegislativa/2024/111290/179.pdf", "ementa": "Of\u00edcio n\u00ba 179/2024 - Requerimento n\u00ba 236 - 8\u00aa Sess\u00e3o"}, {"id": "111291", "ano": "2024", "numero": "328", "tipo__sigla": "CPEXM", "tipo__descricao": "Correspond\u00eancia do Poder Executivo Municipal", "autoria": "PREFEITO MUNICIPAL", "texto_original": "http://sapl.garca.sp.leg.br/media/sapl/public/materialegislativa/2024/111291/180.pdf", "ementa": "Of\u00edcio n\u00ba 180/2024 - Requerimento n\u00ba 239 - 8\u00aa Sess\u00e3o"}, {"id": "111292", "ano": "2024", "numero": "329", "tipo__sigla": "CPEXM", "tipo__descricao": "Correspond\u00eancia do Poder Executivo Municipal", "autoria": "PREFEITO MUNICIPAL", "texto_original": "http://sapl.garca.sp.leg.br/media/sapl/public/materialegislativa/2024/111292/183.pdf", "ementa": "Of\u00edcio n\u00ba 183/2024 - Requerimento n\u00ba 240 - 8\u00aa Sess\u00e3o"}, {"id": "111293", "ano": "2024", "numero": "330", "tipo__sigla": "CPEXM", "tipo__descricao": "Correspond\u00eancia do Poder Executivo Municipal", "autoria": "PREFEITO MUNICIPAL", "texto_original": "http://sapl.garca.sp.leg.br/media/sapl/public/materialegislativa/2024/111293/184.pdf", "ementa": "Of\u00edcio n\u00ba 184/2024 - Requerimento n\u00ba 241 - 8\u00aa Sess\u00e3o"}, {"id": "111294", "ano": "2024", "numero": "331", "tipo__sigla": "CPEXM", "tipo__descricao": "Correspond\u00eancia do Poder Executivo Municipal", "autoria": "PREFEITO MUNICIPAL", "texto_original": "http://sapl.garca.sp.leg.br/media/sapl/public/materialegislativa/2024/111294/190.pdf", "ementa": "Of\u00edcio n\u00ba 190/2024 - Requerimento n\u00ba 242 - 8\u00aa Sess\u00e3o"}, {"id": "111295", "ano": "2024", "numero": "332", "tipo__sigla": "CPEXM", "tipo__descricao": "Correspond\u00eancia do Poder Executivo Municipal", "autoria": "PREFEITO MUNICIPAL", "texto_original": "http://sapl.garca.sp.leg.br/media/sapl/public/materialegislativa/2024/111295/185.pdf", "ementa": "Of\u00edcio n\u00ba 185/2024 - Requerimento n\u00ba 243 - 8\u00aa Sess\u00e3o"}, {"id": "111296", "ano": "2024", "numero": "333", "tipo__sigla": "CPEXM", "tipo__descricao": "Correspond\u00eancia do Poder Executivo Municipal", "autoria": "PREFEITO MUNICIPAL", "texto_original": "http://sapl.garca.sp.leg.br/media/sapl/public/materialegislativa/2024/111296/186.pdf", "ementa": "Of\u00edcio n\u00ba 186/2024 - Requerimento n\u00ba 244 - 8\u00aa Sess\u00e3o"}, {"id": "111297", "ano": "2024", "numero": "334", "tipo__sigla": "CPEXM", "tipo__descricao": "Correspond\u00eancia do Poder Executivo Municipal", "autoria": "PREFEITO MUNICIPAL", "texto_original": "http://sapl.garca.sp.leg.br/media/sapl/public/materialegislativa/2024/111297/187.pdf", "ementa": "Of\u00edcio n\u00ba 187/2024 - Requerimento n\u00ba 245 - 8\u00aa Sess\u00e3o"}, {"id": "111320", "ano": "2024", "numero": "335", "tipo__sigla": "CPEXM", "tipo__descricao": "Correspond\u00eancia do Poder Executivo Municipal", "autoria": "PREFEITO MUNICIPAL", "texto_original": "http://sapl.garca.sp.leg.br/media/sapl/public/materialegislativa/2024/111320/205.pdf", "ementa": "Of\u00edcio n\u00ba 205/2024 - Requerimento n\u00ba 247 - 9\u00aa Sess\u00e3o"}, {"id": "111321", "ano": "2024", "numero": "336", "tipo__sigla": "CPEXM", "tipo__descricao": "Correspond\u00eancia do Poder Executivo Municipal", "autoria": "PREFEITO MUNICIPAL", "texto_original": "http://sapl.garca.sp.leg.br/media/sapl/public/materialegislativa/2024/111321/191.pdf", "ementa": "Of\u00edcio n\u00ba 191/2024 - Requerimento n\u00ba 248 - 9\u00aa Sess\u00e3o"}, {"id": "111322", "ano": "2024", "numero": "337", "tipo__sigla": "CPEXM", "tipo__descricao": "Correspond\u00eancia do Poder Executivo Municipal", "autoria": "PREFEITO MUNICIPAL", "texto_original": "http://sapl.garca.sp.leg.br/media/sapl/public/materialegislativa/2024/111322/192.pdf", "ementa": "Of\u00edcio n\u00ba 192/2024 - Requerimento n\u00ba 249 - 9\u00aa Sess\u00e3o"}, {"id": "111323", "ano": "2024", "numero": "338", "tipo__sigla": "CPEXM", "tipo__descricao": "Correspond\u00eancia do Poder Executivo Municipal", "autoria": "PREFEITO MUNICIPAL", "texto_original": "http://sapl.garca.sp.leg.br/media/sapl/public/materialegislativa/2024/111323/195.pdf", "ementa": "Of\u00edcio n\u00ba 195/2024 - Requerimento n\u00ba 250 - 9\u00aa Sess\u00e3o"}, {"id": "111324", "ano": "2024", "numero": "339", "tipo__sigla": "CPEXM", "tipo__descricao": "Correspond\u00eancia do Poder Executivo Municipal", "autoria": "PREFEITO MUNICIPAL", "texto_original": "http://sapl.garca.sp.leg.br/media/sapl/public/materialegislativa/2024/111324/196.pdf", "ementa": "Of\u00edcio n\u00ba 196/2024 - Requerimento n\u00ba 251 - 9\u00aa Sess\u00e3o"}, {"id": "111325", "ano": "2024", "numero": "340", "tipo__sigla": "CPEXM", "tipo__descricao": "Correspond\u00eancia do Poder Executivo Municipal", "autoria": "PREFEITO MUNICIPAL", "texto_original": "http://sapl.garca.sp.leg.br/media/sapl/public/materialegislativa/2024/111325/197.pdf", "ementa": "Of\u00edcio n\u00ba 197/2024 - Requerimento n\u00ba 252 - 9\u00aa Sess\u00e3o"}, {"id": "111326", "ano": "2024", "numero": "341", "tipo__sigla": "CPEXM", "tipo__descricao": "Correspond\u00eancia do Poder Executivo Municipal", "autoria": "PREFEITO MUNICIPAL", "texto_original": "http://sapl.garca.sp.leg.br/media/sapl/public/materialegislativa/2024/111326/198.pdf", "ementa": "Of\u00edcio n\u00ba 198/2024 - Requerimento n\u00ba 253 - 9\u00aa Sess\u00e3o"}, {"id": "111327", "ano": "2024", "numero": "342", "tipo__sigla": "CPEXM", "tipo__descricao": "Correspond\u00eancia do Poder Executivo Municipal", "autoria": "PREFEITO MUNICIPAL", "texto_original": "http://sapl.garca.sp.leg.br/media/sapl/public/materialegislativa/2024/111327/199.pdf", "ementa": "Of\u00edcio n\u00ba 199/2024 - Requerimento n\u00ba 254 - 9\u00aa Sess\u00e3o"}, {"id": "111328", "ano": "2024", "numero": "343", "tipo__sigla": "CPEXM", "tipo__descricao": "Correspond\u00eancia do Poder Executivo Municipal", "autoria": "PREFEITO MUNICIPAL", "texto_original": "http://sapl.garca.sp.leg.br/media/sapl/public/materialegislativa/2024/111328/200.pdf", "ementa": "Of\u00edcio n\u00ba 200/2024 - Requerimento n\u00ba 255 - 9\u00aa Sess\u00e3o"}, {"id": "111329", "ano": "2024", "numero": "344", "tipo__sigla": "CPEXM", "tipo__descricao": "Correspond\u00eancia do Poder Executivo Municipal", "autoria": "PREFEITO MUNICIPAL", "texto_original": "http://sapl.garca.sp.leg.br/media/sapl/public/materialegislativa/2024/111329/201.pdf", "ementa": "Of\u00edcio n\u00ba 201/2024 - Requerimento n\u00ba 256 - 9\u00aa Sess\u00e3o"}, {"id": "111330", "ano": "2024", "numero": "345", "tipo__sigla": "CPEXM", "tipo__descricao": "Correspond\u00eancia do Poder Executivo Municipal", "autoria": "PREFEITO MUNICIPAL", "texto_original": "http://sapl.garca.sp.leg.br/media/sapl/public/materialegislativa/2024/111330/206.pdf", "ementa": "Of\u00edcio n\u00ba 206/2024 - Requerimento n\u00ba 260 - 9\u00aa Sess\u00e3o"}, {"id": "111331", "ano": "2024", "numero": "346", "tipo__sigla": "CPEXM", "tipo__descricao": "Correspond\u00eancia do Poder Executivo Municipal", "autoria": "PREFEITO MUNICIPAL", "texto_original": "http://sapl.garca.sp.leg.br/media/sapl/public/materialegislativa/2024/111331/202.pdf", "ementa": "Of\u00edcio n\u00ba 202/2024 - Requerimento n\u00ba 261 - 9\u00aa Sess\u00e3o"}, {"id": "111332", "ano": "2024", "numero": "347", "tipo__sigla": "CPEXM", "tipo__descricao": "Correspond\u00eancia do Poder Executivo Municipal", "autoria": "PREFEITO MUNICIPAL", "texto_original": "http://sapl.garca.sp.leg.br/media/sapl/public/materialegislativa/2024/111332/193.pdf", "ementa": "Of\u00edcio n\u00ba 193/2024 - Requerimento n\u00ba 262 - 9\u00aa Sess\u00e3o"}, {"id": "111333", "ano": "2024", "numero": "348", "tipo__sigla": "CPEXM", "tipo__descricao": "Correspond\u00eancia do Poder Executivo Municipal", "autoria": "PREFEITO MUNICIPAL", "texto_original": "http://sapl.garca.sp.leg.br/media/sapl/public/materialegislativa/2024/111333/194.pdf", "ementa": "Of\u00edcio n\u00ba 194/2024 - Requerimento n\u00ba 263 - 9\u00aa Sess\u00e3o"}, {"id": "111334", "ano": "2024", "numero": "349", "tipo__sigla": "CPEXM", "tipo__descricao": "Correspond\u00eancia do Poder Executivo Municipal", "autoria": "PREFEITO MUNICIPAL", "texto_original": "http://sapl.garca.sp.leg.br/media/sapl/public/materialegislativa/2024/111334/204.pdf", "ementa": "Of\u00edcio n\u00ba 204/2024 - Requerimento n\u00ba 265 - 9\u00aa Sess\u00e3o"}, {"id": "111335", "ano": "2024", "numero": "350", "tipo__sigla": "CPEXM", "tipo__descricao": "Correspond\u00eancia do Poder Executivo Municipal", "autoria": "PREFEITO MUNICIPAL", "texto_original": "http://sapl.garca.sp.leg.br/media/sapl/public/materialegislativa/2024/111335/203.pdf", "ementa": "Of\u00edcio n\u00ba 203/2024 - Requerimento n\u00ba 264 - 9\u00aa Sess\u00e3o"}, {"id": "111356", "ano": "2024", "numero": "351", "tipo__sigla": "CPEXM", "tipo__descricao": "Correspond\u00eancia do Poder Executivo Municipal", "autoria": "PREFEITO MUNICIPAL", "texto_original": "http://sapl.garca.sp.leg.br/media/sapl/public/materialegislativa/2024/111356/095_anexos.pdf", "ementa": "ANEXOS PROJETO DE LEI - DISP\u00d5E SOBRE DENOMINA\u00c7\u00c3O DE PRA\u00c7A P\u00daBLICA - \u201cCOMPLEXO ESPORTIVO WASHINGTON PEREIRA DE ARA\u00daJO\u201d"}, {"id": "111378", "ano": "2024", "numero": "352", "tipo__sigla": "CPEXM", "tipo__descricao": "Correspond\u00eancia do Poder Executivo Municipal", "autoria": "PREFEITO MUNICIPAL", "texto_original": "http://sapl.garca.sp.leg.br/media/sapl/public/materialegislativa/2024/111378/212.pdf", "ementa": "Of\u00edcio n\u00ba 212/2024 - Requerimento n\u00ba 267 - 10\u00aa Sess\u00e3o"}, {"id": "111379", "ano": "2024", "numero": "353", "tipo__sigla": "CPEXM", "tipo__descricao": "Correspond\u00eancia do Poder Executivo Municipal", "autoria": "PREFEITO MUNICIPAL", "texto_original": "http://sapl.garca.sp.leg.br/media/sapl/public/materialegislativa/2024/111379/213.pdf", "ementa": "Of\u00edcio n\u00ba 213/2024 - Requerimento n\u00ba 270 - 10\u00aa Sess\u00e3o"}, {"id": "111380", "ano": "2024", "numero": "354", "tipo__sigla": "CPEXM", "tipo__descricao": "Correspond\u00eancia do Poder Executivo Municipal", "autoria": "PREFEITO MUNICIPAL", "texto_original": "http://sapl.garca.sp.leg.br/media/sapl/public/materialegislativa/2024/111380/214.pdf", "ementa": "Of\u00edcio n\u00ba 214/2024 - Requerimento n\u00ba 271 - 10\u00aa Sess\u00e3o"}, {"id": "111381", "ano": "2024", "numero": "355", "tipo__sigla": "CPEXM", "tipo__descricao": "Correspond\u00eancia do Poder Executivo Municipal", "autoria": "PREFEITO MUNICIPAL", "texto_original": "http://sapl.garca.sp.leg.br/media/sapl/public/materialegislativa/2024/111381/216.pdf", "ementa": "Of\u00edcio n\u00ba 216/2024 - Requerimento n\u00ba 273 - 10\u00aa Sess\u00e3o"}, {"id": "111382", "ano": "2024", "numero": "356", "tipo__sigla": "CPEXM", "tipo__descricao": "Correspond\u00eancia do Poder Executivo Municipal", "autoria": "PREFEITO MUNICIPAL", "texto_original": "http://sapl.garca.sp.leg.br/media/sapl/public/materialegislativa/2024/111382/215.pdf", "ementa": "Of\u00edcio n\u00ba 215/2024 - Requerimento n\u00ba 274 - 10\u00aa Sess\u00e3o"}, {"id": "111383", "ano": "2024", "numero": "357", "tipo__sigla": "CPEXM", "tipo__descricao": "Correspond\u00eancia do Poder Executivo Municipal", "autoria": "PREFEITO MUNICIPAL", "texto_original": "http://sapl.garca.sp.leg.br/media/sapl/public/materialegislativa/2024/111383/217.pdf", "ementa": "Of\u00edcio n\u00ba 217/2024 - Requerimento n\u00ba 275 - 10\u00aa Sess\u00e3o"}, {"id": "111384", "ano": "2024", "numero": "358", "tipo__sigla": "CPEXM", "tipo__descricao": "Correspond\u00eancia do Poder Executivo Municipal", "autoria": "PREFEITO MUNICIPAL", "texto_original": "http://sapl.garca.sp.leg.br/media/sapl/public/materialegislativa/2024/111384/218.pdf", "ementa": "Of\u00edcio n\u00ba 218/2024 - Requerimento n\u00ba 278 - 10\u00aa Sess\u00e3o"}, {"id": "111385", "ano": "2024", "numero": "359", "tipo__sigla": "CPEXM", "tipo__descricao": "Correspond\u00eancia do Poder Executivo Municipal", "autoria": "PREFEITO MUNICIPAL", "texto_original": "http://sapl.garca.sp.leg.br/media/sapl/public/materialegislativa/2024/111385/220.pdf", "ementa": "Of\u00edcio n\u00ba 220/2024 - Requerimento n\u00ba 279 - 10\u00aa Sess\u00e3o"}, {"id": "111386", "ano": "2024", "numero": "360", "tipo__sigla": "CPEXM", "tipo__descricao": "Correspond\u00eancia do Poder Executivo Municipal", "autoria": "PREFEITO MUNICIPAL", "texto_original": "http://sapl.garca.sp.leg.br/media/sapl/public/materialegislativa/2024/111386/221.pdf", "ementa": "Of\u00edcio n\u00ba 221/2024 - Requerimento n\u00ba 280 - 10\u00aa Sess\u00e3o"}, {"id": "111387", "ano": "2024", "numero": "361", "tipo__sigla": "CPEXM", "tipo__descricao": "Correspond\u00eancia do Poder Executivo Municipal", "autoria": "PREFEITO MUNICIPAL", "texto_original": "http://sapl.garca.sp.leg.br/media/sapl/public/materialegislativa/2024/111387/222.pdf", "ementa": "Of\u00edcio n\u00ba 222/2024 - Requerimento n\u00ba 282 - 10\u00aa Sess\u00e3o"}, {"id": "111388", "ano": "2024", "numero": "362", "tipo__sigla": "CPEXM", "tipo__descricao": "Correspond\u00eancia do Poder Executivo Municipal", "autoria": "PREFEITO MUNICIPAL", "texto_original": "http://sapl.garca.sp.leg.br/media/sapl/public/materialegislativa/2024/111388/223.pdf", "ementa": "Of\u00edcio n\u00ba 223/2024 - Requerimento n\u00ba 283 - 10\u00aa Sess\u00e3o"}, {"id": "111389", "ano": "2024", "numero": "363", "tipo__sigla": "CPEXM", "tipo__descricao": "Correspond\u00eancia do Poder Executivo Municipal", "autoria": "PREFEITO MUNICIPAL", "texto_original": "http://sapl.garca.sp.leg.br/media/sapl/public/materialegislativa/2024/111389/224.pdf", "ementa": "Of\u00edcio n\u00ba 224/2024 - Requerimento n\u00ba 287 - 10\u00aa Sess\u00e3o"}, {"id": "111390", "ano": "2024", "numero": "364", "tipo__sigla": "CPEXM", "tipo__descricao": "Correspond\u00eancia do Poder Executivo Municipal", "autoria": "PREFEITO MUNICIPAL", "texto_original": "http://sapl.garca.sp.leg.br/media/sapl/public/materialegislativa/2024/111390/219.pdf", "ementa": "Of\u00edcio n\u00ba 219/2024 - Requerimento n\u00ba 289 - 10\u00aa Sess\u00e3o"}, {"id": "111391", "ano": "2024", "numero": "365", "tipo__sigla": "CPEXM", "tipo__descricao": "Correspond\u00eancia do Poder Executivo Municipal", "autoria": "PREFEITO MUNICIPAL", "texto_original": "http://sapl.garca.sp.leg.br/media/sapl/public/materialegislativa/2024/111391/225.pdf", "ementa": "Of\u00edcio n\u00ba 225/2024 - Requerimento n\u00ba 290 - 10\u00aa Sess\u00e3o"}, {"id": "111392", "ano": "2024", "numero": "366", "tipo__sigla": "CPEXM", "tipo__descricao": "Correspond\u00eancia do Poder Executivo Municipal", "autoria": "PREFEITO MUNICIPAL", "texto_original": "http://sapl.garca.sp.leg.br/media/sapl/public/materialegislativa/2024/111392/226.pdf", "ementa": "Of\u00edcio n\u00ba 226/2024 - Requerimento n\u00ba 291 - 10\u00aa Sess\u00e3o"}, {"id": "111394", "ano": "2024", "numero": "367", "tipo__sigla": "CPEXM", "tipo__descricao": "Correspond\u00eancia do Poder Executivo Municipal", "autoria": "PREFEITO MUNICIPAL", "texto_original": "http://sapl.garca.sp.leg.br/media/sapl/public/materialegislativa/2024/111394/097_anexos.pdf", "ementa": "ANEXOS PROJETO DE LEI - DISP\u00d5E SOBRE AS DIRETRIZES OR\u00c7AMENT\u00c1RIAS PARA A ELABORA\u00c7\u00c3O DA LEI OR\u00c7AMENT\u00c1RIA DO EXERC\u00cdCIO FINANCEIRO DE 2025, E D\u00c1 OUTRAS PROVID\u00caNCIAS."}, {"id": "111400", "ano": "2024", "numero": "368", "tipo__sigla": "CPEXM", "tipo__descricao": "Correspond\u00eancia do Poder Executivo Municipal", "autoria": "PREFEITO MUNICIPAL", "texto_original": "http://sapl.garca.sp.leg.br/media/sapl/public/materialegislativa/2024/111400/098_anexos.pdf", "ementa": "ANEXOS PROJETO DE LEI N\u00ba 109/2024 - DISP\u00d5E SOBRE A CONCESS\u00c3O DE DIREITO REAL DE USO DA PISTA DE WHEELING LOCALIZADA NO PARQUE ECOL\u00d3GICO \u201cJAYME NOGUEIRA MIRANDA\u201d \u00c0 ORGANIZA\u00c7\u00c3O DA SOCIEDADE CIVIL"}, {"id": "111401", "ano": "2024", "numero": "369", "tipo__sigla": "CPEXM", "tipo__descricao": "Correspond\u00eancia do Poder Executivo Municipal", "autoria": "PREFEITO MUNICIPAL", "texto_original": "http://sapl.garca.sp.leg.br/media/sapl/public/materialegislativa/2024/111401/100_anexos.pdf", "ementa": "ANEXOS PROJETO DE LEI N\u00ba 110/2024 - DISP\u00d5E SOBRE A CONCESS\u00c3O DE DIREITO REAL DE USO DO KART\u00d3DROMO \u201cRAFAEL \u201cI\u00c9\u201d MARANG\u00c3O\u201d, \u00c0 ORGANIZA\u00c7\u00c3O DA SOCIEDADE CIVIL."}, {"id": "111402", "ano": "2024", "numero": "370", "tipo__sigla": "CPEXM", "tipo__descricao": "Correspond\u00eancia do Poder Executivo Municipal", "autoria": "PREFEITO MUNICIPAL", "texto_original": "http://sapl.garca.sp.leg.br/media/sapl/public/materialegislativa/2024/111402/099_anexo.pdf", "ementa": "ANEXOS PROJETO DE LEI N\u00ba 111/2024 - DISP\u00d5E SOBRE A ABERTURA DE CR\u00c9DITOS ADICIONAIS SUPLEMENTARES NO VALOR DE R$ 4.037.876,40 (QUATRO MILH\u00d5ES, TRINTA E SETE MIL OITOCENTOS E SETENTA E SEIS REAIS E QUARENTA CENTAVOS), ALTERANDO O ANEXO III DA LEI N\u00ba 5.435/2021 (PPA) E O ANEXO IIA DA LEI N\u00ba 5.560/2023 (LDO)."}, {"id": "111408", "ano": "2024", "numero": "371", "tipo__sigla": "CPEXM", "tipo__descricao": "Correspond\u00eancia do Poder Executivo Municipal", "autoria": "PREFEITO MUNICIPAL", "texto_original": "http://sapl.garca.sp.leg.br/media/sapl/public/materialegislativa/2024/111408/096_anexos.pdf", "ementa": "ANEXO PROJETO DE LEI - DISP\u00d5E SOBRE A CONVERS\u00c3O DE F\u00c9RIAS VENCIDAS EM PEC\u00daNIA, NAS CONDI\u00c7\u00d5ES ESPECIFICADAS E ALTERA A LEI MUNICIPAL N\u00ba 2.680/1991."}, {"id": "111409", "ano": "2024", "numero": "372", "tipo__sigla": "CPEXM", "tipo__descricao": "Correspond\u00eancia do Poder Executivo Municipal", "autoria": "PREFEITO MUNICIPAL", "texto_original": "http://sapl.garca.sp.leg.br/media/sapl/public/materialegislativa/2024/111409/227.pdf", "ementa": "Of\u00edcio n\u00ba 227/2024 - Requerimento n\u00ba 293 - 11\u00aa Sess\u00e3o"}, {"id": "111410", "ano": "2024", "numero": "373", "tipo__sigla": "CPEXM", "tipo__descricao": "Correspond\u00eancia do Poder Executivo Municipal", "autoria": "PREFEITO MUNICIPAL", "texto_original": "http://sapl.garca.sp.leg.br/media/sapl/public/materialegislativa/2024/111410/228.pdf", "ementa": "Of\u00edcio n\u00ba 228/2024 - Requerimento n\u00ba 295 - 11\u00aa Sess\u00e3o"}, {"id": "111411", "ano": "2024", "numero": "374", "tipo__sigla": "CPEXM", "tipo__descricao": "Correspond\u00eancia do Poder Executivo Municipal", "autoria": "PREFEITO MUNICIPAL", "texto_original": "http://sapl.garca.sp.leg.br/media/sapl/public/materialegislativa/2024/111411/232.pdf", "ementa": "Of\u00edcio n\u00ba 232/2024 - Requerimento n\u00ba 297 - 11\u00aa Sess\u00e3o"}, {"id": "111412", "ano": "2024", "numero": "375", "tipo__sigla": "CPEXM", "tipo__descricao": "Correspond\u00eancia do Poder Executivo Municipal", "autoria": "PREFEITO MUNICIPAL", "texto_original": "http://sapl.garca.sp.leg.br/media/sapl/public/materialegislativa/2024/111412/233.pdf", "ementa": "Of\u00edcio n\u00ba 233/2024 - Requerimento n\u00ba 299 - 11\u00aa Sess\u00e3o"}, {"id": "111413", "ano": "2024", "numero": "376", "tipo__sigla": "CPEXM", "tipo__descricao": "Correspond\u00eancia do Poder Executivo Municipal", "autoria": "PREFEITO MUNICIPAL", "texto_original": "http://sapl.garca.sp.leg.br/media/sapl/public/materialegislativa/2024/111413/229.pdf", "ementa": "Of\u00edcio n\u00ba 229/2024 - Requerimento n\u00ba 300 - 11\u00aa Sess\u00e3o"}, {"id": "111414", "ano": "2024", "numero": "377", "tipo__sigla": "CPEXM", "tipo__descricao": "Correspond\u00eancia do Poder Executivo Municipal", "autoria": "PREFEITO MUNICIPAL", "texto_original": "http://sapl.garca.sp.leg.br/media/sapl/public/materialegislativa/2024/111414/230.pdf", "ementa": "Of\u00edcio n\u00ba 230/2024 - Requerimento n\u00ba 302 - 11\u00aa Sess\u00e3o"}, {"id": "111415", "ano": "2024", "numero": "378", "tipo__sigla": "CPEXM", "tipo__descricao": "Correspond\u00eancia do Poder Executivo Municipal", "autoria": "PREFEITO MUNICIPAL", "texto_original": "http://sapl.garca.sp.leg.br/media/sapl/public/materialegislativa/2024/111415/237.pdf", "ementa": "Of\u00edcio n\u00ba 237/2024 - Requerimento n\u00ba 303 - 11\u00aa Sess\u00e3o"}, {"id": "111416", "ano": "2024", "numero": "379", "tipo__sigla": "CPEXM", "tipo__descricao": "Correspond\u00eancia do Poder Executivo Municipal", "autoria": "PREFEITO MUNICIPAL", "texto_original": "http://sapl.garca.sp.leg.br/media/sapl/public/materialegislativa/2024/111416/238.pdf", "ementa": "Of\u00edcio n\u00ba 238/2024 - Requerimento n\u00ba 304 - 11\u00aa Sess\u00e3o"}, {"id": "111417", "ano": "2024", "numero": "380", "tipo__sigla": "CPEXM", "tipo__descricao": "Correspond\u00eancia do Poder Executivo Municipal", "autoria": "PREFEITO MUNICIPAL", "texto_original": "http://sapl.garca.sp.leg.br/media/sapl/public/materialegislativa/2024/111417/234.pdf", "ementa": "Of\u00edcio n\u00ba 234/2024 - Requerimento n\u00ba 305 - 11\u00aa Sess\u00e3o"}, {"id": "111418", "ano": "2024", "numero": "381", "tipo__sigla": "CPEXM", "tipo__descricao": "Correspond\u00eancia do Poder Executivo Municipal", "autoria": "PREFEITO MUNICIPAL", "texto_original": "http://sapl.garca.sp.leg.br/media/sapl/public/materialegislativa/2024/111418/231.pdf", "ementa": "Of\u00edcio n\u00ba 231/2024 - Requerimento n\u00ba 307 - 11\u00aa Sess\u00e3o"}, {"id": "111419", "ano": "2024", "numero": "382", "tipo__sigla": "CPEXM", "tipo__descricao": "Correspond\u00eancia do Poder Executivo Municipal", "autoria": "PREFEITO MUNICIPAL", "texto_original": "http://sapl.garca.sp.leg.br/media/sapl/public/materialegislativa/2024/111419/235.pdf", "ementa": "Of\u00edcio n\u00ba 235/2024 - Requerimento n\u00ba 309 - 11\u00aa Sess\u00e3o"}, {"id": "111420", "ano": "2024", "numero": "383", "tipo__sigla": "CPEXM", "tipo__descricao": "Correspond\u00eancia do Poder Executivo Municipal", "autoria": "PREFEITO MUNICIPAL", "texto_original": "http://sapl.garca.sp.leg.br/media/sapl/public/materialegislativa/2024/111420/239.pdf", "ementa": "Of\u00edcio n\u00ba 239/2024 - Requerimento n\u00ba 311 - 11\u00aa Sess\u00e3o"}, {"id": "111421", "ano": "2024", "numero": "384", "tipo__sigla": "CPEXM", "tipo__descricao": "Correspond\u00eancia do Poder Executivo Municipal", "autoria": "PREFEITO MUNICIPAL", "texto_original": "http://sapl.garca.sp.leg.br/media/sapl/public/materialegislativa/2024/111421/240.pdf", "ementa": "Of\u00edcio n\u00ba 240/2024 - Requerimento n\u00ba 312 - 11\u00aa Sess\u00e3o"}, {"id": "111422", "ano": "2024", "numero": "385", "tipo__sigla": "CPEXM", "tipo__descricao": "Correspond\u00eancia do Poder Executivo Municipal", "autoria": "PREFEITO MUNICIPAL", "texto_original": "http://sapl.garca.sp.leg.br/media/sapl/public/materialegislativa/2024/111422/236.pdf", "ementa": "Of\u00edcio n\u00ba 236/2024 - Requerimento n\u00ba 314 - 11\u00aa Sess\u00e3o"}, {"id": "111423", "ano": "2024", "numero": "386", "tipo__sigla": "CPEXM", "tipo__descricao": "Correspond\u00eancia do Poder Executivo Municipal", "autoria": "PREFEITO MUNICIPAL", "texto_original": "http://sapl.garca.sp.leg.br/media/sapl/public/materialegislativa/2024/111423/241.pdf", "ementa": "Of\u00edcio n\u00ba 241/2024 - Requerimento n\u00ba 316 - 11\u00aa Sess\u00e3o"}, {"id": "111453", "ano": "2024", "numero": "387", "tipo__sigla": "CPEXM", "tipo__descricao": "Correspond\u00eancia do Poder Executivo Municipal", "autoria": "PREFEITO MUNICIPAL", "texto_original": "http://sapl.garca.sp.leg.br/media/sapl/public/materialegislativa/2024/111453/250.pdf", "ementa": "Of\u00edcio n\u00ba 250/2024 - Requerimento n\u00ba 318 - 12\u00aa Sess\u00e3o"}, {"id": "111454", "ano": "2024", "numero": "388", "tipo__sigla": "CPEXM", "tipo__descricao": "Correspond\u00eancia do Poder Executivo Municipal", "autoria": "PREFEITO MUNICIPAL", "texto_original": "http://sapl.garca.sp.leg.br/media/sapl/public/materialegislativa/2024/111454/270.pdf", "ementa": "Of\u00edcio n\u00ba 270/2024 - Requerimento n\u00ba 319 - 12\u00aa Sess\u00e3o"}, {"id": "111455", "ano": "2024", "numero": "389", "tipo__sigla": "CPEXM", "tipo__descricao": "Correspond\u00eancia do Poder Executivo Municipal", "autoria": "PREFEITO MUNICIPAL", "texto_original": "http://sapl.garca.sp.leg.br/media/sapl/public/materialegislativa/2024/111455/252.pdf", "ementa": "Of\u00edcio n\u00ba 252/2024 - Requerimento n\u00ba 320 - 12\u00aa Sess\u00e3o"}, {"id": "111456", "ano": "2024", "numero": "390", "tipo__sigla": "CPEXM", "tipo__descricao": "Correspond\u00eancia do Poder Executivo Municipal", "autoria": "PREFEITO MUNICIPAL", "texto_original": "http://sapl.garca.sp.leg.br/media/sapl/public/materialegislativa/2024/111456/253.pdf", "ementa": "Of\u00edcio n\u00ba 253/2024 - Requerimento n\u00ba 322 - 12\u00aa Sess\u00e3o"}, {"id": "111457", "ano": "2024", "numero": "391", "tipo__sigla": "CPEXM", "tipo__descricao": "Correspond\u00eancia do Poder Executivo Municipal", "autoria": "PREFEITO MUNICIPAL", "texto_original": "http://sapl.garca.sp.leg.br/media/sapl/public/materialegislativa/2024/111457/254.pdf", "ementa": "Of\u00edcio n\u00ba 254/2024 - Requerimento n\u00ba 323 - 12\u00aa Sess\u00e3o"}, {"id": "111458", "ano": "2024", "numero": "392", "tipo__sigla": "CPEXM", "tipo__descricao": "Correspond\u00eancia do Poder Executivo Municipal", "autoria": "PREFEITO MUNICIPAL", "texto_original": "http://sapl.garca.sp.leg.br/media/sapl/public/materialegislativa/2024/111458/255.pdf", "ementa": "Of\u00edcio n\u00ba 255/2024 - Requerimento n\u00ba 324 - 12\u00aa Sess\u00e3o"}, {"id": "111459", "ano": "2024", "numero": "393", "tipo__sigla": "CPEXM", "tipo__descricao": "Correspond\u00eancia do Poder Executivo Municipal", "autoria": "PREFEITO MUNICIPAL", "texto_original": "http://sapl.garca.sp.leg.br/media/sapl/public/materialegislativa/2024/111459/256.pdf", "ementa": "Of\u00edcio n\u00ba 256/2024 - Requerimento n\u00ba 325 - 12\u00aa Sess\u00e3o"}, {"id": "111460", "ano": "2024", "numero": "394", "tipo__sigla": "CPEXM", "tipo__descricao": "Correspond\u00eancia do Poder Executivo Municipal", "autoria": "PREFEITO MUNICIPAL", "texto_original": "http://sapl.garca.sp.leg.br/media/sapl/public/materialegislativa/2024/111460/262.pdf", "ementa": "Of\u00edcio n\u00ba 262/2024 - Requerimento n\u00ba 326 - 12\u00aa Sess\u00e3o"}, {"id": "111461", "ano": "2024", "numero": "395", "tipo__sigla": "CPEXM", "tipo__descricao": "Correspond\u00eancia do Poder Executivo Municipal", "autoria": "PREFEITO MUNICIPAL", "texto_original": "http://sapl.garca.sp.leg.br/media/sapl/public/materialegislativa/2024/111461/257.pdf", "ementa": "Of\u00edcio n\u00ba 257/2024 - Requerimento n\u00ba 327 - 12\u00aa Sess\u00e3o"}, {"id": "111462", "ano": "2024", "numero": "396", "tipo__sigla": "CPEXM", "tipo__descricao": "Correspond\u00eancia do Poder Executivo Municipal", "autoria": "PREFEITO MUNICIPAL", "texto_original": "http://sapl.garca.sp.leg.br/media/sapl/public/materialegislativa/2024/111462/258.pdf", "ementa": "Of\u00edcio n\u00ba 258/2024 - Requerimento n\u00ba 331 - 12\u00aa Sess\u00e3o"}, {"id": "111463", "ano": "2024", "numero": "397", "tipo__sigla": "CPEXM", "tipo__descricao": "Correspond\u00eancia do Poder Executivo Municipal", "autoria": "PREFEITO MUNICIPAL", "texto_original": "http://sapl.garca.sp.leg.br/media/sapl/public/materialegislativa/2024/111463/259.pdf", "ementa": "Of\u00edcio n\u00ba 259/2024 - Requerimento n\u00ba 332 - 12\u00aa Sess\u00e3o"}, {"id": "111464", "ano": "2024", "numero": "398", "tipo__sigla": "CPEXM", "tipo__descricao": "Correspond\u00eancia do Poder Executivo Municipal", "autoria": "PREFEITO MUNICIPAL", "texto_original": "http://sapl.garca.sp.leg.br/media/sapl/public/materialegislativa/2024/111464/260.pdf", "ementa": "Of\u00edcio n\u00ba 260/2024 - Requerimento n\u00ba 333 - 12\u00aa Sess\u00e3o"}, {"id": "111465", "ano": "2024", "numero": "399", "tipo__sigla": "CPEXM", "tipo__descricao": "Correspond\u00eancia do Poder Executivo Municipal", "autoria": "PREFEITO MUNICIPAL", "texto_original": "http://sapl.garca.sp.leg.br/media/sapl/public/materialegislativa/2024/111465/263.pdf", "ementa": "Of\u00edcio n\u00ba 263/2024 - Requerimento n\u00ba 334 - 12\u00aa Sess\u00e3o"}, {"id": "111466", "ano": "2024", "numero": "400", "tipo__sigla": "CPEXM", "tipo__descricao": "Correspond\u00eancia do Poder Executivo Municipal", "autoria": "PREFEITO MUNICIPAL", "texto_original": "http://sapl.garca.sp.leg.br/media/sapl/public/materialegislativa/2024/111466/265.pdf", "ementa": "Of\u00edcio n\u00ba 265/2024 - Requerimento n\u00ba 336 - 12\u00aa Sess\u00e3o"}, {"id": "111467", "ano": "2024", "numero": "401", "tipo__sigla": "CPEXM", "tipo__descricao": "Correspond\u00eancia do Poder Executivo Municipal", "autoria": "PREFEITO MUNICIPAL", "texto_original": "http://sapl.garca.sp.leg.br/media/sapl/public/materialegislativa/2024/111467/261.pdf", "ementa": "Of\u00edcio n\u00ba 261/2024 - Requerimento n\u00ba 337 - 12\u00aa Sess\u00e3o"}, {"id": "111468", "ano": "2024", "numero": "402", "tipo__sigla": "CPEXM", "tipo__descricao": "Correspond\u00eancia do Poder Executivo Municipal", "autoria": "PREFEITO MUNICIPAL", "texto_original": "http://sapl.garca.sp.leg.br/media/sapl/public/materialegislativa/2024/111468/264.pdf", "ementa": "Of\u00edcio n\u00ba 264/2024 - Requerimento n\u00ba 338 - 12\u00aa Sess\u00e3o"}, {"id": "111469", "ano": "2024", "numero": "403", "tipo__sigla": "CPEXM", "tipo__descricao": "Correspond\u00eancia do Poder Executivo Municipal", "autoria": "PREFEITO MUNICIPAL", "texto_original": "http://sapl.garca.sp.leg.br/media/sapl/public/materialegislativa/2024/111469/271.pdf", "ementa": "Of\u00edcio n\u00ba 271/2024 - Requerimento n\u00ba 339 - 12\u00aa Sess\u00e3o"}, {"id": "111470", "ano": "2024", "numero": "404", "tipo__sigla": "CPEXM", "tipo__descricao": "Correspond\u00eancia do Poder Executivo Municipal", "autoria": "PREFEITO MUNICIPAL", "texto_original": "http://sapl.garca.sp.leg.br/media/sapl/public/materialegislativa/2024/111470/266.pdf", "ementa": "Of\u00edcio n\u00ba 266/2024 - Requerimento n\u00ba 340 - 12\u00aa Sess\u00e3o"}, {"id": "111471", "ano": "2024", "numero": "405", "tipo__sigla": "CPEXM", "tipo__descricao": "Correspond\u00eancia do Poder Executivo Municipal", "autoria": "PREFEITO MUNICIPAL", "texto_original": "http://sapl.garca.sp.leg.br/media/sapl/public/materialegislativa/2024/111471/251.pdf", "ementa": "Of\u00edcio n\u00ba 251/2024 - Requerimento n\u00ba 341 - 12\u00aa Sess\u00e3o"}, {"id": "111472", "ano": "2024", "numero": "406", "tipo__sigla": "CPEXM", "tipo__descricao": "Correspond\u00eancia do Poder Executivo Municipal", "autoria": "PREFEITO MUNICIPAL", "texto_original": "http://sapl.garca.sp.leg.br/media/sapl/public/materialegislativa/2024/111472/267.pdf", "ementa": "Of\u00edcio n\u00ba 267/2024 - Requerimento n\u00ba 342 - 12\u00aa Sess\u00e3o"}, {"id": "111473", "ano": "2024", "numero": "407", "tipo__sigla": "CPEXM", "tipo__descricao": "Correspond\u00eancia do Poder Executivo Municipal", "autoria": "PREFEITO MUNICIPAL", "texto_original": "http://sapl.garca.sp.leg.br/media/sapl/public/materialegislativa/2024/111473/268.pdf", "ementa": "Of\u00edcio n\u00ba 268/2024 - Requerimento n\u00ba 343 - 12\u00aa Sess\u00e3o"}, {"id": "111500", "ano": "2024", "numero": "408", "tipo__sigla": "CPEXM", "tipo__descricao": "Correspond\u00eancia do Poder Executivo Municipal", "autoria": "PREFEITO MUNICIPAL", "texto_original": "http://sapl.garca.sp.leg.br/media/sapl/public/materialegislativa/2024/111500/272.pdf", "ementa": "Of\u00edcio n\u00ba 272/2024 - Requerimento n\u00ba 344 - 13\u00aa Sess\u00e3o"}, {"id": "111501", "ano": "2024", "numero": "409", "tipo__sigla": "CPEXM", "tipo__descricao": "Correspond\u00eancia do Poder Executivo Municipal", "autoria": "PREFEITO MUNICIPAL", "texto_original": "http://sapl.garca.sp.leg.br/media/sapl/public/materialegislativa/2024/111501/274.pdf", "ementa": "Of\u00edcio n\u00ba 274/2024 - Requerimento n\u00ba 345 - 13\u00aa Sess\u00e3o"}, {"id": "111502", "ano": "2024", "numero": "410", "tipo__sigla": "CPEXM", "tipo__descricao": "Correspond\u00eancia do Poder Executivo Municipal", "autoria": "PREFEITO MUNICIPAL", "texto_original": "http://sapl.garca.sp.leg.br/media/sapl/public/materialegislativa/2024/111502/285.pdf", "ementa": "Of\u00edcio n\u00ba 285/2024 - Requerimento n\u00ba 346 - 13\u00aa Sess\u00e3o"}, {"id": "111503", "ano": "2024", "numero": "411", "tipo__sigla": "CPEXM", "tipo__descricao": "Correspond\u00eancia do Poder Executivo Municipal", "autoria": "PREFEITO MUNICIPAL", "texto_original": "http://sapl.garca.sp.leg.br/media/sapl/public/materialegislativa/2024/111503/278.pdf", "ementa": "Of\u00edcio n\u00ba 278/2024 - Requerimento n\u00ba 347 - 13\u00aa Sess\u00e3o"}, {"id": "111504", "ano": "2024", "numero": "412", "tipo__sigla": "CPEXM", "tipo__descricao": "Correspond\u00eancia do Poder Executivo Municipal", "autoria": "PREFEITO MUNICIPAL", "texto_original": "http://sapl.garca.sp.leg.br/media/sapl/public/materialegislativa/2024/111504/286.pdf", "ementa": "Of\u00edcio n\u00ba 286/2024 - Requerimento n\u00ba 348 - 13\u00aa Sess\u00e3o"}, {"id": "111505", "ano": "2024", "numero": "413", "tipo__sigla": "CPEXM", "tipo__descricao": "Correspond\u00eancia do Poder Executivo Municipal", "autoria": "PREFEITO MUNICIPAL", "texto_original": "http://sapl.garca.sp.leg.br/media/sapl/public/materialegislativa/2024/111505/279.pdf", "ementa": "Of\u00edcio n\u00ba 279/2024 - Requerimento n\u00ba 350 - 13\u00aa Sess\u00e3o"}, {"id": "111506", "ano": "2024", "numero": "414", "tipo__sigla": "CPEXM", "tipo__descricao": "Correspond\u00eancia do Poder Executivo Municipal", "autoria": "PREFEITO MUNICIPAL", "texto_original": "http://sapl.garca.sp.leg.br/media/sapl/public/materialegislativa/2024/111506/273.pdf", "ementa": "Of\u00edcio n\u00ba 273/2024 - Requerimento n\u00ba 351 - 13\u00aa Sess\u00e3o"}, {"id": "111507", "ano": "2024", "numero": "415", "tipo__sigla": "CPEXM", "tipo__descricao": "Correspond\u00eancia do Poder Executivo Municipal", "autoria": "PREFEITO MUNICIPAL", "texto_original": "http://sapl.garca.sp.leg.br/media/sapl/public/materialegislativa/2024/111507/275.pdf", "ementa": "Of\u00edcio n\u00ba 275/2024 - Requerimento n\u00ba 353 - 13\u00aa Sess\u00e3o"}, {"id": "111508", "ano": "2024", "numero": "416", "tipo__sigla": "CPEXM", "tipo__descricao": "Correspond\u00eancia do Poder Executivo Municipal", "autoria": "PREFEITO MUNICIPAL", "texto_original": "http://sapl.garca.sp.leg.br/media/sapl/public/materialegislativa/2024/111508/276.pdf", "ementa": "Of\u00edcio n\u00ba 276/2024 - Requerimento n\u00ba 354 - 13\u00aa Sess\u00e3o"}, {"id": "111509", "ano": "2024", "numero": "417", "tipo__sigla": "CPEXM", "tipo__descricao": "Correspond\u00eancia do Poder Executivo Municipal", "autoria": "PREFEITO MUNICIPAL", "texto_original": "http://sapl.garca.sp.leg.br/media/sapl/public/materialegislativa/2024/111509/277.pdf", "ementa": "Of\u00edcio n\u00ba 277/2024 - Requerimento n\u00ba 355 - 13\u00aa Sess\u00e3o"}, {"id": "111510", "ano": "2024", "numero": "418", "tipo__sigla": "CPEXM", "tipo__descricao": "Correspond\u00eancia do Poder Executivo Municipal", "autoria": "PREFEITO MUNICIPAL", "texto_original": "http://sapl.garca.sp.leg.br/media/sapl/public/materialegislativa/2024/111510/280.pdf", "ementa": "Of\u00edcio n\u00ba 280/2024 - Requerimento n\u00ba 357 - 13\u00aa Sess\u00e3o"}, {"id": "111511", "ano": "2024", "numero": "419", "tipo__sigla": "CPEXM", "tipo__descricao": "Correspond\u00eancia do Poder Executivo Municipal", "autoria": "PREFEITO MUNICIPAL", "texto_original": "http://sapl.garca.sp.leg.br/media/sapl/public/materialegislativa/2024/111511/281.pdf", "ementa": "Of\u00edcio n\u00ba 281/2024 - Requerimento n\u00ba 358 - 13\u00aa Sess\u00e3o"}, {"id": "111512", "ano": "2024", "numero": "420", "tipo__sigla": "CPEXM", "tipo__descricao": "Correspond\u00eancia do Poder Executivo Municipal", "autoria": "PREFEITO MUNICIPAL", "texto_original": "http://sapl.garca.sp.leg.br/media/sapl/public/materialegislativa/2024/111512/282.pdf", "ementa": "Of\u00edcio n\u00ba 282/2024 - Requerimento n\u00ba 360 - 13\u00aa Sess\u00e3o"}, {"id": "111513", "ano": "2024", "numero": "421", "tipo__sigla": "CPEXM", "tipo__descricao": "Correspond\u00eancia do Poder Executivo Municipal", "autoria": "PREFEITO MUNICIPAL", "texto_original": "http://sapl.garca.sp.leg.br/media/sapl/public/materialegislativa/2024/111513/284.pdf", "ementa": "Of\u00edcio n\u00ba 284/2024 - Requerimento n\u00ba 361 - 13\u00aa Sess\u00e3o"}, {"id": "111514", "ano": "2024", "numero": "422", "tipo__sigla": "CPEXM", "tipo__descricao": "Correspond\u00eancia do Poder Executivo Municipal", "autoria": "PREFEITO MUNICIPAL", "texto_original": "http://sapl.garca.sp.leg.br/media/sapl/public/materialegislativa/2024/111514/283.pdf", "ementa": "Of\u00edcio n\u00ba 283/2024 - Requerimento n\u00ba 362 - 13\u00aa Sess\u00e3o"}, {"id": "111517", "ano": "2024", "numero": "423", "tipo__sigla": "CPEXM", "tipo__descricao": "Correspond\u00eancia do Poder Executivo Municipal", "autoria": "PREFEITO MUNICIPAL", "texto_original": "http://sapl.garca.sp.leg.br/media/sapl/public/materialegislativa/2024/111517/101_anexos.pdf", "ementa": "ANEXO PROJETO DE LEI - ALTERA O ANEXO III DA LEI N\u00ba 5.435/2021 (PPA) E ALTERA O ANEXO IIA DA LEI N\u00ba 5.560/2023 (LDO), AUTORIZANDO A ABERTURA DE CR\u00c9DITO ESPECIAL, NO IMPORTE DE R$ 329.099,26 (TREZENTOS E VINTE NOVE MIL, NOVENTA E NOVE REAIS E VINTE E SEIS CENTAVOS), OBJETIVANDO UTILIZAR OS RECURSOS FEDERAIS REFRENTES A POL\u00cdTICA NACIONAL ALDIR BLANC DE FOMENTO \u00c0 CULTURA \u2013 \u201cPNAB\u201d (LEI FEDERAL N\u00b0 14.399/2022, REGULAMENTADA PELO DECRETO FEDERAL N\u00b0 11.740/2023)."}, {"id": "111563", "ano": "2024", "numero": "424", "tipo__sigla": "CPEXM", "tipo__descricao": "Correspond\u00eancia do Poder Executivo Municipal", "autoria": "PREFEITO MUNICIPAL", "texto_original": "http://sapl.garca.sp.leg.br/media/sapl/public/materialegislativa/2024/111563/292.pdf", "ementa": "Of\u00edcio n\u00ba 292/2024 - Requerimento n\u00ba 364 - 14\u00aa Sess\u00e3o"}, {"id": "111564", "ano": "2024", "numero": "425", "tipo__sigla": "CPEXM", "tipo__descricao": "Correspond\u00eancia do Poder Executivo Municipal", "autoria": "PREFEITO MUNICIPAL", "texto_original": "http://sapl.garca.sp.leg.br/media/sapl/public/materialegislativa/2024/111564/293.pdf", "ementa": "Of\u00edcio n\u00ba 293/2024 - Requerimento n\u00ba 365 - 14\u00aa Sess\u00e3o"}, {"id": "111565", "ano": "2024", "numero": "426", "tipo__sigla": "CPEXM", "tipo__descricao": "Correspond\u00eancia do Poder Executivo Municipal", "autoria": "PREFEITO MUNICIPAL", "texto_original": "http://sapl.garca.sp.leg.br/media/sapl/public/materialegislativa/2024/111565/287.pdf", "ementa": "Of\u00edcio n\u00ba 287/2024 - Requerimento n\u00ba 368 - 14\u00aa Sess\u00e3o"}, {"id": "111566", "ano": "2024", "numero": "427", "tipo__sigla": "CPEXM", "tipo__descricao": "Correspond\u00eancia do Poder Executivo Municipal", "autoria": "PREFEITO MUNICIPAL", "texto_original": "http://sapl.garca.sp.leg.br/media/sapl/public/materialegislativa/2024/111566/288.pdf", "ementa": "Of\u00edcio n\u00ba 288/2024 - Requerimento n\u00ba 371 - 14\u00aa Sess\u00e3o"}, {"id": "111567", "ano": "2024", "numero": "428", "tipo__sigla": "CPEXM", "tipo__descricao": "Correspond\u00eancia do Poder Executivo Municipal", "autoria": "PREFEITO MUNICIPAL", "texto_original": "http://sapl.garca.sp.leg.br/media/sapl/public/materialegislativa/2024/111567/289.pdf", "ementa": "Of\u00edcio n\u00ba 289/2024 - Requerimento n\u00ba 372 - 14\u00aa Sess\u00e3o"}, {"id": "111568", "ano": "2024", "numero": "429", "tipo__sigla": "CPEXM", "tipo__descricao": "Correspond\u00eancia do Poder Executivo Municipal", "autoria": "PREFEITO MUNICIPAL", "texto_original": "http://sapl.garca.sp.leg.br/media/sapl/public/materialegislativa/2024/111568/290.pdf", "ementa": "Of\u00edcio n\u00ba 290/2024 - Requerimento n\u00ba 374 - 14\u00aa Sess\u00e3o"}, {"id": "111569", "ano": "2024", "numero": "430", "tipo__sigla": "CPEXM", "tipo__descricao": "Correspond\u00eancia do Poder Executivo Municipal", "autoria": "PREFEITO MUNICIPAL", "texto_original": "http://sapl.garca.sp.leg.br/media/sapl/public/materialegislativa/2024/111569/297.pdf", "ementa": "Of\u00edcio n\u00ba 297/2024 - Requerimento n\u00ba 376 - 14\u00aa Sess\u00e3o"}, {"id": "111570", "ano": "2024", "numero": "431", "tipo__sigla": "CPEXM", "tipo__descricao": "Correspond\u00eancia do Poder Executivo Municipal", "autoria": "PREFEITO MUNICIPAL", "texto_original": "http://sapl.garca.sp.leg.br/media/sapl/public/materialegislativa/2024/111570/291.pdf", "ementa": "Of\u00edcio n\u00ba 291/2024 - Requerimento n\u00ba 378 - 14\u00aa Sess\u00e3o"}, {"id": "111571", "ano": "2024", "numero": "432", "tipo__sigla": "CPEXM", "tipo__descricao": "Correspond\u00eancia do Poder Executivo Municipal", "autoria": "PREFEITO MUNICIPAL", "texto_original": "http://sapl.garca.sp.leg.br/media/sapl/public/materialegislativa/2024/111571/295.pdf", "ementa": "Of\u00edcio n\u00ba 295/2024 - Requerimento n\u00ba 373 - 14\u00aa Sess\u00e3o"}, {"id": "111572", "ano": "2024", "numero": "433", "tipo__sigla": "CPEXM", "tipo__descricao": "Correspond\u00eancia do Poder Executivo Municipal", "autoria": "PREFEITO MUNICIPAL", "texto_original": "http://sapl.garca.sp.leg.br/media/sapl/public/materialegislativa/2024/111572/296.pdf", "ementa": "Of\u00edcio n\u00ba 296/2024 - Requerimento n\u00ba 375 - 14\u00aa Sess\u00e3o"}, {"id": "111573", "ano": "2024", "numero": "434", "tipo__sigla": "CPEXM", "tipo__descricao": "Correspond\u00eancia do Poder Executivo Municipal", "autoria": "PREFEITO MUNICIPAL", "texto_original": "http://sapl.garca.sp.leg.br/media/sapl/public/materialegislativa/2024/111573/294.pdf", "ementa": "Of\u00edcio n\u00ba 294/2024 - Requerimento n\u00ba 366 - 14\u00aa Sess\u00e3o"}, {"id": "111575", "ano": "2024", "numero": "435", "tipo__sigla": "CPEXM", "tipo__descricao": "Correspond\u00eancia do Poder Executivo Municipal", "autoria": "PREFEITO MUNICIPAL", "texto_original": "http://sapl.garca.sp.leg.br/media/sapl/public/materialegislativa/2024/111575/102_anexos.pdf", "ementa": "ANEXO PROJETO DE LEI - DISP\u00d5E SOBRE DENOMINA\u00c7\u00c3O DO CONJUNTO HABITACIONAL IMPLEMENTADO ATRAV\u00c9S DO PROGRAMA VIDA LONGA."}, {"id": "111576", "ano": "2024", "numero": "436", "tipo__sigla": "CPEXM", "tipo__descricao": "Correspond\u00eancia do Poder Executivo Municipal", "autoria": "PREFEITO MUNICIPAL", "texto_original": "http://sapl.garca.sp.leg.br/media/sapl/public/materialegislativa/2024/111576/298.pdf", "ementa": "Of\u00edcio n\u00ba 298/2024 - Requerimento n\u00ba 377 - 14\u00aa Sess\u00e3o"}, {"id": "111577", "ano": "2024", "numero": "437", "tipo__sigla": "CPEXM", "tipo__descricao": "Correspond\u00eancia do Poder Executivo Municipal", "autoria": "PREFEITO MUNICIPAL", "texto_original": "http://sapl.garca.sp.leg.br/media/sapl/public/materialegislativa/2024/111577/102_matricula.pdf", "ementa": "ANEXO PROJETO DE LEI N\u00ba 115/24 - DISP\u00d5E SOBRE DENOMINA\u00c7\u00c3O DO CONJUNTO HABITACIONAL IMPLEMENTADO ATRAV\u00c9S DO PROGRAMA VIDA LONGA."}, {"id": "111587", "ano": "2024", "numero": "438", "tipo__sigla": "CPEXM", "tipo__descricao": "Correspond\u00eancia do Poder Executivo Municipal", "autoria": "PREFEITO MUNICIPAL", "texto_original": "http://sapl.garca.sp.leg.br/media/sapl/public/materialegislativa/2024/111587/105_anexos.pdf", "ementa": "ANEXOS PROJETO DE LEI - ALTERA O ANEXO III DA LEI N\u00ba 5.435/2021 (PPA) E ALTERA O ANEXO IIA DA LEI N\u00ba 5.560/2023 (LDO), AUTORIZANDO A ABERTURA DE CR\u00c9DITO ESPECIAL, NO IMPORTE DE R$ 1.500.000,00 (UM MILH\u00c3O E QUINHENTOS MIL REAIS), OBJETIVANDO A UTILIZA\u00c7\u00c3O DOS RECURSOS FEDERAIS, CONFORME PORTARIA GM/MS N\u00b0 3523 DO MINIST\u00c9RIO DA SA\u00daDE E DOS RECURSOS ESTADUAIS, CONFORME RESOLU\u00c7\u00c3O ESTADUAL SS N\u00b0 113/2024."}, {"id": "111588", "ano": "2024", "numero": "439", "tipo__sigla": "CPEXM", "tipo__descricao": "Correspond\u00eancia do Poder Executivo Municipal", "autoria": "PREFEITO MUNICIPAL", "texto_original": "http://sapl.garca.sp.leg.br/media/sapl/public/materialegislativa/2024/111588/104_anexos.pdf", "ementa": "ANEXOS PROJETO DE LEI - ALTERA O ANEXO III DA LEI N\u00ba 5.435/2021 (PPA) E ALTERA O ANEXO IIA DA LEI N\u00ba 5.560/2023 (LDO), AUTORIZANDO A ABERTURA DE CR\u00c9DITO ESPECIAL, NO IMPORTE DE R$ 150.000,00 (CENTO E CINQUENTA MIL REAIS), OBJETIVANDO A UTILIZA\u00c7\u00c3O DE RECURSOS FEDERAIS ORIUNDOS DE EMENDAS PARLAMENTARES DOS DEPUTADOS FEDERAIS CAPIT\u00c3O AUGUSTO E MIGUEL LOMBARDI."}, {"id": "111589", "ano": "2024", "numero": "440", "tipo__sigla": "CPEXM", "tipo__descricao": "Correspond\u00eancia do Poder Executivo Municipal", "autoria": "PREFEITO MUNICIPAL", "texto_original": "http://sapl.garca.sp.leg.br/media/sapl/public/materialegislativa/2024/111589/106_anexos.pdf", "ementa": "ANEXO PROJETO DE LEI - ALTERA O ANEXO III DA LEI N\u00ba 5.435/2021 (PPA) E ALTERA O ANEXO IIA DA LEI N\u00ba 5.560/2023 (LDO), AUTORIZANDO A ABERTURA DE CR\u00c9DITO ESPECIAL, NO IMPORTE R$ 185.224,56 (CENTO E OITENTA E CINCO MIL, DUZENTOS E VINTE E QUATRO REAIS E CINQUENTA E SEIS CENTAVOS) OBJETIVANDO A UTILIZA\u00c7\u00c3O DOS RECURSOS DE OPERA\u00c7\u00c3O DE CR\u00c9DITO, PROVENIENTES DO CONTRATO N\u00b0 2585.0505.953-30/CAIXA \u2013 PROGRAMA \u201cSANEAMENTO PARA TODOS\u201d EM VIRTUDE DA INEXIST\u00caNCIA DE DOTA\u00c7\u00c3O NO OR\u00c7AMENTO VIGENTE COM A FONTE DE RECURSO INDICADA."}, {"id": "111593", "ano": "2024", "numero": "441", "tipo__sigla": "CPEXM", "tipo__descricao": "Correspond\u00eancia do Poder Executivo Municipal", "autoria": "PREFEITO MUNICIPAL", "texto_original": "http://sapl.garca.sp.leg.br/media/sapl/public/materialegislativa/2024/111593/109_anexos.pdf", "ementa": "ANEXO PROJETO DE LEI - ALTERA O ANEXO III DA LEI N\u00ba 5.435/2021 (PPA) E ALTERA O ANEXO IIA DA LEI N\u00ba 5.560/2023 (LDO), AUTORIZANDO A ABERTURA DE CR\u00c9DITO ESPECIAL, NO IMPORTE DE R$ 35.940,50 (TRINTA E CINCO MIL, NOVECENTOS E QUARENTA REAIS E CINQUENTA CENTAVOS), OBJETIVANDO A UTILIZA\u00c7\u00c3O DE RECURSO FEDERAL DO FUNDO NACIONAL DE SA\u00daDE DESTINADO A AQUISI\u00c7\u00c3O DE EQUIPAMENTOS PARA ESTRUTURA\u00c7\u00c3O DA SA\u00daDE BUCAL E RECURSO ESTADUAL, PROVENIENTE DA RESOLU\u00c7\u00c3O SS \u2013 76/2024, DESTINADO A AQUISI\u00c7\u00c3O DE REPELENTES (VIGIL\u00c2NCIA EPIDEMIOL\u00d3GICA)."}, {"id": "111595", "ano": "2024", "numero": "442", "tipo__sigla": "CPEXM", "tipo__descricao": "Correspond\u00eancia do Poder Executivo Municipal", "autoria": "PREFEITO MUNICIPAL", "texto_original": "http://sapl.garca.sp.leg.br/media/sapl/public/materialegislativa/2024/111595/311.pdf", "ementa": "Of\u00edcio n\u00ba 311/2024 - Requerimento n\u00ba 382 - 15\u00aa Sess\u00e3o"}, {"id": "111596", "ano": "2024", "numero": "443", "tipo__sigla": "CPEXM", "tipo__descricao": "Correspond\u00eancia do Poder Executivo Municipal", "autoria": "PREFEITO MUNICIPAL", "texto_original": "http://sapl.garca.sp.leg.br/media/sapl/public/materialegislativa/2024/111596/299.pdf", "ementa": "Of\u00edcio n\u00ba 299/2024 - Requerimento n\u00ba 383 - 15\u00aa Sess\u00e3o"}, {"id": "111597", "ano": "2024", "numero": "444", "tipo__sigla": "CPEXM", "tipo__descricao": "Correspond\u00eancia do Poder Executivo Municipal", "autoria": "PREFEITO MUNICIPAL", "texto_original": "http://sapl.garca.sp.leg.br/media/sapl/public/materialegislativa/2024/111597/300.pdf", "ementa": "Of\u00edcio n\u00ba 300/2024 - Requerimento n\u00ba 389 - 15\u00aa Sess\u00e3o"}, {"id": "111598", "ano": "2024", "numero": "445", "tipo__sigla": "CPEXM", "tipo__descricao": "Correspond\u00eancia do Poder Executivo Municipal", "autoria": "PREFEITO MUNICIPAL", "texto_original": "http://sapl.garca.sp.leg.br/media/sapl/public/materialegislativa/2024/111598/302.pdf", "ementa": "Of\u00edcio n\u00ba 302/2024 - Requerimento n\u00ba 391 - 15\u00aa Sess\u00e3o"}, {"id": "111599", "ano": "2024", "numero": "446", "tipo__sigla": "CPEXM", "tipo__descricao": "Correspond\u00eancia do Poder Executivo Municipal", "autoria": "PREFEITO MUNICIPAL", "texto_original": "http://sapl.garca.sp.leg.br/media/sapl/public/materialegislativa/2024/111599/301.pdf", "ementa": "Of\u00edcio n\u00ba 301/2024 - Requerimento n\u00ba 390 - 15\u00aa Sess\u00e3o"}, {"id": "111600", "ano": "2024", "numero": "447", "tipo__sigla": "CPEXM", "tipo__descricao": "Correspond\u00eancia do Poder Executivo Municipal", "autoria": "PREFEITO MUNICIPAL", "texto_original": "http://sapl.garca.sp.leg.br/media/sapl/public/materialegislativa/2024/111600/303.pdf", "ementa": "Of\u00edcio n\u00ba 303/2024 - Requerimento n\u00ba 392 - 15\u00aa Sess\u00e3o"}, {"id": "111601", "ano": "2024", "numero": "448", "tipo__sigla": "CPEXM", "tipo__descricao": "Correspond\u00eancia do Poder Executivo Municipal", "autoria": "PREFEITO MUNICIPAL", "texto_original": "http://sapl.garca.sp.leg.br/media/sapl/public/materialegislativa/2024/111601/304.pdf", "ementa": "Of\u00edcio n\u00ba 304/2024 - Requerimento n\u00ba 395 - 15\u00aa Sess\u00e3o"}, {"id": "111602", "ano": "2024", "numero": "449", "tipo__sigla": "CPEXM", "tipo__descricao": "Correspond\u00eancia do Poder Executivo Municipal", "autoria": "PREFEITO MUNICIPAL", "texto_original": "http://sapl.garca.sp.leg.br/media/sapl/public/materialegislativa/2024/111602/312.pdf", "ementa": "Of\u00edcio n\u00ba 312/2024 - Requerimento n\u00ba 396 - 15\u00aa Sess\u00e3o"}, {"id": "111603", "ano": "2024", "numero": "450", "tipo__sigla": "CPEXM", "tipo__descricao": "Correspond\u00eancia do Poder Executivo Municipal", "autoria": "PREFEITO MUNICIPAL", "texto_original": "http://sapl.garca.sp.leg.br/media/sapl/public/materialegislativa/2024/111603/306.pdf", "ementa": "Of\u00edcio n\u00ba 306/2024 - Requerimento n\u00ba 397 - 15\u00aa Sess\u00e3o"}, {"id": "111604", "ano": "2024", "numero": "451", "tipo__sigla": "CPEXM", "tipo__descricao": "Correspond\u00eancia do Poder Executivo Municipal", "autoria": "PREFEITO MUNICIPAL", "texto_original": "http://sapl.garca.sp.leg.br/media/sapl/public/materialegislativa/2024/111604/307.pdf", "ementa": "Of\u00edcio n\u00ba 307/2024 - Requerimento n\u00ba 398 - 15\u00aa Sess\u00e3o"}, {"id": "111605", "ano": "2024", "numero": "452", "tipo__sigla": "CPEXM", "tipo__descricao": "Correspond\u00eancia do Poder Executivo Municipal", "autoria": "PREFEITO MUNICIPAL", "texto_original": "http://sapl.garca.sp.leg.br/media/sapl/public/materialegislativa/2024/111605/308.pdf", "ementa": "Of\u00edcio n\u00ba 308/2024 - Requerimento n\u00ba 399 - 15\u00aa Sess\u00e3o"}, {"id": "111606", "ano": "2024", "numero": "453", "tipo__sigla": "CPEXM", "tipo__descricao": "Correspond\u00eancia do Poder Executivo Municipal", "autoria": "PREFEITO MUNICIPAL", "texto_original": "http://sapl.garca.sp.leg.br/media/sapl/public/materialegislativa/2024/111606/309.pdf", "ementa": "Of\u00edcio n\u00ba 309/2024 - Requerimento n\u00ba 400 - 15\u00aa Sess\u00e3o"}, {"id": "111607", "ano": "2024", "numero": "454", "tipo__sigla": "CPEXM", "tipo__descricao": "Correspond\u00eancia do Poder Executivo Municipal", "autoria": "PREFEITO MUNICIPAL", "texto_original": "http://sapl.garca.sp.leg.br/media/sapl/public/materialegislativa/2024/111607/310.pdf", "ementa": "Of\u00edcio n\u00ba 310/2024 - Requerimento n\u00ba 402 - 15\u00aa Sess\u00e3o"}, {"id": "111608", "ano": "2024", "numero": "455", "tipo__sigla": "CPEXM", "tipo__descricao": "Correspond\u00eancia do Poder Executivo Municipal", "autoria": "PREFEITO MUNICIPAL", "texto_original": "http://sapl.garca.sp.leg.br/media/sapl/public/materialegislativa/2024/111608/313.pdf", "ementa": "Of\u00edcio n\u00ba 313/2024 - Requerimento n\u00ba 403 - 15\u00aa Sess\u00e3o"}, {"id": "111609", "ano": "2024", "numero": "456", "tipo__sigla": "CPEXM", "tipo__descricao": "Correspond\u00eancia do Poder Executivo Municipal", "autoria": "PREFEITO MUNICIPAL", "texto_original": "http://sapl.garca.sp.leg.br/media/sapl/public/materialegislativa/2024/111609/305.pdf", "ementa": "Of\u00edcio n\u00ba 305/2024 - Requerimento n\u00ba 393 - 15\u00aa Sess\u00e3o"}, {"id": "111610", "ano": "2024", "numero": "457", "tipo__sigla": "CPEXM", "tipo__descricao": "Correspond\u00eancia do Poder Executivo Municipal", "autoria": "PREFEITO MUNICIPAL", "texto_original": "http://sapl.garca.sp.leg.br/media/sapl/public/materialegislativa/2024/111610/285.pdf", "ementa": "Of\u00edcio n\u00ba 285/2024 - Encaminha documentos complementares ao Projeto de Lei n\u00ba 108/2024."}, {"id": "111621", "ano": "2024", "numero": "458", "tipo__sigla": "CPEXM", "tipo__descricao": "Correspond\u00eancia do Poder Executivo Municipal", "autoria": "PREFEITO MUNICIPAL", "texto_original": "http://sapl.garca.sp.leg.br/media/sapl/public/materialegislativa/2024/111621/103_anexo.pdf", "ementa": "ANEXO PROJETO DE LEI N\u00ba 116/2024 - ALTERA A LEI MUNICIPAL N\u00ba 4.727/2011 E ALTERA\u00c7\u00d5ES, QUE INSTITUI O PROGRAMA \u201cBOLSA ALUGUEL SOCIAL\u201d."}, {"id": "111626", "ano": "2024", "numero": "459", "tipo__sigla": "CPEXM", "tipo__descricao": "Correspond\u00eancia do Poder Executivo Municipal", "autoria": "PREFEITO MUNICIPAL", "texto_original": "http://sapl.garca.sp.leg.br/media/sapl/public/materialegislativa/2024/111626/314.pdf", "ementa": "Of\u00edcio n\u00ba 314/2024 - Requerimento n\u00ba 406 - 16\u00aa Sess\u00e3o"}, {"id": "111627", "ano": "2024", "numero": "460", "tipo__sigla": "CPEXM", "tipo__descricao": "Correspond\u00eancia do Poder Executivo Municipal", "autoria": "PREFEITO MUNICIPAL", "texto_original": "http://sapl.garca.sp.leg.br/media/sapl/public/materialegislativa/2024/111627/315.pdf", "ementa": "Of\u00edcio n\u00ba 315/2024 - Requerimento n\u00ba 408 - 16\u00aa Sess\u00e3o"}, {"id": "111628", "ano": "2024", "numero": "461", "tipo__sigla": "CPEXM", "tipo__descricao": "Correspond\u00eancia do Poder Executivo Municipal", "autoria": "PREFEITO MUNICIPAL", "texto_original": "http://sapl.garca.sp.leg.br/media/sapl/public/materialegislativa/2024/111628/317.pdf", "ementa": "Of\u00edcio n\u00ba 317/2024 - Requerimento n\u00ba 409 - 16\u00aa Sess\u00e3o"}, {"id": "111629", "ano": "2024", "numero": "462", "tipo__sigla": "CPEXM", "tipo__descricao": "Correspond\u00eancia do Poder Executivo Municipal", "autoria": "PREFEITO MUNICIPAL", "texto_original": "http://sapl.garca.sp.leg.br/media/sapl/public/materialegislativa/2024/111629/316.pdf", "ementa": "Of\u00edcio n\u00ba 316/2024 - Requerimento n\u00ba 410 - 16\u00aa Sess\u00e3o"}, {"id": "111630", "ano": "2024", "numero": "463", "tipo__sigla": "CPEXM", "tipo__descricao": "Correspond\u00eancia do Poder Executivo Municipal", "autoria": "PREFEITO MUNICIPAL", "texto_original": "http://sapl.garca.sp.leg.br/media/sapl/public/materialegislativa/2024/111630/318.pdf", "ementa": "Of\u00edcio n\u00ba 318/2024 - Requerimento n\u00ba 412 - 16\u00aa Sess\u00e3o"}, {"id": "111631", "ano": "2024", "numero": "464", "tipo__sigla": "CPEXM", "tipo__descricao": "Correspond\u00eancia do Poder Executivo Municipal", "autoria": "PREFEITO MUNICIPAL", "texto_original": "http://sapl.garca.sp.leg.br/media/sapl/public/materialegislativa/2024/111631/319.pdf", "ementa": "Of\u00edcio n\u00ba 319/2024 - Requerimento n\u00ba 413 - 16\u00aa Sess\u00e3o"}, {"id": "111632", "ano": "2024", "numero": "465", "tipo__sigla": "CPEXM", "tipo__descricao": "Correspond\u00eancia do Poder Executivo Municipal", "autoria": "PREFEITO MUNICIPAL", "texto_original": "http://sapl.garca.sp.leg.br/media/sapl/public/materialegislativa/2024/111632/333.pdf", "ementa": "Of\u00edcio n\u00ba 333/2024 - Requerimento n\u00ba 414 - 16\u00aa Sess\u00e3o"}, {"id": "111633", "ano": "2024", "numero": "466", "tipo__sigla": "CPEXM", "tipo__descricao": "Correspond\u00eancia do Poder Executivo Municipal", "autoria": "PREFEITO MUNICIPAL", "texto_original": "http://sapl.garca.sp.leg.br/media/sapl/public/materialegislativa/2024/111633/320.pdf", "ementa": "Of\u00edcio n\u00ba 320/2024 - Requerimento n\u00ba 415 - 16\u00aa Sess\u00e3o"}, {"id": "111634", "ano": "2024", "numero": "467", "tipo__sigla": "CPEXM", "tipo__descricao": "Correspond\u00eancia do Poder Executivo Municipal", "autoria": "PREFEITO MUNICIPAL", "texto_original": "http://sapl.garca.sp.leg.br/media/sapl/public/materialegislativa/2024/111634/321.pdf", "ementa": "Of\u00edcio n\u00ba 321/2024 - Requerimento n\u00ba 418 - 16\u00aa Sess\u00e3o"}, {"id": "111635", "ano": "2024", "numero": "468", "tipo__sigla": "CPEXM", "tipo__descricao": "Correspond\u00eancia do Poder Executivo Municipal", "autoria": "PREFEITO MUNICIPAL", "texto_original": "http://sapl.garca.sp.leg.br/media/sapl/public/materialegislativa/2024/111635/322.pdf", "ementa": "Of\u00edcio n\u00ba 322/2024 - Requerimento n\u00ba 419 - 16\u00aa Sess\u00e3o"}, {"id": "111636", "ano": "2024", "numero": "469", "tipo__sigla": "CPEXM", "tipo__descricao": "Correspond\u00eancia do Poder Executivo Municipal", "autoria": "PREFEITO MUNICIPAL", "texto_original": "http://sapl.garca.sp.leg.br/media/sapl/public/materialegislativa/2024/111636/323.pdf", "ementa": "Of\u00edcio n\u00ba 323/2024 - Requerimento n\u00ba 420 - 16\u00aa Sess\u00e3o"}, {"id": "111637", "ano": "2024", "numero": "470", "tipo__sigla": "CPEXM", "tipo__descricao": "Correspond\u00eancia do Poder Executivo Municipal", "autoria": "PREFEITO MUNICIPAL", "texto_original": "http://sapl.garca.sp.leg.br/media/sapl/public/materialegislativa/2024/111637/324.pdf", "ementa": "Of\u00edcio n\u00ba 324/2024 - Requerimento n\u00ba 423 - 16\u00aa Sess\u00e3o"}, {"id": "111664", "ano": "2024", "numero": "471", "tipo__sigla": "CPEXM", "tipo__descricao": "Correspond\u00eancia do Poder Executivo Municipal", "autoria": "PREFEITO MUNICIPAL", "texto_original": "http://sapl.garca.sp.leg.br/media/sapl/public/materialegislativa/2024/111664/327.pdf", "ementa": "Of\u00edcio n\u00ba 327/2024 - Requerimento n\u00ba 428 - 17\u00aa Sess\u00e3o"}, {"id": "111665", "ano": "2024", "numero": "472", "tipo__sigla": "CPEXM", "tipo__descricao": "Correspond\u00eancia do Poder Executivo Municipal", "autoria": "PREFEITO MUNICIPAL", "texto_original": "http://sapl.garca.sp.leg.br/media/sapl/public/materialegislativa/2024/111665/342.pdf", "ementa": "Of\u00edcio n\u00ba 342/2024 - Requerimento n\u00ba 429 - 17\u00aa Sess\u00e3o"}, {"id": "111666", "ano": "2024", "numero": "473", "tipo__sigla": "CPEXM", "tipo__descricao": "Correspond\u00eancia do Poder Executivo Municipal", "autoria": "PREFEITO MUNICIPAL", "texto_original": "http://sapl.garca.sp.leg.br/media/sapl/public/materialegislativa/2024/111666/330.pdf", "ementa": "Of\u00edcio n\u00ba 330/2024 - Requerimento n\u00ba 430 - 17\u00aa Sess\u00e3o"}, {"id": "111667", "ano": "2024", "numero": "474", "tipo__sigla": "CPEXM", "tipo__descricao": "Correspond\u00eancia do Poder Executivo Municipal", "autoria": "PREFEITO MUNICIPAL", "texto_original": "http://sapl.garca.sp.leg.br/media/sapl/public/materialegislativa/2024/111667/331.pdf", "ementa": "Of\u00edcio n\u00ba 331/2024 - Requerimento n\u00ba 431 - 17\u00aa Sess\u00e3o"}, {"id": "111668", "ano": "2024", "numero": "475", "tipo__sigla": "CPEXM", "tipo__descricao": "Correspond\u00eancia do Poder Executivo Municipal", "autoria": "PREFEITO MUNICIPAL", "texto_original": "http://sapl.garca.sp.leg.br/media/sapl/public/materialegislativa/2024/111668/328.pdf", "ementa": "Of\u00edcio n\u00ba 328/2024 - Requerimento n\u00ba 434 - 17\u00aa Sess\u00e3o"}, {"id": "111669", "ano": "2024", "numero": "476", "tipo__sigla": "CPEXM", "tipo__descricao": "Correspond\u00eancia do Poder Executivo Municipal", "autoria": "PREFEITO MUNICIPAL", "texto_original": "http://sapl.garca.sp.leg.br/media/sapl/public/materialegislativa/2024/111669/334.pdf", "ementa": "Of\u00edcio n\u00ba 334/2024 - Requerimento n\u00ba 435 - 17\u00aa Sess\u00e3o"}, {"id": "111670", "ano": "2024", "numero": "477", "tipo__sigla": "CPEXM", "tipo__descricao": "Correspond\u00eancia do Poder Executivo Municipal", "autoria": "PREFEITO MUNICIPAL", "texto_original": "http://sapl.garca.sp.leg.br/media/sapl/public/materialegislativa/2024/111670/350.pdf", "ementa": "Of\u00edcio n\u00ba 350/2024 - Requerimento n\u00ba 436 - 17\u00aa Sess\u00e3o"}, {"id": "111671", "ano": "2024", "numero": "478", "tipo__sigla": "CPEXM", "tipo__descricao": "Correspond\u00eancia do Poder Executivo Municipal", "autoria": "PREFEITO MUNICIPAL", "texto_original": "http://sapl.garca.sp.leg.br/media/sapl/public/materialegislativa/2024/111671/351.pdf", "ementa": "Of\u00edcio n\u00ba 351/2024 - Requerimento n\u00ba 437 - 17\u00aa Sess\u00e3o"}, {"id": "111672", "ano": "2024", "numero": "479", "tipo__sigla": "CPEXM", "tipo__descricao": "Correspond\u00eancia do Poder Executivo Municipal", "autoria": "PREFEITO MUNICIPAL", "texto_original": "http://sapl.garca.sp.leg.br/media/sapl/public/materialegislativa/2024/111672/332.pdf", "ementa": "Of\u00edcio n\u00ba 332/2024 - Requerimento n\u00ba 438 - 17\u00aa Sess\u00e3o"}, {"id": "111673", "ano": "2024", "numero": "480", "tipo__sigla": "CPEXM", "tipo__descricao": "Correspond\u00eancia do Poder Executivo Municipal", "autoria": "PREFEITO MUNICIPAL", "texto_original": "http://sapl.garca.sp.leg.br/media/sapl/public/materialegislativa/2024/111673/335.pdf", "ementa": "Of\u00edcio n\u00ba 335/2024 - Requerimento n\u00ba 439 - 17\u00aa Sess\u00e3o"}, {"id": "111674", "ano": "2024", "numero": "481", "tipo__sigla": "CPEXM", "tipo__descricao": "Correspond\u00eancia do Poder Executivo Municipal", "autoria": "PREFEITO MUNICIPAL", "texto_original": "http://sapl.garca.sp.leg.br/media/sapl/public/materialegislativa/2024/111674/339.pdf", "ementa": "Of\u00edcio n\u00ba 339/2024 - Requerimento n\u00ba 440 - 17\u00aa Sess\u00e3o"}, {"id": "111675", "ano": "2024", "numero": "482", "tipo__sigla": "CPEXM", "tipo__descricao": "Correspond\u00eancia do Poder Executivo Municipal", "autoria": "PREFEITO MUNICIPAL", "texto_original": "http://sapl.garca.sp.leg.br/media/sapl/public/materialegislativa/2024/111675/336.pdf", "ementa": "Of\u00edcio n\u00ba 336/2024 - Requerimento n\u00ba 441 - 17\u00aa Sess\u00e3o"}, {"id": "111676", "ano": "2024", "numero": "483", "tipo__sigla": "CPEXM", "tipo__descricao": "Correspond\u00eancia do Poder Executivo Municipal", "autoria": "PREFEITO MUNICIPAL", "texto_original": "http://sapl.garca.sp.leg.br/media/sapl/public/materialegislativa/2024/111676/352.pdf", "ementa": "Of\u00edcio n\u00ba 352/2024 - Requerimento n\u00ba 442 - 17\u00aa Sess\u00e3o"}, {"id": "111677", "ano": "2024", "numero": "484", "tipo__sigla": "CPEXM", "tipo__descricao": "Correspond\u00eancia do Poder Executivo Municipal", "autoria": "PREFEITO MUNICIPAL", "texto_original": "http://sapl.garca.sp.leg.br/media/sapl/public/materialegislativa/2024/111677/340.pdf", "ementa": "Of\u00edcio n\u00ba 340/2024 - Requerimento n\u00ba 443 - 17\u00aa Sess\u00e3o"}, {"id": "111678", "ano": "2024", "numero": "485", "tipo__sigla": "CPEXM", "tipo__descricao": "Correspond\u00eancia do Poder Executivo Municipal", "autoria": "PREFEITO MUNICIPAL", "texto_original": "http://sapl.garca.sp.leg.br/media/sapl/public/materialegislativa/2024/111678/329.pdf", "ementa": "Of\u00edcio n\u00ba 329/2024 - Requerimento n\u00ba 444 - 17\u00aa Sess\u00e3o"}, {"id": "111679", "ano": "2024", "numero": "486", "tipo__sigla": "CPEXM", "tipo__descricao": "Correspond\u00eancia do Poder Executivo Municipal", "autoria": "PREFEITO MUNICIPAL", "texto_original": "http://sapl.garca.sp.leg.br/media/sapl/public/materialegislativa/2024/111679/341.pdf", "ementa": "Of\u00edcio n\u00ba 341/2024 - Requerimento n\u00ba 446 - 17\u00aa Sess\u00e3o"}, {"id": "111680", "ano": "2024", "numero": "487", "tipo__sigla": "CPEXM", "tipo__descricao": "Correspond\u00eancia do Poder Executivo Municipal", "autoria": "PREFEITO MUNICIPAL", "texto_original": "http://sapl.garca.sp.leg.br/media/sapl/public/materialegislativa/2024/111680/337.pdf", "ementa": "Of\u00edcio n\u00ba 337/2024 - Requerimento n\u00ba 447 - 17\u00aa Sess\u00e3o"}, {"id": "111681", "ano": "2024", "numero": "488", "tipo__sigla": "CPEXM", "tipo__descricao": "Correspond\u00eancia do Poder Executivo Municipal", "autoria": "PREFEITO MUNICIPAL", "texto_original": "http://sapl.garca.sp.leg.br/media/sapl/public/materialegislativa/2024/111681/343.pdf", "ementa": "Of\u00edcio n\u00ba 343/2024 - Requerimento n\u00ba 450 - 17\u00aa Sess\u00e3o"}, {"id": "111682", "ano": "2024", "numero": "489", "tipo__sigla": "CPEXM", "tipo__descricao": "Correspond\u00eancia do Poder Executivo Municipal", "autoria": "PREFEITO MUNICIPAL", "texto_original": "http://sapl.garca.sp.leg.br/media/sapl/public/materialegislativa/2024/111682/338.pdf", "ementa": "Of\u00edcio n\u00ba 338/2024 - Requerimento n\u00ba 451 - 17\u00aa Sess\u00e3o"}, {"id": "111689", "ano": "2024", "numero": "490", "tipo__sigla": "CPEXM", "tipo__descricao": "Correspond\u00eancia do Poder Executivo Municipal", "autoria": "PREFEITO MUNICIPAL", "texto_original": "http://sapl.garca.sp.leg.br/media/sapl/public/materialegislativa/2024/111689/112_anexos.pdf", "ementa": "ANEXO PROJETO DE LEI N\u00ba 126/2024 - DISP\u00d5E SOBRE A CONCESS\u00c3O DE DIREITO REAL DE USO PARCIAL DE IM\u00d3VEL \u00c0 ORGANIZA\u00c7\u00c3O DA SOCIEDADE CIVIL"}, {"id": "111691", "ano": "2024", "numero": "491", "tipo__sigla": "CPEXM", "tipo__descricao": "Correspond\u00eancia do Poder Executivo Municipal", "autoria": "PREFEITO MUNICIPAL", "texto_original": "http://sapl.garca.sp.leg.br/media/sapl/public/materialegislativa/2024/111691/353.pdf", "ementa": "Of\u00edcio n\u00ba 353/2024 - Requerimento n\u00ba 452 - 18\u00aa Sess\u00e3o"}, {"id": "111692", "ano": "2024", "numero": "492", "tipo__sigla": "CPEXM", "tipo__descricao": "Correspond\u00eancia do Poder Executivo Municipal", "autoria": "PREFEITO MUNICIPAL", "texto_original": "http://sapl.garca.sp.leg.br/media/sapl/public/materialegislativa/2024/111692/355.pdf", "ementa": "Of\u00edcio n\u00ba 355/2024 - Requerimento n\u00ba 453 - 18\u00aa Sess\u00e3o"}, {"id": "111693", "ano": "2024", "numero": "493", "tipo__sigla": "CPEXM", "tipo__descricao": "Correspond\u00eancia do Poder Executivo Municipal", "autoria": "PREFEITO MUNICIPAL", "texto_original": "http://sapl.garca.sp.leg.br/media/sapl/public/materialegislativa/2024/111693/357.pdf", "ementa": "Of\u00edcio n\u00ba 357/2024 - Requerimento n\u00ba 455 - 18\u00aa Sess\u00e3o"}, {"id": "111694", "ano": "2024", "numero": "494", "tipo__sigla": "CPEXM", "tipo__descricao": "Correspond\u00eancia do Poder Executivo Municipal", "autoria": "PREFEITO MUNICIPAL", "texto_original": "http://sapl.garca.sp.leg.br/media/sapl/public/materialegislativa/2024/111694/resr_2024-0456.pdf", "ementa": "Of\u00edcio n\u00ba 361/2024 - Requerimento n\u00ba 456 - 18\u00aa Sess\u00e3o"}, {"id": "111695", "ano": "2024", "numero": "495", "tipo__sigla": "CPEXM", "tipo__descricao": "Correspond\u00eancia do Poder Executivo Municipal", "autoria": "PREFEITO MUNICIPAL", "texto_original": "http://sapl.garca.sp.leg.br/media/sapl/public/materialegislativa/2024/111695/358.pdf", "ementa": "Of\u00edcio n\u00ba 358/2024 - Requerimento n\u00ba 457 - 18\u00aa Sess\u00e3o"}, {"id": "111696", "ano": "2024", "numero": "496", "tipo__sigla": "CPEXM", "tipo__descricao": "Correspond\u00eancia do Poder Executivo Municipal", "autoria": "PREFEITO MUNICIPAL", "texto_original": "http://sapl.garca.sp.leg.br/media/sapl/public/materialegislativa/2024/111696/362.pdf", "ementa": "Of\u00edcio n\u00ba 362/2024 - Requerimento n\u00ba 457 - 18\u00aa Sess\u00e3o"}, {"id": "111697", "ano": "2024", "numero": "497", "tipo__sigla": "CPEXM", "tipo__descricao": "Correspond\u00eancia do Poder Executivo Municipal", "autoria": "PREFEITO MUNICIPAL", "texto_original": "http://sapl.garca.sp.leg.br/media/sapl/public/materialegislativa/2024/111697/354.pdf", "ementa": "Of\u00edcio n\u00ba 354/2024 - Requerimento n\u00ba 458 - 18\u00aa Sess\u00e3o"}, {"id": "111698", "ano": "2024", "numero": "498", "tipo__sigla": "CPEXM", "tipo__descricao": "Correspond\u00eancia do Poder Executivo Municipal", "autoria": "PREFEITO MUNICIPAL", "texto_original": "http://sapl.garca.sp.leg.br/media/sapl/public/materialegislativa/2024/111698/359.pdf", "ementa": "Of\u00edcio n\u00ba 359/2024 - Requerimento n\u00ba 460 - 18\u00aa Sess\u00e3o"}, {"id": "111699", "ano": "2024", "numero": "499", "tipo__sigla": "CPEXM", "tipo__descricao": "Correspond\u00eancia do Poder Executivo Municipal", "autoria": "PREFEITO MUNICIPAL", "texto_original": "http://sapl.garca.sp.leg.br/media/sapl/public/materialegislativa/2024/111699/356.pdf", "ementa": "Of\u00edcio n\u00ba 356/2024 - Requerimento n\u00ba 465 - 18\u00aa Sess\u00e3o"}, {"id": "111700", "ano": "2024", "numero": "500", "tipo__sigla": "CPEXM", "tipo__descricao": "Correspond\u00eancia do Poder Executivo Municipal", "autoria": "PREFEITO MUNICIPAL", "texto_original": "http://sapl.garca.sp.leg.br/media/sapl/public/materialegislativa/2024/111700/360.pdf", "ementa": "Of\u00edcio n\u00ba 360/2024 - Requerimento n\u00ba 466 - 18\u00aa Sess\u00e3o"}, {"id": "111702", "ano": "2024", "numero": "501", "tipo__sigla": "CPEXM", "tipo__descricao": "Correspond\u00eancia do Poder Executivo Municipal", "autoria": "PREFEITO MUNICIPAL", "texto_original": "http://sapl.garca.sp.leg.br/media/sapl/public/materialegislativa/2024/111702/114_anexos.pdf", "ementa": "ANEXOS PROJETO DE LEI - DESAFETA E AUTORIZA O MUNIC\u00cdPIO A ALIENAR IM\u00d3VEL P\u00daBLICO QUE ESPECIFICA, POR MEIO DE LICITA\u00c7\u00c3O NA MODALIDADE LEIL\u00c3O, E D\u00c1 OUTRAS PROVID\u00caNCIAS."}, {"id": "111704", "ano": "2024", "numero": "502", "tipo__sigla": "CPEXM", "tipo__descricao": "Correspond\u00eancia do Poder Executivo Municipal", "autoria": "PREFEITO MUNICIPAL", "texto_original": "http://sapl.garca.sp.leg.br/media/sapl/public/materialegislativa/2024/111704/115_anexos.pdf", "ementa": "ANEXOS PROJETO DE LEI - ALTERA A LEI MUNICIPAL N\u00ba 1.656/1977, QUE AUTORIZA O MUNIC\u00cdPIO A ALIENAR TERRENOS LOCALIZADOS NA FAIXA DE INTEGRA\u00c7\u00c3O, MEDIANTE CONCORR\u00caNCIA P\u00daBLICA."}, {"id": "111705", "ano": "2024", "numero": "503", "tipo__sigla": "CPEXM", "tipo__descricao": "Correspond\u00eancia do Poder Executivo Municipal", "autoria": "PREFEITO MUNICIPAL", "texto_original": "http://sapl.garca.sp.leg.br/media/sapl/public/materialegislativa/2024/111705/363.pdf", "ementa": "Of\u00edcio n\u00ba 363/2024 - Requerimento n\u00ba 468 - 19\u00aa Sess\u00e3o"}, {"id": "111706", "ano": "2024", "numero": "504", "tipo__sigla": "CPEXM", "tipo__descricao": "Correspond\u00eancia do Poder Executivo Municipal", "autoria": "PREFEITO MUNICIPAL", "texto_original": "http://sapl.garca.sp.leg.br/media/sapl/public/materialegislativa/2024/111706/364.pdf", "ementa": "Of\u00edcio n\u00ba 364/2024 - Requerimento n\u00ba 469 - 19\u00aa Sess\u00e3o"}, {"id": "111707", "ano": "2024", "numero": "505", "tipo__sigla": "CPEXM", "tipo__descricao": "Correspond\u00eancia do Poder Executivo Municipal", "autoria": "PREFEITO MUNICIPAL", "texto_original": "http://sapl.garca.sp.leg.br/media/sapl/public/materialegislativa/2024/111707/365.pdf", "ementa": "Of\u00edcio n\u00ba 365/2024 - Requerimento n\u00ba 470 - 19\u00aa Sess\u00e3o"}, {"id": "111708", "ano": "2024", "numero": "506", "tipo__sigla": "CPEXM", "tipo__descricao": "Correspond\u00eancia do Poder Executivo Municipal", "autoria": "PREFEITO MUNICIPAL", "texto_original": "http://sapl.garca.sp.leg.br/media/sapl/public/materialegislativa/2024/111708/366.pdf", "ementa": "Of\u00edcio n\u00ba 366/2024 - Requerimento n\u00ba 471 - 19\u00aa Sess\u00e3o"}, {"id": "111709", "ano": "2024", "numero": "507", "tipo__sigla": "CPEXM", "tipo__descricao": "Correspond\u00eancia do Poder Executivo Municipal", "autoria": "PREFEITO MUNICIPAL", "texto_original": "http://sapl.garca.sp.leg.br/media/sapl/public/materialegislativa/2024/111709/373.pdf", "ementa": "Of\u00edcio n\u00ba 373/2024 - Requerimento n\u00ba 473 - 20\u00aa Sess\u00e3o"}, {"id": "111710", "ano": "2024", "numero": "508", "tipo__sigla": "CPEXM", "tipo__descricao": "Correspond\u00eancia do Poder Executivo Municipal", "autoria": "PREFEITO MUNICIPAL", "texto_original": "http://sapl.garca.sp.leg.br/media/sapl/public/materialegislativa/2024/111710/374.pdf", "ementa": "Of\u00edcio n\u00ba 374/2024 - Requerimento n\u00ba 477 - 20\u00aa Sess\u00e3o"}, {"id": "111711", "ano": "2024", "numero": "509", "tipo__sigla": "CPEXM", "tipo__descricao": "Correspond\u00eancia do Poder Executivo Municipal", "autoria": "PREFEITO MUNICIPAL", "texto_original": "http://sapl.garca.sp.leg.br/media/sapl/public/materialegislativa/2024/111711/375.pdf", "ementa": "Of\u00edcio n\u00ba 375/2024 - Requerimento n\u00ba 479 - 20\u00aa Sess\u00e3o"}, {"id": "111712", "ano": "2024", "numero": "510", "tipo__sigla": "CPEXM", "tipo__descricao": "Correspond\u00eancia do Poder Executivo Municipal", "autoria": "PREFEITO MUNICIPAL", "texto_original": "http://sapl.garca.sp.leg.br/media/sapl/public/materialegislativa/2024/111712/376.pdf", "ementa": "Of\u00edcio n\u00ba 376/2024 - Requerimento n\u00ba 480 - 20\u00aa Sess\u00e3o"}, {"id": "111713", "ano": "2024", "numero": "511", "tipo__sigla": "CPEXM", "tipo__descricao": "Correspond\u00eancia do Poder Executivo Municipal", "autoria": "PREFEITO MUNICIPAL", "texto_original": "http://sapl.garca.sp.leg.br/media/sapl/public/materialegislativa/2024/111713/377.pdf", "ementa": "Of\u00edcio n\u00ba 377/2024 - Requerimento n\u00ba 482 - 20\u00aa Sess\u00e3o"}, {"id": "111714", "ano": "2024", "numero": "512", "tipo__sigla": "CPEXM", "tipo__descricao": "Correspond\u00eancia do Poder Executivo Municipal", "autoria": "PREFEITO MUNICIPAL", "texto_original": "http://sapl.garca.sp.leg.br/media/sapl/public/materialegislativa/2024/111714/378.pdf", "ementa": "Of\u00edcio n\u00ba 378/2024 - Requerimento n\u00ba 484 - 20\u00aa Sess\u00e3o"}, {"id": "111715", "ano": "2024", "numero": "513", "tipo__sigla": "CPEXM", "tipo__descricao": "Correspond\u00eancia do Poder Executivo Municipal", "autoria": "PREFEITO MUNICIPAL", "texto_original": "http://sapl.garca.sp.leg.br/media/sapl/public/materialegislativa/2024/111715/379.pdf", "ementa": "Of\u00edcio n\u00ba 379/2024 - Requerimento n\u00ba 486 - 21\u00aa Sess\u00e3o"}, {"id": "111716", "ano": "2024", "numero": "514", "tipo__sigla": "CPEXM", "tipo__descricao": "Correspond\u00eancia do Poder Executivo Municipal", "autoria": "PREFEITO MUNICIPAL", "texto_original": "http://sapl.garca.sp.leg.br/media/sapl/public/materialegislativa/2024/111716/380.pdf", "ementa": "Of\u00edcio n\u00ba 380/2024 - Requerimento n\u00ba 487 - 21\u00aa Sess\u00e3o"}, {"id": "111717", "ano": "2024", "numero": "515", "tipo__sigla": "CPEXM", "tipo__descricao": "Correspond\u00eancia do Poder Executivo Municipal", "autoria": "PREFEITO MUNICIPAL", "texto_original": "http://sapl.garca.sp.leg.br/media/sapl/public/materialegislativa/2024/111717/381.pdf", "ementa": "Of\u00edcio n\u00ba 381/2024 - Requerimento n\u00ba 488 - 21\u00aa Sess\u00e3o"}, {"id": "111718", "ano": "2024", "numero": "516", "tipo__sigla": "CPEXM", "tipo__descricao": "Correspond\u00eancia do Poder Executivo Municipal", "autoria": "PREFEITO MUNICIPAL", "texto_original": "http://sapl.garca.sp.leg.br/media/sapl/public/materialegislativa/2024/111718/382.pdf", "ementa": "Of\u00edcio n\u00ba 382/2024 - Requerimento n\u00ba 489 - 21\u00aa Sess\u00e3o"}, {"id": "111719", "ano": "2024", "numero": "517", "tipo__sigla": "CPEXM", "tipo__descricao": "Correspond\u00eancia do Poder Executivo Municipal", "autoria": "PREFEITO MUNICIPAL", "texto_original": "http://sapl.garca.sp.leg.br/media/sapl/public/materialegislativa/2024/111719/383.pdf", "ementa": "Of\u00edcio n\u00ba 383/2024 - Requerimento n\u00ba 490 - 21\u00aa Sess\u00e3o"}, {"id": "111720", "ano": "2024", "numero": "518", "tipo__sigla": "CPEXM", "tipo__descricao": "Correspond\u00eancia do Poder Executivo Municipal", "autoria": "PREFEITO MUNICIPAL", "texto_original": "http://sapl.garca.sp.leg.br/media/sapl/public/materialegislativa/2024/111720/384.pdf", "ementa": "Of\u00edcio n\u00ba 384/2024 - Requerimento n\u00ba 491 - 21\u00aa Sess\u00e3o"}, {"id": "111721", "ano": "2024", "numero": "519", "tipo__sigla": "CPEXM", "tipo__descricao": "Correspond\u00eancia do Poder Executivo Municipal", "autoria": "PREFEITO MUNICIPAL", "texto_original": "http://sapl.garca.sp.leg.br/media/sapl/public/materialegislativa/2024/111721/385.pdf", "ementa": "Of\u00edcio n\u00ba 385/2024 - Requerimento n\u00ba 492 - 21\u00aa Sess\u00e3o"}, {"id": "111722", "ano": "2024", "numero": "520", "tipo__sigla": "CPEXM", "tipo__descricao": "Correspond\u00eancia do Poder Executivo Municipal", "autoria": "PREFEITO MUNICIPAL", "texto_original": "http://sapl.garca.sp.leg.br/media/sapl/public/materialegislativa/2024/111722/386.pdf", "ementa": "Of\u00edcio n\u00ba 386/2024 - Requerimento n\u00ba 494 - 21\u00aa Sess\u00e3o"}, {"id": "111723", "ano": "2024", "numero": "521", "tipo__sigla": "CPEXM", "tipo__descricao": "Correspond\u00eancia do Poder Executivo Municipal", "autoria": "PREFEITO MUNICIPAL", "texto_original": "http://sapl.garca.sp.leg.br/media/sapl/public/materialegislativa/2024/111723/387.pdf", "ementa": "Of\u00edcio n\u00ba 387/2024 - Requerimento n\u00ba 499 - 21\u00aa Sess\u00e3o"}, {"id": "111724", "ano": "2024", "numero": "522", "tipo__sigla": "CPEXM", "tipo__descricao": "Correspond\u00eancia do Poder Executivo Municipal", "autoria": "PREFEITO MUNICIPAL", "texto_original": "http://sapl.garca.sp.leg.br/media/sapl/public/materialegislativa/2024/111724/388.pdf", "ementa": "Of\u00edcio n\u00ba 388/2024 - Requerimento n\u00ba 500 - 21\u00aa Sess\u00e3o"}, {"id": "111725", "ano": "2024", "numero": "523", "tipo__sigla": "CPEXM", "tipo__descricao": "Correspond\u00eancia do Poder Executivo Municipal", "autoria": "PREFEITO MUNICIPAL", "texto_original": "http://sapl.garca.sp.leg.br/media/sapl/public/materialegislativa/2024/111725/115_anexo_4_matriculas.pdf", "ementa": "ANEXO PROJETO DE LEI n\u00ba 029/24 - ALTERA A LEI MUNICIPAL N\u00ba 1.656/1977, QUE AUTORIZA O MUNIC\u00cdPIO A ALIENAR TERRENOS LOCALIZADOS NA FAIXA DE INTEGRA\u00c7\u00c3O, MEDIANTE CONCORR\u00caNCIA P\u00daBLICA."}, {"id": "111726", "ano": "2024", "numero": "524", "tipo__sigla": "CPEXM", "tipo__descricao": "Correspond\u00eancia do Poder Executivo Municipal", "autoria": "PREFEITO MUNICIPAL", "texto_original": "http://sapl.garca.sp.leg.br/media/sapl/public/materialegislativa/2024/111726/matricula_terreno_labieno.pdf", "ementa": "ANEXO PROJETO DE LEI n\u00ba 029/24 - ALTERA A LEI MUNICIPAL N\u00ba 1.656/1977, QUE AUTORIZA O MUNIC\u00cdPIO A ALIENAR TERRENOS LOCALIZADOS NA FAIXA DE INTEGRA\u00c7\u00c3O, MEDIANTE CONCORR\u00caNCIA P\u00daBLICA."}, {"id": "111727", "ano": "2024", "numero": "525", "tipo__sigla": "CPEXM", "tipo__descricao": "Correspond\u00eancia do Poder Executivo Municipal", "autoria": "PREFEITO MUNICIPAL", "texto_original": "http://sapl.garca.sp.leg.br/media/sapl/public/materialegislativa/2024/111727/matricula_6863_atualizada.pdf", "ementa": "ANEXO PROJETO DE LEI n\u00ba 029/24 - ALTERA A LEI MUNICIPAL N\u00ba 1.656/1977, QUE AUTORIZA O MUNIC\u00cdPIO A ALIENAR TERRENOS LOCALIZADOS NA FAIXA DE INTEGRA\u00c7\u00c3O, MEDIANTE CONCORR\u00caNCIA P\u00daBLICA."}, {"id": "111757", "ano": "2024", "numero": "526", "tipo__sigla": "CPEXM", "tipo__descricao": "Correspond\u00eancia do Poder Executivo Municipal", "autoria": "PREFEITO MUNICIPAL", "texto_original": "http://sapl.garca.sp.leg.br/media/sapl/public/materialegislativa/2024/111757/117_anexos.pdf", "ementa": "ANEXOS PROJETO DE LEI - ALTERA O ANEXO III DA LEI N\u00ba 5.435/2021 (PPA) E ALTERA O ANEXO IIA DA LEI N\u00ba 5.560/2023 (LDO), AUTORIZANDO A ABERTURA DE CR\u00c9DITO ESPECIAL, NO IMPORTE DE R$ 2.800.000,00 (DOIS MILH\u00d5ES E OITOCENTOS MIL REAIS), OBJETIVANDO UTILIZAR OS RECURSOS DAS EMENDAS N\u00ba(S) 30880013 \u2013 DEPUTADO FEDERAL EDUARDO BOLSONARO (PORTARIA N\u00ba 3604 DE 22/04/2024); 5041002 \u2013 COMISS\u00c3O DA SA\u00daDE (PORTARIA N\u00ba 4422 DE 18/06/2024) E 5041002 \u2013 COMISS\u00c3O DA SA\u00daDE (PORTARIA N\u00ba 4683 DE 02/07/2024)."}, {"id": "111765", "ano": "2024", "numero": "527", "tipo__sigla": "CPEXM", "tipo__descricao": "Correspond\u00eancia do Poder Executivo Municipal", "autoria": "PREFEITO MUNICIPAL", "texto_original": "http://sapl.garca.sp.leg.br/media/sapl/public/materialegislativa/2024/111765/119_anexos.pdf", "ementa": "ANEXO PROJETO DE LEI - DESAFETA E AUTORIZA O MUNIC\u00cdPIO A ALIENAR IM\u00d3VEL P\u00daBLICO QUE ESPECIFICA, POR MEIO DE LICITA\u00c7\u00c3O NA MODALIDADE LEIL\u00c3O, E D\u00c1 OUTRAS PROVID\u00caNCIAS - MATR\u00cdCULA N\u00ba 20.340"}, {"id": "111776", "ano": "2024", "numero": "528", "tipo__sigla": "CPEXM", "tipo__descricao": "Correspond\u00eancia do Poder Executivo Municipal", "autoria": "PREFEITO MUNICIPAL", "texto_original": "http://sapl.garca.sp.leg.br/media/sapl/public/materialegislativa/2024/111776/118_anexo.pdf", "ementa": "ANEXO PROJETO DE LEI N\u00ba 135/2024 - ALTERA O ANEXO III DA LEI N\u00ba 5.435/2021 (PPA) E ALTERA O ANEXO IIA DA LEI N\u00ba 5.560/2023 (LDO), AUTORIZANDO A ABERTURA DE CR\u00c9DITO ESPECIAL NO IMPORTE DE R$ 100.000,00 (CEM MIL REAIS), OBJETIVANDO A UTILIZA\u00c7\u00c3O DE RECURSOS PROVENIENTES DE CONV\u00caNIO N\u00b0 567/2024 - PROCESSO N\u00ba SEDUC-PRC-2023-00608-DM, CELEBRADO COM O GOVERNO ESTADUAL, CONFORME EMENDA PARLAMENTAR N\u00b0 2023.009.449448 DA DEPUTADA ESTADUAL ANALICE FERNANDES."}, {"id": "111777", "ano": "2024", "numero": "529", "tipo__sigla": "CPEXM", "tipo__descricao": "Correspond\u00eancia do Poder Executivo Municipal", "autoria": "PREFEITO MUNICIPAL", "texto_original": "http://sapl.garca.sp.leg.br/media/sapl/public/materialegislativa/2024/111777/118_anexos.pdf", "ementa": "ANEXO PROJETO DE LEI N\u00ba 135/2024 - ALTERA O ANEXO III DA LEI N\u00ba 5.435/2021 (PPA) E ALTERA O ANEXO IIA DA LEI N\u00ba 5.560/2023 (LDO), AUTORIZANDO A ABERTURA DE CR\u00c9DITO ESPECIAL NO IMPORTE DE R$ 100.000,00 (CEM MIL REAIS), OBJETIVANDO A UTILIZA\u00c7\u00c3O DE RECURSOS PROVENIENTES DE CONV\u00caNIO N\u00b0 567/2024 - PROCESSO N\u00ba SEDUC-PRC-2023-00608-DM, CELEBRADO COM O GOVERNO ESTADUAL, CONFORME EMENDA PARLAMENTAR N\u00b0 2023.009.449448 DA DEPUTADA ESTADUAL ANALICE FERNANDES."}, {"id": "111788", "ano": "2024", "numero": "530", "tipo__sigla": "CPEXM", "tipo__descricao": "Correspond\u00eancia do Poder Executivo Municipal", "autoria": "PREFEITO MUNICIPAL", "texto_original": "http://sapl.garca.sp.leg.br/media/sapl/public/materialegislativa/2024/111788/122_anexos.pdf", "ementa": "ANEXO PROJETO DE LEI - DESAFETA E AUTORIZA O MUNIC\u00cdPIO A ALIENAR IM\u00d3VEL P\u00daBLICO QUE ESPECIFICA, POR MEIO DE LICITA\u00c7\u00c3O NA MODALIDADE LEIL\u00c3O, E D\u00c1 OUTRAS PROVID\u00caNCIAS - MATR\u00cdCULA N\u00ba 2.491."}, {"id": "111790", "ano": "2024", "numero": "531", "tipo__sigla": "CPEXM", "tipo__descricao": "Correspond\u00eancia do Poder Executivo Municipal", "autoria": "PREFEITO MUNICIPAL", "texto_original": "http://sapl.garca.sp.leg.br/media/sapl/public/materialegislativa/2024/111790/123_anexo.pdf", "ementa": "ANEXO PROJETO DE LEI - ALTERA O ANEXO III DA LEI N\u00ba 5.435/2021 (PPA) E ALTERA O ANEXO IIA DA LEI N\u00ba 5.560/2023 (LDO), AUTORIZANDO A ABERTURA DE CR\u00c9DITO ESPECIAL, NO IMPORTE DE R$ 364.305,55 (TREZENTOS E SESSENTA E QUATRO MIL, TREZENTOS E CINCO REAIS E CINQUENTA E CINCO CENTAVOS), OBJETIVANDO A UTILIZA\u00c7\u00c3O DOS RECURSOS PROVENIENTES DE EMENDAS PARLAMENTARES DE AUTORIA DOS VEREADORES  RAFAEL FRABETTI E ADHEMAR KEMP MARCONDES DE MOURA FILHO E ABERTURA DE DOTA\u00c7\u00c3O COM CATEGORIA ESPEC\u00cdFICA  PARA CONTABILIZA\u00c7\u00c3O DE CONTRAPARTIDA REFERENTE A CONSTRU\u00c7\u00c3O DA UNIDADE DE SA\u00daDE JO\u00c3O ZAPATA/MONTE VERDE."}, {"id": "111818", "ano": "2024", "numero": "532", "tipo__sigla": "CPEXM", "tipo__descricao": "Correspond\u00eancia do Poder Executivo Municipal", "autoria": "PREFEITO MUNICIPAL", "texto_original": "http://sapl.garca.sp.leg.br/media/sapl/public/materialegislativa/2024/111818/126_anexos.pdf", "ementa": "ANEXOS PROJETO DE LEI - ALTERA A NATUREZA DE UTILIZA\u00c7\u00c3O DO LOTE 01, QUADRA B, LOCALIZADO NO JARDIM MORUMBI."}, {"id": "111819", "ano": "2024", "numero": "533", "tipo__sigla": "CPEXM", "tipo__descricao": "Correspond\u00eancia do Poder Executivo Municipal", "autoria": "PREFEITO MUNICIPAL", "texto_original": "http://sapl.garca.sp.leg.br/media/sapl/public/materialegislativa/2024/111819/390.pdf", "ementa": "Of\u00edcio n\u00ba 390/2024 - Requerimento n\u00ba 505 - 22\u00aa Sess\u00e3o"}, {"id": "111820", "ano": "2024", "numero": "534", "tipo__sigla": "CPEXM", "tipo__descricao": "Correspond\u00eancia do Poder Executivo Municipal", "autoria": "PREFEITO MUNICIPAL", "texto_original": "http://sapl.garca.sp.leg.br/media/sapl/public/materialegislativa/2024/111820/393.pdf", "ementa": "Of\u00edcio n\u00ba 393/2024 - Requerimento n\u00ba 506 - 22\u00aa Sess\u00e3o"}, {"id": "111821", "ano": "2024", "numero": "535", "tipo__sigla": "CPEXM", "tipo__descricao": "Correspond\u00eancia do Poder Executivo Municipal", "autoria": "PREFEITO MUNICIPAL", "texto_original": "http://sapl.garca.sp.leg.br/media/sapl/public/materialegislativa/2024/111821/391.pdf", "ementa": "Of\u00edcio n\u00ba 391/2024 - Requerimento n\u00ba 507 - 22\u00aa Sess\u00e3o"}, {"id": "111822", "ano": "2024", "numero": "536", "tipo__sigla": "CPEXM", "tipo__descricao": "Correspond\u00eancia do Poder Executivo Municipal", "autoria": "PREFEITO MUNICIPAL", "texto_original": "http://sapl.garca.sp.leg.br/media/sapl/public/materialegislativa/2024/111822/394.pdf", "ementa": "Of\u00edcio n\u00ba 394/2024 - Requerimento n\u00ba 508 - 22\u00aa Sess\u00e3o"}, {"id": "111823", "ano": "2024", "numero": "537", "tipo__sigla": "CPEXM", "tipo__descricao": "Correspond\u00eancia do Poder Executivo Municipal", "autoria": "PREFEITO MUNICIPAL", "texto_original": "http://sapl.garca.sp.leg.br/media/sapl/public/materialegislativa/2024/111823/395.pdf", "ementa": "Of\u00edcio n\u00ba 395/2024 - Requerimento n\u00ba 510 - 22\u00aa Sess\u00e3o"}, {"id": "111824", "ano": "2024", "numero": "538", "tipo__sigla": "CPEXM", "tipo__descricao": "Correspond\u00eancia do Poder Executivo Municipal", "autoria": "PREFEITO MUNICIPAL", "texto_original": "http://sapl.garca.sp.leg.br/media/sapl/public/materialegislativa/2024/111824/392.pdf", "ementa": "Of\u00edcio n\u00ba 392/2024 - Requerimento n\u00ba 514 - 22\u00aa Sess\u00e3o"}, {"id": "111825", "ano": "2024", "numero": "539", "tipo__sigla": "CPEXM", "tipo__descricao": "Correspond\u00eancia do Poder Executivo Municipal", "autoria": "PREFEITO MUNICIPAL", "texto_original": "http://sapl.garca.sp.leg.br/media/sapl/public/materialegislativa/2024/111825/396.pdf", "ementa": "Of\u00edcio n\u00ba 396/2024 - Requerimento n\u00ba 515 - 22\u00aa Sess\u00e3o"}, {"id": "111826", "ano": "2024", "numero": "540", "tipo__sigla": "CPEXM", "tipo__descricao": "Correspond\u00eancia do Poder Executivo Municipal", "autoria": "PREFEITO MUNICIPAL", "texto_original": "http://sapl.garca.sp.leg.br/media/sapl/public/materialegislativa/2024/111826/397.pdf", "ementa": "Of\u00edcio n\u00ba 397/2024 - Requerimento n\u00ba 516 - 22\u00aa Sess\u00e3o"}, {"id": "111838", "ano": "2024", "numero": "541", "tipo__sigla": "CPEXM", "tipo__descricao": "Correspond\u00eancia do Poder Executivo Municipal", "autoria": "PREFEITO MUNICIPAL", "texto_original": "http://sapl.garca.sp.leg.br/media/sapl/public/materialegislativa/2024/111838/399.pdf", "ementa": "Of\u00edcio n\u00ba 399/2024 - Requerimento n\u00ba 520 - 23\u00aa Sess\u00e3o"}, {"id": "111839", "ano": "2024", "numero": "542", "tipo__sigla": "CPEXM", "tipo__descricao": "Correspond\u00eancia do Poder Executivo Municipal", "autoria": "PREFEITO MUNICIPAL", "texto_original": "http://sapl.garca.sp.leg.br/media/sapl/public/materialegislativa/2024/111839/400.pdf", "ementa": "Of\u00edcio n\u00ba 400/2024 - Requerimento n\u00ba 521 - 23\u00aa Sess\u00e3o"}, {"id": "111840", "ano": "2024", "numero": "543", "tipo__sigla": "CPEXM", "tipo__descricao": "Correspond\u00eancia do Poder Executivo Municipal", "autoria": "PREFEITO MUNICIPAL", "texto_original": "http://sapl.garca.sp.leg.br/media/sapl/public/materialegislativa/2024/111840/401.pdf", "ementa": "Of\u00edcio n\u00ba 401/2024 - Requerimento n\u00ba 522 - 23\u00aa Sess\u00e3o"}, {"id": "111841", "ano": "2024", "numero": "544", "tipo__sigla": "CPEXM", "tipo__descricao": "Correspond\u00eancia do Poder Executivo Municipal", "autoria": "PREFEITO MUNICIPAL", "texto_original": "http://sapl.garca.sp.leg.br/media/sapl/public/materialegislativa/2024/111841/398.pdf", "ementa": "Of\u00edcio n\u00ba 398/2024 - Requerimento n\u00ba 523 - 23\u00aa Sess\u00e3o"}, {"id": "111842", "ano": "2024", "numero": "545", "tipo__sigla": "CPEXM", "tipo__descricao": "Correspond\u00eancia do Poder Executivo Municipal", "autoria": "PREFEITO MUNICIPAL", "texto_original": "http://sapl.garca.sp.leg.br/media/sapl/public/materialegislativa/2024/111842/402.pdf", "ementa": "Of\u00edcio n\u00ba 402/2024 - Requerimento n\u00ba 524 - 23\u00aa Sess\u00e3o"}, {"id": "111843", "ano": "2024", "numero": "546", "tipo__sigla": "CPEXM", "tipo__descricao": "Correspond\u00eancia do Poder Executivo Municipal", "autoria": "PREFEITO MUNICIPAL", "texto_original": "http://sapl.garca.sp.leg.br/media/sapl/public/materialegislativa/2024/111843/405.pdf", "ementa": "Of\u00edcio n\u00ba 405/2024 - Requerimento n\u00ba 526 - 23\u00aa Sess\u00e3o"}, {"id": "111844", "ano": "2024", "numero": "547", "tipo__sigla": "CPEXM", "tipo__descricao": "Correspond\u00eancia do Poder Executivo Municipal", "autoria": "PREFEITO MUNICIPAL", "texto_original": "http://sapl.garca.sp.leg.br/media/sapl/public/materialegislativa/2024/111844/406.pdf", "ementa": "Of\u00edcio n\u00ba 406/2024 - Requerimento n\u00ba 527 - 23\u00aa Sess\u00e3o"}, {"id": "111845", "ano": "2024", "numero": "548", "tipo__sigla": "CPEXM", "tipo__descricao": "Correspond\u00eancia do Poder Executivo Municipal", "autoria": "PREFEITO MUNICIPAL", "texto_original": "http://sapl.garca.sp.leg.br/media/sapl/public/materialegislativa/2024/111845/403.pdf", "ementa": "Of\u00edcio n\u00ba 403/2024 - Requerimento n\u00ba 528 - 23\u00aa Sess\u00e3o"}, {"id": "111846", "ano": "2024", "numero": "549", "tipo__sigla": "CPEXM", "tipo__descricao": "Correspond\u00eancia do Poder Executivo Municipal", "autoria": "PREFEITO MUNICIPAL", "texto_original": "http://sapl.garca.sp.leg.br/media/sapl/public/materialegislativa/2024/111846/404.pdf", "ementa": "Of\u00edcio n\u00ba 404/2024 - Requerimento n\u00ba 529 - 23\u00aa Sess\u00e3o"}, {"id": "111847", "ano": "2024", "numero": "550", "tipo__sigla": "CPEXM", "tipo__descricao": "Correspond\u00eancia do Poder Executivo Municipal", "autoria": "PREFEITO MUNICIPAL", "texto_original": "http://sapl.garca.sp.leg.br/media/sapl/public/materialegislativa/2024/111847/410.pdf", "ementa": "Of\u00edcio n\u00ba 410/2024 - Requerimento n\u00ba 530 - 23\u00aa Sess\u00e3o"}, {"id": "111848", "ano": "2024", "numero": "551", "tipo__sigla": "CPEXM", "tipo__descricao": "Correspond\u00eancia do Poder Executivo Municipal", "autoria": "PREFEITO MUNICIPAL", "texto_original": "http://sapl.garca.sp.leg.br/media/sapl/public/materialegislativa/2024/111848/412.pdf", "ementa": "Of\u00edcio n\u00ba 412/2024 - Requerimento n\u00ba 531 - 23\u00aa Sess\u00e3o"}, {"id": "111849", "ano": "2024", "numero": "552", "tipo__sigla": "CPEXM", "tipo__descricao": "Correspond\u00eancia do Poder Executivo Municipal", "autoria": "PREFEITO MUNICIPAL", "texto_original": "http://sapl.garca.sp.leg.br/media/sapl/public/materialegislativa/2024/111849/407.pdf", "ementa": "Of\u00edcio n\u00ba 407/2024 - Requerimento n\u00ba 532 - 23\u00aa Sess\u00e3o"}, {"id": "111850", "ano": "2024", "numero": "553", "tipo__sigla": "CPEXM", "tipo__descricao": "Correspond\u00eancia do Poder Executivo Municipal", "autoria": "PREFEITO MUNICIPAL", "texto_original": "http://sapl.garca.sp.leg.br/media/sapl/public/materialegislativa/2024/111850/408.pdf", "ementa": "Of\u00edcio n\u00ba 408/2024 - Requerimento n\u00ba 534 - 23\u00aa Sess\u00e3o"}, {"id": "111851", "ano": "2024", "numero": "554", "tipo__sigla": "CPEXM", "tipo__descricao": "Correspond\u00eancia do Poder Executivo Municipal", "autoria": "PREFEITO MUNICIPAL", "texto_original": "http://sapl.garca.sp.leg.br/media/sapl/public/materialegislativa/2024/111851/413.pdf", "ementa": "Of\u00edcio n\u00ba 413/2024 - Requerimento n\u00ba 538 - 23\u00aa Sess\u00e3o"}, {"id": "111852", "ano": "2024", "numero": "555", "tipo__sigla": "CPEXM", "tipo__descricao": "Correspond\u00eancia do Poder Executivo Municipal", "autoria": "PREFEITO MUNICIPAL", "texto_original": "http://sapl.garca.sp.leg.br/media/sapl/public/materialegislativa/2024/111852/414.pdf", "ementa": "Of\u00edcio n\u00ba 414/2024 - Requerimento n\u00ba 539 - 23\u00aa Sess\u00e3o"}, {"id": "111853", "ano": "2024", "numero": "556", "tipo__sigla": "CPEXM", "tipo__descricao": "Correspond\u00eancia do Poder Executivo Municipal", "autoria": "PREFEITO MUNICIPAL", "texto_original": "http://sapl.garca.sp.leg.br/media/sapl/public/materialegislativa/2024/111853/411.pdf", "ementa": "Of\u00edcio n\u00ba 411/2024 - Requerimento n\u00ba 541 - 23\u00aa Sess\u00e3o"}, {"id": "111854", "ano": "2024", "numero": "557", "tipo__sigla": "CPEXM", "tipo__descricao": "Correspond\u00eancia do Poder Executivo Municipal", "autoria": "PREFEITO MUNICIPAL", "texto_original": "http://sapl.garca.sp.leg.br/media/sapl/public/materialegislativa/2024/111854/409.pdf", "ementa": "Of\u00edcio n\u00ba 409/2024 - Requerimento n\u00ba 542 - 23\u00aa Sess\u00e3o"}, {"id": "111855", "ano": "2024", "numero": "558", "tipo__sigla": "CPEXM", "tipo__descricao": "Correspond\u00eancia do Poder Executivo Municipal", "autoria": "PREFEITO MUNICIPAL", "texto_original": "http://sapl.garca.sp.leg.br/media/sapl/public/materialegislativa/2024/111855/127_anexos.pdf", "ementa": "ANEXOS PROJETO DE LEI N\u00ba 141/2024 - AUTORIZA A CONCESS\u00c3O, DE FORMA TEMPOR\u00c1RIA E EXCEPCIONAL, DE SUBVEN\u00c7\u00c3O SOCIAL \u00c0 COOPERATIVA DE RECICLAGEM DE GAR\u00c7A E REGI\u00c3O"}, {"id": "111857", "ano": "2024", "numero": "559", "tipo__sigla": "CPEXM", "tipo__descricao": "Correspond\u00eancia do Poder Executivo Municipal", "autoria": "PREFEITO MUNICIPAL", "texto_original": "http://sapl.garca.sp.leg.br/media/sapl/public/materialegislativa/2024/111857/128_anexos.pdf", "ementa": "ANEXO PROJETO DE LEI - ALTERA O ANEXO III DA LEI N\u00ba 5.435/2021 (PPA) E ALTERA O ANEXO IIA DA LEI N\u00ba 5.560/2023 (LDO), AUTORIZANDO A ABERTURA DE CR\u00c9DITO ESPECIAL, NO IMPORTE DE R$ 41.811,70 (QUARENTA E UM MIL, OITOCENTOS E ONZE REAIS E SETENTA CENTAVOS), OBJETIVANDO A UTILIZA\u00c7\u00c3O DOS RECURSOS PROVENIENTES DA PORTARIA GM/MS N\u00b0 3.233/2024, DE 01/03/2024, REFERENTE AO PROGRAMA SUS DIGITAL."}, {"id": "111867", "ano": "2024", "numero": "560", "tipo__sigla": "CPEXM", "tipo__descricao": "Correspond\u00eancia do Poder Executivo Municipal", "autoria": "PREFEITO MUNICIPAL", "texto_original": "http://sapl.garca.sp.leg.br/media/sapl/public/materialegislativa/2024/111867/415.pdf", "ementa": "Of\u00edcio n\u00ba 415/2024 - Requerimento n\u00ba 545 - 24\u00aa Sess\u00e3o"}, {"id": "111868", "ano": "2024", "numero": "561", "tipo__sigla": "CPEXM", "tipo__descricao": "Correspond\u00eancia do Poder Executivo Municipal", "autoria": "PREFEITO MUNICIPAL", "texto_original": "http://sapl.garca.sp.leg.br/media/sapl/public/materialegislativa/2024/111868/416.pdf", "ementa": "Of\u00edcio n\u00ba 416/2024 - Requerimento n\u00ba 546 - 24\u00aa Sess\u00e3o"}, {"id": "111869", "ano": "2024", "numero": "562", "tipo__sigla": "CPEXM", "tipo__descricao": "Correspond\u00eancia do Poder Executivo Municipal", "autoria": "PREFEITO MUNICIPAL", "texto_original": "http://sapl.garca.sp.leg.br/media/sapl/public/materialegislativa/2024/111869/418.pdf", "ementa": "Of\u00edcio n\u00ba 418/2024 - Requerimento n\u00ba 547 - 24\u00aa Sess\u00e3o"}, {"id": "111870", "ano": "2024", "numero": "563", "tipo__sigla": "CPEXM", "tipo__descricao": "Correspond\u00eancia do Poder Executivo Municipal", "autoria": "PREFEITO MUNICIPAL", "texto_original": "http://sapl.garca.sp.leg.br/media/sapl/public/materialegislativa/2024/111870/417.pdf", "ementa": "Of\u00edcio n\u00ba 417/2024 - Requerimento n\u00ba 548 - 24\u00aa Sess\u00e3o"}, {"id": "111871", "ano": "2024", "numero": "564", "tipo__sigla": "CPEXM", "tipo__descricao": "Correspond\u00eancia do Poder Executivo Municipal", "autoria": "PREFEITO MUNICIPAL", "texto_original": "http://sapl.garca.sp.leg.br/media/sapl/public/materialegislativa/2024/111871/419.pdf", "ementa": "Of\u00edcio n\u00ba 419/2024 - Requerimento n\u00ba 549 - 24\u00aa Sess\u00e3o"}, {"id": "111872", "ano": "2024", "numero": "565", "tipo__sigla": "CPEXM", "tipo__descricao": "Correspond\u00eancia do Poder Executivo Municipal", "autoria": "PREFEITO MUNICIPAL", "texto_original": "http://sapl.garca.sp.leg.br/media/sapl/public/materialegislativa/2024/111872/420.pdf", "ementa": "Of\u00edcio n\u00ba 420/2024 - Requerimento n\u00ba 550 - 24\u00aa Sess\u00e3o"}, {"id": "111880", "ano": "2024", "numero": "566", "tipo__sigla": "CPEXM", "tipo__descricao": "Correspond\u00eancia do Poder Executivo Municipal", "autoria": "PREFEITO MUNICIPAL", "texto_original": "http://sapl.garca.sp.leg.br/media/sapl/public/materialegislativa/2024/111880/426.pdf", "ementa": "Of\u00edcio n\u00ba 426/2024 - Requerimento n\u00ba 551 - 25\u00aa Sess\u00e3o"}, {"id": "111881", "ano": "2024", "numero": "567", "tipo__sigla": "CPEXM", "tipo__descricao": "Correspond\u00eancia do Poder Executivo Municipal", "autoria": "PREFEITO MUNICIPAL", "texto_original": "http://sapl.garca.sp.leg.br/media/sapl/public/materialegislativa/2024/111881/440.pdf", "ementa": "Of\u00edcio n\u00ba 440/2024 - Requerimento n\u00ba 552 - 25\u00aa Sess\u00e3o"}, {"id": "111882", "ano": "2024", "numero": "568", "tipo__sigla": "CPEXM", "tipo__descricao": "Correspond\u00eancia do Poder Executivo Municipal", "autoria": "PREFEITO MUNICIPAL", "texto_original": "http://sapl.garca.sp.leg.br/media/sapl/public/materialegislativa/2024/111882/427.pdf", "ementa": "Of\u00edcio n\u00ba 427/2024 - Requerimento n\u00ba 553 - 25\u00aa Sess\u00e3o"}, {"id": "111883", "ano": "2024", "numero": "569", "tipo__sigla": "CPEXM", "tipo__descricao": "Correspond\u00eancia do Poder Executivo Municipal", "autoria": "PREFEITO MUNICIPAL", "texto_original": "http://sapl.garca.sp.leg.br/media/sapl/public/materialegislativa/2024/111883/429.pdf", "ementa": "Of\u00edcio n\u00ba 429/2024 - Requerimento n\u00ba 555 - 25\u00aa Sess\u00e3o"}, {"id": "111884", "ano": "2024", "numero": "570", "tipo__sigla": "CPEXM", "tipo__descricao": "Correspond\u00eancia do Poder Executivo Municipal", "autoria": "PREFEITO MUNICIPAL", "texto_original": "http://sapl.garca.sp.leg.br/media/sapl/public/materialegislativa/2024/111884/441.pdf", "ementa": "Of\u00edcio n\u00ba 441/2024 - Requerimento n\u00ba 556 - 25\u00aa Sess\u00e3o"}, {"id": "111885", "ano": "2024", "numero": "571", "tipo__sigla": "CPEXM", "tipo__descricao": "Correspond\u00eancia do Poder Executivo Municipal", "autoria": "PREFEITO MUNICIPAL", "texto_original": "http://sapl.garca.sp.leg.br/media/sapl/public/materialegislativa/2024/111885/442.pdf", "ementa": "Of\u00edcio n\u00ba 442/2024 - Requerimento n\u00ba 557 - 25\u00aa Sess\u00e3o"}, {"id": "111886", "ano": "2024", "numero": "572", "tipo__sigla": "CPEXM", "tipo__descricao": "Correspond\u00eancia do Poder Executivo Municipal", "autoria": "PREFEITO MUNICIPAL", "texto_original": "http://sapl.garca.sp.leg.br/media/sapl/public/materialegislativa/2024/111886/430.pdf", "ementa": "Of\u00edcio n\u00ba 430/2024 - Requerimento n\u00ba 562 - 25\u00aa Sess\u00e3o"}, {"id": "111887", "ano": "2024", "numero": "573", "tipo__sigla": "CPEXM", "tipo__descricao": "Correspond\u00eancia do Poder Executivo Municipal", "autoria": "PREFEITO MUNICIPAL", "texto_original": "http://sapl.garca.sp.leg.br/media/sapl/public/materialegislativa/2024/111887/435.pdf", "ementa": "Of\u00edcio n\u00ba 435/2024 - Requerimento n\u00ba 563 - 25\u00aa Sess\u00e3o"}, {"id": "111888", "ano": "2024", "numero": "574", "tipo__sigla": "CPEXM", "tipo__descricao": "Correspond\u00eancia do Poder Executivo Municipal", "autoria": "PREFEITO MUNICIPAL", "texto_original": "http://sapl.garca.sp.leg.br/media/sapl/public/materialegislativa/2024/111888/431.pdf", "ementa": "Of\u00edcio n\u00ba 431/2024 - Requerimento n\u00ba 564 - 25\u00aa Sess\u00e3o"}, {"id": "111889", "ano": "2024", "numero": "575", "tipo__sigla": "CPEXM", "tipo__descricao": "Correspond\u00eancia do Poder Executivo Municipal", "autoria": "PREFEITO MUNICIPAL", "texto_original": "http://sapl.garca.sp.leg.br/media/sapl/public/materialegislativa/2024/111889/432.pdf", "ementa": "Of\u00edcio n\u00ba 432/2024 - Requerimento n\u00ba 565 - 25\u00aa Sess\u00e3o"}, {"id": "111890", "ano": "2024", "numero": "576", "tipo__sigla": "CPEXM", "tipo__descricao": "Correspond\u00eancia do Poder Executivo Municipal", "autoria": "PREFEITO MUNICIPAL", "texto_original": "http://sapl.garca.sp.leg.br/media/sapl/public/materialegislativa/2024/111890/436.pdf", "ementa": "Of\u00edcio n\u00ba 436/2024 - Requerimento n\u00ba 566 - 25\u00aa Sess\u00e3o"}, {"id": "111891", "ano": "2024", "numero": "577", "tipo__sigla": "CPEXM", "tipo__descricao": "Correspond\u00eancia do Poder Executivo Municipal", "autoria": "PREFEITO MUNICIPAL", "texto_original": "http://sapl.garca.sp.leg.br/media/sapl/public/materialegislativa/2024/111891/438.pdf", "ementa": "Of\u00edcio n\u00ba 438/2024 - Requerimento n\u00ba 567 - 25\u00aa Sess\u00e3o"}, {"id": "111892", "ano": "2024", "numero": "578", "tipo__sigla": "CPEXM", "tipo__descricao": "Correspond\u00eancia do Poder Executivo Municipal", "autoria": "PREFEITO MUNICIPAL", "texto_original": "http://sapl.garca.sp.leg.br/media/sapl/public/materialegislativa/2024/111892/439.pdf", "ementa": "Of\u00edcio n\u00ba 439/2024 - Requerimento n\u00ba 569 - 25\u00aa Sess\u00e3o"}, {"id": "111893", "ano": "2024", "numero": "579", "tipo__sigla": "CPEXM", "tipo__descricao": "Correspond\u00eancia do Poder Executivo Municipal", "autoria": "PREFEITO MUNICIPAL", "texto_original": "http://sapl.garca.sp.leg.br/media/sapl/public/materialegislativa/2024/111893/437.pdf", "ementa": "Of\u00edcio n\u00ba 437/2024 - Requerimento n\u00ba 570 - 25\u00aa Sess\u00e3o"}, {"id": "111894", "ano": "2024", "numero": "580", "tipo__sigla": "CPEXM", "tipo__descricao": "Correspond\u00eancia do Poder Executivo Municipal", "autoria": "PREFEITO MUNICIPAL", "texto_original": "http://sapl.garca.sp.leg.br/media/sapl/public/materialegislativa/2024/111894/433.pdf", "ementa": "Of\u00edcio n\u00ba 433/2024 - Requerimento n\u00ba 571 - 25\u00aa Sess\u00e3o"}, {"id": "111895", "ano": "2024", "numero": "581", "tipo__sigla": "CPEXM", "tipo__descricao": "Correspond\u00eancia do Poder Executivo Municipal", "autoria": "PREFEITO MUNICIPAL", "texto_original": "http://sapl.garca.sp.leg.br/media/sapl/public/materialegislativa/2024/111895/434.pdf", "ementa": "Of\u00edcio n\u00ba 434/2024 - Requerimento n\u00ba 572 - 25\u00aa Sess\u00e3o"}, {"id": "111896", "ano": "2024", "numero": "582", "tipo__sigla": "CPEXM", "tipo__descricao": "Correspond\u00eancia do Poder Executivo Municipal", "autoria": "PREFEITO MUNICIPAL", "texto_original": "http://sapl.garca.sp.leg.br/media/sapl/public/materialegislativa/2024/111896/428.pdf", "ementa": "Of\u00edcio n\u00ba 428/2024 - Requerimento n\u00ba 573 - 25\u00aa Sess\u00e3o"}, {"id": "111908", "ano": "2024", "numero": "583", "tipo__sigla": "CPEXM", "tipo__descricao": "Correspond\u00eancia do Poder Executivo Municipal", "autoria": "PREFEITO MUNICIPAL", "texto_original": "http://sapl.garca.sp.leg.br/media/sapl/public/materialegislativa/2024/111908/129_anexos.pdf", "ementa": "ANEXOS PROJETO DE LEI N\u00ba 144/2024 - AUTORIZA A TRANSFER\u00caNCIA DE \u00c1REA PARA EMPRESA COM ATIVIDADE EMPRESARIAL"}, {"id": "111911", "ano": "2024", "numero": "584", "tipo__sigla": "CPEXM", "tipo__descricao": "Correspond\u00eancia do Poder Executivo Municipal", "autoria": "PREFEITO MUNICIPAL", "texto_original": "http://sapl.garca.sp.leg.br/media/sapl/public/materialegislativa/2024/111911/443.pdf", "ementa": "Of\u00edcio n\u00ba 443/2024 - Requerimento n\u00ba 574 - 26\u00aa Sess\u00e3o"}, {"id": "111912", "ano": "2024", "numero": "585", "tipo__sigla": "CPEXM", "tipo__descricao": "Correspond\u00eancia do Poder Executivo Municipal", "autoria": "PREFEITO MUNICIPAL", "texto_original": "http://sapl.garca.sp.leg.br/media/sapl/public/materialegislativa/2024/111912/444.pdf", "ementa": "Of\u00edcio n\u00ba 444/2024 - Requerimento n\u00ba 575 - 26\u00aa Sess\u00e3o"}, {"id": "111913", "ano": "2024", "numero": "586", "tipo__sigla": "CPEXM", "tipo__descricao": "Correspond\u00eancia do Poder Executivo Municipal", "autoria": "PREFEITO MUNICIPAL", "texto_original": "http://sapl.garca.sp.leg.br/media/sapl/public/materialegislativa/2024/111913/448.pdf", "ementa": "Of\u00edcio n\u00ba 448/2024 - Requerimento n\u00ba 576 - 26\u00aa Sess\u00e3o"}, {"id": "111914", "ano": "2024", "numero": "587", "tipo__sigla": "CPEXM", "tipo__descricao": "Correspond\u00eancia do Poder Executivo Municipal", "autoria": "PREFEITO MUNICIPAL", "texto_original": "http://sapl.garca.sp.leg.br/media/sapl/public/materialegislativa/2024/111914/445.pdf", "ementa": "Of\u00edcio n\u00ba 445/2024 - Requerimento n\u00ba 577 - 26\u00aa Sess\u00e3o"}, {"id": "111915", "ano": "2024", "numero": "588", "tipo__sigla": "CPEXM", "tipo__descricao": "Correspond\u00eancia do Poder Executivo Municipal", "autoria": "PREFEITO MUNICIPAL", "texto_original": "http://sapl.garca.sp.leg.br/media/sapl/public/materialegislativa/2024/111915/446.pdf", "ementa": "Of\u00edcio n\u00ba 446/2024 - Requerimento n\u00ba 578 - 26\u00aa Sess\u00e3o"}, {"id": "111916", "ano": "2024", "numero": "589", "tipo__sigla": "CPEXM", "tipo__descricao": "Correspond\u00eancia do Poder Executivo Municipal", "autoria": "PREFEITO MUNICIPAL", "texto_original": "http://sapl.garca.sp.leg.br/media/sapl/public/materialegislativa/2024/111916/449.pdf", "ementa": "Of\u00edcio n\u00ba 449/2024 - Requerimento n\u00ba 579 - 26\u00aa Sess\u00e3o"}, {"id": "111917", "ano": "2024", "numero": "590", "tipo__sigla": "CPEXM", "tipo__descricao": "Correspond\u00eancia do Poder Executivo Municipal", "autoria": "PREFEITO MUNICIPAL", "texto_original": "http://sapl.garca.sp.leg.br/media/sapl/public/materialegislativa/2024/111917/447.pdf", "ementa": "Of\u00edcio n\u00ba 447/2024 - Requerimento n\u00ba 580 - 26\u00aa Sess\u00e3o"}, {"id": "111918", "ano": "2024", "numero": "591", "tipo__sigla": "CPEXM", "tipo__descricao": "Correspond\u00eancia do Poder Executivo Municipal", "autoria": "PREFEITO MUNICIPAL", "texto_original": "http://sapl.garca.sp.leg.br/media/sapl/public/materialegislativa/2024/111918/450.pdf", "ementa": "Of\u00edcio n\u00ba 450/2024 - Requerimento n\u00ba 581 - 26\u00aa Sess\u00e3o"}, {"id": "111926", "ano": "2024", "numero": "592", "tipo__sigla": "CPEXM", "tipo__descricao": "Correspond\u00eancia do Poder Executivo Municipal", "autoria": "PREFEITO MUNICIPAL", "texto_original": "http://sapl.garca.sp.leg.br/media/sapl/public/materialegislativa/2024/111926/335.pdf", "ementa": "Of\u00edcio n\u00ba 335/2024 - Solicita retirada do Projeto de Lei n\u00ba 144/2024."}, {"id": "111929", "ano": "2024", "numero": "593", "tipo__sigla": "CPEXM", "tipo__descricao": "Correspond\u00eancia do Poder Executivo Municipal", "autoria": "PREFEITO MUNICIPAL", "texto_original": "http://sapl.garca.sp.leg.br/media/sapl/public/materialegislativa/2024/111929/130_anexos.pdf", "ementa": "ANEXOS PROJETO DE LEI - AUTORIZA A TRANSFER\u00caNCIA DE \u00c1REA PARA EMPRESA COM ATIVIDADE EMPRESARIAL - \"Motriz Qu\u00edmica LTDA\""}, {"id": "111930", "ano": "2024", "numero": "594", "tipo__sigla": "CPEXM", "tipo__descricao": "Correspond\u00eancia do Poder Executivo Municipal", "autoria": "PREFEITO MUNICIPAL", "texto_original": "http://sapl.garca.sp.leg.br/media/sapl/public/materialegislativa/2024/111930/127_anexos_1.pdf", "ementa": "ANEXOS PROJETO DE LEI N\u00ba 141/2024 - AUTORIZA A CONCESS\u00c3O, DE FORMA TEMPOR\u00c1RIA E EXCEPCIONAL, DE SUBVEN\u00c7\u00c3O SOCIAL \u00c0 COOPERATIVA DE RECICLAGEM DE GAR\u00c7A E REGI\u00c3O."}, {"id": "111932", "ano": "2024", "numero": "595", "tipo__sigla": "CPEXM", "tipo__descricao": "Correspond\u00eancia do Poder Executivo Municipal", "autoria": "PREFEITO MUNICIPAL", "texto_original": "http://sapl.garca.sp.leg.br/media/sapl/public/materialegislativa/2024/111932/132__anexos_pl_orcamento_2025.pdf", "ementa": "ANEXOS PROJETO DE LEI - ESTIMA A RECEITA E FIXA A DESPESA PARA O EXERC\u00cdCIO FINANCEIRO DE 2025."}, {"id": "111958", "ano": "2024", "numero": "596", "tipo__sigla": "CPEXM", "tipo__descricao": "Correspond\u00eancia do Poder Executivo Municipal", "autoria": "PREFEITO MUNICIPAL", "texto_original": "http://sapl.garca.sp.leg.br/media/sapl/public/materialegislativa/2024/111958/454.pdf", "ementa": "Of\u00edcio n\u00ba 454/2024 - Requerimento n\u00ba 583 - 27\u00aa Sess\u00e3o"}, {"id": "111959", "ano": "2024", "numero": "597", "tipo__sigla": "CPEXM", "tipo__descricao": "Correspond\u00eancia do Poder Executivo Municipal", "autoria": "PREFEITO MUNICIPAL", "texto_original": "http://sapl.garca.sp.leg.br/media/sapl/public/materialegislativa/2024/111959/455.pdf", "ementa": "Of\u00edcio n\u00ba 455/2024 - Requerimento n\u00ba 585 - 27\u00aa Sess\u00e3o"}, {"id": "111960", "ano": "2024", "numero": "598", "tipo__sigla": "CPEXM", "tipo__descricao": "Correspond\u00eancia do Poder Executivo Municipal", "autoria": "PREFEITO MUNICIPAL", "texto_original": "http://sapl.garca.sp.leg.br/media/sapl/public/materialegislativa/2024/111960/456.pdf", "ementa": "Of\u00edcio n\u00ba 456/2024 - Requerimento n\u00ba 586 - 27\u00aa Sess\u00e3o"}, {"id": "111961", "ano": "2024", "numero": "599", "tipo__sigla": "CPEXM", "tipo__descricao": "Correspond\u00eancia do Poder Executivo Municipal", "autoria": "PREFEITO MUNICIPAL", "texto_original": "http://sapl.garca.sp.leg.br/media/sapl/public/materialegislativa/2024/111961/457.pdf", "ementa": "Of\u00edcio n\u00ba 457/2024 - Requerimento n\u00ba 587 - 27\u00aa Sess\u00e3o"}, {"id": "111962", "ano": "2024", "numero": "600", "tipo__sigla": "CPEXM", "tipo__descricao": "Correspond\u00eancia do Poder Executivo Municipal", "autoria": "PREFEITO MUNICIPAL", "texto_original": "http://sapl.garca.sp.leg.br/media/sapl/public/materialegislativa/2024/111962/458.pdf", "ementa": "Of\u00edcio n\u00ba 458/2024 - Requerimento n\u00ba 588 - 27\u00aa Sess\u00e3o"}, {"id": "111963", "ano": "2024", "numero": "601", "tipo__sigla": "CPEXM", "tipo__descricao": "Correspond\u00eancia do Poder Executivo Municipal", "autoria": "PREFEITO MUNICIPAL", "texto_original": "http://sapl.garca.sp.leg.br/media/sapl/public/materialegislativa/2024/111963/459.pdf", "ementa": "Of\u00edcio n\u00ba 459/2024 - Requerimento n\u00ba 589 - 27\u00aa Sess\u00e3o"}, {"id": "111964", "ano": "2024", "numero": "602", "tipo__sigla": "CPEXM", "tipo__descricao": "Correspond\u00eancia do Poder Executivo Municipal", "autoria": "PREFEITO MUNICIPAL", "texto_original": "http://sapl.garca.sp.leg.br/media/sapl/public/materialegislativa/2024/111964/130_anexos_1.pdf", "ementa": "ANEXOS PROJETO DE LEI N\u00ba 146/24 - AUTORIZA A TRANSFER\u00caNCIA DE \u00c1REA PARA EMPRESA COM ATIVIDADE EMPRESARIAL - \"Motriz Qu\u00edmica LTDA\""}, {"id": "111966", "ano": "2024", "numero": "603", "tipo__sigla": "CPEXM", "tipo__descricao": "Correspond\u00eancia do Poder Executivo Municipal", "autoria": "PREFEITO MUNICIPAL", "texto_original": "http://sapl.garca.sp.leg.br/media/sapl/public/materialegislativa/2024/111966/133_anexos.pdf", "ementa": "ANEXOS PROJETO DE LEI - AUTORIZA A DOA\u00c7\u00c3O DE \u00c1REA PARA EMPRESA COM ATIVIDADE EMPRESARIAL \u2013 \u201cELETROPLAC E COM\u00c9RCIO LTDA - EPP\u201d"}, {"id": "111971", "ano": "2024", "numero": "604", "tipo__sigla": "CPEXM", "tipo__descricao": "Correspond\u00eancia do Poder Executivo Municipal", "autoria": "PREFEITO MUNICIPAL", "texto_original": "http://sapl.garca.sp.leg.br/media/sapl/public/materialegislativa/2024/111971/134_anexos.pdf", "ementa": "ANEXOS PROJETO DE LEI - AUTORIZA A DOA\u00c7\u00c3O DE \u00c1REA PARA EMPRESA COM ATIVIDADE EMPRESARIAL \u2013 \"IBL LOG\u00cdSTICA INTERNACIONAL LTDA\""}, {"id": "111975", "ano": "2024", "numero": "605", "tipo__sigla": "CPEXM", "tipo__descricao": "Correspond\u00eancia do Poder Executivo Municipal", "autoria": "PREFEITO MUNICIPAL", "texto_original": "http://sapl.garca.sp.leg.br/media/sapl/public/materialegislativa/2024/111975/460.pdf", "ementa": "Of\u00edcio n\u00ba 460/2024 - Requerimento n\u00ba 590 - 28\u00aa Sess\u00e3o"}, {"id": "111976", "ano": "2024", "numero": "606", "tipo__sigla": "CPEXM", "tipo__descricao": "Correspond\u00eancia do Poder Executivo Municipal", "autoria": "PREFEITO MUNICIPAL", "texto_original": "http://sapl.garca.sp.leg.br/media/sapl/public/materialegislativa/2024/111976/461.pdf", "ementa": "Of\u00edcio n\u00ba 461/2024 - Requerimento n\u00ba 591 - 28\u00aa Sess\u00e3o"}, {"id": "111977", "ano": "2024", "numero": "607", "tipo__sigla": "CPEXM", "tipo__descricao": "Correspond\u00eancia do Poder Executivo Municipal", "autoria": "PREFEITO MUNICIPAL", "texto_original": "http://sapl.garca.sp.leg.br/media/sapl/public/materialegislativa/2024/111977/462.pdf", "ementa": "Of\u00edcio n\u00ba 462/2024 - Requerimento n\u00ba 592 - 28\u00aa Sess\u00e3o"}, {"id": "111978", "ano": "2024", "numero": "608", "tipo__sigla": "CPEXM", "tipo__descricao": "Correspond\u00eancia do Poder Executivo Municipal", "autoria": "PREFEITO MUNICIPAL", "texto_original": "http://sapl.garca.sp.leg.br/media/sapl/public/materialegislativa/2024/111978/463.pdf", "ementa": "Of\u00edcio n\u00ba 463/2024 - Requerimento n\u00ba 593 - 28\u00aa Sess\u00e3o"}, {"id": "111983", "ano": "2024", "numero": "609", "tipo__sigla": "CPEXM", "tipo__descricao": "Correspond\u00eancia do Poder Executivo Municipal", "autoria": "PREFEITO MUNICIPAL", "texto_original": "http://sapl.garca.sp.leg.br/media/sapl/public/materialegislativa/2024/111983/343.pdf", "ementa": "OF\u00cdCIO N\u00ba 343/2024 - SOLICITA RETIRADA DO PROJETO DE LEI N\u00ba 150/2024."}, {"id": "111986", "ano": "2024", "numero": "610", "tipo__sigla": "CPEXM", "tipo__descricao": "Correspond\u00eancia do Poder Executivo Municipal", "autoria": "PREFEITO MUNICIPAL", "texto_original": "http://sapl.garca.sp.leg.br/media/sapl/public/materialegislativa/2024/111986/131_anexos.pdf", "ementa": "ANEXO PROJETO DE LEI N\u00ba 145/2024 - AUTORIZA O MUNIC\u00cdPIO DE GAR\u00c7A A CELEBRAR CONV\u00caNIO COM O ESTADO DE S\u00c3O PAULO, POR MEIO DA SECRETARIA DE CULTURA, ECONOMIA E IND\u00daSTRIA CRIATIVAS."}, {"id": "111992", "ano": "2024", "numero": "611", "tipo__sigla": "CPEXM", "tipo__descricao": "Correspond\u00eancia do Poder Executivo Municipal", "autoria": "PREFEITO MUNICIPAL", "texto_original": "http://sapl.garca.sp.leg.br/media/sapl/public/materialegislativa/2024/111992/131_anexos_1.pdf", "ementa": "ANEXO PROJETO DE LEI N\u00ba 145/2024 - AUTORIZA O MUNIC\u00cdPIO DE GAR\u00c7A A CELEBRAR CONV\u00caNIO COM O ESTADO DE S\u00c3O PAULO, POR MEIO DA SECRETARIA DE CULTURA, ECONOMIA E IND\u00daSTRIA CRIATIVAS."}, {"id": "111993", "ano": "2024", "numero": "612", "tipo__sigla": "CPEXM", "tipo__descricao": "Correspond\u00eancia do Poder Executivo Municipal", "autoria": "PREFEITO MUNICIPAL", "texto_original": "http://sapl.garca.sp.leg.br/media/sapl/public/materialegislativa/2024/111993/133_anexos_1.pdf", "ementa": "ANEXOS PROJETO DE LEI N\u00ba 148/2024 - AUTORIZA A DOA\u00c7\u00c3O DE \u00c1REA PARA EMPRESA COM ATIVIDADE EMPRESARIAL \u2013 LOTE 1 DA QUADRA F DO DISTRITO EMPRESARIAL \u201cCARLOS AUGUSTO TEIXEIRA PINTO\u201d, OBJETO DA MATR\u00cdCULA N\u00ba 33.615 - \u201cELETROPLAC E COM\u00c9RCIO LTDA - EPP\u201d"}, {"id": "111994", "ano": "2024", "numero": "613", "tipo__sigla": "CPEXM", "tipo__descricao": "Correspond\u00eancia do Poder Executivo Municipal", "autoria": "PREFEITO MUNICIPAL", "texto_original": "http://sapl.garca.sp.leg.br/media/sapl/public/materialegislativa/2024/111994/134_anexos_1.pdf", "ementa": "ANEXOS PROJETO DE LEI N\u00ba 149/2024 - AUTORIZA A DOA\u00c7\u00c3O DE \u00c1REA PARA EMPRESA COM ATIVIDADE EMPRESARIAL NO DISTRITO EMPRESARIAL \u201cCARLOS AUGUSTO TEIXEIRA PINTO\u201d, \u00c0 EMPRESA \u201cIBL LOG\u00cdSTICA INTERNACIONAL LTDA.\u201d"}, {"id": "112000", "ano": "2024", "numero": "614", "tipo__sigla": "CPEXM", "tipo__descricao": "Correspond\u00eancia do Poder Executivo Municipal", "autoria": "PREFEITO MUNICIPAL", "texto_original": "http://sapl.garca.sp.leg.br/media/sapl/public/materialegislativa/2024/112000/464.pdf", "ementa": "Of\u00edcio n\u00ba 464/2024 - Requerimento n\u00ba 594 - 29\u00aa Sess\u00e3o"}, {"id": "112001", "ano": "2024", "numero": "615", "tipo__sigla": "CPEXM", "tipo__descricao": "Correspond\u00eancia do Poder Executivo Municipal", "autoria": "PREFEITO MUNICIPAL", "texto_original": "http://sapl.garca.sp.leg.br/media/sapl/public/materialegislativa/2024/112001/466.pdf", "ementa": "Of\u00edcio n\u00ba 466/2024 - Requerimento n\u00ba 596 - 29\u00aa Sess\u00e3o"}, {"id": "112002", "ano": "2024", "numero": "616", "tipo__sigla": "CPEXM", "tipo__descricao": "Correspond\u00eancia do Poder Executivo Municipal", "autoria": "PREFEITO MUNICIPAL", "texto_original": "http://sapl.garca.sp.leg.br/media/sapl/public/materialegislativa/2024/112002/476.pdf", "ementa": "Of\u00edcio n\u00ba 476/2024 - Requerimento n\u00ba 598 - 29\u00aa Sess\u00e3o"}, {"id": "112003", "ano": "2024", "numero": "617", "tipo__sigla": "CPEXM", "tipo__descricao": "Correspond\u00eancia do Poder Executivo Municipal", "autoria": "PREFEITO MUNICIPAL", "texto_original": "http://sapl.garca.sp.leg.br/media/sapl/public/materialegislativa/2024/112003/468.pdf", "ementa": "Of\u00edcio n\u00ba 468/2024 - Requerimento n\u00ba 599 - 29\u00aa Sess\u00e3o"}, {"id": "112004", "ano": "2024", "numero": "618", "tipo__sigla": "CPEXM", "tipo__descricao": "Correspond\u00eancia do Poder Executivo Municipal", "autoria": "PREFEITO MUNICIPAL", "texto_original": "http://sapl.garca.sp.leg.br/media/sapl/public/materialegislativa/2024/112004/469.pdf", "ementa": "Of\u00edcio n\u00ba 469/2024 - Requerimento n\u00ba 600 - 29\u00aa Sess\u00e3o"}, {"id": "112005", "ano": "2024", "numero": "619", "tipo__sigla": "CPEXM", "tipo__descricao": "Correspond\u00eancia do Poder Executivo Municipal", "autoria": "PREFEITO MUNICIPAL", "texto_original": "http://sapl.garca.sp.leg.br/media/sapl/public/materialegislativa/2024/112005/465.pdf", "ementa": "Of\u00edcio n\u00ba 465/2024 - Requerimento n\u00ba 601 - 29\u00aa Sess\u00e3o"}, {"id": "112006", "ano": "2024", "numero": "620", "tipo__sigla": "CPEXM", "tipo__descricao": "Correspond\u00eancia do Poder Executivo Municipal", "autoria": "PREFEITO MUNICIPAL", "texto_original": "http://sapl.garca.sp.leg.br/media/sapl/public/materialegislativa/2024/112006/471.pdf", "ementa": "Of\u00edcio n\u00ba 471/2024 - Requerimento n\u00ba 602 - 29\u00aa Sess\u00e3o"}, {"id": "112007", "ano": "2024", "numero": "621", "tipo__sigla": "CPEXM", "tipo__descricao": "Correspond\u00eancia do Poder Executivo Municipal", "autoria": "PREFEITO MUNICIPAL", "texto_original": "http://sapl.garca.sp.leg.br/media/sapl/public/materialegislativa/2024/112007/470.pdf", "ementa": "Of\u00edcio n\u00ba 470/2024 - Requerimento n\u00ba 603 - 29\u00aa Sess\u00e3o"}, {"id": "112008", "ano": "2024", "numero": "622", "tipo__sigla": "CPEXM", "tipo__descricao": "Correspond\u00eancia do Poder Executivo Municipal", "autoria": "PREFEITO MUNICIPAL", "texto_original": "http://sapl.garca.sp.leg.br/media/sapl/public/materialegislativa/2024/112008/467.pdf", "ementa": "Of\u00edcio n\u00ba 467/2024 - Requerimento n\u00ba 605 - 29\u00aa Sess\u00e3o"}, {"id": "112011", "ano": "2024", "numero": "623", "tipo__sigla": "CPEXM", "tipo__descricao": "Correspond\u00eancia do Poder Executivo Municipal", "autoria": "PREFEITO MUNICIPAL", "texto_original": "http://sapl.garca.sp.leg.br/media/sapl/public/materialegislativa/2024/112011/135_anexos.pdf", "ementa": "ANEXOS PROJETO DE LEI - ALTERA A NATUREZA DE UTILIZA\u00c7\u00c3O DO LOTE 21, QUADRA 01, LOCALIZADO NO JARDIM ECOVILLE."}, {"id": "112020", "ano": "2024", "numero": "624", "tipo__sigla": "CPEXM", "tipo__descricao": "Correspond\u00eancia do Poder Executivo Municipal", "autoria": "PREFEITO MUNICIPAL", "texto_original": "http://sapl.garca.sp.leg.br/media/sapl/public/materialegislativa/2024/112020/136_anexos.pdf", "ementa": "ANEXOS PROJETO DE LEI - AUTORIZA A DOA\u00c7\u00c3O DE \u00c1REA PARA EMPRESA COM ATIVIDADE EMPRESARIAL \u201cCARLOS AUGUSTO TEIXEIRA PINTO\u201d, \u00c0 EMPRESA \u201cWSA IND\u00daSTRIA DE M\u00c1QUINAS E EQUIPAMENTOS DE SEGURAN\u00c7A LTDA.\u201d"}, {"id": "112022", "ano": "2024", "numero": "625", "tipo__sigla": "CPEXM", "tipo__descricao": "Correspond\u00eancia do Poder Executivo Municipal", "autoria": "PREFEITO MUNICIPAL", "texto_original": "http://sapl.garca.sp.leg.br/media/sapl/public/materialegislativa/2024/112022/137_anexos.pdf", "ementa": "ANEXOS PROJETO DE LEI - AUTORIZA A DOA\u00c7\u00c3O DE \u00c1REA PARA EMPRESA COM ATIVIDADE EMPRESARIAL \u201cCARLOS AUGUSTO TEIXEIRA PINTO\u201d, \u00c0 EMPRESA \u201cMAURO MAUR\u00cdCIO DA SILVA\u201d"}, {"id": "112024", "ano": "2024", "numero": "626", "tipo__sigla": "CPEXM", "tipo__descricao": "Correspond\u00eancia do Poder Executivo Municipal", "autoria": "PREFEITO MUNICIPAL", "texto_original": "http://sapl.garca.sp.leg.br/media/sapl/public/materialegislativa/2024/112024/138_anexos.pdf", "ementa": "ANEXOS PROJETO DE LEI - AUTORIZA A DOA\u00c7\u00c3O DE \u00c1REA PARA EMPRESA COM ATIVIDADE EMPRESARIAL \u201cCARLOS AUGUSTO TEIXEIRA PINTO\u201d, \u00c0 EMPRESA \u201cANT\u00d4NIO BUFFONI JUNIOR.\u201d"}, {"id": "112026", "ano": "2024", "numero": "627", "tipo__sigla": "CPEXM", "tipo__descricao": "Correspond\u00eancia do Poder Executivo Municipal", "autoria": "PREFEITO MUNICIPAL", "texto_original": "http://sapl.garca.sp.leg.br/media/sapl/public/materialegislativa/2024/112026/139_anexos.pdf", "ementa": "ANEXOS PROJETO DE LEI - AUTORIZA A DOA\u00c7\u00c3O DE \u00c1REA PARA EMPRESA COM ATIVIDADE EMPRESARIAL \u201cCARLOS AUGUSTO TEIXEIRA PINTO\u201d, \u00c0 EMPRESA \u201cL. O. GALV\u00c3O BOSQUE\u201d"}, {"id": "112028", "ano": "2024", "numero": "628", "tipo__sigla": "CPEXM", "tipo__descricao": "Correspond\u00eancia do Poder Executivo Municipal", "autoria": "PREFEITO MUNICIPAL", "texto_original": "http://sapl.garca.sp.leg.br/media/sapl/public/materialegislativa/2024/112028/140_anexos.pdf", "ementa": "ANEXOS PROJETO DE LEI - EXTINGUE O CONS\u00d3RCIO INTERMUNICIPAL PR\u00d3-RECUPERA\u00c7\u00c3O DO RIO DO PEIXE FIRMADO ENTRE OS MUNIC\u00cdPIOS DE GAR\u00c7A, LUP\u00c9RCIO, MAR\u00cdLIA, VERA CRUZ E OCAU\u00c7U."}, {"id": "112030", "ano": "2024", "numero": "629", "tipo__sigla": "CPEXM", "tipo__descricao": "Correspond\u00eancia do Poder Executivo Municipal", "autoria": "PREFEITO MUNICIPAL", "texto_original": "http://sapl.garca.sp.leg.br/media/sapl/public/materialegislativa/2024/112030/477.pdf", "ementa": "Of\u00edcio n\u00ba 477/2024 - Requerimento n\u00ba 606 - 30\u00aa Sess\u00e3o"}, {"id": "112031", "ano": "2024", "numero": "630", "tipo__sigla": "CPEXM", "tipo__descricao": "Correspond\u00eancia do Poder Executivo Municipal", "autoria": "PREFEITO MUNICIPAL", "texto_original": "http://sapl.garca.sp.leg.br/media/sapl/public/materialegislativa/2024/112031/478.pdf", "ementa": "Of\u00edcio n\u00ba 478/2024 - Requerimento n\u00ba 607 - 30\u00aa Sess\u00e3o"}, {"id": "112032", "ano": "2024", "numero": "631", "tipo__sigla": "CPEXM", "tipo__descricao": "Correspond\u00eancia do Poder Executivo Municipal", "autoria": "PREFEITO MUNICIPAL", "texto_original": "http://sapl.garca.sp.leg.br/media/sapl/public/materialegislativa/2024/112032/480.pdf", "ementa": "Of\u00edcio n\u00ba 480/2024 - Requerimento n\u00ba 608 - 30\u00aa Sess\u00e3o"}, {"id": "112033", "ano": "2024", "numero": "632", "tipo__sigla": "CPEXM", "tipo__descricao": "Correspond\u00eancia do Poder Executivo Municipal", "autoria": "PREFEITO MUNICIPAL", "texto_original": "http://sapl.garca.sp.leg.br/media/sapl/public/materialegislativa/2024/112033/481.pdf", "ementa": "Of\u00edcio n\u00ba 481/2024 - Requerimento n\u00ba 609 - 30\u00aa Sess\u00e3o"}, {"id": "112034", "ano": "2024", "numero": "633", "tipo__sigla": "CPEXM", "tipo__descricao": "Correspond\u00eancia do Poder Executivo Municipal", "autoria": "PREFEITO MUNICIPAL", "texto_original": "http://sapl.garca.sp.leg.br/media/sapl/public/materialegislativa/2024/112034/482.pdf", "ementa": "Of\u00edcio n\u00ba 482/2024 - Requerimento n\u00ba 610 - 30\u00aa Sess\u00e3o"}, {"id": "112035", "ano": "2024", "numero": "634", "tipo__sigla": "CPEXM", "tipo__descricao": "Correspond\u00eancia do Poder Executivo Municipal", "autoria": "PREFEITO MUNICIPAL", "texto_original": "http://sapl.garca.sp.leg.br/media/sapl/public/materialegislativa/2024/112035/483.pdf", "ementa": "Of\u00edcio n\u00ba 483/2024 - Requerimento n\u00ba 611 - 30\u00aa Sess\u00e3o"}, {"id": "112036", "ano": "2024", "numero": "635", "tipo__sigla": "CPEXM", "tipo__descricao": "Correspond\u00eancia do Poder Executivo Municipal", "autoria": "PREFEITO MUNICIPAL", "texto_original": "http://sapl.garca.sp.leg.br/media/sapl/public/materialegislativa/2024/112036/484.pdf", "ementa": "Of\u00edcio n\u00ba 484/2024 - Requerimento n\u00ba 612 - 30\u00aa Sess\u00e3o"}, {"id": "112037", "ano": "2024", "numero": "636", "tipo__sigla": "CPEXM", "tipo__descricao": "Correspond\u00eancia do Poder Executivo Municipal", "autoria": "PREFEITO MUNICIPAL", "texto_original": "http://sapl.garca.sp.leg.br/media/sapl/public/materialegislativa/2024/112037/479.pdf", "ementa": "Of\u00edcio n\u00ba 479/2024 - Requerimento n\u00ba 613 - 30\u00aa Sess\u00e3o"}, {"id": "112048", "ano": "2024", "numero": "637", "tipo__sigla": "CPEXM", "tipo__descricao": "Correspond\u00eancia do Poder Executivo Municipal", "autoria": "PREFEITO MUNICIPAL", "texto_original": "http://sapl.garca.sp.leg.br/media/sapl/public/materialegislativa/2024/112048/143_anexos.pdf", "ementa": "ANEXOS PROJETO DE LEI - AUTORIZA A DOA\u00c7\u00c3O DE \u00c1REA PARA EMPRESA COM ATIVIDADE EMPRESARIAL NO DISTRITO EMPRESARIAL \u201cCARLOS AUGUSTO TEIXEIRA PINTO\u201d \u00c0 EMPRESA \u201cLUSITEC USINAGEM LTDA\u201d"}, {"id": "112053", "ano": "2024", "numero": "638", "tipo__sigla": "CPEXM", "tipo__descricao": "Correspond\u00eancia do Poder Executivo Municipal", "autoria": "PREFEITO MUNICIPAL", "texto_original": "http://sapl.garca.sp.leg.br/media/sapl/public/materialegislativa/2024/112053/144_anexos.pdf", "ementa": "ANEXOS PROJETO DE LEI - AUTORIZA A TRANSFER\u00caNCIA DE \u00c1REA PARA EMPRESA COM ATIVIDADE EMPRESARIAL - LOTES 14, 15 E 16 DA QUADRA \u201cD\u201d, DO DISTRITO INDUSTRIAL \u201cL\u00daCIO DE OLIVEIRA LIMA SOBRINHO\u201d, ANTERIORMENTE DOADA PARA \u201cANDR\u00c9 BRESSAN DE PAULA\u201d, \u00c0 EMPRESA \u201cHENLAU QU\u00cdMICA EIRELI\u201d"}, {"id": "112055", "ano": "2024", "numero": "639", "tipo__sigla": "CPEXM", "tipo__descricao": "Correspond\u00eancia do Poder Executivo Municipal", "autoria": "PREFEITO MUNICIPAL", "texto_original": "http://sapl.garca.sp.leg.br/media/sapl/public/materialegislativa/2024/112055/145_anexos.pdf", "ementa": "ANEXOS PROJETO DE LEI - AUTORIZA A DOA\u00c7\u00c3O DE \u00c1REA PARA EMPRESA COM ATIVIDADE EMPRESARIAL NO DISTRITO EMPRESARIAL \u201cCARLOS AUGUSTO TEIXEIRA PINTO\u201d \u00c0 EMPRESA \u201cPLASTEC USINAGEM LTDA\u201d"}, {"id": "112057", "ano": "2024", "numero": "640", "tipo__sigla": "CPEXM", "tipo__descricao": "Correspond\u00eancia do Poder Executivo Municipal", "autoria": "PREFEITO MUNICIPAL", "texto_original": "http://sapl.garca.sp.leg.br/media/sapl/public/materialegislativa/2024/112057/146_anexos.pdf", "ementa": "ANEXOS PROJETO DE LEI N\u00ba 162/2024 - ALTERA O ANEXO III DA LEI N\u00ba 5.435/2021 (PPA) E ALTERA O ANEXO IIA DA LEI N\u00ba 5.560/2023 (LDO), AUTORIZANDO A ABERTURA DE CR\u00c9DITO ESPECIAL, NO VALOR DE R$ 188.973,17 (CENTO E OITENTA E OITO MIL, NOVECENTOS E SETENTA E TR\u00caS REAIS E DEZESSETE CENTAVOS), OBJETIVANDO A ABERTURA DE DOTA\u00c7\u00c3O PARA A UTILIZA\u00c7\u00c3O DE RECURSOS PROVENIENTES DA ALIENA\u00c7\u00c3O DE BENS E SEUS RENDIMENTOS FINANCEIROS, ANTE A INEXIST\u00caNCIA NO OR\u00c7AMENTO VIGENTE."}, {"id": "112058", "ano": "2024", "numero": "641", "tipo__sigla": "CPEXM", "tipo__descricao": "Correspond\u00eancia do Poder Executivo Municipal", "autoria": "PREFEITO MUNICIPAL", "texto_original": "http://sapl.garca.sp.leg.br/media/sapl/public/materialegislativa/2024/112058/486.pdf", "ementa": "Of\u00edcio n\u00ba 486/2024 - Requerimento n\u00ba 614 - 31\u00aa Sess\u00e3o"}, {"id": "112059", "ano": "2024", "numero": "642", "tipo__sigla": "CPEXM", "tipo__descricao": "Correspond\u00eancia do Poder Executivo Municipal", "autoria": "PREFEITO MUNICIPAL", "texto_original": "http://sapl.garca.sp.leg.br/media/sapl/public/materialegislativa/2024/112059/493.pdf", "ementa": "Of\u00edcio n\u00ba 493/2024 - Requerimento n\u00ba 616 - 31\u00aa Sess\u00e3o"}, {"id": "112060", "ano": "2024", "numero": "643", "tipo__sigla": "CPEXM", "tipo__descricao": "Correspond\u00eancia do Poder Executivo Municipal", "autoria": "PREFEITO MUNICIPAL", "texto_original": "http://sapl.garca.sp.leg.br/media/sapl/public/materialegislativa/2024/112060/494.pdf", "ementa": "Of\u00edcio n\u00ba 494/2024 - Requerimento n\u00ba 617 - 31\u00aa Sess\u00e3o"}, {"id": "112061", "ano": "2024", "numero": "644", "tipo__sigla": "CPEXM", "tipo__descricao": "Correspond\u00eancia do Poder Executivo Municipal", "autoria": "PREFEITO MUNICIPAL", "texto_original": "http://sapl.garca.sp.leg.br/media/sapl/public/materialegislativa/2024/112061/487.pdf", "ementa": "Of\u00edcio n\u00ba 487/2024 - Requerimento n\u00ba 618 - 31\u00aa Sess\u00e3o"}, {"id": "112062", "ano": "2024", "numero": "645", "tipo__sigla": "CPEXM", "tipo__descricao": "Correspond\u00eancia do Poder Executivo Municipal", "autoria": "PREFEITO MUNICIPAL", "texto_original": "http://sapl.garca.sp.leg.br/media/sapl/public/materialegislativa/2024/112062/498.pdf", "ementa": "Of\u00edcio n\u00ba 498/2024 - Requerimento n\u00ba 619 - 31\u00aa Sess\u00e3o"}, {"id": "112063", "ano": "2024", "numero": "646", "tipo__sigla": "CPEXM", "tipo__descricao": "Correspond\u00eancia do Poder Executivo Municipal", "autoria": "PREFEITO MUNICIPAL", "texto_original": "http://sapl.garca.sp.leg.br/media/sapl/public/materialegislativa/2024/112063/499.pdf", "ementa": "Of\u00edcio n\u00ba 499/2024 - Requerimento n\u00ba 621 - 31\u00aa Sess\u00e3o"}, {"id": "112064", "ano": "2024", "numero": "647", "tipo__sigla": "CPEXM", "tipo__descricao": "Correspond\u00eancia do Poder Executivo Municipal", "autoria": "PREFEITO MUNICIPAL", "texto_original": "http://sapl.garca.sp.leg.br/media/sapl/public/materialegislativa/2024/112064/501.pdf", "ementa": "Of\u00edcio n\u00ba 501/2024 - Requerimento n\u00ba 622 - 31\u00aa Sess\u00e3o"}, {"id": "112065", "ano": "2024", "numero": "648", "tipo__sigla": "CPEXM", "tipo__descricao": "Correspond\u00eancia do Poder Executivo Municipal", "autoria": "PREFEITO MUNICIPAL", "texto_original": "http://sapl.garca.sp.leg.br/media/sapl/public/materialegislativa/2024/112065/502.pdf", "ementa": "Of\u00edcio n\u00ba 502/2024 - Requerimento n\u00ba 624 - 31\u00aa Sess\u00e3o"}, {"id": "112066", "ano": "2024", "numero": "649", "tipo__sigla": "CPEXM", "tipo__descricao": "Correspond\u00eancia do Poder Executivo Municipal", "autoria": "PREFEITO MUNICIPAL", "texto_original": "http://sapl.garca.sp.leg.br/media/sapl/public/materialegislativa/2024/112066/504.pdf", "ementa": "Of\u00edcio n\u00ba 504/2024 - Requerimento n\u00ba 625 - 31\u00aa Sess\u00e3o"}, {"id": "112067", "ano": "2024", "numero": "650", "tipo__sigla": "CPEXM", "tipo__descricao": "Correspond\u00eancia do Poder Executivo Municipal", "autoria": "PREFEITO MUNICIPAL", "texto_original": "http://sapl.garca.sp.leg.br/media/sapl/public/materialegislativa/2024/112067/488.pdf", "ementa": "Of\u00edcio n\u00ba 488/2024 - Requerimento n\u00ba 626 - 31\u00aa Sess\u00e3o"}, {"id": "112068", "ano": "2024", "numero": "651", "tipo__sigla": "CPEXM", "tipo__descricao": "Correspond\u00eancia do Poder Executivo Municipal", "autoria": "PREFEITO MUNICIPAL", "texto_original": "http://sapl.garca.sp.leg.br/media/sapl/public/materialegislativa/2024/112068/489.pdf", "ementa": "Of\u00edcio n\u00ba 489/2024 - Requerimento n\u00ba 627 - 31\u00aa Sess\u00e3o"}, {"id": "112069", "ano": "2024", "numero": "652", "tipo__sigla": "CPEXM", "tipo__descricao": "Correspond\u00eancia do Poder Executivo Municipal", "autoria": "PREFEITO MUNICIPAL", "texto_original": "http://sapl.garca.sp.leg.br/media/sapl/public/materialegislativa/2024/112069/495.pdf", "ementa": "Of\u00edcio n\u00ba 495/2024 - Requerimento n\u00ba 628 - 31\u00aa Sess\u00e3o"}, {"id": "112070", "ano": "2024", "numero": "653", "tipo__sigla": "CPEXM", "tipo__descricao": "Correspond\u00eancia do Poder Executivo Municipal", "autoria": "PREFEITO MUNICIPAL", "texto_original": "http://sapl.garca.sp.leg.br/media/sapl/public/materialegislativa/2024/112070/500.pdf", "ementa": "Of\u00edcio n\u00ba 500/2024 - Requerimento n\u00ba 629 - 31\u00aa Sess\u00e3o"}, {"id": "112071", "ano": "2024", "numero": "654", "tipo__sigla": "CPEXM", "tipo__descricao": "Correspond\u00eancia do Poder Executivo Municipal", "autoria": "PREFEITO MUNICIPAL", "texto_original": "http://sapl.garca.sp.leg.br/media/sapl/public/materialegislativa/2024/112071/505.pdf", "ementa": "Of\u00edcio n\u00ba 505/2024 - Requerimento n\u00ba 631 - 31\u00aa Sess\u00e3o"}, {"id": "112072", "ano": "2024", "numero": "655", "tipo__sigla": "CPEXM", "tipo__descricao": "Correspond\u00eancia do Poder Executivo Municipal", "autoria": "PREFEITO MUNICIPAL", "texto_original": "http://sapl.garca.sp.leg.br/media/sapl/public/materialegislativa/2024/112072/496.pdf", "ementa": "Of\u00edcio n\u00ba 496/2024 - Requerimento n\u00ba 633 - 31\u00aa Sess\u00e3o"}, {"id": "112073", "ano": "2024", "numero": "656", "tipo__sigla": "CPEXM", "tipo__descricao": "Correspond\u00eancia do Poder Executivo Municipal", "autoria": "PREFEITO MUNICIPAL", "texto_original": "http://sapl.garca.sp.leg.br/media/sapl/public/materialegislativa/2024/112073/490.pdf", "ementa": "Of\u00edcio n\u00ba 490/2024 - Requerimento n\u00ba 634 - 31\u00aa Sess\u00e3o"}, {"id": "112074", "ano": "2024", "numero": "657", "tipo__sigla": "CPEXM", "tipo__descricao": "Correspond\u00eancia do Poder Executivo Municipal", "autoria": "PREFEITO MUNICIPAL", "texto_original": "http://sapl.garca.sp.leg.br/media/sapl/public/materialegislativa/2024/112074/491.pdf", "ementa": "Of\u00edcio n\u00ba 491/2024 - Requerimento n\u00ba 635 - 31\u00aa Sess\u00e3o"}, {"id": "112075", "ano": "2024", "numero": "658", "tipo__sigla": "CPEXM", "tipo__descricao": "Correspond\u00eancia do Poder Executivo Municipal", "autoria": "PREFEITO MUNICIPAL", "texto_original": "http://sapl.garca.sp.leg.br/media/sapl/public/materialegislativa/2024/112075/506.pdf", "ementa": "Of\u00edcio n\u00ba 506/2024 - Requerimento n\u00ba 636 - 31\u00aa Sess\u00e3o"}, {"id": "112076", "ano": "2024", "numero": "659", "tipo__sigla": "CPEXM", "tipo__descricao": "Correspond\u00eancia do Poder Executivo Municipal", "autoria": "PREFEITO MUNICIPAL", "texto_original": "http://sapl.garca.sp.leg.br/media/sapl/public/materialegislativa/2024/112076/492.pdf", "ementa": "Of\u00edcio n\u00ba 492/2024 - Requerimento n\u00ba 637 - 31\u00aa Sess\u00e3o"}, {"id": "112077", "ano": "2024", "numero": "660", "tipo__sigla": "CPEXM", "tipo__descricao": "Correspond\u00eancia do Poder Executivo Municipal", "autoria": "PREFEITO MUNICIPAL", "texto_original": "http://sapl.garca.sp.leg.br/media/sapl/public/materialegislativa/2024/112077/497.pdf", "ementa": "Of\u00edcio n\u00ba 497/2024 - Requerimento n\u00ba 638 - 31\u00aa Sess\u00e3o"}, {"id": "112078", "ano": "2024", "numero": "661", "tipo__sigla": "CPEXM", "tipo__descricao": "Correspond\u00eancia do Poder Executivo Municipal", "autoria": "PREFEITO MUNICIPAL", "texto_original": "http://sapl.garca.sp.leg.br/media/sapl/public/materialegislativa/2024/112078/503.pdf", "ementa": "Of\u00edcio n\u00ba 503/2024 - Requerimento n\u00ba 642 - 31\u00aa Sess\u00e3o"}, {"id": "112095", "ano": "2024", "numero": "662", "tipo__sigla": "CPEXM", "tipo__descricao": "Correspond\u00eancia do Poder Executivo Municipal", "autoria": "PREFEITO MUNICIPAL", "texto_original": "http://sapl.garca.sp.leg.br/media/sapl/public/materialegislativa/2024/112095/147_anexos.pdf", "ementa": "ANEXOS PROJETO DE LEI - DISP\u00d5E SOBRE DENOMINA\u00c7\u00c3O DE IM\u00d3VEL P\u00daBLICO \u2013 CENTRO DE EDUCA\u00c7\u00c3O E INOVA\u00c7\u00c3O \u2013 CEI - \u201cMARIA JOS\u00c9 VALSECHI CONESSA\u201d"}, {"id": "112097", "ano": "2024", "numero": "663", "tipo__sigla": "CPEXM", "tipo__descricao": "Correspond\u00eancia do Poder Executivo Municipal", "autoria": "PREFEITO MUNICIPAL", "texto_original": "http://sapl.garca.sp.leg.br/media/sapl/public/materialegislativa/2024/112097/148_anexos.pdf", "ementa": "ANEXOS PROJETO DE LEI - DISP\u00d5E SOBRE DENOMINA\u00c7\u00c3O DE IM\u00d3VEL P\u00daBLICO - \u00c1REA ESPORTIVA A SER INSTALADA NA \u00c1REA INSTITUCIONAL 1, LOCALIZADA NO LOTEAMENTO \u201cJARDIM VISTA VERDE\u201d, LOCALIZADO NO PER\u00cdMETRO URBANO DO DISTRITO DE JAFA, MATR\u00cdCULA N\u00ba 29031 - \u201cSALVADOR DE JESUS PEREIRA\u201d"}, {"id": "112099", "ano": "2024", "numero": "664", "tipo__sigla": "CPEXM", "tipo__descricao": "Correspond\u00eancia do Poder Executivo Municipal", "autoria": "PREFEITO MUNICIPAL", "texto_original": "http://sapl.garca.sp.leg.br/media/sapl/public/materialegislativa/2024/112099/149_anexos.pdf", "ementa": "Anexos Projeto de Lei - DESAFETA \u00c1REA INSTITCIONAL 03 E 04 DO LOTEAMENTO DENOMINADO \u201cQUINTA DA BARONESA\u201d, E D\u00c1 OUTRAS PROVID\u00caNCIAS."}, {"id": "112118", "ano": "2024", "numero": "665", "tipo__sigla": "CPEXM", "tipo__descricao": "Correspond\u00eancia do Poder Executivo Municipal", "autoria": "PREFEITO MUNICIPAL", "texto_original": "http://sapl.garca.sp.leg.br/media/sapl/public/materialegislativa/2024/112118/507.pdf", "ementa": "Of\u00edcio n\u00ba 507/2024 - Requerimento n\u00ba 644 - 32\u00aa Sess\u00e3o"}, {"id": "112119", "ano": "2024", "numero": "666", "tipo__sigla": "CPEXM", "tipo__descricao": "Correspond\u00eancia do Poder Executivo Municipal", "autoria": "PREFEITO MUNICIPAL", "texto_original": "http://sapl.garca.sp.leg.br/media/sapl/public/materialegislativa/2024/112119/509.pdf", "ementa": "Of\u00edcio n\u00ba 509/2024 - Requerimento n\u00ba 645 - 32\u00aa Sess\u00e3o"}, {"id": "112120", "ano": "2024", "numero": "667", "tipo__sigla": "CPEXM", "tipo__descricao": "Correspond\u00eancia do Poder Executivo Municipal", "autoria": "PREFEITO MUNICIPAL", "texto_original": "http://sapl.garca.sp.leg.br/media/sapl/public/materialegislativa/2024/112120/512.pdf", "ementa": "Of\u00edcio n\u00ba 512/2024 - Requerimento n\u00ba 646 - 32\u00aa Sess\u00e3o"}, {"id": "112121", "ano": "2024", "numero": "668", "tipo__sigla": "CPEXM", "tipo__descricao": "Correspond\u00eancia do Poder Executivo Municipal", "autoria": "PREFEITO MUNICIPAL", "texto_original": "http://sapl.garca.sp.leg.br/media/sapl/public/materialegislativa/2024/112121/513.pdf", "ementa": "Of\u00edcio n\u00ba 513/2024 - Requerimento n\u00ba 648 - 32\u00aa Sess\u00e3o"}, {"id": "112122", "ano": "2024", "numero": "669", "tipo__sigla": "CPEXM", "tipo__descricao": "Correspond\u00eancia do Poder Executivo Municipal", "autoria": "PREFEITO MUNICIPAL", "texto_original": "http://sapl.garca.sp.leg.br/media/sapl/public/materialegislativa/2024/112122/508.pdf", "ementa": "Of\u00edcio n\u00ba 508/2024 - Requerimento n\u00ba 649 - 32\u00aa Sess\u00e3o"}, {"id": "112123", "ano": "2024", "numero": "670", "tipo__sigla": "CPEXM", "tipo__descricao": "Correspond\u00eancia do Poder Executivo Municipal", "autoria": "PREFEITO MUNICIPAL", "texto_original": "http://sapl.garca.sp.leg.br/media/sapl/public/materialegislativa/2024/112123/510.pdf", "ementa": "Of\u00edcio n\u00ba 510/2024 - Requerimento n\u00ba 650 - 32\u00aa Sess\u00e3o"}, {"id": "112124", "ano": "2024", "numero": "671", "tipo__sigla": "CPEXM", "tipo__descricao": "Correspond\u00eancia do Poder Executivo Municipal", "autoria": "PREFEITO MUNICIPAL", "texto_original": "http://sapl.garca.sp.leg.br/media/sapl/public/materialegislativa/2024/112124/511.pdf", "ementa": "Of\u00edcio n\u00ba 511/2024 - Requerimento n\u00ba 651 - 32\u00aa Sess\u00e3o"}, {"id": "112133", "ano": "2024", "numero": "672", "tipo__sigla": "CPEXM", "tipo__descricao": "Correspond\u00eancia do Poder Executivo Municipal", "autoria": "PREFEITO MUNICIPAL", "texto_original": "http://sapl.garca.sp.leg.br/media/sapl/public/materialegislativa/2024/112133/150_anexos.pdf", "ementa": "ANEXOS PROJETO DE LEI - ALTERA A NATUREZA DE UTILIZA\u00c7\u00c3O DO LOTE 394, DA QUADRA 14, LOCALIZADO NO BAIRRRO JARDIM IMPERADOR \u2013 RUA PEDRO MATULIONES, N\u00ba 72"}, {"id": "112135", "ano": "2024", "numero": "673", "tipo__sigla": "CPEXM", "tipo__descricao": "Correspond\u00eancia do Poder Executivo Municipal", "autoria": "PREFEITO MUNICIPAL", "texto_original": "http://sapl.garca.sp.leg.br/media/sapl/public/materialegislativa/2024/112135/151_anexos.pdf", "ementa": "ANEXOS PROJETO DE LEI - AUTORIZA A DOA\u00c7\u00c3O DE \u00c1REA PARA EMPRESA COM ATIVIDADE EMPRESARIAL NO DISTRITO EMPRESARIAL \u201cCARLOS AUGUSTO TEIXEIRA PINTO\u201d \u00c0 EMPRESA \u201cADESIVA IMPRESS\u00d5ES DE ETIQUETAS E PLACAS IND\u00daSTRIA LTDA\u201d E REVOGA A LEI N\u00ba 5.571/23"}, {"id": "112146", "ano": "2024", "numero": "674", "tipo__sigla": "CPEXM", "tipo__descricao": "Correspond\u00eancia do Poder Executivo Municipal", "autoria": "PREFEITO MUNICIPAL", "texto_original": "http://sapl.garca.sp.leg.br/media/sapl/public/materialegislativa/2024/112146/514.pdf", "ementa": "Of\u00edcio n\u00ba 514/2024 - Requerimento n\u00ba 653 - 33\u00aa Sess\u00e3o"}, {"id": "112147", "ano": "2024", "numero": "675", "tipo__sigla": "CPEXM", "tipo__descricao": "Correspond\u00eancia do Poder Executivo Municipal", "autoria": "PREFEITO MUNICIPAL", "texto_original": "http://sapl.garca.sp.leg.br/media/sapl/public/materialegislativa/2024/112147/519.pdf", "ementa": "Of\u00edcio n\u00ba 519/2024 - Requerimento n\u00ba 654 - 33\u00aa Sess\u00e3o"}, {"id": "112148", "ano": "2024", "numero": "676", "tipo__sigla": "CPEXM", "tipo__descricao": "Correspond\u00eancia do Poder Executivo Municipal", "autoria": "PREFEITO MUNICIPAL", "texto_original": "http://sapl.garca.sp.leg.br/media/sapl/public/materialegislativa/2024/112148/515.pdf", "ementa": "Of\u00edcio n\u00ba 515/2024 - Requerimento n\u00ba 656 - 33\u00aa Sess\u00e3o"}, {"id": "112149", "ano": "2024", "numero": "677", "tipo__sigla": "CPEXM", "tipo__descricao": "Correspond\u00eancia do Poder Executivo Municipal", "autoria": "PREFEITO MUNICIPAL", "texto_original": "http://sapl.garca.sp.leg.br/media/sapl/public/materialegislativa/2024/112149/520.pdf", "ementa": "Of\u00edcio n\u00ba 520/2024 - Requerimento n\u00ba 657 - 33\u00aa Sess\u00e3o"}, {"id": "112150", "ano": "2024", "numero": "678", "tipo__sigla": "CPEXM", "tipo__descricao": "Correspond\u00eancia do Poder Executivo Municipal", "autoria": "PREFEITO MUNICIPAL", "texto_original": "http://sapl.garca.sp.leg.br/media/sapl/public/materialegislativa/2024/112150/516.pdf", "ementa": "Of\u00edcio n\u00ba 516/2024 - Requerimento n\u00ba 659 - 33\u00aa Sess\u00e3o"}, {"id": "112151", "ano": "2024", "numero": "679", "tipo__sigla": "CPEXM", "tipo__descricao": "Correspond\u00eancia do Poder Executivo Municipal", "autoria": "PREFEITO MUNICIPAL", "texto_original": "http://sapl.garca.sp.leg.br/media/sapl/public/materialegislativa/2024/112151/517.pdf", "ementa": "Of\u00edcio n\u00ba 517/2024 - Requerimento n\u00ba 660 - 33\u00aa Sess\u00e3o"}, {"id": "112152", "ano": "2024", "numero": "680", "tipo__sigla": "CPEXM", "tipo__descricao": "Correspond\u00eancia do Poder Executivo Municipal", "autoria": "PREFEITO MUNICIPAL", "texto_original": "http://sapl.garca.sp.leg.br/media/sapl/public/materialegislativa/2024/112152/518.pdf", "ementa": "Of\u00edcio n\u00ba 518/2024 - Requerimento n\u00ba 661 - 33\u00aa Sess\u00e3o"}, {"id": "112153", "ano": "2024", "numero": "681", "tipo__sigla": "CPEXM", "tipo__descricao": "Correspond\u00eancia do Poder Executivo Municipal", "autoria": "PREFEITO MUNICIPAL", "texto_original": "http://sapl.garca.sp.leg.br/media/sapl/public/materialegislativa/2024/112153/521.pdf", "ementa": "Of\u00edcio n\u00ba 521/2024 - Requerimento n\u00ba 662 - 33\u00aa Sess\u00e3o"}, {"id": "112154", "ano": "2024", "numero": "682", "tipo__sigla": "CPEXM", "tipo__descricao": "Correspond\u00eancia do Poder Executivo Municipal", "autoria": "PREFEITO MUNICIPAL", "texto_original": "http://sapl.garca.sp.leg.br/media/sapl/public/materialegislativa/2024/112154/522.pdf", "ementa": "Of\u00edcio n\u00ba 522/2024 - Requerimento n\u00ba 664 - 33\u00aa Sess\u00e3o"}, {"id": "112159", "ano": "2024", "numero": "683", "tipo__sigla": "CPEXM", "tipo__descricao": "Correspond\u00eancia do Poder Executivo Municipal", "autoria": "PREFEITO MUNICIPAL", "texto_original": "http://sapl.garca.sp.leg.br/media/sapl/public/materialegislativa/2024/112159/152_anexos.pdf", "ementa": "ANEXOS PROJETO DE LEI - ALTERA O ANEXO III DA LEI N\u00ba 5.435/2021 (PPA) E ALTERA O ANEXO IIA DA LEI N\u00ba 5.560/2023 (LDO), AUTORIZANDO A ABERTURA DE CR\u00c9DITO ESPECIAL, NO IMPORTE DE R$ 30.000,00 (TRINTA MIL REAIS), OBJETIVANDO A UTILIZA\u00c7\u00c3O DE RECURSOS ESTADUAIS PROVENIENTES DA ADES\u00c3O DO MUNIC\u00cdPIO AO SISTEMA ESTADUAL DE DESENVOLVIMENTO RURAL SUSTENT\u00c1VEL \u2013 CIDADANIA NO CAMPO E AS DIRETRIZES DO PROGRAMA \"CIDADANIA NO CAMPO \u2013 MUNIC\u00cdPIO AGRO\", DESTINADOS \u00c0 MANUTEN\u00c7\u00c3O E AQUISI\u00c7\u00c3O DE PE\u00c7AS DE REPOSI\u00c7\u00c3O PARA A FROTA DOS TRATORES E IMPLEMENTOS DA SECRETARIA MUNICIPAL DE AGRICULTURA E MEIO AMBIENTE, CONFORME CONV\u00caNIO CELEBRADO COM A SECRETARIA ESTADUAL DE AGRICULTURA E ABASTECIMENTO."}, {"id": "112171", "ano": "2024", "numero": "684", "tipo__sigla": "CPEXM", "tipo__descricao": "Correspond\u00eancia do Poder Executivo Municipal", "autoria": "PREFEITO MUNICIPAL", "texto_original": "http://sapl.garca.sp.leg.br/media/sapl/public/materialegislativa/2024/112171/153_anexos.pdf", "ementa": "ANEXOS PROJETO DE LEI N\u00ba 169/24 - DESAFETA E AUTORIZA O MUNIC\u00cdPIO A ALIENAR IM\u00d3VEL P\u00daBLICO QUE ESPECIFICA, POR MEIO DE LICITA\u00c7\u00c3O NA MODALIDADE LEIL\u00c3O, E D\u00c1 OUTRAS PROVID\u00caNCIAS, LOCALIZADO NO SISTEMA DE LAZER DO LOTEAMENTO JARDIM MONDRIAN \u2013 MATR\u00cdCULA N\u00ba 33541 DO CRI LOCAL"}, {"id": "112172", "ano": "2024", "numero": "685", "tipo__sigla": "CPEXM", "tipo__descricao": "Correspond\u00eancia do Poder Executivo Municipal", "autoria": "PREFEITO MUNICIPAL", "texto_original": "http://sapl.garca.sp.leg.br/media/sapl/public/materialegislativa/2024/112172/154_anexos.pdf", "ementa": "ANEXOS PROJETO DE LEI N\u00ba 170/2024 - DESAFETA E AUTORIZA O MUNIC\u00cdPIO A ALIENAR IM\u00d3VEL P\u00daBLICO QUE ESPECIFICA, POR MEIO DE LICITA\u00c7\u00c3O NA MODALIDADE LEIL\u00c3O, E D\u00c1 OUTRAS PROVID\u00caNCIAS, LOCALIZADO NO SISTEMA DE LAZER DO LOTEAMENTO JARDIM MONDRIAN \u2013 MATR\u00cdCULA N\u00ba 33.542 DO CRI LOCAL"}, {"id": "112173", "ano": "2024", "numero": "686", "tipo__sigla": "CPEXM", "tipo__descricao": "Correspond\u00eancia do Poder Executivo Municipal", "autoria": "PREFEITO MUNICIPAL", "texto_original": "http://sapl.garca.sp.leg.br/media/sapl/public/materialegislativa/2024/112173/155_anexos.pdf", "ementa": "ANEXOS PROJETO DE LEI N\u00ba 171/2024 - DESAFETA E AUTORIZA O MUNIC\u00cdPIO A ALIENAR IM\u00d3VEL P\u00daBLICO QUE ESPECIFICA, POR MEIO DE LICITA\u00c7\u00c3O NA MODALIDADE LEIL\u00c3O, E D\u00c1 OUTRAS PROVID\u00caNCIAS, LOCALIZADO NO SISTEMA DE LAZER DO LOTEAMENTO JARDIM MONDRIAN \u2013 MATR\u00cdCULA N\u00ba 33.543 DO CRI LOCAL"}, {"id": "112174", "ano": "2024", "numero": "687", "tipo__sigla": "CPEXM", "tipo__descricao": "Correspond\u00eancia do Poder Executivo Municipal", "autoria": "PREFEITO MUNICIPAL", "texto_original": "http://sapl.garca.sp.leg.br/media/sapl/public/materialegislativa/2024/112174/156_anexos.pdf", "ementa": "ANEXOS PROJETO DE LEI N\u00ba 172/2024 - DESAFETA E AUTORIZA O MUNIC\u00cdPIO A ALIENAR IM\u00d3VEL P\u00daBLICO QUE ESPECIFICA, POR MEIO DE LICITA\u00c7\u00c3O NA MODALIDADE LEIL\u00c3O, E D\u00c1 OUTRAS PROVID\u00caNCIAS, LOCALIZADO NO SISTEMA DE LAZER DO LOTEAMENTO JARDIM MONDRIAN \u2013 MATR\u00cdCULA N\u00ba 33.544 DO CRI LOCAL"}, {"id": "112175", "ano": "2024", "numero": "688", "tipo__sigla": "CPEXM", "tipo__descricao": "Correspond\u00eancia do Poder Executivo Municipal", "autoria": "PREFEITO MUNICIPAL", "texto_original": "http://sapl.garca.sp.leg.br/media/sapl/public/materialegislativa/2024/112175/157_anexos.pdf", "ementa": "ANEXOS PROJETO DE LEI N\u00ba 173/2024 - DESAFETA E AUTORIZA O MUNIC\u00cdPIO A ALIENAR IM\u00d3VEL P\u00daBLICO QUE ESPECIFICA, POR MEIO DE LICITA\u00c7\u00c3O NA MODALIDADE LEIL\u00c3O, E D\u00c1 OUTRAS PROVID\u00caNCIAS, LOCALIZADO NO SISTEMA DE LAZER DO LOTEAMENTO JARDIM MONDRIAN \u2013 MATR\u00cdCULA N\u00ba 33.545 DO CRI LOCAL"}, {"id": "112177", "ano": "2024", "numero": "689", "tipo__sigla": "CPEXM", "tipo__descricao": "Correspond\u00eancia do Poder Executivo Municipal", "autoria": "PREFEITO MUNICIPAL", "texto_original": "http://sapl.garca.sp.leg.br/media/sapl/public/materialegislativa/2024/112177/158_anexo.pdf", "ementa": "ANEXOS PROJETO DE LEI - ALTERA OS ANEXOS DE METAS ANUAIS, METAS FISCAIS ATUAIS COMPARADAS COM AS FIXADAS NOS TR\u00caS EXERC\u00cdCIOS ANTERIORES E DE RISCOS FISCAIS DA LEI MUNICIPAL N\u00ba 5.732, DE 02 DE JULHO DE 2024, QUE DISP\u00d5E SOBRE AS DIRETRIZES OR\u00c7AMENT\u00c1RIAS PARA A ELABORA\u00c7\u00c3O DA LEI OR\u00c7AMENT\u00c1RIA ANUAL DE 2025"}, {"id": "112178", "ano": "2024", "numero": "690", "tipo__sigla": "CPEXM", "tipo__descricao": "Correspond\u00eancia do Poder Executivo Municipal", "autoria": "PREFEITO MUNICIPAL", "texto_original": "http://sapl.garca.sp.leg.br/media/sapl/public/materialegislativa/2024/112178/376.pdf", "ementa": "Of\u00edcio n\u00ba 376/2024 - Solicita retirada do Projeto de Lei n\u00ba 157/2024"}, {"id": "112180", "ano": "2024", "numero": "691", "tipo__sigla": "CPEXM", "tipo__descricao": "Correspond\u00eancia do Poder Executivo Municipal", "autoria": "PREFEITO MUNICIPAL", "texto_original": "http://sapl.garca.sp.leg.br/media/sapl/public/materialegislativa/2024/112180/lc_015_anexo.pdf", "ementa": "ANEXO PROJETO DE LEI COMPLEMENTAR - ALTERA A LEI MUNICIPAL N\u00ba 4.388, DE 02 DE DEZEMBRO DE 2009 E ALTERA\u00c7\u00d5ES, QUE DISP\u00d5E SOBRE O PARCELAMENTO DO SOLO NO MUNIC\u00cdPIO DE GAR\u00c7A"}, {"id": "112192", "ano": "2024", "numero": "692", "tipo__sigla": "CPEXM", "tipo__descricao": "Correspond\u00eancia do Poder Executivo Municipal", "autoria": "PREFEITO MUNICIPAL", "texto_original": "http://sapl.garca.sp.leg.br/media/sapl/public/materialegislativa/2024/112192/532.pdf", "ementa": "Of\u00edcio n\u00ba 532/2024 - Requerimento n\u00ba 666 - 34\u00aa Sess\u00e3o"}, {"id": "112193", "ano": "2024", "numero": "693", "tipo__sigla": "CPEXM", "tipo__descricao": "Correspond\u00eancia do Poder Executivo Municipal", "autoria": "PREFEITO MUNICIPAL", "texto_original": "http://sapl.garca.sp.leg.br/media/sapl/public/materialegislativa/2024/112193/533.pdf", "ementa": "Of\u00edcio n\u00ba 533/2024 - Requerimento n\u00ba 667 - 34\u00aa Sess\u00e3o"}, {"id": "112194", "ano": "2024", "numero": "694", "tipo__sigla": "CPEXM", "tipo__descricao": "Correspond\u00eancia do Poder Executivo Municipal", "autoria": "PREFEITO MUNICIPAL", "texto_original": "http://sapl.garca.sp.leg.br/media/sapl/public/materialegislativa/2024/112194/534.pdf", "ementa": "Of\u00edcio n\u00ba 534/2024 - Requerimento n\u00ba 668 - 34\u00aa Sess\u00e3o"}, {"id": "112195", "ano": "2024", "numero": "695", "tipo__sigla": "CPEXM", "tipo__descricao": "Correspond\u00eancia do Poder Executivo Municipal", "autoria": "PREFEITO MUNICIPAL", "texto_original": "http://sapl.garca.sp.leg.br/media/sapl/public/materialegislativa/2024/112195/535.pdf", "ementa": "Of\u00edcio n\u00ba 535/2024 - Requerimento n\u00ba 669 - 34\u00aa Sess\u00e3o"}, {"id": "112196", "ano": "2024", "numero": "696", "tipo__sigla": "CPEXM", "tipo__descricao": "Correspond\u00eancia do Poder Executivo Municipal", "autoria": "PREFEITO MUNICIPAL", "texto_original": "http://sapl.garca.sp.leg.br/media/sapl/public/materialegislativa/2024/112196/536.pdf", "ementa": "Of\u00edcio n\u00ba 536/2024 - Requerimento n\u00ba 670 - 34\u00aa Sess\u00e3o"}, {"id": "112197", "ano": "2024", "numero": "697", "tipo__sigla": "CPEXM", "tipo__descricao": "Correspond\u00eancia do Poder Executivo Municipal", "autoria": "PREFEITO MUNICIPAL", "texto_original": "http://sapl.garca.sp.leg.br/media/sapl/public/materialegislativa/2024/112197/537.pdf", "ementa": "Of\u00edcio n\u00ba 537/2024 - Requerimento n\u00ba 671 - 34\u00aa Sess\u00e3o"}, {"id": "112198", "ano": "2024", "numero": "698", "tipo__sigla": "CPEXM", "tipo__descricao": "Correspond\u00eancia do Poder Executivo Municipal", "autoria": "PREFEITO MUNICIPAL", "texto_original": "http://sapl.garca.sp.leg.br/media/sapl/public/materialegislativa/2024/112198/538.pdf", "ementa": "Of\u00edcio n\u00ba 538/2024 - Requerimento n\u00ba 672 - 34\u00aa Sess\u00e3o"}, {"id": "112199", "ano": "2024", "numero": "699", "tipo__sigla": "CPEXM", "tipo__descricao": "Correspond\u00eancia do Poder Executivo Municipal", "autoria": "PREFEITO MUNICIPAL", "texto_original": "http://sapl.garca.sp.leg.br/media/sapl/public/materialegislativa/2024/112199/539.pdf", "ementa": "Of\u00edcio n\u00ba 539/2024 - Requerimento n\u00ba 673 - 34\u00aa Sess\u00e3o"}, {"id": "112200", "ano": "2024", "numero": "700", "tipo__sigla": "CPEXM", "tipo__descricao": "Correspond\u00eancia do Poder Executivo Municipal", "autoria": "PREFEITO MUNICIPAL", "texto_original": "http://sapl.garca.sp.leg.br/media/sapl/public/materialegislativa/2024/112200/540.pdf", "ementa": "Of\u00edcio n\u00ba 540/2024 - Requerimento n\u00ba 674 - 34\u00aa Sess\u00e3o"}, {"id": "112205", "ano": "2024", "numero": "701", "tipo__sigla": "CPEXM", "tipo__descricao": "Correspond\u00eancia do Poder Executivo Municipal", "autoria": "PREFEITO MUNICIPAL", "texto_original": "http://sapl.garca.sp.leg.br/media/sapl/public/materialegislativa/2024/112205/150_anexo.pdf", "ementa": "ANEXO PROJETO DE LEI N\u00ba 166/2024 - ALTERA A NATUREZA DE UTILIZA\u00c7\u00c3O DO LOTE 394, DA QUADRA 14, LOCALIZADO NO BAIRRRO JARDIM IMPERADOR \u2013 RUA PEDRO MATULIONES, N\u00ba 72"}, {"id": "112216", "ano": "2024", "numero": "702", "tipo__sigla": "CPEXM", "tipo__descricao": "Correspond\u00eancia do Poder Executivo Municipal", "autoria": "PREFEITO MUNICIPAL", "texto_original": "http://sapl.garca.sp.leg.br/media/sapl/public/materialegislativa/2024/112216/plei_159_anexos.pdf", "ementa": "ANEXOS PROJETO DE LEI - AUTORIZA A TRANSFER\u00caNCIA DE \u00c1REA PARA EMPRESA COM ATIVIDADE EMPRESARIAL."}, {"id": "112217", "ano": "2024", "numero": "703", "tipo__sigla": "CPEXM", "tipo__descricao": "Correspond\u00eancia do Poder Executivo Municipal", "autoria": "PREFEITO MUNICIPAL", "texto_original": "http://sapl.garca.sp.leg.br/media/sapl/public/materialegislativa/2024/112217/541.pdf", "ementa": "Of\u00edcio n\u00ba 541/2024 - Requerimento n\u00ba 677 - 35\u00aa Sess\u00e3o"}, {"id": "112218", "ano": "2024", "numero": "704", "tipo__sigla": "CPEXM", "tipo__descricao": "Correspond\u00eancia do Poder Executivo Municipal", "autoria": "PREFEITO MUNICIPAL", "texto_original": "http://sapl.garca.sp.leg.br/media/sapl/public/materialegislativa/2024/112218/542.pdf", "ementa": "Of\u00edcio n\u00ba 542/2024 - Requerimento n\u00ba 678 - 35\u00aa Sess\u00e3o"}, {"id": "112219", "ano": "2024", "numero": "705", "tipo__sigla": "CPEXM", "tipo__descricao": "Correspond\u00eancia do Poder Executivo Municipal", "autoria": "PREFEITO MUNICIPAL", "texto_original": "http://sapl.garca.sp.leg.br/media/sapl/public/materialegislativa/2024/112219/543.pdf", "ementa": "Of\u00edcio n\u00ba 543/2024 - Requerimento n\u00ba 679 - 35\u00aa Sess\u00e3o"}, {"id": "112220", "ano": "2024", "numero": "706", "tipo__sigla": "CPEXM", "tipo__descricao": "Correspond\u00eancia do Poder Executivo Municipal", "autoria": "PREFEITO MUNICIPAL", "texto_original": "http://sapl.garca.sp.leg.br/media/sapl/public/materialegislativa/2024/112220/544.pdf", "ementa": "Of\u00edcio n\u00ba 544/2024 - Requerimento n\u00ba 681 - 35\u00aa Sess\u00e3o"}, {"id": "112221", "ano": "2024", "numero": "707", "tipo__sigla": "CPEXM", "tipo__descricao": "Correspond\u00eancia do Poder Executivo Municipal", "autoria": "PREFEITO MUNICIPAL", "texto_original": "http://sapl.garca.sp.leg.br/media/sapl/public/materialegislativa/2024/112221/545.pdf", "ementa": "Of\u00edcio n\u00ba 545/2024 - Requerimento n\u00ba 682 - 35\u00aa Sess\u00e3o"}, {"id": "112222", "ano": "2024", "numero": "708", "tipo__sigla": "CPEXM", "tipo__descricao": "Correspond\u00eancia do Poder Executivo Municipal", "autoria": "PREFEITO MUNICIPAL", "texto_original": "http://sapl.garca.sp.leg.br/media/sapl/public/materialegislativa/2024/112222/546.pdf", "ementa": "Of\u00edcio n\u00ba 546/2024 - Requerimento n\u00ba 690 - 35\u00aa Sess\u00e3o"}, {"id": "112223", "ano": "2024", "numero": "709", "tipo__sigla": "CPEXM", "tipo__descricao": "Correspond\u00eancia do Poder Executivo Municipal", "autoria": "PREFEITO MUNICIPAL", "texto_original": "http://sapl.garca.sp.leg.br/media/sapl/public/materialegislativa/2024/112223/oficio_382.pdf", "ementa": "Of\u00edcio n\u00ba 382/2024 - Solicita retirada do Projeto de Lei n\u00ba 158/2024."}, {"id": "112226", "ano": "2024", "numero": "710", "tipo__sigla": "CPEXM", "tipo__descricao": "Correspond\u00eancia do Poder Executivo Municipal", "autoria": "PREFEITO MUNICIPAL", "texto_original": "http://sapl.garca.sp.leg.br/media/sapl/public/materialegislativa/2024/112226/planilha_de_cronograma_fisico-financeiro_-_adesiva.pdf", "ementa": "Anexo Projeto de Lei n\u00ba 167/2024 - AUTORIZA A DOA\u00c7\u00c3O DE \u00c1REA PARA EMPRESA COM ATIVIDADE EMPRESARIAL NO DISTRITO EMPRESARIAL \u201cCARLOS AUGUSTO TEIXEIRA PINTO\u201d \u00c0 EMPRESA \u201cADESIVA IMPRESS\u00d5ES DE ETIQUETAS E PLACAS IND\u00daSTRIA LTDA\u201d E REVOGA A LEI N\u00ba 5.571/23"}, {"id": "112228", "ano": "2024", "numero": "711", "tipo__sigla": "CPEXM", "tipo__descricao": "Correspond\u00eancia do Poder Executivo Municipal", "autoria": "PREFEITO MUNICIPAL", "texto_original": "http://sapl.garca.sp.leg.br/media/sapl/public/materialegislativa/2024/112228/160_anexos.pdf", "ementa": "ANEXOS PROJETO DE LEI - AUTORIZA A DOA\u00c7\u00c3O DE \u00c1REA PARA EMPRESA COM ATIVIDADE EMPRESARIAL NO DISTRITO EMPRESARIAL \u201cCARLOS AUGUSTO TEIXEIRA PINTO\u201d \u00c0 EMPRESA \u201cZANCOP\u00c9 PARTICIPA\u00c7\u00d5ES E INVESTIMENTOS LTDA.\u201d"}, {"id": "112239", "ano": "2024", "numero": "712", "tipo__sigla": "CPEXM", "tipo__descricao": "Correspond\u00eancia do Poder Executivo Municipal", "autoria": "PREFEITO MUNICIPAL", "texto_original": "http://sapl.garca.sp.leg.br/media/sapl/public/materialegislativa/2024/112239/547.pdf", "ementa": "Of\u00edcio n\u00ba 547/2024 - Requerimento n\u00ba 692 - 36\u00aa Sess\u00e3o"}, {"id": "112240", "ano": "2024", "numero": "713", "tipo__sigla": "CPEXM", "tipo__descricao": "Correspond\u00eancia do Poder Executivo Municipal", "autoria": "PREFEITO MUNICIPAL", "texto_original": "http://sapl.garca.sp.leg.br/media/sapl/public/materialegislativa/2024/112240/548.pdf", "ementa": "Of\u00edcio n\u00ba 548/2024 - Requerimento n\u00ba 693 - 36\u00aa Sess\u00e3o"}, {"id": "112241", "ano": "2024", "numero": "714", "tipo__sigla": "CPEXM", "tipo__descricao": "Correspond\u00eancia do Poder Executivo Municipal", "autoria": "PREFEITO MUNICIPAL", "texto_original": "http://sapl.garca.sp.leg.br/media/sapl/public/materialegislativa/2024/112241/549.pdf", "ementa": "Of\u00edcio n\u00ba 549/2024 - Requerimento n\u00ba 694 - 36\u00aa Sess\u00e3o"}, {"id": "112242", "ano": "2024", "numero": "715", "tipo__sigla": "CPEXM", "tipo__descricao": "Correspond\u00eancia do Poder Executivo Municipal", "autoria": "PREFEITO MUNICIPAL", "texto_original": "http://sapl.garca.sp.leg.br/media/sapl/public/materialegislativa/2024/112242/550.pdf", "ementa": "Of\u00edcio n\u00ba 550/2024 - Requerimento n\u00ba 695 - 36\u00aa Sess\u00e3o"}, {"id": "112243", "ano": "2024", "numero": "716", "tipo__sigla": "CPEXM", "tipo__descricao": "Correspond\u00eancia do Poder Executivo Municipal", "autoria": "PREFEITO MUNICIPAL", "texto_original": "http://sapl.garca.sp.leg.br/media/sapl/public/materialegislativa/2024/112243/551.pdf", "ementa": "Of\u00edcio n\u00ba 551/2024 - Requerimento n\u00ba 696 - 36\u00aa Sess\u00e3o"}, {"id": "112244", "ano": "2024", "numero": "717", "tipo__sigla": "CPEXM", "tipo__descricao": "Correspond\u00eancia do Poder Executivo Municipal", "autoria": "PREFEITO MUNICIPAL", "texto_original": "http://sapl.garca.sp.leg.br/media/sapl/public/materialegislativa/2024/112244/552.pdf", "ementa": "Of\u00edcio n\u00ba 552/2024 - Requerimento n\u00ba 700 - 36\u00aa Sess\u00e3o"}, {"id": "112245", "ano": "2024", "numero": "718", "tipo__sigla": "CPEXM", "tipo__descricao": "Correspond\u00eancia do Poder Executivo Municipal", "autoria": "PREFEITO MUNICIPAL", "texto_original": "http://sapl.garca.sp.leg.br/media/sapl/public/materialegislativa/2024/112245/553.pdf", "ementa": "Of\u00edcio n\u00ba 553/2024 - Requerimento n\u00ba 702 - 36\u00aa Sess\u00e3o"}, {"id": "112246", "ano": "2024", "numero": "719", "tipo__sigla": "CPEXM", "tipo__descricao": "Correspond\u00eancia do Poder Executivo Municipal", "autoria": "PREFEITO MUNICIPAL", "texto_original": "http://sapl.garca.sp.leg.br/media/sapl/public/materialegislativa/2024/112246/554.pdf", "ementa": "Of\u00edcio n\u00ba 554/2024 - Requerimento n\u00ba 703 - 36\u00aa Sess\u00e3o"}, {"id": "112249", "ano": "2024", "numero": "720", "tipo__sigla": "CPEXM", "tipo__descricao": "Correspond\u00eancia do Poder Executivo Municipal", "autoria": "PREFEITO MUNICIPAL", "texto_original": "http://sapl.garca.sp.leg.br/media/sapl/public/materialegislativa/2024/112249/162_anexos.pdf", "ementa": "ANEXOS PROJETO DE LEI - AUTORIZA A DOA\u00c7\u00c3O DE \u00c1REA PARA EMPRESA COM ATIVIDADE EMPRESARIAL NO DISTRITO EMPRESARIAL \u201cCARLOS AUGUSTO TEIXEIRA PINTO\u201d \u00c0 EMPRESA \u201cCESTARI NUTRI\u00c7\u00c3O ANIMAL LTDA.\u201d"}, {"id": "112251", "ano": "2024", "numero": "721", "tipo__sigla": "CPEXM", "tipo__descricao": "Correspond\u00eancia do Poder Executivo Municipal", "autoria": "PREFEITO MUNICIPAL", "texto_original": "http://sapl.garca.sp.leg.br/media/sapl/public/materialegislativa/2024/112251/163_anexos.pdf", "ementa": "ANEXOS PROJETO DE LEI - AUTORIZA A DOA\u00c7\u00c3O DE \u00c1REA PARA EMPRESA COM ATIVIDADE EMPRESARIAL NO DISTRITO EMPRESARIAL \u201cCARLOS AUGUSTO TEIXEIRA PINTO\u201d \u00c0 EMPRESA \u201cIND\u00daSTRIAS MARQUES DA COSTA LTDA.\u201d"}, {"id": "112252", "ano": "2024", "numero": "722", "tipo__sigla": "CPEXM", "tipo__descricao": "Correspond\u00eancia do Poder Executivo Municipal", "autoria": "PREFEITO MUNICIPAL", "texto_original": "http://sapl.garca.sp.leg.br/media/sapl/public/materialegislativa/2024/112252/568.pdf", "ementa": "Of\u00edcio n\u00ba 568/2024 - Requerimento n\u00ba 705 - 37\u00aa Sess\u00e3o"}, {"id": "112253", "ano": "2024", "numero": "723", "tipo__sigla": "CPEXM", "tipo__descricao": "Correspond\u00eancia do Poder Executivo Municipal", "autoria": "PREFEITO MUNICIPAL", "texto_original": "http://sapl.garca.sp.leg.br/media/sapl/public/materialegislativa/2024/112253/569.pdf", "ementa": "Of\u00edcio n\u00ba 569/2024 - Requerimento n\u00ba 706 - 37\u00aa Sess\u00e3o"}, {"id": "112254", "ano": "2024", "numero": "724", "tipo__sigla": "CPEXM", "tipo__descricao": "Correspond\u00eancia do Poder Executivo Municipal", "autoria": "PREFEITO MUNICIPAL", "texto_original": "http://sapl.garca.sp.leg.br/media/sapl/public/materialegislativa/2024/112254/578.pdf", "ementa": "Of\u00edcio n\u00ba 578/2024 - Requerimento n\u00ba 707 - 37\u00aa Sess\u00e3o"}, {"id": "112255", "ano": "2024", "numero": "725", "tipo__sigla": "CPEXM", "tipo__descricao": "Correspond\u00eancia do Poder Executivo Municipal", "autoria": "PREFEITO MUNICIPAL", "texto_original": "http://sapl.garca.sp.leg.br/media/sapl/public/materialegislativa/2024/112255/570.pdf", "ementa": "Of\u00edcio n\u00ba 570/2024 - Requerimento n\u00ba 708 - 37\u00aa Sess\u00e3o"}, {"id": "112256", "ano": "2024", "numero": "726", "tipo__sigla": "CPEXM", "tipo__descricao": "Correspond\u00eancia do Poder Executivo Municipal", "autoria": "PREFEITO MUNICIPAL", "texto_original": "http://sapl.garca.sp.leg.br/media/sapl/public/materialegislativa/2024/112256/571.pdf", "ementa": "Of\u00edcio n\u00ba 571/2024 - Requerimento n\u00ba 709 - 37\u00aa Sess\u00e3o"}, {"id": "112257", "ano": "2024", "numero": "727", "tipo__sigla": "CPEXM", "tipo__descricao": "Correspond\u00eancia do Poder Executivo Municipal", "autoria": "PREFEITO MUNICIPAL", "texto_original": "http://sapl.garca.sp.leg.br/media/sapl/public/materialegislativa/2024/112257/572.pdf", "ementa": "Of\u00edcio n\u00ba 572/2024 - Requerimento n\u00ba 710 - 37\u00aa Sess\u00e3o"}, {"id": "112258", "ano": "2024", "numero": "728", "tipo__sigla": "CPEXM", "tipo__descricao": "Correspond\u00eancia do Poder Executivo Municipal", "autoria": "PREFEITO MUNICIPAL", "texto_original": "http://sapl.garca.sp.leg.br/media/sapl/public/materialegislativa/2024/112258/574.pdf", "ementa": "Of\u00edcio n\u00ba 574/2024 - Requerimento n\u00ba 711 - 37\u00aa Sess\u00e3o"}, {"id": "112259", "ano": "2024", "numero": "729", "tipo__sigla": "CPEXM", "tipo__descricao": "Correspond\u00eancia do Poder Executivo Municipal", "autoria": "PREFEITO MUNICIPAL", "texto_original": "http://sapl.garca.sp.leg.br/media/sapl/public/materialegislativa/2024/112259/574_anexos.pdf", "ementa": "Anexos Of\u00edcio n\u00ba 574/2024 - Requerimento n\u00ba 711 - 37\u00aa Sess\u00e3o"}, {"id": "112260", "ano": "2024", "numero": "730", "tipo__sigla": "CPEXM", "tipo__descricao": "Correspond\u00eancia do Poder Executivo Municipal", "autoria": "PREFEITO MUNICIPAL", "texto_original": "http://sapl.garca.sp.leg.br/media/sapl/public/materialegislativa/2024/112260/573.pdf", "ementa": "Of\u00edcio n\u00ba 573/2024 - Requerimento n\u00ba 712 - 37\u00aa Sess\u00e3o"}, {"id": "112261", "ano": "2024", "numero": "731", "tipo__sigla": "CPEXM", "tipo__descricao": "Correspond\u00eancia do Poder Executivo Municipal", "autoria": "PREFEITO MUNICIPAL", "texto_original": "http://sapl.garca.sp.leg.br/media/sapl/public/materialegislativa/2024/112261/575.pdf", "ementa": "Of\u00edcio n\u00ba 575/2024 - Requerimento n\u00ba 714 - 37\u00aa Sess\u00e3o"}, {"id": "112262", "ano": "2024", "numero": "732", "tipo__sigla": "CPEXM", "tipo__descricao": "Correspond\u00eancia do Poder Executivo Municipal", "autoria": "PREFEITO MUNICIPAL", "texto_original": "http://sapl.garca.sp.leg.br/media/sapl/public/materialegislativa/2024/112262/576.pdf", "ementa": "Of\u00edcio n\u00ba 576/2024 - Requerimento n\u00ba 715 - 37\u00aa Sess\u00e3o"}, {"id": "112263", "ano": "2024", "numero": "733", "tipo__sigla": "CPEXM", "tipo__descricao": "Correspond\u00eancia do Poder Executivo Municipal", "autoria": "PREFEITO MUNICIPAL", "texto_original": "http://sapl.garca.sp.leg.br/media/sapl/public/materialegislativa/2024/112263/577.pdf", "ementa": "Of\u00edcio n\u00ba 577/2024 - Requerimento n\u00ba 716 - 37\u00aa Sess\u00e3o"}, {"id": "112265", "ano": "2024", "numero": "734", "tipo__sigla": "CPEXM", "tipo__descricao": "Correspond\u00eancia do Poder Executivo Municipal", "autoria": "PREFEITO MUNICIPAL", "texto_original": "http://sapl.garca.sp.leg.br/media/sapl/public/materialegislativa/2024/112265/164_anexo.pdf", "ementa": "ANEXO PROJETO DE LEI - ALTERA A LEI N\u00ba 4.388/2009 E ALTERA\u00c7\u00d5ES, QUE DISP\u00d5E SOBRE O PARCELAMENTO DO SOLO NO MUNIC\u00cdPIO DE GAR\u00c7A"}, {"id": "112266", "ano": "2024", "numero": "735", "tipo__sigla": "CPEXM", "tipo__descricao": "Correspond\u00eancia do Poder Executivo Municipal", "autoria": "PREFEITO MUNICIPAL", "texto_original": "http://sapl.garca.sp.leg.br/media/sapl/public/materialegislativa/2024/112266/159_anexos.pdf", "ementa": "ANEXOS PROJETO DE LEI N\u00ba 176/2024 - AUTORIZA A TRANSFER\u00caNCIA DE \u00c1REA PARA EMPRESA COM ATIVIDADE EMPRESARIAL - DA DONAT\u00c1RIA \u201cMANFRIM PRODUTOS NATURAIS LTDA.\u201d PARA \"JOS\u00c9 APARECIDO RODA \u2013 ME\u201d"}, {"id": "112267", "ano": "2024", "numero": "736", "tipo__sigla": "CPEXM", "tipo__descricao": "Correspond\u00eancia do Poder Executivo Municipal", "autoria": "PREFEITO MUNICIPAL", "texto_original": "http://sapl.garca.sp.leg.br/media/sapl/public/materialegislativa/2024/112267/601.pdf", "ementa": "Of\u00edcio n\u00ba 601/2024 - Requerimento n\u00ba 717 - 38\u00aa Sess\u00e3o"}, {"id": "112268", "ano": "2024", "numero": "737", "tipo__sigla": "CPEXM", "tipo__descricao": "Correspond\u00eancia do Poder Executivo Municipal", "autoria": "PREFEITO MUNICIPAL", "texto_original": "http://sapl.garca.sp.leg.br/media/sapl/public/materialegislativa/2024/112268/602.pdf", "ementa": "Of\u00edcio n\u00ba 602/2024 - Requerimento n\u00ba 721 - 38\u00aa Sess\u00e3o"}, {"id": "112269", "ano": "2024", "numero": "738", "tipo__sigla": "CPEXM", "tipo__descricao": "Correspond\u00eancia do Poder Executivo Municipal", "autoria": "PREFEITO MUNICIPAL", "texto_original": "http://sapl.garca.sp.leg.br/media/sapl/public/materialegislativa/2024/112269/603.pdf", "ementa": "Of\u00edcio n\u00ba 603/2024 - Requerimento n\u00ba 723 - 38\u00aa Sess\u00e3o"}, {"id": "112270", "ano": "2024", "numero": "739", "tipo__sigla": "CPEXM", "tipo__descricao": "Correspond\u00eancia do Poder Executivo Municipal", "autoria": "PREFEITO MUNICIPAL", "texto_original": "http://sapl.garca.sp.leg.br/media/sapl/public/materialegislativa/2024/112270/605.pdf", "ementa": "Of\u00edcio n\u00ba 605/2024 - Requerimento n\u00ba 724 - 38\u00aa Sess\u00e3o"}, {"id": "112271", "ano": "2024", "numero": "740", "tipo__sigla": "CPEXM", "tipo__descricao": "Correspond\u00eancia do Poder Executivo Municipal", "autoria": "PREFEITO MUNICIPAL", "texto_original": "http://sapl.garca.sp.leg.br/media/sapl/public/materialegislativa/2024/112271/604.pdf", "ementa": "Of\u00edcio n\u00ba 604/2024 - Requerimento n\u00ba 725 - 38\u00aa Sess\u00e3o"}, {"id": "112274", "ano": "2024", "numero": "741", "tipo__sigla": "CPEXM", "tipo__descricao": "Correspond\u00eancia do Poder Executivo Municipal", "autoria": "PREFEITO MUNICIPAL", "texto_original": "http://sapl.garca.sp.leg.br/media/sapl/public/materialegislativa/2024/112274/634.pdf", "ementa": "Of\u00edcio n\u00ba 634/2024 - Requerimento n\u00ba 731 - 39\u00aa Sess\u00e3o"}, {"id": "112275", "ano": "2024", "numero": "742", "tipo__sigla": "CPEXM", "tipo__descricao": "Correspond\u00eancia do Poder Executivo Municipal", "autoria": "PREFEITO MUNICIPAL", "texto_original": "http://sapl.garca.sp.leg.br/media/sapl/public/materialegislativa/2024/112275/635.pdf", "ementa": "Of\u00edcio n\u00ba 635/2024 - Requerimento n\u00ba 732 - 39\u00aa Sess\u00e3o"}, {"id": "112276", "ano": "2024", "numero": "743", "tipo__sigla": "CPEXM", "tipo__descricao": "Correspond\u00eancia do Poder Executivo Municipal", "autoria": "PREFEITO MUNICIPAL", "texto_original": "http://sapl.garca.sp.leg.br/media/sapl/public/materialegislativa/2024/112276/636.pdf", "ementa": "Of\u00edcio n\u00ba 636/2024 - Requerimento n\u00ba 733 - 40\u00aa Sess\u00e3o"}, {"id": "112277", "ano": "2024", "numero": "744", "tipo__sigla": "CPEXM", "tipo__descricao": "Correspond\u00eancia do Poder Executivo Municipal", "autoria": "PREFEITO MUNICIPAL", "texto_original": "http://sapl.garca.sp.leg.br/media/sapl/public/materialegislativa/2024/112277/637.pdf", "ementa": "Of\u00edcio n\u00ba 637/2024 - Requerimento n\u00ba 734 - 40\u00aa Sess\u00e3o"}]}