{"headers": {"id": "ID", "ano": "Ano", "numero": "N\u00famero", "tipo__sigla": "Tipo de Mat\u00e9ria Legislativa/Sigla", "tipo__descricao": "Tipo de Mat\u00e9ria Legislativa/Descri\u00e7\u00e3o", "autoria": "Autorias", "texto_original": "Texto Original", "ementa": "Ementa"}, "results": [{"id": "47184", "ano": "2007", "numero": "1", "tipo__sigla": "EME", "tipo__descricao": "Emenda", "autoria": "ADAMIR MAUR\u00cdCIO DE BARROS", "texto_original": "http://sapl.garca.sp.leg.br/media/", "ementa": "Suprime do artigo 1\u00ba  express\u00f5es."}, {"id": "47185", "ano": "2007", "numero": "2", "tipo__sigla": "EME", "tipo__descricao": "Emenda", "autoria": "ADAMIR MAUR\u00cdCIO DE BARROS", "texto_original": "http://sapl.garca.sp.leg.br/media/", "ementa": "D\u00e1 nova reda\u00e7\u00e3o ao artigo 3\u00ba."}, {"id": "47186", "ano": "2007", "numero": "3", "tipo__sigla": "EME", "tipo__descricao": "Emenda", "autoria": "ADEMAR SALVADOR", "texto_original": "http://sapl.garca.sp.leg.br/media/", "ementa": "Altera o artigo 4\u00ba."}, {"id": "47191", "ano": "2007", "numero": "4", "tipo__sigla": "EME", "tipo__descricao": "Emenda", "autoria": "PEDRO HENRIQUE SCARTEZINI", "texto_original": "http://sapl.garca.sp.leg.br/media/", "ementa": "Retirando item da estrutura administrativa da Secretaria Municipal de Educa\u00e7\u00e3o."}, {"id": "47192", "ano": "2007", "numero": "5", "tipo__sigla": "EME", "tipo__descricao": "Emenda", "autoria": "PEDRO HENRIQUE SCARTEZINI", "texto_original": "http://sapl.garca.sp.leg.br/media/", "ementa": "Incluindo item na estrutra administrativa da Secretaria Municipal de Ind\u00fastria, Com\u00e9rcio, Turismo e Cultura."}, {"id": "47187", "ano": "2007", "numero": "6", "tipo__sigla": "EME", "tipo__descricao": "Emenda", "autoria": "CORN\u00c9LIO C\u00c9ZAR KEMP MARCONDES", "texto_original": "http://sapl.garca.sp.leg.br/media/", "ementa": "Modifica hor\u00e1rio de freq\u00fc\u00eancia de menores nas Lan-Houses, Cyber-Offices e Cyber-Caf\u00e9."}, {"id": "47188", "ano": "2007", "numero": "7", "tipo__sigla": "EME", "tipo__descricao": "Emenda", "autoria": "CORN\u00c9LIO C\u00c9ZAR KEMP MARCONDES", "texto_original": "http://sapl.garca.sp.leg.br/media/", "ementa": "Modifica hor\u00e1rio de freq\u00fc\u00eancia de menores nas Lan-Houses, Cyber-Offices e Cyber-Caf\u00e9."}, {"id": "47189", "ano": "2007", "numero": "8", "tipo__sigla": "EME", "tipo__descricao": "Emenda", "autoria": "WILSON ALVES (VI)", "texto_original": "http://sapl.garca.sp.leg.br/media/", "ementa": "Inclui a concess\u00e3o de Vale Alimenta\u00e7\u00e3o \u00e0 C\u00e2mara Municipal de Gar\u00e7a."}, {"id": "47190", "ano": "2007", "numero": "9", "tipo__sigla": "EME", "tipo__descricao": "Emenda", "autoria": "WILSON ALVES (VI)", "texto_original": "http://sapl.garca.sp.leg.br/media/", "ementa": "Inclui a concess\u00e3o de Vale Alimenta\u00e7\u00e3o ao Funcionalismo P\u00fablico Municipal."}, {"id": "47193", "ano": "2007", "numero": "10", "tipo__sigla": "EME", "tipo__descricao": "Emenda", "autoria": "ADAMIR MAUR\u00cdCIO DE BARROS", "texto_original": "http://sapl.garca.sp.leg.br/media/", "ementa": "Substitui express\u00e3o."}, {"id": "47194", "ano": "2007", "numero": "11", "tipo__sigla": "EME", "tipo__descricao": "Emenda", "autoria": "CORN\u00c9LIO C\u00c9ZAR KEMP MARCONDES", "texto_original": "http://sapl.garca.sp.leg.br/media/", "ementa": "Inclui cl\u00e1usula."}, {"id": "47195", "ano": "2007", "numero": "12", "tipo__sigla": "EME", "tipo__descricao": "Emenda", "autoria": "CORN\u00c9LIO C\u00c9ZAR KEMP MARCONDES", "texto_original": "http://sapl.garca.sp.leg.br/media/", "ementa": "Suprime express\u00e3o parte final do artigo 2\u00ba."}, {"id": "25169", "ano": "2007", "numero": "1", "tipo__sigla": "IND", "tipo__descricao": "Indica\u00e7\u00e3o", "autoria": "JOS\u00c9 MARIA PIOLA, WILSON ALVES (VI)", "texto_original": "http://sapl.garca.sp.leg.br/media/", "ementa": "Sugerindo fiscaliza\u00e7\u00e3o mais intensa no tocante a conserva\u00e7\u00e3o dos carrinhos de compras dos supermercados."}, {"id": "25170", "ano": "2007", "numero": "2", "tipo__sigla": "IND", "tipo__descricao": "Indica\u00e7\u00e3o", "autoria": "WILSON ALVES (VI)", "texto_original": "http://sapl.garca.sp.leg.br/media/", "ementa": "Sugerindo instala\u00e7\u00e3o de telas quando da realiza\u00e7\u00e3o da ro\u00e7agem da grama da Concha Ac\u00fastica e Bosque das Cerejeiras."}, {"id": "25171", "ano": "2007", "numero": "3", "tipo__sigla": "IND", "tipo__descricao": "Indica\u00e7\u00e3o", "autoria": "WILSON ALVES (VI)", "texto_original": "http://sapl.garca.sp.leg.br/media/", "ementa": "Sugerindo a retirada das pilastras de concreto que foram utilizadas para sustenta\u00e7\u00e3o dos enfeites natalinos."}, {"id": "25172", "ano": "2007", "numero": "4", "tipo__sigla": "IND", "tipo__descricao": "Indica\u00e7\u00e3o", "autoria": "WILSON ALVES (VI)", "texto_original": "http://sapl.garca.sp.leg.br/media/", "ementa": "Sugerindo a realiza\u00e7\u00e3o de coleta de lixo aos s\u00e1bados na Rua Jos\u00e9 Ros\u00e1rio."}, {"id": "25173", "ano": "2007", "numero": "5", "tipo__sigla": "IND", "tipo__descricao": "Indica\u00e7\u00e3o", "autoria": "J\u00daLIO MARCONDES DE MOURA FILHO, WILSON ALVES (VI)", "texto_original": "http://sapl.garca.sp.leg.br/media/", "ementa": "Sugerindo reparos na \u00e1rea de lazer do Jardim Frei Aur\u00e9lio Di Falco."}, {"id": "25174", "ano": "2007", "numero": "6", "tipo__sigla": "IND", "tipo__descricao": "Indica\u00e7\u00e3o", "autoria": "WILSON ALVES (VI)", "texto_original": "http://sapl.garca.sp.leg.br/media/", "ementa": "Sugerindo promover uma reorganiza\u00e7\u00e3o na \u00e1rea administrativa da Prefeitura Municipal e autarquias."}, {"id": "25175", "ano": "2007", "numero": "7", "tipo__sigla": "IND", "tipo__descricao": "Indica\u00e7\u00e3o", "autoria": "SEBASTI\u00c3O TOLDATO GALEGO", "texto_original": "http://sapl.garca.sp.leg.br/media/", "ementa": "Sugerindo a erradica\u00e7\u00e3o ou substitui\u00e7\u00e3o de esp\u00e9cime arb\u00f3reo localizado \u00e0 Rua Heitor Penteado n\u00ba 69."}, {"id": "25176", "ano": "2007", "numero": "8", "tipo__sigla": "IND", "tipo__descricao": "Indica\u00e7\u00e3o", "autoria": "WILSON ALVES (VI)", "texto_original": "http://sapl.garca.sp.leg.br/media/", "ementa": "Sugerindo poda de esp\u00e9cime arb\u00f3reo localizado \u00e0 Rua Jos\u00e9 Louren\u00e7o, defronte o im\u00f3vel de n\u00ba 679."}, {"id": "25177", "ano": "2007", "numero": "9", "tipo__sigla": "IND", "tipo__descricao": "Indica\u00e7\u00e3o", "autoria": "WILSON ALVES (VI)", "texto_original": "http://sapl.garca.sp.leg.br/media/", "ementa": "Sugerindo a retirada de redutor de velocidade instalado na Rua Jo\u00e3o Manzano, altura do im\u00f3vel de n\u00ba 284."}, {"id": "25178", "ano": "2007", "numero": "10", "tipo__sigla": "IND", "tipo__descricao": "Indica\u00e7\u00e3o", "autoria": "WILSON ALVES (VI)", "texto_original": "http://sapl.garca.sp.leg.br/media/", "ementa": "Sugerindo limpeza das galerias para escoamento de \u00e1guas pluviais localizadas na Rua Dr. Dam\u00e1sio Valejo Vasques."}, {"id": "25179", "ano": "2007", "numero": "11", "tipo__sigla": "IND", "tipo__descricao": "Indica\u00e7\u00e3o", "autoria": "WILSON ALVES (VI)", "texto_original": "http://sapl.garca.sp.leg.br/media/", "ementa": "Sugerindo orientar os funcion\u00e1rios da coleta de lixo n\u00e3o depositar lixos no leito carro\u00e7\u00e1vel da via p\u00fablica."}, {"id": "25180", "ano": "2007", "numero": "12", "tipo__sigla": "IND", "tipo__descricao": "Indica\u00e7\u00e3o", "autoria": "SEBASTI\u00c3O TOLDATO GALEGO", "texto_original": "http://sapl.garca.sp.leg.br/media/", "ementa": "Sugerindo instala\u00e7\u00e3o de ilumina\u00e7\u00e3o p\u00fablica na \u00faltima quadra do Conjunto Habitacional Jardim Frei Aur\u00e9lio Di Falco, junto \u00e0 Av. Victor de Hugo Boareto."}, {"id": "25181", "ano": "2007", "numero": "13", "tipo__sigla": "IND", "tipo__descricao": "Indica\u00e7\u00e3o", "autoria": "SEBASTI\u00c3O TOLDATO GALEGO", "texto_original": "http://sapl.garca.sp.leg.br/media/", "ementa": "Sugerindo melhorias no ponto de transporte coletivo localizado na estrada vicinal que liga o Distrito de Jafa ao Bairro Itiratup\u00e3."}, {"id": "25182", "ano": "2007", "numero": "14", "tipo__sigla": "IND", "tipo__descricao": "Indica\u00e7\u00e3o", "autoria": "PEDRO HENRIQUE SCARTEZINI", "texto_original": "http://sapl.garca.sp.leg.br/media/", "ementa": "Sugerindo pintura de faixa de seguran\u00e7a para travessia de pedestres na Av. Gast\u00e3o Vidigal, defronte a Capela de Nossa Senhora do Perp\u00e9tuo Socorro."}, {"id": "25183", "ano": "2007", "numero": "15", "tipo__sigla": "IND", "tipo__descricao": "Indica\u00e7\u00e3o", "autoria": "PEDRO HENRIQUE SCARTEZINI", "texto_original": "http://sapl.garca.sp.leg.br/media/", "ementa": "Sugerindo rebaixamento de guia para acesso de deficientes na Av. Gast\u00e3o Vidigal, defronte a Capela de Nossa Senhora do Perp\u00e9tuo Socorro."}, {"id": "25184", "ano": "2007", "numero": "16", "tipo__sigla": "IND", "tipo__descricao": "Indica\u00e7\u00e3o", "autoria": "PEDRO HENRIQUE SCARTEZINI, S\u00d4NIA MARIA ALVES DOS SANTOS LOPES", "texto_original": "http://sapl.garca.sp.leg.br/media/", "ementa": "Sugerindo a constru\u00e7\u00e3o de um ponto de \u00f4nibus coberto no final da Rua Cel. Joaquim Piza, na sa\u00edda para \u00c1lvaro de Carvalho."}, {"id": "25185", "ano": "2007", "numero": "17", "tipo__sigla": "IND", "tipo__descricao": "Indica\u00e7\u00e3o", "autoria": "PEDRO HENRIQUE SCARTEZINI", "texto_original": "http://sapl.garca.sp.leg.br/media/", "ementa": "Sugerindo recoloca\u00e7\u00e3o dos cestos das lixeiras que circundam o Lago Artificial e Concha Ac\u00fastica."}, {"id": "25186", "ano": "2007", "numero": "18", "tipo__sigla": "IND", "tipo__descricao": "Indica\u00e7\u00e3o", "autoria": "VALDEMAR ZIMIANI", "texto_original": "http://sapl.garca.sp.leg.br/media/", "ementa": "Sugerindo ro\u00e7agem e limpeza das margens da estrada vicinal rural que liga o Distrito de Jafa ao Bairro Itiratup\u00e3."}, {"id": "25187", "ano": "2007", "numero": "19", "tipo__sigla": "IND", "tipo__descricao": "Indica\u00e7\u00e3o", "autoria": "VALDEMAR ZIMIANI", "texto_original": "http://sapl.garca.sp.leg.br/media/", "ementa": "Sugerindo reparos no leito carro\u00e7\u00e1vel da Rua Liberdade, altura do cruzamento com a Rua Valdomiro dos Santos, no Distrito de Jafa."}, {"id": "25188", "ano": "2007", "numero": "20", "tipo__sigla": "IND", "tipo__descricao": "Indica\u00e7\u00e3o", "autoria": "VALDEMAR ZIMIANI", "texto_original": "http://sapl.garca.sp.leg.br/media/", "ementa": "Sugerindo opera\u00e7\u00e3o tapa-buracos no leito carro\u00e7\u00e1vel das vias p\u00fablicas do Distrito de Jafa."}, {"id": "25189", "ano": "2007", "numero": "21", "tipo__sigla": "IND", "tipo__descricao": "Indica\u00e7\u00e3o", "autoria": "MARCOS LOPES MIRANDA", "texto_original": "http://sapl.garca.sp.leg.br/media/", "ementa": "Sugerindo plantio de \u00e1rvores frut\u00edferas  em \u00e1reas de popula\u00e7\u00e3o carente."}, {"id": "25190", "ano": "2007", "numero": "22", "tipo__sigla": "IND", "tipo__descricao": "Indica\u00e7\u00e3o", "autoria": "MARCOS LOPES MIRANDA", "texto_original": "http://sapl.garca.sp.leg.br/media/", "ementa": "Sugerindo constru\u00e7\u00e3o de cal\u00e7ada com recuo para a constru\u00e7\u00e3o de pista de cooper em volta do Est\u00e1dio Municipal Frederico Platzeck."}, {"id": "25191", "ano": "2007", "numero": "23", "tipo__sigla": "IND", "tipo__descricao": "Indica\u00e7\u00e3o", "autoria": "JOS\u00c9 MARIA PIOLA", "texto_original": "http://sapl.garca.sp.leg.br/media/", "ementa": "Sugerindo instala\u00e7\u00e3o de ilumina\u00e7\u00e3o p\u00fablica em via  p\u00fablica localizada ao lado do n\u00ba 170 da Rua C\u00e9sar Correia Lopes. "}, {"id": "25192", "ano": "2007", "numero": "24", "tipo__sigla": "IND", "tipo__descricao": "Indica\u00e7\u00e3o", "autoria": "JOS\u00c9 MARIA PIOLA", "texto_original": "http://sapl.garca.sp.leg.br/media/", "ementa": "Sugerindo instala\u00e7\u00e3o de l\u00e2mpadas no sistema de ilumina\u00e7\u00e3o p\u00fablica do Bairro Jos\u00e9 Ribeiro, no trecho que recebeu pavimenta\u00e7\u00e3o asf\u00e1ltica recentemente."}, {"id": "25193", "ano": "2007", "numero": "25", "tipo__sigla": "IND", "tipo__descricao": "Indica\u00e7\u00e3o", "autoria": "JOS\u00c9 MARIA PIOLA", "texto_original": "http://sapl.garca.sp.leg.br/media/", "ementa": "Sugerindo acendimento das l\u00e2mpadas que iluminam a est\u00e1tua de S\u00e3o Pedro."}, {"id": "25194", "ano": "2007", "numero": "26", "tipo__sigla": "IND", "tipo__descricao": "Indica\u00e7\u00e3o", "autoria": "JOS\u00c9 MARIA PIOLA", "texto_original": "http://sapl.garca.sp.leg.br/media/", "ementa": "Sugerindo substitui\u00e7\u00e3o de l\u00e2mpadas que encontram-se queimadas \u00e0 Pra\u00e7a Rui Barbosa, bem como substitui\u00e7\u00e3o das existentes por outras de maior pot\u00eancia."}, {"id": "25195", "ano": "2007", "numero": "27", "tipo__sigla": "IND", "tipo__descricao": "Indica\u00e7\u00e3o", "autoria": "CORN\u00c9LIO C\u00c9ZAR KEMP MARCONDES", "texto_original": "http://sapl.garca.sp.leg.br/media/", "ementa": "Sugerindo regulariza\u00e7\u00e3o da distribui\u00e7\u00e3o gratuita de fitas para medi\u00e7\u00e3o do n\u00edvel de a\u00e7\u00facar no sangue."}, {"id": "25196", "ano": "2007", "numero": "28", "tipo__sigla": "IND", "tipo__descricao": "Indica\u00e7\u00e3o", "autoria": "CORN\u00c9LIO C\u00c9ZAR KEMP MARCONDES", "texto_original": "http://sapl.garca.sp.leg.br/media/", "ementa": "Sugerindo opera\u00e7\u00e3o tapa-buracos nas ruas que especifica."}, {"id": "25197", "ano": "2007", "numero": "29", "tipo__sigla": "IND", "tipo__descricao": "Indica\u00e7\u00e3o", "autoria": "CORN\u00c9LIO C\u00c9ZAR KEMP MARCONDES", "texto_original": "http://sapl.garca.sp.leg.br/media/", "ementa": "Sugerindo aquisi\u00e7\u00e3o de viatura tipo \"UTI M\u00d3VEL\", devidamente equipada e com profissionais qualificados."}, {"id": "25198", "ano": "2007", "numero": "30", "tipo__sigla": "IND", "tipo__descricao": "Indica\u00e7\u00e3o", "autoria": "CORN\u00c9LIO C\u00c9ZAR KEMP MARCONDES", "texto_original": "http://sapl.garca.sp.leg.br/media/", "ementa": "Sugerindo implanta\u00e7\u00e3o de novo plano de cargos e sal\u00e1rios do funcionalismo p\u00fablico municipal, inclusive da classe do magist\u00e9rio."}, {"id": "25199", "ano": "2007", "numero": "31", "tipo__sigla": "IND", "tipo__descricao": "Indica\u00e7\u00e3o", "autoria": "MASSAO OGAWA", "texto_original": "http://sapl.garca.sp.leg.br/media/", "ementa": "Sugerindo coloca\u00e7\u00e3o de \"olhos de gatos\" nas placas da Prefeitura Municipal e do SAAE utilizadas para sinalizar obras que requerem a interdi\u00e7\u00e3o de tr\u00e2nsito nas vias p\u00fablicas do Munic\u00edpio."}, {"id": "25200", "ano": "2007", "numero": "32", "tipo__sigla": "IND", "tipo__descricao": "Indica\u00e7\u00e3o", "autoria": "MASSAO OGAWA, RODRIGO DE S\u00c1 FUNCHAL BARROS", "texto_original": "http://sapl.garca.sp.leg.br/media/", "ementa": "Sugerindo mudan\u00e7a de local da placa indicativa instalada defronte ao pr\u00e9dio da Telesp (Telef\u00f4nica), na Rua Bar\u00e3o do Rio Branco."}, {"id": "25201", "ano": "2007", "numero": "33", "tipo__sigla": "IND", "tipo__descricao": "Indica\u00e7\u00e3o", "autoria": "MASSAO OGAWA", "texto_original": "http://sapl.garca.sp.leg.br/media/", "ementa": "Sugerindo poda em \u00e1rvores pr\u00f3ximas a placas de tr\u00e2nsito."}, {"id": "25202", "ano": "2007", "numero": "34", "tipo__sigla": "IND", "tipo__descricao": "Indica\u00e7\u00e3o", "autoria": "MASSAO OGAWA", "texto_original": "http://sapl.garca.sp.leg.br/media/", "ementa": "Sugerindo produ\u00e7\u00e3o de mudas de \u00e1rvores conhecidas como Guarand\u00ed e fornecimento aos propriet\u00e1rios rurais."}, {"id": "25203", "ano": "2007", "numero": "35", "tipo__sigla": "IND", "tipo__descricao": "Indica\u00e7\u00e3o", "autoria": "MASSAO OGAWA", "texto_original": "http://sapl.garca.sp.leg.br/media/", "ementa": "Sugerindo servi\u00e7os de melhoramentos na estrada de terra que liga o Jardim Morada do Sol \u00e0 Vilota S\u00e3o Jos\u00e9, prolongamento da Rua Francisco Jorge Mirala."}, {"id": "25204", "ano": "2007", "numero": "36", "tipo__sigla": "IND", "tipo__descricao": "Indica\u00e7\u00e3o", "autoria": "MASSAO OGAWA", "texto_original": "http://sapl.garca.sp.leg.br/media/", "ementa": "Sugerindo duplica\u00e7\u00e3o da Av. Presidente Vargas, com prolongamento da Rua Rio Grande do Sul at\u00e9 o trevo para Bauru."}, {"id": "25205", "ano": "2007", "numero": "37", "tipo__sigla": "IND", "tipo__descricao": "Indica\u00e7\u00e3o", "autoria": "MASSAO OGAWA", "texto_original": "http://sapl.garca.sp.leg.br/media/", "ementa": "Sugerindo servi\u00e7os de sistema de drenagem das \u00e1guas que ficam empossadas ao redor do bebedouro instalado na \u00e1rea de lazer do Jardim dos Eucaliptos."}, {"id": "25206", "ano": "2007", "numero": "38", "tipo__sigla": "IND", "tipo__descricao": "Indica\u00e7\u00e3o", "autoria": "MASSAO OGAWA", "texto_original": "http://sapl.garca.sp.leg.br/media/", "ementa": "Sugerindo coleta de lixo di\u00e1ria junto \u00e0s casas de carnes."}, {"id": "25207", "ano": "2007", "numero": "39", "tipo__sigla": "IND", "tipo__descricao": "Indica\u00e7\u00e3o", "autoria": "MASSAO OGAWA", "texto_original": "http://sapl.garca.sp.leg.br/media/", "ementa": "Sugerindo provid\u00eancias em rela\u00e7\u00e3o aos c\u00e3es vadios que perambulam pelas ruas da cidade."}, {"id": "25208", "ano": "2007", "numero": "40", "tipo__sigla": "IND", "tipo__descricao": "Indica\u00e7\u00e3o", "autoria": "MASSAO OGAWA", "texto_original": "http://sapl.garca.sp.leg.br/media/", "ementa": "Sugerindo coloca\u00e7\u00e3o de alambrados atr\u00e1s das traves da quadra de esportes anexa \u00e0 escola EMEI Victor Hugo Boaretto."}, {"id": "25209", "ano": "2007", "numero": "41", "tipo__sigla": "IND", "tipo__descricao": "Indica\u00e7\u00e3o", "autoria": "PEDRO HENRIQUE SCARTEZINI", "texto_original": "http://sapl.garca.sp.leg.br/media/", "ementa": "Sugerindo passasgem de moto-niveladora no leito carro\u00e7\u00e1vel da estrada vicinal que liga o Munic\u00edpio de Gar\u00e7a ao Bairro Jabuticabeira e coloca\u00e7\u00e3o de cascalho no aclive mais acentuado (pr\u00f3ximo a olaria do Salvador)."}, {"id": "25216", "ano": "2007", "numero": "42", "tipo__sigla": "IND", "tipo__descricao": "Indica\u00e7\u00e3o", "autoria": "WILSON ALVES (VI)", "texto_original": "http://sapl.garca.sp.leg.br/media/", "ementa": "Sugerindo pintura da cobertura dos pontos de t\u00e1xi localizados na Pra\u00e7a Rui Barbosa, esquina das Ruas Heitor Penteado e Sgto. Wilson Abel de Oliveira."}, {"id": "25217", "ano": "2007", "numero": "43", "tipo__sigla": "IND", "tipo__descricao": "Indica\u00e7\u00e3o", "autoria": "WILSON ALVES (VI)", "texto_original": "http://sapl.garca.sp.leg.br/media/", "ementa": "Sugerindo erradica\u00e7\u00e3o, com posterior substitui\u00e7\u00e3o, de \u00e1rvore localizada no passeio p\u00fablico do im\u00f3vel da Rua Peroba n\u00ba 546."}, {"id": "25218", "ano": "2007", "numero": "44", "tipo__sigla": "IND", "tipo__descricao": "Indica\u00e7\u00e3o", "autoria": "JOS\u00c9 MARIA PIOLA, WILSON ALVES (VI)", "texto_original": "http://sapl.garca.sp.leg.br/media/", "ementa": "Sugerindo a constru\u00e7\u00e3o de um cremat\u00f3rio para se realizar a incinera\u00e7\u00e3o de urnas deterioradas, junto ao Cemit\u00e9rio Santa Faustina."}, {"id": "25219", "ano": "2007", "numero": "45", "tipo__sigla": "IND", "tipo__descricao": "Indica\u00e7\u00e3o", "autoria": "ADAMIR MAUR\u00cdCIO DE BARROS, JOS\u00c9 MARIA PIOLA", "texto_original": "http://sapl.garca.sp.leg.br/media/", "ementa": "Sugerindo melhorar o sistema de capta\u00e7\u00e3o de \u00e1guas pluviais advindas da Rua S\u00e3o Jo\u00e3o."}, {"id": "25220", "ano": "2007", "numero": "46", "tipo__sigla": "IND", "tipo__descricao": "Indica\u00e7\u00e3o", "autoria": "JOS\u00c9 MARIA PIOLA", "texto_original": "http://sapl.garca.sp.leg.br/media/", "ementa": "Sugerindo coloca\u00e7\u00e3o de um caminh\u00e3o de terra no quintal da resid\u00eancia localizada \u00e0 Rua Gama, n\u00ba 39."}, {"id": "25221", "ano": "2007", "numero": "47", "tipo__sigla": "IND", "tipo__descricao": "Indica\u00e7\u00e3o", "autoria": "WILSON ALVES (VI)", "texto_original": "http://sapl.garca.sp.leg.br/media/", "ementa": "Sugerindo limpeza e capina\u00e7\u00e3o de trecho de via p\u00fablica localizada na rua sem sa\u00edda atr\u00e1s da EE Nely Carbonieri de Andrade."}, {"id": "25222", "ano": "2007", "numero": "48", "tipo__sigla": "IND", "tipo__descricao": "Indica\u00e7\u00e3o", "autoria": "JOS\u00c9 MARIA PIOLA", "texto_original": "http://sapl.garca.sp.leg.br/media/", "ementa": "Sugerindo contato com a CPFL visando a reativa\u00e7\u00e3o do sistema de ilumina\u00e7\u00e3o p\u00fablica no in\u00edcio da Rua Carlos Gomes."}, {"id": "25223", "ano": "2007", "numero": "49", "tipo__sigla": "IND", "tipo__descricao": "Indica\u00e7\u00e3o", "autoria": "MASSAO OGAWA", "texto_original": "http://sapl.garca.sp.leg.br/media/", "ementa": "Sugerindo a coloca\u00e7\u00e3o de coberturas e assentos nos pontos de \u00f4nibus existentes pr\u00f3ximos \u00e0s instala\u00e7\u00f5es do novo supermercado \"Serve Todos\"."}, {"id": "25224", "ano": "2007", "numero": "50", "tipo__sigla": "IND", "tipo__descricao": "Indica\u00e7\u00e3o", "autoria": "MASSAO OGAWA", "texto_original": "http://sapl.garca.sp.leg.br/media/", "ementa": "Sugerindo a instala\u00e7\u00e3o de sinaliza\u00e7\u00e3o de alerta nos principais cruzamentos da cidade."}, {"id": "25225", "ano": "2007", "numero": "51", "tipo__sigla": "IND", "tipo__descricao": "Indica\u00e7\u00e3o", "autoria": "MASSAO OGAWA", "texto_original": "http://sapl.garca.sp.leg.br/media/", "ementa": "Sugerindo a elabora\u00e7\u00e3o de projeto de lei inserindo na grade curricular das escolas municipais, a disciplina \"Educa\u00e7\u00e3o Ambiental\"."}, {"id": "25226", "ano": "2007", "numero": "52", "tipo__sigla": "IND", "tipo__descricao": "Indica\u00e7\u00e3o", "autoria": "MASSAO OGAWA", "texto_original": "http://sapl.garca.sp.leg.br/media/", "ementa": "Sugerindo coloca\u00e7\u00e3o de faixas nas principais vias do Munic\u00edpio, conscientizando o foli\u00e3o garcense \u00e0 brincar o carnaval com responsabilidade."}, {"id": "25227", "ano": "2007", "numero": "53", "tipo__sigla": "IND", "tipo__descricao": "Indica\u00e7\u00e3o", "autoria": "MASSAO OGAWA", "texto_original": "http://sapl.garca.sp.leg.br/media/", "ementa": "Sugerindo a realiza\u00e7\u00e3o de campanha permanente de preven\u00e7\u00e3o e combate \u00e0 verminose."}, {"id": "25228", "ano": "2007", "numero": "54", "tipo__sigla": "IND", "tipo__descricao": "Indica\u00e7\u00e3o", "autoria": "MASSAO OGAWA", "texto_original": "http://sapl.garca.sp.leg.br/media/", "ementa": "Sugerindo servi\u00e7os de tapa-buracos, pintura de faixas e pavimenta\u00e7\u00e3o asf\u00e1ltica do acostamento da Avenida da Saudade."}, {"id": "25229", "ano": "2007", "numero": "55", "tipo__sigla": "IND", "tipo__descricao": "Indica\u00e7\u00e3o", "autoria": "WILSON ALVES (VI)", "texto_original": "http://sapl.garca.sp.leg.br/media/", "ementa": "Sugerindo instala\u00e7\u00e3o de redutor de velocidade no trecho inicial da Rua Ros\u00e1rio Martino."}, {"id": "25230", "ano": "2007", "numero": "56", "tipo__sigla": "IND", "tipo__descricao": "Indica\u00e7\u00e3o", "autoria": "SEBASTI\u00c3O TOLDATO GALEGO", "texto_original": "http://sapl.garca.sp.leg.br/media/", "ementa": "Sugerindo limpeza do sistema de escoamento de \u00e1guas pluviais no final da Rua Um, no distrito de Jafa."}, {"id": "25231", "ano": "2007", "numero": "57", "tipo__sigla": "IND", "tipo__descricao": "Indica\u00e7\u00e3o", "autoria": "CORN\u00c9LIO C\u00c9ZAR KEMP MARCONDES", "texto_original": "http://sapl.garca.sp.leg.br/media/", "ementa": "Sugerindo a constru\u00e7\u00e3o de cal\u00e7adas nos passeios p\u00fablicos dos im\u00f3veis de propriedade do Munic\u00edpio e suas respectivas autarquias."}, {"id": "25232", "ano": "2007", "numero": "58", "tipo__sigla": "IND", "tipo__descricao": "Indica\u00e7\u00e3o", "autoria": "CORN\u00c9LIO C\u00c9ZAR KEMP MARCONDES", "texto_original": "http://sapl.garca.sp.leg.br/media/", "ementa": "Sugerindo agilizar os procedimentos para o in\u00edcio da pintura do Edif\u00edcio do F\u00f3rum local."}, {"id": "25233", "ano": "2007", "numero": "59", "tipo__sigla": "IND", "tipo__descricao": "Indica\u00e7\u00e3o", "autoria": "CORN\u00c9LIO C\u00c9ZAR KEMP MARCONDES", "texto_original": "http://sapl.garca.sp.leg.br/media/", "ementa": "Sugerindo a oferta de apoio e incentivo aos atletas que participam de competi\u00e7\u00f5es diversas divulgando o nome do Munic\u00edpio."}, {"id": "25237", "ano": "2007", "numero": "60", "tipo__sigla": "IND", "tipo__descricao": "Indica\u00e7\u00e3o", "autoria": "WILSON ALVES (VI)", "texto_original": "http://sapl.garca.sp.leg.br/media/", "ementa": "Sugerindo pintura da faixa de travessia de pedestres (sentido centro-bairro) e sinaliza\u00e7\u00e3o de parada obrigat\u00f3ria (sentido bairro-centro), junto \u00e0 Rotat\u00f3ria Marco Zero."}, {"id": "25236", "ano": "2007", "numero": "61", "tipo__sigla": "IND", "tipo__descricao": "Indica\u00e7\u00e3o", "autoria": "WILSON ALVES (VI)", "texto_original": "http://sapl.garca.sp.leg.br/media/", "ementa": "Sugerindo limpeza geral semanal e poda das copas das \u00e1rvores da Pra\u00e7a Tancredo Neves. "}, {"id": "25235", "ano": "2007", "numero": "62", "tipo__sigla": "IND", "tipo__descricao": "Indica\u00e7\u00e3o", "autoria": "WILSON ALVES (VI)", "texto_original": "http://sapl.garca.sp.leg.br/media/", "ementa": "Sugerindo a retirada de um tronco de uma \u00e1rvore localizado no passeio p\u00fablico da Rua Melchiades Nery de Castro, defronte o im\u00f3vel de n\u00ba 129."}, {"id": "25234", "ano": "2007", "numero": "63", "tipo__sigla": "IND", "tipo__descricao": "Indica\u00e7\u00e3o", "autoria": "WILSON ALVES (VI)", "texto_original": "http://sapl.garca.sp.leg.br/media/", "ementa": "Sugerindo urgente remodela\u00e7\u00e3o do acesso \u00e0s depend\u00eancias do Ciretran, com a constru\u00e7\u00e3o de uma rampa para acesso de deficientes f\u00edsicos."}, {"id": "25238", "ano": "2007", "numero": "64", "tipo__sigla": "IND", "tipo__descricao": "Indica\u00e7\u00e3o", "autoria": "WILSON ALVES (VI)", "texto_original": "http://sapl.garca.sp.leg.br/media/", "ementa": "Sugerindo remodela\u00e7\u00e3o da quadra \"h\", destinada ao sepultamento de indigentes, no Cemit\u00e9rio Santa Faustina."}, {"id": "25239", "ano": "2007", "numero": "65", "tipo__sigla": "IND", "tipo__descricao": "Indica\u00e7\u00e3o", "autoria": "WILSON ALVES (VI)", "texto_original": "http://sapl.garca.sp.leg.br/media/", "ementa": "Sugerindo melhor disciplinamento para o estacionamento de motos na regi\u00e3o central do Munic\u00edpio."}, {"id": "25240", "ano": "2007", "numero": "66", "tipo__sigla": "IND", "tipo__descricao": "Indica\u00e7\u00e3o", "autoria": "JOS\u00c9 MARIA PIOLA", "texto_original": "http://sapl.garca.sp.leg.br/media/", "ementa": "Sugerindo a notifica\u00e7\u00e3o do propriet\u00e1rio de im\u00f3veis localizados na Rua Minas Gerais, no trecho compreendido entre as Ruas Sgto. Wilson Abel de Oliveira e Bar\u00e3o do Rio Branco, lado esquerdo no sentido bairro-centro, para realizar reparos necess\u00e1rios."}, {"id": "25241", "ano": "2007", "numero": "67", "tipo__sigla": "IND", "tipo__descricao": "Indica\u00e7\u00e3o", "autoria": "WILSON ALVES (VI)", "texto_original": "http://sapl.garca.sp.leg.br/media/", "ementa": "Sugerindo a cria\u00e7\u00e3o de um centro de recondicionamento e reciclagem de computadores no munic\u00edpio de Gar\u00e7a."}, {"id": "25242", "ano": "2007", "numero": "68", "tipo__sigla": "IND", "tipo__descricao": "Indica\u00e7\u00e3o", "autoria": "WILSON ALVES (VI)", "texto_original": "http://sapl.garca.sp.leg.br/media/", "ementa": "Sugerindo servi\u00e7o de aferi\u00e7\u00e3o junto ao rel\u00f3gio instalado na Concha Ac\u00fastica."}, {"id": "25243", "ano": "2007", "numero": "69", "tipo__sigla": "IND", "tipo__descricao": "Indica\u00e7\u00e3o", "autoria": "CORN\u00c9LIO C\u00c9ZAR KEMP MARCONDES", "texto_original": "http://sapl.garca.sp.leg.br/media/", "ementa": "Sugerindo a inclus\u00e3o da Rua Prefeito Salviano Pereira de Andrade, principalmente no trecho compreendido entre as Ruas Armando Sales de Oliveira e Caramuru, na \"opera\u00e7\u00e3o tapa-buracos\"."}, {"id": "25244", "ano": "2007", "numero": "70", "tipo__sigla": "IND", "tipo__descricao": "Indica\u00e7\u00e3o", "autoria": "CORN\u00c9LIO C\u00c9ZAR KEMP MARCONDES", "texto_original": "http://sapl.garca.sp.leg.br/media/", "ementa": "Sugerindo oferecer maior apoio e incentivo \u00e0 AELT, bem como \u00e0s equipe e atletas, visando o fortalecimento do Campeonato de Futebol Amador local."}, {"id": "25245", "ano": "2007", "numero": "71", "tipo__sigla": "IND", "tipo__descricao": "Indica\u00e7\u00e3o", "autoria": "CORN\u00c9LIO C\u00c9ZAR KEMP MARCONDES", "texto_original": "http://sapl.garca.sp.leg.br/media/", "ementa": "Sugerindo oferecer maior apoio e incentivo \u00e0 classe do funcionalismo local."}, {"id": "25246", "ano": "2007", "numero": "72", "tipo__sigla": "IND", "tipo__descricao": "Indica\u00e7\u00e3o", "autoria": "CORN\u00c9LIO C\u00c9ZAR KEMP MARCONDES", "texto_original": "http://sapl.garca.sp.leg.br/media/", "ementa": "Sugerindo a denomina\u00e7\u00e3o de uma via, logradouro, pr\u00e9dio ou pra\u00e7a esportiva de \"Eronides Jos\u00e9 Barbosa\"."}, {"id": "25247", "ano": "2007", "numero": "73", "tipo__sigla": "IND", "tipo__descricao": "Indica\u00e7\u00e3o", "autoria": "CORN\u00c9LIO C\u00c9ZAR KEMP MARCONDES", "texto_original": "http://sapl.garca.sp.leg.br/media/", "ementa": "Sugerindo implanta\u00e7\u00e3o do \"B\u00f4nus da Educa\u00e7\u00e3o\" no Munic\u00edpio."}, {"id": "25248", "ano": "2007", "numero": "74", "tipo__sigla": "IND", "tipo__descricao": "Indica\u00e7\u00e3o", "autoria": "CORN\u00c9LIO C\u00c9ZAR KEMP MARCONDES", "texto_original": "http://sapl.garca.sp.leg.br/media/", "ementa": "Sugerindo estudos visando evitar a dilapida\u00e7\u00e3o do patrim\u00f4nio p\u00fablico, inclusive de bancos doados por empresas e garcenses instalados em pra\u00e7as e logradouros do Munic\u00edpio."}, {"id": "25249", "ano": "2007", "numero": "75", "tipo__sigla": "IND", "tipo__descricao": "Indica\u00e7\u00e3o", "autoria": "MASSAO OGAWA", "texto_original": "http://sapl.garca.sp.leg.br/media/", "ementa": "Sugerindo servi\u00e7os de finaliza\u00e7\u00e3o da rampa de acesso de deficientes f\u00edsicos defronte a Ag\u00eancia dos Correios."}, {"id": "25250", "ano": "2007", "numero": "76", "tipo__sigla": "IND", "tipo__descricao": "Indica\u00e7\u00e3o", "autoria": "MASSAO OGAWA", "texto_original": "http://sapl.garca.sp.leg.br/media/", "ementa": "Sugerindo a amplia\u00e7\u00e3o da equipe do Programa Sa\u00fade da Fam\u00edlia destinada ao atendimento dos bairros Eucaliptos e Paineiras."}, {"id": "25251", "ano": "2007", "numero": "77", "tipo__sigla": "IND", "tipo__descricao": "Indica\u00e7\u00e3o", "autoria": "MASSAO OGAWA", "texto_original": "http://sapl.garca.sp.leg.br/media/", "ementa": "Sugerindo desenvolvimento de projeto de constru\u00e7\u00e3o de uma pra\u00e7a no Jardim Morada do Sol."}, {"id": "25252", "ano": "2007", "numero": "78", "tipo__sigla": "IND", "tipo__descricao": "Indica\u00e7\u00e3o", "autoria": "MASSAO OGAWA", "texto_original": "http://sapl.garca.sp.leg.br/media/", "ementa": "Sugerindo servi\u00e7os de revitaliza\u00e7\u00e3o da \"Pra\u00e7a do Belmiro\", no Jardim Sol Nascente."}, {"id": "25253", "ano": "2007", "numero": "79", "tipo__sigla": "IND", "tipo__descricao": "Indica\u00e7\u00e3o", "autoria": "MASSAO OGAWA", "texto_original": "http://sapl.garca.sp.leg.br/media/", "ementa": "Sugerindo servi\u00e7os de terraplanagem e manuten\u00e7\u00e3o das caixas de conten\u00e7\u00e3o de \u00e1guas pluviais constru\u00eddas atrav\u00e9s do Projeto Melhor Caminho, na estrada que leva ao bairro Santo Andr\u00e9, sentido Clube de Campo Banespinha."}, {"id": "25254", "ano": "2007", "numero": "80", "tipo__sigla": "IND", "tipo__descricao": "Indica\u00e7\u00e3o", "autoria": "JACOB DA SILVA, MASSAO OGAWA", "texto_original": "http://sapl.garca.sp.leg.br/media/", "ementa": "Sugerindo servi\u00e7os de dedetiza\u00e7\u00e3o das ruas que margeiam os c\u00f3rregos existentes dentro do per\u00edmetro urbano."}, {"id": "25255", "ano": "2007", "numero": "81", "tipo__sigla": "IND", "tipo__descricao": "Indica\u00e7\u00e3o", "autoria": "MASSAO OGAWA", "texto_original": "http://sapl.garca.sp.leg.br/media/", "ementa": "Sugerindo melhorias em rela\u00e7\u00e3o ao tr\u00e2nsito de ve\u00edculos entre as Ruas Jos\u00e9 Augusto Escobar e Pe. Paulo de Toledo Leite, na conhecida \"Rotat\u00f3ria do Burac\u00e3o\"."}, {"id": "25256", "ano": "2007", "numero": "82", "tipo__sigla": "IND", "tipo__descricao": "Indica\u00e7\u00e3o", "autoria": "JOS\u00c9 MARIA PIOLA", "texto_original": "http://sapl.garca.sp.leg.br/media/", "ementa": "Sugerindo melhorias no leito carro\u00e7\u00e1vel de trecho da Rua Pe. Paulo de Toledo Leite, que serve de acesso \u00e0 Vila dos Comerci\u00e1rios."}, {"id": "25211", "ano": "2007", "numero": "83", "tipo__sigla": "IND", "tipo__descricao": "Indica\u00e7\u00e3o", "autoria": "PEDRO HENRIQUE SCARTEZINI", "texto_original": "http://sapl.garca.sp.leg.br/media/", "ementa": "Sugerindo estender por alguns metros a constru\u00e7\u00e3o do canteiro da Av. Dr. Labieno da Costa Machado, evitando a converg\u00eancia de ve\u00edculos em alta velocidade dessa Avenida para a Alameda Vicente Bertone."}, {"id": "25257", "ano": "2007", "numero": "84", "tipo__sigla": "IND", "tipo__descricao": "Indica\u00e7\u00e3o", "autoria": "JOS\u00c9 MARIA PIOLA", "texto_original": "http://sapl.garca.sp.leg.br/media/", "ementa": "Sugerindo notificar propriet\u00e1rio de terreno localizado na Rua Agostinho Salesse, ao lado do im\u00f3vel de n\u00famero 381, para proceder a capina\u00e7\u00e3o e limpeza do mesmo."}, {"id": "25258", "ano": "2007", "numero": "85", "tipo__sigla": "IND", "tipo__descricao": "Indica\u00e7\u00e3o", "autoria": "PEDRO HENRIQUE SCARTEZINI", "texto_original": "http://sapl.garca.sp.leg.br/media/", "ementa": "Sugerindo proceder um projeto de revitaliza\u00e7\u00e3o da Pra\u00e7a Jos\u00e9 Alves Moreira."}, {"id": "25259", "ano": "2007", "numero": "86", "tipo__sigla": "IND", "tipo__descricao": "Indica\u00e7\u00e3o", "autoria": "WILSON ALVES (VI)", "texto_original": "http://sapl.garca.sp.leg.br/media/", "ementa": "Sugerindo a substitui\u00e7\u00e3o de \u00e1rvore localizada defronte o im\u00f3vel localizado \u00e0 Rua Nabor Silva n\u00ba 307."}, {"id": "25260", "ano": "2007", "numero": "87", "tipo__sigla": "IND", "tipo__descricao": "Indica\u00e7\u00e3o", "autoria": "MASSAO OGAWA", "texto_original": "http://sapl.garca.sp.leg.br/media/", "ementa": "Sugerindo poda de \u00e1rvore localizada na esquina das Ruas Bar\u00e3o do Rio Branco com Pe. Paulo de Toledo Leite e poda de arbustos \u00e0 Av. Dr. Labieno da Costa Machado, pr\u00f3ximos a empresa PPA."}, {"id": "25261", "ano": "2007", "numero": "88", "tipo__sigla": "IND", "tipo__descricao": "Indica\u00e7\u00e3o", "autoria": "MASSAO OGAWA", "texto_original": "http://sapl.garca.sp.leg.br/media/", "ementa": "Sugerindo tentativa de identifica\u00e7\u00e3o de mun\u00edcipe que est\u00e1 depositando lixo dom\u00e9stico no centro da Rotat\u00f3ria Marco Zero."}, {"id": "25262", "ano": "2007", "numero": "89", "tipo__sigla": "IND", "tipo__descricao": "Indica\u00e7\u00e3o", "autoria": "MASSAO OGAWA", "texto_original": "http://sapl.garca.sp.leg.br/media/", "ementa": "Sugerindo divulga\u00e7\u00e3o da imprensa local, falada e escrita, do curso b\u00e1scio de inform\u00e1tica que ser\u00e1 realizado pelo Programa Escola da Fam\u00edlia da EE Prof. Alcyr da Rosa Lima."}, {"id": "25263", "ano": "2007", "numero": "90", "tipo__sigla": "IND", "tipo__descricao": "Indica\u00e7\u00e3o", "autoria": "MASSAO OGAWA", "texto_original": "http://sapl.garca.sp.leg.br/media/", "ementa": "Sugerindo apoio e a participa\u00e7\u00e3o da Secretaria Municipal de Agricultura e Meio Ambinete na rec\u00e9m formada \"Associa\u00e7\u00e3o de Produtores de Caf\u00e9 Especial\"."}, {"id": "25264", "ano": "2007", "numero": "91", "tipo__sigla": "IND", "tipo__descricao": "Indica\u00e7\u00e3o", "autoria": "VALDEMAR ZIMIANI", "texto_original": "http://sapl.garca.sp.leg.br/media/", "ementa": "Sugerindo instala\u00e7\u00e3o de placas alertando sobre os cuidados a serem tomados antes da travessia da linha f\u00e9rrea que cruza a estrada vicinal que d\u00e1 acesso ao Bairro Itiratup\u00e3."}, {"id": "25265", "ano": "2007", "numero": "92", "tipo__sigla": "IND", "tipo__descricao": "Indica\u00e7\u00e3o", "autoria": "CORN\u00c9LIO C\u00c9ZAR KEMP MARCONDES", "texto_original": "http://sapl.garca.sp.leg.br/media/", "ementa": "Sugerindo denominar de \"Karina Lopes Chiquini\" uma escola municipal, via, pra\u00e7a ou equipamento p\u00fablico do Munic\u00edpio."}, {"id": "25266", "ano": "2007", "numero": "93", "tipo__sigla": "IND", "tipo__descricao": "Indica\u00e7\u00e3o", "autoria": "CORN\u00c9LIO C\u00c9ZAR KEMP MARCONDES, JACOB DA SILVA", "texto_original": "http://sapl.garca.sp.leg.br/media/", "ementa": "Sugerindo denominar de \"Antonio Henrique Leal de Oliveira\" uma via, logradouro, pr\u00e9dio ou pra\u00e7a p\u00fablica do Munic\u00edpio."}, {"id": "25267", "ano": "2007", "numero": "94", "tipo__sigla": "IND", "tipo__descricao": "Indica\u00e7\u00e3o", "autoria": "CORN\u00c9LIO C\u00c9ZAR KEMP MARCONDES", "texto_original": "http://sapl.garca.sp.leg.br/media/", "ementa": "Sugerindo implanta\u00e7\u00e3o de pra\u00e7a p\u00fablica e parque infantil  no Jardim Frei Aur\u00e9lio Di Falco."}, {"id": "25268", "ano": "2007", "numero": "95", "tipo__sigla": "IND", "tipo__descricao": "Indica\u00e7\u00e3o", "autoria": "CORN\u00c9LIO C\u00c9ZAR KEMP MARCONDES", "texto_original": "http://sapl.garca.sp.leg.br/media/", "ementa": "Sugerindo o destacamento de um vigia para atuar no Cemit\u00e9rio Municipal Santa Faustina e Vel\u00f3rio Municipal, quando da ocorr\u00eancia de vel\u00f3rios no per\u00edodo noturno."}, {"id": "25214", "ano": "2007", "numero": "96", "tipo__sigla": "IND", "tipo__descricao": "Indica\u00e7\u00e3o", "autoria": "JOS\u00c9 MARIA PIOLA", "texto_original": "http://sapl.garca.sp.leg.br/media/", "ementa": "Sugerindo a inclus\u00e3o das vias p\u00fablicas do Bairro Jardim Paulista, na opera\u00e7\u00e3o tapa-buracos realizada pelo Munic\u00edpio."}, {"id": "25269", "ano": "2007", "numero": "97", "tipo__sigla": "IND", "tipo__descricao": "Indica\u00e7\u00e3o", "autoria": "WILSON ALVES (VI)", "texto_original": "http://sapl.garca.sp.leg.br/media/", "ementa": "Sugerindo a renova\u00e7\u00e3o da pintura da sinaliza\u00e7\u00e3o de solo indicando parada obrigat\u00f3ria nos cruzamentos da Rua Antenor Lara Campos com outras vias p\u00fablicas, de seu in\u00edcio at\u00e9 a Rua Jo\u00e3o Bento."}, {"id": "25270", "ano": "2007", "numero": "98", "tipo__sigla": "IND", "tipo__descricao": "Indica\u00e7\u00e3o", "autoria": "JOS\u00c9 MARIA PIOLA", "texto_original": "http://sapl.garca.sp.leg.br/media/", "ementa": "Sugerindo o estabelecimento de um espa\u00e7o privativo para estacionamento nas proximidades do 1\u00ba Distrito Policial, no in\u00edcio da Rua Dep. Manoel Joaquim Fernandes."}, {"id": "25271", "ano": "2007", "numero": "99", "tipo__sigla": "IND", "tipo__descricao": "Indica\u00e7\u00e3o", "autoria": "WILSON ALVES (VI)", "texto_original": "http://sapl.garca.sp.leg.br/media/", "ementa": "Sugerindo intensificar fiscaliza\u00e7\u00e3o nos estabelecimentos banc\u00e1rios, visando o cumprimento da Lei n\u00ba 4.060/2007, que os obriga a instalarem assentos, bebedouro, c\u00e2mera de filmagem e senha de atendimento."}, {"id": "25272", "ano": "2007", "numero": "100", "tipo__sigla": "IND", "tipo__descricao": "Indica\u00e7\u00e3o", "autoria": "ADAMIR MAUR\u00cdCIO DE BARROS", "texto_original": "http://sapl.garca.sp.leg.br/media/", "ementa": "Sugerindo para que quando da contrata\u00e7\u00e3o de servi\u00e7o de som, seja dada prefer\u00eancia a empres\u00e1rios locais do ramo."}, {"id": "25273", "ano": "2007", "numero": "101", "tipo__sigla": "IND", "tipo__descricao": "Indica\u00e7\u00e3o", "autoria": "WILSON ALVES (VI)", "texto_original": "http://sapl.garca.sp.leg.br/media/", "ementa": "Sugerindo a recupera\u00e7\u00e3o do leito carro\u00e7\u00e1vel da Av. Presidente Vargas, no trecho compreendido entre o Auto Posto Papagaio e a sa\u00edda de acesso para a SP-294."}, {"id": "25274", "ano": "2007", "numero": "102", "tipo__sigla": "IND", "tipo__descricao": "Indica\u00e7\u00e3o", "autoria": "WILSON ALVES (VI)", "texto_original": "http://sapl.garca.sp.leg.br/media/", "ementa": "Sugerindo a insitui\u00e7\u00e3o de m\u00e3o \u00fanica de dire\u00e7\u00e3o no trecho que compreende a regi\u00e3o central do Munic\u00edpio da Rua Pe. Paulo de Toledo Leite."}, {"id": "25275", "ano": "2007", "numero": "103", "tipo__sigla": "IND", "tipo__descricao": "Indica\u00e7\u00e3o", "autoria": "MASSAO OGAWA", "texto_original": "http://sapl.garca.sp.leg.br/media/", "ementa": "Sugerindo realiza\u00e7\u00e3o de eventos direcionados aos motociclistas, em raz\u00e3o da aproxima\u00e7\u00e3o do \"Dia do Motociclista\", no pr\u00f3ximo dia 11 de mar\u00e7o."}, {"id": "25276", "ano": "2007", "numero": "104", "tipo__sigla": "IND", "tipo__descricao": "Indica\u00e7\u00e3o", "autoria": "MASSAO OGAWA, MILTON PINHEIRO DE OLIVEIRA", "texto_original": "http://sapl.garca.sp.leg.br/media/", "ementa": "Sugerindo deflagra\u00e7\u00e3o de campanha emergencial, visando o combate \u00e0 prolifera\u00e7\u00e3o de carrapatos e pulgas nessa \u00e9poca do ano."}, {"id": "25277", "ano": "2007", "numero": "105", "tipo__sigla": "IND", "tipo__descricao": "Indica\u00e7\u00e3o", "autoria": "MASSAO OGAWA, MILTON PINHEIRO DE OLIVEIRA", "texto_original": "http://sapl.garca.sp.leg.br/media/", "ementa": "Sugerindo divulga\u00e7\u00e3o das vagas existentes para os v\u00e1rios cursos do Projeto Guri, na imprensa falada e escrita do Munic\u00edpio."}, {"id": "25278", "ano": "2007", "numero": "106", "tipo__sigla": "IND", "tipo__descricao": "Indica\u00e7\u00e3o", "autoria": "MASSAO OGAWA", "texto_original": "http://sapl.garca.sp.leg.br/media/", "ementa": "Sugerindo realiza\u00e7\u00e3o de processo seletivo e contrata\u00e7\u00e3o de mais servidores para ocuparem o cargo de fiscal."}, {"id": "25279", "ano": "2007", "numero": "107", "tipo__sigla": "IND", "tipo__descricao": "Indica\u00e7\u00e3o", "autoria": "MASSAO OGAWA", "texto_original": "http://sapl.garca.sp.leg.br/media/", "ementa": "Sugerindo realiza\u00e7\u00e3o de eventos direcionados \u00e0s mulheres garcenses em raz\u00e3o da aproxima\u00e7\u00e3o do Dia Internacional da Mulher, no pr\u00f3ximo dia 08 de mar\u00e7o."}, {"id": "25280", "ano": "2007", "numero": "108", "tipo__sigla": "IND", "tipo__descricao": "Indica\u00e7\u00e3o", "autoria": "PEDRO HENRIQUE SCARTEZINI", "texto_original": "http://sapl.garca.sp.leg.br/media/", "ementa": "Sugerindo servi\u00e7os de tapa-buracos junto \u00e0 Rua Melchiades Nery de Castro."}, {"id": "25281", "ano": "2007", "numero": "109", "tipo__sigla": "IND", "tipo__descricao": "Indica\u00e7\u00e3o", "autoria": "MASSAO OGAWA", "texto_original": "http://sapl.garca.sp.leg.br/media/", "ementa": "Sugerindo reparo no leito carro\u00e7\u00e1vel de vias p\u00fablicas do Munic\u00edpio, eliminando os popularmente conhecidos \"embarrigamentos\" da camada asf\u00e1ltica."}, {"id": "25282", "ano": "2007", "numero": "110", "tipo__sigla": "IND", "tipo__descricao": "Indica\u00e7\u00e3o", "autoria": "CORN\u00c9LIO C\u00c9ZAR KEMP MARCONDES", "texto_original": "http://sapl.garca.sp.leg.br/media/", "ementa": "Sugerindo denominar uma via, logradouro ou pr\u00f3prio p\u00fablico municipal de \"Frederico Platzeck J\u00fanior\"."}, {"id": "25283", "ano": "2007", "numero": "111", "tipo__sigla": "IND", "tipo__descricao": "Indica\u00e7\u00e3o", "autoria": "CORN\u00c9LIO C\u00c9ZAR KEMP MARCONDES", "texto_original": "http://sapl.garca.sp.leg.br/media/", "ementa": "Sugerindo denominar uma via, logradouro, pr\u00f3prio p\u00fablico ou pra\u00e7a esportiva do Munic\u00edpio de \"Jo\u00e3o Luiz Zancop\u00e9\"."}, {"id": "25284", "ano": "2007", "numero": "112", "tipo__sigla": "IND", "tipo__descricao": "Indica\u00e7\u00e3o", "autoria": "CORN\u00c9LIO C\u00c9ZAR KEMP MARCONDES, J\u00daLIO MARCONDES DE MOURA FILHO", "texto_original": "http://sapl.garca.sp.leg.br/media/", "ementa": "Sugerindo a destina\u00e7\u00e3o de \u00e1reas, dotadas de toda a infra-estrutura necess\u00e1ria, para instala\u00e7\u00e3o de novas ind\u00fastrias e empresas no Munic\u00edpio."}, {"id": "25213", "ano": "2007", "numero": "113", "tipo__sigla": "IND", "tipo__descricao": "Indica\u00e7\u00e3o", "autoria": "MASSAO OGAWA", "texto_original": "http://sapl.garca.sp.leg.br/media/", "ementa": "Sugerindo servi\u00e7os de tapa buracos na Av. Dr. Labieno da Costa Machado, na altura do sem\u00e1foro no cruzamento com a Rua Cel. Joaquim Piza."}, {"id": "25285", "ano": "2007", "numero": "114", "tipo__sigla": "IND", "tipo__descricao": "Indica\u00e7\u00e3o", "autoria": "MILTON PINHEIRO DE OLIVEIRA, WILSON ALVES (VI)", "texto_original": "http://sapl.garca.sp.leg.br/media/", "ementa": "Sugerindo a institui\u00e7\u00e3o de norma legal municipal regulamentando a vistoria peri\u00f3dica e fornecimento de laudos t\u00e9cnicos para marquises e pr\u00e9dios antigos, notadamente \u00e0queles onde verifica-se uma grande concentra\u00e7\u00e3o popular."}, {"id": "25289", "ano": "2007", "numero": "115", "tipo__sigla": "IND", "tipo__descricao": "Indica\u00e7\u00e3o", "autoria": "ADAMIR MAUR\u00cdCIO DE BARROS", "texto_original": "http://sapl.garca.sp.leg.br/media/", "ementa": "Sugerindo a instala\u00e7\u00e3o de redutor de velocidade e/ou ado\u00e7\u00e3o de outra medida cab\u00edvel, junto \u00e0 Rua Agostinho Machado."}, {"id": "25288", "ano": "2007", "numero": "116", "tipo__sigla": "IND", "tipo__descricao": "Indica\u00e7\u00e3o", "autoria": "SEBASTI\u00c3O TOLDATO GALEGO", "texto_original": "http://sapl.garca.sp.leg.br/media/", "ementa": "Sugerindo melhorar o escoamento das \u00e1guas pluviais na altura do n\u00ba 577 da Av. Faustina, defronte a EE prof\u00aa Maria do Carmo Pompeu Castro."}, {"id": "25287", "ano": "2007", "numero": "117", "tipo__sigla": "IND", "tipo__descricao": "Indica\u00e7\u00e3o", "autoria": "SEBASTI\u00c3O TOLDATO GALEGO", "texto_original": "http://sapl.garca.sp.leg.br/media/", "ementa": "Sugerindo a inclus\u00e3o do trecho inicial da Rua \u00c2ngelo Corazza no pr\u00f3ximo plano de pavimenta\u00e7\u00e3o asf\u00e1ltica."}, {"id": "25286", "ano": "2007", "numero": "118", "tipo__sigla": "IND", "tipo__descricao": "Indica\u00e7\u00e3o", "autoria": "SEBASTI\u00c3O TOLDATO GALEGO", "texto_original": "http://sapl.garca.sp.leg.br/media/", "ementa": "Sugerindo alterar a denomina\u00e7\u00e3o da Rua Hum, no distrito de Jafa, para Rua Jos\u00e9 Ant\u00f4nio Xavier."}, {"id": "25290", "ano": "2007", "numero": "119", "tipo__sigla": "IND", "tipo__descricao": "Indica\u00e7\u00e3o", "autoria": "SEBASTI\u00c3O TOLDATO GALEGO", "texto_original": "http://sapl.garca.sp.leg.br/media/", "ementa": "Sugerindo para que as novas \u00e1reas a serem desapropriadas/adquiridas pela Municipalidade, destinadas a amplia\u00e7\u00e3o de \u00e1rea industrial, sejam no sentido Jafa-Gar\u00e7a."}, {"id": "25291", "ano": "2007", "numero": "120", "tipo__sigla": "IND", "tipo__descricao": "Indica\u00e7\u00e3o", "autoria": "SEBASTI\u00c3O TOLDATO GALEGO", "texto_original": "http://sapl.garca.sp.leg.br/media/", "ementa": "Sugerindo passagem de m\u00e1quina para recupera\u00e7\u00e3o do leito carro\u00e7\u00e1vel da estrada vicinal rural que d\u00e1 acesso ao Bairro 200 Alqueires, notadamente na altura do trecho \r\nconhecido como \"Tr\u00eas Pontes\"."}, {"id": "25292", "ano": "2007", "numero": "121", "tipo__sigla": "IND", "tipo__descricao": "Indica\u00e7\u00e3o", "autoria": "WILSON ALVES (VI)", "texto_original": "http://sapl.garca.sp.leg.br/media/", "ementa": "Sugerindo pintura da sinaliza\u00e7\u00e3o indicando acesso para deficientes em duas \u00e1reas rebaixadas do passeio p\u00fablico da Rua Cel. Joaquim Piza e Rua Minas Gerais, na altura do entroncamento entre as vias."}, {"id": "25293", "ano": "2007", "numero": "122", "tipo__sigla": "IND", "tipo__descricao": "Indica\u00e7\u00e3o", "autoria": "WILSON ALVES (VI)", "texto_original": "http://sapl.garca.sp.leg.br/media/", "ementa": "Sugerindo pintura de sinaliza\u00e7\u00e3o de solo indicando passagem de pedestres defronte a \u00e1rea destinada a estacionamento de ve\u00edculos do Supermercado Serve Todos."}, {"id": "25294", "ano": "2007", "numero": "123", "tipo__sigla": "IND", "tipo__descricao": "Indica\u00e7\u00e3o", "autoria": "SEBASTI\u00c3O TOLDATO GALEGO", "texto_original": "http://sapl.garca.sp.leg.br/media/", "ementa": "Sugerindo corre\u00e7\u00e3o da denomina\u00e7\u00e3o da Rua Alcides Carrinho, no distrito de Jafa, passando para \"Alcides Moreno Carrenho\"."}, {"id": "25295", "ano": "2007", "numero": "124", "tipo__sigla": "IND", "tipo__descricao": "Indica\u00e7\u00e3o", "autoria": "CORN\u00c9LIO C\u00c9ZAR KEMP MARCONDES", "texto_original": "http://sapl.garca.sp.leg.br/media/", "ementa": "Sugerindo viabilizar a celebra\u00e7\u00e3o de conv\u00eanio com o Governo do Estado, visando o repasse de recursos financeiros para a pavimenta\u00e7\u00e3o asf\u00e1ltica do p\u00e1tio e \u00e1rea de estacionbamento de  ve\u00edculos da sede da FATEC-Gar\u00e7a."}, {"id": "25296", "ano": "2007", "numero": "125", "tipo__sigla": "IND", "tipo__descricao": "Indica\u00e7\u00e3o", "autoria": "CORN\u00c9LIO C\u00c9ZAR KEMP MARCONDES", "texto_original": "http://sapl.garca.sp.leg.br/media/", "ementa": "Sugerindo viabilizar a celebra\u00e7\u00e3o de conv\u00eanio com o Governo do Estado, visando o repasse de recursos financeiros para constru\u00e7\u00e3o de um abrigo coberto nas proximidades do campus da FATEC-Gar\u00e7a."}, {"id": "25297", "ano": "2007", "numero": "126", "tipo__sigla": "IND", "tipo__descricao": "Indica\u00e7\u00e3o", "autoria": "CORN\u00c9LIO C\u00c9ZAR KEMP MARCONDES", "texto_original": "http://sapl.garca.sp.leg.br/media/", "ementa": "Sugerindo melhorias e constru\u00e7\u00e3o de novas galerias de \u00e1guas pluviais em ruas do Bairro Cascata."}, {"id": "25298", "ano": "2007", "numero": "127", "tipo__sigla": "IND", "tipo__descricao": "Indica\u00e7\u00e3o", "autoria": "WILSON ALVES (VI)", "texto_original": "http://sapl.garca.sp.leg.br/media/", "ementa": "Sugerindo erradica\u00e7\u00e3o, com posterior substitui\u00e7\u00e3o, de uma \u00e1rvore localizada no passeio p\u00fablico da Rua Garabed Chekerdemian, na altura do n\u00ba 91."}, {"id": "25299", "ano": "2007", "numero": "128", "tipo__sigla": "IND", "tipo__descricao": "Indica\u00e7\u00e3o", "autoria": "WILSON ALVES (VI)", "texto_original": "http://sapl.garca.sp.leg.br/media/", "ementa": "Sugerindo instala\u00e7\u00e3o de sinaliza\u00e7\u00e3o vertical de tr\u00e2nsito, alertando os motoristas da exist\u00eancia de uma depress\u00e3o no leito carro\u00e7\u00e1vel da Rua Fausto Floriano de Toledo, altura do n\u00ba 1291, em ambos os sentidos de dire\u00e7\u00e3o."}, {"id": "25300", "ano": "2007", "numero": "129", "tipo__sigla": "IND", "tipo__descricao": "Indica\u00e7\u00e3o", "autoria": "MARCOS LOPES MIRANDA", "texto_original": "http://sapl.garca.sp.leg.br/media/", "ementa": "Sugerindo tratar os dist\u00farbios do sono no n\u00edvel das pol\u00edticas p\u00fablicas, reconhecendo-os como problema de sa\u00fade coletiva."}, {"id": "25301", "ano": "2007", "numero": "130", "tipo__sigla": "IND", "tipo__descricao": "Indica\u00e7\u00e3o", "autoria": "MASSAO OGAWA", "texto_original": "http://sapl.garca.sp.leg.br/media/", "ementa": "Sugerindo contrata\u00e7\u00e3o de funcion\u00e1rio para o cont\u00ednuo desenvolvimento dos trabalhos prestados pela Junta do Servi\u00e7o Militar do Munic\u00edpio."}, {"id": "25302", "ano": "2007", "numero": "131", "tipo__sigla": "IND", "tipo__descricao": "Indica\u00e7\u00e3o", "autoria": "MASSAO OGAWA", "texto_original": "http://sapl.garca.sp.leg.br/media/", "ementa": "Sugerindo parceria com a iniciativa privada, com a finalidade de melhorar a ilumina\u00e7\u00e3o da est\u00e1tua de S\u00e3o Pedro, na rotat\u00f3ria do Distrito Industrial."}, {"id": "25303", "ano": "2007", "numero": "132", "tipo__sigla": "IND", "tipo__descricao": "Indica\u00e7\u00e3o", "autoria": "MASSAO OGAWA", "texto_original": "http://sapl.garca.sp.leg.br/media/", "ementa": "Sugerindo melhorias na pavimenta\u00e7\u00e3o asf\u00e1ltica da Rua Pe. Paulo de Toledo Leite."}, {"id": "25304", "ano": "2007", "numero": "133", "tipo__sigla": "IND", "tipo__descricao": "Indica\u00e7\u00e3o", "autoria": "MASSAO OGAWA", "texto_original": "http://sapl.garca.sp.leg.br/media/", "ementa": "Sugerindo a recupera\u00e7\u00e3o da mata ciliar do C\u00f3rrego do Barreiro."}, {"id": "25305", "ano": "2007", "numero": "134", "tipo__sigla": "IND", "tipo__descricao": "Indica\u00e7\u00e3o", "autoria": "MASSAO OGAWA", "texto_original": "http://sapl.garca.sp.leg.br/media/", "ementa": "Sugerindo demarca\u00e7\u00e3o para estacionamento de ve\u00edculos nas quadras que circundam a regi\u00e3o abrangida pela \"Zona Azul\"."}, {"id": "25306", "ano": "2007", "numero": "135", "tipo__sigla": "IND", "tipo__descricao": "Indica\u00e7\u00e3o", "autoria": "MASSAO OGAWA", "texto_original": "http://sapl.garca.sp.leg.br/media/", "ementa": "Sugerindo servi\u00e7os de tapa-buracos na Rua Bar\u00e3o do Rio Branco, nas imedia\u00e7\u00f5es do n\u00ba 1210."}, {"id": "25307", "ano": "2007", "numero": "136", "tipo__sigla": "IND", "tipo__descricao": "Indica\u00e7\u00e3o", "autoria": "MASSAO OGAWA", "texto_original": "http://sapl.garca.sp.leg.br/media/", "ementa": "Sugerindo ampla divulga\u00e7\u00e3o, \u00e0 popula\u00e7\u00e3o estudantil, do per\u00edodo de inscri\u00e7\u00f5es para bolsas de estudo na FAEF e IESG."}, {"id": "25308", "ano": "2007", "numero": "137", "tipo__sigla": "IND", "tipo__descricao": "Indica\u00e7\u00e3o", "autoria": "CORN\u00c9LIO C\u00c9ZAR KEMP MARCONDES", "texto_original": "http://sapl.garca.sp.leg.br/media/", "ementa": "Sugerindo o remanejo do bebedouro existente, pr\u00f3ximo ao estacionamento de ve\u00edculos do Terminal Rodovi\u00e1rio de Passageiros, ou instala\u00e7\u00e3o de um novo bebedouro para as proximidades da \u00e1rea de embarque de passageiros e o ponto de t\u00e1xi. "}, {"id": "25309", "ano": "2007", "numero": "138", "tipo__sigla": "IND", "tipo__descricao": "Indica\u00e7\u00e3o", "autoria": "CORN\u00c9LIO C\u00c9ZAR KEMP MARCONDES", "texto_original": "http://sapl.garca.sp.leg.br/media/", "ementa": "Sugerindo denominar uma via, pra\u00e7a ou pr\u00e9dio p\u00fablico de \"Silvio Antonio Ferreira da Silva\", "}, {"id": "25310", "ano": "2007", "numero": "139", "tipo__sigla": "IND", "tipo__descricao": "Indica\u00e7\u00e3o", "autoria": "JOS\u00c9 MARIA PIOLA", "texto_original": "http://sapl.garca.sp.leg.br/media/", "ementa": "Sugerindo instala\u00e7\u00e3o de uma tela de prote\u00e7\u00e3o atr\u00e1s do gol de fundo do campo de futebol de areia localizado na Rua Alberto Alves, pr\u00f3ximo ao Lago Artificial."}, {"id": "25311", "ano": "2007", "numero": "140", "tipo__sigla": "IND", "tipo__descricao": "Indica\u00e7\u00e3o", "autoria": "PEDRO HENRIQUE SCARTEZINI", "texto_original": "http://sapl.garca.sp.leg.br/media/", "ementa": "Sugerindo substitui\u00e7\u00e3o de duas \u00e1rvores junto \u00e0 Rua S\u00e3o Jo\u00e3o, defronte o im\u00f3vel de n\u00ba 641, por esp\u00e9cies de menor porte."}, {"id": "25312", "ano": "2007", "numero": "141", "tipo__sigla": "IND", "tipo__descricao": "Indica\u00e7\u00e3o", "autoria": "PEDRO HENRIQUE SCARTEZINI", "texto_original": "http://sapl.garca.sp.leg.br/media/", "ementa": "Sugerindo a inclus\u00e3o da Rua Jos\u00e9 Ros\u00e1rio, na pr\u00f3xima opera\u00e7\u00e3o tapa buracos."}, {"id": "25313", "ano": "2007", "numero": "142", "tipo__sigla": "IND", "tipo__descricao": "Indica\u00e7\u00e3o", "autoria": "PEDRO HENRIQUE SCARTEZINI", "texto_original": "http://sapl.garca.sp.leg.br/media/", "ementa": "Sugerindo pintura de redutor de velocidade localizado na Rua Gabriela, ao lado da EE Prof\u00aa Maria do Carmo Pompeu Castro."}, {"id": "25314", "ano": "2007", "numero": "143", "tipo__sigla": "IND", "tipo__descricao": "Indica\u00e7\u00e3o", "autoria": "PEDRO HENRIQUE SCARTEZINI", "texto_original": "http://sapl.garca.sp.leg.br/media/", "ementa": "Sugerindo estabelecer proibi\u00e7\u00e3o de estacionamento de ve\u00edculos de grande porte em frente ao Posto Ang\u00e9lica, visando aumentar a seguran\u00e7a no local."}, {"id": "25315", "ano": "2007", "numero": "144", "tipo__sigla": "IND", "tipo__descricao": "Indica\u00e7\u00e3o", "autoria": "ADAMIR MAUR\u00cdCIO DE BARROS", "texto_original": "http://sapl.garca.sp.leg.br/media/", "ementa": "Sugerindo capina\u00e7\u00e3o e limpeza de terreno localizado no in\u00edcio da Rua Santa L\u00facia."}, {"id": "25316", "ano": "2007", "numero": "145", "tipo__sigla": "IND", "tipo__descricao": "Indica\u00e7\u00e3o", "autoria": "ADAMIR MAUR\u00cdCIO DE BARROS", "texto_original": "http://sapl.garca.sp.leg.br/media/", "ementa": "Sugerindo a pavimenta\u00e7\u00e3o asf\u00e1ltica do trecho inicial da Rua Santa L\u00facia."}, {"id": "25317", "ano": "2007", "numero": "146", "tipo__sigla": "IND", "tipo__descricao": "Indica\u00e7\u00e3o", "autoria": "ADAMIR MAUR\u00cdCIO DE BARROS", "texto_original": "http://sapl.garca.sp.leg.br/media/", "ementa": "Sugerindo denominar o Vel\u00f3rio Municipal de \"Severino Ramos\"."}, {"id": "25318", "ano": "2007", "numero": "147", "tipo__sigla": "IND", "tipo__descricao": "Indica\u00e7\u00e3o", "autoria": "WILSON ALVES (VI)", "texto_original": "http://sapl.garca.sp.leg.br/media/", "ementa": "Sugerindo a instala\u00e7\u00e3o de sinaliza\u00e7\u00e3o vertical de tr\u00e2nsito (placas) nas imedia\u00e7\u00f5es da rotat\u00f3ria localizada defronte a ag\u00eancia local do INSS, no sentido bairro-centro, alertando da exist\u00eancia de curva acentuada."}, {"id": "25319", "ano": "2007", "numero": "148", "tipo__sigla": "IND", "tipo__descricao": "Indica\u00e7\u00e3o", "autoria": "SEBASTI\u00c3O TOLDATO GALEGO", "texto_original": "http://sapl.garca.sp.leg.br/media/", "ementa": "Sugerindo melhorias no sistema de tr\u00e2nsito da Rua 15 de Novembro, notadamente com rela\u00e7\u00e3o ao entroncamento com as Ruas Bom Pastor, Minas Gerais e Silvio Servelini."}, {"id": "25320", "ano": "2007", "numero": "149", "tipo__sigla": "IND", "tipo__descricao": "Indica\u00e7\u00e3o", "autoria": "JOS\u00c9 MARIA PIOLA", "texto_original": "http://sapl.garca.sp.leg.br/media/", "ementa": "Sugerindo contato com a CPFL, solicitando manuten\u00e7\u00e3o em postes de ilumina\u00e7\u00e3o p\u00fablica localizados no cruzamento da Rua Pe. Paulo de Toledo Leite com a Rua Macei\u00f3 e na Rua Macei\u00f3, pr\u00f3ximo \u00e0 Igreja de Nossa Senhora Aparecida, visto que as l\u00e2mpadas est\u00e3o constantemente acesas."}, {"id": "25321", "ano": "2007", "numero": "150", "tipo__sigla": "IND", "tipo__descricao": "Indica\u00e7\u00e3o", "autoria": "JOS\u00c9 MARIA PIOLA", "texto_original": "http://sapl.garca.sp.leg.br/media/", "ementa": "Sugerindo reparos no acesso ao estacionamento de ve\u00edculos pr\u00f3ximo \u00e0 ag\u00eancia local do Banco Nossa Caixa S/A, visto a forma\u00e7\u00e3o de eros\u00f5es."}, {"id": "25322", "ano": "2007", "numero": "151", "tipo__sigla": "IND", "tipo__descricao": "Indica\u00e7\u00e3o", "autoria": "MARCOS LOPES MIRANDA", "texto_original": "http://sapl.garca.sp.leg.br/media/", "ementa": "Sugerindo a implanta\u00e7\u00e3o de programa de est\u00edmulo a empresas com responsabilidade social."}, {"id": "25323", "ano": "2007", "numero": "152", "tipo__sigla": "IND", "tipo__descricao": "Indica\u00e7\u00e3o", "autoria": "ADAMIR MAUR\u00cdCIO DE BARROS", "texto_original": "http://sapl.garca.sp.leg.br/media/", "ementa": "Sugerindo notifica\u00e7\u00e3o de propriet\u00e1rio de terreno, localizado \u00e0 Rua Antenor Lara Campos, ao lado do im\u00f3vel n\u00ba 1038, para proceder \u00e0 capina\u00e7\u00e3o."}, {"id": "25324", "ano": "2007", "numero": "153", "tipo__sigla": "IND", "tipo__descricao": "Indica\u00e7\u00e3o", "autoria": "VALDEMAR ZIMIANI", "texto_original": "http://sapl.garca.sp.leg.br/media/", "ementa": "Sugerindo ro\u00e7agem do mato das margens da estrada vicinal que d\u00e1 acesso ao Bairro Itiratup\u00e3."}, {"id": "25325", "ano": "2007", "numero": "154", "tipo__sigla": "IND", "tipo__descricao": "Indica\u00e7\u00e3o", "autoria": "VALDEMAR ZIMIANI", "texto_original": "http://sapl.garca.sp.leg.br/media/", "ementa": "Sugerindo ro\u00e7agem do mato das margens das estradas vicinais rurais que d\u00e3o acesso ao \"Kaikan\" e ao S\u00edtio do \"Sr. Edimar\", na \u00e1rea rural do Distrito de Jafa."}, {"id": "25326", "ano": "2007", "numero": "155", "tipo__sigla": "IND", "tipo__descricao": "Indica\u00e7\u00e3o", "autoria": "PEDRO HENRIQUE SCARTEZINI", "texto_original": "http://sapl.garca.sp.leg.br/media/", "ementa": "Sugerindo a inclus\u00e3o da Rua Francisco da Silva Braga, no pr\u00f3ximo plano de pavimenta\u00e7\u00e3o asf\u00e1ltica."}, {"id": "25327", "ano": "2007", "numero": "156", "tipo__sigla": "IND", "tipo__descricao": "Indica\u00e7\u00e3o", "autoria": "CORN\u00c9LIO C\u00c9ZAR KEMP MARCONDES", "texto_original": "http://sapl.garca.sp.leg.br/media/", "ementa": "Sugerindo a instala\u00e7\u00e3o de redutores de velocidade, pintura de sinaliza\u00e7\u00e3o de solo e instala\u00e7\u00e3o de sinaliza\u00e7\u00e3o vertical e horizontal no trecho final da Rua Prefeito Salviano Pereira de Andrade pr\u00f3ximos \u00e0 EMEI Prof. Jo\u00e3o Nunes Miranda e Centro Comunit\u00e1rio do Jardim S\u00e3o Lucas."}, {"id": "25328", "ano": "2007", "numero": "157", "tipo__sigla": "IND", "tipo__descricao": "Indica\u00e7\u00e3o", "autoria": "CORN\u00c9LIO C\u00c9ZAR KEMP MARCONDES", "texto_original": "http://sapl.garca.sp.leg.br/media/", "ementa": "Sugerindo providenciar um melhor local para a constru\u00e7\u00e3o de local pr\u00f3prio para a pr\u00e1tica de skate."}, {"id": "25329", "ano": "2007", "numero": "158", "tipo__sigla": "IND", "tipo__descricao": "Indica\u00e7\u00e3o", "autoria": "CORN\u00c9LIO C\u00c9ZAR KEMP MARCONDES", "texto_original": "http://sapl.garca.sp.leg.br/media/", "ementa": "Sugerindo o encaminhamento \u00e0 C\u00e2mara Municipal de Gar\u00e7a de projeto de lei regularizando a denomina\u00e7\u00e3o de vias p\u00fablicas de diversos loteamentos do Munic\u00edpio."}, {"id": "25330", "ano": "2007", "numero": "159", "tipo__sigla": "IND", "tipo__descricao": "Indica\u00e7\u00e3o", "autoria": "CORN\u00c9LIO C\u00c9ZAR KEMP MARCONDES", "texto_original": "http://sapl.garca.sp.leg.br/media/", "ementa": "Sugerindo deflagra\u00e7\u00e3o de novos mutir\u00f5es para alerta \u00e0 popula\u00e7\u00e3o sobre os cuidados necess\u00e1rios para se evitar a prolifera\u00e7\u00e3o do mosquito da dengue."}, {"id": "25331", "ano": "2007", "numero": "160", "tipo__sigla": "IND", "tipo__descricao": "Indica\u00e7\u00e3o", "autoria": "MASSAO OGAWA", "texto_original": "http://sapl.garca.sp.leg.br/media/", "ementa": "Sugerindo campanha junto \u00e0s empresas instaladas nos Distritos Industriais, visando conscientizar os industri\u00e1rios, que utilizam bicicletas para o seu transporte, sobre os meios de seguran\u00e7a no tr\u00e2nsito."}, {"id": "25332", "ano": "2007", "numero": "161", "tipo__sigla": "IND", "tipo__descricao": "Indica\u00e7\u00e3o", "autoria": "MASSAO OGAWA", "texto_original": "http://sapl.garca.sp.leg.br/media/", "ementa": "Sugerindo divulga\u00e7\u00e3o da presen\u00e7a do Poupatempo M\u00f3vel que estar\u00e1 em Gar\u00e7a, no per\u00edodo de 02 a 14 de abril de 2007, em frente \u00e0 Prefeitura Municipal, bem como dos servi\u00e7os prestados."}, {"id": "25333", "ano": "2007", "numero": "162", "tipo__sigla": "IND", "tipo__descricao": "Indica\u00e7\u00e3o", "autoria": "MASSAO OGAWA", "texto_original": "http://sapl.garca.sp.leg.br/media/", "ementa": "Sugerindo vistoria em redutores de velocidade instalados ao longo da Rua Carlos Ferrari, com rela\u00e7\u00e3o \u00e0s suas dimens\u00f5es."}, {"id": "25334", "ano": "2007", "numero": "163", "tipo__sigla": "IND", "tipo__descricao": "Indica\u00e7\u00e3o", "autoria": "WILSON ALVES (VI)", "texto_original": "http://sapl.garca.sp.leg.br/media/", "ementa": "Sugerindo substitui\u00e7\u00e3o de \u00e1rvore localizada na Rua Ribeir\u00e3o da Gar\u00e7a, altura do n\u00ba 216."}, {"id": "25210", "ano": "2007", "numero": "164", "tipo__sigla": "IND", "tipo__descricao": "Indica\u00e7\u00e3o", "autoria": "PEDRO HENRIQUE SCARTEZINI", "texto_original": "http://sapl.garca.sp.leg.br/media/", "ementa": "Sugerindo revitaliza\u00e7\u00e3o do sistema de ilumina\u00e7\u00e3o p\u00fablica da Av. Dr. Labieno da Costa Machado, devido a alguns postes tortos, bicos de luz apagados ou sem as capas das l\u00e2mpadas."}, {"id": "25335", "ano": "2007", "numero": "165", "tipo__sigla": "IND", "tipo__descricao": "Indica\u00e7\u00e3o", "autoria": "PEDRO HENRIQUE SCARTEZINI", "texto_original": "http://sapl.garca.sp.leg.br/media/", "ementa": "Sugerindo incluir as vias p\u00fablicas do Residencial Portal do Lago dentre as beneficiadas com a opera\u00e7\u00e3o tapa-buracos."}, {"id": "25336", "ano": "2007", "numero": "166", "tipo__sigla": "IND", "tipo__descricao": "Indica\u00e7\u00e3o", "autoria": "PEDRO HENRIQUE SCARTEZINI", "texto_original": "http://sapl.garca.sp.leg.br/media/", "ementa": "Sugerindo orientar os catadores de materiais recicl\u00e1veis a manter uma periodicidade no recolhimento destes materiais nas resid\u00eancias do Munic\u00edpio."}, {"id": "25337", "ano": "2007", "numero": "167", "tipo__sigla": "IND", "tipo__descricao": "Indica\u00e7\u00e3o", "autoria": "PEDRO HENRIQUE SCARTEZINI", "texto_original": "http://sapl.garca.sp.leg.br/media/", "ementa": "Sugerindo poda peri\u00f3dica de tr\u00eas \u00e1rvores localizadas na lateral da Igreja Metodista, na Rua Prefeito Salviano Pereira de Andrade, altura do n\u00ba 596 ou a substitui\u00e7\u00e3o destas por outras de porte menor."}, {"id": "25338", "ano": "2007", "numero": "168", "tipo__sigla": "IND", "tipo__descricao": "Indica\u00e7\u00e3o", "autoria": "PEDRO HENRIQUE SCARTEZINI", "texto_original": "http://sapl.garca.sp.leg.br/media/", "ementa": "Sugerindo notificar propriet\u00e1rio de terreno localizado no Residencial Portal do Lago para proceder a limpeza e ro\u00e7agem do mato, bem como intensificar fiscaliza\u00e7\u00e3o visando garantir a limpeza dos terrenos baldios, principalmente junto ao Residencial do Lago."}, {"id": "25339", "ano": "2007", "numero": "169", "tipo__sigla": "IND", "tipo__descricao": "Indica\u00e7\u00e3o", "autoria": "PEDRO HENRIQUE SCARTEZINI", "texto_original": "http://sapl.garca.sp.leg.br/media/", "ementa": "Sugerindo sincronizar os sem\u00e1foros existentes na regi\u00e3o central da cidade."}, {"id": "25340", "ano": "2007", "numero": "170", "tipo__sigla": "IND", "tipo__descricao": "Indica\u00e7\u00e3o", "autoria": "MILTON PINHEIRO DE OLIVEIRA, VALDEMAR ZIMIANI", "texto_original": "http://sapl.garca.sp.leg.br/media/", "ementa": "Sugerindo opera\u00e7\u00e3o tapa-buracos nas vias p\u00fablicas do Distrito de Jafa."}, {"id": "25341", "ano": "2007", "numero": "171", "tipo__sigla": "IND", "tipo__descricao": "Indica\u00e7\u00e3o", "autoria": "VALDEMAR ZIMIANI", "texto_original": "http://sapl.garca.sp.leg.br/media/", "ementa": "Sugerindo ro\u00e7agem do mato e grama em im\u00f3veis de propriedade do Munic\u00edpio localizados no Distrito de Jafa, principalmente em terrenos baldios."}, {"id": "25342", "ano": "2007", "numero": "172", "tipo__sigla": "IND", "tipo__descricao": "Indica\u00e7\u00e3o", "autoria": "VALDEMAR ZIMIANI", "texto_original": "http://sapl.garca.sp.leg.br/media/", "ementa": "Sugerindo cal\u00e7amento do passeio p\u00fablico de im\u00f3vel de propriedade do Munic\u00edpio, localizado no cruzamento da Rua Liberdade com a Rua Waldomiro dos Santos, no distrito de Jafa, onde funcionava o Posto Policial."}, {"id": "25343", "ano": "2007", "numero": "173", "tipo__sigla": "IND", "tipo__descricao": "Indica\u00e7\u00e3o", "autoria": "MASSAO OGAWA", "texto_original": "http://sapl.garca.sp.leg.br/media/", "ementa": "Sugerindo constru\u00e7\u00e3o de salas de aulas anexas \u00e0 Secretaria Municipal de Agricultura e Meio Ambiente (parte frontal da Secretaria) destinadas a aulas sobre o meio ambiente."}, {"id": "25344", "ano": "2007", "numero": "174", "tipo__sigla": "IND", "tipo__descricao": "Indica\u00e7\u00e3o", "autoria": "WILSON ALVES (VI)", "texto_original": "http://sapl.garca.sp.leg.br/media/", "ementa": "Sugerindo deflagrar campanhas de orienta\u00e7\u00e3o e at\u00e9 mesmo de a\u00e7\u00f5es pr\u00e1ticas visando a manuten\u00e7\u00e3o e limpeza do Lago Artificial."}, {"id": "25345", "ano": "2007", "numero": "175", "tipo__sigla": "IND", "tipo__descricao": "Indica\u00e7\u00e3o", "autoria": "MASSAO OGAWA", "texto_original": "http://sapl.garca.sp.leg.br/media/", "ementa": "Sugerindo facilitar o acesso dos alunos que residem em bairros distantes aos livros da Biblioteca P\u00fablica Municipal, como a implanta\u00e7\u00e3o de um sistema de solicita\u00e7\u00e3o e entrega de livros na escola na qual o aluno estuda ou na mais pr\u00f3xima de sua resid\u00eancia, em dias espec\u00edficos."}, {"id": "25346", "ano": "2007", "numero": "176", "tipo__sigla": "IND", "tipo__descricao": "Indica\u00e7\u00e3o", "autoria": "MASSAO OGAWA", "texto_original": "http://sapl.garca.sp.leg.br/media/", "ementa": "Sugerindo implantar no Munic\u00edpio curso de inform\u00e1tica aberto ao p\u00fablico, principalmente \u00e0s pessoas da terceira idade."}, {"id": "25347", "ano": "2007", "numero": "177", "tipo__sigla": "IND", "tipo__descricao": "Indica\u00e7\u00e3o", "autoria": "CORN\u00c9LIO C\u00c9ZAR KEMP MARCONDES", "texto_original": "http://sapl.garca.sp.leg.br/media/", "ementa": "Sugerindo melhorias no sistema de escoamento de \u00e1guas pluviais na Rua Santana, notadamente pr\u00f3ximo ao n\u00famero 699."}, {"id": "25348", "ano": "2007", "numero": "178", "tipo__sigla": "IND", "tipo__descricao": "Indica\u00e7\u00e3o", "autoria": "MASSAO OGAWA", "texto_original": "http://sapl.garca.sp.leg.br/media/", "ementa": "Sugerindo servi\u00e7os de tapa-buracos na Rua S\u00e3o Jo\u00e3o, altura do n\u00ba 300 e na Av. Dr. Labieno da Costa Machado, altura da Empresa Maur\u00edcio Car, bem como manter contato com o DER, solicitando opera\u00e7\u00e3o tapa-buracos na estrada vicinal que liga o distrito de Jafa ao Bairro Itiratup\u00e3 e coloca\u00e7\u00e3o de placas de tr\u00e2nsito. "}, {"id": "25349", "ano": "2007", "numero": "179", "tipo__sigla": "IND", "tipo__descricao": "Indica\u00e7\u00e3o", "autoria": "CORN\u00c9LIO C\u00c9ZAR KEMP MARCONDES", "texto_original": "http://sapl.garca.sp.leg.br/media/", "ementa": "Sugerindo desenvolvimento de projetos de apoio \u00e0s adolescentes, visando conscientiz\u00e1-las da gravidez precoce, bem como oferecer apoio \u00e0quelas que se encontram nessa condi\u00e7\u00e3o, principalmente as de baixa renda."}, {"id": "25350", "ano": "2007", "numero": "180", "tipo__sigla": "IND", "tipo__descricao": "Indica\u00e7\u00e3o", "autoria": "CORN\u00c9LIO C\u00c9ZAR KEMP MARCONDES", "texto_original": "http://sapl.garca.sp.leg.br/media/", "ementa": "Sugerindo incluir a Rua Dr. Miguel Bruno Ferreira, no trecho compreendido entre as Ruas Caramuru e Guanabara, na pr\u00f3xima opera\u00e7\u00e3o tapa-buracos."}, {"id": "25351", "ano": "2007", "numero": "181", "tipo__sigla": "IND", "tipo__descricao": "Indica\u00e7\u00e3o", "autoria": "CORN\u00c9LIO C\u00c9ZAR KEMP MARCONDES", "texto_original": "http://sapl.garca.sp.leg.br/media/", "ementa": "Sugerindo para que alunos residentes no Bairro Jardim Paulista possam tamb\u00e9m ter acesso aos passes escolares."}, {"id": "25352", "ano": "2007", "numero": "182", "tipo__sigla": "IND", "tipo__descricao": "Indica\u00e7\u00e3o", "autoria": "PEDRO HENRIQUE SCARTEZINI", "texto_original": "http://sapl.garca.sp.leg.br/media/", "ementa": "Sugerindo coloca\u00e7\u00e3o de placas indicat\u00f3rias de velocidade m\u00e1xima permitida na Rua Jo\u00e3o Manzano."}, {"id": "25353", "ano": "2007", "numero": "183", "tipo__sigla": "IND", "tipo__descricao": "Indica\u00e7\u00e3o", "autoria": "WILSON ALVES (VI)", "texto_original": "http://sapl.garca.sp.leg.br/media/", "ementa": "Sugerindo o conserto da lateral do Est\u00e1dio Municipal \"Frederico Platzeck\", paralela \u00c0 Rua Joaquim Ramos Mendes."}, {"id": "25354", "ano": "2007", "numero": "184", "tipo__sigla": "IND", "tipo__descricao": "Indica\u00e7\u00e3o", "autoria": "JOS\u00c9 MARIA PIOLA", "texto_original": "http://sapl.garca.sp.leg.br/media/", "ementa": "Sugerindo reparos no leito carro\u00e7\u00e1vel da Rua da Esta\u00e7\u00e3o, em sua parte final \u2013 logo ap\u00f3s a \u00e1rea pavimentada."}, {"id": "25355", "ano": "2007", "numero": "185", "tipo__sigla": "IND", "tipo__descricao": "Indica\u00e7\u00e3o", "autoria": "JOS\u00c9 MARIA PIOLA", "texto_original": "http://sapl.garca.sp.leg.br/media/", "ementa": "Sugerindo reparos no leito carro\u00e7\u00e1vel da Rua Am\u00e9lia Piza de Lara, em seu trecho final, onde verifica-se a exist\u00eancia de eros\u00f5es."}, {"id": "25215", "ano": "2007", "numero": "186", "tipo__sigla": "IND", "tipo__descricao": "Indica\u00e7\u00e3o", "autoria": "WILSON ALVES (VI)", "texto_original": "http://sapl.garca.sp.leg.br/media/", "ementa": "Sugerindo manter contato com a CPFL, visando melhorar a ilumina\u00e7\u00e3o p\u00fablica na Rua Joaquim Ribeiro do Val."}, {"id": "25356", "ano": "2007", "numero": "187", "tipo__sigla": "IND", "tipo__descricao": "Indica\u00e7\u00e3o", "autoria": "WILSON ALVES (VI)", "texto_original": "http://sapl.garca.sp.leg.br/media/", "ementa": "Sugerindo manter contato com a CPFL visando a instala\u00e7\u00e3o de mais bra\u00e7os de ilumina\u00e7\u00e3o p\u00fablica na Rua Pedro Mennochi."}, {"id": "25357", "ano": "2007", "numero": "188", "tipo__sigla": "IND", "tipo__descricao": "Indica\u00e7\u00e3o", "autoria": "WILSON ALVES (VI)", "texto_original": "http://sapl.garca.sp.leg.br/media/", "ementa": "Sugerindo instala\u00e7\u00e3o de placas indicativas da Rua Pedro Mennochi."}, {"id": "25358", "ano": "2007", "numero": "189", "tipo__sigla": "IND", "tipo__descricao": "Indica\u00e7\u00e3o", "autoria": "WILSON ALVES (VI)", "texto_original": "http://sapl.garca.sp.leg.br/media/", "ementa": "Sugerindo reparos necess\u00e1rios na rede el\u00e9trica do ponto de t\u00e1xi localizado defronte  a Lanchonete \"Galo de Ouro\"."}, {"id": "25359", "ano": "2007", "numero": "190", "tipo__sigla": "IND", "tipo__descricao": "Indica\u00e7\u00e3o", "autoria": "VALDEMAR ZIMIANI", "texto_original": "http://sapl.garca.sp.leg.br/media/", "ementa": "Sugerindo altera\u00e7\u00e3o na norma legal que rege a distribui\u00e7\u00e3o de passes escolares para estudantes, diminuindo a dist\u00e2ncia m\u00ednima exigida para concess\u00e3o do benef\u00edcio, entre a resid\u00eancia dos estudantes e o estabelecimento de ensino."}, {"id": "25360", "ano": "2007", "numero": "191", "tipo__sigla": "IND", "tipo__descricao": "Indica\u00e7\u00e3o", "autoria": "MARCOS LOPES MIRANDA", "texto_original": "http://sapl.garca.sp.leg.br/media/", "ementa": "Sugerindo reparos na pavimenta\u00e7\u00e3o asf\u00e1ltica da Rua Brigadeiro Machado e na via p\u00fablica que margeia a Irmandade da Santa Casa de Miseric\u00f3rdia de Gar\u00e7a."}, {"id": "25361", "ano": "2007", "numero": "192", "tipo__sigla": "IND", "tipo__descricao": "Indica\u00e7\u00e3o", "autoria": "MARCOS LOPES MIRANDA", "texto_original": "http://sapl.garca.sp.leg.br/media/", "ementa": "Sugerindo servi\u00e7o de revitaliza\u00e7\u00e3o e paisagismo da pra\u00e7a p\u00fablica localizada no cruzamento da Rua Albano Vizotto com a Rua Bar\u00e3o do Rio Branco."}, {"id": "25362", "ano": "2007", "numero": "193", "tipo__sigla": "IND", "tipo__descricao": "Indica\u00e7\u00e3o", "autoria": "MARCOS LOPES MIRANDA", "texto_original": "http://sapl.garca.sp.leg.br/media/", "ementa": "Sugerindo servi\u00e7o de tapa-buracos nas vias p\u00fablicas do bairro Jardim S\u00e3o Lucas, especialmente no cruzamento das Ruas Jos\u00e9 Bruno da Silva e Fel\u00edcio Bottino."}, {"id": "25363", "ano": "2007", "numero": "194", "tipo__sigla": "IND", "tipo__descricao": "Indica\u00e7\u00e3o", "autoria": "MARCOS LOPES MIRANDA", "texto_original": "http://sapl.garca.sp.leg.br/media/", "ementa": "Sugerindo servi\u00e7os de melhorias e urbaniza\u00e7\u00e3o em toda a extens\u00e3o do Bairro Jardim Mondrian."}, {"id": "25364", "ano": "2007", "numero": "195", "tipo__sigla": "IND", "tipo__descricao": "Indica\u00e7\u00e3o", "autoria": "WILSON ALVES (VI)", "texto_original": "http://sapl.garca.sp.leg.br/media/", "ementa": "Sugerindo limpeza e capina do mato de terreno localizado ao lado do im\u00f3vel de n\u00ba 695 da Rua Miguel Bruno Ferreira."}, {"id": "25365", "ano": "2007", "numero": "196", "tipo__sigla": "IND", "tipo__descricao": "Indica\u00e7\u00e3o", "autoria": "ANDR\u00c9 LUIS GAVIOLI RODRIGUES, JOS\u00c9 MARIA PIOLA", "texto_original": "http://sapl.garca.sp.leg.br/media/", "ementa": "Sugerindo melhorias nas ruas do bairro Jardim Adrianita e na \u00e1rea de preserva\u00e7\u00e3o e lazer daquele bairro, bem como o plantio de \u00e1rvores."}, {"id": "25366", "ano": "2007", "numero": "197", "tipo__sigla": "IND", "tipo__descricao": "Indica\u00e7\u00e3o", "autoria": "ANDR\u00c9 LUIS GAVIOLI RODRIGUES, JOS\u00c9 MARIA PIOLA", "texto_original": "http://sapl.garca.sp.leg.br/media/", "ementa": "Sugerindo opera\u00e7\u00e3o tapa-buracos ao longo da Rua Eumene, especialmente no trecho entre as ruas Maria Izabel e Francisco da Silva Braga."}, {"id": "25367", "ano": "2007", "numero": "198", "tipo__sigla": "IND", "tipo__descricao": "Indica\u00e7\u00e3o", "autoria": "ANDR\u00c9 LUIS GAVIOLI RODRIGUES, SEBASTI\u00c3O TOLDATO GALEGO", "texto_original": "http://sapl.garca.sp.leg.br/media/", "ementa": "Sugerindo a substitui\u00e7\u00e3o de pranchas de madeira das laterais do campo de bocha do conjunto poliesportivo \"Modesto da Costa\", no distrito de Jafa."}, {"id": "25368", "ano": "2007", "numero": "199", "tipo__sigla": "IND", "tipo__descricao": "Indica\u00e7\u00e3o", "autoria": "ANDR\u00c9 LUIS GAVIOLI RODRIGUES, SEBASTI\u00c3O TOLDATO GALEGO", "texto_original": "http://sapl.garca.sp.leg.br/media/", "ementa": "Sugerindo coloca\u00e7\u00e3o de areia grossa no campo de bocha do conjunto poliesportivo \"Modesto da Costa\", no distrito de Jafa."}, {"id": "25369", "ano": "2007", "numero": "200", "tipo__sigla": "IND", "tipo__descricao": "Indica\u00e7\u00e3o", "autoria": "SEBASTI\u00c3O TOLDATO GALEGO", "texto_original": "http://sapl.garca.sp.leg.br/media/", "ementa": "Sugerindo promover acerto de campo de malha existente no conjunto poliesportivo \"Modesto da Costa\", no distrito de Jafa."}, {"id": "25371", "ano": "2007", "numero": "201", "tipo__sigla": "IND", "tipo__descricao": "Indica\u00e7\u00e3o", "autoria": "MASSAO OGAWA", "texto_original": "http://sapl.garca.sp.leg.br/media/", "ementa": "Sugerindo a realiza\u00e7\u00e3o de servi\u00e7os para melhoria da ilumina\u00e7\u00e3o da Pra\u00e7a Pedro de Toledo."}, {"id": "25372", "ano": "2007", "numero": "202", "tipo__sigla": "IND", "tipo__descricao": "Indica\u00e7\u00e3o", "autoria": "MASSAO OGAWA", "texto_original": "http://sapl.garca.sp.leg.br/media/", "ementa": "Sugerindo desviar o tr\u00e2nsito de ve\u00edculos pesados de vias de grande movimento e \u00edngremes, para vias pr\u00f3ximas e de pouco movimento na \u00e1rea urbana do Munic\u00edpio."}, {"id": "25373", "ano": "2007", "numero": "203", "tipo__sigla": "IND", "tipo__descricao": "Indica\u00e7\u00e3o", "autoria": "ANDR\u00c9 LUIS GAVIOLI RODRIGUES, MASSAO OGAWA", "texto_original": "http://sapl.garca.sp.leg.br/media/", "ementa": "Sugerindo servi\u00e7os de tapa-buracos nas valetas constru\u00eddas com bloquetes nas esquinas das Ruas Antonio Caparroz com Eduardo de Castro Marques e Bas\u00edlio Selani."}, {"id": "25370", "ano": "2007", "numero": "204", "tipo__sigla": "IND", "tipo__descricao": "Indica\u00e7\u00e3o", "autoria": "WILSON ALVES (VI)", "texto_original": "http://sapl.garca.sp.leg.br/media/", "ementa": "Sugerindo apresenta\u00e7\u00e3o de projeto de lei reduzindo a jornada de trabalho dos servidores p\u00fablicos municipais possuidores de filhos com defici\u00eancial."}, {"id": "25374", "ano": "2007", "numero": "205", "tipo__sigla": "IND", "tipo__descricao": "Indica\u00e7\u00e3o", "autoria": "WILSON ALVES (VI)", "texto_original": "http://sapl.garca.sp.leg.br/media/", "ementa": "Sugerindo erradica\u00e7\u00e3o, com posterior substitui\u00e7\u00e3o, de \u00e1rvore localizada defronte o im\u00f3vel de n\u00ba 110 da Rua Ros\u00e1rio Martino."}, {"id": "25375", "ano": "2007", "numero": "206", "tipo__sigla": "IND", "tipo__descricao": "Indica\u00e7\u00e3o", "autoria": "WILSON ALVES (VI)", "texto_original": "http://sapl.garca.sp.leg.br/media/", "ementa": "Sugerindo instala\u00e7\u00e3o de sinaliza\u00e7\u00e3o vertical de tr\u00e2nsito, informando a proibi\u00e7\u00e3o de parada e estacionamento de caminh\u00f5es defronte o Edif\u00edcio Eldorado."}, {"id": "25376", "ano": "2007", "numero": "207", "tipo__sigla": "IND", "tipo__descricao": "Indica\u00e7\u00e3o", "autoria": "WILSON ALVES (VI)", "texto_original": "http://sapl.garca.sp.leg.br/media/", "ementa": "Sugerindo constru\u00e7\u00e3o de uma guarita de \u00f4nibus, com cobertura, nas proximidades do cruzamento da Rua Jo\u00e3o Bento com a Rua Caramuru."}, {"id": "25377", "ano": "2007", "numero": "208", "tipo__sigla": "IND", "tipo__descricao": "Indica\u00e7\u00e3o", "autoria": "WILSON ALVES (VI)", "texto_original": "http://sapl.garca.sp.leg.br/media/", "ementa": "Sugerindo reparo em placa de denomina\u00e7\u00e3o de vias localizada na conflu\u00eancia das Ruas Antenor Lara Campos e Dr. Miguel Bruno Ferreira."}, {"id": "25378", "ano": "2007", "numero": "209", "tipo__sigla": "IND", "tipo__descricao": "Indica\u00e7\u00e3o", "autoria": "ANDR\u00c9 LUIS GAVIOLI RODRIGUES, WILSON ALVES (VI)", "texto_original": "http://sapl.garca.sp.leg.br/media/", "ementa": "Sugerindo pintura, com tinta antiderrapante, indicando acesso para deficientes em guia rebaixada no passeio p\u00fablico da Rua Bar\u00e3o do Rio Branco, defronte a C\u00e2mara Municipal de Gar\u00e7a."}, {"id": "25379", "ano": "2007", "numero": "210", "tipo__sigla": "IND", "tipo__descricao": "Indica\u00e7\u00e3o", "autoria": "Lico, MASSAO OGAWA", "texto_original": "http://sapl.garca.sp.leg.br/media/", "ementa": "Sugerindo erradica\u00e7\u00e3o, com posterior substitui\u00e7\u00e3o por esp\u00e9cie de menor porte, de uma \u00e1rvore localizada no passeio p\u00fablico da Rua Gabriela, defronte o im\u00f3vel de n\u00ba 01."}, {"id": "25380", "ano": "2007", "numero": "211", "tipo__sigla": "IND", "tipo__descricao": "Indica\u00e7\u00e3o", "autoria": "ADAMIR MAUR\u00cdCIO DE BARROS", "texto_original": "http://sapl.garca.sp.leg.br/media/", "ementa": "Sugerindo cobertura e coloca\u00e7\u00e3o de assento nos pontos de \u00f4nibus localizados no in\u00edcio da Rua Dr. Gast\u00e3o Vidigal."}, {"id": "25381", "ano": "2007", "numero": "212", "tipo__sigla": "IND", "tipo__descricao": "Indica\u00e7\u00e3o", "autoria": "ADAMIR MAUR\u00cdCIO DE BARROS", "texto_original": "http://sapl.garca.sp.leg.br/media/", "ementa": "Sugerindo melhorias na estrada municipal que d\u00e1 acesso ao Bairro \u00c1gua da Prata."}, {"id": "25382", "ano": "2007", "numero": "213", "tipo__sigla": "IND", "tipo__descricao": "Indica\u00e7\u00e3o", "autoria": "ADAMIR MAUR\u00cdCIO DE BARROS", "texto_original": "http://sapl.garca.sp.leg.br/media/", "ementa": "Sugerindo disponibilizar um veterin\u00e1rio aos mun\u00edcipes que possuem animais de estima\u00e7\u00e3o, pelo menos uma vez por semana."}, {"id": "25383", "ano": "2007", "numero": "214", "tipo__sigla": "IND", "tipo__descricao": "Indica\u00e7\u00e3o", "autoria": "JOS\u00c9 MARIA PIOLA", "texto_original": "http://sapl.garca.sp.leg.br/media/", "ementa": "Sugerindo renova\u00e7\u00e3o da pintura de redutores de velocidade e sinaliza\u00e7\u00e3o horizontal de tr\u00e2nsito em toda a extens\u00e3o da Av. Dr. Labieno da Costa Machado."}, {"id": "25384", "ano": "2007", "numero": "215", "tipo__sigla": "IND", "tipo__descricao": "Indica\u00e7\u00e3o", "autoria": "JOS\u00c9 MARIA PIOLA", "texto_original": "http://sapl.garca.sp.leg.br/media/", "ementa": "Sugerindo incluir trecho da Rua Sergipe, altura do cruzamento com a Rua Minas Gerais, na pr\u00f3xima opera\u00e7\u00e3o tapa-buracos."}, {"id": "25385", "ano": "2007", "numero": "216", "tipo__sigla": "IND", "tipo__descricao": "Indica\u00e7\u00e3o", "autoria": "JOS\u00c9 MARIA PIOLA", "texto_original": "http://sapl.garca.sp.leg.br/media/", "ementa": "Sugerindo notificar propriet\u00e1rio de terreno localizado na Rua Sergipe, no trecho compreendido entre as Ruas Carlos Ferrari e Tiradentes, para limpeza do terreno e do passeio p\u00fablico, e adequa\u00e7\u00e3o deste \u00faltimo."}, {"id": "25386", "ano": "2007", "numero": "217", "tipo__sigla": "IND", "tipo__descricao": "Indica\u00e7\u00e3o", "autoria": "JOS\u00c9 MARIA PIOLA, MASSAO OGAWA", "texto_original": "http://sapl.garca.sp.leg.br/media/", "ementa": "Sugerindo reparos em toda a extens\u00e3o da Rua Ver. Tel\u00eamaco Fernandes."}, {"id": "25387", "ano": "2007", "numero": "218", "tipo__sigla": "IND", "tipo__descricao": "Indica\u00e7\u00e3o", "autoria": "JOS\u00c9 MARIA PIOLA", "texto_original": "http://sapl.garca.sp.leg.br/media/", "ementa": "Sugerindo notificar propriet\u00e1rio de im\u00f3vel localizado na Rua Orlando Thiago dos Santos, altura do im\u00f3vel de n\u00ba 25, para reparos no passeio p\u00fablico."}, {"id": "25388", "ano": "2007", "numero": "219", "tipo__sigla": "IND", "tipo__descricao": "Indica\u00e7\u00e3o", "autoria": "JOS\u00c9 MARIA PIOLA", "texto_original": "http://sapl.garca.sp.leg.br/media/", "ementa": "Sugerindo limpeza geral da pra\u00e7a onde localiza-se a EMEI Maria Helena Santos Miranda."}, {"id": "25389", "ano": "2007", "numero": "220", "tipo__sigla": "IND", "tipo__descricao": "Indica\u00e7\u00e3o", "autoria": "WILSON ALVES (VI)", "texto_original": "http://sapl.garca.sp.leg.br/media/", "ementa": "Sugerindo notificar propriet\u00e1rio de im\u00f3vel localizado na Rua Tiradentes, n\u00ba 110, para proceder a poda de esp\u00e9cie arb\u00f3reo, ao longo de toda a testada do referido im\u00f3vel."}, {"id": "25390", "ano": "2007", "numero": "221", "tipo__sigla": "IND", "tipo__descricao": "Indica\u00e7\u00e3o", "autoria": "WILSON ALVES (VI)", "texto_original": "http://sapl.garca.sp.leg.br/media/", "ementa": "Sugerindo reparos no leito carro\u00e7\u00e1vel da Rua Ribeir\u00e3o da Gar\u00e7a, altura do im\u00f3vel de n\u00ba 10, eliminando os \"borrachudos\"."}, {"id": "25391", "ano": "2007", "numero": "222", "tipo__sigla": "IND", "tipo__descricao": "Indica\u00e7\u00e3o", "autoria": "PEDRO HENRIQUE SCARTEZINI", "texto_original": "http://sapl.garca.sp.leg.br/media/", "ementa": "Sugerindo incluir as ruas do Bairro Jardim Nova Gar\u00e7a, notadamente as Ruas Jo\u00e3o Martins Parreira e Salvador Zago J\u00fanior, na pr\u00f3xima opera\u00e7\u00e3o tapa-buracos a ser implementada no Munic\u00edpio."}, {"id": "25392", "ano": "2007", "numero": "223", "tipo__sigla": "IND", "tipo__descricao": "Indica\u00e7\u00e3o", "autoria": "VALDEMAR ZIMIANI", "texto_original": "http://sapl.garca.sp.leg.br/media/", "ementa": "Sugerindo denominar uma via, logradouro ou pr\u00f3prio p\u00fablico do Munic\u00edpio de \"Fabiana Cristina Policinani."}, {"id": "25393", "ano": "2007", "numero": "224", "tipo__sigla": "IND", "tipo__descricao": "Indica\u00e7\u00e3o", "autoria": "ANDR\u00c9 LUIS GAVIOLI RODRIGUES, CORN\u00c9LIO C\u00c9ZAR KEMP MARCONDES", "texto_original": "http://sapl.garca.sp.leg.br/media/", "ementa": "Sugerindo oferecer total apoio ao esportista Reginaldo da Silva Francisco, com o desenvolvimento do projeto \"Escolinha Bola de Ouro\"., incentivando crian\u00e7as e adolescentes \u00e0 pr\u00e1tica esportiva, principalmente os de baixa renda."}, {"id": "25394", "ano": "2007", "numero": "225", "tipo__sigla": "IND", "tipo__descricao": "Indica\u00e7\u00e3o", "autoria": "CORN\u00c9LIO C\u00c9ZAR KEMP MARCONDES", "texto_original": "http://sapl.garca.sp.leg.br/media/", "ementa": "Sugerindo amplas reformas nos est\u00e1dios varzeanos do Munic\u00edpio, inclusive nas resid\u00eancias de respectivos zeladores."}, {"id": "25395", "ano": "2007", "numero": "226", "tipo__sigla": "IND", "tipo__descricao": "Indica\u00e7\u00e3o", "autoria": "ADAMIR MAUR\u00cdCIO DE BARROS", "texto_original": "http://sapl.garca.sp.leg.br/media/", "ementa": "Sugerindo a distribui\u00e7\u00e3o de bloqueador solar aos servidores municipais que ficam expostos a radia\u00e7\u00e3o solar."}, {"id": "25396", "ano": "2007", "numero": "227", "tipo__sigla": "IND", "tipo__descricao": "Indica\u00e7\u00e3o", "autoria": "ADAMIR MAUR\u00cdCIO DE BARROS", "texto_original": "http://sapl.garca.sp.leg.br/media/", "ementa": "Sugerindo a constru\u00e7\u00e3o de um canteiro central ao longo de toda a extens\u00e3o da Av. Faustina ."}, {"id": "25397", "ano": "2007", "numero": "228", "tipo__sigla": "IND", "tipo__descricao": "Indica\u00e7\u00e3o", "autoria": "MARCOS LOPES MIRANDA", "texto_original": "http://sapl.garca.sp.leg.br/media/", "ementa": "Sugerindo instituir um seguro de vida para os profissionais m\u00e9dicos que atuam no transporte de pacientes em ambul\u00e2ncias."}, {"id": "25398", "ano": "2007", "numero": "229", "tipo__sigla": "IND", "tipo__descricao": "Indica\u00e7\u00e3o", "autoria": "MARCOS LOPES MIRANDA", "texto_original": "http://sapl.garca.sp.leg.br/media/", "ementa": "Sugerindo ado\u00e7\u00e3o de medidas visando incentivar os servidores municipais a realizarem atividades f\u00edsicas."}, {"id": "25399", "ano": "2007", "numero": "230", "tipo__sigla": "IND", "tipo__descricao": "Indica\u00e7\u00e3o", "autoria": "PEDRO HENRIQUE SCARTEZINI", "texto_original": "http://sapl.garca.sp.leg.br/media/", "ementa": "Sugerindo passagem de m\u00e1quina niveladora no leito carro\u00e7\u00e1vel da estrada vicinal rural que liga o Munic\u00edpio ao Bairro Jabuticabeira ou \u00c1gua do Castelo II."}, {"id": "25400", "ano": "2007", "numero": "231", "tipo__sigla": "IND", "tipo__descricao": "Indica\u00e7\u00e3o", "autoria": "SEBASTI\u00c3O TOLDATO GALEGO", "texto_original": "http://sapl.garca.sp.leg.br/media/", "ementa": "Sugerindo conferir maior apoio a atletas garcenses praticantes de Jiu-Jitsu, com transporte, alimenta\u00e7\u00e3o, condi\u00e7\u00f5es de treinamento e outros."}, {"id": "25401", "ano": "2007", "numero": "232", "tipo__sigla": "IND", "tipo__descricao": "Indica\u00e7\u00e3o", "autoria": "SEBASTI\u00c3O TOLDATO GALEGO", "texto_original": "http://sapl.garca.sp.leg.br/media/", "ementa": "Sugerindo ro\u00e7agem do mato e limpeza de terreno de propriedade do Munic\u00edpio, localizado na Rua Fidelis Furquim, atr\u00e1s do est\u00e1dio Municipal Dr. Rafael Paes de Barros, no distrito de Jafa."}, {"id": "25402", "ano": "2007", "numero": "233", "tipo__sigla": "IND", "tipo__descricao": "Indica\u00e7\u00e3o", "autoria": "SEBASTI\u00c3O TOLDATO GALEGO", "texto_original": "http://sapl.garca.sp.leg.br/media/", "ementa": "Sugerindo ceder pedreiros do quadro funcional da Prefeitura Municipal, para auxiliar na constru\u00e7\u00e3o do muro que margeia a sede do Lar dos Velhos Frederico Ozanan."}, {"id": "25403", "ano": "2007", "numero": "234", "tipo__sigla": "IND", "tipo__descricao": "Indica\u00e7\u00e3o", "autoria": "Lico, SEBASTI\u00c3O TOLDATO GALEGO", "texto_original": "http://sapl.garca.sp.leg.br/media/", "ementa": "Sugerindo conceder uma subven\u00e7\u00e3o financeira ao Lar dos Velhos Frederico Ozanan, bem como seja consignado um valor mais elevado desta na pe\u00e7a or\u00e7ament\u00e1ria dos pr\u00f3ximos anos."}, {"id": "25404", "ano": "2007", "numero": "235", "tipo__sigla": "IND", "tipo__descricao": "Indica\u00e7\u00e3o", "autoria": "MASSAO OGAWA", "texto_original": "http://sapl.garca.sp.leg.br/media/", "ementa": "Sugerindo mehorias na ilumina\u00e7\u00e3o p\u00fablica da Pra\u00e7a Tancredo Neves e aproveitando do local onde encontra-se uma fonte desativada, para a constru\u00e7\u00e3o de um coreto ou palco para apresenta\u00e7\u00f5es art\u00edsticas."}, {"id": "25405", "ano": "2007", "numero": "236", "tipo__sigla": "IND", "tipo__descricao": "Indica\u00e7\u00e3o", "autoria": "MASSAO OGAWA", "texto_original": "http://sapl.garca.sp.leg.br/media/", "ementa": "Sugerindo divulga\u00e7\u00e3o ao p\u00fablico de palestra a ser ministrada pelo Prof. Cl\u00e1udio Cofani Nunes, a ser realizada nas depend\u00eancias do CPP, dia 17 de abril de 2007, \u00e0s 19 hs, abordando o tema \"Biomas, Sociedade e o Aumento Clim\u00e1tico\"."}, {"id": "25406", "ano": "2007", "numero": "237", "tipo__sigla": "IND", "tipo__descricao": "Indica\u00e7\u00e3o", "autoria": "MASSAO OGAWA", "texto_original": "http://sapl.garca.sp.leg.br/media/", "ementa": "Sugerindo a evitaliza\u00e7\u00e3o da \"Cidade Mirim de Tr\u00e2nsito\", bem como incentivar \u00e0s escolas de educa\u00e7\u00e3o infantil do Munic\u00edpio a levarem seus alunos para conhec\u00ea-la."}, {"id": "25407", "ano": "2007", "numero": "238", "tipo__sigla": "IND", "tipo__descricao": "Indica\u00e7\u00e3o", "autoria": "VALDEMAR ZIMIANI", "texto_original": "http://sapl.garca.sp.leg.br/media/", "ementa": "Sugerindo coloca\u00e7\u00e3o de cascalho na estrada que levava ao antigo \"Pesque e Pague do Kakudate\", no trecho compreendido entre sua entrada e a \u00e1rea do a\u00e7ude."}, {"id": "25408", "ano": "2007", "numero": "239", "tipo__sigla": "IND", "tipo__descricao": "Indica\u00e7\u00e3o", "autoria": "VALDEMAR ZIMIANI", "texto_original": "http://sapl.garca.sp.leg.br/media/", "ementa": "Sugerindo ro\u00e7agem da grama e limpeza da \u00e1rea de lazer do conjunto habitacional do Distrito de Jafa."}, {"id": "25409", "ano": "2007", "numero": "240", "tipo__sigla": "IND", "tipo__descricao": "Indica\u00e7\u00e3o", "autoria": "JOS\u00c9 MARIA PIOLA", "texto_original": "http://sapl.garca.sp.leg.br/media/", "ementa": "Sugerindo a desapropria\u00e7\u00e3o do pr\u00e9dio que abrigava a antiga empresa Expresso Alta Zona da Mata, junto \u00e0 Av. Dr. Labieno da Costa Machado, altura do n\u00ba 1.636."}, {"id": "25410", "ano": "2007", "numero": "241", "tipo__sigla": "IND", "tipo__descricao": "Indica\u00e7\u00e3o", "autoria": "PEDRO HENRIQUE SCARTEZINI", "texto_original": "http://sapl.garca.sp.leg.br/media/", "ementa": "Sugerindo melhorias na pavimenta\u00e7\u00e3o asf\u00e1ltica da Rua Antenor Lara Campos, entre as Ruas Prudente de Moraes e Melchiades Nery de Castro."}, {"id": "25411", "ano": "2007", "numero": "242", "tipo__sigla": "IND", "tipo__descricao": "Indica\u00e7\u00e3o", "autoria": "CORN\u00c9LIO C\u00c9ZAR KEMP MARCONDES, VALDEMAR ZIMIANI", "texto_original": "http://sapl.garca.sp.leg.br/media/", "ementa": "Sugerindo denominar um bairro, uma via, logradouro ou pr\u00f3prio p\u00fablico do Munic\u00edpio de \"Vilson Pereira Ramos\"."}, {"id": "25412", "ano": "2007", "numero": "243", "tipo__sigla": "IND", "tipo__descricao": "Indica\u00e7\u00e3o", "autoria": "ADAMIR MAUR\u00cdCIO DE BARROS", "texto_original": "http://sapl.garca.sp.leg.br/media/", "ementa": "Sugerindo celebrar conv\u00eanios e ou parcerias com a iniciativa privada no sentido de angariar recursos financeiros para proceder melhorias e a pavimenta\u00e7\u00e3o da pista de pouso/decolagem do aeroporto local."}, {"id": "25413", "ano": "2007", "numero": "244", "tipo__sigla": "IND", "tipo__descricao": "Indica\u00e7\u00e3o", "autoria": "WILSON ALVES (VI)", "texto_original": "http://sapl.garca.sp.leg.br/media/", "ementa": "Sugerindo a inclus\u00e3o da Rua Peroba na pr\u00f3xima opera\u00e7\u00e3o tapa-buracos a ser implementada no Munic\u00edpio, notadamente o trecho pr\u00f3ximo ao cruzamento com a Rua Jequitib\u00e1."}, {"id": "25414", "ano": "2007", "numero": "245", "tipo__sigla": "IND", "tipo__descricao": "Indica\u00e7\u00e3o", "autoria": "WILSON ALVES (VI)", "texto_original": "http://sapl.garca.sp.leg.br/media/", "ementa": "Sugerindo a instala\u00e7\u00e3o de proibi\u00e7\u00e3o de estacionamento de ve\u00edculos para carga e descarga de mercadorias na Pra\u00e7a Rui Barbosa - extens\u00e3o da Rua Sgto. Wilson Abel de Oliveira -, no trecho compreendido entre as ruas Heitor Penteado e Carlos Ferrari."}, {"id": "25415", "ano": "2007", "numero": "246", "tipo__sigla": "IND", "tipo__descricao": "Indica\u00e7\u00e3o", "autoria": "WILSON ALVES (VI)", "texto_original": "http://sapl.garca.sp.leg.br/media/", "ementa": "Sugerindo determinar aos servidores do SAPROMI, estabelecer um sistema di\u00e1rio de ronda pelas ruas centrais do Munic\u00edpio, visando o recolhimento de andarilhos e alcoolizados que perambulam pelas vias p\u00fablicas."}, {"id": "25416", "ano": "2007", "numero": "247", "tipo__sigla": "IND", "tipo__descricao": "Indica\u00e7\u00e3o", "autoria": "CORN\u00c9LIO C\u00c9ZAR KEMP MARCONDES", "texto_original": "http://sapl.garca.sp.leg.br/media/", "ementa": "Sugerindo instala\u00e7\u00e3o de placas indicativas da localiza\u00e7\u00e3o da Junta do Trabalho de Gar\u00e7a, principalmente nas vias de entradas da zona urbana."}, {"id": "25417", "ano": "2007", "numero": "248", "tipo__sigla": "IND", "tipo__descricao": "Indica\u00e7\u00e3o", "autoria": "CORN\u00c9LIO C\u00c9ZAR KEMP MARCONDES", "texto_original": "http://sapl.garca.sp.leg.br/media/", "ementa": "Sugerindo maior arboriza\u00e7\u00e3o de vias localizadas no Jardim Nova Gar\u00e7a, inclusive nas Ruas Jo\u00e3o Martins Parreira, Salvador Zago e Ros\u00e1rio Martino."}, {"id": "25418", "ano": "2007", "numero": "249", "tipo__sigla": "IND", "tipo__descricao": "Indica\u00e7\u00e3o", "autoria": "CORN\u00c9LIO C\u00c9ZAR KEMP MARCONDES", "texto_original": "http://sapl.garca.sp.leg.br/media/", "ementa": "Sugerindo pavimenta\u00e7\u00e3o asf\u00e1ltica de vias do Jardim Mondrian."}, {"id": "25419", "ano": "2007", "numero": "250", "tipo__sigla": "IND", "tipo__descricao": "Indica\u00e7\u00e3o", "autoria": "CORN\u00c9LIO C\u00c9ZAR KEMP MARCONDES", "texto_original": "http://sapl.garca.sp.leg.br/media/", "ementa": "Sugerindo pavimenta\u00e7\u00e3o asf\u00e1ltica de vias do Distrito Industrial."}, {"id": "25420", "ano": "2007", "numero": "251", "tipo__sigla": "IND", "tipo__descricao": "Indica\u00e7\u00e3o", "autoria": "CORN\u00c9LIO C\u00c9ZAR KEMP MARCONDES", "texto_original": "http://sapl.garca.sp.leg.br/media/", "ementa": "Sugerindo doa\u00e7\u00e3o de uma cadeira de rodas ao Sr. Lino Alves Fernandes."}, {"id": "25421", "ano": "2007", "numero": "252", "tipo__sigla": "IND", "tipo__descricao": "Indica\u00e7\u00e3o", "autoria": "CORN\u00c9LIO C\u00c9ZAR KEMP MARCONDES", "texto_original": "http://sapl.garca.sp.leg.br/media/", "ementa": "Sugerindo aquisi\u00e7\u00e3o de cobertores para distribui\u00e7\u00e3o \u00e0 popula\u00e7\u00e3o carente e de baixa renda de Gar\u00e7a, Distrito de Jafa e Zona Rural."}, {"id": "25422", "ano": "2007", "numero": "253", "tipo__sigla": "IND", "tipo__descricao": "Indica\u00e7\u00e3o", "autoria": "CORN\u00c9LIO C\u00c9ZAR KEMP MARCONDES", "texto_original": "http://sapl.garca.sp.leg.br/media/", "ementa": "Sugerindo denominar de \"Dr. Am\u00e9lio Martini\", uma via, pra\u00e7a ou pr\u00e9dio p\u00fablico do Munic\u00edpio."}, {"id": "25423", "ano": "2007", "numero": "254", "tipo__sigla": "IND", "tipo__descricao": "Indica\u00e7\u00e3o", "autoria": "CORN\u00c9LIO C\u00c9ZAR KEMP MARCONDES", "texto_original": "http://sapl.garca.sp.leg.br/media/", "ementa": "Sugerindo instala\u00e7\u00f5es de redes de ilumina\u00e7\u00e3o p\u00fablica no trecho final da Rua Get\u00falio Vargas."}, {"id": "25424", "ano": "2007", "numero": "255", "tipo__sigla": "IND", "tipo__descricao": "Indica\u00e7\u00e3o", "autoria": "CORN\u00c9LIO C\u00c9ZAR KEMP MARCONDES", "texto_original": "http://sapl.garca.sp.leg.br/media/", "ementa": "Sugerindo denominar de \"Jos\u00e9 Zagatti\", uma via, pra\u00e7a ou pr\u00e9dio p\u00fablico do Munic\u00edpio."}, {"id": "25425", "ano": "2007", "numero": "256", "tipo__sigla": "IND", "tipo__descricao": "Indica\u00e7\u00e3o", "autoria": "ADAMIR MAUR\u00cdCIO DE BARROS", "texto_original": "http://sapl.garca.sp.leg.br/media/", "ementa": "Sugerindo concess\u00e3o de terrenos localizados no Bairro Faixa de Integra\u00e7\u00e3o 2 - Jos\u00e9 Ribeiro, para a Igreja Pentecostal Vida Nova."}, {"id": "25426", "ano": "2007", "numero": "257", "tipo__sigla": "IND", "tipo__descricao": "Indica\u00e7\u00e3o", "autoria": "ADAMIR MAUR\u00cdCIO DE BARROS", "texto_original": "http://sapl.garca.sp.leg.br/media/", "ementa": "Sugerindo reparos em bueiro localizado na Rua Dr. Garc\u00eas, pr\u00f3ximo ao cruzamento com a Rua Ver. Jo\u00e3o Tarora (lado direito, sentido centro-bairro)."}, {"id": "25427", "ano": "2007", "numero": "258", "tipo__sigla": "IND", "tipo__descricao": "Indica\u00e7\u00e3o", "autoria": "ADAMIR MAUR\u00cdCIO DE BARROS", "texto_original": "http://sapl.garca.sp.leg.br/media/", "ementa": "Sugerindo reparos em bueiro localizado no final da Rua Peroba, altura do cruzamento com o prolongamento da Rua Guarant\u00e3."}, {"id": "25428", "ano": "2007", "numero": "259", "tipo__sigla": "IND", "tipo__descricao": "Indica\u00e7\u00e3o", "autoria": "ADAMIR MAUR\u00cdCIO DE BARROS", "texto_original": "http://sapl.garca.sp.leg.br/media/", "ementa": "Sugerindo denominar de \"Allan Kardec\", uma pra\u00e7a, via ou logradouro p\u00fablico do Munic\u00edpio."}, {"id": "25429", "ano": "2007", "numero": "260", "tipo__sigla": "IND", "tipo__descricao": "Indica\u00e7\u00e3o", "autoria": "JOS\u00c9 MARIA PIOLA", "texto_original": "http://sapl.garca.sp.leg.br/media/", "ementa": "Sugerindo construir \"Pontos de Carona\", com cobertura, defronte a Fatec-Gar\u00e7a e em ponto estrat\u00e9gico da Av. Presidente Vargas."}, {"id": "25430", "ano": "2007", "numero": "261", "tipo__sigla": "IND", "tipo__descricao": "Indica\u00e7\u00e3o", "autoria": "ADAMIR MAUR\u00cdCIO DE BARROS", "texto_original": "http://sapl.garca.sp.leg.br/media/", "ementa": "Sugerindo instituir um pr\u00eamio anual, de cunho pecuni\u00e1rio, destinado aos servidores p\u00fablicos municipais que tiverem assiduidade exemplar no servi\u00e7o p\u00fablico municipal."}, {"id": "25431", "ano": "2007", "numero": "262", "tipo__sigla": "IND", "tipo__descricao": "Indica\u00e7\u00e3o", "autoria": "ADAMIR MAUR\u00cdCIO DE BARROS", "texto_original": "http://sapl.garca.sp.leg.br/media/", "ementa": "Sugerindo reinstala\u00e7\u00e3o de banco de concreto junto \u00e0 Pra\u00e7a Rui Barbosa, pr\u00f3ximo ao ponto de t\u00e1xi (defronte a loja Pernambucanas)."}, {"id": "25432", "ano": "2007", "numero": "263", "tipo__sigla": "IND", "tipo__descricao": "Indica\u00e7\u00e3o", "autoria": "ADAMIR MAUR\u00cdCIO DE BARROS", "texto_original": "http://sapl.garca.sp.leg.br/media/", "ementa": "Sugerindo cal\u00e7amento com bloquetes ou outro tipo de material, de passagem que interliga a Rua J\u00falio Bertolucci e Rua Hum, no Distrito de Jafa., paralela \u00e0 Rua Alcides Carrenho."}, {"id": "25433", "ano": "2007", "numero": "264", "tipo__sigla": "IND", "tipo__descricao": "Indica\u00e7\u00e3o", "autoria": "JOS\u00c9 MARIA PIOLA", "texto_original": "http://sapl.garca.sp.leg.br/media/", "ementa": "Sugerindo altera\u00e7\u00e3o no inciso V, artigo 136, da Lei Municipal n\u00ba 2.680/91 - passando para um dia a autoriza\u00e7\u00e3o para o funcion\u00e1rio ausentar-se do servi\u00e7o, sem preju\u00edzo qualquer, no dia do seu anivers\u00e1rio."}, {"id": "25434", "ano": "2007", "numero": "265", "tipo__sigla": "IND", "tipo__descricao": "Indica\u00e7\u00e3o", "autoria": "SEBASTI\u00c3O TOLDATO GALEGO", "texto_original": "http://sapl.garca.sp.leg.br/media/", "ementa": "Sugerindo coloca\u00e7\u00e3o de uma torneira na Pra\u00e7a existente no cruzamento das ruas Rafael Crudi, Presidente Dutra e Sebasti\u00e3o Rosa."}, {"id": "25435", "ano": "2007", "numero": "266", "tipo__sigla": "IND", "tipo__descricao": "Indica\u00e7\u00e3o", "autoria": "WILSON ALVES (VI)", "texto_original": "http://sapl.garca.sp.leg.br/media/", "ementa": "Sugerindo disponibilizar cadeiras de rodas e muletas \u00e0 portadores de defici\u00eancia f\u00edsica, junto \u00e0 instala\u00e7\u00f5es do Cemit\u00e9rio e Vel\u00f3rio Municipal, bem como seja delimitado no estacionamento daqueles, vagas para estacionamento de ve\u00edculos que transportam deficientes f\u00edsicos."}, {"id": "25436", "ano": "2007", "numero": "267", "tipo__sigla": "IND", "tipo__descricao": "Indica\u00e7\u00e3o", "autoria": "ADAMIR MAUR\u00cdCIO DE BARROS", "texto_original": "http://sapl.garca.sp.leg.br/media/", "ementa": "Sugerindo instituir proibi\u00e7\u00e3o de circula\u00e7\u00e3o de ve\u00edculos de grande porte, caminh\u00f5es e \u00f4nibus, na regi\u00e3o do Lago Artificial e Concha Ac\u00fastica, nos finais de semana e feriados."}, {"id": "25437", "ano": "2007", "numero": "268", "tipo__sigla": "IND", "tipo__descricao": "Indica\u00e7\u00e3o", "autoria": "ADAMIR MAUR\u00cdCIO DE BARROS", "texto_original": "http://sapl.garca.sp.leg.br/media/", "ementa": "Sugerindo substitui\u00e7\u00e3o de placas indicativas da Alameda Mathias Manchini, que est\u00e3o grafadas incorretamente."}, {"id": "25438", "ano": "2007", "numero": "269", "tipo__sigla": "IND", "tipo__descricao": "Indica\u00e7\u00e3o", "autoria": "SEBASTI\u00c3O TOLDATO GALEGO", "texto_original": "http://sapl.garca.sp.leg.br/media/", "ementa": "Sugerindo manuten\u00e7\u00e3o/revis\u00e3o no sistema de ilumina\u00e7\u00e3o p\u00fablica da Pra\u00e7a Nossa Senhora Aparecida, no distrito de Jafa."}, {"id": "25439", "ano": "2007", "numero": "270", "tipo__sigla": "IND", "tipo__descricao": "Indica\u00e7\u00e3o", "autoria": "SEBASTI\u00c3O TOLDATO GALEGO", "texto_original": "http://sapl.garca.sp.leg.br/media/", "ementa": "Sugerindo substitui\u00e7\u00e3o de \u00e1rvore localizada no passeio p\u00fablico da Rua Carlos Ferrari, defronte o im\u00f3vel de n\u00ba 1.111."}, {"id": "25440", "ano": "2007", "numero": "271", "tipo__sigla": "IND", "tipo__descricao": "Indica\u00e7\u00e3o", "autoria": "MILTON PINHEIRO DE OLIVEIRA, WILSON ALVES (VI)", "texto_original": "http://sapl.garca.sp.leg.br/media/", "ementa": "Sugerindo vistoria em \u00e1rvores plantadas junto ao passeio p\u00fablico da Rua Antenor Lara Campos, defronte os im\u00f3veis de n\u00bas 925 e 956."}, {"id": "25441", "ano": "2007", "numero": "272", "tipo__sigla": "IND", "tipo__descricao": "Indica\u00e7\u00e3o", "autoria": "WILSON ALVES (VI)", "texto_original": "http://sapl.garca.sp.leg.br/media/", "ementa": "Sugerindo remo\u00e7\u00e3o e correta instala\u00e7\u00e3o de tampa de concreto de bueiro localizado na Rua Prudente de Moraes, defronte o im\u00f3vel de n\u00ba 638."}, {"id": "25442", "ano": "2007", "numero": "273", "tipo__sigla": "IND", "tipo__descricao": "Indica\u00e7\u00e3o", "autoria": "WILSON ALVES (VI)", "texto_original": "http://sapl.garca.sp.leg.br/media/", "ementa": "Sugerindo notificar propriet\u00e1rio de terreno localizado no final da Rua Antenor Lara Campos, no trecho compreendido entre as Ruas Melchiades Nery de Castro e Prudente de Moraes, para proceder a limpeza e ro\u00e7agem do mato."}, {"id": "25443", "ano": "2007", "numero": "274", "tipo__sigla": "IND", "tipo__descricao": "Indica\u00e7\u00e3o", "autoria": "WILSON ALVES (VI)", "texto_original": "http://sapl.garca.sp.leg.br/media/", "ementa": "Sugerindo passagem de m\u00e1quina em via p\u00fablica localizada na parte posterior do Distrito Industrial, mais precisamente aos fundos da empresa RCG, bem como a retirada do lixo acumulado naquelas imedia\u00e7\u00f5es."}, {"id": "25444", "ano": "2007", "numero": "275", "tipo__sigla": "IND", "tipo__descricao": "Indica\u00e7\u00e3o", "autoria": "WILSON ALVES (VI)", "texto_original": "http://sapl.garca.sp.leg.br/media/", "ementa": "Sugerindo substitui\u00e7\u00e3o de \u00e1rvore localizada no passeio da Rua Antenor Lara Campos, altura do n\u00ba 464."}, {"id": "25445", "ano": "2007", "numero": "276", "tipo__sigla": "IND", "tipo__descricao": "Indica\u00e7\u00e3o", "autoria": "WILSON ALVES (VI)", "texto_original": "http://sapl.garca.sp.leg.br/media/", "ementa": "Sugerindo isen\u00e7\u00e3o para deficientes visuais, mutilados e parapl\u00e9gicos, de taxas para exerc\u00edcio de com\u00e9rcio eventual ou ambulante dentro do Munic\u00edpio."}, {"id": "25446", "ano": "2007", "numero": "277", "tipo__sigla": "IND", "tipo__descricao": "Indica\u00e7\u00e3o", "autoria": "MASSAO OGAWA", "texto_original": "http://sapl.garca.sp.leg.br/media/", "ementa": "Sugerindo reparos na entrada da estrada vicinal rural que d\u00e1 acesso ao bairro Santo Andr\u00e9."}, {"id": "25447", "ano": "2007", "numero": "278", "tipo__sigla": "IND", "tipo__descricao": "Indica\u00e7\u00e3o", "autoria": "WILSON ALVES (VI)", "texto_original": "http://sapl.garca.sp.leg.br/media/", "ementa": "Sugerindo notificar propriet\u00e1rio de terreno localizado ao lado do im\u00f3vel de n\u00ba 790 da Rua Sgto. Wilson Abel de Oliveira, para proceder a capina e ro\u00e7agem do mato."}, {"id": "25448", "ano": "2007", "numero": "279", "tipo__sigla": "IND", "tipo__descricao": "Indica\u00e7\u00e3o", "autoria": "CORN\u00c9LIO C\u00c9ZAR KEMP MARCONDES", "texto_original": "http://sapl.garca.sp.leg.br/media/", "ementa": "Sugerindo reparos no leito carro\u00e7\u00e1vel das ruas Alfredo de Souza Castro de Joaquim Ramos Mendes, nos trechos compreendos entre as ruas Guanabara e M\u00e1rio Marang\u00e3o."}, {"id": "25449", "ano": "2007", "numero": "280", "tipo__sigla": "IND", "tipo__descricao": "Indica\u00e7\u00e3o", "autoria": "JOS\u00c9 MARIA PIOLA, J\u00daLIO MARCONDES DE MOURA FILHO", "texto_original": "http://sapl.garca.sp.leg.br/media/", "ementa": "Sugerindo instala\u00e7\u00e3o de um redutor de velocidade em ponto estrat\u00e9gico da Rua Get\u00falio Vargas."}, {"id": "25450", "ano": "2007", "numero": "281", "tipo__sigla": "IND", "tipo__descricao": "Indica\u00e7\u00e3o", "autoria": "JOS\u00c9 MARIA PIOLA", "texto_original": "http://sapl.garca.sp.leg.br/media/", "ementa": "Sugerindo denominar uma via, logradouro ou pr\u00f3prio p\u00fablico do Munic\u00edpio de \"Lucas Sartori\"."}, {"id": "25451", "ano": "2007", "numero": "282", "tipo__sigla": "IND", "tipo__descricao": "Indica\u00e7\u00e3o", "autoria": "Lico, WILSON ALVES (VI)", "texto_original": "http://sapl.garca.sp.leg.br/media/", "ementa": "Sugerindo a destina\u00e7\u00e3o de espa\u00e7o privativo para estacionamento de ve\u00edculos que conduzam deficientes f\u00edsicos que necessitam de cadeiras de rodas para sua locomo\u00e7\u00e3o na regi\u00e3o central da cidade."}, {"id": "25452", "ano": "2007", "numero": "283", "tipo__sigla": "IND", "tipo__descricao": "Indica\u00e7\u00e3o", "autoria": "WILSON ALVES (VI)", "texto_original": "http://sapl.garca.sp.leg.br/media/", "ementa": "Sugerindo instituir no Munic\u00edpio o Estatuto Municipal da Pessoa Portadora de Defici\u00eancias."}, {"id": "25453", "ano": "2007", "numero": "284", "tipo__sigla": "IND", "tipo__descricao": "Indica\u00e7\u00e3o", "autoria": "WILSON ALVES (VI)", "texto_original": "http://sapl.garca.sp.leg.br/media/", "ementa": "Sugerindo instala\u00e7\u00e3o de um redutor de velocidade ou outro tipo de obst\u00e1culo junto \u00e0 Rua Ant\u00f4nio Leal de Oliveira, pr\u00f3ximo \u00e0 farm\u00e1cia existente naquela via p\u00fablica."}, {"id": "25454", "ano": "2007", "numero": "285", "tipo__sigla": "IND", "tipo__descricao": "Indica\u00e7\u00e3o", "autoria": "WILSON ALVES (VI)", "texto_original": "http://sapl.garca.sp.leg.br/media/", "ementa": "Sugerindo elevar o subs\u00eddio pago aos cidad\u00e3os que atuam como \u00e1rbitros, assistentes e mes\u00e1rios em competi\u00e7\u00f5es futebol\u00edsticas amadoras do Munic\u00edpio."}, {"id": "25455", "ano": "2007", "numero": "286", "tipo__sigla": "IND", "tipo__descricao": "Indica\u00e7\u00e3o", "autoria": "WILSON ALVES (VI)", "texto_original": "http://sapl.garca.sp.leg.br/media/", "ementa": "Sugerindo ampla reforma e processo de revitaliza\u00e7\u00e3o da Pra\u00e7a Vitor Hugo Boaretto."}, {"id": "25456", "ano": "2007", "numero": "287", "tipo__sigla": "IND", "tipo__descricao": "Indica\u00e7\u00e3o", "autoria": "WILSON ALVES (VI)", "texto_original": "http://sapl.garca.sp.leg.br/media/", "ementa": "Sugerindo fiscaliza\u00e7\u00e3o ou ado\u00e7\u00e3o de outras medidas cab\u00edveis, com rela\u00e7\u00e3o ao tr\u00e2nsito de caminh\u00f5es com carregamento de ossos, l\u00e1tex e curtume no centro da cidade em hor\u00e1rio comercial."}, {"id": "25457", "ano": "2007", "numero": "288", "tipo__sigla": "IND", "tipo__descricao": "Indica\u00e7\u00e3o", "autoria": "ADAMIR MAUR\u00cdCIO DE BARROS", "texto_original": "http://sapl.garca.sp.leg.br/media/", "ementa": "Sugerindo disponibilizar cursos. ministrados por profissionais gabaritados, para forma\u00e7\u00e3o espec\u00edfica de Cuidador de Idosos."}, {"id": "25458", "ano": "2007", "numero": "289", "tipo__sigla": "IND", "tipo__descricao": "Indica\u00e7\u00e3o", "autoria": "WILSON ALVES (VI)", "texto_original": "http://sapl.garca.sp.leg.br/media/", "ementa": "Sugerindo notificar o propriet\u00e1rio de im\u00f3vel localizado na Rua Fausto Floriano de Toledo, no trecho compreendido entre as Ruas Alberto Alves e Ataliba Leonel, para reparos no passeio p\u00fablico que margeia o im\u00f3vel."}, {"id": "25459", "ano": "2007", "numero": "290", "tipo__sigla": "IND", "tipo__descricao": "Indica\u00e7\u00e3o", "autoria": "CORN\u00c9LIO C\u00c9ZAR KEMP MARCONDES", "texto_original": "http://sapl.garca.sp.leg.br/media/", "ementa": "Sugerindo melhorias, ou constru\u00e7\u00e3o de novas galerias para melhor escoamento das \u00e1guas pluviais no trecho inicial da Av. Paineiras."}, {"id": "25460", "ano": "2007", "numero": "291", "tipo__sigla": "IND", "tipo__descricao": "Indica\u00e7\u00e3o", "autoria": "CORN\u00c9LIO C\u00c9ZAR KEMP MARCONDES", "texto_original": "http://sapl.garca.sp.leg.br/media/", "ementa": "Sugerindo melhorias ou constru\u00e7\u00e3o de novas galerias, para melhor escoamento das \u00e1guas pluviais nas imedia\u00e7\u00f5es de barrac\u00f5es localizados no Distrito Industrial L\u00facio de Oliveira Lima Sobrinho."}, {"id": "25461", "ano": "2007", "numero": "292", "tipo__sigla": "IND", "tipo__descricao": "Indica\u00e7\u00e3o", "autoria": "VALDEMAR ZIMIANI", "texto_original": "http://sapl.garca.sp.leg.br/media/", "ementa": "Sugerindo contato com a CPFL visando viabilizar a instala\u00e7\u00e3o de um bico de luz em poste de ilumina\u00e7\u00e3o p\u00fablica localizada na Av. Fidelis Furquim, no distrito de Jafa, em seu trecho final, sentido Distrito de Jafa - Vera Cruz."}, {"id": "25462", "ano": "2007", "numero": "293", "tipo__sigla": "IND", "tipo__descricao": "Indica\u00e7\u00e3o", "autoria": "ADAMIR MAUR\u00cdCIO DE BARROS", "texto_original": "http://sapl.garca.sp.leg.br/media/", "ementa": "Sugerindo intensificar fiscaliza\u00e7\u00e3o para cumprimento dos dispositivos da Lei Municipal n\u00ba 4.007/2006, que estabelece normas para a distribui\u00e7\u00e3o de folhetos propagand\u00edsticos no Munic\u00edpio."}, {"id": "25463", "ano": "2007", "numero": "294", "tipo__sigla": "IND", "tipo__descricao": "Indica\u00e7\u00e3o", "autoria": "PEDRO HENRIQUE SCARTEZINI", "texto_original": "http://sapl.garca.sp.leg.br/media/", "ementa": "Sugerindo aumento do local destinado ao estacionamento privativo de motocicletas (bols\u00e3o) existente na Rua Cel. Joaquim Piza, defronte \u00e0 ag\u00eancia do Banco do Brasil."}, {"id": "25464", "ano": "2007", "numero": "295", "tipo__sigla": "IND", "tipo__descricao": "Indica\u00e7\u00e3o", "autoria": "WILSON ALVES (VI)", "texto_original": "http://sapl.garca.sp.leg.br/media/", "ementa": "Sugerindo melhor disciplinamento para o estacionamento/servi\u00e7o de t\u00e1xi no Cemit\u00e9rio Municipal Santa Faustina."}, {"id": "25465", "ano": "2007", "numero": "296", "tipo__sigla": "IND", "tipo__descricao": "Indica\u00e7\u00e3o", "autoria": "VALDEMAR ZIMIANI", "texto_original": "http://sapl.garca.sp.leg.br/media/", "ementa": "Sugerindo recupera\u00e7\u00e3o do leito carro\u00e7\u00e1vel da via que d\u00e1 acesso \u00e0 SP-294, sa\u00edda para Mar\u00edlia, nas proximidades do pontilh\u00e3o de acesso ao campus da FAEF, devido a exist\u00eancia de um buraco."}, {"id": "25212", "ano": "2007", "numero": "297", "tipo__sigla": "IND", "tipo__descricao": "Indica\u00e7\u00e3o", "autoria": "WILSON ALVES (VI)", "texto_original": "http://sapl.garca.sp.leg.br/media/", "ementa": "Sugerindo instala\u00e7\u00e3o de ilumina\u00e7\u00e3o de emerg\u00eancia no recinto do Vel\u00f3rio Municipal."}, {"id": "25466", "ano": "2007", "numero": "298", "tipo__sigla": "IND", "tipo__descricao": "Indica\u00e7\u00e3o", "autoria": "J\u00daLIO MARCONDES DE MOURA FILHO, MASSAO OGAWA", "texto_original": "http://sapl.garca.sp.leg.br/media/", "ementa": "Sugerindo a coleta de maiores informa\u00e7\u00f5es acerca de complexo homeop\u00e1tico que minimiza os sintomas da dengue."}, {"id": "25467", "ano": "2007", "numero": "299", "tipo__sigla": "IND", "tipo__descricao": "Indica\u00e7\u00e3o", "autoria": "WILSON ALVES (VI)", "texto_original": "http://sapl.garca.sp.leg.br/media/", "ementa": "Sugerindo notificar propriet\u00e1rio de im\u00f3vel localizado na Rua Melchiades Nery de Castro, altura do n\u00ba 149, para realizar reparos no passeio p\u00fablico."}, {"id": "25468", "ano": "2007", "numero": "300", "tipo__sigla": "IND", "tipo__descricao": "Indica\u00e7\u00e3o", "autoria": "WILSON ALVES (VI)", "texto_original": "http://sapl.garca.sp.leg.br/media/", "ementa": "Sugerindo notificar propriet\u00e1rio de im\u00f3vel localizado na Rua Carlos Ferrari, cruzamento com a Rua Sgto. Wilson Abel de Oliveira, para realizar reparos no passeio p\u00fablico."}, {"id": "25469", "ano": "2007", "numero": "301", "tipo__sigla": "IND", "tipo__descricao": "Indica\u00e7\u00e3o", "autoria": "MASSAO OGAWA", "texto_original": "http://sapl.garca.sp.leg.br/media/", "ementa": "Sugerindo promover campanha de conscientiza\u00e7\u00e3o da popula\u00e7\u00e3o sobre a import\u00e2ncia do Censo."}, {"id": "25470", "ano": "2007", "numero": "302", "tipo__sigla": "IND", "tipo__descricao": "Indica\u00e7\u00e3o", "autoria": "MASSAO OGAWA", "texto_original": "http://sapl.garca.sp.leg.br/media/", "ementa": "Sugerindo poda de \u00e1rvores localizadas na Rua Carlos Gomes, ao lado da Lanchonete Barn\u00e9."}, {"id": "25471", "ano": "2007", "numero": "303", "tipo__sigla": "IND", "tipo__descricao": "Indica\u00e7\u00e3o", "autoria": "MASSAO OGAWA", "texto_original": "http://sapl.garca.sp.leg.br/media/", "ementa": "Sugerindo coloca\u00e7\u00e3o de sinaliza\u00e7\u00e3o refletiva dos dois lados das muretas do novo sem\u00e1foro instalado na Av. Dr. Labieno da Costa Machado, bem como nas muretas centrais, quando de sua constru\u00e7\u00e3o."}, {"id": "25472", "ano": "2007", "numero": "304", "tipo__sigla": "IND", "tipo__descricao": "Indica\u00e7\u00e3o", "autoria": "MASSAO OGAWA", "texto_original": "http://sapl.garca.sp.leg.br/media/", "ementa": "Sugerindo coloca\u00e7\u00e3o de placas de tr\u00e2nsito alertando sobre a proibi\u00e7\u00e3o de convers\u00e3o nos cruzamentos da Av. Dr. Rafael Paes de Barros."}, {"id": "25473", "ano": "2007", "numero": "305", "tipo__sigla": "IND", "tipo__descricao": "Indica\u00e7\u00e3o", "autoria": "CORN\u00c9LIO C\u00c9ZAR KEMP MARCONDES", "texto_original": "http://sapl.garca.sp.leg.br/media/", "ementa": "Sugerindo destina\u00e7\u00e3o de uma cesta b\u00e1sica a mun\u00edcipe que encontra-se com problemas de sa\u00fade."}, {"id": "25474", "ano": "2007", "numero": "306", "tipo__sigla": "IND", "tipo__descricao": "Indica\u00e7\u00e3o", "autoria": "ADAMIR MAUR\u00cdCIO DE BARROS", "texto_original": "http://sapl.garca.sp.leg.br/media/", "ementa": "Sugerindo majora\u00e7\u00e3o da subven\u00e7\u00e3o concedida ao Lar dos Velhos Frederico Ozanan, na  pe\u00e7a or\u00e7ament\u00e1ria para o exerc\u00edcio de 2008."}, {"id": "25475", "ano": "2007", "numero": "307", "tipo__sigla": "IND", "tipo__descricao": "Indica\u00e7\u00e3o", "autoria": "WILSON ALVES (VI)", "texto_original": "http://sapl.garca.sp.leg.br/media/", "ementa": "Sugerindo trato em \u00e1rvore existente no centro da Pra\u00e7a Hilmar Machado de Oliveira, visando a elimia\u00e7\u00e3o de parasitas."}, {"id": "25476", "ano": "2007", "numero": "308", "tipo__sigla": "IND", "tipo__descricao": "Indica\u00e7\u00e3o", "autoria": "WILSON ALVES (VI)", "texto_original": "http://sapl.garca.sp.leg.br/media/", "ementa": "Sugerindo vistoria em esp\u00e9cie arb\u00f3reo atacado por cupins, defronte o im\u00f3vel da Rua Prefeito Salviano Pereira de Andrade, n\u00ba 721."}, {"id": "25477", "ano": "2007", "numero": "309", "tipo__sigla": "IND", "tipo__descricao": "Indica\u00e7\u00e3o", "autoria": "ANDR\u00c9 LUIS GAVIOLI RODRIGUES, WILSON ALVES (VI)", "texto_original": "http://sapl.garca.sp.leg.br/media/", "ementa": "Sugerindo pintura de faixas para travessia de pedestres na rotat\u00f3ria existente no cruzamento da Rua Vital Soares, Rua Dep. Manoel Joaquim Fernandes e Av. Dr. Rafael Paes de Barros."}, {"id": "25478", "ano": "2007", "numero": "310", "tipo__sigla": "IND", "tipo__descricao": "Indica\u00e7\u00e3o", "autoria": "WILSON ALVES (VI)", "texto_original": "http://sapl.garca.sp.leg.br/media/", "ementa": "Sugerindo pintura de rampas utilizadas como acesso de deficientes ao passeio p\u00fablico, \u00e0s margens de rotat\u00f3ria localizada no in\u00edcio da Av. Dr. Rafael Paes de Barros."}, {"id": "25479", "ano": "2007", "numero": "311", "tipo__sigla": "IND", "tipo__descricao": "Indica\u00e7\u00e3o", "autoria": "JOS\u00c9 MARIA PIOLA", "texto_original": "http://sapl.garca.sp.leg.br/media/", "ementa": "Sugerindo pavimenta\u00e7\u00e3o asf\u00e1ltica da Alameda Severino Herm\u00ednio Barbosa."}, {"id": "25480", "ano": "2007", "numero": "312", "tipo__sigla": "IND", "tipo__descricao": "Indica\u00e7\u00e3o", "autoria": "JOS\u00c9 MARIA PIOLA", "texto_original": "http://sapl.garca.sp.leg.br/media/", "ementa": "Sugerindo reparos no leito carro\u00e7\u00e1vel da Rua Jo\u00e3o Gerzelli, devido a exist\u00eancia de buracos."}, {"id": "25481", "ano": "2007", "numero": "313", "tipo__sigla": "IND", "tipo__descricao": "Indica\u00e7\u00e3o", "autoria": "JOS\u00c9 MARIA PIOLA", "texto_original": "http://sapl.garca.sp.leg.br/media/", "ementa": "Sugerindo recolhimento de lixo e entulhos acumulados no leito carro\u00e7\u00e1vel do trecho final da Rua \u00c2ngelo Corazza."}, {"id": "25482", "ano": "2007", "numero": "314", "tipo__sigla": "IND", "tipo__descricao": "Indica\u00e7\u00e3o", "autoria": "ADAMIR MAUR\u00cdCIO DE BARROS", "texto_original": "http://sapl.garca.sp.leg.br/media/", "ementa": "Sugerindo notifica\u00e7\u00e3o de propriet\u00e1rio de im\u00f3vel localizado na altura do n\u00ba 558 da Rua Pe. Paulo de Toledo Leite, para reparos no passeio p\u00fablico."}, {"id": "25483", "ano": "2007", "numero": "315", "tipo__sigla": "IND", "tipo__descricao": "Indica\u00e7\u00e3o", "autoria": "MASSAO OGAWA", "texto_original": "http://sapl.garca.sp.leg.br/media/", "ementa": "Sugerindo servi\u00e7os de pintura geral nos bancos, mesas e postes existentes e servi\u00e7o de jardinagem  na pra\u00e7a de Vila Salgueiro, localizada entre as Ruas Augusto Bosquete e Av. Dr. Gast\u00e3o Vidigal."}, {"id": "25484", "ano": "2007", "numero": "316", "tipo__sigla": "IND", "tipo__descricao": "Indica\u00e7\u00e3o", "autoria": "MASSAO OGAWA", "texto_original": "http://sapl.garca.sp.leg.br/media/", "ementa": "Sugerindo incluir recursos na pe\u00e7a or\u00e7ament\u00e1ria do exerc\u00edcio de 2008, destinadas \u00e0 realiza\u00e7\u00e3o de melhorias na Pra\u00e7a da \u00c1rvore, em Vila Salgueiro."}, {"id": "25485", "ano": "2007", "numero": "317", "tipo__sigla": "IND", "tipo__descricao": "Indica\u00e7\u00e3o", "autoria": "MASSAO OGAWA", "texto_original": "http://sapl.garca.sp.leg.br/media/", "ementa": "Sugerindo retirada de placa de estacionamento privativo de viaturas da Pol\u00edcia Militar junto a uma \u00e1rvore, na Rua Brasil, no Distrito de Jafa."}, {"id": "25486", "ano": "2007", "numero": "318", "tipo__sigla": "IND", "tipo__descricao": "Indica\u00e7\u00e3o", "autoria": "MASSAO OGAWA", "texto_original": "http://sapl.garca.sp.leg.br/media/", "ementa": "Sugerindo melhora no servi\u00e7o de seguran\u00e7a no interior do Cemit\u00e9rio Municipal Santa Faustina."}, {"id": "25487", "ano": "2007", "numero": "319", "tipo__sigla": "IND", "tipo__descricao": "Indica\u00e7\u00e3o", "autoria": "MASSAO OGAWA", "texto_original": "http://sapl.garca.sp.leg.br/media/", "ementa": "Sugerindo revis\u00e3o no sistema de ilumina\u00e7\u00e3o p\u00fablica dos postes de ilumina\u00e7\u00e3o p\u00fablica da \"Cidade Mirim de Tr\u00e2nsito\"."}, {"id": "25488", "ano": "2007", "numero": "320", "tipo__sigla": "IND", "tipo__descricao": "Indica\u00e7\u00e3o", "autoria": "MASSAO OGAWA", "texto_original": "http://sapl.garca.sp.leg.br/media/", "ementa": "Sugerindo instala\u00e7\u00e3o de c\u00e2meras de seguran\u00e7a em toda a extens\u00e3o da regi\u00e3o do Lago Artificial e Concha Ac\u00fastica."}, {"id": "25489", "ano": "2007", "numero": "321", "tipo__sigla": "IND", "tipo__descricao": "Indica\u00e7\u00e3o", "autoria": "PEDRO HENRIQUE SCARTEZINI", "texto_original": "http://sapl.garca.sp.leg.br/media/", "ementa": "Sugerindo vistoria no sistema de ilumina\u00e7\u00e3o p\u00fablica da Pra\u00e7a Jos\u00e9 Ant\u00f4nio de Carvalho."}, {"id": "25500", "ano": "2007", "numero": "322", "tipo__sigla": "IND", "tipo__descricao": "Indica\u00e7\u00e3o", "autoria": "CORN\u00c9LIO C\u00c9ZAR KEMP MARCONDES", "texto_original": "http://sapl.garca.sp.leg.br/media/", "ementa": "Sugerindo melhoria na pol\u00edtica salarial dos servidores p\u00fablicos municipais. "}, {"id": "25531", "ano": "2007", "numero": "323", "tipo__sigla": "IND", "tipo__descricao": "Indica\u00e7\u00e3o", "autoria": "EDUARDO DAVI LOUREIRO DA SILVA, WILSON ALVES (VI)", "texto_original": "http://sapl.garca.sp.leg.br/media/", "ementa": "Sugerindo renova\u00e7\u00e3o da assinatura do Jornal dos Concursos para disponibiliza\u00e7\u00e3o na Biblioteca Municipal."}, {"id": "25575", "ano": "2007", "numero": "324", "tipo__sigla": "IND", "tipo__descricao": "Indica\u00e7\u00e3o", "autoria": "JOS\u00c9 MARIA PIOLA", "texto_original": "http://sapl.garca.sp.leg.br/media/./sapl/public/materialegislativa/2007/25575/25575_texto_integral.doc", "ementa": "Sugerindo intensificar fiscaliza\u00e7\u00e3o e orienta\u00e7\u00e3o de motoqueiros acerca de estacionamento fora dos bols\u00f5es, na regi\u00e3o central da cidade."}, {"id": "25576", "ano": "2007", "numero": "325", "tipo__sigla": "IND", "tipo__descricao": "Indica\u00e7\u00e3o", "autoria": "VALDEMAR ZIMIANI", "texto_original": "http://sapl.garca.sp.leg.br/media/./sapl/public/materialegislativa/2007/25576/25576_texto_integral.doc", "ementa": "Sugerindo que o \u00f4nibus que transporta pessoas para realiza\u00e7\u00e3o de exames m\u00e9dicos na cidade de Mar\u00edlia, retorne a passar pelo Distrito de Jafa, na volta \u00e0 Gar\u00e7a."}, {"id": "25577", "ano": "2007", "numero": "326", "tipo__sigla": "IND", "tipo__descricao": "Indica\u00e7\u00e3o", "autoria": "VALDEMAR ZIMIANI", "texto_original": "http://sapl.garca.sp.leg.br/media/./sapl/public/materialegislativa/2007/25577/25577_texto_integral.doc", "ementa": "Sugerindo abertura de uma via p\u00fablica no distrito de Jafa, nos fundos do Est\u00e1dio Municipal \"Dr. Rafael Paes de Barros\"."}, {"id": "25578", "ano": "2007", "numero": "327", "tipo__sigla": "IND", "tipo__descricao": "Indica\u00e7\u00e3o", "autoria": "JOS\u00c9 MARIA PIOLA", "texto_original": "http://sapl.garca.sp.leg.br/media/./sapl/public/materialegislativa/2007/25578/25578_texto_integral.doc", "ementa": "Sugerindo melhorias nas margens da Av. Presidente Vargas, no trecho compreendido entre a Rua Santo Ant\u00f4nio e o campus da Fatec."}, {"id": "25579", "ano": "2007", "numero": "328", "tipo__sigla": "IND", "tipo__descricao": "Indica\u00e7\u00e3o", "autoria": "JOS\u00c9 MARIA PIOLA", "texto_original": "http://sapl.garca.sp.leg.br/media/./sapl/public/materialegislativa/2007/25579/25579_texto_integral.doc", "ementa": "Sugerindo alterar o local da Base Comunit\u00e1ria do Conseb\u00b4s Lago para ponto estrat\u00e9gico da Rua Maria Helena, pr\u00f3ximo aos traillers."}, {"id": "25580", "ano": "2007", "numero": "329", "tipo__sigla": "IND", "tipo__descricao": "Indica\u00e7\u00e3o", "autoria": "ADAMIR MAUR\u00cdCIO DE BARROS", "texto_original": "http://sapl.garca.sp.leg.br/media/./sapl/public/materialegislativa/2007/25580/25580_texto_integral.doc", "ementa": "Sugerindo maior rigor na autoriza\u00e7\u00e3o para transporte de pessoas atendidas no Hospital S\u00e3o Lucas at\u00e9 suas resid\u00eancias, atrav\u00e9s de ambul\u00e2ncias. "}, {"id": "25581", "ano": "2007", "numero": "330", "tipo__sigla": "IND", "tipo__descricao": "Indica\u00e7\u00e3o", "autoria": "WILSON ALVES (VI)", "texto_original": "http://sapl.garca.sp.leg.br/media/./sapl/public/materialegislativa/2007/25581/25581_texto_integral.doc", "ementa": "Sugerindo renova\u00e7\u00e3o da pintura dos redutores de velocidade instalados ao longo da Av. Paineiras."}, {"id": "25582", "ano": "2007", "numero": "331", "tipo__sigla": "IND", "tipo__descricao": "Indica\u00e7\u00e3o", "autoria": "WILSON ALVES (VI)", "texto_original": "http://sapl.garca.sp.leg.br/media/./sapl/public/materialegislativa/2007/25582/25582_texto_integral.doc", "ementa": "Sugerindo destina\u00e7\u00e3o de guardas municipais para atuarem no interior do Bosque Municipal."}, {"id": "25583", "ano": "2007", "numero": "332", "tipo__sigla": "IND", "tipo__descricao": "Indica\u00e7\u00e3o", "autoria": "WILSON ALVES (VI)", "texto_original": "http://sapl.garca.sp.leg.br/media/./sapl/public/materialegislativa/2007/25583/25583_texto_integral.doc", "ementa": "Sugerindo adoa\u00e7\u00e3o de medidas preventivas para n\u00e3o prejjudicar o acesso \u00e0 \u00e1rea urbana do Munic\u00edpio, quando da realiza\u00e7\u00e3o das obras de duplica\u00e7\u00e3o da segunda via de acesso.."}, {"id": "25584", "ano": "2007", "numero": "333", "tipo__sigla": "IND", "tipo__descricao": "Indica\u00e7\u00e3o", "autoria": "Antonio Franco dos Santos - Bacana, WILSON ALVES (VI)", "texto_original": "http://sapl.garca.sp.leg.br/media/./sapl/public/materialegislativa/2007/25584/25584_texto_integral.doc", "ementa": "Sugerindo a pavimenta\u00e7\u00e3o de parte da estrada vicinal que d\u00e1 acesso ao Bairro Adrianita, notadamente o trecho que abrange o conjunto habitacional Jardim S\u00e3o Benedito."}, {"id": "25585", "ano": "2007", "numero": "334", "tipo__sigla": "IND", "tipo__descricao": "Indica\u00e7\u00e3o", "autoria": "WILSON ALVES (VI)", "texto_original": "http://sapl.garca.sp.leg.br/media/./sapl/public/materialegislativa/2007/25585/25585_texto_integral.doc", "ementa": "Sugerindo a pavimenta\u00e7\u00e3o do trecho final da Rua Ataliba Leonel."}, {"id": "25586", "ano": "2007", "numero": "335", "tipo__sigla": "IND", "tipo__descricao": "Indica\u00e7\u00e3o", "autoria": "WILSON ALVES (VI)", "texto_original": "http://sapl.garca.sp.leg.br/media/./sapl/public/materialegislativa/2007/25586/25586_texto_integral.doc", "ementa": "Sugerindo cria\u00e7\u00e3o do Centro de Especialidades Odontol\u00f3gicas com Laborat\u00f3rio de Pr\u00f3tese Dent\u00e1ria."}, {"id": "25587", "ano": "2007", "numero": "336", "tipo__sigla": "IND", "tipo__descricao": "Indica\u00e7\u00e3o", "autoria": "MASSAO OGAWA", "texto_original": "http://sapl.garca.sp.leg.br/media/./sapl/public/materialegislativa/2007/25587/25587_texto_integral.doc", "ementa": "Sugerindo mudan\u00e7a de placa que indica a velocidade permitida para o local, instalada no canteiro do distrito industrial."}, {"id": "25590", "ano": "2007", "numero": "337", "tipo__sigla": "IND", "tipo__descricao": "Indica\u00e7\u00e3o", "autoria": "MASSAO OGAWA", "texto_original": "http://sapl.garca.sp.leg.br/media/./sapl/public/materialegislativa/2007/25590/25590_texto_integral.doc", "ementa": "Sugerindo servi\u00e7o de tapa buracos nas vias do Jardim Sol Nascente, notadamente na Rua Jos\u00e9 Sanches, defronte o ponto final do transporte coletivo urbano."}, {"id": "25591", "ano": "2007", "numero": "338", "tipo__sigla": "IND", "tipo__descricao": "Indica\u00e7\u00e3o", "autoria": "MASSAO OGAWA", "texto_original": "http://sapl.garca.sp.leg.br/media/./sapl/public/materialegislativa/2007/25591/25591_texto_integral.doc", "ementa": "Sugerindo instala\u00e7\u00e3o de ilumina\u00e7\u00e3o p\u00fablica na Av. Get\u00falio Vargas."}, {"id": "25592", "ano": "2007", "numero": "339", "tipo__sigla": "IND", "tipo__descricao": "Indica\u00e7\u00e3o", "autoria": "Lico, MASSAO OGAWA", "texto_original": "http://sapl.garca.sp.leg.br/media/./sapl/public/materialegislativa/2007/25592/25592_texto_integral.doc", "ementa": "Sugerindo melhor conscientizar as pessoas da import\u00e2ncia de se manter limpo a regi\u00e3o do Lago Artificial."}, {"id": "25593", "ano": "2007", "numero": "340", "tipo__sigla": "IND", "tipo__descricao": "Indica\u00e7\u00e3o", "autoria": "MASSAO OGAWA", "texto_original": "http://sapl.garca.sp.leg.br/media/./sapl/public/materialegislativa/2007/25593/25593_texto_integral.doc", "ementa": "Sugerindo substitui\u00e7\u00e3o das placas com identifica\u00e7\u00e3o dos nomes das vias do Jardim Nova Gar\u00e7a."}, {"id": "25594", "ano": "2007", "numero": "341", "tipo__sigla": "IND", "tipo__descricao": "Indica\u00e7\u00e3o", "autoria": "MASSAO OGAWA", "texto_original": "http://sapl.garca.sp.leg.br/media/./sapl/public/materialegislativa/2007/25594/25594_texto_integral.doc", "ementa": "Sugerindo servi\u00e7os de tapa-buracos ou recapeamento na Av. Perimetral, altura do cruzamento com a Rua Ver. Tel\u00eamaco Fernandes."}, {"id": "25595", "ano": "2007", "numero": "342", "tipo__sigla": "IND", "tipo__descricao": "Indica\u00e7\u00e3o", "autoria": "MASSAO OGAWA", "texto_original": "http://sapl.garca.sp.leg.br/media/./sapl/public/materialegislativa/2007/25595/25595_texto_integral.doc", "ementa": "Sugerindo a divulga\u00e7\u00e3o dos principais artigos da chamada \"Lei do Sil\u00eancio\", bem como do telefone para acionamento da fiscaliza\u00e7\u00e3o."}, {"id": "25596", "ano": "2007", "numero": "343", "tipo__sigla": "IND", "tipo__descricao": "Indica\u00e7\u00e3o", "autoria": "WILSON ALVES (VI)", "texto_original": "http://sapl.garca.sp.leg.br/media/./sapl/public/materialegislativa/2007/25596/25596_texto_integral.doc", "ementa": "Sugerindo reparos na Pra\u00e7a Hilmar Machado de Oliveira, evitando a exposi\u00e7\u00e3o dos cabos da rede el\u00e9trica."}, {"id": "25597", "ano": "2007", "numero": "344", "tipo__sigla": "IND", "tipo__descricao": "Indica\u00e7\u00e3o", "autoria": "ANDR\u00c9 LUIS GAVIOLI RODRIGUES, PEDRO HENRIQUE SCARTEZINI", "texto_original": "http://sapl.garca.sp.leg.br/media/./sapl/public/materialegislativa/2007/25597/25597_texto_integral.doc", "ementa": "Sugerindo incluir trecho da Rua Jo\u00e3o Gerzelli, altura do cruzamento com a Rua Tapaj\u00f3s, na pr\u00f3xima opera\u00e7\u00e3o tapa buracos."}, {"id": "25598", "ano": "2007", "numero": "345", "tipo__sigla": "IND", "tipo__descricao": "Indica\u00e7\u00e3o", "autoria": "PEDRO HENRIQUE SCARTEZINI", "texto_original": "http://sapl.garca.sp.leg.br/media/./sapl/public/materialegislativa/2007/25598/25598_texto_integral.doc", "ementa": "Sugerindo melhorias no prolongamento da Rua Delfino Alves e passagem que interliga os Bairros Jardim Paulista e Jardim Frei Aur\u00e9lio Di Falco."}, {"id": "25599", "ano": "2007", "numero": "346", "tipo__sigla": "IND", "tipo__descricao": "Indica\u00e7\u00e3o", "autoria": "PEDRO HENRIQUE SCARTEZINI", "texto_original": "http://sapl.garca.sp.leg.br/media/./sapl/public/materialegislativa/2007/25599/25599_texto_integral.doc", "ementa": "Sugerindo pintura de redutor de velocidade instalado na Rua Jos\u00e9 Ros\u00e1rio, altura do cruzamento com a Rua Sete de Setembro."}, {"id": "25600", "ano": "2007", "numero": "347", "tipo__sigla": "IND", "tipo__descricao": "Indica\u00e7\u00e3o", "autoria": "VALDEMAR ZIMIANI", "texto_original": "http://sapl.garca.sp.leg.br/media/./sapl/public/materialegislativa/2007/25600/25600_texto_integral.doc", "ementa": "Sugerindo ro\u00e7agem do mato nas margens da estrada vicinal rural que d\u00e1 acesso ao Bairro Canelada."}, {"id": "25603", "ano": "2007", "numero": "348", "tipo__sigla": "IND", "tipo__descricao": "Indica\u00e7\u00e3o", "autoria": "CORN\u00c9LIO C\u00c9ZAR KEMP MARCONDES", "texto_original": "http://sapl.garca.sp.leg.br/media/./sapl/public/materialegislativa/2007/25603/25603_texto_integral.doc", "ementa": "Sugerindo a constru\u00e7\u00e3o/reparo de passeio p\u00fablico defronte os im\u00f3veis de propriedade da Municipalidade."}, {"id": "25604", "ano": "2007", "numero": "349", "tipo__sigla": "IND", "tipo__descricao": "Indica\u00e7\u00e3o", "autoria": "SEBASTI\u00c3O TOLDATO GALEGO", "texto_original": "http://sapl.garca.sp.leg.br/media/./sapl/public/materialegislativa/2007/25604/25604_texto_integral.doc", "ementa": "Sugerindo passagem de m\u00e1quina niveladora na estrada vicinal que d\u00e1 acesso \u00e0 Fazenda Antinhas."}, {"id": "25588", "ano": "2007", "numero": "350", "tipo__sigla": "IND", "tipo__descricao": "Indica\u00e7\u00e3o", "autoria": "MARCOS LOPES MIRANDA", "texto_original": "http://sapl.garca.sp.leg.br/media/./sapl/public/materialegislativa/2007/25588/25588_texto_integral.doc", "ementa": "Sugerindo substitui\u00e7\u00e3o de \u00e1rvore localizada no passeio p\u00fablico da Rua Carlos Gomes, defronte o im\u00f3vel de n\u00ba 62."}, {"id": "25589", "ano": "2007", "numero": "351", "tipo__sigla": "IND", "tipo__descricao": "Indica\u00e7\u00e3o", "autoria": "MARCOS LOPES MIRANDA", "texto_original": "http://sapl.garca.sp.leg.br/media/./sapl/public/materialegislativa/2007/25589/25589_texto_integral.doc", "ementa": "Sugerindo coloca\u00e7\u00e3o de gradil de prote\u00e7\u00e3o para auxiliar o crescimento de \u00e1rvore em frente ao im\u00f3vel de n\u00famero 130 da Av. Dr. Rafael Paes de Barros."}, {"id": "25601", "ano": "2007", "numero": "352", "tipo__sigla": "IND", "tipo__descricao": "Indica\u00e7\u00e3o", "autoria": "MARCOS LOPES MIRANDA", "texto_original": "http://sapl.garca.sp.leg.br/media/./sapl/public/materialegislativa/2007/25601/25601_texto_integral.doc", "ementa": "Sugerindo repara\u00e7\u00e3o no leito carro\u00e7\u00e1vel da Rua Brigadeiro Machado, defronte o Anexo Psiqui\u00e1trico do Hospital S\u00e3o Lucas."}, {"id": "25602", "ano": "2007", "numero": "353", "tipo__sigla": "IND", "tipo__descricao": "Indica\u00e7\u00e3o", "autoria": "WILSON ALVES (VI)", "texto_original": "http://sapl.garca.sp.leg.br/media/./sapl/public/materialegislativa/2007/25602/25602_texto_integral.doc", "ementa": "Sugerindo poda de \u00e1rvore localizada no passeio p\u00fablico do im\u00f3vel \u00e0 Rua Pref. Salviano Pereira de Andrade n\u00ba 265."}, {"id": "25605", "ano": "2007", "numero": "354", "tipo__sigla": "IND", "tipo__descricao": "Indica\u00e7\u00e3o", "autoria": "CORN\u00c9LIO C\u00c9ZAR KEMP MARCONDES", "texto_original": "http://sapl.garca.sp.leg.br/media/./sapl/public/materialegislativa/2007/25605/25605_texto_integral.doc", "ementa": "Sugerindo instala\u00e7\u00e3o de placa alertando sobre a proibi\u00e7\u00e3o de jogar lixo em bueiro localizado na conflu\u00eancias das Ruas Jos\u00e9 Augusto Escobar e Pe. Paulo de Toledo Leite."}, {"id": "25606", "ano": "2007", "numero": "355", "tipo__sigla": "IND", "tipo__descricao": "Indica\u00e7\u00e3o", "autoria": "WILSON ALVES (VI)", "texto_original": "http://sapl.garca.sp.leg.br/media/./sapl/public/materialegislativa/2007/25606/25606_texto_integral.doc", "ementa": "Sugerindo o recuo e posterior instala\u00e7\u00e3o de bols\u00e3o para motos e bicicletas em lateral do Conjunto Poliesportivo \"Jo\u00e3o Alexandre Colombani\"."}, {"id": "25607", "ano": "2007", "numero": "356", "tipo__sigla": "IND", "tipo__descricao": "Indica\u00e7\u00e3o", "autoria": "Lico, MASSAO OGAWA", "texto_original": "http://sapl.garca.sp.leg.br/media/./sapl/public/materialegislativa/2007/25607/25607_texto_integral.doc", "ementa": "Sugerindo maiores incentivos ao t\u00eanis de mesa."}, {"id": "25608", "ano": "2007", "numero": "357", "tipo__sigla": "IND", "tipo__descricao": "Indica\u00e7\u00e3o", "autoria": "SEBASTI\u00c3O TOLDATO GALEGO", "texto_original": "http://sapl.garca.sp.leg.br/media/./sapl/public/materialegislativa/2007/25608/25608_texto_integral.doc", "ementa": "Sugerindo ro\u00e7agem do mato das margens da estrada vicinal que d\u00e1 acesso ao Bairro Itiratup\u00e3."}, {"id": "25609", "ano": "2007", "numero": "358", "tipo__sigla": "IND", "tipo__descricao": "Indica\u00e7\u00e3o", "autoria": "Antonio Franco dos Santos - Bacana, WILSON ALVES (VI)", "texto_original": "http://sapl.garca.sp.leg.br/media/./sapl/public/materialegislativa/2007/25609/25609_texto_integral.doc", "ementa": "Sugerindo limpeza na margem direita do trecho inicial da estrada vicinal rural que d\u00e1 acesso ao Bairro Jardim Adrianita, sentido Gar\u00e7a - Jd. Adrianita."}, {"id": "25611", "ano": "2007", "numero": "359", "tipo__sigla": "IND", "tipo__descricao": "Indica\u00e7\u00e3o", "autoria": "ADAMIR MAUR\u00cdCIO DE BARROS", "texto_original": "http://sapl.garca.sp.leg.br/media/./sapl/public/materialegislativa/2007/25611/25611_texto_integral.doc", "ementa": "Sugerindo denominar uma via, logradouro, pr\u00e9dio ou pr\u00f3prio p\u00fablico de \"Ant\u00f4nio Jos\u00e9 Sganzerla\"."}, {"id": "25610", "ano": "2007", "numero": "360", "tipo__sigla": "IND", "tipo__descricao": "Indica\u00e7\u00e3o", "autoria": "JOS\u00c9 MARIA PIOLA", "texto_original": "http://sapl.garca.sp.leg.br/media/./sapl/public/materialegislativa/2007/25610/25610_texto_integral.doc", "ementa": "Sugerindo reparos no leito carro\u00e7\u00e1vel da Rua Augusto Nascimento Castro, altura do cruzamento com a Rua Pe. Paulo de Toledo Leite, visto a exist\u00eancia de eros\u00e3o."}, {"id": "25612", "ano": "2007", "numero": "361", "tipo__sigla": "IND", "tipo__descricao": "Indica\u00e7\u00e3o", "autoria": "JOS\u00c9 MARIA PIOLA", "texto_original": "http://sapl.garca.sp.leg.br/media/./sapl/public/materialegislativa/2007/25612/25612_texto_integral.doc", "ementa": "Sugerindo reparos no leito carro\u00e7\u00e1vel da Rua Pref. Salviano Pereira de Andrade, defronte a EMEI Prof. Jo\u00e3o Nunes Miranda, visto a exist\u00eancia de um buraco."}, {"id": "25613", "ano": "2007", "numero": "362", "tipo__sigla": "IND", "tipo__descricao": "Indica\u00e7\u00e3o", "autoria": "WILSON ALVES (VI)", "texto_original": "http://sapl.garca.sp.leg.br/media/./sapl/public/materialegislativa/2007/25613/25613_texto_integral.doc", "ementa": "Sugerindo reparos no leito carro\u00e7\u00e1vel da Rua Jos\u00e9 Vizotto, altura do cruzamento com a Rua Pref. Salviano Pereira de Andrade, devido a exist\u00eancia de buracos."}, {"id": "25614", "ano": "2007", "numero": "363", "tipo__sigla": "IND", "tipo__descricao": "Indica\u00e7\u00e3o", "autoria": "ADAMIR MAUR\u00cdCIO DE BARROS", "texto_original": "http://sapl.garca.sp.leg.br/media/./sapl/public/materialegislativa/2007/25614/25614_texto_integral.doc", "ementa": "Sugerindo servi\u00e7o de recupera\u00e7\u00e3o do leito carro\u00e7\u00e1vel da Rua Ot\u00e1vio e trecho final da Rua Pref. Andrade Nogueira, devido a exist\u00eancia de muitos buracos."}, {"id": "25615", "ano": "2007", "numero": "364", "tipo__sigla": "IND", "tipo__descricao": "Indica\u00e7\u00e3o", "autoria": "SEBASTI\u00c3O TOLDATO GALEGO", "texto_original": "http://sapl.garca.sp.leg.br/media/./sapl/public/materialegislativa/2007/25615/25615_texto_integral.doc", "ementa": "Sugerindo constru\u00e7\u00e3o de redutor de velocidade na Rua Get\u00falio Vargas."}, {"id": "25616", "ano": "2007", "numero": "365", "tipo__sigla": "IND", "tipo__descricao": "Indica\u00e7\u00e3o", "autoria": "SEBASTI\u00c3O TOLDATO GALEGO", "texto_original": "http://sapl.garca.sp.leg.br/media/./sapl/public/materialegislativa/2007/25616/25616_texto_integral.doc", "ementa": "Sugerindo pavimenta\u00e7\u00e3o de trecho da Rua Jos\u00e9 Benedito de Oliveira, que faz liga\u00e7\u00e3o com a Rua Get\u00falio Vargas."}, {"id": "25617", "ano": "2007", "numero": "366", "tipo__sigla": "IND", "tipo__descricao": "Indica\u00e7\u00e3o", "autoria": "SEBASTI\u00c3O TOLDATO GALEGO", "texto_original": "http://sapl.garca.sp.leg.br/media/./sapl/public/materialegislativa/2007/25617/25617_texto_integral.doc", "ementa": "Sugerindo reinstala\u00e7\u00e3o de placa de sinaliza\u00e7\u00e3o de tr\u00e2nsito no in\u00edcio de canteiro central da Av. Dr. Labieno da Costa Machado, pr\u00f3ximo ao monumento de S\u00e3o Pedro, alertando a exist\u00eancia de rotat\u00f3ria."}, {"id": "25618", "ano": "2007", "numero": "367", "tipo__sigla": "IND", "tipo__descricao": "Indica\u00e7\u00e3o", "autoria": "ADAMIR MAUR\u00cdCIO DE BARROS", "texto_original": "http://sapl.garca.sp.leg.br/media/./sapl/public/materialegislativa/2007/25618/25618_texto_integral.doc", "ementa": "Sugerindo aquisi\u00e7\u00e3o e instala\u00e7\u00e3o de placas nas imedia\u00e7\u00f5es de estabelecimentos de ensino do Munic\u00edpio, alertando os condutores de ve\u00edculos acerca da proximidade daqueles estabelecimentos."}, {"id": "25619", "ano": "2007", "numero": "368", "tipo__sigla": "IND", "tipo__descricao": "Indica\u00e7\u00e3o", "autoria": "MASSAO OGAWA", "texto_original": "http://sapl.garca.sp.leg.br/media/./sapl/public/materialegislativa/2007/25619/25619_texto_integral.doc", "ementa": "Sugerindo a constru\u00e7\u00e3o de um asilo para atender as necessidades de idosos que n\u00e3o disp\u00f5em de locais para habitarem, notadamente idosos solteiros, oferecendo atividades diversas, bem como sugerindo a celebra\u00e7\u00e3o de conv\u00eanios com estabelecimentos de ensino do Munic\u00edpio para contrata\u00e7\u00e3o de estagi\u00e1rios para a realiza\u00e7\u00e3o dessas atividades."}, {"id": "25620", "ano": "2007", "numero": "369", "tipo__sigla": "IND", "tipo__descricao": "Indica\u00e7\u00e3o", "autoria": "JOS\u00c9 MARIA PIOLA", "texto_original": "http://sapl.garca.sp.leg.br/media/./sapl/public/materialegislativa/2007/25620/25620_texto_integral.doc", "ementa": "Sugerindo pintura das muretas que circundam o Bosque das Cerejeiras, Lago Artificial e Concha Ac\u00fastica."}, {"id": "25621", "ano": "2007", "numero": "370", "tipo__sigla": "IND", "tipo__descricao": "Indica\u00e7\u00e3o", "autoria": "JOS\u00c9 MARIA PIOLA", "texto_original": "http://sapl.garca.sp.leg.br/media/./sapl/public/materialegislativa/2007/25621/25621_texto_integral.doc", "ementa": "Sugerindo pintura da sinaliza\u00e7\u00e3o de solo indicativa de local para a travessia de pedestres, ao longo de toda a margem da conhecida \"Rotat\u00f3ria da Comute\"."}, {"id": "25622", "ano": "2007", "numero": "371", "tipo__sigla": "IND", "tipo__descricao": "Indica\u00e7\u00e3o", "autoria": "MARCOS LOPES MIRANDA", "texto_original": "http://sapl.garca.sp.leg.br/media/./sapl/public/materialegislativa/2007/25622/25622_texto_integral.doc", "ementa": "Sugerindo a transfer\u00eancia do aparelho de ultra-sonografia que encontra-se instalado no Centro de Especialidades para o Hospital S\u00e3o Lucas."}, {"id": "25623", "ano": "2007", "numero": "372", "tipo__sigla": "IND", "tipo__descricao": "Indica\u00e7\u00e3o", "autoria": "MARCOS LOPES MIRANDA", "texto_original": "http://sapl.garca.sp.leg.br/media/./sapl/public/materialegislativa/2007/25623/25623_texto_integral.doc", "ementa": "Sugerindo adapta\u00e7\u00e3o nas escolas p\u00fablicas do Munic\u00edpio, evitando o uso de vidros em \u00e1reas de contato com estudantes."}, {"id": "25624", "ano": "2007", "numero": "373", "tipo__sigla": "IND", "tipo__descricao": "Indica\u00e7\u00e3o", "autoria": "MARCOS LOPES MIRANDA", "texto_original": "http://sapl.garca.sp.leg.br/media/./sapl/public/materialegislativa/2007/25624/25624_texto_integral.doc", "ementa": "Sugerindo a suspens\u00e3o da licita\u00e7\u00e3o para a compra de ultra-sonografia para o Hospital S\u00e3o Lucas, tendo em vista a exist\u00eancia de um aparelho para a mesma finalidade no Centro de Especialidades."}, {"id": "25625", "ano": "2007", "numero": "374", "tipo__sigla": "IND", "tipo__descricao": "Indica\u00e7\u00e3o", "autoria": "MASSAO OGAWA", "texto_original": "http://sapl.garca.sp.leg.br/media/./sapl/public/materialegislativa/2007/25625/25625_texto_integral.doc", "ementa": "Sugerindo parceria com futuros arquitetos visando dar nova \"roupagem\" \u00e0s pra\u00e7as do Munic\u00edpio, bem como a celebra\u00e7\u00e3o de um conv\u00eanio/parceria com Universidades que possuam o curso de Arquitetura, atrav\u00e9s do qual os alunos desevolveriam um trabalho de remodela\u00e7\u00e3o nas \u00e1reas verdes/pra\u00e7as."}, {"id": "25626", "ano": "2007", "numero": "375", "tipo__sigla": "IND", "tipo__descricao": "Indica\u00e7\u00e3o", "autoria": "MASSAO OGAWA", "texto_original": "http://sapl.garca.sp.leg.br/media/./sapl/public/materialegislativa/2007/25626/25626_texto_integral.doc", "ementa": "Sugerindo aproveitamento de locais (pr\u00e9dios) no Munic\u00edpio, para cria\u00e7\u00e3o de um \"Mini-Shpping do Artesanato\"."}, {"id": "25627", "ano": "2007", "numero": "376", "tipo__sigla": "IND", "tipo__descricao": "Indica\u00e7\u00e3o", "autoria": "MASSAO OGAWA", "texto_original": "http://sapl.garca.sp.leg.br/media/./sapl/public/materialegislativa/2007/25627/25627_texto_integral.doc", "ementa": "Sugerindo o desenvolvimento de projeto de jornalismo com crian\u00e7as."}, {"id": "25628", "ano": "2007", "numero": "377", "tipo__sigla": "IND", "tipo__descricao": "Indica\u00e7\u00e3o", "autoria": "J\u00daLIO MARCONDES DE MOURA FILHO, VALDEMAR ZIMIANI", "texto_original": "http://sapl.garca.sp.leg.br/media/./sapl/public/materialegislativa/2007/25628/25628_texto_integral.doc", "ementa": "Sugerindo ampla reforma, incluindo pintura, nos vesti\u00e1rios do Est\u00e1dio Municipal \"Dr. Rafael Paes de Barros\", no Distrito de Jafa."}, {"id": "25629", "ano": "2007", "numero": "378", "tipo__sigla": "IND", "tipo__descricao": "Indica\u00e7\u00e3o", "autoria": "J\u00daLIO MARCONDES DE MOURA FILHO, VALDEMAR ZIMIANI", "texto_original": "http://sapl.garca.sp.leg.br/media/./sapl/public/materialegislativa/2007/25629/25629_texto_integral.doc", "ementa": "Sugerindo ampla reforma, incluindo pintura, no almoxarifado (antigo vestu\u00e1rio) do Est\u00e1dio Municipal \"Dr. Rafael Paes de Barros\", no Distrito de Jafa."}, {"id": "25630", "ano": "2007", "numero": "379", "tipo__sigla": "IND", "tipo__descricao": "Indica\u00e7\u00e3o", "autoria": "Antonio Franco dos Santos - Bacana, VALDEMAR ZIMIANI", "texto_original": "http://sapl.garca.sp.leg.br/media/./sapl/public/materialegislativa/2007/25630/25630_texto_integral.doc", "ementa": "Sugerindo pintura das traves do Est\u00e1dio Municipal \"Dr. Rafael Paes de Barros\", no Distrito de Jafa."}, {"id": "25631", "ano": "2007", "numero": "380", "tipo__sigla": "IND", "tipo__descricao": "Indica\u00e7\u00e3o", "autoria": "WILSON ALVES (VI)", "texto_original": "http://sapl.garca.sp.leg.br/media/./sapl/public/materialegislativa/2007/25631/25631_texto_integral.doc", "ementa": "Sugerindo coloca\u00e7\u00e3o de um sem\u00e1foro no cruzamento das Ruas Heitor Penteado e Cel Joaquim Piza."}, {"id": "25632", "ano": "2007", "numero": "381", "tipo__sigla": "IND", "tipo__descricao": "Indica\u00e7\u00e3o", "autoria": "WILSON ALVES (VI)", "texto_original": "http://sapl.garca.sp.leg.br/media/./sapl/public/materialegislativa/2007/25632/25632_texto_integral.doc", "ementa": "Sugerindo estabelecer m\u00e3o \u00fanica de dire\u00e7\u00e3o sentido bairro - centro , em toda a extens\u00e3o da Rua Cel. Joaquim Piza."}, {"id": "25633", "ano": "2007", "numero": "382", "tipo__sigla": "IND", "tipo__descricao": "Indica\u00e7\u00e3o", "autoria": "Lico, WILSON ALVES (VI)", "texto_original": "http://sapl.garca.sp.leg.br/media/./sapl/public/materialegislativa/2007/25633/25633_texto_integral.doc", "ementa": "Sugerindo a instala\u00e7\u00e3o de obst\u00e1culos tipo \"prisma\", em passagem existente no canteiro central defronte o estacionamento de \u00f4nibus localizado entre a Pra\u00e7a da B\u00edblia e o Terminal Rodovi\u00e1rio de Passageiros."}, {"id": "25634", "ano": "2007", "numero": "383", "tipo__sigla": "IND", "tipo__descricao": "Indica\u00e7\u00e3o", "autoria": "CORN\u00c9LIO C\u00c9ZAR KEMP MARCONDES", "texto_original": "http://sapl.garca.sp.leg.br/media/./sapl/public/materialegislativa/2007/25634/25634_texto_integral.doc", "ementa": "Sugerindo a constru\u00e7\u00e3o de um monumento objetivando homenagear os garcenses ex-combatentes da 2\u00aa Guerra Mundial."}, {"id": "25635", "ano": "2007", "numero": "384", "tipo__sigla": "IND", "tipo__descricao": "Indica\u00e7\u00e3o", "autoria": "SEBASTI\u00c3O TOLDATO GALEGO", "texto_original": "http://sapl.garca.sp.leg.br/media/./sapl/public/materialegislativa/2007/25635/25635_texto_integral.doc", "ementa": "Sugerindo coloca\u00e7\u00e3o de cascalho ao longo da estrada vicinal rural que d\u00e1 acesso ao Bairro Canelada."}, {"id": "25636", "ano": "2007", "numero": "385", "tipo__sigla": "IND", "tipo__descricao": "Indica\u00e7\u00e3o", "autoria": "SEBASTI\u00c3O TOLDATO GALEGO", "texto_original": "http://sapl.garca.sp.leg.br/media/./sapl/public/materialegislativa/2007/25636/25636_texto_integral.doc", "ementa": "Sugerindo coloca\u00e7\u00e3o de cascalho na entrada do antigo \"Pesqueiro do Conessa\"."}, {"id": "25637", "ano": "2007", "numero": "386", "tipo__sigla": "IND", "tipo__descricao": "Indica\u00e7\u00e3o", "autoria": "SEBASTI\u00c3O TOLDATO GALEGO", "texto_original": "http://sapl.garca.sp.leg.br/media/./sapl/public/materialegislativa/2007/25637/25637_texto_integral.doc", "ementa": "Sugerindo limpeza da \u00e1rea interna do Est\u00e1dio Municipal \"Frederico Platzeck\", no lado \u00e0s margens da Rua M\u00e1rio Marang\u00e3o, entre a arquibancada e o primeiro alambrado."}, {"id": "25638", "ano": "2007", "numero": "387", "tipo__sigla": "IND", "tipo__descricao": "Indica\u00e7\u00e3o", "autoria": "WILSON ALVES (VI)", "texto_original": "http://sapl.garca.sp.leg.br/media/./sapl/public/materialegislativa/2007/25638/25638_texto_integral.doc", "ementa": "Sugerindo servi\u00e7os para proporcionar uma maior oxigena\u00e7\u00e3o das \u00e1guas do Lago Artificial \"Prof. J. K. Williams\"."}, {"id": "25639", "ano": "2007", "numero": "388", "tipo__sigla": "IND", "tipo__descricao": "Indica\u00e7\u00e3o", "autoria": "J\u00daLIO MARCONDES DE MOURA FILHO, WILSON ALVES (VI)", "texto_original": "http://sapl.garca.sp.leg.br/media/./sapl/public/materialegislativa/2007/25639/25639_texto_integral.doc", "ementa": "Sugerindo maior freq\u00fc\u00eancia na manuten\u00e7\u00e3o e limpeza e melhoria da ilumina\u00e7\u00e3o da Pra\u00e7a Miguel M\u00f4nico."}, {"id": "25640", "ano": "2007", "numero": "389", "tipo__sigla": "IND", "tipo__descricao": "Indica\u00e7\u00e3o", "autoria": "WILSON ALVES (VI)", "texto_original": "http://sapl.garca.sp.leg.br/media/./sapl/public/materialegislativa/2007/25640/25640_texto_integral.doc", "ementa": "Sugerindo providenciar a fixa\u00e7\u00e3o de tampa de bueiro que encontra-se solta, junto \u00e0 Rua Jo\u00e3o Manzano, altura do n\u00ba 426, bem como reparos no leito carro\u00e7\u00e1vel da referida via p\u00fablica."}, {"id": "25641", "ano": "2007", "numero": "390", "tipo__sigla": "IND", "tipo__descricao": "Indica\u00e7\u00e3o", "autoria": "MASSAO OGAWA", "texto_original": "http://sapl.garca.sp.leg.br/media/./sapl/public/materialegislativa/2007/25641/25641_texto_integral.doc", "ementa": "Sugerindo ampla divulga\u00e7\u00e3o da pr\u00f3xima campanha de vacina\u00e7\u00e3o contra a paralisia infantil."}, {"id": "25642", "ano": "2007", "numero": "391", "tipo__sigla": "IND", "tipo__descricao": "Indica\u00e7\u00e3o", "autoria": "MASSAO OGAWA", "texto_original": "http://sapl.garca.sp.leg.br/media/./sapl/public/materialegislativa/2007/25642/25642_texto_integral.doc", "ementa": "Sugerindo transformar o ve\u00edculo tipo furg\u00e3o adquirido pela Municipalidade, em uma semi-UTI."}, {"id": "25643", "ano": "2007", "numero": "392", "tipo__sigla": "IND", "tipo__descricao": "Indica\u00e7\u00e3o", "autoria": "WILSON ALVES (VI)", "texto_original": "http://sapl.garca.sp.leg.br/media/./sapl/public/materialegislativa/2007/25643/25643_texto_integral.doc", "ementa": "Sugerindo recupera\u00e7\u00e3o da camada asf\u00e1ltica da Rua Dom Pedro II, no trecho compreendido entre as Ruas Eumene e das Flores."}, {"id": "25644", "ano": "2007", "numero": "393", "tipo__sigla": "IND", "tipo__descricao": "Indica\u00e7\u00e3o", "autoria": "Lico, WILSON ALVES (VI)", "texto_original": "http://sapl.garca.sp.leg.br/media/./sapl/public/materialegislativa/2007/25644/25644_texto_integral.doc", "ementa": "Sugerindo reposi\u00e7\u00e3o de placa de sinaliza\u00e7\u00e3o de tr\u00e2nsito indicando parada obrigat\u00f3ria no cruzamento da Rua das Flores com a Rua Pref. Andrade Nogueira."}, {"id": "25645", "ano": "2007", "numero": "394", "tipo__sigla": "IND", "tipo__descricao": "Indica\u00e7\u00e3o", "autoria": "WILSON ALVES (VI)", "texto_original": "http://sapl.garca.sp.leg.br/media/./sapl/public/materialegislativa/2007/25645/25645_texto_integral.doc", "ementa": "Sugerindo limpeza e retirada de lixo acumulado no passeio p\u00fablico, guia e leito carro\u00e7\u00e1vel da Rua Ot\u00e1vio, no trecho compreendido entre a Av. Faustina e a Rua Pref. Andrade Nogueira."}, {"id": "25646", "ano": "2007", "numero": "395", "tipo__sigla": "IND", "tipo__descricao": "Indica\u00e7\u00e3o", "autoria": "WILSON ALVES (VI)", "texto_original": "http://sapl.garca.sp.leg.br/media/./sapl/public/materialegislativa/2007/25646/25646_texto_integral.doc", "ementa": "Sugerindo reparos na pavimenta\u00e7\u00e3o asf\u00e1ltica da Rua Ot\u00e1vio, no trecho compreendido entre a Av. Faustina e a Rua Pref. Andrade Nogueira."}, {"id": "25647", "ano": "2007", "numero": "396", "tipo__sigla": "IND", "tipo__descricao": "Indica\u00e7\u00e3o", "autoria": "MARCOS LOPES MIRANDA", "texto_original": "http://sapl.garca.sp.leg.br/media/./sapl/public/materialegislativa/2007/25647/25647_texto_integral.doc", "ementa": "Sugerindo a suspens\u00e3o dos valores eventualmente empenhados em favor de empresas envolvidas no esc\u00e2ndalo de superfaturamento do sistema CDHU, como a FT Constru\u00e7\u00f5es."}, {"id": "25648", "ano": "2007", "numero": "397", "tipo__sigla": "IND", "tipo__descricao": "Indica\u00e7\u00e3o", "autoria": "CORN\u00c9LIO C\u00c9ZAR KEMP MARCONDES", "texto_original": "http://sapl.garca.sp.leg.br/media/./sapl/public/materialegislativa/2007/25648/25648_texto_integral.doc", "ementa": "Sugerindo coloca\u00e7\u00e3o das lixeiras rec\u00e9m instaladas na Rua Fausto Floriano de Toledo, pr\u00f3ximo ao Bosque das Cerejeiras, na mesma localiza\u00e7\u00e3o das lixeiras instaladas nas Ruas Maria Helena, Alberto Alves e Luiz Ant\u00f4nio."}, {"id": "25649", "ano": "2007", "numero": "398", "tipo__sigla": "IND", "tipo__descricao": "Indica\u00e7\u00e3o", "autoria": "CORN\u00c9LIO C\u00c9ZAR KEMP MARCONDES", "texto_original": "http://sapl.garca.sp.leg.br/media/./sapl/public/materialegislativa/2007/25649/25649_texto_integral.doc", "ementa": "Sugerindo denominar uma via, logradouro ou pr\u00f3prio p\u00fablico municipal de \"Jos\u00e9 Ramires Sobrinho\"."}, {"id": "25650", "ano": "2007", "numero": "399", "tipo__sigla": "IND", "tipo__descricao": "Indica\u00e7\u00e3o", "autoria": "CORN\u00c9LIO C\u00c9ZAR KEMP MARCONDES", "texto_original": "http://sapl.garca.sp.leg.br/media/./sapl/public/materialegislativa/2007/25650/25650_texto_integral.doc", "ementa": "Sugerindo denominar uma via, logradouro ou pr\u00f3prio p\u00fablico municipal de \"Arthur Chekedermian\"."}, {"id": "25651", "ano": "2007", "numero": "400", "tipo__sigla": "IND", "tipo__descricao": "Indica\u00e7\u00e3o", "autoria": "PEDRO HENRIQUE SCARTEZINI", "texto_original": "http://sapl.garca.sp.leg.br/media/./sapl/public/materialegislativa/2007/25651/25651_texto_integral.doc", "ementa": "Sugerindo notificar o propriet\u00e1rio de terreno localizado na Rua XV de Novembro, cruzamento com a Rua Alberto Alves, solicitando servi\u00e7os de ro\u00e7agem, capina\u00e7\u00e3o e limpeza."}, {"id": "25652", "ano": "2007", "numero": "401", "tipo__sigla": "IND", "tipo__descricao": "Indica\u00e7\u00e3o", "autoria": "WILSON ALVES (VI)", "texto_original": "http://sapl.garca.sp.leg.br/media/./sapl/public/materialegislativa/2007/25652/25652_texto_integral.doc", "ementa": "Sugerindo designar um maior n\u00famero de servidores municipais para atuar na vigil\u00e2ncia de patrim\u00f4nios p\u00fablicos."}, {"id": "25654", "ano": "2007", "numero": "402", "tipo__sigla": "IND", "tipo__descricao": "Indica\u00e7\u00e3o", "autoria": "ADAMIR MAUR\u00cdCIO DE BARROS", "texto_original": "http://sapl.garca.sp.leg.br/media/./sapl/public/materialegislativa/2007/25654/25654_texto_integral.doc", "ementa": "Sugerindo a elimina\u00e7\u00e3o de cupins em \u00e1rvores localizadas ao longo da Rua da Esta\u00e7\u00e3o, notadamente defronte os im\u00f3veis de n\u00bas 1.055, 10.45 e 1.025."}, {"id": "25653", "ano": "2007", "numero": "403", "tipo__sigla": "IND", "tipo__descricao": "Indica\u00e7\u00e3o", "autoria": "ADAMIR MAUR\u00cdCIO DE BARROS", "texto_original": "http://sapl.garca.sp.leg.br/media/./sapl/public/materialegislativa/2007/25653/25653_texto_integral.doc", "ementa": "Sugerindo instituir um sistema de monitoramento eletr\u00f4nico, com c\u00e2meras, nas principais vias p\u00fablicas do Munic\u00edpio."}, {"id": "25655", "ano": "2007", "numero": "404", "tipo__sigla": "IND", "tipo__descricao": "Indica\u00e7\u00e3o", "autoria": "WILSON ALVES (VI)", "texto_original": "http://sapl.garca.sp.leg.br/media/./sapl/public/materialegislativa/2007/25655/25655_texto_integral.doc", "ementa": "Sugerindo limpeza da arquibancada coberta do Est\u00e1dio Municipal \"Frederico Platzeck\" e coloca\u00e7\u00e3o de telas de prote\u00e7\u00e3o na parte interna da cobertura da referida arquibancada."}, {"id": "25656", "ano": "2007", "numero": "405", "tipo__sigla": "IND", "tipo__descricao": "Indica\u00e7\u00e3o", "autoria": "WILSON ALVES (VI)", "texto_original": "http://sapl.garca.sp.leg.br/media/./sapl/public/materialegislativa/2007/25656/25656_texto_integral.doc", "ementa": "Sugerindo limpeza dos bancos de concreto instalados na Pra\u00e7a Pedro de Toledo, que encontram-se repletos de fezes de p\u00e1ssaros."}, {"id": "25657", "ano": "2007", "numero": "406", "tipo__sigla": "IND", "tipo__descricao": "Indica\u00e7\u00e3o", "autoria": "JOS\u00c9 MARIA PIOLA", "texto_original": "http://sapl.garca.sp.leg.br/media/./sapl/public/materialegislativa/2007/25657/25657_texto_integral.doc", "ementa": "Sugerindo reforma dos banheiros do Patronato Juvenil Garcense, com instala\u00e7\u00e3o de aquecedor solar."}, {"id": "25658", "ano": "2007", "numero": "407", "tipo__sigla": "IND", "tipo__descricao": "Indica\u00e7\u00e3o", "autoria": "JOS\u00c9 MARIA PIOLA", "texto_original": "http://sapl.garca.sp.leg.br/media/./sapl/public/materialegislativa/2007/25658/25658_texto_integral.doc", "ementa": "Sugerindo a instala\u00e7\u00e3o de um novo port\u00e3o para acesso \u00e0s depend\u00eancias da EE Hilmar Machado de Oliveira, pela Rua Luiz Ant\u00f4nio ou Rua Fausto Floriano de Toledo."}, {"id": "25659", "ano": "2007", "numero": "408", "tipo__sigla": "IND", "tipo__descricao": "Indica\u00e7\u00e3o", "autoria": "ANDR\u00c9 LUIS GAVIOLI RODRIGUES, PEDRO HENRIQUE SCARTEZINI", "texto_original": "http://sapl.garca.sp.leg.br/media/./sapl/public/materialegislativa/2007/25659/25659_texto_integral.doc", "ementa": "Sugerindo pintura de redutor de velocidade localizado na Rua Sete de Setembro, defronte o Col\u00e9gio CSA."}, {"id": "25660", "ano": "2007", "numero": "409", "tipo__sigla": "IND", "tipo__descricao": "Indica\u00e7\u00e3o", "autoria": "PEDRO HENRIQUE SCARTEZINI, WASHINGTON PEREIRA DE ARA\u00daJO", "texto_original": "http://sapl.garca.sp.leg.br/media/./sapl/public/materialegislativa/2007/25660/25660_texto_integral.doc", "ementa": "Sugerindo pintura de redutor de velocidade localizado na Rua Sete de Setembro, altura do cruzamento com a Rua Jos\u00e9 Ros\u00e1rio."}, {"id": "25661", "ano": "2007", "numero": "410", "tipo__sigla": "IND", "tipo__descricao": "Indica\u00e7\u00e3o", "autoria": "PEDRO HENRIQUE SCARTEZINI", "texto_original": "http://sapl.garca.sp.leg.br/media/./sapl/public/materialegislativa/2007/25661/25661_texto_integral.doc", "ementa": "Sugerindo implanta\u00e7\u00e3o de uma \u00e1rea de lazer no local do antigo burac\u00e3o, pr\u00f3ximo da Feira-Livre."}, {"id": "25662", "ano": "2007", "numero": "411", "tipo__sigla": "IND", "tipo__descricao": "Indica\u00e7\u00e3o", "autoria": "CORN\u00c9LIO C\u00c9ZAR KEMP MARCONDES", "texto_original": "http://sapl.garca.sp.leg.br/media/./sapl/public/materialegislativa/2007/25662/25662_texto_integral.doc", "ementa": "Sugerindo constru\u00e7\u00e3o de quadras para a pr\u00e1tica de t\u00eanis nos bairros do Munic\u00edpio e distrito de Jafa."}, {"id": "25663", "ano": "2007", "numero": "412", "tipo__sigla": "IND", "tipo__descricao": "Indica\u00e7\u00e3o", "autoria": "CORN\u00c9LIO C\u00c9ZAR KEMP MARCONDES", "texto_original": "http://sapl.garca.sp.leg.br/media/./sapl/public/materialegislativa/2007/25663/25663_texto_integral.doc", "ementa": "Sugerindo modificar a estrutura administrativa da Prefeitura Municipal, criando-se a Secretaria de Cultura e Turismo."}, {"id": "25665", "ano": "2007", "numero": "413", "tipo__sigla": "IND", "tipo__descricao": "Indica\u00e7\u00e3o", "autoria": "MASSAO OGAWA", "texto_original": "http://sapl.garca.sp.leg.br/media/./sapl/public/materialegislativa/2007/25665/25665_texto_integral.doc", "ementa": "Sugerindo criar uma via alternativa para acesso ao Centro de Eventos.."}, {"id": "25664", "ano": "2007", "numero": "414", "tipo__sigla": "IND", "tipo__descricao": "Indica\u00e7\u00e3o", "autoria": "JOS\u00c9 MARIA PIOLA", "texto_original": "http://sapl.garca.sp.leg.br/media/./sapl/public/materialegislativa/2007/25664/25664_texto_integral.doc", "ementa": "Sugerindo estabelecer m\u00e3o \u00fanica de dire\u00e7\u00e3o na Rua Melchiades Nery de Castro, especialmente em seu trecho inicial."}, {"id": "25666", "ano": "2007", "numero": "415", "tipo__sigla": "IND", "tipo__descricao": "Indica\u00e7\u00e3o", "autoria": "ADAMIR MAUR\u00cdCIO DE BARROS", "texto_original": "http://sapl.garca.sp.leg.br/media/./sapl/public/materialegislativa/2007/25666/25666_texto_integral.doc", "ementa": "Sugerindo modifica\u00e7\u00e3o do port\u00e3o de acesso ao recinto da Feira Livre, fazendo que o mesmo abra \"para dentro\"."}, {"id": "25667", "ano": "2007", "numero": "416", "tipo__sigla": "IND", "tipo__descricao": "Indica\u00e7\u00e3o", "autoria": "SEBASTI\u00c3O TOLDATO GALEGO", "texto_original": "http://sapl.garca.sp.leg.br/media/./sapl/public/materialegislativa/2007/25667/25667_texto_integral.doc", "ementa": "Sugerindo instituir sistema de ilumina\u00e7\u00e3o artificial m\u00f3vel no interior do Cemit\u00e9rio Municipal."}, {"id": "25668", "ano": "2007", "numero": "417", "tipo__sigla": "IND", "tipo__descricao": "Indica\u00e7\u00e3o", "autoria": "SEBASTI\u00c3O TOLDATO GALEGO", "texto_original": "http://sapl.garca.sp.leg.br/media/./sapl/public/materialegislativa/2007/25668/25668_texto_integral.doc", "ementa": "Sugerindo instala\u00e7\u00e3o de um maior n\u00famero de bancos para acomoda\u00e7\u00e3o de p\u00fablico no Conjunto Poliesportivo \"Manoel Gouveia Chagas\"."}, {"id": "25669", "ano": "2007", "numero": "418", "tipo__sigla": "IND", "tipo__descricao": "Indica\u00e7\u00e3o", "autoria": "JOS\u00c9 MARIA PIOLA", "texto_original": "http://sapl.garca.sp.leg.br/media/./sapl/public/materialegislativa/2007/25669/25669_texto_integral.doc", "ementa": "Sugerindo instala\u00e7\u00e3o de placas de identifica\u00e7\u00e3o da Rua Egidio Ortiz Pl\u00e1."}, {"id": "25670", "ano": "2007", "numero": "419", "tipo__sigla": "IND", "tipo__descricao": "Indica\u00e7\u00e3o", "autoria": "ADAMIR MAUR\u00cdCIO DE BARROS", "texto_original": "http://sapl.garca.sp.leg.br/media/./sapl/public/materialegislativa/2007/25670/25670_texto_integral.doc", "ementa": "Sugerindo denominar uma via, logradouro ou pr\u00f3prio p\u00fablico municipal de \"Cl\u00f3vis Fernandes\"."}, {"id": "25671", "ano": "2007", "numero": "420", "tipo__sigla": "IND", "tipo__descricao": "Indica\u00e7\u00e3o", "autoria": "CORN\u00c9LIO C\u00c9ZAR KEMP MARCONDES", "texto_original": "http://sapl.garca.sp.leg.br/media/./sapl/public/materialegislativa/2007/25671/25671_texto_integral.doc", "ementa": "Sugerindo destinar um ve\u00edculo para auxiliar no deslocamento de assistidos da Casa Abrigo Sollar."}, {"id": "25672", "ano": "2007", "numero": "421", "tipo__sigla": "IND", "tipo__descricao": "Indica\u00e7\u00e3o", "autoria": "CORN\u00c9LIO C\u00c9ZAR KEMP MARCONDES", "texto_original": "http://sapl.garca.sp.leg.br/media/./sapl/public/materialegislativa/2007/25672/25672_texto_integral.doc", "ementa": "Sugerindo ceder um espa\u00e7o em um pr\u00f3prio do Munic\u00edpio, para abrigar a Associa\u00e7\u00e3o local dos Portadores de Defici\u00eancias."}, {"id": "25673", "ano": "2007", "numero": "422", "tipo__sigla": "IND", "tipo__descricao": "Indica\u00e7\u00e3o", "autoria": "WILSON ALVES (VI)", "texto_original": "http://sapl.garca.sp.leg.br/media/./sapl/public/materialegislativa/2007/25673/25673_texto_integral.doc", "ementa": "Sugerindo eleva\u00e7\u00e3o da guia defronte o im\u00f3vel de n\u00ba 21 da Rua Waldemar Pereira Mathias."}, {"id": "25674", "ano": "2007", "numero": "423", "tipo__sigla": "IND", "tipo__descricao": "Indica\u00e7\u00e3o", "autoria": "WILSON ALVES (VI)", "texto_original": "http://sapl.garca.sp.leg.br/media/./sapl/public/materialegislativa/2007/25674/25674_texto_integral.doc", "ementa": "Sugerindo o alinhamento dos bloquetes que cal\u00e7am o leito carro\u00e7\u00e1vel da Rua Carlos Ferrari, altura do n\u00ba 1.777."}, {"id": "25675", "ano": "2007", "numero": "424", "tipo__sigla": "IND", "tipo__descricao": "Indica\u00e7\u00e3o", "autoria": "WILSON ALVES (VI)", "texto_original": "http://sapl.garca.sp.leg.br/media/./sapl/public/materialegislativa/2007/25675/25675_texto_integral.doc", "ementa": "Sugerindo substitui\u00e7\u00e3o de \u00e1rvore localizada defronte o im\u00f3vel de n\u00ba 91 da Rua Garabed Ckekerdemian."}, {"id": "25676", "ano": "2007", "numero": "425", "tipo__sigla": "IND", "tipo__descricao": "Indica\u00e7\u00e3o", "autoria": "WILSON ALVES (VI)", "texto_original": "http://sapl.garca.sp.leg.br/media/./sapl/public/materialegislativa/2007/25676/25676_texto_integral.doc", "ementa": "Sugerindo trabalho mais cuidadoso quando da grafia de placas indicativas de proibi\u00e7\u00e3o de tr\u00e2nsito por vias p\u00fablicas, evitando erros ortogr\u00e1ficos."}, {"id": "25677", "ano": "2007", "numero": "426", "tipo__sigla": "IND", "tipo__descricao": "Indica\u00e7\u00e3o", "autoria": "WILSON ALVES (VI)", "texto_original": "http://sapl.garca.sp.leg.br/media/./sapl/public/materialegislativa/2007/25677/25677_texto_integral.doc", "ementa": "Sugerindo melhorar o escoamento de \u00e1guas pluviais junto \u00e0 Rua Dr. Jurandir Ubirajara Guimar\u00e3es."}, {"id": "25678", "ano": "2007", "numero": "427", "tipo__sigla": "IND", "tipo__descricao": "Indica\u00e7\u00e3o", "autoria": "WILSON ALVES (VI)", "texto_original": "http://sapl.garca.sp.leg.br/media/./sapl/public/materialegislativa/2007/25678/25678_texto_integral.doc", "ementa": "Sugerindo medidas para evitar o ac\u00famulo de \u00e1guas no cruzamento da Rua XV de Novembro com a Rua Hagop Barganian, bem como a limpeza do local."}, {"id": "25679", "ano": "2007", "numero": "428", "tipo__sigla": "IND", "tipo__descricao": "Indica\u00e7\u00e3o", "autoria": "WILSON ALVES (VI)", "texto_original": "http://sapl.garca.sp.leg.br/media/./sapl/public/materialegislativa/2007/25679/25679_texto_integral.doc", "ementa": "Sugerindo instala\u00e7\u00e3o de placas, em ambos os sentidos de dire\u00e7\u00e3o, alertando sobre a exist\u00eancia de depress\u00e3o no leito carro\u00e7\u00e1vel da Rua XV de Novembro, altura do cruzamento com a Rua Hagop Barganian."}, {"id": "25680", "ano": "2007", "numero": "429", "tipo__sigla": "IND", "tipo__descricao": "Indica\u00e7\u00e3o", "autoria": "CORN\u00c9LIO C\u00c9ZAR KEMP MARCONDES", "texto_original": "http://sapl.garca.sp.leg.br/media/./sapl/public/materialegislativa/2007/25680/25680_texto_integral.doc", "ementa": "Sugerindo o pagamento de parte da gratifica\u00e7\u00e3o natalina/13\u00ba sal\u00e1rio aos servidores municipais, no m\u00eas de julho, atrav\u00e9s de cheques individuais."}, {"id": "25681", "ano": "2007", "numero": "430", "tipo__sigla": "IND", "tipo__descricao": "Indica\u00e7\u00e3o", "autoria": "ADAMIR MAUR\u00cdCIO DE BARROS", "texto_original": "http://sapl.garca.sp.leg.br/media/./sapl/public/materialegislativa/2007/25681/25681_texto_integral.doc", "ementa": "Sugerindo a cria\u00e7\u00e3o de uma sala no Munic\u00edpio com a reconstitui\u00e7\u00e3o dos fatos sobre o futebol e o futsal garcense."}, {"id": "25532", "ano": "2007", "numero": "431", "tipo__sigla": "IND", "tipo__descricao": "Indica\u00e7\u00e3o", "autoria": "MASSAO OGAWA", "texto_original": "http://sapl.garca.sp.leg.br/media/./sapl/public/materialegislativa/2007/25532/25532_texto_integral.doc", "ementa": "Sugerindo desapropria\u00e7\u00e3o de \u00e1rea anexa ao trevo da Rodovia SP-294,para constru\u00e7\u00e3o de acesso ao Bairro Santo Andr\u00e9."}, {"id": "25533", "ano": "2007", "numero": "432", "tipo__sigla": "IND", "tipo__descricao": "Indica\u00e7\u00e3o", "autoria": "MASSAO OGAWA", "texto_original": "http://sapl.garca.sp.leg.br/media/./sapl/public/materialegislativa/2007/25533/25533_texto_integral.doc", "ementa": "Sugerindo a institui\u00e7\u00e3o de incentivos aos contribuintes que quitam no prazo seus d\u00e9bitos com o Munic\u00edpio."}, {"id": "25534", "ano": "2007", "numero": "433", "tipo__sigla": "IND", "tipo__descricao": "Indica\u00e7\u00e3o", "autoria": "ADAMIR MAUR\u00cdCIO DE BARROS", "texto_original": "http://sapl.garca.sp.leg.br/media/./sapl/public/materialegislativa/2007/25534/25534_texto_integral.doc", "ementa": "Sugerindo maior freq\u00fc\u00eancia e abrang\u00eancia a poda das \u00e1rvores plantadas em passeios p\u00fablicos."}, {"id": "25535", "ano": "2007", "numero": "434", "tipo__sigla": "IND", "tipo__descricao": "Indica\u00e7\u00e3o", "autoria": "ADAMIR MAUR\u00cdCIO DE BARROS", "texto_original": "http://sapl.garca.sp.leg.br/media/./sapl/public/materialegislativa/2007/25535/25535_texto_integral.doc", "ementa": "Sugerindo constru\u00e7\u00e3o de instala\u00e7\u00f5es sanit\u00e1rias em alvenaria junto \u00e0 Pra\u00e7a Tancredo Neves."}, {"id": "25536", "ano": "2007", "numero": "435", "tipo__sigla": "IND", "tipo__descricao": "Indica\u00e7\u00e3o", "autoria": "LUIZ KUNITA, WILSON ALVES (VI)", "texto_original": "http://sapl.garca.sp.leg.br/media/./sapl/public/materialegislativa/2007/25536/25536_texto_integral.doc", "ementa": "Sugerindo instala\u00e7\u00e3o de um redutor de velocidade junto \u00e0 Rua General Glic\u00e9rio, altura do n\u00ba 136."}, {"id": "25537", "ano": "2007", "numero": "436", "tipo__sigla": "IND", "tipo__descricao": "Indica\u00e7\u00e3o", "autoria": "ADAMIR MAUR\u00cdCIO DE BARROS", "texto_original": "http://sapl.garca.sp.leg.br/media/./sapl/public/materialegislativa/2007/25537/25537_texto_integral.doc", "ementa": "Sugerindo cria\u00e7\u00e3o de um local com atividades di\u00e1rias para idosos."}, {"id": "25538", "ano": "2007", "numero": "437", "tipo__sigla": "IND", "tipo__descricao": "Indica\u00e7\u00e3o", "autoria": "SEBASTI\u00c3O TOLDATO GALEGO", "texto_original": "http://sapl.garca.sp.leg.br/media/./sapl/public/materialegislativa/2007/25538/25538_texto_integral.doc", "ementa": "Sugerindo poda de \u00e1rvore localizada na Rua Jos\u00e9 Freire, defronte o im\u00f3vel de n\u00ba 38, no distrito de Jafa."}, {"id": "25539", "ano": "2007", "numero": "438", "tipo__sigla": "IND", "tipo__descricao": "Indica\u00e7\u00e3o", "autoria": "SEBASTI\u00c3O TOLDATO GALEGO", "texto_original": "http://sapl.garca.sp.leg.br/media/./sapl/public/materialegislativa/2007/25539/25539_texto_integral.doc", "ementa": "Sugerindo coloca\u00e7\u00e3o de cascalho ou cal\u00e7amento com paralelep\u00edpedo em trecho da estrada vicinal rural que d\u00e1 acesso ao Bairro Ouro Branco, defronte a entrada da Fazenda Iraj\u00e1."}, {"id": "25540", "ano": "2007", "numero": "439", "tipo__sigla": "IND", "tipo__descricao": "Indica\u00e7\u00e3o", "autoria": "SEBASTI\u00c3O TOLDATO GALEGO", "texto_original": "http://sapl.garca.sp.leg.br/media/./sapl/public/materialegislativa/2007/25540/25540_texto_integral.doc", "ementa": "Sugerindo passagem de m\u00e1quina na estrada rural que d\u00e1 acesso ao Bairro Itiratup\u00e3, a partir da entrada da Fazenda Otoboni."}, {"id": "25541", "ano": "2007", "numero": "440", "tipo__sigla": "IND", "tipo__descricao": "Indica\u00e7\u00e3o", "autoria": "ADAMIR MAUR\u00cdCIO DE BARROS", "texto_original": "http://sapl.garca.sp.leg.br/media/./sapl/public/materialegislativa/2007/25541/25541_texto_integral.doc", "ementa": "Sugerindo aquisi\u00e7\u00e3o de um aparelho para realiza\u00e7\u00e3o dos exames de endoscopia digestiva, para a rede b\u00e1sica de sa\u00fade."}, {"id": "25542", "ano": "2007", "numero": "441", "tipo__sigla": "IND", "tipo__descricao": "Indica\u00e7\u00e3o", "autoria": "WILSON ALVES (VI)", "texto_original": "http://sapl.garca.sp.leg.br/media/./sapl/public/materialegislativa/2007/25542/25542_texto_integral.doc", "ementa": "Sugerindo cria\u00e7\u00e3o de um provedor municipal de acesso \u00e1 internet, com conex\u00e3o via r\u00e1dio (wireless)."}, {"id": "25543", "ano": "2007", "numero": "442", "tipo__sigla": "IND", "tipo__descricao": "Indica\u00e7\u00e3o", "autoria": "Lico, WILSON ALVES (VI)", "texto_original": "http://sapl.garca.sp.leg.br/media/./sapl/public/materialegislativa/2007/25543/25543_texto_integral.doc", "ementa": "Sugerindo constru\u00e7\u00e3o de sistema de drenagem e escoamento de \u00e1gua na parte lateral do F\u00f3rum da Comarca de Gar\u00e7a."}, {"id": "25544", "ano": "2007", "numero": "443", "tipo__sigla": "IND", "tipo__descricao": "Indica\u00e7\u00e3o", "autoria": "WILSON ALVES (VI)", "texto_original": "http://sapl.garca.sp.leg.br/media/./sapl/public/materialegislativa/2007/25544/25544_texto_integral.doc", "ementa": "Sugerindo instala\u00e7\u00e3o de um redutor de velocidade na altura do n\u00ba 267 da Rua Vital Soares."}, {"id": "25545", "ano": "2007", "numero": "444", "tipo__sigla": "IND", "tipo__descricao": "Indica\u00e7\u00e3o", "autoria": "WILSON ALVES (VI)", "texto_original": "http://sapl.garca.sp.leg.br/media/./sapl/public/materialegislativa/2007/25545/25545_texto_integral.doc", "ementa": "Sugerindo aquisi\u00e7\u00e3o de carrinhos para o transporte de bagagens de usu\u00e1rios do Terminal Rodovi\u00e1rio de Passageiros local."}, {"id": "25546", "ano": "2007", "numero": "445", "tipo__sigla": "IND", "tipo__descricao": "Indica\u00e7\u00e3o", "autoria": "MASSAO OGAWA, WILSON ALVES (VI)", "texto_original": "http://sapl.garca.sp.leg.br/media/./sapl/public/materialegislativa/2007/25546/25546_texto_integral.doc", "ementa": "Sugerindo aproveitamento de bloquetes que ser\u00e3o retirados do acostamento de trecho da Av. Dr. Labieno da Costa Machado, no cal\u00e7amento de trechos de vias p\u00fablicas que n\u00e3o disp\u00f5em de pavimenta\u00e7\u00e3o."}, {"id": "25547", "ano": "2007", "numero": "446", "tipo__sigla": "IND", "tipo__descricao": "Indica\u00e7\u00e3o", "autoria": "MASSAO OGAWA, WILSON ALVES (VI)", "texto_original": "http://sapl.garca.sp.leg.br/media/./sapl/public/materialegislativa/2007/25547/25547_texto_integral.doc", "ementa": "Sugerindo viabilizar a instala\u00e7\u00e3o de uma central para disponibiliza\u00e7\u00e3o do servi\u00e7o Speedy na regi\u00e3o do distrito industrial."}, {"id": "25548", "ano": "2007", "numero": "447", "tipo__sigla": "IND", "tipo__descricao": "Indica\u00e7\u00e3o", "autoria": "JOS\u00c9 MARIA PIOLA, MASSAO OGAWA", "texto_original": "http://sapl.garca.sp.leg.br/media/./sapl/public/materialegislativa/2007/25548/25548_texto_integral.doc", "ementa": "Sugerindo a instala\u00e7\u00e3o de um rel\u00f3gio digital na Pra\u00e7a Rui Barbosa."}, {"id": "25549", "ano": "2007", "numero": "448", "tipo__sigla": "IND", "tipo__descricao": "Indica\u00e7\u00e3o", "autoria": "JOS\u00c9 MARIA PIOLA", "texto_original": "http://sapl.garca.sp.leg.br/media/./sapl/public/materialegislativa/2007/25549/25549_texto_integral.doc", "ementa": "Sugerindo melhorias na estrada que d\u00e1 acesso ao assentamento do Banco da Terra."}, {"id": "25550", "ano": "2007", "numero": "449", "tipo__sigla": "IND", "tipo__descricao": "Indica\u00e7\u00e3o", "autoria": "PEDRO HENRIQUE SCARTEZINI", "texto_original": "http://sapl.garca.sp.leg.br/media/./sapl/public/materialegislativa/2007/25550/25550_texto_integral.doc", "ementa": "Sugerindo maior regularidade da coleta de lixo no Condom\u00ednio Residencial Portal do Lago."}, {"id": "25551", "ano": "2007", "numero": "450", "tipo__sigla": "IND", "tipo__descricao": "Indica\u00e7\u00e3o", "autoria": "PEDRO HENRIQUE SCARTEZINI", "texto_original": "http://sapl.garca.sp.leg.br/media/./sapl/public/materialegislativa/2007/25551/25551_texto_integral.doc", "ementa": "Sugerindo poda de tr\u00eas \u00e1rvores localizadas na lateral da Igreja Metodista."}, {"id": "25558", "ano": "2007", "numero": "451", "tipo__sigla": "IND", "tipo__descricao": "Indica\u00e7\u00e3o", "autoria": "MARCOS LOPES MIRANDA", "texto_original": "http://sapl.garca.sp.leg.br/media/./sapl/public/materialegislativa/2007/25558/25558_texto_integral.doc", "ementa": "Sugerindo cria\u00e7\u00e3o de uma Corpora\u00e7\u00e3o Musical Mirim Mista."}, {"id": "25559", "ano": "2007", "numero": "452", "tipo__sigla": "IND", "tipo__descricao": "Indica\u00e7\u00e3o", "autoria": "JOS\u00c9 MARIA PIOLA, Lico", "texto_original": "http://sapl.garca.sp.leg.br/media/./sapl/public/materialegislativa/2007/25559/25559_texto_integral.doc", "ementa": "Sugerindo denominar uma via, logradouro ou pr\u00f3prio p\u00fablico do Munic\u00edpio de \"Lineu Guimar\u00e3es\"."}, {"id": "25560", "ano": "2007", "numero": "453", "tipo__sigla": "IND", "tipo__descricao": "Indica\u00e7\u00e3o", "autoria": "Lico, VALDEMAR ZIMIANI", "texto_original": "http://sapl.garca.sp.leg.br/media/./sapl/public/materialegislativa/2007/25560/25560_texto_integral.doc", "ementa": "Sugerindo aquisi\u00e7\u00e3o de um jogo de bocha para o Conjunto Esportivo Modesto da Costa, no distrito de Jafa."}, {"id": "25561", "ano": "2007", "numero": "454", "tipo__sigla": "IND", "tipo__descricao": "Indica\u00e7\u00e3o", "autoria": "CORN\u00c9LIO C\u00c9ZAR KEMP MARCONDES, Lico", "texto_original": "http://sapl.garca.sp.leg.br/media/./sapl/public/materialegislativa/2007/25561/25561_texto_integral.doc", "ementa": "Sugerindo encaminhamento de projeto de lei propondo a denomina\u00e7\u00e3o das vias p\u00fablicas do Bairro Jardim Adrianita."}, {"id": "25562", "ano": "2007", "numero": "455", "tipo__sigla": "IND", "tipo__descricao": "Indica\u00e7\u00e3o", "autoria": "CORN\u00c9LIO C\u00c9ZAR KEMP MARCONDES", "texto_original": "http://sapl.garca.sp.leg.br/media/./sapl/public/materialegislativa/2007/25562/25562_texto_integral.doc", "ementa": "Sugerindo implanta\u00e7\u00e3o de ilumina\u00e7\u00e3o p\u00fablica nos trechos sem a benfeitoria no Jardim Adrianita."}, {"id": "25563", "ano": "2007", "numero": "456", "tipo__sigla": "IND", "tipo__descricao": "Indica\u00e7\u00e3o", "autoria": "CORN\u00c9LIO C\u00c9ZAR KEMP MARCONDES", "texto_original": "http://sapl.garca.sp.leg.br/media/./sapl/public/materialegislativa/2007/25563/25563_texto_integral.doc", "ementa": "Sugerindo melhorias no leito carro\u00e7\u00e1vel das vias p\u00fablicas do Bairro Jardim Adrianita."}, {"id": "25564", "ano": "2007", "numero": "457", "tipo__sigla": "IND", "tipo__descricao": "Indica\u00e7\u00e3o", "autoria": "CORN\u00c9LIO C\u00c9ZAR KEMP MARCONDES", "texto_original": "http://sapl.garca.sp.leg.br/media/./sapl/public/materialegislativa/2007/25564/25564_texto_integral.doc", "ementa": "Sugerindo instala\u00e7\u00e3o de rede de telefonia no Bairro Jardim Adrianita."}, {"id": "25565", "ano": "2007", "numero": "458", "tipo__sigla": "IND", "tipo__descricao": "Indica\u00e7\u00e3o", "autoria": "MASSAO OGAWA", "texto_original": "http://sapl.garca.sp.leg.br/media/./sapl/public/materialegislativa/2007/25565/25565_texto_integral.doc", "ementa": "Sugerindo substitui\u00e7\u00e3o de esp\u00e9cime arb\u00f3reo defronte o im\u00f3vel de n\u00ba 01 da Rua Gabriela."}, {"id": "25566", "ano": "2007", "numero": "459", "tipo__sigla": "IND", "tipo__descricao": "Indica\u00e7\u00e3o", "autoria": "MASSAO OGAWA", "texto_original": "http://sapl.garca.sp.leg.br/media/./sapl/public/materialegislativa/2007/25566/25566_texto_integral.doc", "ementa": "Sugerindo melhoria da capta\u00e7\u00e3o de \u00e1guas pluviais que descem da parte alta do centro comercial da cidade (Rua Dep. Manoel Joaquim Fernandes)."}, {"id": "25567", "ano": "2007", "numero": "460", "tipo__sigla": "IND", "tipo__descricao": "Indica\u00e7\u00e3o", "autoria": "MASSAO OGAWA", "texto_original": "http://sapl.garca.sp.leg.br/media/./sapl/public/materialegislativa/2007/25567/25567_texto_integral.doc", "ementa": "Sugerindo institui\u00e7\u00e3o de mais linhas de \u00f4nibus circular com destino ao Distrito Industrial."}, {"id": "25568", "ano": "2007", "numero": "461", "tipo__sigla": "IND", "tipo__descricao": "Indica\u00e7\u00e3o", "autoria": "CORN\u00c9LIO C\u00c9ZAR KEMP MARCONDES", "texto_original": "http://sapl.garca.sp.leg.br/media/./sapl/public/materialegislativa/2007/25568/25568_texto_integral.doc", "ementa": "Sugerindo agilizar os trabalhos para a conclus\u00e3o das obras de novo gin\u00e1sio de esportes."}, {"id": "25569", "ano": "2007", "numero": "462", "tipo__sigla": "IND", "tipo__descricao": "Indica\u00e7\u00e3o", "autoria": "MASSAO OGAWA", "texto_original": "http://sapl.garca.sp.leg.br/media/./sapl/public/materialegislativa/2007/25569/25569_texto_integral.doc", "ementa": "Sugerindo melhor disciplinar o tr\u00e2nsito de ve\u00edculos nos cruzamentos da Rua Melchiades Nery de Castro com as Ruas Antenor Lara de Campos e Armando Salles de Oliveira."}, {"id": "25570", "ano": "2007", "numero": "463", "tipo__sigla": "IND", "tipo__descricao": "Indica\u00e7\u00e3o", "autoria": "MASSAO OGAWA", "texto_original": "http://sapl.garca.sp.leg.br/media/./sapl/public/materialegislativa/2007/25570/25570_texto_integral.doc", "ementa": "Sugerindo melhor disciplinar o tr\u00e2nsito de ve\u00edculos no cruzamento da Rua Vit\u00f3ria com a Rua S\u00e3o Jo\u00e3o."}, {"id": "25571", "ano": "2007", "numero": "464", "tipo__sigla": "IND", "tipo__descricao": "Indica\u00e7\u00e3o", "autoria": "MASSAO OGAWA", "texto_original": "http://sapl.garca.sp.leg.br/media/./sapl/public/materialegislativa/2007/25571/25571_texto_integral.doc", "ementa": "Sugerindo melhoria no tr\u00e2nsito na Rua Prefeito Salviano Pereira de Andrade, altura do cruzamento com a Rua Heitor Penteado."}, {"id": "25572", "ano": "2007", "numero": "465", "tipo__sigla": "IND", "tipo__descricao": "Indica\u00e7\u00e3o", "autoria": "MASSAO OGAWA", "texto_original": "http://sapl.garca.sp.leg.br/media/./sapl/public/materialegislativa/2007/25572/25572_texto_integral.doc", "ementa": "Sugerindo instala\u00e7\u00e3o de sem\u00e1foros para pedestres na Av. Dr. Labieno da Costa Machado, no cruzamento com a Rua 7 de Setembro."}, {"id": "25573", "ano": "2007", "numero": "466", "tipo__sigla": "IND", "tipo__descricao": "Indica\u00e7\u00e3o", "autoria": "CORN\u00c9LIO C\u00c9ZAR KEMP MARCONDES", "texto_original": "http://sapl.garca.sp.leg.br/media/./sapl/public/materialegislativa/2007/25573/25573_texto_integral.doc", "ementa": "Sugerindo denominar uma pra\u00e7a, via ou logradouro p\u00fablico do Munic\u00edpio, de \"Frei Luis Carolino\"."}, {"id": "25574", "ano": "2007", "numero": "467", "tipo__sigla": "IND", "tipo__descricao": "Indica\u00e7\u00e3o", "autoria": "CORN\u00c9LIO C\u00c9ZAR KEMP MARCONDES", "texto_original": "http://sapl.garca.sp.leg.br/media/./sapl/public/materialegislativa/2007/25574/25574_texto_integral.doc", "ementa": "Sugerindo oferecer apoio \u00e0s atividades esportivas locais, visando  a forma\u00e7\u00e3o de equipes de mais modalidades esportivas, principalmente femininas."}, {"id": "25501", "ano": "2007", "numero": "468", "tipo__sigla": "IND", "tipo__descricao": "Indica\u00e7\u00e3o", "autoria": "WILSON ALVES (VI)", "texto_original": "http://sapl.garca.sp.leg.br/media/./sapl/public/materialegislativa/2007/25501/25501_texto_integral.doc", "ementa": "Sugerindo ado\u00e7\u00e3o de medidas ou campanha de orienta\u00e7\u00e3o  \u00e0 popula\u00e7\u00e3o sobre o uso dos sem\u00e1foros para pedestres."}, {"id": "25557", "ano": "2007", "numero": "469", "tipo__sigla": "IND", "tipo__descricao": "Indica\u00e7\u00e3o", "autoria": "WILSON ALVES (VI)", "texto_original": "http://sapl.garca.sp.leg.br/media/./sapl/public/materialegislativa/2007/25557/25557_texto_integral.doc", "ementa": "Sugerindo instala\u00e7\u00e3o de uma lan house p\u00fablica no Terminal de Passageiros local."}, {"id": "25556", "ano": "2007", "numero": "470", "tipo__sigla": "IND", "tipo__descricao": "Indica\u00e7\u00e3o", "autoria": "Lico, WILSON ALVES (VI)", "texto_original": "http://sapl.garca.sp.leg.br/media/./sapl/public/materialegislativa/2007/25556/25556_texto_integral.doc", "ementa": "Sugerindo servi\u00e7o de jardinagem na Pra\u00e7a Rui Barbosa, com a forma\u00e7\u00e3o de canteiros de rosas."}, {"id": "25555", "ano": "2007", "numero": "471", "tipo__sigla": "IND", "tipo__descricao": "Indica\u00e7\u00e3o", "autoria": "SEBASTI\u00c3O TOLDATO GALEGO", "texto_original": "http://sapl.garca.sp.leg.br/media/./sapl/public/materialegislativa/2007/25555/25555_texto_integral.doc", "ementa": "Sugerindo servi\u00e7o de terrapalanagem em \u00e1rea localizada pr\u00f3xima \u00e0 \"Venda Seca\", doada para a constru\u00e7\u00e3o de um campo de futebol."}, {"id": "25553", "ano": "2007", "numero": "472", "tipo__sigla": "IND", "tipo__descricao": "Indica\u00e7\u00e3o", "autoria": "ADAMIR MAUR\u00cdCIO DE BARROS, ANDR\u00c9 LUIS GAVIOLI RODRIGUES", "texto_original": "http://sapl.garca.sp.leg.br/media/./sapl/public/materialegislativa/2007/25553/25553_texto_integral.doc", "ementa": "Sugerindo uma maior periodicidade e pontualidade na coleta de material recicl\u00e1vel nas resid\u00eancias."}, {"id": "25554", "ano": "2007", "numero": "473", "tipo__sigla": "IND", "tipo__descricao": "Indica\u00e7\u00e3o", "autoria": "ADAMIR MAUR\u00cdCIO DE BARROS", "texto_original": "http://sapl.garca.sp.leg.br/media/./sapl/public/materialegislativa/2007/25554/25554_texto_integral.doc", "ementa": "Sugerindo ado\u00e7\u00e3o de medidas burocr\u00e1ticas que viabilizem a amplia\u00e7\u00e3o da \u00e1rea f\u00edsica das creches \"Inez Marang\u00e3o\" e \"Andr\u00e9ia Morato Marang\u00e3o\"."}, {"id": "25552", "ano": "2007", "numero": "474", "tipo__sigla": "IND", "tipo__descricao": "Indica\u00e7\u00e3o", "autoria": "WILSON ALVES (VI)", "texto_original": "http://sapl.garca.sp.leg.br/media/./sapl/public/materialegislativa/2007/25552/25552_texto_integral.doc", "ementa": "Sugerindo fiscaliza\u00e7\u00e3o com maior rigor no tocante ao ac\u00famulo de lixo sob as passarelas da Pra\u00e7a Rui Barbosa."}, {"id": "25502", "ano": "2007", "numero": "475", "tipo__sigla": "IND", "tipo__descricao": "Indica\u00e7\u00e3o", "autoria": "ANDR\u00c9 LUIS GAVIOLI RODRIGUES, WILSON ALVES (VI)", "texto_original": "http://sapl.garca.sp.leg.br/media/./sapl/public/materialegislativa/2007/25502/25502_texto_integral.doc", "ementa": "Sugerindo reparos necess\u00e1rios na cobertura de ponto de \u00f4nibus localizado na primeira quadra da Rua Brasil, no distrito de Jafa."}, {"id": "25503", "ano": "2007", "numero": "476", "tipo__sigla": "IND", "tipo__descricao": "Indica\u00e7\u00e3o", "autoria": "MARCOS LOPES MIRANDA", "texto_original": "http://sapl.garca.sp.leg.br/media/./sapl/public/materialegislativa/2007/25503/25503_texto_integral.doc", "ementa": "Sugerindo deflagra\u00e7\u00e3o de campanha para asfaltamento da pista do aeroporto local."}, {"id": "25504", "ano": "2007", "numero": "477", "tipo__sigla": "IND", "tipo__descricao": "Indica\u00e7\u00e3o", "autoria": "MASSAO OGAWA", "texto_original": "http://sapl.garca.sp.leg.br/media/./sapl/public/materialegislativa/2007/25504/25504_texto_integral.doc", "ementa": "Sugerindo fechar a entrada que d\u00e1 acesso ao interior do gramado da Concha Ac\u00fastica."}, {"id": "25505", "ano": "2007", "numero": "478", "tipo__sigla": "IND", "tipo__descricao": "Indica\u00e7\u00e3o", "autoria": "MASSAO OGAWA", "texto_original": "http://sapl.garca.sp.leg.br/media/./sapl/public/materialegislativa/2007/25505/25505_texto_integral.doc", "ementa": "Sugerindo servi\u00e7os de tapa buracos na Rua Jo\u00e3o Manzano, altura do n\u00ba 192."}, {"id": "25506", "ano": "2007", "numero": "479", "tipo__sigla": "IND", "tipo__descricao": "Indica\u00e7\u00e3o", "autoria": "CORN\u00c9LIO C\u00c9ZAR KEMP MARCONDES", "texto_original": "http://sapl.garca.sp.leg.br/media/./sapl/public/materialegislativa/2007/25506/25506_texto_integral.doc", "ementa": "Sugerindo medidas preventivas para aumentar a seguran\u00e7a do tr\u00e2nsito de pedestres no trecho inicial  da Rua S\u00e3o Jo\u00e3o, quando da libera\u00e7\u00e3o do trecho compreendido entre as ruas Am\u00e9rica e Vit\u00f3ria."}, {"id": "25507", "ano": "2007", "numero": "480", "tipo__sigla": "IND", "tipo__descricao": "Indica\u00e7\u00e3o", "autoria": "MASSAO OGAWA", "texto_original": "http://sapl.garca.sp.leg.br/media/./sapl/public/materialegislativa/2007/25507/25507_texto_integral.doc", "ementa": "Sugerindo poda, ou se poss\u00edvel substitui\u00e7\u00e3o, de \u00e1rvore localizada na Rua Bar\u00e3o do Rio Branco, pr\u00f3ximo ao cruzamento com a Rua Heitor Penteado."}, {"id": "25508", "ano": "2007", "numero": "481", "tipo__sigla": "IND", "tipo__descricao": "Indica\u00e7\u00e3o", "autoria": "WILSON ALVES (VI)", "texto_original": "http://sapl.garca.sp.leg.br/media/./sapl/public/materialegislativa/2007/25508/25508_texto_integral.doc", "ementa": "Sugerindo instala\u00e7\u00e3o de placa vertical de sinaliza\u00e7\u00e3o de tr\u00e2nsito, indicando a proibi\u00e7\u00e3o de estacionamento no in\u00edcio da primeira quadra da Rua Dep. Manoel Joaquim Fernandes"}, {"id": "25509", "ano": "2007", "numero": "482", "tipo__sigla": "IND", "tipo__descricao": "Indica\u00e7\u00e3o", "autoria": "WILSON ALVES (VI)", "texto_original": "http://sapl.garca.sp.leg.br/media/./sapl/public/materialegislativa/2007/25509/25509_texto_integral.doc", "ementa": "Sugerindo demarca\u00e7\u00e3o de espa\u00e7o para estacionamento ao redor da Pra\u00e7a Pedro de Toledo, notadamente no trecho compreendido entre as ruas Minas Gerais e Tiradentes."}, {"id": "25510", "ano": "2007", "numero": "483", "tipo__sigla": "IND", "tipo__descricao": "Indica\u00e7\u00e3o", "autoria": "WILSON ALVES (VI)", "texto_original": "http://sapl.garca.sp.leg.br/media/./sapl/public/materialegislativa/2007/25510/25510_texto_integral.doc", "ementa": "Sugerindo reparos no leito carro\u00e7\u00e1vel da Rua Ver. Paulo Guilherme, pr\u00f3ximo ao n\u00ba. 170, devido a exist\u00eancia de um buraco."}, {"id": "25511", "ano": "2007", "numero": "484", "tipo__sigla": "IND", "tipo__descricao": "Indica\u00e7\u00e3o", "autoria": "JOS\u00c9 MARIA PIOLA, PAULO CELSO FRABETTI VIEIRA", "texto_original": "http://sapl.garca.sp.leg.br/media/./sapl/public/materialegislativa/2007/25511/25511_texto_integral.doc", "ementa": "Sugerindo constru\u00e7\u00e3o de uma chancha de bocha e um campo de malha nas proximidades do Bairro Jardim Sol Nascente."}, {"id": "25512", "ano": "2007", "numero": "485", "tipo__sigla": "IND", "tipo__descricao": "Indica\u00e7\u00e3o", "autoria": "WILSON ALVES (VI)", "texto_original": "http://sapl.garca.sp.leg.br/media/./sapl/public/materialegislativa/2007/25512/25512_texto_integral.doc", "ementa": "Sugerindo poda de \u00e1rvore localizada no in\u00edcio da Rua Dep. Manoel Joaquim Fernandes, defronte a Unimed."}, {"id": "25513", "ano": "2007", "numero": "486", "tipo__sigla": "IND", "tipo__descricao": "Indica\u00e7\u00e3o", "autoria": "WILSON ALVES (VI)", "texto_original": "http://sapl.garca.sp.leg.br/media/./sapl/public/materialegislativa/2007/25513/25513_texto_integral.doc", "ementa": "Sugerindo a constru\u00e7\u00e3o de pra\u00e7a no Jardim Adrianita, pr\u00f3ximo \u00e0 Chacara Boa Esperan\u00e7a, bem como autorizar o propriet\u00e1rio do referido im\u00f3vel a zelar pelo pr\u00f3prio p\u00fablico."}, {"id": "25514", "ano": "2007", "numero": "487", "tipo__sigla": "IND", "tipo__descricao": "Indica\u00e7\u00e3o", "autoria": "ANDR\u00c9 LUIS GAVIOLI RODRIGUES, SEBASTI\u00c3O TOLDATO GALEGO", "texto_original": "http://sapl.garca.sp.leg.br/media/./sapl/public/materialegislativa/2007/25514/25514_texto_integral.doc", "ementa": "Sugerindo pintura das sinaliza\u00e7\u00f5es de solo indicando parada obrigat\u00f3ria nos cruzamentos de vias p\u00fablicas do distrito de Jafa, especialmente na regi\u00e3o central."}, {"id": "25515", "ano": "2007", "numero": "488", "tipo__sigla": "IND", "tipo__descricao": "Indica\u00e7\u00e3o", "autoria": "ANDR\u00c9 LUIS GAVIOLI RODRIGUES, WILSON ALVES (VI)", "texto_original": "http://sapl.garca.sp.leg.br/media/./sapl/public/materialegislativa/2007/25515/25515_texto_integral.doc", "ementa": "Sugerindo intensificar fiscaliza\u00e7\u00e3o junto aos estabelecimentos que comercializam g\u00eaneros aliment\u00edcios e bebidas nas proximidades de escolas e unidades de sa\u00fade."}, {"id": "25516", "ano": "2007", "numero": "489", "tipo__sigla": "IND", "tipo__descricao": "Indica\u00e7\u00e3o", "autoria": "WILSON ALVES (VI)", "texto_original": "http://sapl.garca.sp.leg.br/media/./sapl/public/materialegislativa/2007/25516/25516_texto_integral.doc", "ementa": "Sugerindo limpeza da cobertura dos pontos de t\u00e1xi instalados na Pra\u00e7a Rui Barbosa."}, {"id": "25517", "ano": "2007", "numero": "490", "tipo__sigla": "IND", "tipo__descricao": "Indica\u00e7\u00e3o", "autoria": "MARCOS LOPES MIRANDA", "texto_original": "http://sapl.garca.sp.leg.br/media/./sapl/public/materialegislativa/2007/25517/25517_texto_integral.doc", "ementa": "Sugerindo poda das \u00e1rvores localizadas na Av. Dr. Rafael Paes de Barros, no trecho compreendido entre as ruas 13 de Maio e Alberto Alves."}, {"id": "25518", "ano": "2007", "numero": "491", "tipo__sigla": "IND", "tipo__descricao": "Indica\u00e7\u00e3o", "autoria": "MASSAO OGAWA", "texto_original": "http://sapl.garca.sp.leg.br/media/./sapl/public/materialegislativa/2007/25518/25518_texto_integral.doc", "ementa": "Sugerindo substitui\u00e7\u00e3o de banco quebrado na Pra\u00e7a Jos\u00e9 A. de Carvalho, anexo \u00e0 \"Cidade Mirim\"."}, {"id": "25519", "ano": "2007", "numero": "492", "tipo__sigla": "IND", "tipo__descricao": "Indica\u00e7\u00e3o", "autoria": "MASSAO OGAWA, NEUZA ALBERTI SERAPI\u00c3O", "texto_original": "http://sapl.garca.sp.leg.br/media/./sapl/public/materialegislativa/2007/25519/25519_texto_integral.doc", "ementa": "Sugerindo servi\u00e7os de tapa buracos e corre\u00e7\u00e3o de imperfei\u00e7\u00f5es no gramado da Concha Ac\u00fastica."}, {"id": "25520", "ano": "2007", "numero": "493", "tipo__sigla": "IND", "tipo__descricao": "Indica\u00e7\u00e3o", "autoria": "PEDRO HENRIQUE SCARTEZINI", "texto_original": "http://sapl.garca.sp.leg.br/media/./sapl/public/materialegislativa/2007/25520/25520_texto_integral.doc", "ementa": "Sugerindo opera\u00e7\u00e3o tapa-buracos na Rua Jo\u00e3o Bento, pr\u00f3ximo ao Est\u00e1dio Frederico Platzeck."}, {"id": "25521", "ano": "2007", "numero": "494", "tipo__sigla": "IND", "tipo__descricao": "Indica\u00e7\u00e3o", "autoria": "J\u00daLIO MARCONDES DE MOURA FILHO, PEDRO HENRIQUE SCARTEZINI", "texto_original": "http://sapl.garca.sp.leg.br/media/./sapl/public/materialegislativa/2007/25521/25521_texto_integral.doc", "ementa": "Sugerindo poda de esp\u00e9cie arb\u00f3reo \"sans\u00e3o do campo\" existente na divisa da Rua Dr. Ant\u00f4nio Cid Garbin com os campos de su\u00ed\u00e7o do Conjunto Poliesportivo Manoel Gouv\u00eaa Chagas."}, {"id": "25522", "ano": "2007", "numero": "495", "tipo__sigla": "IND", "tipo__descricao": "Indica\u00e7\u00e3o", "autoria": "CORN\u00c9LIO C\u00c9ZAR KEMP MARCONDES", "texto_original": "http://sapl.garca.sp.leg.br/media/./sapl/public/materialegislativa/2007/25522/25522_texto_integral.doc", "ementa": "Sugerindo reparos em tampa de po\u00e7o de visita\u00e7\u00e3o da rede de esgoto localizado no cruzamento das ruas Alfredo de Souza Castro, Pe. Paulo de Toledo Leite e Miguel Bruno Ferreira."}, {"id": "25523", "ano": "2007", "numero": "496", "tipo__sigla": "IND", "tipo__descricao": "Indica\u00e7\u00e3o", "autoria": "JOS\u00c9 MARIA PIOLA, J\u00daLIO MARCONDES DE MOURA FILHO", "texto_original": "http://sapl.garca.sp.leg.br/media/./sapl/public/materialegislativa/2007/25523/25523_texto_integral.doc", "ementa": "Sugerindo reparos no leito carro\u00e7\u00e1vel da Rua Augusto do Nascimento Castro, altura do cruzamento com a Rua Armando Sales de Oliveira."}, {"id": "25524", "ano": "2007", "numero": "497", "tipo__sigla": "IND", "tipo__descricao": "Indica\u00e7\u00e3o", "autoria": "CORN\u00c9LIO C\u00c9ZAR KEMP MARCONDES", "texto_original": "http://sapl.garca.sp.leg.br/media/./sapl/public/materialegislativa/2007/25524/25524_texto_integral.doc", "ementa": "Sugerindo oferecer um local para abrigo dos mun\u00edcipes Aristides Garcia Barquilha - \"Garcia\" e Miguel Shimabukeiro - \"Miguel Engraxate\"."}, {"id": "25525", "ano": "2007", "numero": "498", "tipo__sigla": "IND", "tipo__descricao": "Indica\u00e7\u00e3o", "autoria": "MASSAO OGAWA", "texto_original": "http://sapl.garca.sp.leg.br/media/./sapl/public/materialegislativa/2007/25525/25525_texto_integral.doc", "ementa": "Sugerindo reparos gerais nos sanit\u00e1rios internos do recinto da \"Feira Livre\"."}, {"id": "25526", "ano": "2007", "numero": "499", "tipo__sigla": "IND", "tipo__descricao": "Indica\u00e7\u00e3o", "autoria": "CORN\u00c9LIO C\u00c9ZAR KEMP MARCONDES", "texto_original": "http://sapl.garca.sp.leg.br/media/./sapl/public/materialegislativa/2007/25526/25526_texto_integral.doc", "ementa": "Sugerindo implanta\u00e7\u00e3o de medidas de seguran\u00e7a no tr\u00e2nsito das imedia\u00e7\u00f5es da EMEI Jo\u00e3o Nunes Miranda."}, {"id": "25527", "ano": "2007", "numero": "500", "tipo__sigla": "IND", "tipo__descricao": "Indica\u00e7\u00e3o", "autoria": "MARCOS LOPES MIRANDA", "texto_original": "http://sapl.garca.sp.leg.br/media/./sapl/public/materialegislativa/2007/25527/25527_texto_integral.doc", "ementa": "Sugerindo aquisi\u00e7\u00e3o de dieta l\u00e1ctea artificial para os rec\u00e9m nascidos Thiago C. Portela e Matheus C. Portela."}, {"id": "25528", "ano": "2007", "numero": "501", "tipo__sigla": "IND", "tipo__descricao": "Indica\u00e7\u00e3o", "autoria": "SEBASTI\u00c3O TOLDATO GALEGO", "texto_original": "http://sapl.garca.sp.leg.br/media/./sapl/public/materialegislativa/2007/25528/25528_texto_integral.doc", "ementa": "Sugerindo pintura e demais reparos necess\u00e1rios em ponto de \u00f4nibus localizado pr\u00f3ximo ao n\u00ba. 69 da Av. Fidelis Furquim, no distrito de Jafa."}, {"id": "25529", "ano": "2007", "numero": "502", "tipo__sigla": "IND", "tipo__descricao": "Indica\u00e7\u00e3o", "autoria": "SEBASTI\u00c3O TOLDATO GALEGO", "texto_original": "http://sapl.garca.sp.leg.br/media/./sapl/public/materialegislativa/2007/25529/25529_texto_integral.doc", "ementa": "Sugerindo denominar de \"Francisco de Assis Bosqu\u00ea\" o pr\u00e9dio que est\u00e1 sendo reformado para a instala\u00e7\u00e3o do Centro de Refer\u00eancia em Educa\u00e7\u00e3o (antigo \"Mercado Municipal\")."}, {"id": "25530", "ano": "2007", "numero": "503", "tipo__sigla": "IND", "tipo__descricao": "Indica\u00e7\u00e3o", "autoria": "SEBASTI\u00c3O TOLDATO GALEGO", "texto_original": "http://sapl.garca.sp.leg.br/media/./sapl/public/materialegislativa/2007/25530/25530_texto_integral.doc", "ementa": "Sugerindo deflagrar campanha para auxiliar as entidades benemerentes do Munic\u00edpio, com a troca de ingressos por g\u00eaneros aliment\u00edcios,  quando da inaugura\u00e7\u00e3o do Gin\u00e1sio de Esporte \"Jo\u00e3o Gonz\u00e1les\"."}, {"id": "25490", "ano": "2007", "numero": "504", "tipo__sigla": "IND", "tipo__descricao": "Indica\u00e7\u00e3o", "autoria": "VALDEMAR ZIMIANI", "texto_original": "http://sapl.garca.sp.leg.br/media/./sapl/public/materialegislativa/2007/25490/25490_texto_integral.doc", "ementa": "Sugerindo substitui\u00e7\u00e3o de placas de denomina\u00e7\u00e3o de ruas que encontram-se enferrujadas no distrito de Jafa."}, {"id": "25491", "ano": "2007", "numero": "505", "tipo__sigla": "IND", "tipo__descricao": "Indica\u00e7\u00e3o", "autoria": "JOS\u00c9 MARIA PIOLA", "texto_original": "http://sapl.garca.sp.leg.br/media/./sapl/public/materialegislativa/2007/25491/25491_texto_integral.doc", "ementa": "Sugerindo recapeamento do piso da \"Feira-Livre\"."}, {"id": "25492", "ano": "2007", "numero": "506", "tipo__sigla": "IND", "tipo__descricao": "Indica\u00e7\u00e3o", "autoria": "WILSON ALVES (VI)", "texto_original": "http://sapl.garca.sp.leg.br/media/./sapl/public/materialegislativa/2007/25492/25492_texto_integral.doc", "ementa": "Sugerindo limpeza dos bueiros existentes entre as ruas Gabriela e Jo\u00e3o Manzano, cruzamento com a Av. Faustina."}, {"id": "25493", "ano": "2007", "numero": "507", "tipo__sigla": "IND", "tipo__descricao": "Indica\u00e7\u00e3o", "autoria": "WILSON ALVES (VI)", "texto_original": "http://sapl.garca.sp.leg.br/media/./sapl/public/materialegislativa/2007/25493/25493_texto_integral.doc", "ementa": "Sugerindo substitui\u00e7\u00e3o de \u00e1rvore localizada defronte o im\u00f3vel de n\u00ba. 481 da Av. Faustina."}, {"id": "25494", "ano": "2007", "numero": "508", "tipo__sigla": "IND", "tipo__descricao": "Indica\u00e7\u00e3o", "autoria": "WILSON ALVES (VI)", "texto_original": "http://sapl.garca.sp.leg.br/media/./sapl/public/materialegislativa/2007/25494/25494_texto_integral.doc", "ementa": "Sugerindo notifica\u00e7\u00e3o do propriet\u00e1rio do terreno existente entre a Rua Gabriela e Av. Faustina para constru\u00e7\u00e3o da cal\u00e7ada no passeio p\u00fablico."}, {"id": "25495", "ano": "2007", "numero": "509", "tipo__sigla": "IND", "tipo__descricao": "Indica\u00e7\u00e3o", "autoria": "WILSON ALVES (VI)", "texto_original": "http://sapl.garca.sp.leg.br/media/./sapl/public/materialegislativa/2007/25495/25495_texto_integral.doc", "ementa": "Sugerindo reparos no gradil de escoamento de \u00e1guas pluviais existente entre a Rua Sgto. Wilson Abel de Oliveira esquina com Dr. Dam\u00e1sio Valejo Vasques, devido a exist\u00eancia de um buraco ao redor."}, {"id": "25496", "ano": "2007", "numero": "510", "tipo__sigla": "IND", "tipo__descricao": "Indica\u00e7\u00e3o", "autoria": "WILSON ALVES (VI)", "texto_original": "http://sapl.garca.sp.leg.br/media/./sapl/public/materialegislativa/2007/25496/25496_texto_integral.doc", "ementa": "Sugerindo mudar a boca de lobo existente pr\u00f3xima ao n\u00ba. 459 da Rua Dr. Dam\u00e1sio Valejo Vasques para a esquina da Rua Jos\u00e9 Augusto Escobar."}, {"id": "25497", "ano": "2007", "numero": "511", "tipo__sigla": "IND", "tipo__descricao": "Indica\u00e7\u00e3o", "autoria": "MARCOS LOPES MIRANDA", "texto_original": "http://sapl.garca.sp.leg.br/media/./sapl/public/materialegislativa/2007/25497/25497_texto_integral.doc", "ementa": "Sugerindo \u00e0 Presid\u00eancia da C\u00e2mara Municipal promover uma audi\u00eancia p\u00fablica para explana\u00e7\u00e3o e apresenta\u00e7\u00e3o do Programa \"Luz para Todos\"."}, {"id": "25498", "ano": "2007", "numero": "512", "tipo__sigla": "IND", "tipo__descricao": "Indica\u00e7\u00e3o", "autoria": "PEDRO HENRIQUE SCARTEZINI", "texto_original": "http://sapl.garca.sp.leg.br/media/./sapl/public/materialegislativa/2007/25498/25498_texto_integral.doc", "ementa": "Sugerindo reparos no leito carro\u00e7\u00e1vel que serve como estacionamento obl\u00edquo na Pra\u00e7a Jos\u00e9 A. de Carvalho, defronte o n\u00ba. 163."}, {"id": "25499", "ano": "2007", "numero": "513", "tipo__sigla": "IND", "tipo__descricao": "Indica\u00e7\u00e3o", "autoria": "PEDRO HENRIQUE SCARTEZINI", "texto_original": "http://sapl.garca.sp.leg.br/media/./sapl/public/materialegislativa/2007/25499/25499_texto_integral.doc", "ementa": "Sugerindo substitui\u00e7\u00e3o de uma \u00e1rvore localizada ao lado do im\u00f3vel de n\u00ba. 439 da Rua Jos\u00e9 Ros\u00e1rio."}, {"id": "25682", "ano": "2007", "numero": "514", "tipo__sigla": "IND", "tipo__descricao": "Indica\u00e7\u00e3o", "autoria": "SEBASTI\u00c3O TOLDATO GALEGO", "texto_original": "http://sapl.garca.sp.leg.br/media/./sapl/public/materialegislativa/2007/25682/25682_texto_integral.doc", "ementa": "Sugerindo poda de cerca viva localizada \u00e0s margens da estrada vicinal rural que d\u00e1 acesso ao Rio da Gar\u00e7a, no trecho pr\u00f3ximo \u00e0 \"Igrejinha\"."}, {"id": "25683", "ano": "2007", "numero": "515", "tipo__sigla": "IND", "tipo__descricao": "Indica\u00e7\u00e3o", "autoria": "SEBASTI\u00c3O TOLDATO GALEGO", "texto_original": "http://sapl.garca.sp.leg.br/media/./sapl/public/materialegislativa/2007/25683/25683_texto_integral.doc", "ementa": "Sugerindo melhorias na ilumina\u00e7\u00e3o p\u00fablica da Rua Baden Powell, no trecho localizado defronte a Patrulha Juvenil."}, {"id": "25684", "ano": "2007", "numero": "516", "tipo__sigla": "IND", "tipo__descricao": "Indica\u00e7\u00e3o", "autoria": "MASSAO OGAWA", "texto_original": "http://sapl.garca.sp.leg.br/media/./sapl/public/materialegislativa/2007/25684/25684_texto_integral.doc", "ementa": "Sugerindo divulga\u00e7\u00e3o na imprensa local sobre os riscos da Dengue."}, {"id": "25685", "ano": "2007", "numero": "517", "tipo__sigla": "IND", "tipo__descricao": "Indica\u00e7\u00e3o", "autoria": "MASSAO OGAWA", "texto_original": "http://sapl.garca.sp.leg.br/media/./sapl/public/materialegislativa/2007/25685/25685_texto_integral.doc", "ementa": "Sugerindo instala\u00e7\u00e3o de internet na Junta do Servi\u00e7o Militar."}, {"id": "25686", "ano": "2007", "numero": "518", "tipo__sigla": "IND", "tipo__descricao": "Indica\u00e7\u00e3o", "autoria": "MASSAO OGAWA", "texto_original": "http://sapl.garca.sp.leg.br/media/./sapl/public/materialegislativa/2007/25686/25686_texto_integral.doc", "ementa": "Sugerindo medidas para redu\u00e7\u00e3o da velocidade praticada por ve\u00edculos e alerta sobre tr\u00e2nsito de pedestres no trecho final da Rua Cel. Joaquim Piza."}, {"id": "25687", "ano": "2007", "numero": "519", "tipo__sigla": "IND", "tipo__descricao": "Indica\u00e7\u00e3o", "autoria": "MASSAO OGAWA", "texto_original": "http://sapl.garca.sp.leg.br/media/./sapl/public/materialegislativa/2007/25687/25687_texto_integral.doc", "ementa": "Sugerindo servi\u00e7os de rega em todo canteiro central da Av. Dr. Labieno da Costa Machado."}, {"id": "25688", "ano": "2007", "numero": "520", "tipo__sigla": "IND", "tipo__descricao": "Indica\u00e7\u00e3o", "autoria": "MASSAO OGAWA", "texto_original": "http://sapl.garca.sp.leg.br/media/./sapl/public/materialegislativa/2007/25688/25688_texto_integral.doc", "ementa": "Sugerindo desenvolvimento de projeto de revitaliza\u00e7\u00e3o da \u00e1rea verde da \"Rotat\u00f3ria da Gar\u00e7a\"."}, {"id": "25689", "ano": "2007", "numero": "521", "tipo__sigla": "IND", "tipo__descricao": "Indica\u00e7\u00e3o", "autoria": "MASSAO OGAWA", "texto_original": "http://sapl.garca.sp.leg.br/media/./sapl/public/materialegislativa/2007/25689/25689_texto_integral.doc", "ementa": "Sugerindo servi\u00e7os de varri\u00e7\u00e3o na Rua Fausto Floriano de Toledo, altura do n\u00ba. 392 e adjac\u00eancias."}, {"id": "25690", "ano": "2007", "numero": "522", "tipo__sigla": "IND", "tipo__descricao": "Indica\u00e7\u00e3o", "autoria": "ANDR\u00c9 LUIS GAVIOLI RODRIGUES, MASSAO OGAWA", "texto_original": "http://sapl.garca.sp.leg.br/media/./sapl/public/materialegislativa/2007/25690/25690_texto_integral.doc", "ementa": "Sugerindo inser\u00e7\u00f5es de mensagens nos ve\u00edculos de imprensa, conscientizando a popula\u00e7\u00e3o sobre a\"Semana da Faxina\"."}, {"id": "25691", "ano": "2007", "numero": "523", "tipo__sigla": "IND", "tipo__descricao": "Indica\u00e7\u00e3o", "autoria": "ANDR\u00c9 LUIS GAVIOLI RODRIGUES, MASSAO OGAWA", "texto_original": "http://sapl.garca.sp.leg.br/media/./sapl/public/materialegislativa/2007/25691/25691_texto_integral.doc", "ementa": "Sugerindo inser\u00e7\u00f5es de mensagens nos ve\u00edculos de imprensa, alertando a popula\u00e7\u00e3o sobre a import\u00e2ncia do Censo, visando o fornecimento de informa\u00e7\u00f5es daqueles que ainda n\u00e3o foram recenseados."}, {"id": "25692", "ano": "2007", "numero": "524", "tipo__sigla": "IND", "tipo__descricao": "Indica\u00e7\u00e3o", "autoria": "CORN\u00c9LIO C\u00c9ZAR KEMP MARCONDES", "texto_original": "http://sapl.garca.sp.leg.br/media/./sapl/public/materialegislativa/2007/25692/25692_texto_integral.doc", "ementa": "Sugerindo substitui\u00e7\u00e3o de placas de concreto que encontram-se danificadas, no muro do Est\u00e1dio Municipal \"Frederico Platzeck\", na margem da Rua Jo\u00e3o Bento."}, {"id": "25693", "ano": "2007", "numero": "525", "tipo__sigla": "IND", "tipo__descricao": "Indica\u00e7\u00e3o", "autoria": "MASSAO OGAWA", "texto_original": "http://sapl.garca.sp.leg.br/media/./sapl/public/materialegislativa/2007/25693/25693_texto_integral.doc", "ementa": "Sugerindo retirada das bases das estruturas met\u00e1licas desativadas na regi\u00e3o central da cidade."}, {"id": "25694", "ano": "2007", "numero": "526", "tipo__sigla": "IND", "tipo__descricao": "Indica\u00e7\u00e3o", "autoria": "MASSAO OGAWA", "texto_original": "http://sapl.garca.sp.leg.br/media/./sapl/public/materialegislativa/2007/25694/25694_texto_integral.doc", "ementa": "Sugerindo altera\u00e7\u00e3o do hor\u00e1rio de funcionamento da \"Zona Azul\" nas placas indicativas."}, {"id": "25695", "ano": "2007", "numero": "527", "tipo__sigla": "IND", "tipo__descricao": "Indica\u00e7\u00e3o", "autoria": "VALDEMAR ZIMIANI, WILSON ALVES (VI)", "texto_original": "http://sapl.garca.sp.leg.br/media/./sapl/public/materialegislativa/2007/25695/25695_texto_integral.doc", "ementa": "Sugerindo coloca\u00e7\u00e3o de redutor de velocidade entre a Rua Nelson Piola e Av. Ricardo Traven\u00e7olo."}, {"id": "25696", "ano": "2007", "numero": "528", "tipo__sigla": "IND", "tipo__descricao": "Indica\u00e7\u00e3o", "autoria": "WILSON ALVES (VI)", "texto_original": "http://sapl.garca.sp.leg.br/media/./sapl/public/materialegislativa/2007/25696/25696_texto_integral.doc", "ementa": "Sugerindo coloca\u00e7\u00e3o de suporte pr\u00f3prio para bicicletas na Rua Pref. Salviano Pereira de Andrade, ao lado do Gar\u00e7a Plaza Shopping."}, {"id": "25697", "ano": "2007", "numero": "529", "tipo__sigla": "IND", "tipo__descricao": "Indica\u00e7\u00e3o", "autoria": "WILSON ALVES (VI)", "texto_original": "http://sapl.garca.sp.leg.br/media/./sapl/public/materialegislativa/2007/25697/25697_texto_integral.doc", "ementa": "Sugerindo isen\u00e7\u00e3o de pagamento de taxas pertinentes ao sepultamento de assistidos do Lar dos Velhos Frederico Ozanan."}, {"id": "25698", "ano": "2007", "numero": "530", "tipo__sigla": "IND", "tipo__descricao": "Indica\u00e7\u00e3o", "autoria": "PEDRO HENRIQUE SCARTEZINI", "texto_original": "http://sapl.garca.sp.leg.br/media/./sapl/public/materialegislativa/2007/25698/25698_texto_integral.doc", "ementa": "Sugerindo servi\u00e7o de refor\u00e7o da pintura das sinaliza\u00e7\u00f5es de solo nas ruas do Bairro Rebelo."}, {"id": "25699", "ano": "2007", "numero": "531", "tipo__sigla": "IND", "tipo__descricao": "Indica\u00e7\u00e3o", "autoria": "ANDR\u00c9 LUIS GAVIOLI RODRIGUES, SEBASTI\u00c3O TOLDATO GALEGO", "texto_original": "http://sapl.garca.sp.leg.br/media/./sapl/public/materialegislativa/2007/25699/25699_texto_integral.doc", "ementa": "Sugerindo melhoria no sistema de ilumina\u00e7\u00e3o p\u00fablica da Av. Victor Hugo Boareto."}, {"id": "25700", "ano": "2007", "numero": "532", "tipo__sigla": "IND", "tipo__descricao": "Indica\u00e7\u00e3o", "autoria": "WILSON ALVES (VI)", "texto_original": "http://sapl.garca.sp.leg.br/media/./sapl/public/materialegislativa/2007/25700/25700_texto_integral.doc", "ementa": "Sugerindo vistoria em \u00e1rvore localizada defronte o im\u00f3vel de n\u00ba. 1234 da Rua Jos\u00e9 Augusto Escobar, visando a poda ou substitui\u00e7\u00e3o."}, {"id": "25701", "ano": "2007", "numero": "533", "tipo__sigla": "IND", "tipo__descricao": "Indica\u00e7\u00e3o", "autoria": "WILSON ALVES (VI)", "texto_original": "http://sapl.garca.sp.leg.br/media/./sapl/public/materialegislativa/2007/25701/25701_texto_integral.doc", "ementa": "Sugerindo medidas para coibir o aumento de eros\u00e3o pr\u00f3xima \u00e0s caixas de conten\u00e7\u00e3o de \u00e1guas pluviais dos bairros Jardim Brasil e Jardim Nova Gar\u00e7a."}, {"id": "25702", "ano": "2007", "numero": "534", "tipo__sigla": "IND", "tipo__descricao": "Indica\u00e7\u00e3o", "autoria": "JOS\u00c9 MARIA PIOLA", "texto_original": "http://sapl.garca.sp.leg.br/media/./sapl/public/materialegislativa/2007/25702/25702_texto_integral.doc", "ementa": "Sugerindo reparos em bueiro localizado defronte o im\u00f3vel de n\u00ba. 10 da Rua Luiz Brunelli."}, {"id": "25703", "ano": "2007", "numero": "535", "tipo__sigla": "IND", "tipo__descricao": "Indica\u00e7\u00e3o", "autoria": "JOS\u00c9 MARIA PIOLA", "texto_original": "http://sapl.garca.sp.leg.br/media/./sapl/public/materialegislativa/2007/25703/25703_texto_integral.doc", "ementa": "Sugerindo servi\u00e7os necess\u00e1rios visando coibir eros\u00e3o pr\u00f3xima \u00e0 Esta\u00e7\u00e3o de Tratamento de Esgotos do Jardim Morada do Sol."}, {"id": "25704", "ano": "2007", "numero": "536", "tipo__sigla": "IND", "tipo__descricao": "Indica\u00e7\u00e3o", "autoria": "JOS\u00c9 MARIA PIOLA", "texto_original": "http://sapl.garca.sp.leg.br/media/./sapl/public/materialegislativa/2007/25704/25704_texto_integral.doc", "ementa": "Sugerindo notifica\u00e7\u00e3o do propriet\u00e1rio de im\u00f3vel localizado junto \u00e0 Rua Edson Jos\u00e9 de Oliveira n\u00ba. 18, para reparos no acesso \u00e0 sua garagem."}, {"id": "25705", "ano": "2007", "numero": "537", "tipo__sigla": "IND", "tipo__descricao": "Indica\u00e7\u00e3o", "autoria": "WILSON ALVES (VI)", "texto_original": "http://sapl.garca.sp.leg.br/media/./sapl/public/materialegislativa/2007/25705/25705_texto_integral.doc", "ementa": "Sugerindo coloca\u00e7\u00e3o de massa asf\u00e1ltica no leito carro\u00e7\u00e1vel da Rua XV de Novembro, defronte os im\u00f3veis de n\u00ba. 456 e 467."}, {"id": "25706", "ano": "2007", "numero": "538", "tipo__sigla": "IND", "tipo__descricao": "Indica\u00e7\u00e3o", "autoria": "WILSON ALVES (VI)", "texto_original": "http://sapl.garca.sp.leg.br/media/./sapl/public/materialegislativa/2007/25706/25706_texto_integral.doc", "ementa": "Sugerindo denominar uma via, pr\u00f3prio ou logradouro p\u00fablico do Munic\u00edpio de \"Ali Mohamad Chehade\"."}, {"id": "25707", "ano": "2007", "numero": "539", "tipo__sigla": "IND", "tipo__descricao": "Indica\u00e7\u00e3o", "autoria": "SEBASTI\u00c3O TOLDATO GALEGO", "texto_original": "http://sapl.garca.sp.leg.br/media/./sapl/public/materialegislativa/2007/25707/25707_texto_integral.doc", "ementa": "Sugerindo aquisi\u00e7\u00e3o de sacolas pl\u00e1sticas para utiliza\u00e7\u00e3o quando da distribui\u00e7\u00e3o de medicamentos pelas unidades de sa\u00fade."}, {"id": "25708", "ano": "2007", "numero": "540", "tipo__sigla": "IND", "tipo__descricao": "Indica\u00e7\u00e3o", "autoria": "CORN\u00c9LIO C\u00c9ZAR KEMP MARCONDES", "texto_original": "http://sapl.garca.sp.leg.br/media/./sapl/public/materialegislativa/2007/25708/25708_texto_integral.doc", "ementa": "Sugerindo \u00e0 Mesa da C\u00e2mara Municipal de Gar\u00e7a, efetuar a transmiss\u00e3o via internet das sess\u00f5es da \"C\u00e2mara Mirim\"."}, {"id": "25709", "ano": "2007", "numero": "541", "tipo__sigla": "IND", "tipo__descricao": "Indica\u00e7\u00e3o", "autoria": "MASSAO OGAWA", "texto_original": "http://sapl.garca.sp.leg.br/media/./sapl/public/materialegislativa/2007/25709/25709_texto_integral.doc", "ementa": "Sugerindo poda de uma \u00e1rvore localizada defronte o im\u00f3vel de n\u00ba. 675 da Rua Vit\u00f3ria."}, {"id": "25710", "ano": "2007", "numero": "542", "tipo__sigla": "IND", "tipo__descricao": "Indica\u00e7\u00e3o", "autoria": "MASSAO OGAWA", "texto_original": "http://sapl.garca.sp.leg.br/media/./sapl/public/materialegislativa/2007/25710/25710_texto_integral.doc", "ementa": "Sugerindo atualiza\u00e7\u00e3o no s\u00edtio eletr\u00f4nico da Prefeitura Municipal, bem como inser\u00e7\u00e3o de um maior n\u00famero de informa\u00e7\u00f5es."}, {"id": "25711", "ano": "2007", "numero": "543", "tipo__sigla": "IND", "tipo__descricao": "Indica\u00e7\u00e3o", "autoria": "MASSAO OGAWA", "texto_original": "http://sapl.garca.sp.leg.br/media/./sapl/public/materialegislativa/2007/25711/25711_texto_integral.doc", "ementa": "Sugerindo realiza\u00e7\u00e3o de um concurso para sele\u00e7\u00e3o de fotos de pessoas da terceira idade para figurar em um calend\u00e1rio do pr\u00f3ximo ano (2008)."}, {"id": "25712", "ano": "2007", "numero": "544", "tipo__sigla": "IND", "tipo__descricao": "Indica\u00e7\u00e3o", "autoria": "ANDR\u00c9 LUIS GAVIOLI RODRIGUES, MASSAO OGAWA", "texto_original": "http://sapl.garca.sp.leg.br/media/./sapl/public/materialegislativa/2007/25712/25712_texto_integral.doc", "ementa": "Sugerindo ado\u00e7\u00e3o de medidas visando a diminui\u00e7\u00e3o do n\u00famero de c\u00e3es e animais soltos pelas ruas do Munic\u00edpio."}, {"id": "25713", "ano": "2007", "numero": "545", "tipo__sigla": "IND", "tipo__descricao": "Indica\u00e7\u00e3o", "autoria": "MASSAO OGAWA", "texto_original": "http://sapl.garca.sp.leg.br/media/./sapl/public/materialegislativa/2007/25713/25713_texto_integral.doc", "ementa": "Sugerindo coloca\u00e7\u00e3o de placas de proibi\u00e7\u00e3o de jogar entulhos no campo de futebol existente na baixada da Rua Ros\u00e1rio Martino."}, {"id": "25714", "ano": "2007", "numero": "546", "tipo__sigla": "IND", "tipo__descricao": "Indica\u00e7\u00e3o", "autoria": "MASSAO OGAWA", "texto_original": "http://sapl.garca.sp.leg.br/media/./sapl/public/materialegislativa/2007/25714/25714_texto_integral.doc", "ementa": "Sugerindo conserto e coloca\u00e7\u00e3o de alambrado no palanque instalado atr\u00e1s de uma das traves do campo de futebol do Jardim Nova Gar\u00e7a."}, {"id": "25715", "ano": "2007", "numero": "547", "tipo__sigla": "IND", "tipo__descricao": "Indica\u00e7\u00e3o", "autoria": "ADAMIR MAUR\u00cdCIO DE BARROS", "texto_original": "http://sapl.garca.sp.leg.br/media/./sapl/public/materialegislativa/2007/25715/25715_texto_integral.doc", "ementa": "Sugerindo ilumina\u00e7\u00e3o da Pra\u00e7a Ari Lima."}, {"id": "25716", "ano": "2007", "numero": "548", "tipo__sigla": "IND", "tipo__descricao": "Indica\u00e7\u00e3o", "autoria": "ADAMIR MAUR\u00cdCIO DE BARROS", "texto_original": "http://sapl.garca.sp.leg.br/media/./sapl/public/materialegislativa/2007/25716/25716_texto_integral.doc", "ementa": "Sugerindo denominar uma via, pr\u00f3prio ou logradouro p\u00fablico do Munic\u00edpio de \"Jo\u00e3o Prosperi de Ara\u00fajo\"."}, {"id": "25717", "ano": "2007", "numero": "549", "tipo__sigla": "IND", "tipo__descricao": "Indica\u00e7\u00e3o", "autoria": "WILSON ALVES (VI)", "texto_original": "http://sapl.garca.sp.leg.br/media/./sapl/public/materialegislativa/2007/25717/25717_texto_integral.doc", "ementa": "Sugerindo elabora\u00e7\u00e3o de um programa de diagn\u00f3stico do c\u00e2ncer de pr\u00f3stata na rede p\u00fablica de sa\u00fade do Munic\u00edpio, bem como deflagra\u00e7\u00e3o de campanha de orienta\u00e7\u00e3o sobre os m\u00e9todos de preven\u00e7\u00e3o."}, {"id": "25718", "ano": "2007", "numero": "550", "tipo__sigla": "IND", "tipo__descricao": "Indica\u00e7\u00e3o", "autoria": "ADAMIR MAUR\u00cdCIO DE BARROS", "texto_original": "http://sapl.garca.sp.leg.br/media/./sapl/public/materialegislativa/2007/25718/25718_texto_integral.doc", "ementa": "Sugerindo denominar uma via ou logradouro p\u00fablico do Munic\u00edpio de \"Miguel Firmino da Silva\"."}, {"id": "25719", "ano": "2007", "numero": "551", "tipo__sigla": "IND", "tipo__descricao": "Indica\u00e7\u00e3o", "autoria": "JOS\u00c9 MARIA PIOLA", "texto_original": "http://sapl.garca.sp.leg.br/media/./sapl/public/materialegislativa/2007/25719/25719_texto_integral.doc", "ementa": "Sugerindo reparo de passeio p\u00fablico da \"Rotat\u00f3ria da Comute\"."}, {"id": "25720", "ano": "2007", "numero": "552", "tipo__sigla": "IND", "tipo__descricao": "Indica\u00e7\u00e3o", "autoria": "JOS\u00c9 MARIA PIOLA", "texto_original": "http://sapl.garca.sp.leg.br/media/./sapl/public/materialegislativa/2007/25720/25720_texto_integral.doc", "ementa": "Sugerindo notifica\u00e7\u00e3o de propriet\u00e1rio de im\u00f3vel para regulariza\u00e7\u00e3o do acesso ao passeio de seu im\u00f3vel"}, {"id": "25721", "ano": "2007", "numero": "553", "tipo__sigla": "IND", "tipo__descricao": "Indica\u00e7\u00e3o", "autoria": "FRED JORGE SIMAN, MARCOS LOPES MIRANDA", "texto_original": "http://sapl.garca.sp.leg.br/media/./sapl/public/materialegislativa/2007/25721/25721_texto_integral.doc", "ementa": "Sugerindo para que seja assegurado no m\u00ednimo um pediatra para cada tr\u00eas equipe do Programa Sa\u00fade da Fam\u00edlia."}, {"id": "25722", "ano": "2007", "numero": "554", "tipo__sigla": "IND", "tipo__descricao": "Indica\u00e7\u00e3o", "autoria": "MARCOS LOPES MIRANDA", "texto_original": "http://sapl.garca.sp.leg.br/media/./sapl/public/materialegislativa/2007/25722/25722_texto_integral.doc", "ementa": "Sugerindo implanta\u00e7\u00e3o de um plano de carreira, cargos e sal\u00e1rios para os m\u00e9dicos que trabalham no sistema p\u00fablico do Munic\u00edpio."}, {"id": "25723", "ano": "2007", "numero": "555", "tipo__sigla": "IND", "tipo__descricao": "Indica\u00e7\u00e3o", "autoria": "WILSON ALVES (VI)", "texto_original": "http://sapl.garca.sp.leg.br/media/./sapl/public/materialegislativa/2007/25723/25723_texto_integral.doc", "ementa": "Sugerindo denominar uma via, logradouro ou pr\u00f3prio p\u00fablico do Munic\u00edpio de \"Jos\u00e9 Paulo de Andrade\"."}, {"id": "25724", "ano": "2007", "numero": "556", "tipo__sigla": "IND", "tipo__descricao": "Indica\u00e7\u00e3o", "autoria": "PEDRO HENRIQUE SCARTEZINI", "texto_original": "http://sapl.garca.sp.leg.br/media/./sapl/public/materialegislativa/2007/25724/25724_texto_integral.doc", "ementa": "Sugerindo constru\u00e7\u00e3o de mais creches no Munic\u00edpio, principalmente com atendimento maternal."}, {"id": "25725", "ano": "2007", "numero": "557", "tipo__sigla": "IND", "tipo__descricao": "Indica\u00e7\u00e3o", "autoria": "MASSAO OGAWA, PEDRO HENRIQUE SCARTEZINI", "texto_original": "http://sapl.garca.sp.leg.br/media/./sapl/public/materialegislativa/2007/25725/25725_texto_integral.doc", "ementa": "Sugerindo substitui\u00e7\u00e3o de tr\u00eas \u00e1rvores localizadas na lateral da Igreja Metodista, na Rua Pref. Salviano Pereira de Andrade."}, {"id": "25726", "ano": "2007", "numero": "558", "tipo__sigla": "IND", "tipo__descricao": "Indica\u00e7\u00e3o", "autoria": "ANDR\u00c9 LUIS GAVIOLI RODRIGUES, WILSON ALVES (VI)", "texto_original": "http://sapl.garca.sp.leg.br/media/./sapl/public/materialegislativa/2007/25726/25726_texto_integral.doc", "ementa": "Sugerindo determinar um local mais apropriado e seguro para realiza\u00e7\u00e3o das aulas de tr\u00e2nsito com ve\u00edculos de grande porte."}, {"id": "25727", "ano": "2007", "numero": "559", "tipo__sigla": "IND", "tipo__descricao": "Indica\u00e7\u00e3o", "autoria": "CORN\u00c9LIO C\u00c9ZAR KEMP MARCONDES", "texto_original": "http://sapl.garca.sp.leg.br/media/./sapl/public/materialegislativa/2007/25727/25727_texto_integral.doc", "ementa": "Sugerindo denominar trecho da Rua Ricardo Rodrigues de Barros, entre a Rua Br\u00e1s Cuba e o viaduto da Fepasa de \"Travessa Mariana Guilhermina Pereira\"."}, {"id": "25728", "ano": "2007", "numero": "560", "tipo__sigla": "IND", "tipo__descricao": "Indica\u00e7\u00e3o", "autoria": "SEBASTI\u00c3O TOLDATO GALEGO", "texto_original": "http://sapl.garca.sp.leg.br/media/./sapl/public/materialegislativa/2007/25728/25728_texto_integral.doc", "ementa": "Sugerindo patrulhamento junto \u00e0 Pra\u00e7a Pedro de Toledo, visando coibir banhos na fonte luminosa."}, {"id": "25729", "ano": "2007", "numero": "561", "tipo__sigla": "IND", "tipo__descricao": "Indica\u00e7\u00e3o", "autoria": "VALDEMAR ZIMIANI", "texto_original": "http://sapl.garca.sp.leg.br/media/./sapl/public/materialegislativa/2007/25729/25729_texto_integral.doc", "ementa": "Sugerindo melhorias na estrada vicinal que d\u00e1 acesso ao Bairro 200 Alqueires."}, {"id": "25730", "ano": "2007", "numero": "562", "tipo__sigla": "IND", "tipo__descricao": "Indica\u00e7\u00e3o", "autoria": "VALDEMAR ZIMIANI", "texto_original": "http://sapl.garca.sp.leg.br/media/./sapl/public/materialegislativa/2007/25730/25730_texto_integral.doc", "ementa": "Sugerindo melhorias na estrada vicinal rural que d\u00e1 acesso ao Bairro Canelada, especialmente em seu trecho final."}, {"id": "25731", "ano": "2007", "numero": "563", "tipo__sigla": "IND", "tipo__descricao": "Indica\u00e7\u00e3o", "autoria": "VALDEMAR ZIMIANI", "texto_original": "http://sapl.garca.sp.leg.br/media/./sapl/public/materialegislativa/2007/25731/25731_texto_integral.doc", "ementa": "Sugerindo reparos necess\u00e1rios na cobertura do Gin\u00e1sio de Esportes \"Dion\u00edsio Florentino\", no Distrito de Jafa."}, {"id": "25732", "ano": "2007", "numero": "564", "tipo__sigla": "IND", "tipo__descricao": "Indica\u00e7\u00e3o", "autoria": "MASSAO OGAWA", "texto_original": "http://sapl.garca.sp.leg.br/media/./sapl/public/materialegislativa/2007/25732/25732_texto_integral.doc", "ementa": "Sugerindo a maior capacita\u00e7\u00e3o dos funcion\u00e1rios das ind\u00fastrias locais,principalmente com a oferta de cursos de capacita\u00e7\u00e3o."}, {"id": "25733", "ano": "2007", "numero": "565", "tipo__sigla": "IND", "tipo__descricao": "Indica\u00e7\u00e3o", "autoria": "MASSAO OGAWA", "texto_original": "http://sapl.garca.sp.leg.br/media/./sapl/public/materialegislativa/2007/25733/25733_texto_integral.doc", "ementa": "Sugerindo a retomada das obras de pavimenta\u00e7\u00e3o asf\u00e1ltica de todos os acessos ao Jardim Brasil, antes do pr\u00f3ximo per\u00edodo chuvoso."}, {"id": "25734", "ano": "2007", "numero": "566", "tipo__sigla": "IND", "tipo__descricao": "Indica\u00e7\u00e3o", "autoria": "MASSAO OGAWA", "texto_original": "http://sapl.garca.sp.leg.br/media/./sapl/public/materialegislativa/2007/25734/25734_texto_integral.doc", "ementa": "Sugerindo apresenta\u00e7\u00e3o de projeto de concess\u00e3o de aumento dos vencimentos dos servidores municipais, bem como, na impossibilidade desse, de concess\u00e3o de um grande abono."}, {"id": "25735", "ano": "2007", "numero": "567", "tipo__sigla": "IND", "tipo__descricao": "Indica\u00e7\u00e3o", "autoria": "CORN\u00c9LIO C\u00c9ZAR KEMP MARCONDES", "texto_original": "http://sapl.garca.sp.leg.br/media/./sapl/public/materialegislativa/2007/25735/25735_texto_integral.doc", "ementa": "Sugerindo denominar uma via, pra\u00e7a ou pr\u00f3prio p\u00fablico do Munic\u00edpio de \"Jo\u00e3o Cassetari\"."}, {"id": "25738", "ano": "2007", "numero": "568", "tipo__sigla": "IND", "tipo__descricao": "Indica\u00e7\u00e3o", "autoria": "VALDEMAR ZIMIANI", "texto_original": "http://sapl.garca.sp.leg.br/media/./sapl/public/materialegislativa/2007/25738/25738_texto_integral.doc", "ementa": "Sugerindo a constru\u00e7\u00e3o de uma cobertura em ponto de t\u00e1xi instalado no in\u00edcio da Av. Brasil, no Distrito de Jafa."}, {"id": "25739", "ano": "2007", "numero": "569", "tipo__sigla": "IND", "tipo__descricao": "Indica\u00e7\u00e3o", "autoria": "ADAMIR MAUR\u00cdCIO DE BARROS", "texto_original": "http://sapl.garca.sp.leg.br/media/./sapl/public/materialegislativa/2007/25739/25739_texto_integral.doc", "ementa": "Sugerindo substitui\u00e7\u00e3o de uma \u00e1rvore localizada na Av. Faustina, no trecho compreendido entre a Creche \"Remo Casarsa\" e o Clube da Terceira Idade."}, {"id": "25740", "ano": "2007", "numero": "570", "tipo__sigla": "IND", "tipo__descricao": "Indica\u00e7\u00e3o", "autoria": "SEBASTI\u00c3O TOLDATO GALEGO", "texto_original": "http://sapl.garca.sp.leg.br/media/./sapl/public/materialegislativa/2007/25740/25740_texto_integral.doc", "ementa": "Sugerindo deflagra\u00e7\u00e3o de campanha, visando incentivar a doa\u00e7\u00e3o de recipientes para utiliza\u00e7\u00e3o na coleta e armazenamento de leite materno pelo Banco de Leite de Gar\u00e7a."}, {"id": "25741", "ano": "2007", "numero": "571", "tipo__sigla": "IND", "tipo__descricao": "Indica\u00e7\u00e3o", "autoria": "JOS\u00c9 MARIA PIOLA", "texto_original": "http://sapl.garca.sp.leg.br/media/./sapl/public/materialegislativa/2007/25741/25741_texto_integral.doc", "ementa": "Sugerindo instala\u00e7\u00e3o de um port\u00e3o de ferro no acesso \u00e0 cabeceira do C\u00f3rrego do Patrim\u00f4nio, pr\u00f3ximo a propriedade da Fam\u00edlia Izar."}, {"id": "25742", "ano": "2007", "numero": "572", "tipo__sigla": "IND", "tipo__descricao": "Indica\u00e7\u00e3o", "autoria": "JOS\u00c9 MARIA PIOLA", "texto_original": "http://sapl.garca.sp.leg.br/media/./sapl/public/materialegislativa/2007/25742/25742_texto_integral.doc", "ementa": "Sugerindo limpeza geral em \u00e1rea pr\u00f3xima ao C\u00f3rrego do Patrim\u00f4nio, no Bairro Araceli, onde verifica-se um dep\u00f3sito de entulhos e objetos velhos."}, {"id": "25743", "ano": "2007", "numero": "573", "tipo__sigla": "IND", "tipo__descricao": "Indica\u00e7\u00e3o", "autoria": "MASSAO OGAWA", "texto_original": "http://sapl.garca.sp.leg.br/media/./sapl/public/materialegislativa/2007/25743/25743_texto_integral.doc", "ementa": "Sugerindo servi\u00e7os de tapa buracos ao longo da Rua Aroeira."}, {"id": "25744", "ano": "2007", "numero": "574", "tipo__sigla": "IND", "tipo__descricao": "Indica\u00e7\u00e3o", "autoria": "SEBASTI\u00c3O TOLDATO GALEGO", "texto_original": "http://sapl.garca.sp.leg.br/media/./sapl/public/materialegislativa/2007/25744/25744_texto_integral.doc", "ementa": "Sugerindo reparos no leito carro\u00e7\u00e1vel da Rua Brasil, altura do n\u00ba. 169, no Distrito de Jafa."}, {"id": "25736", "ano": "2007", "numero": "575", "tipo__sigla": "IND", "tipo__descricao": "Indica\u00e7\u00e3o", "autoria": "SEBASTI\u00c3O TOLDATO GALEGO", "texto_original": "http://sapl.garca.sp.leg.br/media/./sapl/public/materialegislativa/2007/25736/25736_texto_integral.doc", "ementa": "Sugerindo revis\u00e3o e os devidos reparos no alambrado que margeia as depend\u00eancias da EE (R) Silvio Sartori."}, {"id": "25737", "ano": "2007", "numero": "576", "tipo__sigla": "IND", "tipo__descricao": "Indica\u00e7\u00e3o", "autoria": "SEBASTI\u00c3O TOLDATO GALEGO", "texto_original": "http://sapl.garca.sp.leg.br/media/./sapl/public/materialegislativa/2007/25737/25737_texto_integral.doc", "ementa": "Sugerindo o cal\u00e7amento do trecho de acesso do port\u00e3o principal \u00e0s depend\u00eancias centrais da EE (R) Silvio Sartori."}, {"id": "25745", "ano": "2007", "numero": "577", "tipo__sigla": "IND", "tipo__descricao": "Indica\u00e7\u00e3o", "autoria": "SEBASTI\u00c3O TOLDATO GALEGO", "texto_original": "http://sapl.garca.sp.leg.br/media/./sapl/public/materialegislativa/2007/25745/25745_texto_integral.doc", "ementa": "Sugerindo limpeza das canaletas de solo que servem para o escoamento das \u00e1guas pluviais, no interior da EE (R) Silvio Sartori."}, {"id": "25746", "ano": "2007", "numero": "578", "tipo__sigla": "IND", "tipo__descricao": "Indica\u00e7\u00e3o", "autoria": "SEBASTI\u00c3O TOLDATO GALEGO", "texto_original": "http://sapl.garca.sp.leg.br/media/./sapl/public/materialegislativa/2007/25746/25746_texto_integral.doc", "ementa": "Sugerindo reparos no campo de bocha e vesti\u00e1rio existente ao lado da EE (R) Silvio Sartori."}, {"id": "25747", "ano": "2007", "numero": "579", "tipo__sigla": "IND", "tipo__descricao": "Indica\u00e7\u00e3o", "autoria": "SEBASTI\u00c3O TOLDATO GALEGO", "texto_original": "http://sapl.garca.sp.leg.br/media/./sapl/public/materialegislativa/2007/25747/25747_texto_integral.doc", "ementa": "Sugerindo gest\u00f5es junto ao Governo do Estado e/ou iniciativa privada, visando angariar recursos financeiros para viabilizar a pavimenta\u00e7\u00e3o de trecho de estrada vicinal rural localizada defronte a EE (R) Silvio Sartori e depend\u00eancias anexas."}, {"id": "25748", "ano": "2007", "numero": "580", "tipo__sigla": "IND", "tipo__descricao": "Indica\u00e7\u00e3o", "autoria": "JOS\u00c9 MARIA PIOLA", "texto_original": "http://sapl.garca.sp.leg.br/media/./sapl/public/materialegislativa/2007/25748/25748_texto_integral.doc", "ementa": "Sugerindo vistoria geral nas vias p\u00fablicas do Munic\u00edpio, visando a renova\u00e7\u00e3o de pintura de sinaliza\u00e7\u00e3o de solo."}, {"id": "25749", "ano": "2007", "numero": "581", "tipo__sigla": "IND", "tipo__descricao": "Indica\u00e7\u00e3o", "autoria": "MARCOS LOPES MIRANDA", "texto_original": "http://sapl.garca.sp.leg.br/media/./sapl/public/materialegislativa/2007/25749/25749_texto_integral.doc", "ementa": "Sugerindo realiza\u00e7\u00e3o de campanha \u00e0 nivel municipal no Dia Mundial da Preven\u00e7\u00e3o da Gravidez na Adolesc\u00eancia."}, {"id": "25750", "ano": "2007", "numero": "582", "tipo__sigla": "IND", "tipo__descricao": "Indica\u00e7\u00e3o", "autoria": "WILSON ALVES (VI)", "texto_original": "http://sapl.garca.sp.leg.br/media/./sapl/public/materialegislativa/2007/25750/25750_texto_integral.doc", "ementa": "Sugerindo mudan\u00e7as no sistema de tr\u00e2nsito do entroncamento existente no final da Av. Dr. Rafael Paes de Barros, interligando as ruas Pref. Durval Alves de Souza, Augusto Bosqueti e Av. Dr. Gast\u00e3o Vidigal."}, {"id": "25751", "ano": "2007", "numero": "583", "tipo__sigla": "IND", "tipo__descricao": "Indica\u00e7\u00e3o", "autoria": "WILSON ALVES (VI)", "texto_original": "http://sapl.garca.sp.leg.br/media/./sapl/public/materialegislativa/2007/25751/25751_texto_integral.doc", "ementa": "Sugerindo renova\u00e7\u00e3o da sinaliza\u00e7\u00e3o de solo e instala\u00e7\u00e3o de placas de tr\u00e2nsito em toda a extens\u00e3o da rotat\u00f3ria localizada  no final da Av. Dr. Rafael Paes de Barros, altura do Col\u00e9gio L\u00famen."}, {"id": "25752", "ano": "2007", "numero": "584", "tipo__sigla": "IND", "tipo__descricao": "Indica\u00e7\u00e3o", "autoria": "CORN\u00c9LIO C\u00c9ZAR KEMP MARCONDES", "texto_original": "http://sapl.garca.sp.leg.br/media/./sapl/public/materialegislativa/2007/25752/25752_texto_integral.doc", "ementa": "Sugerindo servi\u00e7os de tapa-buracos no cruzamento da Rua Bar\u00e3o do Rio Branco com a Rua Dep. Manoel Joaquim Fernandes."}, {"id": "25753", "ano": "2007", "numero": "585", "tipo__sigla": "IND", "tipo__descricao": "Indica\u00e7\u00e3o", "autoria": "CORN\u00c9LIO C\u00c9ZAR KEMP MARCONDES", "texto_original": "http://sapl.garca.sp.leg.br/media/./sapl/public/materialegislativa/2007/25753/25753_texto_integral.doc", "ementa": "Sugerindo reparos no leito carro\u00e7\u00e1vel da Rua Paulo Guilherme."}, {"id": "25754", "ano": "2007", "numero": "586", "tipo__sigla": "IND", "tipo__descricao": "Indica\u00e7\u00e3o", "autoria": "CORN\u00c9LIO C\u00c9ZAR KEMP MARCONDES", "texto_original": "http://sapl.garca.sp.leg.br/media/./sapl/public/materialegislativa/2007/25754/25754_texto_integral.doc", "ementa": "Sugerindo viabilizar a pavimenta\u00e7\u00e3o das vias p\u00fablicas do bairro Jardim Gisele."}, {"id": "25755", "ano": "2007", "numero": "587", "tipo__sigla": "IND", "tipo__descricao": "Indica\u00e7\u00e3o", "autoria": "CORN\u00c9LIO C\u00c9ZAR KEMP MARCONDES", "texto_original": "http://sapl.garca.sp.leg.br/media/./sapl/public/materialegislativa/2007/25755/25755_texto_integral.doc", "ementa": "Sugerindo ado\u00e7\u00e3o de medidas para evitar agravamento de eros\u00e3o nas imedia\u00e7\u00f5es da propriedade rural Fazenda Novo Mundo, que est\u00e1 provocando assoreamento de c\u00f3rrego."}, {"id": "25761", "ano": "2007", "numero": "588", "tipo__sigla": "IND", "tipo__descricao": "Indica\u00e7\u00e3o", "autoria": "MASSAO OGAWA", "texto_original": "http://sapl.garca.sp.leg.br/media/./sapl/public/materialegislativa/2007/25761/25761_texto_integral.doc", "ementa": "Sugerindo servi\u00e7os de limpeza geral da pra\u00e7a Pedro de Toledo para a realiza\u00e7\u00e3o da Feira de Artesanato pela Casa do Artes\u00e3o."}, {"id": "25762", "ano": "2007", "numero": "589", "tipo__sigla": "IND", "tipo__descricao": "Indica\u00e7\u00e3o", "autoria": "MASSAO OGAWA", "texto_original": "http://sapl.garca.sp.leg.br/media/./sapl/public/materialegislativa/2007/25762/25762_texto_integral.doc", "ementa": "Sugerindo a cria\u00e7\u00e3o de um local pr\u00f3prio na regi\u00e3o central da cidade, destinada \u00e0 divulga\u00e7\u00e3o de eventos na cidade."}, {"id": "25763", "ano": "2007", "numero": "590", "tipo__sigla": "IND", "tipo__descricao": "Indica\u00e7\u00e3o", "autoria": "WILSON ALVES (VI)", "texto_original": "http://sapl.garca.sp.leg.br/media/./sapl/public/materialegislativa/2007/25763/25763_texto_integral.doc", "ementa": "Sugerindo reparos no leito carro\u00e7\u00e1vel da Rua Ros\u00e1rio Martino, na altura do n\u00famero 197."}, {"id": "25760", "ano": "2007", "numero": "591", "tipo__sigla": "IND", "tipo__descricao": "Indica\u00e7\u00e3o", "autoria": "WILSON ALVES (VI)", "texto_original": "http://sapl.garca.sp.leg.br/media/./sapl/public/materialegislativa/2007/25760/25760_texto_integral.doc", "ementa": "Sugerindo intesificar a fiscaliza\u00e7\u00e3o quanto a conserva\u00e7\u00e3o de ca\u00e7ambas para dep\u00f3sito de entulhos e de suas faixas reflexivas."}, {"id": "25758", "ano": "2007", "numero": "592", "tipo__sigla": "IND", "tipo__descricao": "Indica\u00e7\u00e3o", "autoria": "WILSON ALVES (VI)", "texto_original": "http://sapl.garca.sp.leg.br/media/./sapl/public/materialegislativa/2007/25758/25758_texto_integral.doc", "ementa": "Sugerindo melhorias no sistema de ilumina\u00e7\u00e3o e sinaliza\u00e7\u00e3o de advert\u00eancia nas obras da Via de Acesso \u00e0 SP-294, sa\u00edda para Mar\u00edlia."}, {"id": "25759", "ano": "2007", "numero": "593", "tipo__sigla": "IND", "tipo__descricao": "Indica\u00e7\u00e3o", "autoria": "WILSON ALVES (VI)", "texto_original": "http://sapl.garca.sp.leg.br/media/./sapl/public/materialegislativa/2007/25759/25759_texto_integral.doc", "ementa": "Sugerindo ado\u00e7\u00e3o de inscri\u00e7\u00e3o via internet quando da realiza\u00e7\u00e3o de novo processo seletivo de servidores para a Prefeitura Municipal."}, {"id": "25757", "ano": "2007", "numero": "594", "tipo__sigla": "IND", "tipo__descricao": "Indica\u00e7\u00e3o", "autoria": "WILSON ALVES (VI)", "texto_original": "http://sapl.garca.sp.leg.br/media/./sapl/public/materialegislativa/2007/25757/25757_texto_integral.doc", "ementa": "Sugerindo aplica\u00e7\u00e3o e fiscaliza\u00e7\u00e3o de normas que regulamentam a constru\u00e7\u00e3o dos passeios p\u00fablicos."}, {"id": "25756", "ano": "2007", "numero": "595", "tipo__sigla": "IND", "tipo__descricao": "Indica\u00e7\u00e3o", "autoria": "MASSAO OGAWA", "texto_original": "http://sapl.garca.sp.leg.br/media/./sapl/public/materialegislativa/2007/25756/25756_texto_integral.doc", "ementa": "Sugerindo conserto nas cal\u00e7adas da Av. Dr. Rafael Paes de Barros, anexas ao Teatro Municipal."}, {"id": "25764", "ano": "2007", "numero": "596", "tipo__sigla": "IND", "tipo__descricao": "Indica\u00e7\u00e3o", "autoria": "MASSAO OGAWA, VALDEMAR ZIMIANI", "texto_original": "http://sapl.garca.sp.leg.br/media/./sapl/public/materialegislativa/2007/25764/25764_texto_integral.doc", "ementa": "Sugerindo coloca\u00e7\u00e3o de faixas em locais estrat\u00e9gicos da cidade, visando conscientizar os motociclistas a transitarem corretamente pelas vias p\u00fablicas."}, {"id": "25765", "ano": "2007", "numero": "597", "tipo__sigla": "IND", "tipo__descricao": "Indica\u00e7\u00e3o", "autoria": "PEDRO HENRIQUE SCARTEZINI", "texto_original": "http://sapl.garca.sp.leg.br/media/./sapl/public/materialegislativa/2007/25765/25765_texto_integral.doc", "ementa": "Sugerindo instala\u00e7\u00e3o de placas indicativas da dire\u00e7\u00e3o das sa\u00eddas do Munic\u00edpio."}, {"id": "25766", "ano": "2007", "numero": "598", "tipo__sigla": "IND", "tipo__descricao": "Indica\u00e7\u00e3o", "autoria": "MARCOS LOPES MIRANDA", "texto_original": "http://sapl.garca.sp.leg.br/media/./sapl/public/materialegislativa/2007/25766/25766_texto_integral.doc", "ementa": "Sugerindo introduzir os exames por diagn\u00f3sticos de Hepatite \"C\" e \"B\" nos exames pr\u00e9-natal."}, {"id": "25767", "ano": "2007", "numero": "599", "tipo__sigla": "IND", "tipo__descricao": "Indica\u00e7\u00e3o", "autoria": "JOS\u00c9 MARIA PIOLA", "texto_original": "http://sapl.garca.sp.leg.br/media/./sapl/public/materialegislativa/2007/25767/25767_texto_integral.doc", "ementa": "Sugerindo instala\u00e7\u00e3o de novos bols\u00f5es para estacionamento de motos na regi\u00e3o central do Munic\u00edpio."}, {"id": "25768", "ano": "2007", "numero": "600", "tipo__sigla": "IND", "tipo__descricao": "Indica\u00e7\u00e3o", "autoria": "WILSON ALVES (VI)", "texto_original": "http://sapl.garca.sp.leg.br/media/./sapl/public/materialegislativa/2007/25768/25768_texto_integral.doc", "ementa": "Sugerindo a institui\u00e7\u00e3o de uma CPA - Comiss\u00e3o Permanente de Acessibilidade, no Munic\u00edpio."}, {"id": "25769", "ano": "2007", "numero": "601", "tipo__sigla": "IND", "tipo__descricao": "Indica\u00e7\u00e3o", "autoria": "WILSON ALVES (VI)", "texto_original": "http://sapl.garca.sp.leg.br/media/./sapl/public/materialegislativa/2007/25769/25769_texto_integral.doc", "ementa": "Sugerindo a cria\u00e7\u00e3o de um programa especial de diagn\u00f3stico da dislexia, na rede municipal de ensino."}, {"id": "25770", "ano": "2007", "numero": "602", "tipo__sigla": "IND", "tipo__descricao": "Indica\u00e7\u00e3o", "autoria": "WILSON ALVES (VI)", "texto_original": "http://sapl.garca.sp.leg.br/media/./sapl/public/materialegislativa/2007/25770/25770_texto_integral.doc", "ementa": "Sugerindo ado\u00e7\u00e3o de medidas legais para aumentar de quatro para seis meses, o per\u00edodo da licen\u00e7a maternidade \u00e0s servidoras municipais."}, {"id": "25771", "ano": "2007", "numero": "603", "tipo__sigla": "IND", "tipo__descricao": "Indica\u00e7\u00e3o", "autoria": "MASSAO OGAWA", "texto_original": "http://sapl.garca.sp.leg.br/media/./sapl/public/materialegislativa/2007/25771/25771_texto_integral.doc", "ementa": "Sugerindo melhorias no estacionamento e limpeza do Cemit\u00e9rio Santa Faustina, bem como apoio aos Vicentinos para comercializa\u00e7\u00e3o de velas no Dia de Finados."}, {"id": "25772", "ano": "2007", "numero": "604", "tipo__sigla": "IND", "tipo__descricao": "Indica\u00e7\u00e3o", "autoria": "WILSON ALVES (VI)", "texto_original": "http://sapl.garca.sp.leg.br/media/./sapl/public/materialegislativa/2007/25772/25772_texto_integral.doc", "ementa": "Sugerindo instituir a possibilidade de licenciamento remunerado do servidor para participa\u00e7\u00e3o de a\u00e7\u00f5es de capacita\u00e7\u00e3o."}, {"id": "25773", "ano": "2007", "numero": "605", "tipo__sigla": "IND", "tipo__descricao": "Indica\u00e7\u00e3o", "autoria": "CORN\u00c9LIO C\u00c9ZAR KEMP MARCONDES", "texto_original": "http://sapl.garca.sp.leg.br/media/./sapl/public/materialegislativa/2007/25773/25773_texto_integral.doc", "ementa": "Sugerindo recapeamento do leito carro\u00e7\u00e1vel da Rua Orlando Thiago dos Santos, defronte a Irmandade da Santa Casa de Miseric\u00f3rdia de Gar\u00e7a."}, {"id": "25774", "ano": "2007", "numero": "606", "tipo__sigla": "IND", "tipo__descricao": "Indica\u00e7\u00e3o", "autoria": "CORN\u00c9LIO C\u00c9ZAR KEMP MARCONDES", "texto_original": "http://sapl.garca.sp.leg.br/media/./sapl/public/materialegislativa/2007/25774/25774_texto_integral.doc", "ementa": "Sugerindo aproveitamento dos funcion\u00e1rios que atuam no servi\u00e7o de coleta de lixo domiciliar, no quadro funcional da empresa vencedora de certame licitat\u00f3rio para a realiza\u00e7\u00e3o da atividade."}, {"id": "25778", "ano": "2007", "numero": "607", "tipo__sigla": "IND", "tipo__descricao": "Indica\u00e7\u00e3o", "autoria": "MASSAO OGAWA", "texto_original": "http://sapl.garca.sp.leg.br/media/./sapl/public/materialegislativa/2007/25778/25778_texto_integral.doc", "ementa": "Sugerindo a inclus\u00e3o de recursos na pe\u00e7a or\u00e7ament\u00e1ria de 2008, destinado a constru\u00e7\u00e3o de galerias de \u00e1guas pluviais na parte alta do Jardim Morada do Sol."}, {"id": "25779", "ano": "2007", "numero": "608", "tipo__sigla": "IND", "tipo__descricao": "Indica\u00e7\u00e3o", "autoria": "CORN\u00c9LIO C\u00c9ZAR KEMP MARCONDES", "texto_original": "http://sapl.garca.sp.leg.br/media/./sapl/public/materialegislativa/2007/25779/25779_texto_integral.doc", "ementa": "Sugerindo a substitui\u00e7\u00e3o do ve\u00edculo atualmente a disposi\u00e7\u00e3o do Conselho Tutelar, por outro em melhores condi\u00e7\u00f5es."}, {"id": "25780", "ano": "2007", "numero": "609", "tipo__sigla": "IND", "tipo__descricao": "Indica\u00e7\u00e3o", "autoria": "CORN\u00c9LIO C\u00c9ZAR KEMP MARCONDES", "texto_original": "http://sapl.garca.sp.leg.br/media/./sapl/public/materialegislativa/2007/25780/25780_texto_integral.doc", "ementa": "Sugerindo disponibiliza\u00e7\u00e3o de uma sala para sediar a APEG - Associa\u00e7\u00e3o dos Poetas e Escritores de Gar\u00e7a."}, {"id": "25781", "ano": "2007", "numero": "610", "tipo__sigla": "IND", "tipo__descricao": "Indica\u00e7\u00e3o", "autoria": "CORN\u00c9LIO C\u00c9ZAR KEMP MARCONDES", "texto_original": "http://sapl.garca.sp.leg.br/media/./sapl/public/materialegislativa/2007/25781/25781_texto_integral.doc", "ementa": "Sugerindo a distribui\u00e7\u00e3o de cestas b\u00e1sicas para os servidores municipais e popula\u00e7\u00e3o carente, por ocasi\u00e3o do Natal."}, {"id": "25782", "ano": "2007", "numero": "611", "tipo__sigla": "IND", "tipo__descricao": "Indica\u00e7\u00e3o", "autoria": "CORN\u00c9LIO C\u00c9ZAR KEMP MARCONDES", "texto_original": "http://sapl.garca.sp.leg.br/media/./sapl/public/materialegislativa/2007/25782/25782_texto_integral.doc", "ementa": "Sugerindo substitui\u00e7\u00e3o de \u00e1rvore localizada na Rua Nabor Silva, altura do n\u00famero 307."}, {"id": "25777", "ano": "2007", "numero": "612", "tipo__sigla": "IND", "tipo__descricao": "Indica\u00e7\u00e3o", "autoria": "ADAMIR MAUR\u00cdCIO DE BARROS, MASSAO OGAWA", "texto_original": "http://sapl.garca.sp.leg.br/media/./sapl/public/materialegislativa/2007/25777/25777_texto_integral.doc", "ementa": "Sugerindo a instala\u00e7\u00e3o de lixeiras na Rua Carlos Ferrari, at\u00e9 as proximidades do Supermercado Big Mart."}, {"id": "25776", "ano": "2007", "numero": "613", "tipo__sigla": "IND", "tipo__descricao": "Indica\u00e7\u00e3o", "autoria": "JOS\u00c9 MARIA PIOLA", "texto_original": "http://sapl.garca.sp.leg.br/media/./sapl/public/materialegislativa/2007/25776/25776_texto_integral.doc", "ementa": "Sugerindo a constru\u00e7\u00e3o de um campo de bocha e um campo de malha no Bairro Jardim Sol Nascente."}, {"id": "25775", "ano": "2007", "numero": "614", "tipo__sigla": "IND", "tipo__descricao": "Indica\u00e7\u00e3o", "autoria": "JOS\u00c9 MARIA PIOLA", "texto_original": "http://sapl.garca.sp.leg.br/media/./sapl/public/materialegislativa/2007/25775/25775_texto_integral.doc", "ementa": "Sugerindo agendar a apresenta\u00e7\u00e3o da Big Band Santa Cec\u00edlia aos s\u00e1bados, quando da ocorr\u00eancia de feriados prolongados."}, {"id": "25783", "ano": "2007", "numero": "615", "tipo__sigla": "IND", "tipo__descricao": "Indica\u00e7\u00e3o", "autoria": "ADAMIR MAUR\u00cdCIO DE BARROS", "texto_original": "http://sapl.garca.sp.leg.br/media/./sapl/public/materialegislativa/2007/25783/25783_texto_integral.doc", "ementa": "Sugerindo a destina\u00e7\u00e3o de um guarda para atua\u00e7\u00e3o no Terminal Rodovi\u00e1rio de Passageiros, no per\u00edodo noturno."}, {"id": "25784", "ano": "2007", "numero": "616", "tipo__sigla": "IND", "tipo__descricao": "Indica\u00e7\u00e3o", "autoria": "MASSAO OGAWA", "texto_original": "http://sapl.garca.sp.leg.br/media/./sapl/public/materialegislativa/2007/25784/25784_texto_integral.doc", "ementa": "Sugerindo pintura de redutor de velocidade instalado na Rua Santo Ant\u00f4nio."}, {"id": "25785", "ano": "2007", "numero": "617", "tipo__sigla": "IND", "tipo__descricao": "Indica\u00e7\u00e3o", "autoria": "MASSAO OGAWA", "texto_original": "http://sapl.garca.sp.leg.br/media/./sapl/public/materialegislativa/2007/25785/25785_texto_integral.doc", "ementa": "Sugerindo iniciar a coleta de \u00f3leo de cozinha usado em frituras, para reciclagem, atrav\u00e9s da Cooperativa de Reciclagem."}, {"id": "25786", "ano": "2007", "numero": "618", "tipo__sigla": "IND", "tipo__descricao": "Indica\u00e7\u00e3o", "autoria": "ADAMIR MAUR\u00cdCIO DE BARROS", "texto_original": "http://sapl.garca.sp.leg.br/media/./sapl/public/materialegislativa/2007/25786/25786_texto_integral.doc", "ementa": "Sugerindo pintura de faixa separadora de vias e determina\u00e7\u00e3o de proibi\u00e7\u00e3o de estacionamento, na Rua Gabriela, trecho compreendido entre as ruas C\u00e9sar Correia Lopes e Esta\u00e7\u00e3o."}, {"id": "25787", "ano": "2007", "numero": "619", "tipo__sigla": "IND", "tipo__descricao": "Indica\u00e7\u00e3o", "autoria": "WILSON ALVES (VI)", "texto_original": "http://sapl.garca.sp.leg.br/media/./sapl/public/materialegislativa/2007/25787/25787_texto_integral.doc", "ementa": "Sugerindo notificar propriet\u00e1rio de im\u00f3vel localizado no cruzamento da Rua Dr. Garcez com a Rua da Esta\u00e7\u00e3o, para que promova reparos e limpeza de seu passeio."}, {"id": "25788", "ano": "2007", "numero": "620", "tipo__sigla": "IND", "tipo__descricao": "Indica\u00e7\u00e3o", "autoria": "WILSON ALVES (VI)", "texto_original": "http://sapl.garca.sp.leg.br/media/./sapl/public/materialegislativa/2007/25788/25788_texto_integral.doc", "ementa": "Sugerindo limpeza em bueiro localizado no cruzamento da Rua da Esta\u00e7\u00e3o com a Rua Marcelino Rossini."}, {"id": "25789", "ano": "2007", "numero": "621", "tipo__sigla": "IND", "tipo__descricao": "Indica\u00e7\u00e3o", "autoria": "WILSON ALVES (VI)", "texto_original": "http://sapl.garca.sp.leg.br/media/./sapl/public/materialegislativa/2007/25789/25789_texto_integral.doc", "ementa": "Sugerindo reparos na camada asf\u00e1ltica da Rua da Esta\u00e7\u00e3o, altura do cruzamento com a Rua Marcelo Rossini."}, {"id": "25790", "ano": "2007", "numero": "622", "tipo__sigla": "IND", "tipo__descricao": "Indica\u00e7\u00e3o", "autoria": "WILSON ALVES (VI)", "texto_original": "http://sapl.garca.sp.leg.br/media/./sapl/public/materialegislativa/2007/25790/25790_texto_integral.doc", "ementa": "Sugerindo institui\u00e7\u00e3o de campanha permanente de preven\u00e7\u00e3o e diagn\u00f3stico da disflu\u00eancia da fala e aten\u00e7\u00e3o \u00e0 gagueira."}, {"id": "25791", "ano": "2007", "numero": "623", "tipo__sigla": "IND", "tipo__descricao": "Indica\u00e7\u00e3o", "autoria": "WILSON ALVES (VI)", "texto_original": "http://sapl.garca.sp.leg.br/media/./sapl/public/materialegislativa/2007/25791/25791_texto_integral.doc", "ementa": "Sugerindo a institui\u00e7\u00e3o de campanha permanente de conscientiza\u00e7\u00e3o da depress\u00e3o infantil e na adolesc\u00eancia."}, {"id": "25792", "ano": "2007", "numero": "624", "tipo__sigla": "IND", "tipo__descricao": "Indica\u00e7\u00e3o", "autoria": "SEBASTI\u00c3O TOLDATO GALEGO", "texto_original": "http://sapl.garca.sp.leg.br/media/./sapl/public/materialegislativa/2007/25792/25792_texto_integral.doc", "ementa": "Sugerindo a instala\u00e7\u00e3o de arquibancada m\u00f3vel no Est\u00e1dio Municipal Dr. Rafael Paes de Barros, no distrito de Jafa, para o p\u00fablico que acompanha a reta final do campeonato amador de futebol."}, {"id": "25793", "ano": "2007", "numero": "625", "tipo__sigla": "IND", "tipo__descricao": "Indica\u00e7\u00e3o", "autoria": "SEBASTI\u00c3O TOLDATO GALEGO", "texto_original": "http://sapl.garca.sp.leg.br/media/./sapl/public/materialegislativa/2007/25793/25793_texto_integral.doc", "ementa": "Sugerindo reparos em depress\u00e3o existente no cruzamento da Rua Jo\u00e3o Manzano com a Rua Eumene."}, {"id": "25794", "ano": "2007", "numero": "626", "tipo__sigla": "IND", "tipo__descricao": "Indica\u00e7\u00e3o", "autoria": "JOS\u00c9 MARIA PIOLA", "texto_original": "http://sapl.garca.sp.leg.br/media/./sapl/public/materialegislativa/2007/25794/25794_texto_integral.doc", "ementa": "Sugerindo notificar propriet\u00e1rio de im\u00f3vel localizado no cruzamento da Rua Heitor Penteado com a Rua Melchiades Nery de Castro, para que promova reparos no passeio que margeia seu im\u00f3vel."}, {"id": "25795", "ano": "2007", "numero": "627", "tipo__sigla": "IND", "tipo__descricao": "Indica\u00e7\u00e3o", "autoria": "JOS\u00c9 MARIA PIOLA", "texto_original": "http://sapl.garca.sp.leg.br/media/./sapl/public/materialegislativa/2007/25795/25795_texto_integral.doc", "ementa": "Sugerindo a abertura \u00e0s 7h00 dos port\u00f5es da Creche da AFAI."}, {"id": "25796", "ano": "2007", "numero": "628", "tipo__sigla": "IND", "tipo__descricao": "Indica\u00e7\u00e3o", "autoria": "WILSON ALVES (VI)", "texto_original": "http://sapl.garca.sp.leg.br/media/./sapl/public/materialegislativa/2007/25796/25796_texto_integral.doc", "ementa": "Sugerindo a deflagra\u00e7\u00e3o de campanha de orienta\u00e7\u00e3o sobre o tr\u00e2nsito em duplo sentido de dire\u00e7\u00e3o na quadra final da Rua Gal. Glic\u00e9rio."}, {"id": "25797", "ano": "2007", "numero": "629", "tipo__sigla": "IND", "tipo__descricao": "Indica\u00e7\u00e3o", "autoria": "WILSON ALVES (VI)", "texto_original": "http://sapl.garca.sp.leg.br/media/./sapl/public/materialegislativa/2007/25797/25797_texto_integral.doc", "ementa": "Sugerindo a instala\u00e7\u00e3o de um local mais apropriado de placa de sinaliza\u00e7\u00e3o indicando proibi\u00e7\u00e3o de convers\u00e3o \u00e0 Rua Alberto Alves, dos ve\u00edculos que transitam pela Av. Dr. Rafael Paes de Barros."}, {"id": "25798", "ano": "2007", "numero": "630", "tipo__sigla": "IND", "tipo__descricao": "Indica\u00e7\u00e3o", "autoria": "CORN\u00c9LIO C\u00c9ZAR KEMP MARCONDES", "texto_original": "http://sapl.garca.sp.leg.br/media/./sapl/public/materialegislativa/2007/25798/25798_texto_integral.doc", "ementa": "Sugerindo recupera\u00e7\u00e3o do leito carro\u00e7\u00e1vel da Rua Cel. Joaquim Piza, entre as ruas Caramuru e Alzira Nazareth."}, {"id": "25799", "ano": "2007", "numero": "631", "tipo__sigla": "IND", "tipo__descricao": "Indica\u00e7\u00e3o", "autoria": "MASSAO OGAWA", "texto_original": "http://sapl.garca.sp.leg.br/media/./sapl/public/materialegislativa/2007/25799/25799_texto_integral.doc", "ementa": "Sugerindo melhora da ilumina\u00e7\u00e3o da Av. Faustina, em toda a sua extens\u00e3o."}, {"id": "25800", "ano": "2007", "numero": "632", "tipo__sigla": "IND", "tipo__descricao": "Indica\u00e7\u00e3o", "autoria": "MASSAO OGAWA, MIGUEL MARTINS GOUVEA", "texto_original": "http://sapl.garca.sp.leg.br/media/./sapl/public/materialegislativa/2007/25800/25800_texto_integral.doc", "ementa": "Sugerindo a substitui\u00e7\u00e3o de \u00e1rvore plantada na Rua Pe. Paulo de Toledo Leite, esquina com a Rua Cel. Joaquim Piza, altura no n\u00famero 581."}, {"id": "25801", "ano": "2007", "numero": "633", "tipo__sigla": "IND", "tipo__descricao": "Indica\u00e7\u00e3o", "autoria": "JOS\u00c9 MARIA PIOLA", "texto_original": "http://sapl.garca.sp.leg.br/media/./sapl/public/materialegislativa/2007/25801/25801_texto_integral.doc", "ementa": "Sugerindo a instala\u00e7\u00e3o de redutor de velocidade na Rua Ant\u00f4nio Leal de Oliveira, altura do n\u00famero 191."}, {"id": "25802", "ano": "2007", "numero": "634", "tipo__sigla": "IND", "tipo__descricao": "Indica\u00e7\u00e3o", "autoria": "ADAMIR MAUR\u00cdCIO DE BARROS", "texto_original": "http://sapl.garca.sp.leg.br/media/./sapl/public/materialegislativa/2007/25802/25802_texto_integral.doc", "ementa": "Sugerindo a coloca\u00e7\u00e3o de placa indicando a doa\u00e7\u00e3o de aparelho de televis\u00e3o pela empresa Expresso de Prata, junto ao Terminal Rodovi\u00e1rio de Passageiros."}, {"id": "25803", "ano": "2007", "numero": "635", "tipo__sigla": "IND", "tipo__descricao": "Indica\u00e7\u00e3o", "autoria": "PEDRO HENRIQUE SCARTEZINI", "texto_original": "http://sapl.garca.sp.leg.br/media/./sapl/public/materialegislativa/2007/25803/25803_texto_integral.doc", "ementa": "Sugerindo a realiza\u00e7\u00e3o de opera\u00e7\u00e3o tapa-buracos na Rua Carlos Ferrari, no Distrito Industrial."}, {"id": "25804", "ano": "2007", "numero": "636", "tipo__sigla": "IND", "tipo__descricao": "Indica\u00e7\u00e3o", "autoria": "SEBASTI\u00c3O TOLDATO GALEGO", "texto_original": "http://sapl.garca.sp.leg.br/media/./sapl/public/materialegislativa/2007/25804/25804_texto_integral.doc", "ementa": "Sugerindo a abertura em hor\u00e1rio mais cedo do que o atual, dos port\u00f5es do PAS do Bairro Araceli."}, {"id": "25805", "ano": "2007", "numero": "637", "tipo__sigla": "IND", "tipo__descricao": "Indica\u00e7\u00e3o", "autoria": "SEBASTI\u00c3O TOLDATO GALEGO", "texto_original": "http://sapl.garca.sp.leg.br/media/./sapl/public/materialegislativa/2007/25805/25805_texto_integral.doc", "ementa": "Sugerindo a amplia\u00e7\u00e3o ou constru\u00e7\u00e3o de sala mais ampla para atendimento m\u00e9dico no PAS do distrito de Jafa."}, {"id": "25806", "ano": "2007", "numero": "638", "tipo__sigla": "IND", "tipo__descricao": "Indica\u00e7\u00e3o", "autoria": "CORN\u00c9LIO C\u00c9ZAR KEMP MARCONDES", "texto_original": "http://sapl.garca.sp.leg.br/media/./sapl/public/materialegislativa/2007/25806/25806_texto_integral.doc", "ementa": "Sugerindo a ado\u00e7\u00e3o de medidas para retirada de ve\u00edculos que encontram-se h\u00e1 meses estacionados na Rua Augusto Bonini, no Jd. Sol Nascente."}, {"id": "25807", "ano": "2007", "numero": "639", "tipo__sigla": "IND", "tipo__descricao": "Indica\u00e7\u00e3o", "autoria": "CORN\u00c9LIO C\u00c9ZAR KEMP MARCONDES", "texto_original": "http://sapl.garca.sp.leg.br/media/./sapl/public/materialegislativa/2007/25807/25807_texto_integral.doc", "ementa": "Sugerindo a instala\u00e7\u00e3o de um telefone espec\u00edfico para os profissionais que atuam como charreteiros."}, {"id": "25808", "ano": "2007", "numero": "640", "tipo__sigla": "IND", "tipo__descricao": "Indica\u00e7\u00e3o", "autoria": "WILSON ALVES (VI)", "texto_original": "http://sapl.garca.sp.leg.br/media/./sapl/public/materialegislativa/2007/25808/25808_texto_integral.doc", "ementa": "Sugerindo distribuir c\u00f3pias de presta\u00e7\u00e3o de contas de \u00f3rg\u00e3os da Prefeitura, antes da realiza\u00e7\u00e3o de audi\u00eancias p\u00fablicas."}, {"id": "25809", "ano": "2007", "numero": "641", "tipo__sigla": "IND", "tipo__descricao": "Indica\u00e7\u00e3o", "autoria": "CORN\u00c9LIO C\u00c9ZAR KEMP MARCONDES", "texto_original": "http://sapl.garca.sp.leg.br/media/./sapl/public/materialegislativa/2007/25809/25809_texto_integral.doc", "ementa": "Sugerindo a realiza\u00e7\u00e3o de opera\u00e7\u00e3o tapa-buracos nas ruas do Residencial Portal do Lago."}, {"id": "25810", "ano": "2007", "numero": "642", "tipo__sigla": "IND", "tipo__descricao": "Indica\u00e7\u00e3o", "autoria": "CORN\u00c9LIO C\u00c9ZAR KEMP MARCONDES", "texto_original": "http://sapl.garca.sp.leg.br/media/./sapl/public/materialegislativa/2007/25810/25810_texto_integral.doc", "ementa": "Sugerindo ado\u00e7\u00e3o de medidas para evitar e preparar o Munic\u00edpio contra eventual epidemia de dengue."}, {"id": "25811", "ano": "2007", "numero": "643", "tipo__sigla": "IND", "tipo__descricao": "Indica\u00e7\u00e3o", "autoria": "MASSAO OGAWA", "texto_original": "http://sapl.garca.sp.leg.br/media/./sapl/public/materialegislativa/2007/25811/25811_texto_integral.doc", "ementa": "Sugerindo o cal\u00e7amento do piso do passeio ao redor do Lago Artificial com um tipo de material mais plano e sem imperfei\u00e7\u00f5es."}, {"id": "25812", "ano": "2007", "numero": "644", "tipo__sigla": "IND", "tipo__descricao": "Indica\u00e7\u00e3o", "autoria": "MASSAO OGAWA", "texto_original": "http://sapl.garca.sp.leg.br/media/./sapl/public/materialegislativa/2007/25812/25812_texto_integral.doc", "ementa": "Sugerindo a instala\u00e7\u00e3o de placas indicativas do Lago Artificial, por todo o Munic\u00edpio."}, {"id": "25813", "ano": "2007", "numero": "645", "tipo__sigla": "IND", "tipo__descricao": "Indica\u00e7\u00e3o", "autoria": "MASSAO OGAWA", "texto_original": "http://sapl.garca.sp.leg.br/media/./sapl/public/materialegislativa/2007/25813/25813_texto_integral.doc", "ementa": "Sugerindo conserto de placa alertando sobre a dengue na entrada do Munic\u00edpio, pela Rod. da Comunidade."}, {"id": "25814", "ano": "2007", "numero": "646", "tipo__sigla": "IND", "tipo__descricao": "Indica\u00e7\u00e3o", "autoria": "LAERTE RODELLA, WILSON ALVES (VI)", "texto_original": "http://sapl.garca.sp.leg.br/media/./sapl/public/materialegislativa/2007/25814/25814_texto_integral.doc", "ementa": "Sugerindo a cria\u00e7\u00e3o de um fundo para ressarcir os preju\u00edzos causados por v\u00e2ndalos contra o patrim\u00f4nio p\u00fablico."}, {"id": "25815", "ano": "2007", "numero": "647", "tipo__sigla": "IND", "tipo__descricao": "Indica\u00e7\u00e3o", "autoria": "PEDRO HENRIQUE SCARTEZINI", "texto_original": "http://sapl.garca.sp.leg.br/media/./sapl/public/materialegislativa/2007/25815/25815_texto_integral.doc", "ementa": "Sugerindo reparos no leito carro\u00e7\u00e1vel da Rua Maria Helena, na margem da Concha Ac\u00fastica."}, {"id": "25816", "ano": "2007", "numero": "648", "tipo__sigla": "IND", "tipo__descricao": "Indica\u00e7\u00e3o", "autoria": "PEDRO HENRIQUE SCARTEZINI", "texto_original": "http://sapl.garca.sp.leg.br/media/./sapl/public/materialegislativa/2007/25816/25816_texto_integral.doc", "ementa": "Sugerindo a pintura de redutor de velocidade na Av. Dr. Rafael Paes de Barros, pr\u00f3ximo ao cruzamento com a Rua Gal. Glic\u00e9rio."}, {"id": "25817", "ano": "2007", "numero": "649", "tipo__sigla": "IND", "tipo__descricao": "Indica\u00e7\u00e3o", "autoria": "JOS\u00c9 MARIA PIOLA", "texto_original": "http://sapl.garca.sp.leg.br/media/./sapl/public/materialegislativa/2007/25817/25817_texto_integral.doc", "ementa": "Sugerindo reparos na rede el\u00e9trica da EE Prof. Alcyr da Rosa Lima."}, {"id": "25818", "ano": "2007", "numero": "650", "tipo__sigla": "IND", "tipo__descricao": "Indica\u00e7\u00e3o", "autoria": "JOS\u00c9 MARIA PIOLA", "texto_original": "http://sapl.garca.sp.leg.br/media/./sapl/public/materialegislativa/2007/25818/25818_texto_integral.doc", "ementa": "Sugerindo a pintura dos corrim\u00f5es para acesso ao piso superior da ETE Mons. Ant\u00f4nio Magliano."}, {"id": "25819", "ano": "2007", "numero": "651", "tipo__sigla": "IND", "tipo__descricao": "Indica\u00e7\u00e3o", "autoria": "JOS\u00c9 MARIA PIOLA", "texto_original": "http://sapl.garca.sp.leg.br/media/./sapl/public/materialegislativa/2007/25819/25819_texto_integral.doc", "ementa": "Sugerindo o recuo do passeio e melhoria da ilumina\u00e7\u00e3o no ponto de \u00f4nibus de transporte coletivo de passageiros localizado na Alameda Linneu Reis de Mattos."}, {"id": "25820", "ano": "2007", "numero": "652", "tipo__sigla": "IND", "tipo__descricao": "Indica\u00e7\u00e3o", "autoria": "PEDRO HENRIQUE SCARTEZINI", "texto_original": "http://sapl.garca.sp.leg.br/media/./sapl/public/materialegislativa/2007/25820/25820_texto_integral.doc", "ementa": "Sugerindo pintura de redutor de velocidade existente na Av. Presidente Vargas, pr\u00f3ximo ao cruzamento com a Rua Floriano Peixoto."}, {"id": "25821", "ano": "2007", "numero": "653", "tipo__sigla": "IND", "tipo__descricao": "Indica\u00e7\u00e3o", "autoria": "PEDRO HENRIQUE SCARTEZINI", "texto_original": "http://sapl.garca.sp.leg.br/media/./sapl/public/materialegislativa/2007/25821/25821_texto_integral.doc", "ementa": "Sugerindo pintura de redutor de velocidade existente na Av. Presidente Vargas, defronte a \"Casa dos Parafusos\"."}, {"id": "25822", "ano": "2007", "numero": "654", "tipo__sigla": "IND", "tipo__descricao": "Indica\u00e7\u00e3o", "autoria": "PEDRO HENRIQUE SCARTEZINI", "texto_original": "http://sapl.garca.sp.leg.br/media/./sapl/public/materialegislativa/2007/25822/25822_texto_integral.doc", "ementa": "Sugerindo substitui\u00e7\u00e3o de tampa de bueiro localizada na Rua Armando de Sales Oliveira, pr\u00f3ximo ao cruzamento com a Rua Santos Dumont."}, {"id": "25823", "ano": "2007", "numero": "655", "tipo__sigla": "IND", "tipo__descricao": "Indica\u00e7\u00e3o", "autoria": "JOS\u00c9 MARIA PIOLA", "texto_original": "http://sapl.garca.sp.leg.br/media/./sapl/public/materialegislativa/2007/25823/25823_texto_integral.doc", "ementa": "Sugerindo poda de \u00e1rvores localizadas \u00e0s margens da Alameda Linneu Reis de Mattos."}, {"id": "25824", "ano": "2007", "numero": "656", "tipo__sigla": "IND", "tipo__descricao": "Indica\u00e7\u00e3o", "autoria": "JOS\u00c9 MARIA PIOLA", "texto_original": "http://sapl.garca.sp.leg.br/media/./sapl/public/materialegislativa/2007/25824/25824_texto_integral.doc", "ementa": "Sugerindo constru\u00e7\u00e3o de um abrigo de passageiros no ponto de \u00f4nibus existente na Alameda Linneu Reis de Mattos."}, {"id": "25825", "ano": "2007", "numero": "657", "tipo__sigla": "IND", "tipo__descricao": "Indica\u00e7\u00e3o", "autoria": "JOS\u00c9 MARIA PIOLA", "texto_original": "http://sapl.garca.sp.leg.br/media/./sapl/public/materialegislativa/2007/25825/25825_texto_integral.doc", "ementa": "Sugerindo plantio de mais \u00e1rvores \u00e0s margens do cemit\u00e9rio municipal."}, {"id": "25826", "ano": "2007", "numero": "658", "tipo__sigla": "IND", "tipo__descricao": "Indica\u00e7\u00e3o", "autoria": "JOS\u00c9 MARIA PIOLA", "texto_original": "http://sapl.garca.sp.leg.br/media/./sapl/public/materialegislativa/2007/25826/25826_texto_integral.doc", "ementa": "Sugerindo viabilizar uma bolsa de estudo para a jovem Elizandra da Silva Manzato no Col\u00e9gio L\u00famen."}, {"id": "25827", "ano": "2007", "numero": "659", "tipo__sigla": "IND", "tipo__descricao": "Indica\u00e7\u00e3o", "autoria": "CORN\u00c9LIO C\u00c9ZAR KEMP MARCONDES, S\u00c9RGIO ROBERTO SCAQUETTE", "texto_original": "http://sapl.garca.sp.leg.br/media/./sapl/public/materialegislativa/2007/25827/25827_texto_integral.doc", "ementa": "Sugerindo opera\u00e7\u00e3o tapa-buracos no leito carro\u00e7\u00e1vel da Rua Carlos Ferrari, entre as ruas Sgto. Wilson Abel de Oliveira e Bar\u00e3o do Rio Branco."}, {"id": "25828", "ano": "2007", "numero": "660", "tipo__sigla": "IND", "tipo__descricao": "Indica\u00e7\u00e3o", "autoria": "CORN\u00c9LIO C\u00c9ZAR KEMP MARCONDES", "texto_original": "http://sapl.garca.sp.leg.br/media/./sapl/public/materialegislativa/2007/25828/25828_texto_integral.doc", "ementa": "Sugerindo opera\u00e7\u00e3o tapa-buracos no leito carro\u00e7\u00e1vel da Rua Cel. Joaquim Pizsa, na altura do cruzamento com a Rua Pe. Paulo de Toledo Leite."}, {"id": "25829", "ano": "2007", "numero": "661", "tipo__sigla": "IND", "tipo__descricao": "Indica\u00e7\u00e3o", "autoria": "CORN\u00c9LIO C\u00c9ZAR KEMP MARCONDES", "texto_original": "http://sapl.garca.sp.leg.br/media/./sapl/public/materialegislativa/2007/25829/25829_texto_integral.doc", "ementa": "Sugerindo adequa\u00e7\u00e3o de ambul\u00e2ncias que transportam pacientes graves para outros munic\u00edpios com equipamentos de primeiros socorros."}, {"id": "25830", "ano": "2007", "numero": "662", "tipo__sigla": "IND", "tipo__descricao": "Indica\u00e7\u00e3o", "autoria": "PEDRO HENRIQUE SCARTEZINI", "texto_original": "http://sapl.garca.sp.leg.br/media/./sapl/public/materialegislativa/2007/25830/25830_texto_integral.doc", "ementa": "Sugerindo pintura da sinaliza\u00e7\u00e3o indicando parada obrigat\u00f3ria no cruzamento da Rua Fausto Floriano de Toledo com a Rua Pl\u00ednio de Godoy."}, {"id": "25831", "ano": "2007", "numero": "663", "tipo__sigla": "IND", "tipo__descricao": "Indica\u00e7\u00e3o", "autoria": "WILSON ALVES (VI)", "texto_original": "http://sapl.garca.sp.leg.br/media/./sapl/public/materialegislativa/2007/25831/25831_texto_integral.doc", "ementa": "Sugerindo constru\u00e7\u00e3o de um muro, em substitui\u00e7\u00e3o a alambrado, na parte interna da EE Prof\u00aa Lydia Yvone Gomes Marques."}, {"id": "25832", "ano": "2007", "numero": "664", "tipo__sigla": "IND", "tipo__descricao": "Indica\u00e7\u00e3o", "autoria": "VALDEMAR ZIMIANI", "texto_original": "http://sapl.garca.sp.leg.br/media/./sapl/public/materialegislativa/2007/25832/25832_texto_integral.doc", "ementa": "Sugerindo reparos no leito carro\u00e7\u00e1vel da Rua Brasil, no distrito de Jafa, visando eliminar buraco existente defronte a loja \"Center Mix\"."}, {"id": "25833", "ano": "2007", "numero": "665", "tipo__sigla": "IND", "tipo__descricao": "Indica\u00e7\u00e3o", "autoria": "MASSAO OGAWA", "texto_original": "http://sapl.garca.sp.leg.br/media/./sapl/public/materialegislativa/2007/25833/25833_texto_integral.doc", "ementa": "Sugerindo recapeamento total da Av. Dr. Rafael Paes de Barros."}, {"id": "25834", "ano": "2007", "numero": "666", "tipo__sigla": "IND", "tipo__descricao": "Indica\u00e7\u00e3o", "autoria": "MASSAO OGAWA", "texto_original": "http://sapl.garca.sp.leg.br/media/./sapl/public/materialegislativa/2007/25834/25834_texto_integral.doc", "ementa": "Sugerindo podas de \u00e1rvores existentes nas quadras pr\u00f3ximas ao novo Gin\u00e1sio de Esportes Jo\u00e3o Gonz\u00e1les."}, {"id": "25835", "ano": "2007", "numero": "667", "tipo__sigla": "IND", "tipo__descricao": "Indica\u00e7\u00e3o", "autoria": "MASSAO OGAWA", "texto_original": "http://sapl.garca.sp.leg.br/media/./sapl/public/materialegislativa/2007/25835/25835_texto_integral.doc", "ementa": "Sugerindo levantamento sobre o tr\u00e1fego existente em ruas do Munic\u00edpio antes e ap\u00f3s a constru\u00e7\u00e3o dos ped\u00e1gios programados na Rodovia Trans-Brasiliana BR 153."}, {"id": "25836", "ano": "2007", "numero": "668", "tipo__sigla": "IND", "tipo__descricao": "Indica\u00e7\u00e3o", "autoria": "MASSAO OGAWA", "texto_original": "http://sapl.garca.sp.leg.br/media/./sapl/public/materialegislativa/2007/25836/25836_texto_integral.doc", "ementa": "Sugerindo realiza\u00e7\u00e3o de campanhas de conscientiza\u00e7\u00e3o da popula\u00e7\u00e3o sobre a necessidade de manter limpos os quintais e, principalmente, terrenos baldios."}, {"id": "25837", "ano": "2007", "numero": "669", "tipo__sigla": "IND", "tipo__descricao": "Indica\u00e7\u00e3o", "autoria": "MASSAO OGAWA", "texto_original": "http://sapl.garca.sp.leg.br/media/./sapl/public/materialegislativa/2007/25837/25837_texto_integral.doc", "ementa": "Sugerindo inclus\u00e3o das ruas Maria Helena (trecho final) e Ataliba Leonel (\u00faltima quadra), no pr\u00f3ximo plano de pavimenta\u00e7\u00e3o asf\u00e1ltica do Munic\u00edpio."}, {"id": "25838", "ano": "2007", "numero": "670", "tipo__sigla": "IND", "tipo__descricao": "Indica\u00e7\u00e3o", "autoria": "CORN\u00c9LIO C\u00c9ZAR KEMP MARCONDES", "texto_original": "http://sapl.garca.sp.leg.br/media/./sapl/public/materialegislativa/2007/25838/25838_texto_integral.doc", "ementa": "Sugerindo realiza\u00e7\u00e3o de uma exposi\u00e7\u00e3o voltada para o setor da eletroeletr\u00f4nica, com participa\u00e7\u00e3o de empresas do ramo expondo seus produtos e projetos."}, {"id": "25839", "ano": "2007", "numero": "671", "tipo__sigla": "IND", "tipo__descricao": "Indica\u00e7\u00e3o", "autoria": "WILSON ALVES (VI)", "texto_original": "http://sapl.garca.sp.leg.br/media/./sapl/public/materialegislativa/2007/25839/25839_texto_integral.doc", "ementa": "Sugerindo pintura da sinaliza\u00e7\u00e3o de solo indicando parada obrigat\u00f3ria no cruzamento da Rua Carlos Ferrari com a Rua Melchiades Nery de Castro."}, {"id": "25840", "ano": "2007", "numero": "672", "tipo__sigla": "IND", "tipo__descricao": "Indica\u00e7\u00e3o", "autoria": "WILSON ALVES (VI)", "texto_original": "http://sapl.garca.sp.leg.br/media/./sapl/public/materialegislativa/2007/25840/25840_texto_integral.doc", "ementa": "Sugerindo a retirada de animais, principalmente de c\u00e3es, que encontram-se perambulando pelas ruas."}, {"id": "25841", "ano": "2007", "numero": "673", "tipo__sigla": "IND", "tipo__descricao": "Indica\u00e7\u00e3o", "autoria": "WILSON ALVES (VI)", "texto_original": "http://sapl.garca.sp.leg.br/media/./sapl/public/materialegislativa/2007/25841/25841_texto_integral.doc", "ementa": "Sugerindo reparos em tampa de bueiro localizada defronte o im\u00f3vel de n\u00ba. 266 da Rua da Esta\u00e7\u00e3o."}, {"id": "25842", "ano": "2007", "numero": "674", "tipo__sigla": "IND", "tipo__descricao": "Indica\u00e7\u00e3o", "autoria": "WILSON ALVES (VI)", "texto_original": "http://sapl.garca.sp.leg.br/media/./sapl/public/materialegislativa/2007/25842/25842_texto_integral.doc", "ementa": "Sugerindo aproveitar as obras de remodela\u00e7\u00e3o da Rotat\u00f3ria Alberto Sart\u00f3ri, para melhorar o visual do monumento de S\u00e3o Pedro, bem como a instala\u00e7\u00e3o de holofotes no mesmo."}, {"id": "25843", "ano": "2007", "numero": "675", "tipo__sigla": "IND", "tipo__descricao": "Indica\u00e7\u00e3o", "autoria": "VALDEMAR ZIMIANI", "texto_original": "http://sapl.garca.sp.leg.br/media/./sapl/public/materialegislativa/2007/25843/25843_texto_integral.doc", "ementa": "Sugerindo oferecer acess\u00f3rios de seguran\u00e7a aos servidores municipais que atuam na limpeza p\u00fablica do Munic\u00edpio, como luvas e faixas refletivas."}, {"id": "25844", "ano": "2007", "numero": "676", "tipo__sigla": "IND", "tipo__descricao": "Indica\u00e7\u00e3o", "autoria": "MASSAO OGAWA", "texto_original": "http://sapl.garca.sp.leg.br/media/./sapl/public/materialegislativa/2007/25844/25844_texto_integral.doc", "ementa": "Sugerindo servi\u00e7os de recapeamento nas ruas do Bairro Jardim Nova Gar\u00e7a, principalmente na Rua Jo\u00e3o Martins Parreira."}, {"id": "25845", "ano": "2007", "numero": "677", "tipo__sigla": "IND", "tipo__descricao": "Indica\u00e7\u00e3o", "autoria": "MASSAO OGAWA", "texto_original": "http://sapl.garca.sp.leg.br/media/./sapl/public/materialegislativa/2007/25845/25845_texto_integral.doc", "ementa": "Sugerindo a substitui\u00e7\u00e3o de todo o sistema de ilumina\u00e7\u00e3o p\u00fablica da Av. Dr. Labieno da Costa Machado, entre as Rotat\u00f3rias Marco Zero e Alfredo Cotait."}, {"id": "25846", "ano": "2007", "numero": "678", "tipo__sigla": "IND", "tipo__descricao": "Indica\u00e7\u00e3o", "autoria": "MASSAO OGAWA", "texto_original": "http://sapl.garca.sp.leg.br/media/./sapl/public/materialegislativa/2007/25846/25846_texto_integral.doc", "ementa": "Sugerindo servi\u00e7os de tapa-buracos na Rua Carlos Ferrari, na quadra defronte a Casa dos M\u00f3veis."}, {"id": "25847", "ano": "2007", "numero": "679", "tipo__sigla": "IND", "tipo__descricao": "Indica\u00e7\u00e3o", "autoria": "PEDRO HENRIQUE SCARTEZINI", "texto_original": "http://sapl.garca.sp.leg.br/media/./sapl/public/materialegislativa/2007/25847/25847_texto_integral.doc", "ementa": "Sugerindo opera\u00e7\u00e3o tapa-buracos no trecho final da Rua Joaquim Freire."}, {"id": "25848", "ano": "2007", "numero": "680", "tipo__sigla": "IND", "tipo__descricao": "Indica\u00e7\u00e3o", "autoria": "CORN\u00c9LIO C\u00c9ZAR KEMP MARCONDES", "texto_original": "http://sapl.garca.sp.leg.br/media/./sapl/public/materialegislativa/2007/25848/25848_texto_integral.doc", "ementa": "Sugerindo reativar o sistema de ilumina\u00e7\u00e3o do Monumento ao Cafeicultor e ao Trabalhador Rural, na Rotat\u00f3ria \"Marco Zero\"."}, {"id": "25849", "ano": "2007", "numero": "681", "tipo__sigla": "IND", "tipo__descricao": "Indica\u00e7\u00e3o", "autoria": "CORN\u00c9LIO C\u00c9ZAR KEMP MARCONDES", "texto_original": "http://sapl.garca.sp.leg.br/media/./sapl/public/materialegislativa/2007/25849/25849_texto_integral.doc", "ementa": "Sugerindo sanar o problema alusivo \u00e0s goteiras existentes na cobertura do Gin\u00e1sio de Esportes \"Wilson Martini\"."}, {"id": "25850", "ano": "2007", "numero": "682", "tipo__sigla": "IND", "tipo__descricao": "Indica\u00e7\u00e3o", "autoria": "VALDEMAR ZIMIANI", "texto_original": "http://sapl.garca.sp.leg.br/media/./sapl/public/materialegislativa/2007/25850/25850_texto_integral.doc", "ementa": "Sugerindo incluir as ruas centrais e especialmente a Pra\u00e7a de Nossa Senhora Aparecida, no distrito de Jafa, dentre as vias e \u00e1reas p\u00fablicas do Munic\u00edpio a receberem enfeites natalinos."}, {"id": "25851", "ano": "2007", "numero": "683", "tipo__sigla": "IND", "tipo__descricao": "Indica\u00e7\u00e3o", "autoria": "VALDEMAR ZIMIANI", "texto_original": "http://sapl.garca.sp.leg.br/media/./sapl/public/materialegislativa/2007/25851/25851_texto_integral.doc", "ementa": "Sugerindo incluir o distrito de Jafa no roteiro de eventual passagem da Carreata de Natal da Coca-Cola."}, {"id": "25852", "ano": "2007", "numero": "684", "tipo__sigla": "IND", "tipo__descricao": "Indica\u00e7\u00e3o", "autoria": "WILSON ALVES (VI)", "texto_original": "http://sapl.garca.sp.leg.br/media/./sapl/public/materialegislativa/2007/25852/25852_texto_integral.doc", "ementa": "Sugerindo aproveitar a m\u00e3o-de-obra e material dispon\u00edvel na obra de duplica\u00e7\u00e3o da Av. Dr. Labieno da Costa Machado e da Via de Acesso, para promover reparo na pavimenta\u00e7\u00e3o asf\u00e1ltica da rotat\u00f3ria de acesso \u00e0 Gar\u00e7a, pela Rodovia SP-294."}, {"id": "25853", "ano": "2007", "numero": "685", "tipo__sigla": "IND", "tipo__descricao": "Indica\u00e7\u00e3o", "autoria": "SEBASTI\u00c3O TOLDATO GALEGO, WILSON ALVES (VI)", "texto_original": "http://sapl.garca.sp.leg.br/media/./sapl/public/materialegislativa/2007/25853/25853_texto_integral.doc", "ementa": "Sugerindo reestrutura\u00e7\u00e3o da Pra\u00e7a \"Valdir Marang\u00e3o - Lita\", "}, {"id": "25854", "ano": "2007", "numero": "686", "tipo__sigla": "IND", "tipo__descricao": "Indica\u00e7\u00e3o", "autoria": "J\u00daLIO MARCONDES DE MOURA FILHO, WILSON ALVES (VI)", "texto_original": "http://sapl.garca.sp.leg.br/media/./sapl/public/materialegislativa/2007/25854/25854_texto_integral.doc", "ementa": "Sugerindo celebra\u00e7\u00e3o de conv\u00eanio de coopera\u00e7\u00e3o entre a Prefeitura Municipal de Gar\u00e7a e o Conselho Regional de Contabilidade do Estado de S\u00e3o Paulo, objetivando que os documentos encaminhados \u00e0 Prefeitura tenham a garantia de que o profissional est\u00e1 legalmente habilitado."}, {"id": "25855", "ano": "2007", "numero": "687", "tipo__sigla": "IND", "tipo__descricao": "Indica\u00e7\u00e3o", "autoria": "MARCOS LOPES MIRANDA", "texto_original": "http://sapl.garca.sp.leg.br/media/./sapl/public/materialegislativa/2007/25855/25855_texto_integral.doc", "ementa": "Sugerindo melhorar o sistema de ilumina\u00e7\u00e3o da quadra poliesportiva e parque infantil localizado na Rua Guarant\u00e3, pr\u00f3ximo \u00e0 EE Prof\u00aa Orane Avelino de Souza."}, {"id": "25856", "ano": "2007", "numero": "688", "tipo__sigla": "IND", "tipo__descricao": "Indica\u00e7\u00e3o", "autoria": "J\u00daLIO MARCONDES DE MOURA FILHO, VALDEMAR ZIMIANI", "texto_original": "http://sapl.garca.sp.leg.br/media/./sapl/public/materialegislativa/2007/25856/25856_texto_integral.doc", "ementa": "Sugerindo passagem de m\u00e1quina niveladora na estrada municipal que d\u00e1 acesso ao Bairro Canelada."}, {"id": "25857", "ano": "2007", "numero": "689", "tipo__sigla": "IND", "tipo__descricao": "Indica\u00e7\u00e3o", "autoria": "VALDEMAR ZIMIANI", "texto_original": "http://sapl.garca.sp.leg.br/media/./sapl/public/materialegislativa/2007/25857/25857_texto_integral.doc", "ementa": "Sugerindo passagem de m\u00e1quina niveladora nas estradas vicinais rurais existentes nos Bairros 200 Alqueires e Ouro Branco, as principais e acess\u00f3rias."}, {"id": "25858", "ano": "2007", "numero": "690", "tipo__sigla": "IND", "tipo__descricao": "Indica\u00e7\u00e3o", "autoria": "JOS\u00c9 MARIA PIOLA", "texto_original": "http://sapl.garca.sp.leg.br/media/./sapl/public/materialegislativa/2007/25858/25858_texto_integral.doc", "ementa": "Sugerindo substitui\u00e7\u00e3o de \u00e1rvore da esp\u00e9cie \"Manguba\", existente na Pra\u00e7a Rui Barbosa."}, {"id": "25859", "ano": "2007", "numero": "691", "tipo__sigla": "IND", "tipo__descricao": "Indica\u00e7\u00e3o", "autoria": "JOS\u00c9 MARIA PIOLA", "texto_original": "http://sapl.garca.sp.leg.br/media/./sapl/public/materialegislativa/2007/25859/25859_texto_integral.doc", "ementa": "Sugerindo denominar o futuro Centro de Refer\u00eancia da Educa\u00e7\u00e3o de \"Prof\u00aa Lydia Guimar\u00e3es Ginde\"."}, {"id": "25860", "ano": "2007", "numero": "692", "tipo__sigla": "IND", "tipo__descricao": "Indica\u00e7\u00e3o", "autoria": "JOS\u00c9 MARIA PIOLA", "texto_original": "http://sapl.garca.sp.leg.br/media/./sapl/public/materialegislativa/2007/25860/25860_texto_integral.doc", "ementa": "Sugerindo a perman\u00eancia do \u00f4nibus, que realiza o transporte de pacientes que fazem hemodi\u00e1lise em Mar\u00edlia, at\u00e9 o t\u00e9rmino da sess\u00e3o, em vez de retornar para Gar\u00e7a e depois ir busc\u00e1-los."}, {"id": "25861", "ano": "2007", "numero": "693", "tipo__sigla": "IND", "tipo__descricao": "Indica\u00e7\u00e3o", "autoria": "WILSON ALVES (VI)", "texto_original": "http://sapl.garca.sp.leg.br/media/./sapl/public/materialegislativa/2007/25861/25861_texto_integral.doc", "ementa": "Sugerindo altera\u00e7\u00e3o no projeto de duplica\u00e7\u00e3o da Av. Dr. Labieno da Costa Machado, no Distrito Industrial, com a inclus\u00e3o de uma rotat\u00f3ria para retorno nas proximidades da ind\u00fastria Massas Paulista."}, {"id": "25862", "ano": "2007", "numero": "694", "tipo__sigla": "IND", "tipo__descricao": "Indica\u00e7\u00e3o", "autoria": "WILSON ALVES (VI)", "texto_original": "http://sapl.garca.sp.leg.br/media/./sapl/public/materialegislativa/2007/25862/25862_texto_integral.doc", "ementa": "Sugerindo vistoria em \u00e1rvores, pr\u00f3ximas ao im\u00f3vel de n\u00ba. 1.078 da Rua Armando de Sales Oliveira."}, {"id": "25863", "ano": "2007", "numero": "695", "tipo__sigla": "IND", "tipo__descricao": "Indica\u00e7\u00e3o", "autoria": "WILSON ALVES (VI)", "texto_original": "http://sapl.garca.sp.leg.br/media/./sapl/public/materialegislativa/2007/25863/25863_texto_integral.doc", "ementa": "Sugerindo adequa\u00e7\u00e3o da placa de tr\u00e2nsito instalada na esquina da Av. Dr. Rafael Paes de Barros com Rua Alberto Alves"}, {"id": "25864", "ano": "2007", "numero": "696", "tipo__sigla": "IND", "tipo__descricao": "Indica\u00e7\u00e3o", "autoria": "J\u00daLIO MARCONDES DE MOURA FILHO, WILSON ALVES (VI)", "texto_original": "http://sapl.garca.sp.leg.br/media/./sapl/public/materialegislativa/2007/25864/25864_texto_integral.doc", "ementa": "Sugerindo reparos no leito carro\u00e7\u00e1vel do cruzamento da Rua XV de Novembro com a Rua Hagop Barganian."}, {"id": "25865", "ano": "2007", "numero": "697", "tipo__sigla": "IND", "tipo__descricao": "Indica\u00e7\u00e3o", "autoria": "CORN\u00c9LIO C\u00c9ZAR KEMP MARCONDES", "texto_original": "http://sapl.garca.sp.leg.br/media/./sapl/public/materialegislativa/2007/25865/25865_texto_integral.doc", "ementa": "Sugerindo plantio de \u00e1rvores, inclusive frut\u00edferas, na \u00e1rea urbana do Munic\u00edpio, bem como plantio de \u00e1rvores \u00e0s margens da Via de Acesso e Rodovia Cmte. Jo\u00e3o Ribeiro de Barros, no trecho compreendido entre Gar\u00e7a e o distrito de Jafa."}, {"id": "25866", "ano": "2007", "numero": "698", "tipo__sigla": "IND", "tipo__descricao": "Indica\u00e7\u00e3o", "autoria": "ANDR\u00c9 LUIS GAVIOLI RODRIGUES, MARCOS LOPES MIRANDA", "texto_original": "http://sapl.garca.sp.leg.br/media/./sapl/public/materialegislativa/2007/25866/25866_texto_integral.doc", "ementa": "Sugerindo a implanta\u00e7\u00e3o de um programa de sa\u00fade escolar, com realiza\u00e7\u00e3o de exames m\u00e9dicos em escolas p\u00fablicas para diagn\u00f3stico de problemas que dificultam o aprendizado."}, {"id": "25867", "ano": "2007", "numero": "699", "tipo__sigla": "IND", "tipo__descricao": "Indica\u00e7\u00e3o", "autoria": "VALDEMAR ZIMIANI", "texto_original": "http://sapl.garca.sp.leg.br/media/./sapl/public/materialegislativa/2007/25867/25867_texto_integral.doc", "ementa": "Sugerindo a instala\u00e7\u00e3o de quatro mesas de concreto com bancos, em \u00e1rea livre coberta do M\u00f3dulo Esportivo \"Modesto da Costa\", no distrito de Jafa."}, {"id": "25868", "ano": "2007", "numero": "700", "tipo__sigla": "IND", "tipo__descricao": "Indica\u00e7\u00e3o", "autoria": "SEBASTI\u00c3O TOLDATO GALEGO", "texto_original": "http://sapl.garca.sp.leg.br/media/./sapl/public/materialegislativa/2007/25868/25868_texto_integral.doc", "ementa": "Sugerindo a constru\u00e7\u00e3o de caixas de conten\u00e7\u00e3o nas margens das estradas vicinais do Bairro Rural 200 Alqueires."}, {"id": "25869", "ano": "2007", "numero": "701", "tipo__sigla": "IND", "tipo__descricao": "Indica\u00e7\u00e3o", "autoria": "SEBASTI\u00c3O TOLDATO GALEGO", "texto_original": "http://sapl.garca.sp.leg.br/media/./sapl/public/materialegislativa/2007/25869/25869_texto_integral.doc", "ementa": "Sugerindo cal\u00e7amento de trecho de aproximadamente 100 metros da estrada vicinal rural que d\u00e1 acesso ao bairro Ouro Branco, defronte a entrada da Fazenda Iraj\u00e1."}, {"id": "25870", "ano": "2007", "numero": "702", "tipo__sigla": "IND", "tipo__descricao": "Indica\u00e7\u00e3o", "autoria": "CORN\u00c9LIO C\u00c9ZAR KEMP MARCONDES", "texto_original": "http://sapl.garca.sp.leg.br/media/./sapl/public/materialegislativa/2007/25870/25870_texto_integral.doc", "ementa": "Sugerindo viabilizar o desenvolvimento de projetos, programas e a\u00e7\u00f5es de inser\u00e7\u00e3o de adolescentes na sociedade e no mercado de trabalho, especialmente aqueles na faixa de 14 a 17 anos, bem como ado\u00e7\u00e3o de pol\u00edticas p\u00fablicas necess\u00e1rias visando a cria\u00e7\u00e3o de um local apropriado para tratamento de drogados no MUnic\u00edpio."}, {"id": "25871", "ano": "2007", "numero": "703", "tipo__sigla": "IND", "tipo__descricao": "Indica\u00e7\u00e3o", "autoria": "CORN\u00c9LIO C\u00c9ZAR KEMP MARCONDES", "texto_original": "http://sapl.garca.sp.leg.br/media/./sapl/public/materialegislativa/2007/25871/25871_texto_integral.doc", "ementa": "Sugerindo viabilizar a amplia\u00e7\u00e3o da Casa Abrigo Sollar, ou mesmo a constru\u00e7\u00e3o ou cria\u00e7\u00e3o de um novo Lar para abrigo de adolescentes no Munic\u00edpio."}, {"id": "25872", "ano": "2007", "numero": "704", "tipo__sigla": "IND", "tipo__descricao": "Indica\u00e7\u00e3o", "autoria": "WILSON ALVES (VI)", "texto_original": "http://sapl.garca.sp.leg.br/media/./sapl/public/materialegislativa/2007/25872/25872_texto_integral.doc", "ementa": "Sugerindo estabelecer um cronograma para a interdi\u00e7\u00e3o de trechos das vias p\u00fablicas quando da realiza\u00e7\u00e3o da ornamenta\u00e7\u00e3o natalina."}, {"id": "25873", "ano": "2007", "numero": "705", "tipo__sigla": "IND", "tipo__descricao": "Indica\u00e7\u00e3o", "autoria": "JOS\u00c9 MARIA PIOLA", "texto_original": "http://sapl.garca.sp.leg.br/media/./sapl/public/materialegislativa/2007/25873/25873_texto_integral.doc", "ementa": "Sugerindo a retirada ou adequa\u00e7\u00e3o de obst\u00e1culo que encontra-se constru\u00eddo pr\u00f3ximo ao meio fio do im\u00f3vel de n\u00ba. 456 da Rua Andr\u00e9 Luiz."}, {"id": "25874", "ano": "2007", "numero": "706", "tipo__sigla": "IND", "tipo__descricao": "Indica\u00e7\u00e3o", "autoria": "JOS\u00c9 MARIA PIOLA", "texto_original": "http://sapl.garca.sp.leg.br/media/./sapl/public/materialegislativa/2007/25874/25874_texto_integral.doc", "ementa": "Sugerindo reparos no leito carro\u00e7\u00e1vel da Rua Pe. Paulo de Toledo Leite, altura do cruzamento com a Rua Macei\u00f3."}, {"id": "25875", "ano": "2007", "numero": "707", "tipo__sigla": "IND", "tipo__descricao": "Indica\u00e7\u00e3o", "autoria": "WILSON ALVES (VI)", "texto_original": "http://sapl.garca.sp.leg.br/media/./sapl/public/materialegislativa/2007/25875/25875_texto_integral.doc", "ementa": "Sugerindo maior orienta\u00e7\u00e3o e distribui\u00e7\u00e3o de equipamentos de seguran\u00e7a aos servidores da Prefeitura Municipal que atuam na ornamenta\u00e7\u00e3o das ruas para as festividades natalinas."}, {"id": "25876", "ano": "2007", "numero": "708", "tipo__sigla": "IND", "tipo__descricao": "Indica\u00e7\u00e3o", "autoria": "CORN\u00c9LIO C\u00c9ZAR KEMP MARCONDES", "texto_original": "http://sapl.garca.sp.leg.br/media/./sapl/public/materialegislativa/2007/25876/25876_texto_integral.doc", "ementa": "Sugerindo a implementa\u00e7\u00e3o de programas/proejtos de atendimento \u00e0s gestantes de baixa renda do Munic\u00edpio, inclusive adolescentes."}, {"id": "25877", "ano": "2007", "numero": "709", "tipo__sigla": "IND", "tipo__descricao": "Indica\u00e7\u00e3o", "autoria": "CORN\u00c9LIO C\u00c9ZAR KEMP MARCONDES", "texto_original": "http://sapl.garca.sp.leg.br/media/./sapl/public/materialegislativa/2007/25877/25877_texto_integral.doc", "ementa": "Sugerindo implementa\u00e7\u00e3o de conv\u00eanios com entidades locais, objetivando oferecer tratamento a dependentes qu\u00edmicos e alco\u00f3licos de nossa sociedade, principalmente integrantes de fam\u00edlias de baixa renda."}, {"id": "25878", "ano": "2007", "numero": "710", "tipo__sigla": "IND", "tipo__descricao": "Indica\u00e7\u00e3o", "autoria": "CORN\u00c9LIO C\u00c9ZAR KEMP MARCONDES", "texto_original": "http://sapl.garca.sp.leg.br/media/./sapl/public/materialegislativa/2007/25878/25878_texto_integral.doc", "ementa": "Sugerindo oferecer algum benef\u00edcio aos servidores p\u00fablicos municipais, neste final de ano, como a concess\u00e3o de um abono pecuni\u00e1rio ou de uma cesta de Natal."}, {"id": "25879", "ano": "2007", "numero": "711", "tipo__sigla": "IND", "tipo__descricao": "Indica\u00e7\u00e3o", "autoria": "CORN\u00c9LIO C\u00c9ZAR KEMP MARCONDES", "texto_original": "http://sapl.garca.sp.leg.br/media/./sapl/public/materialegislativa/2007/25879/25879_texto_integral.doc", "ementa": "Sugerindo agilizar os procedimentos de um novo distrito industrial no Munic\u00edpio, se poss\u00edvel no sentido Gar\u00e7a-Jafa."}, {"id": "25880", "ano": "2007", "numero": "712", "tipo__sigla": "IND", "tipo__descricao": "Indica\u00e7\u00e3o", "autoria": "PEDRO HENRIQUE SCARTEZINI", "texto_original": "http://sapl.garca.sp.leg.br/media/./sapl/public/materialegislativa/2007/25880/25880_texto_integral.doc", "ementa": "Sugerindo a inclus\u00e3o de trecho pr\u00f3ximo \u00e0 Pra\u00e7a Jos\u00e9 Alves Moreira, da Av. Dr. Labieno da Costa Machado, nas vias a serem contempladas com a pr\u00f3xima opera\u00e7\u00e3o tapa-buracos."}, {"id": "25881", "ano": "2007", "numero": "713", "tipo__sigla": "IND", "tipo__descricao": "Indica\u00e7\u00e3o", "autoria": "JOS\u00c9 MARIA PIOLA", "texto_original": "http://sapl.garca.sp.leg.br/media/./sapl/public/materialegislativa/2007/25881/25881_texto_integral.doc", "ementa": "Sugerindo a invers\u00e3o de m\u00e3o de dire\u00e7\u00e3o da Rua Ataliba Leonel."}, {"id": "25882", "ano": "2007", "numero": "714", "tipo__sigla": "IND", "tipo__descricao": "Indica\u00e7\u00e3o", "autoria": "SEBASTI\u00c3O TOLDATO GALEGO", "texto_original": "http://sapl.garca.sp.leg.br/media/./sapl/public/materialegislativa/2007/25882/25882_texto_integral.doc", "ementa": "Sugerindo opera\u00e7\u00e3o tapa-buracos nas vias p\u00fablicas do distrito de Jafa."}, {"id": "25883", "ano": "2007", "numero": "715", "tipo__sigla": "IND", "tipo__descricao": "Indica\u00e7\u00e3o", "autoria": "CORN\u00c9LIO C\u00c9ZAR KEMP MARCONDES", "texto_original": "http://sapl.garca.sp.leg.br/media/./sapl/public/materialegislativa/2007/25883/25883_texto_integral.doc", "ementa": "Sugerindo instala\u00e7\u00e3o de redutor de velocidade e/ou outras provid\u00eancias na Rua Pe. Paulo de Toledo Leite, na quadra compreendida entre as Ruas Augusto Nascimento Castro e Prudente de Morais."}, {"id": "25884", "ano": "2007", "numero": "716", "tipo__sigla": "IND", "tipo__descricao": "Indica\u00e7\u00e3o", "autoria": "CORN\u00c9LIO C\u00c9ZAR KEMP MARCONDES", "texto_original": "http://sapl.garca.sp.leg.br/media/./sapl/public/materialegislativa/2007/25884/25884_texto_integral.doc", "ementa": "Sugerindo agilizar as a\u00e7\u00f5es visando a redu\u00e7\u00e3o de d\u00e9ficit financeiro da Irmandade da Santa Casa de Miseric\u00f3rdia de Gar\u00e7a."}, {"id": "25885", "ano": "2007", "numero": "717", "tipo__sigla": "IND", "tipo__descricao": "Indica\u00e7\u00e3o", "autoria": "CORN\u00c9LIO C\u00c9ZAR KEMP MARCONDES", "texto_original": "http://sapl.garca.sp.leg.br/media/./sapl/public/materialegislativa/2007/25885/25885_texto_integral.doc", "ementa": "Sugerindo estudos visando dar destina\u00e7\u00e3o ao pr\u00e9dio que era ocupado pelo Corpo de Bombeiros local."}, {"id": "25886", "ano": "2007", "numero": "718", "tipo__sigla": "IND", "tipo__descricao": "Indica\u00e7\u00e3o", "autoria": "VALDEMAR ZIMIANI", "texto_original": "http://sapl.garca.sp.leg.br/media/./sapl/public/materialegislativa/2007/25886/25886_texto_integral.doc", "ementa": "Sugerindo opera\u00e7\u00e3o tapa-buracos na Rua Liberdade, altura do cruzamento com a Rua Valdomiro dos Santos, no distrito de Jafa."}, {"id": "25887", "ano": "2007", "numero": "719", "tipo__sigla": "IND", "tipo__descricao": "Indica\u00e7\u00e3o", "autoria": "ADAMIR MAUR\u00cdCIO DE BARROS", "texto_original": "http://sapl.garca.sp.leg.br/media/./sapl/public/materialegislativa/2007/25887/25887_texto_integral.doc", "ementa": "Sugerindo reparos no leito carro\u00e7\u00e1vel da Rua Agostinho Machado, altura do n\u00ba. 124."}, {"id": "25888", "ano": "2007", "numero": "720", "tipo__sigla": "IND", "tipo__descricao": "Indica\u00e7\u00e3o", "autoria": "ANDR\u00c9 LUIS GAVIOLI RODRIGUES, MASSAO OGAWA", "texto_original": "http://sapl.garca.sp.leg.br/media/./sapl/public/materialegislativa/2007/25888/25888_texto_integral.doc", "ementa": "Sugerindo coloca\u00e7\u00e3o de placa com a denomina\u00e7\u00e3o da Pra\u00e7a de Vila Salgueiro, situada entre as Ruas Gast\u00e3o Vidigal e Augusto Bosqueto."}, {"id": "25889", "ano": "2007", "numero": "721", "tipo__sigla": "IND", "tipo__descricao": "Indica\u00e7\u00e3o", "autoria": "WILSON ALVES (VI)", "texto_original": "http://sapl.garca.sp.leg.br/media/./sapl/public/materialegislativa/2007/25889/25889_texto_integral.doc", "ementa": "Sugerindo reparos no leito carro\u00e7\u00e1vel da Rua Prudente de Morais, no trecho  compreendido entre os n\u00fameros 525 e 619."}, {"id": "41255", "ano": "2007", "numero": "1", "tipo__sigla": "MOC", "tipo__descricao": "Mo\u00e7\u00e3o", "autoria": "MASSAO OGAWA", "texto_original": "http://sapl.garca.sp.leg.br/media/", "ementa": "Apoio \u00e0 proposta de modifica\u00e7\u00e3o da legisla\u00e7\u00e3o penal, com a redu\u00e7\u00e3o da maioridade penal."}, {"id": "41256", "ano": "2007", "numero": "2", "tipo__sigla": "MOC", "tipo__descricao": "Mo\u00e7\u00e3o", "autoria": "CORN\u00c9LIO C\u00c9ZAR KEMP MARCONDES", "texto_original": "http://sapl.garca.sp.leg.br/media/", "ementa": "Apoio \u00e0 proposta apresentada ao Minist\u00e9rio da Sa\u00fade, objetivando o credenciamento ou parceria do Hospital da UNIMAR com o SUS."}, {"id": "41257", "ano": "2007", "numero": "3", "tipo__sigla": "MOC", "tipo__descricao": "Mo\u00e7\u00e3o", "autoria": "CORN\u00c9LIO C\u00c9ZAR KEMP MARCONDES", "texto_original": "http://sapl.garca.sp.leg.br/media/", "ementa": "Apoio \u00e0 proposta apresentada pelo Dep. Federal Dr. Jos\u00e9 Abelardo Guimar\u00e3es Camarinha, objetivando o repasse de recursos para recupera\u00e7\u00e3o da pavimenta\u00e7\u00e3o da BR-153 - Rodovia Transbrasiliana."}, {"id": "41258", "ano": "2007", "numero": "4", "tipo__sigla": "MOC", "tipo__descricao": "Mo\u00e7\u00e3o", "autoria": "ADAMIR MAUR\u00cdCIO DE BARROS", "texto_original": "http://sapl.garca.sp.leg.br/media/", "ementa": "Rep\u00fadio \u00e0 medida do Minist\u00e9rio da Sa\u00fade, de baixar uma portaria que limitou a retirada de 220 produtos, chamados de medicamentos de dispensa\u00e7\u00e3o excepcional."}, {"id": "41259", "ano": "2007", "numero": "5", "tipo__sigla": "MOC", "tipo__descricao": "Mo\u00e7\u00e3o", "autoria": "CORN\u00c9LIO C\u00c9ZAR KEMP MARCONDES", "texto_original": "http://sapl.garca.sp.leg.br/media/", "ementa": "Apoio \u00e0 proposta do Laborat\u00f3rio Farmanguinhos, de solicitar o apoio da Casa Civil e do Minist\u00e9rio da Sa\u00fade, para obter o licenciamento compuls\u00f3rio (quebra de patente) do medicamento Efavirenz."}, {"id": "41260", "ano": "2007", "numero": "6", "tipo__sigla": "MOC", "tipo__descricao": "Mo\u00e7\u00e3o", "autoria": "MASSAO OGAWA", "texto_original": "http://sapl.garca.sp.leg.br/media/", "ementa": "Congratula\u00e7\u00f5es e Aplausos ao Dep. Estadual Dr. Vaz de Lima, pela sua assun\u00e7\u00e3o ao cargo de Presidente da Assembl\u00e9ia Legislativa do Estado de S\u00e3o Paulo, no \u00faltimo dia 15 de mar\u00e7o."}, {"id": "41261", "ano": "2007", "numero": "7", "tipo__sigla": "MOC", "tipo__descricao": "Mo\u00e7\u00e3o", "autoria": "CORN\u00c9LIO C\u00c9ZAR KEMP MARCONDES", "texto_original": "http://sapl.garca.sp.leg.br/media/", "ementa": "Pesar pelo falecimento do Dep. Federal Dr. En\u00e9as Ferreira Carneiro, no \u00faltimo dia 06 de maio."}, {"id": "41262", "ano": "2007", "numero": "8", "tipo__sigla": "MOC", "tipo__descricao": "Mo\u00e7\u00e3o", "autoria": "CORN\u00c9LIO C\u00c9ZAR KEMP MARCONDES", "texto_original": "http://sapl.garca.sp.leg.br/media/", "ementa": "Apoio \u00e0 iniciativa do Ministro da Sa\u00fade de lan\u00e7ar em breve uma medida para propor a restri\u00e7\u00e3o da venda de \u00e1lcool nas proximidades de escolas e de centros comunit\u00e1rios, rodovias e postos de gasolina, al\u00e9m da regulamenta\u00e7\u00e3o da veicula\u00e7\u00e3o de propaganda publicit\u00e1ria."}, {"id": "41266", "ano": "2007", "numero": "9", "tipo__sigla": "MOC", "tipo__descricao": "Mo\u00e7\u00e3o", "autoria": "CORN\u00c9LIO C\u00c9ZAR KEMP MARCONDES", "texto_original": "http://sapl.garca.sp.leg.br/media/./sapl/public/materialegislativa/2007/41266/41266_texto_integral.doc", "ementa": "Apoio \u00e0 decis\u00e3o do Governo Federal de efetuar o pagamento de pens\u00e3o vital\u00edcia aos portadores de hansen\u00edase que viveram em hospitais-col\u00f4nia, isoladas do conv\u00edvio social."}, {"id": "41267", "ano": "2007", "numero": "10", "tipo__sigla": "MOC", "tipo__descricao": "Mo\u00e7\u00e3o", "autoria": "WILSON ALVES (VI)", "texto_original": "http://sapl.garca.sp.leg.br/media/./sapl/public/materialegislativa/2007/41267/41267_texto_integral.doc", "ementa": "Congratula\u00e7\u00f5es e Aplausos \u00e0 equipe infanto-juvenil de basquete da RCG/CSA/Gar\u00e7a, pela conquista do t\u00edtulo de campe\u00e3o do \"I Torneio Sul-Americano C\u00edrculo Militar\"."}, {"id": "41268", "ano": "2007", "numero": "11", "tipo__sigla": "MOC", "tipo__descricao": "Mo\u00e7\u00e3o", "autoria": "WILSON ALVES (VI)", "texto_original": "http://sapl.garca.sp.leg.br/media/./sapl/public/materialegislativa/2007/41268/41268_texto_integral.doc", "ementa": "Congratula\u00e7\u00f5es e Aplausos ao jovem garcense Luiz Fernando Cirillo, que sagrou-se campe\u00e3o brasileiro de Jiu-Jitsu, na categoria pesado (faixa roxa)."}, {"id": "41263", "ano": "2007", "numero": "12", "tipo__sigla": "MOC", "tipo__descricao": "Mo\u00e7\u00e3o", "autoria": "PEDRO HENRIQUE SCARTEZINI", "texto_original": "http://sapl.garca.sp.leg.br/media/", "ementa": "Apoio \u00e0 dire\u00e7\u00e3o da Fiesp, pela busca da mobiliza\u00e7\u00e3o dos empres\u00e1rios e da popula\u00e7\u00e3o contra a poss\u00edvel continuidade da cobran\u00e7a da CPMF."}, {"id": "41264", "ano": "2007", "numero": "13", "tipo__sigla": "MOC", "tipo__descricao": "Mo\u00e7\u00e3o", "autoria": "CORN\u00c9LIO C\u00c9ZAR KEMP MARCONDES", "texto_original": "http://sapl.garca.sp.leg.br/media/", "ementa": "Apoio solicitando ao Governo do Estado para que reveja o problema do \u201cSal\u00e1rio-Gratifica\u00e7\u00e3o\u201d da categoria policial civil."}, {"id": "41265", "ano": "2007", "numero": "14", "tipo__sigla": "MOC", "tipo__descricao": "Mo\u00e7\u00e3o", "autoria": "WILSON ALVES (VI)", "texto_original": "http://sapl.garca.sp.leg.br/media/./sapl/public/materialegislativa/2007/41265/41265_texto_integral.doc", "ementa": "Apoio \u00e0 campanha deflagrada pelos profissionais da Educa\u00e7\u00e3o do Estado de S\u00e3o Paulo, solicitando o atendimento de reivindica\u00e7\u00f5es conjuntas de entidades em defesa da escola p\u00fablica e pela valoriza\u00e7\u00e3o de seus profissionais."}, {"id": "41269", "ano": "2007", "numero": "15", "tipo__sigla": "MOC", "tipo__descricao": "Mo\u00e7\u00e3o", "autoria": "CORN\u00c9LIO C\u00c9ZAR KEMP MARCONDES", "texto_original": "http://sapl.garca.sp.leg.br/media/./sapl/public/materialegislativa/2007/41269/41269_texto_integral.doc", "ementa": "Pesar pelo falecimento do Sr. Romeu Scaramucci."}, {"id": "41270", "ano": "2007", "numero": "16", "tipo__sigla": "MOC", "tipo__descricao": "Mo\u00e7\u00e3o", "autoria": "CORN\u00c9LIO C\u00c9ZAR KEMP MARCONDES", "texto_original": "http://sapl.garca.sp.leg.br/media/./sapl/public/materialegislativa/2007/41270/41270_texto_integral.doc", "ementa": "Congratula\u00e7\u00f5es e Aplausos \u00e0 jovem garcense Bruna Toffoli Affonso, pela obten\u00e7\u00e3o da medalha de bronze na 2\u00aa Ol\u00edmpiada Brasileira de Matem\u00e1tica das Escolas P\u00fablicas."}, {"id": "41271", "ano": "2007", "numero": "17", "tipo__sigla": "MOC", "tipo__descricao": "Mo\u00e7\u00e3o", "autoria": "CORN\u00c9LIO C\u00c9ZAR KEMP MARCONDES", "texto_original": "http://sapl.garca.sp.leg.br/media/./sapl/public/materialegislativa/2007/41271/41271_texto_integral.doc", "ementa": "Pesar pelo falecimento do ex-Deputado Federal Dr. Paulo Dias Novaes."}, {"id": "41272", "ano": "2007", "numero": "18", "tipo__sigla": "MOC", "tipo__descricao": "Mo\u00e7\u00e3o", "autoria": "CORN\u00c9LIO C\u00c9ZAR KEMP MARCONDES", "texto_original": "http://sapl.garca.sp.leg.br/media/./sapl/public/materialegislativa/2007/41272/41272_texto_integral.doc", "ementa": "Apoio \u00e0 solicita\u00e7\u00e3o da OAB-SP,  para inclus\u00e3o de Projeto de Lei instituindo o chamado \"feriado forense\" na pauta de vota\u00e7\u00e3o do Senado Federal."}, {"id": "41273", "ano": "2007", "numero": "19", "tipo__sigla": "MOC", "tipo__descricao": "Mo\u00e7\u00e3o", "autoria": "JOS\u00c9 MARIA PIOLA", "texto_original": "http://sapl.garca.sp.leg.br/media/./sapl/public/materialegislativa/2007/41273/41273_texto_integral.doc", "ementa": "Congratula\u00e7\u00f5es e Aplausos \u00e0 S.E. RCG/Gar\u00e7a, pela conquista da Liga Sudeste de Futsal/2007."}, {"id": "41274", "ano": "2007", "numero": "20", "tipo__sigla": "MOC", "tipo__descricao": "Mo\u00e7\u00e3o", "autoria": "PEDRO HENRIQUE SCARTEZINI", "texto_original": "http://sapl.garca.sp.leg.br/media/./sapl/public/materialegislativa/2007/41274/41274_texto_integral.doc", "ementa": "Apoio a perman\u00eancia do Delegado Seccional de Pol\u00edcia Civil de Mar\u00edlia, Dr. Roberto Fernandes, no seu cargo."}, {"id": "41275", "ano": "2007", "numero": "21", "tipo__sigla": "MOC", "tipo__descricao": "Mo\u00e7\u00e3o", "autoria": "CORN\u00c9LIO C\u00c9ZAR KEMP MARCONDES", "texto_original": "http://sapl.garca.sp.leg.br/media/", "ementa": "Congratula\u00e7\u00f5es e Aplausos ao Hospital Psiqui\u00e1trico Andr\u00e9 Luiz, vencedor de concurso promovido pela Associa\u00e7\u00e3o Brasileira de Psiquiatria, com o projeto \"Resgatando a Cidadania\"."}, {"id": "41276", "ano": "2007", "numero": "22", "tipo__sigla": "MOC", "tipo__descricao": "Mo\u00e7\u00e3o", "autoria": "CORN\u00c9LIO C\u00c9ZAR KEMP MARCONDES", "texto_original": "http://sapl.garca.sp.leg.br/media/./sapl/public/materialegislativa/2007/41276/41276_texto_integral.doc", "ementa": "Apoio ao projeto de lei de autoria do ex-deputado Tilden Santiago, que altera artigos do C\u00f3digo Civil e compreende a guarda compartilhada dos filhos."}, {"id": "41277", "ano": "2007", "numero": "23", "tipo__sigla": "MOC", "tipo__descricao": "Mo\u00e7\u00e3o", "autoria": "WILSON ALVES (VI)", "texto_original": "http://sapl.garca.sp.leg.br/media/./sapl/public/materialegislativa/2007/41277/41277_texto_integral.doc", "ementa": "Congratula\u00e7\u00f5es e Aplausos \u00e0 bibliotec\u00e1ria garcense Rosane Fagotti Voss, escolhida para receber o pr\u00eamio \"Laura Russo 2007\"."}, {"id": "41278", "ano": "2007", "numero": "24", "tipo__sigla": "MOC", "tipo__descricao": "Mo\u00e7\u00e3o", "autoria": "CORN\u00c9LIO C\u00c9ZAR KEMP MARCONDES", "texto_original": "http://sapl.garca.sp.leg.br/media/./sapl/public/materialegislativa/2007/41278/41278_texto_integral.doc", "ementa": "Pesar pelo falecimento do Sr. Pedro Pietro Rodrigues, ex-Prefeito do munic\u00edpio de \u00c1lvaro de Carvalho."}, {"id": "41279", "ano": "2007", "numero": "25", "tipo__sigla": "MOC", "tipo__descricao": "Mo\u00e7\u00e3o", "autoria": "VALDEMAR ZIMIANI", "texto_original": "http://sapl.garca.sp.leg.br/media/./sapl/public/materialegislativa/2007/41279/41279_texto_integral.doc", "ementa": "Congratula\u00e7\u00f5es e Aplausos ao Munic\u00edpio de \u00c1lvaro de Carvalho pelo anivers\u00e1rio de emancipa\u00e7\u00e3o pol\u00edtico-administrativa."}, {"id": "41280", "ano": "2007", "numero": "26", "tipo__sigla": "MOC", "tipo__descricao": "Mo\u00e7\u00e3o", "autoria": "CORN\u00c9LIO C\u00c9ZAR KEMP MARCONDES", "texto_original": "http://sapl.garca.sp.leg.br/media/./sapl/public/materialegislativa/2007/41280/41280_texto_integral.doc", "ementa": "Congratula\u00e7\u00f5es e Aplausos \u00e0 equipe da RCG/Gar\u00e7a, pela conquista do tricampeonato da Copa SBT de Futsal."}, {"id": "1818", "ano": "2007", "numero": "1", "tipo__sigla": "PDL", "tipo__descricao": "Projeto de Decreto Legislativo", "autoria": "JOS\u00c9 MARIA PIOLA", "texto_original": "http://sapl.garca.sp.leg.br/media/", "ementa": "Concede o t\u00edtulo de \"Cidad\u00e3o Garcense\" ao Ms. Dr. JOS\u00c9 CARLOS GOMES DE OLIVEIRA, Diretor da FATEC - Gar\u00e7a."}, {"id": "1819", "ano": "2007", "numero": "2", "tipo__sigla": "PDL", "tipo__descricao": "Projeto de Decreto Legislativo", "autoria": "PEDRO HENRIQUE SCARTEZINI", "texto_original": "http://sapl.garca.sp.leg.br/media/", "ementa": "Concede o T\u00edtulo de \"Cidad\u00e3o Garcense\" ao Dr. Geraldo Jos\u00e9 Rodrigues Alckmin Filho, Ex-Governador do Estado de S\u00e3o Paulo."}, {"id": "1820", "ano": "2007", "numero": "3", "tipo__sigla": "PDL", "tipo__descricao": "Projeto de Decreto Legislativo", "autoria": "PEDRO HENRIQUE SCARTEZINI, MASSAO OGAWA", "texto_original": "http://sapl.garca.sp.leg.br/media/", "ementa": "Ratifica a decis\u00e3o do Tribunal de Justi\u00e7a do Estado de S\u00e3o Paulo, no tocante \u00e0 A\u00e7\u00e3o Direta de Inconstitucionalidade da cobran\u00e7a das taxas de coleta de lixo e limpeza de vias p\u00fablicas."}, {"id": "1821", "ano": "2007", "numero": "4", "tipo__sigla": "PDL", "tipo__descricao": "Projeto de Decreto Legislativo", "autoria": "PEDRO HENRIQUE SCARTEZINI, MASSAO OGAWA", "texto_original": "http://sapl.garca.sp.leg.br/media/", "ementa": "Contas da Prefeitura Municipal de Gar\u00e7a relativas ao exerc\u00edcio de 2005."}, {"id": "385", "ano": "2007", "numero": "1", "tipo__sigla": "PLO", "tipo__descricao": "Projeto de Lei Ordin\u00e1ria", "autoria": "JOS\u00c9 ALCIDES FANECO", "texto_original": "http://sapl.garca.sp.leg.br/media/", "ementa": "Autoriza doa\u00e7\u00e3o de \u00e1reas para instala\u00e7\u00e3o de empresas com atividades industriais no Distrito Industrial III e no Distrito Industrial \"L\u00facio de Oliveira Lima Sobrinho\"."}, {"id": "386", "ano": "2007", "numero": "2", "tipo__sigla": "PLO", "tipo__descricao": "Projeto de Lei Ordin\u00e1ria", "autoria": "JOS\u00c9 ALCIDES FANECO", "texto_original": "http://sapl.garca.sp.leg.br/media/", "ementa": "Autoriza abertura de cr\u00e9dito especial, no montante de R$ 867.000,00, visando a adequa\u00e7\u00e3o do or\u00e7amento do corrente exerc\u00edcio ao Projeto AUDESP do Tribunal de Contas do Estado de S\u00e3o Paulo."}, {"id": "387", "ano": "2007", "numero": "3", "tipo__sigla": "PLO", "tipo__descricao": "Projeto de Lei Ordin\u00e1ria", "autoria": "JOS\u00c9 ALCIDES FANECO", "texto_original": "http://sapl.garca.sp.leg.br/media/", "ementa": "Altera o Anexo X - Tabela de Refer\u00eancia Salarial - da Lei Municipal n\u00ba 3.414/2000 e suas altera\u00e7\u00f5es, corrigindo em 3,14% e acrescentando R$ 70,00 ao valor de cada refer\u00eancia num\u00e9rica."}, {"id": "388", "ano": "2007", "numero": "4", "tipo__sigla": "PLO", "tipo__descricao": "Projeto de Lei Ordin\u00e1ria", "autoria": "JOS\u00c9 ALCIDES FANECO", "texto_original": "http://sapl.garca.sp.leg.br/media/", "ementa": "Altera o Anexo I - Cargos de Provimento Efetivo, da Lei Municipal n\u00ba 3.414/2000 e suas altera\u00e7\u00f5es - Estrutura Administrativa da Prefeitura Municipal e autarquias, visando a cria\u00e7\u00e3o  e extin\u00e7\u00e3o de cargos."}, {"id": "389", "ano": "2007", "numero": "5", "tipo__sigla": "PLO", "tipo__descricao": "Projeto de Lei Ordin\u00e1ria", "autoria": "Mesa Diretora", "texto_original": "http://sapl.garca.sp.leg.br/media/", "ementa": "Altera o Anexo III - Escala de Vencimentos, da Lei Municipal n\u00ba 4.018/2006 -  Estrutura Administrativa da Secretaria da C\u00e2mara Municipal de Gar\u00e7a, corrigindo em 3,14% e acrescentando R$ 70,00 ao valor de cada refer\u00eancia num\u00e9rica."}, {"id": "390", "ano": "2007", "numero": "6", "tipo__sigla": "PLO", "tipo__descricao": "Projeto de Lei Ordin\u00e1ria", "autoria": "WILSON ALVES (VI)", "texto_original": "http://sapl.garca.sp.leg.br/media/", "ementa": "Altera a Lei Municipal n\u00ba 4.062/2007, que instituiu no Munic\u00edpio o \"Dia Municipal de Luta Contra o Racismo\"."}, {"id": "391", "ano": "2007", "numero": "7", "tipo__sigla": "PLO", "tipo__descricao": "Projeto de Lei Ordin\u00e1ria", "autoria": "Mesa Diretora", "texto_original": "http://sapl.garca.sp.leg.br/media/", "ementa": "Fixa o subs\u00eddio percebido pelo Prefeito Municipal e Vice-Prefeito, a partir de 1\u00ba de janeiro de 2007."}, {"id": "392", "ano": "2007", "numero": "8", "tipo__sigla": "PLO", "tipo__descricao": "Projeto de Lei Ordin\u00e1ria", "autoria": "Mesa Diretora", "texto_original": "http://sapl.garca.sp.leg.br/media/", "ementa": "Fixa o subs\u00eddio percebido pelos Secret\u00e1rios Municipais, a partir de 1\u00ba de janeiro de 2007."}, {"id": "393", "ano": "2007", "numero": "9", "tipo__sigla": "PLO", "tipo__descricao": "Projeto de Lei Ordin\u00e1ria", "autoria": "Mesa Diretora", "texto_original": "http://sapl.garca.sp.leg.br/media/", "ementa": "Fixa o subs\u00eddio percebido pelos Vereadores, a partir de 1\u00ba de janeiro de 2007."}, {"id": "394", "ano": "2007", "numero": "10", "tipo__sigla": "PLO", "tipo__descricao": "Projeto de Lei Ordin\u00e1ria", "autoria": "MASSAO OGAWA", "texto_original": "http://sapl.garca.sp.leg.br/media/", "ementa": "Autoriza a cassa\u00e7\u00e3o de alvar\u00e1 de funcionamento de dep\u00f3sito de ferro velho e estabelecimentos cong\u00eaneres, que comprovadamente exer\u00e7am atividades il\u00edcitas, na recep\u00e7\u00e3o, comercializa\u00e7\u00e3o e reutiliza\u00e7\u00e3o de objetos de metal e bronze, ferro, fios e cabos de cobre."}, {"id": "395", "ano": "2007", "numero": "11", "tipo__sigla": "PLO", "tipo__descricao": "Projeto de Lei Ordin\u00e1ria", "autoria": "MASSAO OGAWA", "texto_original": "http://sapl.garca.sp.leg.br/media/", "ementa": "Institui no Munic\u00edpio o \"Dia do Profissional da Educa\u00e7\u00e3o F\u00edsica\"."}, {"id": "396", "ano": "2007", "numero": "12", "tipo__sigla": "PLO", "tipo__descricao": "Projeto de Lei Ordin\u00e1ria", "autoria": "CORN\u00c9LIO C\u00c9ZAR KEMP MARCONDES", "texto_original": "http://sapl.garca.sp.leg.br/media/", "ementa": "Declara de Utilidade P\u00fablica Municipal a Igreja Pentecostal Vida Nova."}, {"id": "397", "ano": "2007", "numero": "13", "tipo__sigla": "PLO", "tipo__descricao": "Projeto de Lei Ordin\u00e1ria", "autoria": "PEDRO HENRIQUE SCARTEZINI", "texto_original": "http://sapl.garca.sp.leg.br/media/", "ementa": "Altera a Lei Municipal n\u00ba 3.475/2001, que regulamentou o parcelamento do solo urbano."}, {"id": "398", "ano": "2007", "numero": "14", "tipo__sigla": "PLO", "tipo__descricao": "Projeto de Lei Ordin\u00e1ria", "autoria": "JOS\u00c9 ALCIDES FANECO", "texto_original": "http://sapl.garca.sp.leg.br/media/", "ementa": "Autoriza o Munic\u00edpio a doar ao Servi\u00e7o Social da Ind\u00fastria - SESI, uma \u00e1rea de terra para a constru\u00e7\u00e3o, instala\u00e7\u00e3o e operacionaliza\u00e7\u00e3o de Centro Educacional. "}, {"id": "399", "ano": "2007", "numero": "15", "tipo__sigla": "PLO", "tipo__descricao": "Projeto de Lei Ordin\u00e1ria", "autoria": "JOS\u00c9 ALCIDES FANECO", "texto_original": "http://sapl.garca.sp.leg.br/media/", "ementa": "Altera a Lei Municipal n\u00ba 3.434/2000, que concedeu uso de im\u00f3vel que especifica \u00e0 Comunidade Evang\u00e9lica P\u00e3o da Vida, passando-o para a entidade religiosa denominada Congrega\u00e7\u00e3o Crist\u00e3 no Brasil."}, {"id": "400", "ano": "2007", "numero": "16", "tipo__sigla": "PLO", "tipo__descricao": "Projeto de Lei Ordin\u00e1ria", "autoria": "JOS\u00c9 ALCIDES FANECO", "texto_original": "http://sapl.garca.sp.leg.br/media/", "ementa": "Autoriza o Munic\u00edpio a alienar os im\u00f3veis que especifica atrav\u00e9s de licita\u00e7\u00e3o na modalidade de Concorr\u00eancia P\u00fablica."}, {"id": "401", "ano": "2007", "numero": "17", "tipo__sigla": "PLO", "tipo__descricao": "Projeto de Lei Ordin\u00e1ria", "autoria": "JOS\u00c9 ALCIDES FANECO", "texto_original": "http://sapl.garca.sp.leg.br/media/", "ementa": "Revoga a Lei Municipal n\u00ba 3.281/98, que expandiu \u00e1rea urbana da sede do Munic\u00edpio."}, {"id": "402", "ano": "2007", "numero": "18", "tipo__sigla": "PLO", "tipo__descricao": "Projeto de Lei Ordin\u00e1ria", "autoria": "MASSAO OGAWA", "texto_original": "http://sapl.garca.sp.leg.br/media/", "ementa": "Institui no Calend\u00e1rio Oficial do Munic\u00edpio a \"Semana da Mulher\", a ser comemorada anualmente no m\u00eas de mar\u00e7o."}, {"id": "404", "ano": "2007", "numero": "19", "tipo__sigla": "PLO", "tipo__descricao": "Projeto de Lei Ordin\u00e1ria", "autoria": "JOS\u00c9 ALCIDES FANECO", "texto_original": "http://sapl.garca.sp.leg.br/media/", "ementa": "Altera reda\u00e7\u00e3o da Lei Municipal n\u00ba 4.072/2007, que autorizou o Munic\u00edpio doar \u00e1rea ao Servi\u00e7o Social da Ind\u00fastria - SESI para constru\u00e7\u00e3o de Centro Educacional."}, {"id": "403", "ano": "2007", "numero": "20", "tipo__sigla": "PLO", "tipo__descricao": "Projeto de Lei Ordin\u00e1ria", "autoria": "CORN\u00c9LIO C\u00c9ZAR KEMP MARCONDES", "texto_original": "http://sapl.garca.sp.leg.br/media/", "ementa": "Declara de utilidade p\u00fablica a Associa\u00e7\u00e3o Assistencial Vida Nova."}, {"id": "405", "ano": "2007", "numero": "21", "tipo__sigla": "PLO", "tipo__descricao": "Projeto de Lei Ordin\u00e1ria", "autoria": "JOS\u00c9 ALCIDES FANECO", "texto_original": "http://sapl.garca.sp.leg.br/media/", "ementa": "Autoriza a abertura de cr\u00e9dito especial no valor de R$ 49.218,14 para pagamento de despesas referentes a exerc\u00edcios anteriores. "}, {"id": "406", "ano": "2007", "numero": "22", "tipo__sigla": "PLO", "tipo__descricao": "Projeto de Lei Ordin\u00e1ria", "autoria": "JOS\u00c9 ALCIDES FANECO", "texto_original": "http://sapl.garca.sp.leg.br/media/", "ementa": "Autoriza a cria\u00e7\u00e3o do Conselho Municipal de Acompanhamento e Controle Social do Fundo de Manuten\u00e7\u00e3o e Desenvolvimento da Educa\u00e7\u00e3o B\u00e1sica e de Valoriza\u00e7\u00e3o dos Profissionais da Educa\u00e7\u00e3o - Conselho do FUNDEB."}, {"id": "407", "ano": "2007", "numero": "23", "tipo__sigla": "PLO", "tipo__descricao": "Projeto de Lei Ordin\u00e1ria", "autoria": "JOS\u00c9 ALCIDES FANECO", "texto_original": "http://sapl.garca.sp.leg.br/media/", "ementa": "Altera a Lei Municipal n\u00ba 1.420/73, que disp\u00f5e sobre o custeio de despesas de transportes com alunos de n\u00edvel universit\u00e1rio."}, {"id": "408", "ano": "2007", "numero": "24", "tipo__sigla": "PLO", "tipo__descricao": "Projeto de Lei Ordin\u00e1ria", "autoria": "JOS\u00c9 ALCIDES FANECO", "texto_original": "http://sapl.garca.sp.leg.br/media/", "ementa": "Altera a Lei Municipal n\u00ba 2.681/91, que disp\u00f5e sobre a concess\u00e3o de aposentadoria aos servidores municipais, no tocante \u00e0 contribui\u00e7\u00e3o previdenci\u00e1ria mensal do Munic\u00edpio ao IAPEN."}, {"id": "409", "ano": "2007", "numero": "25", "tipo__sigla": "PLO", "tipo__descricao": "Projeto de Lei Ordin\u00e1ria", "autoria": "JOS\u00c9 ALCIDES FANECO", "texto_original": "http://sapl.garca.sp.leg.br/media/", "ementa": "Altera a Lei Municipal n\u00ba 2.785/92, que criou o IAPEN, no tocante a contribui\u00e7\u00e3o previdenci\u00e1ria mensal do Munic\u00edpio."}, {"id": "410", "ano": "2007", "numero": "26", "tipo__sigla": "PLO", "tipo__descricao": "Projeto de Lei Ordin\u00e1ria", "autoria": "CORN\u00c9LIO C\u00c9ZAR KEMP MARCONDES", "texto_original": "http://sapl.garca.sp.leg.br/media/", "ementa": "Institui no Calend\u00e1rio Oficial do Munic\u00edpio o \"Dia do Lions Clube\", a ser comemorado anualmente no dia 16 de abril."}, {"id": "411", "ano": "2007", "numero": "27", "tipo__sigla": "PLO", "tipo__descricao": "Projeto de Lei Ordin\u00e1ria", "autoria": "JOS\u00c9 MARIA PIOLA", "texto_original": "http://sapl.garca.sp.leg.br/media/", "ementa": "Pro\u00edbe o ingresso ou perman\u00eancia de pessoa utilizando capacete, gorro ou qualquer tipo de cobertura que oculte a face, nos estabelecimentos comerciais, p\u00fablicos ou abertos ao p\u00fablico."}, {"id": "413", "ano": "2007", "numero": "28", "tipo__sigla": "PLO", "tipo__descricao": "Projeto de Lei Ordin\u00e1ria", "autoria": "", "texto_original": "http://sapl.garca.sp.leg.br/media/", "ementa": "Altera a Lei Municipal n\u00ba 2.627/91 - C\u00f3digo Municipal de Posturas - disciplinando o recolhimento e a acomoda\u00e7\u00e3o de lixo domiciliar nos passeios p\u00fablicos."}, {"id": "414", "ano": "2007", "numero": "29", "tipo__sigla": "PLO", "tipo__descricao": "Projeto de Lei Ordin\u00e1ria", "autoria": "", "texto_original": "http://sapl.garca.sp.leg.br/media/", "ementa": "Autoriza o Munic\u00edpio declarar de utilidade p\u00fablica, para fins de desapropria\u00e7\u00e3o o im\u00f3vel que especifica."}, {"id": "415", "ano": "2007", "numero": "30", "tipo__sigla": "PLO", "tipo__descricao": "Projeto de Lei Ordin\u00e1ria", "autoria": "", "texto_original": "http://sapl.garca.sp.leg.br/media/", "ementa": "Concede novo prazo para recolhimento da primeira parcela do Acordo de Parcelamento de D\u00e9bitos firmado nos termos da Lei Municipal n\u00ba 4.039/2006."}, {"id": "412", "ano": "2007", "numero": "31", "tipo__sigla": "PLO", "tipo__descricao": "Projeto de Lei Ordin\u00e1ria", "autoria": "", "texto_original": "http://sapl.garca.sp.leg.br/media/", "ementa": "Desafeta \u00e1rea de 2.100,97m2 da faixa \"Non Aedificandi\" do Distrito Industrial \"L\u00facio de Oliveira Lima Sobrinho\", destinada a adequa\u00e7\u00e3o e incorpora\u00e7\u00e3o no sistema vi\u00e1rio da Avenida Vereador An\u00e9zio Telles."}, {"id": "416", "ano": "2007", "numero": "32", "tipo__sigla": "PLO", "tipo__descricao": "Projeto de Lei Ordin\u00e1ria", "autoria": "", "texto_original": "http://sapl.garca.sp.leg.br/media/", "ementa": "Desafeta \u00e1rea de 1.274,83m2 da Avenida Ver. An\u00e9zio Telles, no Distrito Industrial \"L\u00facio de Oliveira Lima Sobrinho\", destinada a expans\u00e3o das \u00e1reas dos lotes da quadra G (Lotes 11, 12 e 13)."}, {"id": "417", "ano": "2007", "numero": "33", "tipo__sigla": "PLO", "tipo__descricao": "Projeto de Lei Ordin\u00e1ria", "autoria": "JOS\u00c9 MARIA PIOLA", "texto_original": "http://sapl.garca.sp.leg.br/media/", "ementa": "Institui no Munic\u00edpio o projeto \"Uma Crian\u00e7a, uma \u00c1rvore\"."}, {"id": "418", "ano": "2007", "numero": "34", "tipo__sigla": "PLO", "tipo__descricao": "Projeto de Lei Ordin\u00e1ria", "autoria": "MARCOS LOPES MIRANDA", "texto_original": "http://sapl.garca.sp.leg.br/media/", "ementa": "Estabelece a\u00e7\u00f5es e diretrizes voltadas \u00e0 prote\u00e7\u00e3o e incentivo ao aleitamento materno no Munic\u00edpio."}, {"id": "419", "ano": "2007", "numero": "35", "tipo__sigla": "PLO", "tipo__descricao": "Projeto de Lei Ordin\u00e1ria", "autoria": "ADAMIR MAUR\u00cdCIO DE BARROS", "texto_original": "http://sapl.garca.sp.leg.br/media/", "ementa": "Altera a Lei Municipal n\u00ba 3.416/2000, estabelecendo a obrigatoriedade da execu\u00e7\u00e3o do Hino \u00e0 Gar\u00e7a nas solenidades oficiais do Munic\u00edpio."}, {"id": "420", "ano": "2007", "numero": "36", "tipo__sigla": "PLO", "tipo__descricao": "Projeto de Lei Ordin\u00e1ria", "autoria": "MASSAO OGAWA", "texto_original": "http://sapl.garca.sp.leg.br/media/", "ementa": "Institui no calend\u00e1rio de comemora\u00e7\u00f5es oficiais do Munic\u00edpio, a Semana e o Dia da \u00c1gua."}, {"id": "421", "ano": "2007", "numero": "37", "tipo__sigla": "PLO", "tipo__descricao": "Projeto de Lei Ordin\u00e1ria", "autoria": "MASSAO OGAWA", "texto_original": "http://sapl.garca.sp.leg.br/media/", "ementa": "Institui no Calend\u00e1rio Oficial do Munic\u00edpio a \"Semana do Meio Ambiente\"."}, {"id": "422", "ano": "2007", "numero": "38", "tipo__sigla": "PLO", "tipo__descricao": "Projeto de Lei Ordin\u00e1ria", "autoria": "JOS\u00c9 ALCIDES FANECO", "texto_original": "http://sapl.garca.sp.leg.br/media/", "ementa": "Autoriza doa\u00e7\u00e3o de \u00e1reas para instala\u00e7\u00e3o de empresas com atividades industriais no \"Distrito Industrial III\"."}, {"id": "423", "ano": "2007", "numero": "39", "tipo__sigla": "PLO", "tipo__descricao": "Projeto de Lei Ordin\u00e1ria", "autoria": "JOS\u00c9 ALCIDES FANECO", "texto_original": "http://sapl.garca.sp.leg.br/media/", "ementa": "Altera os Anexos II da Lei Municipal n\u00ba 3.883/2005 (Plano Plurianual) e da Lei Municipal n\u00ba 4.010/2006 (Diretrizes Or\u00e7ament\u00e1rias), incluindo programa/objetivo relacionado \u00e0 aquisi\u00e7\u00e3o de maquin\u00e1rios e equipamentos."}, {"id": "424", "ano": "2007", "numero": "40", "tipo__sigla": "PLO", "tipo__descricao": "Projeto de Lei Ordin\u00e1ria", "autoria": "ADAMIR MAUR\u00cdCIO DE BARROS", "texto_original": "http://sapl.garca.sp.leg.br/media/", "ementa": "Declara de utilidade p\u00fablica a Associa\u00e7\u00e3o de Bairro Unidos Jardim S\u00e3o Lucas."}, {"id": "425", "ano": "2007", "numero": "41", "tipo__sigla": "PLO", "tipo__descricao": "Projeto de Lei Ordin\u00e1ria", "autoria": "WILSON ALVES (VI)", "texto_original": "http://sapl.garca.sp.leg.br/media/", "ementa": "Institui no Calend\u00e1rio Oficial do Munic\u00edpio, o \"Dia Municipal do Volunt\u00e1rio Social\"."}, {"id": "426", "ano": "2007", "numero": "42", "tipo__sigla": "PLO", "tipo__descricao": "Projeto de Lei Ordin\u00e1ria", "autoria": "JOS\u00c9 ALCIDES FANECO", "texto_original": "http://sapl.garca.sp.leg.br/media/", "ementa": "Autoriza o Munic\u00edpio a alienar os im\u00f3veis que especificam, atrav\u00e9s de licita\u00e7\u00e3o na modalidade Concorr\u00eancia P\u00fablica."}, {"id": "427", "ano": "2007", "numero": "43", "tipo__sigla": "PLO", "tipo__descricao": "Projeto de Lei Ordin\u00e1ria", "autoria": "JOS\u00c9 ALCIDES FANECO", "texto_original": "http://sapl.garca.sp.leg.br/media/./sapl/public/materialegislativa/2007/427/427_texto_integral.doc", "ementa": "Autoriza o Executivo a abrir um cr\u00e9dito especial, no montante de R$ 220.000,00 destinado a cobrir despesas com amplia\u00e7\u00e3o e reforma do pr\u00e9dio do p\u00f3lo de arte do Centro Integrado de Educa\u00e7\u00e3o - CIE."}, {"id": "428", "ano": "2007", "numero": "44", "tipo__sigla": "PLO", "tipo__descricao": "Projeto de Lei Ordin\u00e1ria", "autoria": "JOS\u00c9 ALCIDES FANECO", "texto_original": "http://sapl.garca.sp.leg.br/media/./sapl/public/materialegislativa/2007/428/428_texto_integral.doc", "ementa": "Altera a Lei Municipal n\u00ba 3.791/2004, que autoriza a concess\u00e3o de uso do Centro Esportivo e Social ao Sindicato dos Servidores P\u00fablicos Municipais, prorrogando-se o prazo para seu uso."}, {"id": "429", "ano": "2007", "numero": "45", "tipo__sigla": "PLO", "tipo__descricao": "Projeto de Lei Ordin\u00e1ria", "autoria": "JOS\u00c9 ALCIDES FANECO", "texto_original": "http://sapl.garca.sp.leg.br/media/./sapl/public/materialegislativa/2007/429/429_texto_integral.doc", "ementa": "Disp\u00f5e sobre as Diretrizes Or\u00e7ament\u00e1rias para o exerc\u00edcio financeiro de 2008."}, {"id": "430", "ano": "2007", "numero": "46", "tipo__sigla": "PLO", "tipo__descricao": "Projeto de Lei Ordin\u00e1ria", "autoria": "ADAMIR MAUR\u00cdCIO DE BARROS", "texto_original": "http://sapl.garca.sp.leg.br/media/./sapl/public/materialegislativa/2007/430/430_texto_integral.doc", "ementa": "Altera a Lei Municipal n\u00ba 808/63, que disciplinou a concess\u00e3o do t\u00edtulo de \"Cidad\u00e3o Garcense\"."}, {"id": "431", "ano": "2007", "numero": "47", "tipo__sigla": "PLO", "tipo__descricao": "Projeto de Lei Ordin\u00e1ria", "autoria": "JOS\u00c9 ALCIDES FANECO", "texto_original": "http://sapl.garca.sp.leg.br/media/./sapl/public/materialegislativa/2007/431/431_texto_integral.doc", "ementa": "Altera a Lei Municipal n\u00ba 3.414/2000 - Estrutura Administrativa da Prefeitura Municipal e autarquias, propondo a cria\u00e7\u00e3o e extin\u00e7\u00e3o de cargos."}, {"id": "432", "ano": "2007", "numero": "48", "tipo__sigla": "PLO", "tipo__descricao": "Projeto de Lei Ordin\u00e1ria", "autoria": "JOS\u00c9 MARIA PIOLA", "texto_original": "http://sapl.garca.sp.leg.br/media/./sapl/public/materialegislativa/2007/432/432_texto_integral.doc", "ementa": "Altera o artigo 309 da Lei Municipal n\u00ba 3.220/97 - C\u00f3digo Tribut\u00e1rio Municipal, no tocante \u00e0 imunidade tribut\u00e1ria para pintura de letreiros em muros para divulga\u00e7\u00e3o de campanhas de interesse p\u00fablico."}, {"id": "433", "ano": "2007", "numero": "49", "tipo__sigla": "PLO", "tipo__descricao": "Projeto de Lei Ordin\u00e1ria", "autoria": "JOS\u00c9 ALCIDES FANECO", "texto_original": "http://sapl.garca.sp.leg.br/media/./sapl/public/materialegislativa/2007/433/433_texto_integral.doc", "ementa": "Autoriza abertura de um cr\u00e9dito especial, no montante de R$ 2.216,02, destinado ao pagamento a servidores municipais de diferen\u00e7as salariais referente ao exerc\u00edcio de 2006."}, {"id": "434", "ano": "2007", "numero": "50", "tipo__sigla": "PLO", "tipo__descricao": "Projeto de Lei Ordin\u00e1ria", "autoria": "JOS\u00c9 ALCIDES FANECO", "texto_original": "http://sapl.garca.sp.leg.br/media/./sapl/public/materialegislativa/2007/434/434_texto_integral.doc", "ementa": "Altera a natureza de utiliza\u00e7\u00e3o de lote do Conjunto Habitacional \"Deputado Luiz Eduardo Magalh\u00e3es\", passando de uso residencial para misto (residencial e comercial)."}, {"id": "435", "ano": "2007", "numero": "51", "tipo__sigla": "PLO", "tipo__descricao": "Projeto de Lei Ordin\u00e1ria", "autoria": "JOS\u00c9 ALCIDES FANECO", "texto_original": "http://sapl.garca.sp.leg.br/media/./sapl/public/materialegislativa/2007/435/435_texto_integral.doc", "ementa": "Autoriza a celebra\u00e7\u00e3o de parcerias com pessoas f\u00edsicas e ou jur\u00eddicas, para execu\u00e7\u00e3o e constru\u00e7\u00e3o de sistemas de drenagem de \u00e1guas pluviais em \u00e1reas do Munic\u00edpio."}, {"id": "436", "ano": "2007", "numero": "52", "tipo__sigla": "PLO", "tipo__descricao": "Projeto de Lei Ordin\u00e1ria", "autoria": "JOS\u00c9 ALCIDES FANECO", "texto_original": "http://sapl.garca.sp.leg.br/media/./sapl/public/materialegislativa/2007/436/436_texto_integral.doc", "ementa": "Autoriza o Munic\u00edpio a alienar os im\u00f3veis que especifica, atrav\u00e9s de licita\u00e7\u00e3o na modalidade Concorr\u00eancia P\u00fablica."}, {"id": "437", "ano": "2007", "numero": "53", "tipo__sigla": "PLO", "tipo__descricao": "Projeto de Lei Ordin\u00e1ria", "autoria": "JOS\u00c9 MARIA PIOLA", "texto_original": "http://sapl.garca.sp.leg.br/media/./sapl/public/materialegislativa/2007/437/437_texto_integral.doc", "ementa": "Pro\u00edbe o ingresso ou perman\u00eancia de pessoa utilizando capacete, capuzes ou qualquer tipo de cobertura que oculte a face, nos estabelecimentos comerciais, p\u00fablicos ou abertos ao p\u00fablico."}, {"id": "438", "ano": "2007", "numero": "54", "tipo__sigla": "PLO", "tipo__descricao": "Projeto de Lei Ordin\u00e1ria", "autoria": "SEBASTI\u00c3O TOLDATO GALEGO", "texto_original": "http://sapl.garca.sp.leg.br/media/./sapl/public/materialegislativa/2007/438/438_texto_integral.doc", "ementa": "Altera a Lei Municipal n\u00ba 4.006/2006, que obriga a instala\u00e7\u00e3o de porta eletr\u00f4nica girat\u00f3ria, nas ag\u00eancias banc\u00e1rias do Munic\u00edpio."}, {"id": "439", "ano": "2007", "numero": "55", "tipo__sigla": "PLO", "tipo__descricao": "Projeto de Lei Ordin\u00e1ria", "autoria": "MASSAO OGAWA", "texto_original": "http://sapl.garca.sp.leg.br/media/./sapl/public/materialegislativa/2007/439/439_texto_integral.doc", "ementa": "Institui no Munic\u00edpio a Campanha de Preven\u00e7\u00e3o e Orienta\u00e7\u00e3o \u00e0s Doen\u00e7as do Sono no Munic\u00edpio e d\u00e1 outras provid\u00eancias."}, {"id": "440", "ano": "2007", "numero": "56", "tipo__sigla": "PLO", "tipo__descricao": "Projeto de Lei Ordin\u00e1ria", "autoria": "JOS\u00c9 ALCIDES FANECO", "texto_original": "http://sapl.garca.sp.leg.br/media/./sapl/public/materialegislativa/2007/440/440_texto_integral.doc", "ementa": "Autoriza a celebra\u00e7\u00e3o de conv\u00eanio com o Fehidro, objetivando a elabora\u00e7\u00e3o de estudos e investiga\u00e7\u00f5es t\u00e9cnicas para embasamento da formula\u00e7\u00e3o do Plano Diretor Macro-Drenagem do Munic\u00edpio."}, {"id": "441", "ano": "2007", "numero": "57", "tipo__sigla": "PLO", "tipo__descricao": "Projeto de Lei Ordin\u00e1ria", "autoria": "JOS\u00c9 ALCIDES FANECO", "texto_original": "http://sapl.garca.sp.leg.br/media/./sapl/public/materialegislativa/2007/441/441_texto_integral.doc", "ementa": "Altera a Lei Municipal n\u00ba 3.414/2000 - Estrutura Administrativa da Prefeitura Municipal e Autarquias, transferindo o Departamento de Cultura para a Secretaria Municipal de Ind\u00fastria, Com\u00e9rcio e Turismo."}, {"id": "442", "ano": "2007", "numero": "58", "tipo__sigla": "PLO", "tipo__descricao": "Projeto de Lei Ordin\u00e1ria", "autoria": "JOS\u00c9 ALCIDES FANECO", "texto_original": "http://sapl.garca.sp.leg.br/media/./sapl/public/materialegislativa/2007/442/442_texto_integral.doc", "ementa": "Institui a Pol\u00edtica Municipal de Recursos H\u00eddricos de prote\u00e7\u00e3o da microbacia do C\u00f3rrego Barreiro."}, {"id": "443", "ano": "2007", "numero": "59", "tipo__sigla": "PLO", "tipo__descricao": "Projeto de Lei Ordin\u00e1ria", "autoria": "JOS\u00c9 ALCIDES FANECO", "texto_original": "http://sapl.garca.sp.leg.br/media/./sapl/public/materialegislativa/2007/443/443_texto_integral.doc", "ementa": "Autoriza a cria\u00e7\u00e3o das fun\u00e7\u00f5es de Agente Comunit\u00e1rio de Sa\u00fade - ACS e de Agente de Combate \u00e0s Endemias - ACE, no Munic\u00edpio."}, {"id": "444", "ano": "2007", "numero": "60", "tipo__sigla": "PLO", "tipo__descricao": "Projeto de Lei Ordin\u00e1ria", "autoria": "JOS\u00c9 ALCIDES FANECO", "texto_original": "http://sapl.garca.sp.leg.br/media/./sapl/public/materialegislativa/2007/444/444_texto_integral.doc", "ementa": "Autoriza celebra\u00e7\u00e3o de conv\u00eanio com o Tribunal de Justi\u00e7a do Estado de S\u00e3o Paulo, objetivando a pintura externa das instala\u00e7\u00f5es do F\u00f3rum local."}, {"id": "445", "ano": "2007", "numero": "61", "tipo__sigla": "PLO", "tipo__descricao": "Projeto de Lei Ordin\u00e1ria", "autoria": "JOS\u00c9 ALCIDES FANECO", "texto_original": "http://sapl.garca.sp.leg.br/media/./sapl/public/materialegislativa/2007/445/445_texto_integral.doc", "ementa": "Autoriza a cria\u00e7\u00e3o do Fundo de Manuten\u00e7\u00e3o e Desenvolvimento da Educa\u00e7\u00e3o B\u00e1sica e de Valoriza\u00e7\u00e3o dos Profissionais da Educa\u00e7\u00e3o - FUNDEB."}, {"id": "448", "ano": "2007", "numero": "62", "tipo__sigla": "PLO", "tipo__descricao": "Projeto de Lei Ordin\u00e1ria", "autoria": "JOS\u00c9 ALCIDES FANECO", "texto_original": "http://sapl.garca.sp.leg.br/media/./sapl/public/materialegislativa/2007/448/448_texto_integral.doc", "ementa": "Autoriza concess\u00e3o de uso de logradouro p\u00fablico ao Grupo Esp\u00edrita Fraternidade."}, {"id": "446", "ano": "2007", "numero": "63", "tipo__sigla": "PLO", "tipo__descricao": "Projeto de Lei Ordin\u00e1ria", "autoria": "JOS\u00c9 ALCIDES FANECO", "texto_original": "http://sapl.garca.sp.leg.br/media/./sapl/public/materialegislativa/2007/446/446_texto_integral.doc", "ementa": "Expande \u00e1rea urbana da sede do Munic\u00edpio."}, {"id": "447", "ano": "2007", "numero": "64", "tipo__sigla": "PLO", "tipo__descricao": "Projeto de Lei Ordin\u00e1ria", "autoria": "JOS\u00c9 ALCIDES FANECO", "texto_original": "http://sapl.garca.sp.leg.br/media/./sapl/public/materialegislativa/2007/447/447_texto_integral.doc", "ementa": "Autoriza doa\u00e7\u00e3o de \u00e1rea \u00e0 empresa \"Ind\u00fastria de Alimenta\u00e7\u00e3o Monjolinho Ltda.\"."}, {"id": "449", "ano": "2007", "numero": "65", "tipo__sigla": "PLO", "tipo__descricao": "Projeto de Lei Ordin\u00e1ria", "autoria": "JOS\u00c9 ALCIDES FANECO", "texto_original": "http://sapl.garca.sp.leg.br/media/./sapl/public/materialegislativa/2007/449/449_texto_integral.doc", "ementa": "Revoga as Leis Municipais n\u00bas 3.426/2000 e 3.450/2000, que autorizou a concess\u00e3o de direito real de uso de im\u00f3veis."}, {"id": "450", "ano": "2007", "numero": "66", "tipo__sigla": "PLO", "tipo__descricao": "Projeto de Lei Ordin\u00e1ria", "autoria": "JOS\u00c9 ALCIDES FANECO", "texto_original": "http://sapl.garca.sp.leg.br/media/./sapl/public/materialegislativa/2007/450/450_texto_integral.doc", "ementa": "Regulamenta as atividades de estabelecimentos de Cyber-Caf\u00e9, Cyber-Offices e Lan-House."}, {"id": "451", "ano": "2007", "numero": "67", "tipo__sigla": "PLO", "tipo__descricao": "Projeto de Lei Ordin\u00e1ria", "autoria": "JOS\u00c9 ALCIDES FANECO", "texto_original": "http://sapl.garca.sp.leg.br/media/./sapl/public/materialegislativa/2007/451/451_texto_integral.doc", "ementa": "Estabelece normas de prote\u00e7\u00e3o contra inc\u00eandios no Munic\u00edpio e d\u00e1 outras provid\u00eancias."}, {"id": "452", "ano": "2007", "numero": "68", "tipo__sigla": "PLO", "tipo__descricao": "Projeto de Lei Ordin\u00e1ria", "autoria": "JOS\u00c9 ALCIDES FANECO", "texto_original": "http://sapl.garca.sp.leg.br/media/./sapl/public/materialegislativa/2007/452/452_texto_integral.doc", "ementa": "Autoriza abertura de um cr\u00e9dito especial, no montante de R$ 1.552,67, destinado ao pagamento de diferen\u00e7as salariais de servidores municipais e contribui\u00e7\u00e3o ao IAPEN, do exerc\u00edcio de 2006."}, {"id": "453", "ano": "2007", "numero": "69", "tipo__sigla": "PLO", "tipo__descricao": "Projeto de Lei Ordin\u00e1ria", "autoria": "JOS\u00c9 ALCIDES FANECO", "texto_original": "http://sapl.garca.sp.leg.br/media/./sapl/public/materialegislativa/2007/453/453_texto_integral.doc", "ementa": "Altera o artigo 4\u00ba da Lei Municipal n\u00ba 4.106/2007, que autorizou a celebra\u00e7\u00e3o de conv\u00eanio com o Fehidro, objetivando a elabora\u00e7\u00e3o de estudos e investiga\u00e7\u00f5es t\u00e9cnicas para embasamento da formula\u00e7\u00e3o do Plano Diretor Macro-Drenagem do Munic\u00edpio."}, {"id": "454", "ano": "2007", "numero": "70", "tipo__sigla": "PLO", "tipo__descricao": "Projeto de Lei Ordin\u00e1ria", "autoria": "JOS\u00c9 ALCIDES FANECO", "texto_original": "http://sapl.garca.sp.leg.br/media/", "ementa": "Altera a natureza de utiliza\u00e7\u00e3o de lote do Bairro Gar\u00e7a I - Setor II, passando de uso residencial para misto (residencial e comercial)."}, {"id": "455", "ano": "2007", "numero": "71", "tipo__sigla": "PLO", "tipo__descricao": "Projeto de Lei Ordin\u00e1ria", "autoria": "JOS\u00c9 ALCIDES FANECO", "texto_original": "http://sapl.garca.sp.leg.br/media/./sapl/public/materialegislativa/2007/455/455_texto_integral.doc", "ementa": "Altera a Lei Municipal n\u00ba 3.516/2001 - que disciplina o uso de solo p\u00fablico em \u00e1rea denominada \"Zona Azul\" para estacionamento de ve\u00edculos automotores, acrescenta artigo e d\u00e1 outras provid\u00eancias."}, {"id": "456", "ano": "2007", "numero": "72", "tipo__sigla": "PLO", "tipo__descricao": "Projeto de Lei Ordin\u00e1ria", "autoria": "JOS\u00c9 ALCIDES FANECO", "texto_original": "http://sapl.garca.sp.leg.br/media/./sapl/public/materialegislativa/2007/456/456_texto_integral.doc", "ementa": "Autoriza o Executivo a celebrar conv\u00eanio com o Estado de S\u00e3o Paulo, por interm\u00e9dio da Secretaria Estadual de Assist\u00eancia e Desenvolvimento Social e d\u00e1 outras provid\u00eancias."}, {"id": "459", "ano": "2007", "numero": "73", "tipo__sigla": "PLO", "tipo__descricao": "Projeto de Lei Ordin\u00e1ria", "autoria": "ADAMIR MAUR\u00cdCIO DE BARROS", "texto_original": "http://sapl.garca.sp.leg.br/media/./sapl/public/materialegislativa/2007/459/459_texto_integral.doc", "ementa": "Disciplina o estacionamento de caminh\u00f5es para carga e descarga no per\u00edmetro central da cidade."}, {"id": "457", "ano": "2007", "numero": "74", "tipo__sigla": "PLO", "tipo__descricao": "Projeto de Lei Ordin\u00e1ria", "autoria": "JOS\u00c9 ALCIDES FANECO", "texto_original": "http://sapl.garca.sp.leg.br/media/./sapl/public/materialegislativa/2007/457/457_texto_integral.doc", "ementa": "Revoga a Lei Municipal n\u00ba 3.724/2004, que desafetou \u00e1rea de via p\u00fablica - Rua S\u00e3o Jo\u00e3o, e d\u00e1 outras provid\u00eancias."}, {"id": "458", "ano": "2007", "numero": "75", "tipo__sigla": "PLO", "tipo__descricao": "Projeto de Lei Ordin\u00e1ria", "autoria": "JOS\u00c9 ALCIDES FANECO", "texto_original": "http://sapl.garca.sp.leg.br/media/./sapl/public/materialegislativa/2007/458/458_texto_integral.doc", "ementa": "Autoriza abertura de um cr\u00e9dito especial no montante de R$ 369.000,00, destinado ao custeio das despesas do FUNDEB e conseq\u00fcente adequa\u00e7\u00e3o das dota\u00e7\u00f5es or\u00e7ament\u00e1rias da Secretaria Municipal de Educa\u00e7\u00e3o para utiliza\u00e7\u00e3o dos recursos do referido fundo."}, {"id": "460", "ano": "2007", "numero": "76", "tipo__sigla": "PLO", "tipo__descricao": "Projeto de Lei Ordin\u00e1ria", "autoria": "JOS\u00c9 ALCIDES FANECO", "texto_original": "http://sapl.garca.sp.leg.br/media/./sapl/public/materialegislativa/2007/460/460_texto_integral.doc", "ementa": "Altera o Anexo III da Lei Municipal n\u00ba. 4.010/2006 - Lei de Diretrizes Or\u00e7ament\u00e1rias, concedendo subven\u00e7\u00e3o no valor de R$ 5.000,00 para cada Associa\u00e7\u00e3o de Pais e Mestres de escolas em funcionamento no Munic\u00edpio."}, {"id": "461", "ano": "2007", "numero": "77", "tipo__sigla": "PLO", "tipo__descricao": "Projeto de Lei Ordin\u00e1ria", "autoria": "JOS\u00c9 ALCIDES FANECO", "texto_original": "http://sapl.garca.sp.leg.br/media/./sapl/public/materialegislativa/2007/461/461_texto_integral.doc", "ementa": "Denomina o Gin\u00e1sio de Esportes do Centro Integrado de Educa\u00e7\u00e3o - P\u00f3lo Esportes, de \"Jo\u00e3o Gonz\u00e1les\"."}, {"id": "462", "ano": "2007", "numero": "78", "tipo__sigla": "PLO", "tipo__descricao": "Projeto de Lei Ordin\u00e1ria", "autoria": "JOS\u00c9 ALCIDES FANECO", "texto_original": "http://sapl.garca.sp.leg.br/media/./sapl/public/materialegislativa/2007/462/462_texto_integral.doc", "ementa": "Autoriza abertura de um cr\u00e9dito especial, no montante de R$ 52.000,00, destinados a atender despesas com o Programa Bolsa Fam\u00edlia e com o Programa de Apoio aos Sistemas de Ensino para Atendimento \u00e0 Educa\u00e7\u00e3o de Jovens e Adultos - Fazendo Escola."}, {"id": "463", "ano": "2007", "numero": "79", "tipo__sigla": "PLO", "tipo__descricao": "Projeto de Lei Ordin\u00e1ria", "autoria": "JOS\u00c9 ALCIDES FANECO", "texto_original": "http://sapl.garca.sp.leg.br/media/./sapl/public/materialegislativa/2007/463/463_texto_integral.doc", "ementa": "Autoriza o Munic\u00edpio a alienar os im\u00f3veis que especifica, atrav\u00e9s de licita\u00e7\u00e3o na modalidade Concorr\u00eancia P\u00fablica."}, {"id": "464", "ano": "2007", "numero": "80", "tipo__sigla": "PLO", "tipo__descricao": "Projeto de Lei Ordin\u00e1ria", "autoria": "JOS\u00c9 ALCIDES FANECO", "texto_original": "http://sapl.garca.sp.leg.br/media/./sapl/public/materialegislativa/2007/464/464_texto_integral.doc", "ementa": "Altera a Lei Municipal n\u00ba. 2.629/1991, que criou o Conselho Municipal de Sa\u00fade."}, {"id": "465", "ano": "2007", "numero": "81", "tipo__sigla": "PLO", "tipo__descricao": "Projeto de Lei Ordin\u00e1ria", "autoria": "JOS\u00c9 ALCIDES FANECO", "texto_original": "http://sapl.garca.sp.leg.br/media/./sapl/public/materialegislativa/2007/465/465_texto_integral.doc", "ementa": "Altera o Anexo III da Lei Municipal n\u00ba. 4.010/2006 - Lei de Diretrizes Or\u00e7ament\u00e1rias, aumentando a subven\u00e7\u00e3o financeira destinada \u00e0 Sociedade Beneficente Caminho de Damasco e Irmandade da Santa CAsa de Miseric\u00f3rdia de Gar\u00e7a."}, {"id": "466", "ano": "2007", "numero": "82", "tipo__sigla": "PLO", "tipo__descricao": "Projeto de Lei Ordin\u00e1ria", "autoria": "JOS\u00c9 ALCIDES FANECO", "texto_original": "http://sapl.garca.sp.leg.br/media/./sapl/public/materialegislativa/2007/466/466_texto_integral.doc", "ementa": "Altera a natureza de utiliza\u00e7\u00e3o do lote 01, quadra \"A\", da Vila Mirim, passando de uso residencial para misto (residencial e comercial)."}, {"id": "467", "ano": "2007", "numero": "83", "tipo__sigla": "PLO", "tipo__descricao": "Projeto de Lei Ordin\u00e1ria", "autoria": "JOS\u00c9 MARIA PIOLA", "texto_original": "http://sapl.garca.sp.leg.br/media/./sapl/public/materialegislativa/2007/467/467_texto_integral.doc", "ementa": "Cria o Conselho Municipal e programa de Controle de Tabagismo, estabelece proibi\u00e7\u00e3o de fumar em recintos fechados e d\u00e1 outras provid\u00eancias."}, {"id": "468", "ano": "2007", "numero": "84", "tipo__sigla": "PLO", "tipo__descricao": "Projeto de Lei Ordin\u00e1ria", "autoria": "JOS\u00c9 ALCIDES FANECO", "texto_original": "http://sapl.garca.sp.leg.br/media/./sapl/public/materialegislativa/2007/468/468_texto_integral.doc", "ementa": "Autoriza abertura de um cr\u00e9dito especial no montante de R$ 196.996,00 para cobrir despesas com as obras de galerias pluviais, na Rua Alfredo de Souza Castro - Bairro Cascata."}, {"id": "469", "ano": "2007", "numero": "85", "tipo__sigla": "PLO", "tipo__descricao": "Projeto de Lei Ordin\u00e1ria", "autoria": "", "texto_original": "http://sapl.garca.sp.leg.br/media/./sapl/public/materialegislativa/2007/469/469_texto_integral.doc", "ementa": "Altera os Anexos V e VI da Lei Municipal n\u00ba. 3.414/2000 - Estrutura Administrativa da Prefeitura Municipal e autarquias."}, {"id": "470", "ano": "2007", "numero": "86", "tipo__sigla": "PLO", "tipo__descricao": "Projeto de Lei Ordin\u00e1ria", "autoria": "JOS\u00c9 ALCIDES FANECO", "texto_original": "http://sapl.garca.sp.leg.br/media/./sapl/public/materialegislativa/2007/470/470_texto_integral.doc", "ementa": "Altera o artigo 186 da Lei Municipal  n\u00ba. 3.220/1997 - C\u00f3digo Tribut\u00e1rio do Munic\u00edpio, regulamentando a tributa\u00e7\u00e3o de \u00e1rea rural transformada em urbana com objetivo de loteamento."}, {"id": "471", "ano": "2007", "numero": "87", "tipo__sigla": "PLO", "tipo__descricao": "Projeto de Lei Ordin\u00e1ria", "autoria": "JOS\u00c9 ALCIDES FANECO", "texto_original": "http://sapl.garca.sp.leg.br/media/./sapl/public/materialegislativa/2007/471/471_texto_integral.doc", "ementa": "Regulamenta o parcelamento do solo urbano no Munic\u00edpio."}, {"id": "472", "ano": "2007", "numero": "88", "tipo__sigla": "PLO", "tipo__descricao": "Projeto de Lei Ordin\u00e1ria", "autoria": "MASSAO OGAWA", "texto_original": "http://sapl.garca.sp.leg.br/media/", "ementa": "Altera a Lei Municipal n\u00ba. 3.726/2004, que estabelece crit\u00e9rios para a concess\u00e3o de bolsas de estudos para cursos universit\u00e1rios e d\u00e1 outras provid\u00eancias."}, {"id": "473", "ano": "2007", "numero": "89", "tipo__sigla": "PLO", "tipo__descricao": "Projeto de Lei Ordin\u00e1ria", "autoria": "ADAMIR MAUR\u00cdCIO DE BARROS", "texto_original": "http://sapl.garca.sp.leg.br/media/./sapl/public/materialegislativa/2007/473/473_texto_integral.doc", "ementa": "Altera a Lei Municipal n\u00ba. 3.908/2005, que regulamentou o hor\u00e1rio de funcionamento do com\u00e9rcio local, no tocante ao hor\u00e1rio de funcionamento das farm\u00e1cias em supermercados."}, {"id": "474", "ano": "2007", "numero": "90", "tipo__sigla": "PLO", "tipo__descricao": "Projeto de Lei Ordin\u00e1ria", "autoria": "JOS\u00c9 ALCIDES FANECO", "texto_original": "http://sapl.garca.sp.leg.br/media/./sapl/public/materialegislativa/2007/474/474_texto_integral.doc", "ementa": "Autoriza permuta de im\u00f3vel p\u00fablico e doa\u00e7\u00e3o de materiais de constru\u00e7\u00f5es aos fins que especifica."}, {"id": "475", "ano": "2007", "numero": "91", "tipo__sigla": "PLO", "tipo__descricao": "Projeto de Lei Ordin\u00e1ria", "autoria": "JOS\u00c9 ALCIDES FANECO", "texto_original": "http://sapl.garca.sp.leg.br/media/./sapl/public/materialegislativa/2007/475/475_texto_integral.doc", "ementa": "Autoriza abertura de um cr\u00e9dito especial, no montante de R$ 50.000,00, destinado a atender despesas com a preven\u00e7\u00e3o, diagn\u00f3stico e tratamento das DST/AIDS."}, {"id": "476", "ano": "2007", "numero": "92", "tipo__sigla": "PLO", "tipo__descricao": "Projeto de Lei Ordin\u00e1ria", "autoria": "JOS\u00c9 ALCIDES FANECO", "texto_original": "http://sapl.garca.sp.leg.br/media/./sapl/public/materialegislativa/2007/476/476_texto_integral.doc", "ementa": "Altera o artigo 6\u00ba da Lei n\u00ba 3.956/2005, que regulamenta a cess\u00e3o de \u00e1reas no distrito industrial."}, {"id": "477", "ano": "2007", "numero": "93", "tipo__sigla": "PLO", "tipo__descricao": "Projeto de Lei Ordin\u00e1ria", "autoria": "JOS\u00c9 ALCIDES FANECO", "texto_original": "http://sapl.garca.sp.leg.br/media/./sapl/public/materialegislativa/2007/477/477_texto_integral.doc", "ementa": "Altera o par\u00e1grafo \u00fanico do artigo 5\u00ba e o artigo 9\u00ba da Lei Municipal n\u00ba. 4.082/2007 que criou o Conselho do FUNDEB."}, {"id": "478", "ano": "2007", "numero": "94", "tipo__sigla": "PLO", "tipo__descricao": "Projeto de Lei Ordin\u00e1ria", "autoria": "MASSAO OGAWA", "texto_original": "http://sapl.garca.sp.leg.br/media/./sapl/public/materialegislativa/2007/478/478_texto_integral.doc", "ementa": "Pro\u00edbe o transporte de l\u00e1tex in natura em caminh\u00f5es abertos."}, {"id": "479", "ano": "2007", "numero": "95", "tipo__sigla": "PLO", "tipo__descricao": "Projeto de Lei Ordin\u00e1ria", "autoria": "JOS\u00c9 ALCIDES FANECO", "texto_original": "http://sapl.garca.sp.leg.br/media/./sapl/public/materialegislativa/2007/479/479_texto_integral.doc", "ementa": "Autoriza celebra\u00e7\u00e3o de conv\u00eanio entre o Munic\u00edpio e o  FUSSESP, tendo por objeto o recebimento de recursos financeiros para desenvolvimento de projeto de gera\u00e7\u00e3o de renda, e a revoga\u00e7\u00e3o da Lei n\u00ba. 3.915/2005."}, {"id": "480", "ano": "2007", "numero": "96", "tipo__sigla": "PLO", "tipo__descricao": "Projeto de Lei Ordin\u00e1ria", "autoria": "JOS\u00c9 ALCIDES FANECO", "texto_original": "http://sapl.garca.sp.leg.br/media/./sapl/public/materialegislativa/2007/480/480_texto_integral.doc", "ementa": "Autoriza a cria\u00e7\u00e3o do Conselho Municipal de Desenvolvimento Rural - CMDR e a revoga\u00e7\u00e3o da Lei n\u00ba. 2.811/92."}, {"id": "481", "ano": "2007", "numero": "97", "tipo__sigla": "PLO", "tipo__descricao": "Projeto de Lei Ordin\u00e1ria", "autoria": "JOS\u00c9 ALCIDES FANECO", "texto_original": "http://sapl.garca.sp.leg.br/media/./sapl/public/materialegislativa/2007/481/481_texto_integral.doc", "ementa": "Autoriza doa\u00e7\u00e3o de \u00e1reas para instala\u00e7\u00e3o de empresas com atividades industriais no Distrito Industrial III e no Distrito Industrial \"L\u00facio de Oliveira Lima Sobrinho\"."}, {"id": "482", "ano": "2007", "numero": "98", "tipo__sigla": "PLO", "tipo__descricao": "Projeto de Lei Ordin\u00e1ria", "autoria": "JOS\u00c9 ALCIDES FANECO", "texto_original": "http://sapl.garca.sp.leg.br/media/./sapl/public/materialegislativa/2007/482/482_texto_integral.doc", "ementa": "Altera a reda\u00e7\u00e3o do artigo 1\u00ba, da Lei Municipal n\u00ba. 3.033/95, que criou o Conselho de Alimenta\u00e7\u00e3o Escolar, visando \u00e0 adequa\u00e7\u00e3o da legisla\u00e7\u00e3o \u00e0s exig\u00eancias do FNDE."}, {"id": "483", "ano": "2007", "numero": "99", "tipo__sigla": "PLO", "tipo__descricao": "Projeto de Lei Ordin\u00e1ria", "autoria": "JOS\u00c9 ALCIDES FANECO", "texto_original": "http://sapl.garca.sp.leg.br/media/./sapl/public/materialegislativa/2007/483/483_texto_integral.doc", "ementa": "Altera dispositivos da Lei Municipal n\u00ba 3.883/2005 - Plano Plurianual 2006-2009 e d\u00e1 outras provid\u00eancias."}, {"id": "484", "ano": "2007", "numero": "100", "tipo__sigla": "PLO", "tipo__descricao": "Projeto de Lei Ordin\u00e1ria", "autoria": "JOS\u00c9 ALCIDES FANECO", "texto_original": "http://sapl.garca.sp.leg.br/media/./sapl/public/materialegislativa/2007/484/484_texto_integral.doc", "ementa": "Altera dispositivos da Lei Municipal n\u00ba 4.111/2007 - Lei de Diretrizes Or\u00e7ament\u00e1rias/2008 e d\u00e1 outras provid\u00eancias."}, {"id": "485", "ano": "2007", "numero": "101", "tipo__sigla": "PLO", "tipo__descricao": "Projeto de Lei Ordin\u00e1ria", "autoria": "JOS\u00c9 ALCIDES FANECO", "texto_original": "http://sapl.garca.sp.leg.br/media/./sapl/public/materialegislativa/2007/485/485_texto_integral.doc", "ementa": "Proposta Or\u00e7ament\u00e1ria do Munic\u00edpio para o exerc\u00edcio de 2008."}, {"id": "486", "ano": "2007", "numero": "102", "tipo__sigla": "PLO", "tipo__descricao": "Projeto de Lei Ordin\u00e1ria", "autoria": "JOS\u00c9 ALCIDES FANECO", "texto_original": "http://sapl.garca.sp.leg.br/media/./sapl/public/materialegislativa/2007/486/486_texto_integral.doc", "ementa": "Autoriza o Munic\u00edpio a receber recursos a fundo perdido, no montante de R$ 150.000,00, destinados a constru\u00e7\u00e3o de um Centro Comunit\u00e1rio no distrito de Jafa."}, {"id": "487", "ano": "2007", "numero": "103", "tipo__sigla": "PLO", "tipo__descricao": "Projeto de Lei Ordin\u00e1ria", "autoria": "JOS\u00c9 ALCIDES FANECO", "texto_original": "http://sapl.garca.sp.leg.br/media/./sapl/public/materialegislativa/2007/487/487_texto_integral.doc", "ementa": "Autoriza o Munic\u00edpio a receber recursos a fundo perdido, no montante de R$ 150.000,00, destinados a obras de infra-estrutura urbana."}, {"id": "488", "ano": "2007", "numero": "104", "tipo__sigla": "PLO", "tipo__descricao": "Projeto de Lei Ordin\u00e1ria", "autoria": "JOS\u00c9 ALCIDES FANECO", "texto_original": "http://sapl.garca.sp.leg.br/media/./sapl/public/materialegislativa/2007/488/488_texto_integral.doc", "ementa": "Altera as Leis Municipais n\u00ba 3.883/2005 - Plano Plurianual - 2006/2009, e n\u00ba 4.010/2006 - Diretrizes Or\u00e7ament\u00e1rias/2007."}, {"id": "489", "ano": "2007", "numero": "105", "tipo__sigla": "PLO", "tipo__descricao": "Projeto de Lei Ordin\u00e1ria", "autoria": "MARCOS LOPES MIRANDA", "texto_original": "http://sapl.garca.sp.leg.br/media/./sapl/public/materialegislativa/2007/489/489_texto_integral.doc", "ementa": "Revoga o artigo 2\u00ba da Lei n\u00ba 3.491/2001, que estabelece normas para a circula\u00e7\u00e3o de c\u00e3es nas vias p\u00fablicas e logradouros do Munic\u00edpio."}, {"id": "490", "ano": "2007", "numero": "106", "tipo__sigla": "PLO", "tipo__descricao": "Projeto de Lei Ordin\u00e1ria", "autoria": "JOS\u00c9 ALCIDES FANECO", "texto_original": "http://sapl.garca.sp.leg.br/media/./sapl/public/materialegislativa/2007/490/490_texto_integral.doc", "ementa": "Autoriza a abertura de cr\u00e9dito especial no valor de R$ 50.000, destinado a atender despesas com preven\u00e7\u00e3o, diagn\u00f3stico e tratamento das DST/AIDS."}, {"id": "491", "ano": "2007", "numero": "107", "tipo__sigla": "PLO", "tipo__descricao": "Projeto de Lei Ordin\u00e1ria", "autoria": "JOS\u00c9 ALCIDES FANECO", "texto_original": "http://sapl.garca.sp.leg.br/media/./sapl/public/materialegislativa/2007/491/491_texto_integral.doc", "ementa": "Altera a Lei Municipal n\u00ba 4.141/2007, que autorizou o permuta de im\u00f3vel p\u00fablico e doa\u00e7\u00e3o de materiais de constru\u00e7\u00e3o aos fins que especifica."}, {"id": "492", "ano": "2007", "numero": "108", "tipo__sigla": "PLO", "tipo__descricao": "Projeto de Lei Ordin\u00e1ria", "autoria": "JOS\u00c9 ALCIDES FANECO", "texto_original": "http://sapl.garca.sp.leg.br/media/./sapl/public/materialegislativa/2007/492/492_texto_integral.doc", "ementa": "Altera o \u00a7 1\u00ba, do artigo 87, da Lei Municipal n\u00ba. 2.680/91 - Regime Jur\u00eddico \u00danico dos Servidores P\u00fablicos Municipais e autarquias, no tocante ao pagamento da gratifica\u00e7\u00e3o natalina."}, {"id": "493", "ano": "2007", "numero": "109", "tipo__sigla": "PLO", "tipo__descricao": "Projeto de Lei Ordin\u00e1ria", "autoria": "JOS\u00c9 ALCIDES FANECO", "texto_original": "http://sapl.garca.sp.leg.br/media/./sapl/public/materialegislativa/2007/493/493_texto_integral.doc", "ementa": "Autoriza celebra\u00e7\u00e3o de conv\u00eanio com a Secretaria de Estado de Esporte, Lazer e Turismo para a constru\u00e7\u00e3o de uma Pista de Skate no Munic\u00edpio."}, {"id": "494", "ano": "2007", "numero": "110", "tipo__sigla": "PLO", "tipo__descricao": "Projeto de Lei Ordin\u00e1ria", "autoria": "JOS\u00c9 ALCIDES FANECO", "texto_original": "http://sapl.garca.sp.leg.br/media/./sapl/public/materialegislativa/2007/494/494_texto_integral.doc", "ementa": "Autoriza a celebra\u00e7\u00e3o de conv\u00eanio entre o Munic\u00edpio e o Instituto Educacional Dona Maria Leonor, para funcionamento de CMEIs."}, {"id": "495", "ano": "2007", "numero": "111", "tipo__sigla": "PLO", "tipo__descricao": "Projeto de Lei Ordin\u00e1ria", "autoria": "JOS\u00c9 ALCIDES FANECO", "texto_original": "http://sapl.garca.sp.leg.br/media/./sapl/public/materialegislativa/2007/495/495_texto_integral.doc", "ementa": "Autoriza a transfer\u00eancia de \u00e1reas para empresas com atividades industriais no Distrito Industrial III."}, {"id": "496", "ano": "2007", "numero": "112", "tipo__sigla": "PLO", "tipo__descricao": "Projeto de Lei Ordin\u00e1ria", "autoria": "JOS\u00c9 ALCIDES FANECO", "texto_original": "http://sapl.garca.sp.leg.br/media/./sapl/public/materialegislativa/2007/496/496_texto_integral.doc", "ementa": "Altera o artigo 3\u00ba, da Lei Municipal n\u00ba. 4.126/2007, visando a adequa\u00e7\u00e3o das dota\u00e7\u00f5es or\u00e7ament\u00e1rias da Secretaria Municipal de Educa\u00e7\u00e3o para utiliza\u00e7\u00e3o dos recursos do FUNDEB."}, {"id": "497", "ano": "2007", "numero": "113", "tipo__sigla": "PLO", "tipo__descricao": "Projeto de Lei Ordin\u00e1ria", "autoria": "JOS\u00c9 ALCIDES FANECO", "texto_original": "http://sapl.garca.sp.leg.br/media/./sapl/public/materialegislativa/2007/497/497_texto_integral.doc", "ementa": "Altera o artigo 5\u00ba, da Lei Municipal n\u00ba. 4.108/2007, que autorizou a cria\u00e7\u00e3o do Fundo de Manuten\u00e7\u00e3o e Desenvolvimento da Educa\u00e7\u00e3o B\u00e1sica e de Valoriza\u00e7\u00e3o dos Profissionais da Educa\u00e7\u00e3o - FUNDEB."}, {"id": "498", "ano": "2007", "numero": "114", "tipo__sigla": "PLO", "tipo__descricao": "Projeto de Lei Ordin\u00e1ria", "autoria": "JOS\u00c9 ALCIDES FANECO", "texto_original": "http://sapl.garca.sp.leg.br/media/./sapl/public/materialegislativa/2007/498/498_texto_integral.doc", "ementa": "Altera o Anexo III, da Lei Municipal n\u00ba. 4.010/2006, Lei de Diretrizes Or\u00e7ament\u00e1rias, para destina\u00e7\u00e3o de mais R$ 3.000,00 \u00e0 APAE de Gar\u00e7a."}, {"id": "499", "ano": "2007", "numero": "115", "tipo__sigla": "PLO", "tipo__descricao": "Projeto de Lei Ordin\u00e1ria", "autoria": "JOS\u00c9 ALCIDES FANECO", "texto_original": "http://sapl.garca.sp.leg.br/media/./sapl/public/materialegislativa/2007/499/499_texto_integral.doc", "ementa": "Cria o Conselho de Alimenta\u00e7\u00e3o Escolar e revoga as leis municipais n\u00bas. 3.033/1995, 3.420/2000 e 4.147/2007."}, {"id": "500", "ano": "2007", "numero": "116", "tipo__sigla": "PLO", "tipo__descricao": "Projeto de Lei Ordin\u00e1ria", "autoria": "MASSAO OGAWA", "texto_original": "http://sapl.garca.sp.leg.br/media/./sapl/public/materialegislativa/2007/500/500_texto_integral.doc", "ementa": "Altera o artigo 4\u00ba da Lei Municipal n\u00ba. 3.394/2000, que obrigou as ag\u00eancias banc\u00e1rias a colocarem pessoal suficiente para o atendimento dos usu\u00e1rios no Setor de Caixas."}, {"id": "501", "ano": "2007", "numero": "117", "tipo__sigla": "PLO", "tipo__descricao": "Projeto de Lei Ordin\u00e1ria", "autoria": "MASSAO OGAWA", "texto_original": "http://sapl.garca.sp.leg.br/media/./sapl/public/materialegislativa/2007/501/501_texto_integral.doc", "ementa": "Altera o artigo 3\u00ba da Lei Municipal n\u00ba. 4.060/2007, que obrigou as institui\u00e7\u00f5es financeiras a instalarem assentos para o p\u00fablico, bebedouro de \u00e1gua, c\u00e2mera de filmagem e senha de atendimento."}, {"id": "502", "ano": "2007", "numero": "118", "tipo__sigla": "PLO", "tipo__descricao": "Projeto de Lei Ordin\u00e1ria", "autoria": "JOS\u00c9 ALCIDES FANECO", "texto_original": "http://sapl.garca.sp.leg.br/media/./sapl/public/materialegislativa/2007/502/502_texto_integral.doc", "ementa": "Altera a Lei Municipal n\u00ba. 3.600/2002, que autorizou a concess\u00e3o de uso de espa\u00e7o f\u00edsico no Terminal Rodovi\u00e1rio para o Banco do Brasil S/A."}, {"id": "503", "ano": "2007", "numero": "119", "tipo__sigla": "PLO", "tipo__descricao": "Projeto de Lei Ordin\u00e1ria", "autoria": "JOS\u00c9 ALCIDES FANECO", "texto_original": "http://sapl.garca.sp.leg.br/media/./sapl/public/materialegislativa/2007/503/503_texto_integral.doc", "ementa": "Autoriza concess\u00e3o de abono especial de Natal, no valor de R$ 100,00, aos servidores municipais a ser pago juntamente com a gratifica\u00e7\u00e3o natalina/13\u00ba sal\u00e1rio."}, {"id": "1712", "ano": "2007", "numero": "1", "tipo__sigla": "PRE", "tipo__descricao": "Projeto de Resolu\u00e7\u00e3o", "autoria": "PEDRO HENRIQUE SCARTEZINI", "texto_original": "http://sapl.garca.sp.leg.br/media/sapl/public/materialegislativa/2007/1712/projeto_resolucao_0001-2007.doc", "ementa": "Altera o par\u00e1grafo 1\u00ba, do artigo 1\u00ba da Resolu\u00e7\u00e3o n\u00ba 311/2006, que instituiu o \"Plant\u00e3o de Atendimento ao Mun\u00edcipe\"."}, {"id": "1713", "ano": "2007", "numero": "2", "tipo__sigla": "PRE", "tipo__descricao": "Projeto de Resolu\u00e7\u00e3o", "autoria": "Mesa Diretora", "texto_original": "http://sapl.garca.sp.leg.br/media/sapl/public/materialegislativa/2007/1713/projeto_resolucao_0002-2007.doc", "ementa": "Disp\u00f5e sobre a Estrutura da Secretaria Administrativa da C\u00e2mara Municipal de Gar\u00e7a."}, {"id": "1714", "ano": "2007", "numero": "3", "tipo__sigla": "PRE", "tipo__descricao": "Projeto de Resolu\u00e7\u00e3o", "autoria": "PEDRO HENRIQUE SCARTEZINI", "texto_original": "http://sapl.garca.sp.leg.br/media/./sapl/public/materialegislativa/2007/1714/1714_texto_integral.doc", "ementa": "Altera a reda\u00e7\u00e3o dos par\u00e1grafos 2\u00ba e 3\u00ba do artigo 286 do Regimento Interno da Casa, melhor disciplinando o uso da Tribuna Livre."}, {"id": "1715", "ano": "2007", "numero": "4", "tipo__sigla": "PRE", "tipo__descricao": "Projeto de Resolu\u00e7\u00e3o", "autoria": "PEDRO HENRIQUE SCARTEZINI", "texto_original": "http://sapl.garca.sp.leg.br/media/./sapl/public/materialegislativa/2007/1715/1715_texto_integral.doc", "ementa": "Altera reda\u00e7\u00e3o de artigos da Resolu\u00e7\u00e3o n\u00ba. 315/2006 - Regimento Interno da C\u00e2mara Mirim."}, {"id": "1716", "ano": "2007", "numero": "5", "tipo__sigla": "PRE", "tipo__descricao": "Projeto de Resolu\u00e7\u00e3o", "autoria": "PEDRO HENRIQUE SCARTEZINI, MASSAO OGAWA", "texto_original": "http://sapl.garca.sp.leg.br/media/./sapl/public/materialegislativa/2007/1716/1716_texto_integral.doc", "ementa": "Concede um abono pecuni\u00e1rio especial no valor de R$ 100,00 aos servidores da Secretaria da C\u00e2mara Municipal, a ser pago juntamente com a gratifica\u00e7\u00e3o natalina/13\u00ba sal\u00e1rio."}, {"id": "6681", "ano": "2007", "numero": "1", "tipo__sigla": "REQ", "tipo__descricao": "Requerimento", "autoria": "WILSON ALVES (VI)", "texto_original": "http://sapl.garca.sp.leg.br/media/", "ementa": "Solicitando \u00e0 dire\u00e7\u00e3o da Caixa Econ\u00f4mica Federal e dos Correios, ado\u00e7\u00e3o de medidas de seguran\u00e7a para o funcionamento de casas lot\u00e9ricas  e ag\u00eancias dos Correios."}, {"id": "6680", "ano": "2007", "numero": "2", "tipo__sigla": "REQ", "tipo__descricao": "Requerimento", "autoria": "WILSON ALVES (VI)", "texto_original": "http://sapl.garca.sp.leg.br/media/", "ementa": "Solicitando \u00e0 dire\u00e7\u00e3o do SAAE, informa\u00e7\u00f5es sobre a eleva\u00e7\u00e3o da taxa de expediente."}, {"id": "6682", "ano": "2007", "numero": "3", "tipo__sigla": "REQ", "tipo__descricao": "Requerimento", "autoria": "WILSON ALVES (VI)", "texto_original": "http://sapl.garca.sp.leg.br/media/", "ementa": "Solicitando \u00e0 dire\u00e7\u00e3o do SAAE instalar equipamentos de seguran\u00e7a, para a quita\u00e7\u00e3o de contas na pr\u00f3pria autarquia."}, {"id": "6683", "ano": "2007", "numero": "4", "tipo__sigla": "REQ", "tipo__descricao": "Requerimento", "autoria": "WILSON ALVES (VI)", "texto_original": "http://sapl.garca.sp.leg.br/media/", "ementa": "Solicitando do Prefeito informa\u00e7\u00e3o sobre o motivo pelo qual a municipalidade n\u00e3o procedeu um trabalho preventivo na manuten\u00e7\u00e3o das placas de concreto que sustentam o muro do Est\u00e1dio Municipal \"Frederico Platzeck\"."}, {"id": "6684", "ano": "2007", "numero": "5", "tipo__sigla": "REQ", "tipo__descricao": "Requerimento", "autoria": "WILSON ALVES (VI)", "texto_original": "http://sapl.garca.sp.leg.br/media/", "ementa": "Solicitando do Prefeito informa\u00e7\u00f5es sobre realiza\u00e7\u00e3o de reuni\u00e3o com os moradores da regi\u00e3o do Lago Artificial, sobre conscientiza\u00e7\u00e3o do n\u00e3o dep\u00f3sito do lixo dom\u00e9stico nas lixeiras que margeiam \u00e0quela \u00e1rea tur\u00edstica."}, {"id": "6685", "ano": "2007", "numero": "6", "tipo__sigla": "REQ", "tipo__descricao": "Requerimento", "autoria": "WILSON ALVES (VI)", "texto_original": "http://sapl.garca.sp.leg.br/media/", "ementa": "Solicitando \u00e0 4\u00aa Cia. da Pol\u00edcia Militar de Gar\u00e7a, intensificar ronda nas imedia\u00e7\u00f5es do Lago Artificial  no per\u00edodo noturno e madrugadas."}, {"id": "6686", "ano": "2007", "numero": "7", "tipo__sigla": "REQ", "tipo__descricao": "Requerimento", "autoria": "MASSAO OGAWA", "texto_original": "http://sapl.garca.sp.leg.br/media/", "ementa": "Solicitando \u00e0 dire\u00e7\u00e3o do Centro Estadual e Tecnol\u00f3gico Paula Souza, constru\u00e7\u00e3o de cobertura da quadra poliesportiva da ETE Monsenhor Ant\u00f4nio Magliano."}, {"id": "6687", "ano": "2007", "numero": "8", "tipo__sigla": "REQ", "tipo__descricao": "Requerimento", "autoria": "PEDRO HENRIQUE SCARTEZINI", "texto_original": "http://sapl.garca.sp.leg.br/media/", "ementa": "Solicitando do Prefeito informa\u00e7\u00f5es sobre poss\u00edveis melhorias na Rua Francisco da Silva Braga, mais precisamente no corredor que compreende as casas de propriedade da Prefeitura, para melhor escoamento das \u00e1guas pluviais. "}, {"id": "6688", "ano": "2007", "numero": "9", "tipo__sigla": "REQ", "tipo__descricao": "Requerimento", "autoria": "PEDRO HENRIQUE SCARTEZINI", "texto_original": "http://sapl.garca.sp.leg.br/media/", "ementa": "Solicitando do Prefeito informa\u00e7\u00f5es sobre instala\u00e7\u00e3o de ilumina\u00e7\u00e3o p\u00fablica junto \u00e0 Rua Jos\u00e9 Freire, pr\u00f3ximo ao n\u00ba 60."}, {"id": "6689", "ano": "2007", "numero": "10", "tipo__sigla": "REQ", "tipo__descricao": "Requerimento", "autoria": "PEDRO HENRIQUE SCARTEZINI", "texto_original": "http://sapl.garca.sp.leg.br/media/", "ementa": "Solicitando do Prefeito informa\u00e7\u00f5es sobre a possibilidade da ambul\u00e2ncia prestar atendimento \u00e0 mun\u00edcipe."}, {"id": "6690", "ano": "2007", "numero": "11", "tipo__sigla": "REQ", "tipo__descricao": "Requerimento", "autoria": "CORN\u00c9LIO C\u00c9ZAR KEMP MARCONDES", "texto_original": "http://sapl.garca.sp.leg.br/media/", "ementa": "Solicitando do Prefeito informa\u00e7\u00f5es sobre o projeto de altera\u00e7\u00e3o no sistema vi\u00e1rio local."}, {"id": "6691", "ano": "2007", "numero": "12", "tipo__sigla": "REQ", "tipo__descricao": "Requerimento", "autoria": "CORN\u00c9LIO C\u00c9ZAR KEMP MARCONDES", "texto_original": "http://sapl.garca.sp.leg.br/media/", "ementa": "Solicitando do Prefeito informa\u00e7\u00f5es sobre utiliza\u00e7\u00e3o do montante arrecadado na terceiriza\u00e7\u00e3o da folha de pagamento dos servidores p\u00fablicos municipais."}, {"id": "6692", "ano": "2007", "numero": "13", "tipo__sigla": "REQ", "tipo__descricao": "Requerimento", "autoria": "CORN\u00c9LIO C\u00c9ZAR KEMP MARCONDES", "texto_original": "http://sapl.garca.sp.leg.br/media/", "ementa": "Solicitando do Prefeito informa\u00e7\u00f5es sobre a distribui\u00e7\u00e3o de leite no Munic\u00edpio."}, {"id": "6693", "ano": "2007", "numero": "14", "tipo__sigla": "REQ", "tipo__descricao": "Requerimento", "autoria": "CORN\u00c9LIO C\u00c9ZAR KEMP MARCONDES", "texto_original": "http://sapl.garca.sp.leg.br/media/", "ementa": "Solicitando \u00e0 CPFL informa\u00e7\u00f5es sobre faltas e/ou quedas de energia el\u00e9trica no Bairro \u00c1gua da Jabuticabeira e imedia\u00e7\u00f5es."}, {"id": "6694", "ano": "2007", "numero": "15", "tipo__sigla": "REQ", "tipo__descricao": "Requerimento", "autoria": "CORN\u00c9LIO C\u00c9ZAR KEMP MARCONDES", "texto_original": "http://sapl.garca.sp.leg.br/media/", "ementa": "Solicitando \u00e0 dire\u00e7\u00e3o do SAAE informa\u00e7\u00f5es sobre poss\u00edvel vazamento de esgoto atingindo a  rede de \u00e1gua."}, {"id": "6695", "ano": "2007", "numero": "16", "tipo__sigla": "REQ", "tipo__descricao": "Requerimento", "autoria": "MASSAO OGAWA", "texto_original": "http://sapl.garca.sp.leg.br/media/", "ementa": "Solicitando do SAAE informa\u00e7\u00f5es sobre a falta de abastecimento de \u00e1gua ocorrido no m\u00eas de janeiro na regi\u00e3o da Rua Dep. Manoel Joaquim Fernandes com Alagoas."}, {"id": "6696", "ano": "2007", "numero": "17", "tipo__sigla": "REQ", "tipo__descricao": "Requerimento", "autoria": "CORN\u00c9LIO C\u00c9ZAR KEMP MARCONDES", "texto_original": "http://sapl.garca.sp.leg.br/media/", "ementa": "Solicitando do Prefeito informa\u00e7\u00f5es sobre constru\u00e7\u00e3o de rotat\u00f3ria e/ou dispositivos de seguran\u00e7a para entrada ao Campus da FAEF, na via de acesso \u00e0 Mar\u00edlia."}, {"id": "6697", "ano": "2007", "numero": "18", "tipo__sigla": "REQ", "tipo__descricao": "Requerimento", "autoria": "CORN\u00c9LIO C\u00c9ZAR KEMP MARCONDES", "texto_original": "http://sapl.garca.sp.leg.br/media/", "ementa": "Solicitando do Deputado Federal Dr. Regis Fernandes de Oliveira gest\u00f5es visando a aprova\u00e7\u00e3o de Projeto de Lei alterando a Lei n\u00ba 8.069/90 - E.C.A., estabelecendo novos crit\u00e9rios para que o contribuinte possa deduzir do Imposto de Renda as doa\u00e7\u00f5es feitas aos Fundos Nacional, Estaduais ou Municipais para a Crian\u00e7a e o Adolescente. "}, {"id": "6698", "ano": "2007", "numero": "19", "tipo__sigla": "REQ", "tipo__descricao": "Requerimento", "autoria": "CORN\u00c9LIO C\u00c9ZAR KEMP MARCONDES", "texto_original": "http://sapl.garca.sp.leg.br/media/", "ementa": "Solicitando do Deputado Federal Jos\u00e9 Abelardo Guimar\u00e3es Camarinha gest\u00f5es visando a aprova\u00e7\u00e3o de Projeto de Lei alterando a Lei n\u00ba 8.069/90 - E.C.A., estabelecendo novos crit\u00e9rios para que o contribuinte possa deduzir do Imposto de Renda as doa\u00e7\u00f5es feitas aos Fundos Nacional, Estaduais ou Municipais para a Crian\u00e7a e o Adolescente. "}, {"id": "6699", "ano": "2007", "numero": "20", "tipo__sigla": "REQ", "tipo__descricao": "Requerimento", "autoria": "CORN\u00c9LIO C\u00c9ZAR KEMP MARCONDES", "texto_original": "http://sapl.garca.sp.leg.br/media/", "ementa": "Solicitando do Deputado Federal Michel Temer gest\u00f5es visando a aprova\u00e7\u00e3o de Projeto de Lei alterando a Lei n\u00ba 8.069/90 - E.C.A., estabelecendo novos crit\u00e9rios para que o contribuinte possa deduzir do Imposto de Renda as doa\u00e7\u00f5es feitas aos Fundos Nacional, Estaduais ou Municipais para a Crian\u00e7a e o Adolescente. "}, {"id": "6700", "ano": "2007", "numero": "21", "tipo__sigla": "REQ", "tipo__descricao": "Requerimento", "autoria": "CORN\u00c9LIO C\u00c9ZAR KEMP MARCONDES", "texto_original": "http://sapl.garca.sp.leg.br/media/", "ementa": "Solicitando do Deputado Federal Dr. S\u00e9rgio Nechar gest\u00f5es visando a aprova\u00e7\u00e3o de Projeto de Lei alterando a Lei n\u00ba 8.069/90 - E.C.A., estabelecendo novos crit\u00e9rios para que o contribuinte possa deduzir do Imposto de Renda as doa\u00e7\u00f5es feitas aos Fundos Nacional, Estaduais ou Municipais para a Crian\u00e7a e o Adolescente. "}, {"id": "6701", "ano": "2007", "numero": "22", "tipo__sigla": "REQ", "tipo__descricao": "Requerimento", "autoria": "CORN\u00c9LIO C\u00c9ZAR KEMP MARCONDES", "texto_original": "http://sapl.garca.sp.leg.br/media/", "ementa": "Solicitando \u00e0 Presid\u00eancia do Tribunal de Justi\u00e7a do Estado de S\u00e3o Paulo, ado\u00e7\u00e3o de medidas visando a eleva\u00e7\u00e3o da Comarca de Gar\u00e7a para entr\u00e2ncia intermedi\u00e1ria."}, {"id": "6635", "ano": "2007", "numero": "23", "tipo__sigla": "REQ", "tipo__descricao": "Requerimento", "autoria": "WILSON ALVES (VI)", "texto_original": "http://sapl.garca.sp.leg.br/media/", "ementa": "Solicita do Prefeito informa\u00e7\u00f5es sobre a municipaliza\u00e7\u00e3o da EE Dep. Manoel Joaquim Fernandes."}, {"id": "6702", "ano": "2007", "numero": "24", "tipo__sigla": "REQ", "tipo__descricao": "Requerimento", "autoria": "WILSON ALVES (VI)", "texto_original": "http://sapl.garca.sp.leg.br/media/", "ementa": "Solicitando do Prefeito informa\u00e7\u00f5es sobre o recolhimento de entulhos e galhos depositados nas vias p\u00fablicas do Munic\u00edpio."}, {"id": "6703", "ano": "2007", "numero": "25", "tipo__sigla": "REQ", "tipo__descricao": "Requerimento", "autoria": "WILSON ALVES (VI)", "texto_original": "http://sapl.garca.sp.leg.br/media/", "ementa": "Solicitando do DER-Assis e \u00e0 Secretaria Estadual dos Transportes melhorias no acostamento da Rodovia Estadual Cmte. Jo\u00e3o Ribeiro de Barros (SP-294), no trecho compreendido entre o acesso \u00e0 Gar\u00e7a e a Base da Pol\u00edcia Militar Rodovi\u00e1ria de Gar\u00e7a."}, {"id": "6704", "ano": "2007", "numero": "26", "tipo__sigla": "REQ", "tipo__descricao": "Requerimento", "autoria": "CORN\u00c9LIO C\u00c9ZAR KEMP MARCONDES", "texto_original": "http://sapl.garca.sp.leg.br/media/", "ementa": "Solicitando do Prefeito informa\u00e7\u00f5es sobre o Programa \"\u00c1rea de Risco\", da CDHU, a ser implantado no Munic\u00edpio."}, {"id": "6705", "ano": "2007", "numero": "27", "tipo__sigla": "REQ", "tipo__descricao": "Requerimento", "autoria": "WILSON ALVES (VI)", "texto_original": "http://sapl.garca.sp.leg.br/media/", "ementa": "Solicitando do Prefeito informa\u00e7\u00f5es sobre a implanta\u00e7\u00e3o do Centro de Conviv\u00eancia do Idoso."}, {"id": "6706", "ano": "2007", "numero": "28", "tipo__sigla": "REQ", "tipo__descricao": "Requerimento", "autoria": "WILSON ALVES (VI)", "texto_original": "http://sapl.garca.sp.leg.br/media/", "ementa": "Solicitando do Prefeito informa\u00e7\u00f5es sobre a implanta\u00e7\u00e3o do SOMOS - Servi\u00e7os de Assist\u00eancia M\u00e9dica e Odontol\u00f3gica do Servidor."}, {"id": "6707", "ano": "2007", "numero": "29", "tipo__sigla": "REQ", "tipo__descricao": "Requerimento", "autoria": "JOS\u00c9 MARIA PIOLA", "texto_original": "http://sapl.garca.sp.leg.br/media/", "ementa": "Solicitando do Prefeito informa\u00e7\u00f5es sobre abertura/fechamento do port\u00e3o de acesso ao recinto da Feira-Livre, pela Rua Jos\u00e9 Augusto Escobar."}, {"id": "6708", "ano": "2007", "numero": "30", "tipo__sigla": "REQ", "tipo__descricao": "Requerimento", "autoria": "VALDEMAR ZIMIANI", "texto_original": "http://sapl.garca.sp.leg.br/media/", "ementa": "Solicitando do DER-Assis estudos visando a constru\u00e7\u00e3o de uma estrada paralela \u00e0 Rodovia  Cmte. Jo\u00e3o Ribeiro de Barros (SP-294), no trecho compreendido entre o distrito de Jafa e o trevo de acesso ao munic\u00edpio de Gar\u00e7a."}, {"id": "6709", "ano": "2007", "numero": "31", "tipo__sigla": "REQ", "tipo__descricao": "Requerimento", "autoria": "VALDEMAR ZIMIANI", "texto_original": "http://sapl.garca.sp.leg.br/media/", "ementa": "Solicitando \u00e0 ANTT - Ag\u00eancia Nacional de Transporte Terrestre, informa\u00e7\u00f5es sobre a viabilidade t\u00e9cnica de autorizar a presta\u00e7\u00e3o de servi\u00e7o tur\u00edstico de transporte ferrovi\u00e1rio no trecho compreendido entre Mar\u00edlia e Bauru."}, {"id": "6710", "ano": "2007", "numero": "32", "tipo__sigla": "REQ", "tipo__descricao": "Requerimento", "autoria": "CORN\u00c9LIO C\u00c9ZAR KEMP MARCONDES", "texto_original": "http://sapl.garca.sp.leg.br/media/", "ementa": "Solicitando do Prefeito informa\u00e7\u00f5es sobre a possibilidade de se agilizar exame de tomografia de cr\u00e2nio de mun\u00edcipe."}, {"id": "6711", "ano": "2007", "numero": "33", "tipo__sigla": "REQ", "tipo__descricao": "Requerimento", "autoria": "CORN\u00c9LIO C\u00c9ZAR KEMP MARCONDES", "texto_original": "http://sapl.garca.sp.leg.br/media/", "ementa": "Solicitando do Prefeito informa\u00e7\u00f5es sobre as obras do Teatro Municipal."}, {"id": "6712", "ano": "2007", "numero": "34", "tipo__sigla": "REQ", "tipo__descricao": "Requerimento", "autoria": "CORN\u00c9LIO C\u00c9ZAR KEMP MARCONDES", "texto_original": "http://sapl.garca.sp.leg.br/media/", "ementa": "Solicitando a autoridades estaduais e federais, gest\u00f5es visando a implanta\u00e7\u00e3o de medidas que assegurem a inser\u00e7\u00e3o dos brasileiros \u00e0s condi\u00e7\u00f5es b\u00e1sicas de cidadania e a redu\u00e7\u00e3o de benef\u00edcios para autores de atos hediondos."}, {"id": "6713", "ano": "2007", "numero": "35", "tipo__sigla": "REQ", "tipo__descricao": "Requerimento", "autoria": "WILSON ALVES (VI)", "texto_original": "http://sapl.garca.sp.leg.br/media/", "ementa": "Solicitando do Prefeito informa\u00e7\u00f5es sobre a realiza\u00e7\u00e3o de pavimenta\u00e7\u00e3o asf\u00e1ltica da Rua 10 de Novembro."}, {"id": "6714", "ano": "2007", "numero": "36", "tipo__sigla": "REQ", "tipo__descricao": "Requerimento", "autoria": "WILSON ALVES (VI)", "texto_original": "http://sapl.garca.sp.leg.br/media/", "ementa": "Solicitando do DER-Assis realiza\u00e7\u00e3o de obras de melhorias no escoamento de \u00e1guas pluviais na Rodovia Cmte. Jo\u00e3o Ribeiro de Barros, no trecho entre Gar\u00e7a e Mar\u00edlia, especialmente na altura do distrito de Jafa e Vera Cruz."}, {"id": "6715", "ano": "2007", "numero": "37", "tipo__sigla": "REQ", "tipo__descricao": "Requerimento", "autoria": "WILSON ALVES (VI)", "texto_original": "http://sapl.garca.sp.leg.br/media/", "ementa": "Solicitando do SAAE informa\u00e7\u00f5es sobre cumprimento de dispositivos da Lei Municipal n\u00ba 3.666/2003, acerca da publica\u00e7\u00e3o no jornal oficial do Munic\u00edpio de Atos Administrativos ou Resolu\u00e7\u00f5es que alterem os procedimentos t\u00e9cnicos administrativos no \u00e2mbito interno daquela autarquia."}, {"id": "6716", "ano": "2007", "numero": "38", "tipo__sigla": "REQ", "tipo__descricao": "Requerimento", "autoria": "WILSON ALVES (VI)", "texto_original": "http://sapl.garca.sp.leg.br/media/", "ementa": "Solicitando do Prefeito informa\u00e7\u00f5es sobre convoca\u00e7\u00e3o de candidatos para o cargo de bra\u00e7al."}, {"id": "6717", "ano": "2007", "numero": "39", "tipo__sigla": "REQ", "tipo__descricao": "Requerimento", "autoria": "CORN\u00c9LIO C\u00c9ZAR KEMP MARCONDES", "texto_original": "http://sapl.garca.sp.leg.br/media/", "ementa": "Solicitando a autoridades estaduais, gest\u00f5es visando a imediata recupera\u00e7\u00e3o da Via de Acesso \u00e0 SP-331, que liga o munic\u00edpio de Gar\u00e7a \u00e0 Alvinl\u00e2ndia e Lup\u00e9rcio."}, {"id": "6718", "ano": "2007", "numero": "40", "tipo__sigla": "REQ", "tipo__descricao": "Requerimento", "autoria": "CORN\u00c9LIO C\u00c9ZAR KEMP MARCONDES", "texto_original": "http://sapl.garca.sp.leg.br/media/", "ementa": "Solicitando do Prefeito informa\u00e7\u00f5es sobre transporte de familiares de pessoas recolhidas em unidades prisionais para visitas."}, {"id": "6719", "ano": "2007", "numero": "41", "tipo__sigla": "REQ", "tipo__descricao": "Requerimento", "autoria": "VALDEMAR ZIMIANI", "texto_original": "http://sapl.garca.sp.leg.br/media/", "ementa": "Solicitando do Prefeito informa\u00e7\u00f5es sobre a possibilidade de voltar a conceder um abono pecuni\u00e1rio especial para os servidores municipais."}, {"id": "6720", "ano": "2007", "numero": "42", "tipo__sigla": "REQ", "tipo__descricao": "Requerimento", "autoria": "MASSAO OGAWA", "texto_original": "http://sapl.garca.sp.leg.br/media/", "ementa": "Solicitando do Prefeito informa\u00e7\u00f5es sobre o terreno existente em anexo \u00e0 escola do Jardim Frei Aur\u00e9lio."}, {"id": "6721", "ano": "2007", "numero": "43", "tipo__sigla": "REQ", "tipo__descricao": "Requerimento", "autoria": "MASSAO OGAWA", "texto_original": "http://sapl.garca.sp.leg.br/media/", "ementa": "Solicitando do Prefeito informa\u00e7\u00f5es sobre a constru\u00e7\u00e3o de biciclet\u00e1rios na regi\u00e3o central do Munic\u00edpio."}, {"id": "6722", "ano": "2007", "numero": "44", "tipo__sigla": "REQ", "tipo__descricao": "Requerimento", "autoria": "MASSAO OGAWA", "texto_original": "http://sapl.garca.sp.leg.br/media/", "ementa": "Solicitando do DER-Assis realiza\u00e7\u00e3o de obras de melhorias no trevo da SP-294, sa\u00edda de Gar\u00e7a para Mar\u00edlia, visando melhorar o acesso \u00e0s propriedades rurais. "}, {"id": "6723", "ano": "2007", "numero": "45", "tipo__sigla": "REQ", "tipo__descricao": "Requerimento", "autoria": "MASSAO OGAWA", "texto_original": "http://sapl.garca.sp.leg.br/media/", "ementa": "Solicitando dos Correios a instala\u00e7\u00e3o de mais uma ag\u00eancia ou posto de servi\u00e7o no Munic\u00edpio."}, {"id": "6724", "ano": "2007", "numero": "46", "tipo__sigla": "REQ", "tipo__descricao": "Requerimento", "autoria": "WILSON ALVES (VI)", "texto_original": "http://sapl.garca.sp.leg.br/media/", "ementa": "Solicitando do Prefeito informa\u00e7\u00f5es sobre a forma de realiza\u00e7\u00e3o do c\u00e1lculo para o pagamento da gratifica\u00e7\u00e3o natalina aos servidores municipais."}, {"id": "6725", "ano": "2007", "numero": "47", "tipo__sigla": "REQ", "tipo__descricao": "Requerimento", "autoria": "PEDRO HENRIQUE SCARTEZINI", "texto_original": "http://sapl.garca.sp.leg.br/media/", "ementa": "Solicitando \u00e0 dire\u00e7\u00e3o da empresa Turismar Transporte e Turismo Ltda., autorizar a venda de passes em seu guich\u00ea no Terminal Rodovi\u00e1rio de Passageiros local."}, {"id": "6726", "ano": "2007", "numero": "48", "tipo__sigla": "REQ", "tipo__descricao": "Requerimento", "autoria": "CORN\u00c9LIO C\u00c9ZAR KEMP MARCONDES", "texto_original": "http://sapl.garca.sp.leg.br/media/", "ementa": "Solicitando do Prefeito informa\u00e7\u00f5es sobre a adultera\u00e7\u00e3o de cheques da Prefeitura Municipal, conforme nota oficial publicada na imprensa local."}, {"id": "6727", "ano": "2007", "numero": "49", "tipo__sigla": "REQ", "tipo__descricao": "Requerimento", "autoria": "MASSAO OGAWA", "texto_original": "http://sapl.garca.sp.leg.br/media/", "ementa": "Solicitando do Dep. Federal Walter Ihoshi, gest\u00f5es junto aos \u00f3rg\u00e3os competentes, visando viabilizar a instala\u00e7\u00e3o de mais uma ag\u00eancia ou posto de servi\u00e7o dos Correios no munic\u00edpio de Gar\u00e7a."}, {"id": "6728", "ano": "2007", "numero": "50", "tipo__sigla": "REQ", "tipo__descricao": "Requerimento", "autoria": "JOS\u00c9 MARIA PIOLA", "texto_original": "http://sapl.garca.sp.leg.br/media/", "ementa": "Solicitando do SAAE, reparos no sistema de coleta de esgotos e \u00e1guas pluviais na altura de campo de futebol de areia na Rua Alberto Alves, ao lado do Lago Artificial."}, {"id": "6729", "ano": "2007", "numero": "51", "tipo__sigla": "REQ", "tipo__descricao": "Requerimento", "autoria": "JOS\u00c9 MARIA PIOLA", "texto_original": "http://sapl.garca.sp.leg.br/media/", "ementa": "Solicitando da empresa Expresso de Prata S/A, averigua\u00e7\u00e3o e informa\u00e7\u00e3o sobre o motivo de constante atraso do ve\u00edculo que faz a linha Gar\u00e7a-S\u00e3o Paulo, com sa\u00edda de Gar\u00e7a \u00e0s 15h05."}, {"id": "6730", "ano": "2007", "numero": "52", "tipo__sigla": "REQ", "tipo__descricao": "Requerimento", "autoria": "WILSON ALVES (VI)", "texto_original": "http://sapl.garca.sp.leg.br/media/", "ementa": "Solicitando do SAAE informa\u00e7\u00f5es sobre a constru\u00e7\u00e3o de rede de esgoto no bairro Jardim Adrianita."}, {"id": "6731", "ano": "2007", "numero": "53", "tipo__sigla": "REQ", "tipo__descricao": "Requerimento", "autoria": "WILSON ALVES (VI)", "texto_original": "http://sapl.garca.sp.leg.br/media/", "ementa": "Solicitando do Prefeito informa\u00e7\u00f5es sobre a poda de \u00e1rvore localizada defronte o im\u00f3vel de n\u00famero 679 da Rua Jos\u00e9 Louren\u00e7o."}, {"id": "6732", "ano": "2007", "numero": "54", "tipo__sigla": "REQ", "tipo__descricao": "Requerimento", "autoria": "WILSON ALVES (VI)", "texto_original": "http://sapl.garca.sp.leg.br/media/", "ementa": "Solicitando do Prefeito informa\u00e7\u00f5es sobre as obras para melhoria do escoamento de \u00e1guas pluviais na Rua Dr. Dam\u00e1sio Valejo Vasques."}, {"id": "6733", "ano": "2007", "numero": "55", "tipo__sigla": "REQ", "tipo__descricao": "Requerimento", "autoria": "MASSAO OGAWA", "texto_original": "http://sapl.garca.sp.leg.br/media/", "ementa": "Solicitando do DER-Assis realiza\u00e7\u00e3o de servi\u00e7os de capina\u00e7\u00e3o, ro\u00e7ada do mato e limpeza em toda \u00e1rea do novo trevo da SP-294, na cidade de Gar\u00e7a, sa\u00edda para Mar\u00edlia."}, {"id": "6734", "ano": "2007", "numero": "56", "tipo__sigla": "REQ", "tipo__descricao": "Requerimento", "autoria": "MASSAO OGAWA", "texto_original": "http://sapl.garca.sp.leg.br/media/", "ementa": "Solicitando da C\u00e2mara Municipal de Santo Andr\u00e9, encaminhamento de c\u00f3pia de legisla\u00e7\u00e3o municipal pertinente a servi\u00e7os de guinchos."}, {"id": "6735", "ano": "2007", "numero": "57", "tipo__sigla": "REQ", "tipo__descricao": "Requerimento", "autoria": "CORN\u00c9LIO C\u00c9ZAR KEMP MARCONDES", "texto_original": "http://sapl.garca.sp.leg.br/media/", "ementa": "Solicitando a autoridades estaduais gest\u00f5es visando a inclus\u00e3o de estradas vicinais do Munic\u00edpio em eventual plano de melhorias de estradas vicinais a ser implementado pelo Governo Estadual no pr\u00f3ximo quatri\u00eanio."}, {"id": "6736", "ano": "2007", "numero": "58", "tipo__sigla": "REQ", "tipo__descricao": "Requerimento", "autoria": "MARCOS LOPES MIRANDA", "texto_original": "http://sapl.garca.sp.leg.br/media/", "ementa": "Solicitando do Prefeito informa\u00e7\u00f5es acerca de exist\u00eancia de algum estudo visando melhorias nas ruas do bairro Cascata, notadamente \u00e0s ruas Baden Powell e Alfredo de Souza Castro."}, {"id": "6737", "ano": "2007", "numero": "59", "tipo__sigla": "REQ", "tipo__descricao": "Requerimento", "autoria": "MARCOS LOPES MIRANDA", "texto_original": "http://sapl.garca.sp.leg.br/media/", "ementa": "Solicitando do Governador do Estado de s\u00e3o Paulo, viabilizar o repasse de recursos financeiros ao munic\u00edpio de Gar\u00e7a, para aquisi\u00e7\u00e3o de aparelhos destinados ao Pronto Socorro da Irmandade da Santa Casa de Miseric\u00f3rdia de Gar\u00e7a."}, {"id": "6738", "ano": "2007", "numero": "60", "tipo__sigla": "REQ", "tipo__descricao": "Requerimento", "autoria": "MARCOS LOPES MIRANDA", "texto_original": "http://sapl.garca.sp.leg.br/media/", "ementa": "Solicitando do Secret\u00e1rio Estadual da Sa\u00fade, viabilizar o repasse de recursos financeiros ao munic\u00edpio de Gar\u00e7a, para aquisi\u00e7\u00e3o de aparelhos destinados ao Pronto Socorro da Irmandade da Santa Casa de Miseric\u00f3rdia de Gar\u00e7a."}, {"id": "6739", "ano": "2007", "numero": "61", "tipo__sigla": "REQ", "tipo__descricao": "Requerimento", "autoria": "MARCOS LOPES MIRANDA", "texto_original": "http://sapl.garca.sp.leg.br/media/", "ementa": "Solicitando do Deputado Federal Dr. S\u00e9rgio Nechar, gest\u00f5es junto aos governos Federal e Estadual, visando viabilizar o repasse de recursos financeiros ao munic\u00edpio de Gar\u00e7a, para aquisi\u00e7\u00e3o de aparelhos destinados ao Pronto Socorro da Irmandade da Santa Casa de Miseric\u00f3rdia de Gar\u00e7a."}, {"id": "6740", "ano": "2007", "numero": "62", "tipo__sigla": "REQ", "tipo__descricao": "Requerimento", "autoria": "MARCOS LOPES MIRANDA", "texto_original": "http://sapl.garca.sp.leg.br/media/", "ementa": "Solicitando do Deputado Federal Jos\u00e9 Abelardo Guimar\u00e3es Camarinha, gest\u00f5es junto aos governos Federal e Estadual, visando viabilizar o repasse de recursos financeiros ao munic\u00edpio de Gar\u00e7a, para aquisi\u00e7\u00e3o de aparelhos destinados ao Pronto Socorro da Irmandade da Santa Casa de Miseric\u00f3rdia de Gar\u00e7a."}, {"id": "6741", "ano": "2007", "numero": "63", "tipo__sigla": "REQ", "tipo__descricao": "Requerimento", "autoria": "MARCOS LOPES MIRANDA", "texto_original": "http://sapl.garca.sp.leg.br/media/", "ementa": "Solicitando do Deputado Estadual Vin\u00edcius Camarinha, gest\u00f5es junto ao Governo do Estado de S\u00e3o Paulo, visando viabilizar o repasse de recursos financeiros ao munic\u00edpio de Gar\u00e7a, para aquisi\u00e7\u00e3o de aparelhos destinados ao Pronto Socorro da Irmandade da Santa Casa de Miseric\u00f3rdia de Gar\u00e7a."}, {"id": "6742", "ano": "2007", "numero": "64", "tipo__sigla": "REQ", "tipo__descricao": "Requerimento", "autoria": "MARCOS LOPES MIRANDA", "texto_original": "http://sapl.garca.sp.leg.br/media/", "ementa": "Solicitando do Deputado Estadual Pedro Tobias, gest\u00f5es junto ao Governo do Estado de S\u00e3o Paulo, visando viabilizar o repasse de recursos financeiros ao munic\u00edpio de Gar\u00e7a, para aquisi\u00e7\u00e3o de aparelhos destinados ao Pronto Socorro da Irmandade da Santa Casa de Miseric\u00f3rdia de Gar\u00e7a."}, {"id": "6743", "ano": "2007", "numero": "65", "tipo__sigla": "REQ", "tipo__descricao": "Requerimento", "autoria": "MARCOS LOPES MIRANDA", "texto_original": "http://sapl.garca.sp.leg.br/media/", "ementa": "Solicitando do Prefeito informa\u00e7\u00f5es sobre os motivos que est\u00e3o dificultando a parceria do Munic\u00edpio com a Irmandade da Santa Casa de Miseric\u00f3rdia de Gar\u00e7a, no tocante \u00e0 utiliza\u00e7\u00e3o do aparelho de ultra-sonografia."}, {"id": "6744", "ano": "2007", "numero": "66", "tipo__sigla": "REQ", "tipo__descricao": "Requerimento", "autoria": "MARCOS LOPES MIRANDA", "texto_original": "http://sapl.garca.sp.leg.br/media/", "ementa": "Solicitando do Prefeito informa\u00e7\u00f5es sobre os motivos pelos quais o ambulat\u00f3rio de oftalmologia que estava funcionando no Hospital S\u00e3o Lucas, que atendia os casos de urg\u00eancia, foi transferido para o Centro de Especialidades."}, {"id": "6745", "ano": "2007", "numero": "67", "tipo__sigla": "REQ", "tipo__descricao": "Requerimento", "autoria": "MASSAO OGAWA", "texto_original": "http://sapl.garca.sp.leg.br/media/", "ementa": "Solicitando do Prefeito informa\u00e7\u00f5es sobre a constru\u00e7\u00e3o de pista de skate no Munic\u00edpio."}, {"id": "6746", "ano": "2007", "numero": "68", "tipo__sigla": "REQ", "tipo__descricao": "Requerimento", "autoria": "CORN\u00c9LIO C\u00c9ZAR KEMP MARCONDES", "texto_original": "http://sapl.garca.sp.leg.br/media/", "ementa": "Solicitando do Prefeito informa\u00e7\u00f5es sobre pagamento de horas extras a servidores p\u00fablicos municipais."}, {"id": "6747", "ano": "2007", "numero": "69", "tipo__sigla": "REQ", "tipo__descricao": "Requerimento", "autoria": "CORN\u00c9LIO C\u00c9ZAR KEMP MARCONDES", "texto_original": "http://sapl.garca.sp.leg.br/media/", "ementa": "Solicitando do Prefeito informa\u00e7\u00f5es acerca da viabilidade de desapropria\u00e7\u00e3o de \u00e1rea compreendida entre a Vilota S\u00e3o Jos\u00e9 e futuro \"Loteamento do Marang\u00e3o\", localizado na Av. Victor Hugo Boareto."}, {"id": "6748", "ano": "2007", "numero": "70", "tipo__sigla": "REQ", "tipo__descricao": "Requerimento", "autoria": "MASSAO OGAWA", "texto_original": "http://sapl.garca.sp.leg.br/media/", "ementa": "Solicitando da 4\u00aa Cia. da Pol\u00edcia Militar de Gar\u00e7a e ao setor de fiscaliza\u00e7\u00e3o da Prefeitura, ronda e fiscaliza\u00e7\u00e3o na regi\u00e3o central da cidade, mais precisamente na Rua Heitor Penteado, nas proximidades do Terminal Rodovi\u00e1rio Urbano - \"Rodovi\u00e1ria Velha\" e pr\u00f3ximo ao \"Ponto do Pastel\"."}, {"id": "6749", "ano": "2007", "numero": "71", "tipo__sigla": "REQ", "tipo__descricao": "Requerimento", "autoria": "MASSAO OGAWA", "texto_original": "http://sapl.garca.sp.leg.br/media/", "ementa": "Solicitando do Dep. Federal Mendes Thame, gest\u00f5es junto aos \u00f3rg\u00e3os competentes, notadamente os Correios, visando viabilizar a instala\u00e7\u00e3o de mais uma ag\u00eancia ou posto de servi\u00e7o dos Correios no Munic\u00edpio de Gar\u00e7a."}, {"id": "6750", "ano": "2007", "numero": "72", "tipo__sigla": "REQ", "tipo__descricao": "Requerimento", "autoria": "MASSAO OGAWA", "texto_original": "http://sapl.garca.sp.leg.br/media/", "ementa": "Solicitando do Ministro das Comunica\u00e7\u00f5es, gest\u00f5es junto aos \u00f3rg\u00e3os competentes da esfera federal de Governo, notadamente os Correios, visando viabilizar a instala\u00e7\u00e3o de mais uma ag\u00eancia ou posto de servi\u00e7o dos Correios no Munic\u00edpio de Gar\u00e7a."}, {"id": "6751", "ano": "2007", "numero": "73", "tipo__sigla": "REQ", "tipo__descricao": "Requerimento", "autoria": "MASSAO OGAWA", "texto_original": "http://sapl.garca.sp.leg.br/media/", "ementa": "Solicitando do Prefeito informa\u00e7\u00f5es sobre o Conselho Municipal dos Direitos da Mulher."}, {"id": "6752", "ano": "2007", "numero": "74", "tipo__sigla": "REQ", "tipo__descricao": "Requerimento", "autoria": "CORN\u00c9LIO C\u00c9ZAR KEMP MARCONDES", "texto_original": "http://sapl.garca.sp.leg.br/media/", "ementa": "Solicitando do Dep. Estadual Pedro Tobias, gest\u00f5es junto ao Governo Estadual, objetivando o repasse de recursos \u00e0 Associa\u00e7\u00e3o de Bairros Uni\u00e3o e Progresso, para constru\u00e7\u00e3o de um centro comunit\u00e1rio."}, {"id": "6753", "ano": "2007", "numero": "75", "tipo__sigla": "REQ", "tipo__descricao": "Requerimento", "autoria": "CORN\u00c9LIO C\u00c9ZAR KEMP MARCONDES", "texto_original": "http://sapl.garca.sp.leg.br/media/", "ementa": "Solicitando do Prefeito informa\u00e7\u00f5es sobre concess\u00e3o de vale alimenta\u00e7\u00e3o ou benef\u00edcio similar."}, {"id": "6754", "ano": "2007", "numero": "76", "tipo__sigla": "REQ", "tipo__descricao": "Requerimento", "autoria": "CORN\u00c9LIO C\u00c9ZAR KEMP MARCONDES", "texto_original": "http://sapl.garca.sp.leg.br/media/", "ementa": "Solicitando do Prefeito informa\u00e7\u00f5es sobre a reconstru\u00e7\u00e3o do muro do Est\u00e1dio Municipal Frederico Platzeck."}, {"id": "6755", "ano": "2007", "numero": "77", "tipo__sigla": "REQ", "tipo__descricao": "Requerimento", "autoria": "CORN\u00c9LIO C\u00c9ZAR KEMP MARCONDES", "texto_original": "http://sapl.garca.sp.leg.br/media/", "ementa": "Solicitando a autoridades federais gest\u00f5es visando incluir nas cirurgias realizadas pelo SUS, em caso de extra\u00e7\u00e3o de mama, amputa\u00e7\u00f5es de \u00f3rg\u00e3os e mutila\u00e7\u00f5es, a obrigatoriedade da presen\u00e7a de um cirurgi\u00e3o pl\u00e1stico junto ao corpo cl\u00ednico respons\u00e1vel pela cirurgia, bem como seja autorizada a cirurgia corretiva ap\u00f3s a realiza\u00e7\u00e3o das cirurgias supra mencionadas."}, {"id": "6756", "ano": "2007", "numero": "78", "tipo__sigla": "REQ", "tipo__descricao": "Requerimento", "autoria": "WILSON ALVES (VI)", "texto_original": "http://sapl.garca.sp.leg.br/media/", "ementa": "Solicitando do Prefeito informa\u00e7\u00f5es acerca dos motivos pelos quais ainda n\u00e3o foi realizada a substitui\u00e7\u00e3o das placas de denomina\u00e7\u00e3o de vias p\u00fablicas, cujas denomina\u00e7\u00f5es encontram-se incorretas."}, {"id": "6757", "ano": "2007", "numero": "79", "tipo__sigla": "REQ", "tipo__descricao": "Requerimento", "autoria": "MASSAO OGAWA", "texto_original": "http://sapl.garca.sp.leg.br/media/", "ementa": "Solicitando da ECT - Ger\u00eancia de Atendimento - Diretoria Regional de S\u00e3o Paulo Interior, regularizar as entregas de correspond\u00eancias por parte da ag\u00eancia local dos Correios, nos bairros Parque Real, Jardim Cafezal e Jardim Adrianita."}, {"id": "6758", "ano": "2007", "numero": "80", "tipo__sigla": "REQ", "tipo__descricao": "Requerimento", "autoria": "CORN\u00c9LIO C\u00c9ZAR KEMP MARCONDES", "texto_original": "http://sapl.garca.sp.leg.br/media/", "ementa": "Solicitando \u00e0 CEETEPS viabilizar a celebra\u00e7\u00e3o de conv\u00eanio com o Munic\u00edpio de Gar\u00e7a para o repasse de recursos financeiros para a pavimenta\u00e7\u00e3o do p\u00e1tio e \u00e1rea de estacionamento de ve\u00edculos da FATEC - Gar\u00e7a, bem como solicitando a inclus\u00e3o no referido conv\u00eanio o repasse de recursos para constru\u00e7\u00e3o de um abrigo coberto nas proximidades do campus daquela Faculdade."}, {"id": "6759", "ano": "2007", "numero": "81", "tipo__sigla": "REQ", "tipo__descricao": "Requerimento", "autoria": "WILSON ALVES (VI)", "texto_original": "http://sapl.garca.sp.leg.br/media/", "ementa": "Solicitando do Prefeito informa\u00e7\u00f5es sobre melhorias no sistema de tr\u00e2nsito da Rua  Eduardo Rodrigues de Barros, no trecho que compreender\u00e1 o novo Centro Educacional do Sesi."}, {"id": "6760", "ano": "2007", "numero": "82", "tipo__sigla": "REQ", "tipo__descricao": "Requerimento", "autoria": "WILSON ALVES (VI)", "texto_original": "http://sapl.garca.sp.leg.br/media/", "ementa": "Solicitando do Prefeito informa\u00e7\u00f5es sobre constru\u00e7\u00e3o de instala\u00e7\u00f5es sanit\u00e1rias completas, em \u00e1rea pr\u00f3xima ao Lago Artificial e Concha Ac\u00fastica."}, {"id": "6761", "ano": "2007", "numero": "83", "tipo__sigla": "REQ", "tipo__descricao": "Requerimento", "autoria": "WILSON ALVES (VI)", "texto_original": "http://sapl.garca.sp.leg.br/media/", "ementa": "Solicitando do Prefeito informa\u00e7\u00f5es acerca dos motivos pelos quais ainda n\u00e3o foi instalado um bra\u00e7o de ilumina\u00e7\u00e3o p\u00fablica para servir os aparelhos de gin\u00e1stica instalados pr\u00f3ximos \u00e0 Concha Ac\u00fastica."}, {"id": "6762", "ano": "2007", "numero": "84", "tipo__sigla": "REQ", "tipo__descricao": "Requerimento", "autoria": "MASSAO OGAWA", "texto_original": "http://sapl.garca.sp.leg.br/media/", "ementa": "Solicitando do Prefeito informa\u00e7\u00f5es sobre aumento de bols\u00f5es para estacionamento de motocicletas na regi\u00e3o que abrange a \"Zona Azul\" no Munic\u00edpio."}, {"id": "6763", "ano": "2007", "numero": "85", "tipo__sigla": "REQ", "tipo__descricao": "Requerimento", "autoria": "WILSON ALVES (VI)", "texto_original": "http://sapl.garca.sp.leg.br/media/", "ementa": "Solicitando do Dep. Estadual Pedro Tobias, gest\u00f5es visando viabilizar o repasse de recursos financeiros ao Munic\u00edpio de Gar\u00e7a, destinado \u00e0 pavimenta\u00e7\u00e3o da estrada vicinal GAR-119."}, {"id": "6764", "ano": "2007", "numero": "86", "tipo__sigla": "REQ", "tipo__descricao": "Requerimento", "autoria": "CORN\u00c9LIO C\u00c9ZAR KEMP MARCONDES", "texto_original": "http://sapl.garca.sp.leg.br/media/", "ementa": "Solicitando do Prefeito informa\u00e7\u00f5es sobre medidas que est\u00e3o sendo adotadas, e respectivos resultados, visando revitalizar o Lago Artificial."}, {"id": "6765", "ano": "2007", "numero": "87", "tipo__sigla": "REQ", "tipo__descricao": "Requerimento", "autoria": "JOS\u00c9 MARIA PIOLA", "texto_original": "http://sapl.garca.sp.leg.br/media/", "ementa": "Solicitando do Prefeito informa\u00e7\u00f5es sobre realiza\u00e7\u00e3o de reforma/manuten\u00e7\u00e3o no pr\u00e9dio que abrigava o Restaurante Colonial do Bosque."}, {"id": "6766", "ano": "2007", "numero": "88", "tipo__sigla": "REQ", "tipo__descricao": "Requerimento", "autoria": "MARCOS LOPES MIRANDA", "texto_original": "http://sapl.garca.sp.leg.br/media/", "ementa": "Solicitando \u00e0 Dir - Mar\u00edlia, orienta\u00e7\u00f5es e informa\u00e7\u00f5es a respeito da obrigatoriedade do exame de rotina em gestantes, para diagn\u00f3stico de hepatite do tipo B e C."}, {"id": "6767", "ano": "2007", "numero": "89", "tipo__sigla": "REQ", "tipo__descricao": "Requerimento", "autoria": "CORN\u00c9LIO C\u00c9ZAR KEMP MARCONDES", "texto_original": "http://sapl.garca.sp.leg.br/media/", "ementa": "Solicitando do Dep. Federal Dr. S\u00e9rgio Nechar, gest\u00f5es junto ao Governo Federal e ao Minist\u00e9rio da Sa\u00fade, no sentido de hipotecar apoio \u00e0 proposta do laborat\u00f3rio Farmanguinhos, da Funda\u00e7\u00e3o Oswaldo Cruz (Fiocruz), de obter o licenciamento compuls\u00f3rio (quebra de patente) do medicamento Efavirenz."}, {"id": "6768", "ano": "2007", "numero": "90", "tipo__sigla": "REQ", "tipo__descricao": "Requerimento", "autoria": "MASSAO OGAWA", "texto_original": "http://sapl.garca.sp.leg.br/media/", "ementa": "Solicitando do Prefeito informa\u00e7\u00f5es sobre o n\u00famero de interessados em parar de fumar inscritos no novo Grupo de Tabagismo."}, {"id": "6769", "ano": "2007", "numero": "91", "tipo__sigla": "REQ", "tipo__descricao": "Requerimento", "autoria": "MASSAO OGAWA", "texto_original": "http://sapl.garca.sp.leg.br/media/", "ementa": "Solicitando a todos os Presidentes de entidades e associa\u00e7\u00f5es que trabalham exclusivamente com pessoas idosas e aposentadas em nosso Munic\u00edpio, para que desenvolvam campanha de conscientiza\u00e7\u00e3o dessas pessoas, visando alert\u00e1-los sobre os crescentes casos de estelionatos ocorridos em Gar\u00e7a e regi\u00e3o."}, {"id": "6770", "ano": "2007", "numero": "92", "tipo__sigla": "REQ", "tipo__descricao": "Requerimento", "autoria": "MASSAO OGAWA", "texto_original": "http://sapl.garca.sp.leg.br/media/", "ementa": "Solicitando do Governador do Estado e \u00e0 Secretaria Estadual dos Transportes, a retomadas das obras de duplica\u00e7\u00e3o da SP-294, no trecho Gar\u00e7a - Piratininga."}, {"id": "6771", "ano": "2007", "numero": "93", "tipo__sigla": "REQ", "tipo__descricao": "Requerimento", "autoria": "WILSON ALVES (VI)", "texto_original": "http://sapl.garca.sp.leg.br/media/", "ementa": "Solicitando do Prefeito informa\u00e7\u00f5es sobre a previs\u00e3o de tempo para pagamento dos funcion\u00e1rios p\u00fablicos alusivos ao FGTS n\u00e3o recolhidos, bem como a ordem e a forma de pagamento."}, {"id": "6772", "ano": "2007", "numero": "94", "tipo__sigla": "REQ", "tipo__descricao": "Requerimento", "autoria": "ADAMIR MAUR\u00cdCIO DE BARROS", "texto_original": "http://sapl.garca.sp.leg.br/media/", "ementa": "Solicitando do Prefeito informa\u00e7\u00f5es sobre pavimenta\u00e7\u00e3o asf\u00e1ltica da Rua Brasil Jolly."}, {"id": "6773", "ano": "2007", "numero": "95", "tipo__sigla": "REQ", "tipo__descricao": "Requerimento", "autoria": "ADAMIR MAUR\u00cdCIO DE BARROS", "texto_original": "http://sapl.garca.sp.leg.br/media/", "ementa": "Solicitando do Prefeito informa\u00e7\u00f5es sobre o cal\u00e7amento/pavimenta\u00e7\u00e3o da Rua do Beco, na Rua Francisco da Silva Braga."}, {"id": "6284", "ano": "2007", "numero": "96", "tipo__sigla": "REQ", "tipo__descricao": "Requerimento", "autoria": "PEDRO HENRIQUE SCARTEZINI", "texto_original": "http://sapl.garca.sp.leg.br/media/", "ementa": "Solicitando a autoridades competentes estabelecer o fim da contribui\u00e7\u00e3o na al\u00edquota de 10% sobre o montante de todos os dep\u00f3sitos devidos referentes ao FGTS, durante a vig\u00eancia do contrato de trabalho, acrescido das remunera\u00e7\u00f5es aplic\u00e1veis \u00e0s contas vinculadas criada pela Lei Complementar n\u00ba 110/2001."}, {"id": "6774", "ano": "2007", "numero": "97", "tipo__sigla": "REQ", "tipo__descricao": "Requerimento", "autoria": "PEDRO HENRIQUE SCARTEZINI", "texto_original": "http://sapl.garca.sp.leg.br/media/", "ementa": "Solicitando da Empresa Gar\u00e7a Servi\u00e7os Ambientais, implanta\u00e7\u00e3o de sistema de atendimento para servi\u00e7os de urg\u00eancia, como para coleta de animais mortos."}, {"id": "6775", "ano": "2007", "numero": "98", "tipo__sigla": "REQ", "tipo__descricao": "Requerimento", "autoria": "PEDRO HENRIQUE SCARTEZINI", "texto_original": "http://sapl.garca.sp.leg.br/media/", "ementa": "Solicitando do Prefeito informa\u00e7\u00f5es sobre a possibilidade do Sr. Nelson Ishisato, \"Pai das Cerejeiras\", cuidar dos tratos culturais das Cerejeiras no Lago Artificial."}, {"id": "6776", "ano": "2007", "numero": "99", "tipo__sigla": "REQ", "tipo__descricao": "Requerimento", "autoria": "CORN\u00c9LIO C\u00c9ZAR KEMP MARCONDES", "texto_original": "http://sapl.garca.sp.leg.br/media/", "ementa": "Solicitando do Prefeito informa\u00e7\u00f5es sobre repasse de recursos a t\u00edtulo de \"pr\u00f3-labore\" ou outra denomina\u00e7\u00e3o legal aos policiais militares que atuam na fiscaliza\u00e7\u00e3o do tr\u00e2nsito no Munic\u00edpio."}, {"id": "6777", "ano": "2007", "numero": "100", "tipo__sigla": "REQ", "tipo__descricao": "Requerimento", "autoria": "CORN\u00c9LIO C\u00c9ZAR KEMP MARCONDES", "texto_original": "http://sapl.garca.sp.leg.br/media/", "ementa": "Solicitando do Prefeito informa\u00e7\u00f5es sobre exist\u00eancia de Programa que visa prestar aux\u00edlio a fam\u00edlias carentes para a realiza\u00e7\u00e3o de obras de constru\u00e7\u00e3o em seus im\u00f3veis."}, {"id": "6778", "ano": "2007", "numero": "101", "tipo__sigla": "REQ", "tipo__descricao": "Requerimento", "autoria": "CORN\u00c9LIO C\u00c9ZAR KEMP MARCONDES", "texto_original": "http://sapl.garca.sp.leg.br/media/", "ementa": "Solicitando do Prefeito informa\u00e7\u00f5es sobre implanta\u00e7\u00e3o de ilumina\u00e7\u00e3o p\u00fablica no Jardim Adrianita nas ruas que especifica."}, {"id": "6779", "ano": "2007", "numero": "102", "tipo__sigla": "REQ", "tipo__descricao": "Requerimento", "autoria": "MASSAO OGAWA", "texto_original": "http://sapl.garca.sp.leg.br/media/", "ementa": "Solicitando do Prefeito informa\u00e7\u00f5es sobre a constru\u00e7\u00e3o de moradias para os servidores p\u00fablicos municipais."}, {"id": "6780", "ano": "2007", "numero": "103", "tipo__sigla": "REQ", "tipo__descricao": "Requerimento", "autoria": "CORN\u00c9LIO C\u00c9ZAR KEMP MARCONDES", "texto_original": "http://sapl.garca.sp.leg.br/media/", "ementa": "Solicitando do Prefeito informa\u00e7\u00f5es sobre eventuais casos de tuberculose diagnosticados no Munic\u00edpio nos \u00faltimos doze meses."}, {"id": "6781", "ano": "2007", "numero": "104", "tipo__sigla": "REQ", "tipo__descricao": "Requerimento", "autoria": "CORN\u00c9LIO C\u00c9ZAR KEMP MARCONDES", "texto_original": "http://sapl.garca.sp.leg.br/media/", "ementa": "Solicitando do Prefeito informa\u00e7\u00f5es sobre conv\u00eanios firmados pelo Munic\u00edpio com as esferas estadual e federal de Governo, objetivando o repasse de recursos, no per\u00edodo compreendido entre janeiro/2005 at\u00e9 a presente data."}, {"id": "6782", "ano": "2007", "numero": "105", "tipo__sigla": "REQ", "tipo__descricao": "Requerimento", "autoria": "CORN\u00c9LIO C\u00c9ZAR KEMP MARCONDES", "texto_original": "http://sapl.garca.sp.leg.br/media/", "ementa": "Solicitando do Minist\u00e9rio P\u00fablico da Comarca de Gar\u00e7a, compelir o Munic\u00edpio no sentido de se efetuar a constru\u00e7\u00e3o de uma rotat\u00f3ria ou outros dispositivos de seguran\u00e7a na entrada do campus da FAEF, pela via de acesso \u00e0 sa\u00edda para Jafa/Mar\u00edlia."}, {"id": "6783", "ano": "2007", "numero": "106", "tipo__sigla": "REQ", "tipo__descricao": "Requerimento", "autoria": "CORN\u00c9LIO C\u00c9ZAR KEMP MARCONDES", "texto_original": "http://sapl.garca.sp.leg.br/media/", "ementa": "Solicitando do Minist\u00e9rio P\u00fablico da Comarca de Gar\u00e7a, compelir o Munic\u00edpio no sentido de efetuar a destina\u00e7\u00e3o de leite NAN n\u00ba 1 \u00e0 rec\u00e9m nascida."}, {"id": "6784", "ano": "2007", "numero": "107", "tipo__sigla": "REQ", "tipo__descricao": "Requerimento", "autoria": "WILSON ALVES (VI)", "texto_original": "http://sapl.garca.sp.leg.br/media/", "ementa": "Solicitando do Prefeito informa\u00e7\u00f5es sobre plano de a\u00e7\u00e3o objetivando canalizar as \u00e1guas pluviais que s\u00e3o despejadas no S\u00edtio S\u00e3o Luiz."}, {"id": "6785", "ano": "2007", "numero": "108", "tipo__sigla": "REQ", "tipo__descricao": "Requerimento", "autoria": "WILSON ALVES (VI)", "texto_original": "http://sapl.garca.sp.leg.br/media/", "ementa": "Solicitando do Prefeito informa\u00e7\u00f5es sobre pavimenta\u00e7\u00e3o asf\u00e1ltica do trecho final da Rua Miguel Bruno Ferreira"}, {"id": "6786", "ano": "2007", "numero": "109", "tipo__sigla": "REQ", "tipo__descricao": "Requerimento", "autoria": "WILSON ALVES (VI)", "texto_original": "http://sapl.garca.sp.leg.br/media/", "ementa": "Solicitando da ARTESP informa\u00e7\u00f5es sobre exist\u00eancia de legisla\u00e7\u00e3o a n\u00edvel estadual, que disp\u00f5e sobre determinada forma de venda de passes escolares aos estudantes."}, {"id": "6790", "ano": "2007", "numero": "110", "tipo__sigla": "REQ", "tipo__descricao": "Requerimento", "autoria": "WILSON ALVES (VI)", "texto_original": "http://sapl.garca.sp.leg.br/media/", "ementa": "Solicitando da TV Tem informa\u00e7\u00f5es sobre o motivo pelo qual n\u00e3o foi inclu\u00eddo o parque industrial do Munic\u00edpio de Gar\u00e7a, na s\u00e9rie de reportagem \"Nossa Economia\". "}, {"id": "6791", "ano": "2007", "numero": "111", "tipo__sigla": "REQ", "tipo__descricao": "Requerimento", "autoria": "WILSON ALVES (VI)", "texto_original": "http://sapl.garca.sp.leg.br/media/", "ementa": "Solicitando do SAAE informa\u00e7\u00f5es sobre cobran\u00e7a, via judicial, contra determinada empresa do Munic\u00edpio."}, {"id": "6793", "ano": "2007", "numero": "112", "tipo__sigla": "REQ", "tipo__descricao": "Requerimento", "autoria": "WILSON ALVES (VI)", "texto_original": "http://sapl.garca.sp.leg.br/media/", "ementa": "Solicitando do Prefeito informa\u00e7\u00f5es sobre realiza\u00e7\u00e3o da pavimenta\u00e7\u00e3o asf\u00e1ltica do Bairro Jardim Giseli."}, {"id": "6794", "ano": "2007", "numero": "113", "tipo__sigla": "REQ", "tipo__descricao": "Requerimento", "autoria": "VALDEMAR ZIMIANI", "texto_original": "http://sapl.garca.sp.leg.br/media/", "ementa": "Solicitando do DER - Assis pintura das faixas delimitadoras de vias da estrada municipal que liga o Distrito de Jafa ao Bairro Itiratup\u00e3."}, {"id": "6795", "ano": "2007", "numero": "114", "tipo__sigla": "REQ", "tipo__descricao": "Requerimento", "autoria": "CORN\u00c9LIO C\u00c9ZAR KEMP MARCONDES", "texto_original": "http://sapl.garca.sp.leg.br/media/", "ementa": "Solicitando do Prefeito informa\u00e7\u00f5es sobre o cr\u00e9dito dos honor\u00e1rios de sucumb\u00eancia das execu\u00e7\u00f5es fiscais do Munic\u00edpio."}, {"id": "6796", "ano": "2007", "numero": "115", "tipo__sigla": "REQ", "tipo__descricao": "Requerimento", "autoria": "MASSAO OGAWA", "texto_original": "http://sapl.garca.sp.leg.br/media/", "ementa": "Solicitando da Presid\u00eancia do Correios, a instala\u00e7\u00e3o de uma nova ag\u00eancia dos Correios no Munic\u00edpio."}, {"id": "6797", "ano": "2007", "numero": "116", "tipo__sigla": "REQ", "tipo__descricao": "Requerimento", "autoria": "MASSAO OGAWA", "texto_original": "http://sapl.garca.sp.leg.br/media/", "ementa": "Solicitando do Dep. Federal Walter Ihoshi esfor\u00e7os junto \u00e0s autoridades competentes, visando a instala\u00e7\u00e3o de uma nova ag\u00eancia dos Correios no Munic\u00edpio."}, {"id": "6798", "ano": "2007", "numero": "117", "tipo__sigla": "REQ", "tipo__descricao": "Requerimento", "autoria": "MASSAO OGAWA", "texto_original": "http://sapl.garca.sp.leg.br/media/", "ementa": "Solicitando do Dep. Federal Mendes Thame, esfor\u00e7os junto \u00e0s autoridades competentes, visando a instala\u00e7\u00e3o de uma nova ag\u00eancia dos Correios no Munic\u00edpio."}, {"id": "6799", "ano": "2007", "numero": "118", "tipo__sigla": "REQ", "tipo__descricao": "Requerimento", "autoria": "MARCOS LOPES MIRANDA", "texto_original": "http://sapl.garca.sp.leg.br/media/", "ementa": "Solicitando do Prefeito informa\u00e7\u00f5es sobre provid\u00eancias para solucionar o ac\u00famulo de lixo nas ruas dos bairros perif\u00e9ricos."}, {"id": "6800", "ano": "2007", "numero": "119", "tipo__sigla": "REQ", "tipo__descricao": "Requerimento", "autoria": "MARCOS LOPES MIRANDA", "texto_original": "http://sapl.garca.sp.leg.br/media/", "ementa": "Solicitando do Prefeito informa\u00e7\u00f5es sobre provid\u00eancias para garantir o cumprimento da obriga\u00e7\u00e3o de limpeza dos terrenos."}, {"id": "6801", "ano": "2007", "numero": "120", "tipo__sigla": "REQ", "tipo__descricao": "Requerimento", "autoria": "SEBASTI\u00c3O TOLDATO GALEGO", "texto_original": "http://sapl.garca.sp.leg.br/media/", "ementa": "Solicitando do Prefeito informa\u00e7\u00f5es sobre a possibilidade de se efetuar a cess\u00e3o gratuita de im\u00f3vel localizado na Rua Fidelis Furquim n\u00ba 179, no distrito de Jafa, para receber brech\u00f3 beneficente."}, {"id": "6803", "ano": "2007", "numero": "121", "tipo__sigla": "REQ", "tipo__descricao": "Requerimento", "autoria": "ADAMIR MAUR\u00cdCIO DE BARROS", "texto_original": "http://sapl.garca.sp.leg.br/media/", "ementa": "Solicitando do Prefeito o encaminhamento de parecer acerca do posicionamento do Conselho Municipal de Tr\u00e2nsito com rela\u00e7\u00e3o ao fechamento de trecho da Rua S\u00e3o Jo\u00e3o."}, {"id": "6804", "ano": "2007", "numero": "122", "tipo__sigla": "REQ", "tipo__descricao": "Requerimento", "autoria": "ADAMIR MAUR\u00cdCIO DE BARROS", "texto_original": "http://sapl.garca.sp.leg.br/media/", "ementa": "Solicitando do Prefeito informa\u00e7\u00f5es sobre a possibilidade e viabilidade de revoga\u00e7\u00e3o da Lei Municipal n\u00ba 3.724/2004, que desafetou trecho da Rua S\u00e3o Jo\u00e3o e concedeu o direito de uso da mesma \u00e0 institui\u00e7\u00e3o de ensino."}, {"id": "6802", "ano": "2007", "numero": "123", "tipo__sigla": "REQ", "tipo__descricao": "Requerimento", "autoria": "WILSON ALVES (VI)", "texto_original": "http://sapl.garca.sp.leg.br/media/", "ementa": "Solicitando do Prefeito informa\u00e7\u00f5es sobre a coloca\u00e7\u00e3o de placa com a indica\u00e7\u00e3o \"Ponto de T\u00e1xi\" e pintura da faixa em amarelo, no ponto de t\u00e1xi da Av. da Saudade."}, {"id": "6806", "ano": "2007", "numero": "124", "tipo__sigla": "REQ", "tipo__descricao": "Requerimento", "autoria": "WILSON ALVES (VI)", "texto_original": "http://sapl.garca.sp.leg.br/media/", "ementa": "Solicitando do Governador do Estado de S\u00e3o Paulo, informa\u00e7\u00f5es sobre a viabilidade de uso do pr\u00e9dio da antiga gr\u00e1fica do Di\u00e1rio Oficial do Estado para instala\u00e7\u00e3o do CEAMA de Mar\u00edlia."}, {"id": "6807", "ano": "2007", "numero": "125", "tipo__sigla": "REQ", "tipo__descricao": "Requerimento", "autoria": "WILSON ALVES (VI)", "texto_original": "http://sapl.garca.sp.leg.br/media/", "ementa": "Solicitando do SAAE o encaminhamento de c\u00f3pias das atas das \u00faltimas reuni\u00f5es do Conselho Deliberativo e das \u00faltimas tabelas de cobran\u00e7a da tarifa de \u00e1gua e esgoto."}, {"id": "6808", "ano": "2007", "numero": "126", "tipo__sigla": "REQ", "tipo__descricao": "Requerimento", "autoria": "CORN\u00c9LIO C\u00c9ZAR KEMP MARCONDES", "texto_original": "http://sapl.garca.sp.leg.br/media/", "ementa": "Solicitando do Prefeito informa\u00e7\u00f5es sobre a pintura externa do edif\u00edcio do F\u00f3rum local."}, {"id": "6805", "ano": "2007", "numero": "127", "tipo__sigla": "REQ", "tipo__descricao": "Requerimento", "autoria": "CORN\u00c9LIO C\u00c9ZAR KEMP MARCONDES", "texto_original": "http://sapl.garca.sp.leg.br/media/", "ementa": "Solicitando a autoridades federais a suspens\u00e3o da determina\u00e7\u00e3o de descredenciamento dos advogados credenciados junto \u00e0 Procuradoria Federal Especializada do INSS, at\u00e9 que se efetivem novos concursos p\u00fablicos."}, {"id": "6809", "ano": "2007", "numero": "128", "tipo__sigla": "REQ", "tipo__descricao": "Requerimento", "autoria": "CORN\u00c9LIO C\u00c9ZAR KEMP MARCONDES", "texto_original": "http://sapl.garca.sp.leg.br/media/", "ementa": "Solicitando da Presid\u00eancia do Tribunal de Justi\u00e7a do Estado de S\u00e3o Paulo, reconsidera\u00e7\u00e3o da Resolu\u00e7\u00e3o n\u00ba 296/2007, editada por aquele Tribunal , disciplinando o procedimento de reclassifica\u00e7\u00e3o das entr\u00e2ncias."}, {"id": "6810", "ano": "2007", "numero": "129", "tipo__sigla": "REQ", "tipo__descricao": "Requerimento", "autoria": "CORN\u00c9LIO C\u00c9ZAR KEMP MARCONDES", "texto_original": "http://sapl.garca.sp.leg.br/media/", "ementa": "Solicitando do Dep. Federal Dr. R\u00e9gis Fernandes de Oliveira gest\u00f5es junto ao Tribunal de Justi\u00e7a do Estado de S\u00e3o Paulo, visando a reconsidera\u00e7\u00e3o da Resolu\u00e7\u00e3o n\u00ba 296/2007, editada por aquele Tribunal, disciplinando o procedimento de reclassifica\u00e7\u00e3o das entr\u00e2ncias."}, {"id": "6811", "ano": "2007", "numero": "130", "tipo__sigla": "REQ", "tipo__descricao": "Requerimento", "autoria": "CORN\u00c9LIO C\u00c9ZAR KEMP MARCONDES", "texto_original": "http://sapl.garca.sp.leg.br/media/", "ementa": "Solicitando do Dep. Federal Michel Temer gest\u00f5es junto ao Tribunal de Justi\u00e7a do Estado de S\u00e3o Paulo, visando a reconsidera\u00e7\u00e3o da Resolu\u00e7\u00e3o n\u00ba 296/2007, disciplinando o procedimento de reclassifica\u00e7\u00e3o das entr\u00e2ncias."}, {"id": "6812", "ano": "2007", "numero": "131", "tipo__sigla": "REQ", "tipo__descricao": "Requerimento", "autoria": "CORN\u00c9LIO C\u00c9ZAR KEMP MARCONDES", "texto_original": "http://sapl.garca.sp.leg.br/media/", "ementa": "Solicitando das C\u00e2maras Municipais de Len\u00e7\u00f3is Paulista, Paragua\u00e7u Paulista e Mirassol, apoio ao Requerimento n\u00ba 128/2007, visando a reconsidera\u00e7\u00e3o da Resolu\u00e7\u00e3o n\u00ba 296/2007 do Tribunal de Justi\u00e7a do Estado, disciplinando o procedimento de reclassifica\u00e7\u00e3o das entr\u00e2ncias."}, {"id": "6813", "ano": "2007", "numero": "132", "tipo__sigla": "REQ", "tipo__descricao": "Requerimento", "autoria": "CORN\u00c9LIO C\u00c9ZAR KEMP MARCONDES", "texto_original": "http://sapl.garca.sp.leg.br/media/", "ementa": "Solicitando do Prefeito informa\u00e7\u00f5es sobre os crit\u00e9rios utilizados para indeferimento de licen\u00e7as de tratamento m\u00e9dico de diversos servidores municipais. "}, {"id": "6814", "ano": "2007", "numero": "133", "tipo__sigla": "REQ", "tipo__descricao": "Requerimento", "autoria": "CORN\u00c9LIO C\u00c9ZAR KEMP MARCONDES", "texto_original": "http://sapl.garca.sp.leg.br/media/", "ementa": "Solicitando do Prefeito informa\u00e7\u00f5es sobre a cria\u00e7\u00e3o do \"Cons\u00f3rcio Intermunicipal de Sa\u00fade\"."}, {"id": "6815", "ano": "2007", "numero": "134", "tipo__sigla": "REQ", "tipo__descricao": "Requerimento", "autoria": "WILSON ALVES (VI)", "texto_original": "http://sapl.garca.sp.leg.br/media/", "ementa": "Solicitando ao Governador do Estado de S\u00e3o Paulo e \u00e0 Secretaria Estadual da Sa\u00fade, informa\u00e7\u00f5es acerca do cumprimento do repasse de 2% da parte do Governo ao IAMSPE."}, {"id": "6816", "ano": "2007", "numero": "135", "tipo__sigla": "REQ", "tipo__descricao": "Requerimento", "autoria": "MASSAO OGAWA", "texto_original": "http://sapl.garca.sp.leg.br/media/", "ementa": "Solicitando do Dep. Estadual Vaz de Lima, gest\u00f5es junto ao Governo do Estado e \u00e0 Secretaria Estadual dos Transportes, visando melhoria no trevo de acesso \u00e0 SP-294, sa\u00edda para Mar\u00edlia, no tocante o acesso \u00e0 estrada vicinal que demanda ao Bairro Santo Andr\u00e9."}, {"id": "6817", "ano": "2007", "numero": "136", "tipo__sigla": "REQ", "tipo__descricao": "Requerimento", "autoria": "MASSAO OGAWA", "texto_original": "http://sapl.garca.sp.leg.br/media/", "ementa": "Solicitando da 4\u00aa Cia. de Pol\u00edcia Militar de Gar\u00e7a, intensifica\u00e7\u00e3o de policiamento de tr\u00e2nsito na Av. Dr. Labieno da Costa Machado, no trecho compreendido entre o Terminal Rodovi\u00e1rio de Passageiros e a \"Rotat\u00f3ria da Gar\u00e7a\", nos hor\u00e1rios de maior circula\u00e7\u00e3o de ve\u00edculos."}, {"id": "6818", "ano": "2007", "numero": "137", "tipo__sigla": "REQ", "tipo__descricao": "Requerimento", "autoria": "WILSON ALVES (VI)", "texto_original": "http://sapl.garca.sp.leg.br/media/", "ementa": "Solicitando do Governador do Estado de S\u00e3o Paulo e aos dirigentes do IAMSPE, abertura de edital de concurso p\u00fablico para admiss\u00e3o de novos funcion\u00e1rios p\u00fablicos ao CEAMA de Mar\u00edlia."}, {"id": "6819", "ano": "2007", "numero": "138", "tipo__sigla": "REQ", "tipo__descricao": "Requerimento", "autoria": "WILSON ALVES (VI)", "texto_original": "http://sapl.garca.sp.leg.br/media/", "ementa": "Solicitando do SAAE reparos necess\u00e1rios no leito carro\u00e7\u00e1vel da Rua Tupy, altura dos n\u00bas 389, 451 e 461."}, {"id": "6820", "ano": "2007", "numero": "139", "tipo__sigla": "REQ", "tipo__descricao": "Requerimento", "autoria": "CORN\u00c9LIO C\u00c9ZAR KEMP MARCONDES", "texto_original": "http://sapl.garca.sp.leg.br/media/", "ementa": "Solicitando do Prefeito informa\u00e7\u00f5es sobre materiais contendo dados destinados \u00e0 divulga\u00e7\u00e3o para atrair novos empreendimentos."}, {"id": "6821", "ano": "2007", "numero": "140", "tipo__sigla": "REQ", "tipo__descricao": "Requerimento", "autoria": "CORN\u00c9LIO C\u00c9ZAR KEMP MARCONDES", "texto_original": "http://sapl.garca.sp.leg.br/media/", "ementa": "Solicitando do Dep. Federal Dr. R\u00e9gis Fernandes de Oliveira gest\u00f5es visando a suspens\u00e3o da determina\u00e7\u00e3o de descredenciamento dos advogados credenciados junto \u00e0 Procuradoria Federal Especializada do INSS, at\u00e9 que se efetivem novos concursos p\u00fablicos."}, {"id": "6822", "ano": "2007", "numero": "141", "tipo__sigla": "REQ", "tipo__descricao": "Requerimento", "autoria": "CORN\u00c9LIO C\u00c9ZAR KEMP MARCONDES", "texto_original": "http://sapl.garca.sp.leg.br/media/", "ementa": "Solicitando do Tribunal Regional do Trabalho da 15\u00aa Regi\u00e3o,  a constru\u00e7\u00e3o de sede pr\u00f3pria para abrigar a Junta do Trabalho de Gar\u00e7a ou loca\u00e7\u00e3o de outro pr\u00e9dio maior e com a devida adequa\u00e7\u00e3o."}, {"id": "6826", "ano": "2007", "numero": "142", "tipo__sigla": "REQ", "tipo__descricao": "Requerimento", "autoria": "MARCOS LOPES MIRANDA", "texto_original": "http://sapl.garca.sp.leg.br/media/", "ementa": "Solicitando do Prefeito informa\u00e7\u00f5es sobre inclus\u00e3o da popula\u00e7\u00e3o flutuante no c\u00e1lculo para o recebimento do PAB - Piso da Aten\u00e7\u00e3o B\u00e1sica."}, {"id": "6827", "ano": "2007", "numero": "143", "tipo__sigla": "REQ", "tipo__descricao": "Requerimento", "autoria": "SEBASTI\u00c3O TOLDATO GALEGO", "texto_original": "http://sapl.garca.sp.leg.br/media/", "ementa": "Solicitando \u00e0s ag\u00eancias banc\u00e1rias do Munic\u00edpio disponibilizarem cadeiras de rodas aos seus clientes portadores de necessidades especiais."}, {"id": "6828", "ano": "2007", "numero": "144", "tipo__sigla": "REQ", "tipo__descricao": "Requerimento", "autoria": "MASSAO OGAWA", "texto_original": "http://sapl.garca.sp.leg.br/media/", "ementa": "Solicitando \u00e0 Telef\u00f4nica viabilizar a disponibiliza\u00e7\u00e3o do servi\u00e7o \"Speedy\" para os usu\u00e1rios do distrito de Jafa."}, {"id": "6829", "ano": "2007", "numero": "145", "tipo__sigla": "REQ", "tipo__descricao": "Requerimento", "autoria": "MASSAO OGAWA", "texto_original": "http://sapl.garca.sp.leg.br/media/", "ementa": "Solicitando do Prefeito informa\u00e7\u00f5es sobre a quantidade de procedimentos realizados pelo Poupa Tempo m\u00f3vel no Munic\u00edpio."}, {"id": "6830", "ano": "2007", "numero": "146", "tipo__sigla": "REQ", "tipo__descricao": "Requerimento", "autoria": "JOS\u00c9 MARIA PIOLA", "texto_original": "http://sapl.garca.sp.leg.br/media/", "ementa": "Solicitando do Prefeito informa\u00e7\u00f5es sobre a reforma do Museu Municipal."}, {"id": "6833", "ano": "2007", "numero": "147", "tipo__sigla": "REQ", "tipo__descricao": "Requerimento", "autoria": "JOS\u00c9 MARIA PIOLA", "texto_original": "http://sapl.garca.sp.leg.br/media/", "ementa": "Solicitando do Prefeito informa\u00e7\u00f5es sobre a possibilidade de determinar a altera\u00e7\u00e3o do ponto da banca de revista localizada junto \u00e0 Pra\u00e7a Pedro de Toledo."}, {"id": "6834", "ano": "2007", "numero": "148", "tipo__sigla": "REQ", "tipo__descricao": "Requerimento", "autoria": "FRANCISCO CHRIST\u00d3FORO J\u00daNIOR, WILSON ALVES (VI)", "texto_original": "http://sapl.garca.sp.leg.br/media/", "ementa": "Solicitando do Prefeito informa\u00e7\u00f5es sobre fiscaliza\u00e7\u00e3o e execu\u00e7\u00e3o da Lei Municipal n\u00ba 4.060/2007 junto \u00e0s institui\u00e7\u00f5es banc\u00e1rias do Munic\u00edpio."}, {"id": "6835", "ano": "2007", "numero": "149", "tipo__sigla": "REQ", "tipo__descricao": "Requerimento", "autoria": "WILSON ALVES (VI)", "texto_original": "http://sapl.garca.sp.leg.br/media/", "ementa": "Solicitando do SAAE reparos no leito carro\u00e7\u00e1vel de trecho da Rua Peroba, altura do n\u00ba 44."}, {"id": "6836", "ano": "2007", "numero": "150", "tipo__sigla": "REQ", "tipo__descricao": "Requerimento", "autoria": "WILSON ALVES (VI)", "texto_original": "http://sapl.garca.sp.leg.br/media/", "ementa": "Solicitando do Governador do Estado de S\u00e3o Paulo e do IAMSPE, a transforma\u00e7\u00e3o das chefias do CEAMA de Mar\u00edlia em chefias t\u00e9cnicas de apoio administrativo e chefias de atendimento e registros."}, {"id": "6837", "ano": "2007", "numero": "151", "tipo__sigla": "REQ", "tipo__descricao": "Requerimento", "autoria": "CORN\u00c9LIO C\u00c9ZAR KEMP MARCONDES", "texto_original": "http://sapl.garca.sp.leg.br/media/", "ementa": "Solicitando ao Minist\u00e9rio da Cultura, celebra\u00e7\u00e3o de conv\u00eanio com o munic\u00edpio de Gar\u00e7a, visando o repasse de recursos financeiros para conclus\u00e3o de obras do Teatro Municipal."}, {"id": "6838", "ano": "2007", "numero": "152", "tipo__sigla": "REQ", "tipo__descricao": "Requerimento", "autoria": "CORN\u00c9LIO C\u00c9ZAR KEMP MARCONDES", "texto_original": "http://sapl.garca.sp.leg.br/media/", "ementa": "Solicitando do Dep. Estadual Vin\u00edcius Camarinha gest\u00f5es objetivando o repasse de recursos financeiros destinados a constru\u00e7\u00e3o de um centro comunit\u00e1rio no bairro Jardim Sol Nascente."}, {"id": "6839", "ano": "2007", "numero": "153", "tipo__sigla": "REQ", "tipo__descricao": "Requerimento", "autoria": "ADAMIR MAUR\u00cdCIO DE BARROS", "texto_original": "http://sapl.garca.sp.leg.br/media/", "ementa": "Solicitando da 4\u00aa Cia. Pol\u00edcia Militar de Gar\u00e7a, intensificar orienta\u00e7\u00e3o e fiscaliza\u00e7\u00e3o quanto ao tr\u00e2nsito de motocicletas pelas vias urbanas do Munic\u00edpio."}, {"id": "6840", "ano": "2007", "numero": "154", "tipo__sigla": "REQ", "tipo__descricao": "Requerimento", "autoria": "CORN\u00c9LIO C\u00c9ZAR KEMP MARCONDES", "texto_original": "http://sapl.garca.sp.leg.br/media/", "ementa": "Solicitando do Prefeito informa\u00e7\u00f5es sobre o(s) motivo(s) da inviabilidade do repasse de recursos financeiros a t\u00edrulo de pr\u00f3-labore aos policiais militares que atuam na fiscaliza\u00e7\u00e3o do tr\u00e2nsito no Munic\u00edpio."}, {"id": "6841", "ano": "2007", "numero": "155", "tipo__sigla": "REQ", "tipo__descricao": "Requerimento", "autoria": "PEDRO HENRIQUE SCARTEZINI", "texto_original": "http://sapl.garca.sp.leg.br/media/", "ementa": "Solicitando do SAAE informa\u00e7\u00f5es sobre medidas para solucionar o problema de constante vazamento na rede de \u00e1gua do Condom\u00ednio Residencial Portal do Lago."}, {"id": "6842", "ano": "2007", "numero": "156", "tipo__sigla": "REQ", "tipo__descricao": "Requerimento", "autoria": "PEDRO HENRIQUE SCARTEZINI", "texto_original": "http://sapl.garca.sp.leg.br/media/", "ementa": "Solicitando do Dep. Federal Edson Aparecido gest\u00f5es junto ao \u00f3rg\u00e3os competentes, visando o repasse de recursos financeiros \u00e0 Prefeitura Municipal de Gar\u00e7a, para a aquisi\u00e7\u00e3o de uma unidade m\u00f3vel de sa\u00fade."}, {"id": "6843", "ano": "2007", "numero": "157", "tipo__sigla": "REQ", "tipo__descricao": "Requerimento", "autoria": "MARCOS LOPES MIRANDA", "texto_original": "http://sapl.garca.sp.leg.br/media/", "ementa": "Solicitando do Prefeito informa\u00e7\u00f5es sobre a responsabilidade da Municipalidade com a seguran\u00e7a dos ve\u00edculos estacionados na \"Zona Azul\"."}, {"id": "6844", "ano": "2007", "numero": "158", "tipo__sigla": "REQ", "tipo__descricao": "Requerimento", "autoria": "MARCOS LOPES MIRANDA", "texto_original": "http://sapl.garca.sp.leg.br/media/", "ementa": "Solicitando do Prefeito explica\u00e7\u00f5es sobre a autoriza\u00e7\u00e3o concedida para cirurgia eletiva de paciente moradora na cidade de Mar\u00edlia."}, {"id": "6845", "ano": "2007", "numero": "159", "tipo__sigla": "REQ", "tipo__descricao": "Requerimento", "autoria": "MARCOS LOPES MIRANDA", "texto_original": "http://sapl.garca.sp.leg.br/media/", "ementa": "Solicitando do Prefeito explica\u00e7\u00f5es sobre a veracidade do fato de ter sido descontado de m\u00e9dico que prescreveu receita de latas de leite, requisitada \u00e0 Prefeitura por paciente."}, {"id": "6846", "ano": "2007", "numero": "160", "tipo__sigla": "REQ", "tipo__descricao": "Requerimento", "autoria": "WILSON ALVES (VI)", "texto_original": "http://sapl.garca.sp.leg.br/media/", "ementa": "Solicitando do DER-Assis, limpeza e ro\u00e7agem do mato da margem do in\u00edcio da Rodovia da Comunidade, sentido Gar\u00e7a - \u00c1lvaro de Carvalho."}, {"id": "6847", "ano": "2007", "numero": "161", "tipo__sigla": "REQ", "tipo__descricao": "Requerimento", "autoria": "WILSON ALVES (VI)", "texto_original": "http://sapl.garca.sp.leg.br/media/", "ementa": "Solicitando do Prefeito, informa\u00e7\u00f5es sobre recapeamento do leito carro\u00e7\u00e1vel da Rua Antenor Lara Campos, notadamente no trecho compreendido entre as Ruas Macei\u00f3 e Augusto do Nascimento Castro."}, {"id": "6848", "ano": "2007", "numero": "162", "tipo__sigla": "REQ", "tipo__descricao": "Requerimento", "autoria": "WILSON ALVES (VI)", "texto_original": "http://sapl.garca.sp.leg.br/media/", "ementa": "Solicitando do Prefeito informa\u00e7\u00f5es sobre a contrata\u00e7\u00e3o de professores tempor\u00e1rios."}, {"id": "6849", "ano": "2007", "numero": "163", "tipo__sigla": "REQ", "tipo__descricao": "Requerimento", "autoria": "WILSON ALVES (VI)", "texto_original": "http://sapl.garca.sp.leg.br/media/", "ementa": "Solicitando da Telef\u00f4nica a instala\u00e7\u00e3o de um telefone p\u00fablico na primeira quadra da Rua Sgto. Wilson Abel de Oliveira."}, {"id": "6850", "ano": "2007", "numero": "164", "tipo__sigla": "REQ", "tipo__descricao": "Requerimento", "autoria": "MASSAO OGAWA", "texto_original": "http://sapl.garca.sp.leg.br/media/", "ementa": "Solicitando da 4\u00aa Cia. Pol\u00edcia Militar de Gar\u00e7a, maior rigor na fiscaliza\u00e7\u00e3o do tr\u00e2nsito de bicicletas pelas vias urbanas do Munic\u00edpio."}, {"id": "6851", "ano": "2007", "numero": "165", "tipo__sigla": "REQ", "tipo__descricao": "Requerimento", "autoria": "CORN\u00c9LIO C\u00c9ZAR KEMP MARCONDES", "texto_original": "http://sapl.garca.sp.leg.br/media/", "ementa": "Encaminhando ao Tribunal Regional do Trabalho da 15\u00aa Regi\u00e3o, registros fotogr\u00e1ficos para melhor ilustra\u00e7\u00e3o e embasamento de pedido de melhorias do pr\u00e9dio que abriga a Junta do Trabalho de Gar\u00e7a."}, {"id": "6852", "ano": "2007", "numero": "166", "tipo__sigla": "REQ", "tipo__descricao": "Requerimento", "autoria": "MASSAO OGAWA", "texto_original": "http://sapl.garca.sp.leg.br/media/", "ementa": "Solicitando \u00e0 Presid\u00eancia da C\u00e2mara Municipal de Gar\u00e7a, convoca\u00e7\u00e3o de uma sess\u00e3o extraordin\u00e1ria de car\u00e1ter solene, para o pr\u00f3ximo dia 11 de maio, em homenagem ao \"Dia do Trabalhador da Sa\u00fade\"."}, {"id": "6853", "ano": "2007", "numero": "167", "tipo__sigla": "REQ", "tipo__descricao": "Requerimento", "autoria": "WILSON ALVES (VI)", "texto_original": "http://sapl.garca.sp.leg.br/media/", "ementa": "Solicitando do Prefeito informa\u00e7\u00f5es sobre a possibilidade de constru\u00e7\u00e3o de uma creche nas imedia\u00e7\u00f5es dos distritos industriais."}, {"id": "6854", "ano": "2007", "numero": "168", "tipo__sigla": "REQ", "tipo__descricao": "Requerimento", "autoria": "WILSON ALVES (VI)", "texto_original": "http://sapl.garca.sp.leg.br/media/", "ementa": "Solicitando do Prefeito encaminhamento de rela\u00e7\u00e3o dos quinze maiores contribuintes inadimplentes do IPTU, com a descri\u00e7\u00e3o pormenorizada de suas respectivas d\u00edvidas."}, {"id": "6855", "ano": "2007", "numero": "169", "tipo__sigla": "REQ", "tipo__descricao": "Requerimento", "autoria": "VALDEMAR ZIMIANI", "texto_original": "http://sapl.garca.sp.leg.br/media/", "ementa": "Solicitando do Dep. Estadual Vin\u00edcius Camarinha , gest\u00f5es junto \u00e0s autoridades estaduais competentes, visando viabilizar a doa\u00e7\u00e3o de um ve\u00edculo tipo ambul\u00e2ncia, para atendimento da popula\u00e7\u00e3o jafense."}, {"id": "6856", "ano": "2007", "numero": "170", "tipo__sigla": "REQ", "tipo__descricao": "Requerimento", "autoria": "WILSON ALVES (VI)", "texto_original": "http://sapl.garca.sp.leg.br/media/", "ementa": "Solicitando do Prefeito informa\u00e7\u00f5es sobre a contrata\u00e7\u00e3o de servi\u00e7o de som para utiliza\u00e7\u00e3o na pr\u00f3xima Festa da Cerejeira."}, {"id": "6857", "ano": "2007", "numero": "171", "tipo__sigla": "REQ", "tipo__descricao": "Requerimento", "autoria": "WILSON ALVES (VI)", "texto_original": "http://sapl.garca.sp.leg.br/media/", "ementa": "Solicitando do Dep. Estadual Vin\u00edcius Camarinha gest\u00f5es junto \u00e0s autoridades estaduais competentes, visando viabilizar o repasse de recursos financeiros ao Munic\u00edpio de Gar\u00e7a, destinado \u00e0 constru\u00e7\u00e3o de uma piscina coberta e aquecida nas depend\u00eancias da APAE local."}, {"id": "6858", "ano": "2007", "numero": "172", "tipo__sigla": "REQ", "tipo__descricao": "Requerimento", "autoria": "WILSON ALVES (VI)", "texto_original": "http://sapl.garca.sp.leg.br/media/", "ementa": "Solicitando do SAAE informa\u00e7\u00f5es sobre a esta\u00e7\u00e3o de recalque de esgoto instalada no Portal do Lago."}, {"id": "6859", "ano": "2007", "numero": "173", "tipo__sigla": "REQ", "tipo__descricao": "Requerimento", "autoria": "CORN\u00c9LIO C\u00c9ZAR KEMP MARCONDES", "texto_original": "http://sapl.garca.sp.leg.br/media/", "ementa": "Solicitando da CPFL informa\u00e7\u00f5es sobre a possibilidade de doa\u00e7\u00e3o de mudas de \u00e1rvores ao Munic\u00edpio para plantio por ocasi\u00e3o das comemora\u00e7\u00f5es do \"Dia Internacional do Meio Ambiente\". e \"Dia da Ecologia\"."}, {"id": "6860", "ano": "2007", "numero": "174", "tipo__sigla": "REQ", "tipo__descricao": "Requerimento", "autoria": "ADAMIR MAUR\u00cdCIO DE BARROS", "texto_original": "http://sapl.garca.sp.leg.br/media/", "ementa": "Solicitando do Prefeito informa\u00e7\u00f5es sobre a realiza\u00e7\u00e3o de eletrocardiograma atrav\u00e9s da rede b\u00e1sica de sa\u00fade (SUS)."}, {"id": "6861", "ano": "2007", "numero": "175", "tipo__sigla": "REQ", "tipo__descricao": "Requerimento", "autoria": "MARCOS LOPES MIRANDA", "texto_original": "http://sapl.garca.sp.leg.br/media/", "ementa": "Solicitando do Prefeito informa\u00e7\u00f5es sobre a possibilidade de alterar a forma de escolha do Presidente do Conselho Municipal de Sa\u00fade."}, {"id": "6862", "ano": "2007", "numero": "176", "tipo__sigla": "REQ", "tipo__descricao": "Requerimento", "autoria": "MASSAO OGAWA", "texto_original": "http://sapl.garca.sp.leg.br/media/", "ementa": "Solicitando da 4\u00aa Cia. Pol\u00edcia Militar de Gar\u00e7a, promover curso gratuito de dire\u00e7\u00e3o defensiva para motociclistas profissionais."}, {"id": "6863", "ano": "2007", "numero": "177", "tipo__sigla": "REQ", "tipo__descricao": "Requerimento", "autoria": "ADAMIR MAUR\u00cdCIO DE BARROS", "texto_original": "http://sapl.garca.sp.leg.br/media/", "ementa": "Solicitando da Prefeitura de Pen\u00e1polis informa\u00e7\u00f5es sobre projetos de incentivo \u00e0 expans\u00e3o industrial."}, {"id": "6864", "ano": "2007", "numero": "178", "tipo__sigla": "REQ", "tipo__descricao": "Requerimento", "autoria": "SEBASTI\u00c3O TOLDATO GALEGO", "texto_original": "http://sapl.garca.sp.leg.br/media/", "ementa": "Solicitando da empresa Raptur, informa\u00e7\u00f5es sobre a possibilidade de implanta\u00e7\u00e3o de uma nova linha de transporte coletivo que percorra o bairro Jardim Brasil."}, {"id": "6865", "ano": "2007", "numero": "179", "tipo__sigla": "REQ", "tipo__descricao": "Requerimento", "autoria": "WILSON ALVES (VI)", "texto_original": "http://sapl.garca.sp.leg.br/media/", "ementa": "Solicitando do Prefeito informa\u00e7\u00f5es sobre a pavimenta\u00e7\u00e3o do trecho final da Rua Dr. Miguel Bruno Ferreira."}, {"id": "6792", "ano": "2007", "numero": "180", "tipo__sigla": "REQ", "tipo__descricao": "Requerimento", "autoria": "CORN\u00c9LIO C\u00c9ZAR KEMP MARCONDES", "texto_original": "http://sapl.garca.sp.leg.br/media/", "ementa": "Solicitando do Deputado Federal Vad\u00e3o Gomes gest\u00f5es junto aos Governos Estadual e Federal, visando o repasse de recursos financeiros destinados a aquisi\u00e7\u00e3o de uma UTI M\u00f3vel."}, {"id": "6866", "ano": "2007", "numero": "181", "tipo__sigla": "REQ", "tipo__descricao": "Requerimento", "autoria": "CORN\u00c9LIO C\u00c9ZAR KEMP MARCONDES", "texto_original": "http://sapl.garca.sp.leg.br/media/", "ementa": "Solicitando do Prefeito informa\u00e7\u00f5es sobre concess\u00e3o de leite NAN n\u00ba 1 \u00e0 rec\u00e9m-nascida."}, {"id": "6867", "ano": "2007", "numero": "182", "tipo__sigla": "REQ", "tipo__descricao": "Requerimento", "autoria": "CORN\u00c9LIO C\u00c9ZAR KEMP MARCONDES", "texto_original": "http://sapl.garca.sp.leg.br/media/", "ementa": "Solicitando do Prefeito informa\u00e7\u00f5es acerca da possibilidade de fornecimento de leite NAN Soy para rec\u00e9m-nascido."}, {"id": "6868", "ano": "2007", "numero": "183", "tipo__sigla": "REQ", "tipo__descricao": "Requerimento", "autoria": "CORN\u00c9LIO C\u00c9ZAR KEMP MARCONDES", "texto_original": "http://sapl.garca.sp.leg.br/media/", "ementa": "Solicitando do Prefeito informa\u00e7\u00f5es sobre a duplica\u00e7\u00e3o da segunda via de acesso \u00e0 Rodovia Comandante Jo\u00e3o Ribeiro de Barros."}, {"id": "6869", "ano": "2007", "numero": "184", "tipo__sigla": "REQ", "tipo__descricao": "Requerimento", "autoria": "CORN\u00c9LIO C\u00c9ZAR KEMP MARCONDES", "texto_original": "http://sapl.garca.sp.leg.br/media/", "ementa": "Solicitando do Prefeito informa\u00e7\u00f5es sobre a constru\u00e7\u00e3o de galerias e melhorias do escoamento de \u00e1guas pluviais na Rua Alfredo de Souza Castro."}, {"id": "6870", "ano": "2007", "numero": "185", "tipo__sigla": "REQ", "tipo__descricao": "Requerimento", "autoria": "ADAMIR MAUR\u00cdCIO DE BARROS", "texto_original": "http://sapl.garca.sp.leg.br/media/", "ementa": "Solicitando da 4\u00aa Cia. Pol\u00edcia Militar de Gar\u00e7a, informa\u00e7\u00f5es sobre a possibilidade de se atuar na fiscaliza\u00e7\u00e3o de tr\u00e2nsito de bicicletas pelas vias urbanas do Munic\u00edpio, de acordo com legisla\u00e7\u00e3o espec\u00edfica."}, {"id": "6871", "ano": "2007", "numero": "186", "tipo__sigla": "REQ", "tipo__descricao": "Requerimento", "autoria": "ADAMIR MAUR\u00cdCIO DE BARROS", "texto_original": "http://sapl.garca.sp.leg.br/media/", "ementa": "Solicitando do Prefeito reconsider o posicionamento de interdi\u00e7\u00e3o de trecho da Rua S\u00e3o Jo\u00e3o, embasado em parecer do Conselho Municipal de Tr\u00e2nsito. \r\n"}, {"id": "6872", "ano": "2007", "numero": "187", "tipo__sigla": "REQ", "tipo__descricao": "Requerimento", "autoria": "ADAMIR MAUR\u00cdCIO DE BARROS", "texto_original": "http://sapl.garca.sp.leg.br/media/", "ementa": "Solicitando do Minist\u00e9rio da Fazenda e Banco Central do Brasil, informa\u00e7\u00f5es sobre a concess\u00e3o de empr\u00e9stimos consignados para aposentados."}, {"id": "6873", "ano": "2007", "numero": "188", "tipo__sigla": "REQ", "tipo__descricao": "Requerimento", "autoria": "WILSON ALVES (VI)", "texto_original": "http://sapl.garca.sp.leg.br/media/", "ementa": "Solicitando da Superintend\u00eancia Regional dos Correios a destina\u00e7\u00e3o de um maior n\u00famero de carteiros para a ag\u00eancia dos Correios do Munic\u00edpio."}, {"id": "6874", "ano": "2007", "numero": "189", "tipo__sigla": "REQ", "tipo__descricao": "Requerimento", "autoria": "WILSON ALVES (VI)", "texto_original": "http://sapl.garca.sp.leg.br/media/", "ementa": "Solicitando do SAAE informa\u00e7\u00f5es sobre a execu\u00e7\u00e3o da obra de constru\u00e7\u00e3o de sistema de capta\u00e7\u00e3o de \u00e1gua do C\u00f3rrego Tibiri\u00e7\u00e1."}, {"id": "6875", "ano": "2007", "numero": "190", "tipo__sigla": "REQ", "tipo__descricao": "Requerimento", "autoria": "JOS\u00c9 MARIA PIOLA", "texto_original": "http://sapl.garca.sp.leg.br/media/", "ementa": "Solicitando \u00e0 autoridades estaduais o in\u00edcio das obras de recapeamento do trecho compreendido entre G\u00e1lia e Duartina da Rodovia Cmte. Jo\u00e3o Ribeiro de Barros (SP-294)."}, {"id": "6876", "ano": "2007", "numero": "191", "tipo__sigla": "REQ", "tipo__descricao": "Requerimento", "autoria": "CORN\u00c9LIO C\u00c9ZAR KEMP MARCONDES", "texto_original": "http://sapl.garca.sp.leg.br/media/", "ementa": "Solicitando do DER - Assis e Secretaria Estadual dos Transportes melhorias no acostamento da Rodovia Cmte. Jo\u00e3o Ribeiro de Barros (SP-294), no trecho entre o trevo de acesso \u00e0 Gar\u00e7a e a Base da Pol\u00edcia Militar Rodovi\u00e1ria de Gar\u00e7a."}, {"id": "6877", "ano": "2007", "numero": "192", "tipo__sigla": "REQ", "tipo__descricao": "Requerimento", "autoria": "CORN\u00c9LIO C\u00c9ZAR KEMP MARCONDES", "texto_original": "http://sapl.garca.sp.leg.br/media/", "ementa": "Solicitando ao Sindiquinze gest\u00f5es visando a constru\u00e7\u00e3o de sede pr\u00f3pria, reforma ou aloca\u00e7\u00e3o de outro pr\u00e9dio para abrigar a Junta do Trabalho de Gar\u00e7a."}, {"id": "6878", "ano": "2007", "numero": "193", "tipo__sigla": "REQ", "tipo__descricao": "Requerimento", "autoria": "JOS\u00c9 MARIA PIOLA", "texto_original": "http://sapl.garca.sp.leg.br/media/", "ementa": "Solicitando do Prefeito informa\u00e7\u00f5es sobre a possibilidade de denominar o Coreto da Pra\u00e7a Rui Barbosa de \"Maestro Geraldo Om\u00e9dio Moyses\"."}, {"id": "6879", "ano": "2007", "numero": "194", "tipo__sigla": "REQ", "tipo__descricao": "Requerimento", "autoria": "JOS\u00c9 MARIA PIOLA", "texto_original": "http://sapl.garca.sp.leg.br/media/./sapl/public/materialegislativa/2007/6879/6879_texto_integral.doc", "ementa": "Solicitando da CPFL informa\u00e7\u00f5es acerca do mau funcionamento do servi\u00e7o de atendimento ao cliente por via telef\u00f4nica."}, {"id": "6880", "ano": "2007", "numero": "195", "tipo__sigla": "REQ", "tipo__descricao": "Requerimento", "autoria": "SEBASTI\u00c3O TOLDATO GALEGO", "texto_original": "http://sapl.garca.sp.leg.br/media/./sapl/public/materialegislativa/2007/6880/6880_texto_integral.doc", "ementa": "Solicitando ao DER-Assis, a pintura das faixas delimitadoras de vias da estrada municipal GAR-168/358 \"Kamegiro Kakudate\", que liga o Distrito de Jafa ao Bairro Itiratup\u00e3."}, {"id": "6881", "ano": "2007", "numero": "196", "tipo__sigla": "REQ", "tipo__descricao": "Requerimento", "autoria": "VALDEMAR ZIMIANI", "texto_original": "http://sapl.garca.sp.leg.br/media/./sapl/public/materialegislativa/2007/6881/6881_texto_integral.doc", "ementa": "Solicitando da empresa Turismar Transporte e Turismo Ltda. informa\u00e7\u00f5es sobre atrasos no \u00f4nibus de transporte coletivo intermunicipal que faz a linha Mar\u00edlia-Gar\u00e7a."}, {"id": "6882", "ano": "2007", "numero": "197", "tipo__sigla": "REQ", "tipo__descricao": "Requerimento", "autoria": "JOS\u00c9 MARIA PIOLA", "texto_original": "http://sapl.garca.sp.leg.br/media/./sapl/public/materialegislativa/2007/6882/6882_texto_integral.doc", "ementa": "Solicitando \u00e0 ag\u00eancia local do Banco Ita\u00fa viabilizar um melhor atendimento aos seus clientes, notadamente no setor de caixas."}, {"id": "6883", "ano": "2007", "numero": "198", "tipo__sigla": "REQ", "tipo__descricao": "Requerimento", "autoria": "ADAMIR MAUR\u00cdCIO DE BARROS", "texto_original": "http://sapl.garca.sp.leg.br/media/./sapl/public/materialegislativa/2007/6883/6883_texto_integral.doc", "ementa": "Solicitando da Superintend\u00eancia Regional dos Correios, dotar a ag\u00eancia local dos Correios de sistema de senha e painel eletr\u00f4nico para chamada de atendimento."}, {"id": "6884", "ano": "2007", "numero": "199", "tipo__sigla": "REQ", "tipo__descricao": "Requerimento", "autoria": "WILSON ALVES (VI)", "texto_original": "http://sapl.garca.sp.leg.br/media/./sapl/public/materialegislativa/2007/6884/6884_texto_integral.doc", "ementa": "Solicitando do Prefeito informa\u00e7\u00f5es sobre implanta\u00e7\u00e3o de um plano de carreira para o funcionalismo p\u00fablico municipal."}, {"id": "6885", "ano": "2007", "numero": "200", "tipo__sigla": "REQ", "tipo__descricao": "Requerimento", "autoria": "WILSON ALVES (VI)", "texto_original": "http://sapl.garca.sp.leg.br/media/./sapl/public/materialegislativa/2007/6885/6885_texto_integral.doc", "ementa": "Solicitando do Prefeito informa\u00e7\u00f5es sobre a cria\u00e7\u00e3o da Guarda Municipal."}, {"id": "6886", "ano": "2007", "numero": "201", "tipo__sigla": "REQ", "tipo__descricao": "Requerimento", "autoria": "WILSON ALVES (VI)", "texto_original": "http://sapl.garca.sp.leg.br/media/./sapl/public/materialegislativa/2007/6886/6886_texto_integral.doc", "ementa": "Solicitando do Prefeito informa\u00e7\u00f5es sobre as despesas custeadas com os recursos oriundos da municipaliza\u00e7\u00e3o do tr\u00e2nsito, no exerc\u00edcio de 2006."}, {"id": "6887", "ano": "2007", "numero": "202", "tipo__sigla": "REQ", "tipo__descricao": "Requerimento", "autoria": "VALDEMAR ZIMIANI", "texto_original": "http://sapl.garca.sp.leg.br/media/./sapl/public/materialegislativa/2007/6887/6887_texto_integral.doc", "ementa": "Solicitando do Prefeito informa\u00e7\u00f5es sobre a posibilidade constru\u00e7\u00e3o de redutores de velocidade nas ruas S\u00e3o Paulo, Manoel da Costa e Ver. Valdomiro dos Santos, no distrito de Jafa."}, {"id": "6888", "ano": "2007", "numero": "203", "tipo__sigla": "REQ", "tipo__descricao": "Requerimento", "autoria": "CORN\u00c9LIO C\u00c9ZAR KEMP MARCONDES", "texto_original": "http://sapl.garca.sp.leg.br/media/./sapl/public/materialegislativa/2007/6888/6888_texto_integral.doc", "ementa": "Solicitando \u00e0 Secretaria Estadual de Seguran\u00e7a P\u00fablica, incluir Gar\u00e7a no rol das cidades a serem contempladas com viaturas para as Pol\u00edcias Civil e Militar."}, {"id": "6889", "ano": "2007", "numero": "204", "tipo__sigla": "REQ", "tipo__descricao": "Requerimento", "autoria": "CORN\u00c9LIO C\u00c9ZAR KEMP MARCONDES", "texto_original": "http://sapl.garca.sp.leg.br/media/./sapl/public/materialegislativa/2007/6889/6889_texto_integral.doc", "ementa": "Solicitando do Prefeito informa\u00e7\u00f5es sobre as obras do conjunto Habitacional S\u00e3o Benedito."}, {"id": "6890", "ano": "2007", "numero": "205", "tipo__sigla": "REQ", "tipo__descricao": "Requerimento", "autoria": "CORN\u00c9LIO C\u00c9ZAR KEMP MARCONDES", "texto_original": "http://sapl.garca.sp.leg.br/media/./sapl/public/materialegislativa/2007/6890/6890_texto_integral.doc", "ementa": "Solicitando ao Minist\u00e9rio do Desenvolvimento Agr\u00e1rio, incluir Gar\u00e7a dentre as cidades beneficiadas com o Programa \"Arca das Letras\"."}, {"id": "6891", "ano": "2007", "numero": "206", "tipo__sigla": "REQ", "tipo__descricao": "Requerimento", "autoria": "CORN\u00c9LIO C\u00c9ZAR KEMP MARCONDES", "texto_original": "http://sapl.garca.sp.leg.br/media/./sapl/public/materialegislativa/2007/6891/6891_texto_integral.doc", "ementa": "Solicitando do Tribunal de Justi\u00e7a do Estado de S\u00e3o Paulo, informa\u00e7\u00f5es acerca do atendimento de reinvindica\u00e7\u00f5es de seus servidores, feitas ap\u00f3s a greve de 2004 e ainda n\u00e3o atendidas."}, {"id": "6892", "ano": "2007", "numero": "207", "tipo__sigla": "REQ", "tipo__descricao": "Requerimento", "autoria": "ADAMIR MAUR\u00cdCIO DE BARROS", "texto_original": "http://sapl.garca.sp.leg.br/media/./sapl/public/materialegislativa/2007/6892/6892_texto_integral.doc", "ementa": "Solicitando \u00e0 Dire\u00e7\u00e3o Regional dos Correios viabilizar a instala\u00e7\u00e3o de uma caixa coletora de correspond\u00eancias defronte a estabelecimento comercial localizado na Pra\u00e7a Rui Barbosa n\u00ba 269."}, {"id": "6893", "ano": "2007", "numero": "208", "tipo__sigla": "REQ", "tipo__descricao": "Requerimento", "autoria": "MARCOS LOPES MIRANDA", "texto_original": "http://sapl.garca.sp.leg.br/media/./sapl/public/materialegislativa/2007/6893/6893_texto_integral.doc", "ementa": "Solicitando do Prefeito informa\u00e7\u00f5es sobe a regulamenta\u00e7\u00e3o da Lei Geral das Micro e Pequenas Empresas no Munic\u00edpio."}, {"id": "6894", "ano": "2007", "numero": "209", "tipo__sigla": "REQ", "tipo__descricao": "Requerimento", "autoria": "MASSAO OGAWA", "texto_original": "http://sapl.garca.sp.leg.br/media/./sapl/public/materialegislativa/2007/6894/6894_texto_integral.doc", "ementa": "Solicitando do Prefeito informa\u00e7\u00f5es sobre medidas tomadas pela Municipalidade em rela\u00e7\u00e3o a im\u00f3veis abandonados."}, {"id": "6895", "ano": "2007", "numero": "210", "tipo__sigla": "REQ", "tipo__descricao": "Requerimento", "autoria": "VALDEMAR ZIMIANI", "texto_original": "http://sapl.garca.sp.leg.br/media/./sapl/public/materialegislativa/2007/6895/6895_texto_integral.doc", "ementa": "Solicitando da dire\u00e7\u00e3o da ag\u00eancia local do INSS, informa\u00e7\u00f5es sobre o encerramento do atendimento local para regulariza\u00e7\u00e3o de im\u00f3veis."}, {"id": "6896", "ano": "2007", "numero": "211", "tipo__sigla": "REQ", "tipo__descricao": "Requerimento", "autoria": "WILSON ALVES (VI)", "texto_original": "http://sapl.garca.sp.leg.br/media/./sapl/public/materialegislativa/2007/6896/6896_texto_integral.doc", "ementa": "Solicitando do SAAE informa\u00e7\u00f5es acerca dos motivos da aus\u00eancia de \u00e1gua nas ch\u00e1caras do Bairro Jardim Giseli.."}, {"id": "6897", "ano": "2007", "numero": "212", "tipo__sigla": "REQ", "tipo__descricao": "Requerimento", "autoria": "FRANCISCO CHRIST\u00d3FORO J\u00daNIOR, WILSON ALVES (VI)", "texto_original": "http://sapl.garca.sp.leg.br/media/./sapl/public/materialegislativa/2007/6897/6897_texto_integral.doc", "ementa": "Solicitando \u00e0 Telef\u00f4nica instala\u00e7\u00e3o de um telefone p\u00fablico no do Jardim Adrianita."}, {"id": "6898", "ano": "2007", "numero": "213", "tipo__sigla": "REQ", "tipo__descricao": "Requerimento", "autoria": "CORN\u00c9LIO C\u00c9ZAR KEMP MARCONDES", "texto_original": "http://sapl.garca.sp.leg.br/media/./sapl/public/materialegislativa/2007/6898/6898_texto_integral.doc", "ementa": "Solicitando do Prefeito informa\u00e7\u00f5es sobre a desapropria\u00e7\u00e3o da \u00e1rea que compreende o \"Mercado Municipal\"."}, {"id": "6899", "ano": "2007", "numero": "214", "tipo__sigla": "REQ", "tipo__descricao": "Requerimento", "autoria": "CORN\u00c9LIO C\u00c9ZAR KEMP MARCONDES", "texto_original": "http://sapl.garca.sp.leg.br/media/./sapl/public/materialegislativa/2007/6899/6899_texto_integral.doc", "ementa": "Solicitando do Prefeito informa\u00e7\u00f5es sobre o estado das cerejeiras do Bosque das Cerejeiras."}, {"id": "6900", "ano": "2007", "numero": "215", "tipo__sigla": "REQ", "tipo__descricao": "Requerimento", "autoria": "CORN\u00c9LIO C\u00c9ZAR KEMP MARCONDES", "texto_original": "http://sapl.garca.sp.leg.br/media/./sapl/public/materialegislativa/2007/6900/6900_texto_integral.doc", "ementa": "Solicitando do Prefeito informa\u00e7\u00f5es sobre medidas adotadas pela administra\u00e7\u00e3o municipal para evitar o secamento do Lago Artificial."}, {"id": "6901", "ano": "2007", "numero": "216", "tipo__sigla": "REQ", "tipo__descricao": "Requerimento", "autoria": "CORN\u00c9LIO C\u00c9ZAR KEMP MARCONDES", "texto_original": "http://sapl.garca.sp.leg.br/media/./sapl/public/materialegislativa/2007/6901/6901_texto_integral.doc", "ementa": "Solicitando do Prefeito informa\u00e7\u00f5es sobre a preserva\u00e7\u00e3o de alguns pontos da arquitetura do pr\u00e9dio do \"Mercado Municipal\"."}, {"id": "6902", "ano": "2007", "numero": "217", "tipo__sigla": "REQ", "tipo__descricao": "Requerimento", "autoria": "WILSON ALVES (VI)", "texto_original": "http://sapl.garca.sp.leg.br/media/./sapl/public/materialegislativa/2007/6902/6902_texto_integral.doc", "ementa": "Solicitando do Prefeito informa\u00e7\u00f5es sobre a constru\u00e7\u00e3o de galerias para escoamento de \u00e1guas pluviais na Rua Dr. Dam\u00e1sio Valejo Vasques."}, {"id": "6903", "ano": "2007", "numero": "218", "tipo__sigla": "REQ", "tipo__descricao": "Requerimento", "autoria": "WILSON ALVES (VI)", "texto_original": "http://sapl.garca.sp.leg.br/media/./sapl/public/materialegislativa/2007/6903/6903_texto_integral.doc", "ementa": "Solicitando do Prefeito informa\u00e7\u00f5es sobre ajuizamento de a\u00e7\u00f5es de cobran\u00e7a de d\u00e9bitos dos inadimplentes para com a Municipalidade."}, {"id": "6904", "ano": "2007", "numero": "219", "tipo__sigla": "REQ", "tipo__descricao": "Requerimento", "autoria": "WILSON ALVES (VI)", "texto_original": "http://sapl.garca.sp.leg.br/media/./sapl/public/materialegislativa/2007/6904/6904_texto_integral.doc", "ementa": "Encaminhando ao Prefeito material comprovando a aptid\u00e3o de profissionais locais para atender as necessidades de som da Festa Cerejeira, reiterando a sollicita\u00e7\u00e3o para inclus\u00e3o dos mesmos na sele\u00e7\u00e3o para contrata\u00e7\u00e3o do servi\u00e7o."}, {"id": "6905", "ano": "2007", "numero": "220", "tipo__sigla": "REQ", "tipo__descricao": "Requerimento", "autoria": "SEBASTI\u00c3O TOLDATO GALEGO", "texto_original": "http://sapl.garca.sp.leg.br/media/./sapl/public/materialegislativa/2007/6905/6905_texto_integral.doc", "ementa": "Solicitando do Prefeito informa\u00e7\u00f5es sobre propriedade e aproveitamento de terreno localizado ao lado da igreja (antiga escolinha) existente no Bairro Santo Andr\u00e9."}, {"id": "6906", "ano": "2007", "numero": "221", "tipo__sigla": "REQ", "tipo__descricao": "Requerimento", "autoria": "JOS\u00c9 MARIA PIOLA", "texto_original": "http://sapl.garca.sp.leg.br/media/./sapl/public/materialegislativa/2007/6906/6906_texto_integral.doc", "ementa": "Solicitando do Prefeito informa\u00e7\u00f5es sobre falta de atendimento de m\u00e9dido plantonista no Pronto Socorro no \u00faltimo dia 21 de maio."}, {"id": "6907", "ano": "2007", "numero": "222", "tipo__sigla": "REQ", "tipo__descricao": "Requerimento", "autoria": "CORN\u00c9LIO C\u00c9ZAR KEMP MARCONDES", "texto_original": "http://sapl.garca.sp.leg.br/media/./sapl/public/materialegislativa/2007/6907/6907_texto_integral.doc", "ementa": "Solicitando do Prefeito informa\u00e7\u00f5es sobre urbaniza\u00e7\u00e3o da \u00e1rea denominada \"Ch\u00e1caras Guanabara\"."}, {"id": "6908", "ano": "2007", "numero": "223", "tipo__sigla": "REQ", "tipo__descricao": "Requerimento", "autoria": "ADAMIR MAUR\u00cdCIO DE BARROS", "texto_original": "http://sapl.garca.sp.leg.br/media/./sapl/public/materialegislativa/2007/6908/6908_texto_integral.doc", "ementa": "Solicitando da Telef\u00f4nica informa\u00e7\u00f5es sobre aumento das linhas para o servi\u00e7o \"Speedy\" no Munic\u00edpio."}, {"id": "6909", "ano": "2007", "numero": "224", "tipo__sigla": "REQ", "tipo__descricao": "Requerimento", "autoria": "ADAMIR MAUR\u00cdCIO DE BARROS", "texto_original": "http://sapl.garca.sp.leg.br/media/./sapl/public/materialegislativa/2007/6909/6909_texto_integral.doc", "ementa": "Solicitando do Prefeito informa\u00e7\u00f5es sobre melhorias na Rua Francisco da Silva Braga, no corredor que compreende as casas de propriedade da Prefeitura."}, {"id": "6910", "ano": "2007", "numero": "225", "tipo__sigla": "REQ", "tipo__descricao": "Requerimento", "autoria": "JOS\u00c9 MARIA PIOLA", "texto_original": "http://sapl.garca.sp.leg.br/media/./sapl/public/materialegislativa/2007/6910/6910_texto_integral.doc", "ementa": "Solicitando da Empresa Transfergo Transportes Ltda. a inclus\u00e3o da cidade de Gar\u00e7a no itiner\u00e1rio para a cidade de S\u00e3o Carlos."}, {"id": "6912", "ano": "2007", "numero": "226", "tipo__sigla": "REQ", "tipo__descricao": "Requerimento", "autoria": "ADAMIR MAUR\u00cdCIO DE BARROS", "texto_original": "http://sapl.garca.sp.leg.br/media/./sapl/public/materialegislativa/2007/6912/6912_texto_integral.doc", "ementa": "Solicitando do Prefeito informa\u00e7\u00f5es sobre solu\u00e7\u00f5es de problemas verificados na \u00e1rea compreendida entre a Av. Presidente Vargas e Rua Jo\u00e3o Manzano, afetando o C\u00f3rrego do Patrim\u00f4nio."}, {"id": "6913", "ano": "2007", "numero": "227", "tipo__sigla": "REQ", "tipo__descricao": "Requerimento", "autoria": "JOS\u00c9 MARIA PIOLA", "texto_original": "http://sapl.garca.sp.leg.br/media/./sapl/public/materialegislativa/2007/6913/6913_texto_integral.doc", "ementa": "Solicitando do Prefeito informa\u00e7\u00f5es sobre a pavimenta\u00e7\u00e3o dos pequenos trechos de vias p\u00fablicas que servem de acesso ao Jardim Brasil."}, {"id": "6914", "ano": "2007", "numero": "228", "tipo__sigla": "REQ", "tipo__descricao": "Requerimento", "autoria": "ADAMIR MAUR\u00cdCIO DE BARROS, FRANCISCO CHRIST\u00d3FORO J\u00daNIOR", "texto_original": "http://sapl.garca.sp.leg.br/media/./sapl/public/materialegislativa/2007/6914/6914_texto_integral.doc", "ementa": "Solicitando da 4\u00aa Cia. da Pol\u00edcia Militar de Gar\u00e7a informa\u00e7\u00f5es sobre a estat\u00edstica de ocorr\u00eancias de acidentes de tr\u00e2nsito nas imedia\u00e7\u00f5es da Rotat\u00f3ria \"Marco Zero\""}, {"id": "6915", "ano": "2007", "numero": "229", "tipo__sigla": "REQ", "tipo__descricao": "Requerimento", "autoria": "JOS\u00c9 MARIA PIOLA", "texto_original": "http://sapl.garca.sp.leg.br/media/./sapl/public/materialegislativa/2007/6915/6915_texto_integral.doc", "ementa": "Solicitando da 4\u00aa Cia. da Pol\u00edcia Militar de Gar\u00e7a, intensificar fiscaliza\u00e7\u00e3o do fluxo de ve\u00edculos na regi\u00e3o da \"Rotat\u00f3ria da Comute\"."}, {"id": "6916", "ano": "2007", "numero": "230", "tipo__sigla": "REQ", "tipo__descricao": "Requerimento", "autoria": "JOS\u00c9 MARIA PIOLA", "texto_original": "http://sapl.garca.sp.leg.br/media/./sapl/public/materialegislativa/2007/6916/6916_texto_integral.doc", "ementa": "Solicitando do Prefeito informa\u00e7\u00f5es sobre realiza\u00e7\u00e3o de reparos no leito carro\u00e7\u00e1vel da Rua Jo\u00e3o Gerzelli, no Bairro Jardim Paulista."}, {"id": "6917", "ano": "2007", "numero": "231", "tipo__sigla": "REQ", "tipo__descricao": "Requerimento", "autoria": "MARCOS LOPES MIRANDA", "texto_original": "http://sapl.garca.sp.leg.br/media/./sapl/public/materialegislativa/2007/6917/6917_texto_integral.doc", "ementa": "Solicitando do Prefeito informa\u00e7\u00f5es sobre contrata\u00e7\u00e3o da empresa FT Constru\u00e7\u00f5es para a constru\u00e7\u00e3o de loteamentos."}, {"id": "6918", "ano": "2007", "numero": "232", "tipo__sigla": "REQ", "tipo__descricao": "Requerimento", "autoria": "MASSAO OGAWA", "texto_original": "http://sapl.garca.sp.leg.br/media/./sapl/public/materialegislativa/2007/6918/6918_texto_integral.doc", "ementa": "Solicitando do Prefeito informa\u00e7\u00f5es sobre a pavimenta\u00e7\u00e3o asf\u00e1ltica do Jardim Mondrian."}, {"id": "6919", "ano": "2007", "numero": "233", "tipo__sigla": "REQ", "tipo__descricao": "Requerimento", "autoria": "MASSAO OGAWA", "texto_original": "http://sapl.garca.sp.leg.br/media/./sapl/public/materialegislativa/2007/6919/6919_texto_integral.doc", "ementa": "Solicitando do Prefeito informa\u00e7\u00f5es sobre instala\u00e7\u00e3o de poste e bico de luz na Av. Dr. Eustachio Scalzo, defronte ao Posto dos Bombeiros."}, {"id": "6920", "ano": "2007", "numero": "234", "tipo__sigla": "REQ", "tipo__descricao": "Requerimento", "autoria": "WILSON ALVES (VI)", "texto_original": "http://sapl.garca.sp.leg.br/media/./sapl/public/materialegislativa/2007/6920/6920_texto_integral.doc", "ementa": "Solicitando encaminhamento de c\u00f3pia do contrato celebrado com a empresa que disponibilizar\u00e1 o servi\u00e7o de som para a Festa das Cerejeiras e a rela\u00e7\u00e3o dos equipamentos a serem utilizados."}, {"id": "6921", "ano": "2007", "numero": "235", "tipo__sigla": "REQ", "tipo__descricao": "Requerimento", "autoria": "WILSON ALVES (VI)", "texto_original": "http://sapl.garca.sp.leg.br/media/./sapl/public/materialegislativa/2007/6921/6921_texto_integral.doc", "ementa": "Solicitando do Prefeito informa\u00e7\u00f5es sobre o hor\u00e1rio de presen\u00e7a de m\u00e9dicos junto a unidade de sa\u00fade do Bairro Jardim Paineiras."}, {"id": "6922", "ano": "2007", "numero": "236", "tipo__sigla": "REQ", "tipo__descricao": "Requerimento", "autoria": "MASSAO OGAWA", "texto_original": "http://sapl.garca.sp.leg.br/media/./sapl/public/materialegislativa/2007/6922/6922_texto_integral.doc", "ementa": "Solicitando \u00e0s autoridades estaduais competentes a retomada das obras de duplica\u00e7\u00e3o da SP-294 - Rodovia Cmte. Jo\u00e3o Ribeiro de Barros, no trecho Gar\u00e7a - Piratininga."}, {"id": "6911", "ano": "2007", "numero": "237", "tipo__sigla": "REQ", "tipo__descricao": "Requerimento", "autoria": "WILSON ALVES (VI)", "texto_original": "http://sapl.garca.sp.leg.br/media/./sapl/public/materialegislativa/2007/6911/6911_texto_integral.doc", "ementa": "Solicitando do Prefeito informa\u00e7\u00f5es sobre a possibilidade de destina\u00e7\u00e3o de guarda municipa para atuar nas imedia\u00e7\u00f5es do Lago Artificial, Bosque das Cerejeiras e Concha Ac\u00fastica."}, {"id": "6923", "ano": "2007", "numero": "238", "tipo__sigla": "REQ", "tipo__descricao": "Requerimento", "autoria": "WILSON ALVES (VI)", "texto_original": "http://sapl.garca.sp.leg.br/media/./sapl/public/materialegislativa/2007/6923/6923_texto_integral.doc", "ementa": "Solicitando do Prefeito informa\u00e7\u00f5es sobre a lota\u00e7\u00e3o do cargo de arquiteto do quadro funcional da Prefeitura Municipal.."}, {"id": "6924", "ano": "2007", "numero": "239", "tipo__sigla": "REQ", "tipo__descricao": "Requerimento", "autoria": "CORN\u00c9LIO C\u00c9ZAR KEMP MARCONDES", "texto_original": "http://sapl.garca.sp.leg.br/media/./sapl/public/materialegislativa/2007/6924/6924_texto_integral.doc", "ementa": "Solicitando da 4\u00aa. Cia. da Pol\u00edcia Militar de Gar\u00e7a, intensificar as fiscaliza\u00e7\u00f5es visando coibir eventuais \"rachas\" que estariam sendo realizados nas imedia\u00e7\u00f5es dos Bairros Jardim Sol Nascente, Takeo Toyota e Morada do Sol."}, {"id": "6925", "ano": "2007", "numero": "240", "tipo__sigla": "REQ", "tipo__descricao": "Requerimento", "autoria": "CORN\u00c9LIO C\u00c9ZAR KEMP MARCONDES", "texto_original": "http://sapl.garca.sp.leg.br/media/./sapl/public/materialegislativa/2007/6925/6925_texto_integral.doc", "ementa": "Solicitando do Minist\u00e9rio da Sa\u00fade repasse de recursos financeiros para utiliza\u00e7\u00e3o como verba de custeio pela Irmandade da Santa Casa de Miseric\u00f3rdia de Gar\u00e7a."}, {"id": "6926", "ano": "2007", "numero": "241", "tipo__sigla": "REQ", "tipo__descricao": "Requerimento", "autoria": "CORN\u00c9LIO C\u00c9ZAR KEMP MARCONDES", "texto_original": "http://sapl.garca.sp.leg.br/media/./sapl/public/materialegislativa/2007/6926/6926_texto_integral.doc", "ementa": "Solicitando da Secretaria Estadual da Sa\u00fade repasse de recursos financeiros para utiliza\u00e7\u00e3o como verba de custeio pela Irmandade da Santa Casa de Miseric\u00f3rdia de Gar\u00e7a."}, {"id": "6927", "ano": "2007", "numero": "242", "tipo__sigla": "REQ", "tipo__descricao": "Requerimento", "autoria": "MARCOS LOPES MIRANDA", "texto_original": "http://sapl.garca.sp.leg.br/media/./sapl/public/materialegislativa/2007/6927/6927_texto_integral.doc", "ementa": "Solicitando da CDHU informa\u00e7\u00f5es sobre atua\u00e7\u00e3o de empresas envolvidas em esc\u00e2ndalo de superfaturamento na constru\u00e7\u00e3o de loteamentos no Munic\u00edpio."}, {"id": "6928", "ano": "2007", "numero": "243", "tipo__sigla": "REQ", "tipo__descricao": "Requerimento", "autoria": "ADAMIR MAUR\u00cdCIO DE BARROS", "texto_original": "http://sapl.garca.sp.leg.br/media/./sapl/public/materialegislativa/2007/6928/6928_texto_integral.doc", "ementa": "Solicitando da CETESB e Minist\u00e9rio P\u00fablico informa\u00e7\u00f5es sobre autoriza\u00e7\u00e3o para funcionamento de dep\u00f3sito de entulho e lixo em \u00e1rea compreendida entre a Av. Presidente Vargas e o prolongamento da Rua Jo\u00e3o Manzano e medidas para solucionar os problemas ambientais existentes."}, {"id": "6929", "ano": "2007", "numero": "244", "tipo__sigla": "REQ", "tipo__descricao": "Requerimento", "autoria": "ADAMIR MAUR\u00cdCIO DE BARROS", "texto_original": "http://sapl.garca.sp.leg.br/media/./sapl/public/materialegislativa/2007/6929/6929_texto_integral.doc", "ementa": "Solicitando do Contran incorporar na legisla\u00e7\u00e3o brasileira de tr\u00e2nsito a obrigatoriedade do uso de dispositivo (antena) de motos que protegem seus condutores das linhas de pipa."}, {"id": "6930", "ano": "2007", "numero": "245", "tipo__sigla": "REQ", "tipo__descricao": "Requerimento", "autoria": "JOS\u00c9 MARIA PIOLA", "texto_original": "http://sapl.garca.sp.leg.br/media/./sapl/public/materialegislativa/2007/6930/6930_texto_integral.doc", "ementa": "Solicitando da CPFL substitui\u00e7\u00e3o de l\u00e2mpada do sistema de ilumina\u00e7\u00e3o p\u00fablica que encontra-se queimada defronte o im\u00f3vel de n\u00ba 439 da Rua Mace\u00f3."}, {"id": "6931", "ano": "2007", "numero": "246", "tipo__sigla": "REQ", "tipo__descricao": "Requerimento", "autoria": "JOS\u00c9 MARIA PIOLA", "texto_original": "http://sapl.garca.sp.leg.br/media/./sapl/public/materialegislativa/2007/6931/6931_texto_integral.doc", "ementa": "Solicitando do Dep. Estadual Jo\u00e3o Caramez gest\u00f5es junto aos \u00f3rg\u00e3os competentes visando viabilizar o repasse de recursos materiais para o Patronato Juvenil Garcense."}, {"id": "6932", "ano": "2007", "numero": "247", "tipo__sigla": "REQ", "tipo__descricao": "Requerimento", "autoria": "JOS\u00c9 MARIA PIOLA", "texto_original": "http://sapl.garca.sp.leg.br/media/./sapl/public/materialegislativa/2007/6932/6932_texto_integral.doc", "ementa": "Solicitando do Dep. Federal Edson Aparecido gest\u00f5es junto aos \u00f3rg\u00e3os competentes visando viabilizar o repasse de recursos materiais para o Patronato Juvenil Garcense."}, {"id": "6933", "ano": "2007", "numero": "248", "tipo__sigla": "REQ", "tipo__descricao": "Requerimento", "autoria": "JOS\u00c9 MARIA PIOLA", "texto_original": "http://sapl.garca.sp.leg.br/media/./sapl/public/materialegislativa/2007/6933/6933_texto_integral.doc", "ementa": "Solicitando do Prefeito informa\u00e7\u00f5es sobre o estacionamento de ve\u00edculos situado pr\u00f3ximo \u00e0 ag\u00eancia local do Banco Nossa Caixa S/A."}, {"id": "6934", "ano": "2007", "numero": "249", "tipo__sigla": "REQ", "tipo__descricao": "Requerimento", "autoria": "MARCOS LOPES MIRANDA", "texto_original": "http://sapl.garca.sp.leg.br/media/./sapl/public/materialegislativa/2007/6934/6934_texto_integral.doc", "ementa": "Solicitando do Prefeito informa\u00e7\u00f5es sobre obras para constru\u00e7\u00e3o de quadras poliesportivas em unidades de ensino do Munic\u00edpio."}, {"id": "6935", "ano": "2007", "numero": "250", "tipo__sigla": "REQ", "tipo__descricao": "Requerimento", "autoria": "MARCOS LOPES MIRANDA", "texto_original": "http://sapl.garca.sp.leg.br/media/./sapl/public/materialegislativa/2007/6935/6935_texto_integral.doc", "ementa": "Solicitando do Prefeito informa\u00e7\u00f5es sobre qual a pol\u00edtica local de assist\u00eancia psiqui\u00e1trica e uso do Anexo Psiqui\u00e1trico do Hospital S\u00e3o Lucas."}, {"id": "6936", "ano": "2007", "numero": "251", "tipo__sigla": "REQ", "tipo__descricao": "Requerimento", "autoria": "WILSON ALVES (VI)", "texto_original": "http://sapl.garca.sp.leg.br/media/./sapl/public/materialegislativa/2007/6936/6936_texto_integral.doc", "ementa": "Solicitando da empresa Turismar Transporte e Turismo Ltda. a implanta\u00e7\u00e3o de um posto para aquisi\u00e7\u00e3o de passes no Terminal Rodovi\u00e1rio de Passageiros de Gar\u00e7a."}, {"id": "6937", "ano": "2007", "numero": "252", "tipo__sigla": "REQ", "tipo__descricao": "Requerimento", "autoria": "ADAMIR MAUR\u00cdCIO DE BARROS", "texto_original": "http://sapl.garca.sp.leg.br/media/./sapl/public/materialegislativa/2007/6937/6937_texto_integral.doc", "ementa": "Solicitando do Prefeito informa\u00e7\u00f5es sobre a pavimenta\u00e7\u00e3o asf\u00e1ltica do trecho inicial da Rua Santa L\u00facia."}, {"id": "6938", "ano": "2007", "numero": "253", "tipo__sigla": "REQ", "tipo__descricao": "Requerimento", "autoria": "ADAMIR MAUR\u00cdCIO DE BARROS", "texto_original": "http://sapl.garca.sp.leg.br/media/./sapl/public/materialegislativa/2007/6938/6938_texto_integral.doc", "ementa": "Solicitando da Regional dos Correios de Bauru informa\u00e7\u00f5es sobre a previs\u00e3o da aplica\u00e7\u00e3o do \"Sistema de Distritamento - SD\" no Munic\u00edpio, bem como a possibilidade de implanta\u00e7\u00e3o de um ponto de coleta pr\u00f3ximo aos bairros n\u00e3o atingidos pela entrega de correspond\u00eancias."}, {"id": "6939", "ano": "2007", "numero": "254", "tipo__sigla": "REQ", "tipo__descricao": "Requerimento", "autoria": "CORN\u00c9LIO C\u00c9ZAR KEMP MARCONDES", "texto_original": "http://sapl.garca.sp.leg.br/media/./sapl/public/materialegislativa/2007/6939/6939_texto_integral.doc", "ementa": "Solicitando do Prefeito informa\u00e7\u00f5es sobre as empresas instaladas em galp\u00f5es localizados no distrito industrial \"L\u00facio de Oliveira Lima Sobrinho\", objeto de proposta de aliena\u00e7\u00e3o pela Municipalidade."}, {"id": "6940", "ano": "2007", "numero": "255", "tipo__sigla": "REQ", "tipo__descricao": "Requerimento", "autoria": "CORN\u00c9LIO C\u00c9ZAR KEMP MARCONDES", "texto_original": "http://sapl.garca.sp.leg.br/media/./sapl/public/materialegislativa/2007/6940/6940_texto_integral.doc", "ementa": "Solicitando de autoridades estaduais o repasse de recursos financeiros para a constru\u00e7\u00e3o de galp\u00f5es para instala\u00e7\u00e3o de pequenas e m\u00e9dias empresas."}, {"id": "6941", "ano": "2007", "numero": "256", "tipo__sigla": "REQ", "tipo__descricao": "Requerimento", "autoria": "CORN\u00c9LIO C\u00c9ZAR KEMP MARCONDES", "texto_original": "http://sapl.garca.sp.leg.br/media/./sapl/public/materialegislativa/2007/6941/6941_texto_integral.doc", "ementa": "Solicitando de autoridades federais o repasse de recursos financeiros para a constru\u00e7\u00e3o de galp\u00f5es para instala\u00e7\u00e3o de pequenas e m\u00e9dias empresas."}, {"id": "6942", "ano": "2007", "numero": "257", "tipo__sigla": "REQ", "tipo__descricao": "Requerimento", "autoria": "CORN\u00c9LIO C\u00c9ZAR KEMP MARCONDES", "texto_original": "http://sapl.garca.sp.leg.br/media/./sapl/public/materialegislativa/2007/6942/6942_texto_integral.doc", "ementa": "Solicitando do Prefeito informa\u00e7\u00f5es sobre eventual ingresso com medida judicial, visando questionar Resolu\u00e7\u00e3o do Tribunal de Justi\u00e7a do Estado de S\u00e3o Paulo disciplinando o procedimento de reclassifica\u00e7\u00e3o das entr\u00e2ncias."}, {"id": "6945", "ano": "2007", "numero": "258", "tipo__sigla": "REQ", "tipo__descricao": "Requerimento", "autoria": "SEBASTI\u00c3O TOLDATO GALEGO", "texto_original": "http://sapl.garca.sp.leg.br/media/./sapl/public/materialegislativa/2007/6945/6945_texto_integral.doc", "ementa": "Solicitando \u00e0 ag\u00eancia local do Banco do Brasil agiliza\u00e7\u00e3o no atendimento aos clientes, especialmente no setor de caixa.\r\n"}, {"id": "6943", "ano": "2007", "numero": "259", "tipo__sigla": "REQ", "tipo__descricao": "Requerimento", "autoria": "ADAMIR MAUR\u00cdCIO DE BARROS", "texto_original": "http://sapl.garca.sp.leg.br/media/./sapl/public/materialegislativa/2007/6943/6943_texto_integral.doc", "ementa": "Solicitando do Prefeito informa\u00e7\u00f5es sobre a participa\u00e7\u00e3o de representantes das entidades assistenciais nas decis\u00f5es e organiza\u00e7\u00e3o da pr\u00f3xima \"Festa das Cerejeiras\"."}, {"id": "6944", "ano": "2007", "numero": "260", "tipo__sigla": "REQ", "tipo__descricao": "Requerimento", "autoria": "ADAMIR MAUR\u00cdCIO DE BARROS", "texto_original": "http://sapl.garca.sp.leg.br/media/./sapl/public/materialegislativa/2007/6944/6944_texto_integral.doc", "ementa": "Solicitando do Prefeito informa\u00e7\u00f5es sobre concess\u00e3o de bolsas de estudo pelo IESG."}, {"id": "6946", "ano": "2007", "numero": "261", "tipo__sigla": "REQ", "tipo__descricao": "Requerimento", "autoria": "MARCOS LOPES MIRANDA", "texto_original": "http://sapl.garca.sp.leg.br/media/./sapl/public/materialegislativa/2007/6946/6946_texto_integral.doc", "ementa": "Solicitando da Presid\u00eancia da Assembl\u00e9ia Legislativa do Estado de S\u00e3o Paulo a instala\u00e7\u00e3o de C.P.I.  para investigar den\u00fancias de irregularidades em obras realizadas pela CDHU."}, {"id": "6947", "ano": "2007", "numero": "262", "tipo__sigla": "REQ", "tipo__descricao": "Requerimento", "autoria": "MARCOS LOPES MIRANDA", "texto_original": "http://sapl.garca.sp.leg.br/media/./sapl/public/materialegislativa/2007/6947/6947_texto_integral.doc", "ementa": "Solicitando ao Minist\u00e9rio P\u00fablico e \u00e0 Comiss\u00e3o de Sindic\u00e2ncia da CDHU, informa\u00e7\u00f5es sobre eventuais obras no municipio de Gar\u00e7a envolvidas em investiga\u00e7\u00f5es com rela\u00e7\u00e3o a fraudes e irregularidades."}, {"id": "6948", "ano": "2007", "numero": "263", "tipo__sigla": "REQ", "tipo__descricao": "Requerimento", "autoria": "CORN\u00c9LIO C\u00c9ZAR KEMP MARCONDES", "texto_original": "http://sapl.garca.sp.leg.br/media/./sapl/public/materialegislativa/2007/6948/6948_texto_integral.doc", "ementa": "Solicitando do DER-Assis celebra\u00e7\u00e3o de conv\u00eanio com a Prefeitura Municipal de Gar\u00e7a, objetivando a autoriza\u00e7\u00e3o para arboriza\u00e7\u00e3o de trecho da Rodovia SP-294, trecho entre Gar\u00e7a e o distrito de Jafa."}, {"id": "6949", "ano": "2007", "numero": "264", "tipo__sigla": "REQ", "tipo__descricao": "Requerimento", "autoria": "CORN\u00c9LIO C\u00c9ZAR KEMP MARCONDES", "texto_original": "http://sapl.garca.sp.leg.br/media/./sapl/public/materialegislativa/2007/6949/6949_texto_integral.doc", "ementa": "Solicitando \u00e0 Secretaria Estadual de Assist\u00eancia e Desenvolvimento Social, a destina\u00e7\u00e3o de um ve\u00edculo ao Munic\u00edpio de Gar\u00e7a para auxiliar no deslocamento de assistidos da Casa Abrigo Sollar."}, {"id": "6950", "ano": "2007", "numero": "265", "tipo__sigla": "REQ", "tipo__descricao": "Requerimento", "autoria": "CORN\u00c9LIO C\u00c9ZAR KEMP MARCONDES", "texto_original": "http://sapl.garca.sp.leg.br/media/./sapl/public/materialegislativa/2007/6950/6950_texto_integral.doc", "ementa": "Solicitando do Promotor P\u00fablico da Comarca de Gar\u00e7a compelir o Munic\u00edpio e o Estado de S\u00e3o paulo a realizarem a aquisi\u00e7\u00e3o e manuten\u00e7\u00e3o de uma UTI M\u00f3vel para Gar\u00e7a."}, {"id": "6951", "ano": "2007", "numero": "266", "tipo__sigla": "REQ", "tipo__descricao": "Requerimento", "autoria": "CORN\u00c9LIO C\u00c9ZAR KEMP MARCONDES", "texto_original": "http://sapl.garca.sp.leg.br/media/./sapl/public/materialegislativa/2007/6951/6951_texto_integral.doc", "ementa": "Solicitando do Promotor P\u00fablico da Comarca de Gar\u00e7a, informa\u00e7\u00f5es sobre eventual instaura\u00e7\u00e3o de procedimento judicial para apurar irregularidade na contrata\u00e7\u00e3o de empresa para constru\u00e7\u00e3o de casas financiadas pela CDHU, no Munic\u00edpio."}, {"id": "6831", "ano": "2007", "numero": "267", "tipo__sigla": "REQ", "tipo__descricao": "Requerimento", "autoria": "WILSON ALVES (VI)", "texto_original": "http://sapl.garca.sp.leg.br/media/./sapl/public/materialegislativa/2007/6831/6831_texto_integral.doc", "ementa": "Solicitando \u00e0 Mesa da C\u00e2mara Municipal de Gar\u00e7a, a convoca\u00e7\u00e3o de uma sess\u00e3o extraordin\u00e1ria de car\u00e1ter solene em comemora\u00e7\u00e3o ao \"Dia do Comerci\u00e1rio\"."}, {"id": "6832", "ano": "2007", "numero": "268", "tipo__sigla": "REQ", "tipo__descricao": "Requerimento", "autoria": "ADAMIR MAUR\u00cdCIO DE BARROS", "texto_original": "http://sapl.garca.sp.leg.br/media/./sapl/public/materialegislativa/2007/6832/6832_texto_integral.doc", "ementa": "Solicitando \u00e0 dire\u00e7\u00e3o da empresa Expresso de Prata S/A, a doa\u00e7\u00e3o de um aparelho de televis\u00e3o para instala\u00e7\u00e3o na \u00e1rea de espera para embarque do Terminal Rodovi\u00e1rio de Passageiros local."}, {"id": "6823", "ano": "2007", "numero": "269", "tipo__sigla": "REQ", "tipo__descricao": "Requerimento", "autoria": "WILSON ALVES (VI)", "texto_original": "http://sapl.garca.sp.leg.br/media/./sapl/public/materialegislativa/2007/6823/6823_texto_integral.doc", "ementa": "Solicitando do Prefeito informa\u00e7\u00f5es sobre a compet\u00eancia da responsabilidade em caso de acidentes com pedestres em passeios p\u00fablicos p\u00fablicos danificados pela exist\u00eancia de esp\u00e9cies arb\u00f3reos impr\u00f3prios."}, {"id": "6824", "ano": "2007", "numero": "270", "tipo__sigla": "REQ", "tipo__descricao": "Requerimento", "autoria": "WILSON ALVES (VI)", "texto_original": "http://sapl.garca.sp.leg.br/media/./sapl/public/materialegislativa/2007/6824/6824_texto_integral.doc", "ementa": "Solicitando do Prefeito encaminhamento de presta\u00e7\u00e3o de contas da \u00faltima edi\u00e7\u00e3o da Festa das Cerejeiras."}, {"id": "6825", "ano": "2007", "numero": "271", "tipo__sigla": "REQ", "tipo__descricao": "Requerimento", "autoria": "WILSON ALVES (VI)", "texto_original": "http://sapl.garca.sp.leg.br/media/./sapl/public/materialegislativa/2007/6825/6825_texto_integral.doc", "ementa": "Solicitando do Prefeito informa\u00e7\u00f5es sobre a possibilidade de identifica\u00e7\u00e3o e posterior notifica\u00e7\u00e3o de propriet\u00e1rios de im\u00f3veis com passeios p\u00fablicos danificados."}, {"id": "6787", "ano": "2007", "numero": "272", "tipo__sigla": "REQ", "tipo__descricao": "Requerimento", "autoria": "PEDRO HENRIQUE SCARTEZINI", "texto_original": "http://sapl.garca.sp.leg.br/media/./sapl/public/materialegislativa/2007/6787/6787_texto_integral.doc", "ementa": "Solicitando \u00e0 Empresas Reunidas Paulista de Transportes, a institui\u00e7\u00e3o de uma linha interestadual de passageiros interligando as cidades de Mar\u00edlia, Gar\u00e7a e Bauru ao Rio de Janeiro e vice-versa."}, {"id": "6788", "ano": "2007", "numero": "273", "tipo__sigla": "REQ", "tipo__descricao": "Requerimento", "autoria": "WILSON ALVES (VI)", "texto_original": "http://sapl.garca.sp.leg.br/media/./sapl/public/materialegislativa/2007/6788/6788_texto_integral.doc", "ementa": "Solicitando do Prefeito informa\u00e7\u00f5es sobre a natureza de utiliza\u00e7\u00e3o dos lotes do Bairro Jardim Gisele."}, {"id": "6789", "ano": "2007", "numero": "274", "tipo__sigla": "REQ", "tipo__descricao": "Requerimento", "autoria": "WILSON ALVES (VI)", "texto_original": "http://sapl.garca.sp.leg.br/media/./sapl/public/materialegislativa/2007/6789/6789_texto_integral.doc", "ementa": "Solicitando do Prefeito informa\u00e7\u00f5es sobre a ilumina\u00e7\u00e3o p\u00fablica inadequada na Rua Get\u00falio Vargas."}, {"id": "6677", "ano": "2007", "numero": "275", "tipo__sigla": "REQ", "tipo__descricao": "Requerimento", "autoria": "WILSON ALVES (VI)", "texto_original": "http://sapl.garca.sp.leg.br/media/./sapl/public/materialegislativa/2007/6677/6677_texto_integral.doc", "ementa": "Solicitando do Prefeito informa\u00e7\u00f5es sobre a possibilidade de pintura de faixa separat\u00f3ria de vias de sentidos opostos na Av. Paineiras."}, {"id": "6678", "ano": "2007", "numero": "276", "tipo__sigla": "REQ", "tipo__descricao": "Requerimento", "autoria": "WILSON ALVES (VI)", "texto_original": "http://sapl.garca.sp.leg.br/media/./sapl/public/materialegislativa/2007/6678/6678_texto_integral.doc", "ementa": "Solicitando do Prefeito informa\u00e7\u00f5es sobre a compet\u00eancia de varri\u00e7\u00e3o das vias p\u00fablicas do condom\u00ednio residencial Portal do Lago."}, {"id": "6679", "ano": "2007", "numero": "277", "tipo__sigla": "REQ", "tipo__descricao": "Requerimento", "autoria": "WILSON ALVES (VI)", "texto_original": "http://sapl.garca.sp.leg.br/media/./sapl/public/materialegislativa/2007/6679/6679_texto_integral.doc", "ementa": "Solicitando do Prefeito informa\u00e7\u00f5es sobre a paralisa\u00e7\u00e3o das obras de constru\u00e7\u00e3o de moradias no conjunto habitacional \"S\u00e3o Benedito\"."}, {"id": "6522", "ano": "2007", "numero": "278", "tipo__sigla": "REQ", "tipo__descricao": "Requerimento", "autoria": "WILSON ALVES (VI)", "texto_original": "http://sapl.garca.sp.leg.br/media/./sapl/public/materialegislativa/2007/6522/6522_texto_integral.doc", "ementa": "Solicitando do Prefeito informa\u00e7\u00f5es sobre a recupera\u00e7\u00e3o do leito carro\u00e7\u00e1vel da Av. Dr. Rafael Paes de Barros."}, {"id": "6523", "ano": "2007", "numero": "279", "tipo__sigla": "REQ", "tipo__descricao": "Requerimento", "autoria": "WILSON ALVES (VI)", "texto_original": "http://sapl.garca.sp.leg.br/media/./sapl/public/materialegislativa/2007/6523/6523_texto_integral.doc", "ementa": "Solicitando do Prefeito informa\u00e7\u00f5es sobre a denomina\u00e7\u00e3o das vias p\u00fablicas dos loteamentos residencias que est\u00e3o sendo implantados no Munic\u00edpio."}, {"id": "6524", "ano": "2007", "numero": "280", "tipo__sigla": "REQ", "tipo__descricao": "Requerimento", "autoria": "JOS\u00c9 MARIA PIOLA", "texto_original": "http://sapl.garca.sp.leg.br/media/./sapl/public/materialegislativa/2007/6524/6524_texto_integral.doc", "ementa": "Solicitando do Prefeito informa\u00e7\u00f5es sobre a inser\u00e7\u00e3o do prolongamento da Rua Pe. Paulo de Toledo Leite, at\u00e9 o cruzamento com a Rua Sergipe, nao pr\u00f3ximo plano de pavimenta\u00e7\u00e3o asf\u00e1ltica."}, {"id": "6473", "ano": "2007", "numero": "281", "tipo__sigla": "REQ", "tipo__descricao": "Requerimento", "autoria": "JOS\u00c9 MARIA PIOLA", "texto_original": "http://sapl.garca.sp.leg.br/media/./sapl/public/materialegislativa/2007/6473/6473_texto_integral.doc", "ementa": "Solicitando da Telef\u00f4nica, a reativa\u00e7\u00e3o do aparelho telef\u00f4nico instalado no interior de estabelecimento comercial situado na Rua Presidente Dutra n\u00ba 259."}, {"id": "6474", "ano": "2007", "numero": "282", "tipo__sigla": "REQ", "tipo__descricao": "Requerimento", "autoria": "PEDRO HENRIQUE SCARTEZINI", "texto_original": "http://sapl.garca.sp.leg.br/media/./sapl/public/materialegislativa/2007/6474/6474_texto_integral.doc", "ementa": "Solicitando \u00e0 empresa Raptur, a implanta\u00e7\u00e3o de uma nova linha de transporte coletivo, ou extens\u00e3o de linha existente, atendendo ao Residencial Portal do Lago e imedia\u00e7\u00f5es."}, {"id": "6475", "ano": "2007", "numero": "283", "tipo__sigla": "REQ", "tipo__descricao": "Requerimento", "autoria": "WILSON ALVES (VI)", "texto_original": "http://sapl.garca.sp.leg.br/media/./sapl/public/materialegislativa/2007/6475/6475_texto_integral.doc", "ementa": "Solicitando \u00e0 4\u00aa Cia. da Pol\u00edcia Militar de Gar\u00e7a, o deslocamento de uma viatura policial para orienta\u00e7\u00e3o do tr\u00e2nsito na regi\u00e3o do Distrito Industrial, nos hor\u00e1rios de maior fluxo."}, {"id": "6476", "ano": "2007", "numero": "284", "tipo__sigla": "REQ", "tipo__descricao": "Requerimento", "autoria": "WILSON ALVES (VI)", "texto_original": "http://sapl.garca.sp.leg.br/media/./sapl/public/materialegislativa/2007/6476/6476_texto_integral.doc", "ementa": "Solicitando do Prefeito informa\u00e7\u00f5es sobre a possibilidade de restaura\u00e7\u00e3o e preserva\u00e7\u00e3o dos bancos de concreto instalados na Pra\u00e7a Pedro de Toledo, tendo em vista o valor hist\u00f3rico dos mesmos."}, {"id": "6428", "ano": "2007", "numero": "285", "tipo__sigla": "REQ", "tipo__descricao": "Requerimento", "autoria": "MARCOS LOPES MIRANDA", "texto_original": "http://sapl.garca.sp.leg.br/media/./sapl/public/materialegislativa/2007/6428/6428_texto_integral.doc", "ementa": "Solicitando \u00e0 dire\u00e7\u00e3o da Patrulha Juvenil Garcense, proceder maior orienta\u00e7\u00e3o aos patrulheiros que atuam na \"Zona Azul\" para aumentarem a efici\u00eancia e agilidade na abordagem aos motoristas. "}, {"id": "6429", "ano": "2007", "numero": "286", "tipo__sigla": "REQ", "tipo__descricao": "Requerimento", "autoria": "MARCOS LOPES MIRANDA", "texto_original": "http://sapl.garca.sp.leg.br/media/./sapl/public/materialegislativa/2007/6429/6429_texto_integral.doc", "ementa": "Solicitando da Telef\u00f4nica coloca\u00e7\u00e3o de telefones p\u00fablicos nas imedia\u00e7\u00f5es do Supermercado Serve Todos. "}, {"id": "6421", "ano": "2007", "numero": "287", "tipo__sigla": "REQ", "tipo__descricao": "Requerimento", "autoria": "VALDEMAR ZIMIANI", "texto_original": "http://sapl.garca.sp.leg.br/media/./sapl/public/materialegislativa/2007/6421/6421_texto_integral.doc", "ementa": "Solicitando do Prefeito informa\u00e7\u00f5es sobre a demora e falta de regularidade na passagem de m\u00e1quina nas estradas vicinais do Munic\u00edpio."}, {"id": "6422", "ano": "2007", "numero": "288", "tipo__sigla": "REQ", "tipo__descricao": "Requerimento", "autoria": "VALDEMAR ZIMIANI", "texto_original": "http://sapl.garca.sp.leg.br/media/./sapl/public/materialegislativa/2007/6422/6422_texto_integral.doc", "ementa": "Solicitando do Prefeito informa\u00e7\u00f5es sobre constru\u00e7\u00e3o de galerias de \u00e1guas pluviais na Rua Sete de Setembro, no distrito de Jafa."}, {"id": "6423", "ano": "2007", "numero": "289", "tipo__sigla": "REQ", "tipo__descricao": "Requerimento", "autoria": "CORN\u00c9LIO C\u00c9ZAR KEMP MARCONDES", "texto_original": "http://sapl.garca.sp.leg.br/media/./sapl/public/materialegislativa/2007/6423/6423_texto_integral.doc", "ementa": "Solicitando do Prefeito informa\u00e7\u00f5es sobre situa\u00e7\u00e3o de mun\u00edcipe junto ao projeto \"Banco da Terra\"."}, {"id": "6424", "ano": "2007", "numero": "290", "tipo__sigla": "REQ", "tipo__descricao": "Requerimento", "autoria": "CORN\u00c9LIO C\u00c9ZAR KEMP MARCONDES", "texto_original": "http://sapl.garca.sp.leg.br/media/./sapl/public/materialegislativa/2007/6424/6424_texto_integral.doc", "ementa": "Solicitando do Prefeito informa\u00e7\u00f5es sobre eventual reembolso aos moradores do Bairro Jardim Adrianita pela constru\u00e7\u00e3o, por conta pr\u00f3pria, de fossas s\u00e9pticas, bem como informa\u00e7\u00f5es sobre a constru\u00e7\u00e3o de rede de esgoto naquele bairro."}, {"id": "6425", "ano": "2007", "numero": "291", "tipo__sigla": "REQ", "tipo__descricao": "Requerimento", "autoria": "CORN\u00c9LIO C\u00c9ZAR KEMP MARCONDES", "texto_original": "http://sapl.garca.sp.leg.br/media/./sapl/public/materialegislativa/2007/6425/6425_texto_integral.doc", "ementa": "Solicitando do Prefeito informa\u00e7\u00f5es sobre melhorias na Rotat\u00f3ria localizada no cruzamento das ruas Jos\u00e9 Augusto Escobar e Pe. Paulo de Toledo Leite."}, {"id": "6414", "ano": "2007", "numero": "292", "tipo__sigla": "REQ", "tipo__descricao": "Requerimento", "autoria": "CORN\u00c9LIO C\u00c9ZAR KEMP MARCONDES", "texto_original": "http://sapl.garca.sp.leg.br/media/./sapl/public/materialegislativa/2007/6414/6414_texto_integral.doc", "ementa": "Solicitando do Prefeito informa\u00e7\u00f5es sobre as eventuais provid\u00eancias que j\u00e1 foram ou ser\u00e3o tomadas visando evitar a redu\u00e7\u00e3o da arrecada\u00e7\u00e3o municipal, tendo em vista a diminui\u00e7\u00e3o da popula\u00e7\u00e3o do Munic\u00edpio."}, {"id": "6415", "ano": "2007", "numero": "293", "tipo__sigla": "REQ", "tipo__descricao": "Requerimento", "autoria": "CORN\u00c9LIO C\u00c9ZAR KEMP MARCONDES", "texto_original": "http://sapl.garca.sp.leg.br/media/./sapl/public/materialegislativa/2007/6415/6415_texto_integral.doc", "ementa": "Solicitando do Prefeito informa\u00e7\u00f5es sobre o concurso realizado no ano de 2003 para o cargo de Professor de Educa\u00e7\u00e3o F\u00edsica."}, {"id": "6411", "ano": "2007", "numero": "294", "tipo__sigla": "REQ", "tipo__descricao": "Requerimento", "autoria": "MASSAO OGAWA", "texto_original": "http://sapl.garca.sp.leg.br/media/./sapl/public/materialegislativa/2007/6411/6411_texto_integral.doc", "ementa": "Solicitando da 4\u00aa Cia. da Pol\u00edcia Militar de Gar\u00e7a, maior rigor no combate a atos de vandalismo, em determinados pontos do Munic\u00edpio."}, {"id": "6412", "ano": "2007", "numero": "295", "tipo__sigla": "REQ", "tipo__descricao": "Requerimento", "autoria": "CORN\u00c9LIO C\u00c9ZAR KEMP MARCONDES", "texto_original": "http://sapl.garca.sp.leg.br/media/./sapl/public/materialegislativa/2007/6412/6412_texto_integral.doc", "ementa": "Solicitando do Prefeito informa\u00e7\u00f5es sobre o gasto pela administra\u00e7\u00e3o para pagamento de pessoal em compara\u00e7\u00e3o com a arrecada\u00e7\u00e3o municipal."}, {"id": "6405", "ano": "2007", "numero": "296", "tipo__sigla": "REQ", "tipo__descricao": "Requerimento", "autoria": "CORN\u00c9LIO C\u00c9ZAR KEMP MARCONDES", "texto_original": "http://sapl.garca.sp.leg.br/media/./sapl/public/materialegislativa/2007/6405/6405_texto_integral.doc", "ementa": "Solicitando do Prefeito informa\u00e7\u00f5es sobre recursos financeiros necess\u00e1rios para a execu\u00e7\u00e3o da obra de duplica\u00e7\u00e3o da via de acesso \u00e0 SP-294, sa\u00edda para Mar\u00edlia."}, {"id": "6445", "ano": "2007", "numero": "297", "tipo__sigla": "REQ", "tipo__descricao": "Requerimento", "autoria": "WILSON ALVES (VI)", "texto_original": "http://sapl.garca.sp.leg.br/media/./sapl/public/materialegislativa/2007/6445/6445_texto_integral.doc", "ementa": "Solicitando \u00e0 Mesa Diretora da C\u00e2mara Municipal de Gar\u00e7a, convoca\u00e7\u00e3o de uma sess\u00e3o extraordin\u00e1ria de car\u00e1ter solene para homenagear o esportista \"Marco Ant\u00f4nio Dias de Morais\" com o t\u00edtulo de \"M\u00e9rito Esportivo\"."}, {"id": "6452", "ano": "2007", "numero": "298", "tipo__sigla": "REQ", "tipo__descricao": "Requerimento", "autoria": "WILSON ALVES (VI)", "texto_original": "http://sapl.garca.sp.leg.br/media/./sapl/public/materialegislativa/2007/6452/6452_texto_integral.doc", "ementa": "Solicitando da Cetesb informa\u00e7\u00f5es sobre a exist\u00eancia de norma legal que discipline o transporte de l\u00e1tex e ossos por vias p\u00fablicas de \u00e1rea urbana."}, {"id": "6399", "ano": "2007", "numero": "299", "tipo__sigla": "REQ", "tipo__descricao": "Requerimento", "autoria": "WILSON ALVES (VI)", "texto_original": "http://sapl.garca.sp.leg.br/media/./sapl/public/materialegislativa/2007/6399/6399_texto_integral.doc", "ementa": "Solicitando da Caixa Econ\u00f4mica Federal - Superintend\u00eancia Regional de Bauru, autoriza\u00e7\u00e3o para a majora\u00e7\u00e3o do limite permitido para pagamento de contas com cheques junto \u00e0s casas lot\u00e9ricas."}, {"id": "6400", "ano": "2007", "numero": "300", "tipo__sigla": "REQ", "tipo__descricao": "Requerimento", "autoria": "WILSON ALVES (VI)", "texto_original": "http://sapl.garca.sp.leg.br/media/./sapl/public/materialegislativa/2007/6400/6400_texto_integral.doc", "ementa": "Solicitando da ACIG a realiza\u00e7\u00e3o de reuni\u00e3o com seus associados, sugerindo a realiza\u00e7\u00e3o de melhorias nas fachadas de seus estabelecimentos comerciais/industriais."}, {"id": "6401", "ano": "2007", "numero": "301", "tipo__sigla": "REQ", "tipo__descricao": "Requerimento", "autoria": "CORN\u00c9LIO C\u00c9ZAR KEMP MARCONDES", "texto_original": "http://sapl.garca.sp.leg.br/media/./sapl/public/materialegislativa/2007/6401/6401_texto_integral.doc", "ementa": "Solicitando da Secretaria Estadual de Esporte, Lazer e Turismo ado\u00e7\u00e3o de novos crit\u00e9rios para inscri\u00e7\u00e3o de atletas em competi\u00e7\u00f5es amadoras intermunicipais."}, {"id": "6402", "ano": "2007", "numero": "302", "tipo__sigla": "REQ", "tipo__descricao": "Requerimento", "autoria": "WILSON ALVES (VI)", "texto_original": "http://sapl.garca.sp.leg.br/media/./sapl/public/materialegislativa/2007/6402/6402_texto_integral.doc", "ementa": "Solicitando do Prefeito informa\u00e7\u00f5es sobre distribui\u00e7\u00e3o de bolsa de estudo vaga. "}, {"id": "6394", "ano": "2007", "numero": "303", "tipo__sigla": "REQ", "tipo__descricao": "Requerimento", "autoria": "WILSON ALVES (VI)", "texto_original": "http://sapl.garca.sp.leg.br/media/./sapl/public/materialegislativa/2007/6394/6394_texto_integral.doc", "ementa": "Solicitando da Mesa Diretora da C\u00e2mara Municipal de Gar\u00e7a, convoca\u00e7\u00e3o de sess\u00e3o extraordin\u00e1ria de car\u00e1ter solene em comemora\u00e7\u00e3o ao \"Dia do Ma\u00e7om\"."}, {"id": "6395", "ano": "2007", "numero": "304", "tipo__sigla": "REQ", "tipo__descricao": "Requerimento", "autoria": "WILSON ALVES (VI)", "texto_original": "http://sapl.garca.sp.leg.br/media/./sapl/public/materialegislativa/2007/6395/6395_texto_integral.doc", "ementa": "Solicitando do Prefeito informa\u00e7\u00f5es sobre eventual insconstitucionalidade de emendas apresentadas ao Projeto de Lei de dispondo sobre as Diretrizes Or\u00e7ament\u00e1rias para elabora\u00e7\u00e3o da proposta or\u00e7ament\u00e1ria do exerc\u00edcio de 2008."}, {"id": "6396", "ano": "2007", "numero": "305", "tipo__sigla": "REQ", "tipo__descricao": "Requerimento", "autoria": "WILSON ALVES (VI)", "texto_original": "http://sapl.garca.sp.leg.br/media/./sapl/public/materialegislativa/2007/6396/6396_texto_integral.doc", "ementa": "Solicitando do Dep. Vin\u00edcius Camarinha gest\u00f5es visando viabilizar o repasse de recursos financeiros para a APAE de Gar\u00e7a."}, {"id": "6397", "ano": "2007", "numero": "306", "tipo__sigla": "REQ", "tipo__descricao": "Requerimento", "autoria": "WILSON ALVES (VI)", "texto_original": "http://sapl.garca.sp.leg.br/media/./sapl/public/materialegislativa/2007/6397/6397_texto_integral.doc", "ementa": "Solicitando do Dep. Pedro Tobias gest\u00f5es visando o repasse de recursos financeiros para a APAE de Gar\u00e7a."}, {"id": "6388", "ano": "2007", "numero": "307", "tipo__sigla": "REQ", "tipo__descricao": "Requerimento", "autoria": "WILSON ALVES (VI)", "texto_original": "http://sapl.garca.sp.leg.br/media/./sapl/public/materialegislativa/2007/6388/6388_texto_integral.doc", "ementa": "Solicitando do Dep. Estadual Jonas Donizete gest\u00f5es, visando o repasse de recursos financeiros para a APAE de Gar\u00e7a."}, {"id": "6389", "ano": "2007", "numero": "308", "tipo__sigla": "REQ", "tipo__descricao": "Requerimento", "autoria": "WILSON ALVES (VI)", "texto_original": "http://sapl.garca.sp.leg.br/media/./sapl/public/materialegislativa/2007/6389/6389_texto_integral.doc", "ementa": "Solicitando do Dep. Jos\u00e9 Abelardo Guimar\u00e3es Camarinha, gest\u00f5es visando o repasse de recursos financeiros para a APAE de Gar\u00e7a."}, {"id": "6390", "ano": "2007", "numero": "309", "tipo__sigla": "REQ", "tipo__descricao": "Requerimento", "autoria": "WILSON ALVES (VI)", "texto_original": "http://sapl.garca.sp.leg.br/media/./sapl/public/materialegislativa/2007/6390/6390_texto_integral.doc", "ementa": "Solicitando do Dep. Dr. Marco Aur\u00e9lio Ubiali, gest\u00f5es visando o repasse de recursos financeiros para a APAE de Gar\u00e7a."}, {"id": "6391", "ano": "2007", "numero": "310", "tipo__sigla": "REQ", "tipo__descricao": "Requerimento", "autoria": "WILSON ALVES (VI)", "texto_original": "http://sapl.garca.sp.leg.br/media/./sapl/public/materialegislativa/2007/6391/6391_texto_integral.doc", "ementa": "Solicitando da Secretaria Estadual da Assist\u00eancia e Desenvolvimento Social, gest\u00f5es visando o repasse de recursos financeiros para a APAE de Gar\u00e7a."}, {"id": "6392", "ano": "2007", "numero": "311", "tipo__sigla": "REQ", "tipo__descricao": "Requerimento", "autoria": "WILSON ALVES (VI)", "texto_original": "http://sapl.garca.sp.leg.br/media/./sapl/public/materialegislativa/2007/6392/6392_texto_integral.doc", "ementa": "Solicitando do Prefeito informa\u00e7\u00f5es sobre empreendimento de obras no distrito de Jafa, visando a constru\u00e7\u00e3o do terminal rodovi\u00e1rio de passageiros."}, {"id": "6384", "ano": "2007", "numero": "312", "tipo__sigla": "REQ", "tipo__descricao": "Requerimento", "autoria": "CORN\u00c9LIO C\u00c9ZAR KEMP MARCONDES", "texto_original": "http://sapl.garca.sp.leg.br/media/./sapl/public/materialegislativa/2007/6384/6384_texto_integral.doc", "ementa": "Solicitando do Prefeito informa\u00e7\u00f5es sobre concess\u00e3o de f\u00e9rias a servidores municipais."}, {"id": "6366", "ano": "2007", "numero": "313", "tipo__sigla": "REQ", "tipo__descricao": "Requerimento", "autoria": "MARCOS LOPES MIRANDA", "texto_original": "http://sapl.garca.sp.leg.br/media/./sapl/public/materialegislativa/2007/6366/6366_texto_integral.doc", "ementa": "Solicitando do Prefeito informa\u00e7\u00f5es sobre a possibilidade de institui\u00e7\u00e3o de funda\u00e7\u00e3o estatal de direito privado para o gerenciamento do Hospital S\u00e3o Lucas."}, {"id": "6369", "ano": "2007", "numero": "314", "tipo__sigla": "REQ", "tipo__descricao": "Requerimento", "autoria": "MARCOS LOPES MIRANDA", "texto_original": "http://sapl.garca.sp.leg.br/media/./sapl/public/materialegislativa/2007/6369/6369_texto_integral.doc", "ementa": "Solicitando da CPFL vistoria peri\u00f3dica no sistema de ilumina\u00e7\u00e3o p\u00fablica para vistoria e identifica\u00e7\u00e3o de l\u00e2mpadas queimadas."}, {"id": "6371", "ano": "2007", "numero": "315", "tipo__sigla": "REQ", "tipo__descricao": "Requerimento", "autoria": "CORN\u00c9LIO C\u00c9ZAR KEMP MARCONDES", "texto_original": "http://sapl.garca.sp.leg.br/media/./sapl/public/materialegislativa/2007/6371/6371_texto_integral.doc", "ementa": "Solicitando do Prefeito informa\u00e7\u00f5es sobre eventual instala\u00e7\u00e3o de um novo parque industrial no Munic\u00edpio."}, {"id": "6368", "ano": "2007", "numero": "316", "tipo__sigla": "REQ", "tipo__descricao": "Requerimento", "autoria": "CORN\u00c9LIO C\u00c9ZAR KEMP MARCONDES", "texto_original": "http://sapl.garca.sp.leg.br/media/./sapl/public/materialegislativa/2007/6368/6368_texto_integral.doc", "ementa": "Solicitando do Prefeito informa\u00e7\u00f5es sobre gastos com aquisi\u00e7\u00e3o de medicamentos para distribui\u00e7\u00e3o na rede b\u00e1sica de sa\u00fade."}, {"id": "6359", "ano": "2007", "numero": "317", "tipo__sigla": "REQ", "tipo__descricao": "Requerimento", "autoria": "WILSON ALVES (VI)", "texto_original": "http://sapl.garca.sp.leg.br/media/./sapl/public/materialegislativa/2007/6359/6359_texto_integral.doc", "ementa": "Solicitando do Prefeito informa\u00e7\u00f5es sobre quais recursos ser\u00e3o utilizados para suportar os benef\u00edcios criados em caso da aprova\u00e7\u00e3o do Projeto de Lei n\u00ba 71/2007, alterando a Lei Municipal n\u00ba 3.516/2001, que criou a \"Zona Azul\"."}, {"id": "6364", "ano": "2007", "numero": "318", "tipo__sigla": "REQ", "tipo__descricao": "Requerimento", "autoria": "WILSON ALVES (VI)", "texto_original": "http://sapl.garca.sp.leg.br/media/./sapl/public/materialegislativa/2007/6364/6364_texto_integral.doc", "ementa": "Solicitando da ACIG celebra\u00e7\u00e3o de parceria para instala\u00e7\u00e3o de hidrantes p\u00fablicos na \u00e1rea central do Munic\u00edpio."}, {"id": "6362", "ano": "2007", "numero": "319", "tipo__sigla": "REQ", "tipo__descricao": "Requerimento", "autoria": "MARCOS LOPES MIRANDA", "texto_original": "http://sapl.garca.sp.leg.br/media/./sapl/public/materialegislativa/2007/6362/6362_texto_integral.doc", "ementa": "Solicitando do Sindicato dos Empregados no Com\u00e9rcio de Gar\u00e7a e Regi\u00e3o, informa\u00e7\u00f5es sobre cumprimento da Lei Federal n\u00ba. 8.213/91,acerca  de reserva de vagas para portadores de necessidades especiais nas empresas com mais de cem funcion\u00e1rios."}, {"id": "6353", "ano": "2007", "numero": "320", "tipo__sigla": "REQ", "tipo__descricao": "Requerimento", "autoria": "ADAMIR MAUR\u00cdCIO DE BARROS", "texto_original": "http://sapl.garca.sp.leg.br/media/./sapl/public/materialegislativa/2007/6353/6353_texto_integral.doc", "ementa": "Solicitando do IBGE modifica\u00e7\u00e3o nas orienta\u00e7\u00f5es t\u00e9cnicas para contagem populacional, visando a inclus\u00e3o da popula\u00e7\u00e3o residente flutuante."}, {"id": "6354", "ano": "2007", "numero": "321", "tipo__sigla": "REQ", "tipo__descricao": "Requerimento", "autoria": "WILSON ALVES (VI)", "texto_original": "http://sapl.garca.sp.leg.br/media/./sapl/public/materialegislativa/2007/6354/6354_texto_integral.doc", "ementa": "Solicitando do Prefeito informa\u00e7\u00f5es sobre a destina\u00e7\u00e3o de materiais retirados do pr\u00e9dio do antigo \"Mercado Municipal\"."}, {"id": "6355", "ano": "2007", "numero": "322", "tipo__sigla": "REQ", "tipo__descricao": "Requerimento", "autoria": "WILSON ALVES (VI)", "texto_original": "http://sapl.garca.sp.leg.br/media/./sapl/public/materialegislativa/2007/6355/6355_texto_integral.doc", "ementa": "Solicitando da CPFL informa\u00e7\u00f5es sobre a classifica\u00e7\u00e3o de im\u00f3veis instalados ao longo da Av. Victor Hugo Boareto."}, {"id": "6356", "ano": "2007", "numero": "323", "tipo__sigla": "REQ", "tipo__descricao": "Requerimento", "autoria": "WILSON ALVES (VI)", "texto_original": "http://sapl.garca.sp.leg.br/media/./sapl/public/materialegislativa/2007/6356/6356_texto_integral.doc", "ementa": "Solicitando do Prefeito informa\u00e7\u00f5es sobre arruamento e popula\u00e7\u00e3o do Bairro Jardim Adrianita."}, {"id": "6357", "ano": "2007", "numero": "324", "tipo__sigla": "REQ", "tipo__descricao": "Requerimento", "autoria": "ADAMIR MAUR\u00cdCIO DE BARROS", "texto_original": "http://sapl.garca.sp.leg.br/media/./sapl/public/materialegislativa/2007/6357/6357_texto_integral.doc", "ementa": "Solicitando a autoridades federais altera\u00e7\u00e3o da legisla\u00e7\u00e3o federal que versa sobre o repasse do FPM, incluindo a popula\u00e7\u00e3o flutuante no n\u00famero de habitantes dos munic\u00edpios para c\u00e1lculo da al\u00edquota do repasse. "}, {"id": "6347", "ano": "2007", "numero": "325", "tipo__sigla": "REQ", "tipo__descricao": "Requerimento", "autoria": "MARCOS LOPES MIRANDA", "texto_original": "http://sapl.garca.sp.leg.br/media/./sapl/public/materialegislativa/2007/6347/6347_texto_integral.doc", "ementa": "Solicitando do Prefeito informa\u00e7\u00f5es sobre a destina\u00e7\u00e3o do pr\u00e9dio que abrigava o Restaurante Colonial do Bosque."}, {"id": "6348", "ano": "2007", "numero": "326", "tipo__sigla": "REQ", "tipo__descricao": "Requerimento", "autoria": "MARCOS LOPES MIRANDA", "texto_original": "http://sapl.garca.sp.leg.br/media/./sapl/public/materialegislativa/2007/6348/6348_texto_integral.doc", "ementa": "Solicitando do Prefeito informa\u00e7\u00f5es sobre ades\u00e3o do Munic\u00edpio ao Projeto \"Munic\u00edpio Verde\"."}, {"id": "6349", "ano": "2007", "numero": "327", "tipo__sigla": "REQ", "tipo__descricao": "Requerimento", "autoria": "WILSON ALVES (VI)", "texto_original": "http://sapl.garca.sp.leg.br/media/./sapl/public/materialegislativa/2007/6349/6349_texto_integral.doc", "ementa": "Solicitando da empresa Turismar Transporte e Turismo Ltda. informa\u00e7\u00f5es medidas para viabilizar a venda de passes para estudantes nos guich\u00eas dos Terminais Rodovi\u00e1rios da localidade de resid\u00eancia do estudante, atendendo determina\u00e7\u00e3o da ARTESP."}, {"id": "6350", "ano": "2007", "numero": "328", "tipo__sigla": "REQ", "tipo__descricao": "Requerimento", "autoria": "PEDRO HENRIQUE SCARTEZINI", "texto_original": "http://sapl.garca.sp.leg.br/media/./sapl/public/materialegislativa/2007/6350/6350_texto_integral.doc", "ementa": "Solicitando do Prefeito informa\u00e7\u00f5es sobre a possibilidade de disponibilizar medicamentos \u00e0 mun\u00edcipe na unidade de sa\u00fade mais pr\u00f3xima de sua resid\u00eancia."}, {"id": "6351", "ano": "2007", "numero": "329", "tipo__sigla": "REQ", "tipo__descricao": "Requerimento", "autoria": "WILSON ALVES (VI)", "texto_original": "http://sapl.garca.sp.leg.br/media/./sapl/public/materialegislativa/2007/6351/6351_texto_integral.doc", "ementa": "Solicitando do Prefeito informa\u00e7\u00f5es sobre a possibilidade de concess\u00e3o de subven\u00e7\u00e3o financeira para a APAE, para auxiliar a entidade nos prepartaivos para  desfile c\u00edvico de 7 de Setembro."}, {"id": "6341", "ano": "2007", "numero": "330", "tipo__sigla": "REQ", "tipo__descricao": "Requerimento", "autoria": "WILSON ALVES (VI)", "texto_original": "http://sapl.garca.sp.leg.br/media/./sapl/public/materialegislativa/2007/6341/6341_texto_integral.doc", "ementa": "Solicitando do Prefeito informa\u00e7\u00f5es sobre a possibilidade de substitui\u00e7\u00e3o de \u00e1rvore localizada na Rua XV de Novembro, altura do cruzamento com a Rua Bom Pastor."}, {"id": "6342", "ano": "2007", "numero": "331", "tipo__sigla": "REQ", "tipo__descricao": "Requerimento", "autoria": "CORN\u00c9LIO C\u00c9ZAR KEMP MARCONDES", "texto_original": "http://sapl.garca.sp.leg.br/media/./sapl/public/materialegislativa/2007/6342/6342_texto_integral.doc", "ementa": "Solicitando do Prefeito informa\u00e7\u00f5es sobre a constru\u00e7\u00e3o de galerias de \u00e1guas pluviais no Bairro Cascata, na Rua Alfredo de Souza Castro e adjac\u00eancias."}, {"id": "6343", "ano": "2007", "numero": "332", "tipo__sigla": "REQ", "tipo__descricao": "Requerimento", "autoria": "CORN\u00c9LIO C\u00c9ZAR KEMP MARCONDES", "texto_original": "http://sapl.garca.sp.leg.br/media/./sapl/public/materialegislativa/2007/6343/6343_texto_integral.doc", "ementa": "Solicitando do Prefeito informa\u00e7\u00f5es sobre quais a\u00e7\u00f5es est\u00e3o sendo incetadas pela Municipalidade para proteger os patrim\u00f4nios hist\u00f3ricos-culturais do Munic\u00edpio."}, {"id": "6344", "ano": "2007", "numero": "333", "tipo__sigla": "REQ", "tipo__descricao": "Requerimento", "autoria": "CORN\u00c9LIO C\u00c9ZAR KEMP MARCONDES", "texto_original": "http://sapl.garca.sp.leg.br/media/./sapl/public/materialegislativa/2007/6344/6344_texto_integral.doc", "ementa": "Solicitando do Tribunal de Justi\u00e7a do Estado de S\u00e3o Paulo, informa\u00e7\u00f5es sobre a possibilidade de modifica\u00e7\u00e3o da Resolu\u00e7\u00e3o n\u00ba. 296/2007, que disciplina o procedimento de reclassifica\u00e7\u00e3o das entr\u00e2ncias."}, {"id": "6345", "ano": "2007", "numero": "334", "tipo__sigla": "REQ", "tipo__descricao": "Requerimento", "autoria": "VALDEMAR ZIMIANI", "texto_original": "http://sapl.garca.sp.leg.br/media/./sapl/public/materialegislativa/2007/6345/6345_texto_integral.doc", "ementa": "Solicitando do Prefeito informa\u00e7\u00f5es sobre a possibilidade de implanta\u00e7\u00e3o de um ponto de \u00f4nibus no pr\u00e9dio onde funcionava a ag\u00eancia dos Correios, no distrito de Jafa."}, {"id": "6319", "ano": "2007", "numero": "335", "tipo__sigla": "REQ", "tipo__descricao": "Requerimento", "autoria": "ADAMIR MAUR\u00cdCIO DE BARROS", "texto_original": "http://sapl.garca.sp.leg.br/media/./sapl/public/materialegislativa/2007/6319/6319_texto_integral.doc", "ementa": "Solicitando do Prefeito informa\u00e7\u00f5es sobre a regulamenta\u00e7\u00e3o da Lei Municipal n\u00ba. 2.805/1992, que instituiu incentivo fiscal para a realiza\u00e7\u00e3o de projetos culturais."}, {"id": "6320", "ano": "2007", "numero": "336", "tipo__sigla": "REQ", "tipo__descricao": "Requerimento", "autoria": "MASSAO OGAWA", "texto_original": "http://sapl.garca.sp.leg.br/media/./sapl/public/materialegislativa/2007/6320/6320_texto_integral.doc", "ementa": "Solicitando do Banco Ita\u00fa S/A, maior n\u00famero de pessoal para atua\u00e7\u00e3o na ag\u00eancia local, no setor de caixas."}, {"id": "6339", "ano": "2007", "numero": "337", "tipo__sigla": "REQ", "tipo__descricao": "Requerimento", "autoria": "CORN\u00c9LIO C\u00c9ZAR KEMP MARCONDES", "texto_original": "http://sapl.garca.sp.leg.br/media/./sapl/public/materialegislativa/2007/6339/6339_texto_integral.doc", "ementa": "Solicitando do Prefeito informa\u00e7\u00f5es sobre a possibilidade e viabilidade de incluir a Pra\u00e7a Hilmar Machado de Oliveira, ou parte dela, na \u00e1rea abrangida pela \"Zona Azul\"."}, {"id": "6310", "ano": "2007", "numero": "338", "tipo__sigla": "REQ", "tipo__descricao": "Requerimento", "autoria": "CORN\u00c9LIO C\u00c9ZAR KEMP MARCONDES", "texto_original": "http://sapl.garca.sp.leg.br/media/./sapl/public/materialegislativa/2007/6310/6310_texto_integral.doc", "ementa": "Solicitando do Tribunal de Justi\u00e7a do Estado de S\u00e3o Paulo, destina\u00e7\u00e3o de oficiais de justi\u00e7a para a Comarca de Gar\u00e7a."}, {"id": "6311", "ano": "2007", "numero": "339", "tipo__sigla": "REQ", "tipo__descricao": "Requerimento", "autoria": "ADAMIR MAUR\u00cdCIO DE BARROS", "texto_original": "http://sapl.garca.sp.leg.br/media/./sapl/public/materialegislativa/2007/6311/6311_texto_integral.doc", "ementa": "Solicitando do Prefeito informa\u00e7\u00f5es sobre a possibilidade da constru\u00e7\u00e3o de um bols\u00e3o para bicicletas nas proximidades do estabelecimento comercial \"Sandrinho Games\"."}, {"id": "6312", "ano": "2007", "numero": "340", "tipo__sigla": "REQ", "tipo__descricao": "Requerimento", "autoria": "CORN\u00c9LIO C\u00c9ZAR KEMP MARCONDES", "texto_original": "http://sapl.garca.sp.leg.br/media/./sapl/public/materialegislativa/2007/6312/6312_texto_integral.doc", "ementa": "Solicitando do Prefeito informa\u00e7\u00f5es sobre a oferta de vagas pelas creches do Munic\u00edpio."}, {"id": "6313", "ano": "2007", "numero": "341", "tipo__sigla": "REQ", "tipo__descricao": "Requerimento", "autoria": "MASSAO OGAWA", "texto_original": "http://sapl.garca.sp.leg.br/media/./sapl/public/materialegislativa/2007/6313/6313_texto_integral.doc", "ementa": "Solicitando do Prefeito informa\u00e7\u00f5es sobre produ\u00e7\u00e3o e distribui\u00e7\u00e3o de mudas de guanambi pela SAMA."}, {"id": "6314", "ano": "2007", "numero": "342", "tipo__sigla": "REQ", "tipo__descricao": "Requerimento", "autoria": "MASSAO OGAWA", "texto_original": "http://sapl.garca.sp.leg.br/media/./sapl/public/materialegislativa/2007/6314/6314_texto_integral.doc", "ementa": "Solicitando da Telef\u00f4nica informa\u00e7\u00f5es sobre a possibilidade de mudar o local da central telef\u00f4nica instalada defronte a resid\u00eancia localizada na Rua Fausto Floriano de Toledo, n\u00ba 163."}, {"id": "6318", "ano": "2007", "numero": "343", "tipo__sigla": "REQ", "tipo__descricao": "Requerimento", "autoria": "MASSAO OGAWA", "texto_original": "http://sapl.garca.sp.leg.br/media/./sapl/public/materialegislativa/2007/6318/6318_texto_integral.doc", "ementa": "Solicitando da Telef\u00f4nica informa\u00e7\u00f5es sobre a disponibiliza\u00e7\u00e3o de acesso ao servi\u00e7o Speedy no Munic\u00edpio."}, {"id": "6337", "ano": "2007", "numero": "344", "tipo__sigla": "REQ", "tipo__descricao": "Requerimento", "autoria": "SEBASTI\u00c3O TOLDATO GALEGO", "texto_original": "http://sapl.garca.sp.leg.br/media/./sapl/public/materialegislativa/2007/6337/6337_texto_integral.doc", "ementa": "Solicitando do Prefeito informa\u00e7\u00f5es sobre a possibilidade de ceder o espa\u00e7o, anteriormente utilizado como ponto de \u00f4nibus, no trecho inicial da Rua Brasil, no distrito de Jafa, como para abrigar um ponto de t\u00e1xi."}, {"id": "6296", "ano": "2007", "numero": "345", "tipo__sigla": "REQ", "tipo__descricao": "Requerimento", "autoria": "VALDEMAR ZIMIANI", "texto_original": "http://sapl.garca.sp.leg.br/media/./sapl/public/materialegislativa/2007/6296/6296_texto_integral.doc", "ementa": "Solicitando do DER - Assis a pintura de faixas laterais da estrada municipal que liga o distrito de Jafa ao Bairro Itiratup\u00e3."}, {"id": "6297", "ano": "2007", "numero": "346", "tipo__sigla": "REQ", "tipo__descricao": "Requerimento", "autoria": "ADAMIR MAUR\u00cdCIO DE BARROS", "texto_original": "http://sapl.garca.sp.leg.br/media/./sapl/public/materialegislativa/2007/6297/6297_texto_integral.doc", "ementa": "Solicitando da dire\u00e7\u00e3o do IBGE local informa\u00e7\u00f5es sobre as propriedades visitadas na Zona Rural do Munic\u00edpio."}, {"id": "6289", "ano": "2007", "numero": "347", "tipo__sigla": "REQ", "tipo__descricao": "Requerimento", "autoria": "JOS\u00c9 MARIA PIOLA", "texto_original": "http://sapl.garca.sp.leg.br/media/./sapl/public/materialegislativa/2007/6289/6289_texto_integral.doc", "ementa": "Solicitando do Prefeito informa\u00e7\u00f5es sobre a pavimenta\u00e7\u00e3o asf\u00e1ltica do estacionamento da Fatec-Gar\u00e7a."}, {"id": "6290", "ano": "2007", "numero": "348", "tipo__sigla": "REQ", "tipo__descricao": "Requerimento", "autoria": "MARCOS LOPES MIRANDA", "texto_original": "http://sapl.garca.sp.leg.br/media/./sapl/public/materialegislativa/2007/6290/6290_texto_integral.doc", "ementa": "Solicitando do Prefeito informa\u00e7\u00f5es sobre os im\u00f3veis utilizados pela Secretaria Municipal de Sa\u00fade."}, {"id": "6291", "ano": "2007", "numero": "349", "tipo__sigla": "REQ", "tipo__descricao": "Requerimento", "autoria": "CORN\u00c9LIO C\u00c9ZAR KEMP MARCONDES", "texto_original": "http://sapl.garca.sp.leg.br/media/./sapl/public/materialegislativa/2007/6291/6291_texto_integral.doc", "ementa": "Solicitando do Prefeito informa\u00e7\u00f5es sobre a responsabilidade pela reconstru\u00e7\u00e3o dos passeios p\u00fablicos, de trecho do prolongamento da Av. Paineiras."}, {"id": "6292", "ano": "2007", "numero": "350", "tipo__sigla": "REQ", "tipo__descricao": "Requerimento", "autoria": "WILSON ALVES (VI)", "texto_original": "http://sapl.garca.sp.leg.br/media/./sapl/public/materialegislativa/2007/6292/6292_texto_integral.doc", "ementa": "Solicitando do Prefeito informa\u00e7\u00f5es sobre substitui\u00e7\u00e3o de \u00e1rvore localizada defronte o im\u00f3vel da Rua Pref Salviano Pereira de Andrade, n\u00ba. 721."}, {"id": "6293", "ano": "2007", "numero": "351", "tipo__sigla": "REQ", "tipo__descricao": "Requerimento", "autoria": "WILSON ALVES (VI)", "texto_original": "http://sapl.garca.sp.leg.br/media/./sapl/public/materialegislativa/2007/6293/6293_texto_integral.doc", "ementa": "Solicitando do Prefeito informa\u00e7\u00f5es sobre coloca\u00e7\u00e3o de obst\u00e1culo na Rua Vital Soares, pr\u00f3ximo ao n\u00ba. 267."}, {"id": "6283", "ano": "2007", "numero": "352", "tipo__sigla": "REQ", "tipo__descricao": "Requerimento", "autoria": "SEBASTI\u00c3O TOLDATO GALEGO", "texto_original": "http://sapl.garca.sp.leg.br/media/./sapl/public/materialegislativa/2007/6283/6283_texto_integral.doc", "ementa": "Solicitando da dire\u00e7\u00e3o da Irmandade da Santa Casa de Miseric\u00f3rdia de Gar\u00e7a, informa\u00e7\u00f5es sobre a demora na libera\u00e7\u00e3o de corpos."}, {"id": "6281", "ano": "2007", "numero": "353", "tipo__sigla": "REQ", "tipo__descricao": "Requerimento", "autoria": "JOS\u00c9 MARIA PIOLA", "texto_original": "http://sapl.garca.sp.leg.br/media/./sapl/public/materialegislativa/2007/6281/6281_texto_integral.doc", "ementa": "Solicitando da empresa Expresso de Prata S/A informa\u00e7\u00f5es sobre entrada de ve\u00edculos no novo terminal rodovi\u00e1rio do distrito de Jafa."}, {"id": "6952", "ano": "2007", "numero": "354", "tipo__sigla": "REQ", "tipo__descricao": "Requerimento", "autoria": "WILSON ALVES (VI)", "texto_original": "http://sapl.garca.sp.leg.br/media/./sapl/public/materialegislativa/2007/6952/6952_texto_integral.doc", "ementa": "Solicitando do Prefeito informa\u00e7\u00f5es sobre eventuais eventos a serem realizados em comemora\u00e7\u00e3o \u00e0 Semana do Idoso."}, {"id": "6953", "ano": "2007", "numero": "355", "tipo__sigla": "REQ", "tipo__descricao": "Requerimento", "autoria": "ADAMIR MAUR\u00cdCIO DE BARROS", "texto_original": "http://sapl.garca.sp.leg.br/media/./sapl/public/materialegislativa/2007/6953/6953_texto_integral.doc", "ementa": "Solicitando da 4\u00aa Companhia da Pol\u00edcia Militar de Gar\u00e7a maior  rigor no patrulhamento da regi\u00e3o do Lago Artificial, especialmente nos finais de semana e feriados."}, {"id": "6954", "ano": "2007", "numero": "356", "tipo__sigla": "REQ", "tipo__descricao": "Requerimento", "autoria": "VALDEMAR ZIMIANI", "texto_original": "http://sapl.garca.sp.leg.br/media/./sapl/public/materialegislativa/2007/6954/6954_texto_integral.doc", "ementa": "Solicitando do IBGE - Mar\u00edlia, informa\u00e7\u00f5es sobre o n\u00famero de habitantes apurados no atual Censo, na \u00e1rea urbana e rural do distrito de Jafa."}, {"id": "6955", "ano": "2007", "numero": "357", "tipo__sigla": "REQ", "tipo__descricao": "Requerimento", "autoria": "MASSAO OGAWA", "texto_original": "http://sapl.garca.sp.leg.br/media/./sapl/public/materialegislativa/2007/6955/6955_texto_integral.doc", "ementa": "Solicitando \u00e0 Presid\u00eancia e Superintend\u00eancia Regional dos Correios, a instala\u00e7\u00e3o de uma nova ag\u00eancia dos Correios no Munic\u00edpio."}, {"id": "6956", "ano": "2007", "numero": "358", "tipo__sigla": "REQ", "tipo__descricao": "Requerimento", "autoria": "CORN\u00c9LIO C\u00c9ZAR KEMP MARCONDES", "texto_original": "http://sapl.garca.sp.leg.br/media/./sapl/public/materialegislativa/2007/6956/6956_texto_integral.doc", "ementa": "Solicitando do DER-Assis, melhorias no acostamento da Rod. Cmte. Jo\u00e3o Ribeiro de Barros, no trecho compreendido entre os trevos de Gar\u00e7a e G\u00e1lia."}, {"id": "6957", "ano": "2007", "numero": "359", "tipo__sigla": "REQ", "tipo__descricao": "Requerimento", "autoria": "WILSON ALVES (VI)", "texto_original": "http://sapl.garca.sp.leg.br/media/./sapl/public/materialegislativa/2007/6957/6957_texto_integral.doc", "ementa": "Solicitando do Dep. Federal Dr. S\u00e9rgio Nechar, viabilizar o repasse de recursos financeiros para a APAE-Gar\u00e7a."}, {"id": "6959", "ano": "2007", "numero": "360", "tipo__sigla": "REQ", "tipo__descricao": "Requerimento", "autoria": "MARCOS LOPES MIRANDA", "texto_original": "http://sapl.garca.sp.leg.br/media/./sapl/public/materialegislativa/2007/6959/6959_texto_integral.doc", "ementa": "Solicitando do CREMESP informa\u00e7\u00f5es sobre a possibilidade de celebra\u00e7\u00e3o de parceria com a C\u00e2mara Municipal, para suporte e orienta\u00e7\u00e3o em pol\u00edticas p\u00fablicas na \u00e1rea da sa\u00fade."}, {"id": "6960", "ano": "2007", "numero": "361", "tipo__sigla": "REQ", "tipo__descricao": "Requerimento", "autoria": "VALDEMAR ZIMIANI", "texto_original": "http://sapl.garca.sp.leg.br/media/./sapl/public/materialegislativa/2007/6960/6960_texto_integral.doc", "ementa": "Solicitando do Dep. Estadual Vin\u00edcius Camarinha, o repasse de recursos financeiros destinados a constru\u00e7\u00e3o de um terminal rodovi\u00e1rio de passageiros no distrito de Jafa."}, {"id": "6961", "ano": "2007", "numero": "362", "tipo__sigla": "REQ", "tipo__descricao": "Requerimento", "autoria": "WILSON ALVES (VI)", "texto_original": "http://sapl.garca.sp.leg.br/media/./sapl/public/materialegislativa/2007/6961/6961_texto_integral.doc", "ementa": "Solicitando do Dep. Federal Dr. S\u00e9rgio Nechar, o repasse de recursos financeiros ao Lar dos Velhos Frederico Ozanan, para constru\u00e7\u00e3o de um vel\u00f3rio na sede da entidade."}, {"id": "6962", "ano": "2007", "numero": "363", "tipo__sigla": "REQ", "tipo__descricao": "Requerimento", "autoria": "WILSON ALVES (VI)", "texto_original": "http://sapl.garca.sp.leg.br/media/./sapl/public/materialegislativa/2007/6962/6962_texto_integral.doc", "ementa": "Solicitando do Prefeito informa\u00e7\u00f5es sobre a natureza de utiliza\u00e7\u00e3o de lotes pertencentes ao Jardim Giseli."}, {"id": "6963", "ano": "2007", "numero": "364", "tipo__sigla": "REQ", "tipo__descricao": "Requerimento", "autoria": "WILSON ALVES (VI)", "texto_original": "http://sapl.garca.sp.leg.br/media/./sapl/public/materialegislativa/2007/6963/6963_texto_integral.doc", "ementa": "Solicitando do Prefeito informa\u00e7\u00f5es sobre separa\u00e7\u00e3o de vias de tr\u00e2nsito de sentidos contr\u00e1rios, na Av. Faustina."}, {"id": "6964", "ano": "2007", "numero": "365", "tipo__sigla": "REQ", "tipo__descricao": "Requerimento", "autoria": "CORN\u00c9LIO C\u00c9ZAR KEMP MARCONDES", "texto_original": "http://sapl.garca.sp.leg.br/media/./sapl/public/materialegislativa/2007/6964/6964_texto_integral.doc", "ementa": "Encaminhando c\u00f3pias de documentos visando a implanta\u00e7\u00e3o de Bibliotecas Rurais atrav\u00e9s do Programa \"Arca das Letras\"."}, {"id": "6958", "ano": "2007", "numero": "366", "tipo__sigla": "REQ", "tipo__descricao": "Requerimento", "autoria": "CORN\u00c9LIO C\u00c9ZAR KEMP MARCONDES", "texto_original": "http://sapl.garca.sp.leg.br/media/./sapl/public/materialegislativa/2007/6958/6958_texto_integral.doc", "ementa": "Solicitando do Prefeito informa\u00e7\u00f5es sobre concess\u00e3o de f\u00e9rias a servidores municipais."}, {"id": "6965", "ano": "2007", "numero": "367", "tipo__sigla": "REQ", "tipo__descricao": "Requerimento", "autoria": "CORN\u00c9LIO C\u00c9ZAR KEMP MARCONDES", "texto_original": "http://sapl.garca.sp.leg.br/media/./sapl/public/materialegislativa/2007/6965/6965_texto_integral.doc", "ementa": "Solicitando da AFAGA e \u00e0 AFAGN informa\u00e7\u00f5es sobre responsabilidade  de ex-associado do Banco da Terra."}, {"id": "6966", "ano": "2007", "numero": "368", "tipo__sigla": "REQ", "tipo__descricao": "Requerimento", "autoria": "ADAMIR MAUR\u00cdCIO DE BARROS", "texto_original": "http://sapl.garca.sp.leg.br/media/./sapl/public/materialegislativa/2007/6966/6966_texto_integral.doc", "ementa": "Solicitando do Prefeito informa\u00e7\u00f5es sobre empresas inscritas nos cadastros municipais no ramo de atividade exclusivamente industrial."}, {"id": "6967", "ano": "2007", "numero": "369", "tipo__sigla": "REQ", "tipo__descricao": "Requerimento", "autoria": "SEBASTI\u00c3O TOLDATO GALEGO", "texto_original": "http://sapl.garca.sp.leg.br/media/./sapl/public/materialegislativa/2007/6967/6967_texto_integral.doc", "ementa": "Solicitando do DER - Assis o recapeamento e mehorias do acostamento da Rodovia SP-331."}, {"id": "6968", "ano": "2007", "numero": "370", "tipo__sigla": "REQ", "tipo__descricao": "Requerimento", "autoria": "SEBASTI\u00c3O TOLDATO GALEGO", "texto_original": "http://sapl.garca.sp.leg.br/media/./sapl/public/materialegislativa/2007/6968/6968_texto_integral.doc", "ementa": "Solicitando do Dep. Estadual Pedro Tobias informa\u00e7\u00f5es sobre a libera\u00e7\u00e3o de recursos financeiros destinados \u00e0 constru\u00e7\u00e3o de arquibancadas para o Est\u00e1dio Municipal \"Dr. Rafael Paes de Barros\", no distrito de Jafa."}, {"id": "6969", "ano": "2007", "numero": "371", "tipo__sigla": "REQ", "tipo__descricao": "Requerimento", "autoria": "SEBASTI\u00c3O TOLDATO GALEGO", "texto_original": "http://sapl.garca.sp.leg.br/media/./sapl/public/materialegislativa/2007/6969/6969_texto_integral.doc", "ementa": "Solicitando do Dep. Estadual Pedro Tobias gest\u00f5es visando o repasse de recursos financeiros para a constru\u00e7\u00e3o de pr\u00e9dio para abrigar o Centro Comunit\u00e1rio do distrito de Jafa."}, {"id": "6970", "ano": "2007", "numero": "372", "tipo__sigla": "REQ", "tipo__descricao": "Requerimento", "autoria": "SEBASTI\u00c3O TOLDATO GALEGO", "texto_original": "http://sapl.garca.sp.leg.br/media/./sapl/public/materialegislativa/2007/6970/6970_texto_integral.doc", "ementa": "Solicitando do Prefeito informa\u00e7\u00f5es sobre a possibilidade de oferecer gratuitamente projetos arquitet\u00f4nicos \u00e0s ind\u00fastrias que se instalarem no parque industrial."}, {"id": "6971", "ano": "2007", "numero": "373", "tipo__sigla": "REQ", "tipo__descricao": "Requerimento", "autoria": "WILSON ALVES (VI)", "texto_original": "http://sapl.garca.sp.leg.br/media/./sapl/public/materialegislativa/2007/6971/6971_texto_integral.doc", "ementa": "Solicitando do Prefeito informa\u00e7\u00f5es sobre ado\u00e7\u00e3o de medidas para coibir a alta velocidade praticada por ve\u00edculos na Rua Dep. Manoel Joaquim Fernandes."}, {"id": "6972", "ano": "2007", "numero": "374", "tipo__sigla": "REQ", "tipo__descricao": "Requerimento", "autoria": "WILSON ALVES (VI)", "texto_original": "http://sapl.garca.sp.leg.br/media/./sapl/public/materialegislativa/2007/6972/6972_texto_integral.doc", "ementa": "Solicitando do Prefeito informa\u00e7\u00f5es sobre a propriedade de \u00e1rea  localizada que interliga o Jardim Anita ao Parque Real."}, {"id": "6973", "ano": "2007", "numero": "375", "tipo__sigla": "REQ", "tipo__descricao": "Requerimento", "autoria": "WILSON ALVES (VI)", "texto_original": "http://sapl.garca.sp.leg.br/media/./sapl/public/materialegislativa/2007/6973/6973_texto_integral.doc", "ementa": "Solicitando do SAAE reparos em caixa de inspe\u00e7\u00e3o de esgoto que interliga a rede de esgoto do Supermercado Toyota \u00e0 rede mestra, pela Rua Pref. Salviano Pereira de Andrade."}, {"id": "6974", "ano": "2007", "numero": "376", "tipo__sigla": "REQ", "tipo__descricao": "Requerimento", "autoria": "JOS\u00c9 MARIA PIOLA", "texto_original": "http://sapl.garca.sp.leg.br/media/./sapl/public/materialegislativa/2007/6974/6974_texto_integral.doc", "ementa": "Solicitando do Prefeito informa\u00e7\u00f5es sobre eventuais obras a serem realizadas no local onde era pretendido a constru\u00e7\u00e3o de uma praia artificial, pr\u00f3xima ao Jardim Paineiras."}, {"id": "6975", "ano": "2007", "numero": "377", "tipo__sigla": "REQ", "tipo__descricao": "Requerimento", "autoria": "CORN\u00c9LIO C\u00c9ZAR KEMP MARCONDES", "texto_original": "http://sapl.garca.sp.leg.br/media/./sapl/public/materialegislativa/2007/6975/6975_texto_integral.doc", "ementa": "Solicitando \u00e0 dire\u00e7\u00e3o da Irmandade da Santa de Miseric\u00f3rdia de Gar\u00e7a informa\u00e7\u00f5es sobre eventual regulamento para atendimento dos m\u00e9dicos plantonistas \u00e0 dist\u00eancia, junto ao Pronto Socorro."}, {"id": "6976", "ano": "2007", "numero": "378", "tipo__sigla": "REQ", "tipo__descricao": "Requerimento", "autoria": "CORN\u00c9LIO C\u00c9ZAR KEMP MARCONDES", "texto_original": "http://sapl.garca.sp.leg.br/media/./sapl/public/materialegislativa/2007/6976/6976_texto_integral.doc", "ementa": "Solicitando da dire\u00e7\u00e3o da Irmandade da Santa Casa de Miseric\u00f3rdia de Gar\u00e7a e ao Prefeito Municipal informa\u00e7\u00f5es sobre campanhas de esclarecimento e orienta\u00e7\u00e3o \u00e0 popula\u00e7\u00e3o sobre as finalidades do Pronto Socorro Municipal."}, {"id": "6977", "ano": "2007", "numero": "379", "tipo__sigla": "REQ", "tipo__descricao": "Requerimento", "autoria": "CORN\u00c9LIO C\u00c9ZAR KEMP MARCONDES", "texto_original": "http://sapl.garca.sp.leg.br/media/./sapl/public/materialegislativa/2007/6977/6977_texto_integral.doc", "ementa": "Solicitando da dire\u00e7\u00e3o da Irmandade da Santa Casa de Miseric\u00f3rdia de Gar\u00e7a, informa\u00e7\u00f5es sobre a institui\u00e7\u00e3o de plano de sa\u00fade popular."}, {"id": "6978", "ano": "2007", "numero": "380", "tipo__sigla": "REQ", "tipo__descricao": "Requerimento", "autoria": "CORN\u00c9LIO C\u00c9ZAR KEMP MARCONDES", "texto_original": "http://sapl.garca.sp.leg.br/media/./sapl/public/materialegislativa/2007/6978/6978_texto_integral.doc", "ementa": "Solicitando do Prefeito informa\u00e7\u00f5es sobre a possibilidade de dotar o Pronto Socorro do Munic\u00edpio de dentista."}, {"id": "6979", "ano": "2007", "numero": "381", "tipo__sigla": "REQ", "tipo__descricao": "Requerimento", "autoria": "CORN\u00c9LIO C\u00c9ZAR KEMP MARCONDES", "texto_original": "http://sapl.garca.sp.leg.br/media/./sapl/public/materialegislativa/2007/6979/6979_texto_integral.doc", "ementa": "Solicitando do Prefeito informa\u00e7\u00f5es sobre a possibilidade de designar funcion\u00e1rios para o setor de triagem do Pronto Socorro Municipal. "}, {"id": "6980", "ano": "2007", "numero": "382", "tipo__sigla": "REQ", "tipo__descricao": "Requerimento", "autoria": "CORN\u00c9LIO C\u00c9ZAR KEMP MARCONDES", "texto_original": "http://sapl.garca.sp.leg.br/media/./sapl/public/materialegislativa/2007/6980/6980_texto_integral.doc", "ementa": "Solicitando do Prefeito informa\u00e7\u00f5es sobre a possibilidade de designar seguran\u00e7as para atua\u00e7\u00e3o no Pronto Socorro."}, {"id": "6981", "ano": "2007", "numero": "383", "tipo__sigla": "REQ", "tipo__descricao": "Requerimento", "autoria": "CORN\u00c9LIO C\u00c9ZAR KEMP MARCONDES", "texto_original": "http://sapl.garca.sp.leg.br/media/./sapl/public/materialegislativa/2007/6981/6981_texto_integral.doc", "ementa": "Solicitando \u00e0 TIM, melhoria no sinal oferecido aos usu\u00e1rios de telefonia celular no Munic\u00edpio."}, {"id": "6982", "ano": "2007", "numero": "384", "tipo__sigla": "REQ", "tipo__descricao": "Requerimento", "autoria": "WILSON ALVES (VI)", "texto_original": "http://sapl.garca.sp.leg.br/media/./sapl/public/materialegislativa/2007/6982/6982_texto_integral.doc", "ementa": "Solicitando da Turismar Transporte Turismo Ltda. informa\u00e7\u00f5es sobre atraso do \u00f4nibus na linha Gar\u00e7a-Mar\u00edlia e sentido contr\u00e1rio, quando da passagem no distrito de Jafa."}, {"id": "6983", "ano": "2007", "numero": "385", "tipo__sigla": "REQ", "tipo__descricao": "Requerimento", "autoria": "SEBASTI\u00c3O TOLDATO GALEGO", "texto_original": "http://sapl.garca.sp.leg.br/media/./sapl/public/materialegislativa/2007/6983/6983_texto_integral.doc", "ementa": "Sugerindo \u00e0 dire\u00e7\u00e3o da Sociedade Esportiva RCG/Gar\u00e7a, a institui\u00e7\u00e3o de um hino e uma mascote oficial para a agremia\u00e7\u00e3o esportiva."}, {"id": "6984", "ano": "2007", "numero": "386", "tipo__sigla": "REQ", "tipo__descricao": "Requerimento", "autoria": "WILSON ALVES (VI)", "texto_original": "http://sapl.garca.sp.leg.br/media/./sapl/public/materialegislativa/2007/6984/6984_texto_integral.doc", "ementa": "Solicitando do Prefeito informa\u00e7\u00f5es sobre o cumprimento da Lei Municipal n\u00ba. 3.491/2001, que estabelece normas para a circula\u00e7\u00e3o de c\u00e3es nas vias p\u00fablicas e logradouros do Munic\u00edpio."}, {"id": "6985", "ano": "2007", "numero": "387", "tipo__sigla": "REQ", "tipo__descricao": "Requerimento", "autoria": "WILSON ALVES (VI)", "texto_original": "http://sapl.garca.sp.leg.br/media/./sapl/public/materialegislativa/2007/6985/6985_texto_integral.doc", "ementa": "Solicitando do Prefeito informa\u00e7\u00f5es sobre norma regulamentando a vistoria peri\u00f3dica e fornecimento de laudos t\u00e9cnicos para marquises e pr\u00e9dios antigos."}, {"id": "6986", "ano": "2007", "numero": "388", "tipo__sigla": "REQ", "tipo__descricao": "Requerimento", "autoria": "MASSAO OGAWA", "texto_original": "http://sapl.garca.sp.leg.br/media/./sapl/public/materialegislativa/2007/6986/6986_texto_integral.doc", "ementa": "Solicitando do Prefeito informa\u00e7\u00f5es sobre a possibilidade de utiliza\u00e7\u00e3o do Gin\u00e1sio de Esportes da Rua Luis Monici, pelos moradores do Jardim Nova Gar\u00e7a e Jardim Brasil, para pr\u00e1ticas esportivas e demais eventos."}, {"id": "6987", "ano": "2007", "numero": "389", "tipo__sigla": "REQ", "tipo__descricao": "Requerimento", "autoria": "MASSAO OGAWA", "texto_original": "http://sapl.garca.sp.leg.br/media/./sapl/public/materialegislativa/2007/6987/6987_texto_integral.doc", "ementa": "Solicitando \u00e0 dire\u00e7\u00e3o da ag\u00eancia local do INSS, a constru\u00e7\u00e3o de uma rampa de acesso para deficientes f\u00edsicos e idosos."}, {"id": "6988", "ano": "2007", "numero": "390", "tipo__sigla": "REQ", "tipo__descricao": "Requerimento", "autoria": "MASSAO OGAWA", "texto_original": "http://sapl.garca.sp.leg.br/media/./sapl/public/materialegislativa/2007/6988/6988_texto_integral.doc", "ementa": "Solicitando \u00e0 ag\u00eancia local do Banco Bradesco, a corre\u00e7\u00e3o do nome da cidade que est\u00e1 impresso de forma err\u00f4nea nas senhas disponibilizadas aos clientes."}, {"id": "6989", "ano": "2007", "numero": "391", "tipo__sigla": "REQ", "tipo__descricao": "Requerimento", "autoria": "MASSAO OGAWA", "texto_original": "http://sapl.garca.sp.leg.br/media/./sapl/public/materialegislativa/2007/6989/6989_texto_integral.doc", "ementa": "Solicitando do Prefeito informa\u00e7\u00f5es sobre a realiza\u00e7\u00e3o de obras de melhorias da capta\u00e7\u00e3o de \u00e1guas pluviais no Bairro Guanabara, mais precisamente na esquina das Ruas Dr. Dam\u00e1sio Valejo Vasques com a Sgto. Wilson Abel de Oliveira."}, {"id": "6990", "ano": "2007", "numero": "392", "tipo__sigla": "REQ", "tipo__descricao": "Requerimento", "autoria": "CORN\u00c9LIO C\u00c9ZAR KEMP MARCONDES", "texto_original": "http://sapl.garca.sp.leg.br/media/./sapl/public/materialegislativa/2007/6990/6990_texto_integral.doc", "ementa": "Solicitando do Prefeito informa\u00e7\u00f5es sobre o \u00faltimo concurso realizado pela Prefeitura Municipal para o cargo de vigia."}, {"id": "6991", "ano": "2007", "numero": "393", "tipo__sigla": "REQ", "tipo__descricao": "Requerimento", "autoria": "CORN\u00c9LIO C\u00c9ZAR KEMP MARCONDES", "texto_original": "http://sapl.garca.sp.leg.br/media/./sapl/public/materialegislativa/2007/6991/6991_texto_integral.doc", "ementa": "Solicitando do Prefeito informa\u00e7\u00f5es sobre eventual Programa de aux\u00edlio a ex-presidi\u00e1rios, na reinser\u00e7\u00e3o no mercado de trabalho e auxilios sociais."}, {"id": "6992", "ano": "2007", "numero": "394", "tipo__sigla": "REQ", "tipo__descricao": "Requerimento", "autoria": "ADAMIR MAUR\u00cdCIO DE BARROS", "texto_original": "http://sapl.garca.sp.leg.br/media/./sapl/public/materialegislativa/2007/6992/6992_texto_integral.doc", "ementa": "Solicitando do Prefeito informa\u00e7\u00f5es sobre o andamento dos tr\u00e2mites burocr\u00e1ticos para a obten\u00e7\u00e3o de uma UTI m\u00f3vel para o Munic\u00edpio."}, {"id": "6993", "ano": "2007", "numero": "395", "tipo__sigla": "REQ", "tipo__descricao": "Requerimento", "autoria": "MARCOS LOPES MIRANDA", "texto_original": "http://sapl.garca.sp.leg.br/media/./sapl/public/materialegislativa/2007/6993/6993_texto_integral.doc", "ementa": "Solicitando do Conselho Regional de Medicina, informa\u00e7\u00f5es sobre exist\u00eancia de Resolu\u00e7\u00e3o regulamentando a remunera\u00e7\u00e3o da disponibilidade m\u00e9dica nas chamadas (plant\u00e3o \u00e0 dist\u00e2ncia)."}, {"id": "6994", "ano": "2007", "numero": "396", "tipo__sigla": "REQ", "tipo__descricao": "Requerimento", "autoria": "MARCOS LOPES MIRANDA", "texto_original": "http://sapl.garca.sp.leg.br/media/./sapl/public/materialegislativa/2007/6994/6994_texto_integral.doc", "ementa": "Solicitando \u00e0 dire\u00e7\u00e3o da Irmandade da Santa Casa de Miseric\u00f3rdia de Gar\u00e7a informa\u00e7\u00f5es sobre o Pronto Socorro Municipal."}, {"id": "6995", "ano": "2007", "numero": "397", "tipo__sigla": "REQ", "tipo__descricao": "Requerimento", "autoria": "WILSON ALVES (VI)", "texto_original": "http://sapl.garca.sp.leg.br/media/./sapl/public/materialegislativa/2007/6995/6995_texto_integral.doc", "ementa": "Solicitando \u00e0 Superintend\u00eancia Regional da Caixa Econ\u00f4mica Federal, abertura de novos postos de recebimento de contas."}, {"id": "6996", "ano": "2007", "numero": "398", "tipo__sigla": "REQ", "tipo__descricao": "Requerimento", "autoria": "PEDRO HENRIQUE SCARTEZINI", "texto_original": "http://sapl.garca.sp.leg.br/media/./sapl/public/materialegislativa/2007/6996/6996_texto_integral.doc", "ementa": "Solicitando do DER - Assis, instala\u00e7\u00e3o de placas indicando a prefer\u00eancia, e at\u00e9 mesmo parada obrigat\u00f3ria, no cruzamento de ve\u00edculos advindos de Bauru e Mar\u00edlia, no trevo de acesso ao Munic\u00edpio."}, {"id": "6997", "ano": "2007", "numero": "399", "tipo__sigla": "REQ", "tipo__descricao": "Requerimento", "autoria": "SEBASTI\u00c3O TOLDATO GALEGO", "texto_original": "http://sapl.garca.sp.leg.br/media/./sapl/public/materialegislativa/2007/6997/6997_texto_integral.doc", "ementa": "Solicitando do Prefeito informa\u00e7\u00f5es sobre instala\u00e7\u00e3o de pontos de manobras para acesso aos estabelecimentos comerciais localizados na Av. Dr. Labieno da Costa Machado, entre os n\u00bas. 1.641 \u00e0 2.384, quando da constru\u00e7\u00e3o do canteiro central."}, {"id": "6998", "ano": "2007", "numero": "400", "tipo__sigla": "REQ", "tipo__descricao": "Requerimento", "autoria": "SEBASTI\u00c3O TOLDATO GALEGO", "texto_original": "http://sapl.garca.sp.leg.br/media/./sapl/public/materialegislativa/2007/6998/6998_texto_integral.doc", "ementa": "Solicitando do Banco Central do Brasil, informa\u00e7\u00f5es sobre exist\u00eancia de legisla\u00e7\u00e3o pertinente ao uso de portas girat\u00f3rias de seguran\u00e7a para acesso \u00e0s ag\u00eancias banc\u00e1rias."}, {"id": "6999", "ano": "2007", "numero": "401", "tipo__sigla": "REQ", "tipo__descricao": "Requerimento", "autoria": "WILSON ALVES (VI)", "texto_original": "http://sapl.garca.sp.leg.br/media/./sapl/public/materialegislativa/2007/6999/6999_texto_integral.doc", "ementa": "Solicitando do Prefeito informa\u00e7\u00f5es sobre eventual constru\u00e7\u00e3o de  redutores de velocidade na remodela\u00e7\u00e3o do trecho final da Av. Dr. Labieno da Costa Machado."}, {"id": "7000", "ano": "2007", "numero": "402", "tipo__sigla": "REQ", "tipo__descricao": "Requerimento", "autoria": "JOS\u00c9 MARIA PIOLA", "texto_original": "http://sapl.garca.sp.leg.br/media/./sapl/public/materialegislativa/2007/7000/7000_texto_integral.doc", "ementa": "Solicitando do Prefeito informa\u00e7\u00f5es sobre proposta de reajuste das refer\u00eancias salariais dos servidores municipais."}, {"id": "7001", "ano": "2007", "numero": "403", "tipo__sigla": "REQ", "tipo__descricao": "Requerimento", "autoria": "JOS\u00c9 MARIA PIOLA", "texto_original": "http://sapl.garca.sp.leg.br/media/./sapl/public/materialegislativa/2007/7001/7001_texto_integral.doc", "ementa": "Solicitando do Prefeito informa\u00e7\u00f5es sobre concess\u00e3o de abono especial pecuni\u00e1rio de Natal aos servidores municipais."}, {"id": "7002", "ano": "2007", "numero": "404", "tipo__sigla": "REQ", "tipo__descricao": "Requerimento", "autoria": "WILSON ALVES (VI)", "texto_original": "http://sapl.garca.sp.leg.br/media/./sapl/public/materialegislativa/2007/7002/7002_texto_integral.doc", "ementa": "Solicitando do Prefeito informa\u00e7\u00f5es sobre a exist\u00eancia de norma legal que discipline o transporte de l\u00e1tex e ossos por vias p\u00fablicas da \u00e1rea urbana do Munic\u00edpio."}, {"id": "7003", "ano": "2007", "numero": "405", "tipo__sigla": "REQ", "tipo__descricao": "Requerimento", "autoria": "WILSON ALVES (VI)", "texto_original": "http://sapl.garca.sp.leg.br/media/./sapl/public/materialegislativa/2007/7003/7003_texto_integral.doc", "ementa": "Solicitando do Prefeito informa\u00e7\u00f5es sobre a possibilidade de disponibilizar medica\u00e7\u00e3o a mun\u00edcipe acometido de Mal de Parkinson."}, {"id": "7004", "ano": "2007", "numero": "406", "tipo__sigla": "REQ", "tipo__descricao": "Requerimento", "autoria": "WILSON ALVES (VI)", "texto_original": "http://sapl.garca.sp.leg.br/media/./sapl/public/materialegislativa/2007/7004/7004_texto_integral.doc", "ementa": "Solicitando da Telef\u00f4nica, instala\u00e7\u00e3o de um telefone de uso p\u00fablico (orelh\u00e3o) em ponto estrat\u00e9gico do Jardim Adrianita."}, {"id": "7005", "ano": "2007", "numero": "407", "tipo__sigla": "REQ", "tipo__descricao": "Requerimento", "autoria": "WILSON ALVES (VI)", "texto_original": "http://sapl.garca.sp.leg.br/media/./sapl/public/materialegislativa/2007/7005/7005_texto_integral.doc", "ementa": "Solicitando \u00e0 empresa Turismar Transporte e Turismo Ltda., disponibiliza\u00e7\u00e3o de mais um carro para o itiner\u00e1rio Mar\u00edlia-Gar\u00e7a, com sa\u00edda de Mar\u00edlia \u00e0s 12h30, notadamente  nos quinze dias finais de cada m\u00eas."}, {"id": "7006", "ano": "2007", "numero": "408", "tipo__sigla": "REQ", "tipo__descricao": "Requerimento", "autoria": "WILSON ALVES (VI)", "texto_original": "http://sapl.garca.sp.leg.br/media/./sapl/public/materialegislativa/2007/7006/7006_texto_integral.doc", "ementa": "Solicitando \u00e0 Turismar Transporte Turismo Ltda., a doa\u00e7\u00e3o de carrinhos para o transporte de bagagens no Terminal Rodovi\u00e1rio de Passageiros do Munic\u00edpio."}, {"id": "7007", "ano": "2007", "numero": "409", "tipo__sigla": "REQ", "tipo__descricao": "Requerimento", "autoria": "WILSON ALVES (VI)", "texto_original": "http://sapl.garca.sp.leg.br/media/./sapl/public/materialegislativa/2007/7007/7007_texto_integral.doc", "ementa": "Solicitando  ao Expresso de Prata S/A, a doa\u00e7\u00e3o de carrinhos para o transporte de bagagens no Terminal Rodovi\u00e1rio de Passageiros do Munic\u00edpio."}, {"id": "7008", "ano": "2007", "numero": "410", "tipo__sigla": "REQ", "tipo__descricao": "Requerimento", "autoria": "WILSON ALVES (VI)", "texto_original": "http://sapl.garca.sp.leg.br/media/./sapl/public/materialegislativa/2007/7008/7008_texto_integral.doc", "ementa": "Solicitando do Prefeiro informa\u00e7\u00f5es sobre a possibilidade de cria\u00e7\u00e3o de um provedor municipal de acesso \u00e0 internet, com conex\u00e3o via r\u00e1dio (wireless)."}, {"id": "7009", "ano": "2007", "numero": "411", "tipo__sigla": "REQ", "tipo__descricao": "Requerimento", "autoria": "MASSAO OGAWA", "texto_original": "http://sapl.garca.sp.leg.br/media/./sapl/public/materialegislativa/2007/7009/7009_texto_integral.doc", "ementa": "Solicitando da Telef\u00f4nica mudan\u00e7a de local de central telef\u00f4nica localizada defronte a resid\u00eancia \u00e0 Rua Fausto Floriano de Toledo, n\u00ba 163, sem \u00f4nus para o propriet\u00e1rio do im\u00f3vel, bem como seja realizado um planejamento quando da instala\u00e7\u00e3o de novas centrais."}, {"id": "7010", "ano": "2007", "numero": "412", "tipo__sigla": "REQ", "tipo__descricao": "Requerimento", "autoria": "PEDRO HENRIQUE SCARTEZINI", "texto_original": "http://sapl.garca.sp.leg.br/media/./sapl/public/materialegislativa/2007/7010/7010_texto_integral.doc", "ementa": "Solicitando do Conselho Federal, Sec\u00e7\u00e3o de S\u00e3o Paulo e Subsec\u00e7\u00e3o local da OAB, ado\u00e7\u00e3o de medidas visando viabilizar o fim da contribui\u00e7\u00e3o na al\u00edquota de 10% sobre o montante de todos os dep\u00f3sitos devidos, referentes ao FGTS."}, {"id": "7011", "ano": "2007", "numero": "413", "tipo__sigla": "REQ", "tipo__descricao": "Requerimento", "autoria": "ADAMIR MAUR\u00cdCIO DE BARROS", "texto_original": "http://sapl.garca.sp.leg.br/media/./sapl/public/materialegislativa/2007/7011/7011_texto_integral.doc", "ementa": "Solicitando da CDHU - SP, urg\u00eancia nos tr\u00e2mites burocr\u00e1ticos visando o pagamento do seguro referente ao im\u00f3vel localizado \u00e0 Rua Domingos Martins, n\u00ba. 95, que ficou totalmente destru\u00eddo por um inc\u00eandio."}, {"id": "7012", "ano": "2007", "numero": "414", "tipo__sigla": "REQ", "tipo__descricao": "Requerimento", "autoria": "WILSON ALVES (VI)", "texto_original": "http://sapl.garca.sp.leg.br/media/./sapl/public/materialegislativa/2007/7012/7012_texto_integral.doc", "ementa": "Solicitando do Prefeito informa\u00e7\u00f5es sobre abertura de processos administrativos contra servidores municipais no corrente exerc\u00edcio."}, {"id": "7013", "ano": "2007", "numero": "415", "tipo__sigla": "REQ", "tipo__descricao": "Requerimento", "autoria": "MASSAO OGAWA", "texto_original": "http://sapl.garca.sp.leg.br/media/./sapl/public/materialegislativa/2007/7013/7013_texto_integral.doc", "ementa": "Solicitando \u00e0 TVC Oeste Paulista Ltda., informa\u00e7\u00f5es sobre a possibilidade  e viabilidade de instala\u00e7\u00e3o de TV a cabo no Munic\u00edpio."}, {"id": "7014", "ano": "2007", "numero": "416", "tipo__sigla": "REQ", "tipo__descricao": "Requerimento", "autoria": "VALDEMAR ZIMIANI", "texto_original": "http://sapl.garca.sp.leg.br/media/./sapl/public/materialegislativa/2007/7014/7014_texto_integral.doc", "ementa": "Solicitando do Prefeito informa\u00e7\u00f5es sobre a possibilidade de pintura de faixa lateral da estrada municipal \"Kamegiro kakudate\", que liga o Distrito de Jafa ao Bairro Itiratup\u00e3."}, {"id": "7015", "ano": "2007", "numero": "417", "tipo__sigla": "REQ", "tipo__descricao": "Requerimento", "autoria": "MARCOS LOPES MIRANDA", "texto_original": "http://sapl.garca.sp.leg.br/media/./sapl/public/materialegislativa/2007/7015/7015_texto_integral.doc", "ementa": "Solicitando do Prefeito informa\u00e7\u00f5es sobre ado\u00e7\u00e3o de medidas visando facilitar a locomo\u00e7\u00e3o e acessibilidade de portadores de necessidades especiais."}, {"id": "7016", "ano": "2007", "numero": "418", "tipo__sigla": "REQ", "tipo__descricao": "Requerimento", "autoria": "WILSON ALVES (VI)", "texto_original": "http://sapl.garca.sp.leg.br/media/./sapl/public/materialegislativa/2007/7016/7016_texto_integral.doc", "ementa": "Solicitando do Prefeito informa\u00e7\u00f5es sobre fornecimento de medicamentos ao Lar do Velhos \"Frederico Ozanan\"."}, {"id": "7017", "ano": "2007", "numero": "419", "tipo__sigla": "REQ", "tipo__descricao": "Requerimento", "autoria": "WILSON ALVES (VI)", "texto_original": "http://sapl.garca.sp.leg.br/media/./sapl/public/materialegislativa/2007/7017/7017_texto_integral.doc", "ementa": "Solicitando do Prefeito informa\u00e7\u00f5es sobre medidas para coibir o aumento de eros\u00e3o pr\u00f3ximo \u00e0s caixas de conten\u00e7\u00e3o de \u00e1guas pluviais, no entroncamento entre os bairros Jardim Brasil e Nova Gar\u00e7a."}, {"id": "7019", "ano": "2007", "numero": "420", "tipo__sigla": "REQ", "tipo__descricao": "Requerimento", "autoria": "CORN\u00c9LIO C\u00c9ZAR KEMP MARCONDES", "texto_original": "http://sapl.garca.sp.leg.br/media/./sapl/public/materialegislativa/2007/7019/7019_texto_integral.doc", "ementa": "Solicitando do SAAE reparos em tampas de po\u00e7o de visita\u00e7\u00e3o da rede de esgoto localizadas no cruzamento da Rua Bar\u00e3o do Rio Branco com a Rua Armando de Salles Oliveira, e no cruzamento da Rua Dep. Manoel Joaquim Fernandes com a Rua Bahia."}, {"id": "7020", "ano": "2007", "numero": "421", "tipo__sigla": "REQ", "tipo__descricao": "Requerimento", "autoria": "CORN\u00c9LIO C\u00c9ZAR KEMP MARCONDES", "texto_original": "http://sapl.garca.sp.leg.br/media/./sapl/public/materialegislativa/2007/7020/7020_texto_integral.doc", "ementa": "Solicitando da Irmandade da Santa Casa de Miseric\u00f3rdia de Gar\u00e7a, encaminhamento de c\u00f3pia de documentos pertinentes a atendimentos prestados ao lavrador Aldo Ramos Nogueira."}, {"id": "7021", "ano": "2007", "numero": "422", "tipo__sigla": "REQ", "tipo__descricao": "Requerimento", "autoria": "CORN\u00c9LIO C\u00c9ZAR KEMP MARCONDES", "texto_original": "http://sapl.garca.sp.leg.br/media/./sapl/public/materialegislativa/2007/7021/7021_texto_integral.doc", "ementa": "Solicitando \u00e0 Presid\u00eancia e lideran\u00e7as partid\u00e1rias da C\u00e2mara dos Deputados e Senado Federal, a apresenta\u00e7\u00e3o de proposta de altera\u00e7\u00e3o da Lei Federal n\u00ba. 9.504/1997, que estabelece normas para as elei\u00e7\u00f5es, no tocante ao registro de candidatos por partidos e coliga\u00e7\u00f5es para as elei\u00e7\u00f5es proporcionais."}, {"id": "7018", "ano": "2007", "numero": "423", "tipo__sigla": "REQ", "tipo__descricao": "Requerimento", "autoria": "JOS\u00c9 MARIA PIOLA", "texto_original": "http://sapl.garca.sp.leg.br/media/./sapl/public/materialegislativa/2007/7018/7018_texto_integral.doc", "ementa": "Solicitando \u00e0 Promotoria de Justi\u00e7a da Comarca de Gar\u00e7a, a revis\u00e3o da decis\u00e3o de n\u00e3o realiza\u00e7\u00e3o das homologa\u00e7\u00f5es das rescis\u00f5es de contrato de trabalho junto ao F\u00f3rum da Comarca de Gar\u00e7a."}, {"id": "7022", "ano": "2007", "numero": "424", "tipo__sigla": "REQ", "tipo__descricao": "Requerimento", "autoria": "VALDEMAR ZIMIANI", "texto_original": "http://sapl.garca.sp.leg.br/media/./sapl/public/materialegislativa/2007/7022/7022_texto_integral.doc", "ementa": "Solicitando do Prefeito informa\u00e7\u00f5es sobre o quadro funcional da Municipalidade."}, {"id": "7023", "ano": "2007", "numero": "425", "tipo__sigla": "REQ", "tipo__descricao": "Requerimento", "autoria": "CORN\u00c9LIO C\u00c9ZAR KEMP MARCONDES", "texto_original": "http://sapl.garca.sp.leg.br/media/./sapl/public/materialegislativa/2007/7023/7023_texto_integral.doc", "ementa": "Solicitando \u00e0 emissora SBT Centro Oeste Paulista, vistoria e manuten\u00e7\u00e3o nos aparelhos que distribuem o sinal daquela emissora no Munic\u00edpio."}, {"id": "7024", "ano": "2007", "numero": "426", "tipo__sigla": "REQ", "tipo__descricao": "Requerimento", "autoria": "CORN\u00c9LIO C\u00c9ZAR KEMP MARCONDES", "texto_original": "http://sapl.garca.sp.leg.br/media/./sapl/public/materialegislativa/2007/7024/7024_texto_integral.doc", "ementa": "Solicitando do Prefeito informa\u00e7\u00f5es sobre a elabora\u00e7\u00e3o do Estatuto do Magist\u00e9rio garcense."}, {"id": "7025", "ano": "2007", "numero": "427", "tipo__sigla": "REQ", "tipo__descricao": "Requerimento", "autoria": "CORN\u00c9LIO C\u00c9ZAR KEMP MARCONDES", "texto_original": "http://sapl.garca.sp.leg.br/media/./sapl/public/materialegislativa/2007/7025/7025_texto_integral.doc", "ementa": "Solicitando do Prefeito informa\u00e7\u00f5es sobre eventual constru\u00e7\u00e3o de novos conjuntos habitacionais no Munic\u00edpio."}, {"id": "7026", "ano": "2007", "numero": "428", "tipo__sigla": "REQ", "tipo__descricao": "Requerimento", "autoria": "VALDEMAR ZIMIANI", "texto_original": "http://sapl.garca.sp.leg.br/media/./sapl/public/materialegislativa/2007/7026/7026_texto_integral.doc", "ementa": "Solicitando \u00e0 CPFL manter um ponto de recebimento das contas de energia el\u00e9trica no distrito de Jafa. "}, {"id": "7027", "ano": "2007", "numero": "429", "tipo__sigla": "REQ", "tipo__descricao": "Requerimento", "autoria": "CORN\u00c9LIO C\u00c9ZAR KEMP MARCONDES", "texto_original": "http://sapl.garca.sp.leg.br/media/./sapl/public/materialegislativa/2007/7027/7027_texto_integral.doc", "ementa": "Solicitando \u00e0 empresa Macchione Projeto, Constru\u00e7\u00e3o e Pavimenta\u00e7\u00e3o Ltda. aproveitamento dos funcion\u00e1rios que atualmente realizam a atividade de coleta de lixo domiciliar e opera\u00e7\u00e3o da usina de compostagem do lixo no Munic\u00edpio."}, {"id": "7028", "ano": "2007", "numero": "430", "tipo__sigla": "REQ", "tipo__descricao": "Requerimento", "autoria": "CORN\u00c9LIO C\u00c9ZAR KEMP MARCONDES", "texto_original": "http://sapl.garca.sp.leg.br/media/./sapl/public/materialegislativa/2007/7028/7028_texto_integral.doc", "ementa": "Solicitando do Prefeito informa\u00e7\u00f5es sobre regulamenta\u00e7\u00e3o das normas para instala\u00e7\u00e3o de p\u00e1ra-raios no Munic\u00edpio."}, {"id": "7030", "ano": "2007", "numero": "431", "tipo__sigla": "REQ", "tipo__descricao": "Requerimento", "autoria": "CORN\u00c9LIO C\u00c9ZAR KEMP MARCONDES", "texto_original": "http://sapl.garca.sp.leg.br/media/./sapl/public/materialegislativa/2007/7030/7030_texto_integral.doc", "ementa": "Solicitando \u00e0 Sec\u00e7\u00e3o Estadual e Subsec\u00e7\u00e3o de Gar\u00e7a da OAB, ado\u00e7\u00e3o de procedimento similar ao realizado pela Seccional da OAB de Bebedouro, visando a instala\u00e7\u00e3o da 3\u00aa Vara C\u00edvel da Comarca de Gar\u00e7a."}, {"id": "7031", "ano": "2007", "numero": "432", "tipo__sigla": "REQ", "tipo__descricao": "Requerimento", "autoria": "VALDEMAR ZIMIANI", "texto_original": "http://sapl.garca.sp.leg.br/media/./sapl/public/materialegislativa/2007/7031/7031_texto_integral.doc", "ementa": "Solicitando ao Dep. Federal Walter Ihoshi, gest\u00f5es visando o repasse de recursos financeiros para constru\u00e7\u00e3o de um terminal rodovi\u00e1rio de passageiros no distrito de Jafa."}, {"id": "7032", "ano": "2007", "numero": "433", "tipo__sigla": "REQ", "tipo__descricao": "Requerimento", "autoria": "MARCOS LOPES MIRANDA", "texto_original": "http://sapl.garca.sp.leg.br/media/./sapl/public/materialegislativa/2007/7032/7032_texto_integral.doc", "ementa": "Solicitando ao Diret\u00f3rio Nacional do PMDB, revis\u00e3o do ato de retirada dos Senadores Jarbas Vasconcellos e Pedro Simon da Comiss\u00e3o de Constitui\u00e7\u00e3o e Justi\u00e7a do Senado Federal."}, {"id": "7033", "ano": "2007", "numero": "434", "tipo__sigla": "REQ", "tipo__descricao": "Requerimento", "autoria": "WILSON ALVES (VI)", "texto_original": "http://sapl.garca.sp.leg.br/media/", "ementa": "Solicitando do Prefeito informa\u00e7\u00f5es sobre atua\u00e7\u00e3o de servidores municipais em fun\u00e7\u00e3o distinta daquela em que est\u00e1 lotado."}, {"id": "7029", "ano": "2007", "numero": "435", "tipo__sigla": "REQ", "tipo__descricao": "Requerimento", "autoria": "JOS\u00c9 MARIA PIOLA", "texto_original": "http://sapl.garca.sp.leg.br/media/./sapl/public/materialegislativa/2007/7029/7029_texto_integral.doc", "ementa": "Solicitando do Prefeito informa\u00e7\u00f5es sobre servi\u00e7os e estrutura do Condom\u00ednio Residencial Portal do Lago."}, {"id": "7034", "ano": "2007", "numero": "436", "tipo__sigla": "REQ", "tipo__descricao": "Requerimento", "autoria": "MARCOS LOPES MIRANDA", "texto_original": "http://sapl.garca.sp.leg.br/media/", "ementa": "Solicitando \u00e0 dire\u00e7\u00e3o da Irmandade Santa Casa de Miseric\u00f3rdia de Gar\u00e7a e Prefeitura Municipal informa\u00e7\u00f5es sobre provid\u00eancias para adequa\u00e7\u00e3o a Resolu\u00e7\u00e3o do CREMESP, no tocante ao pagamento de plant\u00e3o de disponibilidade a dist\u00e2ncia."}, {"id": "7035", "ano": "2007", "numero": "437", "tipo__sigla": "REQ", "tipo__descricao": "Requerimento", "autoria": "JOS\u00c9 MARIA PIOLA", "texto_original": "http://sapl.garca.sp.leg.br/media/", "ementa": "Solicitando do Prefeito informa\u00e7\u00f5es sobre destino do pr\u00e9dio onde funcionava a Lanchonete \"Galo de Ouro\"."}, {"id": "7036", "ano": "2007", "numero": "438", "tipo__sigla": "REQ", "tipo__descricao": "Requerimento", "autoria": "ADAMIR MAUR\u00cdCIO DE BARROS", "texto_original": "http://sapl.garca.sp.leg.br/media/", "ementa": "Solicitando \u00e0 4\u00aa Companhia da Pol\u00edcia Militar de Gar\u00e7a, intensifica\u00e7\u00e3o na ronda junto ao Terminal Rodovi\u00e1rio de Passageiros, no per\u00edodo noturno.\r\n"}, {"id": "7037", "ano": "2007", "numero": "439", "tipo__sigla": "REQ", "tipo__descricao": "Requerimento", "autoria": "CORN\u00c9LIO C\u00c9ZAR KEMP MARCONDES", "texto_original": "http://sapl.garca.sp.leg.br/media/", "ementa": "Encaminhando ao Prefeito c\u00f3pia da Lei Complementar n\u00ba 19/95, de Mogi Gua\u00e7u, que versa sobre a concess\u00e3o de gratifica\u00e7\u00e3o por assiduidade aos servidores municipais, para estudos e eventual aplica\u00e7\u00e3o no Munic\u00edpio."}, {"id": "7038", "ano": "2007", "numero": "440", "tipo__sigla": "REQ", "tipo__descricao": "Requerimento", "autoria": "CORN\u00c9LIO C\u00c9ZAR KEMP MARCONDES", "texto_original": "http://sapl.garca.sp.leg.br/media/", "ementa": "Solicitando do Prefeito informa\u00e7\u00f5es sobre a execu\u00e7\u00e3o das atividades de telefonista na Prefeitura Municipal."}, {"id": "7039", "ano": "2007", "numero": "441", "tipo__sigla": "REQ", "tipo__descricao": "Requerimento", "autoria": "PEDRO HENRIQUE SCARTEZINI", "texto_original": "http://sapl.garca.sp.leg.br/media/", "ementa": "Solicitando ao Deputado Estadual Campos Machado, apoio \u00e0 of\u00edcio encaminhado pelo Deputado Ant\u00f4nio Mentor \u00e0 Secretaria de Estado dos Transportes, para agiliza\u00e7\u00e3o da retomada das obras de duplica\u00e7\u00e3o da SP-294, trecho entre Gar\u00e7a e Duartina."}, {"id": "7040", "ano": "2007", "numero": "442", "tipo__sigla": "REQ", "tipo__descricao": "Requerimento", "autoria": "PEDRO HENRIQUE SCARTEZINI", "texto_original": "http://sapl.garca.sp.leg.br/media/", "ementa": "Solicitando ao Deputado Estadual Campos Machado, gest\u00f5es para agiliza\u00e7\u00e3o da retomada das obras do trevo de acesso \u00e0 SP-294, sa\u00edda para Bauru."}, {"id": "7041", "ano": "2007", "numero": "443", "tipo__sigla": "REQ", "tipo__descricao": "Requerimento", "autoria": "JOS\u00c9 MARIA PIOLA", "texto_original": "http://sapl.garca.sp.leg.br/media/./sapl/public/materialegislativa/2007/7041/7041_texto_integral.doc", "ementa": "Solicitando \u00e0 4\u00aa Companhia da Pol\u00edcia Militar de Gar\u00e7a, intensificar fiscaliza\u00e7\u00e3o com rela\u00e7\u00e3o aos estouros de escapamentos de motos, especialmente na regi\u00e3o do Lago Artificial."}, {"id": "7042", "ano": "2007", "numero": "444", "tipo__sigla": "REQ", "tipo__descricao": "Requerimento", "autoria": "JOS\u00c9 MARIA PIOLA", "texto_original": "http://sapl.garca.sp.leg.br/media/./sapl/public/materialegislativa/2007/7042/7042_texto_integral.doc", "ementa": "Solicitando \u00e0 4\u00aa Companhia da Pol\u00edcia Militar de Gar\u00e7a, intensificar fiscaliza\u00e7\u00e3o e ronda peri\u00f3dica no interior e adjac\u00eancias do Terminal Rodovi\u00e1rio Urbano."}, {"id": "7043", "ano": "2007", "numero": "445", "tipo__sigla": "REQ", "tipo__descricao": "Requerimento", "autoria": "WILSON ALVES (VI)", "texto_original": "http://sapl.garca.sp.leg.br/media/", "ementa": "Solicitando do Prefeito informa\u00e7\u00f5es sobre custo mensal m\u00e9dio para acesso \u00e0 internet, banda larga, nos setores da municipalidade."}, {"id": "7044", "ano": "2007", "numero": "446", "tipo__sigla": "REQ", "tipo__descricao": "Requerimento", "autoria": "WILSON ALVES (VI)", "texto_original": "http://sapl.garca.sp.leg.br/media/./sapl/public/materialegislativa/2007/7044/7044_texto_integral.doc", "ementa": "Solicitando da 4\u00aa Companhia da Pol\u00edcia Militar, a deflagra\u00e7\u00e3o de campanha de orienta\u00e7\u00e3o sobre o tr\u00e2nsito em duplo sentido de dire\u00e7\u00e3o na quadra final da Rua Gal. Glic\u00e9rio."}, {"id": "7045", "ano": "2007", "numero": "447", "tipo__sigla": "REQ", "tipo__descricao": "Requerimento", "autoria": "CORN\u00c9LIO C\u00c9ZAR KEMP MARCONDES", "texto_original": "http://sapl.garca.sp.leg.br/media/./sapl/public/materialegislativa/2007/7045/7045_texto_integral.doc", "ementa": "Solicitando do Prefeito informa\u00e7\u00f5es sobre municipaliza\u00e7\u00e3o de escolas do Munic\u00edpio."}, {"id": "7046", "ano": "2007", "numero": "448", "tipo__sigla": "REQ", "tipo__descricao": "Requerimento", "autoria": "CORN\u00c9LIO C\u00c9ZAR KEMP MARCONDES", "texto_original": "http://sapl.garca.sp.leg.br/media/./sapl/public/materialegislativa/2007/7046/7046_texto_integral.doc", "ementa": "Solicitando do Prefeito informa\u00e7\u00f5es sobre o uso de m\u00e1quinas bordadeiras, de costura e galoneiras pela Municipalidade."}, {"id": "7047", "ano": "2007", "numero": "449", "tipo__sigla": "REQ", "tipo__descricao": "Requerimento", "autoria": "CORN\u00c9LIO C\u00c9ZAR KEMP MARCONDES", "texto_original": "http://sapl.garca.sp.leg.br/media/./sapl/public/materialegislativa/2007/7047/7047_texto_integral.doc", "ementa": "Solicitando do Prefeito informa\u00e7\u00f5es sobre contrata\u00e7\u00e3o de m\u00e9dicos para a rede b\u00e1sica de sa\u00fade."}, {"id": "7048", "ano": "2007", "numero": "450", "tipo__sigla": "REQ", "tipo__descricao": "Requerimento", "autoria": "MARCOS LOPES MIRANDA", "texto_original": "http://sapl.garca.sp.leg.br/media/./sapl/public/materialegislativa/2007/7048/7048_texto_integral.doc", "ementa": "Solicitando ao Minist\u00e9rio da Sa\u00fade e Governo Federal, deflagra\u00e7\u00e3o de campanha de divulga\u00e7\u00e3o de m\u00e9todos contraceptivos."}, {"id": "7049", "ano": "2007", "numero": "451", "tipo__sigla": "REQ", "tipo__descricao": "Requerimento", "autoria": "WILSON ALVES (VI)", "texto_original": "http://sapl.garca.sp.leg.br/media/./sapl/public/materialegislativa/2007/7049/7049_texto_integral.doc", "ementa": "Solicitando do Prefeito informa\u00e7\u00f5es sobre contrata\u00e7\u00e3o de aprovados em concurso p\u00fablico para o cargo de bra\u00e7al. objeto do Edital n\u00ba 01/2003."}, {"id": "7050", "ano": "2007", "numero": "452", "tipo__sigla": "REQ", "tipo__descricao": "Requerimento", "autoria": "JOS\u00c9 MARIA PIOLA", "texto_original": "http://sapl.garca.sp.leg.br/media/./sapl/public/materialegislativa/2007/7050/7050_texto_integral.doc", "ementa": "Solicitando da Patrulha Juvenil imprimir endere\u00e7o dos respons\u00e1veis pela \"Zona Azul\", para recebimento de sugest\u00f5es e reclama\u00e7\u00f5es."}, {"id": "7051", "ano": "2007", "numero": "453", "tipo__sigla": "REQ", "tipo__descricao": "Requerimento", "autoria": "SEBASTI\u00c3O TOLDATO GALEGO", "texto_original": "http://sapl.garca.sp.leg.br/media/./sapl/public/materialegislativa/2007/7051/7051_texto_integral.doc", "ementa": "Solicitando ao SAAE proteger oa tanques e po\u00e7os da esta\u00e7\u00e3o de tratamento de \u00e1gua do distrito de Jafa."}, {"id": "7052", "ano": "2007", "numero": "454", "tipo__sigla": "REQ", "tipo__descricao": "Requerimento", "autoria": "WILSON ALVES (VI)", "texto_original": "http://sapl.garca.sp.leg.br/media/./sapl/public/materialegislativa/2007/7052/7052_texto_integral.doc", "ementa": "Solicitando do Prefeito informa\u00e7\u00f5es sobre o hor\u00e1rio de trabalhos dos guardas municipais."}, {"id": "7053", "ano": "2007", "numero": "455", "tipo__sigla": "REQ", "tipo__descricao": "Requerimento", "autoria": "WILSON ALVES (VI)", "texto_original": "http://sapl.garca.sp.leg.br/media/./sapl/public/materialegislativa/2007/7053/7053_texto_integral.doc", "ementa": "Solicitando do Prefeito informa\u00e7\u00f5es sobre melhorias nas galerias de \u00e1guas pluviais da Rua Jos\u00e9 Augusto Escobar."}, {"id": "7054", "ano": "2007", "numero": "456", "tipo__sigla": "REQ", "tipo__descricao": "Requerimento", "autoria": "MARCOS LOPES MIRANDA", "texto_original": "http://sapl.garca.sp.leg.br/media/./sapl/public/materialegislativa/2007/7054/7054_texto_integral.doc", "ementa": "Solicitando do Prefeito e Irmandade da Santa Casa de Miseric\u00f3rdia de Gar\u00e7a, possibilidade de institui\u00e7\u00e3o de programa de conscientiza\u00e7\u00e3o acerca da toxicidade do merc\u00fario."}, {"id": "7055", "ano": "2007", "numero": "457", "tipo__sigla": "REQ", "tipo__descricao": "Requerimento", "autoria": "MARCOS LOPES MIRANDA", "texto_original": "http://sapl.garca.sp.leg.br/media/./sapl/public/materialegislativa/2007/7055/7055_texto_integral.doc", "ementa": "Solicitando do Prefeito informa\u00e7\u00f5es sobre a informatiza\u00e7\u00e3o da rede b\u00e1sica de sa\u00fade."}, {"id": "7056", "ano": "2007", "numero": "458", "tipo__sigla": "REQ", "tipo__descricao": "Requerimento", "autoria": "WILSON ALVES (VI)", "texto_original": "http://sapl.garca.sp.leg.br/media/./sapl/public/materialegislativa/2007/7056/7056_texto_integral.doc", "ementa": "Solicitando ao SAAE c\u00f3pia de documentos pertinentes a certame licitat\u00f3rio para contrata\u00e7\u00e3o de servi\u00e7o de softwares para os diversos setores da autarquia."}, {"id": "7057", "ano": "2007", "numero": "459", "tipo__sigla": "REQ", "tipo__descricao": "Requerimento", "autoria": "CORN\u00c9LIO C\u00c9ZAR KEMP MARCONDES", "texto_original": "http://sapl.garca.sp.leg.br/media/./sapl/public/materialegislativa/2007/7057/7057_texto_integral.doc", "ementa": "Solicitando do Prefeito informa\u00e7\u00f5es sobre eventual repasse de recursos para a Associa\u00e7\u00e3o Alpha e \u00d4mega."}, {"id": "7058", "ano": "2007", "numero": "460", "tipo__sigla": "REQ", "tipo__descricao": "Requerimento", "autoria": "CORN\u00c9LIO C\u00c9ZAR KEMP MARCONDES", "texto_original": "http://sapl.garca.sp.leg.br/media/./sapl/public/materialegislativa/2007/7058/7058_texto_integral.doc", "ementa": "Solicitando a autoridades diversas, gest\u00f5es para instala\u00e7\u00e3o da 3\u00aa Vara da Comarca de Gar\u00e7a, a exemplo do conquistado em Jales e Santa F\u00e9 da Sul."}, {"id": "7059", "ano": "2007", "numero": "461", "tipo__sigla": "REQ", "tipo__descricao": "Requerimento", "autoria": "MASSAO OGAWA", "texto_original": "http://sapl.garca.sp.leg.br/media/./sapl/public/materialegislativa/2007/7059/7059_texto_integral.doc", "ementa": "Solicitando do Prefeito informa\u00e7\u00f5es sobre melhorias no sistema de capta\u00e7\u00e3o de \u00e1guas pluviais da Av. Presidente Vargas."}, {"id": "7060", "ano": "2007", "numero": "462", "tipo__sigla": "REQ", "tipo__descricao": "Requerimento", "autoria": "SEBASTI\u00c3O TOLDATO GALEGO", "texto_original": "http://sapl.garca.sp.leg.br/media/./sapl/public/materialegislativa/2007/7060/7060_texto_integral.doc", "ementa": "Solicitando do Prefeito informa\u00e7\u00f5es sobre tratamento dispensado a pessoas obesas."}, {"id": "7061", "ano": "2007", "numero": "463", "tipo__sigla": "REQ", "tipo__descricao": "Requerimento", "autoria": "CORN\u00c9LIO C\u00c9ZAR KEMP MARCONDES", "texto_original": "http://sapl.garca.sp.leg.br/media/./sapl/public/materialegislativa/2007/7061/7061_texto_integral.doc", "ementa": "Solicitando \u00e0 ag\u00eancia local do Banco do Brasil S/A doa\u00e7\u00e3o de computadores em desuso para a Associa\u00e7\u00e3o Alpha e \u00d4mega."}, {"id": "7062", "ano": "2007", "numero": "464", "tipo__sigla": "REQ", "tipo__descricao": "Requerimento", "autoria": "WILSON ALVES (VI)", "texto_original": "http://sapl.garca.sp.leg.br/media/./sapl/public/materialegislativa/2007/7062/7062_texto_integral.doc", "ementa": "Solicitando do Prefeito informa\u00e7\u00f5es sobre a constru\u00e7\u00e3o de um jardim oriental no Munic\u00edpio."}, {"id": "7063", "ano": "2007", "numero": "465", "tipo__sigla": "REQ", "tipo__descricao": "Requerimento", "autoria": "CORN\u00c9LIO C\u00c9ZAR KEMP MARCONDES", "texto_original": "http://sapl.garca.sp.leg.br/media/./sapl/public/materialegislativa/2007/7063/7063_texto_integral.doc", "ementa": "Solicitando ao Governador do Estado de S\u00e3o Paulo, na impossibilidade do prosseguimento das obras de duplica\u00e7\u00e3o da SP-294, para que sejam autorizadas obras de recapeamento, constru\u00e7\u00e3o de terceira pista e acostamentos."}, {"id": "7064", "ano": "2007", "numero": "466", "tipo__sigla": "REQ", "tipo__descricao": "Requerimento", "autoria": "CORN\u00c9LIO C\u00c9ZAR KEMP MARCONDES", "texto_original": "http://sapl.garca.sp.leg.br/media/./sapl/public/materialegislativa/2007/7064/7064_texto_integral.doc", "ementa": "Solicitando do Prefeito informa\u00e7\u00f5es sobre eventual recebimento de documento ou orienta\u00e7\u00e3o do Governo Federal ou Estadual, no sentido de agilizar os tr\u00e2mites para a municipaliza\u00e7\u00e3o do ensino local."}, {"id": "7065", "ano": "2007", "numero": "467", "tipo__sigla": "REQ", "tipo__descricao": "Requerimento", "autoria": "VALDEMAR ZIMIANI", "texto_original": "http://sapl.garca.sp.leg.br/media/./sapl/public/materialegislativa/2007/7065/7065_texto_integral.doc", "ementa": "Solicitando do Prefeito informa\u00e7\u00f5es acerca da possibilidade de retirada do redutor de velocidade instalado na Via de Acesso \u00e0 SP-294, sa\u00edda para Mar\u00edlia."}, {"id": "7066", "ano": "2007", "numero": "468", "tipo__sigla": "REQ", "tipo__descricao": "Requerimento", "autoria": "VALDEMAR ZIMIANI", "texto_original": "http://sapl.garca.sp.leg.br/media/./sapl/public/materialegislativa/2007/7066/7066_texto_integral.doc", "ementa": "Solicitando do Prefeito informa\u00e7\u00f5es sobre instala\u00e7\u00e3o de redutores de velocidade nas ruas S\u00e3o Paulo, Manoel da Costa e Valdomiro dos Santos, no distrito de Jafa."}, {"id": "7067", "ano": "2007", "numero": "469", "tipo__sigla": "REQ", "tipo__descricao": "Requerimento", "autoria": "MASSAO OGAWA", "texto_original": "http://sapl.garca.sp.leg.br/media/./sapl/public/materialegislativa/2007/7067/7067_texto_integral.doc", "ementa": "Solicitando do Prefeito informa\u00e7\u00f5es sobre a possibilidade de instala\u00e7\u00e3o de lixeiras para a coleta seletiva de lixo na regi\u00e3o central da cidade."}, {"id": "7068", "ano": "2007", "numero": "470", "tipo__sigla": "REQ", "tipo__descricao": "Requerimento", "autoria": "SEBASTI\u00c3O TOLDATO GALEGO", "texto_original": "http://sapl.garca.sp.leg.br/media/./sapl/public/materialegislativa/2007/7068/7068_texto_integral.doc", "ementa": "Solicitando do Prefeito informa\u00e7\u00f5es sobre a constru\u00e7\u00e3o de um ponto de \u00f4nibus, pr\u00f3ximo ao trevo de acesso \u00e0 SP-294, sa\u00edda para Mar\u00edlia."}, {"id": "7069", "ano": "2007", "numero": "471", "tipo__sigla": "REQ", "tipo__descricao": "Requerimento", "autoria": "MARCOS LOPES MIRANDA", "texto_original": "http://sapl.garca.sp.leg.br/media/./sapl/public/materialegislativa/2007/7069/7069_texto_integral.doc", "ementa": "Solicitando do Prefeito informa\u00e7\u00f5es sobre a possibilidade de inclus\u00e3o do diagn\u00f3stico de Hepatite \"C\" e \"B\" em exames de rotina de pr\u00e9-natal."}, {"id": "7070", "ano": "2007", "numero": "472", "tipo__sigla": "REQ", "tipo__descricao": "Requerimento", "autoria": "MARCOS LOPES MIRANDA", "texto_original": "http://sapl.garca.sp.leg.br/media/./sapl/public/materialegislativa/2007/7070/7070_texto_integral.doc", "ementa": "Solicitando do Prefeito informa\u00e7\u00f5es sobre realiza\u00e7\u00e3o de palestras, simp\u00f3sios e/ou semin\u00e1rios para profissionais de sa\u00fade e para estudantes sobre a s\u00edfilis cong\u00eanita."}, {"id": "7071", "ano": "2007", "numero": "473", "tipo__sigla": "REQ", "tipo__descricao": "Requerimento", "autoria": "WILSON ALVES (VI)", "texto_original": "http://sapl.garca.sp.leg.br/media/./sapl/public/materialegislativa/2007/7071/7071_texto_integral.doc", "ementa": "Solicitando do Prefeito informa\u00e7\u00f5es sobre a exist\u00eancia de algum planejamento para constru\u00e7\u00e3o de casas pr\u00f3prias para idosos com renda m\u00e1xima de at\u00e9 dois sal\u00e1rios m\u00ednimos."}, {"id": "7072", "ano": "2007", "numero": "474", "tipo__sigla": "REQ", "tipo__descricao": "Requerimento", "autoria": "WILSON ALVES (VI)", "texto_original": "http://sapl.garca.sp.leg.br/media/./sapl/public/materialegislativa/2007/7072/7072_texto_integral.doc", "ementa": "Solicitando do Prefeito informa\u00e7\u00f5es sobre procedimento a ser adotado pelos mun\u00edcipes que n\u00e3o encontram  a medica\u00e7\u00e3o prescrita junto \u00e0 Unidade de Sa\u00fade do seu bairro."}, {"id": "7073", "ano": "2007", "numero": "475", "tipo__sigla": "REQ", "tipo__descricao": "Requerimento", "autoria": "WILSON ALVES (VI)", "texto_original": "http://sapl.garca.sp.leg.br/media/./sapl/public/materialegislativa/2007/7073/7073_texto_integral.doc", "ementa": "Solicitando da CPFL, resolver problemas com a ilumina\u00e7\u00e3o p\u00fablica da Rua Domingo Scurachio, altura do n\u00ba. 54."}, {"id": "7074", "ano": "2007", "numero": "476", "tipo__sigla": "REQ", "tipo__descricao": "Requerimento", "autoria": "WILSON ALVES (VI)", "texto_original": "http://sapl.garca.sp.leg.br/media/./sapl/public/materialegislativa/2007/7074/7074_texto_integral.doc", "ementa": "Solicitando \u00e0 Diretoria Regional de Ensino de Mar\u00edlia, informa\u00e7\u00f5es sobre eventual exist\u00eancia de solicita\u00e7\u00e3o ou documento da Secretaria Estadual da Educa\u00e7\u00e3o, acerca da necessidade da municipaliza\u00e7\u00e3o de  escolas do Munic\u00edpio de Gar\u00e7a."}, {"id": "7075", "ano": "2007", "numero": "477", "tipo__sigla": "REQ", "tipo__descricao": "Requerimento", "autoria": "VALDEMAR ZIMIANI", "texto_original": "http://sapl.garca.sp.leg.br/media/./sapl/public/materialegislativa/2007/7075/7075_texto_integral.doc", "ementa": "Solicitando ao DER-Assis, novos estudos visando facilitar o acesso de ve\u00edculos ao Bairro Santo Andr\u00e9, no trevo de acesso \u00e0 SP-294, sa\u00edda para Mar\u00edlia."}, {"id": "7076", "ano": "2007", "numero": "478", "tipo__sigla": "REQ", "tipo__descricao": "Requerimento", "autoria": "JOS\u00c9 MARIA PIOLA", "texto_original": "http://sapl.garca.sp.leg.br/media/./sapl/public/materialegislativa/2007/7076/7076_texto_integral.doc", "ementa": "Solicitando \u00e0 Telef\u00f4nica altera\u00e7\u00e3o da localiza\u00e7\u00e3o de telefone p\u00fablico instalado junto \u00e0 Pra\u00e7a Rui Barbosa, altura do n\u00ba. 63,  passando o mesmo para as proximidades do Gar\u00e7a Plaza Shopping."}, {"id": "7077", "ano": "2007", "numero": "479", "tipo__sigla": "REQ", "tipo__descricao": "Requerimento", "autoria": "MASSAO OGAWA", "texto_original": "http://sapl.garca.sp.leg.br/media/./sapl/public/materialegislativa/2007/7077/7077_texto_integral.doc", "ementa": "Solicitando \u00e0 ACIG, revis\u00e3o da decis\u00e3o da n\u00e3o realiza\u00e7\u00e3o de sorteios em datas especiais do com\u00e9rcio."}, {"id": "7078", "ano": "2007", "numero": "480", "tipo__sigla": "REQ", "tipo__descricao": "Requerimento", "autoria": "MARCOS LOPES MIRANDA", "texto_original": "http://sapl.garca.sp.leg.br/media/./sapl/public/materialegislativa/2007/7078/7078_texto_integral.doc", "ementa": "Solicitando do Prefeito informa\u00e7\u00f5es sobre a situa\u00e7\u00e3o contratual dos atuais agentes comunit\u00e1rios"}, {"id": "7079", "ano": "2007", "numero": "481", "tipo__sigla": "REQ", "tipo__descricao": "Requerimento", "autoria": "CORN\u00c9LIO C\u00c9ZAR KEMP MARCONDES", "texto_original": "http://sapl.garca.sp.leg.br/media/./sapl/public/materialegislativa/2007/7079/7079_texto_integral.doc", "ementa": "Solicitando do Prefeito informa\u00e7\u00f5es acerca de indaga\u00e7\u00f5es apresentadas na Tribuna Livre, da C\u00e2mara Municipal de Gar\u00e7a, pelo Prof. S\u00e9rgio de St\u00e9fani, dispondo sobre a municipaliza\u00e7\u00e3o do ensino no Munic\u00edpio."}, {"id": "7080", "ano": "2007", "numero": "482", "tipo__sigla": "REQ", "tipo__descricao": "Requerimento", "autoria": "CORN\u00c9LIO C\u00c9ZAR KEMP MARCONDES", "texto_original": "http://sapl.garca.sp.leg.br/media/./sapl/public/materialegislativa/2007/7080/7080_texto_integral.doc", "ementa": "Solicitando do Prefeito informa\u00e7\u00f5es sobre eventual altera\u00e7\u00e3o do hor\u00e1rio de funcionamento das \"lan houses\" do Munic\u00edpio."}, {"id": "7081", "ano": "2007", "numero": "483", "tipo__sigla": "REQ", "tipo__descricao": "Requerimento", "autoria": "WILSON ALVES (VI)", "texto_original": "http://sapl.garca.sp.leg.br/media/./sapl/public/materialegislativa/2007/7081/7081_texto_integral.doc", "ementa": "Solicitando do Prefeito informa\u00e7\u00f5es sobre a adequa\u00e7\u00e3o dos servi\u00e7os cont\u00e1beis da administra\u00e7\u00e3o municipal \u00e0s exig\u00eancias do Tribunal de Contas do Estado de S\u00e3o Paulo com rela\u00e7\u00e3o ao Projeto Audesp."}, {"id": "7082", "ano": "2007", "numero": "484", "tipo__sigla": "REQ", "tipo__descricao": "Requerimento", "autoria": "WILSON ALVES (VI)", "texto_original": "http://sapl.garca.sp.leg.br/media/./sapl/public/materialegislativa/2007/7082/7082_texto_integral.doc", "ementa": "Solicitando do Prefeito informa\u00e7\u00f5es sobre constru\u00e7\u00e3o de bols\u00f5es para estacionamento de motos e bicicletas na Av. Dr. Labieno da Costa Machado, regi\u00e3o da \u00e1rea industrial."}, {"id": "7083", "ano": "2007", "numero": "485", "tipo__sigla": "REQ", "tipo__descricao": "Requerimento", "autoria": "MASSAO OGAWA", "texto_original": "http://sapl.garca.sp.leg.br/media/./sapl/public/materialegislativa/2007/7083/7083_texto_integral.doc", "ementa": "Solicitando do Prefeito informa\u00e7\u00f5es sobre constru\u00e7\u00e3o do cal\u00e7amento do passeio p\u00fablico em \u00e1rea do Munic\u00edpio na Av. Dr. Gast\u00e3o Vidigal, nas proximidades do n\u00ba. 320  e anexo ao ponto de \u00f4nibus circular."}, {"id": "7084", "ano": "2007", "numero": "486", "tipo__sigla": "REQ", "tipo__descricao": "Requerimento", "autoria": "MASSAO OGAWA", "texto_original": "http://sapl.garca.sp.leg.br/media/./sapl/public/materialegislativa/2007/7084/7084_texto_integral.doc", "ementa": "Solicitando do Prefeito informa\u00e7\u00f5es sobre realiza\u00e7\u00e3o de melhorias na Pra\u00e7a da \u00c1rvore."}, {"id": "7085", "ano": "2007", "numero": "487", "tipo__sigla": "REQ", "tipo__descricao": "Requerimento", "autoria": "MASSAO OGAWA", "texto_original": "http://sapl.garca.sp.leg.br/media/./sapl/public/materialegislativa/2007/7085/7085_texto_integral.doc", "ementa": "Solicitando do Prefeito informa\u00e7\u00f5es sobre a pavimenta\u00e7\u00e3o asf\u00e1ltica da Rua Sergipe, em sua \u00faltima quadra."}, {"id": "7086", "ano": "2007", "numero": "488", "tipo__sigla": "REQ", "tipo__descricao": "Requerimento", "autoria": "VALDEMAR ZIMIANI", "texto_original": "http://sapl.garca.sp.leg.br/media/./sapl/public/materialegislativa/2007/7086/7086_texto_integral.doc", "ementa": "Solicitando da 4\u00aa Cia. da Pol\u00edcia Militar de Gar\u00e7a o deslocamento de policiais para realiza\u00e7\u00e3o de ronda no hor\u00e1rio de sa\u00edda de alunos, no per\u00edodo noturno, na EE Prof\u00aa Norma M\u00f4nico Truzzi."}, {"id": "7087", "ano": "2007", "numero": "489", "tipo__sigla": "REQ", "tipo__descricao": "Requerimento", "autoria": "CORN\u00c9LIO C\u00c9ZAR KEMP MARCONDES", "texto_original": "http://sapl.garca.sp.leg.br/media/./sapl/public/materialegislativa/2007/7087/7087_texto_integral.doc", "ementa": "Solicitando do Prefeito informa\u00e7\u00f5es sobre eventual \"perda\" efetiva de recursos pelo Munic\u00edpio, nos \u00faltimos anos, pelo fato da n\u00e3o ades\u00e3o \u00e0 municipaliza\u00e7\u00e3o do setor de ensino."}, {"id": "7088", "ano": "2007", "numero": "490", "tipo__sigla": "REQ", "tipo__descricao": "Requerimento", "autoria": "CORN\u00c9LIO C\u00c9ZAR KEMP MARCONDES", "texto_original": "http://sapl.garca.sp.leg.br/media/./sapl/public/materialegislativa/2007/7088/7088_texto_integral.doc", "ementa": "Solicitando do Prefeito informa\u00e7\u00f5es sobre o motivo pelo qual se deu a municipaliza\u00e7\u00e3o da EE Dep. Manoel Joaquim Fernandes neste exerc\u00edcio."}, {"id": "7089", "ano": "2007", "numero": "491", "tipo__sigla": "REQ", "tipo__descricao": "Requerimento", "autoria": "CORN\u00c9LIO C\u00c9ZAR KEMP MARCONDES", "texto_original": "http://sapl.garca.sp.leg.br/media/./sapl/public/materialegislativa/2007/7089/7089_texto_integral.doc", "ementa": "Solicitando do Minist\u00e9rio do Turismo gest\u00f5es visando \u00e0 celebra\u00e7\u00e3o de conv\u00eanio com o munic\u00edpio de Gar\u00e7a, para repasse de recursos financeiros para aplica\u00e7\u00e3o nas obras do Kart\u00f3dromo."}, {"id": "7090", "ano": "2007", "numero": "492", "tipo__sigla": "REQ", "tipo__descricao": "Requerimento", "autoria": "CORN\u00c9LIO C\u00c9ZAR KEMP MARCONDES", "texto_original": "http://sapl.garca.sp.leg.br/media/./sapl/public/materialegislativa/2007/7090/7090_texto_integral.doc", "ementa": "Solicitando da ACIG, deflagra\u00e7\u00e3o de campanha junto ao empresariado e contribuintes locais/pessoas f\u00edsicas, acerca da possibilidade de destina\u00e7\u00e3o de parte do imposto de renda devido, ao Fundo Nacional dos Direitos da Crian\u00e7a e do Adolescente."}, {"id": "7091", "ano": "2007", "numero": "493", "tipo__sigla": "REQ", "tipo__descricao": "Requerimento", "autoria": "ADAMIR MAUR\u00cdCIO DE BARROS", "texto_original": "http://sapl.garca.sp.leg.br/media/./sapl/public/materialegislativa/2007/7091/7091_texto_integral.doc", "ementa": "Solicitando do Prefeito informa\u00e7\u00f5es sobre a viabilidade de proceder a destina\u00e7\u00e3o de um local para abrigar o Gar\u00e7a Esporte Clube Feminino."}, {"id": "7092", "ano": "2007", "numero": "494", "tipo__sigla": "REQ", "tipo__descricao": "Requerimento", "autoria": "WILSON ALVES (VI)", "texto_original": "http://sapl.garca.sp.leg.br/media/./sapl/public/materialegislativa/2007/7092/7092_texto_integral.doc", "ementa": "Solicitando do Prefeito informa\u00e7\u00f5es sobre a utiliza\u00e7\u00e3o do \u00e1cido ac\u00e9tico, presente no vinagre, no combate \u00e0 dengue no Munic\u00edpio."}, {"id": "7093", "ano": "2007", "numero": "495", "tipo__sigla": "REQ", "tipo__descricao": "Requerimento", "autoria": "WILSON ALVES (VI)", "texto_original": "http://sapl.garca.sp.leg.br/media/./sapl/public/materialegislativa/2007/7093/7093_texto_integral.doc", "ementa": "Solicitando do Prefeito informa\u00e7\u00f5es sobre o cal\u00e7amento ou pavimenta\u00e7\u00e3o do trecho final da Rua Alagoas, aos fundos do im\u00f3vel de n\u00ba. 178 da Rua Armando Sales de Oliveira."}, {"id": "7094", "ano": "2007", "numero": "496", "tipo__sigla": "REQ", "tipo__descricao": "Requerimento", "autoria": "WILSON ALVES (VI)", "texto_original": "http://sapl.garca.sp.leg.br/media/./sapl/public/materialegislativa/2007/7094/7094_texto_integral.doc", "ementa": "Solicitando do Prefeito informa\u00e7\u00f5es sobre a reativa\u00e7\u00e3o de sala de gin\u00e1stica existente da USF do Bairro Rebelo."}, {"id": "7095", "ano": "2007", "numero": "497", "tipo__sigla": "REQ", "tipo__descricao": "Requerimento", "autoria": "WILSON ALVES (VI)", "texto_original": "http://sapl.garca.sp.leg.br/media/./sapl/public/materialegislativa/2007/7095/7095_texto_integral.doc", "ementa": "Solicitando do Saae, reparos em ondula\u00e7\u00e3o no leito carro\u00e7\u00e1vel da Rua Vit\u00f3ria, altura dos n\u00ba.s 841 e 842."}, {"id": "7096", "ano": "2007", "numero": "498", "tipo__sigla": "REQ", "tipo__descricao": "Requerimento", "autoria": "WILSON ALVES (VI)", "texto_original": "http://sapl.garca.sp.leg.br/media/./sapl/public/materialegislativa/2007/7096/7096_texto_integral.doc", "ementa": "Solicitando do Prefeito informa\u00e7\u00f5es sobre a inclus\u00e3o da Pra\u00e7a Hilmar Machado de Oliveira na \u00e1rea abrangida pelo estacionamento rotativo de ve\u00edculos - \"Zona Azul\"."}, {"id": "7097", "ano": "2007", "numero": "499", "tipo__sigla": "REQ", "tipo__descricao": "Requerimento", "autoria": "CORN\u00c9LIO C\u00c9ZAR KEMP MARCONDES", "texto_original": "http://sapl.garca.sp.leg.br/media/./sapl/public/materialegislativa/2007/7097/7097_texto_integral.doc", "ementa": "Solicitando do Saae informa\u00e7\u00f5es sobre as precau\u00e7\u00f5es adotadas quanto \u00e0 preserva\u00e7\u00e3o de im\u00f3vel existente ao lado do local onde est\u00e1 sendo constru\u00eddo o novo reservat\u00f3rio da autarquia."}, {"id": "7098", "ano": "2007", "numero": "500", "tipo__sigla": "REQ", "tipo__descricao": "Requerimento", "autoria": "CORN\u00c9LIO C\u00c9ZAR KEMP MARCONDES", "texto_original": "http://sapl.garca.sp.leg.br/media/./sapl/public/materialegislativa/2007/7098/7098_texto_integral.doc", "ementa": "Solicitando do Prefeito informa\u00e7\u00f5es sobre a possibilidade de disponibiliza\u00e7\u00e3o de um local e celebra\u00e7\u00e3o de Termo de Conv\u00eanio com o Minist\u00e9rio do Trabalho, permitindo o recebimento de t\u00e9cnico(s) da referida pasta para realiza\u00e7\u00e3o de homologa\u00e7\u00f5es das rescis\u00f5es de contratos de trabalho, bem como seja realizada campanha de divulga\u00e7\u00e3o desse servi\u00e7o, caso seja novamente oferecido no Munic\u00edpio, atrav\u00e9s da imprensa local."}, {"id": "7099", "ano": "2007", "numero": "501", "tipo__sigla": "REQ", "tipo__descricao": "Requerimento", "autoria": "JOS\u00c9 MARIA PIOLA", "texto_original": "http://sapl.garca.sp.leg.br/media/./sapl/public/materialegislativa/2007/7099/7099_texto_integral.doc", "ementa": "Solicitando do Prefeito informa\u00e7\u00f5es sobre reivindica\u00e7\u00f5es feitas pelos taxitas do Terminal Rodovi\u00e1rio de Passageiros, no tocante \u00e0 instala\u00e7\u00e3o de um aparelho televisor, instala\u00e7\u00e3o de  estrutura el\u00e9trica necess\u00e1ria para a liga\u00e7\u00e3o e fixa\u00e7\u00e3o de mapas."}, {"id": "7100", "ano": "2007", "numero": "502", "tipo__sigla": "REQ", "tipo__descricao": "Requerimento", "autoria": "JOS\u00c9 MARIA PIOLA", "texto_original": "http://sapl.garca.sp.leg.br/media/./sapl/public/materialegislativa/2007/7100/7100_texto_integral.doc", "ementa": "Solicitando do DER - Assis, instala\u00e7\u00e3o de placas informando a nova denomina\u00e7\u00e3o da Rodovia que liga Gar\u00e7a ao Munic\u00edpio de \u00c1lvaro de Carvalho."}, {"id": "7101", "ano": "2007", "numero": "503", "tipo__sigla": "REQ", "tipo__descricao": "Requerimento", "autoria": "WILSON ALVES (VI)", "texto_original": "http://sapl.garca.sp.leg.br/media/./sapl/public/materialegislativa/2007/7101/7101_texto_integral.doc", "ementa": "Solicitando do Prefeito informa\u00e7\u00f5es sobre a anula\u00e7\u00e3o do processo seletivo para cargos do qadro funcional da Prefeitura Municipal de Gar\u00e7a."}, {"id": "7102", "ano": "2007", "numero": "504", "tipo__sigla": "REQ", "tipo__descricao": "Requerimento", "autoria": "SEBASTI\u00c3O TOLDATO GALEGO", "texto_original": "http://sapl.garca.sp.leg.br/media/./sapl/public/materialegislativa/2007/7102/7102_texto_integral.doc", "ementa": "Solicitando do Prefeito informa\u00e7\u00f5es sobre a constru\u00e7\u00e3o de uma pista de skate no distrito de Jafa."}, {"id": "7103", "ano": "2007", "numero": "505", "tipo__sigla": "REQ", "tipo__descricao": "Requerimento", "autoria": "SEBASTI\u00c3O TOLDATO GALEGO", "texto_original": "http://sapl.garca.sp.leg.br/media/./sapl/public/materialegislativa/2007/7103/7103_texto_integral.doc", "ementa": "Solicitando do Prefeito informa\u00e7\u00f5es sobre o local da constru\u00e7\u00e3o de pista de skate no Munic\u00edpio."}, {"id": "7104", "ano": "2007", "numero": "506", "tipo__sigla": "REQ", "tipo__descricao": "Requerimento", "autoria": "MARCOS LOPES MIRANDA", "texto_original": "http://sapl.garca.sp.leg.br/media/./sapl/public/materialegislativa/2007/7104/7104_texto_integral.doc", "ementa": "Solicitando do Prefeito informa\u00e7\u00f5es sobre medidas que est\u00e3o sendo/ser\u00e3o tomadas visando adequar-se \u00e0s exig\u00eancias atribu\u00eddas ao Munic\u00edpio pela Lei n\u00ba. 11.343/2006, que instituiu o Sistema nacional de Pol\u00edticas P\u00fablicas sobre Drogas - SISNAD."}, {"id": "7105", "ano": "2007", "numero": "507", "tipo__sigla": "REQ", "tipo__descricao": "Requerimento", "autoria": "WILSON ALVES (VI)", "texto_original": "http://sapl.garca.sp.leg.br/media/./sapl/public/materialegislativa/2007/7105/7105_texto_integral.doc", "ementa": "Solicitando do Prefeito e do Diretor Superintendente do SAAE informa\u00e7\u00f5es sobre os motivos que n\u00e3o houve a desafeta\u00e7\u00e3o e solicita\u00e7\u00e3o de autoriza\u00e7\u00e3o legislativa para a demoli\u00e7\u00e3o da oficina de manuten\u00e7\u00e3o de bombas e parte da garagem da Esta\u00e7\u00e3o de Tratamento de \u00c1gua da autarquia municipal (Rua Jo\u00e3o Bento), visando a constru\u00e7\u00e3o no local de um reservst\u00f3rio submerso."}, {"id": "7106", "ano": "2007", "numero": "508", "tipo__sigla": "REQ", "tipo__descricao": "Requerimento", "autoria": "ADAMIR MAUR\u00cdCIO DE BARROS", "texto_original": "http://sapl.garca.sp.leg.br/media/./sapl/public/materialegislativa/2007/7106/7106_texto_integral.doc", "ementa": "Solicitando da 4\u00aa Cia. da Pol\u00edcia Militar de Gar\u00e7a, ado\u00e7\u00e3o de medidas visando coibir o estacionamento de caminh\u00f5es em local proibido na rua Santos Dumont, entre as ruas Dep. manoel Joaquim Fernandes e Carlos Ferrari."}, {"id": "7107", "ano": "2007", "numero": "509", "tipo__sigla": "REQ", "tipo__descricao": "Requerimento", "autoria": "CORN\u00c9LIO C\u00c9ZAR KEMP MARCONDES", "texto_original": "http://sapl.garca.sp.leg.br/media/./sapl/public/materialegislativa/2007/7107/7107_texto_integral.doc", "ementa": "Solicitando do Ministro da Sa\u00fade a destina\u00e7\u00e3o de recursos \u00e0 Santa Casa de Miseric\u00f3rdia de Gar\u00e7a."}, {"id": "7108", "ano": "2007", "numero": "510", "tipo__sigla": "REQ", "tipo__descricao": "Requerimento", "autoria": "JOS\u00c9 MARIA PIOLA", "texto_original": "http://sapl.garca.sp.leg.br/media/./sapl/public/materialegislativa/2007/7108/7108_texto_integral.doc", "ementa": "Solicitando do Prefeito informa\u00e7\u00f5es sobre a municipaliza\u00e7\u00e3o da EMEIF Prof\u00aa Cl\u00e1udia Maria Rodrigues Aronne."}, {"id": "7109", "ano": "2007", "numero": "511", "tipo__sigla": "REQ", "tipo__descricao": "Requerimento", "autoria": "JOS\u00c9 MARIA PIOLA", "texto_original": "http://sapl.garca.sp.leg.br/media/./sapl/public/materialegislativa/2007/7109/7109_texto_integral.doc", "ementa": "Solicitando do Dep. Estadual Jo\u00e3o Caramez gest\u00f5es junto aos \u00f3rg\u00e3os competentes do Governo Estadual, visando viabilizar o repasse de recursos para o Patronato Juvenil Garcense."}, {"id": "7110", "ano": "2007", "numero": "512", "tipo__sigla": "REQ", "tipo__descricao": "Requerimento", "autoria": "CORN\u00c9LIO C\u00c9ZAR KEMP MARCONDES", "texto_original": "http://sapl.garca.sp.leg.br/media/./sapl/public/materialegislativa/2007/7110/7110_texto_integral.doc", "ementa": "Solicitando da 4\u00aa Cia. da Pol\u00edcia Militar de Gar\u00e7a intensificar a fiscaliza\u00e7\u00e3o e ronda nas imedia\u00e7\u00f5es da Associa\u00e7\u00e3o Cultural e Educacional de Gar\u00e7a, mais precisamente nos locais onde constituem-se rep\u00fablicas estudantis."}, {"id": "7111", "ano": "2007", "numero": "513", "tipo__sigla": "REQ", "tipo__descricao": "Requerimento", "autoria": "CORN\u00c9LIO C\u00c9ZAR KEMP MARCONDES", "texto_original": "http://sapl.garca.sp.leg.br/media/./sapl/public/materialegislativa/2007/7111/7111_texto_integral.doc", "ementa": "Solicitando \u00e0 SPAIPA, representante regional dos produtos/marca Coca Cola em Mar\u00edlia, a inclus\u00e3o do Munic\u00edpio de Gar\u00e7a na \"Carreata de Natal Coca-Cola\", bem com o distrito de Jafa."}, {"id": "7112", "ano": "2007", "numero": "514", "tipo__sigla": "REQ", "tipo__descricao": "Requerimento", "autoria": "MASSAO OGAWA", "texto_original": "http://sapl.garca.sp.leg.br/media/./sapl/public/materialegislativa/2007/7112/7112_texto_integral.doc", "ementa": "Solicitando da 4\u00aa Cia. da Pol\u00edcia Militar de Gar\u00e7a, intensifica\u00e7\u00e3o na ronda policial na regi\u00e3o central do Munic\u00edpio, no per\u00edodo em que se efetuar a abertura do com\u00e9rcio no per\u00edodo noturno, neste final de ano."}, {"id": "7113", "ano": "2007", "numero": "515", "tipo__sigla": "REQ", "tipo__descricao": "Requerimento", "autoria": "WILSON ALVES (VI)", "texto_original": "http://sapl.garca.sp.leg.br/media/./sapl/public/materialegislativa/2007/7113/7113_texto_integral.doc", "ementa": "Solicitando do Prefeito informa\u00e7\u00f5es sobre melhoria ou reformula\u00e7\u00e3o de cabine telef\u00f4nica instalada na Pra\u00e7a Pedro de Toledo"}, {"id": "7114", "ano": "2007", "numero": "516", "tipo__sigla": "REQ", "tipo__descricao": "Requerimento", "autoria": "MASSAO OGAWA", "texto_original": "http://sapl.garca.sp.leg.br/media/./sapl/public/materialegislativa/2007/7114/7114_texto_integral.doc", "ementa": "Solicitando do Prefeito informa\u00e7\u00f5es sobre instala\u00e7\u00e3o de ilumina\u00e7\u00e3o central na Av. Dr. Labieno da Costa Machado, na altura do distrito industrial, onde a via est\u00e1 sendo duplicada."}, {"id": "7115", "ano": "2007", "numero": "517", "tipo__sigla": "REQ", "tipo__descricao": "Requerimento", "autoria": "MASSAO OGAWA", "texto_original": "http://sapl.garca.sp.leg.br/media/./sapl/public/materialegislativa/2007/7115/7115_texto_integral.doc", "ementa": "Solicitando da CPFL substitui\u00e7\u00e3o de l\u00e2mpada que encontra-se queimada na Rua Minas Gerais, altura do n\u00ba. 777, bem como indagando a possibilidade dos funcion\u00e1rios plantonistas circularem pelas ruas da cidade com a finalidade de solucionar este tipo de problema o sistemas com defeitos."}, {"id": "7116", "ano": "2007", "numero": "518", "tipo__sigla": "REQ", "tipo__descricao": "Requerimento", "autoria": "CORN\u00c9LIO C\u00c9ZAR KEMP MARCONDES", "texto_original": "http://sapl.garca.sp.leg.br/media/./sapl/public/materialegislativa/2007/7116/7116_texto_integral.doc", "ementa": "Solicitando a autoridades estaduais intensifica\u00e7\u00e3o e agiliza\u00e7\u00e3o de implementa\u00e7\u00e3o de medidas que efetivamente resguardem a economia do Estado, principalmente no tocante \u00e0 guerra fiscal."}, {"id": "7117", "ano": "2007", "numero": "519", "tipo__sigla": "REQ", "tipo__descricao": "Requerimento", "autoria": "CORN\u00c9LIO C\u00c9ZAR KEMP MARCONDES", "texto_original": "http://sapl.garca.sp.leg.br/media/./sapl/public/materialegislativa/2007/7117/7117_texto_integral.doc", "ementa": "Solicitando do Banco Ita\u00fa - ag\u00eancia local, instala\u00e7\u00e3o de caixa(s) autom\u00e1tico(s) nas proximidades do distrito industrial e/ou do Big Mart Centro de Compras."}, {"id": "7118", "ano": "2007", "numero": "520", "tipo__sigla": "REQ", "tipo__descricao": "Requerimento", "autoria": "CORN\u00c9LIO C\u00c9ZAR KEMP MARCONDES", "texto_original": "http://sapl.garca.sp.leg.br/media/./sapl/public/materialegislativa/2007/7118/7118_texto_integral.doc", "ementa": "Solicitando do SAAE realiza\u00e7\u00e3o de obras de regulariza\u00e7\u00e3o do n\u00edvel da Rua Jo\u00e3o Bento, altura do cruzamento com a Rua Antenor Lara Campos, defronte a Esta\u00e7\u00e3o de Tratamento de \u00c1gua."}, {"id": "7119", "ano": "2007", "numero": "521", "tipo__sigla": "REQ", "tipo__descricao": "Requerimento", "autoria": "CORN\u00c9LIO C\u00c9ZAR KEMP MARCONDES", "texto_original": "http://sapl.garca.sp.leg.br/media/./sapl/public/materialegislativa/2007/7119/7119_texto_integral.doc", "ementa": "Solicitando do Prefeito informa\u00e7\u00f5es sobre eventual municipaliza\u00e7\u00e3o da EE Prof\u00aa Norma M\u00f5nico Truzzi."}, {"id": "7120", "ano": "2007", "numero": "522", "tipo__sigla": "REQ", "tipo__descricao": "Requerimento", "autoria": "MASSAO OGAWA", "texto_original": "http://sapl.garca.sp.leg.br/media/./sapl/public/materialegislativa/2007/7120/7120_texto_integral.doc", "ementa": "Solicitando do Prefeito informa\u00e7\u00f5es sobre erradica\u00e7\u00e3o e/ou substitui\u00e7\u00e3o de seringueira na Pra\u00e7a de Vila Salgueiro, situada entre as Ruas Gast\u00e3o Vidigal e Augusto Bosqueto."}, {"id": "7121", "ano": "2007", "numero": "523", "tipo__sigla": "REQ", "tipo__descricao": "Requerimento", "autoria": "CORN\u00c9LIO C\u00c9ZAR KEMP MARCONDES", "texto_original": "http://sapl.garca.sp.leg.br/media/./sapl/public/materialegislativa/2007/7121/7121_texto_integral.doc", "ementa": "Solicitando do Prefeito informa\u00e7\u00f5es sobre os suplentes das casas da CDHU do Jardim Sol Nascente."}, {"id": "7122", "ano": "2007", "numero": "524", "tipo__sigla": "REQ", "tipo__descricao": "Requerimento", "autoria": "CORN\u00c9LIO C\u00c9ZAR KEMP MARCONDES", "texto_original": "http://sapl.garca.sp.leg.br/media/./sapl/public/materialegislativa/2007/7122/7122_texto_integral.doc", "ementa": "Solicitando do Prefeito informa\u00e7\u00f5es sobre a possibilidade de inclus\u00e3o de mun\u00edcipe no grupo de catadores de material recicl\u00e1vel."}, {"id": "7123", "ano": "2007", "numero": "525", "tipo__sigla": "REQ", "tipo__descricao": "Requerimento", "autoria": "CORN\u00c9LIO C\u00c9ZAR KEMP MARCONDES", "texto_original": "http://sapl.garca.sp.leg.br/media/./sapl/public/materialegislativa/2007/7123/7123_texto_integral.doc", "ementa": "Solicitando do Prefeito informa\u00e7\u00f5es sobre a possibilidade de doa\u00e7\u00e3o de cesta b\u00e1sica \u00e0 mun\u00edcipe."}, {"id": "7124", "ano": "2007", "numero": "526", "tipo__sigla": "REQ", "tipo__descricao": "Requerimento", "autoria": "WILSON ALVES (VI)", "texto_original": "http://sapl.garca.sp.leg.br/media/./sapl/public/materialegislativa/2007/7124/7124_texto_integral.doc", "ementa": "Solicitando do SAAE informa\u00e7\u00f5es sobre a causa do acidente verificado, no \u00faltimo dia 04 de dezembro, com um funcion\u00e1rio na abertura de vala para coloca\u00e7\u00e3o de tubula\u00e7\u00e3o no Bairro Cascata."}, {"id": "7125", "ano": "2007", "numero": "527", "tipo__sigla": "REQ", "tipo__descricao": "Requerimento", "autoria": "JOS\u00c9 MARIA PIOLA", "texto_original": "http://sapl.garca.sp.leg.br/media/./sapl/public/materialegislativa/2007/7125/7125_texto_integral.doc", "ementa": "Solicitando do Prefeito informa\u00e7\u00f5es sobre a administra\u00e7\u00e3o do Kart\u00f3dromo Rafael 'I\u00e9' Marang\u00e3o."}, {"id": "7126", "ano": "2007", "numero": "528", "tipo__sigla": "REQ", "tipo__descricao": "Requerimento", "autoria": "ADAMIR MAUR\u00cdCIO DE BARROS", "texto_original": "http://sapl.garca.sp.leg.br/media/./sapl/public/materialegislativa/2007/7126/7126_texto_integral.doc", "ementa": "Solicitando do Governador do Estado de S\u00e3o Paulo a destina\u00e7\u00e3o de um ve\u00edculo tipo ambul\u00e2ncia, devidamente equipado, ao Conselho Municipal do Idoso do Munic\u00edpio"}, {"id": "2049", "ano": "2007", "numero": "1", "tipo__sigla": "SUB", "tipo__descricao": "Substitutivo", "autoria": "WILSON ALVES (VI)", "texto_original": "http://sapl.garca.sp.leg.br/media/sapl/public/materialegislativa/2007/2049/substitutivo_0001-2007.pdf", "ementa": "Substitutivo ao Projeto de Lei n\u00ba 108/2006, que institui no Calend\u00e1rio Oficial do Munic\u00edpio o \"Dia do Ma\u00e7om\", a ser comemorado anualmente no dia 20 de agosto."}, {"id": "2060", "ano": "2007", "numero": "1", "tipo__sigla": "VET", "tipo__descricao": "Veto", "autoria": "JOS\u00c9 ALCIDES FANECO", "texto_original": "http://sapl.garca.sp.leg.br/media/sapl/public/materialegislativa/2007/2060/veto_0001-2007.pdf", "ementa": "Veto Total ao Projeto de Lei n\u00ba. 88/2007, de autoria do Ver. Massao Ogawa, que altera a Lei Municipal n\u00ba. 3.726/2004, a qual estabelece crit\u00e9rios para a concess\u00e3o de bolsas de estudos para cursos universit\u00e1rios e d\u00e1 outras provid\u00eancias."}, {"id": "2061", "ano": "2007", "numero": "2", "tipo__sigla": "VET", "tipo__descricao": "Veto", "autoria": "JOS\u00c9 ALCIDES FANECO", "texto_original": "http://sapl.garca.sp.leg.br/media/sapl/public/materialegislativa/2007/2061/veto_0002-2007.pdf", "ementa": "Veto Total ao Projeto de Lei n\u00ba. 105/2007, de autoria do Ver. Marcos Lopes Miranda, revogando o artigo 2\u00ba da Lei n\u00ba 3.491/2001, que estabelece normas para a circula\u00e7\u00e3o de c\u00e3es nas vias p\u00fablicas e logradouros do Munic\u00edpio."}]}