{"id":8272,"__str__":"Requerimento n\u00ba 498 de 2009","link_detail_backend":"/materia/8272","metadata":{},"numero":498,"ano":2009,"numero_protocolo":25667,"data_apresentacao":"2009-11-23","tipo_apresentacao":"O","data_publicacao":"2009-11-23","numero_origem_externa":"","ano_origem_externa":null,"data_origem_externa":null,"apelido":"","dias_prazo":null,"data_fim_prazo":null,"em_tramitacao":true,"polemica":false,"objeto":"","complementar":false,"ementa":"Solicitando ao Deputado Estadual Conte Lopes, para que interceda em favor do Projeto de Lei Complementar n\u00ba 877/2000, em tr\u00e2mite na Assembl\u00e9ia Legislativa do Estado de S\u00e3o Paulo, que dentre outras provid\u00eancias cria a 3\u00aa Vara na Comarca de Gar\u00e7a.","indexacao":"","observacao":"","resultado":"","texto_original":"http://sapl.garca.sp.leg.br/media/sapl/public/materialegislativa/2009/8272/8272_texto_integral.doc","data_ultima_atualizacao":"2018-10-23T10:15:20.787193-03:00","ip":"","ultima_edicao":null,"tipo":3,"regime_tramitacao":7,"tipo_origem_externa":null,"local_origem_externa":null,"user":null,"anexadas":[],"autores":[60420]}