{"id":26786,"__str__":"Indica\u00e7\u00e3o n\u00ba 168 de 2009","link_detail_backend":"/materia/26786","metadata":{},"numero":168,"ano":2009,"numero_protocolo":23975,"data_apresentacao":"2009-03-02","tipo_apresentacao":"O","data_publicacao":"2009-03-02","numero_origem_externa":"","ano_origem_externa":null,"data_origem_externa":null,"apelido":"","dias_prazo":null,"data_fim_prazo":null,"em_tramitacao":false,"polemica":false,"objeto":"","complementar":false,"ementa":"Sugerindo a erradica\u00e7\u00e3o de pelo menos uma das duas \u00e1rvores existentes defronte o pr\u00e9dio que abriga a Sub-Congrega\u00e7\u00e3o da Igreja Evang\u00e9lica B\u00edblia em A\u00e7\u00e3o, na altura do n\u00ba. 245 da Rua Independ\u00eancia.","indexacao":"","observacao":"","resultado":"","texto_original":"http://sapl.garca.sp.leg.br/media/sapl/public/materialegislativa/2009/26786/26786_texto_integral.doc","data_ultima_atualizacao":"2018-10-23T10:15:29.236757-03:00","ip":"","ultima_edicao":null,"tipo":8,"regime_tramitacao":7,"tipo_origem_externa":null,"local_origem_externa":null,"user":null,"anexadas":[],"autores":[60420]}