{"id":19611,"__str__":"Indica\u00e7\u00e3o n\u00ba 356 de 1998","link_detail_backend":"/materia/19611","metadata":{},"numero":356,"ano":1998,"numero_protocolo":11697,"data_apresentacao":"1998-05-18","tipo_apresentacao":"O","data_publicacao":"1998-05-18","numero_origem_externa":"","ano_origem_externa":null,"data_origem_externa":null,"apelido":"","dias_prazo":null,"data_fim_prazo":null,"em_tramitacao":false,"polemica":false,"objeto":"","complementar":false,"ementa":"Sugerindo a doa\u00e7\u00e3o de terreno localizado ao lado do Centro de Sa\u00fade II para a OAB-Gar\u00e7a construir sua sede pr\u00f3pria.","indexacao":"","observacao":"","resultado":"","texto_original":null,"data_ultima_atualizacao":"2018-10-23T10:14:22.683436-03:00","ip":"","ultima_edicao":null,"tipo":8,"regime_tramitacao":7,"tipo_origem_externa":null,"local_origem_externa":null,"user":null,"anexadas":[],"autores":[60937]}