{"id":173,"__str__":"Projeto de Lei Ordin\u00e1ria n\u00ba 17 de 2006","link_detail_backend":"/materia/173","metadata":{},"numero":17,"ano":2006,"numero_protocolo":17151,"data_apresentacao":"2006-03-13","tipo_apresentacao":"O","data_publicacao":"2006-03-13","numero_origem_externa":"","ano_origem_externa":null,"data_origem_externa":null,"apelido":"","dias_prazo":null,"data_fim_prazo":null,"em_tramitacao":false,"polemica":false,"objeto":"","complementar":false,"ementa":"Institui, no Calend\u00e1rio Oficial do Munic\u00edpio  de Gar\u00e7a, o \"DIA DO VICENTINO\", a ser comemorado anualmente no dia 27 de setembro.","indexacao":"","observacao":"","resultado":"","texto_original":null,"data_ultima_atualizacao":"2018-10-23T10:14:19.354387-03:00","ip":"","ultima_edicao":null,"tipo":1,"regime_tramitacao":1,"tipo_origem_externa":null,"local_origem_externa":null,"user":null,"anexadas":[],"autores":[1,60937,62551,66433]}