{"id":15131,"__str__":"Requerimento n\u00ba 1002 de 2015","link_detail_backend":"/materia/15131","metadata":{},"numero":1002,"ano":2015,"numero_protocolo":44740,"data_apresentacao":"2015-10-26","tipo_apresentacao":"O","data_publicacao":"2015-10-26","numero_origem_externa":"","ano_origem_externa":null,"data_origem_externa":null,"apelido":"","dias_prazo":null,"data_fim_prazo":null,"em_tramitacao":false,"polemica":false,"objeto":"","complementar":false,"ementa":"Solicitando ao Dr. Richard Fabr\u00edcio Messas, Promotor de Justi\u00e7a da 1\u00aa PJ da Comarca de Gar\u00e7a, para que forne\u00e7a ao Poder Legislativo de Gar\u00e7a, eventual rela\u00e7\u00e3o de todos os Termos de Ajustamento de Conduta (TAC) firmados com o Munic\u00edpio de Gar\u00e7a e que se encontram em vigor ou mesmo pendentes de homologa\u00e7\u00e3o, franqueando a extra\u00e7\u00e3o de c\u00f3pias dos mesmos.","indexacao":"","observacao":"","resultado":"","texto_original":"http://sapl.garca.sp.leg.br/media/sapl/public/materialegislativa/2015/15131/15131_texto_integral.doc","data_ultima_atualizacao":"2018-10-23T10:15:30.380735-03:00","ip":"","ultima_edicao":null,"tipo":3,"regime_tramitacao":1,"tipo_origem_externa":null,"local_origem_externa":null,"user":null,"anexadas":[],"autores":[5]}