{"id":116071,"__str__":"Requerimento n\u00ba 489 de 2026","link_detail_backend":"/materia/116071","metadata":{"signs":{"texto_original":{"admin":[],"autores":[["Jose Pedro dos Santos Soares",["2026-04-16T14:34:53-03:00","ICP-Brasil"]]]}}},"numero":489,"ano":2026,"numero_protocolo":933,"data_apresentacao":"2026-04-22","tipo_apresentacao":"","data_publicacao":null,"numero_origem_externa":"","ano_origem_externa":null,"data_origem_externa":null,"apelido":"","dias_prazo":null,"data_fim_prazo":null,"em_tramitacao":true,"polemica":false,"objeto":"","complementar":false,"ementa":"Solicitando informa\u00e7\u00f5es \u00e0 Secretaria Municipal de Educa\u00e7\u00e3o e \u00e0 Diretoria de Ensino \u2013 Regi\u00e3o de Mar\u00edlia sobre o levantamento de demanda de alunos que necessitam de \u00f3culos e ainda n\u00e3o os utilizam.","indexacao":"","observacao":"","resultado":"","texto_original":"http://sapl.garca.sp.leg.br/media/sapl/public/materialegislativa/2026/116071/reqts_2026-0489.pdf","data_ultima_atualizacao":"2026-04-23T15:15:39.792631-03:00","ip":"201.62.68.143","ultima_edicao":"2026-04-16T14:38:19.464156-03:00","tipo":3,"regime_tramitacao":1,"tipo_origem_externa":null,"local_origem_externa":null,"user":77,"anexadas":[],"autores":[34]}