{"id":115362,"__str__":"Requerimento n\u00ba 98 de 2026","link_detail_backend":"/materia/115362","metadata":{"signs":{"texto_original":{"admin":[],"autores":[["Paulo Andre Bertone Faneco",["2026-02-11T15:37:12-03:00","ICP-Brasil"]]]}}},"numero":98,"ano":2026,"numero_protocolo":197,"data_apresentacao":"2026-02-19","tipo_apresentacao":"","data_publicacao":null,"numero_origem_externa":"","ano_origem_externa":null,"data_origem_externa":null,"apelido":"","dias_prazo":null,"data_fim_prazo":null,"em_tramitacao":true,"polemica":false,"objeto":"","complementar":false,"ementa":"Voto de Congratula\u00e7\u00f5es e Aplausos ao Deputado Estadual L\u00e9o Siqueira pela destina\u00e7\u00e3o de recursos ao munic\u00edpio e solicita\u00e7\u00e3o de nova emenda.","indexacao":"","observacao":"","resultado":"","texto_original":"http://sapl.garca.sp.leg.br/media/sapl/public/materialegislativa/2026/115362/reqts_2026-0098.pdf","data_ultima_atualizacao":"2026-02-20T08:22:21.948321-03:00","ip":"201.62.68.143","ultima_edicao":"2026-02-11T15:52:32.050395-03:00","tipo":3,"regime_tramitacao":1,"tipo_origem_externa":null,"local_origem_externa":null,"user":77,"anexadas":[],"autores":[10]}