{"id":115222,"__str__":"Requerimento n\u00ba 8 de 2026","link_detail_backend":"/materia/115222","metadata":{"signs":{"texto_original":{"admin":[],"autores":[["Adhemar Kemp Marcondes de Moura Filho",["2026-01-27T10:22:11-03:00","ICP-Brasil"]],["Elaine de Oliveira Candido",["2026-01-27T10:22:04-03:00","ICP-Brasil"]],["Marcelo Guimaraes Miranda",["2026-01-27T10:21:56-03:00","ICP-Brasil"]],["Rubens Claudio Siqueira Neri",["2026-01-27T10:20:57-03:00","ICP-Brasil"]]]}}},"numero":8,"ano":2026,"numero_protocolo":50,"data_apresentacao":"2026-02-02","tipo_apresentacao":"","data_publicacao":null,"numero_origem_externa":"","ano_origem_externa":null,"data_origem_externa":null,"apelido":"","dias_prazo":null,"data_fim_prazo":null,"em_tramitacao":true,"polemica":false,"objeto":"","complementar":false,"ementa":"Solicitando ao prefeito informa\u00e7\u00f5es sobre a regulamenta\u00e7\u00e3o municipal da Lei Complementar Federal n\u00ba 226/2026 e o reconhecimento do tempo de servi\u00e7o dos servidores durante a pandemia.","indexacao":"","observacao":"","resultado":"","texto_original":"http://sapl.garca.sp.leg.br/media/sapl/public/materialegislativa/2026/115222/reqts_2026-0008.pdf","data_ultima_atualizacao":"2026-02-03T08:26:52.911811-03:00","ip":"201.62.68.143","ultima_edicao":"2026-01-27T10:24:32.380688-03:00","tipo":3,"regime_tramitacao":1,"tipo_origem_externa":null,"local_origem_externa":null,"user":77,"anexadas":[115544],"autores":[122756,122760,122757,122787]}