{"id":115187,"__str__":"Requerimento n\u00ba 1448 de 2025","link_detail_backend":"/materia/115187","metadata":{"signs":{"texto_original":{"admin":[],"autores":[["Leandro Marino",["2025-12-11T10:18:07-03:00","ICP-Brasil"]]]}}},"numero":1448,"ano":2025,"numero_protocolo":3104,"data_apresentacao":"2025-12-15","tipo_apresentacao":"","data_publicacao":null,"numero_origem_externa":"","ano_origem_externa":null,"data_origem_externa":null,"apelido":"","dias_prazo":null,"data_fim_prazo":null,"em_tramitacao":true,"polemica":false,"objeto":"","complementar":false,"ementa":"Solicitando ao Prefeito informar quais crit\u00e9rios foram adotados para a escolha das ruas contempladas com a decora\u00e7\u00e3o natalina neste ano.","indexacao":"","observacao":"","resultado":"","texto_original":"http://sapl.garca.sp.leg.br/media/sapl/public/materialegislativa/2025/115187/reqts_2025-1448.pdf","data_ultima_atualizacao":"2025-12-16T08:47:19.614360-03:00","ip":"201.62.68.143","ultima_edicao":"2025-12-11T10:42:53.815839-03:00","tipo":3,"regime_tramitacao":1,"tipo_origem_externa":null,"local_origem_externa":null,"user":77,"anexadas":[115477],"autores":[122784]}