{"id":115083,"__str__":"Projeto de Lei Ordin\u00e1ria n\u00ba 99 de 2025","link_detail_backend":"/materia/115083","metadata":{"signs":{"texto_original":{"admin":[],"autores":[["Jose Alcides Faneco",["2025-11-27T16:03:49-03:00","ICP-Brasil"]]]}}},"numero":99,"ano":2025,"numero_protocolo":2994,"data_apresentacao":"2025-12-01","tipo_apresentacao":"","data_publicacao":null,"numero_origem_externa":"","ano_origem_externa":null,"data_origem_externa":null,"apelido":"","dias_prazo":null,"data_fim_prazo":null,"em_tramitacao":false,"polemica":false,"objeto":"","complementar":false,"ementa":"ALTERA A LEI MUNICIPAL N\u00ba 5.656, DE 02 DE ABRIL DE 2024, QUE INSTITUI A POL\u00cdTICA MUNICIPAL DE EDUCA\u00c7\u00c3O NAS ESCOLAS DE TEMPO INTEGRAL","indexacao":"","observacao":"","resultado":"","texto_original":"http://sapl.garca.sp.leg.br/media/sapl/public/materialegislativa/2025/115083/pl_99-2025.pdf","data_ultima_atualizacao":"2025-12-12T10:32:17.880939-03:00","ip":"201.62.68.143","ultima_edicao":"2025-11-27T16:14:00.002475-03:00","tipo":1,"regime_tramitacao":1,"tipo_origem_externa":null,"local_origem_externa":null,"user":77,"anexadas":[115084],"autores":[39]}