{"id":115062,"__str__":"Requerimento n\u00ba 1385 de 2025","link_detail_backend":"/materia/115062","metadata":{"signs":{"texto_original":{"admin":[],"autores":[["Adhemar Kemp Marcondes de Moura Filho",["2025-11-27T14:17:40-03:00","ICP-Brasil"]]]}}},"numero":1385,"ano":2025,"numero_protocolo":2973,"data_apresentacao":"2025-12-01","tipo_apresentacao":"","data_publicacao":null,"numero_origem_externa":"","ano_origem_externa":null,"data_origem_externa":null,"apelido":"","dias_prazo":null,"data_fim_prazo":null,"em_tramitacao":true,"polemica":false,"objeto":"","complementar":false,"ementa":"Solicitando ao prefeito informar a possibilidade de reajustar o valor do Vale-Alimenta\u00e7\u00e3o dos servidores p\u00fablicos municipais em 20% ou 30%.","indexacao":"","observacao":"","resultado":"","texto_original":"http://sapl.garca.sp.leg.br/media/sapl/public/materialegislativa/2025/115062/reqts_2025-1385.pdf","data_ultima_atualizacao":"2025-12-02T16:30:45.907138-03:00","ip":"201.62.68.143","ultima_edicao":"2025-11-27T14:26:56.179813-03:00","tipo":3,"regime_tramitacao":1,"tipo_origem_externa":null,"local_origem_externa":null,"user":77,"anexadas":[115339],"autores":[122756]}