{"id":113232,"__str__":"Requerimento n\u00ba 503 de 2025","link_detail_backend":"/materia/113232","metadata":{"signs":{"texto_original":{"admin":[],"autores":[["Manoel Frederico Abido Galdino de Carvalho",["2025-04-24T14:28:03-03:00","ICP-Brasil"]]]}}},"numero":503,"ano":2025,"numero_protocolo":1033,"data_apresentacao":"2025-04-28","tipo_apresentacao":"","data_publicacao":null,"numero_origem_externa":"","ano_origem_externa":null,"data_origem_externa":null,"apelido":"","dias_prazo":null,"data_fim_prazo":null,"em_tramitacao":false,"polemica":false,"objeto":"","complementar":false,"ementa":"Solicitando ao prefeito informar se h\u00e1 planos para a revitaliza\u00e7\u00e3o da Pra\u00e7a Pedro de Toledo, um dos espa\u00e7os p\u00fablicos mais tradicionais de Gar\u00e7a.","indexacao":"","observacao":"","resultado":"","texto_original":"http://sapl.garca.sp.leg.br/media/sapl/public/materialegislativa/2025/113232/reqts_2025-0503.pdf","data_ultima_atualizacao":"2025-09-02T09:20:23.107560-03:00","ip":"201.62.68.143","ultima_edicao":"2025-04-24T14:27:08.350937-03:00","tipo":3,"regime_tramitacao":1,"tipo_origem_externa":null,"local_origem_externa":null,"user":77,"anexadas":[113584],"autores":[62864]}