{"id":111579,"__str__":"Requerimento n\u00ba 468 de 2024","link_detail_backend":"/materia/111579","metadata":{"signs":{"texto_original":{"admin":[],"autores":[["Antonio Franco dos Santos",["2024-06-06T09:42:14-03:00","ICP-Brasil"]]]}}},"numero":468,"ano":2024,"numero_protocolo":1199,"data_apresentacao":"2024-06-10","tipo_apresentacao":"","data_publicacao":null,"numero_origem_externa":"","ano_origem_externa":null,"data_origem_externa":null,"apelido":"","dias_prazo":null,"data_fim_prazo":null,"em_tramitacao":false,"polemica":false,"objeto":"","complementar":false,"ementa":"Solicitando que seja convocado o Diretor do Departamento de Transportes da Secretaria Municipal de Sa\u00fade, Sr. Valdir da Silva J\u00fanior, para que compare\u00e7a na 20\u00aa Sess\u00e3o Ordin\u00e1ria a ser realizada no dia 17 de junho de 2024, a partir das 17h15 para que preste esclarecimentos sobre os trabalhos no setor de ambul\u00e2ncias.","indexacao":"","observacao":"","resultado":"","texto_original":"http://sapl.garca.sp.leg.br/media/sapl/public/materialegislativa/2024/111579/reqts_2024-0468.pdf","data_ultima_atualizacao":"2024-07-03T10:14:13.647908-03:00","ip":"201.62.68.143","ultima_edicao":"2024-06-06T09:48:12.672495-03:00","tipo":3,"regime_tramitacao":1,"tipo_origem_externa":null,"local_origem_externa":null,"user":77,"anexadas":[111705],"autores":[8]}