{"id":111428,"__str__":"Requerimento n\u00ba 389 de 2024","link_detail_backend":"/materia/111428","metadata":{"signs":{"texto_original":{"admin":[],"autores":[["Fabio Jose Polisinani",["2024-05-09T09:32:02-03:00","ICP-Brasil"]]]}}},"numero":389,"ano":2024,"numero_protocolo":1025,"data_apresentacao":"2024-05-13","tipo_apresentacao":"","data_publicacao":null,"numero_origem_externa":"","ano_origem_externa":null,"data_origem_externa":null,"apelido":"","dias_prazo":null,"data_fim_prazo":null,"em_tramitacao":false,"polemica":false,"objeto":"","complementar":false,"ementa":"Solicitando ao Prefeito informa\u00e7\u00f5es em rela\u00e7\u00e3o \u00e0 viatura do SAMU.","indexacao":"","observacao":"","resultado":"","texto_original":"http://sapl.garca.sp.leg.br/media/sapl/public/materialegislativa/2024/111428/reqts_2024-0389.pdf","data_ultima_atualizacao":"2024-07-03T10:14:04.813113-03:00","ip":"201.62.68.143","ultima_edicao":"2024-05-09T09:33:30.328619-03:00","tipo":3,"regime_tramitacao":1,"tipo_origem_externa":null,"local_origem_externa":null,"user":77,"anexadas":[111597],"autores":[29]}