{"id":110725,"__str__":"Requerimento n\u00ba 104 de 2024","link_detail_backend":"/materia/110725","metadata":{"signs":{"texto_original":{"admin":[],"autores":[["Jose Pedro dos Santos Soares",["2024-02-22T14:01:40-03:00","ICP-Brasil"]]]}}},"numero":104,"ano":2024,"numero_protocolo":265,"data_apresentacao":"2024-02-26","tipo_apresentacao":"","data_publicacao":null,"numero_origem_externa":"","ano_origem_externa":null,"data_origem_externa":null,"apelido":"","dias_prazo":null,"data_fim_prazo":null,"em_tramitacao":true,"polemica":false,"objeto":"","complementar":false,"ementa":"Solicitando \u00e0 dire\u00e7\u00e3o das escolas municipais: EMEF MANOEL JOAQUIM FERNANDES, EMEF PROF. EDSON JOSE PUGA, EMEF PROF. JO\u00c3O CRIS\u00d3STOMO, EMEF PROF\u00aa MARIA DO CARMO POMPEU CASTRO, EMEF PROF\u00aa NORMA M\u00d4NICO TRUZZI, EMEF PROF\u00aa ORANE AVELINODESOUZA, EMEI GARCAF\u00c9, EMEI IRM\u00c3 MARIA SOFIE BARAT BOSCHER, EMEI MARIAJOSEFA AGUILAR ZIMIANI \u2013 JAFA, EMEI PROF\u00aa. DINALVA PERONSARAIVA, EMEI PROF\u00aa. ENEDINA GARRIDO LUCCHIARI, EMEI PROF\u00aa. MARIA HELENA SANTOS MIRANDA, EMEI VICTOR HUGO GUANAES DE FREITAS informarem se est\u00e1 em falta no quadro de funcion\u00e1rios as seguintes fun\u00e7\u00f5es: merendeiras, auxiliar de cozinha, pajem, monitor escolar e servi\u00e7os gerais","indexacao":"","observacao":"","resultado":"","texto_original":"http://sapl.garca.sp.leg.br/media/sapl/public/materialegislativa/2024/110725/reqts_2024-0104.pdf","data_ultima_atualizacao":"2024-03-12T08:20:23.299083-03:00","ip":"201.62.68.143","ultima_edicao":"2024-02-22T14:24:00.338602-03:00","tipo":3,"regime_tramitacao":1,"tipo_origem_externa":null,"local_origem_externa":null,"user":77,"anexadas":[],"autores":[34]}