{"id":110724,"__str__":"Requerimento n\u00ba 103 de 2024","link_detail_backend":"/materia/110724","metadata":{"signs":{"texto_original":{"admin":[],"autores":[["Jose Pedro dos Santos Soares",["2024-02-22T14:01:16-03:00","ICP-Brasil"]]]}}},"numero":103,"ano":2024,"numero_protocolo":264,"data_apresentacao":"2024-02-26","tipo_apresentacao":"","data_publicacao":null,"numero_origem_externa":"","ano_origem_externa":null,"data_origem_externa":null,"apelido":"","dias_prazo":null,"data_fim_prazo":null,"em_tramitacao":false,"polemica":false,"objeto":"","complementar":false,"ementa":"Solicitando ao prefeito informar a possibilidade de realizar alguma medida paliativa, enquanto n\u00e3o se resolve de forma definitiva o problema da ilumina\u00e7\u00e3o no recinto da feira livre, visando garantir a seguran\u00e7a dos pedestres e moradores das adjac\u00eancias.","indexacao":"","observacao":"","resultado":"","texto_original":"http://sapl.garca.sp.leg.br/media/sapl/public/materialegislativa/2024/110724/reqts_2024-0103.pdf","data_ultima_atualizacao":"2024-07-03T10:13:33.729573-03:00","ip":"201.62.68.143","ultima_edicao":"2024-02-22T14:21:35.815595-03:00","tipo":3,"regime_tramitacao":1,"tipo_origem_externa":null,"local_origem_externa":null,"user":77,"anexadas":[111105],"autores":[34]}