{"id":109170,"__str__":"Projeto de Decreto Legislativo n\u00ba 8 de 2023","link_detail_backend":"/materia/109170","metadata":{"signs":{"texto_original":{"admin":[],"autores":[["Jose Pedro dos Santos Soares",["2023-06-12T16:13:38-03:00","ICP-Brasil"]]]}}},"numero":8,"ano":2023,"numero_protocolo":1311,"data_apresentacao":"2023-06-19","tipo_apresentacao":"","data_publicacao":null,"numero_origem_externa":"","ano_origem_externa":null,"data_origem_externa":null,"apelido":"","dias_prazo":null,"data_fim_prazo":null,"em_tramitacao":false,"polemica":false,"objeto":"","complementar":false,"ementa":"DISP\u00d5E SOBRE A SUSTA\u00c7\u00c3O DO ART. 32 DO DECRETO N\u00ba 9.794, DE 30 DE MAIO DE 2023, QUE DISP\u00d5E SOBRE A REGULAMENTA\u00c7\u00c3O DO CONTROLE DE JORNADA DE TRABALHO, AUS\u00caNCIAS E CONCESS\u00d5ES ESTABELECIDAS PELA LEI MUNICIPAL N\u00ba\u00a02.680\u00a0DE 1991, NO \u00c2MBITO DA PREFEITURA MUNICIPAL","indexacao":"","observacao":"","resultado":"","texto_original":"http://sapl.garca.sp.leg.br/media/sapl/public/materialegislativa/2023/109170/pdl_08-2023.pdf","data_ultima_atualizacao":"2023-12-12T17:02:19.643007-03:00","ip":"201.62.68.143","ultima_edicao":"2023-06-13T09:40:30.749397-03:00","tipo":6,"regime_tramitacao":1,"tipo_origem_externa":null,"local_origem_externa":null,"user":77,"anexadas":[],"autores":[34]}