{"id":107240,"__str__":"Requerimento n\u00ba 669 de 2022","link_detail_backend":"/materia/107240","metadata":{},"numero":669,"ano":2022,"numero_protocolo":1566,"data_apresentacao":"2022-08-22","tipo_apresentacao":"","data_publicacao":null,"numero_origem_externa":"","ano_origem_externa":null,"data_origem_externa":null,"apelido":"","dias_prazo":null,"data_fim_prazo":null,"em_tramitacao":false,"polemica":false,"objeto":"","complementar":false,"ementa":"Solicitando ao Presidente da Comiss\u00e3o Parlamentar de Inqu\u00e9rito n\u00ba 02/2021, instaurada objetivando apurar poss\u00edveis irregularidades na gest\u00e3o e manejo dos g\u00eaneros aliment\u00edcios da merenda escolar, durante a situa\u00e7\u00e3o de emerg\u00eancia de sa\u00fade p\u00fablica decorrente do novo Coronav\u00edrus (COVID-19), solicitando informar como est\u00e1 o andamento da CPI.","indexacao":"","observacao":"","resultado":"","texto_original":"http://sapl.garca.sp.leg.br/media/sapl/public/materialegislativa/2022/107240/reqts_2022-0669.pdf","data_ultima_atualizacao":"2022-09-13T09:56:55.529664-03:00","ip":"201.62.68.143","ultima_edicao":"2022-08-18T16:58:36.798568-03:00","tipo":3,"regime_tramitacao":1,"tipo_origem_externa":null,"local_origem_externa":null,"user":77,"anexadas":[],"autores":[122756]}