{"id":106625,"__str__":"Requerimento n\u00ba 392 de 2022","link_detail_backend":"/materia/106625","metadata":{},"numero":392,"ano":2022,"numero_protocolo":894,"data_apresentacao":"2022-05-16","tipo_apresentacao":"","data_publicacao":null,"numero_origem_externa":"","ano_origem_externa":null,"data_origem_externa":null,"apelido":"","dias_prazo":null,"data_fim_prazo":null,"em_tramitacao":true,"polemica":false,"objeto":"","complementar":false,"ementa":"Solicitando ao Exmo. Deputado Estadual Campos Machado, solicitando vossos valorosos pr\u00e9stimos no sentido de pleitear junto aos \u00f3rg\u00e3os competentes estaduais a disponibiliza\u00e7\u00e3o de leitos de pediatria no Hospital S\u00e3o Lucas, trazendo para nosso munic\u00edpio a Programa\u00e7\u00e3o Pactuada e Integrada da Assist\u00eancia em Sa\u00fade do Sistema \u00danico de Sa\u00fade","indexacao":"","observacao":"","resultado":"","texto_original":"http://sapl.garca.sp.leg.br/media/sapl/public/materialegislativa/2022/106625/reqts_2022-0392.pdf","data_ultima_atualizacao":"2022-05-17T09:06:38.703581-03:00","ip":"201.62.68.143","ultima_edicao":"2022-05-12T15:25:09.674697-03:00","tipo":3,"regime_tramitacao":1,"tipo_origem_externa":null,"local_origem_externa":null,"user":77,"anexadas":[],"autores":[62864]}