{"id":105845,"__str__":"Requerimento n\u00ba 7 de 2022","link_detail_backend":"/materia/105845","metadata":{},"numero":7,"ano":2022,"numero_protocolo":45,"data_apresentacao":"2022-02-07","tipo_apresentacao":"","data_publicacao":null,"numero_origem_externa":"","ano_origem_externa":null,"data_origem_externa":null,"apelido":"","dias_prazo":null,"data_fim_prazo":null,"em_tramitacao":false,"polemica":false,"objeto":"","complementar":false,"ementa":"Solicitando ao Prefeito informa\u00e7\u00f5es sobre a distribui\u00e7\u00e3o de fralda geri\u00e1trica na rede municipal de sa\u00fade","indexacao":"","observacao":"","resultado":"","texto_original":"http://sapl.garca.sp.leg.br/media/sapl/public/materialegislativa/2022/105845/reqts_2022-0007.pdf","data_ultima_atualizacao":"2023-03-07T09:29:23.010540-03:00","ip":"201.62.68.143","ultima_edicao":"2022-01-31T16:32:52.977256-03:00","tipo":3,"regime_tramitacao":1,"tipo_origem_externa":null,"local_origem_externa":null,"user":77,"anexadas":[],"autores":[34]}