{"id":104989,"__str__":"Requerimento n\u00ba 647 de 2021","link_detail_backend":"/materia/104989","metadata":{},"numero":647,"ano":2021,"numero_protocolo":1145,"data_apresentacao":"2021-06-07","tipo_apresentacao":"E","data_publicacao":null,"numero_origem_externa":"","ano_origem_externa":null,"data_origem_externa":null,"apelido":"","dias_prazo":null,"data_fim_prazo":null,"em_tramitacao":false,"polemica":false,"objeto":"","complementar":false,"ementa":"Solicitando ao Deputado Estadual Campos Machado, que efetue gest\u00f5es junto ao Governo Estadual, visando a libera\u00e7\u00e3o de emenda parlamentar no valor de R$ 300.000,00 (trezentos mil reais) destinada ao custeio da \u00e1rea de sa\u00fade de nosso munic\u00edpio.","indexacao":"","observacao":"","resultado":"","texto_original":"http://sapl.garca.sp.leg.br/media/sapl/public/materialegislativa/2021/104989/reqts_2021-0647.pdf","data_ultima_atualizacao":"2021-08-17T15:08:48.645018-03:00","ip":"201.62.68.143","ultima_edicao":"2021-06-01T14:20:14.573263-03:00","tipo":3,"regime_tramitacao":1,"tipo_origem_externa":null,"local_origem_externa":null,"user":77,"anexadas":[],"autores":[62864]}