{"id":104902,"__str__":"Requerimento n\u00ba 578 de 2021","link_detail_backend":"/materia/104902","metadata":{},"numero":578,"ano":2021,"numero_protocolo":1045,"data_apresentacao":"2021-05-24","tipo_apresentacao":"E","data_publicacao":null,"numero_origem_externa":"","ano_origem_externa":null,"data_origem_externa":null,"apelido":"","dias_prazo":null,"data_fim_prazo":null,"em_tramitacao":false,"polemica":false,"objeto":"","complementar":false,"ementa":"Solicitando ao Governador do Estado de S\u00e3o Paulo estudar a possibilidade de incluir como prioridade no cronograma de vacina\u00e7\u00e3o da Covid-19 as crian\u00e7as portadoras de defici\u00eancia f\u00edsica (PCD).","indexacao":"","observacao":"","resultado":"","texto_original":"http://sapl.garca.sp.leg.br/media/sapl/public/materialegislativa/2021/104902/578-2021_adhemar.pdf","data_ultima_atualizacao":"2022-01-21T14:22:40.877554-03:00","ip":"201.62.68.143","ultima_edicao":"2021-05-18T10:50:23.868783-03:00","tipo":3,"regime_tramitacao":1,"tipo_origem_externa":null,"local_origem_externa":null,"user":77,"anexadas":[],"autores":[122756]}