{"id":103000,"__str__":"Requerimento n\u00ba 141 de 2020","link_detail_backend":"/materia/103000","metadata":{},"numero":141,"ano":2020,"numero_protocolo":344,"data_apresentacao":"2020-02-26","tipo_apresentacao":"","data_publicacao":null,"numero_origem_externa":"","ano_origem_externa":null,"data_origem_externa":null,"apelido":"","dias_prazo":null,"data_fim_prazo":null,"em_tramitacao":false,"polemica":null,"objeto":"","complementar":null,"ementa":"Solicitando ao Prefeito informar se j\u00e1 foi feito o processo de sele\u00e7\u00e3o para o cargo de Enfermeiro/a para a USF Palermo. Em caso positivo, informar o nome do/a profissional que assumir\u00e1 a unidade a partir de fevereiro. Em caso negativo, quando ser\u00e1 feito o processo seletivo?","indexacao":"","observacao":"","resultado":"","texto_original":"http://sapl.garca.sp.leg.br/media/sapl/public/materialegislativa/2020/103000/141-2020.pdf","data_ultima_atualizacao":"2021-02-26T15:48:18.438635-03:00","ip":"201.62.68.143","ultima_edicao":null,"tipo":3,"regime_tramitacao":1,"tipo_origem_externa":null,"local_origem_externa":null,"user":77,"anexadas":[],"autores":[29]}