{"id":102952,"__str__":"Requerimento n\u00ba 105 de 2020","link_detail_backend":"/materia/102952","metadata":{},"numero":105,"ano":2020,"numero_protocolo":259,"data_apresentacao":"2020-02-17","tipo_apresentacao":"","data_publicacao":null,"numero_origem_externa":"","ano_origem_externa":null,"data_origem_externa":null,"apelido":"","dias_prazo":null,"data_fim_prazo":null,"em_tramitacao":false,"polemica":null,"objeto":"","complementar":null,"ementa":"Solicitando \u00e0 dire\u00e7\u00e3o da Guerino Seiscento informar o que segue: Gar\u00e7a far\u00e1 parte da rota MAR\u00cdLIA \u2013 S\u00c3O PAULO? Em caso positivo, para quando est\u00e1 prevista a inclus\u00e3o? Em caso negativo ao item 1, por qual motivo?","indexacao":"","observacao":"","resultado":"","texto_original":"http://sapl.garca.sp.leg.br/media/sapl/public/materialegislativa/2020/102952/105-2020.pdf","data_ultima_atualizacao":"2021-02-26T15:48:11.330525-03:00","ip":"201.62.68.143","ultima_edicao":null,"tipo":3,"regime_tramitacao":1,"tipo_origem_externa":null,"local_origem_externa":null,"user":77,"anexadas":[],"autores":[29]}