{"id":102926,"__str__":"Requerimento n\u00ba 79 de 2020","link_detail_backend":"/materia/102926","metadata":{},"numero":79,"ano":2020,"numero_protocolo":233,"data_apresentacao":"2020-02-17","tipo_apresentacao":"","data_publicacao":null,"numero_origem_externa":"","ano_origem_externa":null,"data_origem_externa":null,"apelido":"","dias_prazo":null,"data_fim_prazo":null,"em_tramitacao":false,"polemica":null,"objeto":"","complementar":null,"ementa":"Solicitando ao Deputado Estadual EDUARDO CURY gest\u00f5es nas secretarias e \u00f3rg\u00e3os competentes do governo do Estado de S\u00e3o Paulo para obten\u00e7\u00e3o de recursos a serem  repassados ao LAR DOS VELHOS \u201cFREDERICO OZANAN\u201d \u2013 obra unida Sociedade S\u00e3o Vicente de Paulo.","indexacao":"","observacao":"","resultado":"","texto_original":"http://sapl.garca.sp.leg.br/media/sapl/public/materialegislativa/2020/102926/req_079_janete_-_3a_so_r.odt","data_ultima_atualizacao":"2021-02-26T15:48:05.707426-03:00","ip":"201.62.68.143","ultima_edicao":null,"tipo":3,"regime_tramitacao":1,"tipo_origem_externa":null,"local_origem_externa":null,"user":77,"anexadas":[],"autores":[30]}