{"id":102554,"__str__":"Requerimento n\u00ba 1165 de 2019","link_detail_backend":"/materia/102554","metadata":{},"numero":1165,"ano":2019,"numero_protocolo":1810,"data_apresentacao":"2019-10-17","tipo_apresentacao":"E","data_publicacao":null,"numero_origem_externa":"","ano_origem_externa":null,"data_origem_externa":null,"apelido":"","dias_prazo":null,"data_fim_prazo":null,"em_tramitacao":false,"polemica":null,"objeto":"","complementar":null,"ementa":"Solicitando ao Presidente da C\u00e2mara Municipal de Gar\u00e7a, as seguintes informa\u00e7\u00f5es sobre \u00e1udio divulgado em sess\u00e3o camar\u00e1ria:  No \u00e1udio an\u00f4nimo h\u00e1 alguma justificativa pedag\u00f3gica para a n\u00e3o implanta\u00e7\u00e3o do projeto? O cidad\u00e3o an\u00f4nimo possui capacidade t\u00e9cnica para tal avalia\u00e7\u00e3o? Qual a forma\u00e7\u00e3o superior espec\u00edfica do cidad\u00e3o an\u00f4nimo? O cidad\u00e3o an\u00f4nimo utilizado para defender a repentina mudan\u00e7a de opini\u00e3o do Presidente da Casa faz parte de algum conselho municipal ligado \u00e0 Educa\u00e7\u00e3o? Se positivo, qual? Se negativo, qual conhecimento t\u00e9cnico ele est\u00e1 avalizado a discutir sobre o assunto? O Presidente da Casa acha que os conselhos municipais ligados \u00e0 Educa\u00e7\u00e3o e formado por profissionais da \u00e1rea, com d\u00e9cadas de servi\u00e7os prestados e os maiores conhecedores sobre o assunto, ao apoiarem o projeto, est\u00e3o equivocados? Se sim, qual o embasamento t\u00e9cnico do Sr. Presidente para tal ato? Se n\u00e3o, como rebater o posicionamento firme e honesto de uma classe reconhecidamente de excel\u00eancia na \u00e1rea da Educa\u00e7\u00e3o, com a divulga\u00e7\u00e3o de um \u00e1udio de cidad\u00e3o an\u00f4nimo?","indexacao":"","observacao":"","resultado":"","texto_original":"http://sapl.garca.sp.leg.br/media/sapl/public/materialegislativa/2019/102554/1165-2019.pdf","data_ultima_atualizacao":"2021-02-26T15:58:17.401772-03:00","ip":"201.62.68.143","ultima_edicao":null,"tipo":3,"regime_tramitacao":1,"tipo_origem_externa":null,"local_origem_externa":null,"user":78,"anexadas":[],"autores":[32]}