{"id":101873,"__str__":"Indica\u00e7\u00e3o n\u00ba 153 de 2019","link_detail_backend":"/materia/101873","metadata":{},"numero":153,"ano":2019,"numero_protocolo":982,"data_apresentacao":"2019-06-03","tipo_apresentacao":"","data_publicacao":null,"numero_origem_externa":"","ano_origem_externa":null,"data_origem_externa":null,"apelido":"","dias_prazo":null,"data_fim_prazo":null,"em_tramitacao":true,"polemica":null,"objeto":"","complementar":null,"ementa":"Sugerindo ao Prefeito que estude a possibilidade de colocar em um pr\u00f3prio p\u00fablico o nome do Sr. Adamir Maur\u00edcio de Barros.","indexacao":"","observacao":"","resultado":"","texto_original":"http://sapl.garca.sp.leg.br/media/sapl/public/materialegislativa/2019/101873/0153-2019.pdf","data_ultima_atualizacao":"2019-06-10T16:51:08.612108-03:00","ip":"201.62.68.143","ultima_edicao":null,"tipo":8,"regime_tramitacao":1,"tipo_origem_externa":null,"local_origem_externa":null,"user":78,"anexadas":[],"autores":[8]}