{"id":101393,"__str__":"Requerimento n\u00ba 297 de 2019","link_detail_backend":"/materia/101393","metadata":{},"numero":297,"ano":2019,"numero_protocolo":452,"data_apresentacao":"2019-03-25","tipo_apresentacao":"E","data_publicacao":null,"numero_origem_externa":"","ano_origem_externa":null,"data_origem_externa":null,"apelido":"","dias_prazo":null,"data_fim_prazo":null,"em_tramitacao":false,"polemica":null,"objeto":"","complementar":null,"ementa":"Solicitando ao Prefeito informa\u00e7\u00f5es sobre o que disse edil garcense na \u00faltima sess\u00e3o ordin\u00e1ria, quando de utiliza\u00e7\u00e3o da Tribuna, afirmou em alto e bom som \u201cQue professor teria trabalhado 20 dias e n\u00e3o sido pago pela atual Administra\u00e7\u00e3o\".","indexacao":"","observacao":"","resultado":"","texto_original":"http://sapl.garca.sp.leg.br/media/sapl/public/materialegislativa/2019/101393/0297-2019.pdf","data_ultima_atualizacao":"2021-02-26T15:37:17.998872-03:00","ip":"","ultima_edicao":null,"tipo":3,"regime_tramitacao":1,"tipo_origem_externa":null,"local_origem_externa":null,"user":null,"anexadas":[],"autores":[32]}