{"id":101374,"__str__":"Proposta de Emenda a Lei Org\u00e2nica n\u00ba 2 de 2019","link_detail_backend":"/materia/101374","metadata":{},"numero":2,"ano":2019,"numero_protocolo":427,"data_apresentacao":"2019-03-25","tipo_apresentacao":"E","data_publicacao":null,"numero_origem_externa":"","ano_origem_externa":null,"data_origem_externa":null,"apelido":"","dias_prazo":null,"data_fim_prazo":null,"em_tramitacao":false,"polemica":null,"objeto":"","complementar":null,"ementa":"Altera a Lei Org\u00e2nica do Munic\u00edpio de Gar\u00e7a, no tocante \u00e0s veda\u00e7\u00f5es para o provimento de cargos e fun\u00e7\u00f5es p\u00fablicas, e d\u00e1 outras provid\u00eancias.","indexacao":"","observacao":"","resultado":"","texto_original":"http://sapl.garca.sp.leg.br/media/sapl/public/materialegislativa/2019/101374/pelom_02-2019_comp.pdf","data_ultima_atualizacao":"2021-02-26T16:36:54.305707-03:00","ip":"","ultima_edicao":null,"tipo":16,"regime_tramitacao":1,"tipo_origem_externa":null,"local_origem_externa":null,"user":null,"anexadas":[],"autores":[30,32,35,37,38]}