{"id":100142,"__str__":"Requerimento n\u00ba 516 de 2018","link_detail_backend":"/materia/100142","metadata":{},"numero":516,"ano":2018,"numero_protocolo":113,"data_apresentacao":"2018-05-28","tipo_apresentacao":"E","data_publicacao":null,"numero_origem_externa":"","ano_origem_externa":null,"data_origem_externa":null,"apelido":"","dias_prazo":null,"data_fim_prazo":null,"em_tramitacao":true,"polemica":false,"objeto":"","complementar":false,"ementa":"SOLICITANDO AO PREFEITO INFORMAR A POSSIBILIDADE DE REALOCAR A FEIRA LIVRE PARA QUE CONVIRJA AO LADO DO BURAC\u00c3O DESCENDO PARA A ALAMEDA SEVERINO HERM\u00cdNIO BARBOSA, DEFRONTE \u00c0 IGREJA UNIDA DE GAR\u00c7A AO INV\u00c9S DE SEGUIR EM FRENTE \u00c0 RUA ARMANDO SALES DE OLIVEIRA.","indexacao":"","observacao":"","resultado":"","texto_original":"http://sapl.garca.sp.leg.br/media/sapl/public/materialegislativa/2018/100142/100142_texto_integral.pdf","data_ultima_atualizacao":"2018-10-23T10:15:41.144194-03:00","ip":"","ultima_edicao":null,"tipo":3,"regime_tramitacao":1,"tipo_origem_externa":null,"local_origem_externa":null,"user":null,"anexadas":[],"autores":[35]}